{"id":12600,"date":"2023-05-05T09:00:00","date_gmt":"2023-05-05T12:00:00","guid":{"rendered":"https:\/\/www.agenciainfra.com\/blog\/?p=12600"},"modified":"2023-05-04T10:05:31","modified_gmt":"2023-05-04T13:05:31","slug":"ministerio-avalia-duas-alternativas-a-relicitacao-da-br-101-es-ba","status":"publish","type":"post","link":"https:\/\/agenciainfra.com\/blog\/ministerio-avalia-duas-alternativas-a-relicitacao-da-br-101-es-ba\/","title":{"rendered":"Minist\u00e9rio avalia duas alternativas \u00e0 relicita\u00e7\u00e3o da BR-101\/ES\/BA"},"content":{"rendered":"\n<p class=\"has-text-align-right\"><strong>Jenifer Ribeiro,&nbsp;da&nbsp;Ag\u00eancia iNFRA<\/strong><\/p>\n\n\n\n<p>A secret\u00e1ria de Rodovias\u00a0do\u00a0Minist\u00e9rio\u00a0dos Transportes, Viviane Esse, informou que a pasta est\u00e1 estudando fazer uma renegocia\u00e7\u00e3o com a EcoRodovias, que administra a\u00a0BR-101\/ES\/BA, ou uma transfer\u00eancia assistida do contrato de concess\u00e3o\u00a0da\u00a0via.<br><br>A informa\u00e7\u00e3o foi dada, na \u00faltima ter\u00e7a-feira (2), durante audi\u00eancia p\u00fablica para tratar\u00a0da\u00a0fiscaliza\u00e7\u00e3o do contrato de duplica\u00e7\u00e3o\u00a0da\u00a0BR-101\/ES\/BA, na Comiss\u00e3o de Fiscaliza\u00e7\u00e3o Financeira e Controle\u00a0da\u00a0C\u00e2mara dos Deputados.<br><br>A transfer\u00eancia assistida consiste na troca acion\u00e1ria para o poder p\u00fablico ou privado. No caso desse contrato, o objetivo \u00e9 tentar negociar com o governo do Esp\u00edrito Santo para que a\u00a0BR-101\/ES\/BA\u00a0seja administrada pelo governo local, como aconteceu com a concess\u00e3o\u00a0da\u00a0BR-163\/MT, que ser\u00e1\u00a0assumida pela MTPar \u2013 empresa p\u00fablica do Mato Grosso, a partir desta semana.<br><br>No caso\u00a0da\u00a0renegocia\u00e7\u00e3o do contrato, a inten\u00e7\u00e3o seria manter a EcoRodovias no comando\u00a0da\u00a0concess\u00e3o com a garantia de que a empresa tenha condi\u00e7\u00f5es\u00a0financeiras de executar as obras previstas contratualmente.<br><br>Essa possibilidade est\u00e1 sendo estudada pelo\u00a0Minist\u00e9rio\u00a0dos Transportes para esse e outros contratos. No entanto, Viviane Esse pontuou que ainda \u00e9 preciso mais di\u00e1logo entre as concession\u00e1rias, a ANTT (Ag\u00eancia Nacional de Transportes Terrestres) e a Secretaria de Controle Externo de Solu\u00e7\u00e3o Consensual e Preven\u00e7\u00e3o de Conflitos do TCU (Tribunal de Contas\u00a0da\u00a0Uni\u00e3o) para que o modelo seja elaborado.<br><br><strong>Alternativa a\u00a0relicita\u00e7\u00e3o<\/strong><br>O governo vem estudando h\u00e1 alguns meses fazer altera\u00e7\u00f5es\u00a0na Lei 13.448\/2017, que criou o processo de devolu\u00e7\u00e3o amig\u00e1vel de concess\u00f5es\u00a0de infraestrutura para a\u00a0relicita\u00e7\u00e3o\u00a0dos ativos. As\u00a0duas\u00a0alternativas\u00a0apresentadas por Viviane Esse s\u00e3o estudadas para serem inclu\u00eddas nessas mudan\u00e7as.<br><br>A secret\u00e1ria informou, na audi\u00eancia p\u00fablica, que as tratativas com o Parlamento j\u00e1 foram iniciadas. O setor reclama\u00a0da\u00a0demora no processo\u00a0da\u00a0relicita\u00e7\u00e3o. At\u00e9 o momento nenhum ativo foi efetivamente relicitado \u2013 a lei surgiu de uma medida provis\u00f3ria de 2016.<br><br>O objetivo n\u00e3o \u00e9 acabar com a devolu\u00e7\u00e3o amig\u00e1vel, e sim aumentar, na reda\u00e7\u00e3o\u00a0da\u00a0lei, as possibilidades para que as obras previstas em contrato sejam iniciadas ou entregues, como adiantou\u00a0<a rel=\"noreferrer noopener\" href=\"https:\/\/agenciainfra.us14.list-manage.com\/track\/click?u=d460dd1bcf9ba0ae040e1fc0f&amp;id=bf02aaf685&amp;e=f0fa444791\" target=\"_blank\">reportagem<\/a>\u00a0da\u00a0<strong>Ag\u00eancia iNFRA<\/strong>.<br><br>O primeiro leil\u00e3o no \u00e2mbito\u00a0da\u00a0lei est\u00e1 marcado para o dia 19 deste m\u00eas, o certame do Aeroporto S\u00e3o Gon\u00e7alo do Amarante (RN). O ministro de Portos e Aeroportos, M\u00e1rcio Fran\u00e7a,\u00a0tamb\u00e9m \u00e9 um cr\u00edtico do processo de\u00a0relicita\u00e7\u00e3o.<br><br><strong>Decreto pr\u00f3ximo<\/strong><br>O decreto autorizando a\u00a0relicita\u00e7\u00e3o\u00a0da\u00a0BR-101\/ES\/BA\u00a0est\u00e1 em fase final e deve ser publicado em breve, segundo informa\u00e7\u00f5es\u00a0da\u00a0secret\u00e1ria de Rodovias. Ap\u00f3s anunciar a inten\u00e7\u00e3o de devolver a rodovia em junho do ano passado, a Eco101 protocolou o requerimento de ades\u00e3o ao processo de\u00a0relicita\u00e7\u00e3o\u00a0em dezembro de 2022. O pedido j\u00e1 foi qualificado pelo PPI (Programa de Parcerias de Investimentos).<br><br>A Casa Civil est\u00e1 segurando a publica\u00e7\u00e3o deste decreto a fim de dar mais tempo para o governo do Esp\u00edrito Santo se preparar para assumir a concess\u00e3o. Isso porque, por mais que a transfer\u00eancia fosse feita no modelo\u00a0da\u00a0transfer\u00eancia\u00a0da\u00a0BR-163\/MT, a concess\u00e3o tem caracter\u00edsticas pr\u00f3prias e precisava de ajustes.<br><br>Apesar dessa decis\u00e3o, a ANTT continuou com os estudos\u00a0da\u00a0devolu\u00e7\u00e3o amig\u00e1vel como uma alternativa de reestrutura\u00e7\u00e3o\u00a0da\u00a0concess\u00e3o para garantir que o cronograma inicial n\u00e3o sofresse atrasos.<br><br>A EcoRodovias venceu em janeiro de 2012 o leil\u00e3o de concess\u00e3o do trecho do Esp\u00edrito Santo\u00a0da\u00a0BR-101,\u00a0com previs\u00e3o de investimentos de R$ 2,15 bilh\u00f5es\u00a0e contrato de 25 anos. A metade dos recursos deveria ser destinada\u00a0\u00e0\u00a0duplica\u00e7\u00e3o de 386 quil\u00f4metros\u00a0da\u00a0rodovia, mas at\u00e9 o momento foram duplicados 62,4 quil\u00f4metros.<\/p>\n","protected":false},"excerpt":{"rendered":"<p>Jenifer Ribeiro,&nbsp;da&nbsp;Ag\u00eancia iNFRA A secret\u00e1ria de Rodovias\u00a0do\u00a0Minist\u00e9rio\u00a0dos Transportes, Viviane Esse, informou que a pasta est\u00e1 estudando fazer uma renegocia\u00e7\u00e3o com a EcoRodovias, que administra a\u00a0BR-101\/ES\/BA, ou uma transfer\u00eancia assistida do contrato de concess\u00e3o\u00a0da\u00a0via. A informa\u00e7\u00e3o foi dada, na \u00faltima ter\u00e7a-feira (2), durante audi\u00eancia p\u00fablica para tratar\u00a0da\u00a0fiscaliza\u00e7\u00e3o do contrato de duplica\u00e7\u00e3o\u00a0da\u00a0BR-101\/ES\/BA, na Comiss\u00e3o de Fiscaliza\u00e7\u00e3o Financeira [&hellip;]<\/p>\n","protected":false},"author":1,"featured_media":12601,"comment_status":"closed","ping_status":"closed","sticky":false,"template":"","format":"standard","meta":{"_monsterinsights_skip_tracking":false,"_monsterinsights_sitenote_active":false,"_monsterinsights_sitenote_note":"","_monsterinsights_sitenote_category":0,"footnotes":""},"categories":[1,7],"tags":[19,6681,305,6619,1340,3075,5868,2142,18,1396],"class_list":["post-12600","post","type-post","status-publish","format-standard","has-post-thumbnail","hentry","category-geral","category-infratransporte","tag-antt","tag-br-101-es-ba-2","tag-camara-dos-deputados","tag-cffc","tag-ecorodovias","tag-espirito-santo","tag-mtpar","tag-sao-goncalo-do-amarante","tag-tcu","tag-viviane-esse"],"yoast_head":"<!-- This site is optimized with the Yoast SEO Premium plugin v25.4 (Yoast SEO v26.0) - https:\/\/yoast.com\/wordpress\/plugins\/seo\/ -->\n<title>Minist\u00e9rio avalia duas alternativas \u00e0 relicita\u00e7\u00e3o da BR-101\/ES\/BA - Ag\u00eancia iNFRA<\/title>\n<meta name=\"robots\" content=\"index, follow, max-snippet:-1, max-image-preview:large, max-video-preview:-1\" \/>\n<link rel=\"canonical\" href=\"https:\/\/agenciainfra.com\/blog\/ministerio-avalia-duas-alternativas-a-relicitacao-da-br-101-es-ba\/\" \/>\n<meta property=\"og:locale\" content=\"pt_BR\" \/>\n<meta property=\"og:type\" content=\"article\" \/>\n<meta property=\"og:title\" content=\"Minist\u00e9rio avalia duas alternativas \u00e0 relicita\u00e7\u00e3o da BR-101\/ES\/BA\" \/>\n<meta property=\"og:description\" content=\"Jenifer Ribeiro,&nbsp;da&nbsp;Ag\u00eancia iNFRA A secret\u00e1ria de Rodovias\u00a0do\u00a0Minist\u00e9rio\u00a0dos Transportes, Viviane Esse, informou que a pasta est\u00e1 estudando fazer uma renegocia\u00e7\u00e3o com a EcoRodovias, que administra a\u00a0BR-101\/ES\/BA, ou uma transfer\u00eancia assistida do contrato de concess\u00e3o\u00a0da\u00a0via. A informa\u00e7\u00e3o foi dada, na \u00faltima ter\u00e7a-feira (2), durante audi\u00eancia p\u00fablica para tratar\u00a0da\u00a0fiscaliza\u00e7\u00e3o do contrato de duplica\u00e7\u00e3o\u00a0da\u00a0BR-101\/ES\/BA, na Comiss\u00e3o de Fiscaliza\u00e7\u00e3o Financeira [&hellip;]\" \/>\n<meta property=\"og:url\" content=\"https:\/\/agenciainfra.com\/blog\/ministerio-avalia-duas-alternativas-a-relicitacao-da-br-101-es-ba\/\" \/>\n<meta property=\"og:site_name\" content=\"Ag\u00eancia iNFRA\" \/>\n<meta property=\"article:publisher\" content=\"https:\/\/www.facebook.com\/ageninfra\" \/>\n<meta property=\"article:published_time\" content=\"2023-05-05T12:00:00+00:00\" \/>\n<meta property=\"og:image\" content=\"https:\/\/agenciainfra.com\/blog\/wp-content\/uploads\/2023\/05\/BR-101.ES_.BA-foto-prefeitura-de-viana.jpg\" \/>\n\t<meta property=\"og:image:width\" content=\"1280\" \/>\n\t<meta property=\"og:image:height\" content=\"720\" \/>\n\t<meta property=\"og:image:type\" content=\"image\/jpeg\" \/>\n<meta name=\"author\" content=\"Ag\u00eancia iNFRA\" \/>\n<meta name=\"twitter:card\" content=\"summary_large_image\" \/>\n<meta name=\"twitter:creator\" content=\"@agencia_infra\" \/>\n<meta name=\"twitter:site\" content=\"@agencia_infra\" \/>\n<meta name=\"twitter:label1\" content=\"Escrito por\" \/>\n\t<meta name=\"twitter:data1\" content=\"Ag\u00eancia iNFRA\" \/>\n\t<meta name=\"twitter:label2\" content=\"Est. tempo de leitura\" \/>\n\t<meta name=\"twitter:data2\" content=\"3 minutos\" \/>\n<script type=\"application\/ld+json\" class=\"yoast-schema-graph\">{\"@context\":\"https:\/\/schema.org\",\"@graph\":[{\"@type\":\"Article\",\"@id\":\"https:\/\/agenciainfra.com\/blog\/ministerio-avalia-duas-alternativas-a-relicitacao-da-br-101-es-ba\/#article\",\"isPartOf\":{\"@id\":\"https:\/\/agenciainfra.com\/blog\/ministerio-avalia-duas-alternativas-a-relicitacao-da-br-101-es-ba\/\"},\"author\":{\"name\":\"Ag\u00eancia iNFRA\",\"@id\":\"https:\/\/agenciainfra.com\/blog\/#\/schema\/person\/34af08dff6adea4cb22b06612ba7acfa\"},\"headline\":\"Minist\u00e9rio avalia duas alternativas \u00e0 relicita\u00e7\u00e3o da BR-101\/ES\/BA\",\"datePublished\":\"2023-05-05T12:00:00+00:00\",\"mainEntityOfPage\":{\"@id\":\"https:\/\/agenciainfra.com\/blog\/ministerio-avalia-duas-alternativas-a-relicitacao-da-br-101-es-ba\/\"},\"wordCount\":680,\"publisher\":{\"@id\":\"https:\/\/agenciainfra.com\/blog\/#organization\"},\"image\":{\"@id\":\"https:\/\/agenciainfra.com\/blog\/ministerio-avalia-duas-alternativas-a-relicitacao-da-br-101-es-ba\/#primaryimage\"},\"thumbnailUrl\":\"https:\/\/agenciainfra.com\/blog\/wp-content\/uploads\/2023\/05\/BR-101.ES_.BA-foto-prefeitura-de-viana.jpg\",\"keywords\":[\"ANTT\",\"BR-101\/ES\/BA\",\"C\u00e2mara dos Deputados\",\"CFFC\",\"EcoRodovias\",\"Esp\u00edrito Santo\",\"MTPar\",\"S\u00e3o Gon\u00e7alo do Amarante\",\"TCU\",\"Viviane Esse\"],\"articleSection\":[\"Geral\",\"iNFRATransporte\"],\"inLanguage\":\"pt-BR\",\"copyrightYear\":\"2023\",\"copyrightHolder\":{\"@id\":\"https:\/\/agenciainfra.com\/blog\/#organization\"}},{\"@type\":\"WebPage\",\"@id\":\"https:\/\/agenciainfra.com\/blog\/ministerio-avalia-duas-alternativas-a-relicitacao-da-br-101-es-ba\/\",\"url\":\"https:\/\/agenciainfra.com\/blog\/ministerio-avalia-duas-alternativas-a-relicitacao-da-br-101-es-ba\/\",\"name\":\"Minist\u00e9rio avalia duas alternativas \u00e0 relicita\u00e7\u00e3o da BR-101\/ES\/BA - Ag\u00eancia iNFRA\",\"isPartOf\":{\"@id\":\"https:\/\/agenciainfra.com\/blog\/#website\"},\"primaryImageOfPage\":{\"@id\":\"https:\/\/agenciainfra.com\/blog\/ministerio-avalia-duas-alternativas-a-relicitacao-da-br-101-es-ba\/#primaryimage\"},\"image\":{\"@id\":\"https:\/\/agenciainfra.com\/blog\/ministerio-avalia-duas-alternativas-a-relicitacao-da-br-101-es-ba\/#primaryimage\"},\"thumbnailUrl\":\"https:\/\/agenciainfra.com\/blog\/wp-content\/uploads\/2023\/05\/BR-101.ES_.BA-foto-prefeitura-de-viana.jpg\",\"datePublished\":\"2023-05-05T12:00:00+00:00\",\"breadcrumb\":{\"@id\":\"https:\/\/agenciainfra.com\/blog\/ministerio-avalia-duas-alternativas-a-relicitacao-da-br-101-es-ba\/#breadcrumb\"},\"inLanguage\":\"pt-BR\",\"potentialAction\":[{\"@type\":\"ReadAction\",\"target\":[\"https:\/\/agenciainfra.com\/blog\/ministerio-avalia-duas-alternativas-a-relicitacao-da-br-101-es-ba\/\"]}]},{\"@type\":\"ImageObject\",\"inLanguage\":\"pt-BR\",\"@id\":\"https:\/\/agenciainfra.com\/blog\/ministerio-avalia-duas-alternativas-a-relicitacao-da-br-101-es-ba\/#primaryimage\",\"url\":\"https:\/\/agenciainfra.com\/blog\/wp-content\/uploads\/2023\/05\/BR-101.ES_.BA-foto-prefeitura-de-viana.jpg\",\"contentUrl\":\"https:\/\/agenciainfra.com\/blog\/wp-content\/uploads\/2023\/05\/BR-101.ES_.BA-foto-prefeitura-de-viana.jpg\",\"width\":1280,\"height\":720},{\"@type\":\"BreadcrumbList\",\"@id\":\"https:\/\/agenciainfra.com\/blog\/ministerio-avalia-duas-alternativas-a-relicitacao-da-br-101-es-ba\/#breadcrumb\",\"itemListElement\":[{\"@type\":\"ListItem\",\"position\":1,\"name\":\"In\u00edcio\",\"item\":\"https:\/\/agenciainfra.com\/blog\/\"},{\"@type\":\"ListItem\",\"position\":2,\"name\":\"Minist\u00e9rio avalia duas alternativas \u00e0 relicita\u00e7\u00e3o da BR-101\/ES\/BA\"}]},{\"@type\":\"WebSite\",\"@id\":\"https:\/\/agenciainfra.com\/blog\/#website\",\"url\":\"https:\/\/agenciainfra.com\/blog\/\",\"name\":\"Ag\u00eancia iNFRA\",\"description\":\"Multiplataforma de informa\u00e7\u00e3o jornal\u00edstica refer\u00eancia na \u00e1rea de infraestrutura no Brasil!\",\"publisher\":{\"@id\":\"https:\/\/agenciainfra.com\/blog\/#organization\"},\"potentialAction\":[{\"@type\":\"SearchAction\",\"target\":{\"@type\":\"EntryPoint\",\"urlTemplate\":\"https:\/\/agenciainfra.com\/blog\/?s={search_term_string}\"},\"query-input\":{\"@type\":\"PropertyValueSpecification\",\"valueRequired\":true,\"valueName\":\"search_term_string\"}}],\"inLanguage\":\"pt-BR\"},{\"@type\":\"Organization\",\"@id\":\"https:\/\/agenciainfra.com\/blog\/#organization\",\"name\":\"Ag\u00eancia iNFRA\",\"url\":\"https:\/\/agenciainfra.com\/blog\/\",\"logo\":{\"@type\":\"ImageObject\",\"inLanguage\":\"pt-BR\",\"@id\":\"https:\/\/agenciainfra.com\/blog\/#\/schema\/logo\/image\/\",\"url\":\"https:\/\/agenciainfra.com\/blog\/wp-content\/uploads\/2023\/09\/iNFRA_5-e1761735885940.png\",\"contentUrl\":\"https:\/\/agenciainfra.com\/blog\/wp-content\/uploads\/2023\/09\/iNFRA_5-e1761735885940.png\",\"width\":1672,\"height\":454,\"caption\":\"Ag\u00eancia iNFRA\"},\"image\":{\"@id\":\"https:\/\/agenciainfra.com\/blog\/#\/schema\/logo\/image\/\"},\"sameAs\":[\"https:\/\/www.facebook.com\/ageninfra\",\"https:\/\/x.com\/agencia_infra\",\"https:\/\/www.linkedin.com\/company\/ag\u00eanciainfra\/\",\"https:\/\/www.instagram.com\/agenciainfra\/\"]},{\"@type\":\"Person\",\"@id\":\"https:\/\/agenciainfra.com\/blog\/#\/schema\/person\/34af08dff6adea4cb22b06612ba7acfa\",\"name\":\"Ag\u00eancia iNFRA\",\"image\":{\"@type\":\"ImageObject\",\"inLanguage\":\"pt-BR\",\"@id\":\"https:\/\/agenciainfra.com\/blog\/#\/schema\/person\/image\/\",\"url\":\"https:\/\/secure.gravatar.com\/avatar\/d189e01678f06d8eb84d4e01f08eb848b3fffe3f8443818d3c356c66892f5be8?s=96&d=mm&r=g\",\"contentUrl\":\"https:\/\/secure.gravatar.com\/avatar\/d189e01678f06d8eb84d4e01f08eb848b3fffe3f8443818d3c356c66892f5be8?s=96&d=mm&r=g\",\"caption\":\"Ag\u00eancia iNFRA\"},\"url\":\"https:\/\/agenciainfra.com\/blog\/author\/admin\/\"}]}<\/script>\n<!-- \/ Yoast SEO Premium plugin. -->","yoast_head_json":{"title":"Minist\u00e9rio avalia duas alternativas \u00e0 relicita\u00e7\u00e3o da BR-101\/ES\/BA - Ag\u00eancia iNFRA","robots":{"index":"index","follow":"follow","max-snippet":"max-snippet:-1","max-image-preview":"max-image-preview:large","max-video-preview":"max-video-preview:-1"},"canonical":"https:\/\/agenciainfra.com\/blog\/ministerio-avalia-duas-alternativas-a-relicitacao-da-br-101-es-ba\/","og_locale":"pt_BR","og_type":"article","og_title":"Minist\u00e9rio avalia duas alternativas \u00e0 relicita\u00e7\u00e3o da BR-101\/ES\/BA","og_description":"Jenifer Ribeiro,&nbsp;da&nbsp;Ag\u00eancia iNFRA A secret\u00e1ria de Rodovias\u00a0do\u00a0Minist\u00e9rio\u00a0dos Transportes, Viviane Esse, informou que a pasta est\u00e1 estudando fazer uma renegocia\u00e7\u00e3o com a EcoRodovias, que administra a\u00a0BR-101\/ES\/BA, ou uma transfer\u00eancia assistida do contrato de concess\u00e3o\u00a0da\u00a0via. A informa\u00e7\u00e3o foi dada, na \u00faltima ter\u00e7a-feira (2), durante audi\u00eancia p\u00fablica para tratar\u00a0da\u00a0fiscaliza\u00e7\u00e3o do contrato de duplica\u00e7\u00e3o\u00a0da\u00a0BR-101\/ES\/BA, na Comiss\u00e3o de Fiscaliza\u00e7\u00e3o Financeira [&hellip;]","og_url":"https:\/\/agenciainfra.com\/blog\/ministerio-avalia-duas-alternativas-a-relicitacao-da-br-101-es-ba\/","og_site_name":"Ag\u00eancia iNFRA","article_publisher":"https:\/\/www.facebook.com\/ageninfra","article_published_time":"2023-05-05T12:00:00+00:00","og_image":[{"width":1280,"height":720,"url":"https:\/\/agenciainfra.com\/blog\/wp-content\/uploads\/2023\/05\/BR-101.ES_.BA-foto-prefeitura-de-viana.jpg","type":"image\/jpeg"}],"author":"Ag\u00eancia iNFRA","twitter_card":"summary_large_image","twitter_creator":"@agencia_infra","twitter_site":"@agencia_infra","twitter_misc":{"Escrito por":"Ag\u00eancia iNFRA","Est. tempo de leitura":"3 minutos"},"schema":{"@context":"https:\/\/schema.org","@graph":[{"@type":"Article","@id":"https:\/\/agenciainfra.com\/blog\/ministerio-avalia-duas-alternativas-a-relicitacao-da-br-101-es-ba\/#article","isPartOf":{"@id":"https:\/\/agenciainfra.com\/blog\/ministerio-avalia-duas-alternativas-a-relicitacao-da-br-101-es-ba\/"},"author":{"name":"Ag\u00eancia iNFRA","@id":"https:\/\/agenciainfra.com\/blog\/#\/schema\/person\/34af08dff6adea4cb22b06612ba7acfa"},"headline":"Minist\u00e9rio avalia duas alternativas \u00e0 relicita\u00e7\u00e3o da BR-101\/ES\/BA","datePublished":"2023-05-05T12:00:00+00:00","mainEntityOfPage":{"@id":"https:\/\/agenciainfra.com\/blog\/ministerio-avalia-duas-alternativas-a-relicitacao-da-br-101-es-ba\/"},"wordCount":680,"publisher":{"@id":"https:\/\/agenciainfra.com\/blog\/#organization"},"image":{"@id":"https:\/\/agenciainfra.com\/blog\/ministerio-avalia-duas-alternativas-a-relicitacao-da-br-101-es-ba\/#primaryimage"},"thumbnailUrl":"https:\/\/agenciainfra.com\/blog\/wp-content\/uploads\/2023\/05\/BR-101.ES_.BA-foto-prefeitura-de-viana.jpg","keywords":["ANTT","BR-101\/ES\/BA","C\u00e2mara dos Deputados","CFFC","EcoRodovias","Esp\u00edrito Santo","MTPar","S\u00e3o Gon\u00e7alo do Amarante","TCU","Viviane Esse"],"articleSection":["Geral","iNFRATransporte"],"inLanguage":"pt-BR","copyrightYear":"2023","copyrightHolder":{"@id":"https:\/\/agenciainfra.com\/blog\/#organization"}},{"@type":"WebPage","@id":"https:\/\/agenciainfra.com\/blog\/ministerio-avalia-duas-alternativas-a-relicitacao-da-br-101-es-ba\/","url":"https:\/\/agenciainfra.com\/blog\/ministerio-avalia-duas-alternativas-a-relicitacao-da-br-101-es-ba\/","name":"Minist\u00e9rio avalia duas alternativas \u00e0 relicita\u00e7\u00e3o da BR-101\/ES\/BA - Ag\u00eancia iNFRA","isPartOf":{"@id":"https:\/\/agenciainfra.com\/blog\/#website"},"primaryImageOfPage":{"@id":"https:\/\/agenciainfra.com\/blog\/ministerio-avalia-duas-alternativas-a-relicitacao-da-br-101-es-ba\/#primaryimage"},"image":{"@id":"https:\/\/agenciainfra.com\/blog\/ministerio-avalia-duas-alternativas-a-relicitacao-da-br-101-es-ba\/#primaryimage"},"thumbnailUrl":"https:\/\/agenciainfra.com\/blog\/wp-content\/uploads\/2023\/05\/BR-101.ES_.BA-foto-prefeitura-de-viana.jpg","datePublished":"2023-05-05T12:00:00+00:00","breadcrumb":{"@id":"https:\/\/agenciainfra.com\/blog\/ministerio-avalia-duas-alternativas-a-relicitacao-da-br-101-es-ba\/#breadcrumb"},"inLanguage":"pt-BR","potentialAction":[{"@type":"ReadAction","target":["https:\/\/agenciainfra.com\/blog\/ministerio-avalia-duas-alternativas-a-relicitacao-da-br-101-es-ba\/"]}]},{"@type":"ImageObject","inLanguage":"pt-BR","@id":"https:\/\/agenciainfra.com\/blog\/ministerio-avalia-duas-alternativas-a-relicitacao-da-br-101-es-ba\/#primaryimage","url":"https:\/\/agenciainfra.com\/blog\/wp-content\/uploads\/2023\/05\/BR-101.ES_.BA-foto-prefeitura-de-viana.jpg","contentUrl":"https:\/\/agenciainfra.com\/blog\/wp-content\/uploads\/2023\/05\/BR-101.ES_.BA-foto-prefeitura-de-viana.jpg","width":1280,"height":720},{"@type":"BreadcrumbList","@id":"https:\/\/agenciainfra.com\/blog\/ministerio-avalia-duas-alternativas-a-relicitacao-da-br-101-es-ba\/#breadcrumb","itemListElement":[{"@type":"ListItem","position":1,"name":"In\u00edcio","item":"https:\/\/agenciainfra.com\/blog\/"},{"@type":"ListItem","position":2,"name":"Minist\u00e9rio avalia duas alternativas \u00e0 relicita\u00e7\u00e3o da BR-101\/ES\/BA"}]},{"@type":"WebSite","@id":"https:\/\/agenciainfra.com\/blog\/#website","url":"https:\/\/agenciainfra.com\/blog\/","name":"Ag\u00eancia iNFRA","description":"Multiplataforma de informa\u00e7\u00e3o jornal\u00edstica refer\u00eancia na \u00e1rea de infraestrutura no Brasil!","publisher":{"@id":"https:\/\/agenciainfra.com\/blog\/#organization"},"potentialAction":[{"@type":"SearchAction","target":{"@type":"EntryPoint","urlTemplate":"https:\/\/agenciainfra.com\/blog\/?s={search_term_string}"},"query-input":{"@type":"PropertyValueSpecification","valueRequired":true,"valueName":"search_term_string"}}],"inLanguage":"pt-BR"},{"@type":"Organization","@id":"https:\/\/agenciainfra.com\/blog\/#organization","name":"Ag\u00eancia iNFRA","url":"https:\/\/agenciainfra.com\/blog\/","logo":{"@type":"ImageObject","inLanguage":"pt-BR","@id":"https:\/\/agenciainfra.com\/blog\/#\/schema\/logo\/image\/","url":"https:\/\/agenciainfra.com\/blog\/wp-content\/uploads\/2023\/09\/iNFRA_5-e1761735885940.png","contentUrl":"https:\/\/agenciainfra.com\/blog\/wp-content\/uploads\/2023\/09\/iNFRA_5-e1761735885940.png","width":1672,"height":454,"caption":"Ag\u00eancia iNFRA"},"image":{"@id":"https:\/\/agenciainfra.com\/blog\/#\/schema\/logo\/image\/"},"sameAs":["https:\/\/www.facebook.com\/ageninfra","https:\/\/x.com\/agencia_infra","https:\/\/www.linkedin.com\/company\/ag\u00eanciainfra\/","https:\/\/www.instagram.com\/agenciainfra\/"]},{"@type":"Person","@id":"https:\/\/agenciainfra.com\/blog\/#\/schema\/person\/34af08dff6adea4cb22b06612ba7acfa","name":"Ag\u00eancia iNFRA","image":{"@type":"ImageObject","inLanguage":"pt-BR","@id":"https:\/\/agenciainfra.com\/blog\/#\/schema\/person\/image\/","url":"https:\/\/secure.gravatar.com\/avatar\/d189e01678f06d8eb84d4e01f08eb848b3fffe3f8443818d3c356c66892f5be8?s=96&d=mm&r=g","contentUrl":"https:\/\/secure.gravatar.com\/avatar\/d189e01678f06d8eb84d4e01f08eb848b3fffe3f8443818d3c356c66892f5be8?s=96&d=mm&r=g","caption":"Ag\u00eancia iNFRA"},"url":"https:\/\/agenciainfra.com\/blog\/author\/admin\/"}]}},"_links":{"self":[{"href":"https:\/\/agenciainfra.com\/blog\/wp-json\/wp\/v2\/posts\/12600","targetHints":{"allow":["GET"]}}],"collection":[{"href":"https:\/\/agenciainfra.com\/blog\/wp-json\/wp\/v2\/posts"}],"about":[{"href":"https:\/\/agenciainfra.com\/blog\/wp-json\/wp\/v2\/types\/post"}],"author":[{"embeddable":true,"href":"https:\/\/agenciainfra.com\/blog\/wp-json\/wp\/v2\/users\/1"}],"replies":[{"embeddable":true,"href":"https:\/\/agenciainfra.com\/blog\/wp-json\/wp\/v2\/comments?post=12600"}],"version-history":[{"count":0,"href":"https:\/\/agenciainfra.com\/blog\/wp-json\/wp\/v2\/posts\/12600\/revisions"}],"wp:featuredmedia":[{"embeddable":true,"href":"https:\/\/agenciainfra.com\/blog\/wp-json\/wp\/v2\/media\/12601"}],"wp:attachment":[{"href":"https:\/\/agenciainfra.com\/blog\/wp-json\/wp\/v2\/media?parent=12600"}],"wp:term":[{"taxonomy":"category","embeddable":true,"href":"https:\/\/agenciainfra.com\/blog\/wp-json\/wp\/v2\/categories?post=12600"},{"taxonomy":"post_tag","embeddable":true,"href":"https:\/\/agenciainfra.com\/blog\/wp-json\/wp\/v2\/tags?post=12600"}],"curies":[{"name":"wp","href":"https:\/\/api.w.org\/{rel}","templated":true}]}}