{"id":12606,"date":"2023-05-06T09:00:00","date_gmt":"2023-05-06T12:00:00","guid":{"rendered":"https:\/\/www.agenciainfra.com\/blog\/?p=12606"},"modified":"2023-05-05T10:30:48","modified_gmt":"2023-05-05T13:30:48","slug":"leilao-dos-dois-primeiros-lotes-de-rodovias-do-parana-deve-acontecer-ate-setembro","status":"publish","type":"post","link":"https:\/\/agenciainfra.com\/blog\/leilao-dos-dois-primeiros-lotes-de-rodovias-do-parana-deve-acontecer-ate-setembro\/","title":{"rendered":"Leil\u00e3o dos dois primeiros lotes de rodovias do Paran\u00e1 deve acontecer at\u00e9 setembro"},"content":{"rendered":"\n<p class=\"has-text-align-right\"><strong>Jenifer Ribeiro, da Ag\u00eancia iNFRA<\/strong><\/p>\n\n\n\n<p>Os governos federal e estadual avaliam se v\u00e3o realizar o\u00a0leil\u00e3o\u00a0dos\u00a0dois\u00a0primeiros\u00a0lotes\u00a0das\u00a0rodovias\u00a0do\u00a0Paran\u00e1\u00a0no mesmo dia ou em datas separadas. A justificativa dada \u00e9 que ainda \u00e9 preciso entender qual das duas possibilidades vai trazer mais rentabilidade e interessados.<br><br>A informa\u00e7\u00e3o foi dada pelo governador\u00a0do\u00a0Paran\u00e1, Ratinho Jr. (PSD), e pelo ministro\u00a0dos\u00a0Transportes, Renan Filho, nesta quarta-feira (3), ap\u00f3s reuni\u00e3o com o presidente Lula para definir o cronograma da concess\u00e3o e para assinar a delega\u00e7\u00e3o das\u00a0rodovias\u00a0estaduais inclu\u00eddas na licita\u00e7\u00e3o.<br><br>No caso da realiza\u00e7\u00e3o separada, um\u00a0dos\u00a0lotes\u00a0deve\u00a0ir a certame no dia 24 de agosto e o outro no dia 16 de\u00a0setembro\u00a0deste ano. Na hip\u00f3tese de o\u00a0leil\u00e3o\u00a0ser no mesmo dia, ambos os\u00a0lotes\u00a0v\u00e3o para sess\u00e3o p\u00fablica no dia 16 de\u00a0setembro.<br><br>No cronograma apresentado pelo Minist\u00e9rio\u00a0dos\u00a0Transportes, segundo documento adquirido pela\u00a0<strong>Ag\u00eancia iNFRA<\/strong>, o\u00a0leil\u00e3o\u00a0deveria\u00a0acontecer\u00a0no dia 14 de\u00a0setembro\u00a0e haveria a possibilidade de o vencedor\u00a0do\u00a0primeiro lote de\u00a0leil\u00e3o\u00a0escolher se participaria\u00a0do\u00a0segundo lote. No entanto, durante a reuni\u00e3o houve mudan\u00e7as.<br><br><strong>Tarifa menor<\/strong><br>O governador\u00a0do\u00a0Paran\u00e1\u00a0informou que a tarifa teto\u00a0do\u00a0leil\u00e3o\u00a0dos\u00a0dois\u00a0primeiros\u00a0lotes\u00a0de\u00a0rodovias\u00a0paranaenses\u00a0deve\u00a0ser de 20% a 30% menor que a cobrada na \u00faltima concess\u00e3o. Essa \u00e9 uma preocupa\u00e7\u00e3o local devido aos altos valores cobrados nos anos finais da licita\u00e7\u00e3o anterior.<br><br>Os investimentos previstos para os\u00a0dois\u00a0primeiros\u00a0lotes\u00a0s\u00e3o de R$ 19 bilh\u00f5es \u2013 somando R$ 50 bilh\u00f5es nos seis\u00a0lotes\u00a0lotais. A concess\u00e3o tem prazo de 30 anos e previs\u00e3o de duplica\u00e7\u00e3o de 343 quil\u00f4metros nos primeiro e segundo\u00a0lotes.<br><br><strong>Pr\u00f3ximos leil\u00f5es<\/strong><br>Esse ser\u00e1 o primeiro\u00a0leil\u00e3o\u00a0rodovi\u00e1rio no \u00e2mbito\u00a0do\u00a0atual governo. Para os pr\u00f3ximos quatro\u00a0lotes, que englobam os 3,3 mil quil\u00f4metros totais da concess\u00e3o, a previs\u00e3o \u00e9 que, se essa primeira licita\u00e7\u00e3o \u201cder certo\u201d, o\u00a0leil\u00e3o\u00a0aconte\u00e7a no ano que vem de forma separada, informou Renan.<br><br>No ano ainda devem haver mais\u00a0dois\u00a0certames no setor, as relicita\u00e7\u00f5es da BR-381\/MG e da BR-040\/RJ\/MG, que ainda passam por an\u00e1lise e devem ter o edital publicado \u201cmuito em breve\u201d, de acordo com o ministro Renan. Ele confirmou que os documentos devem ser divulgados ainda no primeiro semestre e os leil\u00f5es realizados no \u00faltimo trimestre\u00a0do\u00a0ano.<br><br>A modelagem das\u00a0rodovias\u00a0do\u00a0Paran\u00e1\u00a0deve\u00a0servir de modelo piloto para futuras concess\u00f5es. A inten\u00e7\u00e3o\u00a0do\u00a0Minist\u00e9rio\u00a0dos\u00a0Transportes \u00e9 que trechos menos atrativos, que podem ser estaduais, sejam licitados em conjunto com\u00a0rodovias\u00a0mais rent\u00e1veis.<br><br><strong>Delega\u00e7\u00e3o<\/strong><br>Na reuni\u00e3o foi assinada ainda a delega\u00e7\u00e3o das\u00a0rodovias\u00a0estaduais\u00a0dos\u00a0dois\u00a0primeiros\u00a0lotes\u00a0da concess\u00e3o, que incluem PR-418, PR-423 e PR-427 no primeiro lote e PR-407, PR-508, PR-408, PR-411, PRC-373, PR-151, PR-239 e PR-092 no lote\u00a0dois.<br><br>No in\u00edcio de mar\u00e7o, o governo\u00a0do\u00a0Paran\u00e1\u00a0anunciou que o contrato de delega\u00e7\u00e3o seria assinado, mas o encontro foi cancelado devido \u00e0 falta de confirma\u00e7\u00e3o por parte\u00a0do\u00a0Minist\u00e9rio\u00a0dos\u00a0Transportes. Na \u00e9poca ainda faltava entendimento sobre a modelagem da concess\u00e3o.<br><br>O primeiro lote tem extens\u00e3o total de 473,01 quil\u00f4metros e engloba as liga\u00e7\u00f5es entre Curitiba a Guarapuava e Guarapuava a Ponta Grossa, al\u00e9m da Regi\u00e3o Metropolitana de Curitiba. O segundo lote, com extens\u00e3o total de 600 km, inclui as liga\u00e7\u00f5es entre Curitiba-Litoral, Ponta Grossa-Jaguaria\u00edva, Jaguaria\u00edva-Ourinhos e Ourinhos-Corn\u00e9lio Proc\u00f3pio.<br><br><strong>Modelo definido<\/strong><br>O modelo de concess\u00e3o\u00a0dos\u00a0dois\u00a0primeiros\u00a0lotes\u00a0de\u00a0rodovias\u00a0do\u00a0Paran\u00e1\u00a0contar\u00e1 com o crit\u00e9rio de menor tarifa, com o dep\u00f3sito\u00a0do\u00a0aporte financeiro somente se o desconto sobre a tarifa-teto\u00a0do\u00a0ped\u00e1gio for maior que 18%.<br><br>O dep\u00f3sito ser\u00e1 de R$ 100 milh\u00f5es caso o desconto seja de 18% a 23%; de R$ 120 milh\u00f5es no caso de o desconto apresentado pelas empresas exceder de 23% a 30%; e de R$ 150 milh\u00f5es em descontos maiores que 30%.<br><br>O dep\u00f3sito \u00e9 proporcional ao desconto dado no valor da tarifa de ped\u00e1gio. Quanto maior o desconto, maior o aporte. A defini\u00e7\u00e3o de como e se haveria um aporte financeiro foi um\u00a0dos\u00a0maiores empecilhos \u00e0 publica\u00e7\u00e3o\u00a0do\u00a0edital.<\/p>\n","protected":false},"excerpt":{"rendered":"<p>Jenifer Ribeiro, da Ag\u00eancia iNFRA Os governos federal e estadual avaliam se v\u00e3o realizar o\u00a0leil\u00e3o\u00a0dos\u00a0dois\u00a0primeiros\u00a0lotes\u00a0das\u00a0rodovias\u00a0do\u00a0Paran\u00e1\u00a0no mesmo dia ou em datas separadas. A justificativa dada \u00e9 que ainda \u00e9 preciso entender qual das duas possibilidades vai trazer mais rentabilidade e interessados. A informa\u00e7\u00e3o foi dada pelo governador\u00a0do\u00a0Paran\u00e1, Ratinho Jr. (PSD), e pelo ministro\u00a0dos\u00a0Transportes, Renan Filho, nesta [&hellip;]<\/p>\n","protected":false},"author":1,"featured_media":12607,"comment_status":"closed","ping_status":"closed","sticky":false,"template":"","format":"standard","meta":{"_monsterinsights_skip_tracking":false,"_monsterinsights_sitenote_active":false,"_monsterinsights_sitenote_note":"","_monsterinsights_sitenote_category":0,"footnotes":""},"categories":[1,7],"tags":[22,6672,6682,254,580,16,620,796,6248,126],"class_list":["post-12606","post","type-post","status-publish","format-standard","has-post-thumbnail","hentry","category-geral","category-infratransporte","tag-concessao","tag-cronograma","tag-delegacao","tag-leilao","tag-lula","tag-ministerio-dos-transportes","tag-parana","tag-ratinho-junior","tag-renan-filho","tag-rodovias"],"yoast_head":"<!-- This site is optimized with the Yoast SEO Premium plugin v25.4 (Yoast SEO v26.0) - https:\/\/yoast.com\/wordpress\/plugins\/seo\/ -->\n<title>Leil\u00e3o dos dois primeiros lotes de rodovias do Paran\u00e1 deve acontecer at\u00e9 setembro - Ag\u00eancia iNFRA<\/title>\n<meta name=\"robots\" content=\"index, follow, max-snippet:-1, max-image-preview:large, max-video-preview:-1\" \/>\n<link rel=\"canonical\" href=\"https:\/\/agenciainfra.com\/blog\/leilao-dos-dois-primeiros-lotes-de-rodovias-do-parana-deve-acontecer-ate-setembro\/\" \/>\n<meta property=\"og:locale\" content=\"pt_BR\" \/>\n<meta property=\"og:type\" content=\"article\" \/>\n<meta property=\"og:title\" content=\"Leil\u00e3o dos dois primeiros lotes de rodovias do Paran\u00e1 deve acontecer at\u00e9 setembro\" \/>\n<meta property=\"og:description\" content=\"Jenifer Ribeiro, da Ag\u00eancia iNFRA Os governos federal e estadual avaliam se v\u00e3o realizar o\u00a0leil\u00e3o\u00a0dos\u00a0dois\u00a0primeiros\u00a0lotes\u00a0das\u00a0rodovias\u00a0do\u00a0Paran\u00e1\u00a0no mesmo dia ou em datas separadas. A justificativa dada \u00e9 que ainda \u00e9 preciso entender qual das duas possibilidades vai trazer mais rentabilidade e interessados. A informa\u00e7\u00e3o foi dada pelo governador\u00a0do\u00a0Paran\u00e1, Ratinho Jr. (PSD), e pelo ministro\u00a0dos\u00a0Transportes, Renan Filho, nesta [&hellip;]\" \/>\n<meta property=\"og:url\" content=\"https:\/\/agenciainfra.com\/blog\/leilao-dos-dois-primeiros-lotes-de-rodovias-do-parana-deve-acontecer-ate-setembro\/\" \/>\n<meta property=\"og:site_name\" content=\"Ag\u00eancia iNFRA\" \/>\n<meta property=\"article:publisher\" content=\"https:\/\/www.facebook.com\/ageninfra\" \/>\n<meta property=\"article:published_time\" content=\"2023-05-06T12:00:00+00:00\" \/>\n<meta property=\"og:image\" content=\"https:\/\/agenciainfra.com\/blog\/wp-content\/uploads\/2023\/05\/renan-filho-lula-ratinho-junior-foto-governo-federal-ricardo-stuckert.jpeg\" \/>\n\t<meta property=\"og:image:width\" content=\"1202\" \/>\n\t<meta property=\"og:image:height\" content=\"800\" \/>\n\t<meta property=\"og:image:type\" content=\"image\/jpeg\" \/>\n<meta name=\"author\" content=\"Ag\u00eancia iNFRA\" \/>\n<meta name=\"twitter:card\" content=\"summary_large_image\" \/>\n<meta name=\"twitter:creator\" content=\"@agencia_infra\" \/>\n<meta name=\"twitter:site\" content=\"@agencia_infra\" \/>\n<meta name=\"twitter:label1\" content=\"Escrito por\" \/>\n\t<meta name=\"twitter:data1\" content=\"Ag\u00eancia iNFRA\" \/>\n\t<meta name=\"twitter:label2\" content=\"Est. tempo de leitura\" \/>\n\t<meta name=\"twitter:data2\" content=\"4 minutos\" \/>\n<script type=\"application\/ld+json\" class=\"yoast-schema-graph\">{\"@context\":\"https:\/\/schema.org\",\"@graph\":[{\"@type\":\"Article\",\"@id\":\"https:\/\/agenciainfra.com\/blog\/leilao-dos-dois-primeiros-lotes-de-rodovias-do-parana-deve-acontecer-ate-setembro\/#article\",\"isPartOf\":{\"@id\":\"https:\/\/agenciainfra.com\/blog\/leilao-dos-dois-primeiros-lotes-de-rodovias-do-parana-deve-acontecer-ate-setembro\/\"},\"author\":{\"name\":\"Ag\u00eancia iNFRA\",\"@id\":\"https:\/\/agenciainfra.com\/blog\/#\/schema\/person\/34af08dff6adea4cb22b06612ba7acfa\"},\"headline\":\"Leil\u00e3o dos dois primeiros lotes de rodovias do Paran\u00e1 deve acontecer at\u00e9 setembro\",\"datePublished\":\"2023-05-06T12:00:00+00:00\",\"mainEntityOfPage\":{\"@id\":\"https:\/\/agenciainfra.com\/blog\/leilao-dos-dois-primeiros-lotes-de-rodovias-do-parana-deve-acontecer-ate-setembro\/\"},\"wordCount\":742,\"publisher\":{\"@id\":\"https:\/\/agenciainfra.com\/blog\/#organization\"},\"image\":{\"@id\":\"https:\/\/agenciainfra.com\/blog\/leilao-dos-dois-primeiros-lotes-de-rodovias-do-parana-deve-acontecer-ate-setembro\/#primaryimage\"},\"thumbnailUrl\":\"https:\/\/agenciainfra.com\/blog\/wp-content\/uploads\/2023\/05\/renan-filho-lula-ratinho-junior-foto-governo-federal-ricardo-stuckert.jpeg\",\"keywords\":[\"Concess\u00e3o\",\"cronograma\",\"delega\u00e7\u00e3o\",\"leil\u00e3o\",\"Lula\",\"minist\u00e9rio dos transportes\",\"Paran\u00e1\",\"Ratinho J\u00fanior\",\"Renan Filho\",\"rodovias\"],\"articleSection\":[\"Geral\",\"iNFRATransporte\"],\"inLanguage\":\"pt-BR\",\"copyrightYear\":\"2023\",\"copyrightHolder\":{\"@id\":\"https:\/\/agenciainfra.com\/blog\/#organization\"}},{\"@type\":\"WebPage\",\"@id\":\"https:\/\/agenciainfra.com\/blog\/leilao-dos-dois-primeiros-lotes-de-rodovias-do-parana-deve-acontecer-ate-setembro\/\",\"url\":\"https:\/\/agenciainfra.com\/blog\/leilao-dos-dois-primeiros-lotes-de-rodovias-do-parana-deve-acontecer-ate-setembro\/\",\"name\":\"Leil\u00e3o dos dois primeiros lotes de rodovias do Paran\u00e1 deve acontecer at\u00e9 setembro - Ag\u00eancia iNFRA\",\"isPartOf\":{\"@id\":\"https:\/\/agenciainfra.com\/blog\/#website\"},\"primaryImageOfPage\":{\"@id\":\"https:\/\/agenciainfra.com\/blog\/leilao-dos-dois-primeiros-lotes-de-rodovias-do-parana-deve-acontecer-ate-setembro\/#primaryimage\"},\"image\":{\"@id\":\"https:\/\/agenciainfra.com\/blog\/leilao-dos-dois-primeiros-lotes-de-rodovias-do-parana-deve-acontecer-ate-setembro\/#primaryimage\"},\"thumbnailUrl\":\"https:\/\/agenciainfra.com\/blog\/wp-content\/uploads\/2023\/05\/renan-filho-lula-ratinho-junior-foto-governo-federal-ricardo-stuckert.jpeg\",\"datePublished\":\"2023-05-06T12:00:00+00:00\",\"breadcrumb\":{\"@id\":\"https:\/\/agenciainfra.com\/blog\/leilao-dos-dois-primeiros-lotes-de-rodovias-do-parana-deve-acontecer-ate-setembro\/#breadcrumb\"},\"inLanguage\":\"pt-BR\",\"potentialAction\":[{\"@type\":\"ReadAction\",\"target\":[\"https:\/\/agenciainfra.com\/blog\/leilao-dos-dois-primeiros-lotes-de-rodovias-do-parana-deve-acontecer-ate-setembro\/\"]}]},{\"@type\":\"ImageObject\",\"inLanguage\":\"pt-BR\",\"@id\":\"https:\/\/agenciainfra.com\/blog\/leilao-dos-dois-primeiros-lotes-de-rodovias-do-parana-deve-acontecer-ate-setembro\/#primaryimage\",\"url\":\"https:\/\/agenciainfra.com\/blog\/wp-content\/uploads\/2023\/05\/renan-filho-lula-ratinho-junior-foto-governo-federal-ricardo-stuckert.jpeg\",\"contentUrl\":\"https:\/\/agenciainfra.com\/blog\/wp-content\/uploads\/2023\/05\/renan-filho-lula-ratinho-junior-foto-governo-federal-ricardo-stuckert.jpeg\",\"width\":1202,\"height\":800},{\"@type\":\"BreadcrumbList\",\"@id\":\"https:\/\/agenciainfra.com\/blog\/leilao-dos-dois-primeiros-lotes-de-rodovias-do-parana-deve-acontecer-ate-setembro\/#breadcrumb\",\"itemListElement\":[{\"@type\":\"ListItem\",\"position\":1,\"name\":\"In\u00edcio\",\"item\":\"https:\/\/agenciainfra.com\/blog\/\"},{\"@type\":\"ListItem\",\"position\":2,\"name\":\"Leil\u00e3o dos dois primeiros lotes de rodovias do Paran\u00e1 deve acontecer at\u00e9 setembro\"}]},{\"@type\":\"WebSite\",\"@id\":\"https:\/\/agenciainfra.com\/blog\/#website\",\"url\":\"https:\/\/agenciainfra.com\/blog\/\",\"name\":\"Ag\u00eancia iNFRA\",\"description\":\"Multiplataforma de informa\u00e7\u00e3o jornal\u00edstica refer\u00eancia na \u00e1rea de infraestrutura no Brasil!\",\"publisher\":{\"@id\":\"https:\/\/agenciainfra.com\/blog\/#organization\"},\"potentialAction\":[{\"@type\":\"SearchAction\",\"target\":{\"@type\":\"EntryPoint\",\"urlTemplate\":\"https:\/\/agenciainfra.com\/blog\/?s={search_term_string}\"},\"query-input\":{\"@type\":\"PropertyValueSpecification\",\"valueRequired\":true,\"valueName\":\"search_term_string\"}}],\"inLanguage\":\"pt-BR\"},{\"@type\":\"Organization\",\"@id\":\"https:\/\/agenciainfra.com\/blog\/#organization\",\"name\":\"Ag\u00eancia iNFRA\",\"url\":\"https:\/\/agenciainfra.com\/blog\/\",\"logo\":{\"@type\":\"ImageObject\",\"inLanguage\":\"pt-BR\",\"@id\":\"https:\/\/agenciainfra.com\/blog\/#\/schema\/logo\/image\/\",\"url\":\"https:\/\/agenciainfra.com\/blog\/wp-content\/uploads\/2023\/09\/iNFRA_5-e1761735885940.png\",\"contentUrl\":\"https:\/\/agenciainfra.com\/blog\/wp-content\/uploads\/2023\/09\/iNFRA_5-e1761735885940.png\",\"width\":1672,\"height\":454,\"caption\":\"Ag\u00eancia iNFRA\"},\"image\":{\"@id\":\"https:\/\/agenciainfra.com\/blog\/#\/schema\/logo\/image\/\"},\"sameAs\":[\"https:\/\/www.facebook.com\/ageninfra\",\"https:\/\/x.com\/agencia_infra\",\"https:\/\/www.linkedin.com\/company\/ag\u00eanciainfra\/\",\"https:\/\/www.instagram.com\/agenciainfra\/\"]},{\"@type\":\"Person\",\"@id\":\"https:\/\/agenciainfra.com\/blog\/#\/schema\/person\/34af08dff6adea4cb22b06612ba7acfa\",\"name\":\"Ag\u00eancia iNFRA\",\"image\":{\"@type\":\"ImageObject\",\"inLanguage\":\"pt-BR\",\"@id\":\"https:\/\/agenciainfra.com\/blog\/#\/schema\/person\/image\/\",\"url\":\"https:\/\/secure.gravatar.com\/avatar\/d189e01678f06d8eb84d4e01f08eb848b3fffe3f8443818d3c356c66892f5be8?s=96&d=mm&r=g\",\"contentUrl\":\"https:\/\/secure.gravatar.com\/avatar\/d189e01678f06d8eb84d4e01f08eb848b3fffe3f8443818d3c356c66892f5be8?s=96&d=mm&r=g\",\"caption\":\"Ag\u00eancia iNFRA\"},\"url\":\"https:\/\/agenciainfra.com\/blog\/author\/admin\/\"}]}<\/script>\n<!-- \/ Yoast SEO Premium plugin. -->","yoast_head_json":{"title":"Leil\u00e3o dos dois primeiros lotes de rodovias do Paran\u00e1 deve acontecer at\u00e9 setembro - Ag\u00eancia iNFRA","robots":{"index":"index","follow":"follow","max-snippet":"max-snippet:-1","max-image-preview":"max-image-preview:large","max-video-preview":"max-video-preview:-1"},"canonical":"https:\/\/agenciainfra.com\/blog\/leilao-dos-dois-primeiros-lotes-de-rodovias-do-parana-deve-acontecer-ate-setembro\/","og_locale":"pt_BR","og_type":"article","og_title":"Leil\u00e3o dos dois primeiros lotes de rodovias do Paran\u00e1 deve acontecer at\u00e9 setembro","og_description":"Jenifer Ribeiro, da Ag\u00eancia iNFRA Os governos federal e estadual avaliam se v\u00e3o realizar o\u00a0leil\u00e3o\u00a0dos\u00a0dois\u00a0primeiros\u00a0lotes\u00a0das\u00a0rodovias\u00a0do\u00a0Paran\u00e1\u00a0no mesmo dia ou em datas separadas. A justificativa dada \u00e9 que ainda \u00e9 preciso entender qual das duas possibilidades vai trazer mais rentabilidade e interessados. A informa\u00e7\u00e3o foi dada pelo governador\u00a0do\u00a0Paran\u00e1, Ratinho Jr. (PSD), e pelo ministro\u00a0dos\u00a0Transportes, Renan Filho, nesta [&hellip;]","og_url":"https:\/\/agenciainfra.com\/blog\/leilao-dos-dois-primeiros-lotes-de-rodovias-do-parana-deve-acontecer-ate-setembro\/","og_site_name":"Ag\u00eancia iNFRA","article_publisher":"https:\/\/www.facebook.com\/ageninfra","article_published_time":"2023-05-06T12:00:00+00:00","og_image":[{"width":1202,"height":800,"url":"https:\/\/agenciainfra.com\/blog\/wp-content\/uploads\/2023\/05\/renan-filho-lula-ratinho-junior-foto-governo-federal-ricardo-stuckert.jpeg","type":"image\/jpeg"}],"author":"Ag\u00eancia iNFRA","twitter_card":"summary_large_image","twitter_creator":"@agencia_infra","twitter_site":"@agencia_infra","twitter_misc":{"Escrito por":"Ag\u00eancia iNFRA","Est. tempo de leitura":"4 minutos"},"schema":{"@context":"https:\/\/schema.org","@graph":[{"@type":"Article","@id":"https:\/\/agenciainfra.com\/blog\/leilao-dos-dois-primeiros-lotes-de-rodovias-do-parana-deve-acontecer-ate-setembro\/#article","isPartOf":{"@id":"https:\/\/agenciainfra.com\/blog\/leilao-dos-dois-primeiros-lotes-de-rodovias-do-parana-deve-acontecer-ate-setembro\/"},"author":{"name":"Ag\u00eancia iNFRA","@id":"https:\/\/agenciainfra.com\/blog\/#\/schema\/person\/34af08dff6adea4cb22b06612ba7acfa"},"headline":"Leil\u00e3o dos dois primeiros lotes de rodovias do Paran\u00e1 deve acontecer at\u00e9 setembro","datePublished":"2023-05-06T12:00:00+00:00","mainEntityOfPage":{"@id":"https:\/\/agenciainfra.com\/blog\/leilao-dos-dois-primeiros-lotes-de-rodovias-do-parana-deve-acontecer-ate-setembro\/"},"wordCount":742,"publisher":{"@id":"https:\/\/agenciainfra.com\/blog\/#organization"},"image":{"@id":"https:\/\/agenciainfra.com\/blog\/leilao-dos-dois-primeiros-lotes-de-rodovias-do-parana-deve-acontecer-ate-setembro\/#primaryimage"},"thumbnailUrl":"https:\/\/agenciainfra.com\/blog\/wp-content\/uploads\/2023\/05\/renan-filho-lula-ratinho-junior-foto-governo-federal-ricardo-stuckert.jpeg","keywords":["Concess\u00e3o","cronograma","delega\u00e7\u00e3o","leil\u00e3o","Lula","minist\u00e9rio dos transportes","Paran\u00e1","Ratinho J\u00fanior","Renan Filho","rodovias"],"articleSection":["Geral","iNFRATransporte"],"inLanguage":"pt-BR","copyrightYear":"2023","copyrightHolder":{"@id":"https:\/\/agenciainfra.com\/blog\/#organization"}},{"@type":"WebPage","@id":"https:\/\/agenciainfra.com\/blog\/leilao-dos-dois-primeiros-lotes-de-rodovias-do-parana-deve-acontecer-ate-setembro\/","url":"https:\/\/agenciainfra.com\/blog\/leilao-dos-dois-primeiros-lotes-de-rodovias-do-parana-deve-acontecer-ate-setembro\/","name":"Leil\u00e3o dos dois primeiros lotes de rodovias do Paran\u00e1 deve acontecer at\u00e9 setembro - Ag\u00eancia iNFRA","isPartOf":{"@id":"https:\/\/agenciainfra.com\/blog\/#website"},"primaryImageOfPage":{"@id":"https:\/\/agenciainfra.com\/blog\/leilao-dos-dois-primeiros-lotes-de-rodovias-do-parana-deve-acontecer-ate-setembro\/#primaryimage"},"image":{"@id":"https:\/\/agenciainfra.com\/blog\/leilao-dos-dois-primeiros-lotes-de-rodovias-do-parana-deve-acontecer-ate-setembro\/#primaryimage"},"thumbnailUrl":"https:\/\/agenciainfra.com\/blog\/wp-content\/uploads\/2023\/05\/renan-filho-lula-ratinho-junior-foto-governo-federal-ricardo-stuckert.jpeg","datePublished":"2023-05-06T12:00:00+00:00","breadcrumb":{"@id":"https:\/\/agenciainfra.com\/blog\/leilao-dos-dois-primeiros-lotes-de-rodovias-do-parana-deve-acontecer-ate-setembro\/#breadcrumb"},"inLanguage":"pt-BR","potentialAction":[{"@type":"ReadAction","target":["https:\/\/agenciainfra.com\/blog\/leilao-dos-dois-primeiros-lotes-de-rodovias-do-parana-deve-acontecer-ate-setembro\/"]}]},{"@type":"ImageObject","inLanguage":"pt-BR","@id":"https:\/\/agenciainfra.com\/blog\/leilao-dos-dois-primeiros-lotes-de-rodovias-do-parana-deve-acontecer-ate-setembro\/#primaryimage","url":"https:\/\/agenciainfra.com\/blog\/wp-content\/uploads\/2023\/05\/renan-filho-lula-ratinho-junior-foto-governo-federal-ricardo-stuckert.jpeg","contentUrl":"https:\/\/agenciainfra.com\/blog\/wp-content\/uploads\/2023\/05\/renan-filho-lula-ratinho-junior-foto-governo-federal-ricardo-stuckert.jpeg","width":1202,"height":800},{"@type":"BreadcrumbList","@id":"https:\/\/agenciainfra.com\/blog\/leilao-dos-dois-primeiros-lotes-de-rodovias-do-parana-deve-acontecer-ate-setembro\/#breadcrumb","itemListElement":[{"@type":"ListItem","position":1,"name":"In\u00edcio","item":"https:\/\/agenciainfra.com\/blog\/"},{"@type":"ListItem","position":2,"name":"Leil\u00e3o dos dois primeiros lotes de rodovias do Paran\u00e1 deve acontecer at\u00e9 setembro"}]},{"@type":"WebSite","@id":"https:\/\/agenciainfra.com\/blog\/#website","url":"https:\/\/agenciainfra.com\/blog\/","name":"Ag\u00eancia iNFRA","description":"Multiplataforma de informa\u00e7\u00e3o jornal\u00edstica refer\u00eancia na \u00e1rea de infraestrutura no Brasil!","publisher":{"@id":"https:\/\/agenciainfra.com\/blog\/#organization"},"potentialAction":[{"@type":"SearchAction","target":{"@type":"EntryPoint","urlTemplate":"https:\/\/agenciainfra.com\/blog\/?s={search_term_string}"},"query-input":{"@type":"PropertyValueSpecification","valueRequired":true,"valueName":"search_term_string"}}],"inLanguage":"pt-BR"},{"@type":"Organization","@id":"https:\/\/agenciainfra.com\/blog\/#organization","name":"Ag\u00eancia iNFRA","url":"https:\/\/agenciainfra.com\/blog\/","logo":{"@type":"ImageObject","inLanguage":"pt-BR","@id":"https:\/\/agenciainfra.com\/blog\/#\/schema\/logo\/image\/","url":"https:\/\/agenciainfra.com\/blog\/wp-content\/uploads\/2023\/09\/iNFRA_5-e1761735885940.png","contentUrl":"https:\/\/agenciainfra.com\/blog\/wp-content\/uploads\/2023\/09\/iNFRA_5-e1761735885940.png","width":1672,"height":454,"caption":"Ag\u00eancia iNFRA"},"image":{"@id":"https:\/\/agenciainfra.com\/blog\/#\/schema\/logo\/image\/"},"sameAs":["https:\/\/www.facebook.com\/ageninfra","https:\/\/x.com\/agencia_infra","https:\/\/www.linkedin.com\/company\/ag\u00eanciainfra\/","https:\/\/www.instagram.com\/agenciainfra\/"]},{"@type":"Person","@id":"https:\/\/agenciainfra.com\/blog\/#\/schema\/person\/34af08dff6adea4cb22b06612ba7acfa","name":"Ag\u00eancia iNFRA","image":{"@type":"ImageObject","inLanguage":"pt-BR","@id":"https:\/\/agenciainfra.com\/blog\/#\/schema\/person\/image\/","url":"https:\/\/secure.gravatar.com\/avatar\/d189e01678f06d8eb84d4e01f08eb848b3fffe3f8443818d3c356c66892f5be8?s=96&d=mm&r=g","contentUrl":"https:\/\/secure.gravatar.com\/avatar\/d189e01678f06d8eb84d4e01f08eb848b3fffe3f8443818d3c356c66892f5be8?s=96&d=mm&r=g","caption":"Ag\u00eancia iNFRA"},"url":"https:\/\/agenciainfra.com\/blog\/author\/admin\/"}]}},"_links":{"self":[{"href":"https:\/\/agenciainfra.com\/blog\/wp-json\/wp\/v2\/posts\/12606","targetHints":{"allow":["GET"]}}],"collection":[{"href":"https:\/\/agenciainfra.com\/blog\/wp-json\/wp\/v2\/posts"}],"about":[{"href":"https:\/\/agenciainfra.com\/blog\/wp-json\/wp\/v2\/types\/post"}],"author":[{"embeddable":true,"href":"https:\/\/agenciainfra.com\/blog\/wp-json\/wp\/v2\/users\/1"}],"replies":[{"embeddable":true,"href":"https:\/\/agenciainfra.com\/blog\/wp-json\/wp\/v2\/comments?post=12606"}],"version-history":[{"count":0,"href":"https:\/\/agenciainfra.com\/blog\/wp-json\/wp\/v2\/posts\/12606\/revisions"}],"wp:featuredmedia":[{"embeddable":true,"href":"https:\/\/agenciainfra.com\/blog\/wp-json\/wp\/v2\/media\/12607"}],"wp:attachment":[{"href":"https:\/\/agenciainfra.com\/blog\/wp-json\/wp\/v2\/media?parent=12606"}],"wp:term":[{"taxonomy":"category","embeddable":true,"href":"https:\/\/agenciainfra.com\/blog\/wp-json\/wp\/v2\/categories?post=12606"},{"taxonomy":"post_tag","embeddable":true,"href":"https:\/\/agenciainfra.com\/blog\/wp-json\/wp\/v2\/tags?post=12606"}],"curies":[{"name":"wp","href":"https:\/\/api.w.org\/{rel}","templated":true}]}}