{"id":12651,"date":"2023-05-13T09:00:00","date_gmt":"2023-05-13T12:00:00","guid":{"rendered":"https:\/\/www.agenciainfra.com\/blog\/?p=12651"},"modified":"2023-05-12T11:33:05","modified_gmt":"2023-05-12T14:33:05","slug":"associacao-alerta-sobre-problemas-de-fornecimento-para-desenvolvimento-de-obras-no-pais","status":"publish","type":"post","link":"https:\/\/agenciainfra.com\/blog\/associacao-alerta-sobre-problemas-de-fornecimento-para-desenvolvimento-de-obras-no-pais\/","title":{"rendered":"Associa\u00e7\u00e3o alerta sobre problemas de fornecimento para desenvolvimento de obras no pa\u00eds"},"content":{"rendered":"\n<p class=\"has-text-align-right\"><strong>Dimmi Amora, da Ag\u00eancia iNFRA<\/strong><\/p>\n\n\n\n<p>A cadeia de\u00a0fornecimento\u00a0para\u00a0o setor de constru\u00e7\u00e3o\u00a0no\u00a0pa\u00eds\u00a0est\u00e1 enfraquecida, amea\u00e7ando a previs\u00e3o de grande aumento de recursos\u00a0de or\u00e7amento p\u00fablico e de concess\u00f5es\u00a0para\u00a0obras\u00a0a partir deste ano.\u00a0<br><br>O\u00a0alerta\u00a0foi dado pelo diretor-presidente da Melhores Rodovias do Brasil &#8211; ABCR (Associa\u00e7\u00e3o\u00a0Brasileira de Concession\u00e1rias de Rodovias), Marco Aur\u00e9lio Barcelos, durante o lan\u00e7amento do relat\u00f3rio anual da\u00a0associa\u00e7\u00e3o\u00a0e o novo modelo de pesquisa em dados do setor, na \u00faltima quarta-feira (10), em Bras\u00edlia.<br><br>O valor investido pelas concession\u00e1rias de rodovias\u00a0no\u00a0pa\u00eds\u00a0em 2022 foi na casa dos R$ 9,5 bilh\u00f5es nos 26 mil quil\u00f4metros de vias concedidas, 37% maior que em 2021 e pr\u00f3ximo ao n\u00edvel recorde, feito\u00a0no\u00a0ano de 2015. O investimento nos 13 mil quil\u00f4metros de vias federais concedidas, de R$ 5,2 bilh\u00f5es em 2022, foi maior que todo o or\u00e7amento do governo federal\u00a0no\u00a0ano, que administra mais de 50 mil quil\u00f4metros de estradas.<br><br>Um dos dados levantados pela\u00a0associa\u00e7\u00e3o\u00a0com base em informa\u00e7\u00f5es oficiais \u00e9 que, nos pr\u00f3ximos anos, a perspectiva \u00e9 que o\u00a0pa\u00eds\u00a0amplie em mais 30 mil quil\u00f4metros de concess\u00f5es rodovi\u00e1rias\u00a0(atualmente s\u00e3o 26 mil quil\u00f4metros), produzindo R$ 108 bilh\u00f5es em novos investimentos.<br><br>&#8220;Vamos mais que dobrar de tamanho. Talvez seja dos poucos setores de infraestrutura que tenham esse tamanho de neg\u00f3cio. Quem n\u00e3o entrou, tem essa porta de entrada\u00a0para\u00a0investimentos de grande porte&#8221;, disse Barcelos, lembrando que o setor j\u00e1 \u00e9 maduro, ao contr\u00e1rio de outros que trazem mais inseguran\u00e7a, citando o saneamento.<br><br>Esses investimentos, segundo Barcelos, trazem benef\u00edcios\u00a0para\u00a0toda a sociedade. Num c\u00e1lculo feito pela\u00a0associa\u00e7\u00e3o, as\u00a0obras\u00a0feitas em 2022 nas concess\u00f5es reduziram em R$ 30 bilh\u00f5es os custos de transportes\u00a0para\u00a0as empresas de carga do\u00a0pa\u00eds. Essa estimativa \u00e9 tr\u00eas vezes maior que todo o valor pago de ped\u00e1gio\u00a0para\u00a0as concession\u00e1rias\u00a0no\u00a0ano (R$ 10 bilh\u00f5es), informou Barcelos.<br><br>O diretor da\u00a0associa\u00e7\u00e3o\u00a0afirmou que a perspectiva \u00e9 que em 2023 os investimentos em concess\u00f5es rodovi\u00e1rias siga aumentando. H\u00e1 concession\u00e1rias prevendo mais de R$ 10 bilh\u00f5es em aportes somente em seus pr\u00f3prios contratos.\u00a0<br><br>Como tamb\u00e9m h\u00e1 uma perspectiva de aumento dos investimentos p\u00fablicos federais (o or\u00e7amento federal\u00a0para\u00a0rodovias quadruplicou e est\u00e1 estimado na faixa dos R$ 20 bilh\u00f5es) e dos estados\u00a0no\u00a0setor de constru\u00e7\u00e3o, Barcelos alertou que isso traz um &#8220;bom problema, mas que \u00e9 um problema&#8221;: a falta de ind\u00fastria de base\u00a0para\u00a0a execu\u00e7\u00e3o dos investimentos.<br><br>&#8220;Precisamos pensar agora na cadeia do ambiente,\u00a0no\u00a0sistema das\u00a0obras\u00a0e dos servi\u00e7os que s\u00e3o demandados\u00a0para\u00a0que os recursos se transformem em interven\u00e7\u00f5es e melhorias. Est\u00e1 na hora de falar da ind\u00fastria de base, se ela vai dar conta do recado. Se haver\u00e1 suprimentos\u00a0para\u00a0tudo isso&#8221;, disse Barcelos, citando tamb\u00e9m prestadores de servi\u00e7os como consultores ambientais e de projetos. &#8220;H\u00e1 uma concentra\u00e7\u00e3o sem precedentes de investimentos p\u00fablicos e privados\u00a0no\u00a0setor.&#8221;<br><br>Mesmo\u00a0no\u00a0ano passado, segundo apurou a\u00a0<strong>Ag\u00eancia iNFRA<\/strong>, quando o governo federal estava com sua mais baixa capacidade de investimentos, as concession\u00e1rias j\u00e1 tiveram\u00a0problemas\u00a0para\u00a0esse tipo de contrata\u00e7\u00e3o, o que tem se repetido ao longo deste ano, tamb\u00e9m nas\u00a0obras\u00a0do setor p\u00fablico.<br><br><strong>Outras precau\u00e7\u00f5es<\/strong><br>Al\u00e9m dessa precau\u00e7\u00e3o com a ind\u00fastria de base, Barcelos alertou\u00a0para\u00a0outras duas que tamb\u00e9m podem afetar o desempenho dos projetos futuros: os passivos das concess\u00f5es passadas e o aprimoramento dos estudos\u00a0para\u00a0as novas concess\u00f5es.\u00a0<br><br>Ele lembrou que os erros do passado s\u00e3o m\u00faltiplos e que \u00e9 necess\u00e1rio &#8220;fechar as cicatrizes&#8221;, indicando que hoje h\u00e1 uma vontade do governo\u00a0para\u00a0que isso seja feito. Em rela\u00e7\u00e3o aos estudos\u00a0para\u00a0novas,\u00a0para\u00a0ele, houve avan\u00e7os na parte regulat\u00f3ria, mas \u00e9 necess\u00e1rio que se repense a base\u00a0para\u00a0realizar os or\u00e7amentos das concess\u00f5es.<br><br>O governo precifica os investimentos com o Sicro, um sistema de pre\u00e7os\u00a0para\u00a0obras\u00a0p\u00fablicas.\u00a0Para\u00a0ele, o Sicro n\u00e3o \u00e9 adequado\u00a0para\u00a0concess\u00f5es e isso tem causado dificuldades\u00a0para\u00a0atrair mais players.<br><br><strong>Melhores rodovias<\/strong><br>Na apresenta\u00e7\u00e3o dos dados do setor, Barcelos destacou ainda os benef\u00edcios ao longo dos quase 30 anos de concess\u00f5es rodovi\u00e1rias\u00a0no\u00a0pa\u00eds. De acordo com os dados da\u00a0associa\u00e7\u00e3o, s\u00e3o mais de R$ 230 bilh\u00f5es investidos s\u00f3 nos \u00faltimos 25 anos nas rodovias brasileiras, investimentos feitos por concession\u00e1rias.<br><br>Um estudo ainda em fase inicial da FDC (Funda\u00e7\u00e3o Dom Cabral), apresentado\u00a0no\u00a0evento, mostrou que as rodovias concedidas t\u00eam uma melhor qualidade de tr\u00e1fego, com mais extens\u00e3o operando nos melhores n\u00edveis de servi\u00e7o. Barcelos lembrou ainda que, em rela\u00e7\u00e3o \u00e0 qualidade da infraestrutura das vias medida pela Pesquisa CNT de Rodovias, as melhores avalia\u00e7\u00f5es tamb\u00e9m s\u00e3o de vias concedidas.<br><br>Segundo Barcelos, a\u00a0associa\u00e7\u00e3o\u00a0vai lan\u00e7ar um novo \u00edndice a partir deste ano, o ABCR+, que vai contabilizar benef\u00edcios trazidos pelas concess\u00f5es rodovi\u00e1rias e n\u00e3o apenas dados de fluxo de usu\u00e1rios, como vem sendo feito.<\/p>\n","protected":false},"excerpt":{"rendered":"<p>Dimmi Amora, da Ag\u00eancia iNFRA A cadeia de\u00a0fornecimento\u00a0para\u00a0o setor de constru\u00e7\u00e3o\u00a0no\u00a0pa\u00eds\u00a0est\u00e1 enfraquecida, amea\u00e7ando a previs\u00e3o de grande aumento de recursos\u00a0de or\u00e7amento p\u00fablico e de concess\u00f5es\u00a0para\u00a0obras\u00a0a partir deste ano.\u00a0 O\u00a0alerta\u00a0foi dado pelo diretor-presidente da Melhores Rodovias do Brasil &#8211; ABCR (Associa\u00e7\u00e3o\u00a0Brasileira de Concession\u00e1rias de Rodovias), Marco Aur\u00e9lio Barcelos, durante o lan\u00e7amento do relat\u00f3rio anual da\u00a0associa\u00e7\u00e3o\u00a0e o [&hellip;]<\/p>\n","protected":false},"author":1,"featured_media":9785,"comment_status":"closed","ping_status":"closed","sticky":false,"template":"","format":"standard","meta":{"_monsterinsights_skip_tracking":false,"_monsterinsights_sitenote_active":false,"_monsterinsights_sitenote_note":"","_monsterinsights_sitenote_category":0,"footnotes":""},"categories":[1,7],"tags":[613,244,647,665,6720,3836,1986,360,2860,2022],"class_list":["post-12651","post","type-post","status-publish","format-standard","has-post-thumbnail","hentry","category-geral","category-infratransporte","tag-abcr","tag-concessionarias","tag-construcao","tag-fdc","tag-fornecimento","tag-investimentos-publicos","tag-marco-aurelio-barcelos","tag-obras","tag-pesquisa","tag-sicro"],"yoast_head":"<!-- This site is optimized with the Yoast SEO Premium plugin v25.4 (Yoast SEO v26.0) - https:\/\/yoast.com\/wordpress\/plugins\/seo\/ -->\n<title>Associa\u00e7\u00e3o alerta sobre problemas de fornecimento para desenvolvimento de obras no pa\u00eds - Ag\u00eancia iNFRA<\/title>\n<meta name=\"robots\" content=\"index, follow, max-snippet:-1, max-image-preview:large, max-video-preview:-1\" \/>\n<link rel=\"canonical\" href=\"https:\/\/agenciainfra.com\/blog\/associacao-alerta-sobre-problemas-de-fornecimento-para-desenvolvimento-de-obras-no-pais\/\" \/>\n<meta property=\"og:locale\" content=\"pt_BR\" \/>\n<meta property=\"og:type\" content=\"article\" \/>\n<meta property=\"og:title\" content=\"Associa\u00e7\u00e3o alerta sobre problemas de fornecimento para desenvolvimento de obras no pa\u00eds\" \/>\n<meta property=\"og:description\" content=\"Dimmi Amora, da Ag\u00eancia iNFRA A cadeia de\u00a0fornecimento\u00a0para\u00a0o setor de constru\u00e7\u00e3o\u00a0no\u00a0pa\u00eds\u00a0est\u00e1 enfraquecida, amea\u00e7ando a previs\u00e3o de grande aumento de recursos\u00a0de or\u00e7amento p\u00fablico e de concess\u00f5es\u00a0para\u00a0obras\u00a0a partir deste ano.\u00a0 O\u00a0alerta\u00a0foi dado pelo diretor-presidente da Melhores Rodovias do Brasil &#8211; ABCR (Associa\u00e7\u00e3o\u00a0Brasileira de Concession\u00e1rias de Rodovias), Marco Aur\u00e9lio Barcelos, durante o lan\u00e7amento do relat\u00f3rio anual da\u00a0associa\u00e7\u00e3o\u00a0e o [&hellip;]\" \/>\n<meta property=\"og:url\" content=\"https:\/\/agenciainfra.com\/blog\/associacao-alerta-sobre-problemas-de-fornecimento-para-desenvolvimento-de-obras-no-pais\/\" \/>\n<meta property=\"og:site_name\" content=\"Ag\u00eancia iNFRA\" \/>\n<meta property=\"article:publisher\" content=\"https:\/\/www.facebook.com\/ageninfra\" \/>\n<meta property=\"article:published_time\" content=\"2023-05-13T12:00:00+00:00\" \/>\n<meta property=\"og:image\" content=\"https:\/\/agenciainfra.com\/blog\/wp-content\/uploads\/2022\/03\/caminhao-rodovia-foto-abcr-e1709648030637.jpg\" \/>\n\t<meta property=\"og:image:width\" content=\"1202\" \/>\n\t<meta property=\"og:image:height\" content=\"803\" \/>\n\t<meta property=\"og:image:type\" content=\"image\/jpeg\" \/>\n<meta name=\"author\" content=\"Ag\u00eancia iNFRA\" \/>\n<meta name=\"twitter:card\" content=\"summary_large_image\" \/>\n<meta name=\"twitter:creator\" content=\"@agencia_infra\" \/>\n<meta name=\"twitter:site\" content=\"@agencia_infra\" \/>\n<meta name=\"twitter:label1\" content=\"Escrito por\" \/>\n\t<meta name=\"twitter:data1\" content=\"Ag\u00eancia iNFRA\" \/>\n\t<meta name=\"twitter:label2\" content=\"Est. tempo de leitura\" \/>\n\t<meta name=\"twitter:data2\" content=\"4 minutos\" \/>\n<script type=\"application\/ld+json\" class=\"yoast-schema-graph\">{\"@context\":\"https:\/\/schema.org\",\"@graph\":[{\"@type\":\"Article\",\"@id\":\"https:\/\/agenciainfra.com\/blog\/associacao-alerta-sobre-problemas-de-fornecimento-para-desenvolvimento-de-obras-no-pais\/#article\",\"isPartOf\":{\"@id\":\"https:\/\/agenciainfra.com\/blog\/associacao-alerta-sobre-problemas-de-fornecimento-para-desenvolvimento-de-obras-no-pais\/\"},\"author\":{\"name\":\"Ag\u00eancia iNFRA\",\"@id\":\"https:\/\/agenciainfra.com\/blog\/#\/schema\/person\/34af08dff6adea4cb22b06612ba7acfa\"},\"headline\":\"Associa\u00e7\u00e3o alerta sobre problemas de fornecimento para desenvolvimento de obras no pa\u00eds\",\"datePublished\":\"2023-05-13T12:00:00+00:00\",\"mainEntityOfPage\":{\"@id\":\"https:\/\/agenciainfra.com\/blog\/associacao-alerta-sobre-problemas-de-fornecimento-para-desenvolvimento-de-obras-no-pais\/\"},\"wordCount\":901,\"publisher\":{\"@id\":\"https:\/\/agenciainfra.com\/blog\/#organization\"},\"image\":{\"@id\":\"https:\/\/agenciainfra.com\/blog\/associacao-alerta-sobre-problemas-de-fornecimento-para-desenvolvimento-de-obras-no-pais\/#primaryimage\"},\"thumbnailUrl\":\"https:\/\/agenciainfra.com\/blog\/wp-content\/uploads\/2022\/03\/caminhao-rodovia-foto-abcr-e1709648030637.jpg\",\"keywords\":[\"abcr\",\"concession\u00e1rias\",\"constru\u00e7\u00e3o\",\"FDC\",\"fornecimento\",\"investimentos p\u00fablicos\",\"Marco Aur\u00e9lio Barcelos\",\"obras\",\"pesquisa\",\"Sicro\"],\"articleSection\":[\"Geral\",\"iNFRATransporte\"],\"inLanguage\":\"pt-BR\",\"copyrightYear\":\"2023\",\"copyrightHolder\":{\"@id\":\"https:\/\/agenciainfra.com\/blog\/#organization\"}},{\"@type\":\"WebPage\",\"@id\":\"https:\/\/agenciainfra.com\/blog\/associacao-alerta-sobre-problemas-de-fornecimento-para-desenvolvimento-de-obras-no-pais\/\",\"url\":\"https:\/\/agenciainfra.com\/blog\/associacao-alerta-sobre-problemas-de-fornecimento-para-desenvolvimento-de-obras-no-pais\/\",\"name\":\"Associa\u00e7\u00e3o alerta sobre problemas de fornecimento para desenvolvimento de obras no pa\u00eds - Ag\u00eancia iNFRA\",\"isPartOf\":{\"@id\":\"https:\/\/agenciainfra.com\/blog\/#website\"},\"primaryImageOfPage\":{\"@id\":\"https:\/\/agenciainfra.com\/blog\/associacao-alerta-sobre-problemas-de-fornecimento-para-desenvolvimento-de-obras-no-pais\/#primaryimage\"},\"image\":{\"@id\":\"https:\/\/agenciainfra.com\/blog\/associacao-alerta-sobre-problemas-de-fornecimento-para-desenvolvimento-de-obras-no-pais\/#primaryimage\"},\"thumbnailUrl\":\"https:\/\/agenciainfra.com\/blog\/wp-content\/uploads\/2022\/03\/caminhao-rodovia-foto-abcr-e1709648030637.jpg\",\"datePublished\":\"2023-05-13T12:00:00+00:00\",\"breadcrumb\":{\"@id\":\"https:\/\/agenciainfra.com\/blog\/associacao-alerta-sobre-problemas-de-fornecimento-para-desenvolvimento-de-obras-no-pais\/#breadcrumb\"},\"inLanguage\":\"pt-BR\",\"potentialAction\":[{\"@type\":\"ReadAction\",\"target\":[\"https:\/\/agenciainfra.com\/blog\/associacao-alerta-sobre-problemas-de-fornecimento-para-desenvolvimento-de-obras-no-pais\/\"]}]},{\"@type\":\"ImageObject\",\"inLanguage\":\"pt-BR\",\"@id\":\"https:\/\/agenciainfra.com\/blog\/associacao-alerta-sobre-problemas-de-fornecimento-para-desenvolvimento-de-obras-no-pais\/#primaryimage\",\"url\":\"https:\/\/agenciainfra.com\/blog\/wp-content\/uploads\/2022\/03\/caminhao-rodovia-foto-abcr-e1709648030637.jpg\",\"contentUrl\":\"https:\/\/agenciainfra.com\/blog\/wp-content\/uploads\/2022\/03\/caminhao-rodovia-foto-abcr-e1709648030637.jpg\",\"width\":1202,\"height\":803},{\"@type\":\"BreadcrumbList\",\"@id\":\"https:\/\/agenciainfra.com\/blog\/associacao-alerta-sobre-problemas-de-fornecimento-para-desenvolvimento-de-obras-no-pais\/#breadcrumb\",\"itemListElement\":[{\"@type\":\"ListItem\",\"position\":1,\"name\":\"In\u00edcio\",\"item\":\"https:\/\/agenciainfra.com\/blog\/\"},{\"@type\":\"ListItem\",\"position\":2,\"name\":\"Associa\u00e7\u00e3o alerta sobre problemas de fornecimento para desenvolvimento de obras no pa\u00eds\"}]},{\"@type\":\"WebSite\",\"@id\":\"https:\/\/agenciainfra.com\/blog\/#website\",\"url\":\"https:\/\/agenciainfra.com\/blog\/\",\"name\":\"Ag\u00eancia iNFRA\",\"description\":\"Multiplataforma de informa\u00e7\u00e3o jornal\u00edstica refer\u00eancia na \u00e1rea de infraestrutura no Brasil!\",\"publisher\":{\"@id\":\"https:\/\/agenciainfra.com\/blog\/#organization\"},\"potentialAction\":[{\"@type\":\"SearchAction\",\"target\":{\"@type\":\"EntryPoint\",\"urlTemplate\":\"https:\/\/agenciainfra.com\/blog\/?s={search_term_string}\"},\"query-input\":{\"@type\":\"PropertyValueSpecification\",\"valueRequired\":true,\"valueName\":\"search_term_string\"}}],\"inLanguage\":\"pt-BR\"},{\"@type\":\"Organization\",\"@id\":\"https:\/\/agenciainfra.com\/blog\/#organization\",\"name\":\"Ag\u00eancia iNFRA\",\"url\":\"https:\/\/agenciainfra.com\/blog\/\",\"logo\":{\"@type\":\"ImageObject\",\"inLanguage\":\"pt-BR\",\"@id\":\"https:\/\/agenciainfra.com\/blog\/#\/schema\/logo\/image\/\",\"url\":\"https:\/\/agenciainfra.com\/blog\/wp-content\/uploads\/2023\/09\/iNFRA_5-e1761735885940.png\",\"contentUrl\":\"https:\/\/agenciainfra.com\/blog\/wp-content\/uploads\/2023\/09\/iNFRA_5-e1761735885940.png\",\"width\":1672,\"height\":454,\"caption\":\"Ag\u00eancia iNFRA\"},\"image\":{\"@id\":\"https:\/\/agenciainfra.com\/blog\/#\/schema\/logo\/image\/\"},\"sameAs\":[\"https:\/\/www.facebook.com\/ageninfra\",\"https:\/\/x.com\/agencia_infra\",\"https:\/\/www.linkedin.com\/company\/ag\u00eanciainfra\/\",\"https:\/\/www.instagram.com\/agenciainfra\/\"]},{\"@type\":\"Person\",\"@id\":\"https:\/\/agenciainfra.com\/blog\/#\/schema\/person\/34af08dff6adea4cb22b06612ba7acfa\",\"name\":\"Ag\u00eancia iNFRA\",\"image\":{\"@type\":\"ImageObject\",\"inLanguage\":\"pt-BR\",\"@id\":\"https:\/\/agenciainfra.com\/blog\/#\/schema\/person\/image\/\",\"url\":\"https:\/\/secure.gravatar.com\/avatar\/d189e01678f06d8eb84d4e01f08eb848b3fffe3f8443818d3c356c66892f5be8?s=96&d=mm&r=g\",\"contentUrl\":\"https:\/\/secure.gravatar.com\/avatar\/d189e01678f06d8eb84d4e01f08eb848b3fffe3f8443818d3c356c66892f5be8?s=96&d=mm&r=g\",\"caption\":\"Ag\u00eancia iNFRA\"},\"url\":\"https:\/\/agenciainfra.com\/blog\/author\/admin\/\"}]}<\/script>\n<!-- \/ Yoast SEO Premium plugin. -->","yoast_head_json":{"title":"Associa\u00e7\u00e3o alerta sobre problemas de fornecimento para desenvolvimento de obras no pa\u00eds - Ag\u00eancia iNFRA","robots":{"index":"index","follow":"follow","max-snippet":"max-snippet:-1","max-image-preview":"max-image-preview:large","max-video-preview":"max-video-preview:-1"},"canonical":"https:\/\/agenciainfra.com\/blog\/associacao-alerta-sobre-problemas-de-fornecimento-para-desenvolvimento-de-obras-no-pais\/","og_locale":"pt_BR","og_type":"article","og_title":"Associa\u00e7\u00e3o alerta sobre problemas de fornecimento para desenvolvimento de obras no pa\u00eds","og_description":"Dimmi Amora, da Ag\u00eancia iNFRA A cadeia de\u00a0fornecimento\u00a0para\u00a0o setor de constru\u00e7\u00e3o\u00a0no\u00a0pa\u00eds\u00a0est\u00e1 enfraquecida, amea\u00e7ando a previs\u00e3o de grande aumento de recursos\u00a0de or\u00e7amento p\u00fablico e de concess\u00f5es\u00a0para\u00a0obras\u00a0a partir deste ano.\u00a0 O\u00a0alerta\u00a0foi dado pelo diretor-presidente da Melhores Rodovias do Brasil &#8211; ABCR (Associa\u00e7\u00e3o\u00a0Brasileira de Concession\u00e1rias de Rodovias), Marco Aur\u00e9lio Barcelos, durante o lan\u00e7amento do relat\u00f3rio anual da\u00a0associa\u00e7\u00e3o\u00a0e o [&hellip;]","og_url":"https:\/\/agenciainfra.com\/blog\/associacao-alerta-sobre-problemas-de-fornecimento-para-desenvolvimento-de-obras-no-pais\/","og_site_name":"Ag\u00eancia iNFRA","article_publisher":"https:\/\/www.facebook.com\/ageninfra","article_published_time":"2023-05-13T12:00:00+00:00","og_image":[{"width":1202,"height":803,"url":"https:\/\/agenciainfra.com\/blog\/wp-content\/uploads\/2022\/03\/caminhao-rodovia-foto-abcr-e1709648030637.jpg","type":"image\/jpeg"}],"author":"Ag\u00eancia iNFRA","twitter_card":"summary_large_image","twitter_creator":"@agencia_infra","twitter_site":"@agencia_infra","twitter_misc":{"Escrito por":"Ag\u00eancia iNFRA","Est. tempo de leitura":"4 minutos"},"schema":{"@context":"https:\/\/schema.org","@graph":[{"@type":"Article","@id":"https:\/\/agenciainfra.com\/blog\/associacao-alerta-sobre-problemas-de-fornecimento-para-desenvolvimento-de-obras-no-pais\/#article","isPartOf":{"@id":"https:\/\/agenciainfra.com\/blog\/associacao-alerta-sobre-problemas-de-fornecimento-para-desenvolvimento-de-obras-no-pais\/"},"author":{"name":"Ag\u00eancia iNFRA","@id":"https:\/\/agenciainfra.com\/blog\/#\/schema\/person\/34af08dff6adea4cb22b06612ba7acfa"},"headline":"Associa\u00e7\u00e3o alerta sobre problemas de fornecimento para desenvolvimento de obras no pa\u00eds","datePublished":"2023-05-13T12:00:00+00:00","mainEntityOfPage":{"@id":"https:\/\/agenciainfra.com\/blog\/associacao-alerta-sobre-problemas-de-fornecimento-para-desenvolvimento-de-obras-no-pais\/"},"wordCount":901,"publisher":{"@id":"https:\/\/agenciainfra.com\/blog\/#organization"},"image":{"@id":"https:\/\/agenciainfra.com\/blog\/associacao-alerta-sobre-problemas-de-fornecimento-para-desenvolvimento-de-obras-no-pais\/#primaryimage"},"thumbnailUrl":"https:\/\/agenciainfra.com\/blog\/wp-content\/uploads\/2022\/03\/caminhao-rodovia-foto-abcr-e1709648030637.jpg","keywords":["abcr","concession\u00e1rias","constru\u00e7\u00e3o","FDC","fornecimento","investimentos p\u00fablicos","Marco Aur\u00e9lio Barcelos","obras","pesquisa","Sicro"],"articleSection":["Geral","iNFRATransporte"],"inLanguage":"pt-BR","copyrightYear":"2023","copyrightHolder":{"@id":"https:\/\/agenciainfra.com\/blog\/#organization"}},{"@type":"WebPage","@id":"https:\/\/agenciainfra.com\/blog\/associacao-alerta-sobre-problemas-de-fornecimento-para-desenvolvimento-de-obras-no-pais\/","url":"https:\/\/agenciainfra.com\/blog\/associacao-alerta-sobre-problemas-de-fornecimento-para-desenvolvimento-de-obras-no-pais\/","name":"Associa\u00e7\u00e3o alerta sobre problemas de fornecimento para desenvolvimento de obras no pa\u00eds - Ag\u00eancia iNFRA","isPartOf":{"@id":"https:\/\/agenciainfra.com\/blog\/#website"},"primaryImageOfPage":{"@id":"https:\/\/agenciainfra.com\/blog\/associacao-alerta-sobre-problemas-de-fornecimento-para-desenvolvimento-de-obras-no-pais\/#primaryimage"},"image":{"@id":"https:\/\/agenciainfra.com\/blog\/associacao-alerta-sobre-problemas-de-fornecimento-para-desenvolvimento-de-obras-no-pais\/#primaryimage"},"thumbnailUrl":"https:\/\/agenciainfra.com\/blog\/wp-content\/uploads\/2022\/03\/caminhao-rodovia-foto-abcr-e1709648030637.jpg","datePublished":"2023-05-13T12:00:00+00:00","breadcrumb":{"@id":"https:\/\/agenciainfra.com\/blog\/associacao-alerta-sobre-problemas-de-fornecimento-para-desenvolvimento-de-obras-no-pais\/#breadcrumb"},"inLanguage":"pt-BR","potentialAction":[{"@type":"ReadAction","target":["https:\/\/agenciainfra.com\/blog\/associacao-alerta-sobre-problemas-de-fornecimento-para-desenvolvimento-de-obras-no-pais\/"]}]},{"@type":"ImageObject","inLanguage":"pt-BR","@id":"https:\/\/agenciainfra.com\/blog\/associacao-alerta-sobre-problemas-de-fornecimento-para-desenvolvimento-de-obras-no-pais\/#primaryimage","url":"https:\/\/agenciainfra.com\/blog\/wp-content\/uploads\/2022\/03\/caminhao-rodovia-foto-abcr-e1709648030637.jpg","contentUrl":"https:\/\/agenciainfra.com\/blog\/wp-content\/uploads\/2022\/03\/caminhao-rodovia-foto-abcr-e1709648030637.jpg","width":1202,"height":803},{"@type":"BreadcrumbList","@id":"https:\/\/agenciainfra.com\/blog\/associacao-alerta-sobre-problemas-de-fornecimento-para-desenvolvimento-de-obras-no-pais\/#breadcrumb","itemListElement":[{"@type":"ListItem","position":1,"name":"In\u00edcio","item":"https:\/\/agenciainfra.com\/blog\/"},{"@type":"ListItem","position":2,"name":"Associa\u00e7\u00e3o alerta sobre problemas de fornecimento para desenvolvimento de obras no pa\u00eds"}]},{"@type":"WebSite","@id":"https:\/\/agenciainfra.com\/blog\/#website","url":"https:\/\/agenciainfra.com\/blog\/","name":"Ag\u00eancia iNFRA","description":"Multiplataforma de informa\u00e7\u00e3o jornal\u00edstica refer\u00eancia na \u00e1rea de infraestrutura no Brasil!","publisher":{"@id":"https:\/\/agenciainfra.com\/blog\/#organization"},"potentialAction":[{"@type":"SearchAction","target":{"@type":"EntryPoint","urlTemplate":"https:\/\/agenciainfra.com\/blog\/?s={search_term_string}"},"query-input":{"@type":"PropertyValueSpecification","valueRequired":true,"valueName":"search_term_string"}}],"inLanguage":"pt-BR"},{"@type":"Organization","@id":"https:\/\/agenciainfra.com\/blog\/#organization","name":"Ag\u00eancia iNFRA","url":"https:\/\/agenciainfra.com\/blog\/","logo":{"@type":"ImageObject","inLanguage":"pt-BR","@id":"https:\/\/agenciainfra.com\/blog\/#\/schema\/logo\/image\/","url":"https:\/\/agenciainfra.com\/blog\/wp-content\/uploads\/2023\/09\/iNFRA_5-e1761735885940.png","contentUrl":"https:\/\/agenciainfra.com\/blog\/wp-content\/uploads\/2023\/09\/iNFRA_5-e1761735885940.png","width":1672,"height":454,"caption":"Ag\u00eancia iNFRA"},"image":{"@id":"https:\/\/agenciainfra.com\/blog\/#\/schema\/logo\/image\/"},"sameAs":["https:\/\/www.facebook.com\/ageninfra","https:\/\/x.com\/agencia_infra","https:\/\/www.linkedin.com\/company\/ag\u00eanciainfra\/","https:\/\/www.instagram.com\/agenciainfra\/"]},{"@type":"Person","@id":"https:\/\/agenciainfra.com\/blog\/#\/schema\/person\/34af08dff6adea4cb22b06612ba7acfa","name":"Ag\u00eancia iNFRA","image":{"@type":"ImageObject","inLanguage":"pt-BR","@id":"https:\/\/agenciainfra.com\/blog\/#\/schema\/person\/image\/","url":"https:\/\/secure.gravatar.com\/avatar\/d189e01678f06d8eb84d4e01f08eb848b3fffe3f8443818d3c356c66892f5be8?s=96&d=mm&r=g","contentUrl":"https:\/\/secure.gravatar.com\/avatar\/d189e01678f06d8eb84d4e01f08eb848b3fffe3f8443818d3c356c66892f5be8?s=96&d=mm&r=g","caption":"Ag\u00eancia iNFRA"},"url":"https:\/\/agenciainfra.com\/blog\/author\/admin\/"}]}},"_links":{"self":[{"href":"https:\/\/agenciainfra.com\/blog\/wp-json\/wp\/v2\/posts\/12651","targetHints":{"allow":["GET"]}}],"collection":[{"href":"https:\/\/agenciainfra.com\/blog\/wp-json\/wp\/v2\/posts"}],"about":[{"href":"https:\/\/agenciainfra.com\/blog\/wp-json\/wp\/v2\/types\/post"}],"author":[{"embeddable":true,"href":"https:\/\/agenciainfra.com\/blog\/wp-json\/wp\/v2\/users\/1"}],"replies":[{"embeddable":true,"href":"https:\/\/agenciainfra.com\/blog\/wp-json\/wp\/v2\/comments?post=12651"}],"version-history":[{"count":0,"href":"https:\/\/agenciainfra.com\/blog\/wp-json\/wp\/v2\/posts\/12651\/revisions"}],"wp:featuredmedia":[{"embeddable":true,"href":"https:\/\/agenciainfra.com\/blog\/wp-json\/wp\/v2\/media\/9785"}],"wp:attachment":[{"href":"https:\/\/agenciainfra.com\/blog\/wp-json\/wp\/v2\/media?parent=12651"}],"wp:term":[{"taxonomy":"category","embeddable":true,"href":"https:\/\/agenciainfra.com\/blog\/wp-json\/wp\/v2\/categories?post=12651"},{"taxonomy":"post_tag","embeddable":true,"href":"https:\/\/agenciainfra.com\/blog\/wp-json\/wp\/v2\/tags?post=12651"}],"curies":[{"name":"wp","href":"https:\/\/api.w.org\/{rel}","templated":true}]}}