{"id":12663,"date":"2023-05-16T09:00:00","date_gmt":"2023-05-16T12:00:00","guid":{"rendered":"https:\/\/www.agenciainfra.com\/blog\/?p=12663"},"modified":"2023-05-15T10:47:23","modified_gmt":"2023-05-15T13:47:23","slug":"antt-muda-regimento-para-superintendencia-de-concessoes-poder-estruturar-reforma-de-concessionarias-em-operacao","status":"publish","type":"post","link":"https:\/\/agenciainfra.com\/blog\/antt-muda-regimento-para-superintendencia-de-concessoes-poder-estruturar-reforma-de-concessionarias-em-operacao\/","title":{"rendered":"ANTT muda regimento para superintend\u00eancia de concess\u00f5es poder estruturar reforma de concession\u00e1rias em opera\u00e7\u00e3o"},"content":{"rendered":"\n<p class=\"has-text-align-right\"><strong>Dimmi Amora, da Ag\u00eancia iNFRA<\/strong><\/p>\n\n\n\n<p>A\u00a0ANTT\u00a0(Ag\u00eancia Nacional de Transportes Terrestres) aprovou mudan\u00e7a no\u00a0regimento\u00a0interno da autarquia\u00a0para\u00a0permitir que a Sucon (Superintend\u00eancia\u00a0de\u00a0Concess\u00f5es) atue na reestrutura\u00e7\u00e3o de contratos inadimplentes (ou\u00a0em\u00a0risco de) das\u00a0concession\u00e1rias\u00a0em\u00a0opera\u00e7\u00e3o.<br><br>Essa\u00a0superintend\u00eancia\u00a0foi criada\u00a0em\u00a02019\u00a0para\u00a0estruturar\u00a0novos projetos ou renova\u00e7\u00f5es de concess\u00e3o de rodovias e ferrovias, n\u00e3o atuando sobre as\u00a0concess\u00f5es\u00a0que j\u00e1 estavam operando, que ficavam sob responsabilidade das superintend\u00eancias de Rodovias e de Ferrovias.<br><br>A decis\u00e3o foi tomada pela diretoria na\u00a0<a rel=\"noreferrer noopener\" href=\"https:\/\/agenciainfra.us14.list-manage.com\/track\/click?u=d460dd1bcf9ba0ae040e1fc0f&amp;id=1925e7ec6f&amp;e=f0fa444791\" target=\"_blank\">reuni\u00e3o da \u00faltima quinta-feira<\/a>\u00a0(11). Como \u00e9 uma mudan\u00e7a de\u00a0regimento, ter\u00e1 que ser ratificada numa segunda vota\u00e7\u00e3o, prevista\u00a0para\u00a0a pr\u00f3xima reuni\u00e3o.<br><br>O relator do processo, diretor-geral Rafael Vitale, informou\u00a0em\u00a0seu voto que h\u00e1 outras mudan\u00e7as no\u00a0regimento, que s\u00e3o adapta\u00e7\u00f5es ap\u00f3s o primeiro ano de vig\u00eancia de uma grande reestrutura\u00e7\u00e3o no\u00a0regimento, feita na atual gest\u00e3o. A maioria s\u00e3o sugest\u00f5es das pr\u00f3prias unidades, aceitas pela diretoria,\u00a0para\u00a0melhor disciplinar o funcionamento de cada \u00e1rea, informou Vitale.<br><br>Ele destacou durante seu voto a mudan\u00e7a na Sucon, indicando que essa altera\u00e7\u00e3o ser\u00e1 necess\u00e1ria\u00a0para\u00a0trabalhar no processo de reestrutura\u00e7\u00e3o dos chamados &#8220;ativos estressados&#8221;, que s\u00e3o os que est\u00e3o com inadimpl\u00eancias ou pr\u00f3ximos de chegarem a esse n\u00edvel.\u00a0<br><br>O diretor-geral j\u00e1 informou que 12\u00a0concess\u00f5es\u00a0reguladas pela ag\u00eancia encontram-se nessa situa\u00e7\u00e3o. Quatro delas, as consideradas mais graves e que t\u00eam pedido de devolu\u00e7\u00e3o, passaram a ser tratadas num GT (Grupo de Trabalho) com o Minist\u00e9rio dos Transportes\u00a0para\u00a0que tenham uma tentativa de solu\u00e7\u00e3o consensual.<br><br><strong>&#8220;Olhar perspectivo&#8221;<\/strong><br>O superintendente da Sucon,\u00a0Marcelo Fonseca, explicou \u00e0\u00a0<strong>Ag\u00eancia iNFRA<\/strong>\u00a0que a l\u00f3gica da mudan\u00e7a se deve \u00e0 experi\u00eancia que foi adquirida pela\u00a0superintend\u00eancia\u00a0na formula\u00e7\u00e3o das novas\u00a0concess\u00f5es\u00a0e que vai trazer um &#8220;olhar perspectivo&#8221;\u00a0para\u00a0as\u00a0concess\u00f5es\u00a0vigentes.<br><br>Fonseca, que atuou na\u00a0superintend\u00eancia\u00a0de Rodovias, disse que o olhar dela fica centrado na gest\u00e3o contratual, o que dificultaria uma avalia\u00e7\u00e3o do processo como um todo\u00a0para\u00a0se chegar a uma solu\u00e7\u00e3o de consenso, o que inclui fazer altera\u00e7\u00f5es que j\u00e1 est\u00e3o\u00a0em\u00a0andamento\u00a0em\u00a0concess\u00f5es\u00a0novas, por exemplo.<br><br>Nessas avalia\u00e7\u00f5es\u00a0para\u00a0tentar evitar que os processos cheguem \u00e0 etapa de relicita\u00e7\u00e3o,\u00a0Fonseca explicou que a ag\u00eancia est\u00e1 trabalhando\u00a0em\u00a0um card\u00e1pio de op\u00e7\u00f5es,\u00a0em\u00a0a\u00e7\u00e3o com o Minist\u00e9rio da Infraestrutura no que trata de formula\u00e7\u00e3o de pol\u00edticas p\u00fablicas.<br><br><strong>Diretriz<\/strong><br>A diretriz principal que est\u00e1 sendo trabalhada \u00e9\u00a0para\u00a0que seja poss\u00edvel fazer uma reestrutura\u00e7\u00e3o completa dos contratos estressados\u00a0para\u00a0que eles possam se tornar vi\u00e1veis econ\u00f4mica e financeiramente, sem necessariamente haver reajustes expressivos das tarifas ou redu\u00e7\u00e3o brusca de obras.<br><br>Mas,\u00a0para\u00a0evitar o chamado &#8220;risco moral&#8221; de os ganhos do processo\u00a0serem capturados pelas\u00a0concession\u00e1rias\u00a0que descumpriram os contratos originais, a ideia \u00e9 criar um processo competitivo\u00a0para\u00a0que esses ganhos possam ser repassados aos usu\u00e1rios da rodovia, seja\u00a0em\u00a0tarifas ou\u00a0em\u00a0amplia\u00e7\u00e3o de melhorias. Mesmo os processos de relicita\u00e7\u00e3o, segundo Fonseca, n\u00e3o v\u00e3o ser descartados, mas a ideia \u00e9 torn\u00e1-los mais simples e r\u00e1pidos.\u00a0<br><br>Fonseca tamb\u00e9m explicou que o funcionamento do processo ser\u00e1\u00a0em\u00a0conjunto com as atuais superintend\u00eancias final\u00edsticas, podendo receber delas dados e avalia\u00e7\u00f5es\u00a0em\u00a0rela\u00e7\u00e3o \u00e0s sugest\u00f5es\u00a0para\u00a0a requalifica\u00e7\u00e3o da concess\u00e3o. Ele tamb\u00e9m explicou que processos atuais de reequil\u00edbrios, puni\u00e7\u00f5es, arbitragem ou revis\u00f5es quinquenais ser\u00e3o mantidos com a\u00a0superintend\u00eancia\u00a0de Rodovias.<br><br><strong>Acordos<\/strong><br>Segundo Fonseca, ao longo do processo de requalifica\u00e7\u00e3o, pode haver acordos nos quais esses processos ser\u00e3o suspensos ou encerrados por qualquer das partes. Mas, se isso n\u00e3o ocorrer, os processos vigentes seguir\u00e3o normalmente.<br><br>Os pr\u00f3ximos passos dessa reestrutura\u00e7\u00e3o, segundo Fonseca, ser\u00e3o montar uma nova estrutura na Sucon\u00a0para\u00a0poder\u00a0trabalhar com o tema. A ag\u00eancia tamb\u00e9m decidir\u00e1 a forma como ser\u00e1 aberto o processo formal\u00a0para\u00a0a atua\u00e7\u00e3o da\u00a0superintend\u00eancia\u00a0nesses casos, avaliando se as\u00a0concession\u00e1rias\u00a0v\u00e3o\u00a0poder\u00a0fazer algum tipo de solicita\u00e7\u00e3o nesse sentido.<\/p>\n","protected":false},"excerpt":{"rendered":"<p>Dimmi Amora, da Ag\u00eancia iNFRA A\u00a0ANTT\u00a0(Ag\u00eancia Nacional de Transportes Terrestres) aprovou mudan\u00e7a no\u00a0regimento\u00a0interno da autarquia\u00a0para\u00a0permitir que a Sucon (Superintend\u00eancia\u00a0de\u00a0Concess\u00f5es) atue na reestrutura\u00e7\u00e3o de contratos inadimplentes (ou\u00a0em\u00a0risco de) das\u00a0concession\u00e1rias\u00a0em\u00a0opera\u00e7\u00e3o. Essa\u00a0superintend\u00eancia\u00a0foi criada\u00a0em\u00a02019\u00a0para\u00a0estruturar\u00a0novos projetos ou renova\u00e7\u00f5es de concess\u00e3o de rodovias e ferrovias, n\u00e3o atuando sobre as\u00a0concess\u00f5es\u00a0que j\u00e1 estavam operando, que ficavam sob responsabilidade das superintend\u00eancias de Rodovias e [&hellip;]<\/p>\n","protected":false},"author":1,"featured_media":12665,"comment_status":"closed","ping_status":"closed","sticky":false,"template":"","format":"standard","meta":{"_monsterinsights_skip_tracking":false,"_monsterinsights_sitenote_active":false,"_monsterinsights_sitenote_note":"","_monsterinsights_sitenote_category":0,"footnotes":""},"categories":[1,7],"tags":[19,78,6726,4610,120,1233,4611,2634,126,2009,2010],"class_list":["post-12663","post","type-post","status-publish","format-standard","has-post-thumbnail","hentry","category-geral","category-infratransporte","tag-antt","tag-concessoes","tag-contratos-inadimplentes","tag-diretoria","tag-ferrovias","tag-marcelo-fonseca","tag-rafael-vitale","tag-regimento-interno","tag-rodovias","tag-sucon","tag-superintendencia-de-concessoes"],"yoast_head":"<!-- This site is optimized with the Yoast SEO Premium plugin v25.4 (Yoast SEO v26.0) - https:\/\/yoast.com\/wordpress\/plugins\/seo\/ -->\n<title>ANTT muda regimento para superintend\u00eancia de concess\u00f5es poder estruturar reforma de concession\u00e1rias em opera\u00e7\u00e3o - Ag\u00eancia iNFRA<\/title>\n<meta name=\"robots\" content=\"index, follow, max-snippet:-1, max-image-preview:large, max-video-preview:-1\" \/>\n<link rel=\"canonical\" href=\"https:\/\/agenciainfra.com\/blog\/antt-muda-regimento-para-superintendencia-de-concessoes-poder-estruturar-reforma-de-concessionarias-em-operacao\/\" \/>\n<meta property=\"og:locale\" content=\"pt_BR\" \/>\n<meta property=\"og:type\" content=\"article\" \/>\n<meta property=\"og:title\" content=\"ANTT muda regimento para superintend\u00eancia de concess\u00f5es poder estruturar reforma de concession\u00e1rias em opera\u00e7\u00e3o\" \/>\n<meta property=\"og:description\" content=\"Dimmi Amora, da Ag\u00eancia iNFRA A\u00a0ANTT\u00a0(Ag\u00eancia Nacional de Transportes Terrestres) aprovou mudan\u00e7a no\u00a0regimento\u00a0interno da autarquia\u00a0para\u00a0permitir que a Sucon (Superintend\u00eancia\u00a0de\u00a0Concess\u00f5es) atue na reestrutura\u00e7\u00e3o de contratos inadimplentes (ou\u00a0em\u00a0risco de) das\u00a0concession\u00e1rias\u00a0em\u00a0opera\u00e7\u00e3o. Essa\u00a0superintend\u00eancia\u00a0foi criada\u00a0em\u00a02019\u00a0para\u00a0estruturar\u00a0novos projetos ou renova\u00e7\u00f5es de concess\u00e3o de rodovias e ferrovias, n\u00e3o atuando sobre as\u00a0concess\u00f5es\u00a0que j\u00e1 estavam operando, que ficavam sob responsabilidade das superintend\u00eancias de Rodovias e [&hellip;]\" \/>\n<meta property=\"og:url\" content=\"https:\/\/agenciainfra.com\/blog\/antt-muda-regimento-para-superintendencia-de-concessoes-poder-estruturar-reforma-de-concessionarias-em-operacao\/\" \/>\n<meta property=\"og:site_name\" content=\"Ag\u00eancia iNFRA\" \/>\n<meta property=\"article:publisher\" content=\"https:\/\/www.facebook.com\/ageninfra\" \/>\n<meta property=\"article:published_time\" content=\"2023-05-16T12:00:00+00:00\" \/>\n<meta property=\"og:image\" content=\"https:\/\/agenciainfra.com\/blog\/wp-content\/uploads\/2023\/05\/sede-antt-foto-governo-federal.jpg\" \/>\n\t<meta property=\"og:image:width\" content=\"1202\" \/>\n\t<meta property=\"og:image:height\" content=\"799\" \/>\n\t<meta property=\"og:image:type\" content=\"image\/jpeg\" \/>\n<meta name=\"author\" content=\"Ag\u00eancia iNFRA\" \/>\n<meta name=\"twitter:card\" content=\"summary_large_image\" \/>\n<meta name=\"twitter:creator\" content=\"@agencia_infra\" \/>\n<meta name=\"twitter:site\" content=\"@agencia_infra\" \/>\n<meta name=\"twitter:label1\" content=\"Escrito por\" \/>\n\t<meta name=\"twitter:data1\" content=\"Ag\u00eancia iNFRA\" \/>\n\t<meta name=\"twitter:label2\" content=\"Est. tempo de leitura\" \/>\n\t<meta name=\"twitter:data2\" content=\"4 minutos\" \/>\n<script type=\"application\/ld+json\" class=\"yoast-schema-graph\">{\"@context\":\"https:\/\/schema.org\",\"@graph\":[{\"@type\":\"Article\",\"@id\":\"https:\/\/agenciainfra.com\/blog\/antt-muda-regimento-para-superintendencia-de-concessoes-poder-estruturar-reforma-de-concessionarias-em-operacao\/#article\",\"isPartOf\":{\"@id\":\"https:\/\/agenciainfra.com\/blog\/antt-muda-regimento-para-superintendencia-de-concessoes-poder-estruturar-reforma-de-concessionarias-em-operacao\/\"},\"author\":{\"name\":\"Ag\u00eancia iNFRA\",\"@id\":\"https:\/\/agenciainfra.com\/blog\/#\/schema\/person\/34af08dff6adea4cb22b06612ba7acfa\"},\"headline\":\"ANTT muda regimento para superintend\u00eancia de concess\u00f5es poder estruturar reforma de concession\u00e1rias em opera\u00e7\u00e3o\",\"datePublished\":\"2023-05-16T12:00:00+00:00\",\"mainEntityOfPage\":{\"@id\":\"https:\/\/agenciainfra.com\/blog\/antt-muda-regimento-para-superintendencia-de-concessoes-poder-estruturar-reforma-de-concessionarias-em-operacao\/\"},\"wordCount\":749,\"publisher\":{\"@id\":\"https:\/\/agenciainfra.com\/blog\/#organization\"},\"image\":{\"@id\":\"https:\/\/agenciainfra.com\/blog\/antt-muda-regimento-para-superintendencia-de-concessoes-poder-estruturar-reforma-de-concessionarias-em-operacao\/#primaryimage\"},\"thumbnailUrl\":\"https:\/\/agenciainfra.com\/blog\/wp-content\/uploads\/2023\/05\/sede-antt-foto-governo-federal.jpg\",\"keywords\":[\"ANTT\",\"concess\u00f5es\",\"contratos inadimplentes\",\"diretoria\",\"Ferrovias\",\"Marcelo Fonseca\",\"Rafael Vitale\",\"regimento interno\",\"rodovias\",\"Sucon\",\"Superintend\u00eancia de Concess\u00f5es\"],\"articleSection\":[\"Geral\",\"iNFRATransporte\"],\"inLanguage\":\"pt-BR\",\"copyrightYear\":\"2023\",\"copyrightHolder\":{\"@id\":\"https:\/\/agenciainfra.com\/blog\/#organization\"}},{\"@type\":\"WebPage\",\"@id\":\"https:\/\/agenciainfra.com\/blog\/antt-muda-regimento-para-superintendencia-de-concessoes-poder-estruturar-reforma-de-concessionarias-em-operacao\/\",\"url\":\"https:\/\/agenciainfra.com\/blog\/antt-muda-regimento-para-superintendencia-de-concessoes-poder-estruturar-reforma-de-concessionarias-em-operacao\/\",\"name\":\"ANTT muda regimento para superintend\u00eancia de concess\u00f5es poder estruturar reforma de concession\u00e1rias em opera\u00e7\u00e3o - Ag\u00eancia iNFRA\",\"isPartOf\":{\"@id\":\"https:\/\/agenciainfra.com\/blog\/#website\"},\"primaryImageOfPage\":{\"@id\":\"https:\/\/agenciainfra.com\/blog\/antt-muda-regimento-para-superintendencia-de-concessoes-poder-estruturar-reforma-de-concessionarias-em-operacao\/#primaryimage\"},\"image\":{\"@id\":\"https:\/\/agenciainfra.com\/blog\/antt-muda-regimento-para-superintendencia-de-concessoes-poder-estruturar-reforma-de-concessionarias-em-operacao\/#primaryimage\"},\"thumbnailUrl\":\"https:\/\/agenciainfra.com\/blog\/wp-content\/uploads\/2023\/05\/sede-antt-foto-governo-federal.jpg\",\"datePublished\":\"2023-05-16T12:00:00+00:00\",\"breadcrumb\":{\"@id\":\"https:\/\/agenciainfra.com\/blog\/antt-muda-regimento-para-superintendencia-de-concessoes-poder-estruturar-reforma-de-concessionarias-em-operacao\/#breadcrumb\"},\"inLanguage\":\"pt-BR\",\"potentialAction\":[{\"@type\":\"ReadAction\",\"target\":[\"https:\/\/agenciainfra.com\/blog\/antt-muda-regimento-para-superintendencia-de-concessoes-poder-estruturar-reforma-de-concessionarias-em-operacao\/\"]}]},{\"@type\":\"ImageObject\",\"inLanguage\":\"pt-BR\",\"@id\":\"https:\/\/agenciainfra.com\/blog\/antt-muda-regimento-para-superintendencia-de-concessoes-poder-estruturar-reforma-de-concessionarias-em-operacao\/#primaryimage\",\"url\":\"https:\/\/agenciainfra.com\/blog\/wp-content\/uploads\/2023\/05\/sede-antt-foto-governo-federal.jpg\",\"contentUrl\":\"https:\/\/agenciainfra.com\/blog\/wp-content\/uploads\/2023\/05\/sede-antt-foto-governo-federal.jpg\",\"width\":1202,\"height\":799},{\"@type\":\"BreadcrumbList\",\"@id\":\"https:\/\/agenciainfra.com\/blog\/antt-muda-regimento-para-superintendencia-de-concessoes-poder-estruturar-reforma-de-concessionarias-em-operacao\/#breadcrumb\",\"itemListElement\":[{\"@type\":\"ListItem\",\"position\":1,\"name\":\"In\u00edcio\",\"item\":\"https:\/\/agenciainfra.com\/blog\/\"},{\"@type\":\"ListItem\",\"position\":2,\"name\":\"ANTT muda regimento para superintend\u00eancia de concess\u00f5es poder estruturar reforma de concession\u00e1rias em opera\u00e7\u00e3o\"}]},{\"@type\":\"WebSite\",\"@id\":\"https:\/\/agenciainfra.com\/blog\/#website\",\"url\":\"https:\/\/agenciainfra.com\/blog\/\",\"name\":\"Ag\u00eancia iNFRA\",\"description\":\"Multiplataforma de informa\u00e7\u00e3o jornal\u00edstica refer\u00eancia na \u00e1rea de infraestrutura no Brasil!\",\"publisher\":{\"@id\":\"https:\/\/agenciainfra.com\/blog\/#organization\"},\"potentialAction\":[{\"@type\":\"SearchAction\",\"target\":{\"@type\":\"EntryPoint\",\"urlTemplate\":\"https:\/\/agenciainfra.com\/blog\/?s={search_term_string}\"},\"query-input\":{\"@type\":\"PropertyValueSpecification\",\"valueRequired\":true,\"valueName\":\"search_term_string\"}}],\"inLanguage\":\"pt-BR\"},{\"@type\":\"Organization\",\"@id\":\"https:\/\/agenciainfra.com\/blog\/#organization\",\"name\":\"Ag\u00eancia iNFRA\",\"url\":\"https:\/\/agenciainfra.com\/blog\/\",\"logo\":{\"@type\":\"ImageObject\",\"inLanguage\":\"pt-BR\",\"@id\":\"https:\/\/agenciainfra.com\/blog\/#\/schema\/logo\/image\/\",\"url\":\"https:\/\/agenciainfra.com\/blog\/wp-content\/uploads\/2023\/09\/iNFRA_5-e1761735885940.png\",\"contentUrl\":\"https:\/\/agenciainfra.com\/blog\/wp-content\/uploads\/2023\/09\/iNFRA_5-e1761735885940.png\",\"width\":1672,\"height\":454,\"caption\":\"Ag\u00eancia iNFRA\"},\"image\":{\"@id\":\"https:\/\/agenciainfra.com\/blog\/#\/schema\/logo\/image\/\"},\"sameAs\":[\"https:\/\/www.facebook.com\/ageninfra\",\"https:\/\/x.com\/agencia_infra\",\"https:\/\/www.linkedin.com\/company\/ag\u00eanciainfra\/\",\"https:\/\/www.instagram.com\/agenciainfra\/\"]},{\"@type\":\"Person\",\"@id\":\"https:\/\/agenciainfra.com\/blog\/#\/schema\/person\/34af08dff6adea4cb22b06612ba7acfa\",\"name\":\"Ag\u00eancia iNFRA\",\"image\":{\"@type\":\"ImageObject\",\"inLanguage\":\"pt-BR\",\"@id\":\"https:\/\/agenciainfra.com\/blog\/#\/schema\/person\/image\/\",\"url\":\"https:\/\/secure.gravatar.com\/avatar\/d189e01678f06d8eb84d4e01f08eb848b3fffe3f8443818d3c356c66892f5be8?s=96&d=mm&r=g\",\"contentUrl\":\"https:\/\/secure.gravatar.com\/avatar\/d189e01678f06d8eb84d4e01f08eb848b3fffe3f8443818d3c356c66892f5be8?s=96&d=mm&r=g\",\"caption\":\"Ag\u00eancia iNFRA\"},\"url\":\"https:\/\/agenciainfra.com\/blog\/author\/admin\/\"}]}<\/script>\n<!-- \/ Yoast SEO Premium plugin. -->","yoast_head_json":{"title":"ANTT muda regimento para superintend\u00eancia de concess\u00f5es poder estruturar reforma de concession\u00e1rias em opera\u00e7\u00e3o - Ag\u00eancia iNFRA","robots":{"index":"index","follow":"follow","max-snippet":"max-snippet:-1","max-image-preview":"max-image-preview:large","max-video-preview":"max-video-preview:-1"},"canonical":"https:\/\/agenciainfra.com\/blog\/antt-muda-regimento-para-superintendencia-de-concessoes-poder-estruturar-reforma-de-concessionarias-em-operacao\/","og_locale":"pt_BR","og_type":"article","og_title":"ANTT muda regimento para superintend\u00eancia de concess\u00f5es poder estruturar reforma de concession\u00e1rias em opera\u00e7\u00e3o","og_description":"Dimmi Amora, da Ag\u00eancia iNFRA A\u00a0ANTT\u00a0(Ag\u00eancia Nacional de Transportes Terrestres) aprovou mudan\u00e7a no\u00a0regimento\u00a0interno da autarquia\u00a0para\u00a0permitir que a Sucon (Superintend\u00eancia\u00a0de\u00a0Concess\u00f5es) atue na reestrutura\u00e7\u00e3o de contratos inadimplentes (ou\u00a0em\u00a0risco de) das\u00a0concession\u00e1rias\u00a0em\u00a0opera\u00e7\u00e3o. Essa\u00a0superintend\u00eancia\u00a0foi criada\u00a0em\u00a02019\u00a0para\u00a0estruturar\u00a0novos projetos ou renova\u00e7\u00f5es de concess\u00e3o de rodovias e ferrovias, n\u00e3o atuando sobre as\u00a0concess\u00f5es\u00a0que j\u00e1 estavam operando, que ficavam sob responsabilidade das superintend\u00eancias de Rodovias e [&hellip;]","og_url":"https:\/\/agenciainfra.com\/blog\/antt-muda-regimento-para-superintendencia-de-concessoes-poder-estruturar-reforma-de-concessionarias-em-operacao\/","og_site_name":"Ag\u00eancia iNFRA","article_publisher":"https:\/\/www.facebook.com\/ageninfra","article_published_time":"2023-05-16T12:00:00+00:00","og_image":[{"width":1202,"height":799,"url":"https:\/\/agenciainfra.com\/blog\/wp-content\/uploads\/2023\/05\/sede-antt-foto-governo-federal.jpg","type":"image\/jpeg"}],"author":"Ag\u00eancia iNFRA","twitter_card":"summary_large_image","twitter_creator":"@agencia_infra","twitter_site":"@agencia_infra","twitter_misc":{"Escrito por":"Ag\u00eancia iNFRA","Est. tempo de leitura":"4 minutos"},"schema":{"@context":"https:\/\/schema.org","@graph":[{"@type":"Article","@id":"https:\/\/agenciainfra.com\/blog\/antt-muda-regimento-para-superintendencia-de-concessoes-poder-estruturar-reforma-de-concessionarias-em-operacao\/#article","isPartOf":{"@id":"https:\/\/agenciainfra.com\/blog\/antt-muda-regimento-para-superintendencia-de-concessoes-poder-estruturar-reforma-de-concessionarias-em-operacao\/"},"author":{"name":"Ag\u00eancia iNFRA","@id":"https:\/\/agenciainfra.com\/blog\/#\/schema\/person\/34af08dff6adea4cb22b06612ba7acfa"},"headline":"ANTT muda regimento para superintend\u00eancia de concess\u00f5es poder estruturar reforma de concession\u00e1rias em opera\u00e7\u00e3o","datePublished":"2023-05-16T12:00:00+00:00","mainEntityOfPage":{"@id":"https:\/\/agenciainfra.com\/blog\/antt-muda-regimento-para-superintendencia-de-concessoes-poder-estruturar-reforma-de-concessionarias-em-operacao\/"},"wordCount":749,"publisher":{"@id":"https:\/\/agenciainfra.com\/blog\/#organization"},"image":{"@id":"https:\/\/agenciainfra.com\/blog\/antt-muda-regimento-para-superintendencia-de-concessoes-poder-estruturar-reforma-de-concessionarias-em-operacao\/#primaryimage"},"thumbnailUrl":"https:\/\/agenciainfra.com\/blog\/wp-content\/uploads\/2023\/05\/sede-antt-foto-governo-federal.jpg","keywords":["ANTT","concess\u00f5es","contratos inadimplentes","diretoria","Ferrovias","Marcelo Fonseca","Rafael Vitale","regimento interno","rodovias","Sucon","Superintend\u00eancia de Concess\u00f5es"],"articleSection":["Geral","iNFRATransporte"],"inLanguage":"pt-BR","copyrightYear":"2023","copyrightHolder":{"@id":"https:\/\/agenciainfra.com\/blog\/#organization"}},{"@type":"WebPage","@id":"https:\/\/agenciainfra.com\/blog\/antt-muda-regimento-para-superintendencia-de-concessoes-poder-estruturar-reforma-de-concessionarias-em-operacao\/","url":"https:\/\/agenciainfra.com\/blog\/antt-muda-regimento-para-superintendencia-de-concessoes-poder-estruturar-reforma-de-concessionarias-em-operacao\/","name":"ANTT muda regimento para superintend\u00eancia de concess\u00f5es poder estruturar reforma de concession\u00e1rias em opera\u00e7\u00e3o - Ag\u00eancia iNFRA","isPartOf":{"@id":"https:\/\/agenciainfra.com\/blog\/#website"},"primaryImageOfPage":{"@id":"https:\/\/agenciainfra.com\/blog\/antt-muda-regimento-para-superintendencia-de-concessoes-poder-estruturar-reforma-de-concessionarias-em-operacao\/#primaryimage"},"image":{"@id":"https:\/\/agenciainfra.com\/blog\/antt-muda-regimento-para-superintendencia-de-concessoes-poder-estruturar-reforma-de-concessionarias-em-operacao\/#primaryimage"},"thumbnailUrl":"https:\/\/agenciainfra.com\/blog\/wp-content\/uploads\/2023\/05\/sede-antt-foto-governo-federal.jpg","datePublished":"2023-05-16T12:00:00+00:00","breadcrumb":{"@id":"https:\/\/agenciainfra.com\/blog\/antt-muda-regimento-para-superintendencia-de-concessoes-poder-estruturar-reforma-de-concessionarias-em-operacao\/#breadcrumb"},"inLanguage":"pt-BR","potentialAction":[{"@type":"ReadAction","target":["https:\/\/agenciainfra.com\/blog\/antt-muda-regimento-para-superintendencia-de-concessoes-poder-estruturar-reforma-de-concessionarias-em-operacao\/"]}]},{"@type":"ImageObject","inLanguage":"pt-BR","@id":"https:\/\/agenciainfra.com\/blog\/antt-muda-regimento-para-superintendencia-de-concessoes-poder-estruturar-reforma-de-concessionarias-em-operacao\/#primaryimage","url":"https:\/\/agenciainfra.com\/blog\/wp-content\/uploads\/2023\/05\/sede-antt-foto-governo-federal.jpg","contentUrl":"https:\/\/agenciainfra.com\/blog\/wp-content\/uploads\/2023\/05\/sede-antt-foto-governo-federal.jpg","width":1202,"height":799},{"@type":"BreadcrumbList","@id":"https:\/\/agenciainfra.com\/blog\/antt-muda-regimento-para-superintendencia-de-concessoes-poder-estruturar-reforma-de-concessionarias-em-operacao\/#breadcrumb","itemListElement":[{"@type":"ListItem","position":1,"name":"In\u00edcio","item":"https:\/\/agenciainfra.com\/blog\/"},{"@type":"ListItem","position":2,"name":"ANTT muda regimento para superintend\u00eancia de concess\u00f5es poder estruturar reforma de concession\u00e1rias em opera\u00e7\u00e3o"}]},{"@type":"WebSite","@id":"https:\/\/agenciainfra.com\/blog\/#website","url":"https:\/\/agenciainfra.com\/blog\/","name":"Ag\u00eancia iNFRA","description":"Multiplataforma de informa\u00e7\u00e3o jornal\u00edstica refer\u00eancia na \u00e1rea de infraestrutura no Brasil!","publisher":{"@id":"https:\/\/agenciainfra.com\/blog\/#organization"},"potentialAction":[{"@type":"SearchAction","target":{"@type":"EntryPoint","urlTemplate":"https:\/\/agenciainfra.com\/blog\/?s={search_term_string}"},"query-input":{"@type":"PropertyValueSpecification","valueRequired":true,"valueName":"search_term_string"}}],"inLanguage":"pt-BR"},{"@type":"Organization","@id":"https:\/\/agenciainfra.com\/blog\/#organization","name":"Ag\u00eancia iNFRA","url":"https:\/\/agenciainfra.com\/blog\/","logo":{"@type":"ImageObject","inLanguage":"pt-BR","@id":"https:\/\/agenciainfra.com\/blog\/#\/schema\/logo\/image\/","url":"https:\/\/agenciainfra.com\/blog\/wp-content\/uploads\/2023\/09\/iNFRA_5-e1761735885940.png","contentUrl":"https:\/\/agenciainfra.com\/blog\/wp-content\/uploads\/2023\/09\/iNFRA_5-e1761735885940.png","width":1672,"height":454,"caption":"Ag\u00eancia iNFRA"},"image":{"@id":"https:\/\/agenciainfra.com\/blog\/#\/schema\/logo\/image\/"},"sameAs":["https:\/\/www.facebook.com\/ageninfra","https:\/\/x.com\/agencia_infra","https:\/\/www.linkedin.com\/company\/ag\u00eanciainfra\/","https:\/\/www.instagram.com\/agenciainfra\/"]},{"@type":"Person","@id":"https:\/\/agenciainfra.com\/blog\/#\/schema\/person\/34af08dff6adea4cb22b06612ba7acfa","name":"Ag\u00eancia iNFRA","image":{"@type":"ImageObject","inLanguage":"pt-BR","@id":"https:\/\/agenciainfra.com\/blog\/#\/schema\/person\/image\/","url":"https:\/\/secure.gravatar.com\/avatar\/d189e01678f06d8eb84d4e01f08eb848b3fffe3f8443818d3c356c66892f5be8?s=96&d=mm&r=g","contentUrl":"https:\/\/secure.gravatar.com\/avatar\/d189e01678f06d8eb84d4e01f08eb848b3fffe3f8443818d3c356c66892f5be8?s=96&d=mm&r=g","caption":"Ag\u00eancia iNFRA"},"url":"https:\/\/agenciainfra.com\/blog\/author\/admin\/"}]}},"_links":{"self":[{"href":"https:\/\/agenciainfra.com\/blog\/wp-json\/wp\/v2\/posts\/12663","targetHints":{"allow":["GET"]}}],"collection":[{"href":"https:\/\/agenciainfra.com\/blog\/wp-json\/wp\/v2\/posts"}],"about":[{"href":"https:\/\/agenciainfra.com\/blog\/wp-json\/wp\/v2\/types\/post"}],"author":[{"embeddable":true,"href":"https:\/\/agenciainfra.com\/blog\/wp-json\/wp\/v2\/users\/1"}],"replies":[{"embeddable":true,"href":"https:\/\/agenciainfra.com\/blog\/wp-json\/wp\/v2\/comments?post=12663"}],"version-history":[{"count":0,"href":"https:\/\/agenciainfra.com\/blog\/wp-json\/wp\/v2\/posts\/12663\/revisions"}],"wp:featuredmedia":[{"embeddable":true,"href":"https:\/\/agenciainfra.com\/blog\/wp-json\/wp\/v2\/media\/12665"}],"wp:attachment":[{"href":"https:\/\/agenciainfra.com\/blog\/wp-json\/wp\/v2\/media?parent=12663"}],"wp:term":[{"taxonomy":"category","embeddable":true,"href":"https:\/\/agenciainfra.com\/blog\/wp-json\/wp\/v2\/categories?post=12663"},{"taxonomy":"post_tag","embeddable":true,"href":"https:\/\/agenciainfra.com\/blog\/wp-json\/wp\/v2\/tags?post=12663"}],"curies":[{"name":"wp","href":"https:\/\/api.w.org\/{rel}","templated":true}]}}