{"id":12680,"date":"2023-05-19T09:00:00","date_gmt":"2023-05-19T12:00:00","guid":{"rendered":"https:\/\/www.agenciainfra.com\/blog\/?p=12680"},"modified":"2023-05-18T11:08:22","modified_gmt":"2023-05-18T14:08:22","slug":"renan-filho-garante-quatro-concessoes-rodoviarias-neste-ano-e-mais-seis-em-2024","status":"publish","type":"post","link":"https:\/\/agenciainfra.com\/blog\/renan-filho-garante-quatro-concessoes-rodoviarias-neste-ano-e-mais-seis-em-2024\/","title":{"rendered":"Renan Filho garante quatro concess\u00f5es rodovi\u00e1rias neste ano e mais seis em 2024"},"content":{"rendered":"\n<p class=\"has-text-align-right\"><strong>Dimmi Amora, da Ag\u00eancia iNFRA<\/strong><\/p>\n\n\n\n<p>O ministro dos Transportes,\u00a0Renan\u00a0Filho, afirmou que o governo pretende fazer, at\u00e9 o fim do mandato do presidente Lula, 25\u00a0concess\u00f5es\u00a0de rodovias, sendo\u00a0quatro\u00a0j\u00e1\u00a0neste\u00a0ano\u00a0e\u00a0seis\u00a0em\u00a02024.<br><br>A declara\u00e7\u00e3o foi dada na \u00faltima ter\u00e7a-feira (16) durante o lan\u00e7amento da Frenlogi\u00a0(Frente Parlamentar Mista da Log\u00edstica\u00a0e\u00a0Infraestrutura), onde o ministro tamb\u00e9m destacou o aumento dos investimentos p\u00fablicos no setor.\u00a0<br><br>Renan\u00a0informou que, com a aprova\u00e7\u00e3o da nova \u00e2ncora fiscal, o governo ter\u00e1 garantido entre R$ 80 bilh\u00f5es\u00a0e\u00a0R$ 100 bilh\u00f5es\u00a0em\u00a0quatro\u00a0anos para obras com recursos do or\u00e7amento da Uni\u00e3o.<br><br>&#8220;O governo imagina que o melhor caminho \u00e9 somar esfor\u00e7os. Ampliar os recursos p\u00fablicos\u00a0e\u00a0fortalecer a atra\u00e7\u00e3o do capital privado para melhorar a nossa infraestrutura&#8221;, disse o ministro na cerim\u00f4nia realizada na sede da CNT (Confedera\u00e7\u00e3o Nacional do Transporte),\u00a0em\u00a0Bras\u00edlia (DF).<br><br>O calend\u00e1rio das\u00a0concess\u00f5es\u00a0come\u00e7a pelos dois lotes de rodovias do Paran\u00e1 que j\u00e1 tiveram os processos aprovados pelo TCU (Tribunal de Contas da Uni\u00e3o),\u00a0e\u00a0um deles, o Lote 1, edital lan\u00e7ado pela ANTT (Ag\u00eancia Nacional de Transportes Terrestres) h\u00e1 duas semanas para o leil\u00e3o\u00a0em\u00a0agosto.\u00a0Renan\u00a0Filho\u00a0confirmou que o leil\u00e3o do Lote 2 vai ocorrer na \u00faltima semana de setembro.<br><br>A previs\u00e3o, segundo o ministro, \u00e9 que\u00a0em\u00a0outubro ocorra o leil\u00e3o da BR-040\/RJ-MG, no trecho ligando as capitais dos dois estados. O ministro confirmou que n\u00e3o vai fazer mudan\u00e7as na modelagem desse projeto, com a divis\u00e3o da concess\u00e3o\u00a0em\u00a0dois trechos diferentes nos dois estados, para que seja poss\u00edvel concluir o leil\u00e3o\u00a0neste\u00a0ano. Se realizada, ser\u00e1 a primeira conclus\u00e3o de um processo de relicita\u00e7\u00e3o\u00a0rodovi\u00e1ria.<br><br>A quarta licita\u00e7\u00e3o do\u00a0ano\u00a0ser\u00e1 a da BR-381\/MG, que segundo o ministro deve ocorrer at\u00e9 o fim de novembro. O projeto est\u00e1 no TCU,\u00a0em\u00a0an\u00e1lise pelo ministro Antonio Anastasia,\u00a0e\u00a0segundo\u00a0Renan\u00a0pode ser apreciado pelo plen\u00e1rio ainda\u00a0neste\u00a0m\u00eas. A fase de instru\u00e7\u00e3o t\u00e9cnica, onde a ag\u00eancia responde aos questionamentos feitos pelo \u00f3rg\u00e3o, j\u00e1 est\u00e1 conclu\u00edda, segundo uma fonte.<br><br><strong>5\u00aa Etapa de\u00a0concess\u00f5es<\/strong><br>Essas\u00a0quatro\u00a0concess\u00f5es\u00a0previstas para 2023 j\u00e1 estavam com estrutura\u00e7\u00f5es avan\u00e7adas desde o\u00a0ano\u00a0passado, mas o atual governo iniciou uma revis\u00e3o de par\u00e2metros para tentar adequar os projetos a novas diretrizes, de amplia\u00e7\u00e3o dos investimentos\u00a0e\u00a0redu\u00e7\u00e3o dos valores de ped\u00e1gio.<br><br>Os pr\u00f3ximos editais a serem lan\u00e7ados, no entanto, n\u00e3o devem ter grandes diferen\u00e7as entre as propostas apresentadas ao \u00f3rg\u00e3o de controle, ficando\u00a0mais\u00a0parecidos com as modelagens do que ficou conhecido como 4\u00aa Etapa das\u00a0concess\u00f5es\u00a0rodovi\u00e1rias\u00a0do governo federal\u00a0e\u00a0menos com os modelos que est\u00e3o sendo preparados pela ANTT para o que a ag\u00eancia est\u00e1 chamando de 5\u00aa Etapa das\u00a0concess\u00f5es.<br><br><strong>Quatro\u00a0ministros no evento<\/strong><br>O evento da Frenlogi\u00a0contou com a presen\u00e7a de\u00a0quatro\u00a0ministros do governo. Al\u00e9m de\u00a0Renan, compareceram M\u00e1rcio Fran\u00e7a (Portos\u00a0e\u00a0Aeroportos), Alexandre Silveira (Minas\u00a0e\u00a0Energia)\u00a0e\u00a0Juscelino\u00a0Filho\u00a0(Telecomunica\u00e7\u00f5es). Dezenas de deputados\u00a0e\u00a0senadores tamb\u00e9m estiveram no encontro, parte dos 320 apoiadores da frente.<br><br>A Frenlogi continuar\u00e1 a ser presidida pelo senador Wellington Fagundes (PL-MT). O ex-deputado Edinho Bez ser\u00e1 o diretor de rela\u00e7\u00f5es institucionais. O vice presidente\u00a0e\u00a0que vai cuidar da C\u00e2mara T\u00e9cnica de Rodovias ser\u00e1 o deputado Diego Andrade (PSD-MG). Pedro Uczai (PT-SC) segue na C\u00e2mara de Ferrovias\u00a0e\u00a0Arnaldo Jardim (Cidadania-SP) na de Armazenagem.<br><br>A C\u00e2mara T\u00e9cnica Aeroportu\u00e1ria ficar\u00e1 sob a responsabilidade do deputado J\u00falio\u00a0Lopes (PP-RJ). A de Energia, com o senador Marcelo Castro (MDB-PI), a de Telecomunica\u00e7\u00f5es, com a senador Professora Dorinha (Uni\u00e3o-TO), a de Portos\u00a0e\u00a0Navega\u00e7\u00e3o, com o deputado Carlos Chiodini (MDB-SC),\u00a0e\u00a0a de Mobilidade Urbana, com o deputado Rubens Otoni (PT-SC).\u00a0<br><br>Em\u00a0seu discurso, o senador Fagundes afirmou que a melhoria do ambiente regulat\u00f3rio segue sendo um desafio para o setor de infraestrutura. Ele pediu apoio para a aprova\u00e7\u00e3o da\u00a0<a rel=\"noreferrer noopener\" href=\"https:\/\/agenciainfra.us14.list-manage.com\/track\/click?u=d460dd1bcf9ba0ae040e1fc0f&amp;id=9be4223e74&amp;e=f0fa444791\" target=\"_blank\">PEC 32\/2020<\/a>, que trata da seguran\u00e7a jur\u00eddica para investidores, para que se tenha estabilidade para investimentos.<br><br>&#8220;Um ambiente jur\u00eddico seguro sedimenta os neg\u00f3cios para serem pr\u00f3speros&#8221;, afirmou o presidente da frente.<\/p>\n","protected":false},"excerpt":{"rendered":"<p>Dimmi Amora, da Ag\u00eancia iNFRA O ministro dos Transportes,\u00a0Renan\u00a0Filho, afirmou que o governo pretende fazer, at\u00e9 o fim do mandato do presidente Lula, 25\u00a0concess\u00f5es\u00a0de rodovias, sendo\u00a0quatro\u00a0j\u00e1\u00a0neste\u00a0ano\u00a0e\u00a0seis\u00a0em\u00a02024. A declara\u00e7\u00e3o foi dada na \u00faltima ter\u00e7a-feira (16) durante o lan\u00e7amento da Frenlogi\u00a0(Frente Parlamentar Mista da Log\u00edstica\u00a0e\u00a0Infraestrutura), onde o ministro tamb\u00e9m destacou o aumento dos investimentos p\u00fablicos no setor.\u00a0 [&hellip;]<\/p>\n","protected":false},"author":1,"featured_media":12147,"comment_status":"closed","ping_status":"closed","sticky":false,"template":"","format":"standard","meta":{"_monsterinsights_skip_tracking":false,"_monsterinsights_sitenote_active":false,"_monsterinsights_sitenote_note":"","_monsterinsights_sitenote_category":0,"footnotes":""},"categories":[1,7],"tags":[6040,3252,19,127,78,1144,6741,6742,6248,126,18],"class_list":["post-12680","post","type-post","status-publish","format-standard","has-post-thumbnail","hentry","category-geral","category-infratransporte","tag-alexandre-silveira","tag-antonio-anastasia","tag-antt","tag-cnt","tag-concessoes","tag-frenlogi","tag-juscelino-filho","tag-pec-32-2020","tag-renan-filho","tag-rodovias","tag-tcu"],"yoast_head":"<!-- This site is optimized with the Yoast SEO Premium plugin v25.4 (Yoast SEO v26.0) - https:\/\/yoast.com\/wordpress\/plugins\/seo\/ -->\n<title>Renan Filho garante quatro concess\u00f5es rodovi\u00e1rias neste ano e mais seis em 2024 - Ag\u00eancia iNFRA<\/title>\n<meta name=\"robots\" content=\"index, follow, max-snippet:-1, max-image-preview:large, max-video-preview:-1\" \/>\n<link rel=\"canonical\" href=\"https:\/\/agenciainfra.com\/blog\/renan-filho-garante-quatro-concessoes-rodoviarias-neste-ano-e-mais-seis-em-2024\/\" \/>\n<meta property=\"og:locale\" content=\"pt_BR\" \/>\n<meta property=\"og:type\" content=\"article\" \/>\n<meta property=\"og:title\" content=\"Renan Filho garante quatro concess\u00f5es rodovi\u00e1rias neste ano e mais seis em 2024\" \/>\n<meta property=\"og:description\" content=\"Dimmi Amora, da Ag\u00eancia iNFRA O ministro dos Transportes,\u00a0Renan\u00a0Filho, afirmou que o governo pretende fazer, at\u00e9 o fim do mandato do presidente Lula, 25\u00a0concess\u00f5es\u00a0de rodovias, sendo\u00a0quatro\u00a0j\u00e1\u00a0neste\u00a0ano\u00a0e\u00a0seis\u00a0em\u00a02024. A declara\u00e7\u00e3o foi dada na \u00faltima ter\u00e7a-feira (16) durante o lan\u00e7amento da Frenlogi\u00a0(Frente Parlamentar Mista da Log\u00edstica\u00a0e\u00a0Infraestrutura), onde o ministro tamb\u00e9m destacou o aumento dos investimentos p\u00fablicos no setor.\u00a0 [&hellip;]\" \/>\n<meta property=\"og:url\" content=\"https:\/\/agenciainfra.com\/blog\/renan-filho-garante-quatro-concessoes-rodoviarias-neste-ano-e-mais-seis-em-2024\/\" \/>\n<meta property=\"og:site_name\" content=\"Ag\u00eancia iNFRA\" \/>\n<meta property=\"article:publisher\" content=\"https:\/\/www.facebook.com\/ageninfra\" \/>\n<meta property=\"article:published_time\" content=\"2023-05-19T12:00:00+00:00\" \/>\n<meta property=\"og:image\" content=\"https:\/\/agenciainfra.com\/blog\/wp-content\/uploads\/2023\/02\/ministro-renan-filho-foto-vosmar-rosa-mt.jpeg\" \/>\n\t<meta property=\"og:image:width\" content=\"1280\" \/>\n\t<meta property=\"og:image:height\" content=\"854\" \/>\n\t<meta property=\"og:image:type\" content=\"image\/jpeg\" \/>\n<meta name=\"author\" content=\"Ag\u00eancia iNFRA\" \/>\n<meta name=\"twitter:card\" content=\"summary_large_image\" \/>\n<meta name=\"twitter:creator\" content=\"@agencia_infra\" \/>\n<meta name=\"twitter:site\" content=\"@agencia_infra\" \/>\n<meta name=\"twitter:label1\" content=\"Escrito por\" \/>\n\t<meta name=\"twitter:data1\" content=\"Ag\u00eancia iNFRA\" \/>\n\t<meta name=\"twitter:label2\" content=\"Est. tempo de leitura\" \/>\n\t<meta name=\"twitter:data2\" content=\"4 minutos\" \/>\n<script type=\"application\/ld+json\" class=\"yoast-schema-graph\">{\"@context\":\"https:\/\/schema.org\",\"@graph\":[{\"@type\":\"Article\",\"@id\":\"https:\/\/agenciainfra.com\/blog\/renan-filho-garante-quatro-concessoes-rodoviarias-neste-ano-e-mais-seis-em-2024\/#article\",\"isPartOf\":{\"@id\":\"https:\/\/agenciainfra.com\/blog\/renan-filho-garante-quatro-concessoes-rodoviarias-neste-ano-e-mais-seis-em-2024\/\"},\"author\":{\"name\":\"Ag\u00eancia iNFRA\",\"@id\":\"https:\/\/agenciainfra.com\/blog\/#\/schema\/person\/34af08dff6adea4cb22b06612ba7acfa\"},\"headline\":\"Renan Filho garante quatro concess\u00f5es rodovi\u00e1rias neste ano e mais seis em 2024\",\"datePublished\":\"2023-05-19T12:00:00+00:00\",\"mainEntityOfPage\":{\"@id\":\"https:\/\/agenciainfra.com\/blog\/renan-filho-garante-quatro-concessoes-rodoviarias-neste-ano-e-mais-seis-em-2024\/\"},\"wordCount\":756,\"publisher\":{\"@id\":\"https:\/\/agenciainfra.com\/blog\/#organization\"},\"image\":{\"@id\":\"https:\/\/agenciainfra.com\/blog\/renan-filho-garante-quatro-concessoes-rodoviarias-neste-ano-e-mais-seis-em-2024\/#primaryimage\"},\"thumbnailUrl\":\"https:\/\/agenciainfra.com\/blog\/wp-content\/uploads\/2023\/02\/ministro-renan-filho-foto-vosmar-rosa-mt.jpeg\",\"keywords\":[\"Alexandre Silveira\",\"Antonio Anastasia\",\"ANTT\",\"CNT\",\"concess\u00f5es\",\"Frenlogi\",\"Juscelino Filho\",\"PEC 32\/2020\",\"Renan Filho\",\"rodovias\",\"TCU\"],\"articleSection\":[\"Geral\",\"iNFRATransporte\"],\"inLanguage\":\"pt-BR\",\"copyrightYear\":\"2023\",\"copyrightHolder\":{\"@id\":\"https:\/\/agenciainfra.com\/blog\/#organization\"}},{\"@type\":\"WebPage\",\"@id\":\"https:\/\/agenciainfra.com\/blog\/renan-filho-garante-quatro-concessoes-rodoviarias-neste-ano-e-mais-seis-em-2024\/\",\"url\":\"https:\/\/agenciainfra.com\/blog\/renan-filho-garante-quatro-concessoes-rodoviarias-neste-ano-e-mais-seis-em-2024\/\",\"name\":\"Renan Filho garante quatro concess\u00f5es rodovi\u00e1rias neste ano e mais seis em 2024 - Ag\u00eancia iNFRA\",\"isPartOf\":{\"@id\":\"https:\/\/agenciainfra.com\/blog\/#website\"},\"primaryImageOfPage\":{\"@id\":\"https:\/\/agenciainfra.com\/blog\/renan-filho-garante-quatro-concessoes-rodoviarias-neste-ano-e-mais-seis-em-2024\/#primaryimage\"},\"image\":{\"@id\":\"https:\/\/agenciainfra.com\/blog\/renan-filho-garante-quatro-concessoes-rodoviarias-neste-ano-e-mais-seis-em-2024\/#primaryimage\"},\"thumbnailUrl\":\"https:\/\/agenciainfra.com\/blog\/wp-content\/uploads\/2023\/02\/ministro-renan-filho-foto-vosmar-rosa-mt.jpeg\",\"datePublished\":\"2023-05-19T12:00:00+00:00\",\"breadcrumb\":{\"@id\":\"https:\/\/agenciainfra.com\/blog\/renan-filho-garante-quatro-concessoes-rodoviarias-neste-ano-e-mais-seis-em-2024\/#breadcrumb\"},\"inLanguage\":\"pt-BR\",\"potentialAction\":[{\"@type\":\"ReadAction\",\"target\":[\"https:\/\/agenciainfra.com\/blog\/renan-filho-garante-quatro-concessoes-rodoviarias-neste-ano-e-mais-seis-em-2024\/\"]}]},{\"@type\":\"ImageObject\",\"inLanguage\":\"pt-BR\",\"@id\":\"https:\/\/agenciainfra.com\/blog\/renan-filho-garante-quatro-concessoes-rodoviarias-neste-ano-e-mais-seis-em-2024\/#primaryimage\",\"url\":\"https:\/\/agenciainfra.com\/blog\/wp-content\/uploads\/2023\/02\/ministro-renan-filho-foto-vosmar-rosa-mt.jpeg\",\"contentUrl\":\"https:\/\/agenciainfra.com\/blog\/wp-content\/uploads\/2023\/02\/ministro-renan-filho-foto-vosmar-rosa-mt.jpeg\",\"width\":1280,\"height\":854},{\"@type\":\"BreadcrumbList\",\"@id\":\"https:\/\/agenciainfra.com\/blog\/renan-filho-garante-quatro-concessoes-rodoviarias-neste-ano-e-mais-seis-em-2024\/#breadcrumb\",\"itemListElement\":[{\"@type\":\"ListItem\",\"position\":1,\"name\":\"In\u00edcio\",\"item\":\"https:\/\/agenciainfra.com\/blog\/\"},{\"@type\":\"ListItem\",\"position\":2,\"name\":\"Renan Filho garante quatro concess\u00f5es rodovi\u00e1rias neste ano e mais seis em 2024\"}]},{\"@type\":\"WebSite\",\"@id\":\"https:\/\/agenciainfra.com\/blog\/#website\",\"url\":\"https:\/\/agenciainfra.com\/blog\/\",\"name\":\"Ag\u00eancia iNFRA\",\"description\":\"Multiplataforma de informa\u00e7\u00e3o jornal\u00edstica refer\u00eancia na \u00e1rea de infraestrutura no Brasil!\",\"publisher\":{\"@id\":\"https:\/\/agenciainfra.com\/blog\/#organization\"},\"potentialAction\":[{\"@type\":\"SearchAction\",\"target\":{\"@type\":\"EntryPoint\",\"urlTemplate\":\"https:\/\/agenciainfra.com\/blog\/?s={search_term_string}\"},\"query-input\":{\"@type\":\"PropertyValueSpecification\",\"valueRequired\":true,\"valueName\":\"search_term_string\"}}],\"inLanguage\":\"pt-BR\"},{\"@type\":\"Organization\",\"@id\":\"https:\/\/agenciainfra.com\/blog\/#organization\",\"name\":\"Ag\u00eancia iNFRA\",\"url\":\"https:\/\/agenciainfra.com\/blog\/\",\"logo\":{\"@type\":\"ImageObject\",\"inLanguage\":\"pt-BR\",\"@id\":\"https:\/\/agenciainfra.com\/blog\/#\/schema\/logo\/image\/\",\"url\":\"https:\/\/agenciainfra.com\/blog\/wp-content\/uploads\/2023\/09\/iNFRA_5-e1761735885940.png\",\"contentUrl\":\"https:\/\/agenciainfra.com\/blog\/wp-content\/uploads\/2023\/09\/iNFRA_5-e1761735885940.png\",\"width\":1672,\"height\":454,\"caption\":\"Ag\u00eancia iNFRA\"},\"image\":{\"@id\":\"https:\/\/agenciainfra.com\/blog\/#\/schema\/logo\/image\/\"},\"sameAs\":[\"https:\/\/www.facebook.com\/ageninfra\",\"https:\/\/x.com\/agencia_infra\",\"https:\/\/www.linkedin.com\/company\/ag\u00eanciainfra\/\",\"https:\/\/www.instagram.com\/agenciainfra\/\"]},{\"@type\":\"Person\",\"@id\":\"https:\/\/agenciainfra.com\/blog\/#\/schema\/person\/34af08dff6adea4cb22b06612ba7acfa\",\"name\":\"Ag\u00eancia iNFRA\",\"image\":{\"@type\":\"ImageObject\",\"inLanguage\":\"pt-BR\",\"@id\":\"https:\/\/agenciainfra.com\/blog\/#\/schema\/person\/image\/\",\"url\":\"https:\/\/secure.gravatar.com\/avatar\/d189e01678f06d8eb84d4e01f08eb848b3fffe3f8443818d3c356c66892f5be8?s=96&d=mm&r=g\",\"contentUrl\":\"https:\/\/secure.gravatar.com\/avatar\/d189e01678f06d8eb84d4e01f08eb848b3fffe3f8443818d3c356c66892f5be8?s=96&d=mm&r=g\",\"caption\":\"Ag\u00eancia iNFRA\"},\"url\":\"https:\/\/agenciainfra.com\/blog\/author\/admin\/\"}]}<\/script>\n<!-- \/ Yoast SEO Premium plugin. -->","yoast_head_json":{"title":"Renan Filho garante quatro concess\u00f5es rodovi\u00e1rias neste ano e mais seis em 2024 - Ag\u00eancia iNFRA","robots":{"index":"index","follow":"follow","max-snippet":"max-snippet:-1","max-image-preview":"max-image-preview:large","max-video-preview":"max-video-preview:-1"},"canonical":"https:\/\/agenciainfra.com\/blog\/renan-filho-garante-quatro-concessoes-rodoviarias-neste-ano-e-mais-seis-em-2024\/","og_locale":"pt_BR","og_type":"article","og_title":"Renan Filho garante quatro concess\u00f5es rodovi\u00e1rias neste ano e mais seis em 2024","og_description":"Dimmi Amora, da Ag\u00eancia iNFRA O ministro dos Transportes,\u00a0Renan\u00a0Filho, afirmou que o governo pretende fazer, at\u00e9 o fim do mandato do presidente Lula, 25\u00a0concess\u00f5es\u00a0de rodovias, sendo\u00a0quatro\u00a0j\u00e1\u00a0neste\u00a0ano\u00a0e\u00a0seis\u00a0em\u00a02024. A declara\u00e7\u00e3o foi dada na \u00faltima ter\u00e7a-feira (16) durante o lan\u00e7amento da Frenlogi\u00a0(Frente Parlamentar Mista da Log\u00edstica\u00a0e\u00a0Infraestrutura), onde o ministro tamb\u00e9m destacou o aumento dos investimentos p\u00fablicos no setor.\u00a0 [&hellip;]","og_url":"https:\/\/agenciainfra.com\/blog\/renan-filho-garante-quatro-concessoes-rodoviarias-neste-ano-e-mais-seis-em-2024\/","og_site_name":"Ag\u00eancia iNFRA","article_publisher":"https:\/\/www.facebook.com\/ageninfra","article_published_time":"2023-05-19T12:00:00+00:00","og_image":[{"width":1280,"height":854,"url":"https:\/\/agenciainfra.com\/blog\/wp-content\/uploads\/2023\/02\/ministro-renan-filho-foto-vosmar-rosa-mt.jpeg","type":"image\/jpeg"}],"author":"Ag\u00eancia iNFRA","twitter_card":"summary_large_image","twitter_creator":"@agencia_infra","twitter_site":"@agencia_infra","twitter_misc":{"Escrito por":"Ag\u00eancia iNFRA","Est. tempo de leitura":"4 minutos"},"schema":{"@context":"https:\/\/schema.org","@graph":[{"@type":"Article","@id":"https:\/\/agenciainfra.com\/blog\/renan-filho-garante-quatro-concessoes-rodoviarias-neste-ano-e-mais-seis-em-2024\/#article","isPartOf":{"@id":"https:\/\/agenciainfra.com\/blog\/renan-filho-garante-quatro-concessoes-rodoviarias-neste-ano-e-mais-seis-em-2024\/"},"author":{"name":"Ag\u00eancia iNFRA","@id":"https:\/\/agenciainfra.com\/blog\/#\/schema\/person\/34af08dff6adea4cb22b06612ba7acfa"},"headline":"Renan Filho garante quatro concess\u00f5es rodovi\u00e1rias neste ano e mais seis em 2024","datePublished":"2023-05-19T12:00:00+00:00","mainEntityOfPage":{"@id":"https:\/\/agenciainfra.com\/blog\/renan-filho-garante-quatro-concessoes-rodoviarias-neste-ano-e-mais-seis-em-2024\/"},"wordCount":756,"publisher":{"@id":"https:\/\/agenciainfra.com\/blog\/#organization"},"image":{"@id":"https:\/\/agenciainfra.com\/blog\/renan-filho-garante-quatro-concessoes-rodoviarias-neste-ano-e-mais-seis-em-2024\/#primaryimage"},"thumbnailUrl":"https:\/\/agenciainfra.com\/blog\/wp-content\/uploads\/2023\/02\/ministro-renan-filho-foto-vosmar-rosa-mt.jpeg","keywords":["Alexandre Silveira","Antonio Anastasia","ANTT","CNT","concess\u00f5es","Frenlogi","Juscelino Filho","PEC 32\/2020","Renan Filho","rodovias","TCU"],"articleSection":["Geral","iNFRATransporte"],"inLanguage":"pt-BR","copyrightYear":"2023","copyrightHolder":{"@id":"https:\/\/agenciainfra.com\/blog\/#organization"}},{"@type":"WebPage","@id":"https:\/\/agenciainfra.com\/blog\/renan-filho-garante-quatro-concessoes-rodoviarias-neste-ano-e-mais-seis-em-2024\/","url":"https:\/\/agenciainfra.com\/blog\/renan-filho-garante-quatro-concessoes-rodoviarias-neste-ano-e-mais-seis-em-2024\/","name":"Renan Filho garante quatro concess\u00f5es rodovi\u00e1rias neste ano e mais seis em 2024 - Ag\u00eancia iNFRA","isPartOf":{"@id":"https:\/\/agenciainfra.com\/blog\/#website"},"primaryImageOfPage":{"@id":"https:\/\/agenciainfra.com\/blog\/renan-filho-garante-quatro-concessoes-rodoviarias-neste-ano-e-mais-seis-em-2024\/#primaryimage"},"image":{"@id":"https:\/\/agenciainfra.com\/blog\/renan-filho-garante-quatro-concessoes-rodoviarias-neste-ano-e-mais-seis-em-2024\/#primaryimage"},"thumbnailUrl":"https:\/\/agenciainfra.com\/blog\/wp-content\/uploads\/2023\/02\/ministro-renan-filho-foto-vosmar-rosa-mt.jpeg","datePublished":"2023-05-19T12:00:00+00:00","breadcrumb":{"@id":"https:\/\/agenciainfra.com\/blog\/renan-filho-garante-quatro-concessoes-rodoviarias-neste-ano-e-mais-seis-em-2024\/#breadcrumb"},"inLanguage":"pt-BR","potentialAction":[{"@type":"ReadAction","target":["https:\/\/agenciainfra.com\/blog\/renan-filho-garante-quatro-concessoes-rodoviarias-neste-ano-e-mais-seis-em-2024\/"]}]},{"@type":"ImageObject","inLanguage":"pt-BR","@id":"https:\/\/agenciainfra.com\/blog\/renan-filho-garante-quatro-concessoes-rodoviarias-neste-ano-e-mais-seis-em-2024\/#primaryimage","url":"https:\/\/agenciainfra.com\/blog\/wp-content\/uploads\/2023\/02\/ministro-renan-filho-foto-vosmar-rosa-mt.jpeg","contentUrl":"https:\/\/agenciainfra.com\/blog\/wp-content\/uploads\/2023\/02\/ministro-renan-filho-foto-vosmar-rosa-mt.jpeg","width":1280,"height":854},{"@type":"BreadcrumbList","@id":"https:\/\/agenciainfra.com\/blog\/renan-filho-garante-quatro-concessoes-rodoviarias-neste-ano-e-mais-seis-em-2024\/#breadcrumb","itemListElement":[{"@type":"ListItem","position":1,"name":"In\u00edcio","item":"https:\/\/agenciainfra.com\/blog\/"},{"@type":"ListItem","position":2,"name":"Renan Filho garante quatro concess\u00f5es rodovi\u00e1rias neste ano e mais seis em 2024"}]},{"@type":"WebSite","@id":"https:\/\/agenciainfra.com\/blog\/#website","url":"https:\/\/agenciainfra.com\/blog\/","name":"Ag\u00eancia iNFRA","description":"Multiplataforma de informa\u00e7\u00e3o jornal\u00edstica refer\u00eancia na \u00e1rea de infraestrutura no Brasil!","publisher":{"@id":"https:\/\/agenciainfra.com\/blog\/#organization"},"potentialAction":[{"@type":"SearchAction","target":{"@type":"EntryPoint","urlTemplate":"https:\/\/agenciainfra.com\/blog\/?s={search_term_string}"},"query-input":{"@type":"PropertyValueSpecification","valueRequired":true,"valueName":"search_term_string"}}],"inLanguage":"pt-BR"},{"@type":"Organization","@id":"https:\/\/agenciainfra.com\/blog\/#organization","name":"Ag\u00eancia iNFRA","url":"https:\/\/agenciainfra.com\/blog\/","logo":{"@type":"ImageObject","inLanguage":"pt-BR","@id":"https:\/\/agenciainfra.com\/blog\/#\/schema\/logo\/image\/","url":"https:\/\/agenciainfra.com\/blog\/wp-content\/uploads\/2023\/09\/iNFRA_5-e1761735885940.png","contentUrl":"https:\/\/agenciainfra.com\/blog\/wp-content\/uploads\/2023\/09\/iNFRA_5-e1761735885940.png","width":1672,"height":454,"caption":"Ag\u00eancia iNFRA"},"image":{"@id":"https:\/\/agenciainfra.com\/blog\/#\/schema\/logo\/image\/"},"sameAs":["https:\/\/www.facebook.com\/ageninfra","https:\/\/x.com\/agencia_infra","https:\/\/www.linkedin.com\/company\/ag\u00eanciainfra\/","https:\/\/www.instagram.com\/agenciainfra\/"]},{"@type":"Person","@id":"https:\/\/agenciainfra.com\/blog\/#\/schema\/person\/34af08dff6adea4cb22b06612ba7acfa","name":"Ag\u00eancia iNFRA","image":{"@type":"ImageObject","inLanguage":"pt-BR","@id":"https:\/\/agenciainfra.com\/blog\/#\/schema\/person\/image\/","url":"https:\/\/secure.gravatar.com\/avatar\/d189e01678f06d8eb84d4e01f08eb848b3fffe3f8443818d3c356c66892f5be8?s=96&d=mm&r=g","contentUrl":"https:\/\/secure.gravatar.com\/avatar\/d189e01678f06d8eb84d4e01f08eb848b3fffe3f8443818d3c356c66892f5be8?s=96&d=mm&r=g","caption":"Ag\u00eancia iNFRA"},"url":"https:\/\/agenciainfra.com\/blog\/author\/admin\/"}]}},"_links":{"self":[{"href":"https:\/\/agenciainfra.com\/blog\/wp-json\/wp\/v2\/posts\/12680","targetHints":{"allow":["GET"]}}],"collection":[{"href":"https:\/\/agenciainfra.com\/blog\/wp-json\/wp\/v2\/posts"}],"about":[{"href":"https:\/\/agenciainfra.com\/blog\/wp-json\/wp\/v2\/types\/post"}],"author":[{"embeddable":true,"href":"https:\/\/agenciainfra.com\/blog\/wp-json\/wp\/v2\/users\/1"}],"replies":[{"embeddable":true,"href":"https:\/\/agenciainfra.com\/blog\/wp-json\/wp\/v2\/comments?post=12680"}],"version-history":[{"count":0,"href":"https:\/\/agenciainfra.com\/blog\/wp-json\/wp\/v2\/posts\/12680\/revisions"}],"wp:featuredmedia":[{"embeddable":true,"href":"https:\/\/agenciainfra.com\/blog\/wp-json\/wp\/v2\/media\/12147"}],"wp:attachment":[{"href":"https:\/\/agenciainfra.com\/blog\/wp-json\/wp\/v2\/media?parent=12680"}],"wp:term":[{"taxonomy":"category","embeddable":true,"href":"https:\/\/agenciainfra.com\/blog\/wp-json\/wp\/v2\/categories?post=12680"},{"taxonomy":"post_tag","embeddable":true,"href":"https:\/\/agenciainfra.com\/blog\/wp-json\/wp\/v2\/tags?post=12680"}],"curies":[{"name":"wp","href":"https:\/\/api.w.org\/{rel}","templated":true}]}}