{"id":12692,"date":"2023-05-22T09:00:00","date_gmt":"2023-05-22T12:00:00","guid":{"rendered":"https:\/\/www.agenciainfra.com\/blog\/?p=12692"},"modified":"2023-05-19T11:32:50","modified_gmt":"2023-05-19T14:32:50","slug":"diretor-geral-da-antt-apresenta-16-trechos-rodoviarios-em-estudos-para-concessoes-ate-2026","status":"publish","type":"post","link":"https:\/\/agenciainfra.com\/blog\/diretor-geral-da-antt-apresenta-16-trechos-rodoviarios-em-estudos-para-concessoes-ate-2026\/","title":{"rendered":"Diretor-geral da ANTT apresenta 16 trechos rodovi\u00e1rios em estudos para concess\u00f5es at\u00e9 2026"},"content":{"rendered":"\n<p class=\"has-text-align-right\"><strong>da&nbsp;Ag\u00eancia iNFRA<\/strong><\/p>\n\n\n\n<p>O\u00a0diretor-geral\u00a0da\u00a0ANTT\u00a0(Ag\u00eancia Nacional de Transportes Terrestres), Rafael Vitale, apresentou,\u00a0em\u00a0audi\u00eancia p\u00fablica na CVT (Comiss\u00e3o de Via\u00e7\u00e3o e Transportes)\u00a0da\u00a0C\u00e2mara dos Deputados,\u00a016\u00a0trechos\u00a0de rodovias que o governo estuda\u00a0para\u00a0conceder entre 2024 e\u00a02026.<br><br>De acordo com a\u00a0apresenta\u00e7\u00e3o realizada na \u00faltima quarta-feira (17), s\u00e3o 20 mil quil\u00f4metros\u00a0em\u00a0avalia\u00e7\u00e3o, considerando ainda as quatro\u00a0concess\u00f5es\u00a0que ser\u00e3o feitas neste ano. Isso acrescentar\u00e1 mais que o dobro das\u00a0concess\u00f5es\u00a0geridas pela ag\u00eancia atualmente, 13 mil quil\u00f4metros\u00a0em\u00a024 concession\u00e1rias.<br><br>Vitale informou que n\u00e3o \u00e9 poss\u00edvel precisar a sequ\u00eancia de leil\u00f5es, o que est\u00e1 sendo discutido com o Minist\u00e9rio dos Transportes. Mas ele foi cobrado pelo ex-ministro\u00a0da\u00a0Secretaria de Portos, o deputado Le\u00f4nidas Cristino (PSB-CE), sobre a capacidade\u00a0da\u00a0ag\u00eancia de fazer mais que o dobro das\u00a0concess\u00f5es\u00a0j\u00e1 feitas\u00a0em\u00a030 anos de programa num per\u00edodo t\u00e3o curto.<br><br>&#8220;\u00c9 um desafio&#8221;, reconheceu o\u00a0diretor-geral. &#8220;Mas n\u00e3o fazemos sozinhos. \u00c9\u00a0em\u00a0conjunto com o Minist\u00e9rio dos Transportes, a Casa Civil. E precisa de apoio pol\u00edtico.&#8221;<br><br><strong>Cobran\u00e7a sobre Via Bahia e Transbrasiliana<\/strong><br>O\u00a0diretor-geral\u00a0foi cobrado pelos deputados pelo desempenho abaixo do padr\u00e3o de v\u00e1rias\u00a0concess\u00f5es\u00a0rodovi\u00e1rias, principalmente a Via Bahia (BR-116\/BA), a Ecovias Araguaia (BR-153\/TO-GO) e a Transbrasiliana (BR-153\/SP).\u00a0<br><br>No caso\u00a0da\u00a0Via Bahia, Vitale afirmou que ap\u00f3s o acordo de recupera\u00e7\u00e3o\u00a0da\u00a0concess\u00e3o\u00a0da\u00a0BR-163\/MT, a solu\u00e7\u00e3o dessa concess\u00e3o \u00e9 a &#8220;prioridade\u00a0da\u00a0ag\u00eancia&#8221; e que est\u00e3o sendo feitas negocia\u00e7\u00f5es com a concession\u00e1ria\u00a0para\u00a0a retomada dos investimentos.<br><br>J\u00e1\u00a0em\u00a0rela\u00e7\u00e3o \u00e0 Transbrasiliana, Vitale afirmou que a concession\u00e1ria est\u00e1 num regime que ele classificou de &#8220;pr\u00e9-caducidade&#8221; e que tem\u00a0at\u00e9\u00a0janeiro de 2024\u00a0para\u00a0se adequar, de acordo com um plano aprovado pela ag\u00eancia sobre o tema. Ele criticou a judicializa\u00e7\u00e3o que \u00e9 feita pela concession\u00e1ria.\u00a0<br><br><strong>Free flow<\/strong><br>Vitale foi duramente questionado pelo deputado Antonio\u00a0Carlos Rodrigues (PL-SP), ex-ministro dos Transportes, sobre o sistema de free flow na concess\u00e3o\u00a0da\u00a0CCR Rio-SP, indicando que o governo estava assumindo risco\u00a0da\u00a0concession\u00e1ria de inadimpl\u00eancia. Vitale explicou que o risco n\u00e3o est\u00e1 sendo assumido no trecho de Guarulhos (SP), onde o contrato prev\u00ea que \u00e9 100%\u00a0da\u00a0concession\u00e1ria.<br><br>Mas que, na implanta\u00e7\u00e3o\u00a0em\u00a0regime de experi\u00eancia regulat\u00f3ria (sandbox) que foi aprovado\u00a0para\u00a0a troca do ped\u00e1gio tradicional pelo modelo de free flow na BR-101 no Rio de Janeiro, o governo assumiu parte desse risco. Vitale disse que, somente ap\u00f3s o fim dos testes,\u00a0em\u00a0dois anos, \u00e9 que ser\u00e1 definido um padr\u00e3o de risco de inadimpl\u00eancia\u00a0para\u00a0o modelo de free flow.<br><br><strong>Passageiros<\/strong><br>O tema do transporte rodovi\u00e1rio de passageiros tamb\u00e9m foi motivo de cobran\u00e7a dos parlamentares sobre o\u00a0diretor-geral, parte deles indicando que a\u00a0ANTT\u00a0\u00e9 frouxa com a fiscaliza\u00e7\u00e3o do transporte clandestino, e parte, que a ag\u00eancia \u00e9 rigorosa com esse tipo de fiscaliza\u00e7\u00e3o.<br><br>Sobre o tema, ele prometeu que a ag\u00eancia vai concluir o processo de regulamenta\u00e7\u00e3o\u00a0at\u00e9\u00a0outubro e que haver\u00e1 uma audi\u00eancia p\u00fablica espec\u00edfica sobre a chamada viabilidade econ\u00f4mica\u00a0para\u00a0a autoriza\u00e7\u00e3o de novas linhas antes de definir a regulamenta\u00e7\u00e3o. Ele afirmou que o intuito\u00a0da\u00a0ag\u00eancia \u00e9 &#8220;incentivar a competi\u00e7\u00e3o&#8221; no setor.<br><br>O deputado Z\u00e9 Trov\u00e3o (PL-SC) tamb\u00e9m reclamou que a ag\u00eancia est\u00e1 permitindo a cobran\u00e7a de ped\u00e1gio pelo eixo suspenso de caminh\u00f5es que est\u00e3o transportando cont\u00eaineres vazios, que\u00a0para\u00a0ele n\u00e3o \u00e9 uma carga. Vitale pediu mais dados e prometeu que a quest\u00e3o vai ser estudada.<\/p>\n","protected":false},"excerpt":{"rendered":"<p>da&nbsp;Ag\u00eancia iNFRA O\u00a0diretor-geral\u00a0da\u00a0ANTT\u00a0(Ag\u00eancia Nacional de Transportes Terrestres), Rafael Vitale, apresentou,\u00a0em\u00a0audi\u00eancia p\u00fablica na CVT (Comiss\u00e3o de Via\u00e7\u00e3o e Transportes)\u00a0da\u00a0C\u00e2mara dos Deputados,\u00a016\u00a0trechos\u00a0de rodovias que o governo estuda\u00a0para\u00a0conceder entre 2024 e\u00a02026. De acordo com a\u00a0apresenta\u00e7\u00e3o realizada na \u00faltima quarta-feira (17), s\u00e3o 20 mil quil\u00f4metros\u00a0em\u00a0avalia\u00e7\u00e3o, considerando ainda as quatro\u00a0concess\u00f5es\u00a0que ser\u00e3o feitas neste ano. Isso acrescentar\u00e1 mais que o dobro [&hellip;]<\/p>\n","protected":false},"author":1,"featured_media":12693,"comment_status":"closed","ping_status":"closed","sticky":false,"template":"","format":"standard","meta":{"_monsterinsights_skip_tracking":false,"_monsterinsights_sitenote_active":false,"_monsterinsights_sitenote_note":"","_monsterinsights_sitenote_category":0,"footnotes":""},"categories":[1,7],"tags":[19,305,1344,78,118,6756,5757,6755,16,4611,126,652,1220],"class_list":["post-12692","post","type-post","status-publish","format-standard","has-post-thumbnail","hentry","category-geral","category-infratransporte","tag-antt","tag-camara-dos-deputados","tag-casa-civil","tag-concessoes","tag-cvt","tag-ecovias-araguaia","tag-estudos","tag-leonidas-cristino","tag-ministerio-dos-transportes","tag-rafael-vitale","tag-rodovias","tag-transbrasiliana","tag-via-bahia"],"yoast_head":"<!-- This site is optimized with the Yoast SEO Premium plugin v25.4 (Yoast SEO v26.0) - https:\/\/yoast.com\/wordpress\/plugins\/seo\/ -->\n<title>Diretor-geral da ANTT apresenta 16 trechos rodovi\u00e1rios em estudos para concess\u00f5es at\u00e9 2026 - Ag\u00eancia iNFRA<\/title>\n<meta name=\"robots\" content=\"index, follow, max-snippet:-1, max-image-preview:large, max-video-preview:-1\" \/>\n<link rel=\"canonical\" href=\"https:\/\/agenciainfra.com\/blog\/diretor-geral-da-antt-apresenta-16-trechos-rodoviarios-em-estudos-para-concessoes-ate-2026\/\" \/>\n<meta property=\"og:locale\" content=\"pt_BR\" \/>\n<meta property=\"og:type\" content=\"article\" \/>\n<meta property=\"og:title\" content=\"Diretor-geral da ANTT apresenta 16 trechos rodovi\u00e1rios em estudos para concess\u00f5es at\u00e9 2026\" \/>\n<meta property=\"og:description\" content=\"da&nbsp;Ag\u00eancia iNFRA O\u00a0diretor-geral\u00a0da\u00a0ANTT\u00a0(Ag\u00eancia Nacional de Transportes Terrestres), Rafael Vitale, apresentou,\u00a0em\u00a0audi\u00eancia p\u00fablica na CVT (Comiss\u00e3o de Via\u00e7\u00e3o e Transportes)\u00a0da\u00a0C\u00e2mara dos Deputados,\u00a016\u00a0trechos\u00a0de rodovias que o governo estuda\u00a0para\u00a0conceder entre 2024 e\u00a02026. De acordo com a\u00a0apresenta\u00e7\u00e3o realizada na \u00faltima quarta-feira (17), s\u00e3o 20 mil quil\u00f4metros\u00a0em\u00a0avalia\u00e7\u00e3o, considerando ainda as quatro\u00a0concess\u00f5es\u00a0que ser\u00e3o feitas neste ano. Isso acrescentar\u00e1 mais que o dobro [&hellip;]\" \/>\n<meta property=\"og:url\" content=\"https:\/\/agenciainfra.com\/blog\/diretor-geral-da-antt-apresenta-16-trechos-rodoviarios-em-estudos-para-concessoes-ate-2026\/\" \/>\n<meta property=\"og:site_name\" content=\"Ag\u00eancia iNFRA\" \/>\n<meta property=\"article:publisher\" content=\"https:\/\/www.facebook.com\/ageninfra\" \/>\n<meta property=\"article:published_time\" content=\"2023-05-22T12:00:00+00:00\" \/>\n<meta property=\"og:image\" content=\"https:\/\/agenciainfra.com\/blog\/wp-content\/uploads\/2023\/05\/rafael-vitale-foto-agencia-camara.jpg\" \/>\n\t<meta property=\"og:image:width\" content=\"1202\" \/>\n\t<meta property=\"og:image:height\" content=\"802\" \/>\n\t<meta property=\"og:image:type\" content=\"image\/jpeg\" \/>\n<meta name=\"author\" content=\"Ag\u00eancia iNFRA\" \/>\n<meta name=\"twitter:card\" content=\"summary_large_image\" \/>\n<meta name=\"twitter:creator\" content=\"@agencia_infra\" \/>\n<meta name=\"twitter:site\" content=\"@agencia_infra\" \/>\n<meta name=\"twitter:label1\" content=\"Escrito por\" \/>\n\t<meta name=\"twitter:data1\" content=\"Ag\u00eancia iNFRA\" \/>\n\t<meta name=\"twitter:label2\" content=\"Est. tempo de leitura\" \/>\n\t<meta name=\"twitter:data2\" content=\"3 minutos\" \/>\n<script type=\"application\/ld+json\" class=\"yoast-schema-graph\">{\"@context\":\"https:\/\/schema.org\",\"@graph\":[{\"@type\":\"Article\",\"@id\":\"https:\/\/agenciainfra.com\/blog\/diretor-geral-da-antt-apresenta-16-trechos-rodoviarios-em-estudos-para-concessoes-ate-2026\/#article\",\"isPartOf\":{\"@id\":\"https:\/\/agenciainfra.com\/blog\/diretor-geral-da-antt-apresenta-16-trechos-rodoviarios-em-estudos-para-concessoes-ate-2026\/\"},\"author\":{\"name\":\"Ag\u00eancia iNFRA\",\"@id\":\"https:\/\/agenciainfra.com\/blog\/#\/schema\/person\/34af08dff6adea4cb22b06612ba7acfa\"},\"headline\":\"Diretor-geral da ANTT apresenta 16 trechos rodovi\u00e1rios em estudos para concess\u00f5es at\u00e9 2026\",\"datePublished\":\"2023-05-22T12:00:00+00:00\",\"mainEntityOfPage\":{\"@id\":\"https:\/\/agenciainfra.com\/blog\/diretor-geral-da-antt-apresenta-16-trechos-rodoviarios-em-estudos-para-concessoes-ate-2026\/\"},\"wordCount\":644,\"publisher\":{\"@id\":\"https:\/\/agenciainfra.com\/blog\/#organization\"},\"image\":{\"@id\":\"https:\/\/agenciainfra.com\/blog\/diretor-geral-da-antt-apresenta-16-trechos-rodoviarios-em-estudos-para-concessoes-ate-2026\/#primaryimage\"},\"thumbnailUrl\":\"https:\/\/agenciainfra.com\/blog\/wp-content\/uploads\/2023\/05\/rafael-vitale-foto-agencia-camara.jpg\",\"keywords\":[\"ANTT\",\"C\u00e2mara dos Deputados\",\"Casa Civil\",\"concess\u00f5es\",\"CVT\",\"Ecovias Araguaia\",\"estudos\",\"Le\u00f4nidas Cristino\",\"minist\u00e9rio dos transportes\",\"Rafael Vitale\",\"rodovias\",\"Transbrasiliana\",\"Via Bahia\"],\"articleSection\":[\"Geral\",\"iNFRATransporte\"],\"inLanguage\":\"pt-BR\",\"copyrightYear\":\"2023\",\"copyrightHolder\":{\"@id\":\"https:\/\/agenciainfra.com\/blog\/#organization\"}},{\"@type\":\"WebPage\",\"@id\":\"https:\/\/agenciainfra.com\/blog\/diretor-geral-da-antt-apresenta-16-trechos-rodoviarios-em-estudos-para-concessoes-ate-2026\/\",\"url\":\"https:\/\/agenciainfra.com\/blog\/diretor-geral-da-antt-apresenta-16-trechos-rodoviarios-em-estudos-para-concessoes-ate-2026\/\",\"name\":\"Diretor-geral da ANTT apresenta 16 trechos rodovi\u00e1rios em estudos para concess\u00f5es at\u00e9 2026 - Ag\u00eancia iNFRA\",\"isPartOf\":{\"@id\":\"https:\/\/agenciainfra.com\/blog\/#website\"},\"primaryImageOfPage\":{\"@id\":\"https:\/\/agenciainfra.com\/blog\/diretor-geral-da-antt-apresenta-16-trechos-rodoviarios-em-estudos-para-concessoes-ate-2026\/#primaryimage\"},\"image\":{\"@id\":\"https:\/\/agenciainfra.com\/blog\/diretor-geral-da-antt-apresenta-16-trechos-rodoviarios-em-estudos-para-concessoes-ate-2026\/#primaryimage\"},\"thumbnailUrl\":\"https:\/\/agenciainfra.com\/blog\/wp-content\/uploads\/2023\/05\/rafael-vitale-foto-agencia-camara.jpg\",\"datePublished\":\"2023-05-22T12:00:00+00:00\",\"breadcrumb\":{\"@id\":\"https:\/\/agenciainfra.com\/blog\/diretor-geral-da-antt-apresenta-16-trechos-rodoviarios-em-estudos-para-concessoes-ate-2026\/#breadcrumb\"},\"inLanguage\":\"pt-BR\",\"potentialAction\":[{\"@type\":\"ReadAction\",\"target\":[\"https:\/\/agenciainfra.com\/blog\/diretor-geral-da-antt-apresenta-16-trechos-rodoviarios-em-estudos-para-concessoes-ate-2026\/\"]}]},{\"@type\":\"ImageObject\",\"inLanguage\":\"pt-BR\",\"@id\":\"https:\/\/agenciainfra.com\/blog\/diretor-geral-da-antt-apresenta-16-trechos-rodoviarios-em-estudos-para-concessoes-ate-2026\/#primaryimage\",\"url\":\"https:\/\/agenciainfra.com\/blog\/wp-content\/uploads\/2023\/05\/rafael-vitale-foto-agencia-camara.jpg\",\"contentUrl\":\"https:\/\/agenciainfra.com\/blog\/wp-content\/uploads\/2023\/05\/rafael-vitale-foto-agencia-camara.jpg\",\"width\":1202,\"height\":802},{\"@type\":\"BreadcrumbList\",\"@id\":\"https:\/\/agenciainfra.com\/blog\/diretor-geral-da-antt-apresenta-16-trechos-rodoviarios-em-estudos-para-concessoes-ate-2026\/#breadcrumb\",\"itemListElement\":[{\"@type\":\"ListItem\",\"position\":1,\"name\":\"In\u00edcio\",\"item\":\"https:\/\/agenciainfra.com\/blog\/\"},{\"@type\":\"ListItem\",\"position\":2,\"name\":\"Diretor-geral da ANTT apresenta 16 trechos rodovi\u00e1rios em estudos para concess\u00f5es at\u00e9 2026\"}]},{\"@type\":\"WebSite\",\"@id\":\"https:\/\/agenciainfra.com\/blog\/#website\",\"url\":\"https:\/\/agenciainfra.com\/blog\/\",\"name\":\"Ag\u00eancia iNFRA\",\"description\":\"Multiplataforma de informa\u00e7\u00e3o jornal\u00edstica refer\u00eancia na \u00e1rea de infraestrutura no Brasil!\",\"publisher\":{\"@id\":\"https:\/\/agenciainfra.com\/blog\/#organization\"},\"potentialAction\":[{\"@type\":\"SearchAction\",\"target\":{\"@type\":\"EntryPoint\",\"urlTemplate\":\"https:\/\/agenciainfra.com\/blog\/?s={search_term_string}\"},\"query-input\":{\"@type\":\"PropertyValueSpecification\",\"valueRequired\":true,\"valueName\":\"search_term_string\"}}],\"inLanguage\":\"pt-BR\"},{\"@type\":\"Organization\",\"@id\":\"https:\/\/agenciainfra.com\/blog\/#organization\",\"name\":\"Ag\u00eancia iNFRA\",\"url\":\"https:\/\/agenciainfra.com\/blog\/\",\"logo\":{\"@type\":\"ImageObject\",\"inLanguage\":\"pt-BR\",\"@id\":\"https:\/\/agenciainfra.com\/blog\/#\/schema\/logo\/image\/\",\"url\":\"https:\/\/agenciainfra.com\/blog\/wp-content\/uploads\/2023\/09\/iNFRA_5-e1761735885940.png\",\"contentUrl\":\"https:\/\/agenciainfra.com\/blog\/wp-content\/uploads\/2023\/09\/iNFRA_5-e1761735885940.png\",\"width\":1672,\"height\":454,\"caption\":\"Ag\u00eancia iNFRA\"},\"image\":{\"@id\":\"https:\/\/agenciainfra.com\/blog\/#\/schema\/logo\/image\/\"},\"sameAs\":[\"https:\/\/www.facebook.com\/ageninfra\",\"https:\/\/x.com\/agencia_infra\",\"https:\/\/www.linkedin.com\/company\/ag\u00eanciainfra\/\",\"https:\/\/www.instagram.com\/agenciainfra\/\"]},{\"@type\":\"Person\",\"@id\":\"https:\/\/agenciainfra.com\/blog\/#\/schema\/person\/34af08dff6adea4cb22b06612ba7acfa\",\"name\":\"Ag\u00eancia iNFRA\",\"image\":{\"@type\":\"ImageObject\",\"inLanguage\":\"pt-BR\",\"@id\":\"https:\/\/agenciainfra.com\/blog\/#\/schema\/person\/image\/\",\"url\":\"https:\/\/secure.gravatar.com\/avatar\/d189e01678f06d8eb84d4e01f08eb848b3fffe3f8443818d3c356c66892f5be8?s=96&d=mm&r=g\",\"contentUrl\":\"https:\/\/secure.gravatar.com\/avatar\/d189e01678f06d8eb84d4e01f08eb848b3fffe3f8443818d3c356c66892f5be8?s=96&d=mm&r=g\",\"caption\":\"Ag\u00eancia iNFRA\"},\"url\":\"https:\/\/agenciainfra.com\/blog\/author\/admin\/\"}]}<\/script>\n<!-- \/ Yoast SEO Premium plugin. -->","yoast_head_json":{"title":"Diretor-geral da ANTT apresenta 16 trechos rodovi\u00e1rios em estudos para concess\u00f5es at\u00e9 2026 - Ag\u00eancia iNFRA","robots":{"index":"index","follow":"follow","max-snippet":"max-snippet:-1","max-image-preview":"max-image-preview:large","max-video-preview":"max-video-preview:-1"},"canonical":"https:\/\/agenciainfra.com\/blog\/diretor-geral-da-antt-apresenta-16-trechos-rodoviarios-em-estudos-para-concessoes-ate-2026\/","og_locale":"pt_BR","og_type":"article","og_title":"Diretor-geral da ANTT apresenta 16 trechos rodovi\u00e1rios em estudos para concess\u00f5es at\u00e9 2026","og_description":"da&nbsp;Ag\u00eancia iNFRA O\u00a0diretor-geral\u00a0da\u00a0ANTT\u00a0(Ag\u00eancia Nacional de Transportes Terrestres), Rafael Vitale, apresentou,\u00a0em\u00a0audi\u00eancia p\u00fablica na CVT (Comiss\u00e3o de Via\u00e7\u00e3o e Transportes)\u00a0da\u00a0C\u00e2mara dos Deputados,\u00a016\u00a0trechos\u00a0de rodovias que o governo estuda\u00a0para\u00a0conceder entre 2024 e\u00a02026. De acordo com a\u00a0apresenta\u00e7\u00e3o realizada na \u00faltima quarta-feira (17), s\u00e3o 20 mil quil\u00f4metros\u00a0em\u00a0avalia\u00e7\u00e3o, considerando ainda as quatro\u00a0concess\u00f5es\u00a0que ser\u00e3o feitas neste ano. Isso acrescentar\u00e1 mais que o dobro [&hellip;]","og_url":"https:\/\/agenciainfra.com\/blog\/diretor-geral-da-antt-apresenta-16-trechos-rodoviarios-em-estudos-para-concessoes-ate-2026\/","og_site_name":"Ag\u00eancia iNFRA","article_publisher":"https:\/\/www.facebook.com\/ageninfra","article_published_time":"2023-05-22T12:00:00+00:00","og_image":[{"width":1202,"height":802,"url":"https:\/\/agenciainfra.com\/blog\/wp-content\/uploads\/2023\/05\/rafael-vitale-foto-agencia-camara.jpg","type":"image\/jpeg"}],"author":"Ag\u00eancia iNFRA","twitter_card":"summary_large_image","twitter_creator":"@agencia_infra","twitter_site":"@agencia_infra","twitter_misc":{"Escrito por":"Ag\u00eancia iNFRA","Est. tempo de leitura":"3 minutos"},"schema":{"@context":"https:\/\/schema.org","@graph":[{"@type":"Article","@id":"https:\/\/agenciainfra.com\/blog\/diretor-geral-da-antt-apresenta-16-trechos-rodoviarios-em-estudos-para-concessoes-ate-2026\/#article","isPartOf":{"@id":"https:\/\/agenciainfra.com\/blog\/diretor-geral-da-antt-apresenta-16-trechos-rodoviarios-em-estudos-para-concessoes-ate-2026\/"},"author":{"name":"Ag\u00eancia iNFRA","@id":"https:\/\/agenciainfra.com\/blog\/#\/schema\/person\/34af08dff6adea4cb22b06612ba7acfa"},"headline":"Diretor-geral da ANTT apresenta 16 trechos rodovi\u00e1rios em estudos para concess\u00f5es at\u00e9 2026","datePublished":"2023-05-22T12:00:00+00:00","mainEntityOfPage":{"@id":"https:\/\/agenciainfra.com\/blog\/diretor-geral-da-antt-apresenta-16-trechos-rodoviarios-em-estudos-para-concessoes-ate-2026\/"},"wordCount":644,"publisher":{"@id":"https:\/\/agenciainfra.com\/blog\/#organization"},"image":{"@id":"https:\/\/agenciainfra.com\/blog\/diretor-geral-da-antt-apresenta-16-trechos-rodoviarios-em-estudos-para-concessoes-ate-2026\/#primaryimage"},"thumbnailUrl":"https:\/\/agenciainfra.com\/blog\/wp-content\/uploads\/2023\/05\/rafael-vitale-foto-agencia-camara.jpg","keywords":["ANTT","C\u00e2mara dos Deputados","Casa Civil","concess\u00f5es","CVT","Ecovias Araguaia","estudos","Le\u00f4nidas Cristino","minist\u00e9rio dos transportes","Rafael Vitale","rodovias","Transbrasiliana","Via Bahia"],"articleSection":["Geral","iNFRATransporte"],"inLanguage":"pt-BR","copyrightYear":"2023","copyrightHolder":{"@id":"https:\/\/agenciainfra.com\/blog\/#organization"}},{"@type":"WebPage","@id":"https:\/\/agenciainfra.com\/blog\/diretor-geral-da-antt-apresenta-16-trechos-rodoviarios-em-estudos-para-concessoes-ate-2026\/","url":"https:\/\/agenciainfra.com\/blog\/diretor-geral-da-antt-apresenta-16-trechos-rodoviarios-em-estudos-para-concessoes-ate-2026\/","name":"Diretor-geral da ANTT apresenta 16 trechos rodovi\u00e1rios em estudos para concess\u00f5es at\u00e9 2026 - Ag\u00eancia iNFRA","isPartOf":{"@id":"https:\/\/agenciainfra.com\/blog\/#website"},"primaryImageOfPage":{"@id":"https:\/\/agenciainfra.com\/blog\/diretor-geral-da-antt-apresenta-16-trechos-rodoviarios-em-estudos-para-concessoes-ate-2026\/#primaryimage"},"image":{"@id":"https:\/\/agenciainfra.com\/blog\/diretor-geral-da-antt-apresenta-16-trechos-rodoviarios-em-estudos-para-concessoes-ate-2026\/#primaryimage"},"thumbnailUrl":"https:\/\/agenciainfra.com\/blog\/wp-content\/uploads\/2023\/05\/rafael-vitale-foto-agencia-camara.jpg","datePublished":"2023-05-22T12:00:00+00:00","breadcrumb":{"@id":"https:\/\/agenciainfra.com\/blog\/diretor-geral-da-antt-apresenta-16-trechos-rodoviarios-em-estudos-para-concessoes-ate-2026\/#breadcrumb"},"inLanguage":"pt-BR","potentialAction":[{"@type":"ReadAction","target":["https:\/\/agenciainfra.com\/blog\/diretor-geral-da-antt-apresenta-16-trechos-rodoviarios-em-estudos-para-concessoes-ate-2026\/"]}]},{"@type":"ImageObject","inLanguage":"pt-BR","@id":"https:\/\/agenciainfra.com\/blog\/diretor-geral-da-antt-apresenta-16-trechos-rodoviarios-em-estudos-para-concessoes-ate-2026\/#primaryimage","url":"https:\/\/agenciainfra.com\/blog\/wp-content\/uploads\/2023\/05\/rafael-vitale-foto-agencia-camara.jpg","contentUrl":"https:\/\/agenciainfra.com\/blog\/wp-content\/uploads\/2023\/05\/rafael-vitale-foto-agencia-camara.jpg","width":1202,"height":802},{"@type":"BreadcrumbList","@id":"https:\/\/agenciainfra.com\/blog\/diretor-geral-da-antt-apresenta-16-trechos-rodoviarios-em-estudos-para-concessoes-ate-2026\/#breadcrumb","itemListElement":[{"@type":"ListItem","position":1,"name":"In\u00edcio","item":"https:\/\/agenciainfra.com\/blog\/"},{"@type":"ListItem","position":2,"name":"Diretor-geral da ANTT apresenta 16 trechos rodovi\u00e1rios em estudos para concess\u00f5es at\u00e9 2026"}]},{"@type":"WebSite","@id":"https:\/\/agenciainfra.com\/blog\/#website","url":"https:\/\/agenciainfra.com\/blog\/","name":"Ag\u00eancia iNFRA","description":"Multiplataforma de informa\u00e7\u00e3o jornal\u00edstica refer\u00eancia na \u00e1rea de infraestrutura no Brasil!","publisher":{"@id":"https:\/\/agenciainfra.com\/blog\/#organization"},"potentialAction":[{"@type":"SearchAction","target":{"@type":"EntryPoint","urlTemplate":"https:\/\/agenciainfra.com\/blog\/?s={search_term_string}"},"query-input":{"@type":"PropertyValueSpecification","valueRequired":true,"valueName":"search_term_string"}}],"inLanguage":"pt-BR"},{"@type":"Organization","@id":"https:\/\/agenciainfra.com\/blog\/#organization","name":"Ag\u00eancia iNFRA","url":"https:\/\/agenciainfra.com\/blog\/","logo":{"@type":"ImageObject","inLanguage":"pt-BR","@id":"https:\/\/agenciainfra.com\/blog\/#\/schema\/logo\/image\/","url":"https:\/\/agenciainfra.com\/blog\/wp-content\/uploads\/2023\/09\/iNFRA_5-e1761735885940.png","contentUrl":"https:\/\/agenciainfra.com\/blog\/wp-content\/uploads\/2023\/09\/iNFRA_5-e1761735885940.png","width":1672,"height":454,"caption":"Ag\u00eancia iNFRA"},"image":{"@id":"https:\/\/agenciainfra.com\/blog\/#\/schema\/logo\/image\/"},"sameAs":["https:\/\/www.facebook.com\/ageninfra","https:\/\/x.com\/agencia_infra","https:\/\/www.linkedin.com\/company\/ag\u00eanciainfra\/","https:\/\/www.instagram.com\/agenciainfra\/"]},{"@type":"Person","@id":"https:\/\/agenciainfra.com\/blog\/#\/schema\/person\/34af08dff6adea4cb22b06612ba7acfa","name":"Ag\u00eancia iNFRA","image":{"@type":"ImageObject","inLanguage":"pt-BR","@id":"https:\/\/agenciainfra.com\/blog\/#\/schema\/person\/image\/","url":"https:\/\/secure.gravatar.com\/avatar\/d189e01678f06d8eb84d4e01f08eb848b3fffe3f8443818d3c356c66892f5be8?s=96&d=mm&r=g","contentUrl":"https:\/\/secure.gravatar.com\/avatar\/d189e01678f06d8eb84d4e01f08eb848b3fffe3f8443818d3c356c66892f5be8?s=96&d=mm&r=g","caption":"Ag\u00eancia iNFRA"},"url":"https:\/\/agenciainfra.com\/blog\/author\/admin\/"}]}},"_links":{"self":[{"href":"https:\/\/agenciainfra.com\/blog\/wp-json\/wp\/v2\/posts\/12692","targetHints":{"allow":["GET"]}}],"collection":[{"href":"https:\/\/agenciainfra.com\/blog\/wp-json\/wp\/v2\/posts"}],"about":[{"href":"https:\/\/agenciainfra.com\/blog\/wp-json\/wp\/v2\/types\/post"}],"author":[{"embeddable":true,"href":"https:\/\/agenciainfra.com\/blog\/wp-json\/wp\/v2\/users\/1"}],"replies":[{"embeddable":true,"href":"https:\/\/agenciainfra.com\/blog\/wp-json\/wp\/v2\/comments?post=12692"}],"version-history":[{"count":0,"href":"https:\/\/agenciainfra.com\/blog\/wp-json\/wp\/v2\/posts\/12692\/revisions"}],"wp:featuredmedia":[{"embeddable":true,"href":"https:\/\/agenciainfra.com\/blog\/wp-json\/wp\/v2\/media\/12693"}],"wp:attachment":[{"href":"https:\/\/agenciainfra.com\/blog\/wp-json\/wp\/v2\/media?parent=12692"}],"wp:term":[{"taxonomy":"category","embeddable":true,"href":"https:\/\/agenciainfra.com\/blog\/wp-json\/wp\/v2\/categories?post=12692"},{"taxonomy":"post_tag","embeddable":true,"href":"https:\/\/agenciainfra.com\/blog\/wp-json\/wp\/v2\/tags?post=12692"}],"curies":[{"name":"wp","href":"https:\/\/api.w.org\/{rel}","templated":true}]}}