{"id":12730,"date":"2023-05-26T11:00:00","date_gmt":"2023-05-26T14:00:00","guid":{"rendered":"https:\/\/www.agenciainfra.com\/blog\/?p=12730"},"modified":"2023-05-26T10:13:42","modified_gmt":"2023-05-26T13:13:42","slug":"light-empresa-busca-reajuste-extra-mas-aneel-diz-que-concessao-esta-equilibrada","status":"publish","type":"post","link":"https:\/\/agenciainfra.com\/blog\/light-empresa-busca-reajuste-extra-mas-aneel-diz-que-concessao-esta-equilibrada\/","title":{"rendered":"Light: empresa busca reajuste extra, mas ANEEL diz que concess\u00e3o est\u00e1 \u201cequilibrada\u201d"},"content":{"rendered":"\n<p class=\"has-text-align-right\"><strong>Roberto Rockmann e Marisa Wanzeller, da&nbsp;Ag\u00eancia iNFRA<\/strong><\/p>\n\n\n\n<p>O an\u00fancio do governo federal de que a CP (Consulta P\u00fablica) referente ao processo de renova\u00e7\u00e3o ou n\u00e3o dos contratos de distribui\u00e7\u00e3o dever\u00e1 ser aberta em um m\u00eas poder\u00e1 colocar ainda mais press\u00e3o sobre a negocia\u00e7\u00e3o da Light com a ANEEL (Ag\u00eancia Nacional de Energia El\u00e9trica) em rela\u00e7\u00e3o \u00e0 RTE (Recomposi\u00e7\u00e3o Tarif\u00e1ria Extraordin\u00e1ria).<br><br>H\u00e1 rumores de que a empresa estaria buscando um reajuste de pelo menos 5% para equilibrar suas contas e reduzir o impacto das perdas n\u00e3o t\u00e9cnicas em sua \u00e1rea de concess\u00e3o.<br><br>O diretor-geral da ANEEL, Sandoval Feitosa, sinalizou nesta quinta-feira (25) que o pleito de recomposi\u00e7\u00e3o extraordin\u00e1ria tarif\u00e1ria est\u00e1 em an\u00e1lise pela ag\u00eancia reguladora, mas a discuss\u00e3o n\u00e3o \u00e9 f\u00e1cil.<br><br>\u201cEu fui o relator da regra que disciplinava as perdas n\u00e3o t\u00e9cnicas, a norma que trata desse tema, ela foi aprovada salvo engano no final de 2021. Em 2022, n\u00f3s fizemos o reajuste da Light sobre essas regras e nenhum problema foi identificado\u201d, disse Sandoval em evento de premia\u00e7\u00e3o sobre satisfa\u00e7\u00e3o dos consumidores promovido pela ANEEL.<br><br>O diretor-geral completou: \u201cO reajuste foi concedido e, quando voc\u00ea faz um processo de revis\u00e3o, voc\u00ea equilibra a concess\u00e3o. Ent\u00e3o, a concess\u00e3o da Light e de todas as empresas que passam por revis\u00e3o est\u00e3o, a crit\u00e9rio e a ju\u00edzo da ANEEL, equilibradas. Ent\u00e3o, um processo de reajuste aconteceu esse ano, foi suscitada essa discuss\u00e3o, mas a concess\u00e3o encontra-se equilibrada\u201d.<br><br>Em mar\u00e7o, em decis\u00e3o sobre o reajuste anual da Light, a diretoria do \u00f3rg\u00e3o regulador determinou \u00e0s \u00e1reas t\u00e9cnicas que avaliem questionamentos da distribuidora sobre perdas n\u00e3o t\u00e9cnicas e de diferen\u00e7a de mercado faturado, com o pedido de revis\u00e3o tarif\u00e1ria extraordin\u00e1ria.<br><br>Segundo um consultor, os pedidos de altera\u00e7\u00e3o da metodologia de c\u00e1lculo de perdas n\u00e3o t\u00e9cnicas, apresentados pela Light no seu processo de reajuste tarif\u00e1rio de mar\u00e7o, poderiam ser convertidos em pedido de recomposi\u00e7\u00e3o tarif\u00e1ria extraordin\u00e1ria, mas sua aplica\u00e7\u00e3o \u00e9 no m\u00ednimo longa. \u201cA dificuldade \u00e9 que, para ser aplicada, haveria a necessidade de aprovar uma altera\u00e7\u00e3o metodol\u00f3gica no M\u00f3dulo 2.6 dos Procedimentos de Regula\u00e7\u00e3o Tarif\u00e1ria. Isso depende de consulta p\u00fablica.\u201d<br><br><strong>Interven\u00e7\u00e3o<\/strong><br>No mesmo evento, Sandoval Feitosa disse que poderia ser feita a qualquer momento uma interven\u00e7\u00e3o na Light, desde que houvesse necessidade de a\u00e7\u00e3o mais \u201cen\u00e9rgica\u201d da reguladora. Apesar disso, destacou que n\u00e3o \u00e9 o cen\u00e1rio atual.<br><br>\u201cA Light hoje est\u00e1 sob acompanhamento da \u00e1rea de fiscaliza\u00e7\u00e3o econ\u00f4mica e financeira de mercado. No momento atual, a Light est\u00e1 prestando informa\u00e7\u00f5es para a nossa superintend\u00eancia e, havendo a necessidade de uma a\u00e7\u00e3o mais en\u00e9rgica da ANEEL, est\u00e1 previsto em lei, e a ANEEL pode faz\u00ea-lo a qualquer momento, uma vez comprovados riscos \u00e0 preserva\u00e7\u00e3o e continuidade do servi\u00e7o\u201d, afirmou. O diretor-geral destacou que, neste momento, \u201ca Light n\u00e3o descumpre nenhuma obriga\u00e7\u00e3o setorial\u201d.<br><br>O secret\u00e1rio de Energia El\u00e9trica do Minist\u00e9rio de Minas e Energia, Gentil Nogueira, disse na cerim\u00f4nia que a Consulta P\u00fablica sobre renova\u00e7\u00e3o da concess\u00e3o das distribuidoras dever\u00e1 come\u00e7ar entre 22 e 25 de junho, conforme acordado com o TCU (Tribunal de Contas da Uni\u00e3o).<\/p>\n","protected":false},"excerpt":{"rendered":"<p>Roberto Rockmann e Marisa Wanzeller, da&nbsp;Ag\u00eancia iNFRA O an\u00fancio do governo federal de que a CP (Consulta P\u00fablica) referente ao processo de renova\u00e7\u00e3o ou n\u00e3o dos contratos de distribui\u00e7\u00e3o dever\u00e1 ser aberta em um m\u00eas poder\u00e1 colocar ainda mais press\u00e3o sobre a negocia\u00e7\u00e3o da Light com a ANEEL (Ag\u00eancia Nacional de Energia El\u00e9trica) em rela\u00e7\u00e3o [&hellip;]<\/p>\n","protected":false},"author":1,"featured_media":2508,"comment_status":"closed","ping_status":"closed","sticky":false,"template":"","format":"standard","meta":{"_monsterinsights_skip_tracking":false,"_monsterinsights_sitenote_active":false,"_monsterinsights_sitenote_note":"","_monsterinsights_sitenote_category":0,"footnotes":""},"categories":[1,10],"tags":[53,345,6781,1867,96,3572,1083,226,2043,1026],"class_list":["post-12730","post","type-post","status-publish","format-standard","has-post-thumbnail","hentry","category-geral","category-infraenergia","tag-aneel","tag-consulta-publica","tag-gentil-nogueira","tag-light","tag-ministerio-de-minas-e-energia","tag-reajuste","tag-regulacao-tarifaria","tag-renovacao","tag-rte","tag-sandoval-feitosa"],"yoast_head":"<!-- This site is optimized with the Yoast SEO Premium plugin v25.4 (Yoast SEO v26.0) - https:\/\/yoast.com\/wordpress\/plugins\/seo\/ -->\n<title>Light: empresa busca reajuste extra, mas ANEEL diz que concess\u00e3o est\u00e1 \u201cequilibrada\u201d - Ag\u00eancia iNFRA<\/title>\n<meta name=\"robots\" content=\"index, follow, max-snippet:-1, max-image-preview:large, max-video-preview:-1\" \/>\n<link rel=\"canonical\" href=\"https:\/\/agenciainfra.com\/blog\/light-empresa-busca-reajuste-extra-mas-aneel-diz-que-concessao-esta-equilibrada\/\" \/>\n<meta property=\"og:locale\" content=\"pt_BR\" \/>\n<meta property=\"og:type\" content=\"article\" \/>\n<meta property=\"og:title\" content=\"Light: empresa busca reajuste extra, mas ANEEL diz que concess\u00e3o est\u00e1 \u201cequilibrada\u201d\" \/>\n<meta property=\"og:description\" content=\"Roberto Rockmann e Marisa Wanzeller, da&nbsp;Ag\u00eancia iNFRA O an\u00fancio do governo federal de que a CP (Consulta P\u00fablica) referente ao processo de renova\u00e7\u00e3o ou n\u00e3o dos contratos de distribui\u00e7\u00e3o dever\u00e1 ser aberta em um m\u00eas poder\u00e1 colocar ainda mais press\u00e3o sobre a negocia\u00e7\u00e3o da Light com a ANEEL (Ag\u00eancia Nacional de Energia El\u00e9trica) em rela\u00e7\u00e3o [&hellip;]\" \/>\n<meta property=\"og:url\" content=\"https:\/\/agenciainfra.com\/blog\/light-empresa-busca-reajuste-extra-mas-aneel-diz-que-concessao-esta-equilibrada\/\" \/>\n<meta property=\"og:site_name\" content=\"Ag\u00eancia iNFRA\" \/>\n<meta property=\"article:publisher\" content=\"https:\/\/www.facebook.com\/ageninfra\" \/>\n<meta property=\"article:published_time\" content=\"2023-05-26T14:00:00+00:00\" \/>\n<meta property=\"og:image\" content=\"https:\/\/agenciainfra.com\/blog\/wp-content\/uploads\/2018\/10\/Faixada-ANEEL-Essencial_divulgacao-e1685106779328.jpg\" \/>\n\t<meta property=\"og:image:width\" content=\"1200\" \/>\n\t<meta property=\"og:image:height\" content=\"800\" \/>\n\t<meta property=\"og:image:type\" content=\"image\/jpeg\" \/>\n<meta name=\"author\" content=\"Ag\u00eancia iNFRA\" \/>\n<meta name=\"twitter:card\" content=\"summary_large_image\" \/>\n<meta name=\"twitter:creator\" content=\"@agencia_infra\" \/>\n<meta name=\"twitter:site\" content=\"@agencia_infra\" \/>\n<meta name=\"twitter:label1\" content=\"Escrito por\" \/>\n\t<meta name=\"twitter:data1\" content=\"Ag\u00eancia iNFRA\" \/>\n\t<meta name=\"twitter:label2\" content=\"Est. tempo de leitura\" \/>\n\t<meta name=\"twitter:data2\" content=\"3 minutos\" \/>\n<script type=\"application\/ld+json\" class=\"yoast-schema-graph\">{\"@context\":\"https:\/\/schema.org\",\"@graph\":[{\"@type\":\"Article\",\"@id\":\"https:\/\/agenciainfra.com\/blog\/light-empresa-busca-reajuste-extra-mas-aneel-diz-que-concessao-esta-equilibrada\/#article\",\"isPartOf\":{\"@id\":\"https:\/\/agenciainfra.com\/blog\/light-empresa-busca-reajuste-extra-mas-aneel-diz-que-concessao-esta-equilibrada\/\"},\"author\":{\"name\":\"Ag\u00eancia iNFRA\",\"@id\":\"https:\/\/agenciainfra.com\/blog\/#\/schema\/person\/34af08dff6adea4cb22b06612ba7acfa\"},\"headline\":\"Light: empresa busca reajuste extra, mas ANEEL diz que concess\u00e3o est\u00e1 \u201cequilibrada\u201d\",\"datePublished\":\"2023-05-26T14:00:00+00:00\",\"mainEntityOfPage\":{\"@id\":\"https:\/\/agenciainfra.com\/blog\/light-empresa-busca-reajuste-extra-mas-aneel-diz-que-concessao-esta-equilibrada\/\"},\"wordCount\":598,\"publisher\":{\"@id\":\"https:\/\/agenciainfra.com\/blog\/#organization\"},\"image\":{\"@id\":\"https:\/\/agenciainfra.com\/blog\/light-empresa-busca-reajuste-extra-mas-aneel-diz-que-concessao-esta-equilibrada\/#primaryimage\"},\"thumbnailUrl\":\"https:\/\/agenciainfra.com\/blog\/wp-content\/uploads\/2018\/10\/Faixada-ANEEL-Essencial_divulgacao-e1750175900658.jpg\",\"keywords\":[\"ANEEL\",\"consulta p\u00fablica\",\"Gentil Nogueira\",\"Light\",\"Minist\u00e9rio de Minas e Energia\",\"reajuste\",\"regula\u00e7\u00e3o tarif\u00e1ria\",\"renova\u00e7\u00e3o\",\"RTE\",\"Sandoval Feitosa\"],\"articleSection\":[\"Geral\",\"iNFRAEnergia\"],\"inLanguage\":\"pt-BR\",\"copyrightYear\":\"2023\",\"copyrightHolder\":{\"@id\":\"https:\/\/agenciainfra.com\/blog\/#organization\"}},{\"@type\":\"WebPage\",\"@id\":\"https:\/\/agenciainfra.com\/blog\/light-empresa-busca-reajuste-extra-mas-aneel-diz-que-concessao-esta-equilibrada\/\",\"url\":\"https:\/\/agenciainfra.com\/blog\/light-empresa-busca-reajuste-extra-mas-aneel-diz-que-concessao-esta-equilibrada\/\",\"name\":\"Light: empresa busca reajuste extra, mas ANEEL diz que concess\u00e3o est\u00e1 \u201cequilibrada\u201d - Ag\u00eancia iNFRA\",\"isPartOf\":{\"@id\":\"https:\/\/agenciainfra.com\/blog\/#website\"},\"primaryImageOfPage\":{\"@id\":\"https:\/\/agenciainfra.com\/blog\/light-empresa-busca-reajuste-extra-mas-aneel-diz-que-concessao-esta-equilibrada\/#primaryimage\"},\"image\":{\"@id\":\"https:\/\/agenciainfra.com\/blog\/light-empresa-busca-reajuste-extra-mas-aneel-diz-que-concessao-esta-equilibrada\/#primaryimage\"},\"thumbnailUrl\":\"https:\/\/agenciainfra.com\/blog\/wp-content\/uploads\/2018\/10\/Faixada-ANEEL-Essencial_divulgacao-e1750175900658.jpg\",\"datePublished\":\"2023-05-26T14:00:00+00:00\",\"breadcrumb\":{\"@id\":\"https:\/\/agenciainfra.com\/blog\/light-empresa-busca-reajuste-extra-mas-aneel-diz-que-concessao-esta-equilibrada\/#breadcrumb\"},\"inLanguage\":\"pt-BR\",\"potentialAction\":[{\"@type\":\"ReadAction\",\"target\":[\"https:\/\/agenciainfra.com\/blog\/light-empresa-busca-reajuste-extra-mas-aneel-diz-que-concessao-esta-equilibrada\/\"]}]},{\"@type\":\"ImageObject\",\"inLanguage\":\"pt-BR\",\"@id\":\"https:\/\/agenciainfra.com\/blog\/light-empresa-busca-reajuste-extra-mas-aneel-diz-que-concessao-esta-equilibrada\/#primaryimage\",\"url\":\"https:\/\/agenciainfra.com\/blog\/wp-content\/uploads\/2018\/10\/Faixada-ANEEL-Essencial_divulgacao-e1750175900658.jpg\",\"contentUrl\":\"https:\/\/agenciainfra.com\/blog\/wp-content\/uploads\/2018\/10\/Faixada-ANEEL-Essencial_divulgacao-e1750175900658.jpg\",\"width\":1200,\"height\":740,\"caption\":\"Foto: ANEEL\/Divulga\u00e7\u00e3o\"},{\"@type\":\"BreadcrumbList\",\"@id\":\"https:\/\/agenciainfra.com\/blog\/light-empresa-busca-reajuste-extra-mas-aneel-diz-que-concessao-esta-equilibrada\/#breadcrumb\",\"itemListElement\":[{\"@type\":\"ListItem\",\"position\":1,\"name\":\"In\u00edcio\",\"item\":\"https:\/\/agenciainfra.com\/blog\/\"},{\"@type\":\"ListItem\",\"position\":2,\"name\":\"Light: empresa busca reajuste extra, mas ANEEL diz que concess\u00e3o est\u00e1 \u201cequilibrada\u201d\"}]},{\"@type\":\"WebSite\",\"@id\":\"https:\/\/agenciainfra.com\/blog\/#website\",\"url\":\"https:\/\/agenciainfra.com\/blog\/\",\"name\":\"Ag\u00eancia iNFRA\",\"description\":\"Multiplataforma de informa\u00e7\u00e3o jornal\u00edstica refer\u00eancia na \u00e1rea de infraestrutura no Brasil!\",\"publisher\":{\"@id\":\"https:\/\/agenciainfra.com\/blog\/#organization\"},\"potentialAction\":[{\"@type\":\"SearchAction\",\"target\":{\"@type\":\"EntryPoint\",\"urlTemplate\":\"https:\/\/agenciainfra.com\/blog\/?s={search_term_string}\"},\"query-input\":{\"@type\":\"PropertyValueSpecification\",\"valueRequired\":true,\"valueName\":\"search_term_string\"}}],\"inLanguage\":\"pt-BR\"},{\"@type\":\"Organization\",\"@id\":\"https:\/\/agenciainfra.com\/blog\/#organization\",\"name\":\"Ag\u00eancia iNFRA\",\"url\":\"https:\/\/agenciainfra.com\/blog\/\",\"logo\":{\"@type\":\"ImageObject\",\"inLanguage\":\"pt-BR\",\"@id\":\"https:\/\/agenciainfra.com\/blog\/#\/schema\/logo\/image\/\",\"url\":\"https:\/\/agenciainfra.com\/blog\/wp-content\/uploads\/2023\/09\/iNFRA_5-e1761735885940.png\",\"contentUrl\":\"https:\/\/agenciainfra.com\/blog\/wp-content\/uploads\/2023\/09\/iNFRA_5-e1761735885940.png\",\"width\":1672,\"height\":454,\"caption\":\"Ag\u00eancia iNFRA\"},\"image\":{\"@id\":\"https:\/\/agenciainfra.com\/blog\/#\/schema\/logo\/image\/\"},\"sameAs\":[\"https:\/\/www.facebook.com\/ageninfra\",\"https:\/\/x.com\/agencia_infra\",\"https:\/\/www.linkedin.com\/company\/ag\u00eanciainfra\/\",\"https:\/\/www.instagram.com\/agenciainfra\/\"]},{\"@type\":\"Person\",\"@id\":\"https:\/\/agenciainfra.com\/blog\/#\/schema\/person\/34af08dff6adea4cb22b06612ba7acfa\",\"name\":\"Ag\u00eancia iNFRA\",\"image\":{\"@type\":\"ImageObject\",\"inLanguage\":\"pt-BR\",\"@id\":\"https:\/\/agenciainfra.com\/blog\/#\/schema\/person\/image\/\",\"url\":\"https:\/\/secure.gravatar.com\/avatar\/d189e01678f06d8eb84d4e01f08eb848b3fffe3f8443818d3c356c66892f5be8?s=96&d=mm&r=g\",\"contentUrl\":\"https:\/\/secure.gravatar.com\/avatar\/d189e01678f06d8eb84d4e01f08eb848b3fffe3f8443818d3c356c66892f5be8?s=96&d=mm&r=g\",\"caption\":\"Ag\u00eancia iNFRA\"},\"url\":\"https:\/\/agenciainfra.com\/blog\/author\/admin\/\"}]}<\/script>\n<!-- \/ Yoast SEO Premium plugin. -->","yoast_head_json":{"title":"Light: empresa busca reajuste extra, mas ANEEL diz que concess\u00e3o est\u00e1 \u201cequilibrada\u201d - Ag\u00eancia iNFRA","robots":{"index":"index","follow":"follow","max-snippet":"max-snippet:-1","max-image-preview":"max-image-preview:large","max-video-preview":"max-video-preview:-1"},"canonical":"https:\/\/agenciainfra.com\/blog\/light-empresa-busca-reajuste-extra-mas-aneel-diz-que-concessao-esta-equilibrada\/","og_locale":"pt_BR","og_type":"article","og_title":"Light: empresa busca reajuste extra, mas ANEEL diz que concess\u00e3o est\u00e1 \u201cequilibrada\u201d","og_description":"Roberto Rockmann e Marisa Wanzeller, da&nbsp;Ag\u00eancia iNFRA O an\u00fancio do governo federal de que a CP (Consulta P\u00fablica) referente ao processo de renova\u00e7\u00e3o ou n\u00e3o dos contratos de distribui\u00e7\u00e3o dever\u00e1 ser aberta em um m\u00eas poder\u00e1 colocar ainda mais press\u00e3o sobre a negocia\u00e7\u00e3o da Light com a ANEEL (Ag\u00eancia Nacional de Energia El\u00e9trica) em rela\u00e7\u00e3o [&hellip;]","og_url":"https:\/\/agenciainfra.com\/blog\/light-empresa-busca-reajuste-extra-mas-aneel-diz-que-concessao-esta-equilibrada\/","og_site_name":"Ag\u00eancia iNFRA","article_publisher":"https:\/\/www.facebook.com\/ageninfra","article_published_time":"2023-05-26T14:00:00+00:00","og_image":[{"width":1200,"height":800,"url":"https:\/\/agenciainfra.com\/blog\/wp-content\/uploads\/2018\/10\/Faixada-ANEEL-Essencial_divulgacao-e1685106779328.jpg","type":"image\/jpeg"}],"author":"Ag\u00eancia iNFRA","twitter_card":"summary_large_image","twitter_creator":"@agencia_infra","twitter_site":"@agencia_infra","twitter_misc":{"Escrito por":"Ag\u00eancia iNFRA","Est. tempo de leitura":"3 minutos"},"schema":{"@context":"https:\/\/schema.org","@graph":[{"@type":"Article","@id":"https:\/\/agenciainfra.com\/blog\/light-empresa-busca-reajuste-extra-mas-aneel-diz-que-concessao-esta-equilibrada\/#article","isPartOf":{"@id":"https:\/\/agenciainfra.com\/blog\/light-empresa-busca-reajuste-extra-mas-aneel-diz-que-concessao-esta-equilibrada\/"},"author":{"name":"Ag\u00eancia iNFRA","@id":"https:\/\/agenciainfra.com\/blog\/#\/schema\/person\/34af08dff6adea4cb22b06612ba7acfa"},"headline":"Light: empresa busca reajuste extra, mas ANEEL diz que concess\u00e3o est\u00e1 \u201cequilibrada\u201d","datePublished":"2023-05-26T14:00:00+00:00","mainEntityOfPage":{"@id":"https:\/\/agenciainfra.com\/blog\/light-empresa-busca-reajuste-extra-mas-aneel-diz-que-concessao-esta-equilibrada\/"},"wordCount":598,"publisher":{"@id":"https:\/\/agenciainfra.com\/blog\/#organization"},"image":{"@id":"https:\/\/agenciainfra.com\/blog\/light-empresa-busca-reajuste-extra-mas-aneel-diz-que-concessao-esta-equilibrada\/#primaryimage"},"thumbnailUrl":"https:\/\/agenciainfra.com\/blog\/wp-content\/uploads\/2018\/10\/Faixada-ANEEL-Essencial_divulgacao-e1750175900658.jpg","keywords":["ANEEL","consulta p\u00fablica","Gentil Nogueira","Light","Minist\u00e9rio de Minas e Energia","reajuste","regula\u00e7\u00e3o tarif\u00e1ria","renova\u00e7\u00e3o","RTE","Sandoval Feitosa"],"articleSection":["Geral","iNFRAEnergia"],"inLanguage":"pt-BR","copyrightYear":"2023","copyrightHolder":{"@id":"https:\/\/agenciainfra.com\/blog\/#organization"}},{"@type":"WebPage","@id":"https:\/\/agenciainfra.com\/blog\/light-empresa-busca-reajuste-extra-mas-aneel-diz-que-concessao-esta-equilibrada\/","url":"https:\/\/agenciainfra.com\/blog\/light-empresa-busca-reajuste-extra-mas-aneel-diz-que-concessao-esta-equilibrada\/","name":"Light: empresa busca reajuste extra, mas ANEEL diz que concess\u00e3o est\u00e1 \u201cequilibrada\u201d - Ag\u00eancia iNFRA","isPartOf":{"@id":"https:\/\/agenciainfra.com\/blog\/#website"},"primaryImageOfPage":{"@id":"https:\/\/agenciainfra.com\/blog\/light-empresa-busca-reajuste-extra-mas-aneel-diz-que-concessao-esta-equilibrada\/#primaryimage"},"image":{"@id":"https:\/\/agenciainfra.com\/blog\/light-empresa-busca-reajuste-extra-mas-aneel-diz-que-concessao-esta-equilibrada\/#primaryimage"},"thumbnailUrl":"https:\/\/agenciainfra.com\/blog\/wp-content\/uploads\/2018\/10\/Faixada-ANEEL-Essencial_divulgacao-e1750175900658.jpg","datePublished":"2023-05-26T14:00:00+00:00","breadcrumb":{"@id":"https:\/\/agenciainfra.com\/blog\/light-empresa-busca-reajuste-extra-mas-aneel-diz-que-concessao-esta-equilibrada\/#breadcrumb"},"inLanguage":"pt-BR","potentialAction":[{"@type":"ReadAction","target":["https:\/\/agenciainfra.com\/blog\/light-empresa-busca-reajuste-extra-mas-aneel-diz-que-concessao-esta-equilibrada\/"]}]},{"@type":"ImageObject","inLanguage":"pt-BR","@id":"https:\/\/agenciainfra.com\/blog\/light-empresa-busca-reajuste-extra-mas-aneel-diz-que-concessao-esta-equilibrada\/#primaryimage","url":"https:\/\/agenciainfra.com\/blog\/wp-content\/uploads\/2018\/10\/Faixada-ANEEL-Essencial_divulgacao-e1750175900658.jpg","contentUrl":"https:\/\/agenciainfra.com\/blog\/wp-content\/uploads\/2018\/10\/Faixada-ANEEL-Essencial_divulgacao-e1750175900658.jpg","width":1200,"height":740,"caption":"Foto: ANEEL\/Divulga\u00e7\u00e3o"},{"@type":"BreadcrumbList","@id":"https:\/\/agenciainfra.com\/blog\/light-empresa-busca-reajuste-extra-mas-aneel-diz-que-concessao-esta-equilibrada\/#breadcrumb","itemListElement":[{"@type":"ListItem","position":1,"name":"In\u00edcio","item":"https:\/\/agenciainfra.com\/blog\/"},{"@type":"ListItem","position":2,"name":"Light: empresa busca reajuste extra, mas ANEEL diz que concess\u00e3o est\u00e1 \u201cequilibrada\u201d"}]},{"@type":"WebSite","@id":"https:\/\/agenciainfra.com\/blog\/#website","url":"https:\/\/agenciainfra.com\/blog\/","name":"Ag\u00eancia iNFRA","description":"Multiplataforma de informa\u00e7\u00e3o jornal\u00edstica refer\u00eancia na \u00e1rea de infraestrutura no Brasil!","publisher":{"@id":"https:\/\/agenciainfra.com\/blog\/#organization"},"potentialAction":[{"@type":"SearchAction","target":{"@type":"EntryPoint","urlTemplate":"https:\/\/agenciainfra.com\/blog\/?s={search_term_string}"},"query-input":{"@type":"PropertyValueSpecification","valueRequired":true,"valueName":"search_term_string"}}],"inLanguage":"pt-BR"},{"@type":"Organization","@id":"https:\/\/agenciainfra.com\/blog\/#organization","name":"Ag\u00eancia iNFRA","url":"https:\/\/agenciainfra.com\/blog\/","logo":{"@type":"ImageObject","inLanguage":"pt-BR","@id":"https:\/\/agenciainfra.com\/blog\/#\/schema\/logo\/image\/","url":"https:\/\/agenciainfra.com\/blog\/wp-content\/uploads\/2023\/09\/iNFRA_5-e1761735885940.png","contentUrl":"https:\/\/agenciainfra.com\/blog\/wp-content\/uploads\/2023\/09\/iNFRA_5-e1761735885940.png","width":1672,"height":454,"caption":"Ag\u00eancia iNFRA"},"image":{"@id":"https:\/\/agenciainfra.com\/blog\/#\/schema\/logo\/image\/"},"sameAs":["https:\/\/www.facebook.com\/ageninfra","https:\/\/x.com\/agencia_infra","https:\/\/www.linkedin.com\/company\/ag\u00eanciainfra\/","https:\/\/www.instagram.com\/agenciainfra\/"]},{"@type":"Person","@id":"https:\/\/agenciainfra.com\/blog\/#\/schema\/person\/34af08dff6adea4cb22b06612ba7acfa","name":"Ag\u00eancia iNFRA","image":{"@type":"ImageObject","inLanguage":"pt-BR","@id":"https:\/\/agenciainfra.com\/blog\/#\/schema\/person\/image\/","url":"https:\/\/secure.gravatar.com\/avatar\/d189e01678f06d8eb84d4e01f08eb848b3fffe3f8443818d3c356c66892f5be8?s=96&d=mm&r=g","contentUrl":"https:\/\/secure.gravatar.com\/avatar\/d189e01678f06d8eb84d4e01f08eb848b3fffe3f8443818d3c356c66892f5be8?s=96&d=mm&r=g","caption":"Ag\u00eancia iNFRA"},"url":"https:\/\/agenciainfra.com\/blog\/author\/admin\/"}]}},"_links":{"self":[{"href":"https:\/\/agenciainfra.com\/blog\/wp-json\/wp\/v2\/posts\/12730","targetHints":{"allow":["GET"]}}],"collection":[{"href":"https:\/\/agenciainfra.com\/blog\/wp-json\/wp\/v2\/posts"}],"about":[{"href":"https:\/\/agenciainfra.com\/blog\/wp-json\/wp\/v2\/types\/post"}],"author":[{"embeddable":true,"href":"https:\/\/agenciainfra.com\/blog\/wp-json\/wp\/v2\/users\/1"}],"replies":[{"embeddable":true,"href":"https:\/\/agenciainfra.com\/blog\/wp-json\/wp\/v2\/comments?post=12730"}],"version-history":[{"count":0,"href":"https:\/\/agenciainfra.com\/blog\/wp-json\/wp\/v2\/posts\/12730\/revisions"}],"wp:featuredmedia":[{"embeddable":true,"href":"https:\/\/agenciainfra.com\/blog\/wp-json\/wp\/v2\/media\/2508"}],"wp:attachment":[{"href":"https:\/\/agenciainfra.com\/blog\/wp-json\/wp\/v2\/media?parent=12730"}],"wp:term":[{"taxonomy":"category","embeddable":true,"href":"https:\/\/agenciainfra.com\/blog\/wp-json\/wp\/v2\/categories?post=12730"},{"taxonomy":"post_tag","embeddable":true,"href":"https:\/\/agenciainfra.com\/blog\/wp-json\/wp\/v2\/tags?post=12730"}],"curies":[{"name":"wp","href":"https:\/\/api.w.org\/{rel}","templated":true}]}}