{"id":12755,"date":"2023-05-31T10:00:00","date_gmt":"2023-05-31T13:00:00","guid":{"rendered":"https:\/\/www.agenciainfra.com\/blog\/?p=12755"},"modified":"2023-05-31T09:15:36","modified_gmt":"2023-05-31T12:15:36","slug":"analise-decisoes-que-o-governo-precisa-tomar-agora-podem-impactar-as-tarifas-no-futuro","status":"publish","type":"post","link":"https:\/\/agenciainfra.com\/blog\/analise-decisoes-que-o-governo-precisa-tomar-agora-podem-impactar-as-tarifas-no-futuro\/","title":{"rendered":"An\u00e1lise: decis\u00f5es que o governo precisa tomar agora podem impactar as tarifas no futuro"},"content":{"rendered":"\n<p class=\"has-text-align-right\"><strong>Roberto Rockmann*<\/strong><\/p>\n\n\n\n<p>A contrata\u00e7\u00e3o\u00a0de 8 GW em termel\u00e9tricas a g\u00e1s natural com 70% de inflexibilidade autorizada pela lei\u00a0que\u00a0permitiu a capitaliza\u00e7\u00e3o\u00a0da Eletrobras, a conclus\u00e3o\u00a0das obras da usina nuclear de Angra 3 e as dificuldades financeiras das distribuidoras Amazonas Energia e Light poder\u00e3o\u00a0ser fatores de press\u00e3o\u00a0sobre as\u00a0tarifas\u00a0nos pr\u00f3ximos anos. Ser\u00e3o\u00a0decis\u00f5es\u00a0que\u00a0cair\u00e3o\u00a0no\u00a0colo do\u00a0governo\u00a0federal,\u00a0que\u00a0ter\u00e1 de arbitrar essas futuras press\u00f5es, sendo\u00a0que\u00a0parte delas foi criada pelo Legislativo.<br><br>A Lei 14.182\/2021,\u00a0que\u00a0autorizou a capitaliza\u00e7\u00e3o\u00a0da Eletrobras, prev\u00ea a contrata\u00e7\u00e3o\u00a0de 8 GW de t\u00e9rmicas a g\u00e1s natural, sendo\u00a0que\u00a0boa parte dos projetos poder\u00e1 ser erguido em locais em\u00a0que\u00a0n\u00e3o\u00a0h\u00e1 rede de g\u00e1s.\u00a0O\u00a0governo\u00a0tem de decidir se levar\u00e1 ou n\u00e3o\u00a0adiante essa contrata\u00e7\u00e3o,\u00a0que\u00a0deveria ter seu segundo leil\u00e3o\u00a0realizado ainda neste ano.<br><br>O\u00a0custo de gera\u00e7\u00e3o\u00a0desses projetos poderia levar a um encargo\u00a0que\u00a0pode variar de R$ 3,51\/MWh a partir de 2026, data em\u00a0que\u00a0deve entrar 1 GW\u00a0no\u00a0cen\u00e1rio mais otimista, a at\u00e9 R$ 35,45\/MWh, quando os 8 GW estiverem em opera\u00e7\u00e3o,\u00a0no\u00a0cen\u00e1rio mais pessimista,\u00a0no\u00a0ano de 2030, segundo simula\u00e7\u00f5es da Abrace (Associa\u00e7\u00e3o\u00a0Brasileira dos Grandes Consumidores de Energia). Com uma base fragilizada\u00a0no\u00a0Congresso, abandonar a contrata\u00e7\u00e3o\u00a0pode causar mais ru\u00eddos para a base governista na C\u00e2mara e\u00a0no\u00a0Senado.<br><br>A usina nuclear de Angra 3 \u00e9 outro empreendimento\u00a0que\u00a0o\u00a0governo\u00a0ter\u00e1 de decidir se levar\u00e1 ou n\u00e3o\u00a0adiante. Estima-se um custo adicional de R$ 20 bilh\u00f5es para finalizar as obras e iniciar as opera\u00e7\u00f5es da usina nuclear at\u00e9 2029.\u00a0O\u00a0custo estimado para abandonar completamente as obras \u00e9 de cerca de R$ 13,6 bilh\u00f5es. J\u00e1 a energia produzida pelo empreendimento \u00e9 estimada em R$ 700\u00a0o\u00a0MWh, quatro vezes superior ao pre\u00e7o\u00a0da energia e\u00f3lica e solar negociadas em leil\u00f5es de 2022.<br><br>Outro ponto de aten\u00e7\u00e3o\u00a0s\u00e3o\u00a0as dificuldades financeiras da Light e da Amazonas Energia. Recomposi\u00e7\u00f5es extraordin\u00e1rias de\u00a0tarifas\u00a0e outros mecanismos de fazer os consumidores dessas \u00e1reas de concess\u00e3o\u00a0pagarem mais t\u00eam limites. Primeiro, pode-se elevar a inadimpl\u00eancia e furtos de energia. Segundo, aumenta a conta de quem paga e esse p\u00fablico pode migrar para a gera\u00e7\u00e3o\u00a0distribu\u00edda solar. \u201cO\u00a0mercado das distribuidoras entrou em extin\u00e7\u00e3o, mas, os custos est\u00e3o\u00a0em ascens\u00e3o\u201d, diz Edvaldo Santana, ex-diretor da ANEEL (Ag\u00eancia Nacional de Energia El\u00e9trica).<\/p>\n\n\n\n<h6 class=\"wp-block-heading\" id=\"block-f323f59b-51bf-4eed-b17b-3c7d3b917007\">*Roberto Rockmann <strong>\u00e9 escritor e jornalista. Coautor do livro \u201cCurto-Circuito, quando o Brasil quase ficou \u00e0s escuras\u201d e produtor do podcast quinzenal \u201cGiro Energia\u201d sobre o setor el\u00e9trico. Organizou em 2018 o livro de 20 anos do mercado livre de energia el\u00e9trica, editado pela CCEE (C\u00e2mara de Comercializa\u00e7\u00e3o de Energia El\u00e9trica), al\u00e9m de v\u00e1rios outros livros e trabalhos premiados<\/strong>.<\/h6>\n\n\n\n<p><strong>As opini\u00f5es dos autores n\u00e3o refletem necessariamente o pensamento da Ag\u00eancia iNFRA, sendo de total responsabilidade do autor as informa\u00e7\u00f5es, ju\u00edzos de valor e conceitos descritos no texto<\/strong>. <\/p>\n","protected":false},"excerpt":{"rendered":"<p>Roberto Rockmann* A contrata\u00e7\u00e3o\u00a0de 8 GW em termel\u00e9tricas a g\u00e1s natural com 70% de inflexibilidade autorizada pela lei\u00a0que\u00a0permitiu a capitaliza\u00e7\u00e3o\u00a0da Eletrobras, a conclus\u00e3o\u00a0das obras da usina nuclear de Angra 3 e as dificuldades financeiras das distribuidoras Amazonas Energia e Light poder\u00e3o\u00a0ser fatores de press\u00e3o\u00a0sobre as\u00a0tarifas\u00a0nos pr\u00f3ximos anos. Ser\u00e3o\u00a0decis\u00f5es\u00a0que\u00a0cair\u00e3o\u00a0no\u00a0colo do\u00a0governo\u00a0federal,\u00a0que\u00a0ter\u00e1 de arbitrar essas futuras press\u00f5es, sendo\u00a0que\u00a0parte [&hellip;]<\/p>\n","protected":false},"author":1,"featured_media":6247,"comment_status":"closed","ping_status":"closed","sticky":false,"template":"","format":"standard","meta":{"_monsterinsights_skip_tracking":false,"_monsterinsights_sitenote_active":false,"_monsterinsights_sitenote_note":"","_monsterinsights_sitenote_category":0,"footnotes":""},"categories":[1],"tags":[41,144,53,326,26,2781,50,1275,882,4675,1867],"class_list":["post-12755","post","type-post","status-publish","format-standard","has-post-thumbnail","hentry","category-geral","tag-abrace","tag-amazonas-energia","tag-aneel","tag-angra-3","tag-congresso","tag-edvaldo-santana","tag-eletrobras","tag-energia-eolica","tag-gas-natural","tag-lei-14-182-2021","tag-light"],"yoast_head":"<!-- This site is optimized with the Yoast SEO Premium plugin v25.4 (Yoast SEO v26.0) - https:\/\/yoast.com\/wordpress\/plugins\/seo\/ -->\n<title>An\u00e1lise: decis\u00f5es que o governo precisa tomar agora podem impactar as tarifas no futuro - Ag\u00eancia iNFRA<\/title>\n<meta name=\"robots\" content=\"index, follow, max-snippet:-1, max-image-preview:large, max-video-preview:-1\" \/>\n<link rel=\"canonical\" href=\"https:\/\/agenciainfra.com\/blog\/analise-decisoes-que-o-governo-precisa-tomar-agora-podem-impactar-as-tarifas-no-futuro\/\" \/>\n<meta property=\"og:locale\" content=\"pt_BR\" \/>\n<meta property=\"og:type\" content=\"article\" \/>\n<meta property=\"og:title\" content=\"An\u00e1lise: decis\u00f5es que o governo precisa tomar agora podem impactar as tarifas no futuro\" \/>\n<meta property=\"og:description\" content=\"Roberto Rockmann* A contrata\u00e7\u00e3o\u00a0de 8 GW em termel\u00e9tricas a g\u00e1s natural com 70% de inflexibilidade autorizada pela lei\u00a0que\u00a0permitiu a capitaliza\u00e7\u00e3o\u00a0da Eletrobras, a conclus\u00e3o\u00a0das obras da usina nuclear de Angra 3 e as dificuldades financeiras das distribuidoras Amazonas Energia e Light poder\u00e3o\u00a0ser fatores de press\u00e3o\u00a0sobre as\u00a0tarifas\u00a0nos pr\u00f3ximos anos. Ser\u00e3o\u00a0decis\u00f5es\u00a0que\u00a0cair\u00e3o\u00a0no\u00a0colo do\u00a0governo\u00a0federal,\u00a0que\u00a0ter\u00e1 de arbitrar essas futuras press\u00f5es, sendo\u00a0que\u00a0parte [&hellip;]\" \/>\n<meta property=\"og:url\" content=\"https:\/\/agenciainfra.com\/blog\/analise-decisoes-que-o-governo-precisa-tomar-agora-podem-impactar-as-tarifas-no-futuro\/\" \/>\n<meta property=\"og:site_name\" content=\"Ag\u00eancia iNFRA\" \/>\n<meta property=\"article:publisher\" content=\"https:\/\/www.facebook.com\/ageninfra\" \/>\n<meta property=\"article:published_time\" content=\"2023-05-31T13:00:00+00:00\" \/>\n<meta property=\"og:image\" content=\"https:\/\/agenciainfra.com\/blog\/wp-content\/uploads\/2020\/10\/palacio-do-planalto-foto-roberto-stuckert-filho-presidencia-da-republica.jpeg\" \/>\n\t<meta property=\"og:image:width\" content=\"1280\" \/>\n\t<meta property=\"og:image:height\" content=\"853\" \/>\n\t<meta property=\"og:image:type\" content=\"image\/jpeg\" \/>\n<meta name=\"author\" content=\"Ag\u00eancia iNFRA\" \/>\n<meta name=\"twitter:card\" content=\"summary_large_image\" \/>\n<meta name=\"twitter:creator\" content=\"@agencia_infra\" \/>\n<meta name=\"twitter:site\" content=\"@agencia_infra\" \/>\n<meta name=\"twitter:label1\" content=\"Escrito por\" \/>\n\t<meta name=\"twitter:data1\" content=\"Ag\u00eancia iNFRA\" \/>\n\t<meta name=\"twitter:label2\" content=\"Est. tempo de leitura\" \/>\n\t<meta name=\"twitter:data2\" content=\"3 minutos\" \/>\n<script type=\"application\/ld+json\" class=\"yoast-schema-graph\">{\"@context\":\"https:\/\/schema.org\",\"@graph\":[{\"@type\":\"Article\",\"@id\":\"https:\/\/agenciainfra.com\/blog\/analise-decisoes-que-o-governo-precisa-tomar-agora-podem-impactar-as-tarifas-no-futuro\/#article\",\"isPartOf\":{\"@id\":\"https:\/\/agenciainfra.com\/blog\/analise-decisoes-que-o-governo-precisa-tomar-agora-podem-impactar-as-tarifas-no-futuro\/\"},\"author\":{\"name\":\"Ag\u00eancia iNFRA\",\"@id\":\"https:\/\/agenciainfra.com\/blog\/#\/schema\/person\/34af08dff6adea4cb22b06612ba7acfa\"},\"headline\":\"An\u00e1lise: decis\u00f5es que o governo precisa tomar agora podem impactar as tarifas no futuro\",\"datePublished\":\"2023-05-31T13:00:00+00:00\",\"mainEntityOfPage\":{\"@id\":\"https:\/\/agenciainfra.com\/blog\/analise-decisoes-que-o-governo-precisa-tomar-agora-podem-impactar-as-tarifas-no-futuro\/\"},\"wordCount\":537,\"publisher\":{\"@id\":\"https:\/\/agenciainfra.com\/blog\/#organization\"},\"image\":{\"@id\":\"https:\/\/agenciainfra.com\/blog\/analise-decisoes-que-o-governo-precisa-tomar-agora-podem-impactar-as-tarifas-no-futuro\/#primaryimage\"},\"thumbnailUrl\":\"https:\/\/agenciainfra.com\/blog\/wp-content\/uploads\/2020\/10\/palacio-do-planalto-foto-roberto-stuckert-filho-presidencia-da-republica.jpeg\",\"keywords\":[\"Abrace\",\"Amazonas Energia\",\"ANEEL\",\"Angra 3\",\"congresso\",\"Edvaldo Santana\",\"Eletrobras\",\"energia e\u00f3lica\",\"g\u00e1s natural\",\"Lei 14.182\/2021\",\"Light\"],\"articleSection\":[\"Geral\"],\"inLanguage\":\"pt-BR\",\"copyrightYear\":\"2023\",\"copyrightHolder\":{\"@id\":\"https:\/\/agenciainfra.com\/blog\/#organization\"}},{\"@type\":\"WebPage\",\"@id\":\"https:\/\/agenciainfra.com\/blog\/analise-decisoes-que-o-governo-precisa-tomar-agora-podem-impactar-as-tarifas-no-futuro\/\",\"url\":\"https:\/\/agenciainfra.com\/blog\/analise-decisoes-que-o-governo-precisa-tomar-agora-podem-impactar-as-tarifas-no-futuro\/\",\"name\":\"An\u00e1lise: decis\u00f5es que o governo precisa tomar agora podem impactar as tarifas no futuro - Ag\u00eancia iNFRA\",\"isPartOf\":{\"@id\":\"https:\/\/agenciainfra.com\/blog\/#website\"},\"primaryImageOfPage\":{\"@id\":\"https:\/\/agenciainfra.com\/blog\/analise-decisoes-que-o-governo-precisa-tomar-agora-podem-impactar-as-tarifas-no-futuro\/#primaryimage\"},\"image\":{\"@id\":\"https:\/\/agenciainfra.com\/blog\/analise-decisoes-que-o-governo-precisa-tomar-agora-podem-impactar-as-tarifas-no-futuro\/#primaryimage\"},\"thumbnailUrl\":\"https:\/\/agenciainfra.com\/blog\/wp-content\/uploads\/2020\/10\/palacio-do-planalto-foto-roberto-stuckert-filho-presidencia-da-republica.jpeg\",\"datePublished\":\"2023-05-31T13:00:00+00:00\",\"breadcrumb\":{\"@id\":\"https:\/\/agenciainfra.com\/blog\/analise-decisoes-que-o-governo-precisa-tomar-agora-podem-impactar-as-tarifas-no-futuro\/#breadcrumb\"},\"inLanguage\":\"pt-BR\",\"potentialAction\":[{\"@type\":\"ReadAction\",\"target\":[\"https:\/\/agenciainfra.com\/blog\/analise-decisoes-que-o-governo-precisa-tomar-agora-podem-impactar-as-tarifas-no-futuro\/\"]}]},{\"@type\":\"ImageObject\",\"inLanguage\":\"pt-BR\",\"@id\":\"https:\/\/agenciainfra.com\/blog\/analise-decisoes-que-o-governo-precisa-tomar-agora-podem-impactar-as-tarifas-no-futuro\/#primaryimage\",\"url\":\"https:\/\/agenciainfra.com\/blog\/wp-content\/uploads\/2020\/10\/palacio-do-planalto-foto-roberto-stuckert-filho-presidencia-da-republica.jpeg\",\"contentUrl\":\"https:\/\/agenciainfra.com\/blog\/wp-content\/uploads\/2020\/10\/palacio-do-planalto-foto-roberto-stuckert-filho-presidencia-da-republica.jpeg\",\"width\":1280,\"height\":853},{\"@type\":\"BreadcrumbList\",\"@id\":\"https:\/\/agenciainfra.com\/blog\/analise-decisoes-que-o-governo-precisa-tomar-agora-podem-impactar-as-tarifas-no-futuro\/#breadcrumb\",\"itemListElement\":[{\"@type\":\"ListItem\",\"position\":1,\"name\":\"In\u00edcio\",\"item\":\"https:\/\/agenciainfra.com\/blog\/\"},{\"@type\":\"ListItem\",\"position\":2,\"name\":\"An\u00e1lise: decis\u00f5es que o governo precisa tomar agora podem impactar as tarifas no futuro\"}]},{\"@type\":\"WebSite\",\"@id\":\"https:\/\/agenciainfra.com\/blog\/#website\",\"url\":\"https:\/\/agenciainfra.com\/blog\/\",\"name\":\"Ag\u00eancia iNFRA\",\"description\":\"Multiplataforma de informa\u00e7\u00e3o jornal\u00edstica refer\u00eancia na \u00e1rea de infraestrutura no Brasil!\",\"publisher\":{\"@id\":\"https:\/\/agenciainfra.com\/blog\/#organization\"},\"potentialAction\":[{\"@type\":\"SearchAction\",\"target\":{\"@type\":\"EntryPoint\",\"urlTemplate\":\"https:\/\/agenciainfra.com\/blog\/?s={search_term_string}\"},\"query-input\":{\"@type\":\"PropertyValueSpecification\",\"valueRequired\":true,\"valueName\":\"search_term_string\"}}],\"inLanguage\":\"pt-BR\"},{\"@type\":\"Organization\",\"@id\":\"https:\/\/agenciainfra.com\/blog\/#organization\",\"name\":\"Ag\u00eancia iNFRA\",\"url\":\"https:\/\/agenciainfra.com\/blog\/\",\"logo\":{\"@type\":\"ImageObject\",\"inLanguage\":\"pt-BR\",\"@id\":\"https:\/\/agenciainfra.com\/blog\/#\/schema\/logo\/image\/\",\"url\":\"https:\/\/agenciainfra.com\/blog\/wp-content\/uploads\/2023\/09\/iNFRA_5-e1761735885940.png\",\"contentUrl\":\"https:\/\/agenciainfra.com\/blog\/wp-content\/uploads\/2023\/09\/iNFRA_5-e1761735885940.png\",\"width\":1672,\"height\":454,\"caption\":\"Ag\u00eancia iNFRA\"},\"image\":{\"@id\":\"https:\/\/agenciainfra.com\/blog\/#\/schema\/logo\/image\/\"},\"sameAs\":[\"https:\/\/www.facebook.com\/ageninfra\",\"https:\/\/x.com\/agencia_infra\",\"https:\/\/www.linkedin.com\/company\/ag\u00eanciainfra\/\",\"https:\/\/www.instagram.com\/agenciainfra\/\"]},{\"@type\":\"Person\",\"@id\":\"https:\/\/agenciainfra.com\/blog\/#\/schema\/person\/34af08dff6adea4cb22b06612ba7acfa\",\"name\":\"Ag\u00eancia iNFRA\",\"image\":{\"@type\":\"ImageObject\",\"inLanguage\":\"pt-BR\",\"@id\":\"https:\/\/agenciainfra.com\/blog\/#\/schema\/person\/image\/\",\"url\":\"https:\/\/secure.gravatar.com\/avatar\/d189e01678f06d8eb84d4e01f08eb848b3fffe3f8443818d3c356c66892f5be8?s=96&d=mm&r=g\",\"contentUrl\":\"https:\/\/secure.gravatar.com\/avatar\/d189e01678f06d8eb84d4e01f08eb848b3fffe3f8443818d3c356c66892f5be8?s=96&d=mm&r=g\",\"caption\":\"Ag\u00eancia iNFRA\"},\"url\":\"https:\/\/agenciainfra.com\/blog\/author\/admin\/\"}]}<\/script>\n<!-- \/ Yoast SEO Premium plugin. -->","yoast_head_json":{"title":"An\u00e1lise: decis\u00f5es que o governo precisa tomar agora podem impactar as tarifas no futuro - Ag\u00eancia iNFRA","robots":{"index":"index","follow":"follow","max-snippet":"max-snippet:-1","max-image-preview":"max-image-preview:large","max-video-preview":"max-video-preview:-1"},"canonical":"https:\/\/agenciainfra.com\/blog\/analise-decisoes-que-o-governo-precisa-tomar-agora-podem-impactar-as-tarifas-no-futuro\/","og_locale":"pt_BR","og_type":"article","og_title":"An\u00e1lise: decis\u00f5es que o governo precisa tomar agora podem impactar as tarifas no futuro","og_description":"Roberto Rockmann* A contrata\u00e7\u00e3o\u00a0de 8 GW em termel\u00e9tricas a g\u00e1s natural com 70% de inflexibilidade autorizada pela lei\u00a0que\u00a0permitiu a capitaliza\u00e7\u00e3o\u00a0da Eletrobras, a conclus\u00e3o\u00a0das obras da usina nuclear de Angra 3 e as dificuldades financeiras das distribuidoras Amazonas Energia e Light poder\u00e3o\u00a0ser fatores de press\u00e3o\u00a0sobre as\u00a0tarifas\u00a0nos pr\u00f3ximos anos. Ser\u00e3o\u00a0decis\u00f5es\u00a0que\u00a0cair\u00e3o\u00a0no\u00a0colo do\u00a0governo\u00a0federal,\u00a0que\u00a0ter\u00e1 de arbitrar essas futuras press\u00f5es, sendo\u00a0que\u00a0parte [&hellip;]","og_url":"https:\/\/agenciainfra.com\/blog\/analise-decisoes-que-o-governo-precisa-tomar-agora-podem-impactar-as-tarifas-no-futuro\/","og_site_name":"Ag\u00eancia iNFRA","article_publisher":"https:\/\/www.facebook.com\/ageninfra","article_published_time":"2023-05-31T13:00:00+00:00","og_image":[{"width":1280,"height":853,"url":"https:\/\/agenciainfra.com\/blog\/wp-content\/uploads\/2020\/10\/palacio-do-planalto-foto-roberto-stuckert-filho-presidencia-da-republica.jpeg","type":"image\/jpeg"}],"author":"Ag\u00eancia iNFRA","twitter_card":"summary_large_image","twitter_creator":"@agencia_infra","twitter_site":"@agencia_infra","twitter_misc":{"Escrito por":"Ag\u00eancia iNFRA","Est. tempo de leitura":"3 minutos"},"schema":{"@context":"https:\/\/schema.org","@graph":[{"@type":"Article","@id":"https:\/\/agenciainfra.com\/blog\/analise-decisoes-que-o-governo-precisa-tomar-agora-podem-impactar-as-tarifas-no-futuro\/#article","isPartOf":{"@id":"https:\/\/agenciainfra.com\/blog\/analise-decisoes-que-o-governo-precisa-tomar-agora-podem-impactar-as-tarifas-no-futuro\/"},"author":{"name":"Ag\u00eancia iNFRA","@id":"https:\/\/agenciainfra.com\/blog\/#\/schema\/person\/34af08dff6adea4cb22b06612ba7acfa"},"headline":"An\u00e1lise: decis\u00f5es que o governo precisa tomar agora podem impactar as tarifas no futuro","datePublished":"2023-05-31T13:00:00+00:00","mainEntityOfPage":{"@id":"https:\/\/agenciainfra.com\/blog\/analise-decisoes-que-o-governo-precisa-tomar-agora-podem-impactar-as-tarifas-no-futuro\/"},"wordCount":537,"publisher":{"@id":"https:\/\/agenciainfra.com\/blog\/#organization"},"image":{"@id":"https:\/\/agenciainfra.com\/blog\/analise-decisoes-que-o-governo-precisa-tomar-agora-podem-impactar-as-tarifas-no-futuro\/#primaryimage"},"thumbnailUrl":"https:\/\/agenciainfra.com\/blog\/wp-content\/uploads\/2020\/10\/palacio-do-planalto-foto-roberto-stuckert-filho-presidencia-da-republica.jpeg","keywords":["Abrace","Amazonas Energia","ANEEL","Angra 3","congresso","Edvaldo Santana","Eletrobras","energia e\u00f3lica","g\u00e1s natural","Lei 14.182\/2021","Light"],"articleSection":["Geral"],"inLanguage":"pt-BR","copyrightYear":"2023","copyrightHolder":{"@id":"https:\/\/agenciainfra.com\/blog\/#organization"}},{"@type":"WebPage","@id":"https:\/\/agenciainfra.com\/blog\/analise-decisoes-que-o-governo-precisa-tomar-agora-podem-impactar-as-tarifas-no-futuro\/","url":"https:\/\/agenciainfra.com\/blog\/analise-decisoes-que-o-governo-precisa-tomar-agora-podem-impactar-as-tarifas-no-futuro\/","name":"An\u00e1lise: decis\u00f5es que o governo precisa tomar agora podem impactar as tarifas no futuro - Ag\u00eancia iNFRA","isPartOf":{"@id":"https:\/\/agenciainfra.com\/blog\/#website"},"primaryImageOfPage":{"@id":"https:\/\/agenciainfra.com\/blog\/analise-decisoes-que-o-governo-precisa-tomar-agora-podem-impactar-as-tarifas-no-futuro\/#primaryimage"},"image":{"@id":"https:\/\/agenciainfra.com\/blog\/analise-decisoes-que-o-governo-precisa-tomar-agora-podem-impactar-as-tarifas-no-futuro\/#primaryimage"},"thumbnailUrl":"https:\/\/agenciainfra.com\/blog\/wp-content\/uploads\/2020\/10\/palacio-do-planalto-foto-roberto-stuckert-filho-presidencia-da-republica.jpeg","datePublished":"2023-05-31T13:00:00+00:00","breadcrumb":{"@id":"https:\/\/agenciainfra.com\/blog\/analise-decisoes-que-o-governo-precisa-tomar-agora-podem-impactar-as-tarifas-no-futuro\/#breadcrumb"},"inLanguage":"pt-BR","potentialAction":[{"@type":"ReadAction","target":["https:\/\/agenciainfra.com\/blog\/analise-decisoes-que-o-governo-precisa-tomar-agora-podem-impactar-as-tarifas-no-futuro\/"]}]},{"@type":"ImageObject","inLanguage":"pt-BR","@id":"https:\/\/agenciainfra.com\/blog\/analise-decisoes-que-o-governo-precisa-tomar-agora-podem-impactar-as-tarifas-no-futuro\/#primaryimage","url":"https:\/\/agenciainfra.com\/blog\/wp-content\/uploads\/2020\/10\/palacio-do-planalto-foto-roberto-stuckert-filho-presidencia-da-republica.jpeg","contentUrl":"https:\/\/agenciainfra.com\/blog\/wp-content\/uploads\/2020\/10\/palacio-do-planalto-foto-roberto-stuckert-filho-presidencia-da-republica.jpeg","width":1280,"height":853},{"@type":"BreadcrumbList","@id":"https:\/\/agenciainfra.com\/blog\/analise-decisoes-que-o-governo-precisa-tomar-agora-podem-impactar-as-tarifas-no-futuro\/#breadcrumb","itemListElement":[{"@type":"ListItem","position":1,"name":"In\u00edcio","item":"https:\/\/agenciainfra.com\/blog\/"},{"@type":"ListItem","position":2,"name":"An\u00e1lise: decis\u00f5es que o governo precisa tomar agora podem impactar as tarifas no futuro"}]},{"@type":"WebSite","@id":"https:\/\/agenciainfra.com\/blog\/#website","url":"https:\/\/agenciainfra.com\/blog\/","name":"Ag\u00eancia iNFRA","description":"Multiplataforma de informa\u00e7\u00e3o jornal\u00edstica refer\u00eancia na \u00e1rea de infraestrutura no Brasil!","publisher":{"@id":"https:\/\/agenciainfra.com\/blog\/#organization"},"potentialAction":[{"@type":"SearchAction","target":{"@type":"EntryPoint","urlTemplate":"https:\/\/agenciainfra.com\/blog\/?s={search_term_string}"},"query-input":{"@type":"PropertyValueSpecification","valueRequired":true,"valueName":"search_term_string"}}],"inLanguage":"pt-BR"},{"@type":"Organization","@id":"https:\/\/agenciainfra.com\/blog\/#organization","name":"Ag\u00eancia iNFRA","url":"https:\/\/agenciainfra.com\/blog\/","logo":{"@type":"ImageObject","inLanguage":"pt-BR","@id":"https:\/\/agenciainfra.com\/blog\/#\/schema\/logo\/image\/","url":"https:\/\/agenciainfra.com\/blog\/wp-content\/uploads\/2023\/09\/iNFRA_5-e1761735885940.png","contentUrl":"https:\/\/agenciainfra.com\/blog\/wp-content\/uploads\/2023\/09\/iNFRA_5-e1761735885940.png","width":1672,"height":454,"caption":"Ag\u00eancia iNFRA"},"image":{"@id":"https:\/\/agenciainfra.com\/blog\/#\/schema\/logo\/image\/"},"sameAs":["https:\/\/www.facebook.com\/ageninfra","https:\/\/x.com\/agencia_infra","https:\/\/www.linkedin.com\/company\/ag\u00eanciainfra\/","https:\/\/www.instagram.com\/agenciainfra\/"]},{"@type":"Person","@id":"https:\/\/agenciainfra.com\/blog\/#\/schema\/person\/34af08dff6adea4cb22b06612ba7acfa","name":"Ag\u00eancia iNFRA","image":{"@type":"ImageObject","inLanguage":"pt-BR","@id":"https:\/\/agenciainfra.com\/blog\/#\/schema\/person\/image\/","url":"https:\/\/secure.gravatar.com\/avatar\/d189e01678f06d8eb84d4e01f08eb848b3fffe3f8443818d3c356c66892f5be8?s=96&d=mm&r=g","contentUrl":"https:\/\/secure.gravatar.com\/avatar\/d189e01678f06d8eb84d4e01f08eb848b3fffe3f8443818d3c356c66892f5be8?s=96&d=mm&r=g","caption":"Ag\u00eancia iNFRA"},"url":"https:\/\/agenciainfra.com\/blog\/author\/admin\/"}]}},"_links":{"self":[{"href":"https:\/\/agenciainfra.com\/blog\/wp-json\/wp\/v2\/posts\/12755","targetHints":{"allow":["GET"]}}],"collection":[{"href":"https:\/\/agenciainfra.com\/blog\/wp-json\/wp\/v2\/posts"}],"about":[{"href":"https:\/\/agenciainfra.com\/blog\/wp-json\/wp\/v2\/types\/post"}],"author":[{"embeddable":true,"href":"https:\/\/agenciainfra.com\/blog\/wp-json\/wp\/v2\/users\/1"}],"replies":[{"embeddable":true,"href":"https:\/\/agenciainfra.com\/blog\/wp-json\/wp\/v2\/comments?post=12755"}],"version-history":[{"count":0,"href":"https:\/\/agenciainfra.com\/blog\/wp-json\/wp\/v2\/posts\/12755\/revisions"}],"wp:featuredmedia":[{"embeddable":true,"href":"https:\/\/agenciainfra.com\/blog\/wp-json\/wp\/v2\/media\/6247"}],"wp:attachment":[{"href":"https:\/\/agenciainfra.com\/blog\/wp-json\/wp\/v2\/media?parent=12755"}],"wp:term":[{"taxonomy":"category","embeddable":true,"href":"https:\/\/agenciainfra.com\/blog\/wp-json\/wp\/v2\/categories?post=12755"},{"taxonomy":"post_tag","embeddable":true,"href":"https:\/\/agenciainfra.com\/blog\/wp-json\/wp\/v2\/tags?post=12755"}],"curies":[{"name":"wp","href":"https:\/\/api.w.org\/{rel}","templated":true}]}}