{"id":12844,"date":"2023-06-12T11:00:00","date_gmt":"2023-06-12T14:00:00","guid":{"rendered":"https:\/\/www.agenciainfra.com\/blog\/?p=12844"},"modified":"2023-06-12T10:55:13","modified_gmt":"2023-06-12T13:55:13","slug":"infradebate-ferrograo-e-a-revolta-de-atlas-ficcao-ou-realidade","status":"publish","type":"post","link":"https:\/\/agenciainfra.com\/blog\/infradebate-ferrograo-e-a-revolta-de-atlas-ficcao-ou-realidade\/","title":{"rendered":"iNFRADebate: Ferrogr\u00e3o e a Revolta de Atlas &#8211; fic\u00e7\u00e3o ou realidade?"},"content":{"rendered":"\n<p class=\"has-text-align-right\"><strong>Rafael Moreira Mota* e Geovana Lorena Bertussi**<\/strong><\/p>\n\n\n\n<p>O romance \u201cA Revolta de Atlas\u201d, de Ayn Rand, \u00e9 considerado um dos livros mais influentes da sociedade americana, sendo considerado a \u201cB\u00edblia\u201d do pensamento liberal cl\u00e1ssico na segunda metade do s\u00e9culo XX. A meritocracia liberal e a discuss\u00e3o a respeito da interven\u00e7\u00e3o estatal t\u00eam como cen\u00e1rio a hist\u00f3ria romanceada em que uma companhia ferrovi\u00e1ria dos Estados Unidos serve de trilha \u00e0 intriga do enredo.<\/p>\n\n\n\n<p>No Brasil, n\u00e3o uma ferrovia, mas ainda um projeto ferrovi\u00e1rio, traz debates de narrativas e de argumentos de diversas posi\u00e7\u00f5es e interesses, que geram tamb\u00e9m intrigas e conflitos. O assunto, inclusive, chegou ao STF (Supremo Tribunal Federal) que analisa a constitucionalidade da lei que autoriza a sua constru\u00e7\u00e3o e seus efeitos a povos ind\u00edgenas que habitam a regi\u00e3o do Parque Nacional do Jamanxim, no Par\u00e1. Na \u00faltima semana, o tema ganhou notoriedade novamente quando o ministro Alexandre de Moraes remeteu a a\u00e7\u00e3o ao Centro de Solu\u00e7\u00f5es Alternativas de Lit\u00edgios do STF e autorizou novos estudos para reanalisar o caso. A constru\u00e7\u00e3o da ferrovia s\u00f3 come\u00e7ar\u00e1 depois de autoriza\u00e7\u00e3o do STF.<\/p>\n\n\n\n<p>Mas at\u00e9 a constru\u00e7\u00e3o de fato, muitas s\u00e3o as etapas ainda a serem percorridas e mais numerosas ainda s\u00e3o as incertezas associadas ao projeto na ordem jur\u00eddica, ambiental, econ\u00f4mica e financeira e, principalmente, se o financiamento estatal trilhar\u00e1 caminho junto com o investimento privado previsto no projeto. O mais importante \u00e9 definir bem o que \u00e9 realidade e o que \u00e9 fic\u00e7\u00e3o.<\/p>\n\n\n\n<p>No modelo atual, as ferrovias foram &#8211; em geral &#8211; constru\u00eddas pelo Estado e depois concedidas \u00e0 iniciativa privada. Historicamente, at\u00e9 pelo menos cinco anos atr\u00e1s, n\u00e3o havia requisitos m\u00ednimos de investimento na malha. Os contratos de concess\u00e3o exigiam somente metas de produ\u00e7\u00e3o e de seguran\u00e7a. Esse desenho dos contratos acabou por deixar nossa malha ferrovi\u00e1ria obsoleta, com trechos ociosos, al\u00e9m de gargalos importantes no acesso aos portos mais movimentados do pa\u00eds.<\/p>\n\n\n\n<p>Para incentivar o modal ferrovi\u00e1rio, uma iniciativa foi, a partir da Lei 13.448\/2017, permitir a prorroga\u00e7\u00e3o antecipada dos contratos a vencer, com a contrapartida de renegociar alguns termos desses contratos e, com isso, alterar o mecanismo de incentivos e inserir alguns investimentos obrigat\u00f3rios relevantes para a malha ferrovi\u00e1ria brasileira. Assim, investimentos que seriam realizados somente ap\u00f3s o t\u00e9rmino do contrato e com a troca do concession\u00e1rio ganharam mais celeridade, com a previs\u00e3o de medidas a serem tomadas em prazo mais curto.<\/p>\n\n\n\n<p>Mais recentemente, a Lei 14.273\/2021 trouxe a proposta de autoriza\u00e7\u00f5es para o setor ferrovi\u00e1rio. Agora, ao inv\u00e9s do governo ter que fazer uma licita\u00e7\u00e3o e estabelecer a concession\u00e1ria vencedora para aquele trecho, com contrato amplo e detalhado sobre todas as obriga\u00e7\u00f5es e par\u00e2metros a serem seguidos durante o prazo de concess\u00e3o, o agente privado interessado em construir um trecho ferrovi\u00e1rio poder\u00e1 faz\u00ea-lo por meio de uma autoriza\u00e7\u00e3o (sem necessidade de licita\u00e7\u00e3o). A Ferrogr\u00e3o seria um projeto que poderia se encaixar nessa nova hip\u00f3tese legal, sendo constru\u00edda e levada a cabo integralmente pela iniciativa privada.<\/p>\n\n\n\n<p>A ideia por tr\u00e1s desse novo modelo seria destravar investimentos para o setor, permitir de forma mais livre e menos burocr\u00e1tica a atua\u00e7\u00e3o privada e incentivar o modal ferrovi\u00e1rio no pa\u00eds, gerando empregos e renda. Na fic\u00e7\u00e3o, a beleza dos finais felizes escritos no papel \u00e9 garantida (basta a vontade do autor), mas na realidade, a hist\u00f3ria \u00e9 outra.<\/p>\n\n\n\n<p>O enredo do projeto da Ferrogr\u00e3o, assim, precisa esclarecer algumas d\u00favidas, por exemplo: se ela custar\u00e1 t\u00e3o caro (estimativas acima de R$ 20 bilh\u00f5es), quem vai construir? Ser\u00e1 o setor privado sozinho e por meio de autoriza\u00e7\u00e3o? Ser\u00e1 o setor p\u00fablico sozinho e depois realiza concess\u00e3o por meio de licita\u00e7\u00e3o? Setor p\u00fablico e privado juntos numa parceria p\u00fablico-privada e quais ser\u00e3o os direitos e obriga\u00e7\u00f5es para cada parte? E se o setor privado n\u00e3o cumprir com sua parte? Fica tudo para o governo? Essas d\u00favidas, entre diversas outras e sem contar os aspectos ambientais corroboram a necess\u00e1ria iniciativa do STF de levar o caso a uma comiss\u00e3o de concilia\u00e7\u00e3o, at\u00e9 porque n\u00e3o basta ver s\u00f3 o que supostamente se ganhar\u00e1 com a Ferrogr\u00e3o. Para tomar uma decis\u00e3o racional e isenta \u00e9 importante diferenciar o que \u00e9 sonho e realidade, pois, afinal, R$ 20 bilh\u00f5es \u00e9 muito dinheiro e, se parte disso for recursos do setor p\u00fablico, seu custo pode ser ainda maior.<\/p>\n\n\n\n<p>O livro de Ayn Rand virou <em>best-seller<\/em> e uma defesa do liberalismo pela literatura. Romances bem escritos s\u00e3o um campo f\u00e9rtil para reflex\u00f5es e imagina\u00e7\u00f5es. Projetos ferrovi\u00e1rios lan\u00e7ados no papel tamb\u00e9m s\u00e3o. Que a solu\u00e7\u00e3o de concilia\u00e7\u00e3o ao imbr\u00f3glio da Ferrogr\u00e3o se direcione a uma realidade poss\u00edvel, que n\u00e3o se transforme em um tormento. At\u00e9 porque, se for para virar pesadelo, que o projeto apresentado se torne lixo e, \u00e9 claro, com o agradecimento do meio-ambiente, seja reciclado, repensado e reapresentado para futuras avalia\u00e7\u00f5es.<\/p>\n\n\n\n<h6 class=\"wp-block-heading\" id=\"block-aa9ff8cf-f9c2-435f-85ff-56a599c37bc9\"><strong><strong>*Rafael Moreira Mota \u00e9 advogado e mestre em direito constitucional.<\/strong><\/strong><\/h6>\n\n\n\n<h6 class=\"wp-block-heading\" id=\"block-aa9ff8cf-f9c2-435f-85ff-56a599c37bc9\"><strong><strong>**Geovana Lorena Bertussi \u00e9 doutora em Economia e professora do Departamento de Economia da UnB (Universidade de Bras\u00edlia).<\/strong><\/strong><\/h6>\n\n\n\n<h5 class=\"wp-block-heading\" id=\"block-d67878ff-7627-4f15-b175-8f58269174ff\">O iNFRADebate \u00e9 o espa\u00e7o de artigos da Ag\u00eancia iNFRA com opini\u00f5es de seus atores que n\u00e3o refletem necessariamente o pensamento da Ag\u00eancia iNFRA, sendo de total responsabilidade do autor as informa\u00e7\u00f5es, ju\u00edzos de valor e conceitos descritos no texto.<\/h5>\n","protected":false},"excerpt":{"rendered":"<p>Rafael Moreira Mota* e Geovana Lorena Bertussi** O romance \u201cA Revolta de Atlas\u201d, de Ayn Rand, \u00e9 considerado um dos livros mais influentes da sociedade americana, sendo considerado a \u201cB\u00edblia\u201d do pensamento liberal cl\u00e1ssico na segunda metade do s\u00e9culo XX. A meritocracia liberal e a discuss\u00e3o a respeito da interven\u00e7\u00e3o estatal t\u00eam como cen\u00e1rio a [&hellip;]<\/p>\n","protected":false},"author":1,"featured_media":12845,"comment_status":"closed","ping_status":"closed","sticky":false,"template":"","format":"standard","meta":{"_monsterinsights_skip_tracking":false,"_monsterinsights_sitenote_active":false,"_monsterinsights_sitenote_note":"","_monsterinsights_sitenote_category":0,"footnotes":""},"categories":[1,11],"tags":[6864,6866,6823,120,525,5548,6865,688,6867,372],"class_list":["post-12844","post","type-post","status-publish","format-standard","has-post-thumbnail","hentry","category-geral","category-infradebate","tag-a-revolta-de-atlas","tag-any-rand","tag-estado","tag-ferrovias","tag-lei-13-448-2017","tag-lei-14-273-2021","tag-liberalismo","tag-para","tag-parque-nacional-do-jamanxim","tag-stf"],"yoast_head":"<!-- This site is optimized with the Yoast SEO Premium plugin v25.4 (Yoast SEO v26.0) - https:\/\/yoast.com\/wordpress\/plugins\/seo\/ -->\n<title>iNFRADebate: Ferrogr\u00e3o e a Revolta de Atlas - fic\u00e7\u00e3o ou realidade? - Ag\u00eancia iNFRA<\/title>\n<meta name=\"robots\" content=\"index, follow, max-snippet:-1, max-image-preview:large, max-video-preview:-1\" \/>\n<link rel=\"canonical\" href=\"https:\/\/agenciainfra.com\/blog\/infradebate-ferrograo-e-a-revolta-de-atlas-ficcao-ou-realidade\/\" \/>\n<meta property=\"og:locale\" content=\"pt_BR\" \/>\n<meta property=\"og:type\" content=\"article\" \/>\n<meta property=\"og:title\" content=\"iNFRADebate: Ferrogr\u00e3o e a Revolta de Atlas - fic\u00e7\u00e3o ou realidade?\" \/>\n<meta property=\"og:description\" content=\"Rafael Moreira Mota* e Geovana Lorena Bertussi** O romance \u201cA Revolta de Atlas\u201d, de Ayn Rand, \u00e9 considerado um dos livros mais influentes da sociedade americana, sendo considerado a \u201cB\u00edblia\u201d do pensamento liberal cl\u00e1ssico na segunda metade do s\u00e9culo XX. A meritocracia liberal e a discuss\u00e3o a respeito da interven\u00e7\u00e3o estatal t\u00eam como cen\u00e1rio a [&hellip;]\" \/>\n<meta property=\"og:url\" content=\"https:\/\/agenciainfra.com\/blog\/infradebate-ferrograo-e-a-revolta-de-atlas-ficcao-ou-realidade\/\" \/>\n<meta property=\"og:site_name\" content=\"Ag\u00eancia iNFRA\" \/>\n<meta property=\"article:publisher\" content=\"https:\/\/www.facebook.com\/ageninfra\" \/>\n<meta property=\"article:published_time\" content=\"2023-06-12T14:00:00+00:00\" \/>\n<meta property=\"og:image\" content=\"https:\/\/agenciainfra.com\/blog\/wp-content\/uploads\/2023\/06\/montagem-rafael-moreira-mota-e-geovana-lorena-bertussi.jpeg\" \/>\n\t<meta property=\"og:image:width\" content=\"1200\" \/>\n\t<meta property=\"og:image:height\" content=\"800\" \/>\n\t<meta property=\"og:image:type\" content=\"image\/jpeg\" \/>\n<meta name=\"author\" content=\"Ag\u00eancia iNFRA\" \/>\n<meta name=\"twitter:card\" content=\"summary_large_image\" \/>\n<meta name=\"twitter:creator\" content=\"@agencia_infra\" \/>\n<meta name=\"twitter:site\" content=\"@agencia_infra\" \/>\n<meta name=\"twitter:label1\" content=\"Escrito por\" \/>\n\t<meta name=\"twitter:data1\" content=\"Ag\u00eancia iNFRA\" \/>\n\t<meta name=\"twitter:label2\" content=\"Est. tempo de leitura\" \/>\n\t<meta name=\"twitter:data2\" content=\"5 minutos\" \/>\n<script type=\"application\/ld+json\" class=\"yoast-schema-graph\">{\"@context\":\"https:\/\/schema.org\",\"@graph\":[{\"@type\":\"Article\",\"@id\":\"https:\/\/agenciainfra.com\/blog\/infradebate-ferrograo-e-a-revolta-de-atlas-ficcao-ou-realidade\/#article\",\"isPartOf\":{\"@id\":\"https:\/\/agenciainfra.com\/blog\/infradebate-ferrograo-e-a-revolta-de-atlas-ficcao-ou-realidade\/\"},\"author\":{\"name\":\"Ag\u00eancia iNFRA\",\"@id\":\"https:\/\/agenciainfra.com\/blog\/#\/schema\/person\/34af08dff6adea4cb22b06612ba7acfa\"},\"headline\":\"iNFRADebate: Ferrogr\u00e3o e a Revolta de Atlas &#8211; fic\u00e7\u00e3o ou realidade?\",\"datePublished\":\"2023-06-12T14:00:00+00:00\",\"mainEntityOfPage\":{\"@id\":\"https:\/\/agenciainfra.com\/blog\/infradebate-ferrograo-e-a-revolta-de-atlas-ficcao-ou-realidade\/\"},\"wordCount\":971,\"publisher\":{\"@id\":\"https:\/\/agenciainfra.com\/blog\/#organization\"},\"image\":{\"@id\":\"https:\/\/agenciainfra.com\/blog\/infradebate-ferrograo-e-a-revolta-de-atlas-ficcao-ou-realidade\/#primaryimage\"},\"thumbnailUrl\":\"https:\/\/agenciainfra.com\/blog\/wp-content\/uploads\/2023\/06\/montagem-rafael-moreira-mota-e-geovana-lorena-bertussi.jpeg\",\"keywords\":[\"A Revolta de Atlas\",\"Any Rand\",\"Estado\",\"Ferrovias\",\"Lei 13.448\/2017\",\"Lei 14.273\/2021\",\"liberalismo\",\"Par\u00e1\",\"Parque Nacional do Jamanxim\",\"STF\"],\"articleSection\":[\"Geral\",\"iNFRADebate\"],\"inLanguage\":\"pt-BR\",\"copyrightYear\":\"2023\",\"copyrightHolder\":{\"@id\":\"https:\/\/agenciainfra.com\/blog\/#organization\"}},{\"@type\":\"WebPage\",\"@id\":\"https:\/\/agenciainfra.com\/blog\/infradebate-ferrograo-e-a-revolta-de-atlas-ficcao-ou-realidade\/\",\"url\":\"https:\/\/agenciainfra.com\/blog\/infradebate-ferrograo-e-a-revolta-de-atlas-ficcao-ou-realidade\/\",\"name\":\"iNFRADebate: Ferrogr\u00e3o e a Revolta de Atlas - fic\u00e7\u00e3o ou realidade? - Ag\u00eancia iNFRA\",\"isPartOf\":{\"@id\":\"https:\/\/agenciainfra.com\/blog\/#website\"},\"primaryImageOfPage\":{\"@id\":\"https:\/\/agenciainfra.com\/blog\/infradebate-ferrograo-e-a-revolta-de-atlas-ficcao-ou-realidade\/#primaryimage\"},\"image\":{\"@id\":\"https:\/\/agenciainfra.com\/blog\/infradebate-ferrograo-e-a-revolta-de-atlas-ficcao-ou-realidade\/#primaryimage\"},\"thumbnailUrl\":\"https:\/\/agenciainfra.com\/blog\/wp-content\/uploads\/2023\/06\/montagem-rafael-moreira-mota-e-geovana-lorena-bertussi.jpeg\",\"datePublished\":\"2023-06-12T14:00:00+00:00\",\"breadcrumb\":{\"@id\":\"https:\/\/agenciainfra.com\/blog\/infradebate-ferrograo-e-a-revolta-de-atlas-ficcao-ou-realidade\/#breadcrumb\"},\"inLanguage\":\"pt-BR\",\"potentialAction\":[{\"@type\":\"ReadAction\",\"target\":[\"https:\/\/agenciainfra.com\/blog\/infradebate-ferrograo-e-a-revolta-de-atlas-ficcao-ou-realidade\/\"]}]},{\"@type\":\"ImageObject\",\"inLanguage\":\"pt-BR\",\"@id\":\"https:\/\/agenciainfra.com\/blog\/infradebate-ferrograo-e-a-revolta-de-atlas-ficcao-ou-realidade\/#primaryimage\",\"url\":\"https:\/\/agenciainfra.com\/blog\/wp-content\/uploads\/2023\/06\/montagem-rafael-moreira-mota-e-geovana-lorena-bertussi.jpeg\",\"contentUrl\":\"https:\/\/agenciainfra.com\/blog\/wp-content\/uploads\/2023\/06\/montagem-rafael-moreira-mota-e-geovana-lorena-bertussi.jpeg\",\"width\":1200,\"height\":800},{\"@type\":\"BreadcrumbList\",\"@id\":\"https:\/\/agenciainfra.com\/blog\/infradebate-ferrograo-e-a-revolta-de-atlas-ficcao-ou-realidade\/#breadcrumb\",\"itemListElement\":[{\"@type\":\"ListItem\",\"position\":1,\"name\":\"In\u00edcio\",\"item\":\"https:\/\/agenciainfra.com\/blog\/\"},{\"@type\":\"ListItem\",\"position\":2,\"name\":\"iNFRADebate: Ferrogr\u00e3o e a Revolta de Atlas &#8211; fic\u00e7\u00e3o ou realidade?\"}]},{\"@type\":\"WebSite\",\"@id\":\"https:\/\/agenciainfra.com\/blog\/#website\",\"url\":\"https:\/\/agenciainfra.com\/blog\/\",\"name\":\"Ag\u00eancia iNFRA\",\"description\":\"Multiplataforma de informa\u00e7\u00e3o jornal\u00edstica refer\u00eancia na \u00e1rea de infraestrutura no Brasil!\",\"publisher\":{\"@id\":\"https:\/\/agenciainfra.com\/blog\/#organization\"},\"potentialAction\":[{\"@type\":\"SearchAction\",\"target\":{\"@type\":\"EntryPoint\",\"urlTemplate\":\"https:\/\/agenciainfra.com\/blog\/?s={search_term_string}\"},\"query-input\":{\"@type\":\"PropertyValueSpecification\",\"valueRequired\":true,\"valueName\":\"search_term_string\"}}],\"inLanguage\":\"pt-BR\"},{\"@type\":\"Organization\",\"@id\":\"https:\/\/agenciainfra.com\/blog\/#organization\",\"name\":\"Ag\u00eancia iNFRA\",\"url\":\"https:\/\/agenciainfra.com\/blog\/\",\"logo\":{\"@type\":\"ImageObject\",\"inLanguage\":\"pt-BR\",\"@id\":\"https:\/\/agenciainfra.com\/blog\/#\/schema\/logo\/image\/\",\"url\":\"https:\/\/agenciainfra.com\/blog\/wp-content\/uploads\/2023\/09\/iNFRA_5-e1761735885940.png\",\"contentUrl\":\"https:\/\/agenciainfra.com\/blog\/wp-content\/uploads\/2023\/09\/iNFRA_5-e1761735885940.png\",\"width\":1672,\"height\":454,\"caption\":\"Ag\u00eancia iNFRA\"},\"image\":{\"@id\":\"https:\/\/agenciainfra.com\/blog\/#\/schema\/logo\/image\/\"},\"sameAs\":[\"https:\/\/www.facebook.com\/ageninfra\",\"https:\/\/x.com\/agencia_infra\",\"https:\/\/www.linkedin.com\/company\/ag\u00eanciainfra\/\",\"https:\/\/www.instagram.com\/agenciainfra\/\"]},{\"@type\":\"Person\",\"@id\":\"https:\/\/agenciainfra.com\/blog\/#\/schema\/person\/34af08dff6adea4cb22b06612ba7acfa\",\"name\":\"Ag\u00eancia iNFRA\",\"image\":{\"@type\":\"ImageObject\",\"inLanguage\":\"pt-BR\",\"@id\":\"https:\/\/agenciainfra.com\/blog\/#\/schema\/person\/image\/\",\"url\":\"https:\/\/secure.gravatar.com\/avatar\/d189e01678f06d8eb84d4e01f08eb848b3fffe3f8443818d3c356c66892f5be8?s=96&d=mm&r=g\",\"contentUrl\":\"https:\/\/secure.gravatar.com\/avatar\/d189e01678f06d8eb84d4e01f08eb848b3fffe3f8443818d3c356c66892f5be8?s=96&d=mm&r=g\",\"caption\":\"Ag\u00eancia iNFRA\"},\"url\":\"https:\/\/agenciainfra.com\/blog\/author\/admin\/\"}]}<\/script>\n<!-- \/ Yoast SEO Premium plugin. -->","yoast_head_json":{"title":"iNFRADebate: Ferrogr\u00e3o e a Revolta de Atlas - fic\u00e7\u00e3o ou realidade? - Ag\u00eancia iNFRA","robots":{"index":"index","follow":"follow","max-snippet":"max-snippet:-1","max-image-preview":"max-image-preview:large","max-video-preview":"max-video-preview:-1"},"canonical":"https:\/\/agenciainfra.com\/blog\/infradebate-ferrograo-e-a-revolta-de-atlas-ficcao-ou-realidade\/","og_locale":"pt_BR","og_type":"article","og_title":"iNFRADebate: Ferrogr\u00e3o e a Revolta de Atlas - fic\u00e7\u00e3o ou realidade?","og_description":"Rafael Moreira Mota* e Geovana Lorena Bertussi** O romance \u201cA Revolta de Atlas\u201d, de Ayn Rand, \u00e9 considerado um dos livros mais influentes da sociedade americana, sendo considerado a \u201cB\u00edblia\u201d do pensamento liberal cl\u00e1ssico na segunda metade do s\u00e9culo XX. A meritocracia liberal e a discuss\u00e3o a respeito da interven\u00e7\u00e3o estatal t\u00eam como cen\u00e1rio a [&hellip;]","og_url":"https:\/\/agenciainfra.com\/blog\/infradebate-ferrograo-e-a-revolta-de-atlas-ficcao-ou-realidade\/","og_site_name":"Ag\u00eancia iNFRA","article_publisher":"https:\/\/www.facebook.com\/ageninfra","article_published_time":"2023-06-12T14:00:00+00:00","og_image":[{"width":1200,"height":800,"url":"https:\/\/agenciainfra.com\/blog\/wp-content\/uploads\/2023\/06\/montagem-rafael-moreira-mota-e-geovana-lorena-bertussi.jpeg","type":"image\/jpeg"}],"author":"Ag\u00eancia iNFRA","twitter_card":"summary_large_image","twitter_creator":"@agencia_infra","twitter_site":"@agencia_infra","twitter_misc":{"Escrito por":"Ag\u00eancia iNFRA","Est. tempo de leitura":"5 minutos"},"schema":{"@context":"https:\/\/schema.org","@graph":[{"@type":"Article","@id":"https:\/\/agenciainfra.com\/blog\/infradebate-ferrograo-e-a-revolta-de-atlas-ficcao-ou-realidade\/#article","isPartOf":{"@id":"https:\/\/agenciainfra.com\/blog\/infradebate-ferrograo-e-a-revolta-de-atlas-ficcao-ou-realidade\/"},"author":{"name":"Ag\u00eancia iNFRA","@id":"https:\/\/agenciainfra.com\/blog\/#\/schema\/person\/34af08dff6adea4cb22b06612ba7acfa"},"headline":"iNFRADebate: Ferrogr\u00e3o e a Revolta de Atlas &#8211; fic\u00e7\u00e3o ou realidade?","datePublished":"2023-06-12T14:00:00+00:00","mainEntityOfPage":{"@id":"https:\/\/agenciainfra.com\/blog\/infradebate-ferrograo-e-a-revolta-de-atlas-ficcao-ou-realidade\/"},"wordCount":971,"publisher":{"@id":"https:\/\/agenciainfra.com\/blog\/#organization"},"image":{"@id":"https:\/\/agenciainfra.com\/blog\/infradebate-ferrograo-e-a-revolta-de-atlas-ficcao-ou-realidade\/#primaryimage"},"thumbnailUrl":"https:\/\/agenciainfra.com\/blog\/wp-content\/uploads\/2023\/06\/montagem-rafael-moreira-mota-e-geovana-lorena-bertussi.jpeg","keywords":["A Revolta de Atlas","Any Rand","Estado","Ferrovias","Lei 13.448\/2017","Lei 14.273\/2021","liberalismo","Par\u00e1","Parque Nacional do Jamanxim","STF"],"articleSection":["Geral","iNFRADebate"],"inLanguage":"pt-BR","copyrightYear":"2023","copyrightHolder":{"@id":"https:\/\/agenciainfra.com\/blog\/#organization"}},{"@type":"WebPage","@id":"https:\/\/agenciainfra.com\/blog\/infradebate-ferrograo-e-a-revolta-de-atlas-ficcao-ou-realidade\/","url":"https:\/\/agenciainfra.com\/blog\/infradebate-ferrograo-e-a-revolta-de-atlas-ficcao-ou-realidade\/","name":"iNFRADebate: Ferrogr\u00e3o e a Revolta de Atlas - fic\u00e7\u00e3o ou realidade? - Ag\u00eancia iNFRA","isPartOf":{"@id":"https:\/\/agenciainfra.com\/blog\/#website"},"primaryImageOfPage":{"@id":"https:\/\/agenciainfra.com\/blog\/infradebate-ferrograo-e-a-revolta-de-atlas-ficcao-ou-realidade\/#primaryimage"},"image":{"@id":"https:\/\/agenciainfra.com\/blog\/infradebate-ferrograo-e-a-revolta-de-atlas-ficcao-ou-realidade\/#primaryimage"},"thumbnailUrl":"https:\/\/agenciainfra.com\/blog\/wp-content\/uploads\/2023\/06\/montagem-rafael-moreira-mota-e-geovana-lorena-bertussi.jpeg","datePublished":"2023-06-12T14:00:00+00:00","breadcrumb":{"@id":"https:\/\/agenciainfra.com\/blog\/infradebate-ferrograo-e-a-revolta-de-atlas-ficcao-ou-realidade\/#breadcrumb"},"inLanguage":"pt-BR","potentialAction":[{"@type":"ReadAction","target":["https:\/\/agenciainfra.com\/blog\/infradebate-ferrograo-e-a-revolta-de-atlas-ficcao-ou-realidade\/"]}]},{"@type":"ImageObject","inLanguage":"pt-BR","@id":"https:\/\/agenciainfra.com\/blog\/infradebate-ferrograo-e-a-revolta-de-atlas-ficcao-ou-realidade\/#primaryimage","url":"https:\/\/agenciainfra.com\/blog\/wp-content\/uploads\/2023\/06\/montagem-rafael-moreira-mota-e-geovana-lorena-bertussi.jpeg","contentUrl":"https:\/\/agenciainfra.com\/blog\/wp-content\/uploads\/2023\/06\/montagem-rafael-moreira-mota-e-geovana-lorena-bertussi.jpeg","width":1200,"height":800},{"@type":"BreadcrumbList","@id":"https:\/\/agenciainfra.com\/blog\/infradebate-ferrograo-e-a-revolta-de-atlas-ficcao-ou-realidade\/#breadcrumb","itemListElement":[{"@type":"ListItem","position":1,"name":"In\u00edcio","item":"https:\/\/agenciainfra.com\/blog\/"},{"@type":"ListItem","position":2,"name":"iNFRADebate: Ferrogr\u00e3o e a Revolta de Atlas &#8211; fic\u00e7\u00e3o ou realidade?"}]},{"@type":"WebSite","@id":"https:\/\/agenciainfra.com\/blog\/#website","url":"https:\/\/agenciainfra.com\/blog\/","name":"Ag\u00eancia iNFRA","description":"Multiplataforma de informa\u00e7\u00e3o jornal\u00edstica refer\u00eancia na \u00e1rea de infraestrutura no Brasil!","publisher":{"@id":"https:\/\/agenciainfra.com\/blog\/#organization"},"potentialAction":[{"@type":"SearchAction","target":{"@type":"EntryPoint","urlTemplate":"https:\/\/agenciainfra.com\/blog\/?s={search_term_string}"},"query-input":{"@type":"PropertyValueSpecification","valueRequired":true,"valueName":"search_term_string"}}],"inLanguage":"pt-BR"},{"@type":"Organization","@id":"https:\/\/agenciainfra.com\/blog\/#organization","name":"Ag\u00eancia iNFRA","url":"https:\/\/agenciainfra.com\/blog\/","logo":{"@type":"ImageObject","inLanguage":"pt-BR","@id":"https:\/\/agenciainfra.com\/blog\/#\/schema\/logo\/image\/","url":"https:\/\/agenciainfra.com\/blog\/wp-content\/uploads\/2023\/09\/iNFRA_5-e1761735885940.png","contentUrl":"https:\/\/agenciainfra.com\/blog\/wp-content\/uploads\/2023\/09\/iNFRA_5-e1761735885940.png","width":1672,"height":454,"caption":"Ag\u00eancia iNFRA"},"image":{"@id":"https:\/\/agenciainfra.com\/blog\/#\/schema\/logo\/image\/"},"sameAs":["https:\/\/www.facebook.com\/ageninfra","https:\/\/x.com\/agencia_infra","https:\/\/www.linkedin.com\/company\/ag\u00eanciainfra\/","https:\/\/www.instagram.com\/agenciainfra\/"]},{"@type":"Person","@id":"https:\/\/agenciainfra.com\/blog\/#\/schema\/person\/34af08dff6adea4cb22b06612ba7acfa","name":"Ag\u00eancia iNFRA","image":{"@type":"ImageObject","inLanguage":"pt-BR","@id":"https:\/\/agenciainfra.com\/blog\/#\/schema\/person\/image\/","url":"https:\/\/secure.gravatar.com\/avatar\/d189e01678f06d8eb84d4e01f08eb848b3fffe3f8443818d3c356c66892f5be8?s=96&d=mm&r=g","contentUrl":"https:\/\/secure.gravatar.com\/avatar\/d189e01678f06d8eb84d4e01f08eb848b3fffe3f8443818d3c356c66892f5be8?s=96&d=mm&r=g","caption":"Ag\u00eancia iNFRA"},"url":"https:\/\/agenciainfra.com\/blog\/author\/admin\/"}]}},"_links":{"self":[{"href":"https:\/\/agenciainfra.com\/blog\/wp-json\/wp\/v2\/posts\/12844","targetHints":{"allow":["GET"]}}],"collection":[{"href":"https:\/\/agenciainfra.com\/blog\/wp-json\/wp\/v2\/posts"}],"about":[{"href":"https:\/\/agenciainfra.com\/blog\/wp-json\/wp\/v2\/types\/post"}],"author":[{"embeddable":true,"href":"https:\/\/agenciainfra.com\/blog\/wp-json\/wp\/v2\/users\/1"}],"replies":[{"embeddable":true,"href":"https:\/\/agenciainfra.com\/blog\/wp-json\/wp\/v2\/comments?post=12844"}],"version-history":[{"count":0,"href":"https:\/\/agenciainfra.com\/blog\/wp-json\/wp\/v2\/posts\/12844\/revisions"}],"wp:featuredmedia":[{"embeddable":true,"href":"https:\/\/agenciainfra.com\/blog\/wp-json\/wp\/v2\/media\/12845"}],"wp:attachment":[{"href":"https:\/\/agenciainfra.com\/blog\/wp-json\/wp\/v2\/media?parent=12844"}],"wp:term":[{"taxonomy":"category","embeddable":true,"href":"https:\/\/agenciainfra.com\/blog\/wp-json\/wp\/v2\/categories?post=12844"},{"taxonomy":"post_tag","embeddable":true,"href":"https:\/\/agenciainfra.com\/blog\/wp-json\/wp\/v2\/tags?post=12844"}],"curies":[{"name":"wp","href":"https:\/\/api.w.org\/{rel}","templated":true}]}}