{"id":12857,"date":"2023-06-14T09:00:00","date_gmt":"2023-06-14T12:00:00","guid":{"rendered":"https:\/\/www.agenciainfra.com\/blog\/?p=12857"},"modified":"2023-06-13T10:56:05","modified_gmt":"2023-06-13T13:56:05","slug":"anac-define-indenizacao-do-asga-em-r-55455-mi","status":"publish","type":"post","link":"https:\/\/agenciainfra.com\/blog\/anac-define-indenizacao-do-asga-em-r-55455-mi\/","title":{"rendered":"ANAC define indeniza\u00e7\u00e3o do ASGA em R$ 554,55 mi"},"content":{"rendered":"\n<p class=\"has-text-align-right\"><strong>Jenifer Ribeiro, da Ag\u00eancia iNFRA<\/strong><\/p>\n\n\n\n<p>A&nbsp;ANAC&nbsp;(Ag\u00eancia Nacional de Avia\u00e7\u00e3o Civil) definiu a&nbsp;indeniza\u00e7\u00e3o&nbsp;sobre bens revers\u00edveis n\u00e3o amortizados&nbsp;do&nbsp;Asga&nbsp;(Aeroporto de S\u00e3o Gon\u00e7alo&nbsp;do&nbsp;Amarante), localizado no Rio Grande&nbsp;do&nbsp;Norte,&nbsp;em&nbsp;R$&nbsp;554,55&nbsp;milh\u00f5es. O ativo est\u00e1 sendo&nbsp;administrado pela Infram\u00e9rica e foi relicitado no m\u00eas passado.<br><br>A decis\u00e3o foi proferida na \u00faltima quarta-feira (7)&nbsp;em&nbsp;reuni\u00e3o de diretoria da ag\u00eancia reguladora. Na ocasi\u00e3o, a&nbsp;ANAC&nbsp;acatou o pedido da Infram\u00e9rica de ajuste nos c\u00e1lculos da&nbsp;indeniza\u00e7\u00e3o. Com isso, o valor aumentou&nbsp;em&nbsp;R$ 5 milh\u00f5es.<br><br>O c\u00e1lculo ainda precisa ser submetido ao TCU (Tribunal de Contas da Uni\u00e3o).&nbsp;O valor final da&nbsp;indeniza\u00e7\u00e3o&nbsp;vai sofrer altera\u00e7\u00f5es at\u00e9 o momento da transfer\u00eancia operacional para a nova concession\u00e1ria, segundo o diretor relator da mat\u00e9ria, Tiago Pereira. Isso porque, entre outros fatores, ainda existem descontos por eventuais multas expedidas pela&nbsp;ANAC&nbsp;que n\u00e3o foram quitadas pela concession\u00e1ria&nbsp;e os saldos de reequil\u00edbrios econ\u00f4mico-financeiros existentes \u2013 tanto&nbsp;em&nbsp;favor quanto contra a Infram\u00e9rica.<br><br>O valor definido pela ag\u00eancia reguladora \u00e9 maior que a outorga oferecida no leil\u00e3o de relicita\u00e7\u00e3o&nbsp;do&nbsp;aeroporto pela Zurich Airport, de&nbsp;R$ 320 milh\u00f5es. Com isso, o saldo restante a pagar ser\u00e1 desembolsado pela Uni\u00e3o, antes da Zurich.<br><br><strong>Reequil\u00edbrios contratuais<\/strong><br>A&nbsp;ANAC&nbsp;aprovou o pedido de posterga\u00e7\u00e3o por seis meses da fase 1B \u2013 momento&nbsp;em&nbsp;que s\u00e3o feitos os investimentos iniciais, a adequa\u00e7\u00e3o da infraestrutura e a recomposi\u00e7\u00e3o&nbsp;do&nbsp;n\u00edvel de servi\u00e7o \u2013 da concess\u00e3o&nbsp;do&nbsp;Aeroporto Internacional&nbsp;do&nbsp;Recife. A concession\u00e1ria alega demora na libera\u00e7\u00e3o das licen\u00e7as ambientais. Os diretores tamb\u00e9m referendaram o pedido de posterga\u00e7\u00e3o da fase 1B da concess\u00e3o dos aeroportos de Mato Grosso.<br><br>O colegiado aprovou os reequil\u00edbrios contratuais&nbsp;em&nbsp;favor dos aeroportos de Viracopos (SP) e Gale\u00e3o (RJ) nos valores de&nbsp;R$ 1,49 milh\u00e3o e&nbsp;R$ 973 mil, respectivamente. A decis\u00e3o ocorreu ap\u00f3s uma determina\u00e7\u00e3o&nbsp;do&nbsp;TCU, que estabeleceu um limite de cinco anos de prescri\u00e7\u00e3o para os reequil\u00edbrios de contratos da ag\u00eancia. Nos dois casos, a ag\u00eancia havia reconhecido que a revis\u00e3o de tarifas das unidades n\u00e3o deveria restringir-se ao prazo de cinco anos, o que foi modificado agora.<br><br><strong>Competi\u00e7\u00e3o de QAV<\/strong><br>A diretoria decidiu tamb\u00e9m alterar as resolu\u00e7\u00f5es&nbsp;<a href=\"https:\/\/agenciainfra.us14.list-manage.com\/track\/click?u=d460dd1bcf9ba0ae040e1fc0f&amp;id=b31a79eeb4&amp;e=f0fa444791\" target=\"_blank\" rel=\"noreferrer noopener\">302\/2014<\/a>, que trata da aloca\u00e7\u00e3o e remunera\u00e7\u00e3o de \u00e1reas aeroportu\u00e1rias, e&nbsp;<a href=\"https:\/\/agenciainfra.us14.list-manage.com\/track\/click?u=d460dd1bcf9ba0ae040e1fc0f&amp;id=bec7952ab1&amp;e=f0fa444791\" target=\"_blank\" rel=\"noreferrer noopener\">116\/2009<\/a>, que disp\u00f5e dos servi\u00e7os auxiliares ao transporte a\u00e9reo. O objetivo&nbsp;do&nbsp;colegiado \u00e9 permitir a abertura&nbsp;do&nbsp;setor e afastar pr\u00e1ticas anticompetitivas, al\u00e9m de pre\u00e7os abusivos&nbsp;do&nbsp;QAV (querosene de avia\u00e7\u00e3o),&nbsp;do&nbsp;mercado de distribui\u00e7\u00e3o de combust\u00edveis de avia\u00e7\u00e3o.<\/p>\n","protected":false},"excerpt":{"rendered":"<p>Jenifer Ribeiro, da Ag\u00eancia iNFRA A&nbsp;ANAC&nbsp;(Ag\u00eancia Nacional de Avia\u00e7\u00e3o Civil) definiu a&nbsp;indeniza\u00e7\u00e3o&nbsp;sobre bens revers\u00edveis n\u00e3o amortizados&nbsp;do&nbsp;Asga&nbsp;(Aeroporto de S\u00e3o Gon\u00e7alo&nbsp;do&nbsp;Amarante), localizado no Rio Grande&nbsp;do&nbsp;Norte,&nbsp;em&nbsp;R$&nbsp;554,55&nbsp;milh\u00f5es. O ativo est\u00e1 sendo&nbsp;administrado pela Infram\u00e9rica e foi relicitado no m\u00eas passado. A decis\u00e3o foi proferida na \u00faltima quarta-feira (7)&nbsp;em&nbsp;reuni\u00e3o de diretoria da ag\u00eancia reguladora. Na ocasi\u00e3o, a&nbsp;ANAC&nbsp;acatou o pedido da Infram\u00e9rica [&hellip;]<\/p>\n","protected":false},"author":1,"featured_media":8296,"comment_status":"closed","ping_status":"closed","sticky":false,"template":"","format":"standard","meta":{"_monsterinsights_skip_tracking":false,"_monsterinsights_sitenote_active":false,"_monsterinsights_sitenote_note":"","_monsterinsights_sitenote_category":0,"footnotes":""},"categories":[1,7],"tags":[107,242,5321,78,3050,3725,108,2142,18,241,6881],"class_list":["post-12857","post","type-post","status-publish","format-standard","has-post-thumbnail","hentry","category-geral","category-infratransporte","tag-aeroportos","tag-anac","tag-asga","tag-concessoes","tag-galeao","tag-inframerica-2","tag-mato-grosso","tag-sao-goncalo-do-amarante","tag-tcu","tag-viracopos","tag-zurich"],"yoast_head":"<!-- This site is optimized with the Yoast SEO Premium plugin v25.4 (Yoast SEO v26.0) - https:\/\/yoast.com\/wordpress\/plugins\/seo\/ -->\n<title>ANAC define indeniza\u00e7\u00e3o do ASGA em R$ 554,55 mi - Ag\u00eancia iNFRA<\/title>\n<meta name=\"robots\" content=\"index, follow, max-snippet:-1, max-image-preview:large, max-video-preview:-1\" \/>\n<link rel=\"canonical\" href=\"https:\/\/agenciainfra.com\/blog\/anac-define-indenizacao-do-asga-em-r-55455-mi\/\" \/>\n<meta property=\"og:locale\" content=\"pt_BR\" \/>\n<meta property=\"og:type\" content=\"article\" \/>\n<meta property=\"og:title\" content=\"ANAC define indeniza\u00e7\u00e3o do ASGA em R$ 554,55 mi\" \/>\n<meta property=\"og:description\" content=\"Jenifer Ribeiro, da Ag\u00eancia iNFRA A&nbsp;ANAC&nbsp;(Ag\u00eancia Nacional de Avia\u00e7\u00e3o Civil) definiu a&nbsp;indeniza\u00e7\u00e3o&nbsp;sobre bens revers\u00edveis n\u00e3o amortizados&nbsp;do&nbsp;Asga&nbsp;(Aeroporto de S\u00e3o Gon\u00e7alo&nbsp;do&nbsp;Amarante), localizado no Rio Grande&nbsp;do&nbsp;Norte,&nbsp;em&nbsp;R$&nbsp;554,55&nbsp;milh\u00f5es. O ativo est\u00e1 sendo&nbsp;administrado pela Infram\u00e9rica e foi relicitado no m\u00eas passado. A decis\u00e3o foi proferida na \u00faltima quarta-feira (7)&nbsp;em&nbsp;reuni\u00e3o de diretoria da ag\u00eancia reguladora. Na ocasi\u00e3o, a&nbsp;ANAC&nbsp;acatou o pedido da Infram\u00e9rica [&hellip;]\" \/>\n<meta property=\"og:url\" content=\"https:\/\/agenciainfra.com\/blog\/anac-define-indenizacao-do-asga-em-r-55455-mi\/\" \/>\n<meta property=\"og:site_name\" content=\"Ag\u00eancia iNFRA\" \/>\n<meta property=\"article:publisher\" content=\"https:\/\/www.facebook.com\/ageninfra\" \/>\n<meta property=\"article:published_time\" content=\"2023-06-14T12:00:00+00:00\" \/>\n<meta property=\"og:image\" content=\"https:\/\/agenciainfra.com\/blog\/wp-content\/uploads\/2021\/09\/aeroporto-sao-goncalo-foto-assessoria-aeroporto-internacional-aluisio-alves-1.jpg\" \/>\n\t<meta property=\"og:image:width\" content=\"2560\" \/>\n\t<meta property=\"og:image:height\" content=\"1171\" \/>\n\t<meta property=\"og:image:type\" content=\"image\/jpeg\" \/>\n<meta name=\"author\" content=\"Ag\u00eancia iNFRA\" \/>\n<meta name=\"twitter:card\" content=\"summary_large_image\" \/>\n<meta name=\"twitter:creator\" content=\"@agencia_infra\" \/>\n<meta name=\"twitter:site\" content=\"@agencia_infra\" \/>\n<meta name=\"twitter:label1\" content=\"Escrito por\" \/>\n\t<meta name=\"twitter:data1\" content=\"Ag\u00eancia iNFRA\" \/>\n\t<meta name=\"twitter:label2\" content=\"Est. tempo de leitura\" \/>\n\t<meta name=\"twitter:data2\" content=\"3 minutos\" \/>\n<script type=\"application\/ld+json\" class=\"yoast-schema-graph\">{\"@context\":\"https:\/\/schema.org\",\"@graph\":[{\"@type\":\"Article\",\"@id\":\"https:\/\/agenciainfra.com\/blog\/anac-define-indenizacao-do-asga-em-r-55455-mi\/#article\",\"isPartOf\":{\"@id\":\"https:\/\/agenciainfra.com\/blog\/anac-define-indenizacao-do-asga-em-r-55455-mi\/\"},\"author\":{\"name\":\"Ag\u00eancia iNFRA\",\"@id\":\"https:\/\/agenciainfra.com\/blog\/#\/schema\/person\/34af08dff6adea4cb22b06612ba7acfa\"},\"headline\":\"ANAC define indeniza\u00e7\u00e3o do ASGA em R$ 554,55 mi\",\"datePublished\":\"2023-06-14T12:00:00+00:00\",\"mainEntityOfPage\":{\"@id\":\"https:\/\/agenciainfra.com\/blog\/anac-define-indenizacao-do-asga-em-r-55455-mi\/\"},\"wordCount\":546,\"publisher\":{\"@id\":\"https:\/\/agenciainfra.com\/blog\/#organization\"},\"image\":{\"@id\":\"https:\/\/agenciainfra.com\/blog\/anac-define-indenizacao-do-asga-em-r-55455-mi\/#primaryimage\"},\"thumbnailUrl\":\"https:\/\/agenciainfra.com\/blog\/wp-content\/uploads\/2021\/09\/aeroporto-sao-goncalo-foto-assessoria-aeroporto-internacional-aluisio-alves-1.jpg\",\"keywords\":[\"aeroportos\",\"ANAC\",\"ASGA\",\"concess\u00f5es\",\"Gale\u00e3o\",\"Infram\u00e9rica\",\"Mato Grosso\",\"S\u00e3o Gon\u00e7alo do Amarante\",\"TCU\",\"Viracopos\",\"Zurich\"],\"articleSection\":[\"Geral\",\"iNFRATransporte\"],\"inLanguage\":\"pt-BR\",\"copyrightYear\":\"2023\",\"copyrightHolder\":{\"@id\":\"https:\/\/agenciainfra.com\/blog\/#organization\"}},{\"@type\":\"WebPage\",\"@id\":\"https:\/\/agenciainfra.com\/blog\/anac-define-indenizacao-do-asga-em-r-55455-mi\/\",\"url\":\"https:\/\/agenciainfra.com\/blog\/anac-define-indenizacao-do-asga-em-r-55455-mi\/\",\"name\":\"ANAC define indeniza\u00e7\u00e3o do ASGA em R$ 554,55 mi - Ag\u00eancia iNFRA\",\"isPartOf\":{\"@id\":\"https:\/\/agenciainfra.com\/blog\/#website\"},\"primaryImageOfPage\":{\"@id\":\"https:\/\/agenciainfra.com\/blog\/anac-define-indenizacao-do-asga-em-r-55455-mi\/#primaryimage\"},\"image\":{\"@id\":\"https:\/\/agenciainfra.com\/blog\/anac-define-indenizacao-do-asga-em-r-55455-mi\/#primaryimage\"},\"thumbnailUrl\":\"https:\/\/agenciainfra.com\/blog\/wp-content\/uploads\/2021\/09\/aeroporto-sao-goncalo-foto-assessoria-aeroporto-internacional-aluisio-alves-1.jpg\",\"datePublished\":\"2023-06-14T12:00:00+00:00\",\"breadcrumb\":{\"@id\":\"https:\/\/agenciainfra.com\/blog\/anac-define-indenizacao-do-asga-em-r-55455-mi\/#breadcrumb\"},\"inLanguage\":\"pt-BR\",\"potentialAction\":[{\"@type\":\"ReadAction\",\"target\":[\"https:\/\/agenciainfra.com\/blog\/anac-define-indenizacao-do-asga-em-r-55455-mi\/\"]}]},{\"@type\":\"ImageObject\",\"inLanguage\":\"pt-BR\",\"@id\":\"https:\/\/agenciainfra.com\/blog\/anac-define-indenizacao-do-asga-em-r-55455-mi\/#primaryimage\",\"url\":\"https:\/\/agenciainfra.com\/blog\/wp-content\/uploads\/2021\/09\/aeroporto-sao-goncalo-foto-assessoria-aeroporto-internacional-aluisio-alves-1.jpg\",\"contentUrl\":\"https:\/\/agenciainfra.com\/blog\/wp-content\/uploads\/2021\/09\/aeroporto-sao-goncalo-foto-assessoria-aeroporto-internacional-aluisio-alves-1.jpg\",\"width\":2560,\"height\":1171},{\"@type\":\"BreadcrumbList\",\"@id\":\"https:\/\/agenciainfra.com\/blog\/anac-define-indenizacao-do-asga-em-r-55455-mi\/#breadcrumb\",\"itemListElement\":[{\"@type\":\"ListItem\",\"position\":1,\"name\":\"In\u00edcio\",\"item\":\"https:\/\/agenciainfra.com\/blog\/\"},{\"@type\":\"ListItem\",\"position\":2,\"name\":\"ANAC define indeniza\u00e7\u00e3o do ASGA em R$ 554,55 mi\"}]},{\"@type\":\"WebSite\",\"@id\":\"https:\/\/agenciainfra.com\/blog\/#website\",\"url\":\"https:\/\/agenciainfra.com\/blog\/\",\"name\":\"Ag\u00eancia iNFRA\",\"description\":\"Multiplataforma de informa\u00e7\u00e3o jornal\u00edstica refer\u00eancia na \u00e1rea de infraestrutura no Brasil!\",\"publisher\":{\"@id\":\"https:\/\/agenciainfra.com\/blog\/#organization\"},\"potentialAction\":[{\"@type\":\"SearchAction\",\"target\":{\"@type\":\"EntryPoint\",\"urlTemplate\":\"https:\/\/agenciainfra.com\/blog\/?s={search_term_string}\"},\"query-input\":{\"@type\":\"PropertyValueSpecification\",\"valueRequired\":true,\"valueName\":\"search_term_string\"}}],\"inLanguage\":\"pt-BR\"},{\"@type\":\"Organization\",\"@id\":\"https:\/\/agenciainfra.com\/blog\/#organization\",\"name\":\"Ag\u00eancia iNFRA\",\"url\":\"https:\/\/agenciainfra.com\/blog\/\",\"logo\":{\"@type\":\"ImageObject\",\"inLanguage\":\"pt-BR\",\"@id\":\"https:\/\/agenciainfra.com\/blog\/#\/schema\/logo\/image\/\",\"url\":\"https:\/\/agenciainfra.com\/blog\/wp-content\/uploads\/2023\/09\/iNFRA_5-e1761735885940.png\",\"contentUrl\":\"https:\/\/agenciainfra.com\/blog\/wp-content\/uploads\/2023\/09\/iNFRA_5-e1761735885940.png\",\"width\":1672,\"height\":454,\"caption\":\"Ag\u00eancia iNFRA\"},\"image\":{\"@id\":\"https:\/\/agenciainfra.com\/blog\/#\/schema\/logo\/image\/\"},\"sameAs\":[\"https:\/\/www.facebook.com\/ageninfra\",\"https:\/\/x.com\/agencia_infra\",\"https:\/\/www.linkedin.com\/company\/ag\u00eanciainfra\/\",\"https:\/\/www.instagram.com\/agenciainfra\/\"]},{\"@type\":\"Person\",\"@id\":\"https:\/\/agenciainfra.com\/blog\/#\/schema\/person\/34af08dff6adea4cb22b06612ba7acfa\",\"name\":\"Ag\u00eancia iNFRA\",\"image\":{\"@type\":\"ImageObject\",\"inLanguage\":\"pt-BR\",\"@id\":\"https:\/\/agenciainfra.com\/blog\/#\/schema\/person\/image\/\",\"url\":\"https:\/\/secure.gravatar.com\/avatar\/d189e01678f06d8eb84d4e01f08eb848b3fffe3f8443818d3c356c66892f5be8?s=96&d=mm&r=g\",\"contentUrl\":\"https:\/\/secure.gravatar.com\/avatar\/d189e01678f06d8eb84d4e01f08eb848b3fffe3f8443818d3c356c66892f5be8?s=96&d=mm&r=g\",\"caption\":\"Ag\u00eancia iNFRA\"},\"url\":\"https:\/\/agenciainfra.com\/blog\/author\/admin\/\"}]}<\/script>\n<!-- \/ Yoast SEO Premium plugin. -->","yoast_head_json":{"title":"ANAC define indeniza\u00e7\u00e3o do ASGA em R$ 554,55 mi - Ag\u00eancia iNFRA","robots":{"index":"index","follow":"follow","max-snippet":"max-snippet:-1","max-image-preview":"max-image-preview:large","max-video-preview":"max-video-preview:-1"},"canonical":"https:\/\/agenciainfra.com\/blog\/anac-define-indenizacao-do-asga-em-r-55455-mi\/","og_locale":"pt_BR","og_type":"article","og_title":"ANAC define indeniza\u00e7\u00e3o do ASGA em R$ 554,55 mi","og_description":"Jenifer Ribeiro, da Ag\u00eancia iNFRA A&nbsp;ANAC&nbsp;(Ag\u00eancia Nacional de Avia\u00e7\u00e3o Civil) definiu a&nbsp;indeniza\u00e7\u00e3o&nbsp;sobre bens revers\u00edveis n\u00e3o amortizados&nbsp;do&nbsp;Asga&nbsp;(Aeroporto de S\u00e3o Gon\u00e7alo&nbsp;do&nbsp;Amarante), localizado no Rio Grande&nbsp;do&nbsp;Norte,&nbsp;em&nbsp;R$&nbsp;554,55&nbsp;milh\u00f5es. O ativo est\u00e1 sendo&nbsp;administrado pela Infram\u00e9rica e foi relicitado no m\u00eas passado. A decis\u00e3o foi proferida na \u00faltima quarta-feira (7)&nbsp;em&nbsp;reuni\u00e3o de diretoria da ag\u00eancia reguladora. Na ocasi\u00e3o, a&nbsp;ANAC&nbsp;acatou o pedido da Infram\u00e9rica [&hellip;]","og_url":"https:\/\/agenciainfra.com\/blog\/anac-define-indenizacao-do-asga-em-r-55455-mi\/","og_site_name":"Ag\u00eancia iNFRA","article_publisher":"https:\/\/www.facebook.com\/ageninfra","article_published_time":"2023-06-14T12:00:00+00:00","og_image":[{"width":2560,"height":1171,"url":"https:\/\/agenciainfra.com\/blog\/wp-content\/uploads\/2021\/09\/aeroporto-sao-goncalo-foto-assessoria-aeroporto-internacional-aluisio-alves-1.jpg","type":"image\/jpeg"}],"author":"Ag\u00eancia iNFRA","twitter_card":"summary_large_image","twitter_creator":"@agencia_infra","twitter_site":"@agencia_infra","twitter_misc":{"Escrito por":"Ag\u00eancia iNFRA","Est. tempo de leitura":"3 minutos"},"schema":{"@context":"https:\/\/schema.org","@graph":[{"@type":"Article","@id":"https:\/\/agenciainfra.com\/blog\/anac-define-indenizacao-do-asga-em-r-55455-mi\/#article","isPartOf":{"@id":"https:\/\/agenciainfra.com\/blog\/anac-define-indenizacao-do-asga-em-r-55455-mi\/"},"author":{"name":"Ag\u00eancia iNFRA","@id":"https:\/\/agenciainfra.com\/blog\/#\/schema\/person\/34af08dff6adea4cb22b06612ba7acfa"},"headline":"ANAC define indeniza\u00e7\u00e3o do ASGA em R$ 554,55 mi","datePublished":"2023-06-14T12:00:00+00:00","mainEntityOfPage":{"@id":"https:\/\/agenciainfra.com\/blog\/anac-define-indenizacao-do-asga-em-r-55455-mi\/"},"wordCount":546,"publisher":{"@id":"https:\/\/agenciainfra.com\/blog\/#organization"},"image":{"@id":"https:\/\/agenciainfra.com\/blog\/anac-define-indenizacao-do-asga-em-r-55455-mi\/#primaryimage"},"thumbnailUrl":"https:\/\/agenciainfra.com\/blog\/wp-content\/uploads\/2021\/09\/aeroporto-sao-goncalo-foto-assessoria-aeroporto-internacional-aluisio-alves-1.jpg","keywords":["aeroportos","ANAC","ASGA","concess\u00f5es","Gale\u00e3o","Infram\u00e9rica","Mato Grosso","S\u00e3o Gon\u00e7alo do Amarante","TCU","Viracopos","Zurich"],"articleSection":["Geral","iNFRATransporte"],"inLanguage":"pt-BR","copyrightYear":"2023","copyrightHolder":{"@id":"https:\/\/agenciainfra.com\/blog\/#organization"}},{"@type":"WebPage","@id":"https:\/\/agenciainfra.com\/blog\/anac-define-indenizacao-do-asga-em-r-55455-mi\/","url":"https:\/\/agenciainfra.com\/blog\/anac-define-indenizacao-do-asga-em-r-55455-mi\/","name":"ANAC define indeniza\u00e7\u00e3o do ASGA em R$ 554,55 mi - Ag\u00eancia iNFRA","isPartOf":{"@id":"https:\/\/agenciainfra.com\/blog\/#website"},"primaryImageOfPage":{"@id":"https:\/\/agenciainfra.com\/blog\/anac-define-indenizacao-do-asga-em-r-55455-mi\/#primaryimage"},"image":{"@id":"https:\/\/agenciainfra.com\/blog\/anac-define-indenizacao-do-asga-em-r-55455-mi\/#primaryimage"},"thumbnailUrl":"https:\/\/agenciainfra.com\/blog\/wp-content\/uploads\/2021\/09\/aeroporto-sao-goncalo-foto-assessoria-aeroporto-internacional-aluisio-alves-1.jpg","datePublished":"2023-06-14T12:00:00+00:00","breadcrumb":{"@id":"https:\/\/agenciainfra.com\/blog\/anac-define-indenizacao-do-asga-em-r-55455-mi\/#breadcrumb"},"inLanguage":"pt-BR","potentialAction":[{"@type":"ReadAction","target":["https:\/\/agenciainfra.com\/blog\/anac-define-indenizacao-do-asga-em-r-55455-mi\/"]}]},{"@type":"ImageObject","inLanguage":"pt-BR","@id":"https:\/\/agenciainfra.com\/blog\/anac-define-indenizacao-do-asga-em-r-55455-mi\/#primaryimage","url":"https:\/\/agenciainfra.com\/blog\/wp-content\/uploads\/2021\/09\/aeroporto-sao-goncalo-foto-assessoria-aeroporto-internacional-aluisio-alves-1.jpg","contentUrl":"https:\/\/agenciainfra.com\/blog\/wp-content\/uploads\/2021\/09\/aeroporto-sao-goncalo-foto-assessoria-aeroporto-internacional-aluisio-alves-1.jpg","width":2560,"height":1171},{"@type":"BreadcrumbList","@id":"https:\/\/agenciainfra.com\/blog\/anac-define-indenizacao-do-asga-em-r-55455-mi\/#breadcrumb","itemListElement":[{"@type":"ListItem","position":1,"name":"In\u00edcio","item":"https:\/\/agenciainfra.com\/blog\/"},{"@type":"ListItem","position":2,"name":"ANAC define indeniza\u00e7\u00e3o do ASGA em R$ 554,55 mi"}]},{"@type":"WebSite","@id":"https:\/\/agenciainfra.com\/blog\/#website","url":"https:\/\/agenciainfra.com\/blog\/","name":"Ag\u00eancia iNFRA","description":"Multiplataforma de informa\u00e7\u00e3o jornal\u00edstica refer\u00eancia na \u00e1rea de infraestrutura no Brasil!","publisher":{"@id":"https:\/\/agenciainfra.com\/blog\/#organization"},"potentialAction":[{"@type":"SearchAction","target":{"@type":"EntryPoint","urlTemplate":"https:\/\/agenciainfra.com\/blog\/?s={search_term_string}"},"query-input":{"@type":"PropertyValueSpecification","valueRequired":true,"valueName":"search_term_string"}}],"inLanguage":"pt-BR"},{"@type":"Organization","@id":"https:\/\/agenciainfra.com\/blog\/#organization","name":"Ag\u00eancia iNFRA","url":"https:\/\/agenciainfra.com\/blog\/","logo":{"@type":"ImageObject","inLanguage":"pt-BR","@id":"https:\/\/agenciainfra.com\/blog\/#\/schema\/logo\/image\/","url":"https:\/\/agenciainfra.com\/blog\/wp-content\/uploads\/2023\/09\/iNFRA_5-e1761735885940.png","contentUrl":"https:\/\/agenciainfra.com\/blog\/wp-content\/uploads\/2023\/09\/iNFRA_5-e1761735885940.png","width":1672,"height":454,"caption":"Ag\u00eancia iNFRA"},"image":{"@id":"https:\/\/agenciainfra.com\/blog\/#\/schema\/logo\/image\/"},"sameAs":["https:\/\/www.facebook.com\/ageninfra","https:\/\/x.com\/agencia_infra","https:\/\/www.linkedin.com\/company\/ag\u00eanciainfra\/","https:\/\/www.instagram.com\/agenciainfra\/"]},{"@type":"Person","@id":"https:\/\/agenciainfra.com\/blog\/#\/schema\/person\/34af08dff6adea4cb22b06612ba7acfa","name":"Ag\u00eancia iNFRA","image":{"@type":"ImageObject","inLanguage":"pt-BR","@id":"https:\/\/agenciainfra.com\/blog\/#\/schema\/person\/image\/","url":"https:\/\/secure.gravatar.com\/avatar\/d189e01678f06d8eb84d4e01f08eb848b3fffe3f8443818d3c356c66892f5be8?s=96&d=mm&r=g","contentUrl":"https:\/\/secure.gravatar.com\/avatar\/d189e01678f06d8eb84d4e01f08eb848b3fffe3f8443818d3c356c66892f5be8?s=96&d=mm&r=g","caption":"Ag\u00eancia iNFRA"},"url":"https:\/\/agenciainfra.com\/blog\/author\/admin\/"}]}},"_links":{"self":[{"href":"https:\/\/agenciainfra.com\/blog\/wp-json\/wp\/v2\/posts\/12857","targetHints":{"allow":["GET"]}}],"collection":[{"href":"https:\/\/agenciainfra.com\/blog\/wp-json\/wp\/v2\/posts"}],"about":[{"href":"https:\/\/agenciainfra.com\/blog\/wp-json\/wp\/v2\/types\/post"}],"author":[{"embeddable":true,"href":"https:\/\/agenciainfra.com\/blog\/wp-json\/wp\/v2\/users\/1"}],"replies":[{"embeddable":true,"href":"https:\/\/agenciainfra.com\/blog\/wp-json\/wp\/v2\/comments?post=12857"}],"version-history":[{"count":0,"href":"https:\/\/agenciainfra.com\/blog\/wp-json\/wp\/v2\/posts\/12857\/revisions"}],"wp:featuredmedia":[{"embeddable":true,"href":"https:\/\/agenciainfra.com\/blog\/wp-json\/wp\/v2\/media\/8296"}],"wp:attachment":[{"href":"https:\/\/agenciainfra.com\/blog\/wp-json\/wp\/v2\/media?parent=12857"}],"wp:term":[{"taxonomy":"category","embeddable":true,"href":"https:\/\/agenciainfra.com\/blog\/wp-json\/wp\/v2\/categories?post=12857"},{"taxonomy":"post_tag","embeddable":true,"href":"https:\/\/agenciainfra.com\/blog\/wp-json\/wp\/v2\/tags?post=12857"}],"curies":[{"name":"wp","href":"https:\/\/api.w.org\/{rel}","templated":true}]}}