{"id":12882,"date":"2023-06-16T11:00:00","date_gmt":"2023-06-16T14:00:00","guid":{"rendered":"https:\/\/www.agenciainfra.com\/blog\/?p=12882"},"modified":"2023-06-16T10:37:33","modified_gmt":"2023-06-16T13:37:33","slug":"analise-atrito-entre-presidente-da-petrobras-e-ministro-cria-duvida-sobre-estrategia-da-empresa-em-gas-e-renovaveis","status":"publish","type":"post","link":"https:\/\/agenciainfra.com\/blog\/analise-atrito-entre-presidente-da-petrobras-e-ministro-cria-duvida-sobre-estrategia-da-empresa-em-gas-e-renovaveis\/","title":{"rendered":"An\u00e1lise: atrito entre presidente da Petrobras e ministro cria d\u00favida sobre estrat\u00e9gia da empresa em g\u00e1s e renov\u00e1veis"},"content":{"rendered":"\n<p class=\"has-text-align-right\"><strong>Roberto Rockmann*<\/strong><\/p>\n\n\n\n<p>As diverg\u00eancias p\u00fablicas&nbsp;entre&nbsp;o ministro de Minas e Energia, Alexandre Silveira, e o&nbsp;presidente&nbsp;da&nbsp;Petrobras, Jean Paul Prates, criam indefini\u00e7\u00f5es sobre o futuro da estatal e a abertura do mercado de g\u00e1s natural, e poder\u00e3o exigir arbitragem do&nbsp;presidente&nbsp;da Rep\u00fablica, segundo executivos do setor de \u00f3leo e g\u00e1s.<br><br>Hoje o Conselho de Administra\u00e7\u00e3o da&nbsp;Petrobras&nbsp;tem tr\u00eas secret\u00e1rios do minist\u00e9rio. Pietro Mendes,&nbsp;presidente&nbsp;do Conselho, \u00e9 secret\u00e1rio de \u00d3leo, G\u00e1s e Biocombust\u00edveis; Efrain Cruz, secret\u00e1rio-executivo, e Vitor Saback, secret\u00e1rio de Geologia, Minera\u00e7\u00e3o e Transforma\u00e7\u00e3o Mineral, tamb\u00e9m comp\u00f5em o colegiado.<br><br>\u201cComo ficar\u00e1 a estrat\u00e9gia da empresa? Conselho e diretoria executiva ir\u00e3o se alinhar ou esse choque vai provocar mudan\u00e7as no governo ou na estatal?\u201d, questiona um empres\u00e1rio. As d\u00favidas se referem tanto a investimentos em \u00f3leo e g\u00e1s quanto em renov\u00e1veis.<br><br>As e\u00f3licas offshore s\u00e3o uma das apostas da&nbsp;Petrobras&nbsp;rumo \u00e0 transi\u00e7\u00e3o energ\u00e9tica, uma ideia que n\u00e3o agrada apenas a estatal, mas tem adeptos em governadores do Sudeste e Nordeste, no BNDES e nos Minist\u00e9rios de Minas e Energia e do Meio Ambiente, j\u00e1 que as e\u00f3licas offshore s\u00e3o vistas como uma oportunidade de reindustrializa\u00e7\u00e3o verde e de estimular o mercado de hidrog\u00eanio verde.<br><br>J\u00e1 o ministro Alexandre Silveira indicou que a estatal deveria se focar em investimentos em refinarias e deixar de lado esse segmento em est\u00e1gio de cria\u00e7\u00e3o do marco regulat\u00f3rio. \u201cA posi\u00e7\u00e3o do ministro sobre a&nbsp;Petrobras&nbsp;em e\u00f3licas offshore ser\u00e1 cumprida pela estatal? Est\u00e1 alinhada aos outros minist\u00e9rios?\u201d, questiona um empres\u00e1rio.<br><br><strong>Aumento de oferta&nbsp;entre&nbsp;2024 e 2027<\/strong><br>Na \u00e1rea de g\u00e1s natural, a diverg\u00eancia n\u00e3o envolveria apenas sobra de g\u00e1s e redu\u00e7\u00e3o de volumes reinjetados, mas precisaria ser observada sob um contexto mais amplo, por ocorrer em um momento em que o poder de mercado da estatal est\u00e1 em xeque e em que a estatal se prepara para um forte aumento de produ\u00e7\u00e3o de g\u00e1s.<br><br>Entre&nbsp;2024 e 2027, a empresa dever\u00e1 aumentar sua oferta em mais de 50 milh\u00f5es de metros c\u00fabicos por dia com novos projetos de g\u00e1s e biometano entrando em opera\u00e7\u00e3o. \u201c\u00c9 um g\u00e1s para n\u00e3o depender de importa\u00e7\u00e3o e eu vou baixar os pre\u00e7os, se precisar, e se&nbsp;isso render reclama\u00e7\u00e3o no \u00f3rg\u00e3o de concorr\u00eancia eu vou me defender e dizer que estou praticando o pre\u00e7o porque eu posso\u201d, disse Prates em evento p\u00fablico em mar\u00e7o no Rio de Janeiro.<br><br>Segundo Silveira, \u201ch\u00e1 distor\u00e7\u00f5es inexplic\u00e1veis\u201d na atua\u00e7\u00e3o da companhia, \u201cinclusive do ponto de vista \u00e9tico e moral\u201d. Isso foi interpretado por empres\u00e1rios de que haveria diverg\u00eancias sobre a participa\u00e7\u00e3o da estatal no mercado de g\u00e1s e sobre a cria\u00e7\u00e3o do programa Gas Release (leil\u00f5es de g\u00e1s que a estatal teria de fazer para liberar o insumo ao mercado).<br><br><strong>Aumento da presen\u00e7a no Nordeste<\/strong><br>A participa\u00e7\u00e3o da&nbsp;Petrobras, no governo Bolsonaro, nas chamadas p\u00fablicas de distribuidoras de g\u00e1s do Nordeste tinha sido limitada. Ao reduzir sua presen\u00e7a no mercado do Nordeste, o \u00edndice de c\u00e1lculo de concentra\u00e7\u00e3o do setor de g\u00e1s na regi\u00e3o est\u00e1 em 2.393 pontos, segundo a ANP (Ag\u00eancia Nacional do&nbsp;Petr\u00f3leo, G\u00e1s Natural e Biocombust\u00edveis).<br><br>No Sudeste, quase chega a dez mil pontos. Dados do Departamento de Justi\u00e7a dos Estados Unidos indicam que setores com pontua\u00e7\u00e3o acima de 2.500 mostram alta concentra\u00e7\u00e3o. As chamadas p\u00fablicas na regi\u00e3o Nordeste ainda contribu\u00edram para a redu\u00e7\u00e3o de pre\u00e7o de 18% no g\u00e1s, segundo a ANP.<br>No governo Lula, a presen\u00e7a da estatal \u00e9 outra. Nesta semana, a PBG\u00e1s recebeu propostas comerciais de cinco empresas diferentes, na chamada p\u00fablica aberta pela distribuidora paraibana para aquisi\u00e7\u00e3o de g\u00e1s natural para 2024-2027. A&nbsp;Petrobras&nbsp;foi uma das participantes.<br><br>Al\u00e9m da indefini\u00e7\u00e3o sobre a participa\u00e7\u00e3o nas chamadas p\u00fablicas, haveria outra diverg\u00eancia: a cria\u00e7\u00e3o de um programa de gas release que liberasse volumes da&nbsp;Petrobras, um ponto defendido pela ind\u00fastria consumidora do insumo. Seriam pelo menos dez milh\u00f5es de metros c\u00fabicos de g\u00e1s que poderiam ser usados nesse programa, que \u00e9 defendido tamb\u00e9m pelo poder regulador.<br><br>A ANP, em recente reuni\u00e3o, apontou que esse \u00e9 um ponto importante a ser desenvolvido e que a desconcentra\u00e7\u00e3o de mercado exigir\u00e1 medidas adicionais, como o Gas Release, j\u00e1 que o \u00edndice de concentra\u00e7\u00e3o no setor no Brasil est\u00e1 em cerca de sete mil pontos.<br><br><strong>CNPE reformulado poder\u00e1 ser \u00e1rbitro<\/strong><br>A ANP enviar\u00e1 uma nota t\u00e9cnica sobre o tema para o CNPE (Conselho Nacional de Pol\u00edtica Energ\u00e9tica). Cabe destacar que o \u00f3rg\u00e3o passou por uma recente reformula\u00e7\u00e3o. Publicado em fevereiro, o&nbsp;<a href=\"https:\/\/agenciainfra.us14.list-manage.com\/track\/click?u=d460dd1bcf9ba0ae040e1fc0f&amp;id=8245b43edd&amp;e=f0fa444791\" target=\"_blank\" rel=\"noreferrer noopener\">Decreto 11.418<\/a>&nbsp;ampliou o CNPE com seis novos minist\u00e9rios na composi\u00e7\u00e3o do \u00f3rg\u00e3o: Desenvolvimento, Ind\u00fastria, Com\u00e9rcio e Servi\u00e7os; dos Povos Ind\u00edgenas; do Desenvolvimento Agr\u00e1rio e Agricultura Familiar; de Planejamento e Or\u00e7amento; de Portos e Aeroportos; e das Cidades.<br><br>A amplia\u00e7\u00e3o da esfera coincide com a transversalidade crescente do setor de energia e com a import\u00e2ncia acentuada das mudan\u00e7as clim\u00e1ticas.<br><br>O CNPE poder\u00e1 ser a esfera de arbitragem sobre o papel e o poder da&nbsp;Petrobras, segundo um empres\u00e1rio, por definir as diretrizes do setor energ\u00e9tico e reunir os principais minist\u00e9rios e o&nbsp;presidente&nbsp;da Rep\u00fablica.<br><br>Diverg\u00eancias&nbsp;entre&nbsp;Petrobras, Uni\u00e3o, ministros e ag\u00eancia reguladora n\u00e3o s\u00e3o novidade. Desde 1999, quando o Gasbol (Gasoduto Brasil Bol\u00edvia) foi inaugurado e o g\u00e1s come\u00e7ou a ingressar na matriz energ\u00e9tica, conflitos s\u00e3o vis\u00edveis. A diferen\u00e7a atual \u00e9 que desde 2019 o mercado come\u00e7ou a passar por uma desverticaliza\u00e7\u00e3o, com a&nbsp;Petrobras&nbsp;reduzindo sua presen\u00e7a na \u00e1rea de transporte, comercializa\u00e7\u00e3o e distribui\u00e7\u00e3o.<\/p>\n\n\n\n<h6 class=\"wp-block-heading\" id=\"block-f323f59b-51bf-4eed-b17b-3c7d3b917007\">*Roberto Rockmann <strong>\u00e9 escritor e jornalista. Coautor do livro \u201cCurto-Circuito, quando o Brasil quase ficou \u00e0s escuras\u201d e produtor do podcast quinzenal \u201cGiro Energia\u201d sobre o setor el\u00e9trico. Organizou em 2018 o livro de 20 anos do mercado livre de energia el\u00e9trica, editado pela CCEE (C\u00e2mara de Comercializa\u00e7\u00e3o de Energia El\u00e9trica), al\u00e9m de v\u00e1rios outros livros e trabalhos premiados<\/strong>.<\/h6>\n\n\n\n<p><strong>As opini\u00f5es dos autores n\u00e3o refletem necessariamente o pensamento da Ag\u00eancia iNFRA, sendo de total responsabilidade do autor as informa\u00e7\u00f5es, ju\u00edzos de valor e conceitos descritos no texto<\/strong>. <\/p>\n","protected":false},"excerpt":{"rendered":"<p>Roberto Rockmann* As diverg\u00eancias p\u00fablicas&nbsp;entre&nbsp;o ministro de Minas e Energia, Alexandre Silveira, e o&nbsp;presidente&nbsp;da&nbsp;Petrobras, Jean Paul Prates, criam indefini\u00e7\u00f5es sobre o futuro da estatal e a abertura do mercado de g\u00e1s natural, e poder\u00e3o exigir arbitragem do&nbsp;presidente&nbsp;da Rep\u00fablica, segundo executivos do setor de \u00f3leo e g\u00e1s. Hoje o Conselho de Administra\u00e7\u00e3o da&nbsp;Petrobras&nbsp;tem tr\u00eas secret\u00e1rios do [&hellip;]<\/p>\n","protected":false},"author":1,"featured_media":3368,"comment_status":"closed","ping_status":"closed","sticky":false,"template":"","format":"standard","meta":{"_monsterinsights_skip_tracking":false,"_monsterinsights_sitenote_active":false,"_monsterinsights_sitenote_note":"","_monsterinsights_sitenote_category":0,"footnotes":""},"categories":[1],"tags":[6040,103,3779,882,1351,96,71,3191,143,6335,6522],"class_list":["post-12882","post","type-post","status-publish","format-standard","has-post-thumbnail","hentry","category-geral","tag-alexandre-silveira","tag-bndes","tag-efrain-cruz","tag-gas-natural","tag-jean-paul-prates","tag-ministerio-de-minas-e-energia","tag-mme","tag-oleo-e-gas","tag-petrobras","tag-pietro-mendes","tag-vitor-saback"],"yoast_head":"<!-- This site is optimized with the Yoast SEO Premium plugin v25.4 (Yoast SEO v26.0) - https:\/\/yoast.com\/wordpress\/plugins\/seo\/ -->\n<title>An\u00e1lise: atrito entre presidente da Petrobras e ministro cria d\u00favida sobre estrat\u00e9gia da empresa em g\u00e1s e renov\u00e1veis - Ag\u00eancia iNFRA<\/title>\n<meta name=\"robots\" content=\"index, follow, max-snippet:-1, max-image-preview:large, max-video-preview:-1\" \/>\n<link rel=\"canonical\" href=\"https:\/\/agenciainfra.com\/blog\/analise-atrito-entre-presidente-da-petrobras-e-ministro-cria-duvida-sobre-estrategia-da-empresa-em-gas-e-renovaveis\/\" \/>\n<meta property=\"og:locale\" content=\"pt_BR\" \/>\n<meta property=\"og:type\" content=\"article\" \/>\n<meta property=\"og:title\" content=\"An\u00e1lise: atrito entre presidente da Petrobras e ministro cria d\u00favida sobre estrat\u00e9gia da empresa em g\u00e1s e renov\u00e1veis\" \/>\n<meta property=\"og:description\" content=\"Roberto Rockmann* As diverg\u00eancias p\u00fablicas&nbsp;entre&nbsp;o ministro de Minas e Energia, Alexandre Silveira, e o&nbsp;presidente&nbsp;da&nbsp;Petrobras, Jean Paul Prates, criam indefini\u00e7\u00f5es sobre o futuro da estatal e a abertura do mercado de g\u00e1s natural, e poder\u00e3o exigir arbitragem do&nbsp;presidente&nbsp;da Rep\u00fablica, segundo executivos do setor de \u00f3leo e g\u00e1s. Hoje o Conselho de Administra\u00e7\u00e3o da&nbsp;Petrobras&nbsp;tem tr\u00eas secret\u00e1rios do [&hellip;]\" \/>\n<meta property=\"og:url\" content=\"https:\/\/agenciainfra.com\/blog\/analise-atrito-entre-presidente-da-petrobras-e-ministro-cria-duvida-sobre-estrategia-da-empresa-em-gas-e-renovaveis\/\" \/>\n<meta property=\"og:site_name\" content=\"Ag\u00eancia iNFRA\" \/>\n<meta property=\"article:publisher\" content=\"https:\/\/www.facebook.com\/ageninfra\" \/>\n<meta property=\"article:published_time\" content=\"2023-06-16T14:00:00+00:00\" \/>\n<meta property=\"og:image\" content=\"https:\/\/agenciainfra.com\/blog\/wp-content\/uploads\/2019\/06\/gas-natural-divulgacao-ebc.jpeg\" \/>\n\t<meta property=\"og:image:width\" content=\"3872\" \/>\n\t<meta property=\"og:image:height\" content=\"2592\" \/>\n\t<meta property=\"og:image:type\" content=\"image\/jpeg\" \/>\n<meta name=\"author\" content=\"Ag\u00eancia iNFRA\" \/>\n<meta name=\"twitter:card\" content=\"summary_large_image\" \/>\n<meta name=\"twitter:creator\" content=\"@agencia_infra\" \/>\n<meta name=\"twitter:site\" content=\"@agencia_infra\" \/>\n<meta name=\"twitter:label1\" content=\"Escrito por\" \/>\n\t<meta name=\"twitter:data1\" content=\"Ag\u00eancia iNFRA\" \/>\n\t<meta name=\"twitter:label2\" content=\"Est. tempo de leitura\" \/>\n\t<meta name=\"twitter:data2\" content=\"6 minutos\" \/>\n<script type=\"application\/ld+json\" class=\"yoast-schema-graph\">{\"@context\":\"https:\/\/schema.org\",\"@graph\":[{\"@type\":\"Article\",\"@id\":\"https:\/\/agenciainfra.com\/blog\/analise-atrito-entre-presidente-da-petrobras-e-ministro-cria-duvida-sobre-estrategia-da-empresa-em-gas-e-renovaveis\/#article\",\"isPartOf\":{\"@id\":\"https:\/\/agenciainfra.com\/blog\/analise-atrito-entre-presidente-da-petrobras-e-ministro-cria-duvida-sobre-estrategia-da-empresa-em-gas-e-renovaveis\/\"},\"author\":{\"name\":\"Ag\u00eancia iNFRA\",\"@id\":\"https:\/\/agenciainfra.com\/blog\/#\/schema\/person\/34af08dff6adea4cb22b06612ba7acfa\"},\"headline\":\"An\u00e1lise: atrito entre presidente da Petrobras e ministro cria d\u00favida sobre estrat\u00e9gia da empresa em g\u00e1s e renov\u00e1veis\",\"datePublished\":\"2023-06-16T14:00:00+00:00\",\"mainEntityOfPage\":{\"@id\":\"https:\/\/agenciainfra.com\/blog\/analise-atrito-entre-presidente-da-petrobras-e-ministro-cria-duvida-sobre-estrategia-da-empresa-em-gas-e-renovaveis\/\"},\"wordCount\":1181,\"publisher\":{\"@id\":\"https:\/\/agenciainfra.com\/blog\/#organization\"},\"image\":{\"@id\":\"https:\/\/agenciainfra.com\/blog\/analise-atrito-entre-presidente-da-petrobras-e-ministro-cria-duvida-sobre-estrategia-da-empresa-em-gas-e-renovaveis\/#primaryimage\"},\"thumbnailUrl\":\"https:\/\/agenciainfra.com\/blog\/wp-content\/uploads\/2019\/06\/gas-natural-divulgacao-ebc-e1773146812799.jpeg\",\"keywords\":[\"Alexandre Silveira\",\"BNDES\",\"Efrain Cruz\",\"g\u00e1s natural\",\"Jean Paul Prates\",\"Minist\u00e9rio de Minas e Energia\",\"MME\",\"\u00f3leo e g\u00e1s\",\"Petrobras\",\"Pietro Mendes\",\"Vitor Saback\"],\"articleSection\":[\"Geral\"],\"inLanguage\":\"pt-BR\",\"copyrightYear\":\"2023\",\"copyrightHolder\":{\"@id\":\"https:\/\/agenciainfra.com\/blog\/#organization\"}},{\"@type\":\"WebPage\",\"@id\":\"https:\/\/agenciainfra.com\/blog\/analise-atrito-entre-presidente-da-petrobras-e-ministro-cria-duvida-sobre-estrategia-da-empresa-em-gas-e-renovaveis\/\",\"url\":\"https:\/\/agenciainfra.com\/blog\/analise-atrito-entre-presidente-da-petrobras-e-ministro-cria-duvida-sobre-estrategia-da-empresa-em-gas-e-renovaveis\/\",\"name\":\"An\u00e1lise: atrito entre presidente da Petrobras e ministro cria d\u00favida sobre estrat\u00e9gia da empresa em g\u00e1s e renov\u00e1veis - Ag\u00eancia iNFRA\",\"isPartOf\":{\"@id\":\"https:\/\/agenciainfra.com\/blog\/#website\"},\"primaryImageOfPage\":{\"@id\":\"https:\/\/agenciainfra.com\/blog\/analise-atrito-entre-presidente-da-petrobras-e-ministro-cria-duvida-sobre-estrategia-da-empresa-em-gas-e-renovaveis\/#primaryimage\"},\"image\":{\"@id\":\"https:\/\/agenciainfra.com\/blog\/analise-atrito-entre-presidente-da-petrobras-e-ministro-cria-duvida-sobre-estrategia-da-empresa-em-gas-e-renovaveis\/#primaryimage\"},\"thumbnailUrl\":\"https:\/\/agenciainfra.com\/blog\/wp-content\/uploads\/2019\/06\/gas-natural-divulgacao-ebc-e1773146812799.jpeg\",\"datePublished\":\"2023-06-16T14:00:00+00:00\",\"breadcrumb\":{\"@id\":\"https:\/\/agenciainfra.com\/blog\/analise-atrito-entre-presidente-da-petrobras-e-ministro-cria-duvida-sobre-estrategia-da-empresa-em-gas-e-renovaveis\/#breadcrumb\"},\"inLanguage\":\"pt-BR\",\"potentialAction\":[{\"@type\":\"ReadAction\",\"target\":[\"https:\/\/agenciainfra.com\/blog\/analise-atrito-entre-presidente-da-petrobras-e-ministro-cria-duvida-sobre-estrategia-da-empresa-em-gas-e-renovaveis\/\"]}]},{\"@type\":\"ImageObject\",\"inLanguage\":\"pt-BR\",\"@id\":\"https:\/\/agenciainfra.com\/blog\/analise-atrito-entre-presidente-da-petrobras-e-ministro-cria-duvida-sobre-estrategia-da-empresa-em-gas-e-renovaveis\/#primaryimage\",\"url\":\"https:\/\/agenciainfra.com\/blog\/wp-content\/uploads\/2019\/06\/gas-natural-divulgacao-ebc-e1773146812799.jpeg\",\"contentUrl\":\"https:\/\/agenciainfra.com\/blog\/wp-content\/uploads\/2019\/06\/gas-natural-divulgacao-ebc-e1773146812799.jpeg\",\"width\":1280,\"height\":857,\"caption\":\"Foto: Divulga\u00e7\u00e3o\/EBC\"},{\"@type\":\"BreadcrumbList\",\"@id\":\"https:\/\/agenciainfra.com\/blog\/analise-atrito-entre-presidente-da-petrobras-e-ministro-cria-duvida-sobre-estrategia-da-empresa-em-gas-e-renovaveis\/#breadcrumb\",\"itemListElement\":[{\"@type\":\"ListItem\",\"position\":1,\"name\":\"In\u00edcio\",\"item\":\"https:\/\/agenciainfra.com\/blog\/\"},{\"@type\":\"ListItem\",\"position\":2,\"name\":\"An\u00e1lise: atrito entre presidente da Petrobras e ministro cria d\u00favida sobre estrat\u00e9gia da empresa em g\u00e1s e renov\u00e1veis\"}]},{\"@type\":\"WebSite\",\"@id\":\"https:\/\/agenciainfra.com\/blog\/#website\",\"url\":\"https:\/\/agenciainfra.com\/blog\/\",\"name\":\"Ag\u00eancia iNFRA\",\"description\":\"Multiplataforma de informa\u00e7\u00e3o jornal\u00edstica refer\u00eancia na \u00e1rea de infraestrutura no Brasil!\",\"publisher\":{\"@id\":\"https:\/\/agenciainfra.com\/blog\/#organization\"},\"potentialAction\":[{\"@type\":\"SearchAction\",\"target\":{\"@type\":\"EntryPoint\",\"urlTemplate\":\"https:\/\/agenciainfra.com\/blog\/?s={search_term_string}\"},\"query-input\":{\"@type\":\"PropertyValueSpecification\",\"valueRequired\":true,\"valueName\":\"search_term_string\"}}],\"inLanguage\":\"pt-BR\"},{\"@type\":\"Organization\",\"@id\":\"https:\/\/agenciainfra.com\/blog\/#organization\",\"name\":\"Ag\u00eancia iNFRA\",\"url\":\"https:\/\/agenciainfra.com\/blog\/\",\"logo\":{\"@type\":\"ImageObject\",\"inLanguage\":\"pt-BR\",\"@id\":\"https:\/\/agenciainfra.com\/blog\/#\/schema\/logo\/image\/\",\"url\":\"https:\/\/agenciainfra.com\/blog\/wp-content\/uploads\/2023\/09\/iNFRA_5-e1761735885940.png\",\"contentUrl\":\"https:\/\/agenciainfra.com\/blog\/wp-content\/uploads\/2023\/09\/iNFRA_5-e1761735885940.png\",\"width\":1672,\"height\":454,\"caption\":\"Ag\u00eancia iNFRA\"},\"image\":{\"@id\":\"https:\/\/agenciainfra.com\/blog\/#\/schema\/logo\/image\/\"},\"sameAs\":[\"https:\/\/www.facebook.com\/ageninfra\",\"https:\/\/x.com\/agencia_infra\",\"https:\/\/www.linkedin.com\/company\/ag\u00eanciainfra\/\",\"https:\/\/www.instagram.com\/agenciainfra\/\"]},{\"@type\":\"Person\",\"@id\":\"https:\/\/agenciainfra.com\/blog\/#\/schema\/person\/34af08dff6adea4cb22b06612ba7acfa\",\"name\":\"Ag\u00eancia iNFRA\",\"image\":{\"@type\":\"ImageObject\",\"inLanguage\":\"pt-BR\",\"@id\":\"https:\/\/agenciainfra.com\/blog\/#\/schema\/person\/image\/\",\"url\":\"https:\/\/secure.gravatar.com\/avatar\/d189e01678f06d8eb84d4e01f08eb848b3fffe3f8443818d3c356c66892f5be8?s=96&d=mm&r=g\",\"contentUrl\":\"https:\/\/secure.gravatar.com\/avatar\/d189e01678f06d8eb84d4e01f08eb848b3fffe3f8443818d3c356c66892f5be8?s=96&d=mm&r=g\",\"caption\":\"Ag\u00eancia iNFRA\"},\"url\":\"https:\/\/agenciainfra.com\/blog\/author\/admin\/\"}]}<\/script>\n<!-- \/ Yoast SEO Premium plugin. -->","yoast_head_json":{"title":"An\u00e1lise: atrito entre presidente da Petrobras e ministro cria d\u00favida sobre estrat\u00e9gia da empresa em g\u00e1s e renov\u00e1veis - Ag\u00eancia iNFRA","robots":{"index":"index","follow":"follow","max-snippet":"max-snippet:-1","max-image-preview":"max-image-preview:large","max-video-preview":"max-video-preview:-1"},"canonical":"https:\/\/agenciainfra.com\/blog\/analise-atrito-entre-presidente-da-petrobras-e-ministro-cria-duvida-sobre-estrategia-da-empresa-em-gas-e-renovaveis\/","og_locale":"pt_BR","og_type":"article","og_title":"An\u00e1lise: atrito entre presidente da Petrobras e ministro cria d\u00favida sobre estrat\u00e9gia da empresa em g\u00e1s e renov\u00e1veis","og_description":"Roberto Rockmann* As diverg\u00eancias p\u00fablicas&nbsp;entre&nbsp;o ministro de Minas e Energia, Alexandre Silveira, e o&nbsp;presidente&nbsp;da&nbsp;Petrobras, Jean Paul Prates, criam indefini\u00e7\u00f5es sobre o futuro da estatal e a abertura do mercado de g\u00e1s natural, e poder\u00e3o exigir arbitragem do&nbsp;presidente&nbsp;da Rep\u00fablica, segundo executivos do setor de \u00f3leo e g\u00e1s. Hoje o Conselho de Administra\u00e7\u00e3o da&nbsp;Petrobras&nbsp;tem tr\u00eas secret\u00e1rios do [&hellip;]","og_url":"https:\/\/agenciainfra.com\/blog\/analise-atrito-entre-presidente-da-petrobras-e-ministro-cria-duvida-sobre-estrategia-da-empresa-em-gas-e-renovaveis\/","og_site_name":"Ag\u00eancia iNFRA","article_publisher":"https:\/\/www.facebook.com\/ageninfra","article_published_time":"2023-06-16T14:00:00+00:00","og_image":[{"width":3872,"height":2592,"url":"https:\/\/agenciainfra.com\/blog\/wp-content\/uploads\/2019\/06\/gas-natural-divulgacao-ebc.jpeg","type":"image\/jpeg"}],"author":"Ag\u00eancia iNFRA","twitter_card":"summary_large_image","twitter_creator":"@agencia_infra","twitter_site":"@agencia_infra","twitter_misc":{"Escrito por":"Ag\u00eancia iNFRA","Est. tempo de leitura":"6 minutos"},"schema":{"@context":"https:\/\/schema.org","@graph":[{"@type":"Article","@id":"https:\/\/agenciainfra.com\/blog\/analise-atrito-entre-presidente-da-petrobras-e-ministro-cria-duvida-sobre-estrategia-da-empresa-em-gas-e-renovaveis\/#article","isPartOf":{"@id":"https:\/\/agenciainfra.com\/blog\/analise-atrito-entre-presidente-da-petrobras-e-ministro-cria-duvida-sobre-estrategia-da-empresa-em-gas-e-renovaveis\/"},"author":{"name":"Ag\u00eancia iNFRA","@id":"https:\/\/agenciainfra.com\/blog\/#\/schema\/person\/34af08dff6adea4cb22b06612ba7acfa"},"headline":"An\u00e1lise: atrito entre presidente da Petrobras e ministro cria d\u00favida sobre estrat\u00e9gia da empresa em g\u00e1s e renov\u00e1veis","datePublished":"2023-06-16T14:00:00+00:00","mainEntityOfPage":{"@id":"https:\/\/agenciainfra.com\/blog\/analise-atrito-entre-presidente-da-petrobras-e-ministro-cria-duvida-sobre-estrategia-da-empresa-em-gas-e-renovaveis\/"},"wordCount":1181,"publisher":{"@id":"https:\/\/agenciainfra.com\/blog\/#organization"},"image":{"@id":"https:\/\/agenciainfra.com\/blog\/analise-atrito-entre-presidente-da-petrobras-e-ministro-cria-duvida-sobre-estrategia-da-empresa-em-gas-e-renovaveis\/#primaryimage"},"thumbnailUrl":"https:\/\/agenciainfra.com\/blog\/wp-content\/uploads\/2019\/06\/gas-natural-divulgacao-ebc-e1773146812799.jpeg","keywords":["Alexandre Silveira","BNDES","Efrain Cruz","g\u00e1s natural","Jean Paul Prates","Minist\u00e9rio de Minas e Energia","MME","\u00f3leo e g\u00e1s","Petrobras","Pietro Mendes","Vitor Saback"],"articleSection":["Geral"],"inLanguage":"pt-BR","copyrightYear":"2023","copyrightHolder":{"@id":"https:\/\/agenciainfra.com\/blog\/#organization"}},{"@type":"WebPage","@id":"https:\/\/agenciainfra.com\/blog\/analise-atrito-entre-presidente-da-petrobras-e-ministro-cria-duvida-sobre-estrategia-da-empresa-em-gas-e-renovaveis\/","url":"https:\/\/agenciainfra.com\/blog\/analise-atrito-entre-presidente-da-petrobras-e-ministro-cria-duvida-sobre-estrategia-da-empresa-em-gas-e-renovaveis\/","name":"An\u00e1lise: atrito entre presidente da Petrobras e ministro cria d\u00favida sobre estrat\u00e9gia da empresa em g\u00e1s e renov\u00e1veis - Ag\u00eancia iNFRA","isPartOf":{"@id":"https:\/\/agenciainfra.com\/blog\/#website"},"primaryImageOfPage":{"@id":"https:\/\/agenciainfra.com\/blog\/analise-atrito-entre-presidente-da-petrobras-e-ministro-cria-duvida-sobre-estrategia-da-empresa-em-gas-e-renovaveis\/#primaryimage"},"image":{"@id":"https:\/\/agenciainfra.com\/blog\/analise-atrito-entre-presidente-da-petrobras-e-ministro-cria-duvida-sobre-estrategia-da-empresa-em-gas-e-renovaveis\/#primaryimage"},"thumbnailUrl":"https:\/\/agenciainfra.com\/blog\/wp-content\/uploads\/2019\/06\/gas-natural-divulgacao-ebc-e1773146812799.jpeg","datePublished":"2023-06-16T14:00:00+00:00","breadcrumb":{"@id":"https:\/\/agenciainfra.com\/blog\/analise-atrito-entre-presidente-da-petrobras-e-ministro-cria-duvida-sobre-estrategia-da-empresa-em-gas-e-renovaveis\/#breadcrumb"},"inLanguage":"pt-BR","potentialAction":[{"@type":"ReadAction","target":["https:\/\/agenciainfra.com\/blog\/analise-atrito-entre-presidente-da-petrobras-e-ministro-cria-duvida-sobre-estrategia-da-empresa-em-gas-e-renovaveis\/"]}]},{"@type":"ImageObject","inLanguage":"pt-BR","@id":"https:\/\/agenciainfra.com\/blog\/analise-atrito-entre-presidente-da-petrobras-e-ministro-cria-duvida-sobre-estrategia-da-empresa-em-gas-e-renovaveis\/#primaryimage","url":"https:\/\/agenciainfra.com\/blog\/wp-content\/uploads\/2019\/06\/gas-natural-divulgacao-ebc-e1773146812799.jpeg","contentUrl":"https:\/\/agenciainfra.com\/blog\/wp-content\/uploads\/2019\/06\/gas-natural-divulgacao-ebc-e1773146812799.jpeg","width":1280,"height":857,"caption":"Foto: Divulga\u00e7\u00e3o\/EBC"},{"@type":"BreadcrumbList","@id":"https:\/\/agenciainfra.com\/blog\/analise-atrito-entre-presidente-da-petrobras-e-ministro-cria-duvida-sobre-estrategia-da-empresa-em-gas-e-renovaveis\/#breadcrumb","itemListElement":[{"@type":"ListItem","position":1,"name":"In\u00edcio","item":"https:\/\/agenciainfra.com\/blog\/"},{"@type":"ListItem","position":2,"name":"An\u00e1lise: atrito entre presidente da Petrobras e ministro cria d\u00favida sobre estrat\u00e9gia da empresa em g\u00e1s e renov\u00e1veis"}]},{"@type":"WebSite","@id":"https:\/\/agenciainfra.com\/blog\/#website","url":"https:\/\/agenciainfra.com\/blog\/","name":"Ag\u00eancia iNFRA","description":"Multiplataforma de informa\u00e7\u00e3o jornal\u00edstica refer\u00eancia na \u00e1rea de infraestrutura no Brasil!","publisher":{"@id":"https:\/\/agenciainfra.com\/blog\/#organization"},"potentialAction":[{"@type":"SearchAction","target":{"@type":"EntryPoint","urlTemplate":"https:\/\/agenciainfra.com\/blog\/?s={search_term_string}"},"query-input":{"@type":"PropertyValueSpecification","valueRequired":true,"valueName":"search_term_string"}}],"inLanguage":"pt-BR"},{"@type":"Organization","@id":"https:\/\/agenciainfra.com\/blog\/#organization","name":"Ag\u00eancia iNFRA","url":"https:\/\/agenciainfra.com\/blog\/","logo":{"@type":"ImageObject","inLanguage":"pt-BR","@id":"https:\/\/agenciainfra.com\/blog\/#\/schema\/logo\/image\/","url":"https:\/\/agenciainfra.com\/blog\/wp-content\/uploads\/2023\/09\/iNFRA_5-e1761735885940.png","contentUrl":"https:\/\/agenciainfra.com\/blog\/wp-content\/uploads\/2023\/09\/iNFRA_5-e1761735885940.png","width":1672,"height":454,"caption":"Ag\u00eancia iNFRA"},"image":{"@id":"https:\/\/agenciainfra.com\/blog\/#\/schema\/logo\/image\/"},"sameAs":["https:\/\/www.facebook.com\/ageninfra","https:\/\/x.com\/agencia_infra","https:\/\/www.linkedin.com\/company\/ag\u00eanciainfra\/","https:\/\/www.instagram.com\/agenciainfra\/"]},{"@type":"Person","@id":"https:\/\/agenciainfra.com\/blog\/#\/schema\/person\/34af08dff6adea4cb22b06612ba7acfa","name":"Ag\u00eancia iNFRA","image":{"@type":"ImageObject","inLanguage":"pt-BR","@id":"https:\/\/agenciainfra.com\/blog\/#\/schema\/person\/image\/","url":"https:\/\/secure.gravatar.com\/avatar\/d189e01678f06d8eb84d4e01f08eb848b3fffe3f8443818d3c356c66892f5be8?s=96&d=mm&r=g","contentUrl":"https:\/\/secure.gravatar.com\/avatar\/d189e01678f06d8eb84d4e01f08eb848b3fffe3f8443818d3c356c66892f5be8?s=96&d=mm&r=g","caption":"Ag\u00eancia iNFRA"},"url":"https:\/\/agenciainfra.com\/blog\/author\/admin\/"}]}},"_links":{"self":[{"href":"https:\/\/agenciainfra.com\/blog\/wp-json\/wp\/v2\/posts\/12882","targetHints":{"allow":["GET"]}}],"collection":[{"href":"https:\/\/agenciainfra.com\/blog\/wp-json\/wp\/v2\/posts"}],"about":[{"href":"https:\/\/agenciainfra.com\/blog\/wp-json\/wp\/v2\/types\/post"}],"author":[{"embeddable":true,"href":"https:\/\/agenciainfra.com\/blog\/wp-json\/wp\/v2\/users\/1"}],"replies":[{"embeddable":true,"href":"https:\/\/agenciainfra.com\/blog\/wp-json\/wp\/v2\/comments?post=12882"}],"version-history":[{"count":0,"href":"https:\/\/agenciainfra.com\/blog\/wp-json\/wp\/v2\/posts\/12882\/revisions"}],"wp:featuredmedia":[{"embeddable":true,"href":"https:\/\/agenciainfra.com\/blog\/wp-json\/wp\/v2\/media\/3368"}],"wp:attachment":[{"href":"https:\/\/agenciainfra.com\/blog\/wp-json\/wp\/v2\/media?parent=12882"}],"wp:term":[{"taxonomy":"category","embeddable":true,"href":"https:\/\/agenciainfra.com\/blog\/wp-json\/wp\/v2\/categories?post=12882"},{"taxonomy":"post_tag","embeddable":true,"href":"https:\/\/agenciainfra.com\/blog\/wp-json\/wp\/v2\/tags?post=12882"}],"curies":[{"name":"wp","href":"https:\/\/api.w.org\/{rel}","templated":true}]}}