{"id":12900,"date":"2023-06-20T09:00:00","date_gmt":"2023-06-20T12:00:00","guid":{"rendered":"https:\/\/www.agenciainfra.com\/blog\/?p=12900"},"modified":"2023-06-19T12:21:57","modified_gmt":"2023-06-19T15:21:57","slug":"antaq-comecara-processo-de-regulacao-da-cabotagem-antes-de-decreto-diz-diretor-geral","status":"publish","type":"post","link":"https:\/\/agenciainfra.com\/blog\/antaq-comecara-processo-de-regulacao-da-cabotagem-antes-de-decreto-diz-diretor-geral\/","title":{"rendered":"ANTAQ come\u00e7ar\u00e1 processo de regula\u00e7\u00e3o da cabotagem antes de decreto, diz diretor-geral"},"content":{"rendered":"\n<p class=\"has-text-align-right\"><strong>da&nbsp;Ag\u00eancia iNFRA<\/strong><\/p>\n\n\n\n<p>O\u00a0diretor-geral\u00a0da\u00a0ANTAQ\u00a0(Ag\u00eancia Nacional de Transportes Aquavi\u00e1rios), Eduardo Nery, afirmou que a ag\u00eancia vai se antecipar na regulamenta\u00e7\u00e3o\u00a0da\u00a0cabotagem\u00a0no pa\u00eds e iniciar seu\u00a0processo\u00a0de normatiza\u00e7\u00e3o do setor, sem esperar mais que o governo publique o\u00a0decreto\u00a0regulamentador\u00a0da\u00a0<a rel=\"noreferrer noopener\" href=\"https:\/\/agenciainfra.us14.list-manage.com\/track\/click?u=d460dd1bcf9ba0ae040e1fc0f&amp;id=365574549d&amp;e=f0fa444791\" target=\"_blank\">Lei 14.301\/2022<\/a>, a BR do Mar.<br><br>A informa\u00e7\u00e3o foi dada na \u00faltima quarta-feira (14) em audi\u00eancia p\u00fablica na CVT (Comiss\u00e3o de Via\u00e7\u00e3o e Transportes)\u00a0da\u00a0C\u00e2mara dos Deputados para tratar de a\u00e7\u00f5es\u00a0da\u00a0ag\u00eancia. O tema deve ser tratado na reuni\u00e3o de diretoria\u00a0da\u00a0ag\u00eancia prevista para hoje (15).<br><br>&#8220;A ag\u00eancia j\u00e1 est\u00e1 se antecipando e neste m\u00eas vai abrir uma audi\u00eancia p\u00fablica para j\u00e1 efetivar algumas altera\u00e7\u00f5es que podem ser feitas mesmo\u00a0antes\u00a0da\u00a0publica\u00e7\u00e3o do\u00a0decreto&#8221;, disse o\u00a0diretor-geral, lembrando que essa regulamenta\u00e7\u00e3o foi discutida com o setor.<br><br>A lei foi aprovada h\u00e1 mais de um ano, mas o governo anterior n\u00e3o conseguiu publicar o\u00a0decreto\u00a0que regulamenta a legisla\u00e7\u00e3o. O atual governo\u00a0<a rel=\"noreferrer noopener\" href=\"https:\/\/agenciainfra.us14.list-manage.com\/track\/click?u=d460dd1bcf9ba0ae040e1fc0f&amp;id=8db0caa988&amp;e=f0fa444791\" target=\"_blank\">come\u00e7ou a tratar do tema<\/a>, mas tamb\u00e9m n\u00e3o houve defini\u00e7\u00e3o. Segue um conflito sobre qual vai ser o n\u00edvel de abertura do mercado nacional para afretamento de embarca\u00e7\u00f5es estrangeiras.<br><br>Nery defendeu na CVT que a nova legisla\u00e7\u00e3o e sua regulamenta\u00e7\u00e3o podem n\u00e3o ser suficientes para incentivar a navega\u00e7\u00e3o de\u00a0cabotagem\u00a0no Brasil, explicando que s\u00e3o necess\u00e1rios mecanismos para redu\u00e7\u00e3o do pre\u00e7o dos combust\u00edveis (as embarca\u00e7\u00f5es nacionais pagam ICMS e as estrangeiras, n\u00e3o) e uma simplifica\u00e7\u00e3o tribut\u00e1ria. Esses temas ficaram fora\u00a0da\u00a0lei do BR do Mar.<br><br><strong>Grandes terminais<\/strong><br>Durante a audi\u00eancia p\u00fablica, Eduardo Nery afirmou que trabalha para licitar o terminal de gran\u00e9is minerais no porto fluminense, a \u00e1rea ITG02, ainda neste ano. Proposta para a chamada \u00c1rea do Meio est\u00e1 em audi\u00eancia p\u00fablica e tem estimativa de investimentos de mais de R$ 2 bilh\u00f5es.<br><br>O\u00a0diretor-geral\u00a0disse ainda que o terminal PAR09,\u00a0de gran\u00e9is vegetais em Paranagu\u00e1 (PR), com expectativa de investimentos de mais de R$ 500 milh\u00f5es, tamb\u00e9m pode ir a leil\u00e3o em agosto, junto com outros cinco terminais portu\u00e1rios que j\u00e1 est\u00e3o com certames marcados.<br><br>O\u00a0diretor\u00a0tamb\u00e9m afirmou que a ag\u00eancia trabalha em concess\u00f5es de manuten\u00e7\u00e3o de hidrovias ap\u00f3s a implanta\u00e7\u00e3o delas com obras do DNIT (Departamento Nacional de Infraestrutura de Transportes). Os projetos que est\u00e3o em estudos para isso s\u00e3o os\u00a0da\u00a0Lagoa Mirim (RS) e\u00a0da\u00a0Barra Norte (PA\/AP).<br><br>Na audi\u00eancia, Nery foi questionado sobre aumento de tarifas na concess\u00e3o portu\u00e1ria\u00a0da\u00a0Codesa, no Esp\u00edrito Santo, e defendeu que n\u00e3o houve aumento, mas redu\u00e7\u00e3o dos pre\u00e7os m\u00e9dios, citando que um conteineiro que pagava R$ 180 mil para usar o porto passar\u00e1 a pagar R$ 110 mil com as novas tarifas.\u00a0 A apresenta\u00e7\u00e3o do\u00a0diretor\u00a0est\u00e1\u00a0<a rel=\"noreferrer noopener\" href=\"https:\/\/agenciainfra.us14.list-manage.com\/track\/click?u=d460dd1bcf9ba0ae040e1fc0f&amp;id=b374c5dadc&amp;e=f0fa444791\" target=\"_blank\">neste link<\/a>.<\/p>\n","protected":false},"excerpt":{"rendered":"<p>da&nbsp;Ag\u00eancia iNFRA O\u00a0diretor-geral\u00a0da\u00a0ANTAQ\u00a0(Ag\u00eancia Nacional de Transportes Aquavi\u00e1rios), Eduardo Nery, afirmou que a ag\u00eancia vai se antecipar na regulamenta\u00e7\u00e3o\u00a0da\u00a0cabotagem\u00a0no pa\u00eds e iniciar seu\u00a0processo\u00a0de normatiza\u00e7\u00e3o do setor, sem esperar mais que o governo publique o\u00a0decreto\u00a0regulamentador\u00a0da\u00a0Lei 14.301\/2022, a BR do Mar. A informa\u00e7\u00e3o foi dada na \u00faltima quarta-feira (14) em audi\u00eancia p\u00fablica na CVT (Comiss\u00e3o de Via\u00e7\u00e3o e [&hellip;]<\/p>\n","protected":false},"author":1,"featured_media":12901,"comment_status":"closed","ping_status":"closed","sticky":false,"template":"","format":"standard","meta":{"_monsterinsights_skip_tracking":false,"_monsterinsights_sitenote_active":false,"_monsterinsights_sitenote_note":"","_monsterinsights_sitenote_category":0,"footnotes":""},"categories":[1,7],"tags":[86,3020,1245,305,118,2932,1521,6897,6896,4102],"class_list":["post-12900","post","type-post","status-publish","format-standard","has-post-thumbnail","hentry","category-geral","category-infratransporte","tag-antaq","tag-audiencia-publica","tag-br-do-mar","tag-camara-dos-deputados","tag-cvt","tag-eduardo-nery","tag-icms","tag-itg02","tag-lei-14-301-2022","tag-par09"],"yoast_head":"<!-- This site is optimized with the Yoast SEO Premium plugin v25.4 (Yoast SEO v26.0) - https:\/\/yoast.com\/wordpress\/plugins\/seo\/ -->\n<title>ANTAQ come\u00e7ar\u00e1 processo de regula\u00e7\u00e3o da cabotagem antes de decreto, diz diretor-geral - Ag\u00eancia iNFRA<\/title>\n<meta name=\"robots\" content=\"index, follow, max-snippet:-1, max-image-preview:large, max-video-preview:-1\" \/>\n<link rel=\"canonical\" href=\"https:\/\/agenciainfra.com\/blog\/antaq-comecara-processo-de-regulacao-da-cabotagem-antes-de-decreto-diz-diretor-geral\/\" \/>\n<meta property=\"og:locale\" content=\"pt_BR\" \/>\n<meta property=\"og:type\" content=\"article\" \/>\n<meta property=\"og:title\" content=\"ANTAQ come\u00e7ar\u00e1 processo de regula\u00e7\u00e3o da cabotagem antes de decreto, diz diretor-geral\" \/>\n<meta property=\"og:description\" content=\"da&nbsp;Ag\u00eancia iNFRA O\u00a0diretor-geral\u00a0da\u00a0ANTAQ\u00a0(Ag\u00eancia Nacional de Transportes Aquavi\u00e1rios), Eduardo Nery, afirmou que a ag\u00eancia vai se antecipar na regulamenta\u00e7\u00e3o\u00a0da\u00a0cabotagem\u00a0no pa\u00eds e iniciar seu\u00a0processo\u00a0de normatiza\u00e7\u00e3o do setor, sem esperar mais que o governo publique o\u00a0decreto\u00a0regulamentador\u00a0da\u00a0Lei 14.301\/2022, a BR do Mar. A informa\u00e7\u00e3o foi dada na \u00faltima quarta-feira (14) em audi\u00eancia p\u00fablica na CVT (Comiss\u00e3o de Via\u00e7\u00e3o e [&hellip;]\" \/>\n<meta property=\"og:url\" content=\"https:\/\/agenciainfra.com\/blog\/antaq-comecara-processo-de-regulacao-da-cabotagem-antes-de-decreto-diz-diretor-geral\/\" \/>\n<meta property=\"og:site_name\" content=\"Ag\u00eancia iNFRA\" \/>\n<meta property=\"article:publisher\" content=\"https:\/\/www.facebook.com\/ageninfra\" \/>\n<meta property=\"article:published_time\" content=\"2023-06-20T12:00:00+00:00\" \/>\n<meta property=\"og:image\" content=\"https:\/\/agenciainfra.com\/blog\/wp-content\/uploads\/2023\/06\/eduardo-nery-foto-agencia-camara-vinicius-loures.jpg\" \/>\n\t<meta property=\"og:image:width\" content=\"1202\" \/>\n\t<meta property=\"og:image:height\" content=\"741\" \/>\n\t<meta property=\"og:image:type\" content=\"image\/jpeg\" \/>\n<meta name=\"author\" content=\"Ag\u00eancia iNFRA\" \/>\n<meta name=\"twitter:card\" content=\"summary_large_image\" \/>\n<meta name=\"twitter:creator\" content=\"@agencia_infra\" \/>\n<meta name=\"twitter:site\" content=\"@agencia_infra\" \/>\n<meta name=\"twitter:label1\" content=\"Escrito por\" \/>\n\t<meta name=\"twitter:data1\" content=\"Ag\u00eancia iNFRA\" \/>\n\t<meta name=\"twitter:label2\" content=\"Est. tempo de leitura\" \/>\n\t<meta name=\"twitter:data2\" content=\"3 minutos\" \/>\n<script type=\"application\/ld+json\" class=\"yoast-schema-graph\">{\"@context\":\"https:\/\/schema.org\",\"@graph\":[{\"@type\":\"Article\",\"@id\":\"https:\/\/agenciainfra.com\/blog\/antaq-comecara-processo-de-regulacao-da-cabotagem-antes-de-decreto-diz-diretor-geral\/#article\",\"isPartOf\":{\"@id\":\"https:\/\/agenciainfra.com\/blog\/antaq-comecara-processo-de-regulacao-da-cabotagem-antes-de-decreto-diz-diretor-geral\/\"},\"author\":{\"name\":\"Ag\u00eancia iNFRA\",\"@id\":\"https:\/\/agenciainfra.com\/blog\/#\/schema\/person\/34af08dff6adea4cb22b06612ba7acfa\"},\"headline\":\"ANTAQ come\u00e7ar\u00e1 processo de regula\u00e7\u00e3o da cabotagem antes de decreto, diz diretor-geral\",\"datePublished\":\"2023-06-20T12:00:00+00:00\",\"mainEntityOfPage\":{\"@id\":\"https:\/\/agenciainfra.com\/blog\/antaq-comecara-processo-de-regulacao-da-cabotagem-antes-de-decreto-diz-diretor-geral\/\"},\"wordCount\":527,\"publisher\":{\"@id\":\"https:\/\/agenciainfra.com\/blog\/#organization\"},\"image\":{\"@id\":\"https:\/\/agenciainfra.com\/blog\/antaq-comecara-processo-de-regulacao-da-cabotagem-antes-de-decreto-diz-diretor-geral\/#primaryimage\"},\"thumbnailUrl\":\"https:\/\/agenciainfra.com\/blog\/wp-content\/uploads\/2023\/06\/eduardo-nery-foto-agencia-camara-vinicius-loures.jpg\",\"keywords\":[\"ANTAQ\",\"audi\u00eancia p\u00fablica\",\"BR do Mar\",\"C\u00e2mara dos Deputados\",\"CVT\",\"Eduardo Nery\",\"ICMS\",\"ITG02\",\"Lei 14.301\/2022\",\"PAR09\"],\"articleSection\":[\"Geral\",\"iNFRATransporte\"],\"inLanguage\":\"pt-BR\",\"copyrightYear\":\"2023\",\"copyrightHolder\":{\"@id\":\"https:\/\/agenciainfra.com\/blog\/#organization\"}},{\"@type\":\"WebPage\",\"@id\":\"https:\/\/agenciainfra.com\/blog\/antaq-comecara-processo-de-regulacao-da-cabotagem-antes-de-decreto-diz-diretor-geral\/\",\"url\":\"https:\/\/agenciainfra.com\/blog\/antaq-comecara-processo-de-regulacao-da-cabotagem-antes-de-decreto-diz-diretor-geral\/\",\"name\":\"ANTAQ come\u00e7ar\u00e1 processo de regula\u00e7\u00e3o da cabotagem antes de decreto, diz diretor-geral - Ag\u00eancia iNFRA\",\"isPartOf\":{\"@id\":\"https:\/\/agenciainfra.com\/blog\/#website\"},\"primaryImageOfPage\":{\"@id\":\"https:\/\/agenciainfra.com\/blog\/antaq-comecara-processo-de-regulacao-da-cabotagem-antes-de-decreto-diz-diretor-geral\/#primaryimage\"},\"image\":{\"@id\":\"https:\/\/agenciainfra.com\/blog\/antaq-comecara-processo-de-regulacao-da-cabotagem-antes-de-decreto-diz-diretor-geral\/#primaryimage\"},\"thumbnailUrl\":\"https:\/\/agenciainfra.com\/blog\/wp-content\/uploads\/2023\/06\/eduardo-nery-foto-agencia-camara-vinicius-loures.jpg\",\"datePublished\":\"2023-06-20T12:00:00+00:00\",\"breadcrumb\":{\"@id\":\"https:\/\/agenciainfra.com\/blog\/antaq-comecara-processo-de-regulacao-da-cabotagem-antes-de-decreto-diz-diretor-geral\/#breadcrumb\"},\"inLanguage\":\"pt-BR\",\"potentialAction\":[{\"@type\":\"ReadAction\",\"target\":[\"https:\/\/agenciainfra.com\/blog\/antaq-comecara-processo-de-regulacao-da-cabotagem-antes-de-decreto-diz-diretor-geral\/\"]}]},{\"@type\":\"ImageObject\",\"inLanguage\":\"pt-BR\",\"@id\":\"https:\/\/agenciainfra.com\/blog\/antaq-comecara-processo-de-regulacao-da-cabotagem-antes-de-decreto-diz-diretor-geral\/#primaryimage\",\"url\":\"https:\/\/agenciainfra.com\/blog\/wp-content\/uploads\/2023\/06\/eduardo-nery-foto-agencia-camara-vinicius-loures.jpg\",\"contentUrl\":\"https:\/\/agenciainfra.com\/blog\/wp-content\/uploads\/2023\/06\/eduardo-nery-foto-agencia-camara-vinicius-loures.jpg\",\"width\":1202,\"height\":741},{\"@type\":\"BreadcrumbList\",\"@id\":\"https:\/\/agenciainfra.com\/blog\/antaq-comecara-processo-de-regulacao-da-cabotagem-antes-de-decreto-diz-diretor-geral\/#breadcrumb\",\"itemListElement\":[{\"@type\":\"ListItem\",\"position\":1,\"name\":\"In\u00edcio\",\"item\":\"https:\/\/agenciainfra.com\/blog\/\"},{\"@type\":\"ListItem\",\"position\":2,\"name\":\"ANTAQ come\u00e7ar\u00e1 processo de regula\u00e7\u00e3o da cabotagem antes de decreto, diz diretor-geral\"}]},{\"@type\":\"WebSite\",\"@id\":\"https:\/\/agenciainfra.com\/blog\/#website\",\"url\":\"https:\/\/agenciainfra.com\/blog\/\",\"name\":\"Ag\u00eancia iNFRA\",\"description\":\"Multiplataforma de informa\u00e7\u00e3o jornal\u00edstica refer\u00eancia na \u00e1rea de infraestrutura no Brasil!\",\"publisher\":{\"@id\":\"https:\/\/agenciainfra.com\/blog\/#organization\"},\"potentialAction\":[{\"@type\":\"SearchAction\",\"target\":{\"@type\":\"EntryPoint\",\"urlTemplate\":\"https:\/\/agenciainfra.com\/blog\/?s={search_term_string}\"},\"query-input\":{\"@type\":\"PropertyValueSpecification\",\"valueRequired\":true,\"valueName\":\"search_term_string\"}}],\"inLanguage\":\"pt-BR\"},{\"@type\":\"Organization\",\"@id\":\"https:\/\/agenciainfra.com\/blog\/#organization\",\"name\":\"Ag\u00eancia iNFRA\",\"url\":\"https:\/\/agenciainfra.com\/blog\/\",\"logo\":{\"@type\":\"ImageObject\",\"inLanguage\":\"pt-BR\",\"@id\":\"https:\/\/agenciainfra.com\/blog\/#\/schema\/logo\/image\/\",\"url\":\"https:\/\/agenciainfra.com\/blog\/wp-content\/uploads\/2023\/09\/iNFRA_5-e1761735885940.png\",\"contentUrl\":\"https:\/\/agenciainfra.com\/blog\/wp-content\/uploads\/2023\/09\/iNFRA_5-e1761735885940.png\",\"width\":1672,\"height\":454,\"caption\":\"Ag\u00eancia iNFRA\"},\"image\":{\"@id\":\"https:\/\/agenciainfra.com\/blog\/#\/schema\/logo\/image\/\"},\"sameAs\":[\"https:\/\/www.facebook.com\/ageninfra\",\"https:\/\/x.com\/agencia_infra\",\"https:\/\/www.linkedin.com\/company\/ag\u00eanciainfra\/\",\"https:\/\/www.instagram.com\/agenciainfra\/\"]},{\"@type\":\"Person\",\"@id\":\"https:\/\/agenciainfra.com\/blog\/#\/schema\/person\/34af08dff6adea4cb22b06612ba7acfa\",\"name\":\"Ag\u00eancia iNFRA\",\"image\":{\"@type\":\"ImageObject\",\"inLanguage\":\"pt-BR\",\"@id\":\"https:\/\/agenciainfra.com\/blog\/#\/schema\/person\/image\/\",\"url\":\"https:\/\/secure.gravatar.com\/avatar\/d189e01678f06d8eb84d4e01f08eb848b3fffe3f8443818d3c356c66892f5be8?s=96&d=mm&r=g\",\"contentUrl\":\"https:\/\/secure.gravatar.com\/avatar\/d189e01678f06d8eb84d4e01f08eb848b3fffe3f8443818d3c356c66892f5be8?s=96&d=mm&r=g\",\"caption\":\"Ag\u00eancia iNFRA\"},\"url\":\"https:\/\/agenciainfra.com\/blog\/author\/admin\/\"}]}<\/script>\n<!-- \/ Yoast SEO Premium plugin. -->","yoast_head_json":{"title":"ANTAQ come\u00e7ar\u00e1 processo de regula\u00e7\u00e3o da cabotagem antes de decreto, diz diretor-geral - Ag\u00eancia iNFRA","robots":{"index":"index","follow":"follow","max-snippet":"max-snippet:-1","max-image-preview":"max-image-preview:large","max-video-preview":"max-video-preview:-1"},"canonical":"https:\/\/agenciainfra.com\/blog\/antaq-comecara-processo-de-regulacao-da-cabotagem-antes-de-decreto-diz-diretor-geral\/","og_locale":"pt_BR","og_type":"article","og_title":"ANTAQ come\u00e7ar\u00e1 processo de regula\u00e7\u00e3o da cabotagem antes de decreto, diz diretor-geral","og_description":"da&nbsp;Ag\u00eancia iNFRA O\u00a0diretor-geral\u00a0da\u00a0ANTAQ\u00a0(Ag\u00eancia Nacional de Transportes Aquavi\u00e1rios), Eduardo Nery, afirmou que a ag\u00eancia vai se antecipar na regulamenta\u00e7\u00e3o\u00a0da\u00a0cabotagem\u00a0no pa\u00eds e iniciar seu\u00a0processo\u00a0de normatiza\u00e7\u00e3o do setor, sem esperar mais que o governo publique o\u00a0decreto\u00a0regulamentador\u00a0da\u00a0Lei 14.301\/2022, a BR do Mar. A informa\u00e7\u00e3o foi dada na \u00faltima quarta-feira (14) em audi\u00eancia p\u00fablica na CVT (Comiss\u00e3o de Via\u00e7\u00e3o e [&hellip;]","og_url":"https:\/\/agenciainfra.com\/blog\/antaq-comecara-processo-de-regulacao-da-cabotagem-antes-de-decreto-diz-diretor-geral\/","og_site_name":"Ag\u00eancia iNFRA","article_publisher":"https:\/\/www.facebook.com\/ageninfra","article_published_time":"2023-06-20T12:00:00+00:00","og_image":[{"width":1202,"height":741,"url":"https:\/\/agenciainfra.com\/blog\/wp-content\/uploads\/2023\/06\/eduardo-nery-foto-agencia-camara-vinicius-loures.jpg","type":"image\/jpeg"}],"author":"Ag\u00eancia iNFRA","twitter_card":"summary_large_image","twitter_creator":"@agencia_infra","twitter_site":"@agencia_infra","twitter_misc":{"Escrito por":"Ag\u00eancia iNFRA","Est. tempo de leitura":"3 minutos"},"schema":{"@context":"https:\/\/schema.org","@graph":[{"@type":"Article","@id":"https:\/\/agenciainfra.com\/blog\/antaq-comecara-processo-de-regulacao-da-cabotagem-antes-de-decreto-diz-diretor-geral\/#article","isPartOf":{"@id":"https:\/\/agenciainfra.com\/blog\/antaq-comecara-processo-de-regulacao-da-cabotagem-antes-de-decreto-diz-diretor-geral\/"},"author":{"name":"Ag\u00eancia iNFRA","@id":"https:\/\/agenciainfra.com\/blog\/#\/schema\/person\/34af08dff6adea4cb22b06612ba7acfa"},"headline":"ANTAQ come\u00e7ar\u00e1 processo de regula\u00e7\u00e3o da cabotagem antes de decreto, diz diretor-geral","datePublished":"2023-06-20T12:00:00+00:00","mainEntityOfPage":{"@id":"https:\/\/agenciainfra.com\/blog\/antaq-comecara-processo-de-regulacao-da-cabotagem-antes-de-decreto-diz-diretor-geral\/"},"wordCount":527,"publisher":{"@id":"https:\/\/agenciainfra.com\/blog\/#organization"},"image":{"@id":"https:\/\/agenciainfra.com\/blog\/antaq-comecara-processo-de-regulacao-da-cabotagem-antes-de-decreto-diz-diretor-geral\/#primaryimage"},"thumbnailUrl":"https:\/\/agenciainfra.com\/blog\/wp-content\/uploads\/2023\/06\/eduardo-nery-foto-agencia-camara-vinicius-loures.jpg","keywords":["ANTAQ","audi\u00eancia p\u00fablica","BR do Mar","C\u00e2mara dos Deputados","CVT","Eduardo Nery","ICMS","ITG02","Lei 14.301\/2022","PAR09"],"articleSection":["Geral","iNFRATransporte"],"inLanguage":"pt-BR","copyrightYear":"2023","copyrightHolder":{"@id":"https:\/\/agenciainfra.com\/blog\/#organization"}},{"@type":"WebPage","@id":"https:\/\/agenciainfra.com\/blog\/antaq-comecara-processo-de-regulacao-da-cabotagem-antes-de-decreto-diz-diretor-geral\/","url":"https:\/\/agenciainfra.com\/blog\/antaq-comecara-processo-de-regulacao-da-cabotagem-antes-de-decreto-diz-diretor-geral\/","name":"ANTAQ come\u00e7ar\u00e1 processo de regula\u00e7\u00e3o da cabotagem antes de decreto, diz diretor-geral - Ag\u00eancia iNFRA","isPartOf":{"@id":"https:\/\/agenciainfra.com\/blog\/#website"},"primaryImageOfPage":{"@id":"https:\/\/agenciainfra.com\/blog\/antaq-comecara-processo-de-regulacao-da-cabotagem-antes-de-decreto-diz-diretor-geral\/#primaryimage"},"image":{"@id":"https:\/\/agenciainfra.com\/blog\/antaq-comecara-processo-de-regulacao-da-cabotagem-antes-de-decreto-diz-diretor-geral\/#primaryimage"},"thumbnailUrl":"https:\/\/agenciainfra.com\/blog\/wp-content\/uploads\/2023\/06\/eduardo-nery-foto-agencia-camara-vinicius-loures.jpg","datePublished":"2023-06-20T12:00:00+00:00","breadcrumb":{"@id":"https:\/\/agenciainfra.com\/blog\/antaq-comecara-processo-de-regulacao-da-cabotagem-antes-de-decreto-diz-diretor-geral\/#breadcrumb"},"inLanguage":"pt-BR","potentialAction":[{"@type":"ReadAction","target":["https:\/\/agenciainfra.com\/blog\/antaq-comecara-processo-de-regulacao-da-cabotagem-antes-de-decreto-diz-diretor-geral\/"]}]},{"@type":"ImageObject","inLanguage":"pt-BR","@id":"https:\/\/agenciainfra.com\/blog\/antaq-comecara-processo-de-regulacao-da-cabotagem-antes-de-decreto-diz-diretor-geral\/#primaryimage","url":"https:\/\/agenciainfra.com\/blog\/wp-content\/uploads\/2023\/06\/eduardo-nery-foto-agencia-camara-vinicius-loures.jpg","contentUrl":"https:\/\/agenciainfra.com\/blog\/wp-content\/uploads\/2023\/06\/eduardo-nery-foto-agencia-camara-vinicius-loures.jpg","width":1202,"height":741},{"@type":"BreadcrumbList","@id":"https:\/\/agenciainfra.com\/blog\/antaq-comecara-processo-de-regulacao-da-cabotagem-antes-de-decreto-diz-diretor-geral\/#breadcrumb","itemListElement":[{"@type":"ListItem","position":1,"name":"In\u00edcio","item":"https:\/\/agenciainfra.com\/blog\/"},{"@type":"ListItem","position":2,"name":"ANTAQ come\u00e7ar\u00e1 processo de regula\u00e7\u00e3o da cabotagem antes de decreto, diz diretor-geral"}]},{"@type":"WebSite","@id":"https:\/\/agenciainfra.com\/blog\/#website","url":"https:\/\/agenciainfra.com\/blog\/","name":"Ag\u00eancia iNFRA","description":"Multiplataforma de informa\u00e7\u00e3o jornal\u00edstica refer\u00eancia na \u00e1rea de infraestrutura no Brasil!","publisher":{"@id":"https:\/\/agenciainfra.com\/blog\/#organization"},"potentialAction":[{"@type":"SearchAction","target":{"@type":"EntryPoint","urlTemplate":"https:\/\/agenciainfra.com\/blog\/?s={search_term_string}"},"query-input":{"@type":"PropertyValueSpecification","valueRequired":true,"valueName":"search_term_string"}}],"inLanguage":"pt-BR"},{"@type":"Organization","@id":"https:\/\/agenciainfra.com\/blog\/#organization","name":"Ag\u00eancia iNFRA","url":"https:\/\/agenciainfra.com\/blog\/","logo":{"@type":"ImageObject","inLanguage":"pt-BR","@id":"https:\/\/agenciainfra.com\/blog\/#\/schema\/logo\/image\/","url":"https:\/\/agenciainfra.com\/blog\/wp-content\/uploads\/2023\/09\/iNFRA_5-e1761735885940.png","contentUrl":"https:\/\/agenciainfra.com\/blog\/wp-content\/uploads\/2023\/09\/iNFRA_5-e1761735885940.png","width":1672,"height":454,"caption":"Ag\u00eancia iNFRA"},"image":{"@id":"https:\/\/agenciainfra.com\/blog\/#\/schema\/logo\/image\/"},"sameAs":["https:\/\/www.facebook.com\/ageninfra","https:\/\/x.com\/agencia_infra","https:\/\/www.linkedin.com\/company\/ag\u00eanciainfra\/","https:\/\/www.instagram.com\/agenciainfra\/"]},{"@type":"Person","@id":"https:\/\/agenciainfra.com\/blog\/#\/schema\/person\/34af08dff6adea4cb22b06612ba7acfa","name":"Ag\u00eancia iNFRA","image":{"@type":"ImageObject","inLanguage":"pt-BR","@id":"https:\/\/agenciainfra.com\/blog\/#\/schema\/person\/image\/","url":"https:\/\/secure.gravatar.com\/avatar\/d189e01678f06d8eb84d4e01f08eb848b3fffe3f8443818d3c356c66892f5be8?s=96&d=mm&r=g","contentUrl":"https:\/\/secure.gravatar.com\/avatar\/d189e01678f06d8eb84d4e01f08eb848b3fffe3f8443818d3c356c66892f5be8?s=96&d=mm&r=g","caption":"Ag\u00eancia iNFRA"},"url":"https:\/\/agenciainfra.com\/blog\/author\/admin\/"}]}},"_links":{"self":[{"href":"https:\/\/agenciainfra.com\/blog\/wp-json\/wp\/v2\/posts\/12900","targetHints":{"allow":["GET"]}}],"collection":[{"href":"https:\/\/agenciainfra.com\/blog\/wp-json\/wp\/v2\/posts"}],"about":[{"href":"https:\/\/agenciainfra.com\/blog\/wp-json\/wp\/v2\/types\/post"}],"author":[{"embeddable":true,"href":"https:\/\/agenciainfra.com\/blog\/wp-json\/wp\/v2\/users\/1"}],"replies":[{"embeddable":true,"href":"https:\/\/agenciainfra.com\/blog\/wp-json\/wp\/v2\/comments?post=12900"}],"version-history":[{"count":0,"href":"https:\/\/agenciainfra.com\/blog\/wp-json\/wp\/v2\/posts\/12900\/revisions"}],"wp:featuredmedia":[{"embeddable":true,"href":"https:\/\/agenciainfra.com\/blog\/wp-json\/wp\/v2\/media\/12901"}],"wp:attachment":[{"href":"https:\/\/agenciainfra.com\/blog\/wp-json\/wp\/v2\/media?parent=12900"}],"wp:term":[{"taxonomy":"category","embeddable":true,"href":"https:\/\/agenciainfra.com\/blog\/wp-json\/wp\/v2\/categories?post=12900"},{"taxonomy":"post_tag","embeddable":true,"href":"https:\/\/agenciainfra.com\/blog\/wp-json\/wp\/v2\/tags?post=12900"}],"curies":[{"name":"wp","href":"https:\/\/api.w.org\/{rel}","templated":true}]}}