{"id":12923,"date":"2023-06-22T09:00:00","date_gmt":"2023-06-22T12:00:00","guid":{"rendered":"https:\/\/www.agenciainfra.com\/blog\/?p=12923"},"modified":"2023-06-21T12:46:07","modified_gmt":"2023-06-21T15:46:07","slug":"bagagem-despachada-obrigatoria-dificultara-entrada-de-low-cost-no-brasil-alerta-ceo-da-jetsmart","status":"publish","type":"post","link":"https:\/\/agenciainfra.com\/blog\/bagagem-despachada-obrigatoria-dificultara-entrada-de-low-cost-no-brasil-alerta-ceo-da-jetsmart\/","title":{"rendered":"Bagagem despachada obrigat\u00f3ria dificultar\u00e1 entrada de low cost no Brasil, alerta CEO da JetSMART"},"content":{"rendered":"\n<p class=\"has-text-align-right\"><strong>Dimmi Amora,&nbsp;da&nbsp;Ag\u00eancia iNFRA<\/strong><\/p>\n\n\n\n<p>Se a regulamenta\u00e7\u00e3o&nbsp;no&nbsp;Brasil&nbsp;passar a incluir&nbsp;bagagem&nbsp;obrigat\u00f3ria&nbsp;despachada, a&nbsp;entrada&nbsp;de todas as companhias a\u00e9reas de ultrabaixo custo&nbsp;no&nbsp;pa\u00eds estar\u00e1 dificultada. Al\u00e9m disso,&nbsp;o pre\u00e7o das tarifas &#8220;aumentar\u00e1 permanentemente&#8221;.<br><br>Quem diz isso \u00e9 um dos grandes interessados&nbsp;no&nbsp;mercado brasileiro de avia\u00e7\u00e3o, o&nbsp;CEO&nbsp;da&nbsp;JetSMART, Estuardo Ortiz, empresa a\u00e9rea que opera em padr\u00e3o baixo custo e que acabou de fechar com a American Airlines um acordo para ampliar ainda mais sua participa\u00e7\u00e3o na Am\u00e9rica Latina.<br><br>&#8220;O mundo inteiro est\u00e1 caminhando para tarifas desagregadas, quando o pr\u00f3prio cliente pode decidir o que comprar, ent\u00e3o acreditamos que essa pol\u00edtica de inclus\u00e3o de&nbsp;bagagem&nbsp;deixaria o&nbsp;Brasil&nbsp;para tr\u00e1s em toda a Am\u00e9rica do Sul e afetaria o passageiro, pois tiraria o direito de escolha de pagar apenas pelo que quiser usar&#8221;, afirmou Ortiz nesta entrevista \u00e0&nbsp;<strong>Ag\u00eancia iNFRA<\/strong>, por e-mail.<br><br>A&nbsp;JetSMART&nbsp;foi criada pela Indigo Partners, fundo privado de investimento com mais de 20 anos de experi\u00eancia desenvolvendo linhas a\u00e9reas Ultra&nbsp;Low&nbsp;Cost&nbsp;no&nbsp;mundo, entre elas a Wizz Air (Leste Europeu), Volaris (M\u00e9xico) e Frontier Airlines (Estados Unidos).<br><br>A empresa opera desde 2019 voos internacionais&nbsp;no&nbsp;Brasil, com destino ao Chile e \u00e0 Argentina. Mas, por enquanto, o nosso mercado dom\u00e9stico ainda n\u00e3o tem garantia de que ser\u00e1 atendido. A empresa j\u00e1 est\u00e1 h\u00e1 um ano operando&nbsp;no&nbsp;Peru, vai iniciar opera\u00e7\u00f5es dom\u00e9sticas na Col\u00f4mbia e, com o acordo com a American, poder\u00e1 eventualmente atuar na Argentina.<br><br>&#8220;A parceria permite o r\u00e1pido crescimento&nbsp;da&nbsp;JetSMART&nbsp;e de sua rede de baixo custo em toda a Am\u00e9rica do Sul e d\u00e1 \u00e0 American uma participa\u00e7\u00e3o minorit\u00e1ria na companhia a\u00e9rea&#8221;, informou o&nbsp;CEO.<br><br>Ortiz elogiou a atua\u00e7\u00e3o do&nbsp;Brasil&nbsp;na abertura do mercado a\u00e9reo nos \u00faltimos anos e diz que a companhia tem interesse e mant\u00e9m a vis\u00e3o de ingressar&nbsp;no&nbsp;pa\u00eds para voos dom\u00e9sticos. Mas, para ele, o pa\u00eds ainda precisa se alinhar \u00e0s melhores pr\u00e1ticas globais&nbsp;no&nbsp;setor, especialmente quanto \u00e0 judicializa\u00e7\u00e3o.<br><br>&#8220;\u00c9 preciso entender a realidade&nbsp;da&nbsp;avia\u00e7\u00e3o&nbsp;no&nbsp;Brasil&nbsp;e buscar mecanismos que permitam um maior alinhamento com as melhores pr\u00e1ticas globais, possibilitando a prote\u00e7\u00e3o do consumidor sem penalizar as companhias a\u00e9reas por situa\u00e7\u00f5es que em sua maioria fogem ao seu controle&#8221;, disse Ortiz na entrevista que segue abaixo.<br><br><strong>Ag\u00eancia iNFRA<\/strong>&nbsp;&#8211;&nbsp;<strong>Qual \u00e9 o potencial do mercado brasileiro para uma empresa a\u00e9rea modelo&nbsp;low&nbsp;cost?<\/strong><br><strong>Estuardo Ortiz<\/strong>&nbsp;&#8211; Na \u00faltima d\u00e9cada, a avia\u00e7\u00e3o comercial brasileira passou por um processo muito interessante e positivo de moderniza\u00e7\u00e3o e abertura ao mercado internacional. Isso se reflete&nbsp;no&nbsp;projeto de redu\u00e7\u00e3o de tarifas aeroportu\u00e1rias para voos internacionais, que faz parte&nbsp;da&nbsp;filosofia&nbsp;da&nbsp;ANAC [Ag\u00eancia Nacional de Avia\u00e7\u00e3o Civil] de atrair novas companhias a\u00e9reas e promover a concorr\u00eancia. H\u00e1 alguns anos, iniciou-se o processo de terceiriza\u00e7\u00e3o e concess\u00e3o de aeroportos nacionais em prol do investimento e sua moderniza\u00e7\u00e3o.<br><br>A&nbsp;JetSMART&nbsp;v\u00ea o&nbsp;Brasil&nbsp;como um pa\u00eds relevante em termos de volume e tamanho, mas que antes n\u00e3o tinha as melhores condi\u00e7\u00f5es regulat\u00f3rias para a&nbsp;entrada&nbsp;de um novo concorrente, como agora. O&nbsp;Brasil&nbsp;tem feito progressos muito positivos na regula\u00e7\u00e3o aeron\u00e1utica, por meio&nbsp;da&nbsp;ANAC, tornando o quadro operacional&nbsp;no&nbsp;Brasil&nbsp;mais flex\u00edvel e moderno, permitindo, por exemplo, a troca de aeronaves ou a propriedade estrangeira de uma companhia a\u00e9rea brasileira.<br><br><strong>H\u00e1 quantos anos a empresa estuda aumentar sua atua\u00e7\u00e3o&nbsp;no&nbsp;Brasil?<\/strong><br>Operamos voos internacionais&nbsp;no&nbsp;Brasil&nbsp;desde dezembro de 2019 e estamos aumentando progressivamente a conectividade entre o pa\u00eds e outros&nbsp;da&nbsp;Am\u00e9rica do Sul. Atualmente, operamos sete rotas internacionais&nbsp;no&nbsp;Brasil: de S\u00e3o Paulo, Rio de Janeiro e Foz do Igua\u00e7u para Santiago do Chile; de S\u00e3o Paulo e Rio de Janeiro para Puerto Montt (conex\u00e3o) [no&nbsp;Chile]; e do Rio de Janeiro para Buenos Aires [Argentina] e Montevid\u00e9u [Uruguai].<br><br>Da&nbsp;mesma forma, durante os meses de julho e agosto aumentaremos as frequ\u00eancias semanais de S\u00e3o Paulo para Santiago. Com este aumento de rotas, acreditamos que podemos fortalecer o mercado, para que haja uma sinergia com passagens de baixo custo, proporcionando mais op\u00e7\u00f5es para quem deve viajar a trabalho, especialmente para PMEs [Pequenas e M\u00e9dias Empresas] e empres\u00e1rios que precisam viajar para o&nbsp;Brasil.<br><br>Estamos muito confiantes&nbsp;no&nbsp;potencial do mercado brasileiro e vemos o&nbsp;Brasil&nbsp;como um mercado muito relevante, pois \u00e9 um pa\u00eds com o qual o continente mant\u00e9m rela\u00e7\u00f5es estreitas e com grandes corpora\u00e7\u00f5es e multinacionais.<br>&nbsp;<br><strong>Que ganho a empresa estima que traria para o mercado brasileiro caso expandisse uma opera\u00e7\u00e3o de&nbsp;low&nbsp;cost\/low&nbsp;fare&nbsp;no&nbsp;mercado dom\u00e9stico do pa\u00eds?<\/strong><br>Desde o in\u00edcio&nbsp;da&nbsp;nossa opera\u00e7\u00e3o verificamos que, nos mercados onde entramos, as passagens a\u00e9reas apresentam uma redu\u00e7\u00e3o de cerca de 35%.&nbsp;&nbsp;<br><br><strong>A empresa tem interesse em atuar&nbsp;no&nbsp;mercado brasileiro com voos dom\u00e9sticos?<\/strong><br>Estamos sempre atentos a novas oportunidades de rotas, acompanhamos de perto o desenvolvimento do mercado dom\u00e9stico brasileiro, dado seu enorme potencial, e mantemos comunica\u00e7\u00e3o constante com autoridades e aeroportos.&nbsp;<br><br>No&nbsp;momento, continuaremos aumentando nossa presen\u00e7a com rotas internacionais a partir do Chile, Peru e Argentina, e em breve a opera\u00e7\u00e3o dom\u00e9stica na Col\u00f4mbia, pois acreditamos que o mais importante \u00e9 manter o esp\u00edrito do nosso modelo, onde o passageiro paga apenas para o que usa, em voos a pre\u00e7os acess\u00edveis, com uma \u00f3tima conectividade de rotas, muitas delas Rotas SMART que conectam cidades que n\u00e3o s\u00e3o destinos tradicionais como as capitais de cada pa\u00eds.<br><br><strong>Por quais principais motivos a empresa n\u00e3o inicia todos os seus planos de opera\u00e7\u00e3o dom\u00e9stica&nbsp;no&nbsp;Brasil?<\/strong><br>Como eu comentei, estamos sempre de olho em novas oportunidades de rotas&nbsp;no&nbsp;Brasil, dado o seu enorme potencial, estamos muito focados na expans\u00e3o de nossas rotas na Am\u00e9rica do Sul e na consolida\u00e7\u00e3o de mercados dom\u00e9sticos como Chile, Argentina e Peru, e, em breve, Col\u00f4mbia.<br><br>No&nbsp;entanto, \u00e9 muito importante entender em que dire\u00e7\u00e3o as regulamenta\u00e7\u00f5es est\u00e3o se movendo&nbsp;no&nbsp;setor. Por exemplo, regulamenta\u00e7\u00f5es como a que analisa a inclus\u00e3o do transporte gratuito de malas na compra&nbsp;da&nbsp;passagem a\u00e9rea s\u00e3o um grande rev\u00e9s para o crescimento exponencial do modelo de baixo custo na Am\u00e9rica do Sul.&nbsp;<br><br>Incluir o custo&nbsp;da&nbsp;mala&nbsp;no&nbsp;bilhete ser\u00e1 sempre mais caro, e sabemos pela nossa experi\u00eancia em todos os mercados onde operamos, que as tarifas podem ser entre 15 e 50 d\u00f3lares mais caras em cada trecho, e que podem ser 57% mais caras para as pessoas que hoje optam por n\u00e3o comprar&nbsp;bagagem&nbsp;para sua viagem.<br><br><strong>O que a empresa v\u00ea de diferente&nbsp;no&nbsp;mercado brasileiro de outros mercados similares que impedem esse tipo de opera\u00e7\u00e3o&nbsp;no&nbsp;pa\u00eds?<\/strong><br>Acreditamos que, com a retomada do turismo, cada vez mais brasileiros viajar\u00e3o. E sabemos que o alto custo das passagens pode ser um fator limitante para o crescimento do setor.<br><br>Uma companhia a\u00e9rea de baixo custo tem que dar aos passageiros o que eles realmente querem. Sempre que se faz esta pergunta a um cliente&nbsp;da&nbsp;avia\u00e7\u00e3o, em diferentes pa\u00edses e em diferentes momentos, a resposta \u00e9 invariavelmente o pre\u00e7o. As pessoas querem voar barato e com seguran\u00e7a, obviamente. Para isso, \u00e9 necess\u00e1rio montar uma opera\u00e7\u00e3o que gere baixos custos.<br><br>Quanto aos desafios para atuar neste mercado, acreditamos que v\u00e3o al\u00e9m do&nbsp;Brasil. Temos quest\u00f5es como a disposi\u00e7\u00e3o das pessoas em voltar a viajar de avi\u00e3o em um mercado a\u00e9reo p\u00f3s-Covid, o tamanho do mercado, o n\u00famero de vezes que as pessoas viajar\u00e3o, mudan\u00e7as nos h\u00e1bitos de compra e ainda saber se as pessoas viajar\u00e3o por mais ou menos dias.&nbsp;<br><br>Precisamos entender o mercado, pois houve um impacto na demanda, para definir corretamente a capacidade, os dias, o n\u00famero de voos e os pre\u00e7os certos para atrair pessoas para voar em um de nossos voos.&nbsp;No&nbsp;momento, estamos avaliando as rotas e hor\u00e1rios mais convenientes, mas definitivamente temos interesse em continuar nossa expans\u00e3o, promovendo a conectividade com toda a Am\u00e9rica do Sul, onde at\u00e9 hoje j\u00e1 transportamos mais de 19 milh\u00f5es de passageiros com nossas 77 rotas.<br>&nbsp;<br><strong>A constante amea\u00e7a de uma lei&nbsp;no&nbsp;Brasil&nbsp;restabelecendo&nbsp;a obrigatoriedade de isen\u00e7\u00e3o de uma mala&nbsp;despachada&nbsp;por passageiro \u00e9 considerada na decis\u00e3o de prorrogar ou n\u00e3o a&nbsp;entrada&nbsp;no&nbsp;pa\u00eds?&nbsp;<\/strong><br>Acreditamos que restabelecer a obrigatoriedade&nbsp;da&nbsp;isen\u00e7\u00e3o de franquia para&nbsp;bagagem&nbsp;despachada&nbsp;representaria um retrocesso&nbsp;no&nbsp;crescimento do setor a\u00e9reo brasileiro, pois retiraria o direito de escolha do passageiro.&nbsp;No&nbsp;Chile, na Argentina ou&nbsp;no&nbsp;Peru, assim como na Europa e nos EUA, a presen\u00e7a do modelo ULCC tem permitido baixar os pre\u00e7os em mais de 35%, al\u00e9m de trazer uma din\u00e2mica competitiva que beneficia o consumidor, pois lhe d\u00e1 a oportunidade de escolher a tarifa que mais lhe conv\u00e9m, sendo sempre mais barata aquela que n\u00e3o tem&nbsp;bagagem&nbsp;inclu\u00edda&nbsp;na tarifa.<br><br><strong>A empresa considera a possibilidade de continuar&nbsp;no&nbsp;mercado caso exista tal obriga\u00e7\u00e3o legal?<\/strong><br>Se a regulamenta\u00e7\u00e3o&nbsp;no&nbsp;Brasil&nbsp;passar a incluir&nbsp;bagagem&nbsp;obrigat\u00f3ria, isso n\u00e3o apenas&nbsp;dificultar\u00e1&nbsp;a&nbsp;entrada&nbsp;de todas as companhias a\u00e9reas de ultrabaixo custo&nbsp;no&nbsp;pa\u00eds, mas tamb\u00e9m aumentar\u00e1 permanentemente os pre\u00e7os para os brasileiros na medida em que obrigar\u00e1 as atuais companhias a\u00e9reas brasileiras a aumentar suas tarifas. Isso pode gerar um impacto muito negativo para todos os passageiros brasileiros.<br><br>O mundo inteiro est\u00e1 caminhando para tarifas desagregadas, quando o pr\u00f3prio cliente pode decidir o que comprar, ent\u00e3o acreditamos que essa pol\u00edtica de inclus\u00e3o de&nbsp;bagagem&nbsp;deixaria o&nbsp;Brasil&nbsp;para tr\u00e1s em toda a Am\u00e9rica do Sul e afetaria o passageiro, pois tiraria o direito de escolha de pagar apenas pelo que quiser usar.<br><br>\u00c9 imprescind\u00edvel que as companhias a\u00e9reas tenham flexibilidade para oferecer passagens em que o passageiro tenha a op\u00e7\u00e3o de escolher pagar ou n\u00e3o pela&nbsp;bagagem, podendo pagar o m\u00ednimo poss\u00edvel pela viagem, de acordo com suas necessidades.<br><br><strong>Do ponto de vista do modelo de neg\u00f3cios, at\u00e9 que ponto o custo do combust\u00edvel de avia\u00e7\u00e3o&nbsp;no&nbsp;pa\u00eds influencia a decis\u00e3o de iniciar opera\u00e7\u00f5es&nbsp;no&nbsp;Brasil?<\/strong><br>Em m\u00e9dia, o combust\u00edvel corresponde a 45% das despesas de uma companhia a\u00e9rea e representa a primeira ou segunda despesa mais importante. Al\u00e9m disso, os impostos impactam diretamente&nbsp;no&nbsp;pre\u00e7o das passagens. Portanto, uma redu\u00e7\u00e3o desse imposto beneficia diretamente os passageiros com a redu\u00e7\u00e3o&nbsp;no&nbsp;pre\u00e7o de suas passagens, o que tamb\u00e9m beneficia muito toda cadeia de turismo.&nbsp;<br><br>Quando h\u00e1 altera\u00e7\u00f5es&nbsp;no&nbsp;pre\u00e7o do combust\u00edvel, h\u00e1 um impacto na companhia a\u00e9rea, em n\u00edvel global. Essa quest\u00e3o est\u00e1 a afetar n\u00e3o s\u00f3 os bilhetes a\u00e9reos, mas tamb\u00e9m os bens e servi\u00e7os. Para ajudar a reduzir o custo do combust\u00edvel, \u00e9 essencial operar aeronaves de \u00faltima gera\u00e7\u00e3o e com baixo consumo de combust\u00edvel, como os Airbus A320 e A321&nbsp;da&nbsp;frota&nbsp;JetSMART.<br><br><strong>Do ponto de vista do modelo de neg\u00f3cios, em que medida a excessiva judicializa\u00e7\u00e3o do setor a\u00e9reo&nbsp;no&nbsp;pa\u00eds impacta a decis\u00e3o de iniciar opera\u00e7\u00f5es&nbsp;no&nbsp;Brasil?<\/strong><br>A judicializa\u00e7\u00e3o \u00e9 negativa para as companhias a\u00e9reas e para os consumidores, pois pode gerar aumento de tarifas e redu\u00e7\u00e3o&nbsp;da&nbsp;oferta de voos. Se levada ao extremo, dificulta a&nbsp;entrada&nbsp;de novas empresas&nbsp;no&nbsp;pa\u00eds, encarece as passagens e, portanto, desacelera o desenvolvimento das viagens a\u00e9reas&nbsp;no&nbsp;pa\u00eds.<br><br>\u00c9 preciso entender a realidade&nbsp;da&nbsp;avia\u00e7\u00e3o&nbsp;no&nbsp;Brasil&nbsp;e buscar mecanismos que permitam um maior alinhamento com as melhores pr\u00e1ticas globais, possibilitando a prote\u00e7\u00e3o do consumidor sem penalizar as companhias a\u00e9reas por situa\u00e7\u00f5es que em sua maioria fogem ao seu controle, bem como evitar ir aos extremos&nbsp;da&nbsp;judicializa\u00e7\u00e3o.<\/p>\n","protected":false},"excerpt":{"rendered":"<p>Dimmi Amora,&nbsp;da&nbsp;Ag\u00eancia iNFRA Se a regulamenta\u00e7\u00e3o&nbsp;no&nbsp;Brasil&nbsp;passar a incluir&nbsp;bagagem&nbsp;obrigat\u00f3ria&nbsp;despachada, a&nbsp;entrada&nbsp;de todas as companhias a\u00e9reas de ultrabaixo custo&nbsp;no&nbsp;pa\u00eds estar\u00e1 dificultada. Al\u00e9m disso,&nbsp;o pre\u00e7o das tarifas &#8220;aumentar\u00e1 permanentemente&#8221;. Quem diz isso \u00e9 um dos grandes interessados&nbsp;no&nbsp;mercado brasileiro de avia\u00e7\u00e3o, o&nbsp;CEO&nbsp;da&nbsp;JetSMART, Estuardo Ortiz, empresa a\u00e9rea que opera em padr\u00e3o baixo custo e que acabou de fechar com a American [&hellip;]<\/p>\n","protected":false},"author":1,"featured_media":12924,"comment_status":"closed","ping_status":"closed","sticky":false,"template":"","format":"standard","meta":{"_monsterinsights_skip_tracking":false,"_monsterinsights_sitenote_active":false,"_monsterinsights_sitenote_note":"","_monsterinsights_sitenote_category":0,"footnotes":""},"categories":[1,7],"tags":[877,6913,4601,599,1314,6915,6914,6912,6916,6084,1958],"class_list":["post-12923","post","type-post","status-publish","format-standard","has-post-thumbnail","hentry","category-geral","category-infratransporte","tag-america-latina","tag-american-airlines","tag-argentina","tag-aviacao-civil","tag-chile","tag-estuardo-ortiz","tag-indigo-partners","tag-jetsmart","tag-linhas-aereas","tag-low-cost","tag-passageiros"],"yoast_head":"<!-- This site is optimized with the Yoast SEO Premium plugin v25.4 (Yoast SEO v26.0) - https:\/\/yoast.com\/wordpress\/plugins\/seo\/ -->\n<title>Bagagem despachada obrigat\u00f3ria dificultar\u00e1 entrada de low cost no Brasil, alerta CEO da JetSMART - Ag\u00eancia iNFRA<\/title>\n<meta name=\"robots\" content=\"index, follow, max-snippet:-1, max-image-preview:large, max-video-preview:-1\" \/>\n<link rel=\"canonical\" href=\"https:\/\/agenciainfra.com\/blog\/bagagem-despachada-obrigatoria-dificultara-entrada-de-low-cost-no-brasil-alerta-ceo-da-jetsmart\/\" \/>\n<meta property=\"og:locale\" content=\"pt_BR\" \/>\n<meta property=\"og:type\" content=\"article\" \/>\n<meta property=\"og:title\" content=\"Bagagem despachada obrigat\u00f3ria dificultar\u00e1 entrada de low cost no Brasil, alerta CEO da JetSMART\" \/>\n<meta property=\"og:description\" content=\"Dimmi Amora,&nbsp;da&nbsp;Ag\u00eancia iNFRA Se a regulamenta\u00e7\u00e3o&nbsp;no&nbsp;Brasil&nbsp;passar a incluir&nbsp;bagagem&nbsp;obrigat\u00f3ria&nbsp;despachada, a&nbsp;entrada&nbsp;de todas as companhias a\u00e9reas de ultrabaixo custo&nbsp;no&nbsp;pa\u00eds estar\u00e1 dificultada. Al\u00e9m disso,&nbsp;o pre\u00e7o das tarifas &#8220;aumentar\u00e1 permanentemente&#8221;. Quem diz isso \u00e9 um dos grandes interessados&nbsp;no&nbsp;mercado brasileiro de avia\u00e7\u00e3o, o&nbsp;CEO&nbsp;da&nbsp;JetSMART, Estuardo Ortiz, empresa a\u00e9rea que opera em padr\u00e3o baixo custo e que acabou de fechar com a American [&hellip;]\" \/>\n<meta property=\"og:url\" content=\"https:\/\/agenciainfra.com\/blog\/bagagem-despachada-obrigatoria-dificultara-entrada-de-low-cost-no-brasil-alerta-ceo-da-jetsmart\/\" \/>\n<meta property=\"og:site_name\" content=\"Ag\u00eancia iNFRA\" \/>\n<meta property=\"article:publisher\" content=\"https:\/\/www.facebook.com\/ageninfra\" \/>\n<meta property=\"article:published_time\" content=\"2023-06-22T12:00:00+00:00\" \/>\n<meta property=\"og:image\" content=\"https:\/\/agenciainfra.com\/blog\/wp-content\/uploads\/2023\/06\/estuardo-ortiz-foto-acervo-pessoal.jpeg\" \/>\n\t<meta property=\"og:image:width\" content=\"1202\" \/>\n\t<meta property=\"og:image:height\" content=\"879\" \/>\n\t<meta property=\"og:image:type\" content=\"image\/jpeg\" \/>\n<meta name=\"author\" content=\"Ag\u00eancia iNFRA\" \/>\n<meta name=\"twitter:card\" content=\"summary_large_image\" \/>\n<meta name=\"twitter:creator\" content=\"@agencia_infra\" \/>\n<meta name=\"twitter:site\" content=\"@agencia_infra\" \/>\n<meta name=\"twitter:label1\" content=\"Escrito por\" \/>\n\t<meta name=\"twitter:data1\" content=\"Ag\u00eancia iNFRA\" \/>\n\t<meta name=\"twitter:label2\" content=\"Est. tempo de leitura\" \/>\n\t<meta name=\"twitter:data2\" content=\"11 minutos\" \/>\n<script type=\"application\/ld+json\" class=\"yoast-schema-graph\">{\"@context\":\"https:\/\/schema.org\",\"@graph\":[{\"@type\":\"Article\",\"@id\":\"https:\/\/agenciainfra.com\/blog\/bagagem-despachada-obrigatoria-dificultara-entrada-de-low-cost-no-brasil-alerta-ceo-da-jetsmart\/#article\",\"isPartOf\":{\"@id\":\"https:\/\/agenciainfra.com\/blog\/bagagem-despachada-obrigatoria-dificultara-entrada-de-low-cost-no-brasil-alerta-ceo-da-jetsmart\/\"},\"author\":{\"name\":\"Ag\u00eancia iNFRA\",\"@id\":\"https:\/\/agenciainfra.com\/blog\/#\/schema\/person\/34af08dff6adea4cb22b06612ba7acfa\"},\"headline\":\"Bagagem despachada obrigat\u00f3ria dificultar\u00e1 entrada de low cost no Brasil, alerta CEO da JetSMART\",\"datePublished\":\"2023-06-22T12:00:00+00:00\",\"mainEntityOfPage\":{\"@id\":\"https:\/\/agenciainfra.com\/blog\/bagagem-despachada-obrigatoria-dificultara-entrada-de-low-cost-no-brasil-alerta-ceo-da-jetsmart\/\"},\"wordCount\":2301,\"publisher\":{\"@id\":\"https:\/\/agenciainfra.com\/blog\/#organization\"},\"image\":{\"@id\":\"https:\/\/agenciainfra.com\/blog\/bagagem-despachada-obrigatoria-dificultara-entrada-de-low-cost-no-brasil-alerta-ceo-da-jetsmart\/#primaryimage\"},\"thumbnailUrl\":\"https:\/\/agenciainfra.com\/blog\/wp-content\/uploads\/2023\/06\/estuardo-ortiz-foto-acervo-pessoal.jpeg\",\"keywords\":[\"Am\u00e9rica Latina\",\"American Airlines\",\"Argentina\",\"avia\u00e7\u00e3o civil\",\"Chile\",\"Estuardo Ortiz\",\"Indigo Partners\",\"JetSMART\",\"linhas a\u00e9reas\",\"low cost\",\"passageiros\"],\"articleSection\":[\"Geral\",\"iNFRATransporte\"],\"inLanguage\":\"pt-BR\",\"copyrightYear\":\"2023\",\"copyrightHolder\":{\"@id\":\"https:\/\/agenciainfra.com\/blog\/#organization\"}},{\"@type\":\"WebPage\",\"@id\":\"https:\/\/agenciainfra.com\/blog\/bagagem-despachada-obrigatoria-dificultara-entrada-de-low-cost-no-brasil-alerta-ceo-da-jetsmart\/\",\"url\":\"https:\/\/agenciainfra.com\/blog\/bagagem-despachada-obrigatoria-dificultara-entrada-de-low-cost-no-brasil-alerta-ceo-da-jetsmart\/\",\"name\":\"Bagagem despachada obrigat\u00f3ria dificultar\u00e1 entrada de low cost no Brasil, alerta CEO da JetSMART - Ag\u00eancia iNFRA\",\"isPartOf\":{\"@id\":\"https:\/\/agenciainfra.com\/blog\/#website\"},\"primaryImageOfPage\":{\"@id\":\"https:\/\/agenciainfra.com\/blog\/bagagem-despachada-obrigatoria-dificultara-entrada-de-low-cost-no-brasil-alerta-ceo-da-jetsmart\/#primaryimage\"},\"image\":{\"@id\":\"https:\/\/agenciainfra.com\/blog\/bagagem-despachada-obrigatoria-dificultara-entrada-de-low-cost-no-brasil-alerta-ceo-da-jetsmart\/#primaryimage\"},\"thumbnailUrl\":\"https:\/\/agenciainfra.com\/blog\/wp-content\/uploads\/2023\/06\/estuardo-ortiz-foto-acervo-pessoal.jpeg\",\"datePublished\":\"2023-06-22T12:00:00+00:00\",\"breadcrumb\":{\"@id\":\"https:\/\/agenciainfra.com\/blog\/bagagem-despachada-obrigatoria-dificultara-entrada-de-low-cost-no-brasil-alerta-ceo-da-jetsmart\/#breadcrumb\"},\"inLanguage\":\"pt-BR\",\"potentialAction\":[{\"@type\":\"ReadAction\",\"target\":[\"https:\/\/agenciainfra.com\/blog\/bagagem-despachada-obrigatoria-dificultara-entrada-de-low-cost-no-brasil-alerta-ceo-da-jetsmart\/\"]}]},{\"@type\":\"ImageObject\",\"inLanguage\":\"pt-BR\",\"@id\":\"https:\/\/agenciainfra.com\/blog\/bagagem-despachada-obrigatoria-dificultara-entrada-de-low-cost-no-brasil-alerta-ceo-da-jetsmart\/#primaryimage\",\"url\":\"https:\/\/agenciainfra.com\/blog\/wp-content\/uploads\/2023\/06\/estuardo-ortiz-foto-acervo-pessoal.jpeg\",\"contentUrl\":\"https:\/\/agenciainfra.com\/blog\/wp-content\/uploads\/2023\/06\/estuardo-ortiz-foto-acervo-pessoal.jpeg\",\"width\":1202,\"height\":879},{\"@type\":\"BreadcrumbList\",\"@id\":\"https:\/\/agenciainfra.com\/blog\/bagagem-despachada-obrigatoria-dificultara-entrada-de-low-cost-no-brasil-alerta-ceo-da-jetsmart\/#breadcrumb\",\"itemListElement\":[{\"@type\":\"ListItem\",\"position\":1,\"name\":\"In\u00edcio\",\"item\":\"https:\/\/agenciainfra.com\/blog\/\"},{\"@type\":\"ListItem\",\"position\":2,\"name\":\"Bagagem despachada obrigat\u00f3ria dificultar\u00e1 entrada de low cost no Brasil, alerta CEO da JetSMART\"}]},{\"@type\":\"WebSite\",\"@id\":\"https:\/\/agenciainfra.com\/blog\/#website\",\"url\":\"https:\/\/agenciainfra.com\/blog\/\",\"name\":\"Ag\u00eancia iNFRA\",\"description\":\"Multiplataforma de informa\u00e7\u00e3o jornal\u00edstica refer\u00eancia na \u00e1rea de infraestrutura no Brasil!\",\"publisher\":{\"@id\":\"https:\/\/agenciainfra.com\/blog\/#organization\"},\"potentialAction\":[{\"@type\":\"SearchAction\",\"target\":{\"@type\":\"EntryPoint\",\"urlTemplate\":\"https:\/\/agenciainfra.com\/blog\/?s={search_term_string}\"},\"query-input\":{\"@type\":\"PropertyValueSpecification\",\"valueRequired\":true,\"valueName\":\"search_term_string\"}}],\"inLanguage\":\"pt-BR\"},{\"@type\":\"Organization\",\"@id\":\"https:\/\/agenciainfra.com\/blog\/#organization\",\"name\":\"Ag\u00eancia iNFRA\",\"url\":\"https:\/\/agenciainfra.com\/blog\/\",\"logo\":{\"@type\":\"ImageObject\",\"inLanguage\":\"pt-BR\",\"@id\":\"https:\/\/agenciainfra.com\/blog\/#\/schema\/logo\/image\/\",\"url\":\"https:\/\/agenciainfra.com\/blog\/wp-content\/uploads\/2023\/09\/iNFRA_5-e1761735885940.png\",\"contentUrl\":\"https:\/\/agenciainfra.com\/blog\/wp-content\/uploads\/2023\/09\/iNFRA_5-e1761735885940.png\",\"width\":1672,\"height\":454,\"caption\":\"Ag\u00eancia iNFRA\"},\"image\":{\"@id\":\"https:\/\/agenciainfra.com\/blog\/#\/schema\/logo\/image\/\"},\"sameAs\":[\"https:\/\/www.facebook.com\/ageninfra\",\"https:\/\/x.com\/agencia_infra\",\"https:\/\/www.linkedin.com\/company\/ag\u00eanciainfra\/\",\"https:\/\/www.instagram.com\/agenciainfra\/\"]},{\"@type\":\"Person\",\"@id\":\"https:\/\/agenciainfra.com\/blog\/#\/schema\/person\/34af08dff6adea4cb22b06612ba7acfa\",\"name\":\"Ag\u00eancia iNFRA\",\"image\":{\"@type\":\"ImageObject\",\"inLanguage\":\"pt-BR\",\"@id\":\"https:\/\/agenciainfra.com\/blog\/#\/schema\/person\/image\/\",\"url\":\"https:\/\/secure.gravatar.com\/avatar\/d189e01678f06d8eb84d4e01f08eb848b3fffe3f8443818d3c356c66892f5be8?s=96&d=mm&r=g\",\"contentUrl\":\"https:\/\/secure.gravatar.com\/avatar\/d189e01678f06d8eb84d4e01f08eb848b3fffe3f8443818d3c356c66892f5be8?s=96&d=mm&r=g\",\"caption\":\"Ag\u00eancia iNFRA\"},\"url\":\"https:\/\/agenciainfra.com\/blog\/author\/admin\/\"}]}<\/script>\n<!-- \/ Yoast SEO Premium plugin. -->","yoast_head_json":{"title":"Bagagem despachada obrigat\u00f3ria dificultar\u00e1 entrada de low cost no Brasil, alerta CEO da JetSMART - Ag\u00eancia iNFRA","robots":{"index":"index","follow":"follow","max-snippet":"max-snippet:-1","max-image-preview":"max-image-preview:large","max-video-preview":"max-video-preview:-1"},"canonical":"https:\/\/agenciainfra.com\/blog\/bagagem-despachada-obrigatoria-dificultara-entrada-de-low-cost-no-brasil-alerta-ceo-da-jetsmart\/","og_locale":"pt_BR","og_type":"article","og_title":"Bagagem despachada obrigat\u00f3ria dificultar\u00e1 entrada de low cost no Brasil, alerta CEO da JetSMART","og_description":"Dimmi Amora,&nbsp;da&nbsp;Ag\u00eancia iNFRA Se a regulamenta\u00e7\u00e3o&nbsp;no&nbsp;Brasil&nbsp;passar a incluir&nbsp;bagagem&nbsp;obrigat\u00f3ria&nbsp;despachada, a&nbsp;entrada&nbsp;de todas as companhias a\u00e9reas de ultrabaixo custo&nbsp;no&nbsp;pa\u00eds estar\u00e1 dificultada. Al\u00e9m disso,&nbsp;o pre\u00e7o das tarifas &#8220;aumentar\u00e1 permanentemente&#8221;. Quem diz isso \u00e9 um dos grandes interessados&nbsp;no&nbsp;mercado brasileiro de avia\u00e7\u00e3o, o&nbsp;CEO&nbsp;da&nbsp;JetSMART, Estuardo Ortiz, empresa a\u00e9rea que opera em padr\u00e3o baixo custo e que acabou de fechar com a American [&hellip;]","og_url":"https:\/\/agenciainfra.com\/blog\/bagagem-despachada-obrigatoria-dificultara-entrada-de-low-cost-no-brasil-alerta-ceo-da-jetsmart\/","og_site_name":"Ag\u00eancia iNFRA","article_publisher":"https:\/\/www.facebook.com\/ageninfra","article_published_time":"2023-06-22T12:00:00+00:00","og_image":[{"width":1202,"height":879,"url":"https:\/\/agenciainfra.com\/blog\/wp-content\/uploads\/2023\/06\/estuardo-ortiz-foto-acervo-pessoal.jpeg","type":"image\/jpeg"}],"author":"Ag\u00eancia iNFRA","twitter_card":"summary_large_image","twitter_creator":"@agencia_infra","twitter_site":"@agencia_infra","twitter_misc":{"Escrito por":"Ag\u00eancia iNFRA","Est. tempo de leitura":"11 minutos"},"schema":{"@context":"https:\/\/schema.org","@graph":[{"@type":"Article","@id":"https:\/\/agenciainfra.com\/blog\/bagagem-despachada-obrigatoria-dificultara-entrada-de-low-cost-no-brasil-alerta-ceo-da-jetsmart\/#article","isPartOf":{"@id":"https:\/\/agenciainfra.com\/blog\/bagagem-despachada-obrigatoria-dificultara-entrada-de-low-cost-no-brasil-alerta-ceo-da-jetsmart\/"},"author":{"name":"Ag\u00eancia iNFRA","@id":"https:\/\/agenciainfra.com\/blog\/#\/schema\/person\/34af08dff6adea4cb22b06612ba7acfa"},"headline":"Bagagem despachada obrigat\u00f3ria dificultar\u00e1 entrada de low cost no Brasil, alerta CEO da JetSMART","datePublished":"2023-06-22T12:00:00+00:00","mainEntityOfPage":{"@id":"https:\/\/agenciainfra.com\/blog\/bagagem-despachada-obrigatoria-dificultara-entrada-de-low-cost-no-brasil-alerta-ceo-da-jetsmart\/"},"wordCount":2301,"publisher":{"@id":"https:\/\/agenciainfra.com\/blog\/#organization"},"image":{"@id":"https:\/\/agenciainfra.com\/blog\/bagagem-despachada-obrigatoria-dificultara-entrada-de-low-cost-no-brasil-alerta-ceo-da-jetsmart\/#primaryimage"},"thumbnailUrl":"https:\/\/agenciainfra.com\/blog\/wp-content\/uploads\/2023\/06\/estuardo-ortiz-foto-acervo-pessoal.jpeg","keywords":["Am\u00e9rica Latina","American Airlines","Argentina","avia\u00e7\u00e3o civil","Chile","Estuardo Ortiz","Indigo Partners","JetSMART","linhas a\u00e9reas","low cost","passageiros"],"articleSection":["Geral","iNFRATransporte"],"inLanguage":"pt-BR","copyrightYear":"2023","copyrightHolder":{"@id":"https:\/\/agenciainfra.com\/blog\/#organization"}},{"@type":"WebPage","@id":"https:\/\/agenciainfra.com\/blog\/bagagem-despachada-obrigatoria-dificultara-entrada-de-low-cost-no-brasil-alerta-ceo-da-jetsmart\/","url":"https:\/\/agenciainfra.com\/blog\/bagagem-despachada-obrigatoria-dificultara-entrada-de-low-cost-no-brasil-alerta-ceo-da-jetsmart\/","name":"Bagagem despachada obrigat\u00f3ria dificultar\u00e1 entrada de low cost no Brasil, alerta CEO da JetSMART - Ag\u00eancia iNFRA","isPartOf":{"@id":"https:\/\/agenciainfra.com\/blog\/#website"},"primaryImageOfPage":{"@id":"https:\/\/agenciainfra.com\/blog\/bagagem-despachada-obrigatoria-dificultara-entrada-de-low-cost-no-brasil-alerta-ceo-da-jetsmart\/#primaryimage"},"image":{"@id":"https:\/\/agenciainfra.com\/blog\/bagagem-despachada-obrigatoria-dificultara-entrada-de-low-cost-no-brasil-alerta-ceo-da-jetsmart\/#primaryimage"},"thumbnailUrl":"https:\/\/agenciainfra.com\/blog\/wp-content\/uploads\/2023\/06\/estuardo-ortiz-foto-acervo-pessoal.jpeg","datePublished":"2023-06-22T12:00:00+00:00","breadcrumb":{"@id":"https:\/\/agenciainfra.com\/blog\/bagagem-despachada-obrigatoria-dificultara-entrada-de-low-cost-no-brasil-alerta-ceo-da-jetsmart\/#breadcrumb"},"inLanguage":"pt-BR","potentialAction":[{"@type":"ReadAction","target":["https:\/\/agenciainfra.com\/blog\/bagagem-despachada-obrigatoria-dificultara-entrada-de-low-cost-no-brasil-alerta-ceo-da-jetsmart\/"]}]},{"@type":"ImageObject","inLanguage":"pt-BR","@id":"https:\/\/agenciainfra.com\/blog\/bagagem-despachada-obrigatoria-dificultara-entrada-de-low-cost-no-brasil-alerta-ceo-da-jetsmart\/#primaryimage","url":"https:\/\/agenciainfra.com\/blog\/wp-content\/uploads\/2023\/06\/estuardo-ortiz-foto-acervo-pessoal.jpeg","contentUrl":"https:\/\/agenciainfra.com\/blog\/wp-content\/uploads\/2023\/06\/estuardo-ortiz-foto-acervo-pessoal.jpeg","width":1202,"height":879},{"@type":"BreadcrumbList","@id":"https:\/\/agenciainfra.com\/blog\/bagagem-despachada-obrigatoria-dificultara-entrada-de-low-cost-no-brasil-alerta-ceo-da-jetsmart\/#breadcrumb","itemListElement":[{"@type":"ListItem","position":1,"name":"In\u00edcio","item":"https:\/\/agenciainfra.com\/blog\/"},{"@type":"ListItem","position":2,"name":"Bagagem despachada obrigat\u00f3ria dificultar\u00e1 entrada de low cost no Brasil, alerta CEO da JetSMART"}]},{"@type":"WebSite","@id":"https:\/\/agenciainfra.com\/blog\/#website","url":"https:\/\/agenciainfra.com\/blog\/","name":"Ag\u00eancia iNFRA","description":"Multiplataforma de informa\u00e7\u00e3o jornal\u00edstica refer\u00eancia na \u00e1rea de infraestrutura no Brasil!","publisher":{"@id":"https:\/\/agenciainfra.com\/blog\/#organization"},"potentialAction":[{"@type":"SearchAction","target":{"@type":"EntryPoint","urlTemplate":"https:\/\/agenciainfra.com\/blog\/?s={search_term_string}"},"query-input":{"@type":"PropertyValueSpecification","valueRequired":true,"valueName":"search_term_string"}}],"inLanguage":"pt-BR"},{"@type":"Organization","@id":"https:\/\/agenciainfra.com\/blog\/#organization","name":"Ag\u00eancia iNFRA","url":"https:\/\/agenciainfra.com\/blog\/","logo":{"@type":"ImageObject","inLanguage":"pt-BR","@id":"https:\/\/agenciainfra.com\/blog\/#\/schema\/logo\/image\/","url":"https:\/\/agenciainfra.com\/blog\/wp-content\/uploads\/2023\/09\/iNFRA_5-e1761735885940.png","contentUrl":"https:\/\/agenciainfra.com\/blog\/wp-content\/uploads\/2023\/09\/iNFRA_5-e1761735885940.png","width":1672,"height":454,"caption":"Ag\u00eancia iNFRA"},"image":{"@id":"https:\/\/agenciainfra.com\/blog\/#\/schema\/logo\/image\/"},"sameAs":["https:\/\/www.facebook.com\/ageninfra","https:\/\/x.com\/agencia_infra","https:\/\/www.linkedin.com\/company\/ag\u00eanciainfra\/","https:\/\/www.instagram.com\/agenciainfra\/"]},{"@type":"Person","@id":"https:\/\/agenciainfra.com\/blog\/#\/schema\/person\/34af08dff6adea4cb22b06612ba7acfa","name":"Ag\u00eancia iNFRA","image":{"@type":"ImageObject","inLanguage":"pt-BR","@id":"https:\/\/agenciainfra.com\/blog\/#\/schema\/person\/image\/","url":"https:\/\/secure.gravatar.com\/avatar\/d189e01678f06d8eb84d4e01f08eb848b3fffe3f8443818d3c356c66892f5be8?s=96&d=mm&r=g","contentUrl":"https:\/\/secure.gravatar.com\/avatar\/d189e01678f06d8eb84d4e01f08eb848b3fffe3f8443818d3c356c66892f5be8?s=96&d=mm&r=g","caption":"Ag\u00eancia iNFRA"},"url":"https:\/\/agenciainfra.com\/blog\/author\/admin\/"}]}},"_links":{"self":[{"href":"https:\/\/agenciainfra.com\/blog\/wp-json\/wp\/v2\/posts\/12923","targetHints":{"allow":["GET"]}}],"collection":[{"href":"https:\/\/agenciainfra.com\/blog\/wp-json\/wp\/v2\/posts"}],"about":[{"href":"https:\/\/agenciainfra.com\/blog\/wp-json\/wp\/v2\/types\/post"}],"author":[{"embeddable":true,"href":"https:\/\/agenciainfra.com\/blog\/wp-json\/wp\/v2\/users\/1"}],"replies":[{"embeddable":true,"href":"https:\/\/agenciainfra.com\/blog\/wp-json\/wp\/v2\/comments?post=12923"}],"version-history":[{"count":0,"href":"https:\/\/agenciainfra.com\/blog\/wp-json\/wp\/v2\/posts\/12923\/revisions"}],"wp:featuredmedia":[{"embeddable":true,"href":"https:\/\/agenciainfra.com\/blog\/wp-json\/wp\/v2\/media\/12924"}],"wp:attachment":[{"href":"https:\/\/agenciainfra.com\/blog\/wp-json\/wp\/v2\/media?parent=12923"}],"wp:term":[{"taxonomy":"category","embeddable":true,"href":"https:\/\/agenciainfra.com\/blog\/wp-json\/wp\/v2\/categories?post=12923"},{"taxonomy":"post_tag","embeddable":true,"href":"https:\/\/agenciainfra.com\/blog\/wp-json\/wp\/v2\/tags?post=12923"}],"curies":[{"name":"wp","href":"https:\/\/api.w.org\/{rel}","templated":true}]}}