{"id":12939,"date":"2023-06-26T11:00:00","date_gmt":"2023-06-26T14:00:00","guid":{"rendered":"https:\/\/www.agenciainfra.com\/blog\/?p=12939"},"modified":"2023-06-26T10:24:11","modified_gmt":"2023-06-26T13:24:11","slug":"analise-renovacao-das-concessoes-movimentara-todos-os-elos-da-cadeia-de-suprimento-eletrico-e-cronograma-esta-apertado","status":"publish","type":"post","link":"https:\/\/agenciainfra.com\/blog\/analise-renovacao-das-concessoes-movimentara-todos-os-elos-da-cadeia-de-suprimento-eletrico-e-cronograma-esta-apertado\/","title":{"rendered":"An\u00e1lise: renova\u00e7\u00e3o das concess\u00f5es movimentar\u00e1 todos os elos da cadeia de suprimento el\u00e9trico e cronograma est\u00e1 apertado"},"content":{"rendered":"\n<p class=\"has-text-align-right\"><strong>Roberto Rockmann*<\/strong><\/p>\n\n\n\n<p>A expectativa&nbsp;das&nbsp;distribuidoras de energia el\u00e9trica \u00e9 de que o decreto final sobre o processo de&nbsp;renova\u00e7\u00e3o&nbsp;das&nbsp;concess\u00f5es&nbsp;possa ser publicado at\u00e9 novembro, ap\u00f3s a aprova\u00e7\u00e3o do TCU (Tribunal de Contas&nbsp;da&nbsp;Uni\u00e3o)&nbsp;e&nbsp;de todas as esferas de governo. Assim o processo estaria encerrado antes do fim do ano. Esse foi o&nbsp;cronograma&nbsp;discutido por executivos do setor&nbsp;el\u00e9trico&nbsp;em reuni\u00f5es com o Minist\u00e9rio de Minas&nbsp;e&nbsp;Energia nas \u00faltimas semanas.<br>&nbsp;<br>O primeiro contrato de distribui\u00e7\u00e3o a expirar \u00e9 o&nbsp;da&nbsp;EDP-ES, cujo termo final se encerra em 16 de julho de 2025. O Minist\u00e9rio teria at\u00e9 17 de janeiro de 2024 para decidir. O&nbsp;cronograma, no entanto, \u00e9 visto como desafiador por empres\u00e1rios&nbsp;e&nbsp;investidores pela aus\u00eancia ainda de detalhes de v\u00e1rios pontos regulat\u00f3rios, complexidade&nbsp;da&nbsp;discuss\u00e3o&nbsp;e&nbsp;tamb\u00e9m pela incerteza de como evoluir\u00e3o as discuss\u00f5es sobre a CP (Consulta P\u00fablica), cuja primeira etapa foi lan\u00e7ada na \u00faltima quinta-feira (22), com a divulga\u00e7\u00e3o&nbsp;da&nbsp;Nota T\u00e9cnica que nortear\u00e1 o processo.<br>&nbsp;<br>Os&nbsp;interessados ter\u00e3o at\u00e9 24 de julho para fazerem as suas contribui\u00e7\u00f5es na CP, um assunto que n\u00e3o movimenta apenas as distribuidoras, mas envolve outros&nbsp;elos&nbsp;da&nbsp;cadeia, como comercializadoras&nbsp;e&nbsp;ind\u00fastria solar. \u201cDeu-se o primeiro passo, o grande desafio ser\u00e1 detalhar a regula\u00e7\u00e3o de contratos de 30 anos sob um olhar totalmente diferente dos anos 1990\u201d, diz um empres\u00e1rio&nbsp;da&nbsp;\u00e1rea de distribui\u00e7\u00e3o.<br>&nbsp;<br>As&nbsp;concess\u00f5es&nbsp;vincendas respondem por cerca de 60% do mercado nacional. O tratamento para o t\u00e9rmino dos contratos ser\u00e1 estrat\u00e9gico para orientar o perfil&nbsp;da&nbsp;concess\u00e3o&nbsp;e&nbsp;os&nbsp;investimentos nas pr\u00f3ximas d\u00e9cadas.&nbsp;Os&nbsp;grupos Enel, CPFL, Neoenergia&nbsp;e&nbsp;EDP representam conjuntamente 81% do mercado vincendo.&nbsp;Os&nbsp;dados s\u00e3o de estudo&nbsp;da&nbsp;FGV-Ceri<br><br><strong>Excedentes econ\u00f4micos s\u00e3o maior diverg\u00eancia<\/strong><br>Distribuidoras&nbsp;e&nbsp;investidores acreditam haver espa\u00e7o para mudar alguns pontos constantes&nbsp;da&nbsp;Nota T\u00e9cnica. A principal diverg\u00eancia se refere aos excedentes econ\u00f4micos. No documento, o governo sugere que esse poss\u00edvel excedente seja avaliado como alternativa para o financiamento de contrapartidas sociais. Esse ponto \u00e9 contestado pelas distribuidoras&nbsp;e&nbsp;por investidores, mas a ideia \u00e9 n\u00e3o discutir via imprensa para aumentar a pol\u00eamica.<br><br>Nessa segunda-feira (26), um grupo de investidores deve ter teleconfer\u00eancia com Gustavo Manfrim, subsecret\u00e1rio de Assuntos Econ\u00f4micos&nbsp;e&nbsp;Regulat\u00f3rios do Minist\u00e9rio de Minas&nbsp;e&nbsp;Energia, para discutir a quest\u00e3o dos excedentes, que teria sido posta para atender a uma manifesta\u00e7\u00e3o do TCU. O \u00f3rg\u00e3o de controle teria requisitado uma metodologia para verificar se haveria excedentes para serem compartilhados com&nbsp;os&nbsp;consumidores, no contexto&nbsp;da&nbsp;modicidade tarif\u00e1ria, um dos requisitos do TCU na discuss\u00e3o.<br><br>O modelo tarif\u00e1rio brasileiro se baseia em revis\u00f5es anuais&nbsp;e&nbsp;peri\u00f3dicas, estas \u00faltimas ocorrem a cada cinco anos em m\u00e9dia, quando as distribuidoras reequilibram sua base de remunera\u00e7\u00e3o de ativos&nbsp;e&nbsp;podem compartilhar ganhos com usu\u00e1rios. Isso faria com que excedentes econ\u00f4micos j\u00e1 seriam revertidos para&nbsp;os&nbsp;consumidores nesse processo. \u201cSe h\u00e1 um excedente hoje, ele poder\u00e1 n\u00e3o existir em cinco anos, o contrato \u00e9 de 30 anos&nbsp;e&nbsp;essas capturas s\u00e3o feitas periodicamente. Isso \u00e9 chancelado pelo regulador. Isso pode colocar em xeque o modelo regulat\u00f3rio\u201d, diz um empres\u00e1rio.<br><br>Por conta dessa leitura, o mercado&nbsp;e&nbsp;as distribuidoras acreditam que esse ponto ser\u00e1 derrubado nas contribui\u00e7\u00f5es&nbsp;e&nbsp;reuni\u00f5es. Essa reflex\u00e3o fica evidente em relat\u00f3rio do JP Morgan, divulgado na sexta-feira (23). &#8220;A expectativa \u00e9 que ap\u00f3s o per\u00edodo de contribui\u00e7\u00e3o (na Consulta P\u00fablica), as regras finais acabar\u00e3o sendo mais benignas.&nbsp;E, por n\u00e3o serem disruptivas, podem levar \u00e0 redu\u00e7\u00e3o de risco&nbsp;das&nbsp;a\u00e7\u00f5es de empresas de distribui\u00e7\u00e3o\/integradas&#8221;, avaliou o banco.<br>&nbsp;<br><strong>Benef\u00edcios fiscais<\/strong><br>Outros dois pontos criticados se referem a: possibilidade de uso de excedente do custo regulat\u00f3rio de capital resultante de benef\u00edcio fiscal de Sudam&nbsp;e&nbsp;Sudene; compartilhamento de ganhos em transa\u00e7\u00f5es de fus\u00f5es&nbsp;e&nbsp;aquisi\u00e7\u00f5es no caso de venda de ativo por um per\u00edodo ap\u00f3s realizada a&nbsp;renova\u00e7\u00e3o&nbsp;de concess\u00e3o.<br><br>No caso dos benef\u00edcios fiscais regionais, a ideia seria a possibilidade de uso de excedente do custo regulat\u00f3rio de capital&nbsp;das&nbsp;distribuidoras localizadas nas \u00e1reas&nbsp;da&nbsp;Sudam&nbsp;e&nbsp;Sudene (principalmente o Nordeste). As concession\u00e1rias dessas regi\u00f5es t\u00eam isen\u00e7\u00e3o de 75% de imposto de renda, mas na remunera\u00e7\u00e3o de seu capital se considera o pagamento integral do seu Imposto de Renda. A parcela&nbsp;da&nbsp;isen\u00e7\u00e3o (75% do IR) iria para o bolso do acionista.<br>&nbsp;<br><strong>Light<\/strong><br>O documento trouxe percep\u00e7\u00f5es distintas entre agentes sobre o futuro&nbsp;da&nbsp;Light, em RJ (Recupera\u00e7\u00e3o Judicial) desde maio. Para uns, a falta de detalhamento de como ser\u00e1 a regula\u00e7\u00e3o nas \u00e1reas cr\u00edticas, associada \u00e0s declara\u00e7\u00f5es&nbsp;da&nbsp;ANEEL (Ag\u00eancia Nacional de Energia El\u00e9trica) de que concess\u00e3o estaria equilibrada, tornariam ainda mais dif\u00edcil a obten\u00e7\u00e3o de uma RTE (Recomposi\u00e7\u00e3o Tarif\u00e1ria Extraordin\u00e1ria) nesse ano. A empresa estaria buscando um aumento de 5%.<br><br>Para outros, ela traz sinais positivos. \u201cAcho que o texto n\u00e3o \u00e9 espec\u00edfico em rela\u00e7\u00e3o \u00e0s \u00e1reas cr\u00edticas&nbsp;e&nbsp;talvez nem devesse ser na abertura&nbsp;da&nbsp;consulta p\u00fablica, para n\u00e3o abrir uma discuss\u00e3o ainda mais complexa. A Nota T\u00e9cnica traz a ess\u00eancia de que ningu\u00e9m vai renovar uma concess\u00e3o por 30 anos sem que esteja reequilibrada, isso \u00e9 um sinal positivo\u201d, diz um agente que acompanha o caso de perto.<br><br>Para um analista, um ponto na Nota T\u00e9cnica poder\u00e1 dar f\u00f4lego \u00e0 vinda de Nelson Tanure, que se tornou recentemente o maior acionista&nbsp;da&nbsp;concession\u00e1ria com 21,8% do capital. Em um dos t\u00f3picos, \u00e0 p\u00e1gina dez, o governo sugere \u201ca inclus\u00e3o de diretriz que diz respeito \u00e0 possibilidade de transfer\u00eancia do controle como alternativa \u00e0 extin\u00e7\u00e3o de outorga, como previsto no art. 4\u00ba-C&nbsp;da&nbsp;Lei 9.074, de 1995\u201d, diz o especialista.<br><br>Para ele, essa alternativa busca evitar que uma distribuidora que n\u00e3o tenha atendido aos crit\u00e9rios para prorroga\u00e7\u00e3o tenha que continuar a presta\u00e7\u00e3o do servi\u00e7o at\u00e9 o t\u00e9rmino do contrato, mas sem incentivo \u00e0 melhoria&nbsp;da&nbsp;qualidade, inclusive com dificuldades para capta\u00e7\u00e3o de recursos. &nbsp;<br><br>\u201cOu seja, existiria a possibilidade de a presta\u00e7\u00e3o do servi\u00e7o piorar ainda mais at\u00e9 a conclus\u00e3o&nbsp;da&nbsp;licita\u00e7\u00e3o. Al\u00e9m disso, considerando que a transfer\u00eancia de controle j\u00e1&nbsp;est\u00e1&nbsp;estabelecida por lei, ao permitir que o novo participante possa escolher prorrogar, desde que atenda aos crit\u00e9rios m\u00ednimos, previne-se o risco de ocorrerem duas transi\u00e7\u00f5es em um intervalo\u201d, completou.<br><br><strong>Moderniza\u00e7\u00e3o<\/strong><br>Na Nota T\u00e9cnica, o governo destaca ainda que o setor&nbsp;el\u00e9trico&nbsp;passa por uma disrup\u00e7\u00e3o tecnol\u00f3gica&nbsp;e&nbsp;que \u00e9 preciso criar condi\u00e7\u00f5es para a moderniza\u00e7\u00e3o&nbsp;das&nbsp;redes. Esse novo papel&nbsp;das&nbsp;distribuidoras cria a possibilidade de novos neg\u00f3cios.<br><br>Nesse contexto, sugerem-se cl\u00e1usulas adicionais nos contratos. Uma&nbsp;das&nbsp;diretrizes diz respeito \u00e0 autoriza\u00e7\u00e3o para que o concession\u00e1rio ofere\u00e7a servi\u00e7os&nbsp;alternativos aos consumidores, &#8220;por sua conta&nbsp;e&nbsp;risco&#8221;, que favore\u00e7am a modicidade tarif\u00e1ria de forma a estimular a atua\u00e7\u00e3o&nbsp;das&nbsp;distribuidoras. \u201c<br><br>\u201cFala-se em redes inteligentes&nbsp;e&nbsp;na import\u00e2ncia delas&nbsp;e&nbsp;em novas tecnologias, mas seu custo de implementa\u00e7\u00e3o \u00e9 alto, de bilh\u00f5es de reais. O regulador ir\u00e1 reconhecer na base de ativos taxas de riscos compat\u00edveis com a inova\u00e7\u00e3o?\u201d, questiona um consultor.<br>&nbsp;<br><strong>Acesso aos dados<\/strong><br>O governo tamb\u00e9m sugere tratamento aos dados, que hoje est\u00e3o nas m\u00e3os&nbsp;das&nbsp;distribuidoras. As comercializadoras defendem que eles sejam compartilhados em um modelo aberto. \u201cOs&nbsp;dados s\u00e3o hoje o ponto mais importante&nbsp;da&nbsp;economia\u201d, diz o presidente&nbsp;da&nbsp;Abraceel (Associa\u00e7\u00e3o Brasileira&nbsp;das&nbsp;Comercializadoras de Energia El\u00e9trica), Rodrigo Ferreira. No documento, o governo sugere inserir \u201ccl\u00e1usula de prote\u00e7\u00e3o dos dados dos usu\u00e1rios&nbsp;e&nbsp;compartilhamento com terceiros.\u201d<br>&nbsp;<br><strong>Solar<\/strong><br>Outra discuss\u00e3o trata-se do avan\u00e7o&nbsp;da&nbsp;descentraliza\u00e7\u00e3o&nbsp;da&nbsp;matriz, com o avan\u00e7o&nbsp;da&nbsp;Gera\u00e7\u00e3o Distribu\u00edda&nbsp;(GD) solar, que responde por mais de 20 GW de capacidade instalada. Em algumas \u00e1reas de concess\u00e3o, entre 30%&nbsp;e&nbsp;40% dos investimentos&nbsp;das&nbsp;distribuidoras t\u00eam se concentrado na conex\u00e3o de sistemas de GD.<br>&nbsp;<br>Se antes as empresas tinham um planejamento centralizado com investimentos respeitando essa l\u00f3gica, a descentraliza\u00e7\u00e3o mudou isso&nbsp;e&nbsp;com uma velocidade muito mais r\u00e1pida. Parte desses investimentos demora a ser reconhecido, sendo feito apenas na revis\u00e3o ordin\u00e1ria&nbsp;das&nbsp;tarifas, o que ocorre, geralmente, a cada cinco anos. Isso exigiria maior agilidade no reconhecimento.&nbsp;<br>&nbsp;<br>Al\u00e9m&nbsp;da&nbsp;GD solar, nesses 30 anos futuros a eletromobilidade tamb\u00e9m deve ganhar espa\u00e7o no pa\u00eds. \u201cNovos padr\u00f5es de consumo&nbsp;e&nbsp;as tarifas t\u00eam de reconhecer essas pr\u00e1ticas que ocorrem sem aumento de consumo na \u00e1rea de concess\u00e3o\u201d, diz um executivo.<br><br><strong>Hist\u00f3rico<\/strong><br>Segundo o ac\u00f3rd\u00e3o 2.253\/15, a CP deveria ter sido divulgada em julho de 2022, no governo Bolsonaro, que, no entanto, solicitou adiamento do prazo por sete meses, para fevereiro de 2023. A equipe do Minist\u00e9rio de Minas&nbsp;e&nbsp;Energia foi preenchida em mar\u00e7o desse ano, o que levou a reuni\u00f5es com o TCU para discutir um novo&nbsp;cronograma. A CP foi prometida inicialmente para ser lan\u00e7ada em abril, mas teve sua divulga\u00e7\u00e3o adiada em duas oportunidades.<br><br>O TCU \u00e9 o fiel&nbsp;da&nbsp;balan\u00e7a no processo. Em 2015, o \u00f3rg\u00e3o de controle teve papel importante na discuss\u00e3o. Houve dissenso entre a \u00e1rea t\u00e9cnica, que defendia a licita\u00e7\u00e3o,&nbsp;e&nbsp;a decis\u00e3o do plen\u00e1rio, que pelo ac\u00f3rd\u00e3o 2.253\/15 pavimentou o caminho&nbsp;da&nbsp;renova\u00e7\u00e3o&nbsp;para distribuidoras que passaram pelo processo em 2015.<\/p>\n\n\n\n<h6 class=\"wp-block-heading\" id=\"block-f323f59b-51bf-4eed-b17b-3c7d3b917007\">*Roberto Rockmann <strong>\u00e9 escritor e jornalista. Coautor do livro \u201cCurto-Circuito, quando o Brasil quase ficou \u00e0s escuras\u201d e produtor do podcast quinzenal \u201cGiro Energia\u201d sobre o setor el\u00e9trico. Organizou em 2018 o livro de 20 anos do mercado livre de energia el\u00e9trica, editado pela CCEE (C\u00e2mara de Comercializa\u00e7\u00e3o de Energia El\u00e9trica), al\u00e9m de v\u00e1rios outros livros e trabalhos premiados<\/strong>.<\/h6>\n\n\n\n<p><strong>As opini\u00f5es dos autores n\u00e3o refletem necessariamente o pensamento da Ag\u00eancia iNFRA, sendo de total responsabilidade do autor as informa\u00e7\u00f5es, ju\u00edzos de valor e conceitos descritos no texto<\/strong>. <\/p>\n","protected":false},"excerpt":{"rendered":"<p>Roberto Rockmann* A expectativa&nbsp;das&nbsp;distribuidoras de energia el\u00e9trica \u00e9 de que o decreto final sobre o processo de&nbsp;renova\u00e7\u00e3o&nbsp;das&nbsp;concess\u00f5es&nbsp;possa ser publicado at\u00e9 novembro, ap\u00f3s a aprova\u00e7\u00e3o do TCU (Tribunal de Contas&nbsp;da&nbsp;Uni\u00e3o)&nbsp;e&nbsp;de todas as esferas de governo. Assim o processo estaria encerrado antes do fim do ano. Esse foi o&nbsp;cronograma&nbsp;discutido por executivos do setor&nbsp;el\u00e9trico&nbsp;em reuni\u00f5es com o Minist\u00e9rio [&hellip;]<\/p>\n","protected":false},"author":1,"featured_media":5962,"comment_status":"closed","ping_status":"closed","sticky":false,"template":"","format":"standard","meta":{"_monsterinsights_skip_tracking":false,"_monsterinsights_sitenote_active":false,"_monsterinsights_sitenote_note":"","_monsterinsights_sitenote_category":0,"footnotes":""},"categories":[1],"tags":[53,78,345,592,292,1760,6922,1867,71,226,18],"class_list":["post-12939","post","type-post","status-publish","format-standard","has-post-thumbnail","hentry","category-geral","tag-aneel","tag-concessoes","tag-consulta-publica","tag-cpfl","tag-distribuidoras","tag-edp","tag-gustavo-manfrim","tag-light","tag-mme","tag-renovacao","tag-tcu"],"yoast_head":"<!-- This site is optimized with the Yoast SEO Premium plugin v25.4 (Yoast SEO v26.0) - https:\/\/yoast.com\/wordpress\/plugins\/seo\/ -->\n<title>An\u00e1lise: renova\u00e7\u00e3o das concess\u00f5es movimentar\u00e1 todos os elos da cadeia de suprimento el\u00e9trico e cronograma est\u00e1 apertado - Ag\u00eancia iNFRA<\/title>\n<meta name=\"robots\" content=\"index, follow, max-snippet:-1, max-image-preview:large, max-video-preview:-1\" \/>\n<link rel=\"canonical\" href=\"https:\/\/agenciainfra.com\/blog\/analise-renovacao-das-concessoes-movimentara-todos-os-elos-da-cadeia-de-suprimento-eletrico-e-cronograma-esta-apertado\/\" \/>\n<meta property=\"og:locale\" content=\"pt_BR\" \/>\n<meta property=\"og:type\" content=\"article\" \/>\n<meta property=\"og:title\" content=\"An\u00e1lise: renova\u00e7\u00e3o das concess\u00f5es movimentar\u00e1 todos os elos da cadeia de suprimento el\u00e9trico e cronograma est\u00e1 apertado\" \/>\n<meta property=\"og:description\" content=\"Roberto Rockmann* A expectativa&nbsp;das&nbsp;distribuidoras de energia el\u00e9trica \u00e9 de que o decreto final sobre o processo de&nbsp;renova\u00e7\u00e3o&nbsp;das&nbsp;concess\u00f5es&nbsp;possa ser publicado at\u00e9 novembro, ap\u00f3s a aprova\u00e7\u00e3o do TCU (Tribunal de Contas&nbsp;da&nbsp;Uni\u00e3o)&nbsp;e&nbsp;de todas as esferas de governo. Assim o processo estaria encerrado antes do fim do ano. Esse foi o&nbsp;cronograma&nbsp;discutido por executivos do setor&nbsp;el\u00e9trico&nbsp;em reuni\u00f5es com o Minist\u00e9rio [&hellip;]\" \/>\n<meta property=\"og:url\" content=\"https:\/\/agenciainfra.com\/blog\/analise-renovacao-das-concessoes-movimentara-todos-os-elos-da-cadeia-de-suprimento-eletrico-e-cronograma-esta-apertado\/\" \/>\n<meta property=\"og:site_name\" content=\"Ag\u00eancia iNFRA\" \/>\n<meta property=\"article:publisher\" content=\"https:\/\/www.facebook.com\/ageninfra\" \/>\n<meta property=\"article:published_time\" content=\"2023-06-26T14:00:00+00:00\" \/>\n<meta property=\"og:image\" content=\"https:\/\/agenciainfra.com\/blog\/wp-content\/uploads\/2020\/09\/distribuicao-energia-foto-dominio-publico.jpg\" \/>\n\t<meta property=\"og:image:width\" content=\"1280\" \/>\n\t<meta property=\"og:image:height\" content=\"853\" \/>\n\t<meta property=\"og:image:type\" content=\"image\/jpeg\" \/>\n<meta name=\"author\" content=\"Ag\u00eancia iNFRA\" \/>\n<meta name=\"twitter:card\" content=\"summary_large_image\" \/>\n<meta name=\"twitter:creator\" content=\"@agencia_infra\" \/>\n<meta name=\"twitter:site\" content=\"@agencia_infra\" \/>\n<meta name=\"twitter:label1\" content=\"Escrito por\" \/>\n\t<meta name=\"twitter:data1\" content=\"Ag\u00eancia iNFRA\" \/>\n\t<meta name=\"twitter:label2\" content=\"Est. tempo de leitura\" \/>\n\t<meta name=\"twitter:data2\" content=\"10 minutos\" \/>\n<script type=\"application\/ld+json\" class=\"yoast-schema-graph\">{\"@context\":\"https:\/\/schema.org\",\"@graph\":[{\"@type\":\"Article\",\"@id\":\"https:\/\/agenciainfra.com\/blog\/analise-renovacao-das-concessoes-movimentara-todos-os-elos-da-cadeia-de-suprimento-eletrico-e-cronograma-esta-apertado\/#article\",\"isPartOf\":{\"@id\":\"https:\/\/agenciainfra.com\/blog\/analise-renovacao-das-concessoes-movimentara-todos-os-elos-da-cadeia-de-suprimento-eletrico-e-cronograma-esta-apertado\/\"},\"author\":{\"name\":\"Ag\u00eancia iNFRA\",\"@id\":\"https:\/\/agenciainfra.com\/blog\/#\/schema\/person\/34af08dff6adea4cb22b06612ba7acfa\"},\"headline\":\"An\u00e1lise: renova\u00e7\u00e3o das concess\u00f5es movimentar\u00e1 todos os elos da cadeia de suprimento el\u00e9trico e cronograma est\u00e1 apertado\",\"datePublished\":\"2023-06-26T14:00:00+00:00\",\"mainEntityOfPage\":{\"@id\":\"https:\/\/agenciainfra.com\/blog\/analise-renovacao-das-concessoes-movimentara-todos-os-elos-da-cadeia-de-suprimento-eletrico-e-cronograma-esta-apertado\/\"},\"wordCount\":1947,\"publisher\":{\"@id\":\"https:\/\/agenciainfra.com\/blog\/#organization\"},\"image\":{\"@id\":\"https:\/\/agenciainfra.com\/blog\/analise-renovacao-das-concessoes-movimentara-todos-os-elos-da-cadeia-de-suprimento-eletrico-e-cronograma-esta-apertado\/#primaryimage\"},\"thumbnailUrl\":\"https:\/\/agenciainfra.com\/blog\/wp-content\/uploads\/2020\/09\/distribuicao-energia-foto-dominio-publico.jpg\",\"keywords\":[\"ANEEL\",\"concess\u00f5es\",\"consulta p\u00fablica\",\"cpfl\",\"distribuidoras\",\"EDP\",\"Gustavo Manfrim\",\"Light\",\"MME\",\"renova\u00e7\u00e3o\",\"TCU\"],\"articleSection\":[\"Geral\"],\"inLanguage\":\"pt-BR\",\"copyrightYear\":\"2023\",\"copyrightHolder\":{\"@id\":\"https:\/\/agenciainfra.com\/blog\/#organization\"}},{\"@type\":\"WebPage\",\"@id\":\"https:\/\/agenciainfra.com\/blog\/analise-renovacao-das-concessoes-movimentara-todos-os-elos-da-cadeia-de-suprimento-eletrico-e-cronograma-esta-apertado\/\",\"url\":\"https:\/\/agenciainfra.com\/blog\/analise-renovacao-das-concessoes-movimentara-todos-os-elos-da-cadeia-de-suprimento-eletrico-e-cronograma-esta-apertado\/\",\"name\":\"An\u00e1lise: renova\u00e7\u00e3o das concess\u00f5es movimentar\u00e1 todos os elos da cadeia de suprimento el\u00e9trico e cronograma est\u00e1 apertado - Ag\u00eancia iNFRA\",\"isPartOf\":{\"@id\":\"https:\/\/agenciainfra.com\/blog\/#website\"},\"primaryImageOfPage\":{\"@id\":\"https:\/\/agenciainfra.com\/blog\/analise-renovacao-das-concessoes-movimentara-todos-os-elos-da-cadeia-de-suprimento-eletrico-e-cronograma-esta-apertado\/#primaryimage\"},\"image\":{\"@id\":\"https:\/\/agenciainfra.com\/blog\/analise-renovacao-das-concessoes-movimentara-todos-os-elos-da-cadeia-de-suprimento-eletrico-e-cronograma-esta-apertado\/#primaryimage\"},\"thumbnailUrl\":\"https:\/\/agenciainfra.com\/blog\/wp-content\/uploads\/2020\/09\/distribuicao-energia-foto-dominio-publico.jpg\",\"datePublished\":\"2023-06-26T14:00:00+00:00\",\"breadcrumb\":{\"@id\":\"https:\/\/agenciainfra.com\/blog\/analise-renovacao-das-concessoes-movimentara-todos-os-elos-da-cadeia-de-suprimento-eletrico-e-cronograma-esta-apertado\/#breadcrumb\"},\"inLanguage\":\"pt-BR\",\"potentialAction\":[{\"@type\":\"ReadAction\",\"target\":[\"https:\/\/agenciainfra.com\/blog\/analise-renovacao-das-concessoes-movimentara-todos-os-elos-da-cadeia-de-suprimento-eletrico-e-cronograma-esta-apertado\/\"]}]},{\"@type\":\"ImageObject\",\"inLanguage\":\"pt-BR\",\"@id\":\"https:\/\/agenciainfra.com\/blog\/analise-renovacao-das-concessoes-movimentara-todos-os-elos-da-cadeia-de-suprimento-eletrico-e-cronograma-esta-apertado\/#primaryimage\",\"url\":\"https:\/\/agenciainfra.com\/blog\/wp-content\/uploads\/2020\/09\/distribuicao-energia-foto-dominio-publico.jpg\",\"contentUrl\":\"https:\/\/agenciainfra.com\/blog\/wp-content\/uploads\/2020\/09\/distribuicao-energia-foto-dominio-publico.jpg\",\"width\":1280,\"height\":853,\"caption\":\"Foto: Dom\u00ednio P\u00fablico\"},{\"@type\":\"BreadcrumbList\",\"@id\":\"https:\/\/agenciainfra.com\/blog\/analise-renovacao-das-concessoes-movimentara-todos-os-elos-da-cadeia-de-suprimento-eletrico-e-cronograma-esta-apertado\/#breadcrumb\",\"itemListElement\":[{\"@type\":\"ListItem\",\"position\":1,\"name\":\"In\u00edcio\",\"item\":\"https:\/\/agenciainfra.com\/blog\/\"},{\"@type\":\"ListItem\",\"position\":2,\"name\":\"An\u00e1lise: renova\u00e7\u00e3o das concess\u00f5es movimentar\u00e1 todos os elos da cadeia de suprimento el\u00e9trico e cronograma est\u00e1 apertado\"}]},{\"@type\":\"WebSite\",\"@id\":\"https:\/\/agenciainfra.com\/blog\/#website\",\"url\":\"https:\/\/agenciainfra.com\/blog\/\",\"name\":\"Ag\u00eancia iNFRA\",\"description\":\"Multiplataforma de informa\u00e7\u00e3o jornal\u00edstica refer\u00eancia na \u00e1rea de infraestrutura no Brasil!\",\"publisher\":{\"@id\":\"https:\/\/agenciainfra.com\/blog\/#organization\"},\"potentialAction\":[{\"@type\":\"SearchAction\",\"target\":{\"@type\":\"EntryPoint\",\"urlTemplate\":\"https:\/\/agenciainfra.com\/blog\/?s={search_term_string}\"},\"query-input\":{\"@type\":\"PropertyValueSpecification\",\"valueRequired\":true,\"valueName\":\"search_term_string\"}}],\"inLanguage\":\"pt-BR\"},{\"@type\":\"Organization\",\"@id\":\"https:\/\/agenciainfra.com\/blog\/#organization\",\"name\":\"Ag\u00eancia iNFRA\",\"url\":\"https:\/\/agenciainfra.com\/blog\/\",\"logo\":{\"@type\":\"ImageObject\",\"inLanguage\":\"pt-BR\",\"@id\":\"https:\/\/agenciainfra.com\/blog\/#\/schema\/logo\/image\/\",\"url\":\"https:\/\/agenciainfra.com\/blog\/wp-content\/uploads\/2023\/09\/iNFRA_5-e1761735885940.png\",\"contentUrl\":\"https:\/\/agenciainfra.com\/blog\/wp-content\/uploads\/2023\/09\/iNFRA_5-e1761735885940.png\",\"width\":1672,\"height\":454,\"caption\":\"Ag\u00eancia iNFRA\"},\"image\":{\"@id\":\"https:\/\/agenciainfra.com\/blog\/#\/schema\/logo\/image\/\"},\"sameAs\":[\"https:\/\/www.facebook.com\/ageninfra\",\"https:\/\/x.com\/agencia_infra\",\"https:\/\/www.linkedin.com\/company\/ag\u00eanciainfra\/\",\"https:\/\/www.instagram.com\/agenciainfra\/\"]},{\"@type\":\"Person\",\"@id\":\"https:\/\/agenciainfra.com\/blog\/#\/schema\/person\/34af08dff6adea4cb22b06612ba7acfa\",\"name\":\"Ag\u00eancia iNFRA\",\"image\":{\"@type\":\"ImageObject\",\"inLanguage\":\"pt-BR\",\"@id\":\"https:\/\/agenciainfra.com\/blog\/#\/schema\/person\/image\/\",\"url\":\"https:\/\/secure.gravatar.com\/avatar\/d189e01678f06d8eb84d4e01f08eb848b3fffe3f8443818d3c356c66892f5be8?s=96&d=mm&r=g\",\"contentUrl\":\"https:\/\/secure.gravatar.com\/avatar\/d189e01678f06d8eb84d4e01f08eb848b3fffe3f8443818d3c356c66892f5be8?s=96&d=mm&r=g\",\"caption\":\"Ag\u00eancia iNFRA\"},\"url\":\"https:\/\/agenciainfra.com\/blog\/author\/admin\/\"}]}<\/script>\n<!-- \/ Yoast SEO Premium plugin. -->","yoast_head_json":{"title":"An\u00e1lise: renova\u00e7\u00e3o das concess\u00f5es movimentar\u00e1 todos os elos da cadeia de suprimento el\u00e9trico e cronograma est\u00e1 apertado - Ag\u00eancia iNFRA","robots":{"index":"index","follow":"follow","max-snippet":"max-snippet:-1","max-image-preview":"max-image-preview:large","max-video-preview":"max-video-preview:-1"},"canonical":"https:\/\/agenciainfra.com\/blog\/analise-renovacao-das-concessoes-movimentara-todos-os-elos-da-cadeia-de-suprimento-eletrico-e-cronograma-esta-apertado\/","og_locale":"pt_BR","og_type":"article","og_title":"An\u00e1lise: renova\u00e7\u00e3o das concess\u00f5es movimentar\u00e1 todos os elos da cadeia de suprimento el\u00e9trico e cronograma est\u00e1 apertado","og_description":"Roberto Rockmann* A expectativa&nbsp;das&nbsp;distribuidoras de energia el\u00e9trica \u00e9 de que o decreto final sobre o processo de&nbsp;renova\u00e7\u00e3o&nbsp;das&nbsp;concess\u00f5es&nbsp;possa ser publicado at\u00e9 novembro, ap\u00f3s a aprova\u00e7\u00e3o do TCU (Tribunal de Contas&nbsp;da&nbsp;Uni\u00e3o)&nbsp;e&nbsp;de todas as esferas de governo. Assim o processo estaria encerrado antes do fim do ano. Esse foi o&nbsp;cronograma&nbsp;discutido por executivos do setor&nbsp;el\u00e9trico&nbsp;em reuni\u00f5es com o Minist\u00e9rio [&hellip;]","og_url":"https:\/\/agenciainfra.com\/blog\/analise-renovacao-das-concessoes-movimentara-todos-os-elos-da-cadeia-de-suprimento-eletrico-e-cronograma-esta-apertado\/","og_site_name":"Ag\u00eancia iNFRA","article_publisher":"https:\/\/www.facebook.com\/ageninfra","article_published_time":"2023-06-26T14:00:00+00:00","og_image":[{"width":1280,"height":853,"url":"https:\/\/agenciainfra.com\/blog\/wp-content\/uploads\/2020\/09\/distribuicao-energia-foto-dominio-publico.jpg","type":"image\/jpeg"}],"author":"Ag\u00eancia iNFRA","twitter_card":"summary_large_image","twitter_creator":"@agencia_infra","twitter_site":"@agencia_infra","twitter_misc":{"Escrito por":"Ag\u00eancia iNFRA","Est. tempo de leitura":"10 minutos"},"schema":{"@context":"https:\/\/schema.org","@graph":[{"@type":"Article","@id":"https:\/\/agenciainfra.com\/blog\/analise-renovacao-das-concessoes-movimentara-todos-os-elos-da-cadeia-de-suprimento-eletrico-e-cronograma-esta-apertado\/#article","isPartOf":{"@id":"https:\/\/agenciainfra.com\/blog\/analise-renovacao-das-concessoes-movimentara-todos-os-elos-da-cadeia-de-suprimento-eletrico-e-cronograma-esta-apertado\/"},"author":{"name":"Ag\u00eancia iNFRA","@id":"https:\/\/agenciainfra.com\/blog\/#\/schema\/person\/34af08dff6adea4cb22b06612ba7acfa"},"headline":"An\u00e1lise: renova\u00e7\u00e3o das concess\u00f5es movimentar\u00e1 todos os elos da cadeia de suprimento el\u00e9trico e cronograma est\u00e1 apertado","datePublished":"2023-06-26T14:00:00+00:00","mainEntityOfPage":{"@id":"https:\/\/agenciainfra.com\/blog\/analise-renovacao-das-concessoes-movimentara-todos-os-elos-da-cadeia-de-suprimento-eletrico-e-cronograma-esta-apertado\/"},"wordCount":1947,"publisher":{"@id":"https:\/\/agenciainfra.com\/blog\/#organization"},"image":{"@id":"https:\/\/agenciainfra.com\/blog\/analise-renovacao-das-concessoes-movimentara-todos-os-elos-da-cadeia-de-suprimento-eletrico-e-cronograma-esta-apertado\/#primaryimage"},"thumbnailUrl":"https:\/\/agenciainfra.com\/blog\/wp-content\/uploads\/2020\/09\/distribuicao-energia-foto-dominio-publico.jpg","keywords":["ANEEL","concess\u00f5es","consulta p\u00fablica","cpfl","distribuidoras","EDP","Gustavo Manfrim","Light","MME","renova\u00e7\u00e3o","TCU"],"articleSection":["Geral"],"inLanguage":"pt-BR","copyrightYear":"2023","copyrightHolder":{"@id":"https:\/\/agenciainfra.com\/blog\/#organization"}},{"@type":"WebPage","@id":"https:\/\/agenciainfra.com\/blog\/analise-renovacao-das-concessoes-movimentara-todos-os-elos-da-cadeia-de-suprimento-eletrico-e-cronograma-esta-apertado\/","url":"https:\/\/agenciainfra.com\/blog\/analise-renovacao-das-concessoes-movimentara-todos-os-elos-da-cadeia-de-suprimento-eletrico-e-cronograma-esta-apertado\/","name":"An\u00e1lise: renova\u00e7\u00e3o das concess\u00f5es movimentar\u00e1 todos os elos da cadeia de suprimento el\u00e9trico e cronograma est\u00e1 apertado - Ag\u00eancia iNFRA","isPartOf":{"@id":"https:\/\/agenciainfra.com\/blog\/#website"},"primaryImageOfPage":{"@id":"https:\/\/agenciainfra.com\/blog\/analise-renovacao-das-concessoes-movimentara-todos-os-elos-da-cadeia-de-suprimento-eletrico-e-cronograma-esta-apertado\/#primaryimage"},"image":{"@id":"https:\/\/agenciainfra.com\/blog\/analise-renovacao-das-concessoes-movimentara-todos-os-elos-da-cadeia-de-suprimento-eletrico-e-cronograma-esta-apertado\/#primaryimage"},"thumbnailUrl":"https:\/\/agenciainfra.com\/blog\/wp-content\/uploads\/2020\/09\/distribuicao-energia-foto-dominio-publico.jpg","datePublished":"2023-06-26T14:00:00+00:00","breadcrumb":{"@id":"https:\/\/agenciainfra.com\/blog\/analise-renovacao-das-concessoes-movimentara-todos-os-elos-da-cadeia-de-suprimento-eletrico-e-cronograma-esta-apertado\/#breadcrumb"},"inLanguage":"pt-BR","potentialAction":[{"@type":"ReadAction","target":["https:\/\/agenciainfra.com\/blog\/analise-renovacao-das-concessoes-movimentara-todos-os-elos-da-cadeia-de-suprimento-eletrico-e-cronograma-esta-apertado\/"]}]},{"@type":"ImageObject","inLanguage":"pt-BR","@id":"https:\/\/agenciainfra.com\/blog\/analise-renovacao-das-concessoes-movimentara-todos-os-elos-da-cadeia-de-suprimento-eletrico-e-cronograma-esta-apertado\/#primaryimage","url":"https:\/\/agenciainfra.com\/blog\/wp-content\/uploads\/2020\/09\/distribuicao-energia-foto-dominio-publico.jpg","contentUrl":"https:\/\/agenciainfra.com\/blog\/wp-content\/uploads\/2020\/09\/distribuicao-energia-foto-dominio-publico.jpg","width":1280,"height":853,"caption":"Foto: Dom\u00ednio P\u00fablico"},{"@type":"BreadcrumbList","@id":"https:\/\/agenciainfra.com\/blog\/analise-renovacao-das-concessoes-movimentara-todos-os-elos-da-cadeia-de-suprimento-eletrico-e-cronograma-esta-apertado\/#breadcrumb","itemListElement":[{"@type":"ListItem","position":1,"name":"In\u00edcio","item":"https:\/\/agenciainfra.com\/blog\/"},{"@type":"ListItem","position":2,"name":"An\u00e1lise: renova\u00e7\u00e3o das concess\u00f5es movimentar\u00e1 todos os elos da cadeia de suprimento el\u00e9trico e cronograma est\u00e1 apertado"}]},{"@type":"WebSite","@id":"https:\/\/agenciainfra.com\/blog\/#website","url":"https:\/\/agenciainfra.com\/blog\/","name":"Ag\u00eancia iNFRA","description":"Multiplataforma de informa\u00e7\u00e3o jornal\u00edstica refer\u00eancia na \u00e1rea de infraestrutura no Brasil!","publisher":{"@id":"https:\/\/agenciainfra.com\/blog\/#organization"},"potentialAction":[{"@type":"SearchAction","target":{"@type":"EntryPoint","urlTemplate":"https:\/\/agenciainfra.com\/blog\/?s={search_term_string}"},"query-input":{"@type":"PropertyValueSpecification","valueRequired":true,"valueName":"search_term_string"}}],"inLanguage":"pt-BR"},{"@type":"Organization","@id":"https:\/\/agenciainfra.com\/blog\/#organization","name":"Ag\u00eancia iNFRA","url":"https:\/\/agenciainfra.com\/blog\/","logo":{"@type":"ImageObject","inLanguage":"pt-BR","@id":"https:\/\/agenciainfra.com\/blog\/#\/schema\/logo\/image\/","url":"https:\/\/agenciainfra.com\/blog\/wp-content\/uploads\/2023\/09\/iNFRA_5-e1761735885940.png","contentUrl":"https:\/\/agenciainfra.com\/blog\/wp-content\/uploads\/2023\/09\/iNFRA_5-e1761735885940.png","width":1672,"height":454,"caption":"Ag\u00eancia iNFRA"},"image":{"@id":"https:\/\/agenciainfra.com\/blog\/#\/schema\/logo\/image\/"},"sameAs":["https:\/\/www.facebook.com\/ageninfra","https:\/\/x.com\/agencia_infra","https:\/\/www.linkedin.com\/company\/ag\u00eanciainfra\/","https:\/\/www.instagram.com\/agenciainfra\/"]},{"@type":"Person","@id":"https:\/\/agenciainfra.com\/blog\/#\/schema\/person\/34af08dff6adea4cb22b06612ba7acfa","name":"Ag\u00eancia iNFRA","image":{"@type":"ImageObject","inLanguage":"pt-BR","@id":"https:\/\/agenciainfra.com\/blog\/#\/schema\/person\/image\/","url":"https:\/\/secure.gravatar.com\/avatar\/d189e01678f06d8eb84d4e01f08eb848b3fffe3f8443818d3c356c66892f5be8?s=96&d=mm&r=g","contentUrl":"https:\/\/secure.gravatar.com\/avatar\/d189e01678f06d8eb84d4e01f08eb848b3fffe3f8443818d3c356c66892f5be8?s=96&d=mm&r=g","caption":"Ag\u00eancia iNFRA"},"url":"https:\/\/agenciainfra.com\/blog\/author\/admin\/"}]}},"_links":{"self":[{"href":"https:\/\/agenciainfra.com\/blog\/wp-json\/wp\/v2\/posts\/12939","targetHints":{"allow":["GET"]}}],"collection":[{"href":"https:\/\/agenciainfra.com\/blog\/wp-json\/wp\/v2\/posts"}],"about":[{"href":"https:\/\/agenciainfra.com\/blog\/wp-json\/wp\/v2\/types\/post"}],"author":[{"embeddable":true,"href":"https:\/\/agenciainfra.com\/blog\/wp-json\/wp\/v2\/users\/1"}],"replies":[{"embeddable":true,"href":"https:\/\/agenciainfra.com\/blog\/wp-json\/wp\/v2\/comments?post=12939"}],"version-history":[{"count":0,"href":"https:\/\/agenciainfra.com\/blog\/wp-json\/wp\/v2\/posts\/12939\/revisions"}],"wp:featuredmedia":[{"embeddable":true,"href":"https:\/\/agenciainfra.com\/blog\/wp-json\/wp\/v2\/media\/5962"}],"wp:attachment":[{"href":"https:\/\/agenciainfra.com\/blog\/wp-json\/wp\/v2\/media?parent=12939"}],"wp:term":[{"taxonomy":"category","embeddable":true,"href":"https:\/\/agenciainfra.com\/blog\/wp-json\/wp\/v2\/categories?post=12939"},{"taxonomy":"post_tag","embeddable":true,"href":"https:\/\/agenciainfra.com\/blog\/wp-json\/wp\/v2\/tags?post=12939"}],"curies":[{"name":"wp","href":"https:\/\/api.w.org\/{rel}","templated":true}]}}