{"id":12941,"date":"2023-06-27T09:00:00","date_gmt":"2023-06-27T12:00:00","guid":{"rendered":"https:\/\/www.agenciainfra.com\/blog\/?p=12941"},"modified":"2023-06-26T10:38:04","modified_gmt":"2023-06-26T13:38:04","slug":"proposta-de-chamamento-publico-para-ferrovias-devolvidas-buscara-acelerar-modelagem-economica","status":"publish","type":"post","link":"https:\/\/agenciainfra.com\/blog\/proposta-de-chamamento-publico-para-ferrovias-devolvidas-buscara-acelerar-modelagem-economica\/","title":{"rendered":"Proposta de chamamento p\u00fablico para ferrovias devolvidas buscar\u00e1 acelerar modelagem econ\u00f4mica"},"content":{"rendered":"\n<p class=\"has-text-align-right\"><strong>Dimmi Amora, da Ag\u00eancia iNFRA<\/strong><\/p>\n\n\n\n<p>A&nbsp;proposta&nbsp;de regulamenta\u00e7\u00e3o dos artigos do novo marco legal das&nbsp;ferrovias&nbsp;que tratam do&nbsp;chamamento&nbsp;p\u00fablico&nbsp;para&nbsp;repassar a empresas privadas trechos devolvidos de&nbsp;ferrovias&nbsp;vai prever um formato de avalia\u00e7\u00e3o acelerada da&nbsp;modelagem&nbsp;econ\u00f4mico-financeira.<br><br>A informa\u00e7\u00e3o foi dada pelo superintendente de&nbsp;Ferrovias&nbsp;da ANTT (Ag\u00eancia Nacional de Transportes Terrestres), Ismael Trinks, durante o ANTT Day, evento realizado na \u00faltima semana pela ag\u00eancia. De acordo com ele, a minuta de uma resolu\u00e7\u00e3o sobre o tema foi conclu\u00edda e ser\u00e1 apresentada \u00e0 diretoria e ao minist\u00e9rio a partir da semana que vem.<br><br>&#8220;Hoje, um estudo desse duraria oito meses, um ano ou mais. A ideia \u00e9 que a gente possa fazer isso em um m\u00eas, se utilizando de modelos de an\u00e1lises mais expeditos&#8221;, disse Trinks \u00e0&nbsp;<strong>Ag\u00eancia iNFRA<\/strong>&nbsp;ap\u00f3s sua apresenta\u00e7\u00e3o no evento.<br><br>Segundo o superintendente, a ideia \u00e9 que a&nbsp;proposta&nbsp;de regula\u00e7\u00e3o desse ponto da lei passe por todo o processo de consulta p\u00fablica previsto na ag\u00eancia ao longo do segundo semestre e possa ser publicada ainda neste ano.&nbsp;<br><br>Para&nbsp;ele, o&nbsp;chamamento&nbsp;\u00e9 a forma mais eficaz&nbsp;para&nbsp;que o pa\u00eds possa voltar a operar mais de 10 mil quil\u00f4metros de&nbsp;ferrovias&nbsp;que hoje est\u00e3o sem opera\u00e7\u00e3o e tamb\u00e9m outros trechos que hoje s\u00e3o suboperados.&nbsp;<br><br>Com o modelo privado de opera\u00e7\u00e3o e prazos mais longos que os das concess\u00f5es ferrovi\u00e1rias&nbsp;para&nbsp;amortizar investimentos, \u00e9 poss\u00edvel que v\u00e1rios trechos se viabilizem&nbsp;para&nbsp;a opera\u00e7\u00e3o, na avalia\u00e7\u00e3o de Trinks.<br><br>O superintendente lembrou ainda que esses trechos podem ajudar a dar uma nova din\u00e2mica ao transporte ferrovi\u00e1rio no pa\u00eds, direcionado atualmente&nbsp;para&nbsp;a movimenta\u00e7\u00e3o de cargas de baixo valor e muito volume.&nbsp;<br><br>Segundo ele, parte dos trechos n\u00e3o operados pode ajudar a viabilizar transportes regionais que visem ao transporte de mercadorias com maior valor e menor peso ou at\u00e9 de passageiros.<br><br><strong>Discuss\u00e3o no TCU<\/strong><br>No momento, outro ponto da discuss\u00e3o sobre esse tema est\u00e1 ocorrendo no TCU (Tribunal de Contas da Uni\u00e3o), numa tentativa de consenso&nbsp;para&nbsp;se chegar a uma devolu\u00e7\u00e3o de trechos n\u00e3o utilizados da Rumo Malha Paulista ao governo federal.<br><br>De acordo com uma fonte envolvida na negocia\u00e7\u00e3o, a regra estabelecida em 2020 pelo DNIT (Departamento Nacional de Infraestrutura de Transportes) \u00e9 o ponto que trava a negocia\u00e7\u00e3o por estar &#8220;excessivamente r\u00edgida&#8221;, e o debate no \u00f3rg\u00e3o \u00e9&nbsp;para&nbsp;encontrar um modelo que permita um acordo. Conforme mostrou a&nbsp;<strong>Ag\u00eancia iNFRA<\/strong>, as discuss\u00f5es tiveram o prazo prorrogado nesta semana.<br><br>Trinks afirmou que as discuss\u00f5es sobre o recebimento dos trechos n\u00e3o utilizados continuar\u00e3o em paralelo ao debate sobre a regulamenta\u00e7\u00e3o do&nbsp;chamamento&nbsp;p\u00fablico, por n\u00e3o haver depend\u00eancia entre as discuss\u00f5es.<br><br>O&nbsp;chamamento&nbsp;p\u00fablico&nbsp;\u00e9 uma das 34 regulamenta\u00e7\u00f5es que a ANTT precisar\u00e1 fazer em rela\u00e7\u00e3o \u00e0&nbsp;<a rel=\"noreferrer noopener\" href=\"https:\/\/agenciainfra.us14.list-manage.com\/track\/click?u=d460dd1bcf9ba0ae040e1fc0f&amp;id=3fc9ccbc13&amp;e=f0fa444791\" target=\"_blank\">Lei de&nbsp;Ferrovias<\/a>&nbsp;aprovada em 2021 pelo governo anterior. At\u00e9 agora, cinco pontos foram regulamentados, dois anos depois da san\u00e7\u00e3o da lei, o que Trinks lembrou que &#8220;n\u00e3o \u00e9 pouco&#8221;.<br><br><strong>Pedidos de DUP&nbsp;para&nbsp;ferrovias<\/strong><br>Uma das regulamenta\u00e7\u00f5es, a&nbsp;para&nbsp;solicitar desapropria\u00e7\u00f5es de trechos&nbsp;para&nbsp;a constru\u00e7\u00e3o das&nbsp;ferrovias, segundo ele, j\u00e1 teve resultados e a ag\u00eancia j\u00e1 recebeu os primeiros pedidos de&nbsp;ferrovias&nbsp;autorizadas.<br><br>Para&nbsp;Trinks, isso demonstra que h\u00e1 interesse em construir parte das 40&nbsp;ferrovias&nbsp;que j\u00e1 t\u00eam autoriza\u00e7\u00e3o&nbsp;para&nbsp;serem implementadas no novo modelo da lei. Mas a vis\u00e3o na ag\u00eancia \u00e9 clara de que nem todas&nbsp;ser\u00e3o implementadas. O diretor-geral, Rafael Vitale, defendeu em sua exposi\u00e7\u00e3o inicial que ser\u00e1 necess\u00e1rio algum modelo de fomento&nbsp;para&nbsp;esse modelo de&nbsp;ferrovias.<br><br><strong>Renova\u00e7\u00e3o da FCA<\/strong><br>Em outra apresenta\u00e7\u00e3o do ANTT Day, o superintendente de Concess\u00f5es da ANTT, Marcelo Fonseca, disse que aguarda as diretrizes de pol\u00edtica p\u00fablica&nbsp;para&nbsp;relan\u00e7ar audi\u00eancia p\u00fablica sobre a renova\u00e7\u00e3o antecipada da FCA (Ferrovia Centro-Atl\u00e2ntica), atualmente operada pela VLI.<br><br>Segundo ele, as discuss\u00f5es abertas no GT (Grupo de Trabalho)&nbsp;sobre&nbsp;Ferrovias&nbsp;criado no Minist\u00e9rio dos Transportes, que no momento discute, entre outros temas, uma nova forma de precifica\u00e7\u00e3o dos ativos ferrovi\u00e1rios, impactar\u00e3o no processo da FCA.<br><br>O diretor da ANTT Felipe Queiroz, que no governo anterior foi secret\u00e1rio de Transportes Terrestres do ent\u00e3o Minist\u00e9rio da Infraestrutura, afirmou que a revis\u00e3o que a pasta est\u00e1 fazendo est\u00e1 &#8220;vindo equilibrada&#8221; e vai contribuir&nbsp;para&nbsp;a regula\u00e7\u00e3o, gerando mais seguran\u00e7a jur\u00eddica&nbsp;para&nbsp;o processo.&nbsp;<br><br>&#8220;N\u00e3o vai ter cavalo de pau nem surpresa relevante&#8221;, afirmou Queiroz.<br><br><strong>Malha Oeste<\/strong><br>Em rela\u00e7\u00e3o \u00e0 Malha Oeste, cuja&nbsp;proposta&nbsp;para&nbsp;relicita\u00e7\u00e3o do trecho est\u00e1 em fase de an\u00e1lise de contribui\u00e7\u00f5es&nbsp;da audi\u00eancia p\u00fablica, Fonseca e Queiroz informaram que v\u00e3o apresentar uma mudan\u00e7a na&nbsp;modelagem&nbsp;em rela\u00e7\u00e3o \u00e0 troca de bitola da ferrovia.<br><br>O modelo apresentado indicava que seria mais vantajoso trocar a atual bitola m\u00e9trica pela bitola larga em toda a ferrovia. Mas, na nova&nbsp;modelagem, a ideia \u00e9 deixar essa troca como op\u00e7\u00e3o do concession\u00e1rio e garantir que o vencedor tenha que cumprir par\u00e2metros de desempenho em uma ou outra.<\/p>\n","protected":false},"excerpt":{"rendered":"<p>Dimmi Amora, da Ag\u00eancia iNFRA A&nbsp;proposta&nbsp;de regulamenta\u00e7\u00e3o dos artigos do novo marco legal das&nbsp;ferrovias&nbsp;que tratam do&nbsp;chamamento&nbsp;p\u00fablico&nbsp;para&nbsp;repassar a empresas privadas trechos devolvidos de&nbsp;ferrovias&nbsp;vai prever um formato de avalia\u00e7\u00e3o acelerada da&nbsp;modelagem&nbsp;econ\u00f4mico-financeira. A informa\u00e7\u00e3o foi dada pelo superintendente de&nbsp;Ferrovias&nbsp;da ANTT (Ag\u00eancia Nacional de Transportes Terrestres), Ismael Trinks, durante o ANTT Day, evento realizado na \u00faltima semana pela ag\u00eancia. [&hellip;]<\/p>\n","protected":false},"author":1,"featured_media":12943,"comment_status":"closed","ping_status":"closed","sticky":false,"template":"","format":"standard","meta":{"_monsterinsights_skip_tracking":false,"_monsterinsights_sitenote_active":false,"_monsterinsights_sitenote_note":"","_monsterinsights_sitenote_category":0,"footnotes":""},"categories":[1,7],"tags":[19,6921,78,6924,328,120,5498,6923,48,18,1033],"class_list":["post-12941","post","type-post","status-publish","format-standard","has-post-thumbnail","hentry","category-geral","category-infratransporte","tag-antt","tag-antt-day","tag-concessoes","tag-devolucoes","tag-dnit","tag-ferrovias","tag-ismael-trinks","tag-novo-marco","tag-regulacao","tag-tcu","tag-transporte-ferroviario"],"yoast_head":"<!-- This site is optimized with the Yoast SEO Premium plugin v25.4 (Yoast SEO v26.0) - https:\/\/yoast.com\/wordpress\/plugins\/seo\/ -->\n<title>Proposta de chamamento p\u00fablico para ferrovias devolvidas buscar\u00e1 acelerar modelagem econ\u00f4mica - Ag\u00eancia iNFRA<\/title>\n<meta name=\"robots\" content=\"index, follow, max-snippet:-1, max-image-preview:large, max-video-preview:-1\" \/>\n<link rel=\"canonical\" href=\"https:\/\/agenciainfra.com\/blog\/proposta-de-chamamento-publico-para-ferrovias-devolvidas-buscara-acelerar-modelagem-economica\/\" \/>\n<meta property=\"og:locale\" content=\"pt_BR\" \/>\n<meta property=\"og:type\" content=\"article\" \/>\n<meta property=\"og:title\" content=\"Proposta de chamamento p\u00fablico para ferrovias devolvidas buscar\u00e1 acelerar modelagem econ\u00f4mica\" \/>\n<meta property=\"og:description\" content=\"Dimmi Amora, da Ag\u00eancia iNFRA A&nbsp;proposta&nbsp;de regulamenta\u00e7\u00e3o dos artigos do novo marco legal das&nbsp;ferrovias&nbsp;que tratam do&nbsp;chamamento&nbsp;p\u00fablico&nbsp;para&nbsp;repassar a empresas privadas trechos devolvidos de&nbsp;ferrovias&nbsp;vai prever um formato de avalia\u00e7\u00e3o acelerada da&nbsp;modelagem&nbsp;econ\u00f4mico-financeira. A informa\u00e7\u00e3o foi dada pelo superintendente de&nbsp;Ferrovias&nbsp;da ANTT (Ag\u00eancia Nacional de Transportes Terrestres), Ismael Trinks, durante o ANTT Day, evento realizado na \u00faltima semana pela ag\u00eancia. [&hellip;]\" \/>\n<meta property=\"og:url\" content=\"https:\/\/agenciainfra.com\/blog\/proposta-de-chamamento-publico-para-ferrovias-devolvidas-buscara-acelerar-modelagem-economica\/\" \/>\n<meta property=\"og:site_name\" content=\"Ag\u00eancia iNFRA\" \/>\n<meta property=\"article:publisher\" content=\"https:\/\/www.facebook.com\/ageninfra\" \/>\n<meta property=\"article:published_time\" content=\"2023-06-27T12:00:00+00:00\" \/>\n<meta property=\"og:image\" content=\"https:\/\/agenciainfra.com\/blog\/wp-content\/uploads\/2023\/06\/ismael-trinks-foto-governo-do-parana.jpg\" \/>\n\t<meta property=\"og:image:width\" content=\"1202\" \/>\n\t<meta property=\"og:image:height\" content=\"801\" \/>\n\t<meta property=\"og:image:type\" content=\"image\/jpeg\" \/>\n<meta name=\"author\" content=\"Ag\u00eancia iNFRA\" \/>\n<meta name=\"twitter:card\" content=\"summary_large_image\" \/>\n<meta name=\"twitter:creator\" content=\"@agencia_infra\" \/>\n<meta name=\"twitter:site\" content=\"@agencia_infra\" \/>\n<meta name=\"twitter:label1\" content=\"Escrito por\" \/>\n\t<meta name=\"twitter:data1\" content=\"Ag\u00eancia iNFRA\" \/>\n\t<meta name=\"twitter:label2\" content=\"Est. tempo de leitura\" \/>\n\t<meta name=\"twitter:data2\" content=\"5 minutos\" \/>\n<script type=\"application\/ld+json\" class=\"yoast-schema-graph\">{\"@context\":\"https:\/\/schema.org\",\"@graph\":[{\"@type\":\"Article\",\"@id\":\"https:\/\/agenciainfra.com\/blog\/proposta-de-chamamento-publico-para-ferrovias-devolvidas-buscara-acelerar-modelagem-economica\/#article\",\"isPartOf\":{\"@id\":\"https:\/\/agenciainfra.com\/blog\/proposta-de-chamamento-publico-para-ferrovias-devolvidas-buscara-acelerar-modelagem-economica\/\"},\"author\":{\"name\":\"Ag\u00eancia iNFRA\",\"@id\":\"https:\/\/agenciainfra.com\/blog\/#\/schema\/person\/34af08dff6adea4cb22b06612ba7acfa\"},\"headline\":\"Proposta de chamamento p\u00fablico para ferrovias devolvidas buscar\u00e1 acelerar modelagem econ\u00f4mica\",\"datePublished\":\"2023-06-27T12:00:00+00:00\",\"mainEntityOfPage\":{\"@id\":\"https:\/\/agenciainfra.com\/blog\/proposta-de-chamamento-publico-para-ferrovias-devolvidas-buscara-acelerar-modelagem-economica\/\"},\"wordCount\":985,\"publisher\":{\"@id\":\"https:\/\/agenciainfra.com\/blog\/#organization\"},\"image\":{\"@id\":\"https:\/\/agenciainfra.com\/blog\/proposta-de-chamamento-publico-para-ferrovias-devolvidas-buscara-acelerar-modelagem-economica\/#primaryimage\"},\"thumbnailUrl\":\"https:\/\/agenciainfra.com\/blog\/wp-content\/uploads\/2023\/06\/ismael-trinks-foto-governo-do-parana.jpg\",\"keywords\":[\"ANTT\",\"ANTT day\",\"concess\u00f5es\",\"devolu\u00e7\u00f5es\",\"DNIT\",\"Ferrovias\",\"Ismael Trinks\",\"novo marco\",\"Regula\u00e7\u00e3o\",\"TCU\",\"transporte ferrovi\u00e1rio\"],\"articleSection\":[\"Geral\",\"iNFRATransporte\"],\"inLanguage\":\"pt-BR\",\"copyrightYear\":\"2023\",\"copyrightHolder\":{\"@id\":\"https:\/\/agenciainfra.com\/blog\/#organization\"}},{\"@type\":\"WebPage\",\"@id\":\"https:\/\/agenciainfra.com\/blog\/proposta-de-chamamento-publico-para-ferrovias-devolvidas-buscara-acelerar-modelagem-economica\/\",\"url\":\"https:\/\/agenciainfra.com\/blog\/proposta-de-chamamento-publico-para-ferrovias-devolvidas-buscara-acelerar-modelagem-economica\/\",\"name\":\"Proposta de chamamento p\u00fablico para ferrovias devolvidas buscar\u00e1 acelerar modelagem econ\u00f4mica - Ag\u00eancia iNFRA\",\"isPartOf\":{\"@id\":\"https:\/\/agenciainfra.com\/blog\/#website\"},\"primaryImageOfPage\":{\"@id\":\"https:\/\/agenciainfra.com\/blog\/proposta-de-chamamento-publico-para-ferrovias-devolvidas-buscara-acelerar-modelagem-economica\/#primaryimage\"},\"image\":{\"@id\":\"https:\/\/agenciainfra.com\/blog\/proposta-de-chamamento-publico-para-ferrovias-devolvidas-buscara-acelerar-modelagem-economica\/#primaryimage\"},\"thumbnailUrl\":\"https:\/\/agenciainfra.com\/blog\/wp-content\/uploads\/2023\/06\/ismael-trinks-foto-governo-do-parana.jpg\",\"datePublished\":\"2023-06-27T12:00:00+00:00\",\"breadcrumb\":{\"@id\":\"https:\/\/agenciainfra.com\/blog\/proposta-de-chamamento-publico-para-ferrovias-devolvidas-buscara-acelerar-modelagem-economica\/#breadcrumb\"},\"inLanguage\":\"pt-BR\",\"potentialAction\":[{\"@type\":\"ReadAction\",\"target\":[\"https:\/\/agenciainfra.com\/blog\/proposta-de-chamamento-publico-para-ferrovias-devolvidas-buscara-acelerar-modelagem-economica\/\"]}]},{\"@type\":\"ImageObject\",\"inLanguage\":\"pt-BR\",\"@id\":\"https:\/\/agenciainfra.com\/blog\/proposta-de-chamamento-publico-para-ferrovias-devolvidas-buscara-acelerar-modelagem-economica\/#primaryimage\",\"url\":\"https:\/\/agenciainfra.com\/blog\/wp-content\/uploads\/2023\/06\/ismael-trinks-foto-governo-do-parana.jpg\",\"contentUrl\":\"https:\/\/agenciainfra.com\/blog\/wp-content\/uploads\/2023\/06\/ismael-trinks-foto-governo-do-parana.jpg\",\"width\":1202,\"height\":801},{\"@type\":\"BreadcrumbList\",\"@id\":\"https:\/\/agenciainfra.com\/blog\/proposta-de-chamamento-publico-para-ferrovias-devolvidas-buscara-acelerar-modelagem-economica\/#breadcrumb\",\"itemListElement\":[{\"@type\":\"ListItem\",\"position\":1,\"name\":\"In\u00edcio\",\"item\":\"https:\/\/agenciainfra.com\/blog\/\"},{\"@type\":\"ListItem\",\"position\":2,\"name\":\"Proposta de chamamento p\u00fablico para ferrovias devolvidas buscar\u00e1 acelerar modelagem econ\u00f4mica\"}]},{\"@type\":\"WebSite\",\"@id\":\"https:\/\/agenciainfra.com\/blog\/#website\",\"url\":\"https:\/\/agenciainfra.com\/blog\/\",\"name\":\"Ag\u00eancia iNFRA\",\"description\":\"Multiplataforma de informa\u00e7\u00e3o jornal\u00edstica refer\u00eancia na \u00e1rea de infraestrutura no Brasil!\",\"publisher\":{\"@id\":\"https:\/\/agenciainfra.com\/blog\/#organization\"},\"potentialAction\":[{\"@type\":\"SearchAction\",\"target\":{\"@type\":\"EntryPoint\",\"urlTemplate\":\"https:\/\/agenciainfra.com\/blog\/?s={search_term_string}\"},\"query-input\":{\"@type\":\"PropertyValueSpecification\",\"valueRequired\":true,\"valueName\":\"search_term_string\"}}],\"inLanguage\":\"pt-BR\"},{\"@type\":\"Organization\",\"@id\":\"https:\/\/agenciainfra.com\/blog\/#organization\",\"name\":\"Ag\u00eancia iNFRA\",\"url\":\"https:\/\/agenciainfra.com\/blog\/\",\"logo\":{\"@type\":\"ImageObject\",\"inLanguage\":\"pt-BR\",\"@id\":\"https:\/\/agenciainfra.com\/blog\/#\/schema\/logo\/image\/\",\"url\":\"https:\/\/agenciainfra.com\/blog\/wp-content\/uploads\/2023\/09\/iNFRA_5-e1761735885940.png\",\"contentUrl\":\"https:\/\/agenciainfra.com\/blog\/wp-content\/uploads\/2023\/09\/iNFRA_5-e1761735885940.png\",\"width\":1672,\"height\":454,\"caption\":\"Ag\u00eancia iNFRA\"},\"image\":{\"@id\":\"https:\/\/agenciainfra.com\/blog\/#\/schema\/logo\/image\/\"},\"sameAs\":[\"https:\/\/www.facebook.com\/ageninfra\",\"https:\/\/x.com\/agencia_infra\",\"https:\/\/www.linkedin.com\/company\/ag\u00eanciainfra\/\",\"https:\/\/www.instagram.com\/agenciainfra\/\"]},{\"@type\":\"Person\",\"@id\":\"https:\/\/agenciainfra.com\/blog\/#\/schema\/person\/34af08dff6adea4cb22b06612ba7acfa\",\"name\":\"Ag\u00eancia iNFRA\",\"image\":{\"@type\":\"ImageObject\",\"inLanguage\":\"pt-BR\",\"@id\":\"https:\/\/agenciainfra.com\/blog\/#\/schema\/person\/image\/\",\"url\":\"https:\/\/secure.gravatar.com\/avatar\/d189e01678f06d8eb84d4e01f08eb848b3fffe3f8443818d3c356c66892f5be8?s=96&d=mm&r=g\",\"contentUrl\":\"https:\/\/secure.gravatar.com\/avatar\/d189e01678f06d8eb84d4e01f08eb848b3fffe3f8443818d3c356c66892f5be8?s=96&d=mm&r=g\",\"caption\":\"Ag\u00eancia iNFRA\"},\"url\":\"https:\/\/agenciainfra.com\/blog\/author\/admin\/\"}]}<\/script>\n<!-- \/ Yoast SEO Premium plugin. -->","yoast_head_json":{"title":"Proposta de chamamento p\u00fablico para ferrovias devolvidas buscar\u00e1 acelerar modelagem econ\u00f4mica - Ag\u00eancia iNFRA","robots":{"index":"index","follow":"follow","max-snippet":"max-snippet:-1","max-image-preview":"max-image-preview:large","max-video-preview":"max-video-preview:-1"},"canonical":"https:\/\/agenciainfra.com\/blog\/proposta-de-chamamento-publico-para-ferrovias-devolvidas-buscara-acelerar-modelagem-economica\/","og_locale":"pt_BR","og_type":"article","og_title":"Proposta de chamamento p\u00fablico para ferrovias devolvidas buscar\u00e1 acelerar modelagem econ\u00f4mica","og_description":"Dimmi Amora, da Ag\u00eancia iNFRA A&nbsp;proposta&nbsp;de regulamenta\u00e7\u00e3o dos artigos do novo marco legal das&nbsp;ferrovias&nbsp;que tratam do&nbsp;chamamento&nbsp;p\u00fablico&nbsp;para&nbsp;repassar a empresas privadas trechos devolvidos de&nbsp;ferrovias&nbsp;vai prever um formato de avalia\u00e7\u00e3o acelerada da&nbsp;modelagem&nbsp;econ\u00f4mico-financeira. A informa\u00e7\u00e3o foi dada pelo superintendente de&nbsp;Ferrovias&nbsp;da ANTT (Ag\u00eancia Nacional de Transportes Terrestres), Ismael Trinks, durante o ANTT Day, evento realizado na \u00faltima semana pela ag\u00eancia. [&hellip;]","og_url":"https:\/\/agenciainfra.com\/blog\/proposta-de-chamamento-publico-para-ferrovias-devolvidas-buscara-acelerar-modelagem-economica\/","og_site_name":"Ag\u00eancia iNFRA","article_publisher":"https:\/\/www.facebook.com\/ageninfra","article_published_time":"2023-06-27T12:00:00+00:00","og_image":[{"width":1202,"height":801,"url":"https:\/\/agenciainfra.com\/blog\/wp-content\/uploads\/2023\/06\/ismael-trinks-foto-governo-do-parana.jpg","type":"image\/jpeg"}],"author":"Ag\u00eancia iNFRA","twitter_card":"summary_large_image","twitter_creator":"@agencia_infra","twitter_site":"@agencia_infra","twitter_misc":{"Escrito por":"Ag\u00eancia iNFRA","Est. tempo de leitura":"5 minutos"},"schema":{"@context":"https:\/\/schema.org","@graph":[{"@type":"Article","@id":"https:\/\/agenciainfra.com\/blog\/proposta-de-chamamento-publico-para-ferrovias-devolvidas-buscara-acelerar-modelagem-economica\/#article","isPartOf":{"@id":"https:\/\/agenciainfra.com\/blog\/proposta-de-chamamento-publico-para-ferrovias-devolvidas-buscara-acelerar-modelagem-economica\/"},"author":{"name":"Ag\u00eancia iNFRA","@id":"https:\/\/agenciainfra.com\/blog\/#\/schema\/person\/34af08dff6adea4cb22b06612ba7acfa"},"headline":"Proposta de chamamento p\u00fablico para ferrovias devolvidas buscar\u00e1 acelerar modelagem econ\u00f4mica","datePublished":"2023-06-27T12:00:00+00:00","mainEntityOfPage":{"@id":"https:\/\/agenciainfra.com\/blog\/proposta-de-chamamento-publico-para-ferrovias-devolvidas-buscara-acelerar-modelagem-economica\/"},"wordCount":985,"publisher":{"@id":"https:\/\/agenciainfra.com\/blog\/#organization"},"image":{"@id":"https:\/\/agenciainfra.com\/blog\/proposta-de-chamamento-publico-para-ferrovias-devolvidas-buscara-acelerar-modelagem-economica\/#primaryimage"},"thumbnailUrl":"https:\/\/agenciainfra.com\/blog\/wp-content\/uploads\/2023\/06\/ismael-trinks-foto-governo-do-parana.jpg","keywords":["ANTT","ANTT day","concess\u00f5es","devolu\u00e7\u00f5es","DNIT","Ferrovias","Ismael Trinks","novo marco","Regula\u00e7\u00e3o","TCU","transporte ferrovi\u00e1rio"],"articleSection":["Geral","iNFRATransporte"],"inLanguage":"pt-BR","copyrightYear":"2023","copyrightHolder":{"@id":"https:\/\/agenciainfra.com\/blog\/#organization"}},{"@type":"WebPage","@id":"https:\/\/agenciainfra.com\/blog\/proposta-de-chamamento-publico-para-ferrovias-devolvidas-buscara-acelerar-modelagem-economica\/","url":"https:\/\/agenciainfra.com\/blog\/proposta-de-chamamento-publico-para-ferrovias-devolvidas-buscara-acelerar-modelagem-economica\/","name":"Proposta de chamamento p\u00fablico para ferrovias devolvidas buscar\u00e1 acelerar modelagem econ\u00f4mica - Ag\u00eancia iNFRA","isPartOf":{"@id":"https:\/\/agenciainfra.com\/blog\/#website"},"primaryImageOfPage":{"@id":"https:\/\/agenciainfra.com\/blog\/proposta-de-chamamento-publico-para-ferrovias-devolvidas-buscara-acelerar-modelagem-economica\/#primaryimage"},"image":{"@id":"https:\/\/agenciainfra.com\/blog\/proposta-de-chamamento-publico-para-ferrovias-devolvidas-buscara-acelerar-modelagem-economica\/#primaryimage"},"thumbnailUrl":"https:\/\/agenciainfra.com\/blog\/wp-content\/uploads\/2023\/06\/ismael-trinks-foto-governo-do-parana.jpg","datePublished":"2023-06-27T12:00:00+00:00","breadcrumb":{"@id":"https:\/\/agenciainfra.com\/blog\/proposta-de-chamamento-publico-para-ferrovias-devolvidas-buscara-acelerar-modelagem-economica\/#breadcrumb"},"inLanguage":"pt-BR","potentialAction":[{"@type":"ReadAction","target":["https:\/\/agenciainfra.com\/blog\/proposta-de-chamamento-publico-para-ferrovias-devolvidas-buscara-acelerar-modelagem-economica\/"]}]},{"@type":"ImageObject","inLanguage":"pt-BR","@id":"https:\/\/agenciainfra.com\/blog\/proposta-de-chamamento-publico-para-ferrovias-devolvidas-buscara-acelerar-modelagem-economica\/#primaryimage","url":"https:\/\/agenciainfra.com\/blog\/wp-content\/uploads\/2023\/06\/ismael-trinks-foto-governo-do-parana.jpg","contentUrl":"https:\/\/agenciainfra.com\/blog\/wp-content\/uploads\/2023\/06\/ismael-trinks-foto-governo-do-parana.jpg","width":1202,"height":801},{"@type":"BreadcrumbList","@id":"https:\/\/agenciainfra.com\/blog\/proposta-de-chamamento-publico-para-ferrovias-devolvidas-buscara-acelerar-modelagem-economica\/#breadcrumb","itemListElement":[{"@type":"ListItem","position":1,"name":"In\u00edcio","item":"https:\/\/agenciainfra.com\/blog\/"},{"@type":"ListItem","position":2,"name":"Proposta de chamamento p\u00fablico para ferrovias devolvidas buscar\u00e1 acelerar modelagem econ\u00f4mica"}]},{"@type":"WebSite","@id":"https:\/\/agenciainfra.com\/blog\/#website","url":"https:\/\/agenciainfra.com\/blog\/","name":"Ag\u00eancia iNFRA","description":"Multiplataforma de informa\u00e7\u00e3o jornal\u00edstica refer\u00eancia na \u00e1rea de infraestrutura no Brasil!","publisher":{"@id":"https:\/\/agenciainfra.com\/blog\/#organization"},"potentialAction":[{"@type":"SearchAction","target":{"@type":"EntryPoint","urlTemplate":"https:\/\/agenciainfra.com\/blog\/?s={search_term_string}"},"query-input":{"@type":"PropertyValueSpecification","valueRequired":true,"valueName":"search_term_string"}}],"inLanguage":"pt-BR"},{"@type":"Organization","@id":"https:\/\/agenciainfra.com\/blog\/#organization","name":"Ag\u00eancia iNFRA","url":"https:\/\/agenciainfra.com\/blog\/","logo":{"@type":"ImageObject","inLanguage":"pt-BR","@id":"https:\/\/agenciainfra.com\/blog\/#\/schema\/logo\/image\/","url":"https:\/\/agenciainfra.com\/blog\/wp-content\/uploads\/2023\/09\/iNFRA_5-e1761735885940.png","contentUrl":"https:\/\/agenciainfra.com\/blog\/wp-content\/uploads\/2023\/09\/iNFRA_5-e1761735885940.png","width":1672,"height":454,"caption":"Ag\u00eancia iNFRA"},"image":{"@id":"https:\/\/agenciainfra.com\/blog\/#\/schema\/logo\/image\/"},"sameAs":["https:\/\/www.facebook.com\/ageninfra","https:\/\/x.com\/agencia_infra","https:\/\/www.linkedin.com\/company\/ag\u00eanciainfra\/","https:\/\/www.instagram.com\/agenciainfra\/"]},{"@type":"Person","@id":"https:\/\/agenciainfra.com\/blog\/#\/schema\/person\/34af08dff6adea4cb22b06612ba7acfa","name":"Ag\u00eancia iNFRA","image":{"@type":"ImageObject","inLanguage":"pt-BR","@id":"https:\/\/agenciainfra.com\/blog\/#\/schema\/person\/image\/","url":"https:\/\/secure.gravatar.com\/avatar\/d189e01678f06d8eb84d4e01f08eb848b3fffe3f8443818d3c356c66892f5be8?s=96&d=mm&r=g","contentUrl":"https:\/\/secure.gravatar.com\/avatar\/d189e01678f06d8eb84d4e01f08eb848b3fffe3f8443818d3c356c66892f5be8?s=96&d=mm&r=g","caption":"Ag\u00eancia iNFRA"},"url":"https:\/\/agenciainfra.com\/blog\/author\/admin\/"}]}},"_links":{"self":[{"href":"https:\/\/agenciainfra.com\/blog\/wp-json\/wp\/v2\/posts\/12941","targetHints":{"allow":["GET"]}}],"collection":[{"href":"https:\/\/agenciainfra.com\/blog\/wp-json\/wp\/v2\/posts"}],"about":[{"href":"https:\/\/agenciainfra.com\/blog\/wp-json\/wp\/v2\/types\/post"}],"author":[{"embeddable":true,"href":"https:\/\/agenciainfra.com\/blog\/wp-json\/wp\/v2\/users\/1"}],"replies":[{"embeddable":true,"href":"https:\/\/agenciainfra.com\/blog\/wp-json\/wp\/v2\/comments?post=12941"}],"version-history":[{"count":0,"href":"https:\/\/agenciainfra.com\/blog\/wp-json\/wp\/v2\/posts\/12941\/revisions"}],"wp:featuredmedia":[{"embeddable":true,"href":"https:\/\/agenciainfra.com\/blog\/wp-json\/wp\/v2\/media\/12943"}],"wp:attachment":[{"href":"https:\/\/agenciainfra.com\/blog\/wp-json\/wp\/v2\/media?parent=12941"}],"wp:term":[{"taxonomy":"category","embeddable":true,"href":"https:\/\/agenciainfra.com\/blog\/wp-json\/wp\/v2\/categories?post=12941"},{"taxonomy":"post_tag","embeddable":true,"href":"https:\/\/agenciainfra.com\/blog\/wp-json\/wp\/v2\/tags?post=12941"}],"curies":[{"name":"wp","href":"https:\/\/api.w.org\/{rel}","templated":true}]}}