{"id":12949,"date":"2023-06-27T11:00:00","date_gmt":"2023-06-27T14:00:00","guid":{"rendered":"https:\/\/www.agenciainfra.com\/blog\/?p=12949"},"modified":"2023-06-27T10:54:58","modified_gmt":"2023-06-27T13:54:58","slug":"infradebate-precatorios-agu-teme-atrasos-em-pagamentos-e-pede-garantias","status":"publish","type":"post","link":"https:\/\/agenciainfra.com\/blog\/infradebate-precatorios-agu-teme-atrasos-em-pagamentos-e-pede-garantias\/","title":{"rendered":"iNFRADebate: Precat\u00f3rios \u2013 AGU teme atrasos em pagamentos e pede garantias"},"content":{"rendered":"\n<p class=\"has-text-align-right\"><strong>Flavio Brando* e Carlos Eduardo Lima Jorge**<\/strong><\/p>\n\n\n\n<p>A AGU (Advocacia-Geral da Uni\u00e3o) apresentou proposta de regulamenta\u00e7\u00e3o do uso de precat\u00f3rios para diversas finalidades, como outorgas para concess\u00f5es, pagamento de impostos, im\u00f3veis, entre outras. O tema est\u00e1 em consulta p\u00fablica at\u00e9 o pr\u00f3ximo dia 30 de junho. \u00c9 importante lembrar que precat\u00f3rio \u00e9 uma ordem judicial para pagamento em dinheiro e a possibilidade de utiliza\u00e7\u00e3o est\u00e1 prevista na Constitui\u00e7\u00e3o Federal.<\/p>\n\n\n\n<p>Na hierarquia das leis, a Carta Magna \u00e9 suprema e as leis inferiores n\u00e3o podem criar obst\u00e1culos pr\u00e1ticos para sua utiliza\u00e7\u00e3o ou regras diferentes customizadas de acordo com a inten\u00e7\u00e3o do devedor. Ou seja, portaria n\u00e3o modifica a Constitui\u00e7\u00e3o.<\/p>\n\n\n\n<p>A origem disso segue a contram\u00e3o dessa supremacia legal. A AGU revogou a normativa que regulamentava os procedimentos para a utiliza\u00e7\u00e3o de precat\u00f3rios em pagamentos a entidades p\u00fablicas federais. O \u00f3rg\u00e3o ainda destacou um grupo de trabalho para elaborar nova norma sobre o tema.&nbsp;&nbsp;&nbsp;&nbsp;&nbsp;&nbsp;&nbsp;&nbsp;&nbsp;&nbsp;<\/p>\n\n\n\n<p>Na proposta apresentada, a AGU sugere uma engenharia burocr\u00e1tica bastante complexa quando se trata de operacionalizar a utiliza\u00e7\u00e3o dos precat\u00f3rios. Um novo contencioso administrativo surgir\u00e1, certamente.<\/p>\n\n\n\n<p>Est\u00e1 mais do que provado, no mundo real de transa\u00e7\u00f5es di\u00e1rias de milh\u00f5es de t\u00edtulos, a\u00e7\u00f5es, debentures, quotas de fundos, c\u00e2mbio, que a iniciativa privada pode prestar servi\u00e7os de c\u00e1lculos e transa\u00e7\u00f5es de qualquer tipo, com seguran\u00e7a e total confiabilidade.<\/p>\n\n\n\n<p>J\u00e1 as a\u00e7\u00f5es de empresas p\u00fablicas, t\u00edtulos do Tesouro (d\u00edvidas volunt\u00e1rias) s\u00e3o negociados sem intercorr\u00eancias na B3 (antiga Bolsa de Valores). Bilh\u00f5es e bilh\u00f5es.<\/p>\n\n\n\n<p>Diante deste cen\u00e1rio, chama a aten\u00e7\u00e3o uma das sugest\u00f5es da AGU para a utiliza\u00e7\u00e3o dos precat\u00f3rios. A proposta diz que os titulares ter\u00e3o que apresentar garantias (dinheiro, fian\u00e7a, etc.) que o pr\u00f3prio devedor, o Brasil, pagar\u00e1! Ou seja, o credor ter\u00e1 que dar uma garantia que o devedor honrar\u00e1 o pagamento para si mesmo!<\/p>\n\n\n\n<p>Qual a melhor op\u00e7\u00e3o? A securitiza\u00e7\u00e3o. A evolu\u00e7\u00e3o do precat\u00f3rio para algo parecido \u00e0s LTN (Letras do Tesouro Nacional) ou TDA (T\u00edtulos da D\u00edvida Agr\u00e1ria). Os TDAs s\u00e3o t\u00edtulos oriundos de processos judiciais e que se transformaram em t\u00edtulos eletr\u00f4nicos, aut\u00f4nomos e circul\u00e1veis. T\u00eam valor de face, juros e corre\u00e7\u00f5es conhecidos, como deve ser com os precat\u00f3rios.<\/p>\n\n\n\n<p>Certamente que exigir\u00e1 um trabalho herc\u00faleo. Contudo, h\u00e1 alguns anos a diretoria da CETIP (Central de Cust\u00f3dia e de Liquida\u00e7\u00e3o Financeira de T\u00edtulos Privados), hoje incorporada \u00e0 B3, enviou ao Tribunal de Justi\u00e7a de S\u00e3o Paulo uma proposta de fazer isto tudo sem custo para o Tribunal, visando a cria\u00e7\u00e3o de um mercado novo de t\u00edtulos (os judiciais), batizados de PRECS.<\/p>\n\n\n\n<p>A AGU deveria ouvir a B3 e empresas do mercado. Sem essa troca de conhecimento, coloca em xeque esta consulta p\u00fablica.<\/p>\n\n\n\n<p>O precat\u00f3rio deveria sair do ambiente judicial, que n\u00e3o tem voca\u00e7\u00e3o nem est\u00e1 aparelhado para o trabalho de controle de pagamento de milh\u00f5es de t\u00edtulos.<\/p>\n\n\n\n<p>E o dinheiro para pagamento? A reestrutura\u00e7\u00e3o de d\u00edvidas p\u00fablicas bilion\u00e1rias (a m\u00e9trica brasileira j\u00e1 est\u00e1 indo para trilh\u00f5es&#8230;) exige conhecimento e experi\u00eancia de bancos internacionais, como Banco Mundial, na \u00e1rea p\u00fablica ou particulares, como o J.P. Morgan, que h\u00e1 poucas semanas salvou o mercado financeiro mundial de uma recess\u00e3o. Bancos brasileiros, p\u00fablicos e privados deveriam participar da miss\u00e3o.<\/p>\n\n\n\n<p>Somente o mercado internacional tem recursos bilion\u00e1rios para financiar uma mega reestrutura\u00e7\u00e3o de d\u00edvidas p\u00fablicas, inclusive com <em>funding<\/em> para os entes devedores.<\/p>\n\n\n\n<p>Uni\u00e3o, estados e munic\u00edpios devem vender suas d\u00edvidas ativas, terrenos e ativos ociosos. Lembremos a \u201cconcordata\u201d da cidade de Detroit e da <em>Resolution Trust Corp<\/em>., na \u00e9poca da crise das hipotecas dos Estados Unidos. A Resolution recebeu os ativos imobili\u00e1rios como ativos e os foi vendendo para pagar os passivos hipotec\u00e1rios.<\/p>\n\n\n\n<p>Uma a\u00e7\u00e3o inovadora, recentemente permitiu-se a venda de cr\u00e9ditos de carbono em concess\u00f5es de florestas p\u00fablicas, uma inova\u00e7\u00e3o bem-vinda.<\/p>\n\n\n\n<p>\u00c9 importante ressaltar que precat\u00f3rios s\u00e3o um problema de finan\u00e7as p\u00fablicas e n\u00e3o judicial. Os movimentos legislativos e judiciais ter\u00e3o que ser coordenados com as leis econ\u00f4micas e de mercado. N\u00e3o podemos ser conhecidos como inimigos do meio-ambiente, direitos humanos, burocr\u00e1ticos e inadimplentes contumazes. O Brasil tem tudo para se tornar a Ar\u00e1bia Saudita da bioeconomia verde, um dos maiores e melhores pa\u00edses do mundo, com justi\u00e7a social e oportunidades para todos.<\/p>\n\n\n\n<h6 class=\"wp-block-heading\" id=\"block-aa9ff8cf-f9c2-435f-85ff-56a599c37bc9\"><strong><strong>*Flavio Brando \u00e9 advogado e ex-presidente das comiss\u00f5es de precat\u00f3rios da OAB (Ordem dos Advogados do Brasil) Nacional e da OAB-SP.<\/strong><\/strong><\/h6>\n\n\n\n<h6 class=\"wp-block-heading\" id=\"block-aa9ff8cf-f9c2-435f-85ff-56a599c37bc9\"><strong>**Carlos Eduardo Lima Jorge \u00e9 presidente da Comiss\u00e3o de Infraestrutura da CBIC (C\u00e2mara Brasileira da Ind\u00fastria da Constru\u00e7\u00e3o).<\/strong><\/h6>\n\n\n\n<h6 class=\"wp-block-heading\" id=\"block-aa9ff8cf-f9c2-435f-85ff-56a599c37bc9\">O iNFRADebate \u00e9 o espa\u00e7o de artigos da Ag\u00eancia iNFRA com opini\u00f5es de seus atores que n\u00e3o refletem necessariamente o pensamento da Ag\u00eancia iNFRA, sendo de total responsabilidade do autor as informa\u00e7\u00f5es, ju\u00edzos de valor e conceitos descritos no texto.<\/h6>\n","protected":false},"excerpt":{"rendered":"<p>Flavio Brando* e Carlos Eduardo Lima Jorge** A AGU (Advocacia-Geral da Uni\u00e3o) apresentou proposta de regulamenta\u00e7\u00e3o do uso de precat\u00f3rios para diversas finalidades, como outorgas para concess\u00f5es, pagamento de impostos, im\u00f3veis, entre outras. O tema est\u00e1 em consulta p\u00fablica at\u00e9 o pr\u00f3ximo dia 30 de junho. \u00c9 importante lembrar que precat\u00f3rio \u00e9 uma ordem judicial [&hellip;]<\/p>\n","protected":false},"author":1,"featured_media":12952,"comment_status":"closed","ping_status":"closed","sticky":false,"template":"","format":"standard","meta":{"_monsterinsights_skip_tracking":false,"_monsterinsights_sitenote_active":false,"_monsterinsights_sitenote_note":"","_monsterinsights_sitenote_category":0,"footnotes":""},"categories":[1,11],"tags":[6935,353,522,3972,6936,6934,622,6933,6938,5183,6939,6937],"class_list":["post-12949","post","type-post","status-publish","format-standard","has-post-thumbnail","hentry","category-geral","category-infradebate","tag-acoes","tag-agu","tag-banco-mundial","tag-carlos-eduardo-lima-jorge","tag-cetip","tag-contencioso","tag-debentures","tag-flavio-brando","tag-ltn","tag-precatorios","tag-precs","tag-tda"],"yoast_head":"<!-- This site is optimized with the Yoast SEO Premium plugin v25.4 (Yoast SEO v26.0) - https:\/\/yoast.com\/wordpress\/plugins\/seo\/ -->\n<title>iNFRADebate: Precat\u00f3rios \u2013 AGU teme atrasos em pagamentos e pede garantias - Ag\u00eancia iNFRA<\/title>\n<meta name=\"robots\" content=\"index, follow, max-snippet:-1, max-image-preview:large, max-video-preview:-1\" \/>\n<link rel=\"canonical\" href=\"https:\/\/agenciainfra.com\/blog\/infradebate-precatorios-agu-teme-atrasos-em-pagamentos-e-pede-garantias\/\" \/>\n<meta property=\"og:locale\" content=\"pt_BR\" \/>\n<meta property=\"og:type\" content=\"article\" \/>\n<meta property=\"og:title\" content=\"iNFRADebate: Precat\u00f3rios \u2013 AGU teme atrasos em pagamentos e pede garantias\" \/>\n<meta property=\"og:description\" content=\"Flavio Brando* e Carlos Eduardo Lima Jorge** A AGU (Advocacia-Geral da Uni\u00e3o) apresentou proposta de regulamenta\u00e7\u00e3o do uso de precat\u00f3rios para diversas finalidades, como outorgas para concess\u00f5es, pagamento de impostos, im\u00f3veis, entre outras. O tema est\u00e1 em consulta p\u00fablica at\u00e9 o pr\u00f3ximo dia 30 de junho. \u00c9 importante lembrar que precat\u00f3rio \u00e9 uma ordem judicial [&hellip;]\" \/>\n<meta property=\"og:url\" content=\"https:\/\/agenciainfra.com\/blog\/infradebate-precatorios-agu-teme-atrasos-em-pagamentos-e-pede-garantias\/\" \/>\n<meta property=\"og:site_name\" content=\"Ag\u00eancia iNFRA\" \/>\n<meta property=\"article:publisher\" content=\"https:\/\/www.facebook.com\/ageninfra\" \/>\n<meta property=\"article:published_time\" content=\"2023-06-27T14:00:00+00:00\" \/>\n<meta property=\"og:image\" content=\"https:\/\/agenciainfra.com\/blog\/wp-content\/uploads\/2023\/06\/montagem-flavio-brando-e-outros.jpeg\" \/>\n\t<meta property=\"og:image:width\" content=\"1200\" \/>\n\t<meta property=\"og:image:height\" content=\"800\" \/>\n\t<meta property=\"og:image:type\" content=\"image\/jpeg\" \/>\n<meta name=\"author\" content=\"Ag\u00eancia iNFRA\" \/>\n<meta name=\"twitter:card\" content=\"summary_large_image\" \/>\n<meta name=\"twitter:creator\" content=\"@agencia_infra\" \/>\n<meta name=\"twitter:site\" content=\"@agencia_infra\" \/>\n<meta name=\"twitter:label1\" content=\"Escrito por\" \/>\n\t<meta name=\"twitter:data1\" content=\"Ag\u00eancia iNFRA\" \/>\n\t<meta name=\"twitter:label2\" content=\"Est. tempo de leitura\" \/>\n\t<meta name=\"twitter:data2\" content=\"4 minutos\" \/>\n<script type=\"application\/ld+json\" class=\"yoast-schema-graph\">{\"@context\":\"https:\/\/schema.org\",\"@graph\":[{\"@type\":\"Article\",\"@id\":\"https:\/\/agenciainfra.com\/blog\/infradebate-precatorios-agu-teme-atrasos-em-pagamentos-e-pede-garantias\/#article\",\"isPartOf\":{\"@id\":\"https:\/\/agenciainfra.com\/blog\/infradebate-precatorios-agu-teme-atrasos-em-pagamentos-e-pede-garantias\/\"},\"author\":{\"name\":\"Ag\u00eancia iNFRA\",\"@id\":\"https:\/\/agenciainfra.com\/blog\/#\/schema\/person\/34af08dff6adea4cb22b06612ba7acfa\"},\"headline\":\"iNFRADebate: Precat\u00f3rios \u2013 AGU teme atrasos em pagamentos e pede garantias\",\"datePublished\":\"2023-06-27T14:00:00+00:00\",\"mainEntityOfPage\":{\"@id\":\"https:\/\/agenciainfra.com\/blog\/infradebate-precatorios-agu-teme-atrasos-em-pagamentos-e-pede-garantias\/\"},\"wordCount\":907,\"publisher\":{\"@id\":\"https:\/\/agenciainfra.com\/blog\/#organization\"},\"image\":{\"@id\":\"https:\/\/agenciainfra.com\/blog\/infradebate-precatorios-agu-teme-atrasos-em-pagamentos-e-pede-garantias\/#primaryimage\"},\"thumbnailUrl\":\"https:\/\/agenciainfra.com\/blog\/wp-content\/uploads\/2023\/06\/montagem-flavio-brando-e-outros.jpeg\",\"keywords\":[\"a\u00e7\u00f5es\",\"AGU\",\"Banco Mundial\",\"Carlos Eduardo Lima Jorge\",\"CETIP\",\"contencioso\",\"deb\u00eantures\",\"Flavio Brando\",\"LTN\",\"precat\u00f3rios\",\"PRECS\",\"TDA\"],\"articleSection\":[\"Geral\",\"iNFRADebate\"],\"inLanguage\":\"pt-BR\",\"copyrightYear\":\"2023\",\"copyrightHolder\":{\"@id\":\"https:\/\/agenciainfra.com\/blog\/#organization\"}},{\"@type\":\"WebPage\",\"@id\":\"https:\/\/agenciainfra.com\/blog\/infradebate-precatorios-agu-teme-atrasos-em-pagamentos-e-pede-garantias\/\",\"url\":\"https:\/\/agenciainfra.com\/blog\/infradebate-precatorios-agu-teme-atrasos-em-pagamentos-e-pede-garantias\/\",\"name\":\"iNFRADebate: Precat\u00f3rios \u2013 AGU teme atrasos em pagamentos e pede garantias - Ag\u00eancia iNFRA\",\"isPartOf\":{\"@id\":\"https:\/\/agenciainfra.com\/blog\/#website\"},\"primaryImageOfPage\":{\"@id\":\"https:\/\/agenciainfra.com\/blog\/infradebate-precatorios-agu-teme-atrasos-em-pagamentos-e-pede-garantias\/#primaryimage\"},\"image\":{\"@id\":\"https:\/\/agenciainfra.com\/blog\/infradebate-precatorios-agu-teme-atrasos-em-pagamentos-e-pede-garantias\/#primaryimage\"},\"thumbnailUrl\":\"https:\/\/agenciainfra.com\/blog\/wp-content\/uploads\/2023\/06\/montagem-flavio-brando-e-outros.jpeg\",\"datePublished\":\"2023-06-27T14:00:00+00:00\",\"breadcrumb\":{\"@id\":\"https:\/\/agenciainfra.com\/blog\/infradebate-precatorios-agu-teme-atrasos-em-pagamentos-e-pede-garantias\/#breadcrumb\"},\"inLanguage\":\"pt-BR\",\"potentialAction\":[{\"@type\":\"ReadAction\",\"target\":[\"https:\/\/agenciainfra.com\/blog\/infradebate-precatorios-agu-teme-atrasos-em-pagamentos-e-pede-garantias\/\"]}]},{\"@type\":\"ImageObject\",\"inLanguage\":\"pt-BR\",\"@id\":\"https:\/\/agenciainfra.com\/blog\/infradebate-precatorios-agu-teme-atrasos-em-pagamentos-e-pede-garantias\/#primaryimage\",\"url\":\"https:\/\/agenciainfra.com\/blog\/wp-content\/uploads\/2023\/06\/montagem-flavio-brando-e-outros.jpeg\",\"contentUrl\":\"https:\/\/agenciainfra.com\/blog\/wp-content\/uploads\/2023\/06\/montagem-flavio-brando-e-outros.jpeg\",\"width\":1200,\"height\":800},{\"@type\":\"BreadcrumbList\",\"@id\":\"https:\/\/agenciainfra.com\/blog\/infradebate-precatorios-agu-teme-atrasos-em-pagamentos-e-pede-garantias\/#breadcrumb\",\"itemListElement\":[{\"@type\":\"ListItem\",\"position\":1,\"name\":\"In\u00edcio\",\"item\":\"https:\/\/agenciainfra.com\/blog\/\"},{\"@type\":\"ListItem\",\"position\":2,\"name\":\"iNFRADebate: Precat\u00f3rios \u2013 AGU teme atrasos em pagamentos e pede garantias\"}]},{\"@type\":\"WebSite\",\"@id\":\"https:\/\/agenciainfra.com\/blog\/#website\",\"url\":\"https:\/\/agenciainfra.com\/blog\/\",\"name\":\"Ag\u00eancia iNFRA\",\"description\":\"Multiplataforma de informa\u00e7\u00e3o jornal\u00edstica refer\u00eancia na \u00e1rea de infraestrutura no Brasil!\",\"publisher\":{\"@id\":\"https:\/\/agenciainfra.com\/blog\/#organization\"},\"potentialAction\":[{\"@type\":\"SearchAction\",\"target\":{\"@type\":\"EntryPoint\",\"urlTemplate\":\"https:\/\/agenciainfra.com\/blog\/?s={search_term_string}\"},\"query-input\":{\"@type\":\"PropertyValueSpecification\",\"valueRequired\":true,\"valueName\":\"search_term_string\"}}],\"inLanguage\":\"pt-BR\"},{\"@type\":\"Organization\",\"@id\":\"https:\/\/agenciainfra.com\/blog\/#organization\",\"name\":\"Ag\u00eancia iNFRA\",\"url\":\"https:\/\/agenciainfra.com\/blog\/\",\"logo\":{\"@type\":\"ImageObject\",\"inLanguage\":\"pt-BR\",\"@id\":\"https:\/\/agenciainfra.com\/blog\/#\/schema\/logo\/image\/\",\"url\":\"https:\/\/agenciainfra.com\/blog\/wp-content\/uploads\/2023\/09\/iNFRA_5-e1761735885940.png\",\"contentUrl\":\"https:\/\/agenciainfra.com\/blog\/wp-content\/uploads\/2023\/09\/iNFRA_5-e1761735885940.png\",\"width\":1672,\"height\":454,\"caption\":\"Ag\u00eancia iNFRA\"},\"image\":{\"@id\":\"https:\/\/agenciainfra.com\/blog\/#\/schema\/logo\/image\/\"},\"sameAs\":[\"https:\/\/www.facebook.com\/ageninfra\",\"https:\/\/x.com\/agencia_infra\",\"https:\/\/www.linkedin.com\/company\/ag\u00eanciainfra\/\",\"https:\/\/www.instagram.com\/agenciainfra\/\"]},{\"@type\":\"Person\",\"@id\":\"https:\/\/agenciainfra.com\/blog\/#\/schema\/person\/34af08dff6adea4cb22b06612ba7acfa\",\"name\":\"Ag\u00eancia iNFRA\",\"image\":{\"@type\":\"ImageObject\",\"inLanguage\":\"pt-BR\",\"@id\":\"https:\/\/agenciainfra.com\/blog\/#\/schema\/person\/image\/\",\"url\":\"https:\/\/secure.gravatar.com\/avatar\/d189e01678f06d8eb84d4e01f08eb848b3fffe3f8443818d3c356c66892f5be8?s=96&d=mm&r=g\",\"contentUrl\":\"https:\/\/secure.gravatar.com\/avatar\/d189e01678f06d8eb84d4e01f08eb848b3fffe3f8443818d3c356c66892f5be8?s=96&d=mm&r=g\",\"caption\":\"Ag\u00eancia iNFRA\"},\"url\":\"https:\/\/agenciainfra.com\/blog\/author\/admin\/\"}]}<\/script>\n<!-- \/ Yoast SEO Premium plugin. -->","yoast_head_json":{"title":"iNFRADebate: Precat\u00f3rios \u2013 AGU teme atrasos em pagamentos e pede garantias - Ag\u00eancia iNFRA","robots":{"index":"index","follow":"follow","max-snippet":"max-snippet:-1","max-image-preview":"max-image-preview:large","max-video-preview":"max-video-preview:-1"},"canonical":"https:\/\/agenciainfra.com\/blog\/infradebate-precatorios-agu-teme-atrasos-em-pagamentos-e-pede-garantias\/","og_locale":"pt_BR","og_type":"article","og_title":"iNFRADebate: Precat\u00f3rios \u2013 AGU teme atrasos em pagamentos e pede garantias","og_description":"Flavio Brando* e Carlos Eduardo Lima Jorge** A AGU (Advocacia-Geral da Uni\u00e3o) apresentou proposta de regulamenta\u00e7\u00e3o do uso de precat\u00f3rios para diversas finalidades, como outorgas para concess\u00f5es, pagamento de impostos, im\u00f3veis, entre outras. O tema est\u00e1 em consulta p\u00fablica at\u00e9 o pr\u00f3ximo dia 30 de junho. \u00c9 importante lembrar que precat\u00f3rio \u00e9 uma ordem judicial [&hellip;]","og_url":"https:\/\/agenciainfra.com\/blog\/infradebate-precatorios-agu-teme-atrasos-em-pagamentos-e-pede-garantias\/","og_site_name":"Ag\u00eancia iNFRA","article_publisher":"https:\/\/www.facebook.com\/ageninfra","article_published_time":"2023-06-27T14:00:00+00:00","og_image":[{"width":1200,"height":800,"url":"https:\/\/agenciainfra.com\/blog\/wp-content\/uploads\/2023\/06\/montagem-flavio-brando-e-outros.jpeg","type":"image\/jpeg"}],"author":"Ag\u00eancia iNFRA","twitter_card":"summary_large_image","twitter_creator":"@agencia_infra","twitter_site":"@agencia_infra","twitter_misc":{"Escrito por":"Ag\u00eancia iNFRA","Est. tempo de leitura":"4 minutos"},"schema":{"@context":"https:\/\/schema.org","@graph":[{"@type":"Article","@id":"https:\/\/agenciainfra.com\/blog\/infradebate-precatorios-agu-teme-atrasos-em-pagamentos-e-pede-garantias\/#article","isPartOf":{"@id":"https:\/\/agenciainfra.com\/blog\/infradebate-precatorios-agu-teme-atrasos-em-pagamentos-e-pede-garantias\/"},"author":{"name":"Ag\u00eancia iNFRA","@id":"https:\/\/agenciainfra.com\/blog\/#\/schema\/person\/34af08dff6adea4cb22b06612ba7acfa"},"headline":"iNFRADebate: Precat\u00f3rios \u2013 AGU teme atrasos em pagamentos e pede garantias","datePublished":"2023-06-27T14:00:00+00:00","mainEntityOfPage":{"@id":"https:\/\/agenciainfra.com\/blog\/infradebate-precatorios-agu-teme-atrasos-em-pagamentos-e-pede-garantias\/"},"wordCount":907,"publisher":{"@id":"https:\/\/agenciainfra.com\/blog\/#organization"},"image":{"@id":"https:\/\/agenciainfra.com\/blog\/infradebate-precatorios-agu-teme-atrasos-em-pagamentos-e-pede-garantias\/#primaryimage"},"thumbnailUrl":"https:\/\/agenciainfra.com\/blog\/wp-content\/uploads\/2023\/06\/montagem-flavio-brando-e-outros.jpeg","keywords":["a\u00e7\u00f5es","AGU","Banco Mundial","Carlos Eduardo Lima Jorge","CETIP","contencioso","deb\u00eantures","Flavio Brando","LTN","precat\u00f3rios","PRECS","TDA"],"articleSection":["Geral","iNFRADebate"],"inLanguage":"pt-BR","copyrightYear":"2023","copyrightHolder":{"@id":"https:\/\/agenciainfra.com\/blog\/#organization"}},{"@type":"WebPage","@id":"https:\/\/agenciainfra.com\/blog\/infradebate-precatorios-agu-teme-atrasos-em-pagamentos-e-pede-garantias\/","url":"https:\/\/agenciainfra.com\/blog\/infradebate-precatorios-agu-teme-atrasos-em-pagamentos-e-pede-garantias\/","name":"iNFRADebate: Precat\u00f3rios \u2013 AGU teme atrasos em pagamentos e pede garantias - Ag\u00eancia iNFRA","isPartOf":{"@id":"https:\/\/agenciainfra.com\/blog\/#website"},"primaryImageOfPage":{"@id":"https:\/\/agenciainfra.com\/blog\/infradebate-precatorios-agu-teme-atrasos-em-pagamentos-e-pede-garantias\/#primaryimage"},"image":{"@id":"https:\/\/agenciainfra.com\/blog\/infradebate-precatorios-agu-teme-atrasos-em-pagamentos-e-pede-garantias\/#primaryimage"},"thumbnailUrl":"https:\/\/agenciainfra.com\/blog\/wp-content\/uploads\/2023\/06\/montagem-flavio-brando-e-outros.jpeg","datePublished":"2023-06-27T14:00:00+00:00","breadcrumb":{"@id":"https:\/\/agenciainfra.com\/blog\/infradebate-precatorios-agu-teme-atrasos-em-pagamentos-e-pede-garantias\/#breadcrumb"},"inLanguage":"pt-BR","potentialAction":[{"@type":"ReadAction","target":["https:\/\/agenciainfra.com\/blog\/infradebate-precatorios-agu-teme-atrasos-em-pagamentos-e-pede-garantias\/"]}]},{"@type":"ImageObject","inLanguage":"pt-BR","@id":"https:\/\/agenciainfra.com\/blog\/infradebate-precatorios-agu-teme-atrasos-em-pagamentos-e-pede-garantias\/#primaryimage","url":"https:\/\/agenciainfra.com\/blog\/wp-content\/uploads\/2023\/06\/montagem-flavio-brando-e-outros.jpeg","contentUrl":"https:\/\/agenciainfra.com\/blog\/wp-content\/uploads\/2023\/06\/montagem-flavio-brando-e-outros.jpeg","width":1200,"height":800},{"@type":"BreadcrumbList","@id":"https:\/\/agenciainfra.com\/blog\/infradebate-precatorios-agu-teme-atrasos-em-pagamentos-e-pede-garantias\/#breadcrumb","itemListElement":[{"@type":"ListItem","position":1,"name":"In\u00edcio","item":"https:\/\/agenciainfra.com\/blog\/"},{"@type":"ListItem","position":2,"name":"iNFRADebate: Precat\u00f3rios \u2013 AGU teme atrasos em pagamentos e pede garantias"}]},{"@type":"WebSite","@id":"https:\/\/agenciainfra.com\/blog\/#website","url":"https:\/\/agenciainfra.com\/blog\/","name":"Ag\u00eancia iNFRA","description":"Multiplataforma de informa\u00e7\u00e3o jornal\u00edstica refer\u00eancia na \u00e1rea de infraestrutura no Brasil!","publisher":{"@id":"https:\/\/agenciainfra.com\/blog\/#organization"},"potentialAction":[{"@type":"SearchAction","target":{"@type":"EntryPoint","urlTemplate":"https:\/\/agenciainfra.com\/blog\/?s={search_term_string}"},"query-input":{"@type":"PropertyValueSpecification","valueRequired":true,"valueName":"search_term_string"}}],"inLanguage":"pt-BR"},{"@type":"Organization","@id":"https:\/\/agenciainfra.com\/blog\/#organization","name":"Ag\u00eancia iNFRA","url":"https:\/\/agenciainfra.com\/blog\/","logo":{"@type":"ImageObject","inLanguage":"pt-BR","@id":"https:\/\/agenciainfra.com\/blog\/#\/schema\/logo\/image\/","url":"https:\/\/agenciainfra.com\/blog\/wp-content\/uploads\/2023\/09\/iNFRA_5-e1761735885940.png","contentUrl":"https:\/\/agenciainfra.com\/blog\/wp-content\/uploads\/2023\/09\/iNFRA_5-e1761735885940.png","width":1672,"height":454,"caption":"Ag\u00eancia iNFRA"},"image":{"@id":"https:\/\/agenciainfra.com\/blog\/#\/schema\/logo\/image\/"},"sameAs":["https:\/\/www.facebook.com\/ageninfra","https:\/\/x.com\/agencia_infra","https:\/\/www.linkedin.com\/company\/ag\u00eanciainfra\/","https:\/\/www.instagram.com\/agenciainfra\/"]},{"@type":"Person","@id":"https:\/\/agenciainfra.com\/blog\/#\/schema\/person\/34af08dff6adea4cb22b06612ba7acfa","name":"Ag\u00eancia iNFRA","image":{"@type":"ImageObject","inLanguage":"pt-BR","@id":"https:\/\/agenciainfra.com\/blog\/#\/schema\/person\/image\/","url":"https:\/\/secure.gravatar.com\/avatar\/d189e01678f06d8eb84d4e01f08eb848b3fffe3f8443818d3c356c66892f5be8?s=96&d=mm&r=g","contentUrl":"https:\/\/secure.gravatar.com\/avatar\/d189e01678f06d8eb84d4e01f08eb848b3fffe3f8443818d3c356c66892f5be8?s=96&d=mm&r=g","caption":"Ag\u00eancia iNFRA"},"url":"https:\/\/agenciainfra.com\/blog\/author\/admin\/"}]}},"_links":{"self":[{"href":"https:\/\/agenciainfra.com\/blog\/wp-json\/wp\/v2\/posts\/12949","targetHints":{"allow":["GET"]}}],"collection":[{"href":"https:\/\/agenciainfra.com\/blog\/wp-json\/wp\/v2\/posts"}],"about":[{"href":"https:\/\/agenciainfra.com\/blog\/wp-json\/wp\/v2\/types\/post"}],"author":[{"embeddable":true,"href":"https:\/\/agenciainfra.com\/blog\/wp-json\/wp\/v2\/users\/1"}],"replies":[{"embeddable":true,"href":"https:\/\/agenciainfra.com\/blog\/wp-json\/wp\/v2\/comments?post=12949"}],"version-history":[{"count":0,"href":"https:\/\/agenciainfra.com\/blog\/wp-json\/wp\/v2\/posts\/12949\/revisions"}],"wp:featuredmedia":[{"embeddable":true,"href":"https:\/\/agenciainfra.com\/blog\/wp-json\/wp\/v2\/media\/12952"}],"wp:attachment":[{"href":"https:\/\/agenciainfra.com\/blog\/wp-json\/wp\/v2\/media?parent=12949"}],"wp:term":[{"taxonomy":"category","embeddable":true,"href":"https:\/\/agenciainfra.com\/blog\/wp-json\/wp\/v2\/categories?post=12949"},{"taxonomy":"post_tag","embeddable":true,"href":"https:\/\/agenciainfra.com\/blog\/wp-json\/wp\/v2\/tags?post=12949"}],"curies":[{"name":"wp","href":"https:\/\/api.w.org\/{rel}","templated":true}]}}