{"id":12966,"date":"2023-06-30T10:00:00","date_gmt":"2023-06-30T13:00:00","guid":{"rendered":"https:\/\/www.agenciainfra.com\/blog\/?p=12966"},"modified":"2023-06-30T08:30:40","modified_gmt":"2023-06-30T11:30:40","slug":"ministerio-dos-transportes-criara-grupos-para-debater-free-flow-insumos-e-seguros-para-concessoes-rodoviarias","status":"publish","type":"post","link":"https:\/\/agenciainfra.com\/blog\/ministerio-dos-transportes-criara-grupos-para-debater-free-flow-insumos-e-seguros-para-concessoes-rodoviarias\/","title":{"rendered":"Minist\u00e9rio dos Transportes criar\u00e1 grupos para debater free flow, insumos e seguros para concess\u00f5es rodovi\u00e1rias"},"content":{"rendered":"\n<p class=\"has-text-align-right\"><strong>Dimmi Amora, da Ag\u00eancia iNFRA<\/strong><\/p>\n\n\n\n<p>O&nbsp;Minist\u00e9rio&nbsp;dos&nbsp;Transportes&nbsp;vai criar&nbsp;grupos&nbsp;de trabalho&nbsp;para&nbsp;debater&nbsp;com o setor privado tr\u00eas temas sobre&nbsp;concess\u00f5es&nbsp;rodovi\u00e1rias: a introdu\u00e7\u00e3o do&nbsp;free&nbsp;flow, a contrata\u00e7\u00e3o de&nbsp;seguros&nbsp;para&nbsp;obras&nbsp;e&nbsp;o fornecimento de&nbsp;insumos.&nbsp;<br><br>A necessidade de ampliar as conversas sobre esses tr\u00eas temas surgiu na an\u00e1lise&nbsp;dos&nbsp;primeiros encontros que os integrantes da pasta tiveram com&nbsp;grupos&nbsp;interessados nas&nbsp;concess\u00f5es, que pediram reuni\u00f5es ap\u00f3s a apresenta\u00e7\u00e3o do novo modelo do setor, em evento realizado no in\u00edcio do m\u00eas.<br><br>Em entrevista \u00e0&nbsp;<strong>Ag\u00eancia iNFRA<\/strong>, o secret\u00e1rio-executivo do&nbsp;minist\u00e9rio, George Santoro, disse que o interesse do mercado nas&nbsp;concess\u00f5es&nbsp;rodovi\u00e1rias&nbsp;foi grande, com 26 pedidos de reuni\u00f5es individuais apresentados ap\u00f3s esse encontro.<br><br>&#8220;Al\u00e9m das empresas que j\u00e1 est\u00e3o no mercado, h\u00e1 novos&nbsp;grupos&nbsp;se formando, juntando fundos com empresas do setor de constru\u00e7\u00e3o com experi\u00eancia, algumas que j\u00e1 atuaram no setor, montando cons\u00f3rcio&#8221;, contou Santoro sobre o perfil das companhias.<br><br>Uma primeira leva de encontros individuais aconteceu na semana passada&nbsp;e&nbsp;outra est\u00e1 prevista&nbsp;para&nbsp;a pr\u00f3xima semana. J\u00e1 nesses primeiros encontros, ficou clara a necessidade de aprofundar as discuss\u00f5es&nbsp;com o mercado sobre esses tr\u00eas temas.<br><br><strong>Free&nbsp;flow&nbsp;em cinco anos<\/strong><br>No caso do&nbsp;free&nbsp;flow, o an\u00fancio de que o governo quer transformar em cinco anos todas as pra\u00e7as de ped\u00e1gio do pa\u00eds, inclusive as atuais, em modelo de passagem livre, levou a d\u00favidas sobre como isso vai ser feito. A avalia\u00e7\u00e3o \u00e9 que s\u00e3o necess\u00e1rias mudan\u00e7as&nbsp;para&nbsp;ampliar mecanismos de enforcement&nbsp;para&nbsp;pagamentos&nbsp;e&nbsp;at\u00e9 mesmo&nbsp;para&nbsp;identifica\u00e7\u00e3o das placas.<br><br>No caso&nbsp;dos&nbsp;seguros, as empresas apontaram que o mercado segurador do pa\u00eds \u00e9 pequeno, com n\u00e3o mais que quatro companhias trabalhando com cobertura de riscos de engenharia, o que pode criar gargalos na medida em que o&nbsp;minist\u00e9rio&nbsp;quer criar novas matrizes de risco sobre o tema.<br><br><strong>Preocupa\u00e7\u00e3o com&nbsp;insumos<\/strong><br>Mas o tema que vem despertando maior preocupa\u00e7\u00e3o \u00e9 a produ\u00e7\u00e3o de&nbsp;insumos&nbsp;necess\u00e1rios&nbsp;para&nbsp;o agressivo programa anunciado, que pretende quase que triplicar a extens\u00e3o de rodovias concedidas no pa\u00eds nos pr\u00f3ximos cinco anos. Em duas reportagens, dispon\u00edveis&nbsp;<a href=\"https:\/\/agenciainfra.us14.list-manage.com\/track\/click?u=d460dd1bcf9ba0ae040e1fc0f&amp;id=a87b568c0c&amp;e=f0fa444791\" target=\"_blank\" rel=\"noreferrer noopener\">neste<\/a>&nbsp;e&nbsp;<a href=\"https:\/\/agenciainfra.us14.list-manage.com\/track\/click?u=d460dd1bcf9ba0ae040e1fc0f&amp;id=4d757174f9&amp;e=f0fa444791\" target=\"_blank\" rel=\"noreferrer noopener\">neste<\/a>&nbsp;links, a&nbsp;<strong>Ag\u00eancia iNFRA<\/strong>&nbsp;informou sobre a preocupa\u00e7\u00e3o&nbsp;com esse tema.<br><br>Segundo George Santoro, v\u00e1rias cadeias produtivas s\u00e3o apontadas como possivelmente incapazes de atender a toda a demanda. O secret\u00e1rio-executivo citou um&nbsp;dos&nbsp;casos que \u00e9 o&nbsp;dos&nbsp;insumos&nbsp;asf\u00e1lticos. Segundo ele, a pasta est\u00e1 buscando tratativas&nbsp;para&nbsp;receber parte desse insumo da Venezuela, em conversas com os representantes diplom\u00e1ticos do pa\u00eds vizinho.&nbsp;<br><br>O secret\u00e1rio-executivo explicou que a produ\u00e7\u00e3o no Brasil tem problemas regionais de abastecimento, especialmente no Norte&nbsp;e&nbsp;Nordeste do pa\u00eds. O Norte tamb\u00e9m sofre com licenciamentos&nbsp;para&nbsp;que as usinas que preparam o insumo possam funcionar.<br><br>&#8220;No Norte, as obras que avan\u00e7am mais s\u00e3o as que conseguem obter a licen\u00e7a&nbsp;para&nbsp;essas usinas&#8221;, explicou Santoro.<br><br><strong>Nova governan\u00e7a<\/strong><br>George Santoro, que veio da \u00e1rea de finan\u00e7as p\u00fablicas, disse que esses encontros com o mercado s\u00e3o importantes&nbsp;para&nbsp;tentar ampliar o n\u00famero de empresas no setor.&nbsp;Para&nbsp;isso, ele tamb\u00e9m determinou a mudan\u00e7a na governan\u00e7a desses encontros.<br><br>A partir de agora, o BNDES \u00e9 quem vai coordenar os encontros com o mercado,&nbsp;e&nbsp;haver\u00e1 a participa\u00e7\u00e3o de agentes de todos os \u00f3rg\u00e3os do governo envolvidos&nbsp;e&nbsp;convites&nbsp;para&nbsp;que servidores do TCU (Tribunal de Contas da Uni\u00e3o) tamb\u00e9m participem. A ideia \u00e9 evitar assimetria de informa\u00e7\u00f5es entre os agentes privados.<br><br><strong>Apoio \u00e0 estrutura\u00e7\u00e3o<\/strong><br>Outra provid\u00eancia, segundo ele, \u00e9 que o BNDES ofere\u00e7a apoio \u00e0 estrutura\u00e7\u00e3o financeira&nbsp;para&nbsp;os interessados desde a concep\u00e7\u00e3o das propostas&nbsp;para&nbsp;quem for participar&nbsp;dos&nbsp;leil\u00f5es. Santoro disse ter ficado &#8220;um pouco&#8221; assustado em saber que empresas entravam nas disputas por&nbsp;concess\u00f5es&nbsp;sem estar com essa etapa bem estruturada.<br><br>Outra mudan\u00e7a \u00e9 buscar modelar projetos com tamanhos menores, que tenham um n\u00edvel de investimento mais baixo que a m\u00e9dia das&nbsp;concess\u00f5es&nbsp;que vinham sendo modeladas na gest\u00e3o anterior, que ampliaram a concentra\u00e7\u00e3o de mercado no setor.<br><br>As duas&nbsp;concess\u00f5es&nbsp;que o atual governo soltou&nbsp;para&nbsp;serem feitas neste ano, de dois lotes rodovi\u00e1rios do Paran\u00e1, baseadas em modelagens que j\u00e1 vinham sendo feitas, seguiram essa caracter\u00edstica de grande volume de investimento, o que foi motivo de cr\u00edticas de empresas ouvidas.<br><br>&#8220;Numa reuni\u00e3o, uma pessoa falou que nunca tinha visto uma rodovia com tanta trombeta na vida. Eu n\u00e3o sabia o que era trombeta&nbsp;e&nbsp;fui me informar. \u00c9 o estado da arte, em termos de seguran\u00e7a. Mas ser\u00e1 que precisava de 20?&#8221;, questionou Santoro, referindo-se ao sistema de contornos em modelo escavado na rodovia, que s\u00e3o mais caros&nbsp;de serem implantados.<\/p>\n","protected":false},"excerpt":{"rendered":"<p>Dimmi Amora, da Ag\u00eancia iNFRA O&nbsp;Minist\u00e9rio&nbsp;dos&nbsp;Transportes&nbsp;vai criar&nbsp;grupos&nbsp;de trabalho&nbsp;para&nbsp;debater&nbsp;com o setor privado tr\u00eas temas sobre&nbsp;concess\u00f5es&nbsp;rodovi\u00e1rias: a introdu\u00e7\u00e3o do&nbsp;free&nbsp;flow, a contrata\u00e7\u00e3o de&nbsp;seguros&nbsp;para&nbsp;obras&nbsp;e&nbsp;o fornecimento de&nbsp;insumos.&nbsp; A necessidade de ampliar as conversas sobre esses tr\u00eas temas surgiu na an\u00e1lise&nbsp;dos&nbsp;primeiros encontros que os integrantes da pasta tiveram com&nbsp;grupos&nbsp;interessados nas&nbsp;concess\u00f5es, que pediram reuni\u00f5es ap\u00f3s a apresenta\u00e7\u00e3o do novo modelo do setor, [&hellip;]<\/p>\n","protected":false},"author":1,"featured_media":12967,"comment_status":"closed","ping_status":"closed","sticky":false,"template":"","format":"standard","meta":{"_monsterinsights_skip_tracking":false,"_monsterinsights_sitenote_active":false,"_monsterinsights_sitenote_note":"","_monsterinsights_sitenote_category":0,"footnotes":""},"categories":[1,7],"tags":[103,6955,78,1106,6956,6954,16,126,18,617],"class_list":["post-12966","post","type-post","status-publish","format-standard","has-post-thumbnail","hentry","category-geral","category-infratransporte","tag-bndes","tag-companhias","tag-concessoes","tag-free-flow","tag-george-santoro","tag-grupos-de-trabalho","tag-ministerio-dos-transportes","tag-rodovias","tag-tcu","tag-transporte"],"yoast_head":"<!-- This site is optimized with the Yoast SEO Premium plugin v25.4 (Yoast SEO v26.0) - https:\/\/yoast.com\/wordpress\/plugins\/seo\/ -->\n<title>Minist\u00e9rio dos Transportes criar\u00e1 grupos para debater free flow, insumos e seguros para concess\u00f5es rodovi\u00e1rias - Ag\u00eancia iNFRA<\/title>\n<meta name=\"robots\" content=\"index, follow, max-snippet:-1, max-image-preview:large, max-video-preview:-1\" \/>\n<link rel=\"canonical\" href=\"https:\/\/agenciainfra.com\/blog\/ministerio-dos-transportes-criara-grupos-para-debater-free-flow-insumos-e-seguros-para-concessoes-rodoviarias\/\" \/>\n<meta property=\"og:locale\" content=\"pt_BR\" \/>\n<meta property=\"og:type\" content=\"article\" \/>\n<meta property=\"og:title\" content=\"Minist\u00e9rio dos Transportes criar\u00e1 grupos para debater free flow, insumos e seguros para concess\u00f5es rodovi\u00e1rias\" \/>\n<meta property=\"og:description\" content=\"Dimmi Amora, da Ag\u00eancia iNFRA O&nbsp;Minist\u00e9rio&nbsp;dos&nbsp;Transportes&nbsp;vai criar&nbsp;grupos&nbsp;de trabalho&nbsp;para&nbsp;debater&nbsp;com o setor privado tr\u00eas temas sobre&nbsp;concess\u00f5es&nbsp;rodovi\u00e1rias: a introdu\u00e7\u00e3o do&nbsp;free&nbsp;flow, a contrata\u00e7\u00e3o de&nbsp;seguros&nbsp;para&nbsp;obras&nbsp;e&nbsp;o fornecimento de&nbsp;insumos.&nbsp; A necessidade de ampliar as conversas sobre esses tr\u00eas temas surgiu na an\u00e1lise&nbsp;dos&nbsp;primeiros encontros que os integrantes da pasta tiveram com&nbsp;grupos&nbsp;interessados nas&nbsp;concess\u00f5es, que pediram reuni\u00f5es ap\u00f3s a apresenta\u00e7\u00e3o do novo modelo do setor, [&hellip;]\" \/>\n<meta property=\"og:url\" content=\"https:\/\/agenciainfra.com\/blog\/ministerio-dos-transportes-criara-grupos-para-debater-free-flow-insumos-e-seguros-para-concessoes-rodoviarias\/\" \/>\n<meta property=\"og:site_name\" content=\"Ag\u00eancia iNFRA\" \/>\n<meta property=\"article:publisher\" content=\"https:\/\/www.facebook.com\/ageninfra\" \/>\n<meta property=\"article:published_time\" content=\"2023-06-30T13:00:00+00:00\" \/>\n<meta property=\"og:image\" content=\"https:\/\/agenciainfra.com\/blog\/wp-content\/uploads\/2023\/06\/george-santoro-foto-governo-de-alagoas.jpg\" \/>\n\t<meta property=\"og:image:width\" content=\"1202\" \/>\n\t<meta property=\"og:image:height\" content=\"801\" \/>\n\t<meta property=\"og:image:type\" content=\"image\/jpeg\" \/>\n<meta name=\"author\" content=\"Ag\u00eancia iNFRA\" \/>\n<meta name=\"twitter:card\" content=\"summary_large_image\" \/>\n<meta name=\"twitter:creator\" content=\"@agencia_infra\" \/>\n<meta name=\"twitter:site\" content=\"@agencia_infra\" \/>\n<meta name=\"twitter:label1\" content=\"Escrito por\" \/>\n\t<meta name=\"twitter:data1\" content=\"Ag\u00eancia iNFRA\" \/>\n\t<meta name=\"twitter:label2\" content=\"Est. tempo de leitura\" \/>\n\t<meta name=\"twitter:data2\" content=\"5 minutos\" \/>\n<script type=\"application\/ld+json\" class=\"yoast-schema-graph\">{\"@context\":\"https:\/\/schema.org\",\"@graph\":[{\"@type\":\"Article\",\"@id\":\"https:\/\/agenciainfra.com\/blog\/ministerio-dos-transportes-criara-grupos-para-debater-free-flow-insumos-e-seguros-para-concessoes-rodoviarias\/#article\",\"isPartOf\":{\"@id\":\"https:\/\/agenciainfra.com\/blog\/ministerio-dos-transportes-criara-grupos-para-debater-free-flow-insumos-e-seguros-para-concessoes-rodoviarias\/\"},\"author\":{\"name\":\"Ag\u00eancia iNFRA\",\"@id\":\"https:\/\/agenciainfra.com\/blog\/#\/schema\/person\/34af08dff6adea4cb22b06612ba7acfa\"},\"headline\":\"Minist\u00e9rio dos Transportes criar\u00e1 grupos para debater free flow, insumos e seguros para concess\u00f5es rodovi\u00e1rias\",\"datePublished\":\"2023-06-30T13:00:00+00:00\",\"mainEntityOfPage\":{\"@id\":\"https:\/\/agenciainfra.com\/blog\/ministerio-dos-transportes-criara-grupos-para-debater-free-flow-insumos-e-seguros-para-concessoes-rodoviarias\/\"},\"wordCount\":968,\"publisher\":{\"@id\":\"https:\/\/agenciainfra.com\/blog\/#organization\"},\"image\":{\"@id\":\"https:\/\/agenciainfra.com\/blog\/ministerio-dos-transportes-criara-grupos-para-debater-free-flow-insumos-e-seguros-para-concessoes-rodoviarias\/#primaryimage\"},\"thumbnailUrl\":\"https:\/\/agenciainfra.com\/blog\/wp-content\/uploads\/2023\/06\/george-santoro-foto-governo-de-alagoas.jpg\",\"keywords\":[\"BNDES\",\"companhias\",\"concess\u00f5es\",\"free flow\",\"George Santoro\",\"grupos de trabalho\",\"minist\u00e9rio dos transportes\",\"rodovias\",\"TCU\",\"transporte\"],\"articleSection\":[\"Geral\",\"iNFRATransporte\"],\"inLanguage\":\"pt-BR\",\"copyrightYear\":\"2023\",\"copyrightHolder\":{\"@id\":\"https:\/\/agenciainfra.com\/blog\/#organization\"}},{\"@type\":\"WebPage\",\"@id\":\"https:\/\/agenciainfra.com\/blog\/ministerio-dos-transportes-criara-grupos-para-debater-free-flow-insumos-e-seguros-para-concessoes-rodoviarias\/\",\"url\":\"https:\/\/agenciainfra.com\/blog\/ministerio-dos-transportes-criara-grupos-para-debater-free-flow-insumos-e-seguros-para-concessoes-rodoviarias\/\",\"name\":\"Minist\u00e9rio dos Transportes criar\u00e1 grupos para debater free flow, insumos e seguros para concess\u00f5es rodovi\u00e1rias - Ag\u00eancia iNFRA\",\"isPartOf\":{\"@id\":\"https:\/\/agenciainfra.com\/blog\/#website\"},\"primaryImageOfPage\":{\"@id\":\"https:\/\/agenciainfra.com\/blog\/ministerio-dos-transportes-criara-grupos-para-debater-free-flow-insumos-e-seguros-para-concessoes-rodoviarias\/#primaryimage\"},\"image\":{\"@id\":\"https:\/\/agenciainfra.com\/blog\/ministerio-dos-transportes-criara-grupos-para-debater-free-flow-insumos-e-seguros-para-concessoes-rodoviarias\/#primaryimage\"},\"thumbnailUrl\":\"https:\/\/agenciainfra.com\/blog\/wp-content\/uploads\/2023\/06\/george-santoro-foto-governo-de-alagoas.jpg\",\"datePublished\":\"2023-06-30T13:00:00+00:00\",\"breadcrumb\":{\"@id\":\"https:\/\/agenciainfra.com\/blog\/ministerio-dos-transportes-criara-grupos-para-debater-free-flow-insumos-e-seguros-para-concessoes-rodoviarias\/#breadcrumb\"},\"inLanguage\":\"pt-BR\",\"potentialAction\":[{\"@type\":\"ReadAction\",\"target\":[\"https:\/\/agenciainfra.com\/blog\/ministerio-dos-transportes-criara-grupos-para-debater-free-flow-insumos-e-seguros-para-concessoes-rodoviarias\/\"]}]},{\"@type\":\"ImageObject\",\"inLanguage\":\"pt-BR\",\"@id\":\"https:\/\/agenciainfra.com\/blog\/ministerio-dos-transportes-criara-grupos-para-debater-free-flow-insumos-e-seguros-para-concessoes-rodoviarias\/#primaryimage\",\"url\":\"https:\/\/agenciainfra.com\/blog\/wp-content\/uploads\/2023\/06\/george-santoro-foto-governo-de-alagoas.jpg\",\"contentUrl\":\"https:\/\/agenciainfra.com\/blog\/wp-content\/uploads\/2023\/06\/george-santoro-foto-governo-de-alagoas.jpg\",\"width\":1202,\"height\":801},{\"@type\":\"BreadcrumbList\",\"@id\":\"https:\/\/agenciainfra.com\/blog\/ministerio-dos-transportes-criara-grupos-para-debater-free-flow-insumos-e-seguros-para-concessoes-rodoviarias\/#breadcrumb\",\"itemListElement\":[{\"@type\":\"ListItem\",\"position\":1,\"name\":\"In\u00edcio\",\"item\":\"https:\/\/agenciainfra.com\/blog\/\"},{\"@type\":\"ListItem\",\"position\":2,\"name\":\"Minist\u00e9rio dos Transportes criar\u00e1 grupos para debater free flow, insumos e seguros para concess\u00f5es rodovi\u00e1rias\"}]},{\"@type\":\"WebSite\",\"@id\":\"https:\/\/agenciainfra.com\/blog\/#website\",\"url\":\"https:\/\/agenciainfra.com\/blog\/\",\"name\":\"Ag\u00eancia iNFRA\",\"description\":\"Multiplataforma de informa\u00e7\u00e3o jornal\u00edstica refer\u00eancia na \u00e1rea de infraestrutura no Brasil!\",\"publisher\":{\"@id\":\"https:\/\/agenciainfra.com\/blog\/#organization\"},\"potentialAction\":[{\"@type\":\"SearchAction\",\"target\":{\"@type\":\"EntryPoint\",\"urlTemplate\":\"https:\/\/agenciainfra.com\/blog\/?s={search_term_string}\"},\"query-input\":{\"@type\":\"PropertyValueSpecification\",\"valueRequired\":true,\"valueName\":\"search_term_string\"}}],\"inLanguage\":\"pt-BR\"},{\"@type\":\"Organization\",\"@id\":\"https:\/\/agenciainfra.com\/blog\/#organization\",\"name\":\"Ag\u00eancia iNFRA\",\"url\":\"https:\/\/agenciainfra.com\/blog\/\",\"logo\":{\"@type\":\"ImageObject\",\"inLanguage\":\"pt-BR\",\"@id\":\"https:\/\/agenciainfra.com\/blog\/#\/schema\/logo\/image\/\",\"url\":\"https:\/\/agenciainfra.com\/blog\/wp-content\/uploads\/2023\/09\/iNFRA_5-e1761735885940.png\",\"contentUrl\":\"https:\/\/agenciainfra.com\/blog\/wp-content\/uploads\/2023\/09\/iNFRA_5-e1761735885940.png\",\"width\":1672,\"height\":454,\"caption\":\"Ag\u00eancia iNFRA\"},\"image\":{\"@id\":\"https:\/\/agenciainfra.com\/blog\/#\/schema\/logo\/image\/\"},\"sameAs\":[\"https:\/\/www.facebook.com\/ageninfra\",\"https:\/\/x.com\/agencia_infra\",\"https:\/\/www.linkedin.com\/company\/ag\u00eanciainfra\/\",\"https:\/\/www.instagram.com\/agenciainfra\/\"]},{\"@type\":\"Person\",\"@id\":\"https:\/\/agenciainfra.com\/blog\/#\/schema\/person\/34af08dff6adea4cb22b06612ba7acfa\",\"name\":\"Ag\u00eancia iNFRA\",\"image\":{\"@type\":\"ImageObject\",\"inLanguage\":\"pt-BR\",\"@id\":\"https:\/\/agenciainfra.com\/blog\/#\/schema\/person\/image\/\",\"url\":\"https:\/\/secure.gravatar.com\/avatar\/d189e01678f06d8eb84d4e01f08eb848b3fffe3f8443818d3c356c66892f5be8?s=96&d=mm&r=g\",\"contentUrl\":\"https:\/\/secure.gravatar.com\/avatar\/d189e01678f06d8eb84d4e01f08eb848b3fffe3f8443818d3c356c66892f5be8?s=96&d=mm&r=g\",\"caption\":\"Ag\u00eancia iNFRA\"},\"url\":\"https:\/\/agenciainfra.com\/blog\/author\/admin\/\"}]}<\/script>\n<!-- \/ Yoast SEO Premium plugin. -->","yoast_head_json":{"title":"Minist\u00e9rio dos Transportes criar\u00e1 grupos para debater free flow, insumos e seguros para concess\u00f5es rodovi\u00e1rias - Ag\u00eancia iNFRA","robots":{"index":"index","follow":"follow","max-snippet":"max-snippet:-1","max-image-preview":"max-image-preview:large","max-video-preview":"max-video-preview:-1"},"canonical":"https:\/\/agenciainfra.com\/blog\/ministerio-dos-transportes-criara-grupos-para-debater-free-flow-insumos-e-seguros-para-concessoes-rodoviarias\/","og_locale":"pt_BR","og_type":"article","og_title":"Minist\u00e9rio dos Transportes criar\u00e1 grupos para debater free flow, insumos e seguros para concess\u00f5es rodovi\u00e1rias","og_description":"Dimmi Amora, da Ag\u00eancia iNFRA O&nbsp;Minist\u00e9rio&nbsp;dos&nbsp;Transportes&nbsp;vai criar&nbsp;grupos&nbsp;de trabalho&nbsp;para&nbsp;debater&nbsp;com o setor privado tr\u00eas temas sobre&nbsp;concess\u00f5es&nbsp;rodovi\u00e1rias: a introdu\u00e7\u00e3o do&nbsp;free&nbsp;flow, a contrata\u00e7\u00e3o de&nbsp;seguros&nbsp;para&nbsp;obras&nbsp;e&nbsp;o fornecimento de&nbsp;insumos.&nbsp; A necessidade de ampliar as conversas sobre esses tr\u00eas temas surgiu na an\u00e1lise&nbsp;dos&nbsp;primeiros encontros que os integrantes da pasta tiveram com&nbsp;grupos&nbsp;interessados nas&nbsp;concess\u00f5es, que pediram reuni\u00f5es ap\u00f3s a apresenta\u00e7\u00e3o do novo modelo do setor, [&hellip;]","og_url":"https:\/\/agenciainfra.com\/blog\/ministerio-dos-transportes-criara-grupos-para-debater-free-flow-insumos-e-seguros-para-concessoes-rodoviarias\/","og_site_name":"Ag\u00eancia iNFRA","article_publisher":"https:\/\/www.facebook.com\/ageninfra","article_published_time":"2023-06-30T13:00:00+00:00","og_image":[{"width":1202,"height":801,"url":"https:\/\/agenciainfra.com\/blog\/wp-content\/uploads\/2023\/06\/george-santoro-foto-governo-de-alagoas.jpg","type":"image\/jpeg"}],"author":"Ag\u00eancia iNFRA","twitter_card":"summary_large_image","twitter_creator":"@agencia_infra","twitter_site":"@agencia_infra","twitter_misc":{"Escrito por":"Ag\u00eancia iNFRA","Est. tempo de leitura":"5 minutos"},"schema":{"@context":"https:\/\/schema.org","@graph":[{"@type":"Article","@id":"https:\/\/agenciainfra.com\/blog\/ministerio-dos-transportes-criara-grupos-para-debater-free-flow-insumos-e-seguros-para-concessoes-rodoviarias\/#article","isPartOf":{"@id":"https:\/\/agenciainfra.com\/blog\/ministerio-dos-transportes-criara-grupos-para-debater-free-flow-insumos-e-seguros-para-concessoes-rodoviarias\/"},"author":{"name":"Ag\u00eancia iNFRA","@id":"https:\/\/agenciainfra.com\/blog\/#\/schema\/person\/34af08dff6adea4cb22b06612ba7acfa"},"headline":"Minist\u00e9rio dos Transportes criar\u00e1 grupos para debater free flow, insumos e seguros para concess\u00f5es rodovi\u00e1rias","datePublished":"2023-06-30T13:00:00+00:00","mainEntityOfPage":{"@id":"https:\/\/agenciainfra.com\/blog\/ministerio-dos-transportes-criara-grupos-para-debater-free-flow-insumos-e-seguros-para-concessoes-rodoviarias\/"},"wordCount":968,"publisher":{"@id":"https:\/\/agenciainfra.com\/blog\/#organization"},"image":{"@id":"https:\/\/agenciainfra.com\/blog\/ministerio-dos-transportes-criara-grupos-para-debater-free-flow-insumos-e-seguros-para-concessoes-rodoviarias\/#primaryimage"},"thumbnailUrl":"https:\/\/agenciainfra.com\/blog\/wp-content\/uploads\/2023\/06\/george-santoro-foto-governo-de-alagoas.jpg","keywords":["BNDES","companhias","concess\u00f5es","free flow","George Santoro","grupos de trabalho","minist\u00e9rio dos transportes","rodovias","TCU","transporte"],"articleSection":["Geral","iNFRATransporte"],"inLanguage":"pt-BR","copyrightYear":"2023","copyrightHolder":{"@id":"https:\/\/agenciainfra.com\/blog\/#organization"}},{"@type":"WebPage","@id":"https:\/\/agenciainfra.com\/blog\/ministerio-dos-transportes-criara-grupos-para-debater-free-flow-insumos-e-seguros-para-concessoes-rodoviarias\/","url":"https:\/\/agenciainfra.com\/blog\/ministerio-dos-transportes-criara-grupos-para-debater-free-flow-insumos-e-seguros-para-concessoes-rodoviarias\/","name":"Minist\u00e9rio dos Transportes criar\u00e1 grupos para debater free flow, insumos e seguros para concess\u00f5es rodovi\u00e1rias - Ag\u00eancia iNFRA","isPartOf":{"@id":"https:\/\/agenciainfra.com\/blog\/#website"},"primaryImageOfPage":{"@id":"https:\/\/agenciainfra.com\/blog\/ministerio-dos-transportes-criara-grupos-para-debater-free-flow-insumos-e-seguros-para-concessoes-rodoviarias\/#primaryimage"},"image":{"@id":"https:\/\/agenciainfra.com\/blog\/ministerio-dos-transportes-criara-grupos-para-debater-free-flow-insumos-e-seguros-para-concessoes-rodoviarias\/#primaryimage"},"thumbnailUrl":"https:\/\/agenciainfra.com\/blog\/wp-content\/uploads\/2023\/06\/george-santoro-foto-governo-de-alagoas.jpg","datePublished":"2023-06-30T13:00:00+00:00","breadcrumb":{"@id":"https:\/\/agenciainfra.com\/blog\/ministerio-dos-transportes-criara-grupos-para-debater-free-flow-insumos-e-seguros-para-concessoes-rodoviarias\/#breadcrumb"},"inLanguage":"pt-BR","potentialAction":[{"@type":"ReadAction","target":["https:\/\/agenciainfra.com\/blog\/ministerio-dos-transportes-criara-grupos-para-debater-free-flow-insumos-e-seguros-para-concessoes-rodoviarias\/"]}]},{"@type":"ImageObject","inLanguage":"pt-BR","@id":"https:\/\/agenciainfra.com\/blog\/ministerio-dos-transportes-criara-grupos-para-debater-free-flow-insumos-e-seguros-para-concessoes-rodoviarias\/#primaryimage","url":"https:\/\/agenciainfra.com\/blog\/wp-content\/uploads\/2023\/06\/george-santoro-foto-governo-de-alagoas.jpg","contentUrl":"https:\/\/agenciainfra.com\/blog\/wp-content\/uploads\/2023\/06\/george-santoro-foto-governo-de-alagoas.jpg","width":1202,"height":801},{"@type":"BreadcrumbList","@id":"https:\/\/agenciainfra.com\/blog\/ministerio-dos-transportes-criara-grupos-para-debater-free-flow-insumos-e-seguros-para-concessoes-rodoviarias\/#breadcrumb","itemListElement":[{"@type":"ListItem","position":1,"name":"In\u00edcio","item":"https:\/\/agenciainfra.com\/blog\/"},{"@type":"ListItem","position":2,"name":"Minist\u00e9rio dos Transportes criar\u00e1 grupos para debater free flow, insumos e seguros para concess\u00f5es rodovi\u00e1rias"}]},{"@type":"WebSite","@id":"https:\/\/agenciainfra.com\/blog\/#website","url":"https:\/\/agenciainfra.com\/blog\/","name":"Ag\u00eancia iNFRA","description":"Multiplataforma de informa\u00e7\u00e3o jornal\u00edstica refer\u00eancia na \u00e1rea de infraestrutura no Brasil!","publisher":{"@id":"https:\/\/agenciainfra.com\/blog\/#organization"},"potentialAction":[{"@type":"SearchAction","target":{"@type":"EntryPoint","urlTemplate":"https:\/\/agenciainfra.com\/blog\/?s={search_term_string}"},"query-input":{"@type":"PropertyValueSpecification","valueRequired":true,"valueName":"search_term_string"}}],"inLanguage":"pt-BR"},{"@type":"Organization","@id":"https:\/\/agenciainfra.com\/blog\/#organization","name":"Ag\u00eancia iNFRA","url":"https:\/\/agenciainfra.com\/blog\/","logo":{"@type":"ImageObject","inLanguage":"pt-BR","@id":"https:\/\/agenciainfra.com\/blog\/#\/schema\/logo\/image\/","url":"https:\/\/agenciainfra.com\/blog\/wp-content\/uploads\/2023\/09\/iNFRA_5-e1761735885940.png","contentUrl":"https:\/\/agenciainfra.com\/blog\/wp-content\/uploads\/2023\/09\/iNFRA_5-e1761735885940.png","width":1672,"height":454,"caption":"Ag\u00eancia iNFRA"},"image":{"@id":"https:\/\/agenciainfra.com\/blog\/#\/schema\/logo\/image\/"},"sameAs":["https:\/\/www.facebook.com\/ageninfra","https:\/\/x.com\/agencia_infra","https:\/\/www.linkedin.com\/company\/ag\u00eanciainfra\/","https:\/\/www.instagram.com\/agenciainfra\/"]},{"@type":"Person","@id":"https:\/\/agenciainfra.com\/blog\/#\/schema\/person\/34af08dff6adea4cb22b06612ba7acfa","name":"Ag\u00eancia iNFRA","image":{"@type":"ImageObject","inLanguage":"pt-BR","@id":"https:\/\/agenciainfra.com\/blog\/#\/schema\/person\/image\/","url":"https:\/\/secure.gravatar.com\/avatar\/d189e01678f06d8eb84d4e01f08eb848b3fffe3f8443818d3c356c66892f5be8?s=96&d=mm&r=g","contentUrl":"https:\/\/secure.gravatar.com\/avatar\/d189e01678f06d8eb84d4e01f08eb848b3fffe3f8443818d3c356c66892f5be8?s=96&d=mm&r=g","caption":"Ag\u00eancia iNFRA"},"url":"https:\/\/agenciainfra.com\/blog\/author\/admin\/"}]}},"_links":{"self":[{"href":"https:\/\/agenciainfra.com\/blog\/wp-json\/wp\/v2\/posts\/12966","targetHints":{"allow":["GET"]}}],"collection":[{"href":"https:\/\/agenciainfra.com\/blog\/wp-json\/wp\/v2\/posts"}],"about":[{"href":"https:\/\/agenciainfra.com\/blog\/wp-json\/wp\/v2\/types\/post"}],"author":[{"embeddable":true,"href":"https:\/\/agenciainfra.com\/blog\/wp-json\/wp\/v2\/users\/1"}],"replies":[{"embeddable":true,"href":"https:\/\/agenciainfra.com\/blog\/wp-json\/wp\/v2\/comments?post=12966"}],"version-history":[{"count":0,"href":"https:\/\/agenciainfra.com\/blog\/wp-json\/wp\/v2\/posts\/12966\/revisions"}],"wp:featuredmedia":[{"embeddable":true,"href":"https:\/\/agenciainfra.com\/blog\/wp-json\/wp\/v2\/media\/12967"}],"wp:attachment":[{"href":"https:\/\/agenciainfra.com\/blog\/wp-json\/wp\/v2\/media?parent=12966"}],"wp:term":[{"taxonomy":"category","embeddable":true,"href":"https:\/\/agenciainfra.com\/blog\/wp-json\/wp\/v2\/categories?post=12966"},{"taxonomy":"post_tag","embeddable":true,"href":"https:\/\/agenciainfra.com\/blog\/wp-json\/wp\/v2\/tags?post=12966"}],"curies":[{"name":"wp","href":"https:\/\/api.w.org\/{rel}","templated":true}]}}