{"id":1301,"date":"2018-03-07T14:41:03","date_gmt":"2018-03-07T17:41:03","guid":{"rendered":"http:\/\/www.agenciainfra.com\/blog\/?p=1301"},"modified":"2018-03-07T14:52:05","modified_gmt":"2018-03-07T17:52:05","slug":"maia-sem-investimento-em-infraestrutura-nao-ha-solucao","status":"publish","type":"post","link":"https:\/\/agenciainfra.com\/blog\/maia-sem-investimento-em-infraestrutura-nao-ha-solucao\/","title":{"rendered":"Maia: &#8220;Sem Investimento em Infraestrutura, n\u00e3o h\u00e1 solu\u00e7\u00e3o&#8221;"},"content":{"rendered":"<h5 style=\"text-align: right;\"><strong>Leila Coimbra e Dimmi Amora, da Ag\u00eancia iNFRA<\/strong><\/h5>\n<p>&#8220;Sem investimento em infraestrutura n\u00e3o h\u00e1 solu\u00e7\u00e3o. E sem seguran\u00e7a jur\u00eddica, n\u00e3o h\u00e1 investimento&#8221;. Foi com essa frase que o presidente da C\u00e2mara, deputado Rodrigo Maia (DEM-RJ) resumiu mais de uma hora de conversa, realizada na noite desta segunda-feira (5), em Bras\u00edlia, na abertura do iNFRAEventos, encontro peri\u00f3dico promovido pela\u00a0<strong>Ag\u00eancia iNFRA<\/strong>\u00a0para estimular o debate p\u00fablico sobre infraestrutura no pa\u00eds.<\/p>\n<p>Vestido de forma casual\u00a0para uma plateia de conselheiros da Abraceel (Associa\u00e7\u00e3o Brasileira dos Comercializadores de Energia) e da Abrace (Associa\u00e7\u00e3o Brasileira de Grandes Consumidores de Energia e da Energia Livre) e convidados\u00a0da\u00a0<strong>Ag\u00eancia iNFRA<\/strong>, Maia fez um resumo de sua atua\u00e7\u00e3o \u00e0 frente da casa legislativa apontando sobre avan\u00e7os j\u00e1 alcan\u00e7ados \u00e0 frente do legislativo e outros que pretende alcan\u00e7ar em rela\u00e7\u00e3o a dar maiores garantias ao setor privado para investir no pa\u00eds.<\/p>\n<p>Entre os projetos priorit\u00e1rios para o ano, Maia confirmou que est\u00e3o os de reorganiza\u00e7\u00e3o dos setores el\u00e9trico e de g\u00e1s natural, al\u00e9m da privatiza\u00e7\u00e3o da Eletrobras.<img fetchpriority=\"high\" decoding=\"async\" class=\"alignright\" src=\"https:\/\/gallery.mailchimp.com\/d460dd1bcf9ba0ae040e1fc0f\/images\/b33ae6b7-523f-4838-b6de-6b217e6e2581.jpg\" width=\"600\" height=\"400\" data-file-id=\"983047\" \/><\/p>\n<p>&#8220;As agendas est\u00e3o colocadas. Quem quiser de fato investir no Brasil no futuro vai ter que trabalhar na redu\u00e7\u00e3o do tamanho do estado. Se quiser garantir investimentos mais r\u00e1pido, vai ter que garantir as condi\u00e7\u00f5es m\u00ednimas para que se fa\u00e7a investimento de longo prazo com mais seguran\u00e7a&#8221;, afirmou o parlamentar.<\/p>\n<p>No evento, que teve\u00a0o apoio da Abraceel\u00a0e da Abrace, Maia tamb\u00e9m confirmou o lan\u00e7amento de sua pr\u00e9-candidatura \u00e0 presid\u00eancia, apontando para um cen\u00e1rio pol\u00edtico em que o campo de centro-direita n\u00e3o poderia contar com o PSDB para permanecer no poder.<\/p>\n<p>&#8220;A rejei\u00e7\u00e3o ao PSDB no Brasil, do meu ponto de vista, inviabiliza a vit\u00f3ria de qualquer tucano no segundo turno. E acho que o nosso campo tem que construir uma alternativa&#8221;, afirmou Maia no evento que ocorreu no Restaurante Piantella, em Bras\u00edlia.<\/p>\n<p><strong>Eletrobras<\/strong><\/p>\n<p>Durante a conversa, Maia afirmou que projeto de lei de privatiza\u00e7\u00e3o da Eletrobras \u201ctem toda condi\u00e7\u00e3o de ser aprovado em abril\u201d, disse o presidente da C\u00e2mara dos Deputados, Rodrigo Maia (DEM-RJ). \u201cAcho que est\u00e1 bem encaminhado. At\u00e9 dia 15 [de abril] vota na comiss\u00e3o e no dia 30 vota no plen\u00e1rio\u201d, disse Maia.<\/p>\n<p>Tamb\u00e9m em abril, o presidente da C\u00e2mara acredita que existem condi\u00e7\u00f5es pol\u00edticas para a aprova\u00e7\u00e3o do novo modelo do setor el\u00e9trico. Uma comiss\u00e3o especial para a analise da reestrutura\u00e7\u00e3o do setor ser\u00e1 instalada at\u00e9 a pr\u00f3xima semana, com as indica\u00e7\u00f5es dos partidos. O texto com as regras ser\u00e1 anexado ao PL (projeto de lei) 1.917\/2015, que j\u00e1 tramita na Casa.<\/p>\n<p>\u201cA gente vai caminhar com o comprometimento enorme para que a gente possa coroar de forma brilhante o trabalho do ministro Fernando [Coelho Filho, de Minas e Energia]. A aprova\u00e7\u00e3o desses projetos vai dar a ele a condi\u00e7\u00e3o de mostrar que ele de fato fez um trabalho que teve in\u00edcio meio e fim. A vota\u00e7\u00e3o desses projetos vai ser muito importante para mostrar que essa boa gest\u00e3o no minist\u00e9rio, ouvindo as pessoas, com di\u00e1logo, d\u00e1 resultado\u201d, disse Maia.<\/p>\n<p>O ministro de Minas e Energia, Fernando Coelho Filho, disse que a reestrutura\u00e7\u00e3o do setor el\u00e9trico \u00e9 uma das pautas mais modernas que o governo tem hoje tramitando na C\u00e2mara.\u00a0<img decoding=\"async\" class=\"alignright\" src=\"https:\/\/gallery.mailchimp.com\/d460dd1bcf9ba0ae040e1fc0f\/images\/7681073e-2be3-42b0-9f6f-b3f9d5301d55.jpg\" width=\"300\" height=\"200\" data-file-id=\"983063\" \/><\/p>\n<p>Segundo Coelho Filho, corre\u00e7\u00f5es e aprimoramentos devem ser feitos no Congresso. \u201cUm debate desse tema, n\u00f3s n\u00e3o t\u00ednhamos a pretens\u00e3o de sair com o projeto da forma que ele entrou. Mas \u00e9 importante que se diga que temos a urg\u00eancia porque essa janela de oportunidade que se abriu para o setor el\u00e9trico h\u00e1 muito tempo esse pessoal n\u00e3o via\u201d, disse o ministro<\/p>\n<p><strong>Coelho Filho: discurso de despedida<\/strong><br \/>\nO ministro de Minas e Energia agradeceu a confian\u00e7a do setor, em um discurso de despedida do cargo no jantar: \u201cPossivelmente esta \u00e9 a ultima reuni\u00e3o comigo no cargo de ministro, e volto para a C\u00e2mara para ajudar nessa pauta, na aprova\u00e7\u00e3o dos projetos\u201d. Ele tentar\u00e1 a reelei\u00e7\u00e3o para deputado federal por Pernambuco. Ele ainda est\u00e1 sem partido e tem at\u00e9 o dia 7 de abril para a filia\u00e7\u00e3o.<\/p>\n<p>\u201cNo primeiro domingo [ap\u00f3s ser nomeado ministro] chamamos todas as associa\u00e7\u00f5es do setor [el\u00e9trico] que compareceram. Estenderam a m\u00e3o com certa desconfian\u00e7a, e eu entendo: era um ministro novo, fora do setor. Dentre os muitos embates que tivemos, alguns muito acalorados nesses dois anos, acho que o saldo \u00e9 muito positivo do ponto de vista de avan\u00e7ar passos \u00e0 frente\u201d, concluiu.<\/p>\n<p><strong>Bom humor e muitos risos.<\/strong><br \/>\nBem-humorado, o ministro provocou risos dos presentes em muitas ocasi\u00f5es. O deputado F\u00e1bio Garcia (DEM-MT), presente no jantar, disse que o atual ministro \u201cfoi sem d\u00favida nenhuma o que mais transformou o setor el\u00e9trico&#8230;&#8221;<\/p>\n<p>No meio de sua fala, foi interrompido por Coelho Filho: &#8220;Para melhor! Tem muita gente tamb\u00e9m transformando, mas espero que no meu caso seja para melhor!&#8221;.<\/p>\n<p>Em outra ocasi\u00e3o, quando questionado sobre a urg\u00eancia de se aprovar o pacote de projetos do setor el\u00e9trico no Congresso, respondeu: \u201cA\u00ed dizem: ah, mas temos que resolver esse problema. Tem gente que vinha a\u00ed discutindo essas coisas h\u00e1 30 ou 40 anos e agora a gente tem que resolver em 18 meses!\u201d.<\/p>\n<p><strong>Defesa de maior concorr\u00eancia<\/strong><\/p>\n<p>Os representantes das associa\u00e7\u00f5es do setor de energia defenderam o novo modelo do setor el\u00e9trico, que prev\u00ea menor interfer\u00eancia do estado na forma\u00e7\u00e3o dos pre\u00e7os da energia.<\/p>\n<p>Hoje os pre\u00e7os da energia no Brasil est\u00e3o pressionados por conta do grande n\u00famero de encargos e subs\u00eddios que pesam para o consumidor. Segundo Edvaldo Santana, presidente da Abrace (Associa\u00e7\u00e3o dos Grandes Consumidores de Energia), os encargos e subs\u00eddios somados aos impostos representam 55% da tarifa de eletricidade.<\/p>\n<p>\u201c\u00c9 preciso ter uma certa racionalidade, e o novo modelo do setor vai nessa linha, ele n\u00e3o resolve o problema, mas est\u00e1 na dire\u00e7\u00e3o correta, l\u00e1 na frente isso \u00e9 uma forma de resolver o problema\u201d, disse.\u00a0<img decoding=\"async\" class=\"alignleft\" src=\"https:\/\/gallery.mailchimp.com\/d460dd1bcf9ba0ae040e1fc0f\/images\/8734b523-8bab-45aa-9d9e-3cc796dec7ec.jpg\" width=\"300\" height=\"200\" data-file-id=\"983067\" \/><\/p>\n<p>\u201cA gente sabe que no princ\u00edpio pode at\u00e9 haver aumento de tarifa, assim como no projeto da Eletrobras, mas faz parte de todo esse conjunto da reforma do setor el\u00e9trico, e isso a gente acha importante. O caso da Eletrobras \u00e9 um problema financeiro, n\u00e3o tem como pagar uma conta que s\u00f3 aumenta\u201d, completou.<\/p>\n<p>Segundo Reginaldo Medeiros, presidente da Abraceel (Associa\u00e7\u00e3o dos Comercializadores de Energia), a liberdade de escolha para o consumidor \u00e9 essencial para que ocorra competi\u00e7\u00e3o, o que levar\u00e1 \u00e0 queda nos pre\u00e7os.<\/p>\n<p>\u201cHoje temos mais de mil empresas que produzem e comercializam energia no pa\u00eds. Queremos que os consumidores tenham o direito de escolha. Isso existe no mundo todo, n\u00e3o \u00e9 uma jabuticaba, uma inven\u00e7\u00e3o nossa\u201d.<\/p>\n","protected":false},"excerpt":{"rendered":"<p>Leila Coimbra e Dimmi Amora, da Ag\u00eancia iNFRA &#8220;Sem investimento em infraestrutura n\u00e3o h\u00e1 solu\u00e7\u00e3o. E sem seguran\u00e7a jur\u00eddica, n\u00e3o h\u00e1 investimento&#8221;. Foi com essa frase que o presidente da C\u00e2mara, deputado Rodrigo Maia (DEM-RJ) resumiu mais de uma hora de conversa, realizada na noite desta segunda-feira (5), em Bras\u00edlia, na abertura do iNFRAEventos, encontro [&hellip;]<\/p>\n","protected":false},"author":1,"featured_media":1302,"comment_status":"closed","ping_status":"open","sticky":false,"template":"","format":"standard","meta":{"_monsterinsights_skip_tracking":false,"_monsterinsights_sitenote_active":false,"_monsterinsights_sitenote_note":"","_monsterinsights_sitenote_category":0,"footnotes":""},"categories":[7],"tags":[41,40,25,37,38,39],"class_list":["post-1301","post","type-post","status-publish","format-standard","has-post-thumbnail","hentry","category-infratransporte","tag-abrace","tag-abraceel","tag-energia","tag-energia-livre","tag-mercado-de-energia","tag-rodrigo-maia"],"yoast_head":"<!-- This site is optimized with the Yoast SEO Premium plugin v25.4 (Yoast SEO v26.0) - https:\/\/yoast.com\/wordpress\/plugins\/seo\/ -->\n<title>Maia: &quot;Sem Investimento em Infraestrutura, n\u00e3o h\u00e1 solu\u00e7\u00e3o&quot; - Ag\u00eancia iNFRA<\/title>\n<meta name=\"robots\" content=\"index, follow, max-snippet:-1, max-image-preview:large, max-video-preview:-1\" \/>\n<link rel=\"canonical\" href=\"https:\/\/agenciainfra.com\/blog\/maia-sem-investimento-em-infraestrutura-nao-ha-solucao\/\" \/>\n<meta property=\"og:locale\" content=\"pt_BR\" \/>\n<meta property=\"og:type\" content=\"article\" \/>\n<meta property=\"og:title\" content=\"Maia: &quot;Sem Investimento em Infraestrutura, n\u00e3o h\u00e1 solu\u00e7\u00e3o&quot;\" \/>\n<meta property=\"og:description\" content=\"Leila Coimbra e Dimmi Amora, da Ag\u00eancia iNFRA &#8220;Sem investimento em infraestrutura n\u00e3o h\u00e1 solu\u00e7\u00e3o. E sem seguran\u00e7a jur\u00eddica, n\u00e3o h\u00e1 investimento&#8221;. Foi com essa frase que o presidente da C\u00e2mara, deputado Rodrigo Maia (DEM-RJ) resumiu mais de uma hora de conversa, realizada na noite desta segunda-feira (5), em Bras\u00edlia, na abertura do iNFRAEventos, encontro [&hellip;]\" \/>\n<meta property=\"og:url\" content=\"https:\/\/agenciainfra.com\/blog\/maia-sem-investimento-em-infraestrutura-nao-ha-solucao\/\" \/>\n<meta property=\"og:site_name\" content=\"Ag\u00eancia iNFRA\" \/>\n<meta property=\"article:publisher\" content=\"https:\/\/www.facebook.com\/ageninfra\" \/>\n<meta property=\"article:published_time\" content=\"2018-03-07T17:41:03+00:00\" \/>\n<meta property=\"article:modified_time\" content=\"2018-03-07T17:52:05+00:00\" \/>\n<meta property=\"og:image\" content=\"https:\/\/agenciainfra.com\/blog\/wp-content\/uploads\/2018\/03\/TN__HM_2306.jpg\" \/>\n\t<meta property=\"og:image:width\" content=\"1500\" \/>\n\t<meta property=\"og:image:height\" content=\"1000\" \/>\n\t<meta property=\"og:image:type\" content=\"image\/jpeg\" \/>\n<meta name=\"author\" content=\"Ag\u00eancia iNFRA\" \/>\n<meta name=\"twitter:card\" content=\"summary_large_image\" \/>\n<meta name=\"twitter:creator\" content=\"@agencia_infra\" \/>\n<meta name=\"twitter:site\" content=\"@agencia_infra\" \/>\n<meta name=\"twitter:label1\" content=\"Escrito por\" \/>\n\t<meta name=\"twitter:data1\" content=\"Ag\u00eancia iNFRA\" \/>\n\t<meta name=\"twitter:label2\" content=\"Est. tempo de leitura\" \/>\n\t<meta name=\"twitter:data2\" content=\"6 minutos\" \/>\n<script type=\"application\/ld+json\" class=\"yoast-schema-graph\">{\"@context\":\"https:\/\/schema.org\",\"@graph\":[{\"@type\":\"Article\",\"@id\":\"https:\/\/agenciainfra.com\/blog\/maia-sem-investimento-em-infraestrutura-nao-ha-solucao\/#article\",\"isPartOf\":{\"@id\":\"https:\/\/agenciainfra.com\/blog\/maia-sem-investimento-em-infraestrutura-nao-ha-solucao\/\"},\"author\":{\"name\":\"Ag\u00eancia iNFRA\",\"@id\":\"https:\/\/agenciainfra.com\/blog\/#\/schema\/person\/34af08dff6adea4cb22b06612ba7acfa\"},\"headline\":\"Maia: &#8220;Sem Investimento em Infraestrutura, n\u00e3o h\u00e1 solu\u00e7\u00e3o&#8221;\",\"datePublished\":\"2018-03-07T17:41:03+00:00\",\"dateModified\":\"2018-03-07T17:52:05+00:00\",\"mainEntityOfPage\":{\"@id\":\"https:\/\/agenciainfra.com\/blog\/maia-sem-investimento-em-infraestrutura-nao-ha-solucao\/\"},\"wordCount\":1184,\"publisher\":{\"@id\":\"https:\/\/agenciainfra.com\/blog\/#organization\"},\"image\":{\"@id\":\"https:\/\/agenciainfra.com\/blog\/maia-sem-investimento-em-infraestrutura-nao-ha-solucao\/#primaryimage\"},\"thumbnailUrl\":\"https:\/\/agenciainfra.com\/blog\/wp-content\/uploads\/2018\/03\/TN__HM_2306.jpg\",\"keywords\":[\"Abrace\",\"Abraceel\",\"energia\",\"energia livre\",\"mercado de energia\",\"Rodrigo Maia\"],\"articleSection\":[\"iNFRATransporte\"],\"inLanguage\":\"pt-BR\",\"copyrightYear\":\"2018\",\"copyrightHolder\":{\"@id\":\"https:\/\/agenciainfra.com\/blog\/#organization\"}},{\"@type\":\"WebPage\",\"@id\":\"https:\/\/agenciainfra.com\/blog\/maia-sem-investimento-em-infraestrutura-nao-ha-solucao\/\",\"url\":\"https:\/\/agenciainfra.com\/blog\/maia-sem-investimento-em-infraestrutura-nao-ha-solucao\/\",\"name\":\"Maia: \\\"Sem Investimento em Infraestrutura, n\u00e3o h\u00e1 solu\u00e7\u00e3o\\\" - Ag\u00eancia iNFRA\",\"isPartOf\":{\"@id\":\"https:\/\/agenciainfra.com\/blog\/#website\"},\"primaryImageOfPage\":{\"@id\":\"https:\/\/agenciainfra.com\/blog\/maia-sem-investimento-em-infraestrutura-nao-ha-solucao\/#primaryimage\"},\"image\":{\"@id\":\"https:\/\/agenciainfra.com\/blog\/maia-sem-investimento-em-infraestrutura-nao-ha-solucao\/#primaryimage\"},\"thumbnailUrl\":\"https:\/\/agenciainfra.com\/blog\/wp-content\/uploads\/2018\/03\/TN__HM_2306.jpg\",\"datePublished\":\"2018-03-07T17:41:03+00:00\",\"dateModified\":\"2018-03-07T17:52:05+00:00\",\"breadcrumb\":{\"@id\":\"https:\/\/agenciainfra.com\/blog\/maia-sem-investimento-em-infraestrutura-nao-ha-solucao\/#breadcrumb\"},\"inLanguage\":\"pt-BR\",\"potentialAction\":[{\"@type\":\"ReadAction\",\"target\":[\"https:\/\/agenciainfra.com\/blog\/maia-sem-investimento-em-infraestrutura-nao-ha-solucao\/\"]}]},{\"@type\":\"ImageObject\",\"inLanguage\":\"pt-BR\",\"@id\":\"https:\/\/agenciainfra.com\/blog\/maia-sem-investimento-em-infraestrutura-nao-ha-solucao\/#primaryimage\",\"url\":\"https:\/\/agenciainfra.com\/blog\/wp-content\/uploads\/2018\/03\/TN__HM_2306.jpg\",\"contentUrl\":\"https:\/\/agenciainfra.com\/blog\/wp-content\/uploads\/2018\/03\/TN__HM_2306.jpg\",\"width\":1500,\"height\":1000},{\"@type\":\"BreadcrumbList\",\"@id\":\"https:\/\/agenciainfra.com\/blog\/maia-sem-investimento-em-infraestrutura-nao-ha-solucao\/#breadcrumb\",\"itemListElement\":[{\"@type\":\"ListItem\",\"position\":1,\"name\":\"In\u00edcio\",\"item\":\"https:\/\/agenciainfra.com\/blog\/\"},{\"@type\":\"ListItem\",\"position\":2,\"name\":\"Maia: &#8220;Sem Investimento em Infraestrutura, n\u00e3o h\u00e1 solu\u00e7\u00e3o&#8221;\"}]},{\"@type\":\"WebSite\",\"@id\":\"https:\/\/agenciainfra.com\/blog\/#website\",\"url\":\"https:\/\/agenciainfra.com\/blog\/\",\"name\":\"Ag\u00eancia iNFRA\",\"description\":\"Multiplataforma de informa\u00e7\u00e3o jornal\u00edstica refer\u00eancia na \u00e1rea de infraestrutura no Brasil!\",\"publisher\":{\"@id\":\"https:\/\/agenciainfra.com\/blog\/#organization\"},\"potentialAction\":[{\"@type\":\"SearchAction\",\"target\":{\"@type\":\"EntryPoint\",\"urlTemplate\":\"https:\/\/agenciainfra.com\/blog\/?s={search_term_string}\"},\"query-input\":{\"@type\":\"PropertyValueSpecification\",\"valueRequired\":true,\"valueName\":\"search_term_string\"}}],\"inLanguage\":\"pt-BR\"},{\"@type\":\"Organization\",\"@id\":\"https:\/\/agenciainfra.com\/blog\/#organization\",\"name\":\"Ag\u00eancia iNFRA\",\"url\":\"https:\/\/agenciainfra.com\/blog\/\",\"logo\":{\"@type\":\"ImageObject\",\"inLanguage\":\"pt-BR\",\"@id\":\"https:\/\/agenciainfra.com\/blog\/#\/schema\/logo\/image\/\",\"url\":\"https:\/\/agenciainfra.com\/blog\/wp-content\/uploads\/2023\/09\/iNFRA_5-e1761735885940.png\",\"contentUrl\":\"https:\/\/agenciainfra.com\/blog\/wp-content\/uploads\/2023\/09\/iNFRA_5-e1761735885940.png\",\"width\":1672,\"height\":454,\"caption\":\"Ag\u00eancia iNFRA\"},\"image\":{\"@id\":\"https:\/\/agenciainfra.com\/blog\/#\/schema\/logo\/image\/\"},\"sameAs\":[\"https:\/\/www.facebook.com\/ageninfra\",\"https:\/\/x.com\/agencia_infra\",\"https:\/\/www.linkedin.com\/company\/ag\u00eanciainfra\/\",\"https:\/\/www.instagram.com\/agenciainfra\/\"]},{\"@type\":\"Person\",\"@id\":\"https:\/\/agenciainfra.com\/blog\/#\/schema\/person\/34af08dff6adea4cb22b06612ba7acfa\",\"name\":\"Ag\u00eancia iNFRA\",\"image\":{\"@type\":\"ImageObject\",\"inLanguage\":\"pt-BR\",\"@id\":\"https:\/\/agenciainfra.com\/blog\/#\/schema\/person\/image\/\",\"url\":\"https:\/\/secure.gravatar.com\/avatar\/d189e01678f06d8eb84d4e01f08eb848b3fffe3f8443818d3c356c66892f5be8?s=96&d=mm&r=g\",\"contentUrl\":\"https:\/\/secure.gravatar.com\/avatar\/d189e01678f06d8eb84d4e01f08eb848b3fffe3f8443818d3c356c66892f5be8?s=96&d=mm&r=g\",\"caption\":\"Ag\u00eancia iNFRA\"},\"url\":\"https:\/\/agenciainfra.com\/blog\/author\/admin\/\"}]}<\/script>\n<!-- \/ Yoast SEO Premium plugin. -->","yoast_head_json":{"title":"Maia: \"Sem Investimento em Infraestrutura, n\u00e3o h\u00e1 solu\u00e7\u00e3o\" - Ag\u00eancia iNFRA","robots":{"index":"index","follow":"follow","max-snippet":"max-snippet:-1","max-image-preview":"max-image-preview:large","max-video-preview":"max-video-preview:-1"},"canonical":"https:\/\/agenciainfra.com\/blog\/maia-sem-investimento-em-infraestrutura-nao-ha-solucao\/","og_locale":"pt_BR","og_type":"article","og_title":"Maia: \"Sem Investimento em Infraestrutura, n\u00e3o h\u00e1 solu\u00e7\u00e3o\"","og_description":"Leila Coimbra e Dimmi Amora, da Ag\u00eancia iNFRA &#8220;Sem investimento em infraestrutura n\u00e3o h\u00e1 solu\u00e7\u00e3o. E sem seguran\u00e7a jur\u00eddica, n\u00e3o h\u00e1 investimento&#8221;. Foi com essa frase que o presidente da C\u00e2mara, deputado Rodrigo Maia (DEM-RJ) resumiu mais de uma hora de conversa, realizada na noite desta segunda-feira (5), em Bras\u00edlia, na abertura do iNFRAEventos, encontro [&hellip;]","og_url":"https:\/\/agenciainfra.com\/blog\/maia-sem-investimento-em-infraestrutura-nao-ha-solucao\/","og_site_name":"Ag\u00eancia iNFRA","article_publisher":"https:\/\/www.facebook.com\/ageninfra","article_published_time":"2018-03-07T17:41:03+00:00","article_modified_time":"2018-03-07T17:52:05+00:00","og_image":[{"width":1500,"height":1000,"url":"https:\/\/agenciainfra.com\/blog\/wp-content\/uploads\/2018\/03\/TN__HM_2306.jpg","type":"image\/jpeg"}],"author":"Ag\u00eancia iNFRA","twitter_card":"summary_large_image","twitter_creator":"@agencia_infra","twitter_site":"@agencia_infra","twitter_misc":{"Escrito por":"Ag\u00eancia iNFRA","Est. tempo de leitura":"6 minutos"},"schema":{"@context":"https:\/\/schema.org","@graph":[{"@type":"Article","@id":"https:\/\/agenciainfra.com\/blog\/maia-sem-investimento-em-infraestrutura-nao-ha-solucao\/#article","isPartOf":{"@id":"https:\/\/agenciainfra.com\/blog\/maia-sem-investimento-em-infraestrutura-nao-ha-solucao\/"},"author":{"name":"Ag\u00eancia iNFRA","@id":"https:\/\/agenciainfra.com\/blog\/#\/schema\/person\/34af08dff6adea4cb22b06612ba7acfa"},"headline":"Maia: &#8220;Sem Investimento em Infraestrutura, n\u00e3o h\u00e1 solu\u00e7\u00e3o&#8221;","datePublished":"2018-03-07T17:41:03+00:00","dateModified":"2018-03-07T17:52:05+00:00","mainEntityOfPage":{"@id":"https:\/\/agenciainfra.com\/blog\/maia-sem-investimento-em-infraestrutura-nao-ha-solucao\/"},"wordCount":1184,"publisher":{"@id":"https:\/\/agenciainfra.com\/blog\/#organization"},"image":{"@id":"https:\/\/agenciainfra.com\/blog\/maia-sem-investimento-em-infraestrutura-nao-ha-solucao\/#primaryimage"},"thumbnailUrl":"https:\/\/agenciainfra.com\/blog\/wp-content\/uploads\/2018\/03\/TN__HM_2306.jpg","keywords":["Abrace","Abraceel","energia","energia livre","mercado de energia","Rodrigo Maia"],"articleSection":["iNFRATransporte"],"inLanguage":"pt-BR","copyrightYear":"2018","copyrightHolder":{"@id":"https:\/\/agenciainfra.com\/blog\/#organization"}},{"@type":"WebPage","@id":"https:\/\/agenciainfra.com\/blog\/maia-sem-investimento-em-infraestrutura-nao-ha-solucao\/","url":"https:\/\/agenciainfra.com\/blog\/maia-sem-investimento-em-infraestrutura-nao-ha-solucao\/","name":"Maia: \"Sem Investimento em Infraestrutura, n\u00e3o h\u00e1 solu\u00e7\u00e3o\" - Ag\u00eancia iNFRA","isPartOf":{"@id":"https:\/\/agenciainfra.com\/blog\/#website"},"primaryImageOfPage":{"@id":"https:\/\/agenciainfra.com\/blog\/maia-sem-investimento-em-infraestrutura-nao-ha-solucao\/#primaryimage"},"image":{"@id":"https:\/\/agenciainfra.com\/blog\/maia-sem-investimento-em-infraestrutura-nao-ha-solucao\/#primaryimage"},"thumbnailUrl":"https:\/\/agenciainfra.com\/blog\/wp-content\/uploads\/2018\/03\/TN__HM_2306.jpg","datePublished":"2018-03-07T17:41:03+00:00","dateModified":"2018-03-07T17:52:05+00:00","breadcrumb":{"@id":"https:\/\/agenciainfra.com\/blog\/maia-sem-investimento-em-infraestrutura-nao-ha-solucao\/#breadcrumb"},"inLanguage":"pt-BR","potentialAction":[{"@type":"ReadAction","target":["https:\/\/agenciainfra.com\/blog\/maia-sem-investimento-em-infraestrutura-nao-ha-solucao\/"]}]},{"@type":"ImageObject","inLanguage":"pt-BR","@id":"https:\/\/agenciainfra.com\/blog\/maia-sem-investimento-em-infraestrutura-nao-ha-solucao\/#primaryimage","url":"https:\/\/agenciainfra.com\/blog\/wp-content\/uploads\/2018\/03\/TN__HM_2306.jpg","contentUrl":"https:\/\/agenciainfra.com\/blog\/wp-content\/uploads\/2018\/03\/TN__HM_2306.jpg","width":1500,"height":1000},{"@type":"BreadcrumbList","@id":"https:\/\/agenciainfra.com\/blog\/maia-sem-investimento-em-infraestrutura-nao-ha-solucao\/#breadcrumb","itemListElement":[{"@type":"ListItem","position":1,"name":"In\u00edcio","item":"https:\/\/agenciainfra.com\/blog\/"},{"@type":"ListItem","position":2,"name":"Maia: &#8220;Sem Investimento em Infraestrutura, n\u00e3o h\u00e1 solu\u00e7\u00e3o&#8221;"}]},{"@type":"WebSite","@id":"https:\/\/agenciainfra.com\/blog\/#website","url":"https:\/\/agenciainfra.com\/blog\/","name":"Ag\u00eancia iNFRA","description":"Multiplataforma de informa\u00e7\u00e3o jornal\u00edstica refer\u00eancia na \u00e1rea de infraestrutura no Brasil!","publisher":{"@id":"https:\/\/agenciainfra.com\/blog\/#organization"},"potentialAction":[{"@type":"SearchAction","target":{"@type":"EntryPoint","urlTemplate":"https:\/\/agenciainfra.com\/blog\/?s={search_term_string}"},"query-input":{"@type":"PropertyValueSpecification","valueRequired":true,"valueName":"search_term_string"}}],"inLanguage":"pt-BR"},{"@type":"Organization","@id":"https:\/\/agenciainfra.com\/blog\/#organization","name":"Ag\u00eancia iNFRA","url":"https:\/\/agenciainfra.com\/blog\/","logo":{"@type":"ImageObject","inLanguage":"pt-BR","@id":"https:\/\/agenciainfra.com\/blog\/#\/schema\/logo\/image\/","url":"https:\/\/agenciainfra.com\/blog\/wp-content\/uploads\/2023\/09\/iNFRA_5-e1761735885940.png","contentUrl":"https:\/\/agenciainfra.com\/blog\/wp-content\/uploads\/2023\/09\/iNFRA_5-e1761735885940.png","width":1672,"height":454,"caption":"Ag\u00eancia iNFRA"},"image":{"@id":"https:\/\/agenciainfra.com\/blog\/#\/schema\/logo\/image\/"},"sameAs":["https:\/\/www.facebook.com\/ageninfra","https:\/\/x.com\/agencia_infra","https:\/\/www.linkedin.com\/company\/ag\u00eanciainfra\/","https:\/\/www.instagram.com\/agenciainfra\/"]},{"@type":"Person","@id":"https:\/\/agenciainfra.com\/blog\/#\/schema\/person\/34af08dff6adea4cb22b06612ba7acfa","name":"Ag\u00eancia iNFRA","image":{"@type":"ImageObject","inLanguage":"pt-BR","@id":"https:\/\/agenciainfra.com\/blog\/#\/schema\/person\/image\/","url":"https:\/\/secure.gravatar.com\/avatar\/d189e01678f06d8eb84d4e01f08eb848b3fffe3f8443818d3c356c66892f5be8?s=96&d=mm&r=g","contentUrl":"https:\/\/secure.gravatar.com\/avatar\/d189e01678f06d8eb84d4e01f08eb848b3fffe3f8443818d3c356c66892f5be8?s=96&d=mm&r=g","caption":"Ag\u00eancia iNFRA"},"url":"https:\/\/agenciainfra.com\/blog\/author\/admin\/"}]}},"_links":{"self":[{"href":"https:\/\/agenciainfra.com\/blog\/wp-json\/wp\/v2\/posts\/1301","targetHints":{"allow":["GET"]}}],"collection":[{"href":"https:\/\/agenciainfra.com\/blog\/wp-json\/wp\/v2\/posts"}],"about":[{"href":"https:\/\/agenciainfra.com\/blog\/wp-json\/wp\/v2\/types\/post"}],"author":[{"embeddable":true,"href":"https:\/\/agenciainfra.com\/blog\/wp-json\/wp\/v2\/users\/1"}],"replies":[{"embeddable":true,"href":"https:\/\/agenciainfra.com\/blog\/wp-json\/wp\/v2\/comments?post=1301"}],"version-history":[{"count":0,"href":"https:\/\/agenciainfra.com\/blog\/wp-json\/wp\/v2\/posts\/1301\/revisions"}],"wp:featuredmedia":[{"embeddable":true,"href":"https:\/\/agenciainfra.com\/blog\/wp-json\/wp\/v2\/media\/1302"}],"wp:attachment":[{"href":"https:\/\/agenciainfra.com\/blog\/wp-json\/wp\/v2\/media?parent=1301"}],"wp:term":[{"taxonomy":"category","embeddable":true,"href":"https:\/\/agenciainfra.com\/blog\/wp-json\/wp\/v2\/categories?post=1301"},{"taxonomy":"post_tag","embeddable":true,"href":"https:\/\/agenciainfra.com\/blog\/wp-json\/wp\/v2\/tags?post=1301"}],"curies":[{"name":"wp","href":"https:\/\/api.w.org\/{rel}","templated":true}]}}