{"id":13015,"date":"2023-07-08T11:00:00","date_gmt":"2023-07-08T14:00:00","guid":{"rendered":"https:\/\/www.agenciainfra.com\/blog\/?p=13015"},"modified":"2023-07-07T12:25:51","modified_gmt":"2023-07-07T15:25:51","slug":"com-condicionantes-tcu-indica-que-deve-aprovar-proposta-do-governo-de-desistencia-de-relicitacoes","status":"publish","type":"post","link":"https:\/\/agenciainfra.com\/blog\/com-condicionantes-tcu-indica-que-deve-aprovar-proposta-do-governo-de-desistencia-de-relicitacoes\/","title":{"rendered":"Com condicionantes, TCU indica que deve aprovar proposta do governo de desist\u00eancia de relicita\u00e7\u00f5es"},"content":{"rendered":"\n<p class=\"has-text-align-right\"><strong>Dimmi Amora, da Ag\u00eancia iNFRA<\/strong><\/p>\n\n\n\n<p>Com pedido de vista, dois ministros&nbsp;do&nbsp;TCU&nbsp;(Tribunal de Contas da Uni\u00e3o) suspenderam na \u00faltima quarta-feira (5) a an\u00e1lise da consulta apresentada pelos minist\u00e9rios de Portos e Aeroportos e dos Transportes sobre a possibilidade de o&nbsp;governo&nbsp;desistir dos processos de relicita\u00e7\u00e3o&nbsp;em andamento no modelo da&nbsp;<a rel=\"noreferrer noopener\" href=\"https:\/\/agenciainfra.us14.list-manage.com\/track\/click?u=d460dd1bcf9ba0ae040e1fc0f&amp;id=23237ff72b&amp;e=f0fa444791\" target=\"_blank\">Lei 13.448\/2017<\/a>.<br><br>Os pedidos foram feitos pelos ministros Walton Alencar e Jhonatan de Jesus ap\u00f3s a leitura&nbsp;do&nbsp;voto&nbsp;do&nbsp;ministro relator, Vital&nbsp;do&nbsp;R\u00eago, indicando&nbsp;que&nbsp;a consulta seria respondida positivamente, ou seja,&nbsp;que&nbsp;o&nbsp;governo&nbsp;pode desistir de licitar, mas&nbsp;que&nbsp;para isso dever\u00e1 cumprir uma s\u00e9rie de&nbsp;condicionantes, tamb\u00e9m apresentadas por ele.<br><br>O pedido pode atrasar a an\u00e1lise em 30 dias, o&nbsp;que&nbsp;frustra planos&nbsp;do&nbsp;governo, caso ocorra, de iniciar rapidamente processos de repactua\u00e7\u00e3o desses contratos&nbsp;que, por informa\u00e7\u00e3o dada ao relator, podem destravar R$ 80 bilh\u00f5es em investimentos nos pr\u00f3ximos anos.<br><br>No entanto, a aprova\u00e7\u00e3o est\u00e1 bem encaminhada, pelo&nbsp;que&nbsp;se pode depurar das observa\u00e7\u00f5es dos ministros durante o processo de vota\u00e7\u00e3o na reuni\u00e3o&nbsp;do&nbsp;colegiado desta quarta-feira. Pelo menos outros quatro ministros (Bruno Dantas, Benjamin Zymler, Antonio Anastasia e Aroldo Cedraz) indicaram&nbsp;que&nbsp;v\u00e3o aderir \u00e0&nbsp;proposta&nbsp;do&nbsp;relator, o&nbsp;que&nbsp;seria suficiente para formar maioria no plen\u00e1rio composto por nove.<br><br>O presidente&nbsp;do&nbsp;colegiado, ministro Bruno Dantas, disse&nbsp;que&nbsp;o pedido foi formulado ap\u00f3s a visita de quatro ministros&nbsp;do&nbsp;governo&nbsp;ao \u00f3rg\u00e3o \u2013 Rui Costa (Casa Civil), Jorge Messias (AGU), M\u00e1rcio Fran\u00e7a (Portos e Aeroportos) e Renan Filho (Transportes),&nbsp;que&nbsp;relataram a necessidade de solucionar os problemas das concess\u00f5es&nbsp;que&nbsp;est\u00e3o descumprindo investimentos.<br><br>Segundo ele, a a\u00e7\u00e3o&nbsp;do&nbsp;\u00f3rg\u00e3o n\u00e3o ser\u00e1 para beneficiar um ou outro&nbsp;governo, visto j\u00e1 ter sido feita no&nbsp;governo&nbsp;passado para a repactua\u00e7\u00e3o&nbsp;do&nbsp;contrato de uma das concess\u00f5es&nbsp;que&nbsp;seriam relicitadas, a da BR-163\/MT. Dantas afirmou&nbsp;que&nbsp;o prazo vai ajudar a&nbsp;que&nbsp;todos os ministros possam se aprofundar mais e trazer novas contribui\u00e7\u00f5es, mas pediu para&nbsp;que, se for poss\u00edvel, os ministros&nbsp;que&nbsp;pediram vista antecipem o voto revisor.<br><br>O ministro Vital&nbsp;do&nbsp;R\u00eago brincou durante seu voto dizendo&nbsp;que&nbsp;o presidente havia dito a ele&nbsp;que&nbsp;seria uma consulta &#8220;simples, com apenas duas perguntas&#8221; e&nbsp;que, quando seu gabinete come\u00e7ou a estudar, o&nbsp;que&nbsp;ficou claro \u00e9&nbsp;que&nbsp;era necess\u00e1rio fazer no voto &#8220;uma evolu\u00e7\u00e3o hist\u00f3rica&#8221; nos contratos de concess\u00e3o. Segundo ele, para conseguir fechar as arestas, foi necess\u00e1rio ampliar o tempo de an\u00e1lise.<br><br><strong>Condicionantes<\/strong><br>Ao questionamento dos minist\u00e9rios sobre a possibilidade de desistir da relicita\u00e7\u00e3o, Vital indicou&nbsp;que&nbsp;o car\u00e1ter &#8220;irrevog\u00e1vel e irretrat\u00e1vel&#8221;&nbsp;do&nbsp;pedido de devolu\u00e7\u00e3o amig\u00e1vel das concession\u00e1rias&nbsp;deve&nbsp;ser restrito \u00e0s concession\u00e1rias. Portanto, o&nbsp;governo&nbsp;pode n\u00e3o dar prosseguimento ao pedido, desde&nbsp;que&nbsp;cumpridas determinadas&nbsp;condicionantes.<br><br>As&nbsp;condicionantes&nbsp;apresentadas, de acordo com o ministro, t\u00eam como objetivo &#8220;a demonstra\u00e7\u00e3o&nbsp;do&nbsp;interesse p\u00fablico&nbsp;que&nbsp;motivam a op\u00e7\u00e3o pelo encerramento das&nbsp;relicita\u00e7\u00f5es, a demonstra\u00e7\u00e3o da vantajosidade de celebrar um eventual acordo de readapta\u00e7\u00e3o&nbsp;do&nbsp;contrato vigente em vez de prosseguir com o processo de relicita\u00e7\u00e3o&#8221;. As 14&nbsp;condicionantes&nbsp;apresentadas pelo relator s\u00e3o as seguintes, abaixo parcialmente resumidas:<br><br>1) manifesta\u00e7\u00e3o formal&nbsp;do&nbsp;concession\u00e1rio registrando o interesse em permanecer prestando o servi\u00e7o;<br><br>2) demonstra\u00e7\u00e3o&nbsp;do&nbsp;interesse p\u00fablico e a ader\u00eancia ao princ\u00edpio da legalidade;<br><br>3) a desqualifica\u00e7\u00e3o&nbsp;do&nbsp;empreendimento;<br><br>4) a formaliza\u00e7\u00e3o, mediante novo termo aditivo, de comum acordo e amig\u00e1vel entre as partes, concomitantemente \u00e0 desconstitui\u00e7\u00e3o&nbsp;do&nbsp;processo de relicita\u00e7\u00e3o e em substitui\u00e7\u00e3o ao termo aditivo at\u00e9 ent\u00e3o vigente, de solu\u00e7\u00e3o para o equacionamento das novas condi\u00e7\u00f5es, em prazo razo\u00e1vel, garantindo-se o equil\u00edbrio econ\u00f4mico-financeiro&nbsp;do&nbsp;novo acordo e mantendo-se os princ\u00edpios norteadores adotados na aloca\u00e7\u00e3o de riscos&nbsp;do&nbsp;contrato de concess\u00e3o vigente&nbsp;que&nbsp;fundamentou a matriz de riscos;<br><br>5) a eventual reprograma\u00e7\u00e3o de pagamentos de contribui\u00e7\u00e3o devida ao poder concedente, caso adotada,&nbsp;deve&nbsp;ser efetuada por meio de crit\u00e9rios fixados por normativos legais&nbsp;que, entre outros aspectos, assegurem a manuten\u00e7\u00e3o&nbsp;do&nbsp;valor presente l\u00edquido das outorgas originalmente assumidas, o restabelecimento integral&nbsp;do&nbsp;pagamento de outorgas vencidas e n\u00e3o pagas, ou eventual parcelamento, e a quita\u00e7\u00e3o ou eventual parcelamento de multas contratuais e\/ou morat\u00f3rias ainda pendentes, e, no caso de posterga\u00e7\u00e3o de pagamentos, preveja a anu\u00eancia pr\u00e9via&nbsp;do&nbsp;Minist\u00e9rio da Fazenda;<br><br>6) a realiza\u00e7\u00e3o, para os setores ferrovi\u00e1rio, rodovi\u00e1rio e aeroportu\u00e1rio, de estudos para demonstrar a vantajosidade de celebrar um eventual acordo de readapta\u00e7\u00e3o&nbsp;do&nbsp;contrato de concess\u00e3o vigente em vez de prosseguir com o processo de relicita\u00e7\u00e3o, e, no caso&nbsp;do&nbsp;setor aeroportu\u00e1rio, observar, tamb\u00e9m, os dispositivos especificamente aplic\u00e1veis para esse setor: Decretos 6.780\/2008 (Pol\u00edtica Nacional de Avia\u00e7\u00e3o Civil) e 7.624\/2011;<br><br>7) a garantia de viabilidade econ\u00f4mica, financeira e operacional de eventual acordo, considerando, em rela\u00e7\u00e3o aos elementos&nbsp;que&nbsp;constar\u00e3o&nbsp;do&nbsp;estudo de vantajosidade, pelo menos, aqueles previstos no art. 17, caput, e \u00a7 1\u00ba, incisos I a VI, da Lei de Relicita\u00e7\u00e3o, de maneira&nbsp;que&nbsp;fique demonstrada a capacidade econ\u00f4mico-financeira&nbsp;do&nbsp;concession\u00e1rio origin\u00e1rio para adimplir todas as obriga\u00e7\u00f5es&nbsp;do&nbsp;acordo, inclusive com o restabelecimento das garantias contratuais a serem exigidas&nbsp;do&nbsp;concession\u00e1rio origin\u00e1rio durante o per\u00edodo restante&nbsp;do&nbsp;contrato de parceria;<br><br>8) a ader\u00eancia&nbsp;do&nbsp;novo acordo \u00e0 manuten\u00e7\u00e3o dos objetivos da concess\u00e3o original e ao escopo da pol\u00edtica p\u00fablica formulada para o setor pelo minist\u00e9rio competente, considerada a necess\u00e1ria isonomia de tratamento em rela\u00e7\u00e3o aos demais detentores de contratos de parceria&nbsp;do&nbsp;mesmo setor, a fim de evitar tratamento privilegiado;<br><br>9) a inclus\u00e3o, no novo acordo&nbsp;que&nbsp;vier a readaptar o contrato de concess\u00e3o vigente, de cl\u00e1usula de ren\u00fancia aplicada ao concession\u00e1rio \u00e0 rediscuss\u00e3o de controv\u00e9rsias anteriores \u00e0 assinatura&nbsp;do&nbsp;termo aditivo da relicita\u00e7\u00e3o&nbsp;(&#8230;);<br><br>10) impedimento de novo processo de relicita\u00e7\u00e3o;<br><br>11) a avalia\u00e7\u00e3o acerca de incorpora\u00e7\u00e3o de mecanismo para amortiza\u00e7\u00e3o de empreendimentos geradores de receitas n\u00e3o tarif\u00e1rias (&#8230;);<br><br>12) a avalia\u00e7\u00e3o de utiliza\u00e7\u00e3o da metodologia&nbsp;do&nbsp;fluxo de caixa marginal no estudo de vantajosidade (&#8230;);<br><br>13) a avalia\u00e7\u00e3o da repercuss\u00e3o sobre as receitas da Infraero (&#8230;);<br><br>14) os estudos e o acordo dever\u00e3o ser encaminhados ao&nbsp;TCU.<br><br>Como \u00e9 uma&nbsp;proposta&nbsp;do&nbsp;relator, o pr\u00f3prio Vital pode fazer acr\u00e9scimos ou redu\u00e7\u00f5es com as sugest\u00f5es&nbsp;que&nbsp;vierem dos ministros enquanto o processo est\u00e1 em an\u00e1lise.<\/p>\n","protected":false},"excerpt":{"rendered":"<p>Dimmi Amora, da Ag\u00eancia iNFRA Com pedido de vista, dois ministros&nbsp;do&nbsp;TCU&nbsp;(Tribunal de Contas da Uni\u00e3o) suspenderam na \u00faltima quarta-feira (5) a an\u00e1lise da consulta apresentada pelos minist\u00e9rios de Portos e Aeroportos e dos Transportes sobre a possibilidade de o&nbsp;governo&nbsp;desistir dos processos de relicita\u00e7\u00e3o&nbsp;em andamento no modelo da&nbsp;Lei 13.448\/2017. Os pedidos foram feitos pelos ministros Walton [&hellip;]<\/p>\n","protected":false},"author":1,"featured_media":4006,"comment_status":"closed","ping_status":"closed","sticky":false,"template":"","format":"standard","meta":{"_monsterinsights_skip_tracking":false,"_monsterinsights_sitenote_active":false,"_monsterinsights_sitenote_note":"","_monsterinsights_sitenote_category":0,"footnotes":""},"categories":[1,7],"tags":[1049,396,6994,3125,525,6632,16,6919,800,18,860,1204],"class_list":["post-13015","post","type-post","status-publish","format-standard","has-post-thumbnail","hentry","category-geral","category-infratransporte","tag-br-163-mt","tag-bruno-dantas","tag-desistencia","tag-jhonatan-de-jesus","tag-lei-13-448-2017","tag-ministerio-dos-portos-e-aeroportos","tag-ministerio-dos-transportes","tag-mpor","tag-relicitacoes","tag-tcu","tag-vital-do-rego","tag-walton-alencar"],"yoast_head":"<!-- This site is optimized with the Yoast SEO Premium plugin v25.4 (Yoast SEO v26.0) - https:\/\/yoast.com\/wordpress\/plugins\/seo\/ -->\n<title>Com condicionantes, TCU indica que deve aprovar proposta do governo de desist\u00eancia de relicita\u00e7\u00f5es - Ag\u00eancia iNFRA<\/title>\n<meta name=\"robots\" content=\"index, follow, max-snippet:-1, max-image-preview:large, max-video-preview:-1\" \/>\n<link rel=\"canonical\" href=\"https:\/\/agenciainfra.com\/blog\/com-condicionantes-tcu-indica-que-deve-aprovar-proposta-do-governo-de-desistencia-de-relicitacoes\/\" \/>\n<meta property=\"og:locale\" content=\"pt_BR\" \/>\n<meta property=\"og:type\" content=\"article\" \/>\n<meta property=\"og:title\" content=\"Com condicionantes, TCU indica que deve aprovar proposta do governo de desist\u00eancia de relicita\u00e7\u00f5es\" \/>\n<meta property=\"og:description\" content=\"Dimmi Amora, da Ag\u00eancia iNFRA Com pedido de vista, dois ministros&nbsp;do&nbsp;TCU&nbsp;(Tribunal de Contas da Uni\u00e3o) suspenderam na \u00faltima quarta-feira (5) a an\u00e1lise da consulta apresentada pelos minist\u00e9rios de Portos e Aeroportos e dos Transportes sobre a possibilidade de o&nbsp;governo&nbsp;desistir dos processos de relicita\u00e7\u00e3o&nbsp;em andamento no modelo da&nbsp;Lei 13.448\/2017. Os pedidos foram feitos pelos ministros Walton [&hellip;]\" \/>\n<meta property=\"og:url\" content=\"https:\/\/agenciainfra.com\/blog\/com-condicionantes-tcu-indica-que-deve-aprovar-proposta-do-governo-de-desistencia-de-relicitacoes\/\" \/>\n<meta property=\"og:site_name\" content=\"Ag\u00eancia iNFRA\" \/>\n<meta property=\"article:publisher\" content=\"https:\/\/www.facebook.com\/ageninfra\" \/>\n<meta property=\"article:published_time\" content=\"2023-07-08T14:00:00+00:00\" \/>\n<meta property=\"og:image\" content=\"https:\/\/agenciainfra.com\/blog\/wp-content\/uploads\/2019\/11\/vital-do-rego-foto-tribunal-de-contas-da-uniao.jpg\" \/>\n\t<meta property=\"og:image:width\" content=\"1280\" \/>\n\t<meta property=\"og:image:height\" content=\"990\" \/>\n\t<meta property=\"og:image:type\" content=\"image\/jpeg\" \/>\n<meta name=\"author\" content=\"Ag\u00eancia iNFRA\" \/>\n<meta name=\"twitter:card\" content=\"summary_large_image\" \/>\n<meta name=\"twitter:creator\" content=\"@agencia_infra\" \/>\n<meta name=\"twitter:site\" content=\"@agencia_infra\" \/>\n<meta name=\"twitter:label1\" content=\"Escrito por\" \/>\n\t<meta name=\"twitter:data1\" content=\"Ag\u00eancia iNFRA\" \/>\n\t<meta name=\"twitter:label2\" content=\"Est. tempo de leitura\" \/>\n\t<meta name=\"twitter:data2\" content=\"6 minutos\" \/>\n<script type=\"application\/ld+json\" class=\"yoast-schema-graph\">{\"@context\":\"https:\/\/schema.org\",\"@graph\":[{\"@type\":\"Article\",\"@id\":\"https:\/\/agenciainfra.com\/blog\/com-condicionantes-tcu-indica-que-deve-aprovar-proposta-do-governo-de-desistencia-de-relicitacoes\/#article\",\"isPartOf\":{\"@id\":\"https:\/\/agenciainfra.com\/blog\/com-condicionantes-tcu-indica-que-deve-aprovar-proposta-do-governo-de-desistencia-de-relicitacoes\/\"},\"author\":{\"name\":\"Ag\u00eancia iNFRA\",\"@id\":\"https:\/\/agenciainfra.com\/blog\/#\/schema\/person\/34af08dff6adea4cb22b06612ba7acfa\"},\"headline\":\"Com condicionantes, TCU indica que deve aprovar proposta do governo de desist\u00eancia de relicita\u00e7\u00f5es\",\"datePublished\":\"2023-07-08T14:00:00+00:00\",\"mainEntityOfPage\":{\"@id\":\"https:\/\/agenciainfra.com\/blog\/com-condicionantes-tcu-indica-que-deve-aprovar-proposta-do-governo-de-desistencia-de-relicitacoes\/\"},\"wordCount\":1295,\"publisher\":{\"@id\":\"https:\/\/agenciainfra.com\/blog\/#organization\"},\"image\":{\"@id\":\"https:\/\/agenciainfra.com\/blog\/com-condicionantes-tcu-indica-que-deve-aprovar-proposta-do-governo-de-desistencia-de-relicitacoes\/#primaryimage\"},\"thumbnailUrl\":\"https:\/\/agenciainfra.com\/blog\/wp-content\/uploads\/2019\/11\/vital-do-rego-foto-tribunal-de-contas-da-uniao.jpg\",\"keywords\":[\"BR-163\/MT\",\"Bruno Dantas\",\"desist\u00eancia\",\"Jhonatan de Jesus\",\"Lei 13.448\/2017\",\"Minist\u00e9rio dos Portos e Aeroportos\",\"minist\u00e9rio dos transportes\",\"MPor\",\"relicita\u00e7\u00f5es\",\"TCU\",\"Vital do R\u00eago\",\"Walton Alencar\"],\"articleSection\":[\"Geral\",\"iNFRATransporte\"],\"inLanguage\":\"pt-BR\",\"copyrightYear\":\"2023\",\"copyrightHolder\":{\"@id\":\"https:\/\/agenciainfra.com\/blog\/#organization\"}},{\"@type\":\"WebPage\",\"@id\":\"https:\/\/agenciainfra.com\/blog\/com-condicionantes-tcu-indica-que-deve-aprovar-proposta-do-governo-de-desistencia-de-relicitacoes\/\",\"url\":\"https:\/\/agenciainfra.com\/blog\/com-condicionantes-tcu-indica-que-deve-aprovar-proposta-do-governo-de-desistencia-de-relicitacoes\/\",\"name\":\"Com condicionantes, TCU indica que deve aprovar proposta do governo de desist\u00eancia de relicita\u00e7\u00f5es - Ag\u00eancia iNFRA\",\"isPartOf\":{\"@id\":\"https:\/\/agenciainfra.com\/blog\/#website\"},\"primaryImageOfPage\":{\"@id\":\"https:\/\/agenciainfra.com\/blog\/com-condicionantes-tcu-indica-que-deve-aprovar-proposta-do-governo-de-desistencia-de-relicitacoes\/#primaryimage\"},\"image\":{\"@id\":\"https:\/\/agenciainfra.com\/blog\/com-condicionantes-tcu-indica-que-deve-aprovar-proposta-do-governo-de-desistencia-de-relicitacoes\/#primaryimage\"},\"thumbnailUrl\":\"https:\/\/agenciainfra.com\/blog\/wp-content\/uploads\/2019\/11\/vital-do-rego-foto-tribunal-de-contas-da-uniao.jpg\",\"datePublished\":\"2023-07-08T14:00:00+00:00\",\"breadcrumb\":{\"@id\":\"https:\/\/agenciainfra.com\/blog\/com-condicionantes-tcu-indica-que-deve-aprovar-proposta-do-governo-de-desistencia-de-relicitacoes\/#breadcrumb\"},\"inLanguage\":\"pt-BR\",\"potentialAction\":[{\"@type\":\"ReadAction\",\"target\":[\"https:\/\/agenciainfra.com\/blog\/com-condicionantes-tcu-indica-que-deve-aprovar-proposta-do-governo-de-desistencia-de-relicitacoes\/\"]}]},{\"@type\":\"ImageObject\",\"inLanguage\":\"pt-BR\",\"@id\":\"https:\/\/agenciainfra.com\/blog\/com-condicionantes-tcu-indica-que-deve-aprovar-proposta-do-governo-de-desistencia-de-relicitacoes\/#primaryimage\",\"url\":\"https:\/\/agenciainfra.com\/blog\/wp-content\/uploads\/2019\/11\/vital-do-rego-foto-tribunal-de-contas-da-uniao.jpg\",\"contentUrl\":\"https:\/\/agenciainfra.com\/blog\/wp-content\/uploads\/2019\/11\/vital-do-rego-foto-tribunal-de-contas-da-uniao.jpg\",\"width\":1280,\"height\":990,\"caption\":\"Foto: TCU\"},{\"@type\":\"BreadcrumbList\",\"@id\":\"https:\/\/agenciainfra.com\/blog\/com-condicionantes-tcu-indica-que-deve-aprovar-proposta-do-governo-de-desistencia-de-relicitacoes\/#breadcrumb\",\"itemListElement\":[{\"@type\":\"ListItem\",\"position\":1,\"name\":\"In\u00edcio\",\"item\":\"https:\/\/agenciainfra.com\/blog\/\"},{\"@type\":\"ListItem\",\"position\":2,\"name\":\"Com condicionantes, TCU indica que deve aprovar proposta do governo de desist\u00eancia de relicita\u00e7\u00f5es\"}]},{\"@type\":\"WebSite\",\"@id\":\"https:\/\/agenciainfra.com\/blog\/#website\",\"url\":\"https:\/\/agenciainfra.com\/blog\/\",\"name\":\"Ag\u00eancia iNFRA\",\"description\":\"Multiplataforma de informa\u00e7\u00e3o jornal\u00edstica refer\u00eancia na \u00e1rea de infraestrutura no Brasil!\",\"publisher\":{\"@id\":\"https:\/\/agenciainfra.com\/blog\/#organization\"},\"potentialAction\":[{\"@type\":\"SearchAction\",\"target\":{\"@type\":\"EntryPoint\",\"urlTemplate\":\"https:\/\/agenciainfra.com\/blog\/?s={search_term_string}\"},\"query-input\":{\"@type\":\"PropertyValueSpecification\",\"valueRequired\":true,\"valueName\":\"search_term_string\"}}],\"inLanguage\":\"pt-BR\"},{\"@type\":\"Organization\",\"@id\":\"https:\/\/agenciainfra.com\/blog\/#organization\",\"name\":\"Ag\u00eancia iNFRA\",\"url\":\"https:\/\/agenciainfra.com\/blog\/\",\"logo\":{\"@type\":\"ImageObject\",\"inLanguage\":\"pt-BR\",\"@id\":\"https:\/\/agenciainfra.com\/blog\/#\/schema\/logo\/image\/\",\"url\":\"https:\/\/agenciainfra.com\/blog\/wp-content\/uploads\/2023\/09\/iNFRA_5-e1761735885940.png\",\"contentUrl\":\"https:\/\/agenciainfra.com\/blog\/wp-content\/uploads\/2023\/09\/iNFRA_5-e1761735885940.png\",\"width\":1672,\"height\":454,\"caption\":\"Ag\u00eancia iNFRA\"},\"image\":{\"@id\":\"https:\/\/agenciainfra.com\/blog\/#\/schema\/logo\/image\/\"},\"sameAs\":[\"https:\/\/www.facebook.com\/ageninfra\",\"https:\/\/x.com\/agencia_infra\",\"https:\/\/www.linkedin.com\/company\/ag\u00eanciainfra\/\",\"https:\/\/www.instagram.com\/agenciainfra\/\"]},{\"@type\":\"Person\",\"@id\":\"https:\/\/agenciainfra.com\/blog\/#\/schema\/person\/34af08dff6adea4cb22b06612ba7acfa\",\"name\":\"Ag\u00eancia iNFRA\",\"image\":{\"@type\":\"ImageObject\",\"inLanguage\":\"pt-BR\",\"@id\":\"https:\/\/agenciainfra.com\/blog\/#\/schema\/person\/image\/\",\"url\":\"https:\/\/secure.gravatar.com\/avatar\/d189e01678f06d8eb84d4e01f08eb848b3fffe3f8443818d3c356c66892f5be8?s=96&d=mm&r=g\",\"contentUrl\":\"https:\/\/secure.gravatar.com\/avatar\/d189e01678f06d8eb84d4e01f08eb848b3fffe3f8443818d3c356c66892f5be8?s=96&d=mm&r=g\",\"caption\":\"Ag\u00eancia iNFRA\"},\"url\":\"https:\/\/agenciainfra.com\/blog\/author\/admin\/\"}]}<\/script>\n<!-- \/ Yoast SEO Premium plugin. -->","yoast_head_json":{"title":"Com condicionantes, TCU indica que deve aprovar proposta do governo de desist\u00eancia de relicita\u00e7\u00f5es - Ag\u00eancia iNFRA","robots":{"index":"index","follow":"follow","max-snippet":"max-snippet:-1","max-image-preview":"max-image-preview:large","max-video-preview":"max-video-preview:-1"},"canonical":"https:\/\/agenciainfra.com\/blog\/com-condicionantes-tcu-indica-que-deve-aprovar-proposta-do-governo-de-desistencia-de-relicitacoes\/","og_locale":"pt_BR","og_type":"article","og_title":"Com condicionantes, TCU indica que deve aprovar proposta do governo de desist\u00eancia de relicita\u00e7\u00f5es","og_description":"Dimmi Amora, da Ag\u00eancia iNFRA Com pedido de vista, dois ministros&nbsp;do&nbsp;TCU&nbsp;(Tribunal de Contas da Uni\u00e3o) suspenderam na \u00faltima quarta-feira (5) a an\u00e1lise da consulta apresentada pelos minist\u00e9rios de Portos e Aeroportos e dos Transportes sobre a possibilidade de o&nbsp;governo&nbsp;desistir dos processos de relicita\u00e7\u00e3o&nbsp;em andamento no modelo da&nbsp;Lei 13.448\/2017. Os pedidos foram feitos pelos ministros Walton [&hellip;]","og_url":"https:\/\/agenciainfra.com\/blog\/com-condicionantes-tcu-indica-que-deve-aprovar-proposta-do-governo-de-desistencia-de-relicitacoes\/","og_site_name":"Ag\u00eancia iNFRA","article_publisher":"https:\/\/www.facebook.com\/ageninfra","article_published_time":"2023-07-08T14:00:00+00:00","og_image":[{"width":1280,"height":990,"url":"https:\/\/agenciainfra.com\/blog\/wp-content\/uploads\/2019\/11\/vital-do-rego-foto-tribunal-de-contas-da-uniao.jpg","type":"image\/jpeg"}],"author":"Ag\u00eancia iNFRA","twitter_card":"summary_large_image","twitter_creator":"@agencia_infra","twitter_site":"@agencia_infra","twitter_misc":{"Escrito por":"Ag\u00eancia iNFRA","Est. tempo de leitura":"6 minutos"},"schema":{"@context":"https:\/\/schema.org","@graph":[{"@type":"Article","@id":"https:\/\/agenciainfra.com\/blog\/com-condicionantes-tcu-indica-que-deve-aprovar-proposta-do-governo-de-desistencia-de-relicitacoes\/#article","isPartOf":{"@id":"https:\/\/agenciainfra.com\/blog\/com-condicionantes-tcu-indica-que-deve-aprovar-proposta-do-governo-de-desistencia-de-relicitacoes\/"},"author":{"name":"Ag\u00eancia iNFRA","@id":"https:\/\/agenciainfra.com\/blog\/#\/schema\/person\/34af08dff6adea4cb22b06612ba7acfa"},"headline":"Com condicionantes, TCU indica que deve aprovar proposta do governo de desist\u00eancia de relicita\u00e7\u00f5es","datePublished":"2023-07-08T14:00:00+00:00","mainEntityOfPage":{"@id":"https:\/\/agenciainfra.com\/blog\/com-condicionantes-tcu-indica-que-deve-aprovar-proposta-do-governo-de-desistencia-de-relicitacoes\/"},"wordCount":1295,"publisher":{"@id":"https:\/\/agenciainfra.com\/blog\/#organization"},"image":{"@id":"https:\/\/agenciainfra.com\/blog\/com-condicionantes-tcu-indica-que-deve-aprovar-proposta-do-governo-de-desistencia-de-relicitacoes\/#primaryimage"},"thumbnailUrl":"https:\/\/agenciainfra.com\/blog\/wp-content\/uploads\/2019\/11\/vital-do-rego-foto-tribunal-de-contas-da-uniao.jpg","keywords":["BR-163\/MT","Bruno Dantas","desist\u00eancia","Jhonatan de Jesus","Lei 13.448\/2017","Minist\u00e9rio dos Portos e Aeroportos","minist\u00e9rio dos transportes","MPor","relicita\u00e7\u00f5es","TCU","Vital do R\u00eago","Walton Alencar"],"articleSection":["Geral","iNFRATransporte"],"inLanguage":"pt-BR","copyrightYear":"2023","copyrightHolder":{"@id":"https:\/\/agenciainfra.com\/blog\/#organization"}},{"@type":"WebPage","@id":"https:\/\/agenciainfra.com\/blog\/com-condicionantes-tcu-indica-que-deve-aprovar-proposta-do-governo-de-desistencia-de-relicitacoes\/","url":"https:\/\/agenciainfra.com\/blog\/com-condicionantes-tcu-indica-que-deve-aprovar-proposta-do-governo-de-desistencia-de-relicitacoes\/","name":"Com condicionantes, TCU indica que deve aprovar proposta do governo de desist\u00eancia de relicita\u00e7\u00f5es - Ag\u00eancia iNFRA","isPartOf":{"@id":"https:\/\/agenciainfra.com\/blog\/#website"},"primaryImageOfPage":{"@id":"https:\/\/agenciainfra.com\/blog\/com-condicionantes-tcu-indica-que-deve-aprovar-proposta-do-governo-de-desistencia-de-relicitacoes\/#primaryimage"},"image":{"@id":"https:\/\/agenciainfra.com\/blog\/com-condicionantes-tcu-indica-que-deve-aprovar-proposta-do-governo-de-desistencia-de-relicitacoes\/#primaryimage"},"thumbnailUrl":"https:\/\/agenciainfra.com\/blog\/wp-content\/uploads\/2019\/11\/vital-do-rego-foto-tribunal-de-contas-da-uniao.jpg","datePublished":"2023-07-08T14:00:00+00:00","breadcrumb":{"@id":"https:\/\/agenciainfra.com\/blog\/com-condicionantes-tcu-indica-que-deve-aprovar-proposta-do-governo-de-desistencia-de-relicitacoes\/#breadcrumb"},"inLanguage":"pt-BR","potentialAction":[{"@type":"ReadAction","target":["https:\/\/agenciainfra.com\/blog\/com-condicionantes-tcu-indica-que-deve-aprovar-proposta-do-governo-de-desistencia-de-relicitacoes\/"]}]},{"@type":"ImageObject","inLanguage":"pt-BR","@id":"https:\/\/agenciainfra.com\/blog\/com-condicionantes-tcu-indica-que-deve-aprovar-proposta-do-governo-de-desistencia-de-relicitacoes\/#primaryimage","url":"https:\/\/agenciainfra.com\/blog\/wp-content\/uploads\/2019\/11\/vital-do-rego-foto-tribunal-de-contas-da-uniao.jpg","contentUrl":"https:\/\/agenciainfra.com\/blog\/wp-content\/uploads\/2019\/11\/vital-do-rego-foto-tribunal-de-contas-da-uniao.jpg","width":1280,"height":990,"caption":"Foto: TCU"},{"@type":"BreadcrumbList","@id":"https:\/\/agenciainfra.com\/blog\/com-condicionantes-tcu-indica-que-deve-aprovar-proposta-do-governo-de-desistencia-de-relicitacoes\/#breadcrumb","itemListElement":[{"@type":"ListItem","position":1,"name":"In\u00edcio","item":"https:\/\/agenciainfra.com\/blog\/"},{"@type":"ListItem","position":2,"name":"Com condicionantes, TCU indica que deve aprovar proposta do governo de desist\u00eancia de relicita\u00e7\u00f5es"}]},{"@type":"WebSite","@id":"https:\/\/agenciainfra.com\/blog\/#website","url":"https:\/\/agenciainfra.com\/blog\/","name":"Ag\u00eancia iNFRA","description":"Multiplataforma de informa\u00e7\u00e3o jornal\u00edstica refer\u00eancia na \u00e1rea de infraestrutura no Brasil!","publisher":{"@id":"https:\/\/agenciainfra.com\/blog\/#organization"},"potentialAction":[{"@type":"SearchAction","target":{"@type":"EntryPoint","urlTemplate":"https:\/\/agenciainfra.com\/blog\/?s={search_term_string}"},"query-input":{"@type":"PropertyValueSpecification","valueRequired":true,"valueName":"search_term_string"}}],"inLanguage":"pt-BR"},{"@type":"Organization","@id":"https:\/\/agenciainfra.com\/blog\/#organization","name":"Ag\u00eancia iNFRA","url":"https:\/\/agenciainfra.com\/blog\/","logo":{"@type":"ImageObject","inLanguage":"pt-BR","@id":"https:\/\/agenciainfra.com\/blog\/#\/schema\/logo\/image\/","url":"https:\/\/agenciainfra.com\/blog\/wp-content\/uploads\/2023\/09\/iNFRA_5-e1761735885940.png","contentUrl":"https:\/\/agenciainfra.com\/blog\/wp-content\/uploads\/2023\/09\/iNFRA_5-e1761735885940.png","width":1672,"height":454,"caption":"Ag\u00eancia iNFRA"},"image":{"@id":"https:\/\/agenciainfra.com\/blog\/#\/schema\/logo\/image\/"},"sameAs":["https:\/\/www.facebook.com\/ageninfra","https:\/\/x.com\/agencia_infra","https:\/\/www.linkedin.com\/company\/ag\u00eanciainfra\/","https:\/\/www.instagram.com\/agenciainfra\/"]},{"@type":"Person","@id":"https:\/\/agenciainfra.com\/blog\/#\/schema\/person\/34af08dff6adea4cb22b06612ba7acfa","name":"Ag\u00eancia iNFRA","image":{"@type":"ImageObject","inLanguage":"pt-BR","@id":"https:\/\/agenciainfra.com\/blog\/#\/schema\/person\/image\/","url":"https:\/\/secure.gravatar.com\/avatar\/d189e01678f06d8eb84d4e01f08eb848b3fffe3f8443818d3c356c66892f5be8?s=96&d=mm&r=g","contentUrl":"https:\/\/secure.gravatar.com\/avatar\/d189e01678f06d8eb84d4e01f08eb848b3fffe3f8443818d3c356c66892f5be8?s=96&d=mm&r=g","caption":"Ag\u00eancia iNFRA"},"url":"https:\/\/agenciainfra.com\/blog\/author\/admin\/"}]}},"_links":{"self":[{"href":"https:\/\/agenciainfra.com\/blog\/wp-json\/wp\/v2\/posts\/13015","targetHints":{"allow":["GET"]}}],"collection":[{"href":"https:\/\/agenciainfra.com\/blog\/wp-json\/wp\/v2\/posts"}],"about":[{"href":"https:\/\/agenciainfra.com\/blog\/wp-json\/wp\/v2\/types\/post"}],"author":[{"embeddable":true,"href":"https:\/\/agenciainfra.com\/blog\/wp-json\/wp\/v2\/users\/1"}],"replies":[{"embeddable":true,"href":"https:\/\/agenciainfra.com\/blog\/wp-json\/wp\/v2\/comments?post=13015"}],"version-history":[{"count":0,"href":"https:\/\/agenciainfra.com\/blog\/wp-json\/wp\/v2\/posts\/13015\/revisions"}],"wp:featuredmedia":[{"embeddable":true,"href":"https:\/\/agenciainfra.com\/blog\/wp-json\/wp\/v2\/media\/4006"}],"wp:attachment":[{"href":"https:\/\/agenciainfra.com\/blog\/wp-json\/wp\/v2\/media?parent=13015"}],"wp:term":[{"taxonomy":"category","embeddable":true,"href":"https:\/\/agenciainfra.com\/blog\/wp-json\/wp\/v2\/categories?post=13015"},{"taxonomy":"post_tag","embeddable":true,"href":"https:\/\/agenciainfra.com\/blog\/wp-json\/wp\/v2\/tags?post=13015"}],"curies":[{"name":"wp","href":"https:\/\/api.w.org\/{rel}","templated":true}]}}