{"id":13024,"date":"2023-07-10T11:00:00","date_gmt":"2023-07-10T14:00:00","guid":{"rendered":"https:\/\/www.agenciainfra.com\/blog\/?p=13024"},"modified":"2023-07-10T10:23:28","modified_gmt":"2023-07-10T13:23:28","slug":"opcao-do-governo-por-relicitacao-de-linhas-de-transmissao-vincendas-preocupa-o-setor","status":"publish","type":"post","link":"https:\/\/agenciainfra.com\/blog\/opcao-do-governo-por-relicitacao-de-linhas-de-transmissao-vincendas-preocupa-o-setor\/","title":{"rendered":"Op\u00e7\u00e3o do governo por relicita\u00e7\u00e3o de linhas de transmiss\u00e3o vincendas preocupa o setor"},"content":{"rendered":"\n<p class=\"has-text-align-right\"><strong>Roberto Rockmann<\/strong>*<\/p>\n\n\n\n<p>A decis\u00e3o do governo de relicitar as 24 concess\u00f5es de transmiss\u00e3o de energia el\u00e9trica vincendas entre 2025 e 2032 trouxe uma s\u00e9rie de d\u00favidas ao setor, diante da import\u00e2ncia que o segmento de transmiss\u00e3o vem ganhando, com mais de R$ 80 bilh\u00f5es em leil\u00f5es previstos nos pr\u00f3ximos dois anos.<br><br>A op\u00e7\u00e3o pela relicita\u00e7\u00e3o foi tomada nos \u00faltimos dias do governo do ent\u00e3o presidente Jair Bolsonaro, com o\u00a0<a rel=\"noreferrer noopener\" href=\"https:\/\/agenciainfra.us14.list-manage.com\/track\/click?u=d460dd1bcf9ba0ae040e1fc0f&amp;id=c65cb7e659&amp;e=f0fa444791\" target=\"_blank\">Decreto Presidencial 11.314<\/a>, de 28 de dezembro de 2022. O governo petista de Lula\u00a0ainda n\u00e3o se pronunciou se concorda com as relicita\u00e7\u00f5es de transmiss\u00e3o. Sobre a concess\u00f5es de distribui\u00e7\u00e3o, o MME (Minist\u00e9rio de Minas e Energia) abriu no fim de junho\u00a0CP (Consulta P\u00fablica) considerando a prorroga\u00e7\u00e3o aos atuais concession\u00e1rios por mais 30 anos sem novo leil\u00e3o.<br><br>Entre 2025 e 2032, ir\u00e3o expirar os contratos de 24 concess\u00f5es de transmiss\u00e3o que abrangem 8,9 mil quil\u00f4metros de linhas e envolvem empresas como Taesa, Alupar, ISA Cteep e Eletrobras.<br><br>O decreto 11.314\/2022 contrariou boa parte do setor, que se manifestou publicamente no segundo semestre do ano passado na\u00a0<a rel=\"noreferrer noopener\" href=\"https:\/\/agenciainfra.us14.list-manage.com\/track\/click?u=d460dd1bcf9ba0ae040e1fc0f&amp;id=5bab96560a&amp;e=f0fa444791\" target=\"_blank\">CP 136\/2022<\/a>, que tratou do tema e subsidiou o documento. Foram criadas d\u00favidas regulat\u00f3rias e operacionais que precisar\u00e3o ser equacionadas em um momento em que a necessidade de capital do segmento \u00e9 crescente.<br><br>Foi determinado pelo decreto que o MME, subsidiado pela EPE (Empresa de Pesquisa Energ\u00e9tica) e pelo ONS (Operador Nacional do Sistema El\u00e9trico), definir\u00e1 melhorias, refor\u00e7os e novas instala\u00e7\u00f5es pertencentes \u00e0 concess\u00e3o em fim de vig\u00eancia, com anteced\u00eancia m\u00ednima de 36 meses do advento do termo contratual.<br><br>Segundo estudo da FGV-Ceri, o primeiro contrato expira em 17 de julho de 2025, o que indica que o prazo estipulado no decreto j\u00e1 estaria ultrapassado.<br><br>\u201cO assunto se tornou ainda mais importante com tantos leil\u00f5es bilion\u00e1rios pela frente e que exigem financiamento de longo prazo. H\u00e1 uma s\u00e9rie de regulamenta\u00e7\u00f5es ainda a serem feitas e d\u00favidas: quais ser\u00e3o as linhas que ser\u00e3o licitadas e quais as que ser\u00e3o prorrogadas? Capital est\u00e1 escasso e \u00e9 preciso uma programa\u00e7\u00e3o\u201d, observa um empres\u00e1rio.<br><br>A prioridade do governo pela relicita\u00e7\u00e3o \u00e9 vista com ressalvas por muitos especialistas. O certame de outubro foi remarcado para dezembro para atenuar press\u00f5es de fornecedores. Relicitar aumenta a demanda por investidores e recursos no setor, al\u00e9m de criar desafios operacionais para conduzir tantos processos. \u201cDe um ponto de vista pr\u00e1tico, relicitar 24 linhas ser\u00e1 poss\u00edvel? H\u00e1 estrutura para isso no governo e na ag\u00eancia reguladora com tantos assuntos simult\u00e2neos?\u201d questiona Raphael Gomes, s\u00f3cio do Lefosse Advogados.<br><br>H\u00e1 outras incertezas que precisariam ser solucionadas. Uma se refere ao fato de que o governo optou pela relicita\u00e7\u00e3o, mas n\u00e3o embasou a escolha em nenhum estudo. Isso cria o receio de que o TCU (Tribunal de Contas da Uni\u00e3o) questione a decis\u00e3o. \u201cIsso poder\u00e1 abrir questionamentos e travar a decis\u00e3o e deixar essas linhas no limbo regulat\u00f3rio, ainda mais que o TCU tem papel relevante na discuss\u00e3o dos ativos de distribui\u00e7\u00e3o e participar\u00e1 do processo\u201d, diz um consultor. A decis\u00e3o do governo contrariou a maioria das opini\u00f5es de entidades que participaram da discuss\u00e3o p\u00fablica ano passado.<br><br>Em sua avalia\u00e7\u00e3o na Consulta P\u00fablica, a Abrate (Associa\u00e7\u00e3o Brasileira das Transmissoras de Energia) considerou ser \u201cextremamente relevante que sejam apresentados estudos, contendo crit\u00e9rios, indicadores, e par\u00e2metros t\u00e9cnicos e econ\u00f4mico-financeiros que fundamentem e justifiquem a tomada de decis\u00e3o pelo poder concedente face \u00e0 op\u00e7\u00e3o legal de licitar ou prorrogar uma concess\u00e3o vincenda\u201d.<br><br><strong>Remunera\u00e7\u00e3o de ativos amortizados<\/strong><br>O decreto ainda exigiria a regulamenta\u00e7\u00e3o de alguns pontos sobre o processo, segundo especialistas. Um deles se refere \u00e0 remunera\u00e7\u00e3o dos concession\u00e1rios com equipamentos com vida \u00fatil esgotada (ou seja, amortizados). \u201cHoje eles n\u00e3o t\u00eam remunera\u00e7\u00e3o, mas h\u00e1 custos de opera\u00e7\u00e3o e manuten\u00e7\u00e3o e ainda o \u00f4nus de perda de qualidade, isso precisa ser ajustado\u201d, diz Jo\u00e3o Carlos Mello, presidente da Thymos.<br><br>Outro ponto a ser aperfei\u00e7oado, na vis\u00e3o dele, \u00e9 que as obras de melhorias e refor\u00e7os deveriam propostas pelo concession\u00e1rio, n\u00e3o pelo poder concedente ou regulador. \u201cDeveria ser proposto como \u00e9 na distribui\u00e7\u00e3o e, se n\u00e3o for cumprida essa melhoria, deveria haver uma penaliza\u00e7\u00e3o a ser feita na revis\u00e3o peri\u00f3dica dos ativos\u201d, observa.<br><br>Para Tiago Soares, diretor de assuntos econ\u00f4micos e financeiros da Abrate, h\u00e1 incerteza em rela\u00e7\u00e3o \u00e0 metodologia de indeniza\u00e7\u00e3o dos ativos e d\u00favidas em rela\u00e7\u00e3o ao processo de prorroga\u00e7\u00e3o da concess\u00e3o, op\u00e7\u00e3o de exce\u00e7\u00e3o que pode ser considerada pelo poder concedente caso n\u00e3o seja levada adiante a relicita\u00e7\u00e3o.<br><br>Soares diz que hoje no setor h\u00e1 duas modalidades contratuais, uma baseada nos leil\u00f5es anuais em que as revis\u00f5es peri\u00f3dicas s\u00e3o mais espa\u00e7adas, outra com acertos mais discricion\u00e1rios e revis\u00f5es peri\u00f3dicas a cada cinco anos (usados pela Rede B\u00e1sica do Sistema Existente, esp\u00e9cie de indeniza\u00e7\u00e3o em rela\u00e7\u00e3o \u00e0 MP (Medida Provis\u00f3ria) 579). \u201cSe houver a prorroga\u00e7\u00e3o, qual ser\u00e1 o regime tarif\u00e1rio dessa op\u00e7\u00e3o? Como ser\u00e1 tratado?\u201d.<br><br>O decreto 11.314 privilegia a licita\u00e7\u00e3o das concess\u00f5es em detrimento da prorroga\u00e7\u00e3o contratual, aplic\u00e1vel apenas quando a licita\u00e7\u00e3o for invi\u00e1vel ou resultar em preju\u00edzo ao interesse p\u00fablico, o que poderia ser requerido pela ANEEL (Ag\u00eancia Nacional de Energia El\u00e9trica) em at\u00e9 21 meses antes do termo contratual e com pr\u00e9via realiza\u00e7\u00e3o de consulta p\u00fablica espec\u00edfica.<\/p>\n\n\n\n<h6 class=\"wp-block-heading\" id=\"block-f323f59b-51bf-4eed-b17b-3c7d3b917007\">*Roberto Rockmann <strong>\u00e9 escritor e jornalista. Coautor do livro \u201cCurto-Circuito, quando o Brasil quase ficou \u00e0s escuras\u201d e produtor do podcast quinzenal \u201cGiro Energia\u201d sobre o setor el\u00e9trico. Organizou em 2018 o livro de 20 anos do mercado livre de energia el\u00e9trica, editado pela CCEE (C\u00e2mara de Comercializa\u00e7\u00e3o de Energia El\u00e9trica), al\u00e9m de v\u00e1rios outros livros e trabalhos premiados<\/strong>.<\/h6>\n\n\n\n<p><strong>As opini\u00f5es dos autores n\u00e3o refletem necessariamente o pensamento da Ag\u00eancia iNFRA, sendo de total responsabilidade do autor as informa\u00e7\u00f5es, ju\u00edzos de valor e conceitos descritos no texto<\/strong>. <\/p>\n","protected":false},"excerpt":{"rendered":"<p>Roberto Rockmann* A decis\u00e3o do governo de relicitar as 24 concess\u00f5es de transmiss\u00e3o de energia el\u00e9trica vincendas entre 2025 e 2032 trouxe uma s\u00e9rie de d\u00favidas ao setor, diante da import\u00e2ncia que o segmento de transmiss\u00e3o vem ganhando, com mais de R$ 80 bilh\u00f5es em leil\u00f5es previstos nos pr\u00f3ximos dois anos. A op\u00e7\u00e3o pela relicita\u00e7\u00e3o [&hellip;]<\/p>\n","protected":false},"author":1,"featured_media":12775,"comment_status":"closed","ping_status":"closed","sticky":false,"template":"","format":"standard","meta":{"_monsterinsights_skip_tracking":false,"_monsterinsights_sitenote_active":false,"_monsterinsights_sitenote_note":"","_monsterinsights_sitenote_category":0,"footnotes":""},"categories":[1],"tags":[7002,7000,50,12,845,2855,96,71,216,7001,18,2969],"class_list":["post-13024","post","type-post","status-publish","format-standard","has-post-thumbnail","hentry","category-geral","tag-cp-136-2022","tag-decreto-11-314-2022","tag-eletrobras","tag-epe","tag-jair-bolsonaro","tag-lefosse-advogados","tag-ministerio-de-minas-e-energia","tag-mme","tag-ons","tag-relcitacao","tag-tcu","tag-transmissao"],"yoast_head":"<!-- This site is optimized with the Yoast SEO Premium plugin v25.4 (Yoast SEO v26.0) - https:\/\/yoast.com\/wordpress\/plugins\/seo\/ -->\n<title>Op\u00e7\u00e3o do governo por relicita\u00e7\u00e3o de linhas de transmiss\u00e3o vincendas preocupa o setor - Ag\u00eancia iNFRA<\/title>\n<meta name=\"robots\" content=\"index, follow, max-snippet:-1, max-image-preview:large, max-video-preview:-1\" \/>\n<link rel=\"canonical\" href=\"https:\/\/agenciainfra.com\/blog\/opcao-do-governo-por-relicitacao-de-linhas-de-transmissao-vincendas-preocupa-o-setor\/\" \/>\n<meta property=\"og:locale\" content=\"pt_BR\" \/>\n<meta property=\"og:type\" content=\"article\" \/>\n<meta property=\"og:title\" content=\"Op\u00e7\u00e3o do governo por relicita\u00e7\u00e3o de linhas de transmiss\u00e3o vincendas preocupa o setor\" \/>\n<meta property=\"og:description\" content=\"Roberto Rockmann* A decis\u00e3o do governo de relicitar as 24 concess\u00f5es de transmiss\u00e3o de energia el\u00e9trica vincendas entre 2025 e 2032 trouxe uma s\u00e9rie de d\u00favidas ao setor, diante da import\u00e2ncia que o segmento de transmiss\u00e3o vem ganhando, com mais de R$ 80 bilh\u00f5es em leil\u00f5es previstos nos pr\u00f3ximos dois anos. A op\u00e7\u00e3o pela relicita\u00e7\u00e3o [&hellip;]\" \/>\n<meta property=\"og:url\" content=\"https:\/\/agenciainfra.com\/blog\/opcao-do-governo-por-relicitacao-de-linhas-de-transmissao-vincendas-preocupa-o-setor\/\" \/>\n<meta property=\"og:site_name\" content=\"Ag\u00eancia iNFRA\" \/>\n<meta property=\"article:publisher\" content=\"https:\/\/www.facebook.com\/ageninfra\" \/>\n<meta property=\"article:published_time\" content=\"2023-07-10T14:00:00+00:00\" \/>\n<meta property=\"og:image\" content=\"https:\/\/agenciainfra.com\/blog\/wp-content\/uploads\/2023\/06\/linha-de-transmissao-foto-agencia-brasil.png\" \/>\n\t<meta property=\"og:image:width\" content=\"1202\" \/>\n\t<meta property=\"og:image:height\" content=\"720\" \/>\n\t<meta property=\"og:image:type\" content=\"image\/png\" \/>\n<meta name=\"author\" content=\"Ag\u00eancia iNFRA\" \/>\n<meta name=\"twitter:card\" content=\"summary_large_image\" \/>\n<meta name=\"twitter:creator\" content=\"@agencia_infra\" \/>\n<meta name=\"twitter:site\" content=\"@agencia_infra\" \/>\n<meta name=\"twitter:label1\" content=\"Escrito por\" \/>\n\t<meta name=\"twitter:data1\" content=\"Ag\u00eancia iNFRA\" \/>\n\t<meta name=\"twitter:label2\" content=\"Est. tempo de leitura\" \/>\n\t<meta name=\"twitter:data2\" content=\"5 minutos\" \/>\n<script type=\"application\/ld+json\" class=\"yoast-schema-graph\">{\"@context\":\"https:\/\/schema.org\",\"@graph\":[{\"@type\":\"Article\",\"@id\":\"https:\/\/agenciainfra.com\/blog\/opcao-do-governo-por-relicitacao-de-linhas-de-transmissao-vincendas-preocupa-o-setor\/#article\",\"isPartOf\":{\"@id\":\"https:\/\/agenciainfra.com\/blog\/opcao-do-governo-por-relicitacao-de-linhas-de-transmissao-vincendas-preocupa-o-setor\/\"},\"author\":{\"name\":\"Ag\u00eancia iNFRA\",\"@id\":\"https:\/\/agenciainfra.com\/blog\/#\/schema\/person\/34af08dff6adea4cb22b06612ba7acfa\"},\"headline\":\"Op\u00e7\u00e3o do governo por relicita\u00e7\u00e3o de linhas de transmiss\u00e3o vincendas preocupa o setor\",\"datePublished\":\"2023-07-10T14:00:00+00:00\",\"mainEntityOfPage\":{\"@id\":\"https:\/\/agenciainfra.com\/blog\/opcao-do-governo-por-relicitacao-de-linhas-de-transmissao-vincendas-preocupa-o-setor\/\"},\"wordCount\":1071,\"publisher\":{\"@id\":\"https:\/\/agenciainfra.com\/blog\/#organization\"},\"image\":{\"@id\":\"https:\/\/agenciainfra.com\/blog\/opcao-do-governo-por-relicitacao-de-linhas-de-transmissao-vincendas-preocupa-o-setor\/#primaryimage\"},\"thumbnailUrl\":\"https:\/\/agenciainfra.com\/blog\/wp-content\/uploads\/2023\/06\/linha-de-transmissao-foto-agencia-brasil.png\",\"keywords\":[\"CP 136\/2022\",\"Decreto 11.314\/2022\",\"Eletrobras\",\"epe\",\"Jair Bolsonaro\",\"Lefosse Advogados\",\"Minist\u00e9rio de Minas e Energia\",\"MME\",\"ONS\",\"relcita\u00e7\u00e3o\",\"TCU\",\"transmiss\u00e3o\"],\"articleSection\":[\"Geral\"],\"inLanguage\":\"pt-BR\",\"copyrightYear\":\"2023\",\"copyrightHolder\":{\"@id\":\"https:\/\/agenciainfra.com\/blog\/#organization\"}},{\"@type\":\"WebPage\",\"@id\":\"https:\/\/agenciainfra.com\/blog\/opcao-do-governo-por-relicitacao-de-linhas-de-transmissao-vincendas-preocupa-o-setor\/\",\"url\":\"https:\/\/agenciainfra.com\/blog\/opcao-do-governo-por-relicitacao-de-linhas-de-transmissao-vincendas-preocupa-o-setor\/\",\"name\":\"Op\u00e7\u00e3o do governo por relicita\u00e7\u00e3o de linhas de transmiss\u00e3o vincendas preocupa o setor - Ag\u00eancia iNFRA\",\"isPartOf\":{\"@id\":\"https:\/\/agenciainfra.com\/blog\/#website\"},\"primaryImageOfPage\":{\"@id\":\"https:\/\/agenciainfra.com\/blog\/opcao-do-governo-por-relicitacao-de-linhas-de-transmissao-vincendas-preocupa-o-setor\/#primaryimage\"},\"image\":{\"@id\":\"https:\/\/agenciainfra.com\/blog\/opcao-do-governo-por-relicitacao-de-linhas-de-transmissao-vincendas-preocupa-o-setor\/#primaryimage\"},\"thumbnailUrl\":\"https:\/\/agenciainfra.com\/blog\/wp-content\/uploads\/2023\/06\/linha-de-transmissao-foto-agencia-brasil.png\",\"datePublished\":\"2023-07-10T14:00:00+00:00\",\"breadcrumb\":{\"@id\":\"https:\/\/agenciainfra.com\/blog\/opcao-do-governo-por-relicitacao-de-linhas-de-transmissao-vincendas-preocupa-o-setor\/#breadcrumb\"},\"inLanguage\":\"pt-BR\",\"potentialAction\":[{\"@type\":\"ReadAction\",\"target\":[\"https:\/\/agenciainfra.com\/blog\/opcao-do-governo-por-relicitacao-de-linhas-de-transmissao-vincendas-preocupa-o-setor\/\"]}]},{\"@type\":\"ImageObject\",\"inLanguage\":\"pt-BR\",\"@id\":\"https:\/\/agenciainfra.com\/blog\/opcao-do-governo-por-relicitacao-de-linhas-de-transmissao-vincendas-preocupa-o-setor\/#primaryimage\",\"url\":\"https:\/\/agenciainfra.com\/blog\/wp-content\/uploads\/2023\/06\/linha-de-transmissao-foto-agencia-brasil.png\",\"contentUrl\":\"https:\/\/agenciainfra.com\/blog\/wp-content\/uploads\/2023\/06\/linha-de-transmissao-foto-agencia-brasil.png\",\"width\":1202,\"height\":720,\"caption\":\"Foto: Ag\u00eancia Brasil\"},{\"@type\":\"BreadcrumbList\",\"@id\":\"https:\/\/agenciainfra.com\/blog\/opcao-do-governo-por-relicitacao-de-linhas-de-transmissao-vincendas-preocupa-o-setor\/#breadcrumb\",\"itemListElement\":[{\"@type\":\"ListItem\",\"position\":1,\"name\":\"In\u00edcio\",\"item\":\"https:\/\/agenciainfra.com\/blog\/\"},{\"@type\":\"ListItem\",\"position\":2,\"name\":\"Op\u00e7\u00e3o do governo por relicita\u00e7\u00e3o de linhas de transmiss\u00e3o vincendas preocupa o setor\"}]},{\"@type\":\"WebSite\",\"@id\":\"https:\/\/agenciainfra.com\/blog\/#website\",\"url\":\"https:\/\/agenciainfra.com\/blog\/\",\"name\":\"Ag\u00eancia iNFRA\",\"description\":\"Multiplataforma de informa\u00e7\u00e3o jornal\u00edstica refer\u00eancia na \u00e1rea de infraestrutura no Brasil!\",\"publisher\":{\"@id\":\"https:\/\/agenciainfra.com\/blog\/#organization\"},\"potentialAction\":[{\"@type\":\"SearchAction\",\"target\":{\"@type\":\"EntryPoint\",\"urlTemplate\":\"https:\/\/agenciainfra.com\/blog\/?s={search_term_string}\"},\"query-input\":{\"@type\":\"PropertyValueSpecification\",\"valueRequired\":true,\"valueName\":\"search_term_string\"}}],\"inLanguage\":\"pt-BR\"},{\"@type\":\"Organization\",\"@id\":\"https:\/\/agenciainfra.com\/blog\/#organization\",\"name\":\"Ag\u00eancia iNFRA\",\"url\":\"https:\/\/agenciainfra.com\/blog\/\",\"logo\":{\"@type\":\"ImageObject\",\"inLanguage\":\"pt-BR\",\"@id\":\"https:\/\/agenciainfra.com\/blog\/#\/schema\/logo\/image\/\",\"url\":\"https:\/\/agenciainfra.com\/blog\/wp-content\/uploads\/2023\/09\/iNFRA_5-e1761735885940.png\",\"contentUrl\":\"https:\/\/agenciainfra.com\/blog\/wp-content\/uploads\/2023\/09\/iNFRA_5-e1761735885940.png\",\"width\":1672,\"height\":454,\"caption\":\"Ag\u00eancia iNFRA\"},\"image\":{\"@id\":\"https:\/\/agenciainfra.com\/blog\/#\/schema\/logo\/image\/\"},\"sameAs\":[\"https:\/\/www.facebook.com\/ageninfra\",\"https:\/\/x.com\/agencia_infra\",\"https:\/\/www.linkedin.com\/company\/ag\u00eanciainfra\/\",\"https:\/\/www.instagram.com\/agenciainfra\/\"]},{\"@type\":\"Person\",\"@id\":\"https:\/\/agenciainfra.com\/blog\/#\/schema\/person\/34af08dff6adea4cb22b06612ba7acfa\",\"name\":\"Ag\u00eancia iNFRA\",\"image\":{\"@type\":\"ImageObject\",\"inLanguage\":\"pt-BR\",\"@id\":\"https:\/\/agenciainfra.com\/blog\/#\/schema\/person\/image\/\",\"url\":\"https:\/\/secure.gravatar.com\/avatar\/d189e01678f06d8eb84d4e01f08eb848b3fffe3f8443818d3c356c66892f5be8?s=96&d=mm&r=g\",\"contentUrl\":\"https:\/\/secure.gravatar.com\/avatar\/d189e01678f06d8eb84d4e01f08eb848b3fffe3f8443818d3c356c66892f5be8?s=96&d=mm&r=g\",\"caption\":\"Ag\u00eancia iNFRA\"},\"url\":\"https:\/\/agenciainfra.com\/blog\/author\/admin\/\"}]}<\/script>\n<!-- \/ Yoast SEO Premium plugin. -->","yoast_head_json":{"title":"Op\u00e7\u00e3o do governo por relicita\u00e7\u00e3o de linhas de transmiss\u00e3o vincendas preocupa o setor - Ag\u00eancia iNFRA","robots":{"index":"index","follow":"follow","max-snippet":"max-snippet:-1","max-image-preview":"max-image-preview:large","max-video-preview":"max-video-preview:-1"},"canonical":"https:\/\/agenciainfra.com\/blog\/opcao-do-governo-por-relicitacao-de-linhas-de-transmissao-vincendas-preocupa-o-setor\/","og_locale":"pt_BR","og_type":"article","og_title":"Op\u00e7\u00e3o do governo por relicita\u00e7\u00e3o de linhas de transmiss\u00e3o vincendas preocupa o setor","og_description":"Roberto Rockmann* A decis\u00e3o do governo de relicitar as 24 concess\u00f5es de transmiss\u00e3o de energia el\u00e9trica vincendas entre 2025 e 2032 trouxe uma s\u00e9rie de d\u00favidas ao setor, diante da import\u00e2ncia que o segmento de transmiss\u00e3o vem ganhando, com mais de R$ 80 bilh\u00f5es em leil\u00f5es previstos nos pr\u00f3ximos dois anos. A op\u00e7\u00e3o pela relicita\u00e7\u00e3o [&hellip;]","og_url":"https:\/\/agenciainfra.com\/blog\/opcao-do-governo-por-relicitacao-de-linhas-de-transmissao-vincendas-preocupa-o-setor\/","og_site_name":"Ag\u00eancia iNFRA","article_publisher":"https:\/\/www.facebook.com\/ageninfra","article_published_time":"2023-07-10T14:00:00+00:00","og_image":[{"width":1202,"height":720,"url":"https:\/\/agenciainfra.com\/blog\/wp-content\/uploads\/2023\/06\/linha-de-transmissao-foto-agencia-brasil.png","type":"image\/png"}],"author":"Ag\u00eancia iNFRA","twitter_card":"summary_large_image","twitter_creator":"@agencia_infra","twitter_site":"@agencia_infra","twitter_misc":{"Escrito por":"Ag\u00eancia iNFRA","Est. tempo de leitura":"5 minutos"},"schema":{"@context":"https:\/\/schema.org","@graph":[{"@type":"Article","@id":"https:\/\/agenciainfra.com\/blog\/opcao-do-governo-por-relicitacao-de-linhas-de-transmissao-vincendas-preocupa-o-setor\/#article","isPartOf":{"@id":"https:\/\/agenciainfra.com\/blog\/opcao-do-governo-por-relicitacao-de-linhas-de-transmissao-vincendas-preocupa-o-setor\/"},"author":{"name":"Ag\u00eancia iNFRA","@id":"https:\/\/agenciainfra.com\/blog\/#\/schema\/person\/34af08dff6adea4cb22b06612ba7acfa"},"headline":"Op\u00e7\u00e3o do governo por relicita\u00e7\u00e3o de linhas de transmiss\u00e3o vincendas preocupa o setor","datePublished":"2023-07-10T14:00:00+00:00","mainEntityOfPage":{"@id":"https:\/\/agenciainfra.com\/blog\/opcao-do-governo-por-relicitacao-de-linhas-de-transmissao-vincendas-preocupa-o-setor\/"},"wordCount":1071,"publisher":{"@id":"https:\/\/agenciainfra.com\/blog\/#organization"},"image":{"@id":"https:\/\/agenciainfra.com\/blog\/opcao-do-governo-por-relicitacao-de-linhas-de-transmissao-vincendas-preocupa-o-setor\/#primaryimage"},"thumbnailUrl":"https:\/\/agenciainfra.com\/blog\/wp-content\/uploads\/2023\/06\/linha-de-transmissao-foto-agencia-brasil.png","keywords":["CP 136\/2022","Decreto 11.314\/2022","Eletrobras","epe","Jair Bolsonaro","Lefosse Advogados","Minist\u00e9rio de Minas e Energia","MME","ONS","relcita\u00e7\u00e3o","TCU","transmiss\u00e3o"],"articleSection":["Geral"],"inLanguage":"pt-BR","copyrightYear":"2023","copyrightHolder":{"@id":"https:\/\/agenciainfra.com\/blog\/#organization"}},{"@type":"WebPage","@id":"https:\/\/agenciainfra.com\/blog\/opcao-do-governo-por-relicitacao-de-linhas-de-transmissao-vincendas-preocupa-o-setor\/","url":"https:\/\/agenciainfra.com\/blog\/opcao-do-governo-por-relicitacao-de-linhas-de-transmissao-vincendas-preocupa-o-setor\/","name":"Op\u00e7\u00e3o do governo por relicita\u00e7\u00e3o de linhas de transmiss\u00e3o vincendas preocupa o setor - Ag\u00eancia iNFRA","isPartOf":{"@id":"https:\/\/agenciainfra.com\/blog\/#website"},"primaryImageOfPage":{"@id":"https:\/\/agenciainfra.com\/blog\/opcao-do-governo-por-relicitacao-de-linhas-de-transmissao-vincendas-preocupa-o-setor\/#primaryimage"},"image":{"@id":"https:\/\/agenciainfra.com\/blog\/opcao-do-governo-por-relicitacao-de-linhas-de-transmissao-vincendas-preocupa-o-setor\/#primaryimage"},"thumbnailUrl":"https:\/\/agenciainfra.com\/blog\/wp-content\/uploads\/2023\/06\/linha-de-transmissao-foto-agencia-brasil.png","datePublished":"2023-07-10T14:00:00+00:00","breadcrumb":{"@id":"https:\/\/agenciainfra.com\/blog\/opcao-do-governo-por-relicitacao-de-linhas-de-transmissao-vincendas-preocupa-o-setor\/#breadcrumb"},"inLanguage":"pt-BR","potentialAction":[{"@type":"ReadAction","target":["https:\/\/agenciainfra.com\/blog\/opcao-do-governo-por-relicitacao-de-linhas-de-transmissao-vincendas-preocupa-o-setor\/"]}]},{"@type":"ImageObject","inLanguage":"pt-BR","@id":"https:\/\/agenciainfra.com\/blog\/opcao-do-governo-por-relicitacao-de-linhas-de-transmissao-vincendas-preocupa-o-setor\/#primaryimage","url":"https:\/\/agenciainfra.com\/blog\/wp-content\/uploads\/2023\/06\/linha-de-transmissao-foto-agencia-brasil.png","contentUrl":"https:\/\/agenciainfra.com\/blog\/wp-content\/uploads\/2023\/06\/linha-de-transmissao-foto-agencia-brasil.png","width":1202,"height":720,"caption":"Foto: Ag\u00eancia Brasil"},{"@type":"BreadcrumbList","@id":"https:\/\/agenciainfra.com\/blog\/opcao-do-governo-por-relicitacao-de-linhas-de-transmissao-vincendas-preocupa-o-setor\/#breadcrumb","itemListElement":[{"@type":"ListItem","position":1,"name":"In\u00edcio","item":"https:\/\/agenciainfra.com\/blog\/"},{"@type":"ListItem","position":2,"name":"Op\u00e7\u00e3o do governo por relicita\u00e7\u00e3o de linhas de transmiss\u00e3o vincendas preocupa o setor"}]},{"@type":"WebSite","@id":"https:\/\/agenciainfra.com\/blog\/#website","url":"https:\/\/agenciainfra.com\/blog\/","name":"Ag\u00eancia iNFRA","description":"Multiplataforma de informa\u00e7\u00e3o jornal\u00edstica refer\u00eancia na \u00e1rea de infraestrutura no Brasil!","publisher":{"@id":"https:\/\/agenciainfra.com\/blog\/#organization"},"potentialAction":[{"@type":"SearchAction","target":{"@type":"EntryPoint","urlTemplate":"https:\/\/agenciainfra.com\/blog\/?s={search_term_string}"},"query-input":{"@type":"PropertyValueSpecification","valueRequired":true,"valueName":"search_term_string"}}],"inLanguage":"pt-BR"},{"@type":"Organization","@id":"https:\/\/agenciainfra.com\/blog\/#organization","name":"Ag\u00eancia iNFRA","url":"https:\/\/agenciainfra.com\/blog\/","logo":{"@type":"ImageObject","inLanguage":"pt-BR","@id":"https:\/\/agenciainfra.com\/blog\/#\/schema\/logo\/image\/","url":"https:\/\/agenciainfra.com\/blog\/wp-content\/uploads\/2023\/09\/iNFRA_5-e1761735885940.png","contentUrl":"https:\/\/agenciainfra.com\/blog\/wp-content\/uploads\/2023\/09\/iNFRA_5-e1761735885940.png","width":1672,"height":454,"caption":"Ag\u00eancia iNFRA"},"image":{"@id":"https:\/\/agenciainfra.com\/blog\/#\/schema\/logo\/image\/"},"sameAs":["https:\/\/www.facebook.com\/ageninfra","https:\/\/x.com\/agencia_infra","https:\/\/www.linkedin.com\/company\/ag\u00eanciainfra\/","https:\/\/www.instagram.com\/agenciainfra\/"]},{"@type":"Person","@id":"https:\/\/agenciainfra.com\/blog\/#\/schema\/person\/34af08dff6adea4cb22b06612ba7acfa","name":"Ag\u00eancia iNFRA","image":{"@type":"ImageObject","inLanguage":"pt-BR","@id":"https:\/\/agenciainfra.com\/blog\/#\/schema\/person\/image\/","url":"https:\/\/secure.gravatar.com\/avatar\/d189e01678f06d8eb84d4e01f08eb848b3fffe3f8443818d3c356c66892f5be8?s=96&d=mm&r=g","contentUrl":"https:\/\/secure.gravatar.com\/avatar\/d189e01678f06d8eb84d4e01f08eb848b3fffe3f8443818d3c356c66892f5be8?s=96&d=mm&r=g","caption":"Ag\u00eancia iNFRA"},"url":"https:\/\/agenciainfra.com\/blog\/author\/admin\/"}]}},"_links":{"self":[{"href":"https:\/\/agenciainfra.com\/blog\/wp-json\/wp\/v2\/posts\/13024","targetHints":{"allow":["GET"]}}],"collection":[{"href":"https:\/\/agenciainfra.com\/blog\/wp-json\/wp\/v2\/posts"}],"about":[{"href":"https:\/\/agenciainfra.com\/blog\/wp-json\/wp\/v2\/types\/post"}],"author":[{"embeddable":true,"href":"https:\/\/agenciainfra.com\/blog\/wp-json\/wp\/v2\/users\/1"}],"replies":[{"embeddable":true,"href":"https:\/\/agenciainfra.com\/blog\/wp-json\/wp\/v2\/comments?post=13024"}],"version-history":[{"count":0,"href":"https:\/\/agenciainfra.com\/blog\/wp-json\/wp\/v2\/posts\/13024\/revisions"}],"wp:featuredmedia":[{"embeddable":true,"href":"https:\/\/agenciainfra.com\/blog\/wp-json\/wp\/v2\/media\/12775"}],"wp:attachment":[{"href":"https:\/\/agenciainfra.com\/blog\/wp-json\/wp\/v2\/media?parent=13024"}],"wp:term":[{"taxonomy":"category","embeddable":true,"href":"https:\/\/agenciainfra.com\/blog\/wp-json\/wp\/v2\/categories?post=13024"},{"taxonomy":"post_tag","embeddable":true,"href":"https:\/\/agenciainfra.com\/blog\/wp-json\/wp\/v2\/tags?post=13024"}],"curies":[{"name":"wp","href":"https:\/\/api.w.org\/{rel}","templated":true}]}}