{"id":13026,"date":"2023-07-11T09:00:00","date_gmt":"2023-07-11T12:00:00","guid":{"rendered":"https:\/\/www.agenciainfra.com\/blog\/?p=13026"},"modified":"2023-07-10T11:06:45","modified_gmt":"2023-07-10T14:06:45","slug":"minas-quer-estudar-concessoes-de-5-mil-quilometros-de-rodovias-em-parceria-com-governo-federal","status":"publish","type":"post","link":"https:\/\/agenciainfra.com\/blog\/minas-quer-estudar-concessoes-de-5-mil-quilometros-de-rodovias-em-parceria-com-governo-federal\/","title":{"rendered":"Minas quer estudar concess\u00f5es de 5 mil quil\u00f4metros de rodovias em parceria com Governo Federal"},"content":{"rendered":"\n<p class=\"has-text-align-right\"><strong>Dimmi Amora, da Ag\u00eancia iNFRA<\/strong><\/p>\n\n\n\n<p>O estado de&nbsp;Minas&nbsp;Gerais abrir\u00e1 estudos para tentar conceder&nbsp;5&nbsp;mil&nbsp;quil\u00f4metros&nbsp;de suas&nbsp;rodovias&nbsp;no estado e buscar\u00e1 levar a leil\u00e3o propostas que integrem trechos estaduais e federais.<br><br>Os estudos de pr\u00e9-viabilidade est\u00e3o para ser iniciados, segundo o secret\u00e1rio estadual de Infraestrutura, Mobilidade e Parcerias do&nbsp;governo&nbsp;de&nbsp;Minas&nbsp;Gerais, Pedro Bruno, que afirmou ser fundamental manter um di\u00e1logo com o&nbsp;governo&nbsp;federal, sem excluir qualquer possibilidade.<br><br>&#8220;A rota n\u00e3o escolhe se \u00e9 estadual ou&nbsp;federal. Vamos manter um di\u00e1logo aberto com o&nbsp;governo&nbsp;federal&nbsp;seja para fazer&nbsp;em&nbsp;parceria&nbsp;alguns trechos, federalizar alguns, ou estadualizar. O importante \u00e9 a&nbsp;parceria&#8221;, disse Pedro, que contar\u00e1 com o BNDES para apoiar nas estrutura\u00e7\u00f5es de parcerias.&nbsp;<br><br>Minas&nbsp;Gerais j\u00e1 tem um programa de&nbsp;concess\u00f5es&nbsp;rodovi\u00e1rias&nbsp;em&nbsp;andamento, com 2,4&nbsp;mil&nbsp;quil\u00f4metros&nbsp;de&nbsp;rodovias&nbsp;j\u00e1 concedidas&nbsp;em&nbsp;sete&nbsp;concess\u00f5es. At\u00e9 o fim do ano, segundo Pedro Bruno, mais um lote de&nbsp;rodovias, denominado&nbsp;<a href=\"https:\/\/agenciainfra.us14.list-manage.com\/track\/click?u=d460dd1bcf9ba0ae040e1fc0f&amp;id=4cab9dcfc1&amp;e=f0fa444791\" target=\"_blank\" rel=\"noreferrer noopener\">Ouro Preto<\/a>, com cerca de 200&nbsp;quil\u00f4metros, dever\u00e1 ser concedido.<br><br><strong>Abrir o mercado<\/strong><br>Na entrevista \u00e0&nbsp;<strong>Ag\u00eancia iNFRA<\/strong>, Pedro Bruno destacou que, mesmo&nbsp;em&nbsp;condi\u00e7\u00f5es complexas, nos \u00faltimos quatro anos foram feitas quatro&nbsp;concess\u00f5es&nbsp;de&nbsp;rodovias, todas com interessados que, segundo ele, t\u00eam capacidade t\u00e9cnica e financeira de cumprir com as obriga\u00e7\u00f5es contratadas. E as boas pr\u00e1ticas que levaram aos resultados v\u00e3o ser mantidas nas rodadas futuras, entre elas ele destaca uma adequada matriz para compartilhamento de riscos.<br><br>Pedro Bruno lembra ainda que o setor de&nbsp;rodovias&nbsp;como um todo enfrentar\u00e1 o desafio de ter um grande volume de projetos&nbsp;em&nbsp;carteira para serem leiloados nos pr\u00f3ximos anos, o que para o secret\u00e1rio vai necessitar que os formuladores de projetos &#8220;pensem fora da caixa&#8221; para garantir atratividade para diferentes perfis de investidores do setor.<br><br>&#8220;Aqui conseguimos atrair novos players, com estrangeiros, forma\u00e7\u00e3o de cons\u00f3rcios regionais e arranjos com institui\u00e7\u00f5es financeiras. Vamos ter que abrir esse mercado&#8221;, afirmou o secret\u00e1rio.<br><br><strong>Ag\u00eancia multissetorial<\/strong><br>O secret\u00e1rio avalia ainda que a regula\u00e7\u00e3o ser\u00e1 um ponto importante para garantir a execu\u00e7\u00e3o dos contratos e est\u00e1 avan\u00e7ando com o plano de criar uma ag\u00eancia reguladora multissetorial no estado. Segundo ele, na reforma administrativa que foi feita pelo&nbsp;governo&nbsp;em&nbsp;abril, foi criada a subsecretaria de Regula\u00e7\u00e3o de Transportes&nbsp;em&nbsp;sua pasta, que ser\u00e1 o &#8220;embri\u00e3o da ag\u00eancia&#8221;.<br><br>Jos\u00e9 Barreto, que \u00e9 especialista da ANAC (Ag\u00eancia Nacional de Avia\u00e7\u00e3o Civil)&nbsp;em&nbsp;regula\u00e7\u00e3o, assumiu o posto com o objetivo de conduzir a proposta que ser\u00e1 levada at\u00e9 o fim do ano \u00e0 Assembleia Legislativa do estado para criar a ag\u00eancia.<br><br>Antes de a ag\u00eancia come\u00e7ar a operar, contudo, Pedro diz que a pasta j\u00e1 ter\u00e1 alguns desafios regulat\u00f3rios a solucionar, que s\u00e3o contratos de&nbsp;concess\u00f5es&nbsp;de antes da pandemia que est\u00e3o com necessidade de serem reestruturados para que possam seguir com os programas de investimentos.<br><br><strong>R$ 28 bilh\u00f5es<\/strong><br>A coordenadora de&nbsp;Concess\u00f5es&nbsp;e Parcerias da pasta, Fernanda Alen Gon\u00e7alves da Silva, lembrou que o programa do&nbsp;governo&nbsp;local \u00e9 trazer parcerias com o setor privado para alavancar R$ 28 bilh\u00f5es&nbsp;em&nbsp;investimentos no estado nos pr\u00f3ximos anos.&nbsp;<br><br>Isso inclui projetos&nbsp;em&nbsp;diversos setores, como mobilidade, parques e, especialmente, no desenvolvimento de infraestrutura social nas \u00e1reas de educa\u00e7\u00e3o, sa\u00fade, socioeducativo&nbsp;e prisional. De acordo com a coordenadora, o estado est\u00e1 com \u00edndices saud\u00e1veis do ponto de vista fiscal para dar garantias&nbsp;em&nbsp;PPPs (Parcerias P\u00fablico-Privadas).<br><br>O secret\u00e1rio Pedro Bruno lembra ainda que nesse mercado de PPPs sociais \u00e9 necess\u00e1rio trabalhar para a forma\u00e7\u00e3o de players, como forma de desenvolver um mercado espec\u00edfico que possa ajudar a alavancar mais projetos.&nbsp;<br><br>&#8220;A gente identifica muita sede por fazer esses investimentos. Precisamos dar uma cad\u00eancia de leil\u00f5es como forma de trazer investidores para esses segmentos&#8221;, afirmou o secret\u00e1rio.<\/p>\n","protected":false},"excerpt":{"rendered":"<p>Dimmi Amora, da Ag\u00eancia iNFRA O estado de&nbsp;Minas&nbsp;Gerais abrir\u00e1 estudos para tentar conceder&nbsp;5&nbsp;mil&nbsp;quil\u00f4metros&nbsp;de suas&nbsp;rodovias&nbsp;no estado e buscar\u00e1 levar a leil\u00e3o propostas que integrem trechos estaduais e federais. Os estudos de pr\u00e9-viabilidade est\u00e3o para ser iniciados, segundo o secret\u00e1rio estadual de Infraestrutura, Mobilidade e Parcerias do&nbsp;governo&nbsp;de&nbsp;Minas&nbsp;Gerais, Pedro Bruno, que afirmou ser fundamental manter um di\u00e1logo com [&hellip;]<\/p>\n","protected":false},"author":1,"featured_media":13027,"comment_status":"closed","ping_status":"closed","sticky":false,"template":"","format":"standard","meta":{"_monsterinsights_skip_tracking":false,"_monsterinsights_sitenote_active":false,"_monsterinsights_sitenote_note":"","_monsterinsights_sitenote_category":0,"footnotes":""},"categories":[1,7],"tags":[242,103,78,7005,2722,7004,346,1985,7003,406,126],"class_list":["post-13026","post","type-post","status-publish","format-standard","has-post-thumbnail","hentry","category-geral","category-infratransporte","tag-anac","tag-bndes","tag-concessoes","tag-fernanda-alen-goncalves-da-silva","tag-governo-federal","tag-jose-barreto","tag-leiloes","tag-minas-gerais","tag-pedro-bruno","tag-ppps","tag-rodovias"],"yoast_head":"<!-- This site is optimized with the Yoast SEO Premium plugin v25.4 (Yoast SEO v26.0) - https:\/\/yoast.com\/wordpress\/plugins\/seo\/ -->\n<title>Minas quer estudar concess\u00f5es de 5 mil quil\u00f4metros de rodovias em parceria com Governo Federal - Ag\u00eancia iNFRA<\/title>\n<meta name=\"robots\" content=\"index, follow, max-snippet:-1, max-image-preview:large, max-video-preview:-1\" \/>\n<link rel=\"canonical\" href=\"https:\/\/agenciainfra.com\/blog\/minas-quer-estudar-concessoes-de-5-mil-quilometros-de-rodovias-em-parceria-com-governo-federal\/\" \/>\n<meta property=\"og:locale\" content=\"pt_BR\" \/>\n<meta property=\"og:type\" content=\"article\" \/>\n<meta property=\"og:title\" content=\"Minas quer estudar concess\u00f5es de 5 mil quil\u00f4metros de rodovias em parceria com Governo Federal\" \/>\n<meta property=\"og:description\" content=\"Dimmi Amora, da Ag\u00eancia iNFRA O estado de&nbsp;Minas&nbsp;Gerais abrir\u00e1 estudos para tentar conceder&nbsp;5&nbsp;mil&nbsp;quil\u00f4metros&nbsp;de suas&nbsp;rodovias&nbsp;no estado e buscar\u00e1 levar a leil\u00e3o propostas que integrem trechos estaduais e federais. Os estudos de pr\u00e9-viabilidade est\u00e3o para ser iniciados, segundo o secret\u00e1rio estadual de Infraestrutura, Mobilidade e Parcerias do&nbsp;governo&nbsp;de&nbsp;Minas&nbsp;Gerais, Pedro Bruno, que afirmou ser fundamental manter um di\u00e1logo com [&hellip;]\" \/>\n<meta property=\"og:url\" content=\"https:\/\/agenciainfra.com\/blog\/minas-quer-estudar-concessoes-de-5-mil-quilometros-de-rodovias-em-parceria-com-governo-federal\/\" \/>\n<meta property=\"og:site_name\" content=\"Ag\u00eancia iNFRA\" \/>\n<meta property=\"article:publisher\" content=\"https:\/\/www.facebook.com\/ageninfra\" \/>\n<meta property=\"article:published_time\" content=\"2023-07-11T12:00:00+00:00\" \/>\n<meta property=\"og:image\" content=\"https:\/\/agenciainfra.com\/blog\/wp-content\/uploads\/2023\/07\/pedro-bruno-foto-governo-minas-gerais.jpg\" \/>\n\t<meta property=\"og:image:width\" content=\"1205\" \/>\n\t<meta property=\"og:image:height\" content=\"801\" \/>\n\t<meta property=\"og:image:type\" content=\"image\/jpeg\" \/>\n<meta name=\"author\" content=\"Ag\u00eancia iNFRA\" \/>\n<meta name=\"twitter:card\" content=\"summary_large_image\" \/>\n<meta name=\"twitter:creator\" content=\"@agencia_infra\" \/>\n<meta name=\"twitter:site\" content=\"@agencia_infra\" \/>\n<meta name=\"twitter:label1\" content=\"Escrito por\" \/>\n\t<meta name=\"twitter:data1\" content=\"Ag\u00eancia iNFRA\" \/>\n\t<meta name=\"twitter:label2\" content=\"Est. tempo de leitura\" \/>\n\t<meta name=\"twitter:data2\" content=\"4 minutos\" \/>\n<script type=\"application\/ld+json\" class=\"yoast-schema-graph\">{\"@context\":\"https:\/\/schema.org\",\"@graph\":[{\"@type\":\"Article\",\"@id\":\"https:\/\/agenciainfra.com\/blog\/minas-quer-estudar-concessoes-de-5-mil-quilometros-de-rodovias-em-parceria-com-governo-federal\/#article\",\"isPartOf\":{\"@id\":\"https:\/\/agenciainfra.com\/blog\/minas-quer-estudar-concessoes-de-5-mil-quilometros-de-rodovias-em-parceria-com-governo-federal\/\"},\"author\":{\"name\":\"Ag\u00eancia iNFRA\",\"@id\":\"https:\/\/agenciainfra.com\/blog\/#\/schema\/person\/34af08dff6adea4cb22b06612ba7acfa\"},\"headline\":\"Minas quer estudar concess\u00f5es de 5 mil quil\u00f4metros de rodovias em parceria com Governo Federal\",\"datePublished\":\"2023-07-11T12:00:00+00:00\",\"mainEntityOfPage\":{\"@id\":\"https:\/\/agenciainfra.com\/blog\/minas-quer-estudar-concessoes-de-5-mil-quilometros-de-rodovias-em-parceria-com-governo-federal\/\"},\"wordCount\":752,\"publisher\":{\"@id\":\"https:\/\/agenciainfra.com\/blog\/#organization\"},\"image\":{\"@id\":\"https:\/\/agenciainfra.com\/blog\/minas-quer-estudar-concessoes-de-5-mil-quilometros-de-rodovias-em-parceria-com-governo-federal\/#primaryimage\"},\"thumbnailUrl\":\"https:\/\/agenciainfra.com\/blog\/wp-content\/uploads\/2023\/07\/pedro-bruno-foto-governo-minas-gerais.jpg\",\"keywords\":[\"ANAC\",\"BNDES\",\"concess\u00f5es\",\"Fernanda Alen Gon\u00e7alves da Silva\",\"governo federal\",\"Jos\u00e9 Barreto\",\"leil\u00f5es\",\"Minas Gerais\",\"Pedro Bruno\",\"PPPs\",\"rodovias\"],\"articleSection\":[\"Geral\",\"iNFRATransporte\"],\"inLanguage\":\"pt-BR\",\"copyrightYear\":\"2023\",\"copyrightHolder\":{\"@id\":\"https:\/\/agenciainfra.com\/blog\/#organization\"}},{\"@type\":\"WebPage\",\"@id\":\"https:\/\/agenciainfra.com\/blog\/minas-quer-estudar-concessoes-de-5-mil-quilometros-de-rodovias-em-parceria-com-governo-federal\/\",\"url\":\"https:\/\/agenciainfra.com\/blog\/minas-quer-estudar-concessoes-de-5-mil-quilometros-de-rodovias-em-parceria-com-governo-federal\/\",\"name\":\"Minas quer estudar concess\u00f5es de 5 mil quil\u00f4metros de rodovias em parceria com Governo Federal - Ag\u00eancia iNFRA\",\"isPartOf\":{\"@id\":\"https:\/\/agenciainfra.com\/blog\/#website\"},\"primaryImageOfPage\":{\"@id\":\"https:\/\/agenciainfra.com\/blog\/minas-quer-estudar-concessoes-de-5-mil-quilometros-de-rodovias-em-parceria-com-governo-federal\/#primaryimage\"},\"image\":{\"@id\":\"https:\/\/agenciainfra.com\/blog\/minas-quer-estudar-concessoes-de-5-mil-quilometros-de-rodovias-em-parceria-com-governo-federal\/#primaryimage\"},\"thumbnailUrl\":\"https:\/\/agenciainfra.com\/blog\/wp-content\/uploads\/2023\/07\/pedro-bruno-foto-governo-minas-gerais.jpg\",\"datePublished\":\"2023-07-11T12:00:00+00:00\",\"breadcrumb\":{\"@id\":\"https:\/\/agenciainfra.com\/blog\/minas-quer-estudar-concessoes-de-5-mil-quilometros-de-rodovias-em-parceria-com-governo-federal\/#breadcrumb\"},\"inLanguage\":\"pt-BR\",\"potentialAction\":[{\"@type\":\"ReadAction\",\"target\":[\"https:\/\/agenciainfra.com\/blog\/minas-quer-estudar-concessoes-de-5-mil-quilometros-de-rodovias-em-parceria-com-governo-federal\/\"]}]},{\"@type\":\"ImageObject\",\"inLanguage\":\"pt-BR\",\"@id\":\"https:\/\/agenciainfra.com\/blog\/minas-quer-estudar-concessoes-de-5-mil-quilometros-de-rodovias-em-parceria-com-governo-federal\/#primaryimage\",\"url\":\"https:\/\/agenciainfra.com\/blog\/wp-content\/uploads\/2023\/07\/pedro-bruno-foto-governo-minas-gerais.jpg\",\"contentUrl\":\"https:\/\/agenciainfra.com\/blog\/wp-content\/uploads\/2023\/07\/pedro-bruno-foto-governo-minas-gerais.jpg\",\"width\":1205,\"height\":801},{\"@type\":\"BreadcrumbList\",\"@id\":\"https:\/\/agenciainfra.com\/blog\/minas-quer-estudar-concessoes-de-5-mil-quilometros-de-rodovias-em-parceria-com-governo-federal\/#breadcrumb\",\"itemListElement\":[{\"@type\":\"ListItem\",\"position\":1,\"name\":\"In\u00edcio\",\"item\":\"https:\/\/agenciainfra.com\/blog\/\"},{\"@type\":\"ListItem\",\"position\":2,\"name\":\"Minas quer estudar concess\u00f5es de 5 mil quil\u00f4metros de rodovias em parceria com Governo Federal\"}]},{\"@type\":\"WebSite\",\"@id\":\"https:\/\/agenciainfra.com\/blog\/#website\",\"url\":\"https:\/\/agenciainfra.com\/blog\/\",\"name\":\"Ag\u00eancia iNFRA\",\"description\":\"Multiplataforma de informa\u00e7\u00e3o jornal\u00edstica refer\u00eancia na \u00e1rea de infraestrutura no Brasil!\",\"publisher\":{\"@id\":\"https:\/\/agenciainfra.com\/blog\/#organization\"},\"potentialAction\":[{\"@type\":\"SearchAction\",\"target\":{\"@type\":\"EntryPoint\",\"urlTemplate\":\"https:\/\/agenciainfra.com\/blog\/?s={search_term_string}\"},\"query-input\":{\"@type\":\"PropertyValueSpecification\",\"valueRequired\":true,\"valueName\":\"search_term_string\"}}],\"inLanguage\":\"pt-BR\"},{\"@type\":\"Organization\",\"@id\":\"https:\/\/agenciainfra.com\/blog\/#organization\",\"name\":\"Ag\u00eancia iNFRA\",\"url\":\"https:\/\/agenciainfra.com\/blog\/\",\"logo\":{\"@type\":\"ImageObject\",\"inLanguage\":\"pt-BR\",\"@id\":\"https:\/\/agenciainfra.com\/blog\/#\/schema\/logo\/image\/\",\"url\":\"https:\/\/agenciainfra.com\/blog\/wp-content\/uploads\/2023\/09\/iNFRA_5-e1761735885940.png\",\"contentUrl\":\"https:\/\/agenciainfra.com\/blog\/wp-content\/uploads\/2023\/09\/iNFRA_5-e1761735885940.png\",\"width\":1672,\"height\":454,\"caption\":\"Ag\u00eancia iNFRA\"},\"image\":{\"@id\":\"https:\/\/agenciainfra.com\/blog\/#\/schema\/logo\/image\/\"},\"sameAs\":[\"https:\/\/www.facebook.com\/ageninfra\",\"https:\/\/x.com\/agencia_infra\",\"https:\/\/www.linkedin.com\/company\/ag\u00eanciainfra\/\",\"https:\/\/www.instagram.com\/agenciainfra\/\"]},{\"@type\":\"Person\",\"@id\":\"https:\/\/agenciainfra.com\/blog\/#\/schema\/person\/34af08dff6adea4cb22b06612ba7acfa\",\"name\":\"Ag\u00eancia iNFRA\",\"image\":{\"@type\":\"ImageObject\",\"inLanguage\":\"pt-BR\",\"@id\":\"https:\/\/agenciainfra.com\/blog\/#\/schema\/person\/image\/\",\"url\":\"https:\/\/secure.gravatar.com\/avatar\/d189e01678f06d8eb84d4e01f08eb848b3fffe3f8443818d3c356c66892f5be8?s=96&d=mm&r=g\",\"contentUrl\":\"https:\/\/secure.gravatar.com\/avatar\/d189e01678f06d8eb84d4e01f08eb848b3fffe3f8443818d3c356c66892f5be8?s=96&d=mm&r=g\",\"caption\":\"Ag\u00eancia iNFRA\"},\"url\":\"https:\/\/agenciainfra.com\/blog\/author\/admin\/\"}]}<\/script>\n<!-- \/ Yoast SEO Premium plugin. -->","yoast_head_json":{"title":"Minas quer estudar concess\u00f5es de 5 mil quil\u00f4metros de rodovias em parceria com Governo Federal - Ag\u00eancia iNFRA","robots":{"index":"index","follow":"follow","max-snippet":"max-snippet:-1","max-image-preview":"max-image-preview:large","max-video-preview":"max-video-preview:-1"},"canonical":"https:\/\/agenciainfra.com\/blog\/minas-quer-estudar-concessoes-de-5-mil-quilometros-de-rodovias-em-parceria-com-governo-federal\/","og_locale":"pt_BR","og_type":"article","og_title":"Minas quer estudar concess\u00f5es de 5 mil quil\u00f4metros de rodovias em parceria com Governo Federal","og_description":"Dimmi Amora, da Ag\u00eancia iNFRA O estado de&nbsp;Minas&nbsp;Gerais abrir\u00e1 estudos para tentar conceder&nbsp;5&nbsp;mil&nbsp;quil\u00f4metros&nbsp;de suas&nbsp;rodovias&nbsp;no estado e buscar\u00e1 levar a leil\u00e3o propostas que integrem trechos estaduais e federais. Os estudos de pr\u00e9-viabilidade est\u00e3o para ser iniciados, segundo o secret\u00e1rio estadual de Infraestrutura, Mobilidade e Parcerias do&nbsp;governo&nbsp;de&nbsp;Minas&nbsp;Gerais, Pedro Bruno, que afirmou ser fundamental manter um di\u00e1logo com [&hellip;]","og_url":"https:\/\/agenciainfra.com\/blog\/minas-quer-estudar-concessoes-de-5-mil-quilometros-de-rodovias-em-parceria-com-governo-federal\/","og_site_name":"Ag\u00eancia iNFRA","article_publisher":"https:\/\/www.facebook.com\/ageninfra","article_published_time":"2023-07-11T12:00:00+00:00","og_image":[{"width":1205,"height":801,"url":"https:\/\/agenciainfra.com\/blog\/wp-content\/uploads\/2023\/07\/pedro-bruno-foto-governo-minas-gerais.jpg","type":"image\/jpeg"}],"author":"Ag\u00eancia iNFRA","twitter_card":"summary_large_image","twitter_creator":"@agencia_infra","twitter_site":"@agencia_infra","twitter_misc":{"Escrito por":"Ag\u00eancia iNFRA","Est. tempo de leitura":"4 minutos"},"schema":{"@context":"https:\/\/schema.org","@graph":[{"@type":"Article","@id":"https:\/\/agenciainfra.com\/blog\/minas-quer-estudar-concessoes-de-5-mil-quilometros-de-rodovias-em-parceria-com-governo-federal\/#article","isPartOf":{"@id":"https:\/\/agenciainfra.com\/blog\/minas-quer-estudar-concessoes-de-5-mil-quilometros-de-rodovias-em-parceria-com-governo-federal\/"},"author":{"name":"Ag\u00eancia iNFRA","@id":"https:\/\/agenciainfra.com\/blog\/#\/schema\/person\/34af08dff6adea4cb22b06612ba7acfa"},"headline":"Minas quer estudar concess\u00f5es de 5 mil quil\u00f4metros de rodovias em parceria com Governo Federal","datePublished":"2023-07-11T12:00:00+00:00","mainEntityOfPage":{"@id":"https:\/\/agenciainfra.com\/blog\/minas-quer-estudar-concessoes-de-5-mil-quilometros-de-rodovias-em-parceria-com-governo-federal\/"},"wordCount":752,"publisher":{"@id":"https:\/\/agenciainfra.com\/blog\/#organization"},"image":{"@id":"https:\/\/agenciainfra.com\/blog\/minas-quer-estudar-concessoes-de-5-mil-quilometros-de-rodovias-em-parceria-com-governo-federal\/#primaryimage"},"thumbnailUrl":"https:\/\/agenciainfra.com\/blog\/wp-content\/uploads\/2023\/07\/pedro-bruno-foto-governo-minas-gerais.jpg","keywords":["ANAC","BNDES","concess\u00f5es","Fernanda Alen Gon\u00e7alves da Silva","governo federal","Jos\u00e9 Barreto","leil\u00f5es","Minas Gerais","Pedro Bruno","PPPs","rodovias"],"articleSection":["Geral","iNFRATransporte"],"inLanguage":"pt-BR","copyrightYear":"2023","copyrightHolder":{"@id":"https:\/\/agenciainfra.com\/blog\/#organization"}},{"@type":"WebPage","@id":"https:\/\/agenciainfra.com\/blog\/minas-quer-estudar-concessoes-de-5-mil-quilometros-de-rodovias-em-parceria-com-governo-federal\/","url":"https:\/\/agenciainfra.com\/blog\/minas-quer-estudar-concessoes-de-5-mil-quilometros-de-rodovias-em-parceria-com-governo-federal\/","name":"Minas quer estudar concess\u00f5es de 5 mil quil\u00f4metros de rodovias em parceria com Governo Federal - Ag\u00eancia iNFRA","isPartOf":{"@id":"https:\/\/agenciainfra.com\/blog\/#website"},"primaryImageOfPage":{"@id":"https:\/\/agenciainfra.com\/blog\/minas-quer-estudar-concessoes-de-5-mil-quilometros-de-rodovias-em-parceria-com-governo-federal\/#primaryimage"},"image":{"@id":"https:\/\/agenciainfra.com\/blog\/minas-quer-estudar-concessoes-de-5-mil-quilometros-de-rodovias-em-parceria-com-governo-federal\/#primaryimage"},"thumbnailUrl":"https:\/\/agenciainfra.com\/blog\/wp-content\/uploads\/2023\/07\/pedro-bruno-foto-governo-minas-gerais.jpg","datePublished":"2023-07-11T12:00:00+00:00","breadcrumb":{"@id":"https:\/\/agenciainfra.com\/blog\/minas-quer-estudar-concessoes-de-5-mil-quilometros-de-rodovias-em-parceria-com-governo-federal\/#breadcrumb"},"inLanguage":"pt-BR","potentialAction":[{"@type":"ReadAction","target":["https:\/\/agenciainfra.com\/blog\/minas-quer-estudar-concessoes-de-5-mil-quilometros-de-rodovias-em-parceria-com-governo-federal\/"]}]},{"@type":"ImageObject","inLanguage":"pt-BR","@id":"https:\/\/agenciainfra.com\/blog\/minas-quer-estudar-concessoes-de-5-mil-quilometros-de-rodovias-em-parceria-com-governo-federal\/#primaryimage","url":"https:\/\/agenciainfra.com\/blog\/wp-content\/uploads\/2023\/07\/pedro-bruno-foto-governo-minas-gerais.jpg","contentUrl":"https:\/\/agenciainfra.com\/blog\/wp-content\/uploads\/2023\/07\/pedro-bruno-foto-governo-minas-gerais.jpg","width":1205,"height":801},{"@type":"BreadcrumbList","@id":"https:\/\/agenciainfra.com\/blog\/minas-quer-estudar-concessoes-de-5-mil-quilometros-de-rodovias-em-parceria-com-governo-federal\/#breadcrumb","itemListElement":[{"@type":"ListItem","position":1,"name":"In\u00edcio","item":"https:\/\/agenciainfra.com\/blog\/"},{"@type":"ListItem","position":2,"name":"Minas quer estudar concess\u00f5es de 5 mil quil\u00f4metros de rodovias em parceria com Governo Federal"}]},{"@type":"WebSite","@id":"https:\/\/agenciainfra.com\/blog\/#website","url":"https:\/\/agenciainfra.com\/blog\/","name":"Ag\u00eancia iNFRA","description":"Multiplataforma de informa\u00e7\u00e3o jornal\u00edstica refer\u00eancia na \u00e1rea de infraestrutura no Brasil!","publisher":{"@id":"https:\/\/agenciainfra.com\/blog\/#organization"},"potentialAction":[{"@type":"SearchAction","target":{"@type":"EntryPoint","urlTemplate":"https:\/\/agenciainfra.com\/blog\/?s={search_term_string}"},"query-input":{"@type":"PropertyValueSpecification","valueRequired":true,"valueName":"search_term_string"}}],"inLanguage":"pt-BR"},{"@type":"Organization","@id":"https:\/\/agenciainfra.com\/blog\/#organization","name":"Ag\u00eancia iNFRA","url":"https:\/\/agenciainfra.com\/blog\/","logo":{"@type":"ImageObject","inLanguage":"pt-BR","@id":"https:\/\/agenciainfra.com\/blog\/#\/schema\/logo\/image\/","url":"https:\/\/agenciainfra.com\/blog\/wp-content\/uploads\/2023\/09\/iNFRA_5-e1761735885940.png","contentUrl":"https:\/\/agenciainfra.com\/blog\/wp-content\/uploads\/2023\/09\/iNFRA_5-e1761735885940.png","width":1672,"height":454,"caption":"Ag\u00eancia iNFRA"},"image":{"@id":"https:\/\/agenciainfra.com\/blog\/#\/schema\/logo\/image\/"},"sameAs":["https:\/\/www.facebook.com\/ageninfra","https:\/\/x.com\/agencia_infra","https:\/\/www.linkedin.com\/company\/ag\u00eanciainfra\/","https:\/\/www.instagram.com\/agenciainfra\/"]},{"@type":"Person","@id":"https:\/\/agenciainfra.com\/blog\/#\/schema\/person\/34af08dff6adea4cb22b06612ba7acfa","name":"Ag\u00eancia iNFRA","image":{"@type":"ImageObject","inLanguage":"pt-BR","@id":"https:\/\/agenciainfra.com\/blog\/#\/schema\/person\/image\/","url":"https:\/\/secure.gravatar.com\/avatar\/d189e01678f06d8eb84d4e01f08eb848b3fffe3f8443818d3c356c66892f5be8?s=96&d=mm&r=g","contentUrl":"https:\/\/secure.gravatar.com\/avatar\/d189e01678f06d8eb84d4e01f08eb848b3fffe3f8443818d3c356c66892f5be8?s=96&d=mm&r=g","caption":"Ag\u00eancia iNFRA"},"url":"https:\/\/agenciainfra.com\/blog\/author\/admin\/"}]}},"_links":{"self":[{"href":"https:\/\/agenciainfra.com\/blog\/wp-json\/wp\/v2\/posts\/13026","targetHints":{"allow":["GET"]}}],"collection":[{"href":"https:\/\/agenciainfra.com\/blog\/wp-json\/wp\/v2\/posts"}],"about":[{"href":"https:\/\/agenciainfra.com\/blog\/wp-json\/wp\/v2\/types\/post"}],"author":[{"embeddable":true,"href":"https:\/\/agenciainfra.com\/blog\/wp-json\/wp\/v2\/users\/1"}],"replies":[{"embeddable":true,"href":"https:\/\/agenciainfra.com\/blog\/wp-json\/wp\/v2\/comments?post=13026"}],"version-history":[{"count":0,"href":"https:\/\/agenciainfra.com\/blog\/wp-json\/wp\/v2\/posts\/13026\/revisions"}],"wp:featuredmedia":[{"embeddable":true,"href":"https:\/\/agenciainfra.com\/blog\/wp-json\/wp\/v2\/media\/13027"}],"wp:attachment":[{"href":"https:\/\/agenciainfra.com\/blog\/wp-json\/wp\/v2\/media?parent=13026"}],"wp:term":[{"taxonomy":"category","embeddable":true,"href":"https:\/\/agenciainfra.com\/blog\/wp-json\/wp\/v2\/categories?post=13026"},{"taxonomy":"post_tag","embeddable":true,"href":"https:\/\/agenciainfra.com\/blog\/wp-json\/wp\/v2\/tags?post=13026"}],"curies":[{"name":"wp","href":"https:\/\/api.w.org\/{rel}","templated":true}]}}