{"id":13029,"date":"2023-07-11T11:00:00","date_gmt":"2023-07-11T14:00:00","guid":{"rendered":"https:\/\/www.agenciainfra.com\/blog\/?p=13029"},"modified":"2023-07-10T11:43:59","modified_gmt":"2023-07-10T14:43:59","slug":"infradebate-stj-na-encruzilhada-entre-ferrovias-e-municipios","status":"publish","type":"post","link":"https:\/\/agenciainfra.com\/blog\/infradebate-stj-na-encruzilhada-entre-ferrovias-e-municipios\/","title":{"rendered":"iNFRADebate: STJ na encruzilhada entre ferrovias e munic\u00edpios"},"content":{"rendered":"\n<p class=\"has-text-align-right\"><strong>Regis Dudena* e Bruna Sahadi**<\/strong><\/p>\n\n\n\n<p>Em larga medida, as ferrovias nacionais cortam \u00e1reas de munic\u00edpios, antes mesmo de muitos de seus processos de urbaniza\u00e7\u00e3o. Basta pensarmos que entre as d\u00e9cadas de 1920 e 1940 sa\u00edmos de uma popula\u00e7\u00e3o, que oscilou entre 30 e 41 milh\u00f5es de habitantes, chegando, em 2022, a um impactante n\u00famero de 207 milh\u00f5es. Soma-se a isso o grande processo de \u00eaxodo rural e concentra\u00e7\u00e3o da popula\u00e7\u00e3o nas cidades, especialmente nas \u00faltimas cinco d\u00e9cadas.<\/p>\n\n\n\n<p>A expans\u00e3o de muitas cidades deu-se, justamente, no entorno ou em dire\u00e7\u00e3o \u00e0s ferrovias e, n\u00e3o raramente, ampliaram-se os casos de interfer\u00eancia e necessidade de cruzamentos. Para tal, muitas s\u00e3o as poss\u00edveis solu\u00e7\u00f5es, tanto para as quest\u00f5es de tr\u00e2nsito e tr\u00e1fego, quanto para aquelas relativas \u00e0 seguran\u00e7a. Contudo, sempre sobrev\u00eam questionamentos relativos ao \u00f4nus da implementa\u00e7\u00e3o dessas solu\u00e7\u00f5es.<\/p>\n\n\n\n<p>Por isso, houve o endere\u00e7amento regulat\u00f3rio dessa quest\u00e3o no Regulamento dos Transportes Ferrovi\u00e1rios, aprovado pelo Decreto 1.832\/1996. \u00c9 textual a seguinte determina\u00e7\u00e3o, prevista no art. 10, \u00a74\u00ba: \u201c<em>[o] respons\u00e1vel pela execu\u00e7\u00e3o da via mais recente assumir\u00e1 todos os encargos decorrentes da constru\u00e7\u00e3o e manuten\u00e7\u00e3o das obras e instala\u00e7\u00f5es necess\u00e1rias ao cruzamento, bem como pela seguran\u00e7a da circula\u00e7\u00e3o no local.<\/em>\u201d H\u00e1 casos recorrentes nos quais munic\u00edpios ampliam sua mancha urbana e suas vias rodovi\u00e1rias, requerendo, para isso, travessias e cruzamentos da ferrovia. Contudo, em alguns casos, pretendem demandar da administra\u00e7\u00e3o ferrovi\u00e1ria a assun\u00e7\u00e3o dos respectivos encargos.<\/p>\n\n\n\n<p>H\u00e1 alguns exemplos a se destacar, da intera\u00e7\u00e3o entre munic\u00edpios e ferrovias, como as tentativas de interfer\u00eancia regulat\u00f3ria municipal em temas de compet\u00eancia federal, como no caso de restri\u00e7\u00f5es da utiliza\u00e7\u00e3o de dispositivos de seguran\u00e7a (buzina\/apito), obriga\u00e7\u00e3o regulat\u00f3ria, por meio de lei municipal. Esse e outros casos, como as interfer\u00eancias de vias e custos para a constru\u00e7\u00e3o e manuten\u00e7\u00e3o das obras e instala\u00e7\u00f5es necess\u00e1rias ao cruzamento rodoferrovi\u00e1rio, bem como pela seguran\u00e7a da circula\u00e7\u00e3o no local, veem chegando no judici\u00e1rio, requerendo, inclusive, a subida para os tribunais superiores.<\/p>\n\n\n\n<p>Nesse tema, recentemente a 2\u00aa Turma do STJ (Superior Tribunal de Justi\u00e7a) proferiu uma significativa decis\u00e3o, favor\u00e1vel \u00e0 concession\u00e1ria de ferrovias da malha Sul Catarinense, Ferrovia Tereza Cristina S\/A, e \u00e0 ANTT (Ag\u00eancia Nacional dos Transportes Terrestres).<\/p>\n\n\n\n<p>Por ocasi\u00e3o do julgamento do Recurso Especial 1.569.468, que contou com a atua\u00e7\u00e3o desta banca de advogados, foi afastada a condena\u00e7\u00e3o solid\u00e1ria imposta \u00e0 ferrovia, \u00e0 ANTT e ao munic\u00edpio de Crici\u00fama (SC) pelo Tribunal Regional Federal da 4\u00aa Regi\u00e3o. Em suma, a maioria dos ministros da 2\u00aa Turma, seguindo o voto do ministro relator, Mauro Campbell Marques, entendeu que a responsabilidade pela implementa\u00e7\u00e3o das medidas de seguran\u00e7a (constru\u00e7\u00e3o de passarelas, instala\u00e7\u00e3o de sem\u00e1foros e cancelas nas passagens de n\u00edvel, ado\u00e7\u00e3o de sistemas que possibilitem o uso de buzina uma e curta pela operadora ferrovi\u00e1ria) \u00e9 \u00fanica e exclusiva do munic\u00edpio de Crici\u00fama.<\/p>\n\n\n\n<p>Isso se deu porque restou incontroverso nos autos que a linha ferrovi\u00e1ria era anterior \u00e0 urbaniza\u00e7\u00e3o do trecho por ela percorrido, de modo que caberia apenas \u00e0 municipalidade de Crici\u00fama a ado\u00e7\u00e3o das provid\u00eancias necess\u00e1rias a garantir a seguran\u00e7a da via, nos termos do j\u00e1 referido art. 10, \u00a74\u00ba do anexo do Decreto 1.832\/1996, concomitantemente com o art. 24 do C\u00f3digo de Tr\u00e2nsito Brasileiro (Lei 9.503\/1997).<\/p>\n\n\n\n<p>O caso, portanto, n\u00e3o se enquadra naquelas hip\u00f3teses em que seria poss\u00edvel a responsabiliza\u00e7\u00e3o da concession\u00e1ria de transportes ferrovi\u00e1rios por omiss\u00e3o quanto a medidas necess\u00e1rias \u00e0 seguran\u00e7a da via, mas de caso em que a omiss\u00e3o, se existente, \u00e9 do pr\u00f3prio munic\u00edpio de Crici\u00fama, como reconheceu o ac\u00f3rd\u00e3o recorrido pelo especial.<\/p>\n\n\n\n<p>A decis\u00e3o do STJ representa uma grande vit\u00f3ria para o setor, eis que a Ferrovia poderia, efetivamente, vir a ser responsabilizada, objetivamente, por alegadas falhas na presta\u00e7\u00e3o do servi\u00e7o, que implicassem falta de seguran\u00e7a do mesmo. Mas isso n\u00e3o se confunde com uma situa\u00e7\u00e3o em que n\u00e3o h\u00e1 falha alguma imput\u00e1vel a ela e, ao contr\u00e1rio, eventuais acidentes s\u00e3o imput\u00e1veis exatamente a outro ente p\u00fablico, que por eles tamb\u00e9m deve ser responsabilizado objetivamente \u2013 o munic\u00edpio de Crici\u00fama. O que existe, no caso, \u00e9 a adequada distribui\u00e7\u00e3o dos \u00f4nus entre respons\u00e1veis por duas malhas de transporte, que se cruzam, gerando potencial situa\u00e7\u00e3o de riscos de acidentes. Nessa hip\u00f3tese, a regulamenta\u00e7\u00e3o do transporte ferrovi\u00e1rio \u00e9 expl\u00edcita ao prever o dever \u00fanico do respons\u00e1vel pela nova via (neste caso concreto, o munic\u00edpio de Crici\u00fama). A decis\u00e3o proferida pelo STJ, ent\u00e3o, acertadamente, reconheceu que houve imposi\u00e7\u00e3o de solidariedade sem qualquer amparo legal pela decis\u00e3o antecedente, que veio a ser revista.<\/p>\n\n\n\n<p>Por um lado, \u00e9 importante reconhecer, que a obriga\u00e7\u00e3o de arcar com os \u00f4nus n\u00e3o se confunde com a compet\u00eancia regulat\u00f3ria de cada uma das esferas e que a compet\u00eancia para a regula\u00e7\u00e3o do transporte ferrovi\u00e1rio de cargas \u00e9 federal, por interm\u00e9dio de atua\u00e7\u00e3o da ANTT, n\u00e3o cabendo a normativos municipais impor restri\u00e7\u00f5es \u00e0 esta presta\u00e7\u00e3o de servi\u00e7o. Por outro lado, h\u00e1 grande import\u00e2ncia nessa decis\u00e3o, por se tratar de uma fixa\u00e7\u00e3o de precedente, pelo STJ, que determinou o devido reconhecimento das obriga\u00e7\u00f5es de cada um dos agentes, trazendo maior previsibilidade e seguran\u00e7a jur\u00eddica e real para as vias e seus usu\u00e1rios.<\/p>\n\n\n\n<h6 class=\"wp-block-heading\" id=\"block-aa9ff8cf-f9c2-435f-85ff-56a599c37bc9\"><strong><strong>*<\/strong>Regis Dudena \u00e9 s\u00f3cio da Manesco Advogados.<\/strong><\/h6>\n\n\n\n<h6 class=\"wp-block-heading\" id=\"block-aa9ff8cf-f9c2-435f-85ff-56a599c37bc9\"><strong>*<strong>Bruna Sahadi<\/strong> \u00e9 advogada na<\/strong> <strong>Manesco Advogados.<\/strong><\/h6>\n\n\n\n<h6 class=\"wp-block-heading\" id=\"block-aa9ff8cf-f9c2-435f-85ff-56a599c37bc9\">O iNFRADebate \u00e9 o espa\u00e7o de artigos da Ag\u00eancia iNFRA com opini\u00f5es de seus atores que n\u00e3o refletem necessariamente o pensamento da Ag\u00eancia iNFRA, sendo de total responsabilidade do autor as informa\u00e7\u00f5es, ju\u00edzos de valor e conceitos descritos no texto.<\/h6>\n","protected":false},"excerpt":{"rendered":"<p>Regis Dudena* e Bruna Sahadi** Em larga medida, as ferrovias nacionais cortam \u00e1reas de munic\u00edpios, antes mesmo de muitos de seus processos de urbaniza\u00e7\u00e3o. Basta pensarmos que entre as d\u00e9cadas de 1920 e 1940 sa\u00edmos de uma popula\u00e7\u00e3o, que oscilou entre 30 e 41 milh\u00f5es de habitantes, chegando, em 2022, a um impactante n\u00famero de [&hellip;]<\/p>\n","protected":false},"author":1,"featured_media":13030,"comment_status":"closed","ping_status":"closed","sticky":false,"template":"","format":"standard","meta":{"_monsterinsights_skip_tracking":false,"_monsterinsights_sitenote_active":false,"_monsterinsights_sitenote_note":"","_monsterinsights_sitenote_category":0,"footnotes":""},"categories":[1,11],"tags":[19,7006,7011,7009,7008,120,7010,5366,7007,48,4233,126,1489,2253],"class_list":["post-13029","post","type-post","status-publish","format-standard","has-post-thumbnail","hentry","category-geral","category-infradebate","tag-antt","tag-bruna-sahadi","tag-criciuma","tag-decreto-1-832-1996","tag-exodo-rural","tag-ferrovias","tag-mauro-campbell-marques","tag-municipios","tag-regis-dudena","tag-regulacao","tag-regulamento-dos-transportes-ferroviarios","tag-rodovias","tag-stj","tag-urbanizacao"],"yoast_head":"<!-- This site is optimized with the Yoast SEO Premium plugin v25.4 (Yoast SEO v26.0) - https:\/\/yoast.com\/wordpress\/plugins\/seo\/ -->\n<title>iNFRADebate: STJ na encruzilhada entre ferrovias e munic\u00edpios - Ag\u00eancia iNFRA<\/title>\n<meta name=\"robots\" content=\"index, follow, max-snippet:-1, max-image-preview:large, max-video-preview:-1\" \/>\n<link rel=\"canonical\" href=\"https:\/\/agenciainfra.com\/blog\/infradebate-stj-na-encruzilhada-entre-ferrovias-e-municipios\/\" \/>\n<meta property=\"og:locale\" content=\"pt_BR\" \/>\n<meta property=\"og:type\" content=\"article\" \/>\n<meta property=\"og:title\" content=\"iNFRADebate: STJ na encruzilhada entre ferrovias e munic\u00edpios\" \/>\n<meta property=\"og:description\" content=\"Regis Dudena* e Bruna Sahadi** Em larga medida, as ferrovias nacionais cortam \u00e1reas de munic\u00edpios, antes mesmo de muitos de seus processos de urbaniza\u00e7\u00e3o. Basta pensarmos que entre as d\u00e9cadas de 1920 e 1940 sa\u00edmos de uma popula\u00e7\u00e3o, que oscilou entre 30 e 41 milh\u00f5es de habitantes, chegando, em 2022, a um impactante n\u00famero de [&hellip;]\" \/>\n<meta property=\"og:url\" content=\"https:\/\/agenciainfra.com\/blog\/infradebate-stj-na-encruzilhada-entre-ferrovias-e-municipios\/\" \/>\n<meta property=\"og:site_name\" content=\"Ag\u00eancia iNFRA\" \/>\n<meta property=\"article:publisher\" content=\"https:\/\/www.facebook.com\/ageninfra\" \/>\n<meta property=\"article:published_time\" content=\"2023-07-11T14:00:00+00:00\" \/>\n<meta property=\"og:image\" content=\"https:\/\/agenciainfra.com\/blog\/wp-content\/uploads\/2023\/07\/fachada-stj-foto-governo-mato-grosso-do-sul.jpg\" \/>\n\t<meta property=\"og:image:width\" content=\"1202\" \/>\n\t<meta property=\"og:image:height\" content=\"717\" \/>\n\t<meta property=\"og:image:type\" content=\"image\/jpeg\" \/>\n<meta name=\"author\" content=\"Ag\u00eancia iNFRA\" \/>\n<meta name=\"twitter:card\" content=\"summary_large_image\" \/>\n<meta name=\"twitter:creator\" content=\"@agencia_infra\" \/>\n<meta name=\"twitter:site\" content=\"@agencia_infra\" \/>\n<meta name=\"twitter:label1\" content=\"Escrito por\" \/>\n\t<meta name=\"twitter:data1\" content=\"Ag\u00eancia iNFRA\" \/>\n\t<meta name=\"twitter:label2\" content=\"Est. tempo de leitura\" \/>\n\t<meta name=\"twitter:data2\" content=\"5 minutos\" \/>\n<script type=\"application\/ld+json\" class=\"yoast-schema-graph\">{\"@context\":\"https:\/\/schema.org\",\"@graph\":[{\"@type\":\"Article\",\"@id\":\"https:\/\/agenciainfra.com\/blog\/infradebate-stj-na-encruzilhada-entre-ferrovias-e-municipios\/#article\",\"isPartOf\":{\"@id\":\"https:\/\/agenciainfra.com\/blog\/infradebate-stj-na-encruzilhada-entre-ferrovias-e-municipios\/\"},\"author\":{\"name\":\"Ag\u00eancia iNFRA\",\"@id\":\"https:\/\/agenciainfra.com\/blog\/#\/schema\/person\/34af08dff6adea4cb22b06612ba7acfa\"},\"headline\":\"iNFRADebate: STJ na encruzilhada entre ferrovias e munic\u00edpios\",\"datePublished\":\"2023-07-11T14:00:00+00:00\",\"mainEntityOfPage\":{\"@id\":\"https:\/\/agenciainfra.com\/blog\/infradebate-stj-na-encruzilhada-entre-ferrovias-e-municipios\/\"},\"wordCount\":1026,\"publisher\":{\"@id\":\"https:\/\/agenciainfra.com\/blog\/#organization\"},\"image\":{\"@id\":\"https:\/\/agenciainfra.com\/blog\/infradebate-stj-na-encruzilhada-entre-ferrovias-e-municipios\/#primaryimage\"},\"thumbnailUrl\":\"https:\/\/agenciainfra.com\/blog\/wp-content\/uploads\/2023\/07\/fachada-stj-foto-governo-mato-grosso-do-sul.jpg\",\"keywords\":[\"ANTT\",\"Bruna Sahadi\",\"Crici\u00fama\",\"Decreto 1.832\/1996\",\"\u00eaxodo rural\",\"Ferrovias\",\"Mauro Campbell Marques\",\"munic\u00edpios\",\"Regis Dudena\",\"Regula\u00e7\u00e3o\",\"Regulamento dos Transportes Ferrovi\u00e1rios\",\"rodovias\",\"STJ\",\"urbaniza\u00e7\u00e3o\"],\"articleSection\":[\"Geral\",\"iNFRADebate\"],\"inLanguage\":\"pt-BR\",\"copyrightYear\":\"2023\",\"copyrightHolder\":{\"@id\":\"https:\/\/agenciainfra.com\/blog\/#organization\"}},{\"@type\":\"WebPage\",\"@id\":\"https:\/\/agenciainfra.com\/blog\/infradebate-stj-na-encruzilhada-entre-ferrovias-e-municipios\/\",\"url\":\"https:\/\/agenciainfra.com\/blog\/infradebate-stj-na-encruzilhada-entre-ferrovias-e-municipios\/\",\"name\":\"iNFRADebate: STJ na encruzilhada entre ferrovias e munic\u00edpios - Ag\u00eancia iNFRA\",\"isPartOf\":{\"@id\":\"https:\/\/agenciainfra.com\/blog\/#website\"},\"primaryImageOfPage\":{\"@id\":\"https:\/\/agenciainfra.com\/blog\/infradebate-stj-na-encruzilhada-entre-ferrovias-e-municipios\/#primaryimage\"},\"image\":{\"@id\":\"https:\/\/agenciainfra.com\/blog\/infradebate-stj-na-encruzilhada-entre-ferrovias-e-municipios\/#primaryimage\"},\"thumbnailUrl\":\"https:\/\/agenciainfra.com\/blog\/wp-content\/uploads\/2023\/07\/fachada-stj-foto-governo-mato-grosso-do-sul.jpg\",\"datePublished\":\"2023-07-11T14:00:00+00:00\",\"breadcrumb\":{\"@id\":\"https:\/\/agenciainfra.com\/blog\/infradebate-stj-na-encruzilhada-entre-ferrovias-e-municipios\/#breadcrumb\"},\"inLanguage\":\"pt-BR\",\"potentialAction\":[{\"@type\":\"ReadAction\",\"target\":[\"https:\/\/agenciainfra.com\/blog\/infradebate-stj-na-encruzilhada-entre-ferrovias-e-municipios\/\"]}]},{\"@type\":\"ImageObject\",\"inLanguage\":\"pt-BR\",\"@id\":\"https:\/\/agenciainfra.com\/blog\/infradebate-stj-na-encruzilhada-entre-ferrovias-e-municipios\/#primaryimage\",\"url\":\"https:\/\/agenciainfra.com\/blog\/wp-content\/uploads\/2023\/07\/fachada-stj-foto-governo-mato-grosso-do-sul.jpg\",\"contentUrl\":\"https:\/\/agenciainfra.com\/blog\/wp-content\/uploads\/2023\/07\/fachada-stj-foto-governo-mato-grosso-do-sul.jpg\",\"width\":1202,\"height\":717,\"caption\":\"Foto: Governo do Mato Grosso do Sul\"},{\"@type\":\"BreadcrumbList\",\"@id\":\"https:\/\/agenciainfra.com\/blog\/infradebate-stj-na-encruzilhada-entre-ferrovias-e-municipios\/#breadcrumb\",\"itemListElement\":[{\"@type\":\"ListItem\",\"position\":1,\"name\":\"In\u00edcio\",\"item\":\"https:\/\/agenciainfra.com\/blog\/\"},{\"@type\":\"ListItem\",\"position\":2,\"name\":\"iNFRADebate: STJ na encruzilhada entre ferrovias e munic\u00edpios\"}]},{\"@type\":\"WebSite\",\"@id\":\"https:\/\/agenciainfra.com\/blog\/#website\",\"url\":\"https:\/\/agenciainfra.com\/blog\/\",\"name\":\"Ag\u00eancia iNFRA\",\"description\":\"Multiplataforma de informa\u00e7\u00e3o jornal\u00edstica refer\u00eancia na \u00e1rea de infraestrutura no Brasil!\",\"publisher\":{\"@id\":\"https:\/\/agenciainfra.com\/blog\/#organization\"},\"potentialAction\":[{\"@type\":\"SearchAction\",\"target\":{\"@type\":\"EntryPoint\",\"urlTemplate\":\"https:\/\/agenciainfra.com\/blog\/?s={search_term_string}\"},\"query-input\":{\"@type\":\"PropertyValueSpecification\",\"valueRequired\":true,\"valueName\":\"search_term_string\"}}],\"inLanguage\":\"pt-BR\"},{\"@type\":\"Organization\",\"@id\":\"https:\/\/agenciainfra.com\/blog\/#organization\",\"name\":\"Ag\u00eancia iNFRA\",\"url\":\"https:\/\/agenciainfra.com\/blog\/\",\"logo\":{\"@type\":\"ImageObject\",\"inLanguage\":\"pt-BR\",\"@id\":\"https:\/\/agenciainfra.com\/blog\/#\/schema\/logo\/image\/\",\"url\":\"https:\/\/agenciainfra.com\/blog\/wp-content\/uploads\/2023\/09\/iNFRA_5-e1761735885940.png\",\"contentUrl\":\"https:\/\/agenciainfra.com\/blog\/wp-content\/uploads\/2023\/09\/iNFRA_5-e1761735885940.png\",\"width\":1672,\"height\":454,\"caption\":\"Ag\u00eancia iNFRA\"},\"image\":{\"@id\":\"https:\/\/agenciainfra.com\/blog\/#\/schema\/logo\/image\/\"},\"sameAs\":[\"https:\/\/www.facebook.com\/ageninfra\",\"https:\/\/x.com\/agencia_infra\",\"https:\/\/www.linkedin.com\/company\/ag\u00eanciainfra\/\",\"https:\/\/www.instagram.com\/agenciainfra\/\"]},{\"@type\":\"Person\",\"@id\":\"https:\/\/agenciainfra.com\/blog\/#\/schema\/person\/34af08dff6adea4cb22b06612ba7acfa\",\"name\":\"Ag\u00eancia iNFRA\",\"image\":{\"@type\":\"ImageObject\",\"inLanguage\":\"pt-BR\",\"@id\":\"https:\/\/agenciainfra.com\/blog\/#\/schema\/person\/image\/\",\"url\":\"https:\/\/secure.gravatar.com\/avatar\/d189e01678f06d8eb84d4e01f08eb848b3fffe3f8443818d3c356c66892f5be8?s=96&d=mm&r=g\",\"contentUrl\":\"https:\/\/secure.gravatar.com\/avatar\/d189e01678f06d8eb84d4e01f08eb848b3fffe3f8443818d3c356c66892f5be8?s=96&d=mm&r=g\",\"caption\":\"Ag\u00eancia iNFRA\"},\"url\":\"https:\/\/agenciainfra.com\/blog\/author\/admin\/\"}]}<\/script>\n<!-- \/ Yoast SEO Premium plugin. -->","yoast_head_json":{"title":"iNFRADebate: STJ na encruzilhada entre ferrovias e munic\u00edpios - Ag\u00eancia iNFRA","robots":{"index":"index","follow":"follow","max-snippet":"max-snippet:-1","max-image-preview":"max-image-preview:large","max-video-preview":"max-video-preview:-1"},"canonical":"https:\/\/agenciainfra.com\/blog\/infradebate-stj-na-encruzilhada-entre-ferrovias-e-municipios\/","og_locale":"pt_BR","og_type":"article","og_title":"iNFRADebate: STJ na encruzilhada entre ferrovias e munic\u00edpios","og_description":"Regis Dudena* e Bruna Sahadi** Em larga medida, as ferrovias nacionais cortam \u00e1reas de munic\u00edpios, antes mesmo de muitos de seus processos de urbaniza\u00e7\u00e3o. Basta pensarmos que entre as d\u00e9cadas de 1920 e 1940 sa\u00edmos de uma popula\u00e7\u00e3o, que oscilou entre 30 e 41 milh\u00f5es de habitantes, chegando, em 2022, a um impactante n\u00famero de [&hellip;]","og_url":"https:\/\/agenciainfra.com\/blog\/infradebate-stj-na-encruzilhada-entre-ferrovias-e-municipios\/","og_site_name":"Ag\u00eancia iNFRA","article_publisher":"https:\/\/www.facebook.com\/ageninfra","article_published_time":"2023-07-11T14:00:00+00:00","og_image":[{"width":1202,"height":717,"url":"https:\/\/agenciainfra.com\/blog\/wp-content\/uploads\/2023\/07\/fachada-stj-foto-governo-mato-grosso-do-sul.jpg","type":"image\/jpeg"}],"author":"Ag\u00eancia iNFRA","twitter_card":"summary_large_image","twitter_creator":"@agencia_infra","twitter_site":"@agencia_infra","twitter_misc":{"Escrito por":"Ag\u00eancia iNFRA","Est. tempo de leitura":"5 minutos"},"schema":{"@context":"https:\/\/schema.org","@graph":[{"@type":"Article","@id":"https:\/\/agenciainfra.com\/blog\/infradebate-stj-na-encruzilhada-entre-ferrovias-e-municipios\/#article","isPartOf":{"@id":"https:\/\/agenciainfra.com\/blog\/infradebate-stj-na-encruzilhada-entre-ferrovias-e-municipios\/"},"author":{"name":"Ag\u00eancia iNFRA","@id":"https:\/\/agenciainfra.com\/blog\/#\/schema\/person\/34af08dff6adea4cb22b06612ba7acfa"},"headline":"iNFRADebate: STJ na encruzilhada entre ferrovias e munic\u00edpios","datePublished":"2023-07-11T14:00:00+00:00","mainEntityOfPage":{"@id":"https:\/\/agenciainfra.com\/blog\/infradebate-stj-na-encruzilhada-entre-ferrovias-e-municipios\/"},"wordCount":1026,"publisher":{"@id":"https:\/\/agenciainfra.com\/blog\/#organization"},"image":{"@id":"https:\/\/agenciainfra.com\/blog\/infradebate-stj-na-encruzilhada-entre-ferrovias-e-municipios\/#primaryimage"},"thumbnailUrl":"https:\/\/agenciainfra.com\/blog\/wp-content\/uploads\/2023\/07\/fachada-stj-foto-governo-mato-grosso-do-sul.jpg","keywords":["ANTT","Bruna Sahadi","Crici\u00fama","Decreto 1.832\/1996","\u00eaxodo rural","Ferrovias","Mauro Campbell Marques","munic\u00edpios","Regis Dudena","Regula\u00e7\u00e3o","Regulamento dos Transportes Ferrovi\u00e1rios","rodovias","STJ","urbaniza\u00e7\u00e3o"],"articleSection":["Geral","iNFRADebate"],"inLanguage":"pt-BR","copyrightYear":"2023","copyrightHolder":{"@id":"https:\/\/agenciainfra.com\/blog\/#organization"}},{"@type":"WebPage","@id":"https:\/\/agenciainfra.com\/blog\/infradebate-stj-na-encruzilhada-entre-ferrovias-e-municipios\/","url":"https:\/\/agenciainfra.com\/blog\/infradebate-stj-na-encruzilhada-entre-ferrovias-e-municipios\/","name":"iNFRADebate: STJ na encruzilhada entre ferrovias e munic\u00edpios - Ag\u00eancia iNFRA","isPartOf":{"@id":"https:\/\/agenciainfra.com\/blog\/#website"},"primaryImageOfPage":{"@id":"https:\/\/agenciainfra.com\/blog\/infradebate-stj-na-encruzilhada-entre-ferrovias-e-municipios\/#primaryimage"},"image":{"@id":"https:\/\/agenciainfra.com\/blog\/infradebate-stj-na-encruzilhada-entre-ferrovias-e-municipios\/#primaryimage"},"thumbnailUrl":"https:\/\/agenciainfra.com\/blog\/wp-content\/uploads\/2023\/07\/fachada-stj-foto-governo-mato-grosso-do-sul.jpg","datePublished":"2023-07-11T14:00:00+00:00","breadcrumb":{"@id":"https:\/\/agenciainfra.com\/blog\/infradebate-stj-na-encruzilhada-entre-ferrovias-e-municipios\/#breadcrumb"},"inLanguage":"pt-BR","potentialAction":[{"@type":"ReadAction","target":["https:\/\/agenciainfra.com\/blog\/infradebate-stj-na-encruzilhada-entre-ferrovias-e-municipios\/"]}]},{"@type":"ImageObject","inLanguage":"pt-BR","@id":"https:\/\/agenciainfra.com\/blog\/infradebate-stj-na-encruzilhada-entre-ferrovias-e-municipios\/#primaryimage","url":"https:\/\/agenciainfra.com\/blog\/wp-content\/uploads\/2023\/07\/fachada-stj-foto-governo-mato-grosso-do-sul.jpg","contentUrl":"https:\/\/agenciainfra.com\/blog\/wp-content\/uploads\/2023\/07\/fachada-stj-foto-governo-mato-grosso-do-sul.jpg","width":1202,"height":717,"caption":"Foto: Governo do Mato Grosso do Sul"},{"@type":"BreadcrumbList","@id":"https:\/\/agenciainfra.com\/blog\/infradebate-stj-na-encruzilhada-entre-ferrovias-e-municipios\/#breadcrumb","itemListElement":[{"@type":"ListItem","position":1,"name":"In\u00edcio","item":"https:\/\/agenciainfra.com\/blog\/"},{"@type":"ListItem","position":2,"name":"iNFRADebate: STJ na encruzilhada entre ferrovias e munic\u00edpios"}]},{"@type":"WebSite","@id":"https:\/\/agenciainfra.com\/blog\/#website","url":"https:\/\/agenciainfra.com\/blog\/","name":"Ag\u00eancia iNFRA","description":"Multiplataforma de informa\u00e7\u00e3o jornal\u00edstica refer\u00eancia na \u00e1rea de infraestrutura no Brasil!","publisher":{"@id":"https:\/\/agenciainfra.com\/blog\/#organization"},"potentialAction":[{"@type":"SearchAction","target":{"@type":"EntryPoint","urlTemplate":"https:\/\/agenciainfra.com\/blog\/?s={search_term_string}"},"query-input":{"@type":"PropertyValueSpecification","valueRequired":true,"valueName":"search_term_string"}}],"inLanguage":"pt-BR"},{"@type":"Organization","@id":"https:\/\/agenciainfra.com\/blog\/#organization","name":"Ag\u00eancia iNFRA","url":"https:\/\/agenciainfra.com\/blog\/","logo":{"@type":"ImageObject","inLanguage":"pt-BR","@id":"https:\/\/agenciainfra.com\/blog\/#\/schema\/logo\/image\/","url":"https:\/\/agenciainfra.com\/blog\/wp-content\/uploads\/2023\/09\/iNFRA_5-e1761735885940.png","contentUrl":"https:\/\/agenciainfra.com\/blog\/wp-content\/uploads\/2023\/09\/iNFRA_5-e1761735885940.png","width":1672,"height":454,"caption":"Ag\u00eancia iNFRA"},"image":{"@id":"https:\/\/agenciainfra.com\/blog\/#\/schema\/logo\/image\/"},"sameAs":["https:\/\/www.facebook.com\/ageninfra","https:\/\/x.com\/agencia_infra","https:\/\/www.linkedin.com\/company\/ag\u00eanciainfra\/","https:\/\/www.instagram.com\/agenciainfra\/"]},{"@type":"Person","@id":"https:\/\/agenciainfra.com\/blog\/#\/schema\/person\/34af08dff6adea4cb22b06612ba7acfa","name":"Ag\u00eancia iNFRA","image":{"@type":"ImageObject","inLanguage":"pt-BR","@id":"https:\/\/agenciainfra.com\/blog\/#\/schema\/person\/image\/","url":"https:\/\/secure.gravatar.com\/avatar\/d189e01678f06d8eb84d4e01f08eb848b3fffe3f8443818d3c356c66892f5be8?s=96&d=mm&r=g","contentUrl":"https:\/\/secure.gravatar.com\/avatar\/d189e01678f06d8eb84d4e01f08eb848b3fffe3f8443818d3c356c66892f5be8?s=96&d=mm&r=g","caption":"Ag\u00eancia iNFRA"},"url":"https:\/\/agenciainfra.com\/blog\/author\/admin\/"}]}},"_links":{"self":[{"href":"https:\/\/agenciainfra.com\/blog\/wp-json\/wp\/v2\/posts\/13029","targetHints":{"allow":["GET"]}}],"collection":[{"href":"https:\/\/agenciainfra.com\/blog\/wp-json\/wp\/v2\/posts"}],"about":[{"href":"https:\/\/agenciainfra.com\/blog\/wp-json\/wp\/v2\/types\/post"}],"author":[{"embeddable":true,"href":"https:\/\/agenciainfra.com\/blog\/wp-json\/wp\/v2\/users\/1"}],"replies":[{"embeddable":true,"href":"https:\/\/agenciainfra.com\/blog\/wp-json\/wp\/v2\/comments?post=13029"}],"version-history":[{"count":0,"href":"https:\/\/agenciainfra.com\/blog\/wp-json\/wp\/v2\/posts\/13029\/revisions"}],"wp:featuredmedia":[{"embeddable":true,"href":"https:\/\/agenciainfra.com\/blog\/wp-json\/wp\/v2\/media\/13030"}],"wp:attachment":[{"href":"https:\/\/agenciainfra.com\/blog\/wp-json\/wp\/v2\/media?parent=13029"}],"wp:term":[{"taxonomy":"category","embeddable":true,"href":"https:\/\/agenciainfra.com\/blog\/wp-json\/wp\/v2\/categories?post=13029"},{"taxonomy":"post_tag","embeddable":true,"href":"https:\/\/agenciainfra.com\/blog\/wp-json\/wp\/v2\/tags?post=13029"}],"curies":[{"name":"wp","href":"https:\/\/api.w.org\/{rel}","templated":true}]}}