{"id":13044,"date":"2023-07-14T09:00:00","date_gmt":"2023-07-14T12:00:00","guid":{"rendered":"https:\/\/www.agenciainfra.com\/blog\/?p=13044"},"modified":"2023-07-13T11:00:52","modified_gmt":"2023-07-13T14:00:52","slug":"bndes-trabalha-em-letra-de-credito-e-captacao-internacional-para-financiar-infraestrutura-diz-diretor","status":"publish","type":"post","link":"https:\/\/agenciainfra.com\/blog\/bndes-trabalha-em-letra-de-credito-e-captacao-internacional-para-financiar-infraestrutura-diz-diretor\/","title":{"rendered":"BNDES trabalha em letra de cr\u00e9dito e capta\u00e7\u00e3o internacional para financiar infraestrutura, diz diretor"},"content":{"rendered":"\n<p class=\"has-text-align-right\"><strong>da Ag\u00eancia iNFRA<\/strong><\/p>\n\n\n\n<p>O\u00a0diretor\u00a0de Planejamento\u00a0e\u00a0Estrutura\u00e7\u00e3o de Projetos do\u00a0BNDES\u00a0(Banco Nacional de Desenvolvimento Econ\u00f4mico\u00a0e\u00a0Social), Nelson Barbosa, afirmou que o banco\u00a0trabalha\u00a0em\u00a0tr\u00eas frentes\u00a0para\u00a0obter recursos\u00a0para\u00a0financiar\u00a0o desenvolvimento do setor de\u00a0infraestrutura.<br><br>Um deles, de acordo com afirma\u00e7\u00e3o feita na \u00faltima ter\u00e7a-feira (11)\u00a0em\u00a0semin\u00e1rio promovido pelo banco no Rio de Janeiro, seria a cria\u00e7\u00e3o da\u00a0Letra\u00a0de\u00a0Cr\u00e9dito\u00a0do Desenvolvimento,\u00a0em\u00a0modelo semelhante ao da LCA (Letra\u00a0de\u00a0Cr\u00e9dito\u00a0do Agroneg\u00f3cio)\u00a0e\u00a0da LCI (Letra\u00a0de\u00a0Cr\u00e9dito\u00a0Imobili\u00e1ria), instrumentos de financiamento desses setores.<br><br>&#8220;Temos que criar algo\u00a0para\u00a0a\u00a0infraestrutura\u00a0e\u00a0por isso o\u00a0BNDES\u00a0retomou uma proposta apresentada\u00a0em\u00a02018 pelo senador [Davi] Alcolumbre (Uni\u00e3o-AP), que \u00e9 criar a\u00a0Letra\u00a0de\u00a0Cr\u00e9dito\u00a0de Desenvolvimento, com isen\u00e7\u00e3o de IR\u00a0para\u00a0pessoa f\u00edsica\u00a0e\u00a0redu\u00e7\u00e3o\u00a0para\u00a0pessoa jur\u00eddica&#8221;, disse Barbosa.<br><br>Al\u00e9m dessa op\u00e7\u00e3o, Barbosa afirmou que o banco est\u00e1 trabalhando\u00a0em\u00a0capta\u00e7\u00e3o\u00a0junto a institui\u00e7\u00f5es de fomento internacionais de &#8220;Pequim a Washington&#8221;, citando tamb\u00e9m a Europa\u00a0e\u00a0pa\u00edses do Golfo P\u00e9rsico.<br><br>Segundo ele, uma das inten\u00e7\u00f5es com esses recursos \u00e9 criar modelos de fundos de investimentos\u00a0em\u00a0que o\u00a0BNDES\u00a0organiza\u00a0para\u00a0que\u00a0o mercado de capitais do Brasil\u00a0e\u00a0essas institui\u00e7\u00f5es entrem de s\u00f3cios\u00a0para\u00a0financiar\u00a0projetos de desenvolvimento no pa\u00eds.<br><br>&#8220;Com isso, poderemos captar mais sem precisar de assist\u00eancia do Tesouro\u00a0e\u00a0emprestar isso\u00a0para\u00a0v\u00e1rias frentes&#8221;, defendeu o\u00a0diretor.<br><br><strong>Fundo do Clima<\/strong><br>Barbosa tamb\u00e9m apresentou como poss\u00edvel fonte de recurso\u00a0para\u00a0o setor o Fundo do Clima. Segundo ele, esse fundo deve ser de at\u00e9 R$ 3 bilh\u00f5es, mas pode\u00a0em\u00a02026 chegar a R$ 20 bilh\u00f5es, se o pa\u00eds puder emitir green bonds\u00a0para\u00a0capitalizar esse fundo, que usaria recursos\u00a0para\u00a0projetos ambientalmente sustent\u00e1veis\u00a0em\u00a0infraestrutura, inclusive no setor de mobilidade.\u00a0<br><br>Luciana Costa, diretora de\u00a0Infraestrutura, Transi\u00e7\u00e3o Energ\u00e9tica\u00a0e\u00a0Mudan\u00e7a do Clima do banco, afirmou que uma das apostas do banco ser\u00e1 no processo de eletrifica\u00e7\u00e3o da mobilidade urbana. Segundo ela, o banco\u00a0est\u00e1 olhando mais de 30 cidades\u00a0para\u00a0esse projeto.<br><br>&#8220;O desafio \u00e9 a estrutura\u00e7\u00e3o do capex. O opex \u00e9 muito favor\u00e1vel. \u00c9 uma tend\u00eancia mundial. Se o mercado de carbono se desenvolve\u00a0e\u00a0a gente bota pre\u00e7o na externalidade negativa, a eletrifica\u00e7\u00e3o da frota \u00e9 acelerada&#8221;, disse a diretora, lembrando que essa \u00e9 uma forma de\u00a0reindustrializa\u00e7\u00e3o nacional\u00a0em\u00a0bases verdes.<br><br><strong>Janela<\/strong><br>A diretora alertou, no entanto, que o pa\u00eds est\u00e1 com a regula\u00e7\u00e3o do mercado de carbono atrasada, mas que ainda \u00e9 tempo\u00a0para\u00a0estar\u00a0ao n\u00edvel dos outros pa\u00edses. Segundo ela, a janela\u00a0para\u00a0que o pa\u00eds possa estar na lideran\u00e7a do processo de descarboniza\u00e7\u00e3o\u00a0e\u00a0economia verde tem um prazo.<br><br>&#8220;Temos uma janela. Essa janela termina mais ou menos\u00a0em\u00a02030, porque o resto do mundo est\u00e1 correndo atr\u00e1s\u00a0e\u00a0eles v\u00e3o dar o jeito deles.\u00a0E\u00a0l\u00e1 tem mais capital,\u00a0e\u00a0mais barato. Vamos ter que ser mais eficientes&#8221;, disse Luciana.<br><br>Nelson\u00a0Barbosa afirmou que o projeto\u00a0para\u00a0regular o Mercado de Carbono est\u00e1\u00a0em\u00a0andamento. Ser\u00e1 com transi\u00e7\u00e3o longa\u00a0e\u00a0deve ser colocada\u00a0em\u00a0consulta p\u00fablica no mais tardar\u00a0em\u00a0agosto, dentro do novo plano de investimento a ser anunciado.<br><br><strong>Novo PAC<\/strong><br>Sobre o Novo PAC, Barbosa afirmou que o banco est\u00e1 auxiliando o governo\u00a0e\u00a0ele ter\u00e1 diferen\u00e7as importantes\u00a0em\u00a0rela\u00e7\u00e3o aos PACs do passado. Segundo ele, haver\u00e1 mais concess\u00f5es\u00a0e\u00a0PPPs (Parcerias P\u00fablico-Privadas), que o\u00a0diretor\u00a0afirmou que s\u00e3o modelos que &#8220;funcionam\u00a0e\u00a0podem ser corrigidos quando necess\u00e1rio&#8221;.<br><br>Outro desafio, segundo ele, \u00e9 ampliar a escala das PPPs com mais seguran\u00e7a financeira. Barbosa defendeu ainda que haja mais PPPs sociais, especialmente\u00a0em\u00a0educa\u00e7\u00e3o\u00a0e\u00a0sa\u00fade. Ele tamb\u00e9m afirmou que outra diretriz do PAC \u00e9 maior infraestrura ambiental, citando parcerias\u00a0para\u00a0o saneamento.<br><br><strong>Financiamento<\/strong><br>O presidente do banco, Aloizio Mercadante, fez quest\u00e3o de enfatizar\u00a0em\u00a0sua fala que o\u00a0BNDES\u00a0tem sido importante\u00a0para\u00a0o momento de dificuldade de capitais enfrentado pelo mercado privado ao longo deste ano, diante do quadro de juros altos\u00a0e\u00a0retra\u00e7\u00e3o do setor diante do calote das Lojas Americanas.<br><br>Ele afirmou que o banco neste ano vai atingir\u00a0em\u00a0agosto o mesmo volume de desembolsos\u00a0de 2022 inteiro\u00a0e\u00a0que a estimativa \u00e9 chegar aos R$ 90 bilh\u00f5es desembolsados\u00a0no ano. Mercadante tamb\u00e9m buscou\u00a0em\u00a0seu discurso afastar os temores de que o banco vai voltar a uma pol\u00edtica de subs\u00eddios agressiva, dizendo que isso ficar\u00e1 restrito a \u00e1reas de pesquisa, por exemplo. O evento pode ser visto\u00a0<a rel=\"noreferrer noopener\" href=\"https:\/\/agenciainfra.us14.list-manage.com\/track\/click?u=d460dd1bcf9ba0ae040e1fc0f&amp;id=bcb5ec267d&amp;e=f0fa444791\" target=\"_blank\">neste link<\/a>.<\/p>\n","protected":false},"excerpt":{"rendered":"<p>da Ag\u00eancia iNFRA O\u00a0diretor\u00a0de Planejamento\u00a0e\u00a0Estrutura\u00e7\u00e3o de Projetos do\u00a0BNDES\u00a0(Banco Nacional de Desenvolvimento Econ\u00f4mico\u00a0e\u00a0Social), Nelson Barbosa, afirmou que o banco\u00a0trabalha\u00a0em\u00a0tr\u00eas frentes\u00a0para\u00a0obter recursos\u00a0para\u00a0financiar\u00a0o desenvolvimento do setor de\u00a0infraestrutura. Um deles, de acordo com afirma\u00e7\u00e3o feita na \u00faltima ter\u00e7a-feira (11)\u00a0em\u00a0semin\u00e1rio promovido pelo banco no Rio de Janeiro, seria a cria\u00e7\u00e3o da\u00a0Letra\u00a0de\u00a0Cr\u00e9dito\u00a0do Desenvolvimento,\u00a0em\u00a0modelo semelhante ao da LCA (Letra\u00a0de\u00a0Cr\u00e9dito\u00a0do Agroneg\u00f3cio)\u00a0e\u00a0da LCI (Letra\u00a0de\u00a0Cr\u00e9dito\u00a0Imobili\u00e1ria), [&hellip;]<\/p>\n","protected":false},"author":1,"featured_media":13045,"comment_status":"closed","ping_status":"closed","sticky":false,"template":"","format":"standard","meta":{"_monsterinsights_skip_tracking":false,"_monsterinsights_sitenote_active":false,"_monsterinsights_sitenote_note":"","_monsterinsights_sitenote_category":0,"footnotes":""},"categories":[1,7],"tags":[103,187,7024,2802,7023,34,702,7021,7019,7022,7020,5992,6584],"class_list":["post-13044","post","type-post","status-publish","format-standard","has-post-thumbnail","hentry","category-geral","category-infratransporte","tag-bndes","tag-financiamento","tag-fundo-do-clima","tag-green-bonds","tag-industrializacao","tag-infraestrutura","tag-investimento","tag-lca","tag-lci","tag-letras","tag-nelson-barbosa","tag-novo-pac","tag-tesouro"],"yoast_head":"<!-- This site is optimized with the Yoast SEO Premium plugin v25.4 (Yoast SEO v26.0) - https:\/\/yoast.com\/wordpress\/plugins\/seo\/ -->\n<title>BNDES trabalha em letra de cr\u00e9dito e capta\u00e7\u00e3o internacional para financiar infraestrutura, diz diretor - Ag\u00eancia iNFRA<\/title>\n<meta name=\"robots\" content=\"index, follow, max-snippet:-1, max-image-preview:large, max-video-preview:-1\" \/>\n<link rel=\"canonical\" href=\"https:\/\/agenciainfra.com\/blog\/bndes-trabalha-em-letra-de-credito-e-captacao-internacional-para-financiar-infraestrutura-diz-diretor\/\" \/>\n<meta property=\"og:locale\" content=\"pt_BR\" \/>\n<meta property=\"og:type\" content=\"article\" \/>\n<meta property=\"og:title\" content=\"BNDES trabalha em letra de cr\u00e9dito e capta\u00e7\u00e3o internacional para financiar infraestrutura, diz diretor\" \/>\n<meta property=\"og:description\" content=\"da Ag\u00eancia iNFRA O\u00a0diretor\u00a0de Planejamento\u00a0e\u00a0Estrutura\u00e7\u00e3o de Projetos do\u00a0BNDES\u00a0(Banco Nacional de Desenvolvimento Econ\u00f4mico\u00a0e\u00a0Social), Nelson Barbosa, afirmou que o banco\u00a0trabalha\u00a0em\u00a0tr\u00eas frentes\u00a0para\u00a0obter recursos\u00a0para\u00a0financiar\u00a0o desenvolvimento do setor de\u00a0infraestrutura. Um deles, de acordo com afirma\u00e7\u00e3o feita na \u00faltima ter\u00e7a-feira (11)\u00a0em\u00a0semin\u00e1rio promovido pelo banco no Rio de Janeiro, seria a cria\u00e7\u00e3o da\u00a0Letra\u00a0de\u00a0Cr\u00e9dito\u00a0do Desenvolvimento,\u00a0em\u00a0modelo semelhante ao da LCA (Letra\u00a0de\u00a0Cr\u00e9dito\u00a0do Agroneg\u00f3cio)\u00a0e\u00a0da LCI (Letra\u00a0de\u00a0Cr\u00e9dito\u00a0Imobili\u00e1ria), [&hellip;]\" \/>\n<meta property=\"og:url\" content=\"https:\/\/agenciainfra.com\/blog\/bndes-trabalha-em-letra-de-credito-e-captacao-internacional-para-financiar-infraestrutura-diz-diretor\/\" \/>\n<meta property=\"og:site_name\" content=\"Ag\u00eancia iNFRA\" \/>\n<meta property=\"article:publisher\" content=\"https:\/\/www.facebook.com\/ageninfra\" \/>\n<meta property=\"article:published_time\" content=\"2023-07-14T12:00:00+00:00\" \/>\n<meta property=\"og:image\" content=\"https:\/\/agenciainfra.com\/blog\/wp-content\/uploads\/2023\/07\/bndes-foto-senado-federal.jpg\" \/>\n\t<meta property=\"og:image:width\" content=\"1202\" \/>\n\t<meta property=\"og:image:height\" content=\"797\" \/>\n\t<meta property=\"og:image:type\" content=\"image\/jpeg\" \/>\n<meta name=\"author\" content=\"Ag\u00eancia iNFRA\" \/>\n<meta name=\"twitter:card\" content=\"summary_large_image\" \/>\n<meta name=\"twitter:creator\" content=\"@agencia_infra\" \/>\n<meta name=\"twitter:site\" content=\"@agencia_infra\" \/>\n<meta name=\"twitter:label1\" content=\"Escrito por\" \/>\n\t<meta name=\"twitter:data1\" content=\"Ag\u00eancia iNFRA\" \/>\n\t<meta name=\"twitter:label2\" content=\"Est. tempo de leitura\" \/>\n\t<meta name=\"twitter:data2\" content=\"4 minutos\" \/>\n<script type=\"application\/ld+json\" class=\"yoast-schema-graph\">{\"@context\":\"https:\/\/schema.org\",\"@graph\":[{\"@type\":\"Article\",\"@id\":\"https:\/\/agenciainfra.com\/blog\/bndes-trabalha-em-letra-de-credito-e-captacao-internacional-para-financiar-infraestrutura-diz-diretor\/#article\",\"isPartOf\":{\"@id\":\"https:\/\/agenciainfra.com\/blog\/bndes-trabalha-em-letra-de-credito-e-captacao-internacional-para-financiar-infraestrutura-diz-diretor\/\"},\"author\":{\"name\":\"Ag\u00eancia iNFRA\",\"@id\":\"https:\/\/agenciainfra.com\/blog\/#\/schema\/person\/34af08dff6adea4cb22b06612ba7acfa\"},\"headline\":\"BNDES trabalha em letra de cr\u00e9dito e capta\u00e7\u00e3o internacional para financiar infraestrutura, diz diretor\",\"datePublished\":\"2023-07-14T12:00:00+00:00\",\"mainEntityOfPage\":{\"@id\":\"https:\/\/agenciainfra.com\/blog\/bndes-trabalha-em-letra-de-credito-e-captacao-internacional-para-financiar-infraestrutura-diz-diretor\/\"},\"wordCount\":808,\"publisher\":{\"@id\":\"https:\/\/agenciainfra.com\/blog\/#organization\"},\"image\":{\"@id\":\"https:\/\/agenciainfra.com\/blog\/bndes-trabalha-em-letra-de-credito-e-captacao-internacional-para-financiar-infraestrutura-diz-diretor\/#primaryimage\"},\"thumbnailUrl\":\"https:\/\/agenciainfra.com\/blog\/wp-content\/uploads\/2023\/07\/bndes-foto-senado-federal.jpg\",\"keywords\":[\"BNDES\",\"financiamento\",\"fundo do clima\",\"green bonds\",\"industrializa\u00e7\u00e3o\",\"Infraestrutura\",\"Investimento\",\"LCA\",\"LCI\",\"letras\",\"Nelson Barbosa\",\"Novo PAC\",\"tesouro\"],\"articleSection\":[\"Geral\",\"iNFRATransporte\"],\"inLanguage\":\"pt-BR\",\"copyrightYear\":\"2023\",\"copyrightHolder\":{\"@id\":\"https:\/\/agenciainfra.com\/blog\/#organization\"}},{\"@type\":\"WebPage\",\"@id\":\"https:\/\/agenciainfra.com\/blog\/bndes-trabalha-em-letra-de-credito-e-captacao-internacional-para-financiar-infraestrutura-diz-diretor\/\",\"url\":\"https:\/\/agenciainfra.com\/blog\/bndes-trabalha-em-letra-de-credito-e-captacao-internacional-para-financiar-infraestrutura-diz-diretor\/\",\"name\":\"BNDES trabalha em letra de cr\u00e9dito e capta\u00e7\u00e3o internacional para financiar infraestrutura, diz diretor - Ag\u00eancia iNFRA\",\"isPartOf\":{\"@id\":\"https:\/\/agenciainfra.com\/blog\/#website\"},\"primaryImageOfPage\":{\"@id\":\"https:\/\/agenciainfra.com\/blog\/bndes-trabalha-em-letra-de-credito-e-captacao-internacional-para-financiar-infraestrutura-diz-diretor\/#primaryimage\"},\"image\":{\"@id\":\"https:\/\/agenciainfra.com\/blog\/bndes-trabalha-em-letra-de-credito-e-captacao-internacional-para-financiar-infraestrutura-diz-diretor\/#primaryimage\"},\"thumbnailUrl\":\"https:\/\/agenciainfra.com\/blog\/wp-content\/uploads\/2023\/07\/bndes-foto-senado-federal.jpg\",\"datePublished\":\"2023-07-14T12:00:00+00:00\",\"breadcrumb\":{\"@id\":\"https:\/\/agenciainfra.com\/blog\/bndes-trabalha-em-letra-de-credito-e-captacao-internacional-para-financiar-infraestrutura-diz-diretor\/#breadcrumb\"},\"inLanguage\":\"pt-BR\",\"potentialAction\":[{\"@type\":\"ReadAction\",\"target\":[\"https:\/\/agenciainfra.com\/blog\/bndes-trabalha-em-letra-de-credito-e-captacao-internacional-para-financiar-infraestrutura-diz-diretor\/\"]}]},{\"@type\":\"ImageObject\",\"inLanguage\":\"pt-BR\",\"@id\":\"https:\/\/agenciainfra.com\/blog\/bndes-trabalha-em-letra-de-credito-e-captacao-internacional-para-financiar-infraestrutura-diz-diretor\/#primaryimage\",\"url\":\"https:\/\/agenciainfra.com\/blog\/wp-content\/uploads\/2023\/07\/bndes-foto-senado-federal.jpg\",\"contentUrl\":\"https:\/\/agenciainfra.com\/blog\/wp-content\/uploads\/2023\/07\/bndes-foto-senado-federal.jpg\",\"width\":1202,\"height\":797},{\"@type\":\"BreadcrumbList\",\"@id\":\"https:\/\/agenciainfra.com\/blog\/bndes-trabalha-em-letra-de-credito-e-captacao-internacional-para-financiar-infraestrutura-diz-diretor\/#breadcrumb\",\"itemListElement\":[{\"@type\":\"ListItem\",\"position\":1,\"name\":\"In\u00edcio\",\"item\":\"https:\/\/agenciainfra.com\/blog\/\"},{\"@type\":\"ListItem\",\"position\":2,\"name\":\"BNDES trabalha em letra de cr\u00e9dito e capta\u00e7\u00e3o internacional para financiar infraestrutura, diz diretor\"}]},{\"@type\":\"WebSite\",\"@id\":\"https:\/\/agenciainfra.com\/blog\/#website\",\"url\":\"https:\/\/agenciainfra.com\/blog\/\",\"name\":\"Ag\u00eancia iNFRA\",\"description\":\"Multiplataforma de informa\u00e7\u00e3o jornal\u00edstica refer\u00eancia na \u00e1rea de infraestrutura no Brasil!\",\"publisher\":{\"@id\":\"https:\/\/agenciainfra.com\/blog\/#organization\"},\"potentialAction\":[{\"@type\":\"SearchAction\",\"target\":{\"@type\":\"EntryPoint\",\"urlTemplate\":\"https:\/\/agenciainfra.com\/blog\/?s={search_term_string}\"},\"query-input\":{\"@type\":\"PropertyValueSpecification\",\"valueRequired\":true,\"valueName\":\"search_term_string\"}}],\"inLanguage\":\"pt-BR\"},{\"@type\":\"Organization\",\"@id\":\"https:\/\/agenciainfra.com\/blog\/#organization\",\"name\":\"Ag\u00eancia iNFRA\",\"url\":\"https:\/\/agenciainfra.com\/blog\/\",\"logo\":{\"@type\":\"ImageObject\",\"inLanguage\":\"pt-BR\",\"@id\":\"https:\/\/agenciainfra.com\/blog\/#\/schema\/logo\/image\/\",\"url\":\"https:\/\/agenciainfra.com\/blog\/wp-content\/uploads\/2023\/09\/iNFRA_5-e1761735885940.png\",\"contentUrl\":\"https:\/\/agenciainfra.com\/blog\/wp-content\/uploads\/2023\/09\/iNFRA_5-e1761735885940.png\",\"width\":1672,\"height\":454,\"caption\":\"Ag\u00eancia iNFRA\"},\"image\":{\"@id\":\"https:\/\/agenciainfra.com\/blog\/#\/schema\/logo\/image\/\"},\"sameAs\":[\"https:\/\/www.facebook.com\/ageninfra\",\"https:\/\/x.com\/agencia_infra\",\"https:\/\/www.linkedin.com\/company\/ag\u00eanciainfra\/\",\"https:\/\/www.instagram.com\/agenciainfra\/\"]},{\"@type\":\"Person\",\"@id\":\"https:\/\/agenciainfra.com\/blog\/#\/schema\/person\/34af08dff6adea4cb22b06612ba7acfa\",\"name\":\"Ag\u00eancia iNFRA\",\"image\":{\"@type\":\"ImageObject\",\"inLanguage\":\"pt-BR\",\"@id\":\"https:\/\/agenciainfra.com\/blog\/#\/schema\/person\/image\/\",\"url\":\"https:\/\/secure.gravatar.com\/avatar\/d189e01678f06d8eb84d4e01f08eb848b3fffe3f8443818d3c356c66892f5be8?s=96&d=mm&r=g\",\"contentUrl\":\"https:\/\/secure.gravatar.com\/avatar\/d189e01678f06d8eb84d4e01f08eb848b3fffe3f8443818d3c356c66892f5be8?s=96&d=mm&r=g\",\"caption\":\"Ag\u00eancia iNFRA\"},\"url\":\"https:\/\/agenciainfra.com\/blog\/author\/admin\/\"}]}<\/script>\n<!-- \/ Yoast SEO Premium plugin. -->","yoast_head_json":{"title":"BNDES trabalha em letra de cr\u00e9dito e capta\u00e7\u00e3o internacional para financiar infraestrutura, diz diretor - Ag\u00eancia iNFRA","robots":{"index":"index","follow":"follow","max-snippet":"max-snippet:-1","max-image-preview":"max-image-preview:large","max-video-preview":"max-video-preview:-1"},"canonical":"https:\/\/agenciainfra.com\/blog\/bndes-trabalha-em-letra-de-credito-e-captacao-internacional-para-financiar-infraestrutura-diz-diretor\/","og_locale":"pt_BR","og_type":"article","og_title":"BNDES trabalha em letra de cr\u00e9dito e capta\u00e7\u00e3o internacional para financiar infraestrutura, diz diretor","og_description":"da Ag\u00eancia iNFRA O\u00a0diretor\u00a0de Planejamento\u00a0e\u00a0Estrutura\u00e7\u00e3o de Projetos do\u00a0BNDES\u00a0(Banco Nacional de Desenvolvimento Econ\u00f4mico\u00a0e\u00a0Social), Nelson Barbosa, afirmou que o banco\u00a0trabalha\u00a0em\u00a0tr\u00eas frentes\u00a0para\u00a0obter recursos\u00a0para\u00a0financiar\u00a0o desenvolvimento do setor de\u00a0infraestrutura. Um deles, de acordo com afirma\u00e7\u00e3o feita na \u00faltima ter\u00e7a-feira (11)\u00a0em\u00a0semin\u00e1rio promovido pelo banco no Rio de Janeiro, seria a cria\u00e7\u00e3o da\u00a0Letra\u00a0de\u00a0Cr\u00e9dito\u00a0do Desenvolvimento,\u00a0em\u00a0modelo semelhante ao da LCA (Letra\u00a0de\u00a0Cr\u00e9dito\u00a0do Agroneg\u00f3cio)\u00a0e\u00a0da LCI (Letra\u00a0de\u00a0Cr\u00e9dito\u00a0Imobili\u00e1ria), [&hellip;]","og_url":"https:\/\/agenciainfra.com\/blog\/bndes-trabalha-em-letra-de-credito-e-captacao-internacional-para-financiar-infraestrutura-diz-diretor\/","og_site_name":"Ag\u00eancia iNFRA","article_publisher":"https:\/\/www.facebook.com\/ageninfra","article_published_time":"2023-07-14T12:00:00+00:00","og_image":[{"width":1202,"height":797,"url":"https:\/\/agenciainfra.com\/blog\/wp-content\/uploads\/2023\/07\/bndes-foto-senado-federal.jpg","type":"image\/jpeg"}],"author":"Ag\u00eancia iNFRA","twitter_card":"summary_large_image","twitter_creator":"@agencia_infra","twitter_site":"@agencia_infra","twitter_misc":{"Escrito por":"Ag\u00eancia iNFRA","Est. tempo de leitura":"4 minutos"},"schema":{"@context":"https:\/\/schema.org","@graph":[{"@type":"Article","@id":"https:\/\/agenciainfra.com\/blog\/bndes-trabalha-em-letra-de-credito-e-captacao-internacional-para-financiar-infraestrutura-diz-diretor\/#article","isPartOf":{"@id":"https:\/\/agenciainfra.com\/blog\/bndes-trabalha-em-letra-de-credito-e-captacao-internacional-para-financiar-infraestrutura-diz-diretor\/"},"author":{"name":"Ag\u00eancia iNFRA","@id":"https:\/\/agenciainfra.com\/blog\/#\/schema\/person\/34af08dff6adea4cb22b06612ba7acfa"},"headline":"BNDES trabalha em letra de cr\u00e9dito e capta\u00e7\u00e3o internacional para financiar infraestrutura, diz diretor","datePublished":"2023-07-14T12:00:00+00:00","mainEntityOfPage":{"@id":"https:\/\/agenciainfra.com\/blog\/bndes-trabalha-em-letra-de-credito-e-captacao-internacional-para-financiar-infraestrutura-diz-diretor\/"},"wordCount":808,"publisher":{"@id":"https:\/\/agenciainfra.com\/blog\/#organization"},"image":{"@id":"https:\/\/agenciainfra.com\/blog\/bndes-trabalha-em-letra-de-credito-e-captacao-internacional-para-financiar-infraestrutura-diz-diretor\/#primaryimage"},"thumbnailUrl":"https:\/\/agenciainfra.com\/blog\/wp-content\/uploads\/2023\/07\/bndes-foto-senado-federal.jpg","keywords":["BNDES","financiamento","fundo do clima","green bonds","industrializa\u00e7\u00e3o","Infraestrutura","Investimento","LCA","LCI","letras","Nelson Barbosa","Novo PAC","tesouro"],"articleSection":["Geral","iNFRATransporte"],"inLanguage":"pt-BR","copyrightYear":"2023","copyrightHolder":{"@id":"https:\/\/agenciainfra.com\/blog\/#organization"}},{"@type":"WebPage","@id":"https:\/\/agenciainfra.com\/blog\/bndes-trabalha-em-letra-de-credito-e-captacao-internacional-para-financiar-infraestrutura-diz-diretor\/","url":"https:\/\/agenciainfra.com\/blog\/bndes-trabalha-em-letra-de-credito-e-captacao-internacional-para-financiar-infraestrutura-diz-diretor\/","name":"BNDES trabalha em letra de cr\u00e9dito e capta\u00e7\u00e3o internacional para financiar infraestrutura, diz diretor - Ag\u00eancia iNFRA","isPartOf":{"@id":"https:\/\/agenciainfra.com\/blog\/#website"},"primaryImageOfPage":{"@id":"https:\/\/agenciainfra.com\/blog\/bndes-trabalha-em-letra-de-credito-e-captacao-internacional-para-financiar-infraestrutura-diz-diretor\/#primaryimage"},"image":{"@id":"https:\/\/agenciainfra.com\/blog\/bndes-trabalha-em-letra-de-credito-e-captacao-internacional-para-financiar-infraestrutura-diz-diretor\/#primaryimage"},"thumbnailUrl":"https:\/\/agenciainfra.com\/blog\/wp-content\/uploads\/2023\/07\/bndes-foto-senado-federal.jpg","datePublished":"2023-07-14T12:00:00+00:00","breadcrumb":{"@id":"https:\/\/agenciainfra.com\/blog\/bndes-trabalha-em-letra-de-credito-e-captacao-internacional-para-financiar-infraestrutura-diz-diretor\/#breadcrumb"},"inLanguage":"pt-BR","potentialAction":[{"@type":"ReadAction","target":["https:\/\/agenciainfra.com\/blog\/bndes-trabalha-em-letra-de-credito-e-captacao-internacional-para-financiar-infraestrutura-diz-diretor\/"]}]},{"@type":"ImageObject","inLanguage":"pt-BR","@id":"https:\/\/agenciainfra.com\/blog\/bndes-trabalha-em-letra-de-credito-e-captacao-internacional-para-financiar-infraestrutura-diz-diretor\/#primaryimage","url":"https:\/\/agenciainfra.com\/blog\/wp-content\/uploads\/2023\/07\/bndes-foto-senado-federal.jpg","contentUrl":"https:\/\/agenciainfra.com\/blog\/wp-content\/uploads\/2023\/07\/bndes-foto-senado-federal.jpg","width":1202,"height":797},{"@type":"BreadcrumbList","@id":"https:\/\/agenciainfra.com\/blog\/bndes-trabalha-em-letra-de-credito-e-captacao-internacional-para-financiar-infraestrutura-diz-diretor\/#breadcrumb","itemListElement":[{"@type":"ListItem","position":1,"name":"In\u00edcio","item":"https:\/\/agenciainfra.com\/blog\/"},{"@type":"ListItem","position":2,"name":"BNDES trabalha em letra de cr\u00e9dito e capta\u00e7\u00e3o internacional para financiar infraestrutura, diz diretor"}]},{"@type":"WebSite","@id":"https:\/\/agenciainfra.com\/blog\/#website","url":"https:\/\/agenciainfra.com\/blog\/","name":"Ag\u00eancia iNFRA","description":"Multiplataforma de informa\u00e7\u00e3o jornal\u00edstica refer\u00eancia na \u00e1rea de infraestrutura no Brasil!","publisher":{"@id":"https:\/\/agenciainfra.com\/blog\/#organization"},"potentialAction":[{"@type":"SearchAction","target":{"@type":"EntryPoint","urlTemplate":"https:\/\/agenciainfra.com\/blog\/?s={search_term_string}"},"query-input":{"@type":"PropertyValueSpecification","valueRequired":true,"valueName":"search_term_string"}}],"inLanguage":"pt-BR"},{"@type":"Organization","@id":"https:\/\/agenciainfra.com\/blog\/#organization","name":"Ag\u00eancia iNFRA","url":"https:\/\/agenciainfra.com\/blog\/","logo":{"@type":"ImageObject","inLanguage":"pt-BR","@id":"https:\/\/agenciainfra.com\/blog\/#\/schema\/logo\/image\/","url":"https:\/\/agenciainfra.com\/blog\/wp-content\/uploads\/2023\/09\/iNFRA_5-e1761735885940.png","contentUrl":"https:\/\/agenciainfra.com\/blog\/wp-content\/uploads\/2023\/09\/iNFRA_5-e1761735885940.png","width":1672,"height":454,"caption":"Ag\u00eancia iNFRA"},"image":{"@id":"https:\/\/agenciainfra.com\/blog\/#\/schema\/logo\/image\/"},"sameAs":["https:\/\/www.facebook.com\/ageninfra","https:\/\/x.com\/agencia_infra","https:\/\/www.linkedin.com\/company\/ag\u00eanciainfra\/","https:\/\/www.instagram.com\/agenciainfra\/"]},{"@type":"Person","@id":"https:\/\/agenciainfra.com\/blog\/#\/schema\/person\/34af08dff6adea4cb22b06612ba7acfa","name":"Ag\u00eancia iNFRA","image":{"@type":"ImageObject","inLanguage":"pt-BR","@id":"https:\/\/agenciainfra.com\/blog\/#\/schema\/person\/image\/","url":"https:\/\/secure.gravatar.com\/avatar\/d189e01678f06d8eb84d4e01f08eb848b3fffe3f8443818d3c356c66892f5be8?s=96&d=mm&r=g","contentUrl":"https:\/\/secure.gravatar.com\/avatar\/d189e01678f06d8eb84d4e01f08eb848b3fffe3f8443818d3c356c66892f5be8?s=96&d=mm&r=g","caption":"Ag\u00eancia iNFRA"},"url":"https:\/\/agenciainfra.com\/blog\/author\/admin\/"}]}},"_links":{"self":[{"href":"https:\/\/agenciainfra.com\/blog\/wp-json\/wp\/v2\/posts\/13044","targetHints":{"allow":["GET"]}}],"collection":[{"href":"https:\/\/agenciainfra.com\/blog\/wp-json\/wp\/v2\/posts"}],"about":[{"href":"https:\/\/agenciainfra.com\/blog\/wp-json\/wp\/v2\/types\/post"}],"author":[{"embeddable":true,"href":"https:\/\/agenciainfra.com\/blog\/wp-json\/wp\/v2\/users\/1"}],"replies":[{"embeddable":true,"href":"https:\/\/agenciainfra.com\/blog\/wp-json\/wp\/v2\/comments?post=13044"}],"version-history":[{"count":0,"href":"https:\/\/agenciainfra.com\/blog\/wp-json\/wp\/v2\/posts\/13044\/revisions"}],"wp:featuredmedia":[{"embeddable":true,"href":"https:\/\/agenciainfra.com\/blog\/wp-json\/wp\/v2\/media\/13045"}],"wp:attachment":[{"href":"https:\/\/agenciainfra.com\/blog\/wp-json\/wp\/v2\/media?parent=13044"}],"wp:term":[{"taxonomy":"category","embeddable":true,"href":"https:\/\/agenciainfra.com\/blog\/wp-json\/wp\/v2\/categories?post=13044"},{"taxonomy":"post_tag","embeddable":true,"href":"https:\/\/agenciainfra.com\/blog\/wp-json\/wp\/v2\/tags?post=13044"}],"curies":[{"name":"wp","href":"https:\/\/api.w.org\/{rel}","templated":true}]}}