{"id":13047,"date":"2023-07-14T11:00:00","date_gmt":"2023-07-14T14:00:00","guid":{"rendered":"https:\/\/www.agenciainfra.com\/blog\/?p=13047"},"modified":"2023-07-13T12:04:09","modified_gmt":"2023-07-13T15:04:09","slug":"infradebate-entendendo-e-mitigando-riscos-da-economia-do-hidrogenio","status":"publish","type":"post","link":"https:\/\/agenciainfra.com\/blog\/infradebate-entendendo-e-mitigando-riscos-da-economia-do-hidrogenio\/","title":{"rendered":"iNFRADebate: Entendendo e mitigando riscos da economia do hidrog\u00eanio"},"content":{"rendered":"\n<p class=\"has-text-align-right\"><strong>Massimo Giachino*<\/strong><\/p>\n\n\n\n<p>O hidrog\u00eanio \u00e9 um dos componentes principais no caminho global que visa a redu\u00e7\u00e3o das emiss\u00f5es a zero. \u00c9 uma alternativa atraente em rela\u00e7\u00e3o aos combust\u00edveis f\u00f3sseis e pode ser produzida utilizando energia renov\u00e1vel.<\/p>\n\n\n\n<p>Espera-se que a demanda global de hidrog\u00eanio com base nas declara\u00e7\u00f5es governamentais existentes atinja cerca de 250 milh\u00f5es de toneladas por ano at\u00e9 2050. Isto faria do hidrog\u00eanio uma ind\u00fastria de 600-800 bilh\u00f5es de d\u00f3lares em receitas anuais.<\/p>\n\n\n\n<p>A previs\u00e3o \u00e9 que a sua demanda venha em fases. No curto prazo (2025-2030), ser\u00e1 impulsionada pelo setor industrial que utilizaria o hidrog\u00eanio como mat\u00e9ria-prima em produtos qu\u00edmicos, fertilizantes, refinaria de petr\u00f3leo e a\u00e7o. No m\u00e9dio a longo prazo (2030-2040), vir\u00e1 principalmente de novos campos do uso do hidrog\u00eanio, como os setores de transporte e gera\u00e7\u00e3o de energia. J\u00e1 no longo prazo (2040 em diante), a procura pelo hidrog\u00eanio ser\u00e1 impulsionada pelo aumento do com\u00e9rcio global de hidrog\u00eanio como resultado do crescimento dos processos de uso a m\u00e9dio e longo prazos.<\/p>\n\n\n\n<p><strong>Entendendo o hidrog\u00eanio<\/strong><\/p>\n\n\n\n<p>O hidrog\u00eanio pode ser cinza, azul ou verde, dependendo do tipo de mat\u00e9ria-prima e do carbono emitido durante a produ\u00e7\u00e3o.<\/p>\n\n\n\n<p><strong>Hidrog\u00eanio cinza\/marrom:&nbsp;<\/strong>a maioria do hidrog\u00eanio produzido utiliza combust\u00edveis f\u00f3sseis como mat\u00e9ria-prima. Esta \u00e9 a maneira mais barata de produ\u00e7\u00e3o, mas o processo n\u00e3o \u00e9 ecologicamente correto, pois emite g\u00e1s carb\u00f4nico.<\/p>\n\n\n\n<p><strong>Hidrog\u00eanio azul<\/strong>: a produ\u00e7\u00e3o \u00e9 semelhante \u00e0 da variante cinza. Entretanto, o carbono emitido durante a produ\u00e7\u00e3o \u00e9 utilizado ou armazenado, o que representa um gasto adicional. Neste sentido, ele poderia desempenhar um importante papel de transi\u00e7\u00e3o para a ado\u00e7\u00e3o em larga escala do hidrog\u00eanio verde.<\/p>\n\n\n\n<p><strong>Hidrog\u00eanio verde<\/strong>: solu\u00e7\u00e3o de longo prazo, o hidrog\u00eanio verde \u00e9 produzido por eletr\u00f3lise usando eletricidade renov\u00e1vel e \u00e1gua. Seu custo adicional \u00e9 aproximadamente duas a quatro vezes maior se comparado ao do hidrog\u00eanio cinza, devido ao alto gasto de capital associado \u00e0 instala\u00e7\u00e3o de plantas de eletr\u00f3lise e ao alto custo da energia renov\u00e1vel. No entanto, espera-se que o pre\u00e7o da produ\u00e7\u00e3o de hidrog\u00eanio verde diminua para corresponder ao aumento do tamanho e das horas de opera\u00e7\u00e3o das usinas de eletr\u00f3lise.<\/p>\n\n\n\n<p><strong>An\u00e1lise de risco<\/strong><\/p>\n\n\n\n<p>O hidrog\u00eanio tem caracter\u00edsticas \u00fanicas que o tornam complexo para a elimina\u00e7\u00e3o de riscos. Embora seja amplamente reconhecido como um valioso transmissor de energia, ele ainda n\u00e3o foi utilizado como combust\u00edvel em escala. Como ele \u00e9 altamente inflam\u00e1vel, as misturas de hidrog\u00eanio e g\u00e1s natural s\u00e3o mais propensas ao risco de inc\u00eandio.<\/p>\n\n\n\n<p>A gravidade e a frequ\u00eancia dos danos relacionados ao hidrog\u00eanio dependem do grau em que o g\u00e1s foi misturado com outros materiais. Como consequ\u00eancia de v\u00e1rios tipos de falhas, o seu uso pode ampliar os cen\u00e1rios de perda, representados principalmente por vazamentos, assim como inc\u00eandios e explos\u00f5es.<\/p>\n\n\n\n<p><strong>Riscos durante o transporte, armazenamento e distribui\u00e7\u00e3o<\/strong><\/p>\n\n\n\n<p>Al\u00e9m da produ\u00e7\u00e3o, as exposi\u00e7\u00f5es durante o transporte, armazenamento e distribui\u00e7\u00e3o de hidrog\u00eanio precisam ser mais bem compreendidas. Os riscos s\u00e3o aumentados em fun\u00e7\u00e3o dos diferentes agentes\/empresas que t\u00eam responsabilidades por diferentes etapas na rede de produ\u00e7\u00e3o.<\/p>\n\n\n\n<p>O transporte de misturas de hidrog\u00eanio gera novos riscos atrav\u00e9s de redes de g\u00e1s natural existentes, levantando preocupa\u00e7\u00f5es de inflamabilidade. Isso significa que a margem de combust\u00e3o do hidrog\u00eanio \u00e9 cerca de sete vezes maior do que a do g\u00e1s (metano), tornando as misturas de hidrog\u00eanio e g\u00e1s natural mais propensas ao risco de inc\u00eandio.<\/p>\n\n\n\n<p>O hidrog\u00eanio pode ser armazenado de muitas maneiras: pressurizado em v\u00e1rias formas de g\u00e1s, hiper refrigerado em l\u00edquido ou combinado com compostos qu\u00edmicos. Tamb\u00e9m pode ser armazenado acima ou abaixo do solo. Como o hidrog\u00eanio \u00e9 mais vol\u00favel que outros gases, como metano, nitrog\u00eanio ou g\u00e1s carb\u00f4nico, ele pode penetrar na maioria das rochas e filtros.<\/p>\n\n\n\n<p>Corros\u00e3o, defeitos de material e escava\u00e7\u00e3o tamb\u00e9m podem levar a falhas na distribui\u00e7\u00e3o. Os incidentes nos dutos de distribui\u00e7\u00e3o normalmente surgem como resultado de vazamentos: quanto maior a concentra\u00e7\u00e3o de hidrog\u00eanio no ponto de libera\u00e7\u00e3o, maior o perigo.<\/p>\n\n\n\n<p><strong>Eliminando o risco para a economia do hidrog\u00eanio: papel dos re\/seguradores<\/strong><\/p>\n\n\n\n<p>Os riscos envolvendo hidrog\u00eanio n\u00e3o s\u00e3o novos. Mas o tamanho e a escala das exposi\u00e7\u00f5es ser\u00e3o maiores. E novos agentes est\u00e3o entrando na economia do hidrog\u00eanio, entretanto, alguns podem n\u00e3o ter experi\u00eancia no manuseio do mesmo.<\/p>\n\n\n\n<p>Nesse cen\u00e1rio, os re\/seguradores podem desempenhar um papel fundamental no desenvolvimento desta economia, fornecendo conhecimento de gerenciamento e transfer\u00eancia de risco em pontos selecionados da rede de produ\u00e7\u00e3o.<\/p>\n\n\n\n<h6 class=\"wp-block-heading\" id=\"block-aa9ff8cf-f9c2-435f-85ff-56a599c37bc9\"><strong><strong>*<\/strong>Massimo Giachino \u00e9 gerente de Engenharia de Risco na Swiss Re Corporate Solutions, em Zurique, Su\u00ed\u00e7a.<\/strong><\/h6>\n\n\n\n<h6 class=\"wp-block-heading\" id=\"block-aa9ff8cf-f9c2-435f-85ff-56a599c37bc9\">O iNFRADebate \u00e9 o espa\u00e7o de artigos da Ag\u00eancia iNFRA com opini\u00f5es de seus atores que n\u00e3o refletem necessariamente o pensamento da Ag\u00eancia iNFRA, sendo de total responsabilidade do autor as informa\u00e7\u00f5es, ju\u00edzos de valor e conceitos descritos no texto.<\/h6>\n","protected":false},"excerpt":{"rendered":"<p>Massimo Giachino* O hidrog\u00eanio \u00e9 um dos componentes principais no caminho global que visa a redu\u00e7\u00e3o das emiss\u00f5es a zero. \u00c9 uma alternativa atraente em rela\u00e7\u00e3o aos combust\u00edveis f\u00f3sseis e pode ser produzida utilizando energia renov\u00e1vel. Espera-se que a demanda global de hidrog\u00eanio com base nas declara\u00e7\u00f5es governamentais existentes atinja cerca de 250 milh\u00f5es de [&hellip;]<\/p>\n","protected":false},"author":1,"featured_media":13048,"comment_status":"closed","ping_status":"closed","sticky":false,"template":"","format":"standard","meta":{"_monsterinsights_skip_tracking":false,"_monsterinsights_sitenote_active":false,"_monsterinsights_sitenote_note":"","_monsterinsights_sitenote_category":0,"footnotes":""},"categories":[1,11],"tags":[7025,5198,7029,214,7028,2199,7027,7026,476,5710,6929],"class_list":["post-13047","post","type-post","status-publish","format-standard","has-post-thumbnail","hentry","category-geral","category-infradebate","tag-analise-de-risco","tag-carbono","tag-combustao","tag-combustivel","tag-danos","tag-distribuicao","tag-hidrogenio-2","tag-massimo-giachino","tag-matriz-energetica","tag-riscos","tag-seguros"],"yoast_head":"<!-- This site is optimized with the Yoast SEO Premium plugin v25.4 (Yoast SEO v26.0) - https:\/\/yoast.com\/wordpress\/plugins\/seo\/ -->\n<title>iNFRADebate: Entendendo e mitigando riscos da economia do hidrog\u00eanio - Ag\u00eancia iNFRA<\/title>\n<meta name=\"robots\" content=\"index, follow, max-snippet:-1, max-image-preview:large, max-video-preview:-1\" \/>\n<link rel=\"canonical\" href=\"https:\/\/agenciainfra.com\/blog\/infradebate-entendendo-e-mitigando-riscos-da-economia-do-hidrogenio\/\" \/>\n<meta property=\"og:locale\" content=\"pt_BR\" \/>\n<meta property=\"og:type\" content=\"article\" \/>\n<meta property=\"og:title\" content=\"iNFRADebate: Entendendo e mitigando riscos da economia do hidrog\u00eanio\" \/>\n<meta property=\"og:description\" content=\"Massimo Giachino* O hidrog\u00eanio \u00e9 um dos componentes principais no caminho global que visa a redu\u00e7\u00e3o das emiss\u00f5es a zero. \u00c9 uma alternativa atraente em rela\u00e7\u00e3o aos combust\u00edveis f\u00f3sseis e pode ser produzida utilizando energia renov\u00e1vel. Espera-se que a demanda global de hidrog\u00eanio com base nas declara\u00e7\u00f5es governamentais existentes atinja cerca de 250 milh\u00f5es de [&hellip;]\" \/>\n<meta property=\"og:url\" content=\"https:\/\/agenciainfra.com\/blog\/infradebate-entendendo-e-mitigando-riscos-da-economia-do-hidrogenio\/\" \/>\n<meta property=\"og:site_name\" content=\"Ag\u00eancia iNFRA\" \/>\n<meta property=\"article:publisher\" content=\"https:\/\/www.facebook.com\/ageninfra\" \/>\n<meta property=\"article:published_time\" content=\"2023-07-14T14:00:00+00:00\" \/>\n<meta property=\"og:image\" content=\"https:\/\/agenciainfra.com\/blog\/wp-content\/uploads\/2023\/07\/massimo-giachino-foto-acervo-pessoal.jpg\" \/>\n\t<meta property=\"og:image:width\" content=\"1202\" \/>\n\t<meta property=\"og:image:height\" content=\"677\" \/>\n\t<meta property=\"og:image:type\" content=\"image\/jpeg\" \/>\n<meta name=\"author\" content=\"Ag\u00eancia iNFRA\" \/>\n<meta name=\"twitter:card\" content=\"summary_large_image\" \/>\n<meta name=\"twitter:creator\" content=\"@agencia_infra\" \/>\n<meta name=\"twitter:site\" content=\"@agencia_infra\" \/>\n<meta name=\"twitter:label1\" content=\"Escrito por\" \/>\n\t<meta name=\"twitter:data1\" content=\"Ag\u00eancia iNFRA\" \/>\n\t<meta name=\"twitter:label2\" content=\"Est. tempo de leitura\" \/>\n\t<meta name=\"twitter:data2\" content=\"4 minutos\" \/>\n<script type=\"application\/ld+json\" class=\"yoast-schema-graph\">{\"@context\":\"https:\/\/schema.org\",\"@graph\":[{\"@type\":\"Article\",\"@id\":\"https:\/\/agenciainfra.com\/blog\/infradebate-entendendo-e-mitigando-riscos-da-economia-do-hidrogenio\/#article\",\"isPartOf\":{\"@id\":\"https:\/\/agenciainfra.com\/blog\/infradebate-entendendo-e-mitigando-riscos-da-economia-do-hidrogenio\/\"},\"author\":{\"name\":\"Ag\u00eancia iNFRA\",\"@id\":\"https:\/\/agenciainfra.com\/blog\/#\/schema\/person\/34af08dff6adea4cb22b06612ba7acfa\"},\"headline\":\"iNFRADebate: Entendendo e mitigando riscos da economia do hidrog\u00eanio\",\"datePublished\":\"2023-07-14T14:00:00+00:00\",\"mainEntityOfPage\":{\"@id\":\"https:\/\/agenciainfra.com\/blog\/infradebate-entendendo-e-mitigando-riscos-da-economia-do-hidrogenio\/\"},\"wordCount\":907,\"publisher\":{\"@id\":\"https:\/\/agenciainfra.com\/blog\/#organization\"},\"image\":{\"@id\":\"https:\/\/agenciainfra.com\/blog\/infradebate-entendendo-e-mitigando-riscos-da-economia-do-hidrogenio\/#primaryimage\"},\"thumbnailUrl\":\"https:\/\/agenciainfra.com\/blog\/wp-content\/uploads\/2023\/07\/massimo-giachino-foto-acervo-pessoal.jpg\",\"keywords\":[\"an\u00e1lise de risco\",\"carbono\",\"combust\u00e3o\",\"combust\u00edvel\",\"danos\",\"distribui\u00e7\u00e3o\",\"hidrogenio\",\"Massimo Giachino\",\"matriz energ\u00e9tica\",\"riscos\",\"seguros\"],\"articleSection\":[\"Geral\",\"iNFRADebate\"],\"inLanguage\":\"pt-BR\",\"copyrightYear\":\"2023\",\"copyrightHolder\":{\"@id\":\"https:\/\/agenciainfra.com\/blog\/#organization\"}},{\"@type\":\"WebPage\",\"@id\":\"https:\/\/agenciainfra.com\/blog\/infradebate-entendendo-e-mitigando-riscos-da-economia-do-hidrogenio\/\",\"url\":\"https:\/\/agenciainfra.com\/blog\/infradebate-entendendo-e-mitigando-riscos-da-economia-do-hidrogenio\/\",\"name\":\"iNFRADebate: Entendendo e mitigando riscos da economia do hidrog\u00eanio - Ag\u00eancia iNFRA\",\"isPartOf\":{\"@id\":\"https:\/\/agenciainfra.com\/blog\/#website\"},\"primaryImageOfPage\":{\"@id\":\"https:\/\/agenciainfra.com\/blog\/infradebate-entendendo-e-mitigando-riscos-da-economia-do-hidrogenio\/#primaryimage\"},\"image\":{\"@id\":\"https:\/\/agenciainfra.com\/blog\/infradebate-entendendo-e-mitigando-riscos-da-economia-do-hidrogenio\/#primaryimage\"},\"thumbnailUrl\":\"https:\/\/agenciainfra.com\/blog\/wp-content\/uploads\/2023\/07\/massimo-giachino-foto-acervo-pessoal.jpg\",\"datePublished\":\"2023-07-14T14:00:00+00:00\",\"breadcrumb\":{\"@id\":\"https:\/\/agenciainfra.com\/blog\/infradebate-entendendo-e-mitigando-riscos-da-economia-do-hidrogenio\/#breadcrumb\"},\"inLanguage\":\"pt-BR\",\"potentialAction\":[{\"@type\":\"ReadAction\",\"target\":[\"https:\/\/agenciainfra.com\/blog\/infradebate-entendendo-e-mitigando-riscos-da-economia-do-hidrogenio\/\"]}]},{\"@type\":\"ImageObject\",\"inLanguage\":\"pt-BR\",\"@id\":\"https:\/\/agenciainfra.com\/blog\/infradebate-entendendo-e-mitigando-riscos-da-economia-do-hidrogenio\/#primaryimage\",\"url\":\"https:\/\/agenciainfra.com\/blog\/wp-content\/uploads\/2023\/07\/massimo-giachino-foto-acervo-pessoal.jpg\",\"contentUrl\":\"https:\/\/agenciainfra.com\/blog\/wp-content\/uploads\/2023\/07\/massimo-giachino-foto-acervo-pessoal.jpg\",\"width\":1202,\"height\":677},{\"@type\":\"BreadcrumbList\",\"@id\":\"https:\/\/agenciainfra.com\/blog\/infradebate-entendendo-e-mitigando-riscos-da-economia-do-hidrogenio\/#breadcrumb\",\"itemListElement\":[{\"@type\":\"ListItem\",\"position\":1,\"name\":\"In\u00edcio\",\"item\":\"https:\/\/agenciainfra.com\/blog\/\"},{\"@type\":\"ListItem\",\"position\":2,\"name\":\"iNFRADebate: Entendendo e mitigando riscos da economia do hidrog\u00eanio\"}]},{\"@type\":\"WebSite\",\"@id\":\"https:\/\/agenciainfra.com\/blog\/#website\",\"url\":\"https:\/\/agenciainfra.com\/blog\/\",\"name\":\"Ag\u00eancia iNFRA\",\"description\":\"Multiplataforma de informa\u00e7\u00e3o jornal\u00edstica refer\u00eancia na \u00e1rea de infraestrutura no Brasil!\",\"publisher\":{\"@id\":\"https:\/\/agenciainfra.com\/blog\/#organization\"},\"potentialAction\":[{\"@type\":\"SearchAction\",\"target\":{\"@type\":\"EntryPoint\",\"urlTemplate\":\"https:\/\/agenciainfra.com\/blog\/?s={search_term_string}\"},\"query-input\":{\"@type\":\"PropertyValueSpecification\",\"valueRequired\":true,\"valueName\":\"search_term_string\"}}],\"inLanguage\":\"pt-BR\"},{\"@type\":\"Organization\",\"@id\":\"https:\/\/agenciainfra.com\/blog\/#organization\",\"name\":\"Ag\u00eancia iNFRA\",\"url\":\"https:\/\/agenciainfra.com\/blog\/\",\"logo\":{\"@type\":\"ImageObject\",\"inLanguage\":\"pt-BR\",\"@id\":\"https:\/\/agenciainfra.com\/blog\/#\/schema\/logo\/image\/\",\"url\":\"https:\/\/agenciainfra.com\/blog\/wp-content\/uploads\/2023\/09\/iNFRA_5-e1761735885940.png\",\"contentUrl\":\"https:\/\/agenciainfra.com\/blog\/wp-content\/uploads\/2023\/09\/iNFRA_5-e1761735885940.png\",\"width\":1672,\"height\":454,\"caption\":\"Ag\u00eancia iNFRA\"},\"image\":{\"@id\":\"https:\/\/agenciainfra.com\/blog\/#\/schema\/logo\/image\/\"},\"sameAs\":[\"https:\/\/www.facebook.com\/ageninfra\",\"https:\/\/x.com\/agencia_infra\",\"https:\/\/www.linkedin.com\/company\/ag\u00eanciainfra\/\",\"https:\/\/www.instagram.com\/agenciainfra\/\"]},{\"@type\":\"Person\",\"@id\":\"https:\/\/agenciainfra.com\/blog\/#\/schema\/person\/34af08dff6adea4cb22b06612ba7acfa\",\"name\":\"Ag\u00eancia iNFRA\",\"image\":{\"@type\":\"ImageObject\",\"inLanguage\":\"pt-BR\",\"@id\":\"https:\/\/agenciainfra.com\/blog\/#\/schema\/person\/image\/\",\"url\":\"https:\/\/secure.gravatar.com\/avatar\/d189e01678f06d8eb84d4e01f08eb848b3fffe3f8443818d3c356c66892f5be8?s=96&d=mm&r=g\",\"contentUrl\":\"https:\/\/secure.gravatar.com\/avatar\/d189e01678f06d8eb84d4e01f08eb848b3fffe3f8443818d3c356c66892f5be8?s=96&d=mm&r=g\",\"caption\":\"Ag\u00eancia iNFRA\"},\"url\":\"https:\/\/agenciainfra.com\/blog\/author\/admin\/\"}]}<\/script>\n<!-- \/ Yoast SEO Premium plugin. -->","yoast_head_json":{"title":"iNFRADebate: Entendendo e mitigando riscos da economia do hidrog\u00eanio - Ag\u00eancia iNFRA","robots":{"index":"index","follow":"follow","max-snippet":"max-snippet:-1","max-image-preview":"max-image-preview:large","max-video-preview":"max-video-preview:-1"},"canonical":"https:\/\/agenciainfra.com\/blog\/infradebate-entendendo-e-mitigando-riscos-da-economia-do-hidrogenio\/","og_locale":"pt_BR","og_type":"article","og_title":"iNFRADebate: Entendendo e mitigando riscos da economia do hidrog\u00eanio","og_description":"Massimo Giachino* O hidrog\u00eanio \u00e9 um dos componentes principais no caminho global que visa a redu\u00e7\u00e3o das emiss\u00f5es a zero. \u00c9 uma alternativa atraente em rela\u00e7\u00e3o aos combust\u00edveis f\u00f3sseis e pode ser produzida utilizando energia renov\u00e1vel. Espera-se que a demanda global de hidrog\u00eanio com base nas declara\u00e7\u00f5es governamentais existentes atinja cerca de 250 milh\u00f5es de [&hellip;]","og_url":"https:\/\/agenciainfra.com\/blog\/infradebate-entendendo-e-mitigando-riscos-da-economia-do-hidrogenio\/","og_site_name":"Ag\u00eancia iNFRA","article_publisher":"https:\/\/www.facebook.com\/ageninfra","article_published_time":"2023-07-14T14:00:00+00:00","og_image":[{"width":1202,"height":677,"url":"https:\/\/agenciainfra.com\/blog\/wp-content\/uploads\/2023\/07\/massimo-giachino-foto-acervo-pessoal.jpg","type":"image\/jpeg"}],"author":"Ag\u00eancia iNFRA","twitter_card":"summary_large_image","twitter_creator":"@agencia_infra","twitter_site":"@agencia_infra","twitter_misc":{"Escrito por":"Ag\u00eancia iNFRA","Est. tempo de leitura":"4 minutos"},"schema":{"@context":"https:\/\/schema.org","@graph":[{"@type":"Article","@id":"https:\/\/agenciainfra.com\/blog\/infradebate-entendendo-e-mitigando-riscos-da-economia-do-hidrogenio\/#article","isPartOf":{"@id":"https:\/\/agenciainfra.com\/blog\/infradebate-entendendo-e-mitigando-riscos-da-economia-do-hidrogenio\/"},"author":{"name":"Ag\u00eancia iNFRA","@id":"https:\/\/agenciainfra.com\/blog\/#\/schema\/person\/34af08dff6adea4cb22b06612ba7acfa"},"headline":"iNFRADebate: Entendendo e mitigando riscos da economia do hidrog\u00eanio","datePublished":"2023-07-14T14:00:00+00:00","mainEntityOfPage":{"@id":"https:\/\/agenciainfra.com\/blog\/infradebate-entendendo-e-mitigando-riscos-da-economia-do-hidrogenio\/"},"wordCount":907,"publisher":{"@id":"https:\/\/agenciainfra.com\/blog\/#organization"},"image":{"@id":"https:\/\/agenciainfra.com\/blog\/infradebate-entendendo-e-mitigando-riscos-da-economia-do-hidrogenio\/#primaryimage"},"thumbnailUrl":"https:\/\/agenciainfra.com\/blog\/wp-content\/uploads\/2023\/07\/massimo-giachino-foto-acervo-pessoal.jpg","keywords":["an\u00e1lise de risco","carbono","combust\u00e3o","combust\u00edvel","danos","distribui\u00e7\u00e3o","hidrogenio","Massimo Giachino","matriz energ\u00e9tica","riscos","seguros"],"articleSection":["Geral","iNFRADebate"],"inLanguage":"pt-BR","copyrightYear":"2023","copyrightHolder":{"@id":"https:\/\/agenciainfra.com\/blog\/#organization"}},{"@type":"WebPage","@id":"https:\/\/agenciainfra.com\/blog\/infradebate-entendendo-e-mitigando-riscos-da-economia-do-hidrogenio\/","url":"https:\/\/agenciainfra.com\/blog\/infradebate-entendendo-e-mitigando-riscos-da-economia-do-hidrogenio\/","name":"iNFRADebate: Entendendo e mitigando riscos da economia do hidrog\u00eanio - Ag\u00eancia iNFRA","isPartOf":{"@id":"https:\/\/agenciainfra.com\/blog\/#website"},"primaryImageOfPage":{"@id":"https:\/\/agenciainfra.com\/blog\/infradebate-entendendo-e-mitigando-riscos-da-economia-do-hidrogenio\/#primaryimage"},"image":{"@id":"https:\/\/agenciainfra.com\/blog\/infradebate-entendendo-e-mitigando-riscos-da-economia-do-hidrogenio\/#primaryimage"},"thumbnailUrl":"https:\/\/agenciainfra.com\/blog\/wp-content\/uploads\/2023\/07\/massimo-giachino-foto-acervo-pessoal.jpg","datePublished":"2023-07-14T14:00:00+00:00","breadcrumb":{"@id":"https:\/\/agenciainfra.com\/blog\/infradebate-entendendo-e-mitigando-riscos-da-economia-do-hidrogenio\/#breadcrumb"},"inLanguage":"pt-BR","potentialAction":[{"@type":"ReadAction","target":["https:\/\/agenciainfra.com\/blog\/infradebate-entendendo-e-mitigando-riscos-da-economia-do-hidrogenio\/"]}]},{"@type":"ImageObject","inLanguage":"pt-BR","@id":"https:\/\/agenciainfra.com\/blog\/infradebate-entendendo-e-mitigando-riscos-da-economia-do-hidrogenio\/#primaryimage","url":"https:\/\/agenciainfra.com\/blog\/wp-content\/uploads\/2023\/07\/massimo-giachino-foto-acervo-pessoal.jpg","contentUrl":"https:\/\/agenciainfra.com\/blog\/wp-content\/uploads\/2023\/07\/massimo-giachino-foto-acervo-pessoal.jpg","width":1202,"height":677},{"@type":"BreadcrumbList","@id":"https:\/\/agenciainfra.com\/blog\/infradebate-entendendo-e-mitigando-riscos-da-economia-do-hidrogenio\/#breadcrumb","itemListElement":[{"@type":"ListItem","position":1,"name":"In\u00edcio","item":"https:\/\/agenciainfra.com\/blog\/"},{"@type":"ListItem","position":2,"name":"iNFRADebate: Entendendo e mitigando riscos da economia do hidrog\u00eanio"}]},{"@type":"WebSite","@id":"https:\/\/agenciainfra.com\/blog\/#website","url":"https:\/\/agenciainfra.com\/blog\/","name":"Ag\u00eancia iNFRA","description":"Multiplataforma de informa\u00e7\u00e3o jornal\u00edstica refer\u00eancia na \u00e1rea de infraestrutura no Brasil!","publisher":{"@id":"https:\/\/agenciainfra.com\/blog\/#organization"},"potentialAction":[{"@type":"SearchAction","target":{"@type":"EntryPoint","urlTemplate":"https:\/\/agenciainfra.com\/blog\/?s={search_term_string}"},"query-input":{"@type":"PropertyValueSpecification","valueRequired":true,"valueName":"search_term_string"}}],"inLanguage":"pt-BR"},{"@type":"Organization","@id":"https:\/\/agenciainfra.com\/blog\/#organization","name":"Ag\u00eancia iNFRA","url":"https:\/\/agenciainfra.com\/blog\/","logo":{"@type":"ImageObject","inLanguage":"pt-BR","@id":"https:\/\/agenciainfra.com\/blog\/#\/schema\/logo\/image\/","url":"https:\/\/agenciainfra.com\/blog\/wp-content\/uploads\/2023\/09\/iNFRA_5-e1761735885940.png","contentUrl":"https:\/\/agenciainfra.com\/blog\/wp-content\/uploads\/2023\/09\/iNFRA_5-e1761735885940.png","width":1672,"height":454,"caption":"Ag\u00eancia iNFRA"},"image":{"@id":"https:\/\/agenciainfra.com\/blog\/#\/schema\/logo\/image\/"},"sameAs":["https:\/\/www.facebook.com\/ageninfra","https:\/\/x.com\/agencia_infra","https:\/\/www.linkedin.com\/company\/ag\u00eanciainfra\/","https:\/\/www.instagram.com\/agenciainfra\/"]},{"@type":"Person","@id":"https:\/\/agenciainfra.com\/blog\/#\/schema\/person\/34af08dff6adea4cb22b06612ba7acfa","name":"Ag\u00eancia iNFRA","image":{"@type":"ImageObject","inLanguage":"pt-BR","@id":"https:\/\/agenciainfra.com\/blog\/#\/schema\/person\/image\/","url":"https:\/\/secure.gravatar.com\/avatar\/d189e01678f06d8eb84d4e01f08eb848b3fffe3f8443818d3c356c66892f5be8?s=96&d=mm&r=g","contentUrl":"https:\/\/secure.gravatar.com\/avatar\/d189e01678f06d8eb84d4e01f08eb848b3fffe3f8443818d3c356c66892f5be8?s=96&d=mm&r=g","caption":"Ag\u00eancia iNFRA"},"url":"https:\/\/agenciainfra.com\/blog\/author\/admin\/"}]}},"_links":{"self":[{"href":"https:\/\/agenciainfra.com\/blog\/wp-json\/wp\/v2\/posts\/13047","targetHints":{"allow":["GET"]}}],"collection":[{"href":"https:\/\/agenciainfra.com\/blog\/wp-json\/wp\/v2\/posts"}],"about":[{"href":"https:\/\/agenciainfra.com\/blog\/wp-json\/wp\/v2\/types\/post"}],"author":[{"embeddable":true,"href":"https:\/\/agenciainfra.com\/blog\/wp-json\/wp\/v2\/users\/1"}],"replies":[{"embeddable":true,"href":"https:\/\/agenciainfra.com\/blog\/wp-json\/wp\/v2\/comments?post=13047"}],"version-history":[{"count":0,"href":"https:\/\/agenciainfra.com\/blog\/wp-json\/wp\/v2\/posts\/13047\/revisions"}],"wp:featuredmedia":[{"embeddable":true,"href":"https:\/\/agenciainfra.com\/blog\/wp-json\/wp\/v2\/media\/13048"}],"wp:attachment":[{"href":"https:\/\/agenciainfra.com\/blog\/wp-json\/wp\/v2\/media?parent=13047"}],"wp:term":[{"taxonomy":"category","embeddable":true,"href":"https:\/\/agenciainfra.com\/blog\/wp-json\/wp\/v2\/categories?post=13047"},{"taxonomy":"post_tag","embeddable":true,"href":"https:\/\/agenciainfra.com\/blog\/wp-json\/wp\/v2\/tags?post=13047"}],"curies":[{"name":"wp","href":"https:\/\/api.w.org\/{rel}","templated":true}]}}