{"id":13053,"date":"2023-07-14T12:00:00","date_gmt":"2023-07-14T15:00:00","guid":{"rendered":"https:\/\/www.agenciainfra.com\/blog\/?p=13053"},"modified":"2023-07-14T11:49:30","modified_gmt":"2023-07-14T14:49:30","slug":"analise-proximidade-da-abertura-da-alta-tensao-e-regulacao-de-carbono-atraem-investimentos","status":"publish","type":"post","link":"https:\/\/agenciainfra.com\/blog\/analise-proximidade-da-abertura-da-alta-tensao-e-regulacao-de-carbono-atraem-investimentos\/","title":{"rendered":"An\u00e1lise: proximidade da abertura da alta tens\u00e3o e regula\u00e7\u00e3o de carbono atraem investimentos"},"content":{"rendered":"\n<p class=\"has-text-align-right\"><strong>Roberto Rockmann<\/strong>*<\/p>\n\n\n\n<p>A menos de seis meses da abertura total do mercado livre de energia \u00e0 alta tens\u00e3o, o setor de comercializa\u00e7\u00e3o vive uma intensa movimenta\u00e7\u00e3o que transformar\u00e1\u00a0o seu desenho, com a chegada de novos players e a oferta de novos servi\u00e7os, como cr\u00e9ditos de carbono, cuja discuss\u00e3o de regulamenta\u00e7\u00e3o est\u00e1 avan\u00e7ada.<br><br>Publicada em setembro passado, a Portaria 50\/2022 abriu a possibilidade de que todos os clientes ligados \u00e0 alta tens\u00e3o, com carga individual inferior a 500kW, possam migrar para o mercado livre de energia. Trata-se da maior amplia\u00e7\u00e3o da hist\u00f3ria. Como os consumidores interessados em se tornar livres devem manifestar esse desejo \u00e0 distribuidora seis meses antes do t\u00e9rmino do contrato, a janela de migra\u00e7\u00f5es come\u00e7a a ganhar intensidade. \u201cN\u00f3s n\u00e3o podemos dar n\u00fameros sobre os nossos avan\u00e7os espec\u00edficos, mas estamos evoluindo muito bem na capta\u00e7\u00e3o de clientes\u201d, diz Ant\u00f4nio Carlos Messora, vice-presidente comercial e de Marketing da Comerc, comprada pela Vibra em 2021 e uma das maiores do segmento.<br><br>A Abraceel (Associa\u00e7\u00e3o Brasileira das Comercializadoras de Energia El\u00e9trica) n\u00e3o tem n\u00fameros sobre as migra\u00e7\u00f5es nem estimativas, mas as associadas est\u00e3o otimistas com as consultas que est\u00e3o chegando. \u201cO mercado ter\u00e1 um novo momento\u201d, diz o presidente, Rodrigo Ferreira. Entre 1999 e 2022, registraram-se cerca de dez mil consumidores livres no pa\u00eds. A partir do pr\u00f3ximo ano, esse n\u00famero ser\u00e1 multiplicado.<br><br>Atualmente, existem 202 mil pontos de consumo ligados na alta tens\u00e3o. Desse total, de acordo com as estimativas da CCEE (C\u00e2mara de Comercializa\u00e7\u00e3o de Energia El\u00e9trica), 165 mil unidades ainda estar\u00e3o no mercado regulado ao final de 2023. Entre essas cargas, a CCEE projeta que, at\u00e9 o fim de 2023, 93 mil dever\u00e3o buscar o modelo de micro e minigera\u00e7\u00e3o distribu\u00edda. J\u00e1 72 mil empresas poderiam aderir ao segmento livre a partir de janeiro do ano que vem.<br><br>Essa mudan\u00e7a de patamar traz preocupa\u00e7\u00f5es sobre a possibilidade de serem criados gargalos no processo. Isso levou a Abraceel a estruturar um site para receber problemas de clientes interessados em migrar para o mercado livre. Lan\u00e7ado no in\u00edcio do m\u00eas, j\u00e1 h\u00e1 pelo menos 50 queixas. \u201cH\u00e1 clientes que n\u00e3o sabem quando o contrato com a distribuidora termina e a resposta pode demorar, estamos mapeando isso para poder ajudar a superar gargalos\u201d, afirma Ferreira.<br><br><strong>Neg\u00f3cios atraem novos players<\/strong><br>A abertura da alta tens\u00e3o atrai investimentos novos \u2013 de petroleiras a grandes consumidores de energia. H\u00e1 duas semanas, a Shell anunciou a aquisi\u00e7\u00e3o da Prime Energy, posicionando-se \u201cpara atender a demanda de clientes migrando para o mercado livre\u201d. Uma das maiores consumidoras de energia do Brasil, a Braskem mudou de lado no balc\u00e3o e criou a Voqen, bra\u00e7o de comercializa\u00e7\u00e3o de energia e g\u00e1s.<br><br>\u201cH\u00e1 uma multiplicidade de empresas interessadas de diversos setores em participar desse mercado, e a concorr\u00eancia ser\u00e1 mais acirrada\u201d, diz Ana Calil, s\u00f3cia de infraestrutura e energia do TozziniFreire Advogados.<br><br>O portf\u00f3lio de produtos tamb\u00e9m ganha novas solu\u00e7\u00f5es, com as empresas buscando ir muito al\u00e9m da negocia\u00e7\u00e3o de contratos de energia. Buscam oferecer efici\u00eancia energ\u00e9tica, comercializa\u00e7\u00e3o de certificados de energia renov\u00e1vel e cr\u00e9ditos de carbono. A Auren criou uma unidade voltada ao mercado de carbono, que dever\u00e1 ter um impulso com a regula\u00e7\u00e3o que est\u00e1 em discuss\u00e3o em Bras\u00edlia. Estudo da ICC Brasil (C\u00e2mara de Com\u00e9rcio Internacional) e a consultoria WayCarbon projetam que o Brasil pode movimentar US$ 120 bilh\u00f5es em cr\u00e9ditos at\u00e9 2030. \u201cA descarboniza\u00e7\u00e3o \u00e9 um mantra\u201d, diz o presidente da Associa\u00e7\u00e3o Brasileira da Ind\u00fastria do Vidro, Lucien Belmonte.<br><br>A abertura da alta tens\u00e3o ocorre em meio \u00e0s discuss\u00f5es de abertura total do mercado, debatida no\u00a0<a rel=\"noreferrer noopener\" href=\"https:\/\/agenciainfra.us14.list-manage.com\/track\/click?u=d460dd1bcf9ba0ae040e1fc0f&amp;id=8d11896051&amp;e=f0fa444791\" target=\"_blank\">PL (Projeto de Lei) 414<\/a>, cuja discuss\u00e3o est\u00e1 paralisada desde o ano passado no Congresso. O presidente da Eletrobras, Wilson Ferreira Jr., \u00e9 um dos que t\u00eam esse movimento no radar, por representar potenciais 88 milh\u00f5es de consumidores. \u201cS\u00e3o volumes importantes e que a gente entende que v\u00e3o ter que ser atingidos, sem d\u00favida nenhuma, com plataformas eletr\u00f4nicas, de intelig\u00eancia artificial\u201d, afirmou em entrevista a jornalistas nesta semana. Neste m\u00eas, o Fase (F\u00f3rum das Associa\u00e7\u00f5es do Setor El\u00e9trico) enviou carta ao presidente da C\u00e2mara, Arthur Lira, enfatizando a import\u00e2ncia da aprova\u00e7\u00e3o do PL 414 neste ano ainda.<br><br><strong>GD solar<\/strong><br>A GD (Gera\u00e7\u00e3o Distribu\u00edda) solar, que \u00e9 um concorrente do mercado livre, criou a possibilidade de consumidores cativos terem acesso a contas mais baixas com a instala\u00e7\u00e3o de pain\u00e9is fotovoltaicos. Hoje o segmento responde por 20 GW de capacidade, segundo dados da Absolar (Associa\u00e7\u00e3o Brasileira de Energia Solar Fotovoltaica). Isso despertou o interesse de grandes players fora do setor el\u00e9trico. Dois exemplos s\u00e3o o Ultra e a Vivo.<br><br>A Ultragaz, bra\u00e7o de venda de botij\u00f5es de g\u00e1s do Grupo Ultra, ano passado anunciou a compra da Estella, uma startup que conecta os geradores de energia solar a resid\u00eancias e pequenos neg\u00f3cios, uma esp\u00e9cie de servi\u00e7o de assinatura de energia que pode reduzir a conta de energia em cerca de 15%, em m\u00e9dia. \u201cO setor el\u00e9trico vive um momento de transforma\u00e7\u00e3o e observamos oportunidades\u201d, diz Marcelo Ara\u00fajo, diretor-executivo corporativo e de Participa\u00e7\u00f5es do Grupo Ultra.<br><br>A gigante de telefonia Vivo elegeu o setor el\u00e9trico como um em avalia\u00e7\u00e3o para novos neg\u00f3cios no Brasil, ao lado de educa\u00e7\u00e3o e sa\u00fade. A ideia \u00e9 estudar neg\u00f3cios em gera\u00e7\u00e3o distribu\u00edda solar que possam gerar receitas em novos servi\u00e7os. Firmou-se parceria com a startup SouVagalume, plataforma de gest\u00e3o de cr\u00e9ditos de usinas de energia solar incentivadas.<\/p>\n\n\n\n<h6 class=\"wp-block-heading\" id=\"block-f323f59b-51bf-4eed-b17b-3c7d3b917007\">*Roberto Rockmann <strong>\u00e9 escritor e jornalista. Coautor do livro \u201cCurto-Circuito, quando o Brasil quase ficou \u00e0s escuras\u201d e produtor do podcast quinzenal \u201cGiro Energia\u201d sobre o setor el\u00e9trico. Organizou em 2018 o livro de 20 anos do mercado livre de energia el\u00e9trica, editado pela CCEE (C\u00e2mara de Comercializa\u00e7\u00e3o de Energia El\u00e9trica), al\u00e9m de v\u00e1rios outros livros e trabalhos premiados<\/strong>.<\/h6>\n\n\n\n<p><strong>As opini\u00f5es dos autores n\u00e3o refletem necessariamente o pensamento da Ag\u00eancia iNFRA, sendo de total responsabilidade do autor as informa\u00e7\u00f5es, ju\u00edzos de valor e conceitos descritos no texto<\/strong>. <\/p>\n","protected":false},"excerpt":{"rendered":"<p>Roberto Rockmann* A menos de seis meses da abertura total do mercado livre de energia \u00e0 alta tens\u00e3o, o setor de comercializa\u00e7\u00e3o vive uma intensa movimenta\u00e7\u00e3o que transformar\u00e1\u00a0o seu desenho, com a chegada de novos players e a oferta de novos servi\u00e7os, como cr\u00e9ditos de carbono, cuja discuss\u00e3o de regulamenta\u00e7\u00e3o est\u00e1 avan\u00e7ada. Publicada em setembro [&hellip;]<\/p>\n","protected":false},"author":1,"featured_media":4750,"comment_status":"closed","ping_status":"closed","sticky":false,"template":"","format":"standard","meta":{"_monsterinsights_skip_tracking":false,"_monsterinsights_sitenote_active":false,"_monsterinsights_sitenote_note":"","_monsterinsights_sitenote_category":0,"footnotes":""},"categories":[1],"tags":[40,1966,7032,5198,14,1799,32,6011,5861,48,5218,7033],"class_list":["post-13053","post","type-post","status-publish","format-standard","has-post-thumbnail","hentry","category-geral","tag-abraceel","tag-alta-tensao","tag-antonio-carlos-messora","tag-carbono","tag-ccee","tag-comerc","tag-investimentos","tag-minigeracao-distribuida","tag-portaria-50-2022","tag-regulacao","tag-rodrigo-ferreira","tag-vibra"],"yoast_head":"<!-- This site is optimized with the Yoast SEO Premium plugin v25.4 (Yoast SEO v26.0) - https:\/\/yoast.com\/wordpress\/plugins\/seo\/ -->\n<title>An\u00e1lise: proximidade da abertura da alta tens\u00e3o e regula\u00e7\u00e3o de carbono atraem investimentos - Ag\u00eancia iNFRA<\/title>\n<meta name=\"robots\" content=\"index, follow, max-snippet:-1, max-image-preview:large, max-video-preview:-1\" \/>\n<link rel=\"canonical\" href=\"https:\/\/agenciainfra.com\/blog\/analise-proximidade-da-abertura-da-alta-tensao-e-regulacao-de-carbono-atraem-investimentos\/\" \/>\n<meta property=\"og:locale\" content=\"pt_BR\" \/>\n<meta property=\"og:type\" content=\"article\" \/>\n<meta property=\"og:title\" content=\"An\u00e1lise: proximidade da abertura da alta tens\u00e3o e regula\u00e7\u00e3o de carbono atraem investimentos\" \/>\n<meta property=\"og:description\" content=\"Roberto Rockmann* A menos de seis meses da abertura total do mercado livre de energia \u00e0 alta tens\u00e3o, o setor de comercializa\u00e7\u00e3o vive uma intensa movimenta\u00e7\u00e3o que transformar\u00e1\u00a0o seu desenho, com a chegada de novos players e a oferta de novos servi\u00e7os, como cr\u00e9ditos de carbono, cuja discuss\u00e3o de regulamenta\u00e7\u00e3o est\u00e1 avan\u00e7ada. Publicada em setembro [&hellip;]\" \/>\n<meta property=\"og:url\" content=\"https:\/\/agenciainfra.com\/blog\/analise-proximidade-da-abertura-da-alta-tensao-e-regulacao-de-carbono-atraem-investimentos\/\" \/>\n<meta property=\"og:site_name\" content=\"Ag\u00eancia iNFRA\" \/>\n<meta property=\"article:publisher\" content=\"https:\/\/www.facebook.com\/ageninfra\" \/>\n<meta property=\"article:published_time\" content=\"2023-07-14T15:00:00+00:00\" \/>\n<meta property=\"og:image\" content=\"https:\/\/agenciainfra.com\/blog\/wp-content\/uploads\/2020\/04\/linha-energia-foto-dominio-publico.jpg\" \/>\n\t<meta property=\"og:image:width\" content=\"1280\" \/>\n\t<meta property=\"og:image:height\" content=\"854\" \/>\n\t<meta property=\"og:image:type\" content=\"image\/jpeg\" \/>\n<meta name=\"author\" content=\"Ag\u00eancia iNFRA\" \/>\n<meta name=\"twitter:card\" content=\"summary_large_image\" \/>\n<meta name=\"twitter:creator\" content=\"@agencia_infra\" \/>\n<meta name=\"twitter:site\" content=\"@agencia_infra\" \/>\n<meta name=\"twitter:label1\" content=\"Escrito por\" \/>\n\t<meta name=\"twitter:data1\" content=\"Ag\u00eancia iNFRA\" \/>\n\t<meta name=\"twitter:label2\" content=\"Est. tempo de leitura\" \/>\n\t<meta name=\"twitter:data2\" content=\"5 minutos\" \/>\n<script type=\"application\/ld+json\" class=\"yoast-schema-graph\">{\"@context\":\"https:\/\/schema.org\",\"@graph\":[{\"@type\":\"Article\",\"@id\":\"https:\/\/agenciainfra.com\/blog\/analise-proximidade-da-abertura-da-alta-tensao-e-regulacao-de-carbono-atraem-investimentos\/#article\",\"isPartOf\":{\"@id\":\"https:\/\/agenciainfra.com\/blog\/analise-proximidade-da-abertura-da-alta-tensao-e-regulacao-de-carbono-atraem-investimentos\/\"},\"author\":{\"name\":\"Ag\u00eancia iNFRA\",\"@id\":\"https:\/\/agenciainfra.com\/blog\/#\/schema\/person\/34af08dff6adea4cb22b06612ba7acfa\"},\"headline\":\"An\u00e1lise: proximidade da abertura da alta tens\u00e3o e regula\u00e7\u00e3o de carbono atraem investimentos\",\"datePublished\":\"2023-07-14T15:00:00+00:00\",\"mainEntityOfPage\":{\"@id\":\"https:\/\/agenciainfra.com\/blog\/analise-proximidade-da-abertura-da-alta-tensao-e-regulacao-de-carbono-atraem-investimentos\/\"},\"wordCount\":1099,\"publisher\":{\"@id\":\"https:\/\/agenciainfra.com\/blog\/#organization\"},\"image\":{\"@id\":\"https:\/\/agenciainfra.com\/blog\/analise-proximidade-da-abertura-da-alta-tensao-e-regulacao-de-carbono-atraem-investimentos\/#primaryimage\"},\"thumbnailUrl\":\"https:\/\/agenciainfra.com\/blog\/wp-content\/uploads\/2020\/04\/linha-energia-foto-dominio-publico.jpg\",\"keywords\":[\"Abraceel\",\"alta tens\u00e3o\",\"Ant\u00f4nio Carlos Messora\",\"carbono\",\"ccee\",\"Comerc\",\"Investimentos\",\"minigera\u00e7\u00e3o distribu\u00edda\",\"Portaria 50\/2022\",\"Regula\u00e7\u00e3o\",\"Rodrigo Ferreira\",\"Vibra\"],\"articleSection\":[\"Geral\"],\"inLanguage\":\"pt-BR\",\"copyrightYear\":\"2023\",\"copyrightHolder\":{\"@id\":\"https:\/\/agenciainfra.com\/blog\/#organization\"}},{\"@type\":\"WebPage\",\"@id\":\"https:\/\/agenciainfra.com\/blog\/analise-proximidade-da-abertura-da-alta-tensao-e-regulacao-de-carbono-atraem-investimentos\/\",\"url\":\"https:\/\/agenciainfra.com\/blog\/analise-proximidade-da-abertura-da-alta-tensao-e-regulacao-de-carbono-atraem-investimentos\/\",\"name\":\"An\u00e1lise: proximidade da abertura da alta tens\u00e3o e regula\u00e7\u00e3o de carbono atraem investimentos - Ag\u00eancia iNFRA\",\"isPartOf\":{\"@id\":\"https:\/\/agenciainfra.com\/blog\/#website\"},\"primaryImageOfPage\":{\"@id\":\"https:\/\/agenciainfra.com\/blog\/analise-proximidade-da-abertura-da-alta-tensao-e-regulacao-de-carbono-atraem-investimentos\/#primaryimage\"},\"image\":{\"@id\":\"https:\/\/agenciainfra.com\/blog\/analise-proximidade-da-abertura-da-alta-tensao-e-regulacao-de-carbono-atraem-investimentos\/#primaryimage\"},\"thumbnailUrl\":\"https:\/\/agenciainfra.com\/blog\/wp-content\/uploads\/2020\/04\/linha-energia-foto-dominio-publico.jpg\",\"datePublished\":\"2023-07-14T15:00:00+00:00\",\"breadcrumb\":{\"@id\":\"https:\/\/agenciainfra.com\/blog\/analise-proximidade-da-abertura-da-alta-tensao-e-regulacao-de-carbono-atraem-investimentos\/#breadcrumb\"},\"inLanguage\":\"pt-BR\",\"potentialAction\":[{\"@type\":\"ReadAction\",\"target\":[\"https:\/\/agenciainfra.com\/blog\/analise-proximidade-da-abertura-da-alta-tensao-e-regulacao-de-carbono-atraem-investimentos\/\"]}]},{\"@type\":\"ImageObject\",\"inLanguage\":\"pt-BR\",\"@id\":\"https:\/\/agenciainfra.com\/blog\/analise-proximidade-da-abertura-da-alta-tensao-e-regulacao-de-carbono-atraem-investimentos\/#primaryimage\",\"url\":\"https:\/\/agenciainfra.com\/blog\/wp-content\/uploads\/2020\/04\/linha-energia-foto-dominio-publico.jpg\",\"contentUrl\":\"https:\/\/agenciainfra.com\/blog\/wp-content\/uploads\/2020\/04\/linha-energia-foto-dominio-publico.jpg\",\"width\":1280,\"height\":854},{\"@type\":\"BreadcrumbList\",\"@id\":\"https:\/\/agenciainfra.com\/blog\/analise-proximidade-da-abertura-da-alta-tensao-e-regulacao-de-carbono-atraem-investimentos\/#breadcrumb\",\"itemListElement\":[{\"@type\":\"ListItem\",\"position\":1,\"name\":\"In\u00edcio\",\"item\":\"https:\/\/agenciainfra.com\/blog\/\"},{\"@type\":\"ListItem\",\"position\":2,\"name\":\"An\u00e1lise: proximidade da abertura da alta tens\u00e3o e regula\u00e7\u00e3o de carbono atraem investimentos\"}]},{\"@type\":\"WebSite\",\"@id\":\"https:\/\/agenciainfra.com\/blog\/#website\",\"url\":\"https:\/\/agenciainfra.com\/blog\/\",\"name\":\"Ag\u00eancia iNFRA\",\"description\":\"Multiplataforma de informa\u00e7\u00e3o jornal\u00edstica refer\u00eancia na \u00e1rea de infraestrutura no Brasil!\",\"publisher\":{\"@id\":\"https:\/\/agenciainfra.com\/blog\/#organization\"},\"potentialAction\":[{\"@type\":\"SearchAction\",\"target\":{\"@type\":\"EntryPoint\",\"urlTemplate\":\"https:\/\/agenciainfra.com\/blog\/?s={search_term_string}\"},\"query-input\":{\"@type\":\"PropertyValueSpecification\",\"valueRequired\":true,\"valueName\":\"search_term_string\"}}],\"inLanguage\":\"pt-BR\"},{\"@type\":\"Organization\",\"@id\":\"https:\/\/agenciainfra.com\/blog\/#organization\",\"name\":\"Ag\u00eancia iNFRA\",\"url\":\"https:\/\/agenciainfra.com\/blog\/\",\"logo\":{\"@type\":\"ImageObject\",\"inLanguage\":\"pt-BR\",\"@id\":\"https:\/\/agenciainfra.com\/blog\/#\/schema\/logo\/image\/\",\"url\":\"https:\/\/agenciainfra.com\/blog\/wp-content\/uploads\/2023\/09\/iNFRA_5-e1761735885940.png\",\"contentUrl\":\"https:\/\/agenciainfra.com\/blog\/wp-content\/uploads\/2023\/09\/iNFRA_5-e1761735885940.png\",\"width\":1672,\"height\":454,\"caption\":\"Ag\u00eancia iNFRA\"},\"image\":{\"@id\":\"https:\/\/agenciainfra.com\/blog\/#\/schema\/logo\/image\/\"},\"sameAs\":[\"https:\/\/www.facebook.com\/ageninfra\",\"https:\/\/x.com\/agencia_infra\",\"https:\/\/www.linkedin.com\/company\/ag\u00eanciainfra\/\",\"https:\/\/www.instagram.com\/agenciainfra\/\"]},{\"@type\":\"Person\",\"@id\":\"https:\/\/agenciainfra.com\/blog\/#\/schema\/person\/34af08dff6adea4cb22b06612ba7acfa\",\"name\":\"Ag\u00eancia iNFRA\",\"image\":{\"@type\":\"ImageObject\",\"inLanguage\":\"pt-BR\",\"@id\":\"https:\/\/agenciainfra.com\/blog\/#\/schema\/person\/image\/\",\"url\":\"https:\/\/secure.gravatar.com\/avatar\/d189e01678f06d8eb84d4e01f08eb848b3fffe3f8443818d3c356c66892f5be8?s=96&d=mm&r=g\",\"contentUrl\":\"https:\/\/secure.gravatar.com\/avatar\/d189e01678f06d8eb84d4e01f08eb848b3fffe3f8443818d3c356c66892f5be8?s=96&d=mm&r=g\",\"caption\":\"Ag\u00eancia iNFRA\"},\"url\":\"https:\/\/agenciainfra.com\/blog\/author\/admin\/\"}]}<\/script>\n<!-- \/ Yoast SEO Premium plugin. -->","yoast_head_json":{"title":"An\u00e1lise: proximidade da abertura da alta tens\u00e3o e regula\u00e7\u00e3o de carbono atraem investimentos - Ag\u00eancia iNFRA","robots":{"index":"index","follow":"follow","max-snippet":"max-snippet:-1","max-image-preview":"max-image-preview:large","max-video-preview":"max-video-preview:-1"},"canonical":"https:\/\/agenciainfra.com\/blog\/analise-proximidade-da-abertura-da-alta-tensao-e-regulacao-de-carbono-atraem-investimentos\/","og_locale":"pt_BR","og_type":"article","og_title":"An\u00e1lise: proximidade da abertura da alta tens\u00e3o e regula\u00e7\u00e3o de carbono atraem investimentos","og_description":"Roberto Rockmann* A menos de seis meses da abertura total do mercado livre de energia \u00e0 alta tens\u00e3o, o setor de comercializa\u00e7\u00e3o vive uma intensa movimenta\u00e7\u00e3o que transformar\u00e1\u00a0o seu desenho, com a chegada de novos players e a oferta de novos servi\u00e7os, como cr\u00e9ditos de carbono, cuja discuss\u00e3o de regulamenta\u00e7\u00e3o est\u00e1 avan\u00e7ada. Publicada em setembro [&hellip;]","og_url":"https:\/\/agenciainfra.com\/blog\/analise-proximidade-da-abertura-da-alta-tensao-e-regulacao-de-carbono-atraem-investimentos\/","og_site_name":"Ag\u00eancia iNFRA","article_publisher":"https:\/\/www.facebook.com\/ageninfra","article_published_time":"2023-07-14T15:00:00+00:00","og_image":[{"width":1280,"height":854,"url":"https:\/\/agenciainfra.com\/blog\/wp-content\/uploads\/2020\/04\/linha-energia-foto-dominio-publico.jpg","type":"image\/jpeg"}],"author":"Ag\u00eancia iNFRA","twitter_card":"summary_large_image","twitter_creator":"@agencia_infra","twitter_site":"@agencia_infra","twitter_misc":{"Escrito por":"Ag\u00eancia iNFRA","Est. tempo de leitura":"5 minutos"},"schema":{"@context":"https:\/\/schema.org","@graph":[{"@type":"Article","@id":"https:\/\/agenciainfra.com\/blog\/analise-proximidade-da-abertura-da-alta-tensao-e-regulacao-de-carbono-atraem-investimentos\/#article","isPartOf":{"@id":"https:\/\/agenciainfra.com\/blog\/analise-proximidade-da-abertura-da-alta-tensao-e-regulacao-de-carbono-atraem-investimentos\/"},"author":{"name":"Ag\u00eancia iNFRA","@id":"https:\/\/agenciainfra.com\/blog\/#\/schema\/person\/34af08dff6adea4cb22b06612ba7acfa"},"headline":"An\u00e1lise: proximidade da abertura da alta tens\u00e3o e regula\u00e7\u00e3o de carbono atraem investimentos","datePublished":"2023-07-14T15:00:00+00:00","mainEntityOfPage":{"@id":"https:\/\/agenciainfra.com\/blog\/analise-proximidade-da-abertura-da-alta-tensao-e-regulacao-de-carbono-atraem-investimentos\/"},"wordCount":1099,"publisher":{"@id":"https:\/\/agenciainfra.com\/blog\/#organization"},"image":{"@id":"https:\/\/agenciainfra.com\/blog\/analise-proximidade-da-abertura-da-alta-tensao-e-regulacao-de-carbono-atraem-investimentos\/#primaryimage"},"thumbnailUrl":"https:\/\/agenciainfra.com\/blog\/wp-content\/uploads\/2020\/04\/linha-energia-foto-dominio-publico.jpg","keywords":["Abraceel","alta tens\u00e3o","Ant\u00f4nio Carlos Messora","carbono","ccee","Comerc","Investimentos","minigera\u00e7\u00e3o distribu\u00edda","Portaria 50\/2022","Regula\u00e7\u00e3o","Rodrigo Ferreira","Vibra"],"articleSection":["Geral"],"inLanguage":"pt-BR","copyrightYear":"2023","copyrightHolder":{"@id":"https:\/\/agenciainfra.com\/blog\/#organization"}},{"@type":"WebPage","@id":"https:\/\/agenciainfra.com\/blog\/analise-proximidade-da-abertura-da-alta-tensao-e-regulacao-de-carbono-atraem-investimentos\/","url":"https:\/\/agenciainfra.com\/blog\/analise-proximidade-da-abertura-da-alta-tensao-e-regulacao-de-carbono-atraem-investimentos\/","name":"An\u00e1lise: proximidade da abertura da alta tens\u00e3o e regula\u00e7\u00e3o de carbono atraem investimentos - Ag\u00eancia iNFRA","isPartOf":{"@id":"https:\/\/agenciainfra.com\/blog\/#website"},"primaryImageOfPage":{"@id":"https:\/\/agenciainfra.com\/blog\/analise-proximidade-da-abertura-da-alta-tensao-e-regulacao-de-carbono-atraem-investimentos\/#primaryimage"},"image":{"@id":"https:\/\/agenciainfra.com\/blog\/analise-proximidade-da-abertura-da-alta-tensao-e-regulacao-de-carbono-atraem-investimentos\/#primaryimage"},"thumbnailUrl":"https:\/\/agenciainfra.com\/blog\/wp-content\/uploads\/2020\/04\/linha-energia-foto-dominio-publico.jpg","datePublished":"2023-07-14T15:00:00+00:00","breadcrumb":{"@id":"https:\/\/agenciainfra.com\/blog\/analise-proximidade-da-abertura-da-alta-tensao-e-regulacao-de-carbono-atraem-investimentos\/#breadcrumb"},"inLanguage":"pt-BR","potentialAction":[{"@type":"ReadAction","target":["https:\/\/agenciainfra.com\/blog\/analise-proximidade-da-abertura-da-alta-tensao-e-regulacao-de-carbono-atraem-investimentos\/"]}]},{"@type":"ImageObject","inLanguage":"pt-BR","@id":"https:\/\/agenciainfra.com\/blog\/analise-proximidade-da-abertura-da-alta-tensao-e-regulacao-de-carbono-atraem-investimentos\/#primaryimage","url":"https:\/\/agenciainfra.com\/blog\/wp-content\/uploads\/2020\/04\/linha-energia-foto-dominio-publico.jpg","contentUrl":"https:\/\/agenciainfra.com\/blog\/wp-content\/uploads\/2020\/04\/linha-energia-foto-dominio-publico.jpg","width":1280,"height":854},{"@type":"BreadcrumbList","@id":"https:\/\/agenciainfra.com\/blog\/analise-proximidade-da-abertura-da-alta-tensao-e-regulacao-de-carbono-atraem-investimentos\/#breadcrumb","itemListElement":[{"@type":"ListItem","position":1,"name":"In\u00edcio","item":"https:\/\/agenciainfra.com\/blog\/"},{"@type":"ListItem","position":2,"name":"An\u00e1lise: proximidade da abertura da alta tens\u00e3o e regula\u00e7\u00e3o de carbono atraem investimentos"}]},{"@type":"WebSite","@id":"https:\/\/agenciainfra.com\/blog\/#website","url":"https:\/\/agenciainfra.com\/blog\/","name":"Ag\u00eancia iNFRA","description":"Multiplataforma de informa\u00e7\u00e3o jornal\u00edstica refer\u00eancia na \u00e1rea de infraestrutura no Brasil!","publisher":{"@id":"https:\/\/agenciainfra.com\/blog\/#organization"},"potentialAction":[{"@type":"SearchAction","target":{"@type":"EntryPoint","urlTemplate":"https:\/\/agenciainfra.com\/blog\/?s={search_term_string}"},"query-input":{"@type":"PropertyValueSpecification","valueRequired":true,"valueName":"search_term_string"}}],"inLanguage":"pt-BR"},{"@type":"Organization","@id":"https:\/\/agenciainfra.com\/blog\/#organization","name":"Ag\u00eancia iNFRA","url":"https:\/\/agenciainfra.com\/blog\/","logo":{"@type":"ImageObject","inLanguage":"pt-BR","@id":"https:\/\/agenciainfra.com\/blog\/#\/schema\/logo\/image\/","url":"https:\/\/agenciainfra.com\/blog\/wp-content\/uploads\/2023\/09\/iNFRA_5-e1761735885940.png","contentUrl":"https:\/\/agenciainfra.com\/blog\/wp-content\/uploads\/2023\/09\/iNFRA_5-e1761735885940.png","width":1672,"height":454,"caption":"Ag\u00eancia iNFRA"},"image":{"@id":"https:\/\/agenciainfra.com\/blog\/#\/schema\/logo\/image\/"},"sameAs":["https:\/\/www.facebook.com\/ageninfra","https:\/\/x.com\/agencia_infra","https:\/\/www.linkedin.com\/company\/ag\u00eanciainfra\/","https:\/\/www.instagram.com\/agenciainfra\/"]},{"@type":"Person","@id":"https:\/\/agenciainfra.com\/blog\/#\/schema\/person\/34af08dff6adea4cb22b06612ba7acfa","name":"Ag\u00eancia iNFRA","image":{"@type":"ImageObject","inLanguage":"pt-BR","@id":"https:\/\/agenciainfra.com\/blog\/#\/schema\/person\/image\/","url":"https:\/\/secure.gravatar.com\/avatar\/d189e01678f06d8eb84d4e01f08eb848b3fffe3f8443818d3c356c66892f5be8?s=96&d=mm&r=g","contentUrl":"https:\/\/secure.gravatar.com\/avatar\/d189e01678f06d8eb84d4e01f08eb848b3fffe3f8443818d3c356c66892f5be8?s=96&d=mm&r=g","caption":"Ag\u00eancia iNFRA"},"url":"https:\/\/agenciainfra.com\/blog\/author\/admin\/"}]}},"_links":{"self":[{"href":"https:\/\/agenciainfra.com\/blog\/wp-json\/wp\/v2\/posts\/13053","targetHints":{"allow":["GET"]}}],"collection":[{"href":"https:\/\/agenciainfra.com\/blog\/wp-json\/wp\/v2\/posts"}],"about":[{"href":"https:\/\/agenciainfra.com\/blog\/wp-json\/wp\/v2\/types\/post"}],"author":[{"embeddable":true,"href":"https:\/\/agenciainfra.com\/blog\/wp-json\/wp\/v2\/users\/1"}],"replies":[{"embeddable":true,"href":"https:\/\/agenciainfra.com\/blog\/wp-json\/wp\/v2\/comments?post=13053"}],"version-history":[{"count":0,"href":"https:\/\/agenciainfra.com\/blog\/wp-json\/wp\/v2\/posts\/13053\/revisions"}],"wp:featuredmedia":[{"embeddable":true,"href":"https:\/\/agenciainfra.com\/blog\/wp-json\/wp\/v2\/media\/4750"}],"wp:attachment":[{"href":"https:\/\/agenciainfra.com\/blog\/wp-json\/wp\/v2\/media?parent=13053"}],"wp:term":[{"taxonomy":"category","embeddable":true,"href":"https:\/\/agenciainfra.com\/blog\/wp-json\/wp\/v2\/categories?post=13053"},{"taxonomy":"post_tag","embeddable":true,"href":"https:\/\/agenciainfra.com\/blog\/wp-json\/wp\/v2\/tags?post=13053"}],"curies":[{"name":"wp","href":"https:\/\/api.w.org\/{rel}","templated":true}]}}