{"id":13067,"date":"2023-07-17T09:00:00","date_gmt":"2023-07-17T12:00:00","guid":{"rendered":"https:\/\/www.agenciainfra.com\/blog\/?p=13067"},"modified":"2023-07-14T23:33:52","modified_gmt":"2023-07-15T02:33:52","slug":"apos-seis-meses-governo-segue-sem-posicao-definida-sobre-vetos-a-lei-das-ferrovias","status":"publish","type":"post","link":"https:\/\/agenciainfra.com\/blog\/apos-seis-meses-governo-segue-sem-posicao-definida-sobre-vetos-a-lei-das-ferrovias\/","title":{"rendered":"Ap\u00f3s seis meses, governo segue sem posi\u00e7\u00e3o definida sobre vetos \u00e0 Lei das Ferrovias"},"content":{"rendered":"\n<p class=\"has-text-align-right\"><strong>Jenifer Ribeiro, da Ag\u00eancia iNFRA<\/strong><\/p>\n\n\n\n<p>O\u00a0governo\u00a0federal ainda n\u00e3o definiu uma\u00a0posi\u00e7\u00e3o\u00a0oficial em rela\u00e7\u00e3o a como ser\u00e3o deliberados os\u00a0vetos\u00a0\u00e0\u00a0Lei\u00a0das\u00a0Ferrovias\u00a0\u2013 a\u00a0<a rel=\"noreferrer noopener\" href=\"https:\/\/agenciainfra.us14.list-manage.com\/track\/click?u=d460dd1bcf9ba0ae040e1fc0f&amp;id=90b9f26f9d&amp;e=f0fa444791\" target=\"_blank\">Lei\u00a014.273\/2021<\/a>.\u00a0Os\u00a0vetos\u00a0\u00e0\u00a0mat\u00e9ria, que foi sancionada em dezembro de 2021, n\u00e3o foram votados no\u00a0governo\u00a0passado por falta de acordo entre as entidades do setor e o\u00a0governo, principalmente em rela\u00e7\u00e3o \u00e0s propostas\u00a0que permitem o reequil\u00edbrio dos contratos\u00a0das\u00a0atuais concess\u00f5es e a recusa, pelas\u00a0novas\u00a0ferrovias\u00a0autorizadas, do\u00a0transporte de outras empresas.<br><br>Na \u00faltima quarta-feira (12), o veto parcial\u00a0\u00e0\u00a0lei\u00a0foi retirado da pauta da sess\u00e3o do Congresso Nacional.\u00a0Esta \u00e9 a terceira vez neste ano que o dispositivo \u00e9 colocado na pauta para delibera\u00e7\u00e3o do Congresso\u00a0sem\u00a0sucesso.\u00a0At\u00e9 o momento, somente um dos 38\u00a0vetos\u00a0\u00e0\u00a0lei\u00a0foi deliberado \u2013 o que aconteceu em maio do ano passado \u2013, referente a um dispositivo que trata da data em que o normativo entraria em vigor.<br><br>Devido\u00a0\u00e0\u00a0falta de\u00a0posi\u00e7\u00e3o\u00a0oficial do minist\u00e9rio\u00a0sobre\u00a0o tema e\u00a0\u00e0\u00a0sa\u00edda de Jean Paul Prates do Senado para a presid\u00eancia da Petrobras, a articula\u00e7\u00e3o para a aprecia\u00e7\u00e3o dos\u00a0vetos\u00a0est\u00e1 parada no Legislativo e\u00a0sem\u00a0perspectiva de ser reiniciada.\u00a0Atrelado a isso, a\u00a0<strong>Ag\u00eancia iNFRA<\/strong>\u00a0apurou que as associa\u00e7\u00f5es do setor ainda n\u00e3o tiveram reuni\u00f5es formais focadas na delibera\u00e7\u00e3o dos\u00a0vetos.<br><br>O Minist\u00e9rio dos Transportes informou em nota que, \u201cquando definido, o posicionamento do\u00a0governo\u00a0sobre\u00a0o tema ser\u00e1 amplamente divulgado\u201d e\u00a0que,\u00a0ap\u00f3s\u00a0definir uma diretriz, \u201cnovas possibilidades poder\u00e3o ser conversadas com entidades ligadas ao setor&#8221;.<br><br>O presidente da Abifer (Associa\u00e7\u00e3o Brasileira da Ind\u00fastria Ferrovi\u00e1ria), Vicente Abate, informou para a reportagem que na quinta-feira (20), ele, o secret\u00e1rio de Transportes Ferrovi\u00e1rios do Minist\u00e9rio dos Transportes, Leonardo Ribeiro, e a ANTT (Ag\u00eancia Nacional de Transportes Terrestres) devem se reunir para tratar do assunto.\u00a0O objetivo \u00e9 que durante esse primeiro encontro formal\u00a0sobre\u00a0os\u00a0vetos\u00a0a secretaria apresente sua\u00a0posi\u00e7\u00e3o\u00a0sobre\u00a0o tema. At\u00e9 o momento nenhuma indica\u00e7\u00e3o de plano foi adiantada\u00a0para a associa\u00e7\u00e3o.<br><br><strong>Reequil\u00edbrio contratual<\/strong><br>Entre os principais pontos de diverg\u00eancia no antigo\u00a0governo\u00a0est\u00e1 a permiss\u00e3o para o reequil\u00edbrio de contratos de concess\u00f5es em caso de haver\u00a0ferrovias\u00a0novas autorizadas que atuem na \u00e1rea de influ\u00eancia da concess\u00e3o e retirem carga dessas empresas. Vetar esse trecho foi um pedido do ent\u00e3o Minist\u00e9rio da Economia do\u00a0governo\u00a0anterior.<br><br>A quest\u00e3o vetada \u00e9 tratada nos itens 18 a 23 do\u00a0<a rel=\"noreferrer noopener\" href=\"https:\/\/agenciainfra.us14.list-manage.com\/track\/click?u=d460dd1bcf9ba0ae040e1fc0f&amp;id=5b7bd58027&amp;e=f0fa444791\" target=\"_blank\">Veto 67\/2021<\/a>, todos referentes ao artigo 64 da\u00a0Lei\u00a0das\u00a0Ferrovias. Essa reda\u00e7\u00e3o tamb\u00e9m fez parte da MP (Medida Provis\u00f3ria) 1.065\/2021, que, apesar de n\u00e3o ter sido votada dentro do prazo, acabou originando o marco legal.\u00a0Vicente Abate explicou que a Abifer trabalha para que os reequil\u00edbrios sejam concedidos para as concession\u00e1rias. A articula\u00e7\u00e3o da associa\u00e7\u00e3o em rela\u00e7\u00e3o aos\u00a0vetos\u00a0\u00e9 feita em conjunto com a Anfa (Associa\u00e7\u00e3o Nacional\u00a0das\u00a0Ferrovias\u00a0Autorizadas).<br><br><strong>Direito de passagem<\/strong><br>Outro ponto vetado, mas desta vez pelo ent\u00e3o Minist\u00e9rio da Infraestrutura, foram as regras criadas que permitiam que as empresas de\u00a0ferrovias\u00a0autorizadas justificassem a recusa do transporte de carga de outras\u00a0ferrovias.<br><br>As justificativas apontadas pelos dispositivos vetados para a recusa de transporte de carga ferrovi\u00e1ria s\u00e3o a satura\u00e7\u00e3o da via, o n\u00e3o atendimento\u00a0das\u00a0condi\u00e7\u00f5es contratuais de transporte e a indisponibilidade de material rodante e de servi\u00e7os acess\u00f3rios adequados ao transporte da carga.<br><br>Abate afirmou que em rela\u00e7\u00e3o a esse tema \u00e9 importante que o direito de passagem seja preservado. Os itens desse tema, que est\u00e3o para a an\u00e1lise no veto, s\u00e3o o 5 e do 7 ao 12, que se referem aos artigos 29 e 38 da\u00a0lei.<br><br>Outro item que estava sendo alvo de cr\u00edticas dos parlamentares \u00e9 o que exige um relat\u00f3rio executivo dos estudos de viabilidade t\u00e9cnica, econ\u00f4mica e ambiental para realizar o requerimento de uma autoriza\u00e7\u00e3o ferrovi\u00e1ria. Esse \u00e9 o dispositivo 2 do veto e se refere ao artigo 25 da\u00a0lei.<br><br><strong>Regulamenta\u00e7\u00e3o atrasada<\/strong><br>A demora de mais de um ano e meio para finalizar a an\u00e1lise dos\u00a0vetos\u00a0da\u00a0lei\u00a0atrapalha, em parte, a continuidade da regulamenta\u00e7\u00e3o do normativo. A ANTT\u00a0estima que ser\u00e3o necess\u00e1rios mais de 30 regulamenta\u00e7\u00f5es de pontos da\u00a0lei\u00a0por parte da ag\u00eancia.<br><br>Sobre\u00a0o atraso na regulamenta\u00e7\u00e3o, a ANTT destacou que \u201cnem todos os temas cuja possibilidade de regulamenta\u00e7\u00e3o est\u00e1 prevista em\u00a0lei\u00a0necessariamente precisam (ou precisar\u00e3o) ser objeto de norma espec\u00edfica por parte da ANTT. Assim como feito nos contratos de concess\u00e3o mais modernos, celebrados a partir de 2019 pela ANTT, o que se fez, sob a \u00f3tica leg\u00edstica, foi prever a possibilidade de tratamento em sede regulamentar de temas diversos, permitindo ao regulador ferrovi\u00e1rio avaliar quando e como tratar dos temas\u201d.<br><br>Em setembro do ano passado, a ANTT aprovou a primeira regulamenta\u00e7\u00e3o da\u00a0lei\u00a0sobre\u00a0requerimentos e minutas de contratos para novas\u00a0ferrovias\u00a0autorizadas, com normas de solu\u00e7\u00e3o para requerimentos de autoriza\u00e7\u00f5es ferrovi\u00e1rias que se sobrep\u00f5em\u00a0\u00e0\u00a0faixa de dom\u00ednio de\u00a0ferrovias\u00a0requeridas, transfer\u00eancia de titularidade ferrovi\u00e1ria, atualiza\u00e7\u00f5es\/altera\u00e7\u00f5es de tra\u00e7ado no projeto inicial\u00a0sem\u00a0necessidade da concord\u00e2ncia da ag\u00eancia reguladora, entre outros pontos.<br><br>Nesse sentido, a ag\u00eancia vem trabalhando alguns dos temas de regulamenta\u00e7\u00e3o da\u00a0lei\u00a0na agenda regulat\u00f3ria da autarquia. No eixo ferrovi\u00e1rio est\u00e1 prevista a entrega de oito projetos diferentes que tratam da regulamenta\u00e7\u00e3o da\u00a0lei\u00a0at\u00e9 2024.<\/p>\n","protected":false},"excerpt":{"rendered":"<p>Jenifer Ribeiro, da Ag\u00eancia iNFRA O\u00a0governo\u00a0federal ainda n\u00e3o definiu uma\u00a0posi\u00e7\u00e3o\u00a0oficial em rela\u00e7\u00e3o a como ser\u00e3o deliberados os\u00a0vetos\u00a0\u00e0\u00a0Lei\u00a0das\u00a0Ferrovias\u00a0\u2013 a\u00a0Lei\u00a014.273\/2021.\u00a0Os\u00a0vetos\u00a0\u00e0\u00a0mat\u00e9ria, que foi sancionada em dezembro de 2021, n\u00e3o foram votados no\u00a0governo\u00a0passado por falta de acordo entre as entidades do setor e o\u00a0governo, principalmente em rela\u00e7\u00e3o \u00e0s propostas\u00a0que permitem o reequil\u00edbrio dos contratos\u00a0das\u00a0atuais concess\u00f5es e a recusa, pelas\u00a0novas\u00a0ferrovias\u00a0autorizadas, [&hellip;]<\/p>\n","protected":false},"author":1,"featured_media":7047,"comment_status":"closed","ping_status":"closed","sticky":false,"template":"","format":"standard","meta":{"_monsterinsights_skip_tracking":false,"_monsterinsights_sitenote_active":false,"_monsterinsights_sitenote_note":"","_monsterinsights_sitenote_category":0,"footnotes":""},"categories":[1,7],"tags":[3491,779,1351,5548,5274,1407,143,4354,7047,7048],"class_list":["post-13067","post","type-post","status-publish","format-standard","has-post-thumbnail","hentry","category-geral","category-infratransporte","tag-abifer","tag-congresso-nacional","tag-jean-paul-prates","tag-lei-14-273-2021","tag-lei-das-ferrovias","tag-leonardo-ribeiro","tag-petrobras","tag-senado-federal","tag-veto-presidencial","tag-vicente-abateantt"],"yoast_head":"<!-- This site is optimized with the Yoast SEO Premium plugin v25.4 (Yoast SEO v26.0) - https:\/\/yoast.com\/wordpress\/plugins\/seo\/ -->\n<title>Ap\u00f3s seis meses, governo segue sem posi\u00e7\u00e3o definida sobre vetos \u00e0 Lei das Ferrovias - Ag\u00eancia iNFRA<\/title>\n<meta name=\"robots\" content=\"index, follow, max-snippet:-1, max-image-preview:large, max-video-preview:-1\" \/>\n<link rel=\"canonical\" href=\"https:\/\/agenciainfra.com\/blog\/apos-seis-meses-governo-segue-sem-posicao-definida-sobre-vetos-a-lei-das-ferrovias\/\" \/>\n<meta property=\"og:locale\" content=\"pt_BR\" \/>\n<meta property=\"og:type\" content=\"article\" \/>\n<meta property=\"og:title\" content=\"Ap\u00f3s seis meses, governo segue sem posi\u00e7\u00e3o definida sobre vetos \u00e0 Lei das Ferrovias\" \/>\n<meta property=\"og:description\" content=\"Jenifer Ribeiro, da Ag\u00eancia iNFRA O\u00a0governo\u00a0federal ainda n\u00e3o definiu uma\u00a0posi\u00e7\u00e3o\u00a0oficial em rela\u00e7\u00e3o a como ser\u00e3o deliberados os\u00a0vetos\u00a0\u00e0\u00a0Lei\u00a0das\u00a0Ferrovias\u00a0\u2013 a\u00a0Lei\u00a014.273\/2021.\u00a0Os\u00a0vetos\u00a0\u00e0\u00a0mat\u00e9ria, que foi sancionada em dezembro de 2021, n\u00e3o foram votados no\u00a0governo\u00a0passado por falta de acordo entre as entidades do setor e o\u00a0governo, principalmente em rela\u00e7\u00e3o \u00e0s propostas\u00a0que permitem o reequil\u00edbrio dos contratos\u00a0das\u00a0atuais concess\u00f5es e a recusa, pelas\u00a0novas\u00a0ferrovias\u00a0autorizadas, [&hellip;]\" \/>\n<meta property=\"og:url\" content=\"https:\/\/agenciainfra.com\/blog\/apos-seis-meses-governo-segue-sem-posicao-definida-sobre-vetos-a-lei-das-ferrovias\/\" \/>\n<meta property=\"og:site_name\" content=\"Ag\u00eancia iNFRA\" \/>\n<meta property=\"article:publisher\" content=\"https:\/\/www.facebook.com\/ageninfra\" \/>\n<meta property=\"article:published_time\" content=\"2023-07-17T12:00:00+00:00\" \/>\n<meta property=\"og:image\" content=\"https:\/\/agenciainfra.com\/blog\/wp-content\/uploads\/2021\/04\/ferrovia-norte-sul-foto-alberto-ruy-minfra.jpeg\" \/>\n\t<meta property=\"og:image:width\" content=\"1280\" \/>\n\t<meta property=\"og:image:height\" content=\"852\" \/>\n\t<meta property=\"og:image:type\" content=\"image\/jpeg\" \/>\n<meta name=\"author\" content=\"Ag\u00eancia iNFRA\" \/>\n<meta name=\"twitter:card\" content=\"summary_large_image\" \/>\n<meta name=\"twitter:creator\" content=\"@agencia_infra\" \/>\n<meta name=\"twitter:site\" content=\"@agencia_infra\" \/>\n<meta name=\"twitter:label1\" content=\"Escrito por\" \/>\n\t<meta name=\"twitter:data1\" content=\"Ag\u00eancia iNFRA\" \/>\n\t<meta name=\"twitter:label2\" content=\"Est. tempo de leitura\" \/>\n\t<meta name=\"twitter:data2\" content=\"5 minutos\" \/>\n<script type=\"application\/ld+json\" class=\"yoast-schema-graph\">{\"@context\":\"https:\/\/schema.org\",\"@graph\":[{\"@type\":\"Article\",\"@id\":\"https:\/\/agenciainfra.com\/blog\/apos-seis-meses-governo-segue-sem-posicao-definida-sobre-vetos-a-lei-das-ferrovias\/#article\",\"isPartOf\":{\"@id\":\"https:\/\/agenciainfra.com\/blog\/apos-seis-meses-governo-segue-sem-posicao-definida-sobre-vetos-a-lei-das-ferrovias\/\"},\"author\":{\"name\":\"Ag\u00eancia iNFRA\",\"@id\":\"https:\/\/agenciainfra.com\/blog\/#\/schema\/person\/34af08dff6adea4cb22b06612ba7acfa\"},\"headline\":\"Ap\u00f3s seis meses, governo segue sem posi\u00e7\u00e3o definida sobre vetos \u00e0 Lei das Ferrovias\",\"datePublished\":\"2023-07-17T12:00:00+00:00\",\"mainEntityOfPage\":{\"@id\":\"https:\/\/agenciainfra.com\/blog\/apos-seis-meses-governo-segue-sem-posicao-definida-sobre-vetos-a-lei-das-ferrovias\/\"},\"wordCount\":959,\"publisher\":{\"@id\":\"https:\/\/agenciainfra.com\/blog\/#organization\"},\"image\":{\"@id\":\"https:\/\/agenciainfra.com\/blog\/apos-seis-meses-governo-segue-sem-posicao-definida-sobre-vetos-a-lei-das-ferrovias\/#primaryimage\"},\"thumbnailUrl\":\"https:\/\/agenciainfra.com\/blog\/wp-content\/uploads\/2021\/04\/ferrovia-norte-sul-foto-alberto-ruy-minfra.jpeg\",\"keywords\":[\"Abifer\",\"Congresso Nacional\",\"Jean Paul Prates\",\"Lei 14.273\/2021\",\"Lei das Ferrovias\",\"Leonardo Ribeiro\",\"Petrobras\",\"Senado Federal\",\"veto presidencial\",\"Vicente AbateANTT\"],\"articleSection\":[\"Geral\",\"iNFRATransporte\"],\"inLanguage\":\"pt-BR\",\"copyrightYear\":\"2023\",\"copyrightHolder\":{\"@id\":\"https:\/\/agenciainfra.com\/blog\/#organization\"}},{\"@type\":\"WebPage\",\"@id\":\"https:\/\/agenciainfra.com\/blog\/apos-seis-meses-governo-segue-sem-posicao-definida-sobre-vetos-a-lei-das-ferrovias\/\",\"url\":\"https:\/\/agenciainfra.com\/blog\/apos-seis-meses-governo-segue-sem-posicao-definida-sobre-vetos-a-lei-das-ferrovias\/\",\"name\":\"Ap\u00f3s seis meses, governo segue sem posi\u00e7\u00e3o definida sobre vetos \u00e0 Lei das Ferrovias - Ag\u00eancia iNFRA\",\"isPartOf\":{\"@id\":\"https:\/\/agenciainfra.com\/blog\/#website\"},\"primaryImageOfPage\":{\"@id\":\"https:\/\/agenciainfra.com\/blog\/apos-seis-meses-governo-segue-sem-posicao-definida-sobre-vetos-a-lei-das-ferrovias\/#primaryimage\"},\"image\":{\"@id\":\"https:\/\/agenciainfra.com\/blog\/apos-seis-meses-governo-segue-sem-posicao-definida-sobre-vetos-a-lei-das-ferrovias\/#primaryimage\"},\"thumbnailUrl\":\"https:\/\/agenciainfra.com\/blog\/wp-content\/uploads\/2021\/04\/ferrovia-norte-sul-foto-alberto-ruy-minfra.jpeg\",\"datePublished\":\"2023-07-17T12:00:00+00:00\",\"breadcrumb\":{\"@id\":\"https:\/\/agenciainfra.com\/blog\/apos-seis-meses-governo-segue-sem-posicao-definida-sobre-vetos-a-lei-das-ferrovias\/#breadcrumb\"},\"inLanguage\":\"pt-BR\",\"potentialAction\":[{\"@type\":\"ReadAction\",\"target\":[\"https:\/\/agenciainfra.com\/blog\/apos-seis-meses-governo-segue-sem-posicao-definida-sobre-vetos-a-lei-das-ferrovias\/\"]}]},{\"@type\":\"ImageObject\",\"inLanguage\":\"pt-BR\",\"@id\":\"https:\/\/agenciainfra.com\/blog\/apos-seis-meses-governo-segue-sem-posicao-definida-sobre-vetos-a-lei-das-ferrovias\/#primaryimage\",\"url\":\"https:\/\/agenciainfra.com\/blog\/wp-content\/uploads\/2021\/04\/ferrovia-norte-sul-foto-alberto-ruy-minfra.jpeg\",\"contentUrl\":\"https:\/\/agenciainfra.com\/blog\/wp-content\/uploads\/2021\/04\/ferrovia-norte-sul-foto-alberto-ruy-minfra.jpeg\",\"width\":1280,\"height\":852,\"caption\":\"Foto: Alberto Ruy\/Minfra\"},{\"@type\":\"BreadcrumbList\",\"@id\":\"https:\/\/agenciainfra.com\/blog\/apos-seis-meses-governo-segue-sem-posicao-definida-sobre-vetos-a-lei-das-ferrovias\/#breadcrumb\",\"itemListElement\":[{\"@type\":\"ListItem\",\"position\":1,\"name\":\"In\u00edcio\",\"item\":\"https:\/\/agenciainfra.com\/blog\/\"},{\"@type\":\"ListItem\",\"position\":2,\"name\":\"Ap\u00f3s seis meses, governo segue sem posi\u00e7\u00e3o definida sobre vetos \u00e0 Lei das Ferrovias\"}]},{\"@type\":\"WebSite\",\"@id\":\"https:\/\/agenciainfra.com\/blog\/#website\",\"url\":\"https:\/\/agenciainfra.com\/blog\/\",\"name\":\"Ag\u00eancia iNFRA\",\"description\":\"Multiplataforma de informa\u00e7\u00e3o jornal\u00edstica refer\u00eancia na \u00e1rea de infraestrutura no Brasil!\",\"publisher\":{\"@id\":\"https:\/\/agenciainfra.com\/blog\/#organization\"},\"potentialAction\":[{\"@type\":\"SearchAction\",\"target\":{\"@type\":\"EntryPoint\",\"urlTemplate\":\"https:\/\/agenciainfra.com\/blog\/?s={search_term_string}\"},\"query-input\":{\"@type\":\"PropertyValueSpecification\",\"valueRequired\":true,\"valueName\":\"search_term_string\"}}],\"inLanguage\":\"pt-BR\"},{\"@type\":\"Organization\",\"@id\":\"https:\/\/agenciainfra.com\/blog\/#organization\",\"name\":\"Ag\u00eancia iNFRA\",\"url\":\"https:\/\/agenciainfra.com\/blog\/\",\"logo\":{\"@type\":\"ImageObject\",\"inLanguage\":\"pt-BR\",\"@id\":\"https:\/\/agenciainfra.com\/blog\/#\/schema\/logo\/image\/\",\"url\":\"https:\/\/agenciainfra.com\/blog\/wp-content\/uploads\/2023\/09\/iNFRA_5-e1761735885940.png\",\"contentUrl\":\"https:\/\/agenciainfra.com\/blog\/wp-content\/uploads\/2023\/09\/iNFRA_5-e1761735885940.png\",\"width\":1672,\"height\":454,\"caption\":\"Ag\u00eancia iNFRA\"},\"image\":{\"@id\":\"https:\/\/agenciainfra.com\/blog\/#\/schema\/logo\/image\/\"},\"sameAs\":[\"https:\/\/www.facebook.com\/ageninfra\",\"https:\/\/x.com\/agencia_infra\",\"https:\/\/www.linkedin.com\/company\/ag\u00eanciainfra\/\",\"https:\/\/www.instagram.com\/agenciainfra\/\"]},{\"@type\":\"Person\",\"@id\":\"https:\/\/agenciainfra.com\/blog\/#\/schema\/person\/34af08dff6adea4cb22b06612ba7acfa\",\"name\":\"Ag\u00eancia iNFRA\",\"image\":{\"@type\":\"ImageObject\",\"inLanguage\":\"pt-BR\",\"@id\":\"https:\/\/agenciainfra.com\/blog\/#\/schema\/person\/image\/\",\"url\":\"https:\/\/secure.gravatar.com\/avatar\/d189e01678f06d8eb84d4e01f08eb848b3fffe3f8443818d3c356c66892f5be8?s=96&d=mm&r=g\",\"contentUrl\":\"https:\/\/secure.gravatar.com\/avatar\/d189e01678f06d8eb84d4e01f08eb848b3fffe3f8443818d3c356c66892f5be8?s=96&d=mm&r=g\",\"caption\":\"Ag\u00eancia iNFRA\"},\"url\":\"https:\/\/agenciainfra.com\/blog\/author\/admin\/\"}]}<\/script>\n<!-- \/ Yoast SEO Premium plugin. -->","yoast_head_json":{"title":"Ap\u00f3s seis meses, governo segue sem posi\u00e7\u00e3o definida sobre vetos \u00e0 Lei das Ferrovias - Ag\u00eancia iNFRA","robots":{"index":"index","follow":"follow","max-snippet":"max-snippet:-1","max-image-preview":"max-image-preview:large","max-video-preview":"max-video-preview:-1"},"canonical":"https:\/\/agenciainfra.com\/blog\/apos-seis-meses-governo-segue-sem-posicao-definida-sobre-vetos-a-lei-das-ferrovias\/","og_locale":"pt_BR","og_type":"article","og_title":"Ap\u00f3s seis meses, governo segue sem posi\u00e7\u00e3o definida sobre vetos \u00e0 Lei das Ferrovias","og_description":"Jenifer Ribeiro, da Ag\u00eancia iNFRA O\u00a0governo\u00a0federal ainda n\u00e3o definiu uma\u00a0posi\u00e7\u00e3o\u00a0oficial em rela\u00e7\u00e3o a como ser\u00e3o deliberados os\u00a0vetos\u00a0\u00e0\u00a0Lei\u00a0das\u00a0Ferrovias\u00a0\u2013 a\u00a0Lei\u00a014.273\/2021.\u00a0Os\u00a0vetos\u00a0\u00e0\u00a0mat\u00e9ria, que foi sancionada em dezembro de 2021, n\u00e3o foram votados no\u00a0governo\u00a0passado por falta de acordo entre as entidades do setor e o\u00a0governo, principalmente em rela\u00e7\u00e3o \u00e0s propostas\u00a0que permitem o reequil\u00edbrio dos contratos\u00a0das\u00a0atuais concess\u00f5es e a recusa, pelas\u00a0novas\u00a0ferrovias\u00a0autorizadas, [&hellip;]","og_url":"https:\/\/agenciainfra.com\/blog\/apos-seis-meses-governo-segue-sem-posicao-definida-sobre-vetos-a-lei-das-ferrovias\/","og_site_name":"Ag\u00eancia iNFRA","article_publisher":"https:\/\/www.facebook.com\/ageninfra","article_published_time":"2023-07-17T12:00:00+00:00","og_image":[{"width":1280,"height":852,"url":"https:\/\/agenciainfra.com\/blog\/wp-content\/uploads\/2021\/04\/ferrovia-norte-sul-foto-alberto-ruy-minfra.jpeg","type":"image\/jpeg"}],"author":"Ag\u00eancia iNFRA","twitter_card":"summary_large_image","twitter_creator":"@agencia_infra","twitter_site":"@agencia_infra","twitter_misc":{"Escrito por":"Ag\u00eancia iNFRA","Est. tempo de leitura":"5 minutos"},"schema":{"@context":"https:\/\/schema.org","@graph":[{"@type":"Article","@id":"https:\/\/agenciainfra.com\/blog\/apos-seis-meses-governo-segue-sem-posicao-definida-sobre-vetos-a-lei-das-ferrovias\/#article","isPartOf":{"@id":"https:\/\/agenciainfra.com\/blog\/apos-seis-meses-governo-segue-sem-posicao-definida-sobre-vetos-a-lei-das-ferrovias\/"},"author":{"name":"Ag\u00eancia iNFRA","@id":"https:\/\/agenciainfra.com\/blog\/#\/schema\/person\/34af08dff6adea4cb22b06612ba7acfa"},"headline":"Ap\u00f3s seis meses, governo segue sem posi\u00e7\u00e3o definida sobre vetos \u00e0 Lei das Ferrovias","datePublished":"2023-07-17T12:00:00+00:00","mainEntityOfPage":{"@id":"https:\/\/agenciainfra.com\/blog\/apos-seis-meses-governo-segue-sem-posicao-definida-sobre-vetos-a-lei-das-ferrovias\/"},"wordCount":959,"publisher":{"@id":"https:\/\/agenciainfra.com\/blog\/#organization"},"image":{"@id":"https:\/\/agenciainfra.com\/blog\/apos-seis-meses-governo-segue-sem-posicao-definida-sobre-vetos-a-lei-das-ferrovias\/#primaryimage"},"thumbnailUrl":"https:\/\/agenciainfra.com\/blog\/wp-content\/uploads\/2021\/04\/ferrovia-norte-sul-foto-alberto-ruy-minfra.jpeg","keywords":["Abifer","Congresso Nacional","Jean Paul Prates","Lei 14.273\/2021","Lei das Ferrovias","Leonardo Ribeiro","Petrobras","Senado Federal","veto presidencial","Vicente AbateANTT"],"articleSection":["Geral","iNFRATransporte"],"inLanguage":"pt-BR","copyrightYear":"2023","copyrightHolder":{"@id":"https:\/\/agenciainfra.com\/blog\/#organization"}},{"@type":"WebPage","@id":"https:\/\/agenciainfra.com\/blog\/apos-seis-meses-governo-segue-sem-posicao-definida-sobre-vetos-a-lei-das-ferrovias\/","url":"https:\/\/agenciainfra.com\/blog\/apos-seis-meses-governo-segue-sem-posicao-definida-sobre-vetos-a-lei-das-ferrovias\/","name":"Ap\u00f3s seis meses, governo segue sem posi\u00e7\u00e3o definida sobre vetos \u00e0 Lei das Ferrovias - Ag\u00eancia iNFRA","isPartOf":{"@id":"https:\/\/agenciainfra.com\/blog\/#website"},"primaryImageOfPage":{"@id":"https:\/\/agenciainfra.com\/blog\/apos-seis-meses-governo-segue-sem-posicao-definida-sobre-vetos-a-lei-das-ferrovias\/#primaryimage"},"image":{"@id":"https:\/\/agenciainfra.com\/blog\/apos-seis-meses-governo-segue-sem-posicao-definida-sobre-vetos-a-lei-das-ferrovias\/#primaryimage"},"thumbnailUrl":"https:\/\/agenciainfra.com\/blog\/wp-content\/uploads\/2021\/04\/ferrovia-norte-sul-foto-alberto-ruy-minfra.jpeg","datePublished":"2023-07-17T12:00:00+00:00","breadcrumb":{"@id":"https:\/\/agenciainfra.com\/blog\/apos-seis-meses-governo-segue-sem-posicao-definida-sobre-vetos-a-lei-das-ferrovias\/#breadcrumb"},"inLanguage":"pt-BR","potentialAction":[{"@type":"ReadAction","target":["https:\/\/agenciainfra.com\/blog\/apos-seis-meses-governo-segue-sem-posicao-definida-sobre-vetos-a-lei-das-ferrovias\/"]}]},{"@type":"ImageObject","inLanguage":"pt-BR","@id":"https:\/\/agenciainfra.com\/blog\/apos-seis-meses-governo-segue-sem-posicao-definida-sobre-vetos-a-lei-das-ferrovias\/#primaryimage","url":"https:\/\/agenciainfra.com\/blog\/wp-content\/uploads\/2021\/04\/ferrovia-norte-sul-foto-alberto-ruy-minfra.jpeg","contentUrl":"https:\/\/agenciainfra.com\/blog\/wp-content\/uploads\/2021\/04\/ferrovia-norte-sul-foto-alberto-ruy-minfra.jpeg","width":1280,"height":852,"caption":"Foto: Alberto Ruy\/Minfra"},{"@type":"BreadcrumbList","@id":"https:\/\/agenciainfra.com\/blog\/apos-seis-meses-governo-segue-sem-posicao-definida-sobre-vetos-a-lei-das-ferrovias\/#breadcrumb","itemListElement":[{"@type":"ListItem","position":1,"name":"In\u00edcio","item":"https:\/\/agenciainfra.com\/blog\/"},{"@type":"ListItem","position":2,"name":"Ap\u00f3s seis meses, governo segue sem posi\u00e7\u00e3o definida sobre vetos \u00e0 Lei das Ferrovias"}]},{"@type":"WebSite","@id":"https:\/\/agenciainfra.com\/blog\/#website","url":"https:\/\/agenciainfra.com\/blog\/","name":"Ag\u00eancia iNFRA","description":"Multiplataforma de informa\u00e7\u00e3o jornal\u00edstica refer\u00eancia na \u00e1rea de infraestrutura no Brasil!","publisher":{"@id":"https:\/\/agenciainfra.com\/blog\/#organization"},"potentialAction":[{"@type":"SearchAction","target":{"@type":"EntryPoint","urlTemplate":"https:\/\/agenciainfra.com\/blog\/?s={search_term_string}"},"query-input":{"@type":"PropertyValueSpecification","valueRequired":true,"valueName":"search_term_string"}}],"inLanguage":"pt-BR"},{"@type":"Organization","@id":"https:\/\/agenciainfra.com\/blog\/#organization","name":"Ag\u00eancia iNFRA","url":"https:\/\/agenciainfra.com\/blog\/","logo":{"@type":"ImageObject","inLanguage":"pt-BR","@id":"https:\/\/agenciainfra.com\/blog\/#\/schema\/logo\/image\/","url":"https:\/\/agenciainfra.com\/blog\/wp-content\/uploads\/2023\/09\/iNFRA_5-e1761735885940.png","contentUrl":"https:\/\/agenciainfra.com\/blog\/wp-content\/uploads\/2023\/09\/iNFRA_5-e1761735885940.png","width":1672,"height":454,"caption":"Ag\u00eancia iNFRA"},"image":{"@id":"https:\/\/agenciainfra.com\/blog\/#\/schema\/logo\/image\/"},"sameAs":["https:\/\/www.facebook.com\/ageninfra","https:\/\/x.com\/agencia_infra","https:\/\/www.linkedin.com\/company\/ag\u00eanciainfra\/","https:\/\/www.instagram.com\/agenciainfra\/"]},{"@type":"Person","@id":"https:\/\/agenciainfra.com\/blog\/#\/schema\/person\/34af08dff6adea4cb22b06612ba7acfa","name":"Ag\u00eancia iNFRA","image":{"@type":"ImageObject","inLanguage":"pt-BR","@id":"https:\/\/agenciainfra.com\/blog\/#\/schema\/person\/image\/","url":"https:\/\/secure.gravatar.com\/avatar\/d189e01678f06d8eb84d4e01f08eb848b3fffe3f8443818d3c356c66892f5be8?s=96&d=mm&r=g","contentUrl":"https:\/\/secure.gravatar.com\/avatar\/d189e01678f06d8eb84d4e01f08eb848b3fffe3f8443818d3c356c66892f5be8?s=96&d=mm&r=g","caption":"Ag\u00eancia iNFRA"},"url":"https:\/\/agenciainfra.com\/blog\/author\/admin\/"}]}},"_links":{"self":[{"href":"https:\/\/agenciainfra.com\/blog\/wp-json\/wp\/v2\/posts\/13067","targetHints":{"allow":["GET"]}}],"collection":[{"href":"https:\/\/agenciainfra.com\/blog\/wp-json\/wp\/v2\/posts"}],"about":[{"href":"https:\/\/agenciainfra.com\/blog\/wp-json\/wp\/v2\/types\/post"}],"author":[{"embeddable":true,"href":"https:\/\/agenciainfra.com\/blog\/wp-json\/wp\/v2\/users\/1"}],"replies":[{"embeddable":true,"href":"https:\/\/agenciainfra.com\/blog\/wp-json\/wp\/v2\/comments?post=13067"}],"version-history":[{"count":0,"href":"https:\/\/agenciainfra.com\/blog\/wp-json\/wp\/v2\/posts\/13067\/revisions"}],"wp:featuredmedia":[{"embeddable":true,"href":"https:\/\/agenciainfra.com\/blog\/wp-json\/wp\/v2\/media\/7047"}],"wp:attachment":[{"href":"https:\/\/agenciainfra.com\/blog\/wp-json\/wp\/v2\/media?parent=13067"}],"wp:term":[{"taxonomy":"category","embeddable":true,"href":"https:\/\/agenciainfra.com\/blog\/wp-json\/wp\/v2\/categories?post=13067"},{"taxonomy":"post_tag","embeddable":true,"href":"https:\/\/agenciainfra.com\/blog\/wp-json\/wp\/v2\/tags?post=13067"}],"curies":[{"name":"wp","href":"https:\/\/api.w.org\/{rel}","templated":true}]}}