{"id":13071,"date":"2023-07-18T09:00:00","date_gmt":"2023-07-18T12:00:00","guid":{"rendered":"https:\/\/www.agenciainfra.com\/blog\/?p=13071"},"modified":"2023-07-17T11:16:44","modified_gmt":"2023-07-17T14:16:44","slug":"estudo-busca-fundamento-teorico-para-indicar-quando-contratos-de-parceria-devem-ser-reequilibrados","status":"publish","type":"post","link":"https:\/\/agenciainfra.com\/blog\/estudo-busca-fundamento-teorico-para-indicar-quando-contratos-de-parceria-devem-ser-reequilibrados\/","title":{"rendered":"Estudo busca fundamento te\u00f3rico para indicar quando contratos de parceria devem ser reequilibrados"},"content":{"rendered":"\n<p class=\"has-text-align-right\"><strong>Dimmi Amora, da Ag\u00eancia iNFRA<\/strong><\/p>\n\n\n\n<p>Tr\u00eas professores das \u00e1reas de direito e economia decidiram buscar um caminho&nbsp;te\u00f3rico&nbsp;para&nbsp;algo que vem afligindo o setor de infraestrutura nos \u00faltimos anos no Brasil: o reequil\u00edbrio dos&nbsp;contratos&nbsp;de longo prazo de&nbsp;parceria&nbsp;entre poder p\u00fablico e iniciativa privada.<br><br>Na teoria,&nbsp;contratos&nbsp;assinados com a expectativa de que v\u00e3o performar como o previsto em seus estudos iniciais. Na pr\u00e1tica, a realidade batendo \u00e0 porta com mudan\u00e7as sociais, econ\u00f4micas e pol\u00edticas, novas demandas e todo tipo de press\u00e3o que, por vezes, at\u00e9 impossibilitam a continuidade da&nbsp;parceria&nbsp;prevista&nbsp;para&nbsp;20, 30 ou mais anos.<br><br>&#8220;O direito administrativo nega a flexibilidade. Nega que as coisas mudam, que as coisas t\u00eam que&nbsp;ser&nbsp;revistas. Nosso trabalho olha&nbsp;para&nbsp;a quest\u00e3o de&nbsp;quando&nbsp;se deve mudar&#8221;, disse o Frederico Turolla, que junto com Marcos Nobre e Rafael Veras escreveram &#8220;Contrata\u00e7\u00e3o incompleta de projetos de infraestrutura&#8221;, working paper que&nbsp;ser\u00e1 divulgado na pr\u00f3xima quarta-feira (19) em evento no PSP Hub, com mais informa\u00e7\u00f5es&nbsp;<a href=\"https:\/\/agenciainfra.us14.list-manage.com\/track\/click?u=d460dd1bcf9ba0ae040e1fc0f&amp;id=0e99469afb&amp;e=f0fa444791\" target=\"_blank\" rel=\"noreferrer noopener\">neste link<\/a>.<br><br>&#8220;O direito administrativo parece carecer de uma estrutura&nbsp;para&nbsp;analisar situa\u00e7\u00f5es concretas de maneira mais potente. Os reequil\u00edbrios est\u00e3o acontecendo de uma forma desvinculada da realidade. Usam-se princ\u00edpios errados&nbsp;para&nbsp;se olhar a realidade&#8221;, apontou Turolla.<br><br>Eles contam que&nbsp;para&nbsp;exemplificar o que est\u00e1 acontecendo com os&nbsp;contratos&nbsp;de&nbsp;parceria&nbsp;de longo prazo no pa\u00eds recorreram \u00e0 hist\u00f3ria do navegador Amir Klink. Segundo eles, ao fazer seu projeto&nbsp;para&nbsp;atravessar o Atl\u00e2ntico solitariamente, Klink chegou com a informa\u00e7\u00e3o aos engenheiros de que queria um barco que n\u00e3o virasse, por&nbsp;ser&nbsp;essa a causa de todas as tentativas frustradas anteriores.<br><br>Os engenheiros convenceram o navegador de que ele estava errado. Era imposs\u00edvel criar um barco que n\u00e3o virasse nessa travessia e que a escolha dele seria por um barco que, ao&nbsp;ser&nbsp;virado pelas ondas e tempestades do Atl\u00e2ntico, pudesse&nbsp;ser&nbsp;desvirado pelo navegador. Esse exemplo virou um teorema&nbsp;para&nbsp;os&nbsp;contratos&nbsp;de parcerias, chamado Teorema&nbsp;do Barquinho Klink.<br><br>&#8220;Em havendo incentivo&nbsp;para&nbsp;desvirar o barco, haver\u00e1 mais incentivo&nbsp;para&nbsp;atravessar o oceano&#8221;, brincou Turolla, dizendo que n\u00e3o h\u00e1 como &#8220;o barco&#8221; dos&nbsp;contratos&nbsp;de 30 anos n\u00e3o virar. &#8220;A \u00fanica forma de voc\u00ea ter incentivo&nbsp;para&nbsp;entrar num ambiente supercomplicado \u00e9 ter incentivo&nbsp;para&nbsp;desvirar o barco.&#8221;<br><br><strong>&#8220;A realidade se imp\u00f5e&#8221;<\/strong><br>De acordo com os autores, o trabalho pretende &#8220;buscar contribuir com a constru\u00e7\u00e3o de uma esp\u00e9cie de Teoria Geral dos&nbsp;Contratos&nbsp;Incompletos de Longo Prazo em pa\u00edses emergentes&#8221; e \u00e9 uma reflex\u00e3o acad\u00eamica, te\u00f3rica, sem entrar em caso concreto.<br><br>Os autores, no entanto, conhecem a realidade dos&nbsp;contratos&nbsp;de&nbsp;parceria&nbsp;do Brasil com profundidade e dizem que o que os motivou a buscar esse approach&nbsp;te\u00f3rico&nbsp;\u00e9 a falta de um arcabou\u00e7o que d\u00ea sustenta\u00e7\u00e3o&nbsp;para&nbsp;decis\u00f5es que acabam sendo tomadas &#8220;quando&nbsp;a realidade se imp\u00f5e&#8221;, ou seja, os reequil\u00edbrios e repactua\u00e7\u00f5es dos&nbsp;contratos.<br><br>&#8220;A realidade se imp\u00f5e.&nbsp;A interpreta\u00e7\u00e3o de manuais de 30 anos atr\u00e1s do direito administrativo intui que n\u00e3o \u00e9 poss\u00edvel [reequilibrar]. O que todo mundo sabe que \u00e9 necess\u00e1rio n\u00e3o tinha um&nbsp;approach&nbsp;te\u00f3rico&nbsp;que ficasse de p\u00e9 e possibilitasse esse tipo de coisa&#8221;, disse Marcos Nobre.&nbsp;&nbsp;<br><br>Marcos Nobre critica&nbsp;duramente um dos principais pilares te\u00f3ricos que sustenta teses que impedem processos de reequil\u00edbrio dos&nbsp;contratos. Segundo ele, a interpreta\u00e7\u00e3o dada ao termo&nbsp;&#8220;mantidas as condi\u00e7\u00f5es da proposta&#8221; est\u00e1 errada.&nbsp;<br><br>&#8220;Ela n\u00e3o quer dizer isso que dizem. A fonte \u00e9 o contrato, a&nbsp;preserva\u00e7\u00e3o do valor econ\u00f4mico do contrato, que \u00e9 mais importante do que sobrepor regras r\u00edgidas, sem ader\u00eancia com a realidade&#8221;, lembrou Nobre.<br><br><strong>Arcabou\u00e7o&nbsp;te\u00f3rico<\/strong><br>Os autores caracterizam o contrato de&nbsp;parceria&nbsp;como incompleto, complexo, resiliente e flex\u00edvel. No trabalho, eles produzem teoricamente dois ambientes, um teoricamente \u00f3timo, que seria a base usada&nbsp;para&nbsp;os&nbsp;contratos&nbsp;de&nbsp;parceria&nbsp;que v\u00eam sendo feitos, em maioria; e outro com as imperfei\u00e7\u00f5es do mundo, como assimetria informacional, oferta limitada de seguros, mercados n\u00e3o maduros, monop\u00f3lios e outros problemas.<br><br>&#8220;O&nbsp;paradigma ideal dos&nbsp;contratos&nbsp;de&nbsp;parceria&nbsp;n\u00e3o d\u00e1 conta das&nbsp;imperfei\u00e7\u00f5es do mundo real&#8221;, comentam os autores numa apresenta\u00e7\u00e3o sobre o texto.<br><br>Segundo Nobre, a inten\u00e7\u00e3o com o trabalho, que foi citado recentemente pelo ministro do TCU (Tribunal de Contas da Uni\u00e3o) Benjamin Zymler ao comentar o voto do relator da consulta dos minist\u00e9rios ao \u00f3rg\u00e3o&nbsp;para&nbsp;saber se o governo pode desistir dos processos de relicita\u00e7\u00e3o, \u00e9 ajudar com um arcabou\u00e7o&nbsp;te\u00f3rico&nbsp;para&nbsp;que seja poss\u00edvel aos gestores e controladores ter argumentos&nbsp;para&nbsp;apoiar as decis\u00f5es em favor do reequil\u00edbrio.<br><br>Nobre diz que a maioria sabe que o melhor \u00e9 a repactua\u00e7\u00e3o, mas tem medo de executar por n\u00e3o haver base te\u00f3rica que sustente suas avalia\u00e7\u00f5es, o que&nbsp;para&nbsp;ele levou ao chamado &#8220;apag\u00e3o das canetas&#8221;.<br><br>&#8220;Esse artigo \u00e9 um approach&nbsp;te\u00f3rico&nbsp;para&nbsp;acender as canetas.&nbsp;Para&nbsp;que a administra\u00e7\u00e3o possa seguir em frente&#8221;, disse Nobre.<br><br><strong>Risco reverso<\/strong><br>Rafael Veras combate ainda uma outra associa\u00e7\u00e3o comum feita pelos defensores da manuten\u00e7\u00e3o das propostas, a de que mudan\u00e7as ao longo do contrato retiram o interesse de players mais s\u00e9rios das parcerias de longo prazo do pa\u00eds, pois eles n\u00e3o teriam a capacidade de negociar ex-post mudan\u00e7as nos&nbsp;contratos, como os ditos players &#8220;menos s\u00e9rios&#8221;.<br><br>Para&nbsp;ele, o que ocorre hoje \u00e9 um risco reverso. Ou seja, os melhores players podem n\u00e3o&nbsp;ser&nbsp;selecionados&nbsp;para&nbsp;parcerias porque sabem que n\u00e3o h\u00e1 um sistema que possa dar seguran\u00e7a aos&nbsp;contratos&nbsp;na hora da renegocia\u00e7\u00e3o&nbsp;ex-post, colocando apenas parceiros que aceitam ex-ante riscos elevados e desconhecidos.<br><br>&#8220;Defendemos que o que voc\u00ea tem \u00e9 uma sele\u00e7\u00e3o adversa. Voc\u00ea troca o oportunismo ex-post da renegocia\u00e7\u00e3o por um oportunismo ex-ante da contrata\u00e7\u00e3o. Isso n\u00e3o faz sentido. Se voc\u00ea estabelece um sistema de incentivos&nbsp;para&nbsp;a conduta de revis\u00e3o, voc\u00ea tem como minimizar essas condutas oportunistas apontadas&#8221;, disse Veras.<br><br>Os autores defendem que em determinado momento \u00e9 melhor&nbsp;para&nbsp;os players cooperar do que litigar, contanto que haja balizas doutrin\u00e1rias&nbsp;para&nbsp;que isso possa acontecer.&nbsp;Para&nbsp;eles, \u00e9 necess\u00e1ria a constru\u00e7\u00e3o de um ambiente adequado, o que est\u00e1 evoluindo no pa\u00eds.&nbsp;<br><br><strong>Grau de flexibilidade<\/strong><br>Eles citam como exemplo a introdu\u00e7\u00e3o do artigo 26 da Lindb (Lei de Introdu\u00e7\u00e3o \u00e0s Normas do Direito Brasileiro), que permite aos \u00f3rg\u00e3os p\u00fablicos firmarem acordos com particulares, a Lei de Relicita\u00e7\u00e3o (13.448\/2017) e&nbsp;a experi\u00eancia do TCU ao criar a secretaria de resolu\u00e7\u00e3o consensual, iniciada neste ano.<br><br>Turolla diz&nbsp;ser&nbsp;mais necess\u00e1rio discutir n\u00e3o apenas as quest\u00f5es de reequil\u00edbrio, mas o grau de flexibilidade que um contrato de&nbsp;parceria&nbsp;deve ter. E que seria &#8220;leviano e inconsequente&#8221; falar em mais ou menos flexibilidade&nbsp;para&nbsp;os&nbsp;contratos&nbsp;de&nbsp;parceria&nbsp;no pa\u00eds, que, segundo ele, t\u00eam um padr\u00e3o de baixa flexibilidade atualmente.&nbsp;Para&nbsp;ele, as condi\u00e7\u00f5es previstas nos 30 anos de contrato t\u00eam que&nbsp;ser&nbsp;v\u00e1lidas enquanto n\u00e3o houver mudan\u00e7as estruturais.<br><br>&#8220;O que n\u00e3o pode \u00e9, n\u00e3o havendo mudan\u00e7a estrutural alguma, voc\u00ea mudar a aloca\u00e7\u00e3o de riscos&#8221;, defendeu Turolla, doutor em Economia e s\u00f3cio da Pezco Economics. &#8220;Depois da pandemia, voc\u00ea vai manter a aloca\u00e7\u00e3o de riscos de antes? Isso enseja mudan\u00e7a. Mas uma mudan\u00e7a consequente e respons\u00e1vel.&#8221;<br><br><strong>&#8220;Disputa de hermen\u00eautica&#8221;<\/strong><br>Veras afirmou que o trabalho prop\u00f5e&nbsp;contratos&nbsp;com&nbsp;janelas&nbsp;para&nbsp;que, em casos de eventos n\u00e3o previstos, seja poss\u00edvel ter margem&nbsp;para&nbsp;uma discuss\u00e3o no \u00e2mbito do contrato entre as partes, sem necessidade de ir ao Judici\u00e1rio ou arbitragens.&nbsp;Para&nbsp;ele,&nbsp;quando&nbsp;acontece um evento n\u00e3o previsto na matriz de risco, esse comportamento vai gerar uma redu\u00e7\u00e3o dos custos de transa\u00e7\u00e3o.<br><br>&#8220;O setor de infraestrutura virou uma disputa de hermen\u00eautica entre risco ordin\u00e1rio do concession\u00e1rio e risco extraordin\u00e1rio do poder p\u00fablico. O que propomos \u00e9 que h\u00e1 zonas cinzentas que j\u00e1 podem&nbsp;ser&nbsp;pr\u00e9-estabelecidas como necess\u00e1rias a uma renegocia\u00e7\u00e3o&#8221;, disse Veras, recentemente doutorado em Direito e s\u00f3cio da Braz, Coelho, Campos, Veras, Lessa e Bueno .<br><br><strong>Custo alto&nbsp;para&nbsp;todos<\/strong><br>Outra preocupa\u00e7\u00e3o dos autores \u00e9 com a chegada de novas tecnologias, que criam ainda mais necessidade de que os&nbsp;contratos&nbsp;possam&nbsp;ser&nbsp;adapt\u00e1veis. Como o oceano a&nbsp;ser&nbsp;atravessado, o fato \u00e9 que ningu\u00e9m consegue prever o futuro 30 anos antes, avaliam.&nbsp;Para&nbsp;eles, \u00e9 mais f\u00e1cil buscar bons parceiros se eles t\u00eam certeza de que, se o barco virar, n\u00e3o vai afundar.<br><br>&#8220;No final do dia, num contrato de longo prazo, \u00e9 melhor ficar do que sair. O custo de sair dessa rela\u00e7\u00e3o \u00e9 muito alto&nbsp;para&nbsp;todo mundo,&nbsp;para&nbsp;o poder p\u00fablico, o concession\u00e1rio e a popula\u00e7\u00e3o usu\u00e1ria do servi\u00e7o p\u00fablico&#8221;, disse Nobre, doutor em Direito, professor da UFPE (Universidade Federal de Pernambuco) e conselheiro do Tribunal de Contas de Pernambuco.<\/p>\n","protected":false},"excerpt":{"rendered":"<p>Dimmi Amora, da Ag\u00eancia iNFRA Tr\u00eas professores das \u00e1reas de direito e economia decidiram buscar um caminho&nbsp;te\u00f3rico&nbsp;para&nbsp;algo que vem afligindo o setor de infraestrutura nos \u00faltimos anos no Brasil: o reequil\u00edbrio dos&nbsp;contratos&nbsp;de longo prazo de&nbsp;parceria&nbsp;entre poder p\u00fablico e iniciativa privada. Na teoria,&nbsp;contratos&nbsp;assinados com a expectativa de que v\u00e3o performar como o previsto em seus estudos [&hellip;]<\/p>\n","protected":false},"author":1,"featured_media":5101,"comment_status":"closed","ping_status":"closed","sticky":false,"template":"","format":"standard","meta":{"_monsterinsights_skip_tracking":false,"_monsterinsights_sitenote_active":false,"_monsterinsights_sitenote_note":"","_monsterinsights_sitenote_category":0,"footnotes":""},"categories":[1,7],"tags":[22,7052,7055,434,3312,2538,7053,3897,7056,1214,1938,7054],"class_list":["post-13071","post","type-post","status-publish","format-standard","has-post-thumbnail","hentry","category-geral","category-infratransporte","tag-concessao","tag-contratos-de-parceria","tag-contratos-incompletos","tag-estudo","tag-frederico-turolla","tag-iniciativa-privada","tag-marcos-nobre","tag-poder-publico","tag-psp-hub","tag-rafael-veras","tag-reequilibrio","tag-teoria"],"yoast_head":"<!-- This site is optimized with the Yoast SEO Premium plugin v25.4 (Yoast SEO v26.0) - https:\/\/yoast.com\/wordpress\/plugins\/seo\/ -->\n<title>Estudo busca fundamento te\u00f3rico para indicar quando contratos de parceria devem ser reequilibrados - Ag\u00eancia iNFRA<\/title>\n<meta name=\"robots\" content=\"index, follow, max-snippet:-1, max-image-preview:large, max-video-preview:-1\" \/>\n<link rel=\"canonical\" href=\"https:\/\/agenciainfra.com\/blog\/estudo-busca-fundamento-teorico-para-indicar-quando-contratos-de-parceria-devem-ser-reequilibrados\/\" \/>\n<meta property=\"og:locale\" content=\"pt_BR\" \/>\n<meta property=\"og:type\" content=\"article\" \/>\n<meta property=\"og:title\" content=\"Estudo busca fundamento te\u00f3rico para indicar quando contratos de parceria devem ser reequilibrados\" \/>\n<meta property=\"og:description\" content=\"Dimmi Amora, da Ag\u00eancia iNFRA Tr\u00eas professores das \u00e1reas de direito e economia decidiram buscar um caminho&nbsp;te\u00f3rico&nbsp;para&nbsp;algo que vem afligindo o setor de infraestrutura nos \u00faltimos anos no Brasil: o reequil\u00edbrio dos&nbsp;contratos&nbsp;de longo prazo de&nbsp;parceria&nbsp;entre poder p\u00fablico e iniciativa privada. Na teoria,&nbsp;contratos&nbsp;assinados com a expectativa de que v\u00e3o performar como o previsto em seus estudos [&hellip;]\" \/>\n<meta property=\"og:url\" content=\"https:\/\/agenciainfra.com\/blog\/estudo-busca-fundamento-teorico-para-indicar-quando-contratos-de-parceria-devem-ser-reequilibrados\/\" \/>\n<meta property=\"og:site_name\" content=\"Ag\u00eancia iNFRA\" \/>\n<meta property=\"article:publisher\" content=\"https:\/\/www.facebook.com\/ageninfra\" \/>\n<meta property=\"article:published_time\" content=\"2023-07-18T12:00:00+00:00\" \/>\n<meta property=\"og:image\" content=\"https:\/\/agenciainfra.com\/blog\/wp-content\/uploads\/2020\/06\/contratos-foto-dominio-publico.jpg\" \/>\n\t<meta property=\"og:image:width\" content=\"1280\" \/>\n\t<meta property=\"og:image:height\" content=\"853\" \/>\n\t<meta property=\"og:image:type\" content=\"image\/jpeg\" \/>\n<meta name=\"author\" content=\"Ag\u00eancia iNFRA\" \/>\n<meta name=\"twitter:card\" content=\"summary_large_image\" \/>\n<meta name=\"twitter:creator\" content=\"@agencia_infra\" \/>\n<meta name=\"twitter:site\" content=\"@agencia_infra\" \/>\n<meta name=\"twitter:label1\" content=\"Escrito por\" \/>\n\t<meta name=\"twitter:data1\" content=\"Ag\u00eancia iNFRA\" \/>\n\t<meta name=\"twitter:label2\" content=\"Est. tempo de leitura\" \/>\n\t<meta name=\"twitter:data2\" content=\"9 minutos\" \/>\n<script type=\"application\/ld+json\" class=\"yoast-schema-graph\">{\"@context\":\"https:\/\/schema.org\",\"@graph\":[{\"@type\":\"Article\",\"@id\":\"https:\/\/agenciainfra.com\/blog\/estudo-busca-fundamento-teorico-para-indicar-quando-contratos-de-parceria-devem-ser-reequilibrados\/#article\",\"isPartOf\":{\"@id\":\"https:\/\/agenciainfra.com\/blog\/estudo-busca-fundamento-teorico-para-indicar-quando-contratos-de-parceria-devem-ser-reequilibrados\/\"},\"author\":{\"name\":\"Ag\u00eancia iNFRA\",\"@id\":\"https:\/\/agenciainfra.com\/blog\/#\/schema\/person\/34af08dff6adea4cb22b06612ba7acfa\"},\"headline\":\"Estudo busca fundamento te\u00f3rico para indicar quando contratos de parceria devem ser reequilibrados\",\"datePublished\":\"2023-07-18T12:00:00+00:00\",\"mainEntityOfPage\":{\"@id\":\"https:\/\/agenciainfra.com\/blog\/estudo-busca-fundamento-teorico-para-indicar-quando-contratos-de-parceria-devem-ser-reequilibrados\/\"},\"wordCount\":1726,\"publisher\":{\"@id\":\"https:\/\/agenciainfra.com\/blog\/#organization\"},\"image\":{\"@id\":\"https:\/\/agenciainfra.com\/blog\/estudo-busca-fundamento-teorico-para-indicar-quando-contratos-de-parceria-devem-ser-reequilibrados\/#primaryimage\"},\"thumbnailUrl\":\"https:\/\/agenciainfra.com\/blog\/wp-content\/uploads\/2020\/06\/contratos-foto-dominio-publico-e1751021330131.jpg\",\"keywords\":[\"Concess\u00e3o\",\"contratos de parceria\",\"contratos incompletos\",\"estudo\",\"Frederico Turolla\",\"iniciativa privada\",\"Marcos Nobre\",\"poder p\u00fablico\",\"PSP hub\",\"Rafael Veras\",\"reequil\u00edbrio\",\"teoria\"],\"articleSection\":[\"Geral\",\"iNFRATransporte\"],\"inLanguage\":\"pt-BR\",\"copyrightYear\":\"2023\",\"copyrightHolder\":{\"@id\":\"https:\/\/agenciainfra.com\/blog\/#organization\"}},{\"@type\":\"WebPage\",\"@id\":\"https:\/\/agenciainfra.com\/blog\/estudo-busca-fundamento-teorico-para-indicar-quando-contratos-de-parceria-devem-ser-reequilibrados\/\",\"url\":\"https:\/\/agenciainfra.com\/blog\/estudo-busca-fundamento-teorico-para-indicar-quando-contratos-de-parceria-devem-ser-reequilibrados\/\",\"name\":\"Estudo busca fundamento te\u00f3rico para indicar quando contratos de parceria devem ser reequilibrados - Ag\u00eancia iNFRA\",\"isPartOf\":{\"@id\":\"https:\/\/agenciainfra.com\/blog\/#website\"},\"primaryImageOfPage\":{\"@id\":\"https:\/\/agenciainfra.com\/blog\/estudo-busca-fundamento-teorico-para-indicar-quando-contratos-de-parceria-devem-ser-reequilibrados\/#primaryimage\"},\"image\":{\"@id\":\"https:\/\/agenciainfra.com\/blog\/estudo-busca-fundamento-teorico-para-indicar-quando-contratos-de-parceria-devem-ser-reequilibrados\/#primaryimage\"},\"thumbnailUrl\":\"https:\/\/agenciainfra.com\/blog\/wp-content\/uploads\/2020\/06\/contratos-foto-dominio-publico-e1751021330131.jpg\",\"datePublished\":\"2023-07-18T12:00:00+00:00\",\"breadcrumb\":{\"@id\":\"https:\/\/agenciainfra.com\/blog\/estudo-busca-fundamento-teorico-para-indicar-quando-contratos-de-parceria-devem-ser-reequilibrados\/#breadcrumb\"},\"inLanguage\":\"pt-BR\",\"potentialAction\":[{\"@type\":\"ReadAction\",\"target\":[\"https:\/\/agenciainfra.com\/blog\/estudo-busca-fundamento-teorico-para-indicar-quando-contratos-de-parceria-devem-ser-reequilibrados\/\"]}]},{\"@type\":\"ImageObject\",\"inLanguage\":\"pt-BR\",\"@id\":\"https:\/\/agenciainfra.com\/blog\/estudo-busca-fundamento-teorico-para-indicar-quando-contratos-de-parceria-devem-ser-reequilibrados\/#primaryimage\",\"url\":\"https:\/\/agenciainfra.com\/blog\/wp-content\/uploads\/2020\/06\/contratos-foto-dominio-publico-e1751021330131.jpg\",\"contentUrl\":\"https:\/\/agenciainfra.com\/blog\/wp-content\/uploads\/2020\/06\/contratos-foto-dominio-publico-e1751021330131.jpg\",\"width\":1280,\"height\":762,\"caption\":\"Foto: Dom\u00ednio P\u00fablico\"},{\"@type\":\"BreadcrumbList\",\"@id\":\"https:\/\/agenciainfra.com\/blog\/estudo-busca-fundamento-teorico-para-indicar-quando-contratos-de-parceria-devem-ser-reequilibrados\/#breadcrumb\",\"itemListElement\":[{\"@type\":\"ListItem\",\"position\":1,\"name\":\"In\u00edcio\",\"item\":\"https:\/\/agenciainfra.com\/blog\/\"},{\"@type\":\"ListItem\",\"position\":2,\"name\":\"Estudo busca fundamento te\u00f3rico para indicar quando contratos de parceria devem ser reequilibrados\"}]},{\"@type\":\"WebSite\",\"@id\":\"https:\/\/agenciainfra.com\/blog\/#website\",\"url\":\"https:\/\/agenciainfra.com\/blog\/\",\"name\":\"Ag\u00eancia iNFRA\",\"description\":\"Multiplataforma de informa\u00e7\u00e3o jornal\u00edstica refer\u00eancia na \u00e1rea de infraestrutura no Brasil!\",\"publisher\":{\"@id\":\"https:\/\/agenciainfra.com\/blog\/#organization\"},\"potentialAction\":[{\"@type\":\"SearchAction\",\"target\":{\"@type\":\"EntryPoint\",\"urlTemplate\":\"https:\/\/agenciainfra.com\/blog\/?s={search_term_string}\"},\"query-input\":{\"@type\":\"PropertyValueSpecification\",\"valueRequired\":true,\"valueName\":\"search_term_string\"}}],\"inLanguage\":\"pt-BR\"},{\"@type\":\"Organization\",\"@id\":\"https:\/\/agenciainfra.com\/blog\/#organization\",\"name\":\"Ag\u00eancia iNFRA\",\"url\":\"https:\/\/agenciainfra.com\/blog\/\",\"logo\":{\"@type\":\"ImageObject\",\"inLanguage\":\"pt-BR\",\"@id\":\"https:\/\/agenciainfra.com\/blog\/#\/schema\/logo\/image\/\",\"url\":\"https:\/\/agenciainfra.com\/blog\/wp-content\/uploads\/2023\/09\/iNFRA_5-e1761735885940.png\",\"contentUrl\":\"https:\/\/agenciainfra.com\/blog\/wp-content\/uploads\/2023\/09\/iNFRA_5-e1761735885940.png\",\"width\":1672,\"height\":454,\"caption\":\"Ag\u00eancia iNFRA\"},\"image\":{\"@id\":\"https:\/\/agenciainfra.com\/blog\/#\/schema\/logo\/image\/\"},\"sameAs\":[\"https:\/\/www.facebook.com\/ageninfra\",\"https:\/\/x.com\/agencia_infra\",\"https:\/\/www.linkedin.com\/company\/ag\u00eanciainfra\/\",\"https:\/\/www.instagram.com\/agenciainfra\/\"]},{\"@type\":\"Person\",\"@id\":\"https:\/\/agenciainfra.com\/blog\/#\/schema\/person\/34af08dff6adea4cb22b06612ba7acfa\",\"name\":\"Ag\u00eancia iNFRA\",\"image\":{\"@type\":\"ImageObject\",\"inLanguage\":\"pt-BR\",\"@id\":\"https:\/\/agenciainfra.com\/blog\/#\/schema\/person\/image\/\",\"url\":\"https:\/\/secure.gravatar.com\/avatar\/d189e01678f06d8eb84d4e01f08eb848b3fffe3f8443818d3c356c66892f5be8?s=96&d=mm&r=g\",\"contentUrl\":\"https:\/\/secure.gravatar.com\/avatar\/d189e01678f06d8eb84d4e01f08eb848b3fffe3f8443818d3c356c66892f5be8?s=96&d=mm&r=g\",\"caption\":\"Ag\u00eancia iNFRA\"},\"url\":\"https:\/\/agenciainfra.com\/blog\/author\/admin\/\"}]}<\/script>\n<!-- \/ Yoast SEO Premium plugin. -->","yoast_head_json":{"title":"Estudo busca fundamento te\u00f3rico para indicar quando contratos de parceria devem ser reequilibrados - Ag\u00eancia iNFRA","robots":{"index":"index","follow":"follow","max-snippet":"max-snippet:-1","max-image-preview":"max-image-preview:large","max-video-preview":"max-video-preview:-1"},"canonical":"https:\/\/agenciainfra.com\/blog\/estudo-busca-fundamento-teorico-para-indicar-quando-contratos-de-parceria-devem-ser-reequilibrados\/","og_locale":"pt_BR","og_type":"article","og_title":"Estudo busca fundamento te\u00f3rico para indicar quando contratos de parceria devem ser reequilibrados","og_description":"Dimmi Amora, da Ag\u00eancia iNFRA Tr\u00eas professores das \u00e1reas de direito e economia decidiram buscar um caminho&nbsp;te\u00f3rico&nbsp;para&nbsp;algo que vem afligindo o setor de infraestrutura nos \u00faltimos anos no Brasil: o reequil\u00edbrio dos&nbsp;contratos&nbsp;de longo prazo de&nbsp;parceria&nbsp;entre poder p\u00fablico e iniciativa privada. Na teoria,&nbsp;contratos&nbsp;assinados com a expectativa de que v\u00e3o performar como o previsto em seus estudos [&hellip;]","og_url":"https:\/\/agenciainfra.com\/blog\/estudo-busca-fundamento-teorico-para-indicar-quando-contratos-de-parceria-devem-ser-reequilibrados\/","og_site_name":"Ag\u00eancia iNFRA","article_publisher":"https:\/\/www.facebook.com\/ageninfra","article_published_time":"2023-07-18T12:00:00+00:00","og_image":[{"width":1280,"height":853,"url":"https:\/\/agenciainfra.com\/blog\/wp-content\/uploads\/2020\/06\/contratos-foto-dominio-publico.jpg","type":"image\/jpeg"}],"author":"Ag\u00eancia iNFRA","twitter_card":"summary_large_image","twitter_creator":"@agencia_infra","twitter_site":"@agencia_infra","twitter_misc":{"Escrito por":"Ag\u00eancia iNFRA","Est. tempo de leitura":"9 minutos"},"schema":{"@context":"https:\/\/schema.org","@graph":[{"@type":"Article","@id":"https:\/\/agenciainfra.com\/blog\/estudo-busca-fundamento-teorico-para-indicar-quando-contratos-de-parceria-devem-ser-reequilibrados\/#article","isPartOf":{"@id":"https:\/\/agenciainfra.com\/blog\/estudo-busca-fundamento-teorico-para-indicar-quando-contratos-de-parceria-devem-ser-reequilibrados\/"},"author":{"name":"Ag\u00eancia iNFRA","@id":"https:\/\/agenciainfra.com\/blog\/#\/schema\/person\/34af08dff6adea4cb22b06612ba7acfa"},"headline":"Estudo busca fundamento te\u00f3rico para indicar quando contratos de parceria devem ser reequilibrados","datePublished":"2023-07-18T12:00:00+00:00","mainEntityOfPage":{"@id":"https:\/\/agenciainfra.com\/blog\/estudo-busca-fundamento-teorico-para-indicar-quando-contratos-de-parceria-devem-ser-reequilibrados\/"},"wordCount":1726,"publisher":{"@id":"https:\/\/agenciainfra.com\/blog\/#organization"},"image":{"@id":"https:\/\/agenciainfra.com\/blog\/estudo-busca-fundamento-teorico-para-indicar-quando-contratos-de-parceria-devem-ser-reequilibrados\/#primaryimage"},"thumbnailUrl":"https:\/\/agenciainfra.com\/blog\/wp-content\/uploads\/2020\/06\/contratos-foto-dominio-publico-e1751021330131.jpg","keywords":["Concess\u00e3o","contratos de parceria","contratos incompletos","estudo","Frederico Turolla","iniciativa privada","Marcos Nobre","poder p\u00fablico","PSP hub","Rafael Veras","reequil\u00edbrio","teoria"],"articleSection":["Geral","iNFRATransporte"],"inLanguage":"pt-BR","copyrightYear":"2023","copyrightHolder":{"@id":"https:\/\/agenciainfra.com\/blog\/#organization"}},{"@type":"WebPage","@id":"https:\/\/agenciainfra.com\/blog\/estudo-busca-fundamento-teorico-para-indicar-quando-contratos-de-parceria-devem-ser-reequilibrados\/","url":"https:\/\/agenciainfra.com\/blog\/estudo-busca-fundamento-teorico-para-indicar-quando-contratos-de-parceria-devem-ser-reequilibrados\/","name":"Estudo busca fundamento te\u00f3rico para indicar quando contratos de parceria devem ser reequilibrados - Ag\u00eancia iNFRA","isPartOf":{"@id":"https:\/\/agenciainfra.com\/blog\/#website"},"primaryImageOfPage":{"@id":"https:\/\/agenciainfra.com\/blog\/estudo-busca-fundamento-teorico-para-indicar-quando-contratos-de-parceria-devem-ser-reequilibrados\/#primaryimage"},"image":{"@id":"https:\/\/agenciainfra.com\/blog\/estudo-busca-fundamento-teorico-para-indicar-quando-contratos-de-parceria-devem-ser-reequilibrados\/#primaryimage"},"thumbnailUrl":"https:\/\/agenciainfra.com\/blog\/wp-content\/uploads\/2020\/06\/contratos-foto-dominio-publico-e1751021330131.jpg","datePublished":"2023-07-18T12:00:00+00:00","breadcrumb":{"@id":"https:\/\/agenciainfra.com\/blog\/estudo-busca-fundamento-teorico-para-indicar-quando-contratos-de-parceria-devem-ser-reequilibrados\/#breadcrumb"},"inLanguage":"pt-BR","potentialAction":[{"@type":"ReadAction","target":["https:\/\/agenciainfra.com\/blog\/estudo-busca-fundamento-teorico-para-indicar-quando-contratos-de-parceria-devem-ser-reequilibrados\/"]}]},{"@type":"ImageObject","inLanguage":"pt-BR","@id":"https:\/\/agenciainfra.com\/blog\/estudo-busca-fundamento-teorico-para-indicar-quando-contratos-de-parceria-devem-ser-reequilibrados\/#primaryimage","url":"https:\/\/agenciainfra.com\/blog\/wp-content\/uploads\/2020\/06\/contratos-foto-dominio-publico-e1751021330131.jpg","contentUrl":"https:\/\/agenciainfra.com\/blog\/wp-content\/uploads\/2020\/06\/contratos-foto-dominio-publico-e1751021330131.jpg","width":1280,"height":762,"caption":"Foto: Dom\u00ednio P\u00fablico"},{"@type":"BreadcrumbList","@id":"https:\/\/agenciainfra.com\/blog\/estudo-busca-fundamento-teorico-para-indicar-quando-contratos-de-parceria-devem-ser-reequilibrados\/#breadcrumb","itemListElement":[{"@type":"ListItem","position":1,"name":"In\u00edcio","item":"https:\/\/agenciainfra.com\/blog\/"},{"@type":"ListItem","position":2,"name":"Estudo busca fundamento te\u00f3rico para indicar quando contratos de parceria devem ser reequilibrados"}]},{"@type":"WebSite","@id":"https:\/\/agenciainfra.com\/blog\/#website","url":"https:\/\/agenciainfra.com\/blog\/","name":"Ag\u00eancia iNFRA","description":"Multiplataforma de informa\u00e7\u00e3o jornal\u00edstica refer\u00eancia na \u00e1rea de infraestrutura no Brasil!","publisher":{"@id":"https:\/\/agenciainfra.com\/blog\/#organization"},"potentialAction":[{"@type":"SearchAction","target":{"@type":"EntryPoint","urlTemplate":"https:\/\/agenciainfra.com\/blog\/?s={search_term_string}"},"query-input":{"@type":"PropertyValueSpecification","valueRequired":true,"valueName":"search_term_string"}}],"inLanguage":"pt-BR"},{"@type":"Organization","@id":"https:\/\/agenciainfra.com\/blog\/#organization","name":"Ag\u00eancia iNFRA","url":"https:\/\/agenciainfra.com\/blog\/","logo":{"@type":"ImageObject","inLanguage":"pt-BR","@id":"https:\/\/agenciainfra.com\/blog\/#\/schema\/logo\/image\/","url":"https:\/\/agenciainfra.com\/blog\/wp-content\/uploads\/2023\/09\/iNFRA_5-e1761735885940.png","contentUrl":"https:\/\/agenciainfra.com\/blog\/wp-content\/uploads\/2023\/09\/iNFRA_5-e1761735885940.png","width":1672,"height":454,"caption":"Ag\u00eancia iNFRA"},"image":{"@id":"https:\/\/agenciainfra.com\/blog\/#\/schema\/logo\/image\/"},"sameAs":["https:\/\/www.facebook.com\/ageninfra","https:\/\/x.com\/agencia_infra","https:\/\/www.linkedin.com\/company\/ag\u00eanciainfra\/","https:\/\/www.instagram.com\/agenciainfra\/"]},{"@type":"Person","@id":"https:\/\/agenciainfra.com\/blog\/#\/schema\/person\/34af08dff6adea4cb22b06612ba7acfa","name":"Ag\u00eancia iNFRA","image":{"@type":"ImageObject","inLanguage":"pt-BR","@id":"https:\/\/agenciainfra.com\/blog\/#\/schema\/person\/image\/","url":"https:\/\/secure.gravatar.com\/avatar\/d189e01678f06d8eb84d4e01f08eb848b3fffe3f8443818d3c356c66892f5be8?s=96&d=mm&r=g","contentUrl":"https:\/\/secure.gravatar.com\/avatar\/d189e01678f06d8eb84d4e01f08eb848b3fffe3f8443818d3c356c66892f5be8?s=96&d=mm&r=g","caption":"Ag\u00eancia iNFRA"},"url":"https:\/\/agenciainfra.com\/blog\/author\/admin\/"}]}},"_links":{"self":[{"href":"https:\/\/agenciainfra.com\/blog\/wp-json\/wp\/v2\/posts\/13071","targetHints":{"allow":["GET"]}}],"collection":[{"href":"https:\/\/agenciainfra.com\/blog\/wp-json\/wp\/v2\/posts"}],"about":[{"href":"https:\/\/agenciainfra.com\/blog\/wp-json\/wp\/v2\/types\/post"}],"author":[{"embeddable":true,"href":"https:\/\/agenciainfra.com\/blog\/wp-json\/wp\/v2\/users\/1"}],"replies":[{"embeddable":true,"href":"https:\/\/agenciainfra.com\/blog\/wp-json\/wp\/v2\/comments?post=13071"}],"version-history":[{"count":0,"href":"https:\/\/agenciainfra.com\/blog\/wp-json\/wp\/v2\/posts\/13071\/revisions"}],"wp:featuredmedia":[{"embeddable":true,"href":"https:\/\/agenciainfra.com\/blog\/wp-json\/wp\/v2\/media\/5101"}],"wp:attachment":[{"href":"https:\/\/agenciainfra.com\/blog\/wp-json\/wp\/v2\/media?parent=13071"}],"wp:term":[{"taxonomy":"category","embeddable":true,"href":"https:\/\/agenciainfra.com\/blog\/wp-json\/wp\/v2\/categories?post=13071"},{"taxonomy":"post_tag","embeddable":true,"href":"https:\/\/agenciainfra.com\/blog\/wp-json\/wp\/v2\/tags?post=13071"}],"curies":[{"name":"wp","href":"https:\/\/api.w.org\/{rel}","templated":true}]}}