{"id":1308,"date":"2018-03-09T08:30:03","date_gmt":"2018-03-09T11:30:03","guid":{"rendered":"http:\/\/www.agenciainfra.com\/blog\/?p=1308"},"modified":"2018-03-07T15:19:00","modified_gmt":"2018-03-07T18:19:00","slug":"maia-chama-de-calamidade-publica-forma-de-nomeacao-de-diretores-de-agencias-reguladoras","status":"publish","type":"post","link":"https:\/\/agenciainfra.com\/blog\/maia-chama-de-calamidade-publica-forma-de-nomeacao-de-diretores-de-agencias-reguladoras\/","title":{"rendered":"Maia Chama de Calamidade P\u00fablica Forma de Nomea\u00e7\u00e3o de Diretores de Ag\u00eancias Reguladoras"},"content":{"rendered":"<h5 style=\"text-align: right;\"><strong>Dimmi Amora e Leila Coimbra<\/strong><\/h5>\n<p>Em jantar promovido pela\u00a0<strong>Ag\u00eancia iNFRA<\/strong>\u00a0na segunda-feira (5), o presidente da C\u00e2mara, deputado Rodrigo Maia (DEM-RJ), qualificou como &#8220;calamidade p\u00fablica&#8221; a forma como s\u00e3o nomeados diretores de ag\u00eancias reguladoras no pa\u00eds.<\/p>\n<p>Na conversa com convidados da Ag\u00eancia iNFRA, em evento patrocinado pela Abraceel (Associa\u00e7\u00e3o Brasileira dos Comercializadores de Energia) e da Abrace (Associa\u00e7\u00e3o Brasileira de Grandes Consumidores e da Energia Livre), Maia afirmou que a forma como s\u00e3o feitas as nomea\u00e7\u00f5es desses agentes p\u00fablicos foi o que mais o surpreendeu \u00e0 frente da Presid\u00eancia da C\u00e2mara.<\/p>\n<p>&#8221;\u00a0Uma coisas que me surpreendeu muito desde que assumi a Presid\u00eancia da C\u00e2mara, porque nunca tive rela\u00e7\u00e3o com governo, sempre foi distante, mesmo na (gest\u00e3o) do FH (Fernando Henrique Cardoso), que eu era base dele, \u00e9 a forma como se escolhe os membros das diretorias dessas ag\u00eancias. \u00c9 um caso de calamidade p\u00fablica. \u00c0s vezes, aparece nomes bons, deu sorte. Mas pode aparecer nomes completamente ruins. Acho que os crit\u00e9rios s\u00e3o muito soltos&#8221;, afirmou Maia.\u00a0<img fetchpriority=\"high\" decoding=\"async\" class=\"alignleft\" src=\"https:\/\/gallery.mailchimp.com\/d460dd1bcf9ba0ae040e1fc0f\/images\/b33ae6b7-523f-4838-b6de-6b217e6e2581.jpg\" width=\"300\" height=\"200\" data-file-id=\"983047\" \/><\/p>\n<p>O presidente da C\u00e2mara garantiu que vai dar aten\u00e7\u00e3o especial ao PLS (Projeto de Lei do Senado) que foi enviado ainda em 2016 para a C\u00e2mara estabelecendo regras para a nomea\u00e7\u00e3o de diretores para as ag\u00eancias reguladoras, pretendendo vot\u00e1-lo este ano. Durante todo o ano passado, nem sequer uma comiss\u00e3o para analisar o PLS funcionou na C\u00e2mara pela resist\u00eancia dos parlamentares \u00e0\u00a0mudan\u00e7a.<\/p>\n<p>&#8220;N\u00e3o sei se \u00e9 f\u00e1cil. O Congresso tem muita influ\u00eancia nisso. Mas poderia ser feito de uma forma mais impessoal&#8221;, afirmou Maia.<\/p>\n<p><strong>Blindar o presidente<\/strong><br \/>\nPara o deputado, o ideal seria que o projeto alterando a forma de nomea\u00e7\u00e3o blindasse mais o presidente para fazer as op\u00e7\u00f5es dos integrantes das ag\u00eancias, para evitar o que ele chamou de roleta russa nas escolhas. &#8220;Pode sair coisa boa e pode sair coisa ruim e isso \u00e9 ruim para o Brasil, para a seguran\u00e7a jur\u00eddica&#8221;.<\/p>\n<p>Maia reconheceu que, sem ag\u00eancias qualificadas e funcionando como \u00f3rg\u00e3os de estado, ser\u00e1 dif\u00edcil para o pa\u00eds atrair investimentos de longo prazo.<\/p>\n<p>&#8220;Se n\u00e3o tiver seguran\u00e7a jur\u00eddica e as ag\u00eancias n\u00e3o tiverem nomes de qualidade, a gente n\u00e3o vai sair do lugar&#8221;, afirmou o presidente da C\u00e2mara, pr\u00e9-candidato \u00e0 presid\u00eancia pelo DEM.<\/p>\n","protected":false},"excerpt":{"rendered":"<p>Dimmi Amora e Leila Coimbra Em jantar promovido pela\u00a0Ag\u00eancia iNFRA\u00a0na segunda-feira (5), o presidente da C\u00e2mara, deputado Rodrigo Maia (DEM-RJ), qualificou como &#8220;calamidade p\u00fablica&#8221; a forma como s\u00e3o nomeados diretores de ag\u00eancias reguladoras no pa\u00eds. Na conversa com convidados da Ag\u00eancia iNFRA, em evento patrocinado pela Abraceel (Associa\u00e7\u00e3o Brasileira dos Comercializadores de Energia) e da [&hellip;]<\/p>\n","protected":false},"author":1,"featured_media":1309,"comment_status":"closed","ping_status":"open","sticky":false,"template":"","format":"standard","meta":{"_monsterinsights_skip_tracking":false,"_monsterinsights_sitenote_active":false,"_monsterinsights_sitenote_note":"","_monsterinsights_sitenote_category":0,"footnotes":""},"categories":[1],"tags":[46,47,34,48],"class_list":["post-1308","post","type-post","status-publish","format-standard","has-post-thumbnail","hentry","category-geral","tag-agencias-reguladoras","tag-governo","tag-infraestrutura","tag-regulacao"],"yoast_head":"<!-- This site is optimized with the Yoast SEO Premium plugin v25.4 (Yoast SEO v26.0) - https:\/\/yoast.com\/wordpress\/plugins\/seo\/ -->\n<title>Maia Chama de Calamidade P\u00fablica Forma de Nomea\u00e7\u00e3o de Diretores de Ag\u00eancias Reguladoras - Ag\u00eancia iNFRA<\/title>\n<meta name=\"robots\" content=\"index, follow, max-snippet:-1, max-image-preview:large, max-video-preview:-1\" \/>\n<link rel=\"canonical\" href=\"https:\/\/agenciainfra.com\/blog\/maia-chama-de-calamidade-publica-forma-de-nomeacao-de-diretores-de-agencias-reguladoras\/\" \/>\n<meta property=\"og:locale\" content=\"pt_BR\" \/>\n<meta property=\"og:type\" content=\"article\" \/>\n<meta property=\"og:title\" content=\"Maia Chama de Calamidade P\u00fablica Forma de Nomea\u00e7\u00e3o de Diretores de Ag\u00eancias Reguladoras\" \/>\n<meta property=\"og:description\" content=\"Dimmi Amora e Leila Coimbra Em jantar promovido pela\u00a0Ag\u00eancia iNFRA\u00a0na segunda-feira (5), o presidente da C\u00e2mara, deputado Rodrigo Maia (DEM-RJ), qualificou como &#8220;calamidade p\u00fablica&#8221; a forma como s\u00e3o nomeados diretores de ag\u00eancias reguladoras no pa\u00eds. Na conversa com convidados da Ag\u00eancia iNFRA, em evento patrocinado pela Abraceel (Associa\u00e7\u00e3o Brasileira dos Comercializadores de Energia) e da [&hellip;]\" \/>\n<meta property=\"og:url\" content=\"https:\/\/agenciainfra.com\/blog\/maia-chama-de-calamidade-publica-forma-de-nomeacao-de-diretores-de-agencias-reguladoras\/\" \/>\n<meta property=\"og:site_name\" content=\"Ag\u00eancia iNFRA\" \/>\n<meta property=\"article:publisher\" content=\"https:\/\/www.facebook.com\/ageninfra\" \/>\n<meta property=\"article:published_time\" content=\"2018-03-09T11:30:03+00:00\" \/>\n<meta property=\"og:image\" content=\"https:\/\/agenciainfra.com\/blog\/wp-content\/uploads\/2018\/03\/TN__HM_1267.jpg\" \/>\n\t<meta property=\"og:image:width\" content=\"1500\" \/>\n\t<meta property=\"og:image:height\" content=\"1000\" \/>\n\t<meta property=\"og:image:type\" content=\"image\/jpeg\" \/>\n<meta name=\"author\" content=\"Ag\u00eancia iNFRA\" \/>\n<meta name=\"twitter:card\" content=\"summary_large_image\" \/>\n<meta name=\"twitter:creator\" content=\"@agencia_infra\" \/>\n<meta name=\"twitter:site\" content=\"@agencia_infra\" \/>\n<meta name=\"twitter:label1\" content=\"Escrito por\" \/>\n\t<meta name=\"twitter:data1\" content=\"Ag\u00eancia iNFRA\" \/>\n\t<meta name=\"twitter:label2\" content=\"Est. tempo de leitura\" \/>\n\t<meta name=\"twitter:data2\" content=\"2 minutos\" \/>\n<script type=\"application\/ld+json\" class=\"yoast-schema-graph\">{\"@context\":\"https:\/\/schema.org\",\"@graph\":[{\"@type\":\"Article\",\"@id\":\"https:\/\/agenciainfra.com\/blog\/maia-chama-de-calamidade-publica-forma-de-nomeacao-de-diretores-de-agencias-reguladoras\/#article\",\"isPartOf\":{\"@id\":\"https:\/\/agenciainfra.com\/blog\/maia-chama-de-calamidade-publica-forma-de-nomeacao-de-diretores-de-agencias-reguladoras\/\"},\"author\":{\"name\":\"Ag\u00eancia iNFRA\",\"@id\":\"https:\/\/agenciainfra.com\/blog\/#\/schema\/person\/34af08dff6adea4cb22b06612ba7acfa\"},\"headline\":\"Maia Chama de Calamidade P\u00fablica Forma de Nomea\u00e7\u00e3o de Diretores de Ag\u00eancias Reguladoras\",\"datePublished\":\"2018-03-09T11:30:03+00:00\",\"mainEntityOfPage\":{\"@id\":\"https:\/\/agenciainfra.com\/blog\/maia-chama-de-calamidade-publica-forma-de-nomeacao-de-diretores-de-agencias-reguladoras\/\"},\"wordCount\":424,\"publisher\":{\"@id\":\"https:\/\/agenciainfra.com\/blog\/#organization\"},\"image\":{\"@id\":\"https:\/\/agenciainfra.com\/blog\/maia-chama-de-calamidade-publica-forma-de-nomeacao-de-diretores-de-agencias-reguladoras\/#primaryimage\"},\"thumbnailUrl\":\"https:\/\/agenciainfra.com\/blog\/wp-content\/uploads\/2018\/03\/TN__HM_1267.jpg\",\"keywords\":[\"Ag\u00eancias Reguladoras\",\"Governo\",\"Infraestrutura\",\"Regula\u00e7\u00e3o\"],\"articleSection\":[\"Geral\"],\"inLanguage\":\"pt-BR\",\"copyrightYear\":\"2018\",\"copyrightHolder\":{\"@id\":\"https:\/\/agenciainfra.com\/blog\/#organization\"}},{\"@type\":\"WebPage\",\"@id\":\"https:\/\/agenciainfra.com\/blog\/maia-chama-de-calamidade-publica-forma-de-nomeacao-de-diretores-de-agencias-reguladoras\/\",\"url\":\"https:\/\/agenciainfra.com\/blog\/maia-chama-de-calamidade-publica-forma-de-nomeacao-de-diretores-de-agencias-reguladoras\/\",\"name\":\"Maia Chama de Calamidade P\u00fablica Forma de Nomea\u00e7\u00e3o de Diretores de Ag\u00eancias Reguladoras - Ag\u00eancia iNFRA\",\"isPartOf\":{\"@id\":\"https:\/\/agenciainfra.com\/blog\/#website\"},\"primaryImageOfPage\":{\"@id\":\"https:\/\/agenciainfra.com\/blog\/maia-chama-de-calamidade-publica-forma-de-nomeacao-de-diretores-de-agencias-reguladoras\/#primaryimage\"},\"image\":{\"@id\":\"https:\/\/agenciainfra.com\/blog\/maia-chama-de-calamidade-publica-forma-de-nomeacao-de-diretores-de-agencias-reguladoras\/#primaryimage\"},\"thumbnailUrl\":\"https:\/\/agenciainfra.com\/blog\/wp-content\/uploads\/2018\/03\/TN__HM_1267.jpg\",\"datePublished\":\"2018-03-09T11:30:03+00:00\",\"breadcrumb\":{\"@id\":\"https:\/\/agenciainfra.com\/blog\/maia-chama-de-calamidade-publica-forma-de-nomeacao-de-diretores-de-agencias-reguladoras\/#breadcrumb\"},\"inLanguage\":\"pt-BR\",\"potentialAction\":[{\"@type\":\"ReadAction\",\"target\":[\"https:\/\/agenciainfra.com\/blog\/maia-chama-de-calamidade-publica-forma-de-nomeacao-de-diretores-de-agencias-reguladoras\/\"]}]},{\"@type\":\"ImageObject\",\"inLanguage\":\"pt-BR\",\"@id\":\"https:\/\/agenciainfra.com\/blog\/maia-chama-de-calamidade-publica-forma-de-nomeacao-de-diretores-de-agencias-reguladoras\/#primaryimage\",\"url\":\"https:\/\/agenciainfra.com\/blog\/wp-content\/uploads\/2018\/03\/TN__HM_1267.jpg\",\"contentUrl\":\"https:\/\/agenciainfra.com\/blog\/wp-content\/uploads\/2018\/03\/TN__HM_1267.jpg\",\"width\":1500,\"height\":1000},{\"@type\":\"BreadcrumbList\",\"@id\":\"https:\/\/agenciainfra.com\/blog\/maia-chama-de-calamidade-publica-forma-de-nomeacao-de-diretores-de-agencias-reguladoras\/#breadcrumb\",\"itemListElement\":[{\"@type\":\"ListItem\",\"position\":1,\"name\":\"In\u00edcio\",\"item\":\"https:\/\/agenciainfra.com\/blog\/\"},{\"@type\":\"ListItem\",\"position\":2,\"name\":\"Maia Chama de Calamidade P\u00fablica Forma de Nomea\u00e7\u00e3o de Diretores de Ag\u00eancias Reguladoras\"}]},{\"@type\":\"WebSite\",\"@id\":\"https:\/\/agenciainfra.com\/blog\/#website\",\"url\":\"https:\/\/agenciainfra.com\/blog\/\",\"name\":\"Ag\u00eancia iNFRA\",\"description\":\"Multiplataforma de informa\u00e7\u00e3o jornal\u00edstica refer\u00eancia na \u00e1rea de infraestrutura no Brasil!\",\"publisher\":{\"@id\":\"https:\/\/agenciainfra.com\/blog\/#organization\"},\"potentialAction\":[{\"@type\":\"SearchAction\",\"target\":{\"@type\":\"EntryPoint\",\"urlTemplate\":\"https:\/\/agenciainfra.com\/blog\/?s={search_term_string}\"},\"query-input\":{\"@type\":\"PropertyValueSpecification\",\"valueRequired\":true,\"valueName\":\"search_term_string\"}}],\"inLanguage\":\"pt-BR\"},{\"@type\":\"Organization\",\"@id\":\"https:\/\/agenciainfra.com\/blog\/#organization\",\"name\":\"Ag\u00eancia iNFRA\",\"url\":\"https:\/\/agenciainfra.com\/blog\/\",\"logo\":{\"@type\":\"ImageObject\",\"inLanguage\":\"pt-BR\",\"@id\":\"https:\/\/agenciainfra.com\/blog\/#\/schema\/logo\/image\/\",\"url\":\"https:\/\/agenciainfra.com\/blog\/wp-content\/uploads\/2023\/09\/iNFRA_5-e1761735885940.png\",\"contentUrl\":\"https:\/\/agenciainfra.com\/blog\/wp-content\/uploads\/2023\/09\/iNFRA_5-e1761735885940.png\",\"width\":1672,\"height\":454,\"caption\":\"Ag\u00eancia iNFRA\"},\"image\":{\"@id\":\"https:\/\/agenciainfra.com\/blog\/#\/schema\/logo\/image\/\"},\"sameAs\":[\"https:\/\/www.facebook.com\/ageninfra\",\"https:\/\/x.com\/agencia_infra\",\"https:\/\/www.linkedin.com\/company\/ag\u00eanciainfra\/\",\"https:\/\/www.instagram.com\/agenciainfra\/\"]},{\"@type\":\"Person\",\"@id\":\"https:\/\/agenciainfra.com\/blog\/#\/schema\/person\/34af08dff6adea4cb22b06612ba7acfa\",\"name\":\"Ag\u00eancia iNFRA\",\"image\":{\"@type\":\"ImageObject\",\"inLanguage\":\"pt-BR\",\"@id\":\"https:\/\/agenciainfra.com\/blog\/#\/schema\/person\/image\/\",\"url\":\"https:\/\/secure.gravatar.com\/avatar\/d189e01678f06d8eb84d4e01f08eb848b3fffe3f8443818d3c356c66892f5be8?s=96&d=mm&r=g\",\"contentUrl\":\"https:\/\/secure.gravatar.com\/avatar\/d189e01678f06d8eb84d4e01f08eb848b3fffe3f8443818d3c356c66892f5be8?s=96&d=mm&r=g\",\"caption\":\"Ag\u00eancia iNFRA\"},\"url\":\"https:\/\/agenciainfra.com\/blog\/author\/admin\/\"}]}<\/script>\n<!-- \/ Yoast SEO Premium plugin. -->","yoast_head_json":{"title":"Maia Chama de Calamidade P\u00fablica Forma de Nomea\u00e7\u00e3o de Diretores de Ag\u00eancias Reguladoras - Ag\u00eancia iNFRA","robots":{"index":"index","follow":"follow","max-snippet":"max-snippet:-1","max-image-preview":"max-image-preview:large","max-video-preview":"max-video-preview:-1"},"canonical":"https:\/\/agenciainfra.com\/blog\/maia-chama-de-calamidade-publica-forma-de-nomeacao-de-diretores-de-agencias-reguladoras\/","og_locale":"pt_BR","og_type":"article","og_title":"Maia Chama de Calamidade P\u00fablica Forma de Nomea\u00e7\u00e3o de Diretores de Ag\u00eancias Reguladoras","og_description":"Dimmi Amora e Leila Coimbra Em jantar promovido pela\u00a0Ag\u00eancia iNFRA\u00a0na segunda-feira (5), o presidente da C\u00e2mara, deputado Rodrigo Maia (DEM-RJ), qualificou como &#8220;calamidade p\u00fablica&#8221; a forma como s\u00e3o nomeados diretores de ag\u00eancias reguladoras no pa\u00eds. Na conversa com convidados da Ag\u00eancia iNFRA, em evento patrocinado pela Abraceel (Associa\u00e7\u00e3o Brasileira dos Comercializadores de Energia) e da [&hellip;]","og_url":"https:\/\/agenciainfra.com\/blog\/maia-chama-de-calamidade-publica-forma-de-nomeacao-de-diretores-de-agencias-reguladoras\/","og_site_name":"Ag\u00eancia iNFRA","article_publisher":"https:\/\/www.facebook.com\/ageninfra","article_published_time":"2018-03-09T11:30:03+00:00","og_image":[{"width":1500,"height":1000,"url":"https:\/\/agenciainfra.com\/blog\/wp-content\/uploads\/2018\/03\/TN__HM_1267.jpg","type":"image\/jpeg"}],"author":"Ag\u00eancia iNFRA","twitter_card":"summary_large_image","twitter_creator":"@agencia_infra","twitter_site":"@agencia_infra","twitter_misc":{"Escrito por":"Ag\u00eancia iNFRA","Est. tempo de leitura":"2 minutos"},"schema":{"@context":"https:\/\/schema.org","@graph":[{"@type":"Article","@id":"https:\/\/agenciainfra.com\/blog\/maia-chama-de-calamidade-publica-forma-de-nomeacao-de-diretores-de-agencias-reguladoras\/#article","isPartOf":{"@id":"https:\/\/agenciainfra.com\/blog\/maia-chama-de-calamidade-publica-forma-de-nomeacao-de-diretores-de-agencias-reguladoras\/"},"author":{"name":"Ag\u00eancia iNFRA","@id":"https:\/\/agenciainfra.com\/blog\/#\/schema\/person\/34af08dff6adea4cb22b06612ba7acfa"},"headline":"Maia Chama de Calamidade P\u00fablica Forma de Nomea\u00e7\u00e3o de Diretores de Ag\u00eancias Reguladoras","datePublished":"2018-03-09T11:30:03+00:00","mainEntityOfPage":{"@id":"https:\/\/agenciainfra.com\/blog\/maia-chama-de-calamidade-publica-forma-de-nomeacao-de-diretores-de-agencias-reguladoras\/"},"wordCount":424,"publisher":{"@id":"https:\/\/agenciainfra.com\/blog\/#organization"},"image":{"@id":"https:\/\/agenciainfra.com\/blog\/maia-chama-de-calamidade-publica-forma-de-nomeacao-de-diretores-de-agencias-reguladoras\/#primaryimage"},"thumbnailUrl":"https:\/\/agenciainfra.com\/blog\/wp-content\/uploads\/2018\/03\/TN__HM_1267.jpg","keywords":["Ag\u00eancias Reguladoras","Governo","Infraestrutura","Regula\u00e7\u00e3o"],"articleSection":["Geral"],"inLanguage":"pt-BR","copyrightYear":"2018","copyrightHolder":{"@id":"https:\/\/agenciainfra.com\/blog\/#organization"}},{"@type":"WebPage","@id":"https:\/\/agenciainfra.com\/blog\/maia-chama-de-calamidade-publica-forma-de-nomeacao-de-diretores-de-agencias-reguladoras\/","url":"https:\/\/agenciainfra.com\/blog\/maia-chama-de-calamidade-publica-forma-de-nomeacao-de-diretores-de-agencias-reguladoras\/","name":"Maia Chama de Calamidade P\u00fablica Forma de Nomea\u00e7\u00e3o de Diretores de Ag\u00eancias Reguladoras - Ag\u00eancia iNFRA","isPartOf":{"@id":"https:\/\/agenciainfra.com\/blog\/#website"},"primaryImageOfPage":{"@id":"https:\/\/agenciainfra.com\/blog\/maia-chama-de-calamidade-publica-forma-de-nomeacao-de-diretores-de-agencias-reguladoras\/#primaryimage"},"image":{"@id":"https:\/\/agenciainfra.com\/blog\/maia-chama-de-calamidade-publica-forma-de-nomeacao-de-diretores-de-agencias-reguladoras\/#primaryimage"},"thumbnailUrl":"https:\/\/agenciainfra.com\/blog\/wp-content\/uploads\/2018\/03\/TN__HM_1267.jpg","datePublished":"2018-03-09T11:30:03+00:00","breadcrumb":{"@id":"https:\/\/agenciainfra.com\/blog\/maia-chama-de-calamidade-publica-forma-de-nomeacao-de-diretores-de-agencias-reguladoras\/#breadcrumb"},"inLanguage":"pt-BR","potentialAction":[{"@type":"ReadAction","target":["https:\/\/agenciainfra.com\/blog\/maia-chama-de-calamidade-publica-forma-de-nomeacao-de-diretores-de-agencias-reguladoras\/"]}]},{"@type":"ImageObject","inLanguage":"pt-BR","@id":"https:\/\/agenciainfra.com\/blog\/maia-chama-de-calamidade-publica-forma-de-nomeacao-de-diretores-de-agencias-reguladoras\/#primaryimage","url":"https:\/\/agenciainfra.com\/blog\/wp-content\/uploads\/2018\/03\/TN__HM_1267.jpg","contentUrl":"https:\/\/agenciainfra.com\/blog\/wp-content\/uploads\/2018\/03\/TN__HM_1267.jpg","width":1500,"height":1000},{"@type":"BreadcrumbList","@id":"https:\/\/agenciainfra.com\/blog\/maia-chama-de-calamidade-publica-forma-de-nomeacao-de-diretores-de-agencias-reguladoras\/#breadcrumb","itemListElement":[{"@type":"ListItem","position":1,"name":"In\u00edcio","item":"https:\/\/agenciainfra.com\/blog\/"},{"@type":"ListItem","position":2,"name":"Maia Chama de Calamidade P\u00fablica Forma de Nomea\u00e7\u00e3o de Diretores de Ag\u00eancias Reguladoras"}]},{"@type":"WebSite","@id":"https:\/\/agenciainfra.com\/blog\/#website","url":"https:\/\/agenciainfra.com\/blog\/","name":"Ag\u00eancia iNFRA","description":"Multiplataforma de informa\u00e7\u00e3o jornal\u00edstica refer\u00eancia na \u00e1rea de infraestrutura no Brasil!","publisher":{"@id":"https:\/\/agenciainfra.com\/blog\/#organization"},"potentialAction":[{"@type":"SearchAction","target":{"@type":"EntryPoint","urlTemplate":"https:\/\/agenciainfra.com\/blog\/?s={search_term_string}"},"query-input":{"@type":"PropertyValueSpecification","valueRequired":true,"valueName":"search_term_string"}}],"inLanguage":"pt-BR"},{"@type":"Organization","@id":"https:\/\/agenciainfra.com\/blog\/#organization","name":"Ag\u00eancia iNFRA","url":"https:\/\/agenciainfra.com\/blog\/","logo":{"@type":"ImageObject","inLanguage":"pt-BR","@id":"https:\/\/agenciainfra.com\/blog\/#\/schema\/logo\/image\/","url":"https:\/\/agenciainfra.com\/blog\/wp-content\/uploads\/2023\/09\/iNFRA_5-e1761735885940.png","contentUrl":"https:\/\/agenciainfra.com\/blog\/wp-content\/uploads\/2023\/09\/iNFRA_5-e1761735885940.png","width":1672,"height":454,"caption":"Ag\u00eancia iNFRA"},"image":{"@id":"https:\/\/agenciainfra.com\/blog\/#\/schema\/logo\/image\/"},"sameAs":["https:\/\/www.facebook.com\/ageninfra","https:\/\/x.com\/agencia_infra","https:\/\/www.linkedin.com\/company\/ag\u00eanciainfra\/","https:\/\/www.instagram.com\/agenciainfra\/"]},{"@type":"Person","@id":"https:\/\/agenciainfra.com\/blog\/#\/schema\/person\/34af08dff6adea4cb22b06612ba7acfa","name":"Ag\u00eancia iNFRA","image":{"@type":"ImageObject","inLanguage":"pt-BR","@id":"https:\/\/agenciainfra.com\/blog\/#\/schema\/person\/image\/","url":"https:\/\/secure.gravatar.com\/avatar\/d189e01678f06d8eb84d4e01f08eb848b3fffe3f8443818d3c356c66892f5be8?s=96&d=mm&r=g","contentUrl":"https:\/\/secure.gravatar.com\/avatar\/d189e01678f06d8eb84d4e01f08eb848b3fffe3f8443818d3c356c66892f5be8?s=96&d=mm&r=g","caption":"Ag\u00eancia iNFRA"},"url":"https:\/\/agenciainfra.com\/blog\/author\/admin\/"}]}},"_links":{"self":[{"href":"https:\/\/agenciainfra.com\/blog\/wp-json\/wp\/v2\/posts\/1308","targetHints":{"allow":["GET"]}}],"collection":[{"href":"https:\/\/agenciainfra.com\/blog\/wp-json\/wp\/v2\/posts"}],"about":[{"href":"https:\/\/agenciainfra.com\/blog\/wp-json\/wp\/v2\/types\/post"}],"author":[{"embeddable":true,"href":"https:\/\/agenciainfra.com\/blog\/wp-json\/wp\/v2\/users\/1"}],"replies":[{"embeddable":true,"href":"https:\/\/agenciainfra.com\/blog\/wp-json\/wp\/v2\/comments?post=1308"}],"version-history":[{"count":0,"href":"https:\/\/agenciainfra.com\/blog\/wp-json\/wp\/v2\/posts\/1308\/revisions"}],"wp:featuredmedia":[{"embeddable":true,"href":"https:\/\/agenciainfra.com\/blog\/wp-json\/wp\/v2\/media\/1309"}],"wp:attachment":[{"href":"https:\/\/agenciainfra.com\/blog\/wp-json\/wp\/v2\/media?parent=1308"}],"wp:term":[{"taxonomy":"category","embeddable":true,"href":"https:\/\/agenciainfra.com\/blog\/wp-json\/wp\/v2\/categories?post=1308"},{"taxonomy":"post_tag","embeddable":true,"href":"https:\/\/agenciainfra.com\/blog\/wp-json\/wp\/v2\/tags?post=1308"}],"curies":[{"name":"wp","href":"https:\/\/api.w.org\/{rel}","templated":true}]}}