{"id":13095,"date":"2023-07-20T09:00:00","date_gmt":"2023-07-20T12:00:00","guid":{"rendered":"https:\/\/www.agenciainfra.com\/blog\/?p=13095"},"modified":"2023-07-19T11:10:21","modified_gmt":"2023-07-19T14:10:21","slug":"lula-quer-novo-pac-lancado-em-agosto-anunciado-na-volta-dos-parlamentares-a-brasilia","status":"publish","type":"post","link":"https:\/\/agenciainfra.com\/blog\/lula-quer-novo-pac-lancado-em-agosto-anunciado-na-volta-dos-parlamentares-a-brasilia\/","title":{"rendered":"Lula quer Novo PAC lan\u00e7ado em agosto, anunciado na volta dos parlamentares a Bras\u00edlia"},"content":{"rendered":"\n<p class=\"has-text-align-right\"><strong>Jenifer Ribeiro, da Ag\u00eancia iNFRA<\/strong><\/p>\n\n\n\n<p>O\u00a0Novo\u00a0PAC\u00a0deve ser\u00a0anunciado\u00a0no come\u00e7o de\u00a0agosto, ap\u00f3s o recesso parlamentar, de acordo com a Casa Civil. O ministro da pasta, Rui Costa, chegou a anunciar o lan\u00e7amento do programa para 27 de julho, mas teve que voltar atr\u00e1s por determina\u00e7\u00e3o do\u00a0presidente\u00a0Lula.<br><br>O presidente pediu para\u00a0mudar a data prevista inicialmente da cerim\u00f4nia de lan\u00e7amento para que o evento conte com a presen\u00e7a\u00a0dos\u00a0integrantes do Legislativo, o que n\u00e3o seria poss\u00edvel\u00a0em\u00a0julho, quando o Congresso fez um recesso informal.<br><br>Na\u00a0manh\u00e3 desta segunda-feira (17), ap\u00f3s evento de inaugura\u00e7\u00e3o de uma escola\u00a0em\u00a0Feira de Santana (BA), o ministro da Casa Civil, Rui Costa, informou a jornalistas que o\u00a0Novo\u00a0PAC\u00a0seria apresentado no dia 27 deste m\u00eas. Logo depois, a assessoria do ministro teve que retificar a informa\u00e7\u00e3o, por determina\u00e7\u00e3o do presidente.<br><br>A assessoria da\u00a0Casa Civil informou que o\u00a0Novo\u00a0PAC\u00a0j\u00e1 estaria\u00a0finalizado e n\u00e3o h\u00e1 previs\u00e3o para que o presidente\u00a0Lula\u00a0receba mais governadores ou representantes municipais at\u00e9 o an\u00fancio de lan\u00e7amento do programa.<br><br>At\u00e9 a semana passada, a informa\u00e7\u00e3o era de que ainda haveria mais uma rodada de conversa com os governadores antes do lan\u00e7amento. A governadora de Pernambuco, Raquel Lyra, afirmou isso ap\u00f3s uma reuni\u00e3o\u00a0na\u00a0pr\u00f3pria Casa Civil\u00a0na\u00a0\u00faltima quinta-feira (13), dizendo que o governo federal chamaria os governadores para uma rodada final de apresenta\u00e7\u00e3o das propostas para cada estado.<br><br><strong>Em\u00a0constru\u00e7\u00e3o<\/strong><br>As equipes que est\u00e3o\u00a0a cargo de elaborar os projetos ainda est\u00e3o trabalhando no programa. O presidente\u00a0Lula\u00a0havia come\u00e7ado a se engajar recentemente\u00a0na\u00a0avalia\u00e7\u00e3o\u00a0dos\u00a0projetos. Nem todos foram apresentados ao presidente, que ficou de participar de\u00a0mais reuni\u00f5es sobre o tema ap\u00f3s voltar da viagem \u00e0 Europa nesta semana.<br><br>Pelo menos desde maio o governo vem anunciando datas para a apresenta\u00e7\u00e3o do programa que pretende ser uma esp\u00e9cie de guia para a retomada\u00a0dos\u00a0investimentos do pa\u00eds. O mais recente adiamento do an\u00fancio, que seria no in\u00edcio de julho, foi por causa da vota\u00e7\u00e3o do arcabou\u00e7o fiscal.<br><br>O plano era que o pacote de investimentos s\u00f3 fosse divulgado ap\u00f3s a vota\u00e7\u00e3o desse\u00a0novo\u00a0marco no Legislativo para que houvesse um alinhamento entre as obras previstas e o valor dispon\u00edvel para investimentos p\u00fablicos. No entanto, sem a delibera\u00e7\u00e3o da mat\u00e9ria durante a semana de esfor\u00e7o concentrado, no come\u00e7o do m\u00eas, a orienta\u00e7\u00e3o mudou. De acordo com informa\u00e7\u00e3o da coluna Lauro Jardim, do Globo, o ministro da Fazenda, Fernando Haddad, teria dado aval ao lan\u00e7amento antes da vota\u00e7\u00e3o do arcabou\u00e7o.<br><br><strong>Duas mil obras<\/strong><br>A informa\u00e7\u00e3o no momento \u00e9 que o\u00a0Novo\u00a0PAC\u00a0vai contar com 2 mil obras dentro\u00a0dos\u00a0sete eixos previstos: transportes, energia, infraestrutura urbana, comunica\u00e7\u00f5es, equipamentos sociais, \u00e1gua para todos e defesa. Desse total, entre 300 e 350 ser\u00e3o obras estaduais e municipais.<br><br>Provavelmente referindo-se a investimentos p\u00fablicos, Rui Costa disse que o programa vai contar com investimentos\u00a0na\u00a0ordem de R$ 60 bilh\u00f5es ao ano, al\u00e9m\u00a0dos\u00a0aportes previstos para PPPs (Parcerias P\u00fablico-Privadas), libera\u00e7\u00f5es de empr\u00e9stimos para governos estaduais e municipais\u00a0e\u00a0concess\u00f5es.\u00a0<br><br>Por sua vez, o ministro de Portos e Aeroportos, M\u00e1rcio Fran\u00e7a, sinalizou no final do m\u00eas passado que tamb\u00e9m gostaria de incluir as obras de viabiliza\u00e7\u00e3o e opera\u00e7\u00e3o\u00a0dos\u00a0aeroportos regionais, previstos para terem voos regulares, no\u00a0Novo\u00a0PAC.<br><br>O ministro Rui Costa j\u00e1 disse que um\u00a0dos\u00a0pilares do plano ser\u00e1 a transi\u00e7\u00e3o energ\u00e9tica e a constru\u00e7\u00e3o de uma matriz energ\u00e9tica sustent\u00e1vel. Ademais, destacou que para mobilidade urbana o governo deve incentivar o aumento\u00a0dos\u00a0investimentos\u00a0em\u00a0transporte sobre trilhos,\u00a0em\u00a0parceria com os estados, e\u00a0na\u00a0eletrifica\u00e7\u00e3o\u00a0dos\u00a0\u00f4nibus urbanos municipais.<\/p>\n","protected":false},"excerpt":{"rendered":"<p>Jenifer Ribeiro, da Ag\u00eancia iNFRA O\u00a0Novo\u00a0PAC\u00a0deve ser\u00a0anunciado\u00a0no come\u00e7o de\u00a0agosto, ap\u00f3s o recesso parlamentar, de acordo com a Casa Civil. O ministro da pasta, Rui Costa, chegou a anunciar o lan\u00e7amento do programa para 27 de julho, mas teve que voltar atr\u00e1s por determina\u00e7\u00e3o do\u00a0presidente\u00a0Lula. O presidente pediu para\u00a0mudar a data prevista inicialmente da cerim\u00f4nia de [&hellip;]<\/p>\n","protected":false},"author":1,"featured_media":11203,"comment_status":"closed","ping_status":"closed","sticky":false,"template":"","format":"standard","meta":{"_monsterinsights_skip_tracking":false,"_monsterinsights_sitenote_active":false,"_monsterinsights_sitenote_note":"","_monsterinsights_sitenote_category":0,"footnotes":""},"categories":[1,7],"tags":[1344,779,565,4540,34,32,7060,5992,360,406,5637,479],"class_list":["post-13095","post","type-post","status-publish","format-standard","has-post-thumbnail","hentry","category-geral","category-infratransporte","tag-casa-civil","tag-congresso-nacional","tag-fernando-haddad","tag-governo-lula","tag-infraestrutura","tag-investimentos","tag-lancamento","tag-novo-pac","tag-obras","tag-ppps","tag-projetos","tag-rui-costa"],"yoast_head":"<!-- This site is optimized with the Yoast SEO Premium plugin v25.4 (Yoast SEO v26.0) - https:\/\/yoast.com\/wordpress\/plugins\/seo\/ -->\n<title>Lula quer Novo PAC lan\u00e7ado em agosto, anunciado na volta dos parlamentares a Bras\u00edlia - Ag\u00eancia iNFRA<\/title>\n<meta name=\"robots\" content=\"index, follow, max-snippet:-1, max-image-preview:large, max-video-preview:-1\" \/>\n<link rel=\"canonical\" href=\"https:\/\/agenciainfra.com\/blog\/lula-quer-novo-pac-lancado-em-agosto-anunciado-na-volta-dos-parlamentares-a-brasilia\/\" \/>\n<meta property=\"og:locale\" content=\"pt_BR\" \/>\n<meta property=\"og:type\" content=\"article\" \/>\n<meta property=\"og:title\" content=\"Lula quer Novo PAC lan\u00e7ado em agosto, anunciado na volta dos parlamentares a Bras\u00edlia\" \/>\n<meta property=\"og:description\" content=\"Jenifer Ribeiro, da Ag\u00eancia iNFRA O\u00a0Novo\u00a0PAC\u00a0deve ser\u00a0anunciado\u00a0no come\u00e7o de\u00a0agosto, ap\u00f3s o recesso parlamentar, de acordo com a Casa Civil. O ministro da pasta, Rui Costa, chegou a anunciar o lan\u00e7amento do programa para 27 de julho, mas teve que voltar atr\u00e1s por determina\u00e7\u00e3o do\u00a0presidente\u00a0Lula. O presidente pediu para\u00a0mudar a data prevista inicialmente da cerim\u00f4nia de [&hellip;]\" \/>\n<meta property=\"og:url\" content=\"https:\/\/agenciainfra.com\/blog\/lula-quer-novo-pac-lancado-em-agosto-anunciado-na-volta-dos-parlamentares-a-brasilia\/\" \/>\n<meta property=\"og:site_name\" content=\"Ag\u00eancia iNFRA\" \/>\n<meta property=\"article:publisher\" content=\"https:\/\/www.facebook.com\/ageninfra\" \/>\n<meta property=\"article:published_time\" content=\"2023-07-20T12:00:00+00:00\" \/>\n<meta property=\"og:image\" content=\"https:\/\/agenciainfra.com\/blog\/wp-content\/uploads\/2022\/08\/Congresso-e-Palacio-do-Planalto-foto-Roque-de-Sa-Agencia-Senado.jpeg\" \/>\n\t<meta property=\"og:image:width\" content=\"1280\" \/>\n\t<meta property=\"og:image:height\" content=\"853\" \/>\n\t<meta property=\"og:image:type\" content=\"image\/jpeg\" \/>\n<meta name=\"author\" content=\"Ag\u00eancia iNFRA\" \/>\n<meta name=\"twitter:card\" content=\"summary_large_image\" \/>\n<meta name=\"twitter:creator\" content=\"@agencia_infra\" \/>\n<meta name=\"twitter:site\" content=\"@agencia_infra\" \/>\n<meta name=\"twitter:label1\" content=\"Escrito por\" \/>\n\t<meta name=\"twitter:data1\" content=\"Ag\u00eancia iNFRA\" \/>\n\t<meta name=\"twitter:label2\" content=\"Est. tempo de leitura\" \/>\n\t<meta name=\"twitter:data2\" content=\"3 minutos\" \/>\n<script type=\"application\/ld+json\" class=\"yoast-schema-graph\">{\"@context\":\"https:\/\/schema.org\",\"@graph\":[{\"@type\":\"Article\",\"@id\":\"https:\/\/agenciainfra.com\/blog\/lula-quer-novo-pac-lancado-em-agosto-anunciado-na-volta-dos-parlamentares-a-brasilia\/#article\",\"isPartOf\":{\"@id\":\"https:\/\/agenciainfra.com\/blog\/lula-quer-novo-pac-lancado-em-agosto-anunciado-na-volta-dos-parlamentares-a-brasilia\/\"},\"author\":{\"name\":\"Ag\u00eancia iNFRA\",\"@id\":\"https:\/\/agenciainfra.com\/blog\/#\/schema\/person\/34af08dff6adea4cb22b06612ba7acfa\"},\"headline\":\"Lula quer Novo PAC lan\u00e7ado em agosto, anunciado na volta dos parlamentares a Bras\u00edlia\",\"datePublished\":\"2023-07-20T12:00:00+00:00\",\"mainEntityOfPage\":{\"@id\":\"https:\/\/agenciainfra.com\/blog\/lula-quer-novo-pac-lancado-em-agosto-anunciado-na-volta-dos-parlamentares-a-brasilia\/\"},\"wordCount\":684,\"publisher\":{\"@id\":\"https:\/\/agenciainfra.com\/blog\/#organization\"},\"image\":{\"@id\":\"https:\/\/agenciainfra.com\/blog\/lula-quer-novo-pac-lancado-em-agosto-anunciado-na-volta-dos-parlamentares-a-brasilia\/#primaryimage\"},\"thumbnailUrl\":\"https:\/\/agenciainfra.com\/blog\/wp-content\/uploads\/2022\/08\/Congresso-e-Palacio-do-Planalto-foto-Roque-de-Sa-Agencia-Senado.jpeg\",\"keywords\":[\"Casa Civil\",\"Congresso Nacional\",\"Fernando Haddad\",\"Governo Lula\",\"Infraestrutura\",\"Investimentos\",\"lan\u00e7amento\",\"Novo PAC\",\"obras\",\"PPPs\",\"projetos\",\"Rui Costa\"],\"articleSection\":[\"Geral\",\"iNFRATransporte\"],\"inLanguage\":\"pt-BR\",\"copyrightYear\":\"2023\",\"copyrightHolder\":{\"@id\":\"https:\/\/agenciainfra.com\/blog\/#organization\"}},{\"@type\":\"WebPage\",\"@id\":\"https:\/\/agenciainfra.com\/blog\/lula-quer-novo-pac-lancado-em-agosto-anunciado-na-volta-dos-parlamentares-a-brasilia\/\",\"url\":\"https:\/\/agenciainfra.com\/blog\/lula-quer-novo-pac-lancado-em-agosto-anunciado-na-volta-dos-parlamentares-a-brasilia\/\",\"name\":\"Lula quer Novo PAC lan\u00e7ado em agosto, anunciado na volta dos parlamentares a Bras\u00edlia - Ag\u00eancia iNFRA\",\"isPartOf\":{\"@id\":\"https:\/\/agenciainfra.com\/blog\/#website\"},\"primaryImageOfPage\":{\"@id\":\"https:\/\/agenciainfra.com\/blog\/lula-quer-novo-pac-lancado-em-agosto-anunciado-na-volta-dos-parlamentares-a-brasilia\/#primaryimage\"},\"image\":{\"@id\":\"https:\/\/agenciainfra.com\/blog\/lula-quer-novo-pac-lancado-em-agosto-anunciado-na-volta-dos-parlamentares-a-brasilia\/#primaryimage\"},\"thumbnailUrl\":\"https:\/\/agenciainfra.com\/blog\/wp-content\/uploads\/2022\/08\/Congresso-e-Palacio-do-Planalto-foto-Roque-de-Sa-Agencia-Senado.jpeg\",\"datePublished\":\"2023-07-20T12:00:00+00:00\",\"breadcrumb\":{\"@id\":\"https:\/\/agenciainfra.com\/blog\/lula-quer-novo-pac-lancado-em-agosto-anunciado-na-volta-dos-parlamentares-a-brasilia\/#breadcrumb\"},\"inLanguage\":\"pt-BR\",\"potentialAction\":[{\"@type\":\"ReadAction\",\"target\":[\"https:\/\/agenciainfra.com\/blog\/lula-quer-novo-pac-lancado-em-agosto-anunciado-na-volta-dos-parlamentares-a-brasilia\/\"]}]},{\"@type\":\"ImageObject\",\"inLanguage\":\"pt-BR\",\"@id\":\"https:\/\/agenciainfra.com\/blog\/lula-quer-novo-pac-lancado-em-agosto-anunciado-na-volta-dos-parlamentares-a-brasilia\/#primaryimage\",\"url\":\"https:\/\/agenciainfra.com\/blog\/wp-content\/uploads\/2022\/08\/Congresso-e-Palacio-do-Planalto-foto-Roque-de-Sa-Agencia-Senado.jpeg\",\"contentUrl\":\"https:\/\/agenciainfra.com\/blog\/wp-content\/uploads\/2022\/08\/Congresso-e-Palacio-do-Planalto-foto-Roque-de-Sa-Agencia-Senado.jpeg\",\"width\":1280,\"height\":853},{\"@type\":\"BreadcrumbList\",\"@id\":\"https:\/\/agenciainfra.com\/blog\/lula-quer-novo-pac-lancado-em-agosto-anunciado-na-volta-dos-parlamentares-a-brasilia\/#breadcrumb\",\"itemListElement\":[{\"@type\":\"ListItem\",\"position\":1,\"name\":\"In\u00edcio\",\"item\":\"https:\/\/agenciainfra.com\/blog\/\"},{\"@type\":\"ListItem\",\"position\":2,\"name\":\"Lula quer Novo PAC lan\u00e7ado em agosto, anunciado na volta dos parlamentares a Bras\u00edlia\"}]},{\"@type\":\"WebSite\",\"@id\":\"https:\/\/agenciainfra.com\/blog\/#website\",\"url\":\"https:\/\/agenciainfra.com\/blog\/\",\"name\":\"Ag\u00eancia iNFRA\",\"description\":\"Multiplataforma de informa\u00e7\u00e3o jornal\u00edstica refer\u00eancia na \u00e1rea de infraestrutura no Brasil!\",\"publisher\":{\"@id\":\"https:\/\/agenciainfra.com\/blog\/#organization\"},\"potentialAction\":[{\"@type\":\"SearchAction\",\"target\":{\"@type\":\"EntryPoint\",\"urlTemplate\":\"https:\/\/agenciainfra.com\/blog\/?s={search_term_string}\"},\"query-input\":{\"@type\":\"PropertyValueSpecification\",\"valueRequired\":true,\"valueName\":\"search_term_string\"}}],\"inLanguage\":\"pt-BR\"},{\"@type\":\"Organization\",\"@id\":\"https:\/\/agenciainfra.com\/blog\/#organization\",\"name\":\"Ag\u00eancia iNFRA\",\"url\":\"https:\/\/agenciainfra.com\/blog\/\",\"logo\":{\"@type\":\"ImageObject\",\"inLanguage\":\"pt-BR\",\"@id\":\"https:\/\/agenciainfra.com\/blog\/#\/schema\/logo\/image\/\",\"url\":\"https:\/\/agenciainfra.com\/blog\/wp-content\/uploads\/2023\/09\/iNFRA_5-e1761735885940.png\",\"contentUrl\":\"https:\/\/agenciainfra.com\/blog\/wp-content\/uploads\/2023\/09\/iNFRA_5-e1761735885940.png\",\"width\":1672,\"height\":454,\"caption\":\"Ag\u00eancia iNFRA\"},\"image\":{\"@id\":\"https:\/\/agenciainfra.com\/blog\/#\/schema\/logo\/image\/\"},\"sameAs\":[\"https:\/\/www.facebook.com\/ageninfra\",\"https:\/\/x.com\/agencia_infra\",\"https:\/\/www.linkedin.com\/company\/ag\u00eanciainfra\/\",\"https:\/\/www.instagram.com\/agenciainfra\/\"]},{\"@type\":\"Person\",\"@id\":\"https:\/\/agenciainfra.com\/blog\/#\/schema\/person\/34af08dff6adea4cb22b06612ba7acfa\",\"name\":\"Ag\u00eancia iNFRA\",\"image\":{\"@type\":\"ImageObject\",\"inLanguage\":\"pt-BR\",\"@id\":\"https:\/\/agenciainfra.com\/blog\/#\/schema\/person\/image\/\",\"url\":\"https:\/\/secure.gravatar.com\/avatar\/d189e01678f06d8eb84d4e01f08eb848b3fffe3f8443818d3c356c66892f5be8?s=96&d=mm&r=g\",\"contentUrl\":\"https:\/\/secure.gravatar.com\/avatar\/d189e01678f06d8eb84d4e01f08eb848b3fffe3f8443818d3c356c66892f5be8?s=96&d=mm&r=g\",\"caption\":\"Ag\u00eancia iNFRA\"},\"url\":\"https:\/\/agenciainfra.com\/blog\/author\/admin\/\"}]}<\/script>\n<!-- \/ Yoast SEO Premium plugin. -->","yoast_head_json":{"title":"Lula quer Novo PAC lan\u00e7ado em agosto, anunciado na volta dos parlamentares a Bras\u00edlia - Ag\u00eancia iNFRA","robots":{"index":"index","follow":"follow","max-snippet":"max-snippet:-1","max-image-preview":"max-image-preview:large","max-video-preview":"max-video-preview:-1"},"canonical":"https:\/\/agenciainfra.com\/blog\/lula-quer-novo-pac-lancado-em-agosto-anunciado-na-volta-dos-parlamentares-a-brasilia\/","og_locale":"pt_BR","og_type":"article","og_title":"Lula quer Novo PAC lan\u00e7ado em agosto, anunciado na volta dos parlamentares a Bras\u00edlia","og_description":"Jenifer Ribeiro, da Ag\u00eancia iNFRA O\u00a0Novo\u00a0PAC\u00a0deve ser\u00a0anunciado\u00a0no come\u00e7o de\u00a0agosto, ap\u00f3s o recesso parlamentar, de acordo com a Casa Civil. O ministro da pasta, Rui Costa, chegou a anunciar o lan\u00e7amento do programa para 27 de julho, mas teve que voltar atr\u00e1s por determina\u00e7\u00e3o do\u00a0presidente\u00a0Lula. O presidente pediu para\u00a0mudar a data prevista inicialmente da cerim\u00f4nia de [&hellip;]","og_url":"https:\/\/agenciainfra.com\/blog\/lula-quer-novo-pac-lancado-em-agosto-anunciado-na-volta-dos-parlamentares-a-brasilia\/","og_site_name":"Ag\u00eancia iNFRA","article_publisher":"https:\/\/www.facebook.com\/ageninfra","article_published_time":"2023-07-20T12:00:00+00:00","og_image":[{"width":1280,"height":853,"url":"https:\/\/agenciainfra.com\/blog\/wp-content\/uploads\/2022\/08\/Congresso-e-Palacio-do-Planalto-foto-Roque-de-Sa-Agencia-Senado.jpeg","type":"image\/jpeg"}],"author":"Ag\u00eancia iNFRA","twitter_card":"summary_large_image","twitter_creator":"@agencia_infra","twitter_site":"@agencia_infra","twitter_misc":{"Escrito por":"Ag\u00eancia iNFRA","Est. tempo de leitura":"3 minutos"},"schema":{"@context":"https:\/\/schema.org","@graph":[{"@type":"Article","@id":"https:\/\/agenciainfra.com\/blog\/lula-quer-novo-pac-lancado-em-agosto-anunciado-na-volta-dos-parlamentares-a-brasilia\/#article","isPartOf":{"@id":"https:\/\/agenciainfra.com\/blog\/lula-quer-novo-pac-lancado-em-agosto-anunciado-na-volta-dos-parlamentares-a-brasilia\/"},"author":{"name":"Ag\u00eancia iNFRA","@id":"https:\/\/agenciainfra.com\/blog\/#\/schema\/person\/34af08dff6adea4cb22b06612ba7acfa"},"headline":"Lula quer Novo PAC lan\u00e7ado em agosto, anunciado na volta dos parlamentares a Bras\u00edlia","datePublished":"2023-07-20T12:00:00+00:00","mainEntityOfPage":{"@id":"https:\/\/agenciainfra.com\/blog\/lula-quer-novo-pac-lancado-em-agosto-anunciado-na-volta-dos-parlamentares-a-brasilia\/"},"wordCount":684,"publisher":{"@id":"https:\/\/agenciainfra.com\/blog\/#organization"},"image":{"@id":"https:\/\/agenciainfra.com\/blog\/lula-quer-novo-pac-lancado-em-agosto-anunciado-na-volta-dos-parlamentares-a-brasilia\/#primaryimage"},"thumbnailUrl":"https:\/\/agenciainfra.com\/blog\/wp-content\/uploads\/2022\/08\/Congresso-e-Palacio-do-Planalto-foto-Roque-de-Sa-Agencia-Senado.jpeg","keywords":["Casa Civil","Congresso Nacional","Fernando Haddad","Governo Lula","Infraestrutura","Investimentos","lan\u00e7amento","Novo PAC","obras","PPPs","projetos","Rui Costa"],"articleSection":["Geral","iNFRATransporte"],"inLanguage":"pt-BR","copyrightYear":"2023","copyrightHolder":{"@id":"https:\/\/agenciainfra.com\/blog\/#organization"}},{"@type":"WebPage","@id":"https:\/\/agenciainfra.com\/blog\/lula-quer-novo-pac-lancado-em-agosto-anunciado-na-volta-dos-parlamentares-a-brasilia\/","url":"https:\/\/agenciainfra.com\/blog\/lula-quer-novo-pac-lancado-em-agosto-anunciado-na-volta-dos-parlamentares-a-brasilia\/","name":"Lula quer Novo PAC lan\u00e7ado em agosto, anunciado na volta dos parlamentares a Bras\u00edlia - Ag\u00eancia iNFRA","isPartOf":{"@id":"https:\/\/agenciainfra.com\/blog\/#website"},"primaryImageOfPage":{"@id":"https:\/\/agenciainfra.com\/blog\/lula-quer-novo-pac-lancado-em-agosto-anunciado-na-volta-dos-parlamentares-a-brasilia\/#primaryimage"},"image":{"@id":"https:\/\/agenciainfra.com\/blog\/lula-quer-novo-pac-lancado-em-agosto-anunciado-na-volta-dos-parlamentares-a-brasilia\/#primaryimage"},"thumbnailUrl":"https:\/\/agenciainfra.com\/blog\/wp-content\/uploads\/2022\/08\/Congresso-e-Palacio-do-Planalto-foto-Roque-de-Sa-Agencia-Senado.jpeg","datePublished":"2023-07-20T12:00:00+00:00","breadcrumb":{"@id":"https:\/\/agenciainfra.com\/blog\/lula-quer-novo-pac-lancado-em-agosto-anunciado-na-volta-dos-parlamentares-a-brasilia\/#breadcrumb"},"inLanguage":"pt-BR","potentialAction":[{"@type":"ReadAction","target":["https:\/\/agenciainfra.com\/blog\/lula-quer-novo-pac-lancado-em-agosto-anunciado-na-volta-dos-parlamentares-a-brasilia\/"]}]},{"@type":"ImageObject","inLanguage":"pt-BR","@id":"https:\/\/agenciainfra.com\/blog\/lula-quer-novo-pac-lancado-em-agosto-anunciado-na-volta-dos-parlamentares-a-brasilia\/#primaryimage","url":"https:\/\/agenciainfra.com\/blog\/wp-content\/uploads\/2022\/08\/Congresso-e-Palacio-do-Planalto-foto-Roque-de-Sa-Agencia-Senado.jpeg","contentUrl":"https:\/\/agenciainfra.com\/blog\/wp-content\/uploads\/2022\/08\/Congresso-e-Palacio-do-Planalto-foto-Roque-de-Sa-Agencia-Senado.jpeg","width":1280,"height":853},{"@type":"BreadcrumbList","@id":"https:\/\/agenciainfra.com\/blog\/lula-quer-novo-pac-lancado-em-agosto-anunciado-na-volta-dos-parlamentares-a-brasilia\/#breadcrumb","itemListElement":[{"@type":"ListItem","position":1,"name":"In\u00edcio","item":"https:\/\/agenciainfra.com\/blog\/"},{"@type":"ListItem","position":2,"name":"Lula quer Novo PAC lan\u00e7ado em agosto, anunciado na volta dos parlamentares a Bras\u00edlia"}]},{"@type":"WebSite","@id":"https:\/\/agenciainfra.com\/blog\/#website","url":"https:\/\/agenciainfra.com\/blog\/","name":"Ag\u00eancia iNFRA","description":"Multiplataforma de informa\u00e7\u00e3o jornal\u00edstica refer\u00eancia na \u00e1rea de infraestrutura no Brasil!","publisher":{"@id":"https:\/\/agenciainfra.com\/blog\/#organization"},"potentialAction":[{"@type":"SearchAction","target":{"@type":"EntryPoint","urlTemplate":"https:\/\/agenciainfra.com\/blog\/?s={search_term_string}"},"query-input":{"@type":"PropertyValueSpecification","valueRequired":true,"valueName":"search_term_string"}}],"inLanguage":"pt-BR"},{"@type":"Organization","@id":"https:\/\/agenciainfra.com\/blog\/#organization","name":"Ag\u00eancia iNFRA","url":"https:\/\/agenciainfra.com\/blog\/","logo":{"@type":"ImageObject","inLanguage":"pt-BR","@id":"https:\/\/agenciainfra.com\/blog\/#\/schema\/logo\/image\/","url":"https:\/\/agenciainfra.com\/blog\/wp-content\/uploads\/2023\/09\/iNFRA_5-e1761735885940.png","contentUrl":"https:\/\/agenciainfra.com\/blog\/wp-content\/uploads\/2023\/09\/iNFRA_5-e1761735885940.png","width":1672,"height":454,"caption":"Ag\u00eancia iNFRA"},"image":{"@id":"https:\/\/agenciainfra.com\/blog\/#\/schema\/logo\/image\/"},"sameAs":["https:\/\/www.facebook.com\/ageninfra","https:\/\/x.com\/agencia_infra","https:\/\/www.linkedin.com\/company\/ag\u00eanciainfra\/","https:\/\/www.instagram.com\/agenciainfra\/"]},{"@type":"Person","@id":"https:\/\/agenciainfra.com\/blog\/#\/schema\/person\/34af08dff6adea4cb22b06612ba7acfa","name":"Ag\u00eancia iNFRA","image":{"@type":"ImageObject","inLanguage":"pt-BR","@id":"https:\/\/agenciainfra.com\/blog\/#\/schema\/person\/image\/","url":"https:\/\/secure.gravatar.com\/avatar\/d189e01678f06d8eb84d4e01f08eb848b3fffe3f8443818d3c356c66892f5be8?s=96&d=mm&r=g","contentUrl":"https:\/\/secure.gravatar.com\/avatar\/d189e01678f06d8eb84d4e01f08eb848b3fffe3f8443818d3c356c66892f5be8?s=96&d=mm&r=g","caption":"Ag\u00eancia iNFRA"},"url":"https:\/\/agenciainfra.com\/blog\/author\/admin\/"}]}},"_links":{"self":[{"href":"https:\/\/agenciainfra.com\/blog\/wp-json\/wp\/v2\/posts\/13095","targetHints":{"allow":["GET"]}}],"collection":[{"href":"https:\/\/agenciainfra.com\/blog\/wp-json\/wp\/v2\/posts"}],"about":[{"href":"https:\/\/agenciainfra.com\/blog\/wp-json\/wp\/v2\/types\/post"}],"author":[{"embeddable":true,"href":"https:\/\/agenciainfra.com\/blog\/wp-json\/wp\/v2\/users\/1"}],"replies":[{"embeddable":true,"href":"https:\/\/agenciainfra.com\/blog\/wp-json\/wp\/v2\/comments?post=13095"}],"version-history":[{"count":0,"href":"https:\/\/agenciainfra.com\/blog\/wp-json\/wp\/v2\/posts\/13095\/revisions"}],"wp:featuredmedia":[{"embeddable":true,"href":"https:\/\/agenciainfra.com\/blog\/wp-json\/wp\/v2\/media\/11203"}],"wp:attachment":[{"href":"https:\/\/agenciainfra.com\/blog\/wp-json\/wp\/v2\/media?parent=13095"}],"wp:term":[{"taxonomy":"category","embeddable":true,"href":"https:\/\/agenciainfra.com\/blog\/wp-json\/wp\/v2\/categories?post=13095"},{"taxonomy":"post_tag","embeddable":true,"href":"https:\/\/agenciainfra.com\/blog\/wp-json\/wp\/v2\/tags?post=13095"}],"curies":[{"name":"wp","href":"https:\/\/api.w.org\/{rel}","templated":true}]}}