{"id":13105,"date":"2023-07-21T09:00:00","date_gmt":"2023-07-21T12:00:00","guid":{"rendered":"https:\/\/www.agenciainfra.com\/blog\/?p=13105"},"modified":"2023-07-20T11:18:52","modified_gmt":"2023-07-20T14:18:52","slug":"presidente-do-tcu-sugere-revisao-de-modelo-de-recursos-para-evitar-prescricao-de-tces","status":"publish","type":"post","link":"https:\/\/agenciainfra.com\/blog\/presidente-do-tcu-sugere-revisao-de-modelo-de-recursos-para-evitar-prescricao-de-tces\/","title":{"rendered":"Presidente do TCU sugere revis\u00e3o de modelo de recursos para evitar prescri\u00e7\u00e3o de TCEs"},"content":{"rendered":"\n<p class=\"has-text-align-right\"><strong>Dimmi Amora, da Ag\u00eancia iNFRA<\/strong><\/p>\n\n\n\n<p>O&nbsp;presidente&nbsp;do&nbsp;TCU&nbsp;(Tribunal de Contas da Uni\u00e3o), ministro Bruno Dantas, sugeriu que o \u00f3rg\u00e3o precisa se debru\u00e7ar numa&nbsp;revis\u00e3o&nbsp;de suas normas internas sobre&nbsp;recursos&nbsp;nos processos&nbsp;para&nbsp;evitar&nbsp;que &#8220;a&nbsp;prescri\u00e7\u00e3o&nbsp;seja a regra&#8221;.<br><br>A defesa foi feita durante a sess\u00e3o plen\u00e1ria de 5 de julho, quando os ministros analisavam um processo decorrente de uma condena\u00e7\u00e3o da opera\u00e7\u00e3o Lava Jato, que trata de ressarcimento por danos aos cofres p\u00fablicos na implanta\u00e7\u00e3o de tubovias na Refinaria Abreu e Lima, da Petrobras, em Pernambuco.<br><br>Nesse e em outras dezenas de processos, o&nbsp;TCU&nbsp;abriu as chamadas TCE (Tomadas de Contas Especiais), processo no qual o \u00f3rg\u00e3o apura o dano ao er\u00e1rio, ou seja, aquilo que foi pago indevidamente pela obra ou servi\u00e7o, e avalia quem devem ser os respons\u00e1veis pelo ressarcimento integral desse dano.<br><br>Pelas regras, todos os responsabilizados pelo dano, n\u00e3o importando o que tenha feito, devem pagar pelo valor. As condena\u00e7\u00f5es da Lava Jato mostraram que esse procedimento na pr\u00e1tica \u00e9 in\u00f3cuo, j\u00e1 que, com condena\u00e7\u00f5es bilion\u00e1rias, pessoas f\u00edsicas e at\u00e9 mesmo empresas n\u00e3o t\u00eam como pagar.<br><br>At\u00e9 o ano passado, esses processos ficavam anos em cobran\u00e7a, a maior parte das vezes sem efeito, porque eram considerados imprescrit\u00edveis. Mas, desde o ano passado, o STF (Supremo Tribunal Federal) reviu sua jurisprud\u00eancia e passou a considerar o prazo de cinco anos&nbsp;para&nbsp;a cobran\u00e7a&nbsp;do&nbsp;dano.<br><br><strong>Prescri\u00e7\u00e3o<\/strong><br>Na pr\u00e1tica, segundo um dos ministros em plen\u00e1rio, Walton Alencar, entre um ter\u00e7o e metade dos processos de TCE que ele leva ao plen\u00e1rio est\u00e3o prescritos. Ele criticou a mudan\u00e7a da jurisprud\u00eancia&nbsp;do&nbsp;STF, mas disse que ser\u00e1 necess\u00e1rio agora se adaptar.<br><br>Ele pediu que sejam feitas revis\u00f5es n\u00e3o apenas no&nbsp;modelo&nbsp;de&nbsp;recursos&nbsp;previstos, mas tamb\u00e9m na forma como as&nbsp;TCEs&nbsp;s\u00e3o apuradas previamente nos minist\u00e9rios e \u00f3rg\u00e3os estatais, al\u00e9m da implanta\u00e7\u00e3o&nbsp;de prazos rigorosos, inclusive no&nbsp;TCU,&nbsp;para&nbsp;a execu\u00e7\u00e3o dos atos processuais nas tomadas de contas.<br><br>Outra mudan\u00e7a interna que j\u00e1 est\u00e1 em andamento \u00e9 a&nbsp;revis\u00e3o&nbsp;da forma como ser\u00e3o&nbsp;responsabilizadas as pessoas f\u00edsicas e jur\u00eddicas nos casos de dano ao er\u00e1rio. Um grupo de trabalho criado no \u00f3rg\u00e3o apresentou propostas de mudan\u00e7a no&nbsp;modelo&nbsp;atual, de repartir o dano entre todos igualmente, ao ministro Benjamin Zymler, relator&nbsp;do&nbsp;processo desse&nbsp;processo espec\u00edfico de mudan\u00e7a (008.353\/2023-9, cujo ac\u00f3rd\u00e3o da sess\u00e3o&nbsp;do&nbsp;dia 5, que adianta alguns pontos&nbsp;do&nbsp;relat\u00f3rio&nbsp;do&nbsp;grupo, pode ser visto&nbsp;<a href=\"https:\/\/agenciainfra.us14.list-manage.com\/track\/click?u=d460dd1bcf9ba0ae040e1fc0f&amp;id=c34fc6684e&amp;e=f0fa444791\" target=\"_blank\" rel=\"noreferrer noopener\">neste link<\/a>).<br><br><strong>Realidade<\/strong><br>Segundo Zymler, ser\u00e1 necess\u00e1rio mudar a jurisprud\u00eancia&nbsp;do&nbsp;\u00f3rg\u00e3o&nbsp;para&nbsp;se chegar a um&nbsp;modelo&nbsp;novo de cobran\u00e7a, j\u00e1 que,&nbsp;para&nbsp;ele, &#8220;olhado por um prisma consequencialista e pragm\u00e1tico, de nada adianta condenar a bilh\u00f5es de reais pessoas f\u00edsicas e jur\u00eddicas&#8221;.<br><br>A tentativa trabalhada \u00e9 que seja poss\u00edvel ao \u00f3rg\u00e3o determinar graus de culpa&nbsp;para&nbsp;cada um dos agentes e, a partir disso, ter valores mais pr\u00f3ximos da realidade estipulados como dano a cada um.<br><br>&#8220;Estamos buscando renda m\u00e9dia das fam\u00edlias, das empresas, por tipo de empresa. [A inten\u00e7\u00e3o \u00e9 ter] propor\u00e7\u00f5es e grada\u00e7\u00f5es&nbsp;para&nbsp;uma m\u00e9dia ponderada&nbsp;para&nbsp;balizar limites m\u00e1ximos em caso concreto&#8221;, disse Zymler na sess\u00e3o.<br><br><strong>Apag\u00e3o das canetas<\/strong><br>Ele e a procuradora&nbsp;do&nbsp;TCU, Cristina Machado, lembraram que a mudan\u00e7a&nbsp;do&nbsp;\u00f3rg\u00e3o visa especialmente os servidores p\u00fablicos que t\u00eam que tomar decis\u00f5es sobre investimentos de grande porte e se sentem de alguma maneira amea\u00e7ados pelas regras de ressarcimento&nbsp;do&nbsp;dano, citando o apelidado &#8220;apag\u00e3o das canetas&#8221;.<br><br>Zymler lembrou que a mudan\u00e7a na forma de avaliar o tema pode colaborar com os processos de inova\u00e7\u00e3o na administra\u00e7\u00e3o p\u00fablica, citando as possibilidades apresentadas na nova Lei de Licita\u00e7\u00f5es.<br><br>&#8220;A nova Lei de Licita\u00e7\u00f5es \u00e9 um cat\u00e1logo de institutos que, sem ousadia e vontade de inovar, ser\u00e1 um ato abstrato, sem aplica\u00e7\u00e3o concreta&#8221;, disse Zymler.<\/p>\n","protected":false},"excerpt":{"rendered":"<p>Dimmi Amora, da Ag\u00eancia iNFRA O&nbsp;presidente&nbsp;do&nbsp;TCU&nbsp;(Tribunal de Contas da Uni\u00e3o), ministro Bruno Dantas, sugeriu que o \u00f3rg\u00e3o precisa se debru\u00e7ar numa&nbsp;revis\u00e3o&nbsp;de suas normas internas sobre&nbsp;recursos&nbsp;nos processos&nbsp;para&nbsp;evitar&nbsp;que &#8220;a&nbsp;prescri\u00e7\u00e3o&nbsp;seja a regra&#8221;. A defesa foi feita durante a sess\u00e3o plen\u00e1ria de 5 de julho, quando os ministros analisavam um processo decorrente de uma condena\u00e7\u00e3o da opera\u00e7\u00e3o Lava Jato, [&hellip;]<\/p>\n","protected":false},"author":1,"featured_media":3844,"comment_status":"closed","ping_status":"closed","sticky":false,"template":"","format":"standard","meta":{"_monsterinsights_skip_tracking":false,"_monsterinsights_sitenote_active":false,"_monsterinsights_sitenote_note":"","_monsterinsights_sitenote_category":0,"footnotes":""},"categories":[1,7],"tags":[490,396,101,143,7066,7064,372,7063,18,7065,7062,1204],"class_list":["post-13105","post","type-post","status-publish","format-standard","has-post-thumbnail","hentry","category-geral","category-infratransporte","tag-benjamin-zymler","tag-bruno-dantas","tag-lava-jato","tag-petrobras","tag-prescricao","tag-recursos","tag-stf","tag-tce","tag-tcu","tag-tomadas-de-contas-especiais","tag-tubovias","tag-walton-alencar"],"yoast_head":"<!-- This site is optimized with the Yoast SEO Premium plugin v25.4 (Yoast SEO v26.0) - https:\/\/yoast.com\/wordpress\/plugins\/seo\/ -->\n<title>Presidente do TCU sugere revis\u00e3o de modelo de recursos para evitar prescri\u00e7\u00e3o de TCEs - Ag\u00eancia iNFRA<\/title>\n<meta name=\"robots\" content=\"index, follow, max-snippet:-1, max-image-preview:large, max-video-preview:-1\" \/>\n<link rel=\"canonical\" href=\"https:\/\/agenciainfra.com\/blog\/presidente-do-tcu-sugere-revisao-de-modelo-de-recursos-para-evitar-prescricao-de-tces\/\" \/>\n<meta property=\"og:locale\" content=\"pt_BR\" \/>\n<meta property=\"og:type\" content=\"article\" \/>\n<meta property=\"og:title\" content=\"Presidente do TCU sugere revis\u00e3o de modelo de recursos para evitar prescri\u00e7\u00e3o de TCEs\" \/>\n<meta property=\"og:description\" content=\"Dimmi Amora, da Ag\u00eancia iNFRA O&nbsp;presidente&nbsp;do&nbsp;TCU&nbsp;(Tribunal de Contas da Uni\u00e3o), ministro Bruno Dantas, sugeriu que o \u00f3rg\u00e3o precisa se debru\u00e7ar numa&nbsp;revis\u00e3o&nbsp;de suas normas internas sobre&nbsp;recursos&nbsp;nos processos&nbsp;para&nbsp;evitar&nbsp;que &#8220;a&nbsp;prescri\u00e7\u00e3o&nbsp;seja a regra&#8221;. A defesa foi feita durante a sess\u00e3o plen\u00e1ria de 5 de julho, quando os ministros analisavam um processo decorrente de uma condena\u00e7\u00e3o da opera\u00e7\u00e3o Lava Jato, [&hellip;]\" \/>\n<meta property=\"og:url\" content=\"https:\/\/agenciainfra.com\/blog\/presidente-do-tcu-sugere-revisao-de-modelo-de-recursos-para-evitar-prescricao-de-tces\/\" \/>\n<meta property=\"og:site_name\" content=\"Ag\u00eancia iNFRA\" \/>\n<meta property=\"article:publisher\" content=\"https:\/\/www.facebook.com\/ageninfra\" \/>\n<meta property=\"article:published_time\" content=\"2023-07-21T12:00:00+00:00\" \/>\n<meta property=\"og:image\" content=\"https:\/\/agenciainfra.com\/blog\/wp-content\/uploads\/2019\/10\/Bruno-Dantas-Glaucio-Dettmar-Agencia-CNJ.jpg\" \/>\n\t<meta property=\"og:image:width\" content=\"1280\" \/>\n\t<meta property=\"og:image:height\" content=\"854\" \/>\n\t<meta property=\"og:image:type\" content=\"image\/jpeg\" \/>\n<meta name=\"author\" content=\"Ag\u00eancia iNFRA\" \/>\n<meta name=\"twitter:card\" content=\"summary_large_image\" \/>\n<meta name=\"twitter:creator\" content=\"@agencia_infra\" \/>\n<meta name=\"twitter:site\" content=\"@agencia_infra\" \/>\n<meta name=\"twitter:label1\" content=\"Escrito por\" \/>\n\t<meta name=\"twitter:data1\" content=\"Ag\u00eancia iNFRA\" \/>\n\t<meta name=\"twitter:label2\" content=\"Est. tempo de leitura\" \/>\n\t<meta name=\"twitter:data2\" content=\"4 minutos\" \/>\n<script type=\"application\/ld+json\" class=\"yoast-schema-graph\">{\"@context\":\"https:\/\/schema.org\",\"@graph\":[{\"@type\":\"Article\",\"@id\":\"https:\/\/agenciainfra.com\/blog\/presidente-do-tcu-sugere-revisao-de-modelo-de-recursos-para-evitar-prescricao-de-tces\/#article\",\"isPartOf\":{\"@id\":\"https:\/\/agenciainfra.com\/blog\/presidente-do-tcu-sugere-revisao-de-modelo-de-recursos-para-evitar-prescricao-de-tces\/\"},\"author\":{\"name\":\"Ag\u00eancia iNFRA\",\"@id\":\"https:\/\/agenciainfra.com\/blog\/#\/schema\/person\/34af08dff6adea4cb22b06612ba7acfa\"},\"headline\":\"Presidente do TCU sugere revis\u00e3o de modelo de recursos para evitar prescri\u00e7\u00e3o de TCEs\",\"datePublished\":\"2023-07-21T12:00:00+00:00\",\"mainEntityOfPage\":{\"@id\":\"https:\/\/agenciainfra.com\/blog\/presidente-do-tcu-sugere-revisao-de-modelo-de-recursos-para-evitar-prescricao-de-tces\/\"},\"wordCount\":792,\"publisher\":{\"@id\":\"https:\/\/agenciainfra.com\/blog\/#organization\"},\"image\":{\"@id\":\"https:\/\/agenciainfra.com\/blog\/presidente-do-tcu-sugere-revisao-de-modelo-de-recursos-para-evitar-prescricao-de-tces\/#primaryimage\"},\"thumbnailUrl\":\"https:\/\/agenciainfra.com\/blog\/wp-content\/uploads\/2019\/10\/Bruno-Dantas-Glaucio-Dettmar-Agencia-CNJ.jpg\",\"keywords\":[\"Benjamin Zymler\",\"Bruno Dantas\",\"Lava Jato\",\"Petrobras\",\"prescri\u00e7\u00e3o\",\"recursos\",\"STF\",\"TCE\",\"TCU\",\"Tomadas de Contas Especiais\",\"tubovias\",\"Walton Alencar\"],\"articleSection\":[\"Geral\",\"iNFRATransporte\"],\"inLanguage\":\"pt-BR\",\"copyrightYear\":\"2023\",\"copyrightHolder\":{\"@id\":\"https:\/\/agenciainfra.com\/blog\/#organization\"}},{\"@type\":\"WebPage\",\"@id\":\"https:\/\/agenciainfra.com\/blog\/presidente-do-tcu-sugere-revisao-de-modelo-de-recursos-para-evitar-prescricao-de-tces\/\",\"url\":\"https:\/\/agenciainfra.com\/blog\/presidente-do-tcu-sugere-revisao-de-modelo-de-recursos-para-evitar-prescricao-de-tces\/\",\"name\":\"Presidente do TCU sugere revis\u00e3o de modelo de recursos para evitar prescri\u00e7\u00e3o de TCEs - Ag\u00eancia iNFRA\",\"isPartOf\":{\"@id\":\"https:\/\/agenciainfra.com\/blog\/#website\"},\"primaryImageOfPage\":{\"@id\":\"https:\/\/agenciainfra.com\/blog\/presidente-do-tcu-sugere-revisao-de-modelo-de-recursos-para-evitar-prescricao-de-tces\/#primaryimage\"},\"image\":{\"@id\":\"https:\/\/agenciainfra.com\/blog\/presidente-do-tcu-sugere-revisao-de-modelo-de-recursos-para-evitar-prescricao-de-tces\/#primaryimage\"},\"thumbnailUrl\":\"https:\/\/agenciainfra.com\/blog\/wp-content\/uploads\/2019\/10\/Bruno-Dantas-Glaucio-Dettmar-Agencia-CNJ.jpg\",\"datePublished\":\"2023-07-21T12:00:00+00:00\",\"breadcrumb\":{\"@id\":\"https:\/\/agenciainfra.com\/blog\/presidente-do-tcu-sugere-revisao-de-modelo-de-recursos-para-evitar-prescricao-de-tces\/#breadcrumb\"},\"inLanguage\":\"pt-BR\",\"potentialAction\":[{\"@type\":\"ReadAction\",\"target\":[\"https:\/\/agenciainfra.com\/blog\/presidente-do-tcu-sugere-revisao-de-modelo-de-recursos-para-evitar-prescricao-de-tces\/\"]}]},{\"@type\":\"ImageObject\",\"inLanguage\":\"pt-BR\",\"@id\":\"https:\/\/agenciainfra.com\/blog\/presidente-do-tcu-sugere-revisao-de-modelo-de-recursos-para-evitar-prescricao-de-tces\/#primaryimage\",\"url\":\"https:\/\/agenciainfra.com\/blog\/wp-content\/uploads\/2019\/10\/Bruno-Dantas-Glaucio-Dettmar-Agencia-CNJ.jpg\",\"contentUrl\":\"https:\/\/agenciainfra.com\/blog\/wp-content\/uploads\/2019\/10\/Bruno-Dantas-Glaucio-Dettmar-Agencia-CNJ.jpg\",\"width\":1280,\"height\":854},{\"@type\":\"BreadcrumbList\",\"@id\":\"https:\/\/agenciainfra.com\/blog\/presidente-do-tcu-sugere-revisao-de-modelo-de-recursos-para-evitar-prescricao-de-tces\/#breadcrumb\",\"itemListElement\":[{\"@type\":\"ListItem\",\"position\":1,\"name\":\"In\u00edcio\",\"item\":\"https:\/\/agenciainfra.com\/blog\/\"},{\"@type\":\"ListItem\",\"position\":2,\"name\":\"Presidente do TCU sugere revis\u00e3o de modelo de recursos para evitar prescri\u00e7\u00e3o de TCEs\"}]},{\"@type\":\"WebSite\",\"@id\":\"https:\/\/agenciainfra.com\/blog\/#website\",\"url\":\"https:\/\/agenciainfra.com\/blog\/\",\"name\":\"Ag\u00eancia iNFRA\",\"description\":\"Multiplataforma de informa\u00e7\u00e3o jornal\u00edstica refer\u00eancia na \u00e1rea de infraestrutura no Brasil!\",\"publisher\":{\"@id\":\"https:\/\/agenciainfra.com\/blog\/#organization\"},\"potentialAction\":[{\"@type\":\"SearchAction\",\"target\":{\"@type\":\"EntryPoint\",\"urlTemplate\":\"https:\/\/agenciainfra.com\/blog\/?s={search_term_string}\"},\"query-input\":{\"@type\":\"PropertyValueSpecification\",\"valueRequired\":true,\"valueName\":\"search_term_string\"}}],\"inLanguage\":\"pt-BR\"},{\"@type\":\"Organization\",\"@id\":\"https:\/\/agenciainfra.com\/blog\/#organization\",\"name\":\"Ag\u00eancia iNFRA\",\"url\":\"https:\/\/agenciainfra.com\/blog\/\",\"logo\":{\"@type\":\"ImageObject\",\"inLanguage\":\"pt-BR\",\"@id\":\"https:\/\/agenciainfra.com\/blog\/#\/schema\/logo\/image\/\",\"url\":\"https:\/\/agenciainfra.com\/blog\/wp-content\/uploads\/2023\/09\/iNFRA_5-e1761735885940.png\",\"contentUrl\":\"https:\/\/agenciainfra.com\/blog\/wp-content\/uploads\/2023\/09\/iNFRA_5-e1761735885940.png\",\"width\":1672,\"height\":454,\"caption\":\"Ag\u00eancia iNFRA\"},\"image\":{\"@id\":\"https:\/\/agenciainfra.com\/blog\/#\/schema\/logo\/image\/\"},\"sameAs\":[\"https:\/\/www.facebook.com\/ageninfra\",\"https:\/\/x.com\/agencia_infra\",\"https:\/\/www.linkedin.com\/company\/ag\u00eanciainfra\/\",\"https:\/\/www.instagram.com\/agenciainfra\/\"]},{\"@type\":\"Person\",\"@id\":\"https:\/\/agenciainfra.com\/blog\/#\/schema\/person\/34af08dff6adea4cb22b06612ba7acfa\",\"name\":\"Ag\u00eancia iNFRA\",\"image\":{\"@type\":\"ImageObject\",\"inLanguage\":\"pt-BR\",\"@id\":\"https:\/\/agenciainfra.com\/blog\/#\/schema\/person\/image\/\",\"url\":\"https:\/\/secure.gravatar.com\/avatar\/d189e01678f06d8eb84d4e01f08eb848b3fffe3f8443818d3c356c66892f5be8?s=96&d=mm&r=g\",\"contentUrl\":\"https:\/\/secure.gravatar.com\/avatar\/d189e01678f06d8eb84d4e01f08eb848b3fffe3f8443818d3c356c66892f5be8?s=96&d=mm&r=g\",\"caption\":\"Ag\u00eancia iNFRA\"},\"url\":\"https:\/\/agenciainfra.com\/blog\/author\/admin\/\"}]}<\/script>\n<!-- \/ Yoast SEO Premium plugin. -->","yoast_head_json":{"title":"Presidente do TCU sugere revis\u00e3o de modelo de recursos para evitar prescri\u00e7\u00e3o de TCEs - Ag\u00eancia iNFRA","robots":{"index":"index","follow":"follow","max-snippet":"max-snippet:-1","max-image-preview":"max-image-preview:large","max-video-preview":"max-video-preview:-1"},"canonical":"https:\/\/agenciainfra.com\/blog\/presidente-do-tcu-sugere-revisao-de-modelo-de-recursos-para-evitar-prescricao-de-tces\/","og_locale":"pt_BR","og_type":"article","og_title":"Presidente do TCU sugere revis\u00e3o de modelo de recursos para evitar prescri\u00e7\u00e3o de TCEs","og_description":"Dimmi Amora, da Ag\u00eancia iNFRA O&nbsp;presidente&nbsp;do&nbsp;TCU&nbsp;(Tribunal de Contas da Uni\u00e3o), ministro Bruno Dantas, sugeriu que o \u00f3rg\u00e3o precisa se debru\u00e7ar numa&nbsp;revis\u00e3o&nbsp;de suas normas internas sobre&nbsp;recursos&nbsp;nos processos&nbsp;para&nbsp;evitar&nbsp;que &#8220;a&nbsp;prescri\u00e7\u00e3o&nbsp;seja a regra&#8221;. A defesa foi feita durante a sess\u00e3o plen\u00e1ria de 5 de julho, quando os ministros analisavam um processo decorrente de uma condena\u00e7\u00e3o da opera\u00e7\u00e3o Lava Jato, [&hellip;]","og_url":"https:\/\/agenciainfra.com\/blog\/presidente-do-tcu-sugere-revisao-de-modelo-de-recursos-para-evitar-prescricao-de-tces\/","og_site_name":"Ag\u00eancia iNFRA","article_publisher":"https:\/\/www.facebook.com\/ageninfra","article_published_time":"2023-07-21T12:00:00+00:00","og_image":[{"width":1280,"height":854,"url":"https:\/\/agenciainfra.com\/blog\/wp-content\/uploads\/2019\/10\/Bruno-Dantas-Glaucio-Dettmar-Agencia-CNJ.jpg","type":"image\/jpeg"}],"author":"Ag\u00eancia iNFRA","twitter_card":"summary_large_image","twitter_creator":"@agencia_infra","twitter_site":"@agencia_infra","twitter_misc":{"Escrito por":"Ag\u00eancia iNFRA","Est. tempo de leitura":"4 minutos"},"schema":{"@context":"https:\/\/schema.org","@graph":[{"@type":"Article","@id":"https:\/\/agenciainfra.com\/blog\/presidente-do-tcu-sugere-revisao-de-modelo-de-recursos-para-evitar-prescricao-de-tces\/#article","isPartOf":{"@id":"https:\/\/agenciainfra.com\/blog\/presidente-do-tcu-sugere-revisao-de-modelo-de-recursos-para-evitar-prescricao-de-tces\/"},"author":{"name":"Ag\u00eancia iNFRA","@id":"https:\/\/agenciainfra.com\/blog\/#\/schema\/person\/34af08dff6adea4cb22b06612ba7acfa"},"headline":"Presidente do TCU sugere revis\u00e3o de modelo de recursos para evitar prescri\u00e7\u00e3o de TCEs","datePublished":"2023-07-21T12:00:00+00:00","mainEntityOfPage":{"@id":"https:\/\/agenciainfra.com\/blog\/presidente-do-tcu-sugere-revisao-de-modelo-de-recursos-para-evitar-prescricao-de-tces\/"},"wordCount":792,"publisher":{"@id":"https:\/\/agenciainfra.com\/blog\/#organization"},"image":{"@id":"https:\/\/agenciainfra.com\/blog\/presidente-do-tcu-sugere-revisao-de-modelo-de-recursos-para-evitar-prescricao-de-tces\/#primaryimage"},"thumbnailUrl":"https:\/\/agenciainfra.com\/blog\/wp-content\/uploads\/2019\/10\/Bruno-Dantas-Glaucio-Dettmar-Agencia-CNJ.jpg","keywords":["Benjamin Zymler","Bruno Dantas","Lava Jato","Petrobras","prescri\u00e7\u00e3o","recursos","STF","TCE","TCU","Tomadas de Contas Especiais","tubovias","Walton Alencar"],"articleSection":["Geral","iNFRATransporte"],"inLanguage":"pt-BR","copyrightYear":"2023","copyrightHolder":{"@id":"https:\/\/agenciainfra.com\/blog\/#organization"}},{"@type":"WebPage","@id":"https:\/\/agenciainfra.com\/blog\/presidente-do-tcu-sugere-revisao-de-modelo-de-recursos-para-evitar-prescricao-de-tces\/","url":"https:\/\/agenciainfra.com\/blog\/presidente-do-tcu-sugere-revisao-de-modelo-de-recursos-para-evitar-prescricao-de-tces\/","name":"Presidente do TCU sugere revis\u00e3o de modelo de recursos para evitar prescri\u00e7\u00e3o de TCEs - Ag\u00eancia iNFRA","isPartOf":{"@id":"https:\/\/agenciainfra.com\/blog\/#website"},"primaryImageOfPage":{"@id":"https:\/\/agenciainfra.com\/blog\/presidente-do-tcu-sugere-revisao-de-modelo-de-recursos-para-evitar-prescricao-de-tces\/#primaryimage"},"image":{"@id":"https:\/\/agenciainfra.com\/blog\/presidente-do-tcu-sugere-revisao-de-modelo-de-recursos-para-evitar-prescricao-de-tces\/#primaryimage"},"thumbnailUrl":"https:\/\/agenciainfra.com\/blog\/wp-content\/uploads\/2019\/10\/Bruno-Dantas-Glaucio-Dettmar-Agencia-CNJ.jpg","datePublished":"2023-07-21T12:00:00+00:00","breadcrumb":{"@id":"https:\/\/agenciainfra.com\/blog\/presidente-do-tcu-sugere-revisao-de-modelo-de-recursos-para-evitar-prescricao-de-tces\/#breadcrumb"},"inLanguage":"pt-BR","potentialAction":[{"@type":"ReadAction","target":["https:\/\/agenciainfra.com\/blog\/presidente-do-tcu-sugere-revisao-de-modelo-de-recursos-para-evitar-prescricao-de-tces\/"]}]},{"@type":"ImageObject","inLanguage":"pt-BR","@id":"https:\/\/agenciainfra.com\/blog\/presidente-do-tcu-sugere-revisao-de-modelo-de-recursos-para-evitar-prescricao-de-tces\/#primaryimage","url":"https:\/\/agenciainfra.com\/blog\/wp-content\/uploads\/2019\/10\/Bruno-Dantas-Glaucio-Dettmar-Agencia-CNJ.jpg","contentUrl":"https:\/\/agenciainfra.com\/blog\/wp-content\/uploads\/2019\/10\/Bruno-Dantas-Glaucio-Dettmar-Agencia-CNJ.jpg","width":1280,"height":854},{"@type":"BreadcrumbList","@id":"https:\/\/agenciainfra.com\/blog\/presidente-do-tcu-sugere-revisao-de-modelo-de-recursos-para-evitar-prescricao-de-tces\/#breadcrumb","itemListElement":[{"@type":"ListItem","position":1,"name":"In\u00edcio","item":"https:\/\/agenciainfra.com\/blog\/"},{"@type":"ListItem","position":2,"name":"Presidente do TCU sugere revis\u00e3o de modelo de recursos para evitar prescri\u00e7\u00e3o de TCEs"}]},{"@type":"WebSite","@id":"https:\/\/agenciainfra.com\/blog\/#website","url":"https:\/\/agenciainfra.com\/blog\/","name":"Ag\u00eancia iNFRA","description":"Multiplataforma de informa\u00e7\u00e3o jornal\u00edstica refer\u00eancia na \u00e1rea de infraestrutura no Brasil!","publisher":{"@id":"https:\/\/agenciainfra.com\/blog\/#organization"},"potentialAction":[{"@type":"SearchAction","target":{"@type":"EntryPoint","urlTemplate":"https:\/\/agenciainfra.com\/blog\/?s={search_term_string}"},"query-input":{"@type":"PropertyValueSpecification","valueRequired":true,"valueName":"search_term_string"}}],"inLanguage":"pt-BR"},{"@type":"Organization","@id":"https:\/\/agenciainfra.com\/blog\/#organization","name":"Ag\u00eancia iNFRA","url":"https:\/\/agenciainfra.com\/blog\/","logo":{"@type":"ImageObject","inLanguage":"pt-BR","@id":"https:\/\/agenciainfra.com\/blog\/#\/schema\/logo\/image\/","url":"https:\/\/agenciainfra.com\/blog\/wp-content\/uploads\/2023\/09\/iNFRA_5-e1761735885940.png","contentUrl":"https:\/\/agenciainfra.com\/blog\/wp-content\/uploads\/2023\/09\/iNFRA_5-e1761735885940.png","width":1672,"height":454,"caption":"Ag\u00eancia iNFRA"},"image":{"@id":"https:\/\/agenciainfra.com\/blog\/#\/schema\/logo\/image\/"},"sameAs":["https:\/\/www.facebook.com\/ageninfra","https:\/\/x.com\/agencia_infra","https:\/\/www.linkedin.com\/company\/ag\u00eanciainfra\/","https:\/\/www.instagram.com\/agenciainfra\/"]},{"@type":"Person","@id":"https:\/\/agenciainfra.com\/blog\/#\/schema\/person\/34af08dff6adea4cb22b06612ba7acfa","name":"Ag\u00eancia iNFRA","image":{"@type":"ImageObject","inLanguage":"pt-BR","@id":"https:\/\/agenciainfra.com\/blog\/#\/schema\/person\/image\/","url":"https:\/\/secure.gravatar.com\/avatar\/d189e01678f06d8eb84d4e01f08eb848b3fffe3f8443818d3c356c66892f5be8?s=96&d=mm&r=g","contentUrl":"https:\/\/secure.gravatar.com\/avatar\/d189e01678f06d8eb84d4e01f08eb848b3fffe3f8443818d3c356c66892f5be8?s=96&d=mm&r=g","caption":"Ag\u00eancia iNFRA"},"url":"https:\/\/agenciainfra.com\/blog\/author\/admin\/"}]}},"_links":{"self":[{"href":"https:\/\/agenciainfra.com\/blog\/wp-json\/wp\/v2\/posts\/13105","targetHints":{"allow":["GET"]}}],"collection":[{"href":"https:\/\/agenciainfra.com\/blog\/wp-json\/wp\/v2\/posts"}],"about":[{"href":"https:\/\/agenciainfra.com\/blog\/wp-json\/wp\/v2\/types\/post"}],"author":[{"embeddable":true,"href":"https:\/\/agenciainfra.com\/blog\/wp-json\/wp\/v2\/users\/1"}],"replies":[{"embeddable":true,"href":"https:\/\/agenciainfra.com\/blog\/wp-json\/wp\/v2\/comments?post=13105"}],"version-history":[{"count":0,"href":"https:\/\/agenciainfra.com\/blog\/wp-json\/wp\/v2\/posts\/13105\/revisions"}],"wp:featuredmedia":[{"embeddable":true,"href":"https:\/\/agenciainfra.com\/blog\/wp-json\/wp\/v2\/media\/3844"}],"wp:attachment":[{"href":"https:\/\/agenciainfra.com\/blog\/wp-json\/wp\/v2\/media?parent=13105"}],"wp:term":[{"taxonomy":"category","embeddable":true,"href":"https:\/\/agenciainfra.com\/blog\/wp-json\/wp\/v2\/categories?post=13105"},{"taxonomy":"post_tag","embeddable":true,"href":"https:\/\/agenciainfra.com\/blog\/wp-json\/wp\/v2\/tags?post=13105"}],"curies":[{"name":"wp","href":"https:\/\/api.w.org\/{rel}","templated":true}]}}