{"id":13119,"date":"2023-07-24T11:00:00","date_gmt":"2023-07-24T14:00:00","guid":{"rendered":"https:\/\/www.agenciainfra.com\/blog\/?p=13119"},"modified":"2023-07-24T11:16:54","modified_gmt":"2023-07-24T14:16:54","slug":"bndes-deve-voltar-a-financiar-infraestrutura-de-transmissao-eletrica-diz-abrate","status":"publish","type":"post","link":"https:\/\/agenciainfra.com\/blog\/bndes-deve-voltar-a-financiar-infraestrutura-de-transmissao-eletrica-diz-abrate\/","title":{"rendered":"BNDES deve voltar a financiar infraestrutura de transmiss\u00e3o el\u00e9trica, diz Abrate"},"content":{"rendered":"\n<p class=\"has-text-align-right\"><strong>Roberto Rockmann*<\/strong><\/p>\n\n\n\n<p>O BNDES (Banco Nacional de Desenvolvimento Econ\u00f4mico e Social) dever\u00e1 voltar a financiar a infraestrutura de transmiss\u00e3o de energia el\u00e9trica, segundo o presidente da Abrate (Associa\u00e7\u00e3o Brasileira das Transmissoras de Energia El\u00e9trica), Mario Miranda, que recebeu a sinaliza\u00e7\u00e3o recentemente do banco de fomento. Isso ocorre diante da mudan\u00e7a de paradigma dos leil\u00f5es do setor. Apenas nesse ano os dois leil\u00f5es dever\u00e3o movimentar R$ 36 bilh\u00f5es, valor recorde anual.<br>\u00a0<br>A decis\u00e3o tamb\u00e9m coincide com um cen\u00e1rio de cr\u00e9dito privado que combina custos maiores, prazos menores e investidores mais avessos ao risco. As RJ (Recupera\u00e7\u00f5es Judiciais) das Lojas Americanas e Light trouxeram aumento do custo de capital e desconfian\u00e7a em rela\u00e7\u00e3o \u00e0s deb\u00eantures por parte dos credores, e seus reflexos est\u00e3o sendo acompanhados de perto pelo setor.<br>\u00a0<br>Nas conversas com o BNDES, o setor tamb\u00e9m discute formas de aumentar o fluxo de caixa para construtoras e montadoras de linhas de transmiss\u00e3o. Hoje as epcistas, empreiteiras que entregam as obras, s\u00e3o um dos maiores gargalos do segmento. A seguir, os principais trechos da entrevista concedida \u00e0\u00a0<strong>Ag\u00eancia iNFRA:<\/strong>\u00a0<br>\u00a0<br><strong>Ag\u00eancia iNFRA \u2013 O setor est\u00e1 preparado para a mudan\u00e7a de paradigma dos leil\u00f5es de transmiss\u00e3o, que envolver\u00e3o n\u00fameros recordes entre esse ano e 2025?<\/strong><br><strong>Mario Miranda &#8211;<\/strong>\u00a0Fal\u00e1vamos de leil\u00f5es anuais de cerca de R$ 15 bilh\u00f5es. S\u00f3 nesse ano, dever\u00e3o ser R$ 36 bilh\u00f5es. Fizemos um estudo para identificar eventuais gargalos e os desafios em m\u00e3o de obra, capital, fornecedores e construtoras. Enviamos para o governo.<br>\u00a0<br>Estive semana passada com os fabricantes de equipamentos apresentando os investimentos a serem feitos e indicando que eles se preparem para os desafios. A indica\u00e7\u00e3o deles \u00e9 que est\u00e3o preparados. Abrimos grupos de trabalho inclusive com participa\u00e7\u00e3o do Minist\u00e9rio de Minas e Energia com olhares al\u00e9m da quest\u00e3o industrial. Na quest\u00e3o financeira, temos uma not\u00edcia: o BNDES vai voltar a financiar a infraestrutura de transmiss\u00e3o.<br>\u00a0<br><strong>A presen\u00e7a do BNDES \u00e9 importante em um momento em que o cr\u00e9dito est\u00e1 mais caro?<\/strong><br>O BNDES esteve ausente e agora deram sinaliza\u00e7\u00e3o de que estar\u00e3o de volta. N\u00f3s t\u00ednhamos uma preocupa\u00e7\u00e3o grande com cr\u00e9dito porque parte do financiamento \u00e9 feito com deb\u00eantures, com destaque \u00e0s incentivadas (que concedem isen\u00e7\u00e3o de cobran\u00e7a de imposto sobre o ganho de capital para investidores pessoas f\u00edsicas).<br>\u00a0<br>Tivemos no in\u00edcio do ano a Recupera\u00e7\u00e3o Judicial da Lojas Americanas, que causou problemas em muitos investidores de deb\u00eantures.<br>\u00a0<br>Agora temos a quest\u00e3o da Light, que est\u00e1 desde a semana passada com novo Conselho de Administra\u00e7\u00e3o. As not\u00edcias s\u00e3o de que ela quer s\u00f3 quer pagar 60% do valor de face da d\u00edvida e oferecer os restantes 40% em composi\u00e7\u00e3o acion\u00e1ria. Isso pode trazer alguma dificuldade ou alguma perturba\u00e7\u00e3o nesse mercado financeiro. N\u00f3s estamos acompanhando para verificar se fica tudo bem equacionado.<br>\u00a0<br><strong>Um outro ponto de preocupa\u00e7\u00e3o entre transmissoras s\u00e3o os Epcistas, empreiteiros que entregram as obras. Como est\u00e1 se trabalhando para resolver esse gargalo?<\/strong><br>N\u00f3s tivemos um grande problema nos \u00faltimos anos: perdemos as grandes empreiteiras no Brasil, fruto das a\u00e7\u00f5es judiciais de um passado muito recente que penalizou o CNPJ em detrimento do CPF.<br>\u00a0<br>Ent\u00e3o, as grandes empreiteiras desapareceram. A pandemia elevou os custos. Essas empresas foram atingidas em seu fluxo de caixa. Muitas quebraram. Estamos conversando com o BNDES nessa quest\u00e3o de financiamento sobre ele aumentar a capacidade de financiamento de fluxo de caixa das construtoras e montadoras, que \u00e9 o maior problema que elas t\u00eam.<br>\u00a0<br>Por outro lado, h\u00e1 como essas empreiteiras dar um receb\u00edvel, uma garantia muito firme, que \u00e9 o recebimento das pr\u00f3prias transmissoras que v\u00e3o pagar a epcista. Agora o universo dessas empresas est\u00e1 limitado mesmo. \u00c9 um grande desafio devido ao grande pacote de v\u00e1rios projetos simultaneamente.<br>\u00a0<br><strong>O leil\u00e3o de 30 junho trouxe uma\u00a0<a rel=\"noreferrer noopener\" href=\"https:\/\/agenciainfra.us14.list-manage.com\/track\/click?u=d460dd1bcf9ba0ae040e1fc0f&amp;id=8dd6d10b04&amp;e=f0fa444791\" target=\"_blank\">surpresa<\/a>, a participa\u00e7\u00e3o de um cons\u00f3rcio sem hist\u00f3rico na \u00e1rea e que deu um lance vitorioso agressivo.\u00a0A participa\u00e7\u00e3o desse cons\u00f3rcio est\u00e1 em fase de habilita\u00e7\u00e3o final pela ANEEL (Ag\u00eancia Nacional de Energia El\u00e9trica). O leil\u00e3o precisa de mudan\u00e7as?<\/strong><br>\u00c9 razo\u00e1vel supor que precisamos aperfei\u00e7oar o ambiente do edital para evitar especuladores, que n\u00f3s imagin\u00e1vamos que muitos deles j\u00e1 estavam tinham sido afastados. Nos leil\u00f5es da rede b\u00e1sica, a ANEEL teve que remover v\u00e1rios lotes concedidos, porque a empresa entrou para especular, ganhando o lote para poder vender imediatamente depois da vit\u00f3ria.<br>\u00a0<br>Foram tomadas provid\u00eancias: somente depois que obtiver a licen\u00e7a de opera\u00e7\u00e3o \u00e9 que voc\u00ea pode fazer a transfer\u00eancia societ\u00e1ria daquela concess\u00e3o para evitar utilizar a presta\u00e7\u00e3o de servi\u00e7o p\u00fablico como elemento de especula\u00e7\u00e3o. Houve uma boa evolu\u00e7\u00e3o nesse sentido. \u00c9 poss\u00edvel agora aperfei\u00e7oar na quest\u00e3o de garantias, quando se vai fazer o lance do leil\u00e3o, se podem ofertar garantias bem mais fortes.<br>\u00a0<br><strong>A Lei 14.120\/2021, que criou a chamada corrida do ouro das renov\u00e1veis, aumentou a inadimpl\u00eancia no setor de transmiss\u00e3o. H\u00e1 poucas semanas, a ANEEL divulgou uma resolu\u00e7\u00e3o de \u201cperd\u00e3o\u201d para projetos cujos empreendedores possam devolver as outorgas sem penalidades. O assunto est\u00e1 resolvido?<\/strong><br>Continua a preocupa\u00e7\u00e3o. Por\u00e9m, a solu\u00e7\u00e3o est\u00e1 no bom caminho. O setor atrai, como investidores, fundos de pens\u00e3o brasileiros e internacionais por apresentar receita previamente definida, regra definida, prazo definido e inadimpl\u00eancia baixa, inferior a 0,2%, mas esse n\u00famero estava escalando por conta desse problema.<br>\u00a0<br>A ANEEL instaurou rapidamente consulta p\u00fablica sobre o tema. Era at\u00e9 para ter uma segunda fase de consulta, mas celeremente j\u00e1 se eliminou essa possibilidade. Mas tem de ter uma outra consulta com uma outra motiva\u00e7\u00e3o: a exig\u00eancia de garantia desde o in\u00edcio do processo, ou seja, n\u00e3o \u00e9 somente depois de entrar em opera\u00e7\u00e3o comercial, n\u00e3o, que tem de ser exigida a garantia do projeto.<br>\u00a0<br><strong>Por isso a preocupa\u00e7\u00e3o sobre o tema continua?<\/strong><br>Esse modelo tem que ser algo mais bem trabalhado e com garantia firme que seja execut\u00e1vel. Tem que ser feito sob uma garantia firme, uma garantia que voc\u00ea possa execut\u00e1-la, n\u00e3o uma garantia escrita somente no papel que depois, quando voc\u00ea vai execut\u00e1-la, criam-se confus\u00f5es judiciais, fica um ambiente de desconfian\u00e7a.<br>\u00a0<br>N\u00f3s precisamos ter um ambiente de seguran\u00e7a jur\u00eddica, inclusive para questionar essa garantia. O ONS (Operador Nacional do Sistema) fez uma consulta p\u00fablica r\u00e1pida j\u00e1 encerrada sobre o assunto e encaminhou os resultados. Agora, a ANEEL est\u00e1 abrindo um processo sobre essas quest\u00f5es que precisam ser desenvolvidas. Os agentes usu\u00e1rios da transmiss\u00e3o t\u00eam que demonstrar a inequ\u00edvoca vontade de se conectar dentro de um determinado prazo e garantia que ele vai acessar.<br>\u00a0<br>Assinam-se todos os contratos e as coisas funcionam normalmente. Lembre-se de que \u00e9 o ONS, em nome das transmissoras, quem assina todos os contratos de transmiss\u00e3o. N\u00e3o pode isso derivar nenhum risco para n\u00f3s. E n\u00f3s entendemos que n\u00e3o tem que ser a transmissora a respons\u00e1vel por cobrar os eventuais atrasos ou inadimpl\u00eancias perante o sistema de transmiss\u00e3o.<br>\u00a0<br><strong>Al\u00e9m dos leil\u00f5es, h\u00e1 um outro ponto importante no setor: a moderniza\u00e7\u00e3o das linhas de transmiss\u00e3o, com destaque para equipamentos nas regi\u00f5es Sul e Sudeste. Estudo de 2018 do ONS concluiu que existem 96.740 equipamentos com vida \u00fatil regulat\u00f3ria at\u00e9 2024 (isso n\u00e3o quer dizer que eles ter\u00e3o de ser substitu\u00eddos at\u00e9 a data, mas ser\u00e3o equipamentos completamente depreciados). A ind\u00fastria ter\u00e1 capacidade de atender \u00e0 essa frente tamb\u00e9m, com tantos leil\u00f5es?<\/strong><br>Isso tamb\u00e9m fez parte do eu apresentei semana passada na Abinee (Associa\u00e7\u00e3o Brasileira da Ind\u00fastria El\u00e9trica e Eletr\u00f4nica). Al\u00e9m dos leil\u00f5es anuais, n\u00f3s temos que colocar alguns temperos a mais: R$ 6 bilh\u00f5es anuais em refor\u00e7os e R$ 3 bilh\u00f5es em melhorias. H\u00e1 demanda para a ind\u00fastria. As transmissoras ter\u00e3o tanto projetos novos quanto novas obras de linhas j\u00e1 implementadas.<br>\u00a0<br><strong>Licenciamento ambiental \u00e9 outro ponto que preocupa em rela\u00e7\u00e3o aos leil\u00f5es?<\/strong><br>Um grupo de trabalho que criamos \u00e9 sobre esse ponto, foi constru\u00eddo com o Ibama (Instituto Brasileiro do Meio Ambiente e dos Recursos Naturais Renov\u00e1veis). N\u00f3s queremos estreitar o relacionamento, porque licenciamento ambiental de linha de transmiss\u00e3o n\u00e3o \u00e9 gerador de polui\u00e7\u00e3o. N\u00f3s somos bem menos problem\u00e1ticos que as demais \u00e1reas. Se n\u00f3s estabelecemos uma plataforma e fizermos um banco de dados unificado, fica mais f\u00e1cil para todos.<br><br>O Ibama est\u00e1 trabalhando no novo ciclo de planejamento e j\u00e1 avaliou como vai enfrentar o licenciamento destas obras advindas dos leil\u00f5es desse ano. Pois bem, para voc\u00ea ter no\u00e7\u00e3o, o Ibama est\u00e1 com 80 processos de licenciamento de todas as \u00e1reas de infraestrutura numa unidade que tem poucos t\u00e9cnicos de excelente qualidade. Ele tem um quadro t\u00e9cnico que precisa ser recomposto para a\u00e7\u00f5es de licenciamento pr\u00e9vio, de licen\u00e7a de instala\u00e7\u00e3o, de licen\u00e7a de opera\u00e7\u00e3o, que exigem presen\u00e7a local.<\/p>\n\n\n\n<h6 class=\"wp-block-heading\" id=\"block-f323f59b-51bf-4eed-b17b-3c7d3b917007\">*Roberto Rockmann <strong>\u00e9 escritor e jornalista. Coautor do livro \u201cCurto-Circuito, quando o Brasil quase ficou \u00e0s escuras\u201d e produtor do podcast quinzenal \u201cGiro Energia\u201d sobre o setor el\u00e9trico. Organizou em 2018 o livro de 20 anos do mercado livre de energia el\u00e9trica, editado pela CCEE (C\u00e2mara de Comercializa\u00e7\u00e3o de Energia El\u00e9trica), al\u00e9m de v\u00e1rios outros livros e trabalhos premiados<\/strong>.<\/h6>\n\n\n\n<p><strong>As opini\u00f5es dos autores n\u00e3o refletem necessariamente o pensamento da Ag\u00eancia iNFRA, sendo de total responsabilidade do autor as informa\u00e7\u00f5es, ju\u00edzos de valor e conceitos descritos no texto<\/strong>. <\/p>\n","protected":false},"excerpt":{"rendered":"<p>Roberto Rockmann* O BNDES (Banco Nacional de Desenvolvimento Econ\u00f4mico e Social) dever\u00e1 voltar a financiar a infraestrutura de transmiss\u00e3o de energia el\u00e9trica, segundo o presidente da Abrate (Associa\u00e7\u00e3o Brasileira das Transmissoras de Energia El\u00e9trica), Mario Miranda, que recebeu a sinaliza\u00e7\u00e3o recentemente do banco de fomento. Isso ocorre diante da mudan\u00e7a de paradigma dos leil\u00f5es do [&hellip;]<\/p>\n","protected":false},"author":1,"featured_media":4290,"comment_status":"closed","ping_status":"closed","sticky":false,"template":"","format":"standard","meta":{"_monsterinsights_skip_tracking":false,"_monsterinsights_sitenote_active":false,"_monsterinsights_sitenote_note":"","_monsterinsights_sitenote_category":0,"footnotes":""},"categories":[1],"tags":[576,53,103,5624,7075,32,4074,346,1867,2224,2825,2969],"class_list":["post-13119","post","type-post","status-publish","format-standard","has-post-thumbnail","hentry","category-geral","tag-abrate","tag-aneel","tag-bndes","tag-entrevista","tag-gargalos","tag-investimentos","tag-lei-14-120-2021","tag-leiloes","tag-light","tag-mario-miranda-2","tag-recuperacao-judicial","tag-transmissao"],"yoast_head":"<!-- This site is optimized with the Yoast SEO Premium plugin v25.4 (Yoast SEO v26.0) - https:\/\/yoast.com\/wordpress\/plugins\/seo\/ -->\n<title>BNDES deve voltar a financiar infraestrutura de transmiss\u00e3o el\u00e9trica, diz Abrate - Ag\u00eancia iNFRA<\/title>\n<meta name=\"robots\" content=\"index, follow, max-snippet:-1, max-image-preview:large, max-video-preview:-1\" \/>\n<link rel=\"canonical\" href=\"https:\/\/agenciainfra.com\/blog\/bndes-deve-voltar-a-financiar-infraestrutura-de-transmissao-eletrica-diz-abrate\/\" \/>\n<meta property=\"og:locale\" content=\"pt_BR\" \/>\n<meta property=\"og:type\" content=\"article\" \/>\n<meta property=\"og:title\" content=\"BNDES deve voltar a financiar infraestrutura de transmiss\u00e3o el\u00e9trica, diz Abrate\" \/>\n<meta property=\"og:description\" content=\"Roberto Rockmann* O BNDES (Banco Nacional de Desenvolvimento Econ\u00f4mico e Social) dever\u00e1 voltar a financiar a infraestrutura de transmiss\u00e3o de energia el\u00e9trica, segundo o presidente da Abrate (Associa\u00e7\u00e3o Brasileira das Transmissoras de Energia El\u00e9trica), Mario Miranda, que recebeu a sinaliza\u00e7\u00e3o recentemente do banco de fomento. Isso ocorre diante da mudan\u00e7a de paradigma dos leil\u00f5es do [&hellip;]\" \/>\n<meta property=\"og:url\" content=\"https:\/\/agenciainfra.com\/blog\/bndes-deve-voltar-a-financiar-infraestrutura-de-transmissao-eletrica-diz-abrate\/\" \/>\n<meta property=\"og:site_name\" content=\"Ag\u00eancia iNFRA\" \/>\n<meta property=\"article:publisher\" content=\"https:\/\/www.facebook.com\/ageninfra\" \/>\n<meta property=\"article:published_time\" content=\"2023-07-24T14:00:00+00:00\" \/>\n<meta property=\"article:modified_time\" content=\"2023-07-24T14:16:54+00:00\" \/>\n<meta property=\"og:image\" content=\"https:\/\/agenciainfra.com\/blog\/wp-content\/uploads\/2020\/01\/mario-miranda-abrate-foto-saulo-cruz-mme.jpg\" \/>\n\t<meta property=\"og:image:width\" content=\"1280\" \/>\n\t<meta property=\"og:image:height\" content=\"853\" \/>\n\t<meta property=\"og:image:type\" content=\"image\/jpeg\" \/>\n<meta name=\"author\" content=\"Ag\u00eancia iNFRA\" \/>\n<meta name=\"twitter:card\" content=\"summary_large_image\" \/>\n<meta name=\"twitter:creator\" content=\"@agencia_infra\" \/>\n<meta name=\"twitter:site\" content=\"@agencia_infra\" \/>\n<meta name=\"twitter:label1\" content=\"Escrito por\" \/>\n\t<meta name=\"twitter:data1\" content=\"Ag\u00eancia iNFRA\" \/>\n\t<meta name=\"twitter:label2\" content=\"Est. tempo de leitura\" \/>\n\t<meta name=\"twitter:data2\" content=\"8 minutos\" \/>\n<script type=\"application\/ld+json\" class=\"yoast-schema-graph\">{\"@context\":\"https:\/\/schema.org\",\"@graph\":[{\"@type\":\"Article\",\"@id\":\"https:\/\/agenciainfra.com\/blog\/bndes-deve-voltar-a-financiar-infraestrutura-de-transmissao-eletrica-diz-abrate\/#article\",\"isPartOf\":{\"@id\":\"https:\/\/agenciainfra.com\/blog\/bndes-deve-voltar-a-financiar-infraestrutura-de-transmissao-eletrica-diz-abrate\/\"},\"author\":{\"name\":\"Ag\u00eancia iNFRA\",\"@id\":\"https:\/\/agenciainfra.com\/blog\/#\/schema\/person\/34af08dff6adea4cb22b06612ba7acfa\"},\"headline\":\"BNDES deve voltar a financiar infraestrutura de transmiss\u00e3o el\u00e9trica, diz Abrate\",\"datePublished\":\"2023-07-24T14:00:00+00:00\",\"dateModified\":\"2023-07-24T14:16:54+00:00\",\"mainEntityOfPage\":{\"@id\":\"https:\/\/agenciainfra.com\/blog\/bndes-deve-voltar-a-financiar-infraestrutura-de-transmissao-eletrica-diz-abrate\/\"},\"wordCount\":1686,\"publisher\":{\"@id\":\"https:\/\/agenciainfra.com\/blog\/#organization\"},\"image\":{\"@id\":\"https:\/\/agenciainfra.com\/blog\/bndes-deve-voltar-a-financiar-infraestrutura-de-transmissao-eletrica-diz-abrate\/#primaryimage\"},\"thumbnailUrl\":\"https:\/\/agenciainfra.com\/blog\/wp-content\/uploads\/2020\/01\/mario-miranda-abrate-foto-saulo-cruz-mme.jpg\",\"keywords\":[\"Abrate\",\"ANEEL\",\"BNDES\",\"entrevista\",\"gargalos\",\"Investimentos\",\"Lei 14.120\/2021\",\"leil\u00f5es\",\"Light\",\"Mario Miranda\",\"recupera\u00e7\u00e3o judicial\",\"transmiss\u00e3o\"],\"articleSection\":[\"Geral\"],\"inLanguage\":\"pt-BR\",\"copyrightYear\":\"2023\",\"copyrightHolder\":{\"@id\":\"https:\/\/agenciainfra.com\/blog\/#organization\"}},{\"@type\":\"WebPage\",\"@id\":\"https:\/\/agenciainfra.com\/blog\/bndes-deve-voltar-a-financiar-infraestrutura-de-transmissao-eletrica-diz-abrate\/\",\"url\":\"https:\/\/agenciainfra.com\/blog\/bndes-deve-voltar-a-financiar-infraestrutura-de-transmissao-eletrica-diz-abrate\/\",\"name\":\"BNDES deve voltar a financiar infraestrutura de transmiss\u00e3o el\u00e9trica, diz Abrate - Ag\u00eancia iNFRA\",\"isPartOf\":{\"@id\":\"https:\/\/agenciainfra.com\/blog\/#website\"},\"primaryImageOfPage\":{\"@id\":\"https:\/\/agenciainfra.com\/blog\/bndes-deve-voltar-a-financiar-infraestrutura-de-transmissao-eletrica-diz-abrate\/#primaryimage\"},\"image\":{\"@id\":\"https:\/\/agenciainfra.com\/blog\/bndes-deve-voltar-a-financiar-infraestrutura-de-transmissao-eletrica-diz-abrate\/#primaryimage\"},\"thumbnailUrl\":\"https:\/\/agenciainfra.com\/blog\/wp-content\/uploads\/2020\/01\/mario-miranda-abrate-foto-saulo-cruz-mme.jpg\",\"datePublished\":\"2023-07-24T14:00:00+00:00\",\"dateModified\":\"2023-07-24T14:16:54+00:00\",\"breadcrumb\":{\"@id\":\"https:\/\/agenciainfra.com\/blog\/bndes-deve-voltar-a-financiar-infraestrutura-de-transmissao-eletrica-diz-abrate\/#breadcrumb\"},\"inLanguage\":\"pt-BR\",\"potentialAction\":[{\"@type\":\"ReadAction\",\"target\":[\"https:\/\/agenciainfra.com\/blog\/bndes-deve-voltar-a-financiar-infraestrutura-de-transmissao-eletrica-diz-abrate\/\"]}]},{\"@type\":\"ImageObject\",\"inLanguage\":\"pt-BR\",\"@id\":\"https:\/\/agenciainfra.com\/blog\/bndes-deve-voltar-a-financiar-infraestrutura-de-transmissao-eletrica-diz-abrate\/#primaryimage\",\"url\":\"https:\/\/agenciainfra.com\/blog\/wp-content\/uploads\/2020\/01\/mario-miranda-abrate-foto-saulo-cruz-mme.jpg\",\"contentUrl\":\"https:\/\/agenciainfra.com\/blog\/wp-content\/uploads\/2020\/01\/mario-miranda-abrate-foto-saulo-cruz-mme.jpg\",\"width\":1280,\"height\":853},{\"@type\":\"BreadcrumbList\",\"@id\":\"https:\/\/agenciainfra.com\/blog\/bndes-deve-voltar-a-financiar-infraestrutura-de-transmissao-eletrica-diz-abrate\/#breadcrumb\",\"itemListElement\":[{\"@type\":\"ListItem\",\"position\":1,\"name\":\"In\u00edcio\",\"item\":\"https:\/\/agenciainfra.com\/blog\/\"},{\"@type\":\"ListItem\",\"position\":2,\"name\":\"BNDES deve voltar a financiar infraestrutura de transmiss\u00e3o el\u00e9trica, diz Abrate\"}]},{\"@type\":\"WebSite\",\"@id\":\"https:\/\/agenciainfra.com\/blog\/#website\",\"url\":\"https:\/\/agenciainfra.com\/blog\/\",\"name\":\"Ag\u00eancia iNFRA\",\"description\":\"Multiplataforma de informa\u00e7\u00e3o jornal\u00edstica refer\u00eancia na \u00e1rea de infraestrutura no Brasil!\",\"publisher\":{\"@id\":\"https:\/\/agenciainfra.com\/blog\/#organization\"},\"potentialAction\":[{\"@type\":\"SearchAction\",\"target\":{\"@type\":\"EntryPoint\",\"urlTemplate\":\"https:\/\/agenciainfra.com\/blog\/?s={search_term_string}\"},\"query-input\":{\"@type\":\"PropertyValueSpecification\",\"valueRequired\":true,\"valueName\":\"search_term_string\"}}],\"inLanguage\":\"pt-BR\"},{\"@type\":\"Organization\",\"@id\":\"https:\/\/agenciainfra.com\/blog\/#organization\",\"name\":\"Ag\u00eancia iNFRA\",\"url\":\"https:\/\/agenciainfra.com\/blog\/\",\"logo\":{\"@type\":\"ImageObject\",\"inLanguage\":\"pt-BR\",\"@id\":\"https:\/\/agenciainfra.com\/blog\/#\/schema\/logo\/image\/\",\"url\":\"https:\/\/agenciainfra.com\/blog\/wp-content\/uploads\/2023\/09\/iNFRA_5-e1761735885940.png\",\"contentUrl\":\"https:\/\/agenciainfra.com\/blog\/wp-content\/uploads\/2023\/09\/iNFRA_5-e1761735885940.png\",\"width\":1672,\"height\":454,\"caption\":\"Ag\u00eancia iNFRA\"},\"image\":{\"@id\":\"https:\/\/agenciainfra.com\/blog\/#\/schema\/logo\/image\/\"},\"sameAs\":[\"https:\/\/www.facebook.com\/ageninfra\",\"https:\/\/x.com\/agencia_infra\",\"https:\/\/www.linkedin.com\/company\/ag\u00eanciainfra\/\",\"https:\/\/www.instagram.com\/agenciainfra\/\"]},{\"@type\":\"Person\",\"@id\":\"https:\/\/agenciainfra.com\/blog\/#\/schema\/person\/34af08dff6adea4cb22b06612ba7acfa\",\"name\":\"Ag\u00eancia iNFRA\",\"image\":{\"@type\":\"ImageObject\",\"inLanguage\":\"pt-BR\",\"@id\":\"https:\/\/agenciainfra.com\/blog\/#\/schema\/person\/image\/\",\"url\":\"https:\/\/secure.gravatar.com\/avatar\/d189e01678f06d8eb84d4e01f08eb848b3fffe3f8443818d3c356c66892f5be8?s=96&d=mm&r=g\",\"contentUrl\":\"https:\/\/secure.gravatar.com\/avatar\/d189e01678f06d8eb84d4e01f08eb848b3fffe3f8443818d3c356c66892f5be8?s=96&d=mm&r=g\",\"caption\":\"Ag\u00eancia iNFRA\"},\"url\":\"https:\/\/agenciainfra.com\/blog\/author\/admin\/\"}]}<\/script>\n<!-- \/ Yoast SEO Premium plugin. -->","yoast_head_json":{"title":"BNDES deve voltar a financiar infraestrutura de transmiss\u00e3o el\u00e9trica, diz Abrate - Ag\u00eancia iNFRA","robots":{"index":"index","follow":"follow","max-snippet":"max-snippet:-1","max-image-preview":"max-image-preview:large","max-video-preview":"max-video-preview:-1"},"canonical":"https:\/\/agenciainfra.com\/blog\/bndes-deve-voltar-a-financiar-infraestrutura-de-transmissao-eletrica-diz-abrate\/","og_locale":"pt_BR","og_type":"article","og_title":"BNDES deve voltar a financiar infraestrutura de transmiss\u00e3o el\u00e9trica, diz Abrate","og_description":"Roberto Rockmann* O BNDES (Banco Nacional de Desenvolvimento Econ\u00f4mico e Social) dever\u00e1 voltar a financiar a infraestrutura de transmiss\u00e3o de energia el\u00e9trica, segundo o presidente da Abrate (Associa\u00e7\u00e3o Brasileira das Transmissoras de Energia El\u00e9trica), Mario Miranda, que recebeu a sinaliza\u00e7\u00e3o recentemente do banco de fomento. Isso ocorre diante da mudan\u00e7a de paradigma dos leil\u00f5es do [&hellip;]","og_url":"https:\/\/agenciainfra.com\/blog\/bndes-deve-voltar-a-financiar-infraestrutura-de-transmissao-eletrica-diz-abrate\/","og_site_name":"Ag\u00eancia iNFRA","article_publisher":"https:\/\/www.facebook.com\/ageninfra","article_published_time":"2023-07-24T14:00:00+00:00","article_modified_time":"2023-07-24T14:16:54+00:00","og_image":[{"width":1280,"height":853,"url":"https:\/\/agenciainfra.com\/blog\/wp-content\/uploads\/2020\/01\/mario-miranda-abrate-foto-saulo-cruz-mme.jpg","type":"image\/jpeg"}],"author":"Ag\u00eancia iNFRA","twitter_card":"summary_large_image","twitter_creator":"@agencia_infra","twitter_site":"@agencia_infra","twitter_misc":{"Escrito por":"Ag\u00eancia iNFRA","Est. tempo de leitura":"8 minutos"},"schema":{"@context":"https:\/\/schema.org","@graph":[{"@type":"Article","@id":"https:\/\/agenciainfra.com\/blog\/bndes-deve-voltar-a-financiar-infraestrutura-de-transmissao-eletrica-diz-abrate\/#article","isPartOf":{"@id":"https:\/\/agenciainfra.com\/blog\/bndes-deve-voltar-a-financiar-infraestrutura-de-transmissao-eletrica-diz-abrate\/"},"author":{"name":"Ag\u00eancia iNFRA","@id":"https:\/\/agenciainfra.com\/blog\/#\/schema\/person\/34af08dff6adea4cb22b06612ba7acfa"},"headline":"BNDES deve voltar a financiar infraestrutura de transmiss\u00e3o el\u00e9trica, diz Abrate","datePublished":"2023-07-24T14:00:00+00:00","dateModified":"2023-07-24T14:16:54+00:00","mainEntityOfPage":{"@id":"https:\/\/agenciainfra.com\/blog\/bndes-deve-voltar-a-financiar-infraestrutura-de-transmissao-eletrica-diz-abrate\/"},"wordCount":1686,"publisher":{"@id":"https:\/\/agenciainfra.com\/blog\/#organization"},"image":{"@id":"https:\/\/agenciainfra.com\/blog\/bndes-deve-voltar-a-financiar-infraestrutura-de-transmissao-eletrica-diz-abrate\/#primaryimage"},"thumbnailUrl":"https:\/\/agenciainfra.com\/blog\/wp-content\/uploads\/2020\/01\/mario-miranda-abrate-foto-saulo-cruz-mme.jpg","keywords":["Abrate","ANEEL","BNDES","entrevista","gargalos","Investimentos","Lei 14.120\/2021","leil\u00f5es","Light","Mario Miranda","recupera\u00e7\u00e3o judicial","transmiss\u00e3o"],"articleSection":["Geral"],"inLanguage":"pt-BR","copyrightYear":"2023","copyrightHolder":{"@id":"https:\/\/agenciainfra.com\/blog\/#organization"}},{"@type":"WebPage","@id":"https:\/\/agenciainfra.com\/blog\/bndes-deve-voltar-a-financiar-infraestrutura-de-transmissao-eletrica-diz-abrate\/","url":"https:\/\/agenciainfra.com\/blog\/bndes-deve-voltar-a-financiar-infraestrutura-de-transmissao-eletrica-diz-abrate\/","name":"BNDES deve voltar a financiar infraestrutura de transmiss\u00e3o el\u00e9trica, diz Abrate - Ag\u00eancia iNFRA","isPartOf":{"@id":"https:\/\/agenciainfra.com\/blog\/#website"},"primaryImageOfPage":{"@id":"https:\/\/agenciainfra.com\/blog\/bndes-deve-voltar-a-financiar-infraestrutura-de-transmissao-eletrica-diz-abrate\/#primaryimage"},"image":{"@id":"https:\/\/agenciainfra.com\/blog\/bndes-deve-voltar-a-financiar-infraestrutura-de-transmissao-eletrica-diz-abrate\/#primaryimage"},"thumbnailUrl":"https:\/\/agenciainfra.com\/blog\/wp-content\/uploads\/2020\/01\/mario-miranda-abrate-foto-saulo-cruz-mme.jpg","datePublished":"2023-07-24T14:00:00+00:00","dateModified":"2023-07-24T14:16:54+00:00","breadcrumb":{"@id":"https:\/\/agenciainfra.com\/blog\/bndes-deve-voltar-a-financiar-infraestrutura-de-transmissao-eletrica-diz-abrate\/#breadcrumb"},"inLanguage":"pt-BR","potentialAction":[{"@type":"ReadAction","target":["https:\/\/agenciainfra.com\/blog\/bndes-deve-voltar-a-financiar-infraestrutura-de-transmissao-eletrica-diz-abrate\/"]}]},{"@type":"ImageObject","inLanguage":"pt-BR","@id":"https:\/\/agenciainfra.com\/blog\/bndes-deve-voltar-a-financiar-infraestrutura-de-transmissao-eletrica-diz-abrate\/#primaryimage","url":"https:\/\/agenciainfra.com\/blog\/wp-content\/uploads\/2020\/01\/mario-miranda-abrate-foto-saulo-cruz-mme.jpg","contentUrl":"https:\/\/agenciainfra.com\/blog\/wp-content\/uploads\/2020\/01\/mario-miranda-abrate-foto-saulo-cruz-mme.jpg","width":1280,"height":853},{"@type":"BreadcrumbList","@id":"https:\/\/agenciainfra.com\/blog\/bndes-deve-voltar-a-financiar-infraestrutura-de-transmissao-eletrica-diz-abrate\/#breadcrumb","itemListElement":[{"@type":"ListItem","position":1,"name":"In\u00edcio","item":"https:\/\/agenciainfra.com\/blog\/"},{"@type":"ListItem","position":2,"name":"BNDES deve voltar a financiar infraestrutura de transmiss\u00e3o el\u00e9trica, diz Abrate"}]},{"@type":"WebSite","@id":"https:\/\/agenciainfra.com\/blog\/#website","url":"https:\/\/agenciainfra.com\/blog\/","name":"Ag\u00eancia iNFRA","description":"Multiplataforma de informa\u00e7\u00e3o jornal\u00edstica refer\u00eancia na \u00e1rea de infraestrutura no Brasil!","publisher":{"@id":"https:\/\/agenciainfra.com\/blog\/#organization"},"potentialAction":[{"@type":"SearchAction","target":{"@type":"EntryPoint","urlTemplate":"https:\/\/agenciainfra.com\/blog\/?s={search_term_string}"},"query-input":{"@type":"PropertyValueSpecification","valueRequired":true,"valueName":"search_term_string"}}],"inLanguage":"pt-BR"},{"@type":"Organization","@id":"https:\/\/agenciainfra.com\/blog\/#organization","name":"Ag\u00eancia iNFRA","url":"https:\/\/agenciainfra.com\/blog\/","logo":{"@type":"ImageObject","inLanguage":"pt-BR","@id":"https:\/\/agenciainfra.com\/blog\/#\/schema\/logo\/image\/","url":"https:\/\/agenciainfra.com\/blog\/wp-content\/uploads\/2023\/09\/iNFRA_5-e1761735885940.png","contentUrl":"https:\/\/agenciainfra.com\/blog\/wp-content\/uploads\/2023\/09\/iNFRA_5-e1761735885940.png","width":1672,"height":454,"caption":"Ag\u00eancia iNFRA"},"image":{"@id":"https:\/\/agenciainfra.com\/blog\/#\/schema\/logo\/image\/"},"sameAs":["https:\/\/www.facebook.com\/ageninfra","https:\/\/x.com\/agencia_infra","https:\/\/www.linkedin.com\/company\/ag\u00eanciainfra\/","https:\/\/www.instagram.com\/agenciainfra\/"]},{"@type":"Person","@id":"https:\/\/agenciainfra.com\/blog\/#\/schema\/person\/34af08dff6adea4cb22b06612ba7acfa","name":"Ag\u00eancia iNFRA","image":{"@type":"ImageObject","inLanguage":"pt-BR","@id":"https:\/\/agenciainfra.com\/blog\/#\/schema\/person\/image\/","url":"https:\/\/secure.gravatar.com\/avatar\/d189e01678f06d8eb84d4e01f08eb848b3fffe3f8443818d3c356c66892f5be8?s=96&d=mm&r=g","contentUrl":"https:\/\/secure.gravatar.com\/avatar\/d189e01678f06d8eb84d4e01f08eb848b3fffe3f8443818d3c356c66892f5be8?s=96&d=mm&r=g","caption":"Ag\u00eancia iNFRA"},"url":"https:\/\/agenciainfra.com\/blog\/author\/admin\/"}]}},"_links":{"self":[{"href":"https:\/\/agenciainfra.com\/blog\/wp-json\/wp\/v2\/posts\/13119","targetHints":{"allow":["GET"]}}],"collection":[{"href":"https:\/\/agenciainfra.com\/blog\/wp-json\/wp\/v2\/posts"}],"about":[{"href":"https:\/\/agenciainfra.com\/blog\/wp-json\/wp\/v2\/types\/post"}],"author":[{"embeddable":true,"href":"https:\/\/agenciainfra.com\/blog\/wp-json\/wp\/v2\/users\/1"}],"replies":[{"embeddable":true,"href":"https:\/\/agenciainfra.com\/blog\/wp-json\/wp\/v2\/comments?post=13119"}],"version-history":[{"count":0,"href":"https:\/\/agenciainfra.com\/blog\/wp-json\/wp\/v2\/posts\/13119\/revisions"}],"wp:featuredmedia":[{"embeddable":true,"href":"https:\/\/agenciainfra.com\/blog\/wp-json\/wp\/v2\/media\/4290"}],"wp:attachment":[{"href":"https:\/\/agenciainfra.com\/blog\/wp-json\/wp\/v2\/media?parent=13119"}],"wp:term":[{"taxonomy":"category","embeddable":true,"href":"https:\/\/agenciainfra.com\/blog\/wp-json\/wp\/v2\/categories?post=13119"},{"taxonomy":"post_tag","embeddable":true,"href":"https:\/\/agenciainfra.com\/blog\/wp-json\/wp\/v2\/tags?post=13119"}],"curies":[{"name":"wp","href":"https:\/\/api.w.org\/{rel}","templated":true}]}}