{"id":13152,"date":"2023-07-31T09:00:00","date_gmt":"2023-07-31T12:00:00","guid":{"rendered":"https:\/\/www.agenciainfra.com\/blog\/?p=13152"},"modified":"2026-02-13T16:53:14","modified_gmt":"2026-02-13T19:53:14","slug":"bndes-abre-estudo-para-projetos-de-mobilidade-urbana-em-21-regioes-metropolitanas-do-pais","status":"publish","type":"post","link":"https:\/\/agenciainfra.com\/blog\/bndes-abre-estudo-para-projetos-de-mobilidade-urbana-em-21-regioes-metropolitanas-do-pais\/","title":{"rendered":"BNDES abre estudo para projetos de mobilidade urbana em 21 regi\u00f5es metropolitanas do pa\u00eds"},"content":{"rendered":"\n<p class=\"has-text-align-right\"><strong>Dimmi Amora, da Ag\u00eancia iNFRA<\/strong><\/p>\n\n\n\n<p>O pontap\u00e9 inicial&nbsp;para&nbsp;o maior&nbsp;estudo&nbsp;sobre&nbsp;mobilidade&nbsp;urbana&nbsp;a ser produzido no&nbsp;pa\u00eds&nbsp;foi dado pelo&nbsp;BNDES&nbsp;h\u00e1 duas semanas, com a abertura de uma consulta pr\u00e9via&nbsp;para&nbsp;definir como ser\u00e1 a contrata\u00e7\u00e3o de um diagn\u00f3stico sobre a&nbsp;mobilidade&nbsp;urbana&nbsp;nas&nbsp;21&nbsp;regi\u00f5es&nbsp;metropolitanas&nbsp;do&nbsp;pa\u00eds&nbsp;com mais de um milh\u00e3o de habitantes.<br><br>A inten\u00e7\u00e3o&nbsp;do&nbsp;banco,&nbsp;em&nbsp;parceria com o Minist\u00e9rio das Cidades, \u00e9 produzir um levantamento sobre o transporte urbano de cada uma dessas&nbsp;regi\u00f5es, identificando o que est\u00e1 planejado e quais os&nbsp;projetos&nbsp;existentes,&nbsp;para&nbsp;que depois seja poss\u00edvel elaborar proje\u00e7\u00f5es&nbsp;para&nbsp;uma rede de transporte necess\u00e1ria&nbsp;para&nbsp;os pr\u00f3ximos 30 anos. O&nbsp;estudo&nbsp;tamb\u00e9m pretende deixar um banco de&nbsp;projetos&nbsp;a serem implementados&nbsp;em&nbsp;cada uma dessas&nbsp;regi\u00f5es.<br><br>O banco lan\u00e7ou semana passada uma RFI (Request For Information), que \u00e9 uma esp\u00e9cie de tomada de subs\u00eddios ao chamamento que ser\u00e1 aberto&nbsp;para&nbsp;contratar o cons\u00f3rcio&nbsp;para&nbsp;realizar o&nbsp;estudo. O banco esteve fazendo reuni\u00f5es com interessados&nbsp;para&nbsp;receber&nbsp;sugest\u00f5es para&nbsp;melhorar o chamamento e decidiu ampliar at\u00e9 7 de agosto o prazo&nbsp;para&nbsp;contribui\u00e7\u00f5es, que iria at\u00e9 a \u00faltima sexta-feira (28). O edital pode ser visto&nbsp;<a rel=\"noreferrer noopener\" href=\"https:\/\/agenciainfra.us14.list-manage.com\/track\/click?u=d460dd1bcf9ba0ae040e1fc0f&amp;id=e61ec9f4c0&amp;e=f0fa444791\" target=\"_blank\">neste link<\/a>.<br><br>A partir de agosto, o processo seletivo final estar\u00e1 formalizado e a inten\u00e7\u00e3o \u00e9 escolher um cons\u00f3rcio at\u00e9 dezembro&nbsp;para&nbsp;realizar o trabalho&nbsp;em&nbsp;2024. A ideia \u00e9 que, ao fim&nbsp;do&nbsp;trabalho, seja poss\u00edvel criar um sistema de informa\u00e7\u00e3o&nbsp;em&nbsp;ferramenta virtual&nbsp;para&nbsp;o acompanhamento e monitoramento&nbsp;do&nbsp;que est\u00e1 sendo chamado de&nbsp;Estudo&nbsp;Nacional de&nbsp;Mobilidade&nbsp;Urbana.<br><br>O trabalho vai exigir que sejam apresentadas propostas&nbsp;para&nbsp;financiamento&nbsp;do&nbsp;setor, uso de garantias e poss\u00edveis fontes&nbsp;para&nbsp;os investimentos. Al\u00e9m disso, ser\u00e1 criada uma metodologia&nbsp;para&nbsp;prioriza\u00e7\u00e3o de&nbsp;projetos&nbsp;de alta e m\u00e9dia capacidade.<br><br><strong>D\u00e9ficit<\/strong><br>O d\u00e9ficit&nbsp;em&nbsp;investimentos&nbsp;em&nbsp;mobilidade&nbsp;urbana&nbsp;no&nbsp;pa\u00eds&nbsp;tem sido frequentemente diagnosticado por v\u00e1rios estudos, que apontam o setor como dos mais atrasados&nbsp;em&nbsp;termos de infraestrutura instalada. H\u00e1 apenas 1.129&nbsp;quil\u00f4metros de trilhos&nbsp;em&nbsp;opera\u00e7\u00e3o no Brasil.<br><br>Em&nbsp;recente relat\u00f3rio, a ANPTrilhos (Associa\u00e7\u00e3o Nacional dos Transportadores de Passageiros Sobre&nbsp;Trilhos), somente&nbsp;91 quil\u00f4metros de&nbsp;projetos&nbsp;metroferrovi\u00e1rios estavam&nbsp;em&nbsp;constru\u00e7\u00e3o.&nbsp;No entanto, a expectativa \u00e9 que somente 15,6 km de&nbsp;trilhos&nbsp;ficassem&nbsp;prontos&nbsp;em&nbsp;2023, seguindo um ritmo de crescimento que raramente passa dos 20 quil\u00f4metros por ano&nbsp;para&nbsp;projetos&nbsp;de alta capacidade. O relat\u00f3rio est\u00e1&nbsp;<a rel=\"noreferrer noopener\" href=\"https:\/\/agenciainfra.us14.list-manage.com\/track\/click?u=d460dd1bcf9ba0ae040e1fc0f&amp;id=339cc47de8&amp;e=f0fa444791\" target=\"_blank\">neste link<\/a>.<br><br>Joubert&nbsp;Flores, que est\u00e1 \u00e0 frente&nbsp;do&nbsp;conselho da associa\u00e7\u00e3o, atribui \u00e0 falta de planejamento um dos motivos&nbsp;para&nbsp;os baixos investimentos no setor. Outro \u00e9 a falta de aporte de recursos&nbsp;do&nbsp;Or\u00e7amento da Uni\u00e3o nos&nbsp;projetos, que acabam dependendo&nbsp;do&nbsp;esfor\u00e7o apenas de estados e munic\u00edpios&nbsp;para&nbsp;implanta\u00e7\u00e3o da infraestrutura.&nbsp;Para&nbsp;ele, a chancela&nbsp;do&nbsp;BNDES&nbsp;tende a tornar os&nbsp;projetos&nbsp;menos de governo e mais de estado.<br><br>&#8220;Estamos associados com eles, tentando ajudar no que for poss\u00edvel. No ambiente de baix\u00edssimo investimento no setor e a necessidade muito grande de expandir a malha, quais s\u00e3o os&nbsp;projetos&nbsp;que efetivamente fazem sentido? N\u00e3o pode ser o de um governante de ocasi\u00e3o,&nbsp;para&nbsp;agradar um grupo&#8221;, defende Joubert.<br><br><strong>Dificuldades com&nbsp;projetos<\/strong><br>Um dos motivos pelo qual o banco decidiu investir no&nbsp;estudo&nbsp;de&nbsp;mobilidade, usando recursos&nbsp;pr\u00f3prios, \u00e9 a dificuldade&nbsp;em&nbsp;financiar os&nbsp;projetos&nbsp;que aparecem. H\u00e1 falta de informa\u00e7\u00f5es mais confi\u00e1veis, o que torna a avalia\u00e7\u00e3o&nbsp;do&nbsp;banco mais dif\u00edcil e limita os financiamentos.<br><br>Cleverson Aroeira, analista de infraestrutura&nbsp;do&nbsp;banco e que est\u00e1 \u00e0 frente&nbsp;do&nbsp;projeto, disse que desde 2020 o banco vem tentando ampliar os financiamentos no setor utilizando-se da carteira de&nbsp;projetos&nbsp;existentes, repetindo modelos que t\u00eam funcionado&nbsp;para&nbsp;saneamento e rodovias, por exemplo.<br><br>Mas, segundo ele,&nbsp;para&nbsp;a&nbsp;mobilidade&nbsp;\u00e9 preciso dar um passo anterior, que \u00e9 a realiza\u00e7\u00e3o desse&nbsp;estudo,&nbsp;para&nbsp;atuar ainda na etapa de planejamento e assim produzir&nbsp;projetos&nbsp;de melhor qualidade.&nbsp;<br><br>Segundo ele, a inten\u00e7\u00e3o n\u00e3o \u00e9 que a Uni\u00e3o assuma o lugar dos estados e munic\u00edpios na escolha e execu\u00e7\u00e3o dos&nbsp;projetos. Mas ter instrumentos que apontem quais as alternativas mais vi\u00e1veis&nbsp;para&nbsp;que seja poss\u00edvel n\u00e3o somente financiar como tamb\u00e9m fazer aporte de recursos&nbsp;do&nbsp;or\u00e7amento, o que ele v\u00ea como fundamental&nbsp;para&nbsp;a amplia\u00e7\u00e3o dos sistemas.<br><br>&#8220;Nos pa\u00edses que t\u00eam essa infraestrutura, o governo federal entra com recursos. \u00c9 um setor que, no mundo, n\u00e3o funciona sem subs\u00eddios&#8221;, disse Aroeira.<br><br>Aroeira atribui o baixo investimento nos \u00faltimos anos \u00e0 tentativa de fazer parcerias com a iniciativa privada colocando apenas recursos das tarifas&nbsp;para&nbsp;sustentar os investimentos e a opera\u00e7\u00e3o. Segundo ele, a disposi\u00e7\u00e3o&nbsp;do&nbsp;atual governo de entrar com recursos nesses&nbsp;projetos&nbsp;vai ajudar a deix\u00e1-los de p\u00e9.<br><br>&#8220;Vamos estruturar PPPs [Parcerias P\u00fablico-Privadas], dificilmente cabe concess\u00e3o. Viabilizar um projeto desse s\u00f3 com tarifa n\u00e3o d\u00e1&#8221;, disse o especialista, indicando que a fase de estrutura\u00e7\u00e3o de cada projeto ter\u00e1 novas contrata\u00e7\u00f5es de estruturadores.<br><br>A esperan\u00e7a de Aroeira \u00e9 que o&nbsp;Estudo&nbsp;Nacional de&nbsp;Mobilidade&nbsp;Urbana&nbsp;sirva de modelo&nbsp;para&nbsp;o setor como foram estudos semelhantes contratados pelo banco&nbsp;para&nbsp;os setores a\u00e9reo e portu\u00e1rio no in\u00edcio da d\u00e9cada passada e que foram a base&nbsp;para&nbsp;a reformula\u00e7\u00e3o nessas \u00e1reas.<br><br><strong>Dados defasados<\/strong><br>O trabalho, contudo, n\u00e3o ser\u00e1 simples. De acordo com dados levantados pelo banco&nbsp;em&nbsp;setembro&nbsp;do&nbsp;ano passado, com informa\u00e7\u00f5es dadas pelas pr\u00f3prias cidades, menos de 1\/3 das cidades consultadas tinham Plano Diretor Urbano com menos de cinco anos.<br><br>Os planos de&nbsp;mobilidade&nbsp;metropolitano s\u00f3 existem&nbsp;em&nbsp;oito&nbsp;regi\u00f5es&nbsp;metropolitanas, sendo que apenas&nbsp;em&nbsp;Fortaleza tem menos de cinco anos. Somente 20% tinham uma pesquisa de origem e destino com esse mesmo n\u00edvel de atualiza\u00e7\u00e3o.&nbsp;<br><br>No entanto, mais de 75% das&nbsp;regi\u00f5es&nbsp;metropolitanas&nbsp;disseram ter dados mais atualizados, como informa\u00e7\u00e3o de bilhetagem, rastreamento de \u00f4nibus, frequ\u00eancias e outros dados sobre a movimenta\u00e7\u00e3o de passageiros, de&nbsp;acordo com os dados disponibilizados pelo&nbsp;BNDES.<br><br>Al\u00e9m de atualiza\u00e7\u00e3o de dados e dos&nbsp;projetos, a proposta prev\u00ea que os autores&nbsp;do&nbsp;estudo&nbsp;proponham modelos de governan\u00e7a&nbsp;para&nbsp;a gest\u00e3o&nbsp;do&nbsp;transporte nas&nbsp;regi\u00f5es&nbsp;metropolitanas, e responsabilidades e contrapartidas que a Uni\u00e3o poder\u00e1 ofertar.<br><br><strong>Consulta<\/strong><br>No governo anterior, houve uma tentativa de se criar um modelo de governan\u00e7a&nbsp;para&nbsp;a&nbsp;mobilidade&nbsp;urbana&nbsp;no&nbsp;pa\u00eds&nbsp;no qual o governo federal daria incentivos financeiros aos entes federados que se adaptassem ao novo modelo,&nbsp;em&nbsp;proposta assemelhada ao que foi feito no setor de saneamento b\u00e1sico.&nbsp;<br><br>No entanto, o Projeto de Lei sobre o tema n\u00e3o avan\u00e7ou no Congresso Nacional. O Minist\u00e9rio das Cidades decidiu ent\u00e3o fazer uma consulta p\u00fablica&nbsp;para&nbsp;elaborar uma proposta, que agora est\u00e1&nbsp;em&nbsp;processo de an\u00e1lise e pode ser vista&nbsp;<a rel=\"noreferrer noopener\" href=\"https:\/\/agenciainfra.us14.list-manage.com\/track\/click?u=d460dd1bcf9ba0ae040e1fc0f&amp;id=19934d882a&amp;e=f0fa444791\" target=\"_blank\">neste link<\/a>.<\/p>\n","protected":false},"excerpt":{"rendered":"<p>Dimmi Amora, da Ag\u00eancia iNFRA O pontap\u00e9 inicial&nbsp;para&nbsp;o maior&nbsp;estudo&nbsp;sobre&nbsp;mobilidade&nbsp;urbana&nbsp;a ser produzido no&nbsp;pa\u00eds&nbsp;foi dado pelo&nbsp;BNDES&nbsp;h\u00e1 duas semanas, com a abertura de uma consulta pr\u00e9via&nbsp;para&nbsp;definir como ser\u00e1 a contrata\u00e7\u00e3o de um diagn\u00f3stico sobre a&nbsp;mobilidade&nbsp;urbana&nbsp;nas&nbsp;21&nbsp;regi\u00f5es&nbsp;metropolitanas&nbsp;do&nbsp;pa\u00eds&nbsp;com mais de um milh\u00e3o de habitantes. A inten\u00e7\u00e3o&nbsp;do&nbsp;banco,&nbsp;em&nbsp;parceria com o Minist\u00e9rio das Cidades, \u00e9 produzir um levantamento sobre o transporte urbano de cada [&hellip;]<\/p>\n","protected":false},"author":1,"featured_media":5209,"comment_status":"closed","ping_status":"closed","sticky":false,"template":"","format":"standard","meta":{"_monsterinsights_skip_tracking":false,"_monsterinsights_sitenote_active":false,"_monsterinsights_sitenote_note":"","_monsterinsights_sitenote_category":0,"footnotes":""},"categories":[18468],"tags":[2380,103,3504,7106,7108,120,187,7109,4035,2162,7105,7107,2352,2233],"class_list":["post-13152","post","type-post","status-publish","format-standard","has-post-thumbnail","hentry","category-infra-cidades","tag-anptrilhos","tag-bndes","tag-cleverson-aroeira","tag-consulta-previa","tag-estudo-nacional-de-mobilidade-urbana","tag-ferrovias","tag-financiamento","tag-metroviarios","tag-ministerio-das-cidades","tag-mobilidade-urbana","tag-regioes-metropolitanas","tag-rfi","tag-tomada-de-subsidios","tag-transporte-publico"],"yoast_head":"<!-- This site is optimized with the Yoast SEO Premium plugin v25.4 (Yoast SEO v26.0) - https:\/\/yoast.com\/wordpress\/plugins\/seo\/ -->\n<title>BNDES abre estudo para projetos de mobilidade urbana em 21 regi\u00f5es metropolitanas do pa\u00eds - Ag\u00eancia iNFRA<\/title>\n<meta name=\"robots\" content=\"index, follow, max-snippet:-1, max-image-preview:large, max-video-preview:-1\" \/>\n<link rel=\"canonical\" href=\"https:\/\/agenciainfra.com\/blog\/bndes-abre-estudo-para-projetos-de-mobilidade-urbana-em-21-regioes-metropolitanas-do-pais\/\" \/>\n<meta property=\"og:locale\" content=\"pt_BR\" \/>\n<meta property=\"og:type\" content=\"article\" \/>\n<meta property=\"og:title\" content=\"BNDES abre estudo para projetos de mobilidade urbana em 21 regi\u00f5es metropolitanas do pa\u00eds\" \/>\n<meta property=\"og:description\" content=\"Dimmi Amora, da Ag\u00eancia iNFRA O pontap\u00e9 inicial&nbsp;para&nbsp;o maior&nbsp;estudo&nbsp;sobre&nbsp;mobilidade&nbsp;urbana&nbsp;a ser produzido no&nbsp;pa\u00eds&nbsp;foi dado pelo&nbsp;BNDES&nbsp;h\u00e1 duas semanas, com a abertura de uma consulta pr\u00e9via&nbsp;para&nbsp;definir como ser\u00e1 a contrata\u00e7\u00e3o de um diagn\u00f3stico sobre a&nbsp;mobilidade&nbsp;urbana&nbsp;nas&nbsp;21&nbsp;regi\u00f5es&nbsp;metropolitanas&nbsp;do&nbsp;pa\u00eds&nbsp;com mais de um milh\u00e3o de habitantes. A inten\u00e7\u00e3o&nbsp;do&nbsp;banco,&nbsp;em&nbsp;parceria com o Minist\u00e9rio das Cidades, \u00e9 produzir um levantamento sobre o transporte urbano de cada [&hellip;]\" \/>\n<meta property=\"og:url\" content=\"https:\/\/agenciainfra.com\/blog\/bndes-abre-estudo-para-projetos-de-mobilidade-urbana-em-21-regioes-metropolitanas-do-pais\/\" \/>\n<meta property=\"og:site_name\" content=\"Ag\u00eancia iNFRA\" \/>\n<meta property=\"article:publisher\" content=\"https:\/\/www.facebook.com\/ageninfra\" \/>\n<meta property=\"article:published_time\" content=\"2023-07-31T12:00:00+00:00\" \/>\n<meta property=\"article:modified_time\" content=\"2026-02-13T19:53:14+00:00\" \/>\n<meta property=\"og:image\" content=\"https:\/\/agenciainfra.com\/blog\/wp-content\/uploads\/2020\/06\/mobilidade-urbana-foto-rovena-rosa-agencia-brasil.jpg\" \/>\n\t<meta property=\"og:image:width\" content=\"1280\" \/>\n\t<meta property=\"og:image:height\" content=\"852\" \/>\n\t<meta property=\"og:image:type\" content=\"image\/jpeg\" \/>\n<meta name=\"author\" content=\"Ag\u00eancia iNFRA\" \/>\n<meta name=\"twitter:card\" content=\"summary_large_image\" \/>\n<meta name=\"twitter:creator\" content=\"@agencia_infra\" \/>\n<meta name=\"twitter:site\" content=\"@agencia_infra\" \/>\n<meta name=\"twitter:label1\" content=\"Escrito por\" \/>\n\t<meta name=\"twitter:data1\" content=\"Ag\u00eancia iNFRA\" \/>\n\t<meta name=\"twitter:label2\" content=\"Est. tempo de leitura\" \/>\n\t<meta name=\"twitter:data2\" content=\"7 minutos\" \/>\n<script type=\"application\/ld+json\" class=\"yoast-schema-graph\">{\"@context\":\"https:\/\/schema.org\",\"@graph\":[{\"@type\":\"Article\",\"@id\":\"https:\/\/agenciainfra.com\/blog\/bndes-abre-estudo-para-projetos-de-mobilidade-urbana-em-21-regioes-metropolitanas-do-pais\/#article\",\"isPartOf\":{\"@id\":\"https:\/\/agenciainfra.com\/blog\/bndes-abre-estudo-para-projetos-de-mobilidade-urbana-em-21-regioes-metropolitanas-do-pais\/\"},\"author\":{\"name\":\"Ag\u00eancia iNFRA\",\"@id\":\"https:\/\/agenciainfra.com\/blog\/#\/schema\/person\/34af08dff6adea4cb22b06612ba7acfa\"},\"headline\":\"BNDES abre estudo para projetos de mobilidade urbana em 21 regi\u00f5es metropolitanas do pa\u00eds\",\"datePublished\":\"2023-07-31T12:00:00+00:00\",\"dateModified\":\"2026-02-13T19:53:14+00:00\",\"mainEntityOfPage\":{\"@id\":\"https:\/\/agenciainfra.com\/blog\/bndes-abre-estudo-para-projetos-de-mobilidade-urbana-em-21-regioes-metropolitanas-do-pais\/\"},\"wordCount\":1418,\"publisher\":{\"@id\":\"https:\/\/agenciainfra.com\/blog\/#organization\"},\"image\":{\"@id\":\"https:\/\/agenciainfra.com\/blog\/bndes-abre-estudo-para-projetos-de-mobilidade-urbana-em-21-regioes-metropolitanas-do-pais\/#primaryimage\"},\"thumbnailUrl\":\"https:\/\/agenciainfra.com\/blog\/wp-content\/uploads\/2020\/06\/mobilidade-urbana-foto-rovena-rosa-agencia-brasil.jpg\",\"keywords\":[\"ANPTrilhos\",\"BNDES\",\"Cleverson Aroeira\",\"consulta pr\u00e9via\",\"Estudo Nacional de Mobilidade Urbana\",\"Ferrovias\",\"financiamento\",\"metrovi\u00e1rios\",\"Minist\u00e9rio das Cidades\",\"mobilidade urbana\",\"regi\u00f5es metropolitanas\",\"RFI\",\"tomada de subs\u00eddios\",\"transporte p\u00fablico\"],\"articleSection\":[\"iNFRACidades\"],\"inLanguage\":\"pt-BR\",\"copyrightYear\":\"2023\",\"copyrightHolder\":{\"@id\":\"https:\/\/agenciainfra.com\/blog\/#organization\"}},{\"@type\":\"WebPage\",\"@id\":\"https:\/\/agenciainfra.com\/blog\/bndes-abre-estudo-para-projetos-de-mobilidade-urbana-em-21-regioes-metropolitanas-do-pais\/\",\"url\":\"https:\/\/agenciainfra.com\/blog\/bndes-abre-estudo-para-projetos-de-mobilidade-urbana-em-21-regioes-metropolitanas-do-pais\/\",\"name\":\"BNDES abre estudo para projetos de mobilidade urbana em 21 regi\u00f5es metropolitanas do pa\u00eds - Ag\u00eancia iNFRA\",\"isPartOf\":{\"@id\":\"https:\/\/agenciainfra.com\/blog\/#website\"},\"primaryImageOfPage\":{\"@id\":\"https:\/\/agenciainfra.com\/blog\/bndes-abre-estudo-para-projetos-de-mobilidade-urbana-em-21-regioes-metropolitanas-do-pais\/#primaryimage\"},\"image\":{\"@id\":\"https:\/\/agenciainfra.com\/blog\/bndes-abre-estudo-para-projetos-de-mobilidade-urbana-em-21-regioes-metropolitanas-do-pais\/#primaryimage\"},\"thumbnailUrl\":\"https:\/\/agenciainfra.com\/blog\/wp-content\/uploads\/2020\/06\/mobilidade-urbana-foto-rovena-rosa-agencia-brasil.jpg\",\"datePublished\":\"2023-07-31T12:00:00+00:00\",\"dateModified\":\"2026-02-13T19:53:14+00:00\",\"breadcrumb\":{\"@id\":\"https:\/\/agenciainfra.com\/blog\/bndes-abre-estudo-para-projetos-de-mobilidade-urbana-em-21-regioes-metropolitanas-do-pais\/#breadcrumb\"},\"inLanguage\":\"pt-BR\",\"potentialAction\":[{\"@type\":\"ReadAction\",\"target\":[\"https:\/\/agenciainfra.com\/blog\/bndes-abre-estudo-para-projetos-de-mobilidade-urbana-em-21-regioes-metropolitanas-do-pais\/\"]}]},{\"@type\":\"ImageObject\",\"inLanguage\":\"pt-BR\",\"@id\":\"https:\/\/agenciainfra.com\/blog\/bndes-abre-estudo-para-projetos-de-mobilidade-urbana-em-21-regioes-metropolitanas-do-pais\/#primaryimage\",\"url\":\"https:\/\/agenciainfra.com\/blog\/wp-content\/uploads\/2020\/06\/mobilidade-urbana-foto-rovena-rosa-agencia-brasil.jpg\",\"contentUrl\":\"https:\/\/agenciainfra.com\/blog\/wp-content\/uploads\/2020\/06\/mobilidade-urbana-foto-rovena-rosa-agencia-brasil.jpg\",\"width\":1280,\"height\":852,\"caption\":\"mobilidade-urbana-foto-rovena-rosa-agencia-brasil.jpg\"},{\"@type\":\"BreadcrumbList\",\"@id\":\"https:\/\/agenciainfra.com\/blog\/bndes-abre-estudo-para-projetos-de-mobilidade-urbana-em-21-regioes-metropolitanas-do-pais\/#breadcrumb\",\"itemListElement\":[{\"@type\":\"ListItem\",\"position\":1,\"name\":\"In\u00edcio\",\"item\":\"https:\/\/agenciainfra.com\/blog\/\"},{\"@type\":\"ListItem\",\"position\":2,\"name\":\"BNDES abre estudo para projetos de mobilidade urbana em 21 regi\u00f5es metropolitanas do pa\u00eds\"}]},{\"@type\":\"WebSite\",\"@id\":\"https:\/\/agenciainfra.com\/blog\/#website\",\"url\":\"https:\/\/agenciainfra.com\/blog\/\",\"name\":\"Ag\u00eancia iNFRA\",\"description\":\"Multiplataforma de informa\u00e7\u00e3o jornal\u00edstica refer\u00eancia na \u00e1rea de infraestrutura no Brasil!\",\"publisher\":{\"@id\":\"https:\/\/agenciainfra.com\/blog\/#organization\"},\"potentialAction\":[{\"@type\":\"SearchAction\",\"target\":{\"@type\":\"EntryPoint\",\"urlTemplate\":\"https:\/\/agenciainfra.com\/blog\/?s={search_term_string}\"},\"query-input\":{\"@type\":\"PropertyValueSpecification\",\"valueRequired\":true,\"valueName\":\"search_term_string\"}}],\"inLanguage\":\"pt-BR\"},{\"@type\":\"Organization\",\"@id\":\"https:\/\/agenciainfra.com\/blog\/#organization\",\"name\":\"Ag\u00eancia iNFRA\",\"url\":\"https:\/\/agenciainfra.com\/blog\/\",\"logo\":{\"@type\":\"ImageObject\",\"inLanguage\":\"pt-BR\",\"@id\":\"https:\/\/agenciainfra.com\/blog\/#\/schema\/logo\/image\/\",\"url\":\"https:\/\/agenciainfra.com\/blog\/wp-content\/uploads\/2023\/09\/iNFRA_5-e1761735885940.png\",\"contentUrl\":\"https:\/\/agenciainfra.com\/blog\/wp-content\/uploads\/2023\/09\/iNFRA_5-e1761735885940.png\",\"width\":1672,\"height\":454,\"caption\":\"Ag\u00eancia iNFRA\"},\"image\":{\"@id\":\"https:\/\/agenciainfra.com\/blog\/#\/schema\/logo\/image\/\"},\"sameAs\":[\"https:\/\/www.facebook.com\/ageninfra\",\"https:\/\/x.com\/agencia_infra\",\"https:\/\/www.linkedin.com\/company\/ag\u00eanciainfra\/\",\"https:\/\/www.instagram.com\/agenciainfra\/\"]},{\"@type\":\"Person\",\"@id\":\"https:\/\/agenciainfra.com\/blog\/#\/schema\/person\/34af08dff6adea4cb22b06612ba7acfa\",\"name\":\"Ag\u00eancia iNFRA\",\"image\":{\"@type\":\"ImageObject\",\"inLanguage\":\"pt-BR\",\"@id\":\"https:\/\/agenciainfra.com\/blog\/#\/schema\/person\/image\/\",\"url\":\"https:\/\/secure.gravatar.com\/avatar\/d189e01678f06d8eb84d4e01f08eb848b3fffe3f8443818d3c356c66892f5be8?s=96&d=mm&r=g\",\"contentUrl\":\"https:\/\/secure.gravatar.com\/avatar\/d189e01678f06d8eb84d4e01f08eb848b3fffe3f8443818d3c356c66892f5be8?s=96&d=mm&r=g\",\"caption\":\"Ag\u00eancia iNFRA\"},\"url\":\"https:\/\/agenciainfra.com\/blog\/author\/admin\/\"}]}<\/script>\n<!-- \/ Yoast SEO Premium plugin. -->","yoast_head_json":{"title":"BNDES abre estudo para projetos de mobilidade urbana em 21 regi\u00f5es metropolitanas do pa\u00eds - Ag\u00eancia iNFRA","robots":{"index":"index","follow":"follow","max-snippet":"max-snippet:-1","max-image-preview":"max-image-preview:large","max-video-preview":"max-video-preview:-1"},"canonical":"https:\/\/agenciainfra.com\/blog\/bndes-abre-estudo-para-projetos-de-mobilidade-urbana-em-21-regioes-metropolitanas-do-pais\/","og_locale":"pt_BR","og_type":"article","og_title":"BNDES abre estudo para projetos de mobilidade urbana em 21 regi\u00f5es metropolitanas do pa\u00eds","og_description":"Dimmi Amora, da Ag\u00eancia iNFRA O pontap\u00e9 inicial&nbsp;para&nbsp;o maior&nbsp;estudo&nbsp;sobre&nbsp;mobilidade&nbsp;urbana&nbsp;a ser produzido no&nbsp;pa\u00eds&nbsp;foi dado pelo&nbsp;BNDES&nbsp;h\u00e1 duas semanas, com a abertura de uma consulta pr\u00e9via&nbsp;para&nbsp;definir como ser\u00e1 a contrata\u00e7\u00e3o de um diagn\u00f3stico sobre a&nbsp;mobilidade&nbsp;urbana&nbsp;nas&nbsp;21&nbsp;regi\u00f5es&nbsp;metropolitanas&nbsp;do&nbsp;pa\u00eds&nbsp;com mais de um milh\u00e3o de habitantes. A inten\u00e7\u00e3o&nbsp;do&nbsp;banco,&nbsp;em&nbsp;parceria com o Minist\u00e9rio das Cidades, \u00e9 produzir um levantamento sobre o transporte urbano de cada [&hellip;]","og_url":"https:\/\/agenciainfra.com\/blog\/bndes-abre-estudo-para-projetos-de-mobilidade-urbana-em-21-regioes-metropolitanas-do-pais\/","og_site_name":"Ag\u00eancia iNFRA","article_publisher":"https:\/\/www.facebook.com\/ageninfra","article_published_time":"2023-07-31T12:00:00+00:00","article_modified_time":"2026-02-13T19:53:14+00:00","og_image":[{"width":1280,"height":852,"url":"https:\/\/agenciainfra.com\/blog\/wp-content\/uploads\/2020\/06\/mobilidade-urbana-foto-rovena-rosa-agencia-brasil.jpg","type":"image\/jpeg"}],"author":"Ag\u00eancia iNFRA","twitter_card":"summary_large_image","twitter_creator":"@agencia_infra","twitter_site":"@agencia_infra","twitter_misc":{"Escrito por":"Ag\u00eancia iNFRA","Est. tempo de leitura":"7 minutos"},"schema":{"@context":"https:\/\/schema.org","@graph":[{"@type":"Article","@id":"https:\/\/agenciainfra.com\/blog\/bndes-abre-estudo-para-projetos-de-mobilidade-urbana-em-21-regioes-metropolitanas-do-pais\/#article","isPartOf":{"@id":"https:\/\/agenciainfra.com\/blog\/bndes-abre-estudo-para-projetos-de-mobilidade-urbana-em-21-regioes-metropolitanas-do-pais\/"},"author":{"name":"Ag\u00eancia iNFRA","@id":"https:\/\/agenciainfra.com\/blog\/#\/schema\/person\/34af08dff6adea4cb22b06612ba7acfa"},"headline":"BNDES abre estudo para projetos de mobilidade urbana em 21 regi\u00f5es metropolitanas do pa\u00eds","datePublished":"2023-07-31T12:00:00+00:00","dateModified":"2026-02-13T19:53:14+00:00","mainEntityOfPage":{"@id":"https:\/\/agenciainfra.com\/blog\/bndes-abre-estudo-para-projetos-de-mobilidade-urbana-em-21-regioes-metropolitanas-do-pais\/"},"wordCount":1418,"publisher":{"@id":"https:\/\/agenciainfra.com\/blog\/#organization"},"image":{"@id":"https:\/\/agenciainfra.com\/blog\/bndes-abre-estudo-para-projetos-de-mobilidade-urbana-em-21-regioes-metropolitanas-do-pais\/#primaryimage"},"thumbnailUrl":"https:\/\/agenciainfra.com\/blog\/wp-content\/uploads\/2020\/06\/mobilidade-urbana-foto-rovena-rosa-agencia-brasil.jpg","keywords":["ANPTrilhos","BNDES","Cleverson Aroeira","consulta pr\u00e9via","Estudo Nacional de Mobilidade Urbana","Ferrovias","financiamento","metrovi\u00e1rios","Minist\u00e9rio das Cidades","mobilidade urbana","regi\u00f5es metropolitanas","RFI","tomada de subs\u00eddios","transporte p\u00fablico"],"articleSection":["iNFRACidades"],"inLanguage":"pt-BR","copyrightYear":"2023","copyrightHolder":{"@id":"https:\/\/agenciainfra.com\/blog\/#organization"}},{"@type":"WebPage","@id":"https:\/\/agenciainfra.com\/blog\/bndes-abre-estudo-para-projetos-de-mobilidade-urbana-em-21-regioes-metropolitanas-do-pais\/","url":"https:\/\/agenciainfra.com\/blog\/bndes-abre-estudo-para-projetos-de-mobilidade-urbana-em-21-regioes-metropolitanas-do-pais\/","name":"BNDES abre estudo para projetos de mobilidade urbana em 21 regi\u00f5es metropolitanas do pa\u00eds - Ag\u00eancia iNFRA","isPartOf":{"@id":"https:\/\/agenciainfra.com\/blog\/#website"},"primaryImageOfPage":{"@id":"https:\/\/agenciainfra.com\/blog\/bndes-abre-estudo-para-projetos-de-mobilidade-urbana-em-21-regioes-metropolitanas-do-pais\/#primaryimage"},"image":{"@id":"https:\/\/agenciainfra.com\/blog\/bndes-abre-estudo-para-projetos-de-mobilidade-urbana-em-21-regioes-metropolitanas-do-pais\/#primaryimage"},"thumbnailUrl":"https:\/\/agenciainfra.com\/blog\/wp-content\/uploads\/2020\/06\/mobilidade-urbana-foto-rovena-rosa-agencia-brasil.jpg","datePublished":"2023-07-31T12:00:00+00:00","dateModified":"2026-02-13T19:53:14+00:00","breadcrumb":{"@id":"https:\/\/agenciainfra.com\/blog\/bndes-abre-estudo-para-projetos-de-mobilidade-urbana-em-21-regioes-metropolitanas-do-pais\/#breadcrumb"},"inLanguage":"pt-BR","potentialAction":[{"@type":"ReadAction","target":["https:\/\/agenciainfra.com\/blog\/bndes-abre-estudo-para-projetos-de-mobilidade-urbana-em-21-regioes-metropolitanas-do-pais\/"]}]},{"@type":"ImageObject","inLanguage":"pt-BR","@id":"https:\/\/agenciainfra.com\/blog\/bndes-abre-estudo-para-projetos-de-mobilidade-urbana-em-21-regioes-metropolitanas-do-pais\/#primaryimage","url":"https:\/\/agenciainfra.com\/blog\/wp-content\/uploads\/2020\/06\/mobilidade-urbana-foto-rovena-rosa-agencia-brasil.jpg","contentUrl":"https:\/\/agenciainfra.com\/blog\/wp-content\/uploads\/2020\/06\/mobilidade-urbana-foto-rovena-rosa-agencia-brasil.jpg","width":1280,"height":852,"caption":"mobilidade-urbana-foto-rovena-rosa-agencia-brasil.jpg"},{"@type":"BreadcrumbList","@id":"https:\/\/agenciainfra.com\/blog\/bndes-abre-estudo-para-projetos-de-mobilidade-urbana-em-21-regioes-metropolitanas-do-pais\/#breadcrumb","itemListElement":[{"@type":"ListItem","position":1,"name":"In\u00edcio","item":"https:\/\/agenciainfra.com\/blog\/"},{"@type":"ListItem","position":2,"name":"BNDES abre estudo para projetos de mobilidade urbana em 21 regi\u00f5es metropolitanas do pa\u00eds"}]},{"@type":"WebSite","@id":"https:\/\/agenciainfra.com\/blog\/#website","url":"https:\/\/agenciainfra.com\/blog\/","name":"Ag\u00eancia iNFRA","description":"Multiplataforma de informa\u00e7\u00e3o jornal\u00edstica refer\u00eancia na \u00e1rea de infraestrutura no Brasil!","publisher":{"@id":"https:\/\/agenciainfra.com\/blog\/#organization"},"potentialAction":[{"@type":"SearchAction","target":{"@type":"EntryPoint","urlTemplate":"https:\/\/agenciainfra.com\/blog\/?s={search_term_string}"},"query-input":{"@type":"PropertyValueSpecification","valueRequired":true,"valueName":"search_term_string"}}],"inLanguage":"pt-BR"},{"@type":"Organization","@id":"https:\/\/agenciainfra.com\/blog\/#organization","name":"Ag\u00eancia iNFRA","url":"https:\/\/agenciainfra.com\/blog\/","logo":{"@type":"ImageObject","inLanguage":"pt-BR","@id":"https:\/\/agenciainfra.com\/blog\/#\/schema\/logo\/image\/","url":"https:\/\/agenciainfra.com\/blog\/wp-content\/uploads\/2023\/09\/iNFRA_5-e1761735885940.png","contentUrl":"https:\/\/agenciainfra.com\/blog\/wp-content\/uploads\/2023\/09\/iNFRA_5-e1761735885940.png","width":1672,"height":454,"caption":"Ag\u00eancia iNFRA"},"image":{"@id":"https:\/\/agenciainfra.com\/blog\/#\/schema\/logo\/image\/"},"sameAs":["https:\/\/www.facebook.com\/ageninfra","https:\/\/x.com\/agencia_infra","https:\/\/www.linkedin.com\/company\/ag\u00eanciainfra\/","https:\/\/www.instagram.com\/agenciainfra\/"]},{"@type":"Person","@id":"https:\/\/agenciainfra.com\/blog\/#\/schema\/person\/34af08dff6adea4cb22b06612ba7acfa","name":"Ag\u00eancia iNFRA","image":{"@type":"ImageObject","inLanguage":"pt-BR","@id":"https:\/\/agenciainfra.com\/blog\/#\/schema\/person\/image\/","url":"https:\/\/secure.gravatar.com\/avatar\/d189e01678f06d8eb84d4e01f08eb848b3fffe3f8443818d3c356c66892f5be8?s=96&d=mm&r=g","contentUrl":"https:\/\/secure.gravatar.com\/avatar\/d189e01678f06d8eb84d4e01f08eb848b3fffe3f8443818d3c356c66892f5be8?s=96&d=mm&r=g","caption":"Ag\u00eancia iNFRA"},"url":"https:\/\/agenciainfra.com\/blog\/author\/admin\/"}]}},"_links":{"self":[{"href":"https:\/\/agenciainfra.com\/blog\/wp-json\/wp\/v2\/posts\/13152","targetHints":{"allow":["GET"]}}],"collection":[{"href":"https:\/\/agenciainfra.com\/blog\/wp-json\/wp\/v2\/posts"}],"about":[{"href":"https:\/\/agenciainfra.com\/blog\/wp-json\/wp\/v2\/types\/post"}],"author":[{"embeddable":true,"href":"https:\/\/agenciainfra.com\/blog\/wp-json\/wp\/v2\/users\/1"}],"replies":[{"embeddable":true,"href":"https:\/\/agenciainfra.com\/blog\/wp-json\/wp\/v2\/comments?post=13152"}],"version-history":[{"count":1,"href":"https:\/\/agenciainfra.com\/blog\/wp-json\/wp\/v2\/posts\/13152\/revisions"}],"predecessor-version":[{"id":36640,"href":"https:\/\/agenciainfra.com\/blog\/wp-json\/wp\/v2\/posts\/13152\/revisions\/36640"}],"wp:featuredmedia":[{"embeddable":true,"href":"https:\/\/agenciainfra.com\/blog\/wp-json\/wp\/v2\/media\/5209"}],"wp:attachment":[{"href":"https:\/\/agenciainfra.com\/blog\/wp-json\/wp\/v2\/media?parent=13152"}],"wp:term":[{"taxonomy":"category","embeddable":true,"href":"https:\/\/agenciainfra.com\/blog\/wp-json\/wp\/v2\/categories?post=13152"},{"taxonomy":"post_tag","embeddable":true,"href":"https:\/\/agenciainfra.com\/blog\/wp-json\/wp\/v2\/tags?post=13152"}],"curies":[{"name":"wp","href":"https:\/\/api.w.org\/{rel}","templated":true}]}}