{"id":13196,"date":"2023-08-04T10:00:00","date_gmt":"2023-08-04T13:00:00","guid":{"rendered":"https:\/\/www.agenciainfra.com\/blog\/?p=13196"},"modified":"2023-08-04T10:15:57","modified_gmt":"2023-08-04T13:15:57","slug":"lira-indica-que-a-camara-dos-deputados-deve-destravar-pacote-de-energia-neste-semestre","status":"publish","type":"post","link":"https:\/\/agenciainfra.com\/blog\/lira-indica-que-a-camara-dos-deputados-deve-destravar-pacote-de-energia-neste-semestre\/","title":{"rendered":"Lira indica que a C\u00e2mara dos Deputados deve destravar &#8220;pacote de energia&#8221; neste semestre"},"content":{"rendered":"\n<p class=\"has-text-align-right\"><strong>Marisa Wanzeller, da&nbsp;Ag\u00eancia iNFRA<\/strong><\/p>\n\n\n\n<p>O presidente da C\u00e2mara dos Deputados, Arthur Lira (PP-AL), afirmou que a Casa priorizar\u00e1 mat\u00e9rias relacionadas a energias renov\u00e1veis neste segundo semestre da legislatura. O parlamentar falou nesta quinta-feira (3) ap\u00f3s reuni\u00e3o de l\u00edderes. Ao seu lado estavam os l\u00edderes do Progressistas, Andr\u00e9 Fufuca (MA), e do Uni\u00e3o Brasil, Elmar Nascimento (BA).<br><br>Dentre as mat\u00e9rias mencionadas\u00a0est\u00e3o o projeto do Mercado de Carbono, o Marco Legal das E\u00f3licas Offshore e o projeto do hidrog\u00eanio verde.<br><br>&#8220;N\u00f3s colocamos \u00e0 disposi\u00e7\u00e3o para todos os l\u00edderes de trabalharmos muito forte neste segundo semestre as pautas verdes, as pautas de energias renov\u00e1veis, o hidrog\u00eanio verde, cr\u00e9ditos de carbono, energias e\u00f3licas offshore. Ent\u00e3o, n\u00f3s vamos focar enquanto o Senado muito provavelmente estar\u00e1 discutindo como pauta priorit\u00e1ria a Reforma Tribut\u00e1ria&#8221;, afirmou o presidente da C\u00e2mara.<br><br>O secret\u00e1rio de Economia Verde, Descarboniza\u00e7\u00e3o e Bioind\u00fastria do MDIC (Minist\u00e9rio do Desenvolvimento, Ind\u00fastria, Com\u00e9rcio e Servi\u00e7os), Rodrigo Rollemberg, disse \u00e0\u00a0<strong>Ag\u00eancia iNFRA<\/strong>\u00a0que a fala de Arthur Lira mostrou &#8220;uma sintonia muito grande&#8221; do presidente e dos l\u00edderes da C\u00e2mara com &#8220;os interesses do Brasil&#8221;, tendo em vista que a transi\u00e7\u00e3o energ\u00e9tica \u00e9 uma pauta pleiteada pelo governo federal.<br><br>&#8220;O Brasil tem uma oportunidade \u00fanica a partir da transi\u00e7\u00e3o energ\u00e9tica. Eu diria que n\u00f3s estamos na pole position, s\u00f3 que n\u00f3s temos que largar e acelerar para chegar \u00e0 frente. Ent\u00e3o, eu entendo que a regulamenta\u00e7\u00e3o do mercado de carbono, das e\u00f3licas offshore, dos combust\u00edveis do futuro, diesel verde, CCUS, SAF (Combust\u00edvel Sustent\u00e1vel de Avia\u00e7\u00e3o), colocar os mandatos de biodiesel em lei e o hidrog\u00eanio de baixo carbono, essas s\u00e3o as agendas mais importantes que v\u00e3o criar oportunidades fant\u00e1sticas para o Brasil nos pr\u00f3ximos anos.&#8221;<br><br>O governo trabalha na Pol\u00edtica Nacional de Transi\u00e7\u00e3o Energ\u00e9tica, que dever\u00e1 ser apreciada na pr\u00f3xima reuni\u00e3o do CNPE (Conselho Nacional de Pol\u00edtica Energ\u00e9tica). Um encontro extraordin\u00e1rio estava previsto para julho, mas segue sem data marcada, \u00e0 espera da agenda do presidente Lula, conforme afirmou o ministro de Minas e Energia, Alexandre Silveira.\u00a0<br><br>As mat\u00e9rias citadas por Lira dever\u00e3o constar no pacote de transi\u00e7\u00e3o energ\u00e9tica, al\u00e9m do G\u00e1s para Empregar \u2013 programa de incentivo ao g\u00e1s natural \u2013 e do Programa de Descarboniza\u00e7\u00e3o da Amaz\u00f4nia. Este ser\u00e1 lan\u00e7ado pelo ministro Silveira e pelo presidente Lula durante viagem para a C\u00fapula da Amaz\u00f4nia, que ocorre na pr\u00f3xima semana em Bel\u00e9m (PA).\u00a0<br><br><strong>E\u00f3licas offshore e hidrog\u00eanio verde<\/strong><br>Arthur Lira j\u00e1 fechou acordo para apreciar em plen\u00e1rio o\u00a0requerimento de urg\u00eancia\u00a0para a tramita\u00e7\u00e3o do marco legal das e\u00f3licas offshore. O\u00a0PL (Projeto de Lei) 11.247\/2018\u00a0est\u00e1 sob relatoria do deputado Z\u00e9 Vitor (PL-MG), vice-presidente da Frente Parlamentar de Recursos Naturais e Energia.<br><br>Z\u00e9 Vitor considera que o acordo entre as lideran\u00e7as para o avan\u00e7o das pautas de energias renov\u00e1veis representa a import\u00e2ncia que o setor tem obtido dentro do Poder Legislativo. O parlamentar destaca que o PL das e\u00f3licas offshore tem o potencial de destravar R$ 20 bilh\u00f5es em investimentos, considerando apenas os pr\u00f3ximos quatro anos.<br><br>\u201c\u00c9 importante a mat\u00e9ria avan\u00e7ar agora para o desenvolvimento desses projetos, que s\u00e3o de longa matura\u00e7\u00e3o, necessitando de medi\u00e7\u00f5es de vento, an\u00e1lise de solo e de outras quest\u00f5es socioambientais, para que o pa\u00eds esteja apto a gerar esse tipo de energia na pr\u00f3xima d\u00e9cada\u201d, disse o deputado \u00e0\u00a0<strong>Ag\u00eancia iNFRA<\/strong>. \u00a0<br><br>O presidente da Comiss\u00e3o Especial de Hidrog\u00eanio Verde, deputado Arnaldo Jardim (Cidadania-SP), avalia que a C\u00e2mara tem uma pauta muito densa para o segundo semestre. &#8220;[Devemos] continuar naquilo que \u00e9 o fomento nas fontes renov\u00e1veis de energia, definirmos o avan\u00e7o do Mercado Livre para poder ampliar a oferta, as op\u00e7\u00f5es, e trabalhar na diminui\u00e7\u00e3o do custo da energia&#8221;, afirmou \u00e0\u00a0<strong>Ag\u00eancia iNFRA<\/strong>.<br><br>&#8220;Paralelamente a isso, [definir] marcos institucionais como o mercado de carbono e tamb\u00e9m crit\u00e9rios regulat\u00f3rios, legisla\u00e7\u00e3o, sobre biog\u00e1s, biometano e a produ\u00e7\u00e3o de hidrog\u00eanio no nosso pa\u00eds.&#8221;<br><br>Na \u00faltima quarta-feira (2), o vice-l\u00edder do Uni\u00e3o Brasil, deputado Danilo Forte (CE), apresentou pedido de urg\u00eancia ao\u00a0<a rel=\"noreferrer noopener\" href=\"https:\/\/agenciainfra.us14.list-manage.com\/track\/click?u=d460dd1bcf9ba0ae040e1fc0f&amp;id=c3872d4eb7&amp;e=f0fa444791\" target=\"_blank\">PL 2.308\/2023<\/a>, que prev\u00ea a regulamenta\u00e7\u00e3o do hidrog\u00eanio verde. O requerimento contou com o apoio do l\u00edder do governo na Casa, Jos\u00e9 Guimar\u00e3es (PT-CE).<br><br><strong>Expectativas do setor<\/strong><br>Elbia Gannoum, presidente da Abee\u00f3lica (Associa\u00e7\u00e3o Brasileira de Energia E\u00f3lica), avalia que a fala do presidente Lira reflete &#8220;uma movimenta\u00e7\u00e3o e uma disposi\u00e7\u00e3o grande do Congresso de fazer esses projetos que s\u00e3o necess\u00e1rios para o desenvolvimento da energia&#8221;. Em conversa com a\u00a0<strong>Ag\u00eancia iNFRA<\/strong>, Gannoum afirmou que os parlamentares t\u00eam &#8220;interesse de enfrentar&#8221; a pauta de pol\u00edtica industrial e energ\u00e9tica verde: &#8220;Eles entenderam a import\u00e2ncia disso para a economia brasileira e eles t\u00eam ouvido muito o setor&#8221;.<br><br>O setor compreendeu que a agenda legislativa esteve tomada por outras prioridades no primeiro semestre do ano, como a reforma tribut\u00e1ria, mas entende que agora h\u00e1 espa\u00e7o para tratar do tema, avalia a presidente da Abee\u00f3lica. &#8220;N\u00f3s estamos nos preparando para ir conversar com o presidente Lira e com as comiss\u00f5es&#8221;, disse. Gannoum complementou que um pedido de reuni\u00e3o ser\u00e1 encaminhado ao presidente Lira ainda nesta semana. A expectativa do mercado \u00e9 que esses temas sejam votados ainda em 2023.<\/p>\n","protected":false},"excerpt":{"rendered":"<p>Marisa Wanzeller, da&nbsp;Ag\u00eancia iNFRA O presidente da C\u00e2mara dos Deputados, Arthur Lira (PP-AL), afirmou que a Casa priorizar\u00e1 mat\u00e9rias relacionadas a energias renov\u00e1veis neste segundo semestre da legislatura. O parlamentar falou nesta quinta-feira (3) ap\u00f3s reuni\u00e3o de l\u00edderes. Ao seu lado estavam os l\u00edderes do Progressistas, Andr\u00e9 Fufuca (MA), e do Uni\u00e3o Brasil, Elmar Nascimento [&hellip;]<\/p>\n","protected":false},"author":1,"featured_media":12955,"comment_status":"closed","ping_status":"closed","sticky":false,"template":"","format":"standard","meta":{"_monsterinsights_skip_tracking":false,"_monsterinsights_sitenote_active":false,"_monsterinsights_sitenote_note":"","_monsterinsights_sitenote_category":0,"footnotes":""},"categories":[1,10],"tags":[7144,3339,305,2555,607,4535,7143,7145,3423,4036,7142],"class_list":["post-13196","post","type-post","status-publish","format-standard","has-post-thumbnail","hentry","category-geral","category-infraenergia","tag-andre-fufuca","tag-arthur-lira","tag-camara-dos-deputados","tag-elmar-nascimento","tag-energias-renovaveis","tag-hidrogenio-verde","tag-legislatura","tag-marco-legal-das-eolicas-offshore","tag-mercado-de-carbono","tag-progressistas","tag-uniao-brasil"],"yoast_head":"<!-- This site is optimized with the Yoast SEO Premium plugin v25.4 (Yoast SEO v26.0) - https:\/\/yoast.com\/wordpress\/plugins\/seo\/ -->\n<title>Lira indica que a C\u00e2mara dos Deputados deve destravar &quot;pacote de energia&quot; neste semestre - Ag\u00eancia iNFRA<\/title>\n<meta name=\"robots\" content=\"index, follow, max-snippet:-1, max-image-preview:large, max-video-preview:-1\" \/>\n<link rel=\"canonical\" href=\"https:\/\/agenciainfra.com\/blog\/lira-indica-que-a-camara-dos-deputados-deve-destravar-pacote-de-energia-neste-semestre\/\" \/>\n<meta property=\"og:locale\" content=\"pt_BR\" \/>\n<meta property=\"og:type\" content=\"article\" \/>\n<meta property=\"og:title\" content=\"Lira indica que a C\u00e2mara dos Deputados deve destravar &quot;pacote de energia&quot; neste semestre\" \/>\n<meta property=\"og:description\" content=\"Marisa Wanzeller, da&nbsp;Ag\u00eancia iNFRA O presidente da C\u00e2mara dos Deputados, Arthur Lira (PP-AL), afirmou que a Casa priorizar\u00e1 mat\u00e9rias relacionadas a energias renov\u00e1veis neste segundo semestre da legislatura. O parlamentar falou nesta quinta-feira (3) ap\u00f3s reuni\u00e3o de l\u00edderes. Ao seu lado estavam os l\u00edderes do Progressistas, Andr\u00e9 Fufuca (MA), e do Uni\u00e3o Brasil, Elmar Nascimento [&hellip;]\" \/>\n<meta property=\"og:url\" content=\"https:\/\/agenciainfra.com\/blog\/lira-indica-que-a-camara-dos-deputados-deve-destravar-pacote-de-energia-neste-semestre\/\" \/>\n<meta property=\"og:site_name\" content=\"Ag\u00eancia iNFRA\" \/>\n<meta property=\"article:publisher\" content=\"https:\/\/www.facebook.com\/ageninfra\" \/>\n<meta property=\"article:published_time\" content=\"2023-08-04T13:00:00+00:00\" \/>\n<meta property=\"article:modified_time\" content=\"2023-08-04T13:15:57+00:00\" \/>\n<meta property=\"og:image\" content=\"https:\/\/agenciainfra.com\/blog\/wp-content\/uploads\/2023\/06\/camara-dos-deputados-foto-assessoria.jpg\" \/>\n\t<meta property=\"og:image:width\" content=\"1202\" \/>\n\t<meta property=\"og:image:height\" content=\"902\" \/>\n\t<meta property=\"og:image:type\" content=\"image\/jpeg\" \/>\n<meta name=\"author\" content=\"Ag\u00eancia iNFRA\" \/>\n<meta name=\"twitter:card\" content=\"summary_large_image\" \/>\n<meta name=\"twitter:creator\" content=\"@agencia_infra\" \/>\n<meta name=\"twitter:site\" content=\"@agencia_infra\" \/>\n<meta name=\"twitter:label1\" content=\"Escrito por\" \/>\n\t<meta name=\"twitter:data1\" content=\"Ag\u00eancia iNFRA\" \/>\n\t<meta name=\"twitter:label2\" content=\"Est. tempo de leitura\" \/>\n\t<meta name=\"twitter:data2\" content=\"5 minutos\" \/>\n<script type=\"application\/ld+json\" class=\"yoast-schema-graph\">{\"@context\":\"https:\/\/schema.org\",\"@graph\":[{\"@type\":\"Article\",\"@id\":\"https:\/\/agenciainfra.com\/blog\/lira-indica-que-a-camara-dos-deputados-deve-destravar-pacote-de-energia-neste-semestre\/#article\",\"isPartOf\":{\"@id\":\"https:\/\/agenciainfra.com\/blog\/lira-indica-que-a-camara-dos-deputados-deve-destravar-pacote-de-energia-neste-semestre\/\"},\"author\":{\"name\":\"Ag\u00eancia iNFRA\",\"@id\":\"https:\/\/agenciainfra.com\/blog\/#\/schema\/person\/34af08dff6adea4cb22b06612ba7acfa\"},\"headline\":\"Lira indica que a C\u00e2mara dos Deputados deve destravar &#8220;pacote de energia&#8221; neste semestre\",\"datePublished\":\"2023-08-04T13:00:00+00:00\",\"dateModified\":\"2023-08-04T13:15:57+00:00\",\"mainEntityOfPage\":{\"@id\":\"https:\/\/agenciainfra.com\/blog\/lira-indica-que-a-camara-dos-deputados-deve-destravar-pacote-de-energia-neste-semestre\/\"},\"wordCount\":973,\"publisher\":{\"@id\":\"https:\/\/agenciainfra.com\/blog\/#organization\"},\"image\":{\"@id\":\"https:\/\/agenciainfra.com\/blog\/lira-indica-que-a-camara-dos-deputados-deve-destravar-pacote-de-energia-neste-semestre\/#primaryimage\"},\"thumbnailUrl\":\"https:\/\/agenciainfra.com\/blog\/wp-content\/uploads\/2023\/06\/camara-dos-deputados-foto-assessoria.jpg\",\"keywords\":[\"Andr\u00e9 Fufuca\",\"Arthur Lira\",\"C\u00e2mara dos Deputados\",\"Elmar Nascimento\",\"energias renov\u00e1veis\",\"hidrog\u00eanio verde\",\"legislatura\",\"Marco Legal das E\u00f3licas Offshore\",\"mercado de carbono\",\"Progressistas\",\"Uni\u00e3o Brasil\"],\"articleSection\":[\"Geral\",\"iNFRAEnergia\"],\"inLanguage\":\"pt-BR\",\"copyrightYear\":\"2023\",\"copyrightHolder\":{\"@id\":\"https:\/\/agenciainfra.com\/blog\/#organization\"}},{\"@type\":\"WebPage\",\"@id\":\"https:\/\/agenciainfra.com\/blog\/lira-indica-que-a-camara-dos-deputados-deve-destravar-pacote-de-energia-neste-semestre\/\",\"url\":\"https:\/\/agenciainfra.com\/blog\/lira-indica-que-a-camara-dos-deputados-deve-destravar-pacote-de-energia-neste-semestre\/\",\"name\":\"Lira indica que a C\u00e2mara dos Deputados deve destravar \\\"pacote de energia\\\" neste semestre - Ag\u00eancia iNFRA\",\"isPartOf\":{\"@id\":\"https:\/\/agenciainfra.com\/blog\/#website\"},\"primaryImageOfPage\":{\"@id\":\"https:\/\/agenciainfra.com\/blog\/lira-indica-que-a-camara-dos-deputados-deve-destravar-pacote-de-energia-neste-semestre\/#primaryimage\"},\"image\":{\"@id\":\"https:\/\/agenciainfra.com\/blog\/lira-indica-que-a-camara-dos-deputados-deve-destravar-pacote-de-energia-neste-semestre\/#primaryimage\"},\"thumbnailUrl\":\"https:\/\/agenciainfra.com\/blog\/wp-content\/uploads\/2023\/06\/camara-dos-deputados-foto-assessoria.jpg\",\"datePublished\":\"2023-08-04T13:00:00+00:00\",\"dateModified\":\"2023-08-04T13:15:57+00:00\",\"breadcrumb\":{\"@id\":\"https:\/\/agenciainfra.com\/blog\/lira-indica-que-a-camara-dos-deputados-deve-destravar-pacote-de-energia-neste-semestre\/#breadcrumb\"},\"inLanguage\":\"pt-BR\",\"potentialAction\":[{\"@type\":\"ReadAction\",\"target\":[\"https:\/\/agenciainfra.com\/blog\/lira-indica-que-a-camara-dos-deputados-deve-destravar-pacote-de-energia-neste-semestre\/\"]}]},{\"@type\":\"ImageObject\",\"inLanguage\":\"pt-BR\",\"@id\":\"https:\/\/agenciainfra.com\/blog\/lira-indica-que-a-camara-dos-deputados-deve-destravar-pacote-de-energia-neste-semestre\/#primaryimage\",\"url\":\"https:\/\/agenciainfra.com\/blog\/wp-content\/uploads\/2023\/06\/camara-dos-deputados-foto-assessoria.jpg\",\"contentUrl\":\"https:\/\/agenciainfra.com\/blog\/wp-content\/uploads\/2023\/06\/camara-dos-deputados-foto-assessoria.jpg\",\"width\":1202,\"height\":902,\"caption\":\"Foto: C\u00e2mara dos Deputados\"},{\"@type\":\"BreadcrumbList\",\"@id\":\"https:\/\/agenciainfra.com\/blog\/lira-indica-que-a-camara-dos-deputados-deve-destravar-pacote-de-energia-neste-semestre\/#breadcrumb\",\"itemListElement\":[{\"@type\":\"ListItem\",\"position\":1,\"name\":\"In\u00edcio\",\"item\":\"https:\/\/agenciainfra.com\/blog\/\"},{\"@type\":\"ListItem\",\"position\":2,\"name\":\"Lira indica que a C\u00e2mara dos Deputados deve destravar &#8220;pacote de energia&#8221; neste semestre\"}]},{\"@type\":\"WebSite\",\"@id\":\"https:\/\/agenciainfra.com\/blog\/#website\",\"url\":\"https:\/\/agenciainfra.com\/blog\/\",\"name\":\"Ag\u00eancia iNFRA\",\"description\":\"Multiplataforma de informa\u00e7\u00e3o jornal\u00edstica refer\u00eancia na \u00e1rea de infraestrutura no Brasil!\",\"publisher\":{\"@id\":\"https:\/\/agenciainfra.com\/blog\/#organization\"},\"potentialAction\":[{\"@type\":\"SearchAction\",\"target\":{\"@type\":\"EntryPoint\",\"urlTemplate\":\"https:\/\/agenciainfra.com\/blog\/?s={search_term_string}\"},\"query-input\":{\"@type\":\"PropertyValueSpecification\",\"valueRequired\":true,\"valueName\":\"search_term_string\"}}],\"inLanguage\":\"pt-BR\"},{\"@type\":\"Organization\",\"@id\":\"https:\/\/agenciainfra.com\/blog\/#organization\",\"name\":\"Ag\u00eancia iNFRA\",\"url\":\"https:\/\/agenciainfra.com\/blog\/\",\"logo\":{\"@type\":\"ImageObject\",\"inLanguage\":\"pt-BR\",\"@id\":\"https:\/\/agenciainfra.com\/blog\/#\/schema\/logo\/image\/\",\"url\":\"https:\/\/agenciainfra.com\/blog\/wp-content\/uploads\/2023\/09\/iNFRA_5-e1761735885940.png\",\"contentUrl\":\"https:\/\/agenciainfra.com\/blog\/wp-content\/uploads\/2023\/09\/iNFRA_5-e1761735885940.png\",\"width\":1672,\"height\":454,\"caption\":\"Ag\u00eancia iNFRA\"},\"image\":{\"@id\":\"https:\/\/agenciainfra.com\/blog\/#\/schema\/logo\/image\/\"},\"sameAs\":[\"https:\/\/www.facebook.com\/ageninfra\",\"https:\/\/x.com\/agencia_infra\",\"https:\/\/www.linkedin.com\/company\/ag\u00eanciainfra\/\",\"https:\/\/www.instagram.com\/agenciainfra\/\"]},{\"@type\":\"Person\",\"@id\":\"https:\/\/agenciainfra.com\/blog\/#\/schema\/person\/34af08dff6adea4cb22b06612ba7acfa\",\"name\":\"Ag\u00eancia iNFRA\",\"image\":{\"@type\":\"ImageObject\",\"inLanguage\":\"pt-BR\",\"@id\":\"https:\/\/agenciainfra.com\/blog\/#\/schema\/person\/image\/\",\"url\":\"https:\/\/secure.gravatar.com\/avatar\/d189e01678f06d8eb84d4e01f08eb848b3fffe3f8443818d3c356c66892f5be8?s=96&d=mm&r=g\",\"contentUrl\":\"https:\/\/secure.gravatar.com\/avatar\/d189e01678f06d8eb84d4e01f08eb848b3fffe3f8443818d3c356c66892f5be8?s=96&d=mm&r=g\",\"caption\":\"Ag\u00eancia iNFRA\"},\"url\":\"https:\/\/agenciainfra.com\/blog\/author\/admin\/\"}]}<\/script>\n<!-- \/ Yoast SEO Premium plugin. -->","yoast_head_json":{"title":"Lira indica que a C\u00e2mara dos Deputados deve destravar \"pacote de energia\" neste semestre - Ag\u00eancia iNFRA","robots":{"index":"index","follow":"follow","max-snippet":"max-snippet:-1","max-image-preview":"max-image-preview:large","max-video-preview":"max-video-preview:-1"},"canonical":"https:\/\/agenciainfra.com\/blog\/lira-indica-que-a-camara-dos-deputados-deve-destravar-pacote-de-energia-neste-semestre\/","og_locale":"pt_BR","og_type":"article","og_title":"Lira indica que a C\u00e2mara dos Deputados deve destravar \"pacote de energia\" neste semestre","og_description":"Marisa Wanzeller, da&nbsp;Ag\u00eancia iNFRA O presidente da C\u00e2mara dos Deputados, Arthur Lira (PP-AL), afirmou que a Casa priorizar\u00e1 mat\u00e9rias relacionadas a energias renov\u00e1veis neste segundo semestre da legislatura. O parlamentar falou nesta quinta-feira (3) ap\u00f3s reuni\u00e3o de l\u00edderes. Ao seu lado estavam os l\u00edderes do Progressistas, Andr\u00e9 Fufuca (MA), e do Uni\u00e3o Brasil, Elmar Nascimento [&hellip;]","og_url":"https:\/\/agenciainfra.com\/blog\/lira-indica-que-a-camara-dos-deputados-deve-destravar-pacote-de-energia-neste-semestre\/","og_site_name":"Ag\u00eancia iNFRA","article_publisher":"https:\/\/www.facebook.com\/ageninfra","article_published_time":"2023-08-04T13:00:00+00:00","article_modified_time":"2023-08-04T13:15:57+00:00","og_image":[{"width":1202,"height":902,"url":"https:\/\/agenciainfra.com\/blog\/wp-content\/uploads\/2023\/06\/camara-dos-deputados-foto-assessoria.jpg","type":"image\/jpeg"}],"author":"Ag\u00eancia iNFRA","twitter_card":"summary_large_image","twitter_creator":"@agencia_infra","twitter_site":"@agencia_infra","twitter_misc":{"Escrito por":"Ag\u00eancia iNFRA","Est. tempo de leitura":"5 minutos"},"schema":{"@context":"https:\/\/schema.org","@graph":[{"@type":"Article","@id":"https:\/\/agenciainfra.com\/blog\/lira-indica-que-a-camara-dos-deputados-deve-destravar-pacote-de-energia-neste-semestre\/#article","isPartOf":{"@id":"https:\/\/agenciainfra.com\/blog\/lira-indica-que-a-camara-dos-deputados-deve-destravar-pacote-de-energia-neste-semestre\/"},"author":{"name":"Ag\u00eancia iNFRA","@id":"https:\/\/agenciainfra.com\/blog\/#\/schema\/person\/34af08dff6adea4cb22b06612ba7acfa"},"headline":"Lira indica que a C\u00e2mara dos Deputados deve destravar &#8220;pacote de energia&#8221; neste semestre","datePublished":"2023-08-04T13:00:00+00:00","dateModified":"2023-08-04T13:15:57+00:00","mainEntityOfPage":{"@id":"https:\/\/agenciainfra.com\/blog\/lira-indica-que-a-camara-dos-deputados-deve-destravar-pacote-de-energia-neste-semestre\/"},"wordCount":973,"publisher":{"@id":"https:\/\/agenciainfra.com\/blog\/#organization"},"image":{"@id":"https:\/\/agenciainfra.com\/blog\/lira-indica-que-a-camara-dos-deputados-deve-destravar-pacote-de-energia-neste-semestre\/#primaryimage"},"thumbnailUrl":"https:\/\/agenciainfra.com\/blog\/wp-content\/uploads\/2023\/06\/camara-dos-deputados-foto-assessoria.jpg","keywords":["Andr\u00e9 Fufuca","Arthur Lira","C\u00e2mara dos Deputados","Elmar Nascimento","energias renov\u00e1veis","hidrog\u00eanio verde","legislatura","Marco Legal das E\u00f3licas Offshore","mercado de carbono","Progressistas","Uni\u00e3o Brasil"],"articleSection":["Geral","iNFRAEnergia"],"inLanguage":"pt-BR","copyrightYear":"2023","copyrightHolder":{"@id":"https:\/\/agenciainfra.com\/blog\/#organization"}},{"@type":"WebPage","@id":"https:\/\/agenciainfra.com\/blog\/lira-indica-que-a-camara-dos-deputados-deve-destravar-pacote-de-energia-neste-semestre\/","url":"https:\/\/agenciainfra.com\/blog\/lira-indica-que-a-camara-dos-deputados-deve-destravar-pacote-de-energia-neste-semestre\/","name":"Lira indica que a C\u00e2mara dos Deputados deve destravar \"pacote de energia\" neste semestre - Ag\u00eancia iNFRA","isPartOf":{"@id":"https:\/\/agenciainfra.com\/blog\/#website"},"primaryImageOfPage":{"@id":"https:\/\/agenciainfra.com\/blog\/lira-indica-que-a-camara-dos-deputados-deve-destravar-pacote-de-energia-neste-semestre\/#primaryimage"},"image":{"@id":"https:\/\/agenciainfra.com\/blog\/lira-indica-que-a-camara-dos-deputados-deve-destravar-pacote-de-energia-neste-semestre\/#primaryimage"},"thumbnailUrl":"https:\/\/agenciainfra.com\/blog\/wp-content\/uploads\/2023\/06\/camara-dos-deputados-foto-assessoria.jpg","datePublished":"2023-08-04T13:00:00+00:00","dateModified":"2023-08-04T13:15:57+00:00","breadcrumb":{"@id":"https:\/\/agenciainfra.com\/blog\/lira-indica-que-a-camara-dos-deputados-deve-destravar-pacote-de-energia-neste-semestre\/#breadcrumb"},"inLanguage":"pt-BR","potentialAction":[{"@type":"ReadAction","target":["https:\/\/agenciainfra.com\/blog\/lira-indica-que-a-camara-dos-deputados-deve-destravar-pacote-de-energia-neste-semestre\/"]}]},{"@type":"ImageObject","inLanguage":"pt-BR","@id":"https:\/\/agenciainfra.com\/blog\/lira-indica-que-a-camara-dos-deputados-deve-destravar-pacote-de-energia-neste-semestre\/#primaryimage","url":"https:\/\/agenciainfra.com\/blog\/wp-content\/uploads\/2023\/06\/camara-dos-deputados-foto-assessoria.jpg","contentUrl":"https:\/\/agenciainfra.com\/blog\/wp-content\/uploads\/2023\/06\/camara-dos-deputados-foto-assessoria.jpg","width":1202,"height":902,"caption":"Foto: C\u00e2mara dos Deputados"},{"@type":"BreadcrumbList","@id":"https:\/\/agenciainfra.com\/blog\/lira-indica-que-a-camara-dos-deputados-deve-destravar-pacote-de-energia-neste-semestre\/#breadcrumb","itemListElement":[{"@type":"ListItem","position":1,"name":"In\u00edcio","item":"https:\/\/agenciainfra.com\/blog\/"},{"@type":"ListItem","position":2,"name":"Lira indica que a C\u00e2mara dos Deputados deve destravar &#8220;pacote de energia&#8221; neste semestre"}]},{"@type":"WebSite","@id":"https:\/\/agenciainfra.com\/blog\/#website","url":"https:\/\/agenciainfra.com\/blog\/","name":"Ag\u00eancia iNFRA","description":"Multiplataforma de informa\u00e7\u00e3o jornal\u00edstica refer\u00eancia na \u00e1rea de infraestrutura no Brasil!","publisher":{"@id":"https:\/\/agenciainfra.com\/blog\/#organization"},"potentialAction":[{"@type":"SearchAction","target":{"@type":"EntryPoint","urlTemplate":"https:\/\/agenciainfra.com\/blog\/?s={search_term_string}"},"query-input":{"@type":"PropertyValueSpecification","valueRequired":true,"valueName":"search_term_string"}}],"inLanguage":"pt-BR"},{"@type":"Organization","@id":"https:\/\/agenciainfra.com\/blog\/#organization","name":"Ag\u00eancia iNFRA","url":"https:\/\/agenciainfra.com\/blog\/","logo":{"@type":"ImageObject","inLanguage":"pt-BR","@id":"https:\/\/agenciainfra.com\/blog\/#\/schema\/logo\/image\/","url":"https:\/\/agenciainfra.com\/blog\/wp-content\/uploads\/2023\/09\/iNFRA_5-e1761735885940.png","contentUrl":"https:\/\/agenciainfra.com\/blog\/wp-content\/uploads\/2023\/09\/iNFRA_5-e1761735885940.png","width":1672,"height":454,"caption":"Ag\u00eancia iNFRA"},"image":{"@id":"https:\/\/agenciainfra.com\/blog\/#\/schema\/logo\/image\/"},"sameAs":["https:\/\/www.facebook.com\/ageninfra","https:\/\/x.com\/agencia_infra","https:\/\/www.linkedin.com\/company\/ag\u00eanciainfra\/","https:\/\/www.instagram.com\/agenciainfra\/"]},{"@type":"Person","@id":"https:\/\/agenciainfra.com\/blog\/#\/schema\/person\/34af08dff6adea4cb22b06612ba7acfa","name":"Ag\u00eancia iNFRA","image":{"@type":"ImageObject","inLanguage":"pt-BR","@id":"https:\/\/agenciainfra.com\/blog\/#\/schema\/person\/image\/","url":"https:\/\/secure.gravatar.com\/avatar\/d189e01678f06d8eb84d4e01f08eb848b3fffe3f8443818d3c356c66892f5be8?s=96&d=mm&r=g","contentUrl":"https:\/\/secure.gravatar.com\/avatar\/d189e01678f06d8eb84d4e01f08eb848b3fffe3f8443818d3c356c66892f5be8?s=96&d=mm&r=g","caption":"Ag\u00eancia iNFRA"},"url":"https:\/\/agenciainfra.com\/blog\/author\/admin\/"}]}},"_links":{"self":[{"href":"https:\/\/agenciainfra.com\/blog\/wp-json\/wp\/v2\/posts\/13196","targetHints":{"allow":["GET"]}}],"collection":[{"href":"https:\/\/agenciainfra.com\/blog\/wp-json\/wp\/v2\/posts"}],"about":[{"href":"https:\/\/agenciainfra.com\/blog\/wp-json\/wp\/v2\/types\/post"}],"author":[{"embeddable":true,"href":"https:\/\/agenciainfra.com\/blog\/wp-json\/wp\/v2\/users\/1"}],"replies":[{"embeddable":true,"href":"https:\/\/agenciainfra.com\/blog\/wp-json\/wp\/v2\/comments?post=13196"}],"version-history":[{"count":0,"href":"https:\/\/agenciainfra.com\/blog\/wp-json\/wp\/v2\/posts\/13196\/revisions"}],"wp:featuredmedia":[{"embeddable":true,"href":"https:\/\/agenciainfra.com\/blog\/wp-json\/wp\/v2\/media\/12955"}],"wp:attachment":[{"href":"https:\/\/agenciainfra.com\/blog\/wp-json\/wp\/v2\/media?parent=13196"}],"wp:term":[{"taxonomy":"category","embeddable":true,"href":"https:\/\/agenciainfra.com\/blog\/wp-json\/wp\/v2\/categories?post=13196"},{"taxonomy":"post_tag","embeddable":true,"href":"https:\/\/agenciainfra.com\/blog\/wp-json\/wp\/v2\/tags?post=13196"}],"curies":[{"name":"wp","href":"https:\/\/api.w.org\/{rel}","templated":true}]}}