{"id":13260,"date":"2023-08-16T10:00:00","date_gmt":"2023-08-16T13:00:00","guid":{"rendered":"https:\/\/www.agenciainfra.com\/blog\/?p=13260"},"modified":"2023-08-16T09:09:08","modified_gmt":"2023-08-16T12:09:08","slug":"mme-nao-sabe-onde-se-originou-o-apagao-e-setor-fala-em-problemas-na-operacao-do-sistema","status":"publish","type":"post","link":"https:\/\/agenciainfra.com\/blog\/mme-nao-sabe-onde-se-originou-o-apagao-e-setor-fala-em-problemas-na-operacao-do-sistema\/","title":{"rendered":"MME n\u00e3o sabe onde se originou o apag\u00e3o e setor fala em problemas na opera\u00e7\u00e3o do sistema"},"content":{"rendered":"\n<p class=\"has-text-align-right\"><strong>Marisa Wanzeller e Leila Coimbra, da&nbsp;Ag\u00eancia iNFRA<\/strong><\/p>\n\n\n\n<p>O ministro de Minas e Energia, Alexandre Silveira, n\u00e3o soube informar precisamente onde ocorreu o problema que causou a queda parcial do sistema de&nbsp;transmiss\u00e3o do SIN (Sistema Interligado Nacional) que provocou&nbsp;o&nbsp;apag\u00e3o desta ter\u00e7a-feira (15) em 26 estados. Apenas que foi no Cear\u00e1. Ele falou em entrevista a jornalistas.&nbsp;<br><br>Questionado se a linha de transmiss\u00e3o pertencia \u00e0 Eletrobras, visto que fez reiteradas cr\u00edticas \u00e0 privatiza\u00e7\u00e3o da companhia, ele disse n\u00e3o ter essa informa\u00e7\u00e3o.&nbsp;<br><br>&#8220;N\u00e3o tenho essa informa\u00e7\u00e3o, se a linha \u00e9 da Eletrobras. Independe dessa linha ser da Eletrobras, fato \u00e9 que a Eletrobras det\u00e9m a maior parte da transmiss\u00e3o do Brasil e a maior parte da gera\u00e7\u00e3o do Brasil, portanto \u00e9 uma empresa extremamente estrat\u00e9gica para o pa\u00eds, esse foi o destaque que a gente fez.&#8221;<br><br><strong>Renov\u00e1veis<\/strong><br>Ao ser perguntado se a intermit\u00eancia das energias renov\u00e1veis, especialmente solar e e\u00f3lica, poderia ter causado o problema, o ministro afirmou que o sistema precisa se aperfei\u00e7oar e se adaptar a essas fontes. Por\u00e9m, n\u00e3o negou a rela\u00e7\u00e3o, e ressaltou ainda que leil\u00f5es de transmiss\u00e3o est\u00e3o em andamento para &#8220;evitar colapso como esse&#8221;.&nbsp;<br><br>&#8220;Vamos levar os pr\u00f3ximos leil\u00f5es at\u00e9 exatamente o norte do Cear\u00e1, passando pelo Rio Grande do Norte, pelo Piau\u00ed, chegando at\u00e9 o norte do Cear\u00e1, a fim de que a gente robuste\u00e7a o sistema de transmiss\u00e3o pra n\u00e3o s\u00f3 evitar colapso como esse, mas tamb\u00e9m permitir que investimentos vultosos possam ser feitos na gera\u00e7\u00e3o de energia.&#8221;<br><br>&#8220;Energias limpas e renov\u00e1veis s\u00e3o uma realidade. E\u00f3lica \u00e9 uma realidade, solar \u00e9 uma realidade, e elas s\u00e3o um caminho sem volta, e o sistema tem que cada vez mais se modernizar para que possam convergir as energias est\u00e1veis, em especial, a energia hidr\u00e1ulica&#8221;, afirmou.&nbsp;<br><br><strong>Problema operacional<\/strong><br>Fontes do setor afirmaram \u00e0&nbsp;<strong>Ag\u00eancia iNFRA<\/strong>&nbsp;que teria ocorrido um problema operacional&nbsp;na regi\u00e3o Nordeste. O ERAC (Esquema Regional de Al\u00edvio de Carga), ferramenta especial de prote\u00e7\u00e3o do ONS (Operador Nacional do Sistema)&nbsp;foi acionado ap\u00f3s uma perturba\u00e7\u00e3o&nbsp;em um momento em que o operador despachava primordialmente energia de fonte e\u00f3lica.<br><br>&#8220;Tinha uma alta quantidade de e\u00f3lica por causa de muito vento, e solar, e o operador estava despachando basicamente e\u00f3lica no Nordeste, mas houve uma perturba\u00e7\u00e3o no sistema. A frequ\u00eancia caiu de 60 Hz para 59 Hz e depois para 58 Hz. Ent\u00e3o, o ERAC funcionou e derrubou o&nbsp;Nordeste, e parte das outras regi\u00f5es&#8221;, disse um especialista ouvido pela&nbsp;<strong>Ag\u00eancia iNFRA<\/strong>. &#8220;No entanto, o ERAC funcionou corretamente e agiu para evitar um colapso no SIN, sendo absolutamente necess\u00e1rio para o SEB (Sistema El\u00e9trico Brasileiro)&#8221;, pontuou outra fonte.&nbsp;<br><br>Para um agente consultado, no entanto, uma varia\u00e7\u00e3o de gera\u00e7\u00e3o de energia n\u00e3o derrubaria o sistema em tamanha propor\u00e7\u00e3o. &#8220;Tem que ser uma falha de elemento de rede. E n\u00e3o \u00e9 em ponta de sistema, como o Cear\u00e1&#8221;, disse.<br><br><strong>Eventos concomitantes<\/strong><br>Segundo o ministro Alexandre Silveira, dois problemas concomitantes causaram o apag\u00e3o desta ter\u00e7a-feira (15). Um deles, no Cear\u00e1, como apontado anteriormente, o outro, por\u00e9m, ainda est\u00e1 em an\u00e1lise pelo ONS, que dever\u00e1 entregar um relat\u00f3rio em at\u00e9 48h.<br><br>&#8220;O que aconteceu hoje \u00e9 extremamente raro, porque n\u00f3s temos um sistema redundante, N-1. Para acontecer um evento dessa magnitude, n\u00f3s temos que ter tido dois eventos concomitantes em linhas de alta tens\u00e3o&#8221;, disse Silveira. &nbsp;<br><br><strong>Falha humana ou dolo<\/strong><br>O MME vai ainda acionar o Minist\u00e9rio da Justi\u00e7a e a PF (Pol\u00edcia Federal) com um pedido de instaura\u00e7\u00e3o de inqu\u00e9rito para apurar a ocorr\u00eancia de falha humana ou dolo. Segundo o ministro, essa seria uma medida de precau\u00e7\u00e3o.<br><br>&#8220;O \u00fanico motivo que nos leva a pedir para a PF e o Minist\u00e9rio da Justi\u00e7a participar \u00e9 a sensibilidade do setor el\u00e9trico nacional&#8221;, afirmou.&nbsp;<br><br><strong>Comando da Eletrobras<\/strong><br>Alexandre Silveira disse ainda que soube da troca de comando da Eletrobras por meio da imprensa. Wilson Ferreira Jr. renunciou \u00e0 presid\u00eancia da companhia nesta segunda-feira (14). Ivan Monteiro assumiu o cargo.&nbsp;<br><br>&#8220;Fui informado pela imprensa, mesmo a Uni\u00e3o sendo detentora de 44% das a\u00e7\u00f5es dessa empresa&#8221;, respondeu o ministro. Segundo ele, essa \u00e9 a &#8220;prova cabal&#8221; de que &#8220;o setor est\u00e1 totalmente privatizado e na m\u00e3o exclusivamente do privado&#8221;. Silveira afirmou, ainda, que n\u00e3o foi procurado para agenda com o novo presidente.<\/p>\n","protected":false},"excerpt":{"rendered":"<p>Marisa Wanzeller e Leila Coimbra, da&nbsp;Ag\u00eancia iNFRA O ministro de Minas e Energia, Alexandre Silveira, n\u00e3o soube informar precisamente onde ocorreu o problema que causou a queda parcial do sistema de&nbsp;transmiss\u00e3o do SIN (Sistema Interligado Nacional) que provocou&nbsp;o&nbsp;apag\u00e3o desta ter\u00e7a-feira (15) em 26 estados. Apenas que foi no Cear\u00e1. Ele falou em entrevista a jornalistas.&nbsp; [&hellip;]<\/p>\n","protected":false},"author":1,"featured_media":11980,"comment_status":"closed","ping_status":"closed","sticky":false,"template":"","format":"standard","meta":{"_monsterinsights_skip_tracking":false,"_monsterinsights_sitenote_active":false,"_monsterinsights_sitenote_note":"","_monsterinsights_sitenote_category":0,"footnotes":""},"categories":[1,10],"tags":[6040,3002,50,7183,2473,71,216,3431,7184,3360,2969],"class_list":["post-13260","post","type-post","status-publish","format-standard","has-post-thumbnail","hentry","category-geral","category-infraenergia","tag-alexandre-silveira","tag-apagao","tag-eletrobras","tag-erac","tag-leiloes-de-transmissao","tag-mme","tag-ons","tag-policia-federal","tag-problema-operacional","tag-sin","tag-transmissao"],"yoast_head":"<!-- This site is optimized with the Yoast SEO Premium plugin v25.4 (Yoast SEO v26.0) - https:\/\/yoast.com\/wordpress\/plugins\/seo\/ -->\n<title>MME n\u00e3o sabe onde se originou o apag\u00e3o e setor fala em problemas na opera\u00e7\u00e3o do sistema - Ag\u00eancia iNFRA<\/title>\n<meta name=\"robots\" content=\"index, follow, max-snippet:-1, max-image-preview:large, max-video-preview:-1\" \/>\n<link rel=\"canonical\" href=\"https:\/\/agenciainfra.com\/blog\/mme-nao-sabe-onde-se-originou-o-apagao-e-setor-fala-em-problemas-na-operacao-do-sistema\/\" \/>\n<meta property=\"og:locale\" content=\"pt_BR\" \/>\n<meta property=\"og:type\" content=\"article\" \/>\n<meta property=\"og:title\" content=\"MME n\u00e3o sabe onde se originou o apag\u00e3o e setor fala em problemas na opera\u00e7\u00e3o do sistema\" \/>\n<meta property=\"og:description\" content=\"Marisa Wanzeller e Leila Coimbra, da&nbsp;Ag\u00eancia iNFRA O ministro de Minas e Energia, Alexandre Silveira, n\u00e3o soube informar precisamente onde ocorreu o problema que causou a queda parcial do sistema de&nbsp;transmiss\u00e3o do SIN (Sistema Interligado Nacional) que provocou&nbsp;o&nbsp;apag\u00e3o desta ter\u00e7a-feira (15) em 26 estados. Apenas que foi no Cear\u00e1. Ele falou em entrevista a jornalistas.&nbsp; [&hellip;]\" \/>\n<meta property=\"og:url\" content=\"https:\/\/agenciainfra.com\/blog\/mme-nao-sabe-onde-se-originou-o-apagao-e-setor-fala-em-problemas-na-operacao-do-sistema\/\" \/>\n<meta property=\"og:site_name\" content=\"Ag\u00eancia iNFRA\" \/>\n<meta property=\"article:publisher\" content=\"https:\/\/www.facebook.com\/ageninfra\" \/>\n<meta property=\"article:published_time\" content=\"2023-08-16T13:00:00+00:00\" \/>\n<meta property=\"og:image\" content=\"https:\/\/agenciainfra.com\/blog\/wp-content\/uploads\/2023\/01\/alexandre-silveira-foto-mme.jpeg\" \/>\n\t<meta property=\"og:image:width\" content=\"1280\" \/>\n\t<meta property=\"og:image:height\" content=\"853\" \/>\n\t<meta property=\"og:image:type\" content=\"image\/jpeg\" \/>\n<meta name=\"author\" content=\"Ag\u00eancia iNFRA\" \/>\n<meta name=\"twitter:card\" content=\"summary_large_image\" \/>\n<meta name=\"twitter:creator\" content=\"@agencia_infra\" \/>\n<meta name=\"twitter:site\" content=\"@agencia_infra\" \/>\n<meta name=\"twitter:label1\" content=\"Escrito por\" \/>\n\t<meta name=\"twitter:data1\" content=\"Ag\u00eancia iNFRA\" \/>\n\t<meta name=\"twitter:label2\" content=\"Est. tempo de leitura\" \/>\n\t<meta name=\"twitter:data2\" content=\"4 minutos\" \/>\n<script type=\"application\/ld+json\" class=\"yoast-schema-graph\">{\"@context\":\"https:\/\/schema.org\",\"@graph\":[{\"@type\":\"Article\",\"@id\":\"https:\/\/agenciainfra.com\/blog\/mme-nao-sabe-onde-se-originou-o-apagao-e-setor-fala-em-problemas-na-operacao-do-sistema\/#article\",\"isPartOf\":{\"@id\":\"https:\/\/agenciainfra.com\/blog\/mme-nao-sabe-onde-se-originou-o-apagao-e-setor-fala-em-problemas-na-operacao-do-sistema\/\"},\"author\":{\"name\":\"Ag\u00eancia iNFRA\",\"@id\":\"https:\/\/agenciainfra.com\/blog\/#\/schema\/person\/34af08dff6adea4cb22b06612ba7acfa\"},\"headline\":\"MME n\u00e3o sabe onde se originou o apag\u00e3o e setor fala em problemas na opera\u00e7\u00e3o do sistema\",\"datePublished\":\"2023-08-16T13:00:00+00:00\",\"mainEntityOfPage\":{\"@id\":\"https:\/\/agenciainfra.com\/blog\/mme-nao-sabe-onde-se-originou-o-apagao-e-setor-fala-em-problemas-na-operacao-do-sistema\/\"},\"wordCount\":805,\"publisher\":{\"@id\":\"https:\/\/agenciainfra.com\/blog\/#organization\"},\"image\":{\"@id\":\"https:\/\/agenciainfra.com\/blog\/mme-nao-sabe-onde-se-originou-o-apagao-e-setor-fala-em-problemas-na-operacao-do-sistema\/#primaryimage\"},\"thumbnailUrl\":\"https:\/\/agenciainfra.com\/blog\/wp-content\/uploads\/2023\/01\/alexandre-silveira-foto-mme-e1768305568328.jpeg\",\"keywords\":[\"Alexandre Silveira\",\"apag\u00e3o\",\"Eletrobras\",\"ERAC\",\"leil\u00f5es de transmiss\u00e3o\",\"MME\",\"ONS\",\"Pol\u00edcia Federal\",\"problema operacional\",\"SIN\",\"transmiss\u00e3o\"],\"articleSection\":[\"Geral\",\"iNFRAEnergia\"],\"inLanguage\":\"pt-BR\",\"copyrightYear\":\"2023\",\"copyrightHolder\":{\"@id\":\"https:\/\/agenciainfra.com\/blog\/#organization\"}},{\"@type\":\"WebPage\",\"@id\":\"https:\/\/agenciainfra.com\/blog\/mme-nao-sabe-onde-se-originou-o-apagao-e-setor-fala-em-problemas-na-operacao-do-sistema\/\",\"url\":\"https:\/\/agenciainfra.com\/blog\/mme-nao-sabe-onde-se-originou-o-apagao-e-setor-fala-em-problemas-na-operacao-do-sistema\/\",\"name\":\"MME n\u00e3o sabe onde se originou o apag\u00e3o e setor fala em problemas na opera\u00e7\u00e3o do sistema - Ag\u00eancia iNFRA\",\"isPartOf\":{\"@id\":\"https:\/\/agenciainfra.com\/blog\/#website\"},\"primaryImageOfPage\":{\"@id\":\"https:\/\/agenciainfra.com\/blog\/mme-nao-sabe-onde-se-originou-o-apagao-e-setor-fala-em-problemas-na-operacao-do-sistema\/#primaryimage\"},\"image\":{\"@id\":\"https:\/\/agenciainfra.com\/blog\/mme-nao-sabe-onde-se-originou-o-apagao-e-setor-fala-em-problemas-na-operacao-do-sistema\/#primaryimage\"},\"thumbnailUrl\":\"https:\/\/agenciainfra.com\/blog\/wp-content\/uploads\/2023\/01\/alexandre-silveira-foto-mme-e1768305568328.jpeg\",\"datePublished\":\"2023-08-16T13:00:00+00:00\",\"breadcrumb\":{\"@id\":\"https:\/\/agenciainfra.com\/blog\/mme-nao-sabe-onde-se-originou-o-apagao-e-setor-fala-em-problemas-na-operacao-do-sistema\/#breadcrumb\"},\"inLanguage\":\"pt-BR\",\"potentialAction\":[{\"@type\":\"ReadAction\",\"target\":[\"https:\/\/agenciainfra.com\/blog\/mme-nao-sabe-onde-se-originou-o-apagao-e-setor-fala-em-problemas-na-operacao-do-sistema\/\"]}]},{\"@type\":\"ImageObject\",\"inLanguage\":\"pt-BR\",\"@id\":\"https:\/\/agenciainfra.com\/blog\/mme-nao-sabe-onde-se-originou-o-apagao-e-setor-fala-em-problemas-na-operacao-do-sistema\/#primaryimage\",\"url\":\"https:\/\/agenciainfra.com\/blog\/wp-content\/uploads\/2023\/01\/alexandre-silveira-foto-mme-e1768305568328.jpeg\",\"contentUrl\":\"https:\/\/agenciainfra.com\/blog\/wp-content\/uploads\/2023\/01\/alexandre-silveira-foto-mme-e1768305568328.jpeg\",\"width\":1280,\"height\":780,\"caption\":\"Foto: Divulga\u00e7\u00e3o MME\"},{\"@type\":\"BreadcrumbList\",\"@id\":\"https:\/\/agenciainfra.com\/blog\/mme-nao-sabe-onde-se-originou-o-apagao-e-setor-fala-em-problemas-na-operacao-do-sistema\/#breadcrumb\",\"itemListElement\":[{\"@type\":\"ListItem\",\"position\":1,\"name\":\"In\u00edcio\",\"item\":\"https:\/\/agenciainfra.com\/blog\/\"},{\"@type\":\"ListItem\",\"position\":2,\"name\":\"MME n\u00e3o sabe onde se originou o apag\u00e3o e setor fala em problemas na opera\u00e7\u00e3o do sistema\"}]},{\"@type\":\"WebSite\",\"@id\":\"https:\/\/agenciainfra.com\/blog\/#website\",\"url\":\"https:\/\/agenciainfra.com\/blog\/\",\"name\":\"Ag\u00eancia iNFRA\",\"description\":\"Multiplataforma de informa\u00e7\u00e3o jornal\u00edstica refer\u00eancia na \u00e1rea de infraestrutura no Brasil!\",\"publisher\":{\"@id\":\"https:\/\/agenciainfra.com\/blog\/#organization\"},\"potentialAction\":[{\"@type\":\"SearchAction\",\"target\":{\"@type\":\"EntryPoint\",\"urlTemplate\":\"https:\/\/agenciainfra.com\/blog\/?s={search_term_string}\"},\"query-input\":{\"@type\":\"PropertyValueSpecification\",\"valueRequired\":true,\"valueName\":\"search_term_string\"}}],\"inLanguage\":\"pt-BR\"},{\"@type\":\"Organization\",\"@id\":\"https:\/\/agenciainfra.com\/blog\/#organization\",\"name\":\"Ag\u00eancia iNFRA\",\"url\":\"https:\/\/agenciainfra.com\/blog\/\",\"logo\":{\"@type\":\"ImageObject\",\"inLanguage\":\"pt-BR\",\"@id\":\"https:\/\/agenciainfra.com\/blog\/#\/schema\/logo\/image\/\",\"url\":\"https:\/\/agenciainfra.com\/blog\/wp-content\/uploads\/2023\/09\/iNFRA_5-e1761735885940.png\",\"contentUrl\":\"https:\/\/agenciainfra.com\/blog\/wp-content\/uploads\/2023\/09\/iNFRA_5-e1761735885940.png\",\"width\":1672,\"height\":454,\"caption\":\"Ag\u00eancia iNFRA\"},\"image\":{\"@id\":\"https:\/\/agenciainfra.com\/blog\/#\/schema\/logo\/image\/\"},\"sameAs\":[\"https:\/\/www.facebook.com\/ageninfra\",\"https:\/\/x.com\/agencia_infra\",\"https:\/\/www.linkedin.com\/company\/ag\u00eanciainfra\/\",\"https:\/\/www.instagram.com\/agenciainfra\/\"]},{\"@type\":\"Person\",\"@id\":\"https:\/\/agenciainfra.com\/blog\/#\/schema\/person\/34af08dff6adea4cb22b06612ba7acfa\",\"name\":\"Ag\u00eancia iNFRA\",\"image\":{\"@type\":\"ImageObject\",\"inLanguage\":\"pt-BR\",\"@id\":\"https:\/\/agenciainfra.com\/blog\/#\/schema\/person\/image\/\",\"url\":\"https:\/\/secure.gravatar.com\/avatar\/d189e01678f06d8eb84d4e01f08eb848b3fffe3f8443818d3c356c66892f5be8?s=96&d=mm&r=g\",\"contentUrl\":\"https:\/\/secure.gravatar.com\/avatar\/d189e01678f06d8eb84d4e01f08eb848b3fffe3f8443818d3c356c66892f5be8?s=96&d=mm&r=g\",\"caption\":\"Ag\u00eancia iNFRA\"},\"url\":\"https:\/\/agenciainfra.com\/blog\/author\/admin\/\"}]}<\/script>\n<!-- \/ Yoast SEO Premium plugin. -->","yoast_head_json":{"title":"MME n\u00e3o sabe onde se originou o apag\u00e3o e setor fala em problemas na opera\u00e7\u00e3o do sistema - Ag\u00eancia iNFRA","robots":{"index":"index","follow":"follow","max-snippet":"max-snippet:-1","max-image-preview":"max-image-preview:large","max-video-preview":"max-video-preview:-1"},"canonical":"https:\/\/agenciainfra.com\/blog\/mme-nao-sabe-onde-se-originou-o-apagao-e-setor-fala-em-problemas-na-operacao-do-sistema\/","og_locale":"pt_BR","og_type":"article","og_title":"MME n\u00e3o sabe onde se originou o apag\u00e3o e setor fala em problemas na opera\u00e7\u00e3o do sistema","og_description":"Marisa Wanzeller e Leila Coimbra, da&nbsp;Ag\u00eancia iNFRA O ministro de Minas e Energia, Alexandre Silveira, n\u00e3o soube informar precisamente onde ocorreu o problema que causou a queda parcial do sistema de&nbsp;transmiss\u00e3o do SIN (Sistema Interligado Nacional) que provocou&nbsp;o&nbsp;apag\u00e3o desta ter\u00e7a-feira (15) em 26 estados. Apenas que foi no Cear\u00e1. Ele falou em entrevista a jornalistas.&nbsp; [&hellip;]","og_url":"https:\/\/agenciainfra.com\/blog\/mme-nao-sabe-onde-se-originou-o-apagao-e-setor-fala-em-problemas-na-operacao-do-sistema\/","og_site_name":"Ag\u00eancia iNFRA","article_publisher":"https:\/\/www.facebook.com\/ageninfra","article_published_time":"2023-08-16T13:00:00+00:00","og_image":[{"width":1280,"height":853,"url":"https:\/\/agenciainfra.com\/blog\/wp-content\/uploads\/2023\/01\/alexandre-silveira-foto-mme.jpeg","type":"image\/jpeg"}],"author":"Ag\u00eancia iNFRA","twitter_card":"summary_large_image","twitter_creator":"@agencia_infra","twitter_site":"@agencia_infra","twitter_misc":{"Escrito por":"Ag\u00eancia iNFRA","Est. tempo de leitura":"4 minutos"},"schema":{"@context":"https:\/\/schema.org","@graph":[{"@type":"Article","@id":"https:\/\/agenciainfra.com\/blog\/mme-nao-sabe-onde-se-originou-o-apagao-e-setor-fala-em-problemas-na-operacao-do-sistema\/#article","isPartOf":{"@id":"https:\/\/agenciainfra.com\/blog\/mme-nao-sabe-onde-se-originou-o-apagao-e-setor-fala-em-problemas-na-operacao-do-sistema\/"},"author":{"name":"Ag\u00eancia iNFRA","@id":"https:\/\/agenciainfra.com\/blog\/#\/schema\/person\/34af08dff6adea4cb22b06612ba7acfa"},"headline":"MME n\u00e3o sabe onde se originou o apag\u00e3o e setor fala em problemas na opera\u00e7\u00e3o do sistema","datePublished":"2023-08-16T13:00:00+00:00","mainEntityOfPage":{"@id":"https:\/\/agenciainfra.com\/blog\/mme-nao-sabe-onde-se-originou-o-apagao-e-setor-fala-em-problemas-na-operacao-do-sistema\/"},"wordCount":805,"publisher":{"@id":"https:\/\/agenciainfra.com\/blog\/#organization"},"image":{"@id":"https:\/\/agenciainfra.com\/blog\/mme-nao-sabe-onde-se-originou-o-apagao-e-setor-fala-em-problemas-na-operacao-do-sistema\/#primaryimage"},"thumbnailUrl":"https:\/\/agenciainfra.com\/blog\/wp-content\/uploads\/2023\/01\/alexandre-silveira-foto-mme-e1768305568328.jpeg","keywords":["Alexandre Silveira","apag\u00e3o","Eletrobras","ERAC","leil\u00f5es de transmiss\u00e3o","MME","ONS","Pol\u00edcia Federal","problema operacional","SIN","transmiss\u00e3o"],"articleSection":["Geral","iNFRAEnergia"],"inLanguage":"pt-BR","copyrightYear":"2023","copyrightHolder":{"@id":"https:\/\/agenciainfra.com\/blog\/#organization"}},{"@type":"WebPage","@id":"https:\/\/agenciainfra.com\/blog\/mme-nao-sabe-onde-se-originou-o-apagao-e-setor-fala-em-problemas-na-operacao-do-sistema\/","url":"https:\/\/agenciainfra.com\/blog\/mme-nao-sabe-onde-se-originou-o-apagao-e-setor-fala-em-problemas-na-operacao-do-sistema\/","name":"MME n\u00e3o sabe onde se originou o apag\u00e3o e setor fala em problemas na opera\u00e7\u00e3o do sistema - Ag\u00eancia iNFRA","isPartOf":{"@id":"https:\/\/agenciainfra.com\/blog\/#website"},"primaryImageOfPage":{"@id":"https:\/\/agenciainfra.com\/blog\/mme-nao-sabe-onde-se-originou-o-apagao-e-setor-fala-em-problemas-na-operacao-do-sistema\/#primaryimage"},"image":{"@id":"https:\/\/agenciainfra.com\/blog\/mme-nao-sabe-onde-se-originou-o-apagao-e-setor-fala-em-problemas-na-operacao-do-sistema\/#primaryimage"},"thumbnailUrl":"https:\/\/agenciainfra.com\/blog\/wp-content\/uploads\/2023\/01\/alexandre-silveira-foto-mme-e1768305568328.jpeg","datePublished":"2023-08-16T13:00:00+00:00","breadcrumb":{"@id":"https:\/\/agenciainfra.com\/blog\/mme-nao-sabe-onde-se-originou-o-apagao-e-setor-fala-em-problemas-na-operacao-do-sistema\/#breadcrumb"},"inLanguage":"pt-BR","potentialAction":[{"@type":"ReadAction","target":["https:\/\/agenciainfra.com\/blog\/mme-nao-sabe-onde-se-originou-o-apagao-e-setor-fala-em-problemas-na-operacao-do-sistema\/"]}]},{"@type":"ImageObject","inLanguage":"pt-BR","@id":"https:\/\/agenciainfra.com\/blog\/mme-nao-sabe-onde-se-originou-o-apagao-e-setor-fala-em-problemas-na-operacao-do-sistema\/#primaryimage","url":"https:\/\/agenciainfra.com\/blog\/wp-content\/uploads\/2023\/01\/alexandre-silveira-foto-mme-e1768305568328.jpeg","contentUrl":"https:\/\/agenciainfra.com\/blog\/wp-content\/uploads\/2023\/01\/alexandre-silveira-foto-mme-e1768305568328.jpeg","width":1280,"height":780,"caption":"Foto: Divulga\u00e7\u00e3o MME"},{"@type":"BreadcrumbList","@id":"https:\/\/agenciainfra.com\/blog\/mme-nao-sabe-onde-se-originou-o-apagao-e-setor-fala-em-problemas-na-operacao-do-sistema\/#breadcrumb","itemListElement":[{"@type":"ListItem","position":1,"name":"In\u00edcio","item":"https:\/\/agenciainfra.com\/blog\/"},{"@type":"ListItem","position":2,"name":"MME n\u00e3o sabe onde se originou o apag\u00e3o e setor fala em problemas na opera\u00e7\u00e3o do sistema"}]},{"@type":"WebSite","@id":"https:\/\/agenciainfra.com\/blog\/#website","url":"https:\/\/agenciainfra.com\/blog\/","name":"Ag\u00eancia iNFRA","description":"Multiplataforma de informa\u00e7\u00e3o jornal\u00edstica refer\u00eancia na \u00e1rea de infraestrutura no Brasil!","publisher":{"@id":"https:\/\/agenciainfra.com\/blog\/#organization"},"potentialAction":[{"@type":"SearchAction","target":{"@type":"EntryPoint","urlTemplate":"https:\/\/agenciainfra.com\/blog\/?s={search_term_string}"},"query-input":{"@type":"PropertyValueSpecification","valueRequired":true,"valueName":"search_term_string"}}],"inLanguage":"pt-BR"},{"@type":"Organization","@id":"https:\/\/agenciainfra.com\/blog\/#organization","name":"Ag\u00eancia iNFRA","url":"https:\/\/agenciainfra.com\/blog\/","logo":{"@type":"ImageObject","inLanguage":"pt-BR","@id":"https:\/\/agenciainfra.com\/blog\/#\/schema\/logo\/image\/","url":"https:\/\/agenciainfra.com\/blog\/wp-content\/uploads\/2023\/09\/iNFRA_5-e1761735885940.png","contentUrl":"https:\/\/agenciainfra.com\/blog\/wp-content\/uploads\/2023\/09\/iNFRA_5-e1761735885940.png","width":1672,"height":454,"caption":"Ag\u00eancia iNFRA"},"image":{"@id":"https:\/\/agenciainfra.com\/blog\/#\/schema\/logo\/image\/"},"sameAs":["https:\/\/www.facebook.com\/ageninfra","https:\/\/x.com\/agencia_infra","https:\/\/www.linkedin.com\/company\/ag\u00eanciainfra\/","https:\/\/www.instagram.com\/agenciainfra\/"]},{"@type":"Person","@id":"https:\/\/agenciainfra.com\/blog\/#\/schema\/person\/34af08dff6adea4cb22b06612ba7acfa","name":"Ag\u00eancia iNFRA","image":{"@type":"ImageObject","inLanguage":"pt-BR","@id":"https:\/\/agenciainfra.com\/blog\/#\/schema\/person\/image\/","url":"https:\/\/secure.gravatar.com\/avatar\/d189e01678f06d8eb84d4e01f08eb848b3fffe3f8443818d3c356c66892f5be8?s=96&d=mm&r=g","contentUrl":"https:\/\/secure.gravatar.com\/avatar\/d189e01678f06d8eb84d4e01f08eb848b3fffe3f8443818d3c356c66892f5be8?s=96&d=mm&r=g","caption":"Ag\u00eancia iNFRA"},"url":"https:\/\/agenciainfra.com\/blog\/author\/admin\/"}]}},"_links":{"self":[{"href":"https:\/\/agenciainfra.com\/blog\/wp-json\/wp\/v2\/posts\/13260","targetHints":{"allow":["GET"]}}],"collection":[{"href":"https:\/\/agenciainfra.com\/blog\/wp-json\/wp\/v2\/posts"}],"about":[{"href":"https:\/\/agenciainfra.com\/blog\/wp-json\/wp\/v2\/types\/post"}],"author":[{"embeddable":true,"href":"https:\/\/agenciainfra.com\/blog\/wp-json\/wp\/v2\/users\/1"}],"replies":[{"embeddable":true,"href":"https:\/\/agenciainfra.com\/blog\/wp-json\/wp\/v2\/comments?post=13260"}],"version-history":[{"count":0,"href":"https:\/\/agenciainfra.com\/blog\/wp-json\/wp\/v2\/posts\/13260\/revisions"}],"wp:featuredmedia":[{"embeddable":true,"href":"https:\/\/agenciainfra.com\/blog\/wp-json\/wp\/v2\/media\/11980"}],"wp:attachment":[{"href":"https:\/\/agenciainfra.com\/blog\/wp-json\/wp\/v2\/media?parent=13260"}],"wp:term":[{"taxonomy":"category","embeddable":true,"href":"https:\/\/agenciainfra.com\/blog\/wp-json\/wp\/v2\/categories?post=13260"},{"taxonomy":"post_tag","embeddable":true,"href":"https:\/\/agenciainfra.com\/blog\/wp-json\/wp\/v2\/tags?post=13260"}],"curies":[{"name":"wp","href":"https:\/\/api.w.org\/{rel}","templated":true}]}}