{"id":13339,"date":"2023-08-26T09:00:00","date_gmt":"2023-08-26T12:00:00","guid":{"rendered":"https:\/\/www.agenciainfra.com\/blog\/?p=13339"},"modified":"2023-08-25T11:15:42","modified_gmt":"2023-08-25T14:15:42","slug":"avanco-da-digitalizacao-no-setor-de-construcao-civil-leva-a-fusao-de-empresas","status":"publish","type":"post","link":"https:\/\/agenciainfra.com\/blog\/avanco-da-digitalizacao-no-setor-de-construcao-civil-leva-a-fusao-de-empresas\/","title":{"rendered":"Avan\u00e7o da digitaliza\u00e7\u00e3o no setor de constru\u00e7\u00e3o civil leva a fus\u00e3o de empresas"},"content":{"rendered":"\n<p class=\"has-text-align-right\"><strong>da&nbsp;Ag\u00eancia iNFRA<\/strong><\/p>\n\n\n\n<p>O&nbsp;avan\u00e7o&nbsp;do uso de tecnologia&nbsp;no&nbsp;setor&nbsp;de&nbsp;constru\u00e7\u00e3o&nbsp;civil&nbsp;no&nbsp;pa\u00eds levou \u00e0&nbsp;fus\u00e3o&nbsp;de duas grandes&nbsp;empresas, com a compra&nbsp;da&nbsp;Construmarket pelo grupo Softplan, um dos principais fornecedores de tecnologia para essa \u00e1rea.&nbsp;<br><br>O projeto \u00e9 conectar a Construmarket, plataforma especializada em gest\u00e3o de compras e facilities&nbsp;no&nbsp;setor, com o software Sienge,&nbsp;da&nbsp;Softplan, que gerencia outras \u00e1reas do&nbsp;setor&nbsp;de&nbsp;constru\u00e7\u00e3o. Mais de 210 mil obras&nbsp;no&nbsp;pa\u00eds s\u00e3o gerenciadas nesses sistemas. Um quinto das compras de insumos do&nbsp;setor&nbsp;passam pelas plataformas das&nbsp;empresas, de acordo com a companhia.<br><br>Ionan Fernandes, diretor-executivo&nbsp;da&nbsp;Softplan para a Ind\u00fastria&nbsp;da&nbsp;Constru\u00e7\u00e3o, explica que a uni\u00e3o vai tornar poss\u00edvel que os clientes possam gerenciar 80% das demandas do ciclo&nbsp;da&nbsp;cadeia&nbsp;da&nbsp;constru\u00e7\u00e3o&nbsp;civil&nbsp;pelos sistemas das&nbsp;empresas, levando tecnologia at\u00e9 o &#8220;canteiro de obras&#8221;.<br><br>Segundo Ionan, a expectativa \u00e9 ampliar os ganhos para os clientes que se utilizam das tecnologias, que j\u00e1 s\u00e3o mensurados atualmente, como por exemplo 30% menos custos na implanta\u00e7\u00e3o do metro quadrado em rela\u00e7\u00e3o a&nbsp;n\u00e3o usu\u00e1rios.<br><br>&#8220;A gente vai poder entregar ao mercado uma diminui\u00e7\u00e3o de assimetria de informa\u00e7\u00f5es como ningu\u00e9m&#8221;, acredita&nbsp;Ionan. &#8220;Queremos entregar ao mercado ele ser verdadeiramente mais produtivo.&#8221;<br><br>Os problemas de baixo uso de tecnologia na&nbsp;constru\u00e7\u00e3o&nbsp;civil&nbsp;t\u00eam sido apontados ao longo dos anos. Mas, para Ionan, o diagn\u00f3stico que foi feito pela empresa \u00e9 que somente a partir de 2015 foi poss\u00edvel que os processadores pudessem suportar os pesados arquivos de projetos elaborados para o&nbsp;setor.<br><br>&#8220;Por mais que se quisesse, n\u00e3o dava para digitalizar o&nbsp;setor&nbsp;antes de 2015&#8221;, avalia o diretor.&nbsp;<br><br><strong>BIM<\/strong><br>Jorge Alvarez, que \u00e9 CEO&nbsp;da&nbsp;Construmarket, diz que a uni\u00e3o das duas&nbsp;empresas&nbsp;tende tamb\u00e9m a trazer avan\u00e7os para o uso do BIM (Building Information Modeling), um sistema de gerenciamento de obras que tem cada vez mais sido exigido como requisito para&nbsp;empresas&nbsp;em implanta\u00e7\u00e3o de projetos p\u00fablicos e privados.<br><br>Segundo ele, havia certa frustra\u00e7\u00e3o com o BIM&nbsp;no&nbsp;setor&nbsp;devido aos elevados&nbsp;custos de implanta\u00e7\u00e3o em termos de hardware, sem retorno claro. Mas isso tem mudado com a possibilidade de uso de ferramentas que podem fazer com que os dados sejam gerenciados at\u00e9 mesmo pelos celulares.<br><br>&#8220;Era car\u00edssimo. N\u00e3o tinha como utilizar sem um grande parque t\u00e9cnico, com hardware de alto pre\u00e7o. Agora d\u00e1 para usar o celular. A intelig\u00eancia de or\u00e7amento e de planejamento do Sienge se conecta com o BIM&nbsp;da&nbsp;Construmarket para realizar esse movimento de&nbsp;digitaliza\u00e7\u00e3o&#8221;, explicou Alvarez.<br><br>Ionan e Alvarez avaliam que o mercado de&nbsp;constru\u00e7\u00e3o&nbsp;tem sido puxado nos \u00faltimos anos pelo&nbsp;setor&nbsp;imobili\u00e1rio e em parte pelo&nbsp;setor&nbsp;de energia, mas que h\u00e1 expectativa para que o&nbsp;setor&nbsp;de&nbsp;constru\u00e7\u00e3o&nbsp;pesada volte a crescer nos pr\u00f3ximos anos.<\/p>\n","protected":false},"excerpt":{"rendered":"<p>da&nbsp;Ag\u00eancia iNFRA O&nbsp;avan\u00e7o&nbsp;do uso de tecnologia&nbsp;no&nbsp;setor&nbsp;de&nbsp;constru\u00e7\u00e3o&nbsp;civil&nbsp;no&nbsp;pa\u00eds levou \u00e0&nbsp;fus\u00e3o&nbsp;de duas grandes&nbsp;empresas, com a compra&nbsp;da&nbsp;Construmarket pelo grupo Softplan, um dos principais fornecedores de tecnologia para essa \u00e1rea.&nbsp; O projeto \u00e9 conectar a Construmarket, plataforma especializada em gest\u00e3o de compras e facilities&nbsp;no&nbsp;setor, com o software Sienge,&nbsp;da&nbsp;Softplan, que gerencia outras \u00e1reas do&nbsp;setor&nbsp;de&nbsp;constru\u00e7\u00e3o. Mais de 210 mil obras&nbsp;no&nbsp;pa\u00eds s\u00e3o gerenciadas [&hellip;]<\/p>\n","protected":false},"author":1,"featured_media":7115,"comment_status":"closed","ping_status":"closed","sticky":false,"template":"","format":"standard","meta":{"_monsterinsights_skip_tracking":false,"_monsterinsights_sitenote_active":false,"_monsterinsights_sitenote_note":"","_monsterinsights_sitenote_category":0,"footnotes":""},"categories":[1,7],"tags":[4273,265,7223,6973,7224,7226,360,5637,7225,2884,1568],"class_list":["post-13339","post","type-post","status-publish","format-standard","has-post-thumbnail","hentry","category-geral","category-infratransporte","tag-bim","tag-construcao-civil","tag-construmarket","tag-gerenciamento","tag-ionan-fernandes","tag-jorge-alvarez","tag-obras","tag-projetos","tag-sienge","tag-softplan","tag-tecnologia"],"yoast_head":"<!-- This site is optimized with the Yoast SEO Premium plugin v25.4 (Yoast SEO v26.0) - https:\/\/yoast.com\/wordpress\/plugins\/seo\/ -->\n<title>Avan\u00e7o da digitaliza\u00e7\u00e3o no setor de constru\u00e7\u00e3o civil leva a fus\u00e3o de empresas - Ag\u00eancia iNFRA<\/title>\n<meta name=\"robots\" content=\"index, follow, max-snippet:-1, max-image-preview:large, max-video-preview:-1\" \/>\n<link rel=\"canonical\" href=\"https:\/\/agenciainfra.com\/blog\/avanco-da-digitalizacao-no-setor-de-construcao-civil-leva-a-fusao-de-empresas\/\" \/>\n<meta property=\"og:locale\" content=\"pt_BR\" \/>\n<meta property=\"og:type\" content=\"article\" \/>\n<meta property=\"og:title\" content=\"Avan\u00e7o da digitaliza\u00e7\u00e3o no setor de constru\u00e7\u00e3o civil leva a fus\u00e3o de empresas\" \/>\n<meta property=\"og:description\" content=\"da&nbsp;Ag\u00eancia iNFRA O&nbsp;avan\u00e7o&nbsp;do uso de tecnologia&nbsp;no&nbsp;setor&nbsp;de&nbsp;constru\u00e7\u00e3o&nbsp;civil&nbsp;no&nbsp;pa\u00eds levou \u00e0&nbsp;fus\u00e3o&nbsp;de duas grandes&nbsp;empresas, com a compra&nbsp;da&nbsp;Construmarket pelo grupo Softplan, um dos principais fornecedores de tecnologia para essa \u00e1rea.&nbsp; O projeto \u00e9 conectar a Construmarket, plataforma especializada em gest\u00e3o de compras e facilities&nbsp;no&nbsp;setor, com o software Sienge,&nbsp;da&nbsp;Softplan, que gerencia outras \u00e1reas do&nbsp;setor&nbsp;de&nbsp;constru\u00e7\u00e3o. Mais de 210 mil obras&nbsp;no&nbsp;pa\u00eds s\u00e3o gerenciadas [&hellip;]\" \/>\n<meta property=\"og:url\" content=\"https:\/\/agenciainfra.com\/blog\/avanco-da-digitalizacao-no-setor-de-construcao-civil-leva-a-fusao-de-empresas\/\" \/>\n<meta property=\"og:site_name\" content=\"Ag\u00eancia iNFRA\" \/>\n<meta property=\"article:publisher\" content=\"https:\/\/www.facebook.com\/ageninfra\" \/>\n<meta property=\"article:published_time\" content=\"2023-08-26T12:00:00+00:00\" \/>\n<meta property=\"og:image\" content=\"https:\/\/agenciainfra.com\/blog\/wp-content\/uploads\/2021\/04\/obra-construcao-foto-dominio-publico.jpeg\" \/>\n\t<meta property=\"og:image:width\" content=\"1280\" \/>\n\t<meta property=\"og:image:height\" content=\"960\" \/>\n\t<meta property=\"og:image:type\" content=\"image\/jpeg\" \/>\n<meta name=\"author\" content=\"Ag\u00eancia iNFRA\" \/>\n<meta name=\"twitter:card\" content=\"summary_large_image\" \/>\n<meta name=\"twitter:creator\" content=\"@agencia_infra\" \/>\n<meta name=\"twitter:site\" content=\"@agencia_infra\" \/>\n<meta name=\"twitter:label1\" content=\"Escrito por\" \/>\n\t<meta name=\"twitter:data1\" content=\"Ag\u00eancia iNFRA\" \/>\n\t<meta name=\"twitter:label2\" content=\"Est. tempo de leitura\" \/>\n\t<meta name=\"twitter:data2\" content=\"3 minutos\" \/>\n<script type=\"application\/ld+json\" class=\"yoast-schema-graph\">{\"@context\":\"https:\/\/schema.org\",\"@graph\":[{\"@type\":\"Article\",\"@id\":\"https:\/\/agenciainfra.com\/blog\/avanco-da-digitalizacao-no-setor-de-construcao-civil-leva-a-fusao-de-empresas\/#article\",\"isPartOf\":{\"@id\":\"https:\/\/agenciainfra.com\/blog\/avanco-da-digitalizacao-no-setor-de-construcao-civil-leva-a-fusao-de-empresas\/\"},\"author\":{\"name\":\"Ag\u00eancia iNFRA\",\"@id\":\"https:\/\/agenciainfra.com\/blog\/#\/schema\/person\/34af08dff6adea4cb22b06612ba7acfa\"},\"headline\":\"Avan\u00e7o da digitaliza\u00e7\u00e3o no setor de constru\u00e7\u00e3o civil leva a fus\u00e3o de empresas\",\"datePublished\":\"2023-08-26T12:00:00+00:00\",\"mainEntityOfPage\":{\"@id\":\"https:\/\/agenciainfra.com\/blog\/avanco-da-digitalizacao-no-setor-de-construcao-civil-leva-a-fusao-de-empresas\/\"},\"wordCount\":582,\"publisher\":{\"@id\":\"https:\/\/agenciainfra.com\/blog\/#organization\"},\"image\":{\"@id\":\"https:\/\/agenciainfra.com\/blog\/avanco-da-digitalizacao-no-setor-de-construcao-civil-leva-a-fusao-de-empresas\/#primaryimage\"},\"thumbnailUrl\":\"https:\/\/agenciainfra.com\/blog\/wp-content\/uploads\/2021\/04\/obra-construcao-foto-dominio-publico.jpeg\",\"keywords\":[\"BIM\",\"constru\u00e7\u00e3o civil\",\"Construmarket\",\"gerenciamento\",\"Ionan Fernandes\",\"Jorge Alvarez\",\"obras\",\"projetos\",\"Sienge\",\"Softplan\",\"tecnologia\"],\"articleSection\":[\"Geral\",\"iNFRATransporte\"],\"inLanguage\":\"pt-BR\",\"copyrightYear\":\"2023\",\"copyrightHolder\":{\"@id\":\"https:\/\/agenciainfra.com\/blog\/#organization\"}},{\"@type\":\"WebPage\",\"@id\":\"https:\/\/agenciainfra.com\/blog\/avanco-da-digitalizacao-no-setor-de-construcao-civil-leva-a-fusao-de-empresas\/\",\"url\":\"https:\/\/agenciainfra.com\/blog\/avanco-da-digitalizacao-no-setor-de-construcao-civil-leva-a-fusao-de-empresas\/\",\"name\":\"Avan\u00e7o da digitaliza\u00e7\u00e3o no setor de constru\u00e7\u00e3o civil leva a fus\u00e3o de empresas - Ag\u00eancia iNFRA\",\"isPartOf\":{\"@id\":\"https:\/\/agenciainfra.com\/blog\/#website\"},\"primaryImageOfPage\":{\"@id\":\"https:\/\/agenciainfra.com\/blog\/avanco-da-digitalizacao-no-setor-de-construcao-civil-leva-a-fusao-de-empresas\/#primaryimage\"},\"image\":{\"@id\":\"https:\/\/agenciainfra.com\/blog\/avanco-da-digitalizacao-no-setor-de-construcao-civil-leva-a-fusao-de-empresas\/#primaryimage\"},\"thumbnailUrl\":\"https:\/\/agenciainfra.com\/blog\/wp-content\/uploads\/2021\/04\/obra-construcao-foto-dominio-publico.jpeg\",\"datePublished\":\"2023-08-26T12:00:00+00:00\",\"breadcrumb\":{\"@id\":\"https:\/\/agenciainfra.com\/blog\/avanco-da-digitalizacao-no-setor-de-construcao-civil-leva-a-fusao-de-empresas\/#breadcrumb\"},\"inLanguage\":\"pt-BR\",\"potentialAction\":[{\"@type\":\"ReadAction\",\"target\":[\"https:\/\/agenciainfra.com\/blog\/avanco-da-digitalizacao-no-setor-de-construcao-civil-leva-a-fusao-de-empresas\/\"]}]},{\"@type\":\"ImageObject\",\"inLanguage\":\"pt-BR\",\"@id\":\"https:\/\/agenciainfra.com\/blog\/avanco-da-digitalizacao-no-setor-de-construcao-civil-leva-a-fusao-de-empresas\/#primaryimage\",\"url\":\"https:\/\/agenciainfra.com\/blog\/wp-content\/uploads\/2021\/04\/obra-construcao-foto-dominio-publico.jpeg\",\"contentUrl\":\"https:\/\/agenciainfra.com\/blog\/wp-content\/uploads\/2021\/04\/obra-construcao-foto-dominio-publico.jpeg\",\"width\":1280,\"height\":960},{\"@type\":\"BreadcrumbList\",\"@id\":\"https:\/\/agenciainfra.com\/blog\/avanco-da-digitalizacao-no-setor-de-construcao-civil-leva-a-fusao-de-empresas\/#breadcrumb\",\"itemListElement\":[{\"@type\":\"ListItem\",\"position\":1,\"name\":\"In\u00edcio\",\"item\":\"https:\/\/agenciainfra.com\/blog\/\"},{\"@type\":\"ListItem\",\"position\":2,\"name\":\"Avan\u00e7o da digitaliza\u00e7\u00e3o no setor de constru\u00e7\u00e3o civil leva a fus\u00e3o de empresas\"}]},{\"@type\":\"WebSite\",\"@id\":\"https:\/\/agenciainfra.com\/blog\/#website\",\"url\":\"https:\/\/agenciainfra.com\/blog\/\",\"name\":\"Ag\u00eancia iNFRA\",\"description\":\"Multiplataforma de informa\u00e7\u00e3o jornal\u00edstica refer\u00eancia na \u00e1rea de infraestrutura no Brasil!\",\"publisher\":{\"@id\":\"https:\/\/agenciainfra.com\/blog\/#organization\"},\"potentialAction\":[{\"@type\":\"SearchAction\",\"target\":{\"@type\":\"EntryPoint\",\"urlTemplate\":\"https:\/\/agenciainfra.com\/blog\/?s={search_term_string}\"},\"query-input\":{\"@type\":\"PropertyValueSpecification\",\"valueRequired\":true,\"valueName\":\"search_term_string\"}}],\"inLanguage\":\"pt-BR\"},{\"@type\":\"Organization\",\"@id\":\"https:\/\/agenciainfra.com\/blog\/#organization\",\"name\":\"Ag\u00eancia iNFRA\",\"url\":\"https:\/\/agenciainfra.com\/blog\/\",\"logo\":{\"@type\":\"ImageObject\",\"inLanguage\":\"pt-BR\",\"@id\":\"https:\/\/agenciainfra.com\/blog\/#\/schema\/logo\/image\/\",\"url\":\"https:\/\/agenciainfra.com\/blog\/wp-content\/uploads\/2023\/09\/iNFRA_5-e1761735885940.png\",\"contentUrl\":\"https:\/\/agenciainfra.com\/blog\/wp-content\/uploads\/2023\/09\/iNFRA_5-e1761735885940.png\",\"width\":1672,\"height\":454,\"caption\":\"Ag\u00eancia iNFRA\"},\"image\":{\"@id\":\"https:\/\/agenciainfra.com\/blog\/#\/schema\/logo\/image\/\"},\"sameAs\":[\"https:\/\/www.facebook.com\/ageninfra\",\"https:\/\/x.com\/agencia_infra\",\"https:\/\/www.linkedin.com\/company\/ag\u00eanciainfra\/\",\"https:\/\/www.instagram.com\/agenciainfra\/\"]},{\"@type\":\"Person\",\"@id\":\"https:\/\/agenciainfra.com\/blog\/#\/schema\/person\/34af08dff6adea4cb22b06612ba7acfa\",\"name\":\"Ag\u00eancia iNFRA\",\"image\":{\"@type\":\"ImageObject\",\"inLanguage\":\"pt-BR\",\"@id\":\"https:\/\/agenciainfra.com\/blog\/#\/schema\/person\/image\/\",\"url\":\"https:\/\/secure.gravatar.com\/avatar\/d189e01678f06d8eb84d4e01f08eb848b3fffe3f8443818d3c356c66892f5be8?s=96&d=mm&r=g\",\"contentUrl\":\"https:\/\/secure.gravatar.com\/avatar\/d189e01678f06d8eb84d4e01f08eb848b3fffe3f8443818d3c356c66892f5be8?s=96&d=mm&r=g\",\"caption\":\"Ag\u00eancia iNFRA\"},\"url\":\"https:\/\/agenciainfra.com\/blog\/author\/admin\/\"}]}<\/script>\n<!-- \/ Yoast SEO Premium plugin. -->","yoast_head_json":{"title":"Avan\u00e7o da digitaliza\u00e7\u00e3o no setor de constru\u00e7\u00e3o civil leva a fus\u00e3o de empresas - Ag\u00eancia iNFRA","robots":{"index":"index","follow":"follow","max-snippet":"max-snippet:-1","max-image-preview":"max-image-preview:large","max-video-preview":"max-video-preview:-1"},"canonical":"https:\/\/agenciainfra.com\/blog\/avanco-da-digitalizacao-no-setor-de-construcao-civil-leva-a-fusao-de-empresas\/","og_locale":"pt_BR","og_type":"article","og_title":"Avan\u00e7o da digitaliza\u00e7\u00e3o no setor de constru\u00e7\u00e3o civil leva a fus\u00e3o de empresas","og_description":"da&nbsp;Ag\u00eancia iNFRA O&nbsp;avan\u00e7o&nbsp;do uso de tecnologia&nbsp;no&nbsp;setor&nbsp;de&nbsp;constru\u00e7\u00e3o&nbsp;civil&nbsp;no&nbsp;pa\u00eds levou \u00e0&nbsp;fus\u00e3o&nbsp;de duas grandes&nbsp;empresas, com a compra&nbsp;da&nbsp;Construmarket pelo grupo Softplan, um dos principais fornecedores de tecnologia para essa \u00e1rea.&nbsp; O projeto \u00e9 conectar a Construmarket, plataforma especializada em gest\u00e3o de compras e facilities&nbsp;no&nbsp;setor, com o software Sienge,&nbsp;da&nbsp;Softplan, que gerencia outras \u00e1reas do&nbsp;setor&nbsp;de&nbsp;constru\u00e7\u00e3o. Mais de 210 mil obras&nbsp;no&nbsp;pa\u00eds s\u00e3o gerenciadas [&hellip;]","og_url":"https:\/\/agenciainfra.com\/blog\/avanco-da-digitalizacao-no-setor-de-construcao-civil-leva-a-fusao-de-empresas\/","og_site_name":"Ag\u00eancia iNFRA","article_publisher":"https:\/\/www.facebook.com\/ageninfra","article_published_time":"2023-08-26T12:00:00+00:00","og_image":[{"width":1280,"height":960,"url":"https:\/\/agenciainfra.com\/blog\/wp-content\/uploads\/2021\/04\/obra-construcao-foto-dominio-publico.jpeg","type":"image\/jpeg"}],"author":"Ag\u00eancia iNFRA","twitter_card":"summary_large_image","twitter_creator":"@agencia_infra","twitter_site":"@agencia_infra","twitter_misc":{"Escrito por":"Ag\u00eancia iNFRA","Est. tempo de leitura":"3 minutos"},"schema":{"@context":"https:\/\/schema.org","@graph":[{"@type":"Article","@id":"https:\/\/agenciainfra.com\/blog\/avanco-da-digitalizacao-no-setor-de-construcao-civil-leva-a-fusao-de-empresas\/#article","isPartOf":{"@id":"https:\/\/agenciainfra.com\/blog\/avanco-da-digitalizacao-no-setor-de-construcao-civil-leva-a-fusao-de-empresas\/"},"author":{"name":"Ag\u00eancia iNFRA","@id":"https:\/\/agenciainfra.com\/blog\/#\/schema\/person\/34af08dff6adea4cb22b06612ba7acfa"},"headline":"Avan\u00e7o da digitaliza\u00e7\u00e3o no setor de constru\u00e7\u00e3o civil leva a fus\u00e3o de empresas","datePublished":"2023-08-26T12:00:00+00:00","mainEntityOfPage":{"@id":"https:\/\/agenciainfra.com\/blog\/avanco-da-digitalizacao-no-setor-de-construcao-civil-leva-a-fusao-de-empresas\/"},"wordCount":582,"publisher":{"@id":"https:\/\/agenciainfra.com\/blog\/#organization"},"image":{"@id":"https:\/\/agenciainfra.com\/blog\/avanco-da-digitalizacao-no-setor-de-construcao-civil-leva-a-fusao-de-empresas\/#primaryimage"},"thumbnailUrl":"https:\/\/agenciainfra.com\/blog\/wp-content\/uploads\/2021\/04\/obra-construcao-foto-dominio-publico.jpeg","keywords":["BIM","constru\u00e7\u00e3o civil","Construmarket","gerenciamento","Ionan Fernandes","Jorge Alvarez","obras","projetos","Sienge","Softplan","tecnologia"],"articleSection":["Geral","iNFRATransporte"],"inLanguage":"pt-BR","copyrightYear":"2023","copyrightHolder":{"@id":"https:\/\/agenciainfra.com\/blog\/#organization"}},{"@type":"WebPage","@id":"https:\/\/agenciainfra.com\/blog\/avanco-da-digitalizacao-no-setor-de-construcao-civil-leva-a-fusao-de-empresas\/","url":"https:\/\/agenciainfra.com\/blog\/avanco-da-digitalizacao-no-setor-de-construcao-civil-leva-a-fusao-de-empresas\/","name":"Avan\u00e7o da digitaliza\u00e7\u00e3o no setor de constru\u00e7\u00e3o civil leva a fus\u00e3o de empresas - Ag\u00eancia iNFRA","isPartOf":{"@id":"https:\/\/agenciainfra.com\/blog\/#website"},"primaryImageOfPage":{"@id":"https:\/\/agenciainfra.com\/blog\/avanco-da-digitalizacao-no-setor-de-construcao-civil-leva-a-fusao-de-empresas\/#primaryimage"},"image":{"@id":"https:\/\/agenciainfra.com\/blog\/avanco-da-digitalizacao-no-setor-de-construcao-civil-leva-a-fusao-de-empresas\/#primaryimage"},"thumbnailUrl":"https:\/\/agenciainfra.com\/blog\/wp-content\/uploads\/2021\/04\/obra-construcao-foto-dominio-publico.jpeg","datePublished":"2023-08-26T12:00:00+00:00","breadcrumb":{"@id":"https:\/\/agenciainfra.com\/blog\/avanco-da-digitalizacao-no-setor-de-construcao-civil-leva-a-fusao-de-empresas\/#breadcrumb"},"inLanguage":"pt-BR","potentialAction":[{"@type":"ReadAction","target":["https:\/\/agenciainfra.com\/blog\/avanco-da-digitalizacao-no-setor-de-construcao-civil-leva-a-fusao-de-empresas\/"]}]},{"@type":"ImageObject","inLanguage":"pt-BR","@id":"https:\/\/agenciainfra.com\/blog\/avanco-da-digitalizacao-no-setor-de-construcao-civil-leva-a-fusao-de-empresas\/#primaryimage","url":"https:\/\/agenciainfra.com\/blog\/wp-content\/uploads\/2021\/04\/obra-construcao-foto-dominio-publico.jpeg","contentUrl":"https:\/\/agenciainfra.com\/blog\/wp-content\/uploads\/2021\/04\/obra-construcao-foto-dominio-publico.jpeg","width":1280,"height":960},{"@type":"BreadcrumbList","@id":"https:\/\/agenciainfra.com\/blog\/avanco-da-digitalizacao-no-setor-de-construcao-civil-leva-a-fusao-de-empresas\/#breadcrumb","itemListElement":[{"@type":"ListItem","position":1,"name":"In\u00edcio","item":"https:\/\/agenciainfra.com\/blog\/"},{"@type":"ListItem","position":2,"name":"Avan\u00e7o da digitaliza\u00e7\u00e3o no setor de constru\u00e7\u00e3o civil leva a fus\u00e3o de empresas"}]},{"@type":"WebSite","@id":"https:\/\/agenciainfra.com\/blog\/#website","url":"https:\/\/agenciainfra.com\/blog\/","name":"Ag\u00eancia iNFRA","description":"Multiplataforma de informa\u00e7\u00e3o jornal\u00edstica refer\u00eancia na \u00e1rea de infraestrutura no Brasil!","publisher":{"@id":"https:\/\/agenciainfra.com\/blog\/#organization"},"potentialAction":[{"@type":"SearchAction","target":{"@type":"EntryPoint","urlTemplate":"https:\/\/agenciainfra.com\/blog\/?s={search_term_string}"},"query-input":{"@type":"PropertyValueSpecification","valueRequired":true,"valueName":"search_term_string"}}],"inLanguage":"pt-BR"},{"@type":"Organization","@id":"https:\/\/agenciainfra.com\/blog\/#organization","name":"Ag\u00eancia iNFRA","url":"https:\/\/agenciainfra.com\/blog\/","logo":{"@type":"ImageObject","inLanguage":"pt-BR","@id":"https:\/\/agenciainfra.com\/blog\/#\/schema\/logo\/image\/","url":"https:\/\/agenciainfra.com\/blog\/wp-content\/uploads\/2023\/09\/iNFRA_5-e1761735885940.png","contentUrl":"https:\/\/agenciainfra.com\/blog\/wp-content\/uploads\/2023\/09\/iNFRA_5-e1761735885940.png","width":1672,"height":454,"caption":"Ag\u00eancia iNFRA"},"image":{"@id":"https:\/\/agenciainfra.com\/blog\/#\/schema\/logo\/image\/"},"sameAs":["https:\/\/www.facebook.com\/ageninfra","https:\/\/x.com\/agencia_infra","https:\/\/www.linkedin.com\/company\/ag\u00eanciainfra\/","https:\/\/www.instagram.com\/agenciainfra\/"]},{"@type":"Person","@id":"https:\/\/agenciainfra.com\/blog\/#\/schema\/person\/34af08dff6adea4cb22b06612ba7acfa","name":"Ag\u00eancia iNFRA","image":{"@type":"ImageObject","inLanguage":"pt-BR","@id":"https:\/\/agenciainfra.com\/blog\/#\/schema\/person\/image\/","url":"https:\/\/secure.gravatar.com\/avatar\/d189e01678f06d8eb84d4e01f08eb848b3fffe3f8443818d3c356c66892f5be8?s=96&d=mm&r=g","contentUrl":"https:\/\/secure.gravatar.com\/avatar\/d189e01678f06d8eb84d4e01f08eb848b3fffe3f8443818d3c356c66892f5be8?s=96&d=mm&r=g","caption":"Ag\u00eancia iNFRA"},"url":"https:\/\/agenciainfra.com\/blog\/author\/admin\/"}]}},"_links":{"self":[{"href":"https:\/\/agenciainfra.com\/blog\/wp-json\/wp\/v2\/posts\/13339","targetHints":{"allow":["GET"]}}],"collection":[{"href":"https:\/\/agenciainfra.com\/blog\/wp-json\/wp\/v2\/posts"}],"about":[{"href":"https:\/\/agenciainfra.com\/blog\/wp-json\/wp\/v2\/types\/post"}],"author":[{"embeddable":true,"href":"https:\/\/agenciainfra.com\/blog\/wp-json\/wp\/v2\/users\/1"}],"replies":[{"embeddable":true,"href":"https:\/\/agenciainfra.com\/blog\/wp-json\/wp\/v2\/comments?post=13339"}],"version-history":[{"count":0,"href":"https:\/\/agenciainfra.com\/blog\/wp-json\/wp\/v2\/posts\/13339\/revisions"}],"wp:featuredmedia":[{"embeddable":true,"href":"https:\/\/agenciainfra.com\/blog\/wp-json\/wp\/v2\/media\/7115"}],"wp:attachment":[{"href":"https:\/\/agenciainfra.com\/blog\/wp-json\/wp\/v2\/media?parent=13339"}],"wp:term":[{"taxonomy":"category","embeddable":true,"href":"https:\/\/agenciainfra.com\/blog\/wp-json\/wp\/v2\/categories?post=13339"},{"taxonomy":"post_tag","embeddable":true,"href":"https:\/\/agenciainfra.com\/blog\/wp-json\/wp\/v2\/tags?post=13339"}],"curies":[{"name":"wp","href":"https:\/\/api.w.org\/{rel}","templated":true}]}}