{"id":13343,"date":"2023-08-28T09:00:00","date_gmt":"2023-08-28T12:00:00","guid":{"rendered":"https:\/\/www.agenciainfra.com\/blog\/?p=13343"},"modified":"2023-08-25T11:35:42","modified_gmt":"2023-08-25T14:35:42","slug":"indicacoes-para-diretoria-da-anac-seguem-paradas-cinco-meses-apos-mensagem-ao-senado","status":"publish","type":"post","link":"https:\/\/agenciainfra.com\/blog\/indicacoes-para-diretoria-da-anac-seguem-paradas-cinco-meses-apos-mensagem-ao-senado\/","title":{"rendered":"Indica\u00e7\u00f5es para diretoria da ANAC seguem paradas, cinco meses ap\u00f3s mensagem ao Senado"},"content":{"rendered":"\n<p><strong>Jenifer Ribeiro,&nbsp;da&nbsp;Ag\u00eancia iNFRA<\/strong><\/p>\n\n\n\n<p>As\u00a0indica\u00e7\u00f5es\u00a0de Tiago Pereira\u00a0para\u00a0assumir a\u00a0diretoria-geral\u00a0da\u00a0ANAC\u00a0(Ag\u00eancia Nacional de Avia\u00e7\u00e3o Civil) e a de Mariana Olivieri Caixeta Alto\u00e9\u00a0para\u00a0ocupar a vaga deixada pelo pr\u00f3prio Tiago Pereira na ag\u00eancia\u00a0seguem\u00a0em an\u00e1lise e ainda n\u00e3o foram despachadas\u00a0para\u00a0sabatina na CI (Comiss\u00e3o de Infraestrutura) do\u00a0Senado\u00a0Federal.<br><br>No in\u00edcio de mar\u00e7o, o governo federal publicou no Di\u00e1rio Oficial\u00a0da\u00a0Uni\u00e3o\u00a0mensagem\u00a0com o encaminhamento\u00a0ao\u00a0Senado\u00a0dos dois indicados. No entanto, a presid\u00eancia do\u00a0Senado\u00a0informou \u00e0\u00a0<strong>Ag\u00eancia iNFRA<\/strong>\u00a0que ainda n\u00e3o recebeu a\u00a0mensagem.<br><br>Ao\u00a0longo desses\u00a0cinco\u00a0meses, desde a publica\u00e7\u00e3o no Di\u00e1rio Oficial\u00a0da\u00a0Uni\u00e3o, a demora\u00a0para\u00a0o encaminhamento dos nomes\u00a0para\u00a0serem sabatinados foi justificada em parte pela press\u00e3o do centr\u00e3o em mudar os nomes dos indicados\u00a0para\u00a0a\u00a0diretoria, segundo apurou a\u00a0<strong>Ag\u00eancia iNFRA<\/strong>.<br><br>Tiago e Mariana foram indicados pelo ministro de Portos e Aeroportos, M\u00e1rcio Fran\u00e7a, num acordo\u00a0para\u00a0levar\u00a0para\u00a0a Secretaria de Avia\u00e7\u00e3o Civil o ent\u00e3o diretor-geral\u00a0da\u00a0ag\u00eancia, Juliano Noman. Mas o ministro n\u00e3o teve for\u00e7a pol\u00edtica\u00a0para\u00a0avan\u00e7ar com as\u00a0indica\u00e7\u00f5es, que agora ficam ainda mais amea\u00e7adas diante\u00a0da\u00a0iminente sa\u00edda\u00a0dele do cargo.<br><br>Processo de fritura semelhante aconteceu em 2021, quando os nomes enviados pelo Minist\u00e9rio\u00a0da\u00a0Infraestrutura\u00a0para\u00a0a\u00a0diretoria-geral e outras diretorias\u00a0da\u00a0ANTT (Ag\u00eancia Nacional de Transportes Terrestres) e\u00a0para\u00a0a ANTAQ (Ag\u00eancia Nacional de Transportes Aquavi\u00e1rios) ficaram\u00a0meses\u00a0sem terem a tramita\u00e7\u00e3o de seus processos iniciada pela presid\u00eancia\u00a0da\u00a0Casa. No caso\u00a0da\u00a0ANTT, os nomes foram trocados,\u00a0e na ANTAQ teve que haver uma composi\u00e7\u00e3o\u00a0para\u00a0ampliar o n\u00famero de diretores.<br><br>Fonte ligada \u00e0 Casa Civil\u00a0da\u00a0Presid\u00eancia\u00a0da\u00a0Rep\u00fablica\u00a0afirma que essa \u00e9 uma escolha que requer muita articula\u00e7\u00e3o pol\u00edtica, portanto\u00a0o andamento\u00a0para\u00a0concretizar as\u00a0indica\u00e7\u00f5es\u00a0para\u00a0a\u00a0diretoria\u00a0da\u00a0ANAC\u00a0n\u00e3o depende somente\u00a0da\u00a0pasta.<br><br>N\u00e3o h\u00e1 sinaliza\u00e7\u00e3o de quando a\u00a0mensagem\u00a0ser\u00e1 enviada \u00e0 Comiss\u00e3o de Infraestrutura nem de quando ser\u00e1 feita a sabatina. Logo quando assumiu a presid\u00eancia\u00a0da\u00a0CI, o senador Conf\u00facio Moura (MDB-RO) afirmou que sabatinaria os indicados assim que recebesse o of\u00edcio\u00a0da\u00a0presid\u00eancia\u00a0da\u00a0Casa.<br><br><strong>Demora na sabatina<\/strong><br>A demora\u00a0para\u00a0concluir as\u00a0indica\u00e7\u00f5es\u00a0pode ficar ainda maior tendo em vista que o governo federal est\u00e1 no meio de uma reforma ministerial que pode afetar o ministro de Portos e Aeroportos, M\u00e1rcio Fran\u00e7a. Caso haja uma altera\u00e7\u00e3o no comando\u00a0da\u00a0pasta, existe a possibilidade de mudan\u00e7a nos nomes indicados\u00a0para\u00a0a\u00a0diretoria\u00a0da\u00a0ANAC.<br><br>O governo vem trabalhando\u00a0para\u00a0anunciar os nomes dos novos ministros na pr\u00f3xima semana. A expectativa \u00e9 que o deputado Silvio Costa Filho (Republicanos-PE) seja o novo nome\u00a0para\u00a0Portos e Aeroportos. E o atual ministro M\u00e1rcio Fran\u00e7a dever\u00e1 ser realocado em outra\u00a0\u00e1rea do governo.<br><br><strong>Pedem pressa<\/strong><br>Recentemente, a entidade Mulheres na Regula\u00e7\u00e3o enviou carta aberta\u00a0ao\u00a0presidente\u00a0da\u00a0Rep\u00fablica pedindo a urg\u00eancia no encaminhamento\u00a0da\u00a0mensagem\u00a0e na realiza\u00e7\u00e3o\u00a0da\u00a0sabatina.<br><br>Em nota, a ag\u00eancia reguladora\u00a0informou que &#8220;a parte que cabe \u00e0\u00a0ANAC\u00a0no processo de indica\u00e7\u00e3o\u00a0da\u00a0diretoria, que \u00e9 o encaminhamento dos nomes\u00a0para\u00a0Senado\u00a0e Casa Civil, foi cumprida. O restante do processo \u00e9 conduzido por Casa Civil e Legislativo, que possuem seu pr\u00f3prio tempo e ritos\u00a0para\u00a0a condu\u00e7\u00e3o dos tr\u00e2mites necess\u00e1rios. Dessa forma, a previs\u00e3o e realiza\u00e7\u00e3o de sabatina e demais fases do processo s\u00e3o compet\u00eancias dos \u00f3rg\u00e3os em quest\u00e3o, cabendo a eles definir o seu andamento&#8221;.<\/p>\n","protected":false},"excerpt":{"rendered":"<p>Jenifer Ribeiro,&nbsp;da&nbsp;Ag\u00eancia iNFRA As\u00a0indica\u00e7\u00f5es\u00a0de Tiago Pereira\u00a0para\u00a0assumir a\u00a0diretoria-geral\u00a0da\u00a0ANAC\u00a0(Ag\u00eancia Nacional de Avia\u00e7\u00e3o Civil) e a de Mariana Olivieri Caixeta Alto\u00e9\u00a0para\u00a0ocupar a vaga deixada pelo pr\u00f3prio Tiago Pereira na ag\u00eancia\u00a0seguem\u00a0em an\u00e1lise e ainda n\u00e3o foram despachadas\u00a0para\u00a0sabatina na CI (Comiss\u00e3o de Infraestrutura) do\u00a0Senado\u00a0Federal. No in\u00edcio de mar\u00e7o, o governo federal publicou no Di\u00e1rio Oficial\u00a0da\u00a0Uni\u00e3o\u00a0mensagem\u00a0com o encaminhamento\u00a0ao\u00a0Senado\u00a0dos dois indicados. No [&hellip;]<\/p>\n","protected":false},"author":1,"featured_media":7493,"comment_status":"closed","ping_status":"closed","sticky":false,"template":"","format":"standard","meta":{"_monsterinsights_skip_tracking":false,"_monsterinsights_sitenote_active":false,"_monsterinsights_sitenote_note":"","_monsterinsights_sitenote_category":0,"footnotes":""},"categories":[1,7],"tags":[46,242,86,19,3345,726,7227,511,6054,7228,6257,4354,1376],"class_list":["post-13343","post","type-post","status-publish","format-standard","has-post-thumbnail","hentry","category-geral","category-infratransporte","tag-agencias-reguladoras","tag-anac","tag-antaq","tag-antt","tag-centrao","tag-ci","tag-indicacao-de-diretores","tag-juliano-noman","tag-marcio-franca","tag-mariana-olivieri-caixeta-altoe","tag-ministerio-de-portos-e-aeroportos","tag-senado-federal","tag-tiago-pereira"],"yoast_head":"<!-- This site is optimized with the Yoast SEO Premium plugin v25.4 (Yoast SEO v26.0) - https:\/\/yoast.com\/wordpress\/plugins\/seo\/ -->\n<title>Indica\u00e7\u00f5es para diretoria da ANAC seguem paradas, cinco meses ap\u00f3s mensagem ao Senado - Ag\u00eancia iNFRA<\/title>\n<meta name=\"robots\" content=\"index, follow, max-snippet:-1, max-image-preview:large, max-video-preview:-1\" \/>\n<link rel=\"canonical\" href=\"https:\/\/agenciainfra.com\/blog\/indicacoes-para-diretoria-da-anac-seguem-paradas-cinco-meses-apos-mensagem-ao-senado\/\" \/>\n<meta property=\"og:locale\" content=\"pt_BR\" \/>\n<meta property=\"og:type\" content=\"article\" \/>\n<meta property=\"og:title\" content=\"Indica\u00e7\u00f5es para diretoria da ANAC seguem paradas, cinco meses ap\u00f3s mensagem ao Senado\" \/>\n<meta property=\"og:description\" content=\"Jenifer Ribeiro,&nbsp;da&nbsp;Ag\u00eancia iNFRA As\u00a0indica\u00e7\u00f5es\u00a0de Tiago Pereira\u00a0para\u00a0assumir a\u00a0diretoria-geral\u00a0da\u00a0ANAC\u00a0(Ag\u00eancia Nacional de Avia\u00e7\u00e3o Civil) e a de Mariana Olivieri Caixeta Alto\u00e9\u00a0para\u00a0ocupar a vaga deixada pelo pr\u00f3prio Tiago Pereira na ag\u00eancia\u00a0seguem\u00a0em an\u00e1lise e ainda n\u00e3o foram despachadas\u00a0para\u00a0sabatina na CI (Comiss\u00e3o de Infraestrutura) do\u00a0Senado\u00a0Federal. No in\u00edcio de mar\u00e7o, o governo federal publicou no Di\u00e1rio Oficial\u00a0da\u00a0Uni\u00e3o\u00a0mensagem\u00a0com o encaminhamento\u00a0ao\u00a0Senado\u00a0dos dois indicados. No [&hellip;]\" \/>\n<meta property=\"og:url\" content=\"https:\/\/agenciainfra.com\/blog\/indicacoes-para-diretoria-da-anac-seguem-paradas-cinco-meses-apos-mensagem-ao-senado\/\" \/>\n<meta property=\"og:site_name\" content=\"Ag\u00eancia iNFRA\" \/>\n<meta property=\"article:publisher\" content=\"https:\/\/www.facebook.com\/ageninfra\" \/>\n<meta property=\"article:published_time\" content=\"2023-08-28T12:00:00+00:00\" \/>\n<meta property=\"og:image\" content=\"https:\/\/agenciainfra.com\/blog\/wp-content\/uploads\/2021\/06\/plenario-senado-foto-beto-barata-agencia-senado.jpeg\" \/>\n\t<meta property=\"og:image:width\" content=\"1280\" \/>\n\t<meta property=\"og:image:height\" content=\"854\" \/>\n\t<meta property=\"og:image:type\" content=\"image\/jpeg\" \/>\n<meta name=\"author\" content=\"Ag\u00eancia iNFRA\" \/>\n<meta name=\"twitter:card\" content=\"summary_large_image\" \/>\n<meta name=\"twitter:creator\" content=\"@agencia_infra\" \/>\n<meta name=\"twitter:site\" content=\"@agencia_infra\" \/>\n<meta name=\"twitter:label1\" content=\"Escrito por\" \/>\n\t<meta name=\"twitter:data1\" content=\"Ag\u00eancia iNFRA\" \/>\n\t<meta name=\"twitter:label2\" content=\"Est. tempo de leitura\" \/>\n\t<meta name=\"twitter:data2\" content=\"3 minutos\" \/>\n<script type=\"application\/ld+json\" class=\"yoast-schema-graph\">{\"@context\":\"https:\/\/schema.org\",\"@graph\":[{\"@type\":\"Article\",\"@id\":\"https:\/\/agenciainfra.com\/blog\/indicacoes-para-diretoria-da-anac-seguem-paradas-cinco-meses-apos-mensagem-ao-senado\/#article\",\"isPartOf\":{\"@id\":\"https:\/\/agenciainfra.com\/blog\/indicacoes-para-diretoria-da-anac-seguem-paradas-cinco-meses-apos-mensagem-ao-senado\/\"},\"author\":{\"name\":\"Ag\u00eancia iNFRA\",\"@id\":\"https:\/\/agenciainfra.com\/blog\/#\/schema\/person\/34af08dff6adea4cb22b06612ba7acfa\"},\"headline\":\"Indica\u00e7\u00f5es para diretoria da ANAC seguem paradas, cinco meses ap\u00f3s mensagem ao Senado\",\"datePublished\":\"2023-08-28T12:00:00+00:00\",\"mainEntityOfPage\":{\"@id\":\"https:\/\/agenciainfra.com\/blog\/indicacoes-para-diretoria-da-anac-seguem-paradas-cinco-meses-apos-mensagem-ao-senado\/\"},\"wordCount\":652,\"publisher\":{\"@id\":\"https:\/\/agenciainfra.com\/blog\/#organization\"},\"image\":{\"@id\":\"https:\/\/agenciainfra.com\/blog\/indicacoes-para-diretoria-da-anac-seguem-paradas-cinco-meses-apos-mensagem-ao-senado\/#primaryimage\"},\"thumbnailUrl\":\"https:\/\/agenciainfra.com\/blog\/wp-content\/uploads\/2021\/06\/plenario-senado-foto-beto-barata-agencia-senado.jpeg\",\"keywords\":[\"Ag\u00eancias Reguladoras\",\"ANAC\",\"ANTAQ\",\"ANTT\",\"Centr\u00e3o\",\"ci\",\"indica\u00e7\u00e3o de diretores\",\"Juliano Noman\",\"M\u00e1rcio Fran\u00e7a\",\"Mariana Olivieri Caixeta Alto\u00e9\",\"Minist\u00e9rio de Portos e Aeroportos\",\"Senado Federal\",\"Tiago Pereira\"],\"articleSection\":[\"Geral\",\"iNFRATransporte\"],\"inLanguage\":\"pt-BR\",\"copyrightYear\":\"2023\",\"copyrightHolder\":{\"@id\":\"https:\/\/agenciainfra.com\/blog\/#organization\"}},{\"@type\":\"WebPage\",\"@id\":\"https:\/\/agenciainfra.com\/blog\/indicacoes-para-diretoria-da-anac-seguem-paradas-cinco-meses-apos-mensagem-ao-senado\/\",\"url\":\"https:\/\/agenciainfra.com\/blog\/indicacoes-para-diretoria-da-anac-seguem-paradas-cinco-meses-apos-mensagem-ao-senado\/\",\"name\":\"Indica\u00e7\u00f5es para diretoria da ANAC seguem paradas, cinco meses ap\u00f3s mensagem ao Senado - Ag\u00eancia iNFRA\",\"isPartOf\":{\"@id\":\"https:\/\/agenciainfra.com\/blog\/#website\"},\"primaryImageOfPage\":{\"@id\":\"https:\/\/agenciainfra.com\/blog\/indicacoes-para-diretoria-da-anac-seguem-paradas-cinco-meses-apos-mensagem-ao-senado\/#primaryimage\"},\"image\":{\"@id\":\"https:\/\/agenciainfra.com\/blog\/indicacoes-para-diretoria-da-anac-seguem-paradas-cinco-meses-apos-mensagem-ao-senado\/#primaryimage\"},\"thumbnailUrl\":\"https:\/\/agenciainfra.com\/blog\/wp-content\/uploads\/2021\/06\/plenario-senado-foto-beto-barata-agencia-senado.jpeg\",\"datePublished\":\"2023-08-28T12:00:00+00:00\",\"breadcrumb\":{\"@id\":\"https:\/\/agenciainfra.com\/blog\/indicacoes-para-diretoria-da-anac-seguem-paradas-cinco-meses-apos-mensagem-ao-senado\/#breadcrumb\"},\"inLanguage\":\"pt-BR\",\"potentialAction\":[{\"@type\":\"ReadAction\",\"target\":[\"https:\/\/agenciainfra.com\/blog\/indicacoes-para-diretoria-da-anac-seguem-paradas-cinco-meses-apos-mensagem-ao-senado\/\"]}]},{\"@type\":\"ImageObject\",\"inLanguage\":\"pt-BR\",\"@id\":\"https:\/\/agenciainfra.com\/blog\/indicacoes-para-diretoria-da-anac-seguem-paradas-cinco-meses-apos-mensagem-ao-senado\/#primaryimage\",\"url\":\"https:\/\/agenciainfra.com\/blog\/wp-content\/uploads\/2021\/06\/plenario-senado-foto-beto-barata-agencia-senado.jpeg\",\"contentUrl\":\"https:\/\/agenciainfra.com\/blog\/wp-content\/uploads\/2021\/06\/plenario-senado-foto-beto-barata-agencia-senado.jpeg\",\"width\":1280,\"height\":854},{\"@type\":\"BreadcrumbList\",\"@id\":\"https:\/\/agenciainfra.com\/blog\/indicacoes-para-diretoria-da-anac-seguem-paradas-cinco-meses-apos-mensagem-ao-senado\/#breadcrumb\",\"itemListElement\":[{\"@type\":\"ListItem\",\"position\":1,\"name\":\"In\u00edcio\",\"item\":\"https:\/\/agenciainfra.com\/blog\/\"},{\"@type\":\"ListItem\",\"position\":2,\"name\":\"Indica\u00e7\u00f5es para diretoria da ANAC seguem paradas, cinco meses ap\u00f3s mensagem ao Senado\"}]},{\"@type\":\"WebSite\",\"@id\":\"https:\/\/agenciainfra.com\/blog\/#website\",\"url\":\"https:\/\/agenciainfra.com\/blog\/\",\"name\":\"Ag\u00eancia iNFRA\",\"description\":\"Multiplataforma de informa\u00e7\u00e3o jornal\u00edstica refer\u00eancia na \u00e1rea de infraestrutura no Brasil!\",\"publisher\":{\"@id\":\"https:\/\/agenciainfra.com\/blog\/#organization\"},\"potentialAction\":[{\"@type\":\"SearchAction\",\"target\":{\"@type\":\"EntryPoint\",\"urlTemplate\":\"https:\/\/agenciainfra.com\/blog\/?s={search_term_string}\"},\"query-input\":{\"@type\":\"PropertyValueSpecification\",\"valueRequired\":true,\"valueName\":\"search_term_string\"}}],\"inLanguage\":\"pt-BR\"},{\"@type\":\"Organization\",\"@id\":\"https:\/\/agenciainfra.com\/blog\/#organization\",\"name\":\"Ag\u00eancia iNFRA\",\"url\":\"https:\/\/agenciainfra.com\/blog\/\",\"logo\":{\"@type\":\"ImageObject\",\"inLanguage\":\"pt-BR\",\"@id\":\"https:\/\/agenciainfra.com\/blog\/#\/schema\/logo\/image\/\",\"url\":\"https:\/\/agenciainfra.com\/blog\/wp-content\/uploads\/2023\/09\/iNFRA_5-e1761735885940.png\",\"contentUrl\":\"https:\/\/agenciainfra.com\/blog\/wp-content\/uploads\/2023\/09\/iNFRA_5-e1761735885940.png\",\"width\":1672,\"height\":454,\"caption\":\"Ag\u00eancia iNFRA\"},\"image\":{\"@id\":\"https:\/\/agenciainfra.com\/blog\/#\/schema\/logo\/image\/\"},\"sameAs\":[\"https:\/\/www.facebook.com\/ageninfra\",\"https:\/\/x.com\/agencia_infra\",\"https:\/\/www.linkedin.com\/company\/ag\u00eanciainfra\/\",\"https:\/\/www.instagram.com\/agenciainfra\/\"]},{\"@type\":\"Person\",\"@id\":\"https:\/\/agenciainfra.com\/blog\/#\/schema\/person\/34af08dff6adea4cb22b06612ba7acfa\",\"name\":\"Ag\u00eancia iNFRA\",\"image\":{\"@type\":\"ImageObject\",\"inLanguage\":\"pt-BR\",\"@id\":\"https:\/\/agenciainfra.com\/blog\/#\/schema\/person\/image\/\",\"url\":\"https:\/\/secure.gravatar.com\/avatar\/d189e01678f06d8eb84d4e01f08eb848b3fffe3f8443818d3c356c66892f5be8?s=96&d=mm&r=g\",\"contentUrl\":\"https:\/\/secure.gravatar.com\/avatar\/d189e01678f06d8eb84d4e01f08eb848b3fffe3f8443818d3c356c66892f5be8?s=96&d=mm&r=g\",\"caption\":\"Ag\u00eancia iNFRA\"},\"url\":\"https:\/\/agenciainfra.com\/blog\/author\/admin\/\"}]}<\/script>\n<!-- \/ Yoast SEO Premium plugin. -->","yoast_head_json":{"title":"Indica\u00e7\u00f5es para diretoria da ANAC seguem paradas, cinco meses ap\u00f3s mensagem ao Senado - Ag\u00eancia iNFRA","robots":{"index":"index","follow":"follow","max-snippet":"max-snippet:-1","max-image-preview":"max-image-preview:large","max-video-preview":"max-video-preview:-1"},"canonical":"https:\/\/agenciainfra.com\/blog\/indicacoes-para-diretoria-da-anac-seguem-paradas-cinco-meses-apos-mensagem-ao-senado\/","og_locale":"pt_BR","og_type":"article","og_title":"Indica\u00e7\u00f5es para diretoria da ANAC seguem paradas, cinco meses ap\u00f3s mensagem ao Senado","og_description":"Jenifer Ribeiro,&nbsp;da&nbsp;Ag\u00eancia iNFRA As\u00a0indica\u00e7\u00f5es\u00a0de Tiago Pereira\u00a0para\u00a0assumir a\u00a0diretoria-geral\u00a0da\u00a0ANAC\u00a0(Ag\u00eancia Nacional de Avia\u00e7\u00e3o Civil) e a de Mariana Olivieri Caixeta Alto\u00e9\u00a0para\u00a0ocupar a vaga deixada pelo pr\u00f3prio Tiago Pereira na ag\u00eancia\u00a0seguem\u00a0em an\u00e1lise e ainda n\u00e3o foram despachadas\u00a0para\u00a0sabatina na CI (Comiss\u00e3o de Infraestrutura) do\u00a0Senado\u00a0Federal. No in\u00edcio de mar\u00e7o, o governo federal publicou no Di\u00e1rio Oficial\u00a0da\u00a0Uni\u00e3o\u00a0mensagem\u00a0com o encaminhamento\u00a0ao\u00a0Senado\u00a0dos dois indicados. No [&hellip;]","og_url":"https:\/\/agenciainfra.com\/blog\/indicacoes-para-diretoria-da-anac-seguem-paradas-cinco-meses-apos-mensagem-ao-senado\/","og_site_name":"Ag\u00eancia iNFRA","article_publisher":"https:\/\/www.facebook.com\/ageninfra","article_published_time":"2023-08-28T12:00:00+00:00","og_image":[{"width":1280,"height":854,"url":"https:\/\/agenciainfra.com\/blog\/wp-content\/uploads\/2021\/06\/plenario-senado-foto-beto-barata-agencia-senado.jpeg","type":"image\/jpeg"}],"author":"Ag\u00eancia iNFRA","twitter_card":"summary_large_image","twitter_creator":"@agencia_infra","twitter_site":"@agencia_infra","twitter_misc":{"Escrito por":"Ag\u00eancia iNFRA","Est. tempo de leitura":"3 minutos"},"schema":{"@context":"https:\/\/schema.org","@graph":[{"@type":"Article","@id":"https:\/\/agenciainfra.com\/blog\/indicacoes-para-diretoria-da-anac-seguem-paradas-cinco-meses-apos-mensagem-ao-senado\/#article","isPartOf":{"@id":"https:\/\/agenciainfra.com\/blog\/indicacoes-para-diretoria-da-anac-seguem-paradas-cinco-meses-apos-mensagem-ao-senado\/"},"author":{"name":"Ag\u00eancia iNFRA","@id":"https:\/\/agenciainfra.com\/blog\/#\/schema\/person\/34af08dff6adea4cb22b06612ba7acfa"},"headline":"Indica\u00e7\u00f5es para diretoria da ANAC seguem paradas, cinco meses ap\u00f3s mensagem ao Senado","datePublished":"2023-08-28T12:00:00+00:00","mainEntityOfPage":{"@id":"https:\/\/agenciainfra.com\/blog\/indicacoes-para-diretoria-da-anac-seguem-paradas-cinco-meses-apos-mensagem-ao-senado\/"},"wordCount":652,"publisher":{"@id":"https:\/\/agenciainfra.com\/blog\/#organization"},"image":{"@id":"https:\/\/agenciainfra.com\/blog\/indicacoes-para-diretoria-da-anac-seguem-paradas-cinco-meses-apos-mensagem-ao-senado\/#primaryimage"},"thumbnailUrl":"https:\/\/agenciainfra.com\/blog\/wp-content\/uploads\/2021\/06\/plenario-senado-foto-beto-barata-agencia-senado.jpeg","keywords":["Ag\u00eancias Reguladoras","ANAC","ANTAQ","ANTT","Centr\u00e3o","ci","indica\u00e7\u00e3o de diretores","Juliano Noman","M\u00e1rcio Fran\u00e7a","Mariana Olivieri Caixeta Alto\u00e9","Minist\u00e9rio de Portos e Aeroportos","Senado Federal","Tiago Pereira"],"articleSection":["Geral","iNFRATransporte"],"inLanguage":"pt-BR","copyrightYear":"2023","copyrightHolder":{"@id":"https:\/\/agenciainfra.com\/blog\/#organization"}},{"@type":"WebPage","@id":"https:\/\/agenciainfra.com\/blog\/indicacoes-para-diretoria-da-anac-seguem-paradas-cinco-meses-apos-mensagem-ao-senado\/","url":"https:\/\/agenciainfra.com\/blog\/indicacoes-para-diretoria-da-anac-seguem-paradas-cinco-meses-apos-mensagem-ao-senado\/","name":"Indica\u00e7\u00f5es para diretoria da ANAC seguem paradas, cinco meses ap\u00f3s mensagem ao Senado - Ag\u00eancia iNFRA","isPartOf":{"@id":"https:\/\/agenciainfra.com\/blog\/#website"},"primaryImageOfPage":{"@id":"https:\/\/agenciainfra.com\/blog\/indicacoes-para-diretoria-da-anac-seguem-paradas-cinco-meses-apos-mensagem-ao-senado\/#primaryimage"},"image":{"@id":"https:\/\/agenciainfra.com\/blog\/indicacoes-para-diretoria-da-anac-seguem-paradas-cinco-meses-apos-mensagem-ao-senado\/#primaryimage"},"thumbnailUrl":"https:\/\/agenciainfra.com\/blog\/wp-content\/uploads\/2021\/06\/plenario-senado-foto-beto-barata-agencia-senado.jpeg","datePublished":"2023-08-28T12:00:00+00:00","breadcrumb":{"@id":"https:\/\/agenciainfra.com\/blog\/indicacoes-para-diretoria-da-anac-seguem-paradas-cinco-meses-apos-mensagem-ao-senado\/#breadcrumb"},"inLanguage":"pt-BR","potentialAction":[{"@type":"ReadAction","target":["https:\/\/agenciainfra.com\/blog\/indicacoes-para-diretoria-da-anac-seguem-paradas-cinco-meses-apos-mensagem-ao-senado\/"]}]},{"@type":"ImageObject","inLanguage":"pt-BR","@id":"https:\/\/agenciainfra.com\/blog\/indicacoes-para-diretoria-da-anac-seguem-paradas-cinco-meses-apos-mensagem-ao-senado\/#primaryimage","url":"https:\/\/agenciainfra.com\/blog\/wp-content\/uploads\/2021\/06\/plenario-senado-foto-beto-barata-agencia-senado.jpeg","contentUrl":"https:\/\/agenciainfra.com\/blog\/wp-content\/uploads\/2021\/06\/plenario-senado-foto-beto-barata-agencia-senado.jpeg","width":1280,"height":854},{"@type":"BreadcrumbList","@id":"https:\/\/agenciainfra.com\/blog\/indicacoes-para-diretoria-da-anac-seguem-paradas-cinco-meses-apos-mensagem-ao-senado\/#breadcrumb","itemListElement":[{"@type":"ListItem","position":1,"name":"In\u00edcio","item":"https:\/\/agenciainfra.com\/blog\/"},{"@type":"ListItem","position":2,"name":"Indica\u00e7\u00f5es para diretoria da ANAC seguem paradas, cinco meses ap\u00f3s mensagem ao Senado"}]},{"@type":"WebSite","@id":"https:\/\/agenciainfra.com\/blog\/#website","url":"https:\/\/agenciainfra.com\/blog\/","name":"Ag\u00eancia iNFRA","description":"Multiplataforma de informa\u00e7\u00e3o jornal\u00edstica refer\u00eancia na \u00e1rea de infraestrutura no Brasil!","publisher":{"@id":"https:\/\/agenciainfra.com\/blog\/#organization"},"potentialAction":[{"@type":"SearchAction","target":{"@type":"EntryPoint","urlTemplate":"https:\/\/agenciainfra.com\/blog\/?s={search_term_string}"},"query-input":{"@type":"PropertyValueSpecification","valueRequired":true,"valueName":"search_term_string"}}],"inLanguage":"pt-BR"},{"@type":"Organization","@id":"https:\/\/agenciainfra.com\/blog\/#organization","name":"Ag\u00eancia iNFRA","url":"https:\/\/agenciainfra.com\/blog\/","logo":{"@type":"ImageObject","inLanguage":"pt-BR","@id":"https:\/\/agenciainfra.com\/blog\/#\/schema\/logo\/image\/","url":"https:\/\/agenciainfra.com\/blog\/wp-content\/uploads\/2023\/09\/iNFRA_5-e1761735885940.png","contentUrl":"https:\/\/agenciainfra.com\/blog\/wp-content\/uploads\/2023\/09\/iNFRA_5-e1761735885940.png","width":1672,"height":454,"caption":"Ag\u00eancia iNFRA"},"image":{"@id":"https:\/\/agenciainfra.com\/blog\/#\/schema\/logo\/image\/"},"sameAs":["https:\/\/www.facebook.com\/ageninfra","https:\/\/x.com\/agencia_infra","https:\/\/www.linkedin.com\/company\/ag\u00eanciainfra\/","https:\/\/www.instagram.com\/agenciainfra\/"]},{"@type":"Person","@id":"https:\/\/agenciainfra.com\/blog\/#\/schema\/person\/34af08dff6adea4cb22b06612ba7acfa","name":"Ag\u00eancia iNFRA","image":{"@type":"ImageObject","inLanguage":"pt-BR","@id":"https:\/\/agenciainfra.com\/blog\/#\/schema\/person\/image\/","url":"https:\/\/secure.gravatar.com\/avatar\/d189e01678f06d8eb84d4e01f08eb848b3fffe3f8443818d3c356c66892f5be8?s=96&d=mm&r=g","contentUrl":"https:\/\/secure.gravatar.com\/avatar\/d189e01678f06d8eb84d4e01f08eb848b3fffe3f8443818d3c356c66892f5be8?s=96&d=mm&r=g","caption":"Ag\u00eancia iNFRA"},"url":"https:\/\/agenciainfra.com\/blog\/author\/admin\/"}]}},"_links":{"self":[{"href":"https:\/\/agenciainfra.com\/blog\/wp-json\/wp\/v2\/posts\/13343","targetHints":{"allow":["GET"]}}],"collection":[{"href":"https:\/\/agenciainfra.com\/blog\/wp-json\/wp\/v2\/posts"}],"about":[{"href":"https:\/\/agenciainfra.com\/blog\/wp-json\/wp\/v2\/types\/post"}],"author":[{"embeddable":true,"href":"https:\/\/agenciainfra.com\/blog\/wp-json\/wp\/v2\/users\/1"}],"replies":[{"embeddable":true,"href":"https:\/\/agenciainfra.com\/blog\/wp-json\/wp\/v2\/comments?post=13343"}],"version-history":[{"count":0,"href":"https:\/\/agenciainfra.com\/blog\/wp-json\/wp\/v2\/posts\/13343\/revisions"}],"wp:featuredmedia":[{"embeddable":true,"href":"https:\/\/agenciainfra.com\/blog\/wp-json\/wp\/v2\/media\/7493"}],"wp:attachment":[{"href":"https:\/\/agenciainfra.com\/blog\/wp-json\/wp\/v2\/media?parent=13343"}],"wp:term":[{"taxonomy":"category","embeddable":true,"href":"https:\/\/agenciainfra.com\/blog\/wp-json\/wp\/v2\/categories?post=13343"},{"taxonomy":"post_tag","embeddable":true,"href":"https:\/\/agenciainfra.com\/blog\/wp-json\/wp\/v2\/tags?post=13343"}],"curies":[{"name":"wp","href":"https:\/\/api.w.org\/{rel}","templated":true}]}}