{"id":13351,"date":"2023-08-29T09:00:00","date_gmt":"2023-08-29T12:00:00","guid":{"rendered":"https:\/\/www.agenciainfra.com\/blog\/?p=13351"},"modified":"2023-08-28T11:26:27","modified_gmt":"2023-08-28T14:26:27","slug":"audiencia-publica-para-tratar-da-renovacao-da-fca-sera-reaberta-em-setembro","status":"publish","type":"post","link":"https:\/\/agenciainfra.com\/blog\/audiencia-publica-para-tratar-da-renovacao-da-fca-sera-reaberta-em-setembro\/","title":{"rendered":"Audi\u00eancia p\u00fablica para tratar da renova\u00e7\u00e3o da FCA ser\u00e1 reaberta em setembro"},"content":{"rendered":"\n<p class=\"has-text-align-right\"><strong>Jenifer Ribeiro,&nbsp;da&nbsp;Ag\u00eancia iNFRA<\/strong><\/p>\n\n\n\n<p>A reabertura&nbsp;da&nbsp;audi\u00eancia&nbsp;p\u00fablica&nbsp;para&nbsp;tratar&nbsp;da&nbsp;renova\u00e7\u00e3o&nbsp;antecipada&nbsp;da&nbsp;FCA&nbsp;(Ferrovia Centro-Atl\u00e2ntica) deve ser aprovada pela diretoria colegiada&nbsp;da&nbsp;ANTT (Ag\u00eancia Nacional de Transportes Terrestres)&nbsp;em&nbsp;14 de&nbsp;setembro, segundo apurou a&nbsp;<strong>Ag\u00eancia iNFRA<\/strong>.<br><br>O objetivo desta nova consulta&nbsp;p\u00fablica&nbsp;ser\u00e1&nbsp;debater o plano de investimentos, a outorga e a possibilidade de investimento cruzado&nbsp;da&nbsp;renova\u00e7\u00e3o&nbsp;antecipada dessa malha. O contrato&nbsp;da&nbsp;VLI, que opera a malha ferrovi\u00e1ria, vence&nbsp;em&nbsp;agosto de 2026. O governo e a empresa vem analisando desde 2017 formas de viabilizar a prorroga\u00e7\u00e3o do contrato por mais 30 anos.<br><br>O governo trabalha com a possibilidade de que a&nbsp;renova\u00e7\u00e3o&nbsp;aconte\u00e7a at\u00e9 o final do ano. Ap\u00f3s a realiza\u00e7\u00e3o&nbsp;da&nbsp;audi\u00eancia&nbsp;p\u00fablica, o relat\u00f3rio&nbsp;da&nbsp;consulta ainda precisa ser analisado pelo TCU (Tribunal de Contas&nbsp;da&nbsp;Uni\u00e3o) e, se aprovado, a prorroga\u00e7\u00e3o poder\u00e1 ser viabilizada.<br><br>Fonte ligada \u00e0 ANTT disse que h\u00e1 expectativa&nbsp;para&nbsp;que o relat\u00f3rio&nbsp;da&nbsp;audi\u00eancia&nbsp;p\u00fablica&nbsp;seja enviado&nbsp;para&nbsp;o Tribunal de Contas antes do final deste ano, mas admitiu que existe a possibilidade de a an\u00e1lise no TCU se alongar&nbsp;para&nbsp;o ano que vem.<br><br>O secret\u00e1rio nacional de Transportes Ferrovi\u00e1rios do Minist\u00e9rio dos Transportes, Leonardo Ribeiro, explicou&nbsp;para&nbsp;a reportagem que a nova proposta que vai ser levada a consulta&nbsp;p\u00fablica&nbsp;apresenta algumas diferen\u00e7as&nbsp;em&nbsp;rela\u00e7\u00e3o \u00e0 primeira. Entre as mudan\u00e7as est\u00e1 a redu\u00e7\u00e3o&nbsp;da&nbsp;lista de investimentos do contrato&nbsp;para&nbsp;&#8220;fomentar o debate com vistas a obter propostas e ideias&#8221;, explicou.<br><br><strong>Cr\u00edticas \u00e0&nbsp;renova\u00e7\u00e3o<\/strong><br>A reabertura&nbsp;da&nbsp;audi\u00eancia&nbsp;p\u00fablica&nbsp;ser\u00e1&nbsp;necess\u00e1ria devido \u00e0s cr\u00edticas durante a primeira consulta, que foi realizada no in\u00edcio de 2021, de setores ligados aos usu\u00e1rios e dos governos estaduais por onde a&nbsp;FCA&nbsp;passa. Pontos como a vantajosidade ou n\u00e3o&nbsp;da&nbsp;prorroga\u00e7\u00e3o antecipada e quais trechos seriam devolvidos&nbsp;para&nbsp;o governo foram alguns dos problemas levantados.<br><br>Al\u00e9m disso, os estados&nbsp;da&nbsp;Bahia, Esp\u00edrito Santo e Rio de Janeiro, por exemplo, criticam a centraliza\u00e7\u00e3o&nbsp;da&nbsp;maior parte dos investimentos que ser\u00e3o feitos no per\u00edodo de prorroga\u00e7\u00e3o&nbsp;em&nbsp;Minas Gerais e o desvio de parte dos recursos&nbsp;da&nbsp;outorga&nbsp;para&nbsp;a constru\u00e7\u00e3o de outra ferrovia, a Fico (Ferrovia de Integra\u00e7\u00e3o Centro-Oeste).<br><br>Na proposta anterior que foi levada \u00e0&nbsp;audi\u00eancia&nbsp;p\u00fablica, como contrapartida&nbsp;da&nbsp;renova\u00e7\u00e3o, a empresa previa investimentos na malha que somam R$ 13,8 bilh\u00f5es e um valor de outorga estimado&nbsp;em&nbsp;mais de R$ 5 bilh\u00f5es. A nova proposta ainda est\u00e1 sendo negociada entre minist\u00e9rio, ag\u00eancia e empresa, o que deve se estender at\u00e9 pr\u00f3ximo&nbsp;da&nbsp;data&nbsp;da&nbsp;aprova\u00e7\u00e3o.<br><br><strong>Trechos abandonados<\/strong><br>Havia ainda quest\u00f5es a esclarecer sobre como seria feita a destina\u00e7\u00e3o dos recursos referentes \u00e0 outorga e \u00e0 multa por danos ambientais causados pelo abandono de diversos trechos&nbsp;da&nbsp;malha pela VLI.<br><br>No m\u00eas passado, o TCU decidiu que a concession\u00e1ria ter\u00e1 que fazer um c\u00e1lculo de reequil\u00edbrio de todo o contrato, o que deve considerar os danos ambientais causados pelo abandono de 770 quil\u00f4metros de extens\u00e3o&nbsp;da&nbsp;ferrovia, que tem 7.215 quil\u00f4metros no total. Essa devolu\u00e7\u00e3o, que est\u00e1&nbsp;em&nbsp;an\u00e1lise desde 2012, ter\u00e1 impacto no processo de&nbsp;renova\u00e7\u00e3o.<br><br>O secret\u00e1rio Leonardo Ribeiro explicou&nbsp;para&nbsp;a&nbsp;<strong>Ag\u00eancia iNFRA<\/strong>&nbsp;que a diretriz&nbsp;da&nbsp;pasta \u00e9 que as orienta\u00e7\u00f5es do TCU sejam levadas&nbsp;em&nbsp;considera\u00e7\u00e3o na nova minuta e que com a participa\u00e7\u00e3o social&nbsp;ser\u00e1&nbsp;poss\u00edvel &#8220;desenhar um campo de investimentos o mais adequado poss\u00edvel&nbsp;para&nbsp;a funcionalidade do sistema ferrovi\u00e1rio brasileiro&#8221;.<br><br>A&nbsp;renova\u00e7\u00e3o&nbsp;da&nbsp;FCA, que cruza os estados de Sergipe, Bahia, Esp\u00edrito Santo, Rio de Janeiro, S\u00e3o Paulo, Minas Gerais, Goi\u00e1s e o Distrito Federal, estava prevista&nbsp;para&nbsp;2022. At\u00e9 o momento, o governo federal j\u00e1 renovou os contratos de ferrovias&nbsp;da&nbsp;Rumo Malha Paulista,&nbsp;da&nbsp;EFVM (Estrada de Ferro Vit\u00f3ria a Minas),&nbsp;da&nbsp;EFC (Estrada de Ferro Caraj\u00e1s) e&nbsp;da&nbsp;MRS Log\u00edstica. As pr\u00f3ximas malhas previstas&nbsp;para&nbsp;prorroga\u00e7\u00e3o s\u00e3o a Ferrovia Tereza Cristina, a Rumo Malha Sul e a Transnordestina.<br><br><strong>Posi\u00e7\u00e3o VLI<\/strong><br>Em&nbsp;nota, a VLI informou que &#8220;uma vez conclu\u00eddo, o processo de&nbsp;renova\u00e7\u00e3o&nbsp;antecipada&nbsp;da&nbsp;concess\u00e3o&nbsp;da&nbsp;Ferrovia Centro-Atl\u00e2ntica permitir\u00e1 a antecipa\u00e7\u00e3o de uma s\u00e9rie de investimentos que estimular\u00e3o a ind\u00fastria ferrovi\u00e1ria e metalmec\u00e2nica nacional e a economia como um todo, al\u00e9m de promover o aumento de fluxos pelo modal ferrovi\u00e1rio e obras de solu\u00e7\u00e3o de conflitos urbanos, entre diversos outros benef\u00edcios&#8221;.<br><br>Al\u00e9m disso, destacou que o processo de&nbsp;renova\u00e7\u00e3o&nbsp;&#8220;\u00e9 liderado pelo Minist\u00e9rio dos Transportes e a ANTT e segue seu fluxo normal, e a VLI mant\u00e9m tratativas&nbsp;para&nbsp;dar celeridade \u00e0&nbsp;renova\u00e7\u00e3o. Todos os temas referentes a ela ser\u00e3o debatidos&nbsp;em&nbsp;audi\u00eancia&nbsp;p\u00fablica, o que possibilitar\u00e1 a participa\u00e7\u00e3o de todas as partes interessadas e manter\u00e1 a transpar\u00eancia do debate e o foco no interesse p\u00fablico, caracter\u00edsticas que marcam este projeto desde seu in\u00edcio&#8221;.<br><br><strong>Trabalho intensivo<\/strong><br>A ANTT confirmou&nbsp;o alinhamento com o Minist\u00e9rio dos Transportes e a concession\u00e1ria&nbsp;para&nbsp;a reabertura&nbsp;da&nbsp;audi\u00eancia&nbsp;p\u00fablica. Segundo a ag\u00eancia, sua equipe t\u00e9cnica trabalha &#8220;intensivamente&#8221;&nbsp;para&nbsp;fazer os ajustes nos documentos relacionados \u00e0 consulta&nbsp;p\u00fablica. &#8220;Esse processo inclui uma revis\u00e3o minuciosa de todos os aspectos do projeto, seus impactos, an\u00e1lises t\u00e9cnicas e op\u00e7\u00f5es consideradas&#8221;, afirmou&nbsp;em&nbsp;nota.<\/p>\n","protected":false},"excerpt":{"rendered":"<p>Jenifer Ribeiro,&nbsp;da&nbsp;Ag\u00eancia iNFRA A reabertura&nbsp;da&nbsp;audi\u00eancia&nbsp;p\u00fablica&nbsp;para&nbsp;tratar&nbsp;da&nbsp;renova\u00e7\u00e3o&nbsp;antecipada&nbsp;da&nbsp;FCA&nbsp;(Ferrovia Centro-Atl\u00e2ntica) deve ser aprovada pela diretoria colegiada&nbsp;da&nbsp;ANTT (Ag\u00eancia Nacional de Transportes Terrestres)&nbsp;em&nbsp;14 de&nbsp;setembro, segundo apurou a&nbsp;Ag\u00eancia iNFRA. O objetivo desta nova consulta&nbsp;p\u00fablica&nbsp;ser\u00e1&nbsp;debater o plano de investimentos, a outorga e a possibilidade de investimento cruzado&nbsp;da&nbsp;renova\u00e7\u00e3o&nbsp;antecipada dessa malha. O contrato&nbsp;da&nbsp;VLI, que opera a malha ferrovi\u00e1ria, vence&nbsp;em&nbsp;agosto de 2026. O governo e a [&hellip;]<\/p>\n","protected":false},"author":1,"featured_media":0,"comment_status":"closed","ping_status":"closed","sticky":false,"template":"","format":"standard","meta":{"_monsterinsights_skip_tracking":false,"_monsterinsights_sitenote_active":false,"_monsterinsights_sitenote_note":"","_monsterinsights_sitenote_category":0,"footnotes":""},"categories":[1,7],"tags":[19,2187,78,7234,446,472,1407,16,5970,80,82],"class_list":["post-13351","post","type-post","status-publish","format-standard","hentry","category-geral","category-infratransporte","tag-antt","tag-audiencias-publicas","tag-concessoes","tag-consultas-publicas","tag-fca","tag-fico","tag-leonardo-ribeiro","tag-ministerio-dos-transportes","tag-renovacoes-antecipadas","tag-rumo","tag-vli"],"yoast_head":"<!-- This site is optimized with the Yoast SEO Premium plugin v25.4 (Yoast SEO v26.0) - https:\/\/yoast.com\/wordpress\/plugins\/seo\/ -->\n<title>Audi\u00eancia p\u00fablica para tratar da renova\u00e7\u00e3o da FCA ser\u00e1 reaberta em setembro - Ag\u00eancia iNFRA<\/title>\n<meta name=\"robots\" content=\"index, follow, max-snippet:-1, max-image-preview:large, max-video-preview:-1\" \/>\n<link rel=\"canonical\" href=\"https:\/\/agenciainfra.com\/blog\/audiencia-publica-para-tratar-da-renovacao-da-fca-sera-reaberta-em-setembro\/\" \/>\n<meta property=\"og:locale\" content=\"pt_BR\" \/>\n<meta property=\"og:type\" content=\"article\" \/>\n<meta property=\"og:title\" content=\"Audi\u00eancia p\u00fablica para tratar da renova\u00e7\u00e3o da FCA ser\u00e1 reaberta em setembro\" \/>\n<meta property=\"og:description\" content=\"Jenifer Ribeiro,&nbsp;da&nbsp;Ag\u00eancia iNFRA A reabertura&nbsp;da&nbsp;audi\u00eancia&nbsp;p\u00fablica&nbsp;para&nbsp;tratar&nbsp;da&nbsp;renova\u00e7\u00e3o&nbsp;antecipada&nbsp;da&nbsp;FCA&nbsp;(Ferrovia Centro-Atl\u00e2ntica) deve ser aprovada pela diretoria colegiada&nbsp;da&nbsp;ANTT (Ag\u00eancia Nacional de Transportes Terrestres)&nbsp;em&nbsp;14 de&nbsp;setembro, segundo apurou a&nbsp;Ag\u00eancia iNFRA. O objetivo desta nova consulta&nbsp;p\u00fablica&nbsp;ser\u00e1&nbsp;debater o plano de investimentos, a outorga e a possibilidade de investimento cruzado&nbsp;da&nbsp;renova\u00e7\u00e3o&nbsp;antecipada dessa malha. O contrato&nbsp;da&nbsp;VLI, que opera a malha ferrovi\u00e1ria, vence&nbsp;em&nbsp;agosto de 2026. O governo e a [&hellip;]\" \/>\n<meta property=\"og:url\" content=\"https:\/\/agenciainfra.com\/blog\/audiencia-publica-para-tratar-da-renovacao-da-fca-sera-reaberta-em-setembro\/\" \/>\n<meta property=\"og:site_name\" content=\"Ag\u00eancia iNFRA\" \/>\n<meta property=\"article:publisher\" content=\"https:\/\/www.facebook.com\/ageninfra\" \/>\n<meta property=\"article:published_time\" content=\"2023-08-29T12:00:00+00:00\" \/>\n<meta property=\"og:image\" content=\"https:\/\/agenciainfra.com\/blog\/wp-content\/uploads\/2021\/01\/FCA-foto-Gustavo-Andrade-VLI.jpg\" \/>\n\t<meta property=\"og:image:width\" content=\"1280\" \/>\n\t<meta property=\"og:image:height\" content=\"854\" \/>\n\t<meta property=\"og:image:type\" content=\"image\/jpeg\" \/>\n<meta name=\"author\" content=\"Ag\u00eancia iNFRA\" \/>\n<meta name=\"twitter:card\" content=\"summary_large_image\" \/>\n<meta name=\"twitter:creator\" content=\"@agencia_infra\" \/>\n<meta name=\"twitter:site\" content=\"@agencia_infra\" \/>\n<meta name=\"twitter:label1\" content=\"Escrito por\" \/>\n\t<meta name=\"twitter:data1\" content=\"Ag\u00eancia iNFRA\" \/>\n\t<meta name=\"twitter:label2\" content=\"Est. tempo de leitura\" \/>\n\t<meta name=\"twitter:data2\" content=\"5 minutos\" \/>\n<script type=\"application\/ld+json\" class=\"yoast-schema-graph\">{\"@context\":\"https:\/\/schema.org\",\"@graph\":[{\"@type\":\"Article\",\"@id\":\"https:\/\/agenciainfra.com\/blog\/audiencia-publica-para-tratar-da-renovacao-da-fca-sera-reaberta-em-setembro\/#article\",\"isPartOf\":{\"@id\":\"https:\/\/agenciainfra.com\/blog\/audiencia-publica-para-tratar-da-renovacao-da-fca-sera-reaberta-em-setembro\/\"},\"author\":{\"name\":\"Ag\u00eancia iNFRA\",\"@id\":\"https:\/\/agenciainfra.com\/blog\/#\/schema\/person\/34af08dff6adea4cb22b06612ba7acfa\"},\"headline\":\"Audi\u00eancia p\u00fablica para tratar da renova\u00e7\u00e3o da FCA ser\u00e1 reaberta em setembro\",\"datePublished\":\"2023-08-29T12:00:00+00:00\",\"mainEntityOfPage\":{\"@id\":\"https:\/\/agenciainfra.com\/blog\/audiencia-publica-para-tratar-da-renovacao-da-fca-sera-reaberta-em-setembro\/\"},\"wordCount\":1113,\"publisher\":{\"@id\":\"https:\/\/agenciainfra.com\/blog\/#organization\"},\"keywords\":[\"ANTT\",\"audi\u00eancias p\u00fablicas\",\"concess\u00f5es\",\"consultas p\u00fablicas\",\"FCA\",\"FICO\",\"Leonardo Ribeiro\",\"minist\u00e9rio dos transportes\",\"renova\u00e7\u00f5es antecipadas\",\"Rumo\",\"VLI\"],\"articleSection\":[\"Geral\",\"iNFRATransporte\"],\"inLanguage\":\"pt-BR\",\"copyrightYear\":\"2023\",\"copyrightHolder\":{\"@id\":\"https:\/\/agenciainfra.com\/blog\/#organization\"}},{\"@type\":\"WebPage\",\"@id\":\"https:\/\/agenciainfra.com\/blog\/audiencia-publica-para-tratar-da-renovacao-da-fca-sera-reaberta-em-setembro\/\",\"url\":\"https:\/\/agenciainfra.com\/blog\/audiencia-publica-para-tratar-da-renovacao-da-fca-sera-reaberta-em-setembro\/\",\"name\":\"Audi\u00eancia p\u00fablica para tratar da renova\u00e7\u00e3o da FCA ser\u00e1 reaberta em setembro - Ag\u00eancia iNFRA\",\"isPartOf\":{\"@id\":\"https:\/\/agenciainfra.com\/blog\/#website\"},\"datePublished\":\"2023-08-29T12:00:00+00:00\",\"breadcrumb\":{\"@id\":\"https:\/\/agenciainfra.com\/blog\/audiencia-publica-para-tratar-da-renovacao-da-fca-sera-reaberta-em-setembro\/#breadcrumb\"},\"inLanguage\":\"pt-BR\",\"potentialAction\":[{\"@type\":\"ReadAction\",\"target\":[\"https:\/\/agenciainfra.com\/blog\/audiencia-publica-para-tratar-da-renovacao-da-fca-sera-reaberta-em-setembro\/\"]}]},{\"@type\":\"BreadcrumbList\",\"@id\":\"https:\/\/agenciainfra.com\/blog\/audiencia-publica-para-tratar-da-renovacao-da-fca-sera-reaberta-em-setembro\/#breadcrumb\",\"itemListElement\":[{\"@type\":\"ListItem\",\"position\":1,\"name\":\"In\u00edcio\",\"item\":\"https:\/\/agenciainfra.com\/blog\/\"},{\"@type\":\"ListItem\",\"position\":2,\"name\":\"Audi\u00eancia p\u00fablica para tratar da renova\u00e7\u00e3o da FCA ser\u00e1 reaberta em setembro\"}]},{\"@type\":\"WebSite\",\"@id\":\"https:\/\/agenciainfra.com\/blog\/#website\",\"url\":\"https:\/\/agenciainfra.com\/blog\/\",\"name\":\"Ag\u00eancia iNFRA\",\"description\":\"Multiplataforma de informa\u00e7\u00e3o jornal\u00edstica refer\u00eancia na \u00e1rea de infraestrutura no Brasil!\",\"publisher\":{\"@id\":\"https:\/\/agenciainfra.com\/blog\/#organization\"},\"potentialAction\":[{\"@type\":\"SearchAction\",\"target\":{\"@type\":\"EntryPoint\",\"urlTemplate\":\"https:\/\/agenciainfra.com\/blog\/?s={search_term_string}\"},\"query-input\":{\"@type\":\"PropertyValueSpecification\",\"valueRequired\":true,\"valueName\":\"search_term_string\"}}],\"inLanguage\":\"pt-BR\"},{\"@type\":\"Organization\",\"@id\":\"https:\/\/agenciainfra.com\/blog\/#organization\",\"name\":\"Ag\u00eancia iNFRA\",\"url\":\"https:\/\/agenciainfra.com\/blog\/\",\"logo\":{\"@type\":\"ImageObject\",\"inLanguage\":\"pt-BR\",\"@id\":\"https:\/\/agenciainfra.com\/blog\/#\/schema\/logo\/image\/\",\"url\":\"https:\/\/agenciainfra.com\/blog\/wp-content\/uploads\/2023\/09\/iNFRA_5-e1761735885940.png\",\"contentUrl\":\"https:\/\/agenciainfra.com\/blog\/wp-content\/uploads\/2023\/09\/iNFRA_5-e1761735885940.png\",\"width\":1672,\"height\":454,\"caption\":\"Ag\u00eancia iNFRA\"},\"image\":{\"@id\":\"https:\/\/agenciainfra.com\/blog\/#\/schema\/logo\/image\/\"},\"sameAs\":[\"https:\/\/www.facebook.com\/ageninfra\",\"https:\/\/x.com\/agencia_infra\",\"https:\/\/www.linkedin.com\/company\/ag\u00eanciainfra\/\",\"https:\/\/www.instagram.com\/agenciainfra\/\"]},{\"@type\":\"Person\",\"@id\":\"https:\/\/agenciainfra.com\/blog\/#\/schema\/person\/34af08dff6adea4cb22b06612ba7acfa\",\"name\":\"Ag\u00eancia iNFRA\",\"image\":{\"@type\":\"ImageObject\",\"inLanguage\":\"pt-BR\",\"@id\":\"https:\/\/agenciainfra.com\/blog\/#\/schema\/person\/image\/\",\"url\":\"https:\/\/secure.gravatar.com\/avatar\/d189e01678f06d8eb84d4e01f08eb848b3fffe3f8443818d3c356c66892f5be8?s=96&d=mm&r=g\",\"contentUrl\":\"https:\/\/secure.gravatar.com\/avatar\/d189e01678f06d8eb84d4e01f08eb848b3fffe3f8443818d3c356c66892f5be8?s=96&d=mm&r=g\",\"caption\":\"Ag\u00eancia iNFRA\"},\"url\":\"https:\/\/agenciainfra.com\/blog\/author\/admin\/\"}]}<\/script>\n<!-- \/ Yoast SEO Premium plugin. -->","yoast_head_json":{"title":"Audi\u00eancia p\u00fablica para tratar da renova\u00e7\u00e3o da FCA ser\u00e1 reaberta em setembro - Ag\u00eancia iNFRA","robots":{"index":"index","follow":"follow","max-snippet":"max-snippet:-1","max-image-preview":"max-image-preview:large","max-video-preview":"max-video-preview:-1"},"canonical":"https:\/\/agenciainfra.com\/blog\/audiencia-publica-para-tratar-da-renovacao-da-fca-sera-reaberta-em-setembro\/","og_locale":"pt_BR","og_type":"article","og_title":"Audi\u00eancia p\u00fablica para tratar da renova\u00e7\u00e3o da FCA ser\u00e1 reaberta em setembro","og_description":"Jenifer Ribeiro,&nbsp;da&nbsp;Ag\u00eancia iNFRA A reabertura&nbsp;da&nbsp;audi\u00eancia&nbsp;p\u00fablica&nbsp;para&nbsp;tratar&nbsp;da&nbsp;renova\u00e7\u00e3o&nbsp;antecipada&nbsp;da&nbsp;FCA&nbsp;(Ferrovia Centro-Atl\u00e2ntica) deve ser aprovada pela diretoria colegiada&nbsp;da&nbsp;ANTT (Ag\u00eancia Nacional de Transportes Terrestres)&nbsp;em&nbsp;14 de&nbsp;setembro, segundo apurou a&nbsp;Ag\u00eancia iNFRA. O objetivo desta nova consulta&nbsp;p\u00fablica&nbsp;ser\u00e1&nbsp;debater o plano de investimentos, a outorga e a possibilidade de investimento cruzado&nbsp;da&nbsp;renova\u00e7\u00e3o&nbsp;antecipada dessa malha. O contrato&nbsp;da&nbsp;VLI, que opera a malha ferrovi\u00e1ria, vence&nbsp;em&nbsp;agosto de 2026. O governo e a [&hellip;]","og_url":"https:\/\/agenciainfra.com\/blog\/audiencia-publica-para-tratar-da-renovacao-da-fca-sera-reaberta-em-setembro\/","og_site_name":"Ag\u00eancia iNFRA","article_publisher":"https:\/\/www.facebook.com\/ageninfra","article_published_time":"2023-08-29T12:00:00+00:00","og_image":[{"width":1280,"height":854,"url":"https:\/\/agenciainfra.com\/blog\/wp-content\/uploads\/2021\/01\/FCA-foto-Gustavo-Andrade-VLI.jpg","type":"image\/jpeg"}],"author":"Ag\u00eancia iNFRA","twitter_card":"summary_large_image","twitter_creator":"@agencia_infra","twitter_site":"@agencia_infra","twitter_misc":{"Escrito por":"Ag\u00eancia iNFRA","Est. tempo de leitura":"5 minutos"},"schema":{"@context":"https:\/\/schema.org","@graph":[{"@type":"Article","@id":"https:\/\/agenciainfra.com\/blog\/audiencia-publica-para-tratar-da-renovacao-da-fca-sera-reaberta-em-setembro\/#article","isPartOf":{"@id":"https:\/\/agenciainfra.com\/blog\/audiencia-publica-para-tratar-da-renovacao-da-fca-sera-reaberta-em-setembro\/"},"author":{"name":"Ag\u00eancia iNFRA","@id":"https:\/\/agenciainfra.com\/blog\/#\/schema\/person\/34af08dff6adea4cb22b06612ba7acfa"},"headline":"Audi\u00eancia p\u00fablica para tratar da renova\u00e7\u00e3o da FCA ser\u00e1 reaberta em setembro","datePublished":"2023-08-29T12:00:00+00:00","mainEntityOfPage":{"@id":"https:\/\/agenciainfra.com\/blog\/audiencia-publica-para-tratar-da-renovacao-da-fca-sera-reaberta-em-setembro\/"},"wordCount":1113,"publisher":{"@id":"https:\/\/agenciainfra.com\/blog\/#organization"},"keywords":["ANTT","audi\u00eancias p\u00fablicas","concess\u00f5es","consultas p\u00fablicas","FCA","FICO","Leonardo Ribeiro","minist\u00e9rio dos transportes","renova\u00e7\u00f5es antecipadas","Rumo","VLI"],"articleSection":["Geral","iNFRATransporte"],"inLanguage":"pt-BR","copyrightYear":"2023","copyrightHolder":{"@id":"https:\/\/agenciainfra.com\/blog\/#organization"}},{"@type":"WebPage","@id":"https:\/\/agenciainfra.com\/blog\/audiencia-publica-para-tratar-da-renovacao-da-fca-sera-reaberta-em-setembro\/","url":"https:\/\/agenciainfra.com\/blog\/audiencia-publica-para-tratar-da-renovacao-da-fca-sera-reaberta-em-setembro\/","name":"Audi\u00eancia p\u00fablica para tratar da renova\u00e7\u00e3o da FCA ser\u00e1 reaberta em setembro - Ag\u00eancia iNFRA","isPartOf":{"@id":"https:\/\/agenciainfra.com\/blog\/#website"},"datePublished":"2023-08-29T12:00:00+00:00","breadcrumb":{"@id":"https:\/\/agenciainfra.com\/blog\/audiencia-publica-para-tratar-da-renovacao-da-fca-sera-reaberta-em-setembro\/#breadcrumb"},"inLanguage":"pt-BR","potentialAction":[{"@type":"ReadAction","target":["https:\/\/agenciainfra.com\/blog\/audiencia-publica-para-tratar-da-renovacao-da-fca-sera-reaberta-em-setembro\/"]}]},{"@type":"BreadcrumbList","@id":"https:\/\/agenciainfra.com\/blog\/audiencia-publica-para-tratar-da-renovacao-da-fca-sera-reaberta-em-setembro\/#breadcrumb","itemListElement":[{"@type":"ListItem","position":1,"name":"In\u00edcio","item":"https:\/\/agenciainfra.com\/blog\/"},{"@type":"ListItem","position":2,"name":"Audi\u00eancia p\u00fablica para tratar da renova\u00e7\u00e3o da FCA ser\u00e1 reaberta em setembro"}]},{"@type":"WebSite","@id":"https:\/\/agenciainfra.com\/blog\/#website","url":"https:\/\/agenciainfra.com\/blog\/","name":"Ag\u00eancia iNFRA","description":"Multiplataforma de informa\u00e7\u00e3o jornal\u00edstica refer\u00eancia na \u00e1rea de infraestrutura no Brasil!","publisher":{"@id":"https:\/\/agenciainfra.com\/blog\/#organization"},"potentialAction":[{"@type":"SearchAction","target":{"@type":"EntryPoint","urlTemplate":"https:\/\/agenciainfra.com\/blog\/?s={search_term_string}"},"query-input":{"@type":"PropertyValueSpecification","valueRequired":true,"valueName":"search_term_string"}}],"inLanguage":"pt-BR"},{"@type":"Organization","@id":"https:\/\/agenciainfra.com\/blog\/#organization","name":"Ag\u00eancia iNFRA","url":"https:\/\/agenciainfra.com\/blog\/","logo":{"@type":"ImageObject","inLanguage":"pt-BR","@id":"https:\/\/agenciainfra.com\/blog\/#\/schema\/logo\/image\/","url":"https:\/\/agenciainfra.com\/blog\/wp-content\/uploads\/2023\/09\/iNFRA_5-e1761735885940.png","contentUrl":"https:\/\/agenciainfra.com\/blog\/wp-content\/uploads\/2023\/09\/iNFRA_5-e1761735885940.png","width":1672,"height":454,"caption":"Ag\u00eancia iNFRA"},"image":{"@id":"https:\/\/agenciainfra.com\/blog\/#\/schema\/logo\/image\/"},"sameAs":["https:\/\/www.facebook.com\/ageninfra","https:\/\/x.com\/agencia_infra","https:\/\/www.linkedin.com\/company\/ag\u00eanciainfra\/","https:\/\/www.instagram.com\/agenciainfra\/"]},{"@type":"Person","@id":"https:\/\/agenciainfra.com\/blog\/#\/schema\/person\/34af08dff6adea4cb22b06612ba7acfa","name":"Ag\u00eancia iNFRA","image":{"@type":"ImageObject","inLanguage":"pt-BR","@id":"https:\/\/agenciainfra.com\/blog\/#\/schema\/person\/image\/","url":"https:\/\/secure.gravatar.com\/avatar\/d189e01678f06d8eb84d4e01f08eb848b3fffe3f8443818d3c356c66892f5be8?s=96&d=mm&r=g","contentUrl":"https:\/\/secure.gravatar.com\/avatar\/d189e01678f06d8eb84d4e01f08eb848b3fffe3f8443818d3c356c66892f5be8?s=96&d=mm&r=g","caption":"Ag\u00eancia iNFRA"},"url":"https:\/\/agenciainfra.com\/blog\/author\/admin\/"}]}},"_links":{"self":[{"href":"https:\/\/agenciainfra.com\/blog\/wp-json\/wp\/v2\/posts\/13351","targetHints":{"allow":["GET"]}}],"collection":[{"href":"https:\/\/agenciainfra.com\/blog\/wp-json\/wp\/v2\/posts"}],"about":[{"href":"https:\/\/agenciainfra.com\/blog\/wp-json\/wp\/v2\/types\/post"}],"author":[{"embeddable":true,"href":"https:\/\/agenciainfra.com\/blog\/wp-json\/wp\/v2\/users\/1"}],"replies":[{"embeddable":true,"href":"https:\/\/agenciainfra.com\/blog\/wp-json\/wp\/v2\/comments?post=13351"}],"version-history":[{"count":0,"href":"https:\/\/agenciainfra.com\/blog\/wp-json\/wp\/v2\/posts\/13351\/revisions"}],"wp:attachment":[{"href":"https:\/\/agenciainfra.com\/blog\/wp-json\/wp\/v2\/media?parent=13351"}],"wp:term":[{"taxonomy":"category","embeddable":true,"href":"https:\/\/agenciainfra.com\/blog\/wp-json\/wp\/v2\/categories?post=13351"},{"taxonomy":"post_tag","embeddable":true,"href":"https:\/\/agenciainfra.com\/blog\/wp-json\/wp\/v2\/tags?post=13351"}],"curies":[{"name":"wp","href":"https:\/\/api.w.org\/{rel}","templated":true}]}}