{"id":13579,"date":"2023-09-03T09:00:00","date_gmt":"2023-09-03T12:00:00","guid":{"rendered":"https:\/\/www.agenciainfra.com\/blog\/?p=13579"},"modified":"2026-03-13T09:46:14","modified_gmt":"2026-03-13T12:46:14","slug":"ministerio-dos-transportes-criara-gt-para-tratar-questoes-ambientais-da-ferrograo-com-indigenas","status":"publish","type":"post","link":"https:\/\/agenciainfra.com\/blog\/ministerio-dos-transportes-criara-gt-para-tratar-questoes-ambientais-da-ferrograo-com-indigenas\/","title":{"rendered":"Minist\u00e9rio dos Transportes criar\u00e1 GT para tratar quest\u00f5es ambientais da Ferrogr\u00e3o com ind\u00edgenas"},"content":{"rendered":"\n<p class=\"has-text-align-right\"><strong>Jenifer Ribeiro,&nbsp;da&nbsp;Ag\u00eancia iNFRA<\/strong><\/p>\n\n\n\n<p>O&nbsp;Minist\u00e9rio&nbsp;dos&nbsp;Transportes&nbsp;criar\u00e1&nbsp;um&nbsp;GT&nbsp;(Grupo de Trabalho)&nbsp;para&nbsp;tratamento e oitiva das comunidades&nbsp;ind\u00edgenas&nbsp;com o intuito de debater as demandas socioambientais dessas popula\u00e7\u00f5es que podem ser afetadas com a constru\u00e7\u00e3o&nbsp;da&nbsp;Ferrogr\u00e3o.<br><br>A afirma\u00e7\u00e3o foi feita pela diretora do Departamento de Obras e Projetos&nbsp;da&nbsp;Secretaria Nacional de Transporte Ferrovi\u00e1rio&nbsp;da&nbsp;pasta, Maryane&nbsp;da&nbsp;Silva Figueiredo Ara\u00fajo, na \u00faltima quarta-feira (30), durante audi\u00eancia p\u00fablica&nbsp;para&nbsp;tratar&nbsp;da&nbsp;ferrovia, na CDR (Comiss\u00e3o de Desenvolvimento Regional e do Turismo), do Senado Federal.<br><br>Para&nbsp;a&nbsp;<strong>Ag\u00eancia iNFRA<\/strong>&nbsp;ela explicou que a minuta&nbsp;da&nbsp;portaria&nbsp;para&nbsp;a cria\u00e7\u00e3o do grupo de trabalho ainda est\u00e1 sendo finalizada dentro do&nbsp;minist\u00e9rio&nbsp;e n\u00e3o deu data&nbsp;para&nbsp;a publica\u00e7\u00e3o do documento.<br><br><strong>Oitivas qualificadas<\/strong><br>A diretora disse tamb\u00e9m&nbsp;para&nbsp;a reportagem que essa decis\u00e3o \u00e9 uma a\u00e7\u00e3o separada&nbsp;da&nbsp;conclus\u00e3o do Centro de Solu\u00e7\u00f5es Alternativas de Lit\u00edgios do STF (Supremo Tribunal Federal), que na \u00faltima ter\u00e7a-feira (29) prop\u00f4s que seja feita uma oitiva qualificada das comunidades&nbsp;ind\u00edgenas&nbsp;que podem ser afetadas pela constru\u00e7\u00e3o&nbsp;da&nbsp;ferrovia. O centro de solu\u00e7\u00f5es encaminhou ainda sugest\u00f5es&nbsp;para&nbsp;que os efeitos&nbsp;ambientais&nbsp;provenientes&nbsp;da&nbsp;constru\u00e7\u00e3o&nbsp;da&nbsp;malha ferrovi\u00e1ria sejam minimizados.<br><br>Essas propostas s\u00e3o referentes a uma consulta feita pelo ministro Alexandre de Moraes ao centro de solu\u00e7\u00f5es como desdobramento do julgamento&nbsp;da&nbsp;ADI (A\u00e7\u00e3o Direta de Inconstitucionalidade) 6.553, que questiona a altera\u00e7\u00e3o&nbsp;dos&nbsp;limites do Parque Nacional do Jamanxim, no Par\u00e1,&nbsp;para&nbsp;a constru\u00e7\u00e3o&nbsp;da&nbsp;Ferrogr\u00e3o. O ministro \u00e9 o relator do processo.<br><br>Em 2016, foi editada a MP (Medida Provis\u00f3ria) 758, que excluiu 862 hectares do parque e destinou essa \u00e1rea \u00e0s faixas de dom\u00ednio&nbsp;da&nbsp;Ferrogr\u00e3o&nbsp;e&nbsp;da&nbsp;BR-163. Essa MP posteriormente resultou na Lei 13.452\/2017. O autor&nbsp;da&nbsp;a\u00e7\u00e3o movida no STF \u00e9 o Psol, o qual argumenta que essa lei afeta os povos&nbsp;ind\u00edgenas&nbsp;da&nbsp;regi\u00e3o.<br><br>Durante a consulta, solicitada pelo ministro ao centro de solu\u00e7\u00e3o, foi permitida a retomada&nbsp;da&nbsp;elabora\u00e7\u00e3o&nbsp;dos&nbsp;estudos e&nbsp;dos&nbsp;processos administrativos relacionados \u00e0&nbsp;Ferrogr\u00e3o. Com isso foi solicitada a revis\u00e3o&nbsp;dos&nbsp;estudos t\u00e9cnicos e a continuidade do processo de licenciamento ambiental \u00e0 Infra S.A. e o sobrestamento&nbsp;da&nbsp;an\u00e1lise&nbsp;dos&nbsp;estudos ao TCU (Tribunal de Contas&nbsp;da&nbsp;Uni\u00e3o) at\u00e9 o novo protocolo&nbsp;dos&nbsp;estudos revisados. O governo tem seis meses&nbsp;para&nbsp;apresentar esse novo levantamento.<br><br>Durante a audi\u00eancia p\u00fablica, tanto Maryane quanto a representante&nbsp;da&nbsp;CNA (Confedera\u00e7\u00e3o&nbsp;da&nbsp;Agricultura e Pecu\u00e1ria do Brasil), Elis\u00e2ngela Pereira Lopes, disseram que o projeto n\u00e3o se sobrep\u00f5e \u00e0s terras&nbsp;ind\u00edgenas.<br><br><strong>Efici\u00eancia<\/strong><br>O licenciamento ambiental&nbsp;para&nbsp;a constru\u00e7\u00e3o&nbsp;da&nbsp;Ferrogr\u00e3o, que liga Sinop (MT) ao Porto de Miritituba (PA), gera embates h\u00e1 anos. Por um lado, quem \u00e9 contr\u00e1rio ao projeto alega o impacto ambiental e social negativo&nbsp;para&nbsp;os&nbsp;ind\u00edgenas&nbsp;da&nbsp;regi\u00e3o. Por outro lado, quem defende o projeto fala em ganho de efici\u00eancia&nbsp;para&nbsp;o escoamento&nbsp;da&nbsp;safra.<br><br>O intuito \u00e9 que a ferrovia, que tem 933 quil\u00f4metros de extens\u00e3o, movimente milho, farelo de soja, soja, fertilizantes, derivados de petr\u00f3leo, a\u00e7\u00facar, etanol e \u00f3leo de soja. Nos estudos originais \u00e9 prevista uma redu\u00e7\u00e3o de R$ 6 bilh\u00f5es ao ano nos custos log\u00edsticos caso a ferrovia seja conclu\u00edda&nbsp;e utilizada&nbsp;para&nbsp;movimenta\u00e7\u00e3o de carga.<br><br>Elis\u00e2ngela&nbsp;afirmou na audi\u00eancia que um levantamento feito pelo&nbsp;Minist\u00e9rio&nbsp;da&nbsp;Agricultura, em 2016, mostrou que seria poss\u00edvel reduzir em 50% a 52% o pre\u00e7o de envio do milho do Mato Grosso&nbsp;para&nbsp;o litoral do Nordeste, caso a movimenta\u00e7\u00e3o fosse feita inicialmente pela&nbsp;Ferrogr\u00e3o.<br><br>Por sua vez, o CEO&nbsp;da&nbsp;EDLP (Esta\u00e7\u00e3o&nbsp;da&nbsp;Luz Participa\u00e7\u00f5es), empresa respons\u00e1vel pelos estudos&nbsp;da&nbsp;ferrovia, Guilherme Quintella, explicou que a demanda de gr\u00e3os est\u00e1 atualmente 40% acima do que o projetado inicialmente no projeto.<\/p>\n","protected":false},"excerpt":{"rendered":"<p>Jenifer Ribeiro,&nbsp;da&nbsp;Ag\u00eancia iNFRA O&nbsp;Minist\u00e9rio&nbsp;dos&nbsp;Transportes&nbsp;criar\u00e1&nbsp;um&nbsp;GT&nbsp;(Grupo de Trabalho)&nbsp;para&nbsp;tratamento e oitiva das comunidades&nbsp;ind\u00edgenas&nbsp;com o intuito de debater as demandas socioambientais dessas popula\u00e7\u00f5es que podem ser afetadas com a constru\u00e7\u00e3o&nbsp;da&nbsp;Ferrogr\u00e3o. A afirma\u00e7\u00e3o foi feita pela diretora do Departamento de Obras e Projetos&nbsp;da&nbsp;Secretaria Nacional de Transporte Ferrovi\u00e1rio&nbsp;da&nbsp;pasta, Maryane&nbsp;da&nbsp;Silva Figueiredo Ara\u00fajo, na \u00faltima quarta-feira (30), durante audi\u00eancia p\u00fablica&nbsp;para&nbsp;tratar&nbsp;da&nbsp;ferrovia, na CDR (Comiss\u00e3o [&hellip;]<\/p>\n","protected":false},"author":1,"featured_media":13580,"comment_status":"closed","ping_status":"closed","sticky":false,"template":"","format":"standard","meta":{"_monsterinsights_skip_tracking":false,"_monsterinsights_sitenote_active":false,"_monsterinsights_sitenote_note":"","_monsterinsights_sitenote_category":0,"footnotes":""},"categories":[7250,1,7],"tags":[7305,158,7307,7304,16,7306,688,6867,4354,372,18],"class_list":["post-13579","post","type-post","status-publish","format-standard","has-post-thumbnail","hentry","category-destaque-lista","category-geral","category-infratransporte","tag-cdr","tag-ferrograo","tag-lei-13-452-2017","tag-maryane-da-silva-figueiredo-araujo","tag-ministerio-dos-transportes","tag-mp-758-2016","tag-para","tag-parque-nacional-do-jamanxim","tag-senado-federal","tag-stf","tag-tcu"],"yoast_head":"<!-- This site is optimized with the Yoast SEO Premium plugin v25.4 (Yoast SEO v26.0) - https:\/\/yoast.com\/wordpress\/plugins\/seo\/ -->\n<title>Minist\u00e9rio dos Transportes criar\u00e1 GT para tratar quest\u00f5es ambientais da Ferrogr\u00e3o com ind\u00edgenas - Ag\u00eancia iNFRA<\/title>\n<meta name=\"robots\" content=\"index, follow, max-snippet:-1, max-image-preview:large, max-video-preview:-1\" \/>\n<link rel=\"canonical\" href=\"https:\/\/agenciainfra.com\/blog\/ministerio-dos-transportes-criara-gt-para-tratar-questoes-ambientais-da-ferrograo-com-indigenas\/\" \/>\n<meta property=\"og:locale\" content=\"pt_BR\" \/>\n<meta property=\"og:type\" content=\"article\" \/>\n<meta property=\"og:title\" content=\"Minist\u00e9rio dos Transportes criar\u00e1 GT para tratar quest\u00f5es ambientais da Ferrogr\u00e3o com ind\u00edgenas\" \/>\n<meta property=\"og:description\" content=\"Jenifer Ribeiro,&nbsp;da&nbsp;Ag\u00eancia iNFRA O&nbsp;Minist\u00e9rio&nbsp;dos&nbsp;Transportes&nbsp;criar\u00e1&nbsp;um&nbsp;GT&nbsp;(Grupo de Trabalho)&nbsp;para&nbsp;tratamento e oitiva das comunidades&nbsp;ind\u00edgenas&nbsp;com o intuito de debater as demandas socioambientais dessas popula\u00e7\u00f5es que podem ser afetadas com a constru\u00e7\u00e3o&nbsp;da&nbsp;Ferrogr\u00e3o. A afirma\u00e7\u00e3o foi feita pela diretora do Departamento de Obras e Projetos&nbsp;da&nbsp;Secretaria Nacional de Transporte Ferrovi\u00e1rio&nbsp;da&nbsp;pasta, Maryane&nbsp;da&nbsp;Silva Figueiredo Ara\u00fajo, na \u00faltima quarta-feira (30), durante audi\u00eancia p\u00fablica&nbsp;para&nbsp;tratar&nbsp;da&nbsp;ferrovia, na CDR (Comiss\u00e3o [&hellip;]\" \/>\n<meta property=\"og:url\" content=\"https:\/\/agenciainfra.com\/blog\/ministerio-dos-transportes-criara-gt-para-tratar-questoes-ambientais-da-ferrograo-com-indigenas\/\" \/>\n<meta property=\"og:site_name\" content=\"Ag\u00eancia iNFRA\" \/>\n<meta property=\"article:publisher\" content=\"https:\/\/www.facebook.com\/ageninfra\" \/>\n<meta property=\"article:published_time\" content=\"2023-09-03T12:00:00+00:00\" \/>\n<meta property=\"article:modified_time\" content=\"2026-03-13T12:46:14+00:00\" \/>\n<meta property=\"og:image\" content=\"https:\/\/agenciainfra.com\/blog\/wp-content\/uploads\/2023\/09\/indios-para-foto-governo-federal.jpeg\" \/>\n\t<meta property=\"og:image:width\" content=\"1202\" \/>\n\t<meta property=\"og:image:height\" content=\"800\" \/>\n\t<meta property=\"og:image:type\" content=\"image\/jpeg\" \/>\n<meta name=\"author\" content=\"Ag\u00eancia iNFRA\" \/>\n<meta name=\"twitter:card\" content=\"summary_large_image\" \/>\n<meta name=\"twitter:creator\" content=\"@agencia_infra\" \/>\n<meta name=\"twitter:site\" content=\"@agencia_infra\" \/>\n<meta name=\"twitter:label1\" content=\"Escrito por\" \/>\n\t<meta name=\"twitter:data1\" content=\"Ag\u00eancia iNFRA\" \/>\n\t<meta name=\"twitter:label2\" content=\"Est. tempo de leitura\" \/>\n\t<meta name=\"twitter:data2\" content=\"4 minutos\" \/>\n<script type=\"application\/ld+json\" class=\"yoast-schema-graph\">{\"@context\":\"https:\/\/schema.org\",\"@graph\":[{\"@type\":\"Article\",\"@id\":\"https:\/\/agenciainfra.com\/blog\/ministerio-dos-transportes-criara-gt-para-tratar-questoes-ambientais-da-ferrograo-com-indigenas\/#article\",\"isPartOf\":{\"@id\":\"https:\/\/agenciainfra.com\/blog\/ministerio-dos-transportes-criara-gt-para-tratar-questoes-ambientais-da-ferrograo-com-indigenas\/\"},\"author\":{\"name\":\"Ag\u00eancia iNFRA\",\"@id\":\"https:\/\/agenciainfra.com\/blog\/#\/schema\/person\/34af08dff6adea4cb22b06612ba7acfa\"},\"headline\":\"Minist\u00e9rio dos Transportes criar\u00e1 GT para tratar quest\u00f5es ambientais da Ferrogr\u00e3o com ind\u00edgenas\",\"datePublished\":\"2023-09-03T12:00:00+00:00\",\"dateModified\":\"2026-03-13T12:46:14+00:00\",\"mainEntityOfPage\":{\"@id\":\"https:\/\/agenciainfra.com\/blog\/ministerio-dos-transportes-criara-gt-para-tratar-questoes-ambientais-da-ferrograo-com-indigenas\/\"},\"wordCount\":813,\"publisher\":{\"@id\":\"https:\/\/agenciainfra.com\/blog\/#organization\"},\"image\":{\"@id\":\"https:\/\/agenciainfra.com\/blog\/ministerio-dos-transportes-criara-gt-para-tratar-questoes-ambientais-da-ferrograo-com-indigenas\/#primaryimage\"},\"thumbnailUrl\":\"https:\/\/agenciainfra.com\/blog\/wp-content\/uploads\/2023\/09\/indios-para-foto-governo-federal.jpeg\",\"keywords\":[\"CDR\",\"Ferrogr\u00e3o\",\"Lei 13.452\/2017\",\"Maryane\u00a0da\u00a0Silva Figueiredo Ara\u00fajo\",\"minist\u00e9rio dos transportes\",\"MP 758\/2016\",\"Par\u00e1\",\"Parque Nacional do Jamanxim\",\"Senado Federal\",\"STF\",\"TCU\"],\"articleSection\":[\"Destaque lista\",\"Geral\",\"iNFRATransporte\"],\"inLanguage\":\"pt-BR\",\"copyrightYear\":\"2023\",\"copyrightHolder\":{\"@id\":\"https:\/\/agenciainfra.com\/blog\/#organization\"}},{\"@type\":\"WebPage\",\"@id\":\"https:\/\/agenciainfra.com\/blog\/ministerio-dos-transportes-criara-gt-para-tratar-questoes-ambientais-da-ferrograo-com-indigenas\/\",\"url\":\"https:\/\/agenciainfra.com\/blog\/ministerio-dos-transportes-criara-gt-para-tratar-questoes-ambientais-da-ferrograo-com-indigenas\/\",\"name\":\"Minist\u00e9rio dos Transportes criar\u00e1 GT para tratar quest\u00f5es ambientais da Ferrogr\u00e3o com ind\u00edgenas - Ag\u00eancia iNFRA\",\"isPartOf\":{\"@id\":\"https:\/\/agenciainfra.com\/blog\/#website\"},\"primaryImageOfPage\":{\"@id\":\"https:\/\/agenciainfra.com\/blog\/ministerio-dos-transportes-criara-gt-para-tratar-questoes-ambientais-da-ferrograo-com-indigenas\/#primaryimage\"},\"image\":{\"@id\":\"https:\/\/agenciainfra.com\/blog\/ministerio-dos-transportes-criara-gt-para-tratar-questoes-ambientais-da-ferrograo-com-indigenas\/#primaryimage\"},\"thumbnailUrl\":\"https:\/\/agenciainfra.com\/blog\/wp-content\/uploads\/2023\/09\/indios-para-foto-governo-federal.jpeg\",\"datePublished\":\"2023-09-03T12:00:00+00:00\",\"dateModified\":\"2026-03-13T12:46:14+00:00\",\"breadcrumb\":{\"@id\":\"https:\/\/agenciainfra.com\/blog\/ministerio-dos-transportes-criara-gt-para-tratar-questoes-ambientais-da-ferrograo-com-indigenas\/#breadcrumb\"},\"inLanguage\":\"pt-BR\",\"potentialAction\":[{\"@type\":\"ReadAction\",\"target\":[\"https:\/\/agenciainfra.com\/blog\/ministerio-dos-transportes-criara-gt-para-tratar-questoes-ambientais-da-ferrograo-com-indigenas\/\"]}]},{\"@type\":\"ImageObject\",\"inLanguage\":\"pt-BR\",\"@id\":\"https:\/\/agenciainfra.com\/blog\/ministerio-dos-transportes-criara-gt-para-tratar-questoes-ambientais-da-ferrograo-com-indigenas\/#primaryimage\",\"url\":\"https:\/\/agenciainfra.com\/blog\/wp-content\/uploads\/2023\/09\/indios-para-foto-governo-federal.jpeg\",\"contentUrl\":\"https:\/\/agenciainfra.com\/blog\/wp-content\/uploads\/2023\/09\/indios-para-foto-governo-federal.jpeg\",\"width\":1202,\"height\":800},{\"@type\":\"BreadcrumbList\",\"@id\":\"https:\/\/agenciainfra.com\/blog\/ministerio-dos-transportes-criara-gt-para-tratar-questoes-ambientais-da-ferrograo-com-indigenas\/#breadcrumb\",\"itemListElement\":[{\"@type\":\"ListItem\",\"position\":1,\"name\":\"In\u00edcio\",\"item\":\"https:\/\/agenciainfra.com\/blog\/\"},{\"@type\":\"ListItem\",\"position\":2,\"name\":\"Minist\u00e9rio dos Transportes criar\u00e1 GT para tratar quest\u00f5es ambientais da Ferrogr\u00e3o com ind\u00edgenas\"}]},{\"@type\":\"WebSite\",\"@id\":\"https:\/\/agenciainfra.com\/blog\/#website\",\"url\":\"https:\/\/agenciainfra.com\/blog\/\",\"name\":\"Ag\u00eancia iNFRA\",\"description\":\"Multiplataforma de informa\u00e7\u00e3o jornal\u00edstica refer\u00eancia na \u00e1rea de infraestrutura no Brasil!\",\"publisher\":{\"@id\":\"https:\/\/agenciainfra.com\/blog\/#organization\"},\"potentialAction\":[{\"@type\":\"SearchAction\",\"target\":{\"@type\":\"EntryPoint\",\"urlTemplate\":\"https:\/\/agenciainfra.com\/blog\/?s={search_term_string}\"},\"query-input\":{\"@type\":\"PropertyValueSpecification\",\"valueRequired\":true,\"valueName\":\"search_term_string\"}}],\"inLanguage\":\"pt-BR\"},{\"@type\":\"Organization\",\"@id\":\"https:\/\/agenciainfra.com\/blog\/#organization\",\"name\":\"Ag\u00eancia iNFRA\",\"url\":\"https:\/\/agenciainfra.com\/blog\/\",\"logo\":{\"@type\":\"ImageObject\",\"inLanguage\":\"pt-BR\",\"@id\":\"https:\/\/agenciainfra.com\/blog\/#\/schema\/logo\/image\/\",\"url\":\"https:\/\/agenciainfra.com\/blog\/wp-content\/uploads\/2023\/09\/iNFRA_5-e1761735885940.png\",\"contentUrl\":\"https:\/\/agenciainfra.com\/blog\/wp-content\/uploads\/2023\/09\/iNFRA_5-e1761735885940.png\",\"width\":1672,\"height\":454,\"caption\":\"Ag\u00eancia iNFRA\"},\"image\":{\"@id\":\"https:\/\/agenciainfra.com\/blog\/#\/schema\/logo\/image\/\"},\"sameAs\":[\"https:\/\/www.facebook.com\/ageninfra\",\"https:\/\/x.com\/agencia_infra\",\"https:\/\/www.linkedin.com\/company\/ag\u00eanciainfra\/\",\"https:\/\/www.instagram.com\/agenciainfra\/\"]},{\"@type\":\"Person\",\"@id\":\"https:\/\/agenciainfra.com\/blog\/#\/schema\/person\/34af08dff6adea4cb22b06612ba7acfa\",\"name\":\"Ag\u00eancia iNFRA\",\"image\":{\"@type\":\"ImageObject\",\"inLanguage\":\"pt-BR\",\"@id\":\"https:\/\/agenciainfra.com\/blog\/#\/schema\/person\/image\/\",\"url\":\"https:\/\/secure.gravatar.com\/avatar\/d189e01678f06d8eb84d4e01f08eb848b3fffe3f8443818d3c356c66892f5be8?s=96&d=mm&r=g\",\"contentUrl\":\"https:\/\/secure.gravatar.com\/avatar\/d189e01678f06d8eb84d4e01f08eb848b3fffe3f8443818d3c356c66892f5be8?s=96&d=mm&r=g\",\"caption\":\"Ag\u00eancia iNFRA\"},\"url\":\"https:\/\/agenciainfra.com\/blog\/author\/admin\/\"}]}<\/script>\n<!-- \/ Yoast SEO Premium plugin. -->","yoast_head_json":{"title":"Minist\u00e9rio dos Transportes criar\u00e1 GT para tratar quest\u00f5es ambientais da Ferrogr\u00e3o com ind\u00edgenas - Ag\u00eancia iNFRA","robots":{"index":"index","follow":"follow","max-snippet":"max-snippet:-1","max-image-preview":"max-image-preview:large","max-video-preview":"max-video-preview:-1"},"canonical":"https:\/\/agenciainfra.com\/blog\/ministerio-dos-transportes-criara-gt-para-tratar-questoes-ambientais-da-ferrograo-com-indigenas\/","og_locale":"pt_BR","og_type":"article","og_title":"Minist\u00e9rio dos Transportes criar\u00e1 GT para tratar quest\u00f5es ambientais da Ferrogr\u00e3o com ind\u00edgenas","og_description":"Jenifer Ribeiro,&nbsp;da&nbsp;Ag\u00eancia iNFRA O&nbsp;Minist\u00e9rio&nbsp;dos&nbsp;Transportes&nbsp;criar\u00e1&nbsp;um&nbsp;GT&nbsp;(Grupo de Trabalho)&nbsp;para&nbsp;tratamento e oitiva das comunidades&nbsp;ind\u00edgenas&nbsp;com o intuito de debater as demandas socioambientais dessas popula\u00e7\u00f5es que podem ser afetadas com a constru\u00e7\u00e3o&nbsp;da&nbsp;Ferrogr\u00e3o. A afirma\u00e7\u00e3o foi feita pela diretora do Departamento de Obras e Projetos&nbsp;da&nbsp;Secretaria Nacional de Transporte Ferrovi\u00e1rio&nbsp;da&nbsp;pasta, Maryane&nbsp;da&nbsp;Silva Figueiredo Ara\u00fajo, na \u00faltima quarta-feira (30), durante audi\u00eancia p\u00fablica&nbsp;para&nbsp;tratar&nbsp;da&nbsp;ferrovia, na CDR (Comiss\u00e3o [&hellip;]","og_url":"https:\/\/agenciainfra.com\/blog\/ministerio-dos-transportes-criara-gt-para-tratar-questoes-ambientais-da-ferrograo-com-indigenas\/","og_site_name":"Ag\u00eancia iNFRA","article_publisher":"https:\/\/www.facebook.com\/ageninfra","article_published_time":"2023-09-03T12:00:00+00:00","article_modified_time":"2026-03-13T12:46:14+00:00","og_image":[{"width":1202,"height":800,"url":"https:\/\/agenciainfra.com\/blog\/wp-content\/uploads\/2023\/09\/indios-para-foto-governo-federal.jpeg","type":"image\/jpeg"}],"author":"Ag\u00eancia iNFRA","twitter_card":"summary_large_image","twitter_creator":"@agencia_infra","twitter_site":"@agencia_infra","twitter_misc":{"Escrito por":"Ag\u00eancia iNFRA","Est. tempo de leitura":"4 minutos"},"schema":{"@context":"https:\/\/schema.org","@graph":[{"@type":"Article","@id":"https:\/\/agenciainfra.com\/blog\/ministerio-dos-transportes-criara-gt-para-tratar-questoes-ambientais-da-ferrograo-com-indigenas\/#article","isPartOf":{"@id":"https:\/\/agenciainfra.com\/blog\/ministerio-dos-transportes-criara-gt-para-tratar-questoes-ambientais-da-ferrograo-com-indigenas\/"},"author":{"name":"Ag\u00eancia iNFRA","@id":"https:\/\/agenciainfra.com\/blog\/#\/schema\/person\/34af08dff6adea4cb22b06612ba7acfa"},"headline":"Minist\u00e9rio dos Transportes criar\u00e1 GT para tratar quest\u00f5es ambientais da Ferrogr\u00e3o com ind\u00edgenas","datePublished":"2023-09-03T12:00:00+00:00","dateModified":"2026-03-13T12:46:14+00:00","mainEntityOfPage":{"@id":"https:\/\/agenciainfra.com\/blog\/ministerio-dos-transportes-criara-gt-para-tratar-questoes-ambientais-da-ferrograo-com-indigenas\/"},"wordCount":813,"publisher":{"@id":"https:\/\/agenciainfra.com\/blog\/#organization"},"image":{"@id":"https:\/\/agenciainfra.com\/blog\/ministerio-dos-transportes-criara-gt-para-tratar-questoes-ambientais-da-ferrograo-com-indigenas\/#primaryimage"},"thumbnailUrl":"https:\/\/agenciainfra.com\/blog\/wp-content\/uploads\/2023\/09\/indios-para-foto-governo-federal.jpeg","keywords":["CDR","Ferrogr\u00e3o","Lei 13.452\/2017","Maryane\u00a0da\u00a0Silva Figueiredo Ara\u00fajo","minist\u00e9rio dos transportes","MP 758\/2016","Par\u00e1","Parque Nacional do Jamanxim","Senado Federal","STF","TCU"],"articleSection":["Destaque lista","Geral","iNFRATransporte"],"inLanguage":"pt-BR","copyrightYear":"2023","copyrightHolder":{"@id":"https:\/\/agenciainfra.com\/blog\/#organization"}},{"@type":"WebPage","@id":"https:\/\/agenciainfra.com\/blog\/ministerio-dos-transportes-criara-gt-para-tratar-questoes-ambientais-da-ferrograo-com-indigenas\/","url":"https:\/\/agenciainfra.com\/blog\/ministerio-dos-transportes-criara-gt-para-tratar-questoes-ambientais-da-ferrograo-com-indigenas\/","name":"Minist\u00e9rio dos Transportes criar\u00e1 GT para tratar quest\u00f5es ambientais da Ferrogr\u00e3o com ind\u00edgenas - Ag\u00eancia iNFRA","isPartOf":{"@id":"https:\/\/agenciainfra.com\/blog\/#website"},"primaryImageOfPage":{"@id":"https:\/\/agenciainfra.com\/blog\/ministerio-dos-transportes-criara-gt-para-tratar-questoes-ambientais-da-ferrograo-com-indigenas\/#primaryimage"},"image":{"@id":"https:\/\/agenciainfra.com\/blog\/ministerio-dos-transportes-criara-gt-para-tratar-questoes-ambientais-da-ferrograo-com-indigenas\/#primaryimage"},"thumbnailUrl":"https:\/\/agenciainfra.com\/blog\/wp-content\/uploads\/2023\/09\/indios-para-foto-governo-federal.jpeg","datePublished":"2023-09-03T12:00:00+00:00","dateModified":"2026-03-13T12:46:14+00:00","breadcrumb":{"@id":"https:\/\/agenciainfra.com\/blog\/ministerio-dos-transportes-criara-gt-para-tratar-questoes-ambientais-da-ferrograo-com-indigenas\/#breadcrumb"},"inLanguage":"pt-BR","potentialAction":[{"@type":"ReadAction","target":["https:\/\/agenciainfra.com\/blog\/ministerio-dos-transportes-criara-gt-para-tratar-questoes-ambientais-da-ferrograo-com-indigenas\/"]}]},{"@type":"ImageObject","inLanguage":"pt-BR","@id":"https:\/\/agenciainfra.com\/blog\/ministerio-dos-transportes-criara-gt-para-tratar-questoes-ambientais-da-ferrograo-com-indigenas\/#primaryimage","url":"https:\/\/agenciainfra.com\/blog\/wp-content\/uploads\/2023\/09\/indios-para-foto-governo-federal.jpeg","contentUrl":"https:\/\/agenciainfra.com\/blog\/wp-content\/uploads\/2023\/09\/indios-para-foto-governo-federal.jpeg","width":1202,"height":800},{"@type":"BreadcrumbList","@id":"https:\/\/agenciainfra.com\/blog\/ministerio-dos-transportes-criara-gt-para-tratar-questoes-ambientais-da-ferrograo-com-indigenas\/#breadcrumb","itemListElement":[{"@type":"ListItem","position":1,"name":"In\u00edcio","item":"https:\/\/agenciainfra.com\/blog\/"},{"@type":"ListItem","position":2,"name":"Minist\u00e9rio dos Transportes criar\u00e1 GT para tratar quest\u00f5es ambientais da Ferrogr\u00e3o com ind\u00edgenas"}]},{"@type":"WebSite","@id":"https:\/\/agenciainfra.com\/blog\/#website","url":"https:\/\/agenciainfra.com\/blog\/","name":"Ag\u00eancia iNFRA","description":"Multiplataforma de informa\u00e7\u00e3o jornal\u00edstica refer\u00eancia na \u00e1rea de infraestrutura no Brasil!","publisher":{"@id":"https:\/\/agenciainfra.com\/blog\/#organization"},"potentialAction":[{"@type":"SearchAction","target":{"@type":"EntryPoint","urlTemplate":"https:\/\/agenciainfra.com\/blog\/?s={search_term_string}"},"query-input":{"@type":"PropertyValueSpecification","valueRequired":true,"valueName":"search_term_string"}}],"inLanguage":"pt-BR"},{"@type":"Organization","@id":"https:\/\/agenciainfra.com\/blog\/#organization","name":"Ag\u00eancia iNFRA","url":"https:\/\/agenciainfra.com\/blog\/","logo":{"@type":"ImageObject","inLanguage":"pt-BR","@id":"https:\/\/agenciainfra.com\/blog\/#\/schema\/logo\/image\/","url":"https:\/\/agenciainfra.com\/blog\/wp-content\/uploads\/2023\/09\/iNFRA_5-e1761735885940.png","contentUrl":"https:\/\/agenciainfra.com\/blog\/wp-content\/uploads\/2023\/09\/iNFRA_5-e1761735885940.png","width":1672,"height":454,"caption":"Ag\u00eancia iNFRA"},"image":{"@id":"https:\/\/agenciainfra.com\/blog\/#\/schema\/logo\/image\/"},"sameAs":["https:\/\/www.facebook.com\/ageninfra","https:\/\/x.com\/agencia_infra","https:\/\/www.linkedin.com\/company\/ag\u00eanciainfra\/","https:\/\/www.instagram.com\/agenciainfra\/"]},{"@type":"Person","@id":"https:\/\/agenciainfra.com\/blog\/#\/schema\/person\/34af08dff6adea4cb22b06612ba7acfa","name":"Ag\u00eancia iNFRA","image":{"@type":"ImageObject","inLanguage":"pt-BR","@id":"https:\/\/agenciainfra.com\/blog\/#\/schema\/person\/image\/","url":"https:\/\/secure.gravatar.com\/avatar\/d189e01678f06d8eb84d4e01f08eb848b3fffe3f8443818d3c356c66892f5be8?s=96&d=mm&r=g","contentUrl":"https:\/\/secure.gravatar.com\/avatar\/d189e01678f06d8eb84d4e01f08eb848b3fffe3f8443818d3c356c66892f5be8?s=96&d=mm&r=g","caption":"Ag\u00eancia iNFRA"},"url":"https:\/\/agenciainfra.com\/blog\/author\/admin\/"}]}},"_links":{"self":[{"href":"https:\/\/agenciainfra.com\/blog\/wp-json\/wp\/v2\/posts\/13579","targetHints":{"allow":["GET"]}}],"collection":[{"href":"https:\/\/agenciainfra.com\/blog\/wp-json\/wp\/v2\/posts"}],"about":[{"href":"https:\/\/agenciainfra.com\/blog\/wp-json\/wp\/v2\/types\/post"}],"author":[{"embeddable":true,"href":"https:\/\/agenciainfra.com\/blog\/wp-json\/wp\/v2\/users\/1"}],"replies":[{"embeddable":true,"href":"https:\/\/agenciainfra.com\/blog\/wp-json\/wp\/v2\/comments?post=13579"}],"version-history":[{"count":1,"href":"https:\/\/agenciainfra.com\/blog\/wp-json\/wp\/v2\/posts\/13579\/revisions"}],"predecessor-version":[{"id":37837,"href":"https:\/\/agenciainfra.com\/blog\/wp-json\/wp\/v2\/posts\/13579\/revisions\/37837"}],"wp:featuredmedia":[{"embeddable":true,"href":"https:\/\/agenciainfra.com\/blog\/wp-json\/wp\/v2\/media\/13580"}],"wp:attachment":[{"href":"https:\/\/agenciainfra.com\/blog\/wp-json\/wp\/v2\/media?parent=13579"}],"wp:term":[{"taxonomy":"category","embeddable":true,"href":"https:\/\/agenciainfra.com\/blog\/wp-json\/wp\/v2\/categories?post=13579"},{"taxonomy":"post_tag","embeddable":true,"href":"https:\/\/agenciainfra.com\/blog\/wp-json\/wp\/v2\/tags?post=13579"}],"curies":[{"name":"wp","href":"https:\/\/api.w.org\/{rel}","templated":true}]}}