{"id":13784,"date":"2023-09-05T11:00:00","date_gmt":"2023-09-05T14:00:00","guid":{"rendered":"https:\/\/www.agenciainfra.com\/blog\/?p=13784"},"modified":"2026-03-13T09:46:12","modified_gmt":"2026-03-13T12:46:12","slug":"infradebate-o-que-ha-de-critico-nos-minerais-da-transicao-energetica","status":"publish","type":"post","link":"https:\/\/agenciainfra.com\/blog\/infradebate-o-que-ha-de-critico-nos-minerais-da-transicao-energetica\/","title":{"rendered":"iNFRADebate: O que h\u00e1 de cr\u00edtico nos minerais da transi\u00e7\u00e3o energ\u00e9tica?"},"content":{"rendered":"\n<p class=\"has-text-align-right\"><strong>*Adriano Drummond C. Trindade<\/strong><\/p>\n\n\n\n<p>Ao se falar em transi\u00e7\u00e3o energ\u00e9tica, imediatamente v\u00eam \u00e0 mente imagens como turbinas e\u00f3licas, placas fotovoltaicas, baterias e ve\u00edculos el\u00e9tricos. O uso dessas fontes energ\u00e9ticas, diminuindo a depend\u00eancia de fontes que emitem maiores quantidades de carbono, tem muito a contribuir para a meta de se reduzir o aumento da temperatura global, como previsto no Acordo de Paris. Mas talvez n\u00e3o seja t\u00e3o intuitivo assim imaginar os est\u00e1gios anteriores da cadeia produtiva que envolvem as tecnologias respons\u00e1veis por menos emiss\u00f5es. Quais s\u00e3o as mat\u00e9rias-primas para esses equipamentos que possibilitar\u00e3o a pretendida transi\u00e7\u00e3o energ\u00e9tica? Qual compara\u00e7\u00e3o pode ser feita com as tecnologias usadas atualmente? Essa virada tecnol\u00f3gica implicar\u00e1 tamb\u00e9m mudan\u00e7as na cadeia produtiva?<\/p>\n\n\n\n<p>Na base da transi\u00e7\u00e3o energ\u00e9tica est\u00e3o os minerais. E se a transi\u00e7\u00e3o energ\u00e9tica pode representar grandes mudan\u00e7as tecnol\u00f3gicas e ganhos ambientais, o mesmo pode ser dito quanto ao que envolve suas mat\u00e9rias-primas. As novas tecnologias ser\u00e3o respons\u00e1veis por altera\u00e7\u00f5es significativas na demanda por minerais, a ponto de muitos terem sido incorporados \u00e0s listas desenvolvidas por v\u00e1rios pa\u00edses industrializados com minerais ditos cr\u00edticos, ou <em>critical minerals<\/em>. N\u00e3o \u00e9 dif\u00edcil entender por qu\u00ea.<\/p>\n\n\n\n<p>Um estudo da IEA (International Energy Agency) indica que um ve\u00edculo el\u00e9trico necessita de 2,4 vezes mais cobre e 2,2 vezes mais mangan\u00eas do que um ve\u00edculo tradicional. Al\u00e9m disso, cada ve\u00edculo el\u00e9trico emprega cerca de 9kg de l\u00edtio, 40kg de n\u00edquel, 13kg de cobalto e 66kg de grafita, minerais esses que n\u00e3o t\u00eam participa\u00e7\u00e3o relevante em ve\u00edculos convencionais. J\u00e1 no campo da gera\u00e7\u00e3o de energia, plantas de gera\u00e7\u00e3o a partir do g\u00e1s natural ou do carv\u00e3o necessitam de cerca de 1.100kg de cobre para a gera\u00e7\u00e3o de um megawatt. Nas e\u00f3licas onshore e nas plantas de energia solar, a quantidade necess\u00e1ria de cobre por megawatt \u00e9 2,3 vezes maior. J\u00e1 nas e\u00f3licas offshore, ser\u00e1 necess\u00e1rio quase sete vezes mais cobre. Ainda em compara\u00e7\u00e3o com as fontes tradicionais, as e\u00f3licas tamb\u00e9m demandam muito mais mangan\u00eas, cromo, zinco e, no caso das offshore, terras raras.<\/p>\n\n\n\n<p>Como seria de se esperar, essas mudan\u00e7as na matriz energ\u00e9tica j\u00e1 s\u00e3o percept\u00edveis no setor mineral, a ponto de alterar a demanda de certos minerais nos \u00faltimos anos. Ainda de acordo com a IEA, entre 2017 e 2022, as demandas por cobalto e n\u00edquel aumentaram, respectivamente, 70% e 40%. Proje\u00e7\u00f5es apontam que, devido aos avan\u00e7os da transi\u00e7\u00e3o energ\u00e9tica, at\u00e9 2040, a demanda por mangan\u00eas pode aumentar entre tr\u00eas e oito vezes em rela\u00e7\u00e3o aos n\u00edveis de 2020. A demanda por cobalto e por n\u00edquel nesse per\u00edodo pode aumentar entre seis e cerca de 19 vezes. A grafita poder\u00e1 experimentar um aumento de demanda entre oito e 25 vezes. J\u00e1 a demanda por l\u00edtio pode aumentar entre 13 e impressionantes 42 vezes, em rela\u00e7\u00e3o a 2020.<\/p>\n\n\n\n<p>A pergunta seguinte \u00e9: de onde vir\u00e3o tantos minerais para viabilizar a transi\u00e7\u00e3o energ\u00e9tica? As minas que hoje produzem n\u00e3o t\u00eam capacidade para atender a esse aumento t\u00e3o significativo de demanda. Para piorar, novas jazidas levam entre 12 e 18 anos, em m\u00e9dia, para serem colocadas em produ\u00e7\u00e3o, considerando todo o per\u00edodo necess\u00e1rio para a pesquisa mineral, desenvolvimento e constru\u00e7\u00e3o. Ainda que haja muitos projetos de minerais cr\u00edticos em desenvolvimento e mais investimentos em pesquisa para esses minerais, a conclus\u00e3o inevit\u00e1vel \u00e9 a de que a oferta insuficiente de minerais pode afetar a transi\u00e7\u00e3o energ\u00e9tica ou mesmo atras\u00e1-la.<\/p>\n\n\n\n<p>\u00c9 neste ponto que a seguran\u00e7a energ\u00e9tica envolve a seguran\u00e7a mineral. O que torna um mineral cr\u00edtico \u00e9 a sua relev\u00e2ncia para o desenvolvimento tecnol\u00f3gico e energ\u00e9tico, conjugada a incertezas quanto ao seu acesso, disponibilidade ou cadeia de suprimento. Esse conceito leva em conta aspectos geol\u00f3gicos, econ\u00f4micos e geopol\u00edticos, de maneira que a categoria de minerais cr\u00edticos pode variar de pa\u00eds para pa\u00eds. Ainda assim, h\u00e1 grande recorr\u00eancia de algumas subst\u00e2ncias, notadamente os minerais da transi\u00e7\u00e3o energ\u00e9tica.<\/p>\n\n\n\n<p>V\u00e1rios pa\u00edses ou blocos desenvolveram suas listas de minerais cr\u00edticos, como os Estados Unidos, Canad\u00e1, Reino Unido, Jap\u00e3o, Uni\u00e3o Europeia, China e Austr\u00e1lia. As listas s\u00e3o din\u00e2micas e costumam ser revistas com alguma periodicidade, a fim de considerar as mudan\u00e7as econ\u00f4micas e geopol\u00edticas que podem levar \u00e0 inclus\u00e3o de novos minerais, como foi o caso da inclus\u00e3o do cobre na lista dos Estados Unidos no in\u00edcio de agosto de 2023.<\/p>\n\n\n\n<p>Esses pa\u00edses lan\u00e7am m\u00e3o de pol\u00edticas para o desenvolvimento de projetos para a pesquisa e o processamento de minerais cr\u00edticos, justamente com o prop\u00f3sito de reduzir vulnerabilidades quanto ao acesso e suprimento desses minerais. As pol\u00edticas, a depender de cada pa\u00eds, podem envolver o acesso a linhas de cr\u00e9dito dedicadas a minerais cr\u00edticos, incentivos fiscais, mecanismos de promo\u00e7\u00e3o \u00e0 inova\u00e7\u00e3o, est\u00edmulos a investimentos, acordos de com\u00e9rcio, prefer\u00eancia para o licenciamento, para mencionar algumas das iniciativas.<\/p>\n\n\n\n<p>No setor privado, empresas t\u00eam se valido dessas pol\u00edticas para direcionar seus investimentos. Al\u00e9m disso, alguns setores v\u00eam adotando novas estrat\u00e9gias para reduzir sua exposi\u00e7\u00e3o \u00e0s vulnerabilidades relacionadas aos minerais cr\u00edticos. Exemplo disso s\u00e3o as montadoras de autom\u00f3veis, que passaram a buscar diretamente no setor mineral a garantia de fornecimento de mat\u00e9ria-prima para a fabrica\u00e7\u00e3o de seus ve\u00edculos. Tesla, Volkswagen, General Motors e Stellantis s\u00e3o apenas alguns desses casos.<\/p>\n\n\n\n<p>Nesse cen\u00e1rio complexo, que redesenha o setor mineral, como se insere o Brasil? Nosso pa\u00eds tem reservas significativas de alguns minerais ligados \u00e0 transi\u00e7\u00e3o energ\u00e9tica, como n\u00edquel, mangan\u00eas e bauxita. Tamb\u00e9m tem potencial para incrementos na produ\u00e7\u00e3o de cobre, l\u00edtio e terras raras, entre outros. O que falta ao setor mineral no Brasil \u00e9 um direcionamento \u00e0 luz desse novo cen\u00e1rio envolvendo os minerais da transi\u00e7\u00e3o energ\u00e9tica. A lista brasileira de minerais cr\u00edticos (ditos estrat\u00e9gicos) contempla v\u00e1rios minerais necess\u00e1rios \u00e0s tecnologias de energia limpa, mas a Pol\u00edtica Pr\u00f3-Minerais Estrat\u00e9gicos, lan\u00e7ada em 2021, limita-se a aprimorar a articula\u00e7\u00e3o entre os v\u00e1rios \u00f3rg\u00e3os licenciadores de projetos minerais.<\/p>\n\n\n\n<p>\u00c9 preciso muito mais. Espera-se que uma pol\u00edtica de Estado, direcionada especificamente aos minerais da transi\u00e7\u00e3o energ\u00e9tica, seja desenvolvida. Essa pol\u00edtica deve abordar iniciativas para o conhecimento geol\u00f3gico e para a pesquisa desses minerais; alternativas para o financiamento de projetos, bem como o processamento, de minerais cr\u00edticos; formas de est\u00edmulo \u00e0 inova\u00e7\u00e3o; mecanismos de licenciamento mais din\u00e2micos, sem que haja perda de qualidade e do n\u00edvel de exig\u00eancia; enfim, direcionamentos para que o Brasil seja um participante ativo na geopol\u00edtica dos minerais cr\u00edticos.<\/p>\n\n\n\n<p>T\u00e3o importante quanto uma pol\u00edtica setorial \u00e9 o fortalecimento institucional. A ANM (Ag\u00eancia Nacional de Minera\u00e7\u00e3o) atravessa grave crise, com baixo quadro de servidores frente \u00e0s elevadas demandas do setor e or\u00e7amento significativamente contingenciado. Enquanto v\u00e1rios pa\u00edses desenvolvem a\u00e7\u00f5es espec\u00edficas para o fortalecimento da pesquisa e processamento de minerais cr\u00edticos e sua cadeia produtiva, no Brasil, n\u00e3o existe uma pol\u00edtica espec\u00edfica, nem o fortalecimento institucional que seria de se esperar em um momento t\u00e3o decisivo.<\/p>\n\n\n\n<p>O mundo vem se transformando com grande rapidez e intensidade desde o Acordo de Paris e, com ele, muda a minera\u00e7\u00e3o. Na transi\u00e7\u00e3o energ\u00e9tica, o que h\u00e1 de cr\u00edtico \u00e9 o nosso pa\u00eds n\u00e3o se valer de seu patrim\u00f4nio mineral.<\/p>\n\n\n\n<h6 class=\"wp-block-heading\" id=\"block-aa9ff8cf-f9c2-435f-85ff-56a599c37bc9\"><strong><strong>*Adriano Drummond C. Trindade \u00e9 s\u00f3cio do escrit\u00f3rio Mattos Filho.<\/strong><\/strong><\/h6>\n\n\n\n<h6 class=\"wp-block-heading\" id=\"block-aa9ff8cf-f9c2-435f-85ff-56a599c37bc9\">O iNFRADebate \u00e9 o espa\u00e7o de artigos da Ag\u00eancia iNFRA com opini\u00f5es de seus atores que n\u00e3o refletem necessariamente o pensamento da Ag\u00eancia iNFRA, sendo de total responsabilidade do autor as informa\u00e7\u00f5es, ju\u00edzos de valor e conceitos descritos no texto.<\/h6>\n","protected":false},"excerpt":{"rendered":"<p>*Adriano Drummond C. Trindade Ao se falar em transi\u00e7\u00e3o energ\u00e9tica, imediatamente v\u00eam \u00e0 mente imagens como turbinas e\u00f3licas, placas fotovoltaicas, baterias e ve\u00edculos el\u00e9tricos. O uso dessas fontes energ\u00e9ticas, diminuindo a depend\u00eancia de fontes que emitem maiores quantidades de carbono, tem muito a contribuir para a meta de se reduzir o aumento da temperatura global, [&hellip;]<\/p>\n","protected":false},"author":1,"featured_media":13785,"comment_status":"closed","ping_status":"closed","sticky":false,"template":"","format":"standard","meta":{"_monsterinsights_skip_tracking":false,"_monsterinsights_sitenote_active":false,"_monsterinsights_sitenote_note":"","_monsterinsights_sitenote_category":0,"footnotes":""},"categories":[7248,7250,1,11],"tags":[3424,7313,340,7315,3361,7314,849,7200,7316,7317,2006],"class_list":["post-13784","post","type-post","status-publish","format-standard","has-post-thumbnail","hentry","category-cabecalho","category-destaque-lista","category-geral","category-infradebate","tag-acordo-de-paris","tag-adriano-drummond-c-trindade","tag-anm","tag-critical-minerals","tag-descarbonizacao","tag-escritorio-mattos-filho","tag-meio-ambiente","tag-minerios","tag-seguranca-mineral","tag-setor-automobilistico","tag-transicao-energetica"],"yoast_head":"<!-- This site is optimized with the Yoast SEO Premium plugin v25.4 (Yoast SEO v26.0) - https:\/\/yoast.com\/wordpress\/plugins\/seo\/ -->\n<title>iNFRADebate: O que h\u00e1 de cr\u00edtico nos minerais da transi\u00e7\u00e3o energ\u00e9tica? - Ag\u00eancia iNFRA<\/title>\n<meta name=\"robots\" content=\"index, follow, max-snippet:-1, max-image-preview:large, max-video-preview:-1\" \/>\n<link rel=\"canonical\" href=\"https:\/\/agenciainfra.com\/blog\/infradebate-o-que-ha-de-critico-nos-minerais-da-transicao-energetica\/\" \/>\n<meta property=\"og:locale\" content=\"pt_BR\" \/>\n<meta property=\"og:type\" content=\"article\" \/>\n<meta property=\"og:title\" content=\"iNFRADebate: O que h\u00e1 de cr\u00edtico nos minerais da transi\u00e7\u00e3o energ\u00e9tica?\" \/>\n<meta property=\"og:description\" content=\"*Adriano Drummond C. Trindade Ao se falar em transi\u00e7\u00e3o energ\u00e9tica, imediatamente v\u00eam \u00e0 mente imagens como turbinas e\u00f3licas, placas fotovoltaicas, baterias e ve\u00edculos el\u00e9tricos. O uso dessas fontes energ\u00e9ticas, diminuindo a depend\u00eancia de fontes que emitem maiores quantidades de carbono, tem muito a contribuir para a meta de se reduzir o aumento da temperatura global, [&hellip;]\" \/>\n<meta property=\"og:url\" content=\"https:\/\/agenciainfra.com\/blog\/infradebate-o-que-ha-de-critico-nos-minerais-da-transicao-energetica\/\" \/>\n<meta property=\"og:site_name\" content=\"Ag\u00eancia iNFRA\" \/>\n<meta property=\"article:publisher\" content=\"https:\/\/www.facebook.com\/ageninfra\" \/>\n<meta property=\"article:published_time\" content=\"2023-09-05T14:00:00+00:00\" \/>\n<meta property=\"article:modified_time\" content=\"2026-03-13T12:46:12+00:00\" \/>\n<meta property=\"og:image\" content=\"https:\/\/agenciainfra.com\/blog\/wp-content\/uploads\/2023\/09\/adriano-drummond-c-trindade-foto-acervo-pessoal.jpg\" \/>\n\t<meta property=\"og:image:width\" content=\"1202\" \/>\n\t<meta property=\"og:image:height\" content=\"791\" \/>\n\t<meta property=\"og:image:type\" content=\"image\/jpeg\" \/>\n<meta name=\"author\" content=\"Ag\u00eancia iNFRA\" \/>\n<meta name=\"twitter:card\" content=\"summary_large_image\" \/>\n<meta name=\"twitter:creator\" content=\"@agencia_infra\" \/>\n<meta name=\"twitter:site\" content=\"@agencia_infra\" \/>\n<meta name=\"twitter:label1\" content=\"Escrito por\" \/>\n\t<meta name=\"twitter:data1\" content=\"Ag\u00eancia iNFRA\" \/>\n\t<meta name=\"twitter:label2\" content=\"Est. tempo de leitura\" \/>\n\t<meta name=\"twitter:data2\" content=\"7 minutos\" \/>\n<script type=\"application\/ld+json\" class=\"yoast-schema-graph\">{\"@context\":\"https:\/\/schema.org\",\"@graph\":[{\"@type\":\"Article\",\"@id\":\"https:\/\/agenciainfra.com\/blog\/infradebate-o-que-ha-de-critico-nos-minerais-da-transicao-energetica\/#article\",\"isPartOf\":{\"@id\":\"https:\/\/agenciainfra.com\/blog\/infradebate-o-que-ha-de-critico-nos-minerais-da-transicao-energetica\/\"},\"author\":{\"name\":\"Ag\u00eancia iNFRA\",\"@id\":\"https:\/\/agenciainfra.com\/blog\/#\/schema\/person\/34af08dff6adea4cb22b06612ba7acfa\"},\"headline\":\"iNFRADebate: O que h\u00e1 de cr\u00edtico nos minerais da transi\u00e7\u00e3o energ\u00e9tica?\",\"datePublished\":\"2023-09-05T14:00:00+00:00\",\"dateModified\":\"2026-03-13T12:46:12+00:00\",\"mainEntityOfPage\":{\"@id\":\"https:\/\/agenciainfra.com\/blog\/infradebate-o-que-ha-de-critico-nos-minerais-da-transicao-energetica\/\"},\"wordCount\":1398,\"publisher\":{\"@id\":\"https:\/\/agenciainfra.com\/blog\/#organization\"},\"image\":{\"@id\":\"https:\/\/agenciainfra.com\/blog\/infradebate-o-que-ha-de-critico-nos-minerais-da-transicao-energetica\/#primaryimage\"},\"thumbnailUrl\":\"https:\/\/agenciainfra.com\/blog\/wp-content\/uploads\/2023\/09\/adriano-drummond-c-trindade-foto-acervo-pessoal.jpg\",\"keywords\":[\"Acordo de Paris\",\"Adriano Drummond C. Trindade\",\"ANM\",\"critical minerals\",\"Descarboniza\u00e7\u00e3o\",\"escrit\u00f3rio Mattos Filho\",\"meio ambiente\",\"min\u00e9rios\",\"seguran\u00e7a mineral\",\"setor automobil\u00edstico\",\"transi\u00e7\u00e3o energ\u00e9tica\"],\"articleSection\":[\"Cabe\u00e7alho\",\"Destaque lista\",\"Geral\",\"iNFRADebate\"],\"inLanguage\":\"pt-BR\",\"copyrightYear\":\"2023\",\"copyrightHolder\":{\"@id\":\"https:\/\/agenciainfra.com\/blog\/#organization\"}},{\"@type\":\"WebPage\",\"@id\":\"https:\/\/agenciainfra.com\/blog\/infradebate-o-que-ha-de-critico-nos-minerais-da-transicao-energetica\/\",\"url\":\"https:\/\/agenciainfra.com\/blog\/infradebate-o-que-ha-de-critico-nos-minerais-da-transicao-energetica\/\",\"name\":\"iNFRADebate: O que h\u00e1 de cr\u00edtico nos minerais da transi\u00e7\u00e3o energ\u00e9tica? - Ag\u00eancia iNFRA\",\"isPartOf\":{\"@id\":\"https:\/\/agenciainfra.com\/blog\/#website\"},\"primaryImageOfPage\":{\"@id\":\"https:\/\/agenciainfra.com\/blog\/infradebate-o-que-ha-de-critico-nos-minerais-da-transicao-energetica\/#primaryimage\"},\"image\":{\"@id\":\"https:\/\/agenciainfra.com\/blog\/infradebate-o-que-ha-de-critico-nos-minerais-da-transicao-energetica\/#primaryimage\"},\"thumbnailUrl\":\"https:\/\/agenciainfra.com\/blog\/wp-content\/uploads\/2023\/09\/adriano-drummond-c-trindade-foto-acervo-pessoal.jpg\",\"datePublished\":\"2023-09-05T14:00:00+00:00\",\"dateModified\":\"2026-03-13T12:46:12+00:00\",\"breadcrumb\":{\"@id\":\"https:\/\/agenciainfra.com\/blog\/infradebate-o-que-ha-de-critico-nos-minerais-da-transicao-energetica\/#breadcrumb\"},\"inLanguage\":\"pt-BR\",\"potentialAction\":[{\"@type\":\"ReadAction\",\"target\":[\"https:\/\/agenciainfra.com\/blog\/infradebate-o-que-ha-de-critico-nos-minerais-da-transicao-energetica\/\"]}]},{\"@type\":\"ImageObject\",\"inLanguage\":\"pt-BR\",\"@id\":\"https:\/\/agenciainfra.com\/blog\/infradebate-o-que-ha-de-critico-nos-minerais-da-transicao-energetica\/#primaryimage\",\"url\":\"https:\/\/agenciainfra.com\/blog\/wp-content\/uploads\/2023\/09\/adriano-drummond-c-trindade-foto-acervo-pessoal.jpg\",\"contentUrl\":\"https:\/\/agenciainfra.com\/blog\/wp-content\/uploads\/2023\/09\/adriano-drummond-c-trindade-foto-acervo-pessoal.jpg\",\"width\":1202,\"height\":791},{\"@type\":\"BreadcrumbList\",\"@id\":\"https:\/\/agenciainfra.com\/blog\/infradebate-o-que-ha-de-critico-nos-minerais-da-transicao-energetica\/#breadcrumb\",\"itemListElement\":[{\"@type\":\"ListItem\",\"position\":1,\"name\":\"In\u00edcio\",\"item\":\"https:\/\/agenciainfra.com\/blog\/\"},{\"@type\":\"ListItem\",\"position\":2,\"name\":\"iNFRADebate: O que h\u00e1 de cr\u00edtico nos minerais da transi\u00e7\u00e3o energ\u00e9tica?\"}]},{\"@type\":\"WebSite\",\"@id\":\"https:\/\/agenciainfra.com\/blog\/#website\",\"url\":\"https:\/\/agenciainfra.com\/blog\/\",\"name\":\"Ag\u00eancia iNFRA\",\"description\":\"Multiplataforma de informa\u00e7\u00e3o jornal\u00edstica refer\u00eancia na \u00e1rea de infraestrutura no Brasil!\",\"publisher\":{\"@id\":\"https:\/\/agenciainfra.com\/blog\/#organization\"},\"potentialAction\":[{\"@type\":\"SearchAction\",\"target\":{\"@type\":\"EntryPoint\",\"urlTemplate\":\"https:\/\/agenciainfra.com\/blog\/?s={search_term_string}\"},\"query-input\":{\"@type\":\"PropertyValueSpecification\",\"valueRequired\":true,\"valueName\":\"search_term_string\"}}],\"inLanguage\":\"pt-BR\"},{\"@type\":\"Organization\",\"@id\":\"https:\/\/agenciainfra.com\/blog\/#organization\",\"name\":\"Ag\u00eancia iNFRA\",\"url\":\"https:\/\/agenciainfra.com\/blog\/\",\"logo\":{\"@type\":\"ImageObject\",\"inLanguage\":\"pt-BR\",\"@id\":\"https:\/\/agenciainfra.com\/blog\/#\/schema\/logo\/image\/\",\"url\":\"https:\/\/agenciainfra.com\/blog\/wp-content\/uploads\/2023\/09\/iNFRA_5-e1761735885940.png\",\"contentUrl\":\"https:\/\/agenciainfra.com\/blog\/wp-content\/uploads\/2023\/09\/iNFRA_5-e1761735885940.png\",\"width\":1672,\"height\":454,\"caption\":\"Ag\u00eancia iNFRA\"},\"image\":{\"@id\":\"https:\/\/agenciainfra.com\/blog\/#\/schema\/logo\/image\/\"},\"sameAs\":[\"https:\/\/www.facebook.com\/ageninfra\",\"https:\/\/x.com\/agencia_infra\",\"https:\/\/www.linkedin.com\/company\/ag\u00eanciainfra\/\",\"https:\/\/www.instagram.com\/agenciainfra\/\"]},{\"@type\":\"Person\",\"@id\":\"https:\/\/agenciainfra.com\/blog\/#\/schema\/person\/34af08dff6adea4cb22b06612ba7acfa\",\"name\":\"Ag\u00eancia iNFRA\",\"image\":{\"@type\":\"ImageObject\",\"inLanguage\":\"pt-BR\",\"@id\":\"https:\/\/agenciainfra.com\/blog\/#\/schema\/person\/image\/\",\"url\":\"https:\/\/secure.gravatar.com\/avatar\/d189e01678f06d8eb84d4e01f08eb848b3fffe3f8443818d3c356c66892f5be8?s=96&d=mm&r=g\",\"contentUrl\":\"https:\/\/secure.gravatar.com\/avatar\/d189e01678f06d8eb84d4e01f08eb848b3fffe3f8443818d3c356c66892f5be8?s=96&d=mm&r=g\",\"caption\":\"Ag\u00eancia iNFRA\"},\"url\":\"https:\/\/agenciainfra.com\/blog\/author\/admin\/\"}]}<\/script>\n<!-- \/ Yoast SEO Premium plugin. -->","yoast_head_json":{"title":"iNFRADebate: O que h\u00e1 de cr\u00edtico nos minerais da transi\u00e7\u00e3o energ\u00e9tica? - Ag\u00eancia iNFRA","robots":{"index":"index","follow":"follow","max-snippet":"max-snippet:-1","max-image-preview":"max-image-preview:large","max-video-preview":"max-video-preview:-1"},"canonical":"https:\/\/agenciainfra.com\/blog\/infradebate-o-que-ha-de-critico-nos-minerais-da-transicao-energetica\/","og_locale":"pt_BR","og_type":"article","og_title":"iNFRADebate: O que h\u00e1 de cr\u00edtico nos minerais da transi\u00e7\u00e3o energ\u00e9tica?","og_description":"*Adriano Drummond C. Trindade Ao se falar em transi\u00e7\u00e3o energ\u00e9tica, imediatamente v\u00eam \u00e0 mente imagens como turbinas e\u00f3licas, placas fotovoltaicas, baterias e ve\u00edculos el\u00e9tricos. O uso dessas fontes energ\u00e9ticas, diminuindo a depend\u00eancia de fontes que emitem maiores quantidades de carbono, tem muito a contribuir para a meta de se reduzir o aumento da temperatura global, [&hellip;]","og_url":"https:\/\/agenciainfra.com\/blog\/infradebate-o-que-ha-de-critico-nos-minerais-da-transicao-energetica\/","og_site_name":"Ag\u00eancia iNFRA","article_publisher":"https:\/\/www.facebook.com\/ageninfra","article_published_time":"2023-09-05T14:00:00+00:00","article_modified_time":"2026-03-13T12:46:12+00:00","og_image":[{"width":1202,"height":791,"url":"https:\/\/agenciainfra.com\/blog\/wp-content\/uploads\/2023\/09\/adriano-drummond-c-trindade-foto-acervo-pessoal.jpg","type":"image\/jpeg"}],"author":"Ag\u00eancia iNFRA","twitter_card":"summary_large_image","twitter_creator":"@agencia_infra","twitter_site":"@agencia_infra","twitter_misc":{"Escrito por":"Ag\u00eancia iNFRA","Est. tempo de leitura":"7 minutos"},"schema":{"@context":"https:\/\/schema.org","@graph":[{"@type":"Article","@id":"https:\/\/agenciainfra.com\/blog\/infradebate-o-que-ha-de-critico-nos-minerais-da-transicao-energetica\/#article","isPartOf":{"@id":"https:\/\/agenciainfra.com\/blog\/infradebate-o-que-ha-de-critico-nos-minerais-da-transicao-energetica\/"},"author":{"name":"Ag\u00eancia iNFRA","@id":"https:\/\/agenciainfra.com\/blog\/#\/schema\/person\/34af08dff6adea4cb22b06612ba7acfa"},"headline":"iNFRADebate: O que h\u00e1 de cr\u00edtico nos minerais da transi\u00e7\u00e3o energ\u00e9tica?","datePublished":"2023-09-05T14:00:00+00:00","dateModified":"2026-03-13T12:46:12+00:00","mainEntityOfPage":{"@id":"https:\/\/agenciainfra.com\/blog\/infradebate-o-que-ha-de-critico-nos-minerais-da-transicao-energetica\/"},"wordCount":1398,"publisher":{"@id":"https:\/\/agenciainfra.com\/blog\/#organization"},"image":{"@id":"https:\/\/agenciainfra.com\/blog\/infradebate-o-que-ha-de-critico-nos-minerais-da-transicao-energetica\/#primaryimage"},"thumbnailUrl":"https:\/\/agenciainfra.com\/blog\/wp-content\/uploads\/2023\/09\/adriano-drummond-c-trindade-foto-acervo-pessoal.jpg","keywords":["Acordo de Paris","Adriano Drummond C. Trindade","ANM","critical minerals","Descarboniza\u00e7\u00e3o","escrit\u00f3rio Mattos Filho","meio ambiente","min\u00e9rios","seguran\u00e7a mineral","setor automobil\u00edstico","transi\u00e7\u00e3o energ\u00e9tica"],"articleSection":["Cabe\u00e7alho","Destaque lista","Geral","iNFRADebate"],"inLanguage":"pt-BR","copyrightYear":"2023","copyrightHolder":{"@id":"https:\/\/agenciainfra.com\/blog\/#organization"}},{"@type":"WebPage","@id":"https:\/\/agenciainfra.com\/blog\/infradebate-o-que-ha-de-critico-nos-minerais-da-transicao-energetica\/","url":"https:\/\/agenciainfra.com\/blog\/infradebate-o-que-ha-de-critico-nos-minerais-da-transicao-energetica\/","name":"iNFRADebate: O que h\u00e1 de cr\u00edtico nos minerais da transi\u00e7\u00e3o energ\u00e9tica? - Ag\u00eancia iNFRA","isPartOf":{"@id":"https:\/\/agenciainfra.com\/blog\/#website"},"primaryImageOfPage":{"@id":"https:\/\/agenciainfra.com\/blog\/infradebate-o-que-ha-de-critico-nos-minerais-da-transicao-energetica\/#primaryimage"},"image":{"@id":"https:\/\/agenciainfra.com\/blog\/infradebate-o-que-ha-de-critico-nos-minerais-da-transicao-energetica\/#primaryimage"},"thumbnailUrl":"https:\/\/agenciainfra.com\/blog\/wp-content\/uploads\/2023\/09\/adriano-drummond-c-trindade-foto-acervo-pessoal.jpg","datePublished":"2023-09-05T14:00:00+00:00","dateModified":"2026-03-13T12:46:12+00:00","breadcrumb":{"@id":"https:\/\/agenciainfra.com\/blog\/infradebate-o-que-ha-de-critico-nos-minerais-da-transicao-energetica\/#breadcrumb"},"inLanguage":"pt-BR","potentialAction":[{"@type":"ReadAction","target":["https:\/\/agenciainfra.com\/blog\/infradebate-o-que-ha-de-critico-nos-minerais-da-transicao-energetica\/"]}]},{"@type":"ImageObject","inLanguage":"pt-BR","@id":"https:\/\/agenciainfra.com\/blog\/infradebate-o-que-ha-de-critico-nos-minerais-da-transicao-energetica\/#primaryimage","url":"https:\/\/agenciainfra.com\/blog\/wp-content\/uploads\/2023\/09\/adriano-drummond-c-trindade-foto-acervo-pessoal.jpg","contentUrl":"https:\/\/agenciainfra.com\/blog\/wp-content\/uploads\/2023\/09\/adriano-drummond-c-trindade-foto-acervo-pessoal.jpg","width":1202,"height":791},{"@type":"BreadcrumbList","@id":"https:\/\/agenciainfra.com\/blog\/infradebate-o-que-ha-de-critico-nos-minerais-da-transicao-energetica\/#breadcrumb","itemListElement":[{"@type":"ListItem","position":1,"name":"In\u00edcio","item":"https:\/\/agenciainfra.com\/blog\/"},{"@type":"ListItem","position":2,"name":"iNFRADebate: O que h\u00e1 de cr\u00edtico nos minerais da transi\u00e7\u00e3o energ\u00e9tica?"}]},{"@type":"WebSite","@id":"https:\/\/agenciainfra.com\/blog\/#website","url":"https:\/\/agenciainfra.com\/blog\/","name":"Ag\u00eancia iNFRA","description":"Multiplataforma de informa\u00e7\u00e3o jornal\u00edstica refer\u00eancia na \u00e1rea de infraestrutura no Brasil!","publisher":{"@id":"https:\/\/agenciainfra.com\/blog\/#organization"},"potentialAction":[{"@type":"SearchAction","target":{"@type":"EntryPoint","urlTemplate":"https:\/\/agenciainfra.com\/blog\/?s={search_term_string}"},"query-input":{"@type":"PropertyValueSpecification","valueRequired":true,"valueName":"search_term_string"}}],"inLanguage":"pt-BR"},{"@type":"Organization","@id":"https:\/\/agenciainfra.com\/blog\/#organization","name":"Ag\u00eancia iNFRA","url":"https:\/\/agenciainfra.com\/blog\/","logo":{"@type":"ImageObject","inLanguage":"pt-BR","@id":"https:\/\/agenciainfra.com\/blog\/#\/schema\/logo\/image\/","url":"https:\/\/agenciainfra.com\/blog\/wp-content\/uploads\/2023\/09\/iNFRA_5-e1761735885940.png","contentUrl":"https:\/\/agenciainfra.com\/blog\/wp-content\/uploads\/2023\/09\/iNFRA_5-e1761735885940.png","width":1672,"height":454,"caption":"Ag\u00eancia iNFRA"},"image":{"@id":"https:\/\/agenciainfra.com\/blog\/#\/schema\/logo\/image\/"},"sameAs":["https:\/\/www.facebook.com\/ageninfra","https:\/\/x.com\/agencia_infra","https:\/\/www.linkedin.com\/company\/ag\u00eanciainfra\/","https:\/\/www.instagram.com\/agenciainfra\/"]},{"@type":"Person","@id":"https:\/\/agenciainfra.com\/blog\/#\/schema\/person\/34af08dff6adea4cb22b06612ba7acfa","name":"Ag\u00eancia iNFRA","image":{"@type":"ImageObject","inLanguage":"pt-BR","@id":"https:\/\/agenciainfra.com\/blog\/#\/schema\/person\/image\/","url":"https:\/\/secure.gravatar.com\/avatar\/d189e01678f06d8eb84d4e01f08eb848b3fffe3f8443818d3c356c66892f5be8?s=96&d=mm&r=g","contentUrl":"https:\/\/secure.gravatar.com\/avatar\/d189e01678f06d8eb84d4e01f08eb848b3fffe3f8443818d3c356c66892f5be8?s=96&d=mm&r=g","caption":"Ag\u00eancia iNFRA"},"url":"https:\/\/agenciainfra.com\/blog\/author\/admin\/"}]}},"_links":{"self":[{"href":"https:\/\/agenciainfra.com\/blog\/wp-json\/wp\/v2\/posts\/13784","targetHints":{"allow":["GET"]}}],"collection":[{"href":"https:\/\/agenciainfra.com\/blog\/wp-json\/wp\/v2\/posts"}],"about":[{"href":"https:\/\/agenciainfra.com\/blog\/wp-json\/wp\/v2\/types\/post"}],"author":[{"embeddable":true,"href":"https:\/\/agenciainfra.com\/blog\/wp-json\/wp\/v2\/users\/1"}],"replies":[{"embeddable":true,"href":"https:\/\/agenciainfra.com\/blog\/wp-json\/wp\/v2\/comments?post=13784"}],"version-history":[{"count":1,"href":"https:\/\/agenciainfra.com\/blog\/wp-json\/wp\/v2\/posts\/13784\/revisions"}],"predecessor-version":[{"id":37834,"href":"https:\/\/agenciainfra.com\/blog\/wp-json\/wp\/v2\/posts\/13784\/revisions\/37834"}],"wp:featuredmedia":[{"embeddable":true,"href":"https:\/\/agenciainfra.com\/blog\/wp-json\/wp\/v2\/media\/13785"}],"wp:attachment":[{"href":"https:\/\/agenciainfra.com\/blog\/wp-json\/wp\/v2\/media?parent=13784"}],"wp:term":[{"taxonomy":"category","embeddable":true,"href":"https:\/\/agenciainfra.com\/blog\/wp-json\/wp\/v2\/categories?post=13784"},{"taxonomy":"post_tag","embeddable":true,"href":"https:\/\/agenciainfra.com\/blog\/wp-json\/wp\/v2\/tags?post=13784"}],"curies":[{"name":"wp","href":"https:\/\/api.w.org\/{rel}","templated":true}]}}