{"id":13993,"date":"2023-09-11T10:00:00","date_gmt":"2023-09-11T13:00:00","guid":{"rendered":"https:\/\/www.agenciainfra.com\/blog\/?p=13993"},"modified":"2025-09-16T10:54:20","modified_gmt":"2025-09-16T13:54:20","slug":"alta-do-petroleo-e-retirada-do-pis-cofins-poem-em-xeque-politica-de-precos-da-petrobras","status":"publish","type":"post","link":"https:\/\/agenciainfra.com\/blog\/alta-do-petroleo-e-retirada-do-pis-cofins-poem-em-xeque-politica-de-precos-da-petrobras\/","title":{"rendered":"Alta do petr\u00f3leo e retirada do PIS Cofins p\u00f5em em xeque pol\u00edtica de pre\u00e7os da Petrobras"},"content":{"rendered":"\n<p class=\"has-text-align-right\"><strong>Roberto Rockmann<\/strong>*<\/p>\n\n\n\n<p>O pre\u00e7o do petr\u00f3leo a US$ 90 o barril, maior patamar desde novembro passado e primeira vez que a cota\u00e7\u00e3o supera a barreira nesse ano, e a retirada gradual da desonera\u00e7\u00e3o do PIS Cofins sobre os pre\u00e7os do diesel ir\u00e3o colocar a pol\u00edtica de pre\u00e7os da Petrobras mais uma vez em evid\u00eancia.&nbsp;<br><br>Esse cen\u00e1rio ocorre menos de um m\u00eas do reajuste de 15 de agosto, quando a estatal elevou em 16% a gasolina e 25% o diesel. Naquela data, o aumento de pre\u00e7os dos derivados perdeu espa\u00e7o na m\u00eddia por conta do apag\u00e3o que cortou 30% da carga no Brasil.<br><br>As d\u00favidas sobre a pol\u00edtica de pre\u00e7os ainda coincidem com eleva\u00e7\u00e3o de estimativas de infla\u00e7\u00e3o para esse ano no mercado e o in\u00edcio do processo de queda de juros pelo Banco Central, o que tamb\u00e9m pode indicar mercado de cr\u00e9dito privado mais caro nos pr\u00f3ximos meses.<br><br><strong>Defasagem acima de dois d\u00edgitos<\/strong><br>De acordo com dados reunidos nos cinco primeiros dias de setembro pelo Centro Brasileiro de Infraestrutura, a defasagem m\u00e9dia do diesel e da gasolina chegou, respectivamente, a 13% e 11,6% no Brasil. Na \u00faltima semana de agosto, a diferen\u00e7a no diesel atingiu 10,2%.<br><br>Na semana passada, a decis\u00e3o da Ar\u00e1bia Saudita e da R\u00fassia de reduzirem a oferta em 1,3 milh\u00e3o de barris por dia at\u00e9 o fim desse ano fez com que o barril do petr\u00f3leo chegasse a US$ 90 no mercado internacional. As cota\u00e7\u00f5es podem se manter pressionadas.&nbsp;<br><br>\u201cEra esperado um corte de um m\u00eas, n\u00e3o de tr\u00eas meses, o que deixa o mercado com um d\u00e9ficit maior que o previsto no \u00faltimo trimestre do ano, o que deve manter os pre\u00e7os pressionados\u201d, segundo an\u00e1lise do ING Barings, que prev\u00ea pre\u00e7o m\u00e9dio de US$ 92 entre outubro e dezembro.&nbsp;<br><br>Relat\u00f3rio recente da Administra\u00e7\u00e3o de Informa\u00e7\u00f5es de Energia do Departamento de Energia dos Estados Unidos aponta que os cortes sucessivos de grandes produtores desde junho e a melhoria de indicadores econ\u00f4micos dos Estados Unidos est\u00e3o levando ao petr\u00f3leo mais caro. J\u00e1 problemas em refinarias nos Estados Unidos t\u00eam reduzido a produ\u00e7\u00e3o local e pressionado pre\u00e7os de derivados.<br><br>\u201cO piso do pre\u00e7o est\u00e1 subindo\u201d, disse Dan Pickering, CEO da Pickering Energy Partners, ao Financial Times no fim da semana passada.<br><br><strong>Reonera\u00e7\u00e3o de PIS Cofins em setembro e outubro<\/strong><br>No Brasil, outro fator a se considerar \u00e9 a retirada gradual da desonera\u00e7\u00e3o do PIS Cofins cobrado sobre o diesel, para apoiar o programa que reduziu o pre\u00e7o de autom\u00f3veis a partir da redu\u00e7\u00e3o de tributos. Por meio da Medida Provis\u00f3ria 1175\/2023, a partir de setembro de 2023, o governo pretende voltar a tributar o PIS e Cofins sobre opera\u00e7\u00f5es com \u00f3leo diesel. O imposto estava zerado desde 2021.<br><br>Na ter\u00e7a-feira (5), voltou a ser cobrada uma parte da al\u00edquota do PIS\/Cofins sobre os pre\u00e7os do diesel, que aumentaram R$ 0,11 em m\u00e9dia. Em outubro, deve haver nova alta, com mais uma reonera\u00e7\u00e3o, o que pode elevar em mais de R$ 0,10 os pre\u00e7os finais. Em janeiro, \u00e9 esperada a retomada da reonera\u00e7\u00e3o total.&nbsp;<br>Combust\u00edveis elevam previs\u00e3o de infla\u00e7\u00e3o<br><br>A alta dos combust\u00edveis de agosto teve impacto sobre previs\u00e3o de infla\u00e7\u00e3o e de alta de pre\u00e7os administrados. Segundo a pesquisa Focus da primeira semana de setembro, economistas consultados preveem IPCA de 4,92% em 2023, alta de 0,08 ponto percentual em rela\u00e7\u00e3o \u00e0 proje\u00e7\u00e3o do in\u00edcio de agosto, antes do reajuste de 15\/08. Nos pre\u00e7os administrados (que contempla apenas itens cujos pre\u00e7os s\u00e3o regulados pelo governo), as proje\u00e7\u00f5es s\u00e3o de alta de 10,02% em 2023, 1,11 ponto percentual acima da apurada no in\u00edcio de agosto. Para 2024, a proje\u00e7\u00e3o do mercado para o IPCA est\u00e1 em 3,88%.<br><br><strong>Defesa da Petrobras<\/strong><br>A expectativa mais alta de infla\u00e7\u00e3o pode ter impacto sobre a pol\u00edtica monet\u00e1ria. A curva de juros, que chegou a apontar uma taxa b\u00e1sica de 8,75% no fim do ciclo, agora j\u00e1 indica que a Selic deve encerrar 2024 entre 9,5% e 9,75%. Hoje os juros est\u00e3o em 13,25%.<br><br>Nos Estados Unidos, os pre\u00e7os mais altos dos derivados tamb\u00e9m podem levar o Banco Central do pa\u00eds a&nbsp;elevar&nbsp;a taxa, que j\u00e1 \u00e9 a mais alta&nbsp;em 22 anos. Isso poder\u00e1 levar a custos de financiamento dom\u00e9stico e externo para a infraestrutura maiores para investidores brasileiros.<br><br>Depois do reajuste de 15 de agosto, o presidente da Petrobras, Jean Paul Prates, disse que o modelo de precifica\u00e7\u00e3o de combust\u00edvel implementado na nova gest\u00e3o considera os gastos da empresa na moeda nacional. Defendeu o recente reajuste no pre\u00e7o da gasolina, ap\u00f3s a queda de pre\u00e7os dos \u00faltimos meses. Para ele, a nova pol\u00edtica de pre\u00e7os &#8220;passou no teste&#8221;.&nbsp;<br><br>No fim de agosto, nas redes sociais, o presidente da Petrobras alertou para nova escalada do pre\u00e7o do combust\u00edvel no mercado internacional ap\u00f3s inc\u00eandio em refinaria dos Estados Unidos com capacidade para abastecer cerca de 5% do mercado local.<\/p>\n\n\n\n<h6 class=\"wp-block-heading\" id=\"block-f323f59b-51bf-4eed-b17b-3c7d3b917007\">*Roberto Rockmann <strong>\u00e9 escritor e jornalista. Coautor do livro \u201cCurto-Circuito, quando o Brasil quase ficou \u00e0s escuras\u201d e produtor do podcast quinzenal \u201cGiro Energia\u201d sobre o setor el\u00e9trico. Organizou em 2018 o livro de 20 anos do mercado livre de energia el\u00e9trica, editado pela CCEE (C\u00e2mara de Comercializa\u00e7\u00e3o de Energia El\u00e9trica), al\u00e9m de v\u00e1rios outros livros e trabalhos premiados<\/strong>.<\/h6>\n\n\n\n<p><strong>As opini\u00f5es dos autores n\u00e3o refletem necessariamente o pensamento da Ag\u00eancia iNFRA, sendo de total responsabilidade do autor as informa\u00e7\u00f5es, ju\u00edzos de valor e conceitos descritos no texto<\/strong>.<\/p>\n","protected":false},"excerpt":{"rendered":"<p>Roberto Rockmann* O pre\u00e7o do petr\u00f3leo a US$ 90 o barril, maior patamar desde novembro passado e primeira vez que a cota\u00e7\u00e3o supera a barreira nesse ano, e a retirada gradual da desonera\u00e7\u00e3o do PIS Cofins sobre os pre\u00e7os do diesel ir\u00e3o colocar a pol\u00edtica de pre\u00e7os da Petrobras mais uma vez em evid\u00eancia.&nbsp; Esse [&hellip;]<\/p>\n","protected":false},"author":1,"featured_media":8054,"comment_status":"closed","ping_status":"closed","sticky":false,"template":"","format":"standard","meta":{"_monsterinsights_skip_tracking":false,"_monsterinsights_sitenote_active":false,"_monsterinsights_sitenote_note":"","_monsterinsights_sitenote_category":0,"footnotes":""},"categories":[1,10],"tags":[4341,314,7347,3365,3370,2989,1351,143,213,7346,6686],"class_list":["post-13993","post","type-post","status-publish","format-standard","has-post-thumbnail","hentry","category-geral","category-infraenergia","tag-banco-central","tag-combustiveis","tag-dan-pickering","tag-gasolina","tag-inflacao","tag-ipca","tag-jean-paul-prates","tag-petrobras","tag-petroleo","tag-pis-cofins-2","tag-selic"],"yoast_head":"<!-- This site is optimized with the Yoast SEO Premium plugin v25.4 (Yoast SEO v26.0) - https:\/\/yoast.com\/wordpress\/plugins\/seo\/ -->\n<title>Alta do petr\u00f3leo e retirada do PIS Cofins p\u00f5em em xeque pol\u00edtica de pre\u00e7os da Petrobras - Ag\u00eancia iNFRA<\/title>\n<meta name=\"robots\" content=\"index, follow, max-snippet:-1, max-image-preview:large, max-video-preview:-1\" \/>\n<link rel=\"canonical\" href=\"https:\/\/agenciainfra.com\/blog\/alta-do-petroleo-e-retirada-do-pis-cofins-poem-em-xeque-politica-de-precos-da-petrobras\/\" \/>\n<meta property=\"og:locale\" content=\"pt_BR\" \/>\n<meta property=\"og:type\" content=\"article\" \/>\n<meta property=\"og:title\" content=\"Alta do petr\u00f3leo e retirada do PIS Cofins p\u00f5em em xeque pol\u00edtica de pre\u00e7os da Petrobras\" \/>\n<meta property=\"og:description\" content=\"Roberto Rockmann* O pre\u00e7o do petr\u00f3leo a US$ 90 o barril, maior patamar desde novembro passado e primeira vez que a cota\u00e7\u00e3o supera a barreira nesse ano, e a retirada gradual da desonera\u00e7\u00e3o do PIS Cofins sobre os pre\u00e7os do diesel ir\u00e3o colocar a pol\u00edtica de pre\u00e7os da Petrobras mais uma vez em evid\u00eancia.&nbsp; Esse [&hellip;]\" \/>\n<meta property=\"og:url\" content=\"https:\/\/agenciainfra.com\/blog\/alta-do-petroleo-e-retirada-do-pis-cofins-poem-em-xeque-politica-de-precos-da-petrobras\/\" \/>\n<meta property=\"og:site_name\" content=\"Ag\u00eancia iNFRA\" \/>\n<meta property=\"article:publisher\" content=\"https:\/\/www.facebook.com\/ageninfra\" \/>\n<meta property=\"article:published_time\" content=\"2023-09-11T13:00:00+00:00\" \/>\n<meta property=\"article:modified_time\" content=\"2025-09-16T13:54:20+00:00\" \/>\n<meta property=\"og:image\" content=\"https:\/\/agenciainfra.com\/blog\/wp-content\/uploads\/2021\/08\/combustivel-foto-agenciabrasil.png\" \/>\n\t<meta property=\"og:image:width\" content=\"1280\" \/>\n\t<meta property=\"og:image:height\" content=\"719\" \/>\n\t<meta property=\"og:image:type\" content=\"image\/png\" \/>\n<meta name=\"author\" content=\"Ag\u00eancia iNFRA\" \/>\n<meta name=\"twitter:card\" content=\"summary_large_image\" \/>\n<meta name=\"twitter:creator\" content=\"@agencia_infra\" \/>\n<meta name=\"twitter:site\" content=\"@agencia_infra\" \/>\n<meta name=\"twitter:label1\" content=\"Escrito por\" \/>\n\t<meta name=\"twitter:data1\" content=\"Ag\u00eancia iNFRA\" \/>\n\t<meta name=\"twitter:label2\" content=\"Est. tempo de leitura\" \/>\n\t<meta name=\"twitter:data2\" content=\"5 minutos\" \/>\n<script type=\"application\/ld+json\" class=\"yoast-schema-graph\">{\"@context\":\"https:\/\/schema.org\",\"@graph\":[{\"@type\":\"Article\",\"@id\":\"https:\/\/agenciainfra.com\/blog\/alta-do-petroleo-e-retirada-do-pis-cofins-poem-em-xeque-politica-de-precos-da-petrobras\/#article\",\"isPartOf\":{\"@id\":\"https:\/\/agenciainfra.com\/blog\/alta-do-petroleo-e-retirada-do-pis-cofins-poem-em-xeque-politica-de-precos-da-petrobras\/\"},\"author\":{\"name\":\"Ag\u00eancia iNFRA\",\"@id\":\"https:\/\/agenciainfra.com\/blog\/#\/schema\/person\/34af08dff6adea4cb22b06612ba7acfa\"},\"headline\":\"Alta do petr\u00f3leo e retirada do PIS Cofins p\u00f5em em xeque pol\u00edtica de pre\u00e7os da Petrobras\",\"datePublished\":\"2023-09-11T13:00:00+00:00\",\"dateModified\":\"2025-09-16T13:54:20+00:00\",\"mainEntityOfPage\":{\"@id\":\"https:\/\/agenciainfra.com\/blog\/alta-do-petroleo-e-retirada-do-pis-cofins-poem-em-xeque-politica-de-precos-da-petrobras\/\"},\"wordCount\":995,\"publisher\":{\"@id\":\"https:\/\/agenciainfra.com\/blog\/#organization\"},\"image\":{\"@id\":\"https:\/\/agenciainfra.com\/blog\/alta-do-petroleo-e-retirada-do-pis-cofins-poem-em-xeque-politica-de-precos-da-petrobras\/#primaryimage\"},\"thumbnailUrl\":\"https:\/\/agenciainfra.com\/blog\/wp-content\/uploads\/2021\/08\/combustivel-foto-agenciabrasil.png\",\"keywords\":[\"Banco Central\",\"combust\u00edveis\",\"Dan Pickering\",\"gasolina\",\"infla\u00e7\u00e3o\",\"IPCA\",\"Jean Paul Prates\",\"Petrobras\",\"petr\u00f3leo\",\"PIS Cofins\",\"Selic\"],\"articleSection\":[\"Geral\",\"iNFRAEnergia\"],\"inLanguage\":\"pt-BR\",\"copyrightYear\":\"2023\",\"copyrightHolder\":{\"@id\":\"https:\/\/agenciainfra.com\/blog\/#organization\"}},{\"@type\":\"WebPage\",\"@id\":\"https:\/\/agenciainfra.com\/blog\/alta-do-petroleo-e-retirada-do-pis-cofins-poem-em-xeque-politica-de-precos-da-petrobras\/\",\"url\":\"https:\/\/agenciainfra.com\/blog\/alta-do-petroleo-e-retirada-do-pis-cofins-poem-em-xeque-politica-de-precos-da-petrobras\/\",\"name\":\"Alta do petr\u00f3leo e retirada do PIS Cofins p\u00f5em em xeque pol\u00edtica de pre\u00e7os da Petrobras - Ag\u00eancia iNFRA\",\"isPartOf\":{\"@id\":\"https:\/\/agenciainfra.com\/blog\/#website\"},\"primaryImageOfPage\":{\"@id\":\"https:\/\/agenciainfra.com\/blog\/alta-do-petroleo-e-retirada-do-pis-cofins-poem-em-xeque-politica-de-precos-da-petrobras\/#primaryimage\"},\"image\":{\"@id\":\"https:\/\/agenciainfra.com\/blog\/alta-do-petroleo-e-retirada-do-pis-cofins-poem-em-xeque-politica-de-precos-da-petrobras\/#primaryimage\"},\"thumbnailUrl\":\"https:\/\/agenciainfra.com\/blog\/wp-content\/uploads\/2021\/08\/combustivel-foto-agenciabrasil.png\",\"datePublished\":\"2023-09-11T13:00:00+00:00\",\"dateModified\":\"2025-09-16T13:54:20+00:00\",\"breadcrumb\":{\"@id\":\"https:\/\/agenciainfra.com\/blog\/alta-do-petroleo-e-retirada-do-pis-cofins-poem-em-xeque-politica-de-precos-da-petrobras\/#breadcrumb\"},\"inLanguage\":\"pt-BR\",\"potentialAction\":[{\"@type\":\"ReadAction\",\"target\":[\"https:\/\/agenciainfra.com\/blog\/alta-do-petroleo-e-retirada-do-pis-cofins-poem-em-xeque-politica-de-precos-da-petrobras\/\"]}]},{\"@type\":\"ImageObject\",\"inLanguage\":\"pt-BR\",\"@id\":\"https:\/\/agenciainfra.com\/blog\/alta-do-petroleo-e-retirada-do-pis-cofins-poem-em-xeque-politica-de-precos-da-petrobras\/#primaryimage\",\"url\":\"https:\/\/agenciainfra.com\/blog\/wp-content\/uploads\/2021\/08\/combustivel-foto-agenciabrasil.png\",\"contentUrl\":\"https:\/\/agenciainfra.com\/blog\/wp-content\/uploads\/2021\/08\/combustivel-foto-agenciabrasil.png\",\"width\":1280,\"height\":719,\"caption\":\"Foto: Ag\u00eancia Brasil\"},{\"@type\":\"BreadcrumbList\",\"@id\":\"https:\/\/agenciainfra.com\/blog\/alta-do-petroleo-e-retirada-do-pis-cofins-poem-em-xeque-politica-de-precos-da-petrobras\/#breadcrumb\",\"itemListElement\":[{\"@type\":\"ListItem\",\"position\":1,\"name\":\"In\u00edcio\",\"item\":\"https:\/\/agenciainfra.com\/blog\/\"},{\"@type\":\"ListItem\",\"position\":2,\"name\":\"Alta do petr\u00f3leo e retirada do PIS Cofins p\u00f5em em xeque pol\u00edtica de pre\u00e7os da Petrobras\"}]},{\"@type\":\"WebSite\",\"@id\":\"https:\/\/agenciainfra.com\/blog\/#website\",\"url\":\"https:\/\/agenciainfra.com\/blog\/\",\"name\":\"Ag\u00eancia iNFRA\",\"description\":\"Multiplataforma de informa\u00e7\u00e3o jornal\u00edstica refer\u00eancia na \u00e1rea de infraestrutura no Brasil!\",\"publisher\":{\"@id\":\"https:\/\/agenciainfra.com\/blog\/#organization\"},\"potentialAction\":[{\"@type\":\"SearchAction\",\"target\":{\"@type\":\"EntryPoint\",\"urlTemplate\":\"https:\/\/agenciainfra.com\/blog\/?s={search_term_string}\"},\"query-input\":{\"@type\":\"PropertyValueSpecification\",\"valueRequired\":true,\"valueName\":\"search_term_string\"}}],\"inLanguage\":\"pt-BR\"},{\"@type\":\"Organization\",\"@id\":\"https:\/\/agenciainfra.com\/blog\/#organization\",\"name\":\"Ag\u00eancia iNFRA\",\"url\":\"https:\/\/agenciainfra.com\/blog\/\",\"logo\":{\"@type\":\"ImageObject\",\"inLanguage\":\"pt-BR\",\"@id\":\"https:\/\/agenciainfra.com\/blog\/#\/schema\/logo\/image\/\",\"url\":\"https:\/\/agenciainfra.com\/blog\/wp-content\/uploads\/2023\/09\/iNFRA_5-e1761735885940.png\",\"contentUrl\":\"https:\/\/agenciainfra.com\/blog\/wp-content\/uploads\/2023\/09\/iNFRA_5-e1761735885940.png\",\"width\":1672,\"height\":454,\"caption\":\"Ag\u00eancia iNFRA\"},\"image\":{\"@id\":\"https:\/\/agenciainfra.com\/blog\/#\/schema\/logo\/image\/\"},\"sameAs\":[\"https:\/\/www.facebook.com\/ageninfra\",\"https:\/\/x.com\/agencia_infra\",\"https:\/\/www.linkedin.com\/company\/ag\u00eanciainfra\/\",\"https:\/\/www.instagram.com\/agenciainfra\/\"]},{\"@type\":\"Person\",\"@id\":\"https:\/\/agenciainfra.com\/blog\/#\/schema\/person\/34af08dff6adea4cb22b06612ba7acfa\",\"name\":\"Ag\u00eancia iNFRA\",\"image\":{\"@type\":\"ImageObject\",\"inLanguage\":\"pt-BR\",\"@id\":\"https:\/\/agenciainfra.com\/blog\/#\/schema\/person\/image\/\",\"url\":\"https:\/\/secure.gravatar.com\/avatar\/d189e01678f06d8eb84d4e01f08eb848b3fffe3f8443818d3c356c66892f5be8?s=96&d=mm&r=g\",\"contentUrl\":\"https:\/\/secure.gravatar.com\/avatar\/d189e01678f06d8eb84d4e01f08eb848b3fffe3f8443818d3c356c66892f5be8?s=96&d=mm&r=g\",\"caption\":\"Ag\u00eancia iNFRA\"},\"url\":\"https:\/\/agenciainfra.com\/blog\/author\/admin\/\"}]}<\/script>\n<!-- \/ Yoast SEO Premium plugin. -->","yoast_head_json":{"title":"Alta do petr\u00f3leo e retirada do PIS Cofins p\u00f5em em xeque pol\u00edtica de pre\u00e7os da Petrobras - Ag\u00eancia iNFRA","robots":{"index":"index","follow":"follow","max-snippet":"max-snippet:-1","max-image-preview":"max-image-preview:large","max-video-preview":"max-video-preview:-1"},"canonical":"https:\/\/agenciainfra.com\/blog\/alta-do-petroleo-e-retirada-do-pis-cofins-poem-em-xeque-politica-de-precos-da-petrobras\/","og_locale":"pt_BR","og_type":"article","og_title":"Alta do petr\u00f3leo e retirada do PIS Cofins p\u00f5em em xeque pol\u00edtica de pre\u00e7os da Petrobras","og_description":"Roberto Rockmann* O pre\u00e7o do petr\u00f3leo a US$ 90 o barril, maior patamar desde novembro passado e primeira vez que a cota\u00e7\u00e3o supera a barreira nesse ano, e a retirada gradual da desonera\u00e7\u00e3o do PIS Cofins sobre os pre\u00e7os do diesel ir\u00e3o colocar a pol\u00edtica de pre\u00e7os da Petrobras mais uma vez em evid\u00eancia.&nbsp; Esse [&hellip;]","og_url":"https:\/\/agenciainfra.com\/blog\/alta-do-petroleo-e-retirada-do-pis-cofins-poem-em-xeque-politica-de-precos-da-petrobras\/","og_site_name":"Ag\u00eancia iNFRA","article_publisher":"https:\/\/www.facebook.com\/ageninfra","article_published_time":"2023-09-11T13:00:00+00:00","article_modified_time":"2025-09-16T13:54:20+00:00","og_image":[{"width":1280,"height":719,"url":"https:\/\/agenciainfra.com\/blog\/wp-content\/uploads\/2021\/08\/combustivel-foto-agenciabrasil.png","type":"image\/png"}],"author":"Ag\u00eancia iNFRA","twitter_card":"summary_large_image","twitter_creator":"@agencia_infra","twitter_site":"@agencia_infra","twitter_misc":{"Escrito por":"Ag\u00eancia iNFRA","Est. tempo de leitura":"5 minutos"},"schema":{"@context":"https:\/\/schema.org","@graph":[{"@type":"Article","@id":"https:\/\/agenciainfra.com\/blog\/alta-do-petroleo-e-retirada-do-pis-cofins-poem-em-xeque-politica-de-precos-da-petrobras\/#article","isPartOf":{"@id":"https:\/\/agenciainfra.com\/blog\/alta-do-petroleo-e-retirada-do-pis-cofins-poem-em-xeque-politica-de-precos-da-petrobras\/"},"author":{"name":"Ag\u00eancia iNFRA","@id":"https:\/\/agenciainfra.com\/blog\/#\/schema\/person\/34af08dff6adea4cb22b06612ba7acfa"},"headline":"Alta do petr\u00f3leo e retirada do PIS Cofins p\u00f5em em xeque pol\u00edtica de pre\u00e7os da Petrobras","datePublished":"2023-09-11T13:00:00+00:00","dateModified":"2025-09-16T13:54:20+00:00","mainEntityOfPage":{"@id":"https:\/\/agenciainfra.com\/blog\/alta-do-petroleo-e-retirada-do-pis-cofins-poem-em-xeque-politica-de-precos-da-petrobras\/"},"wordCount":995,"publisher":{"@id":"https:\/\/agenciainfra.com\/blog\/#organization"},"image":{"@id":"https:\/\/agenciainfra.com\/blog\/alta-do-petroleo-e-retirada-do-pis-cofins-poem-em-xeque-politica-de-precos-da-petrobras\/#primaryimage"},"thumbnailUrl":"https:\/\/agenciainfra.com\/blog\/wp-content\/uploads\/2021\/08\/combustivel-foto-agenciabrasil.png","keywords":["Banco Central","combust\u00edveis","Dan Pickering","gasolina","infla\u00e7\u00e3o","IPCA","Jean Paul Prates","Petrobras","petr\u00f3leo","PIS Cofins","Selic"],"articleSection":["Geral","iNFRAEnergia"],"inLanguage":"pt-BR","copyrightYear":"2023","copyrightHolder":{"@id":"https:\/\/agenciainfra.com\/blog\/#organization"}},{"@type":"WebPage","@id":"https:\/\/agenciainfra.com\/blog\/alta-do-petroleo-e-retirada-do-pis-cofins-poem-em-xeque-politica-de-precos-da-petrobras\/","url":"https:\/\/agenciainfra.com\/blog\/alta-do-petroleo-e-retirada-do-pis-cofins-poem-em-xeque-politica-de-precos-da-petrobras\/","name":"Alta do petr\u00f3leo e retirada do PIS Cofins p\u00f5em em xeque pol\u00edtica de pre\u00e7os da Petrobras - Ag\u00eancia iNFRA","isPartOf":{"@id":"https:\/\/agenciainfra.com\/blog\/#website"},"primaryImageOfPage":{"@id":"https:\/\/agenciainfra.com\/blog\/alta-do-petroleo-e-retirada-do-pis-cofins-poem-em-xeque-politica-de-precos-da-petrobras\/#primaryimage"},"image":{"@id":"https:\/\/agenciainfra.com\/blog\/alta-do-petroleo-e-retirada-do-pis-cofins-poem-em-xeque-politica-de-precos-da-petrobras\/#primaryimage"},"thumbnailUrl":"https:\/\/agenciainfra.com\/blog\/wp-content\/uploads\/2021\/08\/combustivel-foto-agenciabrasil.png","datePublished":"2023-09-11T13:00:00+00:00","dateModified":"2025-09-16T13:54:20+00:00","breadcrumb":{"@id":"https:\/\/agenciainfra.com\/blog\/alta-do-petroleo-e-retirada-do-pis-cofins-poem-em-xeque-politica-de-precos-da-petrobras\/#breadcrumb"},"inLanguage":"pt-BR","potentialAction":[{"@type":"ReadAction","target":["https:\/\/agenciainfra.com\/blog\/alta-do-petroleo-e-retirada-do-pis-cofins-poem-em-xeque-politica-de-precos-da-petrobras\/"]}]},{"@type":"ImageObject","inLanguage":"pt-BR","@id":"https:\/\/agenciainfra.com\/blog\/alta-do-petroleo-e-retirada-do-pis-cofins-poem-em-xeque-politica-de-precos-da-petrobras\/#primaryimage","url":"https:\/\/agenciainfra.com\/blog\/wp-content\/uploads\/2021\/08\/combustivel-foto-agenciabrasil.png","contentUrl":"https:\/\/agenciainfra.com\/blog\/wp-content\/uploads\/2021\/08\/combustivel-foto-agenciabrasil.png","width":1280,"height":719,"caption":"Foto: Ag\u00eancia Brasil"},{"@type":"BreadcrumbList","@id":"https:\/\/agenciainfra.com\/blog\/alta-do-petroleo-e-retirada-do-pis-cofins-poem-em-xeque-politica-de-precos-da-petrobras\/#breadcrumb","itemListElement":[{"@type":"ListItem","position":1,"name":"In\u00edcio","item":"https:\/\/agenciainfra.com\/blog\/"},{"@type":"ListItem","position":2,"name":"Alta do petr\u00f3leo e retirada do PIS Cofins p\u00f5em em xeque pol\u00edtica de pre\u00e7os da Petrobras"}]},{"@type":"WebSite","@id":"https:\/\/agenciainfra.com\/blog\/#website","url":"https:\/\/agenciainfra.com\/blog\/","name":"Ag\u00eancia iNFRA","description":"Multiplataforma de informa\u00e7\u00e3o jornal\u00edstica refer\u00eancia na \u00e1rea de infraestrutura no Brasil!","publisher":{"@id":"https:\/\/agenciainfra.com\/blog\/#organization"},"potentialAction":[{"@type":"SearchAction","target":{"@type":"EntryPoint","urlTemplate":"https:\/\/agenciainfra.com\/blog\/?s={search_term_string}"},"query-input":{"@type":"PropertyValueSpecification","valueRequired":true,"valueName":"search_term_string"}}],"inLanguage":"pt-BR"},{"@type":"Organization","@id":"https:\/\/agenciainfra.com\/blog\/#organization","name":"Ag\u00eancia iNFRA","url":"https:\/\/agenciainfra.com\/blog\/","logo":{"@type":"ImageObject","inLanguage":"pt-BR","@id":"https:\/\/agenciainfra.com\/blog\/#\/schema\/logo\/image\/","url":"https:\/\/agenciainfra.com\/blog\/wp-content\/uploads\/2023\/09\/iNFRA_5-e1761735885940.png","contentUrl":"https:\/\/agenciainfra.com\/blog\/wp-content\/uploads\/2023\/09\/iNFRA_5-e1761735885940.png","width":1672,"height":454,"caption":"Ag\u00eancia iNFRA"},"image":{"@id":"https:\/\/agenciainfra.com\/blog\/#\/schema\/logo\/image\/"},"sameAs":["https:\/\/www.facebook.com\/ageninfra","https:\/\/x.com\/agencia_infra","https:\/\/www.linkedin.com\/company\/ag\u00eanciainfra\/","https:\/\/www.instagram.com\/agenciainfra\/"]},{"@type":"Person","@id":"https:\/\/agenciainfra.com\/blog\/#\/schema\/person\/34af08dff6adea4cb22b06612ba7acfa","name":"Ag\u00eancia iNFRA","image":{"@type":"ImageObject","inLanguage":"pt-BR","@id":"https:\/\/agenciainfra.com\/blog\/#\/schema\/person\/image\/","url":"https:\/\/secure.gravatar.com\/avatar\/d189e01678f06d8eb84d4e01f08eb848b3fffe3f8443818d3c356c66892f5be8?s=96&d=mm&r=g","contentUrl":"https:\/\/secure.gravatar.com\/avatar\/d189e01678f06d8eb84d4e01f08eb848b3fffe3f8443818d3c356c66892f5be8?s=96&d=mm&r=g","caption":"Ag\u00eancia iNFRA"},"url":"https:\/\/agenciainfra.com\/blog\/author\/admin\/"}]}},"_links":{"self":[{"href":"https:\/\/agenciainfra.com\/blog\/wp-json\/wp\/v2\/posts\/13993","targetHints":{"allow":["GET"]}}],"collection":[{"href":"https:\/\/agenciainfra.com\/blog\/wp-json\/wp\/v2\/posts"}],"about":[{"href":"https:\/\/agenciainfra.com\/blog\/wp-json\/wp\/v2\/types\/post"}],"author":[{"embeddable":true,"href":"https:\/\/agenciainfra.com\/blog\/wp-json\/wp\/v2\/users\/1"}],"replies":[{"embeddable":true,"href":"https:\/\/agenciainfra.com\/blog\/wp-json\/wp\/v2\/comments?post=13993"}],"version-history":[{"count":1,"href":"https:\/\/agenciainfra.com\/blog\/wp-json\/wp\/v2\/posts\/13993\/revisions"}],"predecessor-version":[{"id":27835,"href":"https:\/\/agenciainfra.com\/blog\/wp-json\/wp\/v2\/posts\/13993\/revisions\/27835"}],"wp:featuredmedia":[{"embeddable":true,"href":"https:\/\/agenciainfra.com\/blog\/wp-json\/wp\/v2\/media\/8054"}],"wp:attachment":[{"href":"https:\/\/agenciainfra.com\/blog\/wp-json\/wp\/v2\/media?parent=13993"}],"wp:term":[{"taxonomy":"category","embeddable":true,"href":"https:\/\/agenciainfra.com\/blog\/wp-json\/wp\/v2\/categories?post=13993"},{"taxonomy":"post_tag","embeddable":true,"href":"https:\/\/agenciainfra.com\/blog\/wp-json\/wp\/v2\/tags?post=13993"}],"curies":[{"name":"wp","href":"https:\/\/api.w.org\/{rel}","templated":true}]}}