{"id":14005,"date":"2023-09-12T09:00:00","date_gmt":"2023-09-12T12:00:00","guid":{"rendered":"https:\/\/www.agenciainfra.com\/blog\/?p=14005"},"modified":"2026-03-13T09:45:51","modified_gmt":"2026-03-13T12:45:51","slug":"pesquisa-indica-empresarios-brasileiros-otimistas-com-o-futuro-dos-investimentos-em-infraestrutura","status":"publish","type":"post","link":"https:\/\/agenciainfra.com\/blog\/pesquisa-indica-empresarios-brasileiros-otimistas-com-o-futuro-dos-investimentos-em-infraestrutura\/","title":{"rendered":"Pesquisa indica empres\u00e1rios brasileiros otimistas com o futuro dos investimentos em infraestrutura"},"content":{"rendered":"\n<p class=\"has-text-align-right\"><strong>Elisa Costa e Dimmi Amora, da Ag\u00eancia iNFRA<\/strong><\/p>\n\n\n\n<p>Os&nbsp;empres\u00e1rios&nbsp;brasileiros&nbsp;est\u00e3o&nbsp;mais&nbsp;otimistas&nbsp;com&nbsp;o&nbsp;crescimento do setor de&nbsp;infraestrutura&nbsp;ao longo&nbsp;dos&nbsp;pr\u00f3ximos 12 meses,&nbsp;em&nbsp;compara\u00e7\u00e3o&nbsp;com demais&nbsp;empres\u00e1rios&nbsp;da Am\u00e9rica Latina. A informa\u00e7\u00e3o&nbsp;foi divulgada pelo mais recente Term\u00f4metro de&nbsp;Infraestrutura, produzido pela GRI Club. Segundo os dados, 61%&nbsp;dos&nbsp;l\u00edderes de mercado entrevistados no Brasil consideram&nbsp;o&nbsp;cen\u00e1rio de&nbsp;investimentos&nbsp;na \u00e1rea como favor\u00e1vel.<br><br>Outros 27%&nbsp;dos&nbsp;empres\u00e1rios&nbsp;brasileiros&nbsp;consideram&nbsp;o&nbsp;cen\u00e1rio para os pr\u00f3ximos meses como neutro e 12% consideram como desfavor\u00e1vel.&nbsp;O&nbsp;estudo, realizado&nbsp;em&nbsp;parceria com a Brain Intelig\u00eancia Estrat\u00e9gica, capta periodicamente as percep\u00e7\u00f5es do mercado de&nbsp;infraestrutura&nbsp;na regi\u00e3o. Para esta edi\u00e7\u00e3o, referente ao 3\u00ba trimestre de 2023, foram entrevistados 300&nbsp;empres\u00e1rios&nbsp;com atua\u00e7\u00e3o&nbsp;relevante na Am\u00e9rica Latina.&nbsp;<br><br>No Brasil, a avalia\u00e7\u00e3o&nbsp;positiva&nbsp;pode estar relacionada&nbsp;ao lan\u00e7amento do Novo PAC (Programa de Acelera\u00e7\u00e3o&nbsp;do Crescimento), que promete a&nbsp;retomada de obras que foram paralisadas e&nbsp;o&nbsp;in\u00edcio de novas constru\u00e7\u00f5es. Segundo dados do&nbsp;governo federal,&nbsp;o&nbsp;programa prev\u00ea um investimento de R$ 240 bilh\u00f5es com recursos do or\u00e7amento, nos pr\u00f3ximos quatro anos, para transportes, energia,&nbsp;infraestrutura&nbsp;urbana, social e inclusiva, \u00e1gua e esgoto.<br><br>De acordo com&nbsp;o&nbsp;diretor executivo do GRI, Moises Cona, a melhora na expectativa de&nbsp;investimentos&nbsp;se d\u00e1 tamb\u00e9m pela maturidade do pa\u00eds com rela\u00e7\u00e3o&nbsp;aos&nbsp;investimentos&nbsp;privados, devido ao longo hist\u00f3rico de concess\u00f5es. No M\u00e9xico, por exemplo, quase todo&nbsp;o&nbsp;setor el\u00e9trico permanece no modelo estatal. \u201cNosso diferencial \u00e9 a solidez das institui\u00e7\u00f5es e a capacidade t\u00e9cnica do setor p\u00fablico\u201d, contou.<br><br>Em&nbsp;segundo lugar na lista de locais com mais&nbsp;empres\u00e1rios&nbsp;otimistas&nbsp;est\u00e1&nbsp;o&nbsp;Peru, com 36%, seguido da Col\u00f4mbia, com 23%. No M\u00e9xico, a porcentagem favor\u00e1vel para&nbsp;o&nbsp;cen\u00e1rio \u00e9 de 15% e no Chile, de 10%. Os&nbsp;empres\u00e1rios&nbsp;do Chile contabilizam ainda, a maior parcela entre os que consideram&nbsp;o&nbsp;cen\u00e1rio&nbsp;dos&nbsp;pr\u00f3ximos 12 meses como neutro, com 70% e&nbsp;o&nbsp;Peru \u00e9&nbsp;o&nbsp;que contabiliza mais perspectivas desfavor\u00e1veis, com percentual de 45%.<br><br><strong>Necessidade de avan\u00e7os<\/strong><br>Na m\u00e9dia da regi\u00e3o, que une&nbsp;o&nbsp;percentual de cinco pa\u00edses latinos,&nbsp;o&nbsp;levantamento apontou que&nbsp;o&nbsp;cen\u00e1rio de&nbsp;investimentos&nbsp;para a&nbsp;infraestrutura&nbsp;\u00e9 considerado favor\u00e1vel por 47%&nbsp;dos&nbsp;entrevistados. Os que consideram&nbsp;o&nbsp;cen\u00e1rio neutro formaram 33% do total e os que consideram&nbsp;o&nbsp;cen\u00e1rio desfavor\u00e1vel somam 20%.<br><br>Para Moises Cona, mesmo com dados positivos, os&nbsp;empres\u00e1rios&nbsp;indicam a necessidade de avan\u00e7o&nbsp;em&nbsp;alguns pontos, como&nbsp;o&nbsp;desenvolvimento de projetos na \u00e1rea de&nbsp;infraestrutura&nbsp;social, os quais t\u00eam grande demanda do setor privado e que podem gerar um alto impacto social. Al\u00e9m disso, \u00e9 preciso tamb\u00e9m que os projetos rodovi\u00e1rios sejam redimensionados para incentivar a competi\u00e7\u00e3o, expandindo a oferta de players.<br><br>O&nbsp;term\u00f4metro mostrou ainda que 46%&nbsp;dos&nbsp;l\u00edderes de mercado tiveram suas expectativas concretizadas parcialmente, nos \u00faltimos 12 meses. Outros 29% disseram que as expectativas n\u00e3o&nbsp;se concretizaram parcialmente, 15% avaliaram&nbsp;o&nbsp;quesito como neutro, 9% n\u00e3o&nbsp;teve as expectativas concretizadas totalmente e apenas 5% disseram ter suas expectativas concretizadas&nbsp;em&nbsp;sua totalidade.<br><br><strong>\u00d3rg\u00e3os de controle<\/strong><br>Tamb\u00e9m foi avaliado pelo levantamento&nbsp;o&nbsp;n\u00edvel de relacionamento entre os \u00f3rg\u00e3os de controle e&nbsp;o&nbsp;Poder Executivo. Nesse cen\u00e1rio, 33%&nbsp;dos&nbsp;empres\u00e1rios&nbsp;brasileiros&nbsp;apontaram uma melhora, enquanto 39% afirmaram que&nbsp;o&nbsp;relacionamento permanece igual e 28% relataram uma piora. Fora do Brasil, apenas a Col\u00f4mbia e&nbsp;o&nbsp;Chile n\u00e3o&nbsp;registraram percentuais de melhora.&nbsp;<br><br>No que diz respeito \u00e0 perspectiva de&nbsp;investimentos&nbsp;por setores nos pr\u00f3ximos tr\u00eas anos,&nbsp;o&nbsp;Brasil registrou 69% de inten\u00e7\u00f5es de investimento&nbsp;em&nbsp;saneamento b\u00e1sico, 14%&nbsp;em&nbsp;energia el\u00e9trica e 5%&nbsp;em&nbsp;rodovias. Apenas 29% do empresariado brasileiro acredita realmente&nbsp;em&nbsp;um aumento expressivo no investimento p\u00fablico para a&nbsp;infraestrutura.<br><br>Na opini\u00e3o&nbsp;dos&nbsp;entrevistados,&nbsp;o&nbsp;Brasil aparece&nbsp;em&nbsp;segundo lugar na lista de pa\u00edses com carteira de projetos e ambiente de neg\u00f3cios mais adequado para a\u00e7\u00f5es de&nbsp;infraestrutura&nbsp;e energia, com 25%&nbsp;dos&nbsp;votos.&nbsp;O&nbsp;Chile ficou&nbsp;em&nbsp;primeiro, com uma expectativa de 37%. J\u00e1&nbsp;o&nbsp;M\u00e9xico, a Col\u00f4mbia,&nbsp;o&nbsp;Uruguai, a Am\u00e9rica Central e Caribe,&nbsp;o&nbsp;Peru e&nbsp;o&nbsp;Paraguai ficaram abaixo&nbsp;dos&nbsp;20%.<br><br>Parte do levantamento ouviu os&nbsp;empres\u00e1rios&nbsp;sobre&nbsp;o&nbsp;ambiente de neg\u00f3cio nos estados&nbsp;brasileiros&nbsp;e S\u00e3o&nbsp;Paulo apareceu como lider, com 66%&nbsp;dos&nbsp;entrevistados indicando ser&nbsp;o&nbsp;melhor ambiente para&nbsp;investimentos, seguido de Minas Gerais (11%), Cear\u00e1 (7%) e Bahia (6%).&nbsp;&nbsp;<br><br><strong>Perfil&nbsp;dos&nbsp;entrevistados<\/strong><br>No que diz respeito ao perfil&nbsp;dos&nbsp;entrevistados, 86% s\u00e3o&nbsp;do sexo masculino e apenas 14% s\u00e3o&nbsp;do sexo masculino, sendo que a maior parcela est\u00e1 na faixa et\u00e1ria de 45 a 54 anos de idade e de 55 a 59 anos de idade. Al\u00e9m disso, 66%&nbsp;dos&nbsp;entrevistados ocupam cargos de diretoria, enquanto&nbsp;o&nbsp;restante \u00e9 composto por gerentes, s\u00f3cios e presidentes.<\/p>\n","protected":false},"excerpt":{"rendered":"<p>Elisa Costa e Dimmi Amora, da Ag\u00eancia iNFRA Os&nbsp;empres\u00e1rios&nbsp;brasileiros&nbsp;est\u00e3o&nbsp;mais&nbsp;otimistas&nbsp;com&nbsp;o&nbsp;crescimento do setor de&nbsp;infraestrutura&nbsp;ao longo&nbsp;dos&nbsp;pr\u00f3ximos 12 meses,&nbsp;em&nbsp;compara\u00e7\u00e3o&nbsp;com demais&nbsp;empres\u00e1rios&nbsp;da Am\u00e9rica Latina. A informa\u00e7\u00e3o&nbsp;foi divulgada pelo mais recente Term\u00f4metro de&nbsp;Infraestrutura, produzido pela GRI Club. Segundo os dados, 61%&nbsp;dos&nbsp;l\u00edderes de mercado entrevistados no Brasil consideram&nbsp;o&nbsp;cen\u00e1rio de&nbsp;investimentos&nbsp;na \u00e1rea como favor\u00e1vel. Outros 27%&nbsp;dos&nbsp;empres\u00e1rios&nbsp;brasileiros&nbsp;consideram&nbsp;o&nbsp;cen\u00e1rio para os pr\u00f3ximos meses como neutro e 12% consideram [&hellip;]<\/p>\n","protected":false},"author":1,"featured_media":14006,"comment_status":"closed","ping_status":"closed","sticky":false,"template":"","format":"standard","meta":{"_monsterinsights_skip_tracking":false,"_monsterinsights_sitenote_active":false,"_monsterinsights_sitenote_note":"","_monsterinsights_sitenote_category":0,"footnotes":""},"categories":[7250,1,7],"tags":[877,7353,7350,32,6385,5992,360,2574,2860,179,7351],"class_list":["post-14005","post","type-post","status-publish","format-standard","has-post-thumbnail","hentry","category-destaque-lista","category-geral","category-infratransporte","tag-america-latina","tag-brain-inteligencia-estrategica","tag-gri-club","tag-investimentos","tag-moises-cona","tag-novo-pac","tag-obras","tag-orgaos-de-controle","tag-pesquisa","tag-saneamento","tag-termometro-da-infraestrutura"],"yoast_head":"<!-- This site is optimized with the Yoast SEO Premium plugin v25.4 (Yoast SEO v26.0) - https:\/\/yoast.com\/wordpress\/plugins\/seo\/ -->\n<title>Pesquisa indica empres\u00e1rios brasileiros otimistas com o futuro dos investimentos em infraestrutura - Ag\u00eancia iNFRA<\/title>\n<meta name=\"robots\" content=\"index, follow, max-snippet:-1, max-image-preview:large, max-video-preview:-1\" \/>\n<link rel=\"canonical\" href=\"https:\/\/agenciainfra.com\/blog\/pesquisa-indica-empresarios-brasileiros-otimistas-com-o-futuro-dos-investimentos-em-infraestrutura\/\" \/>\n<meta property=\"og:locale\" content=\"pt_BR\" \/>\n<meta property=\"og:type\" content=\"article\" \/>\n<meta property=\"og:title\" content=\"Pesquisa indica empres\u00e1rios brasileiros otimistas com o futuro dos investimentos em infraestrutura\" \/>\n<meta property=\"og:description\" content=\"Elisa Costa e Dimmi Amora, da Ag\u00eancia iNFRA Os&nbsp;empres\u00e1rios&nbsp;brasileiros&nbsp;est\u00e3o&nbsp;mais&nbsp;otimistas&nbsp;com&nbsp;o&nbsp;crescimento do setor de&nbsp;infraestrutura&nbsp;ao longo&nbsp;dos&nbsp;pr\u00f3ximos 12 meses,&nbsp;em&nbsp;compara\u00e7\u00e3o&nbsp;com demais&nbsp;empres\u00e1rios&nbsp;da Am\u00e9rica Latina. A informa\u00e7\u00e3o&nbsp;foi divulgada pelo mais recente Term\u00f4metro de&nbsp;Infraestrutura, produzido pela GRI Club. Segundo os dados, 61%&nbsp;dos&nbsp;l\u00edderes de mercado entrevistados no Brasil consideram&nbsp;o&nbsp;cen\u00e1rio de&nbsp;investimentos&nbsp;na \u00e1rea como favor\u00e1vel. Outros 27%&nbsp;dos&nbsp;empres\u00e1rios&nbsp;brasileiros&nbsp;consideram&nbsp;o&nbsp;cen\u00e1rio para os pr\u00f3ximos meses como neutro e 12% consideram [&hellip;]\" \/>\n<meta property=\"og:url\" content=\"https:\/\/agenciainfra.com\/blog\/pesquisa-indica-empresarios-brasileiros-otimistas-com-o-futuro-dos-investimentos-em-infraestrutura\/\" \/>\n<meta property=\"og:site_name\" content=\"Ag\u00eancia iNFRA\" \/>\n<meta property=\"article:publisher\" content=\"https:\/\/www.facebook.com\/ageninfra\" \/>\n<meta property=\"article:published_time\" content=\"2023-09-12T12:00:00+00:00\" \/>\n<meta property=\"article:modified_time\" content=\"2026-03-13T12:45:51+00:00\" \/>\n<meta property=\"og:image\" content=\"https:\/\/agenciainfra.com\/blog\/wp-content\/uploads\/2023\/09\/transporte-asfalto-rodovia-foto-governo-federal.png\" \/>\n\t<meta property=\"og:image:width\" content=\"1202\" \/>\n\t<meta property=\"og:image:height\" content=\"676\" \/>\n\t<meta property=\"og:image:type\" content=\"image\/png\" \/>\n<meta name=\"author\" content=\"Ag\u00eancia iNFRA\" \/>\n<meta name=\"twitter:card\" content=\"summary_large_image\" \/>\n<meta name=\"twitter:creator\" content=\"@agencia_infra\" \/>\n<meta name=\"twitter:site\" content=\"@agencia_infra\" \/>\n<meta name=\"twitter:label1\" content=\"Escrito por\" \/>\n\t<meta name=\"twitter:data1\" content=\"Ag\u00eancia iNFRA\" \/>\n\t<meta name=\"twitter:label2\" content=\"Est. tempo de leitura\" \/>\n\t<meta name=\"twitter:data2\" content=\"5 minutos\" \/>\n<script type=\"application\/ld+json\" class=\"yoast-schema-graph\">{\"@context\":\"https:\/\/schema.org\",\"@graph\":[{\"@type\":\"Article\",\"@id\":\"https:\/\/agenciainfra.com\/blog\/pesquisa-indica-empresarios-brasileiros-otimistas-com-o-futuro-dos-investimentos-em-infraestrutura\/#article\",\"isPartOf\":{\"@id\":\"https:\/\/agenciainfra.com\/blog\/pesquisa-indica-empresarios-brasileiros-otimistas-com-o-futuro-dos-investimentos-em-infraestrutura\/\"},\"author\":{\"name\":\"Ag\u00eancia iNFRA\",\"@id\":\"https:\/\/agenciainfra.com\/blog\/#\/schema\/person\/34af08dff6adea4cb22b06612ba7acfa\"},\"headline\":\"Pesquisa indica empres\u00e1rios brasileiros otimistas com o futuro dos investimentos em infraestrutura\",\"datePublished\":\"2023-09-12T12:00:00+00:00\",\"dateModified\":\"2026-03-13T12:45:51+00:00\",\"mainEntityOfPage\":{\"@id\":\"https:\/\/agenciainfra.com\/blog\/pesquisa-indica-empresarios-brasileiros-otimistas-com-o-futuro-dos-investimentos-em-infraestrutura\/\"},\"wordCount\":1025,\"publisher\":{\"@id\":\"https:\/\/agenciainfra.com\/blog\/#organization\"},\"image\":{\"@id\":\"https:\/\/agenciainfra.com\/blog\/pesquisa-indica-empresarios-brasileiros-otimistas-com-o-futuro-dos-investimentos-em-infraestrutura\/#primaryimage\"},\"thumbnailUrl\":\"https:\/\/agenciainfra.com\/blog\/wp-content\/uploads\/2023\/09\/transporte-asfalto-rodovia-foto-governo-federal.png\",\"keywords\":[\"Am\u00e9rica Latina\",\"Brain Intelig\u00eancia Estrat\u00e9gica\",\"GRI Club\",\"Investimentos\",\"Mois\u00e9s Cona\",\"Novo PAC\",\"obras\",\"\u00f3rg\u00e3os de controle\",\"pesquisa\",\"saneamento\",\"Term\u00f4metro da Infraestrutura\"],\"articleSection\":[\"Destaque lista\",\"Geral\",\"iNFRATransporte\"],\"inLanguage\":\"pt-BR\",\"copyrightYear\":\"2023\",\"copyrightHolder\":{\"@id\":\"https:\/\/agenciainfra.com\/blog\/#organization\"}},{\"@type\":\"WebPage\",\"@id\":\"https:\/\/agenciainfra.com\/blog\/pesquisa-indica-empresarios-brasileiros-otimistas-com-o-futuro-dos-investimentos-em-infraestrutura\/\",\"url\":\"https:\/\/agenciainfra.com\/blog\/pesquisa-indica-empresarios-brasileiros-otimistas-com-o-futuro-dos-investimentos-em-infraestrutura\/\",\"name\":\"Pesquisa indica empres\u00e1rios brasileiros otimistas com o futuro dos investimentos em infraestrutura - Ag\u00eancia iNFRA\",\"isPartOf\":{\"@id\":\"https:\/\/agenciainfra.com\/blog\/#website\"},\"primaryImageOfPage\":{\"@id\":\"https:\/\/agenciainfra.com\/blog\/pesquisa-indica-empresarios-brasileiros-otimistas-com-o-futuro-dos-investimentos-em-infraestrutura\/#primaryimage\"},\"image\":{\"@id\":\"https:\/\/agenciainfra.com\/blog\/pesquisa-indica-empresarios-brasileiros-otimistas-com-o-futuro-dos-investimentos-em-infraestrutura\/#primaryimage\"},\"thumbnailUrl\":\"https:\/\/agenciainfra.com\/blog\/wp-content\/uploads\/2023\/09\/transporte-asfalto-rodovia-foto-governo-federal.png\",\"datePublished\":\"2023-09-12T12:00:00+00:00\",\"dateModified\":\"2026-03-13T12:45:51+00:00\",\"breadcrumb\":{\"@id\":\"https:\/\/agenciainfra.com\/blog\/pesquisa-indica-empresarios-brasileiros-otimistas-com-o-futuro-dos-investimentos-em-infraestrutura\/#breadcrumb\"},\"inLanguage\":\"pt-BR\",\"potentialAction\":[{\"@type\":\"ReadAction\",\"target\":[\"https:\/\/agenciainfra.com\/blog\/pesquisa-indica-empresarios-brasileiros-otimistas-com-o-futuro-dos-investimentos-em-infraestrutura\/\"]}]},{\"@type\":\"ImageObject\",\"inLanguage\":\"pt-BR\",\"@id\":\"https:\/\/agenciainfra.com\/blog\/pesquisa-indica-empresarios-brasileiros-otimistas-com-o-futuro-dos-investimentos-em-infraestrutura\/#primaryimage\",\"url\":\"https:\/\/agenciainfra.com\/blog\/wp-content\/uploads\/2023\/09\/transporte-asfalto-rodovia-foto-governo-federal.png\",\"contentUrl\":\"https:\/\/agenciainfra.com\/blog\/wp-content\/uploads\/2023\/09\/transporte-asfalto-rodovia-foto-governo-federal.png\",\"width\":1202,\"height\":676,\"caption\":\"Foto: Governo Federal\"},{\"@type\":\"BreadcrumbList\",\"@id\":\"https:\/\/agenciainfra.com\/blog\/pesquisa-indica-empresarios-brasileiros-otimistas-com-o-futuro-dos-investimentos-em-infraestrutura\/#breadcrumb\",\"itemListElement\":[{\"@type\":\"ListItem\",\"position\":1,\"name\":\"In\u00edcio\",\"item\":\"https:\/\/agenciainfra.com\/blog\/\"},{\"@type\":\"ListItem\",\"position\":2,\"name\":\"Pesquisa indica empres\u00e1rios brasileiros otimistas com o futuro dos investimentos em infraestrutura\"}]},{\"@type\":\"WebSite\",\"@id\":\"https:\/\/agenciainfra.com\/blog\/#website\",\"url\":\"https:\/\/agenciainfra.com\/blog\/\",\"name\":\"Ag\u00eancia iNFRA\",\"description\":\"Multiplataforma de informa\u00e7\u00e3o jornal\u00edstica refer\u00eancia na \u00e1rea de infraestrutura no Brasil!\",\"publisher\":{\"@id\":\"https:\/\/agenciainfra.com\/blog\/#organization\"},\"potentialAction\":[{\"@type\":\"SearchAction\",\"target\":{\"@type\":\"EntryPoint\",\"urlTemplate\":\"https:\/\/agenciainfra.com\/blog\/?s={search_term_string}\"},\"query-input\":{\"@type\":\"PropertyValueSpecification\",\"valueRequired\":true,\"valueName\":\"search_term_string\"}}],\"inLanguage\":\"pt-BR\"},{\"@type\":\"Organization\",\"@id\":\"https:\/\/agenciainfra.com\/blog\/#organization\",\"name\":\"Ag\u00eancia iNFRA\",\"url\":\"https:\/\/agenciainfra.com\/blog\/\",\"logo\":{\"@type\":\"ImageObject\",\"inLanguage\":\"pt-BR\",\"@id\":\"https:\/\/agenciainfra.com\/blog\/#\/schema\/logo\/image\/\",\"url\":\"https:\/\/agenciainfra.com\/blog\/wp-content\/uploads\/2023\/09\/iNFRA_5-e1761735885940.png\",\"contentUrl\":\"https:\/\/agenciainfra.com\/blog\/wp-content\/uploads\/2023\/09\/iNFRA_5-e1761735885940.png\",\"width\":1672,\"height\":454,\"caption\":\"Ag\u00eancia iNFRA\"},\"image\":{\"@id\":\"https:\/\/agenciainfra.com\/blog\/#\/schema\/logo\/image\/\"},\"sameAs\":[\"https:\/\/www.facebook.com\/ageninfra\",\"https:\/\/x.com\/agencia_infra\",\"https:\/\/www.linkedin.com\/company\/ag\u00eanciainfra\/\",\"https:\/\/www.instagram.com\/agenciainfra\/\"]},{\"@type\":\"Person\",\"@id\":\"https:\/\/agenciainfra.com\/blog\/#\/schema\/person\/34af08dff6adea4cb22b06612ba7acfa\",\"name\":\"Ag\u00eancia iNFRA\",\"image\":{\"@type\":\"ImageObject\",\"inLanguage\":\"pt-BR\",\"@id\":\"https:\/\/agenciainfra.com\/blog\/#\/schema\/person\/image\/\",\"url\":\"https:\/\/secure.gravatar.com\/avatar\/d189e01678f06d8eb84d4e01f08eb848b3fffe3f8443818d3c356c66892f5be8?s=96&d=mm&r=g\",\"contentUrl\":\"https:\/\/secure.gravatar.com\/avatar\/d189e01678f06d8eb84d4e01f08eb848b3fffe3f8443818d3c356c66892f5be8?s=96&d=mm&r=g\",\"caption\":\"Ag\u00eancia iNFRA\"},\"url\":\"https:\/\/agenciainfra.com\/blog\/author\/admin\/\"}]}<\/script>\n<!-- \/ Yoast SEO Premium plugin. -->","yoast_head_json":{"title":"Pesquisa indica empres\u00e1rios brasileiros otimistas com o futuro dos investimentos em infraestrutura - Ag\u00eancia iNFRA","robots":{"index":"index","follow":"follow","max-snippet":"max-snippet:-1","max-image-preview":"max-image-preview:large","max-video-preview":"max-video-preview:-1"},"canonical":"https:\/\/agenciainfra.com\/blog\/pesquisa-indica-empresarios-brasileiros-otimistas-com-o-futuro-dos-investimentos-em-infraestrutura\/","og_locale":"pt_BR","og_type":"article","og_title":"Pesquisa indica empres\u00e1rios brasileiros otimistas com o futuro dos investimentos em infraestrutura","og_description":"Elisa Costa e Dimmi Amora, da Ag\u00eancia iNFRA Os&nbsp;empres\u00e1rios&nbsp;brasileiros&nbsp;est\u00e3o&nbsp;mais&nbsp;otimistas&nbsp;com&nbsp;o&nbsp;crescimento do setor de&nbsp;infraestrutura&nbsp;ao longo&nbsp;dos&nbsp;pr\u00f3ximos 12 meses,&nbsp;em&nbsp;compara\u00e7\u00e3o&nbsp;com demais&nbsp;empres\u00e1rios&nbsp;da Am\u00e9rica Latina. A informa\u00e7\u00e3o&nbsp;foi divulgada pelo mais recente Term\u00f4metro de&nbsp;Infraestrutura, produzido pela GRI Club. Segundo os dados, 61%&nbsp;dos&nbsp;l\u00edderes de mercado entrevistados no Brasil consideram&nbsp;o&nbsp;cen\u00e1rio de&nbsp;investimentos&nbsp;na \u00e1rea como favor\u00e1vel. Outros 27%&nbsp;dos&nbsp;empres\u00e1rios&nbsp;brasileiros&nbsp;consideram&nbsp;o&nbsp;cen\u00e1rio para os pr\u00f3ximos meses como neutro e 12% consideram [&hellip;]","og_url":"https:\/\/agenciainfra.com\/blog\/pesquisa-indica-empresarios-brasileiros-otimistas-com-o-futuro-dos-investimentos-em-infraestrutura\/","og_site_name":"Ag\u00eancia iNFRA","article_publisher":"https:\/\/www.facebook.com\/ageninfra","article_published_time":"2023-09-12T12:00:00+00:00","article_modified_time":"2026-03-13T12:45:51+00:00","og_image":[{"width":1202,"height":676,"url":"https:\/\/agenciainfra.com\/blog\/wp-content\/uploads\/2023\/09\/transporte-asfalto-rodovia-foto-governo-federal.png","type":"image\/png"}],"author":"Ag\u00eancia iNFRA","twitter_card":"summary_large_image","twitter_creator":"@agencia_infra","twitter_site":"@agencia_infra","twitter_misc":{"Escrito por":"Ag\u00eancia iNFRA","Est. tempo de leitura":"5 minutos"},"schema":{"@context":"https:\/\/schema.org","@graph":[{"@type":"Article","@id":"https:\/\/agenciainfra.com\/blog\/pesquisa-indica-empresarios-brasileiros-otimistas-com-o-futuro-dos-investimentos-em-infraestrutura\/#article","isPartOf":{"@id":"https:\/\/agenciainfra.com\/blog\/pesquisa-indica-empresarios-brasileiros-otimistas-com-o-futuro-dos-investimentos-em-infraestrutura\/"},"author":{"name":"Ag\u00eancia iNFRA","@id":"https:\/\/agenciainfra.com\/blog\/#\/schema\/person\/34af08dff6adea4cb22b06612ba7acfa"},"headline":"Pesquisa indica empres\u00e1rios brasileiros otimistas com o futuro dos investimentos em infraestrutura","datePublished":"2023-09-12T12:00:00+00:00","dateModified":"2026-03-13T12:45:51+00:00","mainEntityOfPage":{"@id":"https:\/\/agenciainfra.com\/blog\/pesquisa-indica-empresarios-brasileiros-otimistas-com-o-futuro-dos-investimentos-em-infraestrutura\/"},"wordCount":1025,"publisher":{"@id":"https:\/\/agenciainfra.com\/blog\/#organization"},"image":{"@id":"https:\/\/agenciainfra.com\/blog\/pesquisa-indica-empresarios-brasileiros-otimistas-com-o-futuro-dos-investimentos-em-infraestrutura\/#primaryimage"},"thumbnailUrl":"https:\/\/agenciainfra.com\/blog\/wp-content\/uploads\/2023\/09\/transporte-asfalto-rodovia-foto-governo-federal.png","keywords":["Am\u00e9rica Latina","Brain Intelig\u00eancia Estrat\u00e9gica","GRI Club","Investimentos","Mois\u00e9s Cona","Novo PAC","obras","\u00f3rg\u00e3os de controle","pesquisa","saneamento","Term\u00f4metro da Infraestrutura"],"articleSection":["Destaque lista","Geral","iNFRATransporte"],"inLanguage":"pt-BR","copyrightYear":"2023","copyrightHolder":{"@id":"https:\/\/agenciainfra.com\/blog\/#organization"}},{"@type":"WebPage","@id":"https:\/\/agenciainfra.com\/blog\/pesquisa-indica-empresarios-brasileiros-otimistas-com-o-futuro-dos-investimentos-em-infraestrutura\/","url":"https:\/\/agenciainfra.com\/blog\/pesquisa-indica-empresarios-brasileiros-otimistas-com-o-futuro-dos-investimentos-em-infraestrutura\/","name":"Pesquisa indica empres\u00e1rios brasileiros otimistas com o futuro dos investimentos em infraestrutura - Ag\u00eancia iNFRA","isPartOf":{"@id":"https:\/\/agenciainfra.com\/blog\/#website"},"primaryImageOfPage":{"@id":"https:\/\/agenciainfra.com\/blog\/pesquisa-indica-empresarios-brasileiros-otimistas-com-o-futuro-dos-investimentos-em-infraestrutura\/#primaryimage"},"image":{"@id":"https:\/\/agenciainfra.com\/blog\/pesquisa-indica-empresarios-brasileiros-otimistas-com-o-futuro-dos-investimentos-em-infraestrutura\/#primaryimage"},"thumbnailUrl":"https:\/\/agenciainfra.com\/blog\/wp-content\/uploads\/2023\/09\/transporte-asfalto-rodovia-foto-governo-federal.png","datePublished":"2023-09-12T12:00:00+00:00","dateModified":"2026-03-13T12:45:51+00:00","breadcrumb":{"@id":"https:\/\/agenciainfra.com\/blog\/pesquisa-indica-empresarios-brasileiros-otimistas-com-o-futuro-dos-investimentos-em-infraestrutura\/#breadcrumb"},"inLanguage":"pt-BR","potentialAction":[{"@type":"ReadAction","target":["https:\/\/agenciainfra.com\/blog\/pesquisa-indica-empresarios-brasileiros-otimistas-com-o-futuro-dos-investimentos-em-infraestrutura\/"]}]},{"@type":"ImageObject","inLanguage":"pt-BR","@id":"https:\/\/agenciainfra.com\/blog\/pesquisa-indica-empresarios-brasileiros-otimistas-com-o-futuro-dos-investimentos-em-infraestrutura\/#primaryimage","url":"https:\/\/agenciainfra.com\/blog\/wp-content\/uploads\/2023\/09\/transporte-asfalto-rodovia-foto-governo-federal.png","contentUrl":"https:\/\/agenciainfra.com\/blog\/wp-content\/uploads\/2023\/09\/transporte-asfalto-rodovia-foto-governo-federal.png","width":1202,"height":676,"caption":"Foto: Governo Federal"},{"@type":"BreadcrumbList","@id":"https:\/\/agenciainfra.com\/blog\/pesquisa-indica-empresarios-brasileiros-otimistas-com-o-futuro-dos-investimentos-em-infraestrutura\/#breadcrumb","itemListElement":[{"@type":"ListItem","position":1,"name":"In\u00edcio","item":"https:\/\/agenciainfra.com\/blog\/"},{"@type":"ListItem","position":2,"name":"Pesquisa indica empres\u00e1rios brasileiros otimistas com o futuro dos investimentos em infraestrutura"}]},{"@type":"WebSite","@id":"https:\/\/agenciainfra.com\/blog\/#website","url":"https:\/\/agenciainfra.com\/blog\/","name":"Ag\u00eancia iNFRA","description":"Multiplataforma de informa\u00e7\u00e3o jornal\u00edstica refer\u00eancia na \u00e1rea de infraestrutura no Brasil!","publisher":{"@id":"https:\/\/agenciainfra.com\/blog\/#organization"},"potentialAction":[{"@type":"SearchAction","target":{"@type":"EntryPoint","urlTemplate":"https:\/\/agenciainfra.com\/blog\/?s={search_term_string}"},"query-input":{"@type":"PropertyValueSpecification","valueRequired":true,"valueName":"search_term_string"}}],"inLanguage":"pt-BR"},{"@type":"Organization","@id":"https:\/\/agenciainfra.com\/blog\/#organization","name":"Ag\u00eancia iNFRA","url":"https:\/\/agenciainfra.com\/blog\/","logo":{"@type":"ImageObject","inLanguage":"pt-BR","@id":"https:\/\/agenciainfra.com\/blog\/#\/schema\/logo\/image\/","url":"https:\/\/agenciainfra.com\/blog\/wp-content\/uploads\/2023\/09\/iNFRA_5-e1761735885940.png","contentUrl":"https:\/\/agenciainfra.com\/blog\/wp-content\/uploads\/2023\/09\/iNFRA_5-e1761735885940.png","width":1672,"height":454,"caption":"Ag\u00eancia iNFRA"},"image":{"@id":"https:\/\/agenciainfra.com\/blog\/#\/schema\/logo\/image\/"},"sameAs":["https:\/\/www.facebook.com\/ageninfra","https:\/\/x.com\/agencia_infra","https:\/\/www.linkedin.com\/company\/ag\u00eanciainfra\/","https:\/\/www.instagram.com\/agenciainfra\/"]},{"@type":"Person","@id":"https:\/\/agenciainfra.com\/blog\/#\/schema\/person\/34af08dff6adea4cb22b06612ba7acfa","name":"Ag\u00eancia iNFRA","image":{"@type":"ImageObject","inLanguage":"pt-BR","@id":"https:\/\/agenciainfra.com\/blog\/#\/schema\/person\/image\/","url":"https:\/\/secure.gravatar.com\/avatar\/d189e01678f06d8eb84d4e01f08eb848b3fffe3f8443818d3c356c66892f5be8?s=96&d=mm&r=g","contentUrl":"https:\/\/secure.gravatar.com\/avatar\/d189e01678f06d8eb84d4e01f08eb848b3fffe3f8443818d3c356c66892f5be8?s=96&d=mm&r=g","caption":"Ag\u00eancia iNFRA"},"url":"https:\/\/agenciainfra.com\/blog\/author\/admin\/"}]}},"_links":{"self":[{"href":"https:\/\/agenciainfra.com\/blog\/wp-json\/wp\/v2\/posts\/14005","targetHints":{"allow":["GET"]}}],"collection":[{"href":"https:\/\/agenciainfra.com\/blog\/wp-json\/wp\/v2\/posts"}],"about":[{"href":"https:\/\/agenciainfra.com\/blog\/wp-json\/wp\/v2\/types\/post"}],"author":[{"embeddable":true,"href":"https:\/\/agenciainfra.com\/blog\/wp-json\/wp\/v2\/users\/1"}],"replies":[{"embeddable":true,"href":"https:\/\/agenciainfra.com\/blog\/wp-json\/wp\/v2\/comments?post=14005"}],"version-history":[{"count":1,"href":"https:\/\/agenciainfra.com\/blog\/wp-json\/wp\/v2\/posts\/14005\/revisions"}],"predecessor-version":[{"id":37829,"href":"https:\/\/agenciainfra.com\/blog\/wp-json\/wp\/v2\/posts\/14005\/revisions\/37829"}],"wp:featuredmedia":[{"embeddable":true,"href":"https:\/\/agenciainfra.com\/blog\/wp-json\/wp\/v2\/media\/14006"}],"wp:attachment":[{"href":"https:\/\/agenciainfra.com\/blog\/wp-json\/wp\/v2\/media?parent=14005"}],"wp:term":[{"taxonomy":"category","embeddable":true,"href":"https:\/\/agenciainfra.com\/blog\/wp-json\/wp\/v2\/categories?post=14005"},{"taxonomy":"post_tag","embeddable":true,"href":"https:\/\/agenciainfra.com\/blog\/wp-json\/wp\/v2\/tags?post=14005"}],"curies":[{"name":"wp","href":"https:\/\/api.w.org\/{rel}","templated":true}]}}