{"id":1401,"date":"2018-04-07T01:01:42","date_gmt":"2018-04-07T04:01:42","guid":{"rendered":"http:\/\/www.agenciainfra.com\/blog\/?p=1401"},"modified":"2018-04-06T09:21:48","modified_gmt":"2018-04-06T12:21:48","slug":"consorcios-contestam-disputa-pela-pmi-para-a-concessao-de-13-aeroportos","status":"publish","type":"post","link":"https:\/\/agenciainfra.com\/blog\/consorcios-contestam-disputa-pela-pmi-para-a-concessao-de-13-aeroportos\/","title":{"rendered":"Cons\u00f3rcios contestam disputa pela PMI para a concess\u00e3o de 13 aeroportos"},"content":{"rendered":"<div>\n<h5 style=\"text-align: right;\"><strong>Dimmi Amora, da Ag\u00eancia iNFRA<\/strong><\/h5>\n<p>Os dois cons\u00f3rcios que perderam a disputa para a realiza\u00e7\u00e3o das PMI (Proposi\u00e7\u00e3o de Manifesta\u00e7\u00e3o de Interesse) dos estudos para\u00a0concess\u00e3o dos tr\u00eas blocos de aeroportos que o governo federal pretende conceder entraram, na quinta-feira (5), com recurso contestando a decis\u00e3o que deu a vit\u00f3ria ao grupo liderado pela empresa Moyses &amp; Pires Advogados Associados.<\/p>\n<p>A alega\u00e7\u00e3o dos dois\u00a0cons\u00f3rcios, um liderado pela BF Capital e outro pela Progen Engenharia, \u00e9\u00a0que o grupo vencedor apresentou estudos incompat\u00edveis com o pedido no edital, com descumprimento de regras e falhas nos levantamentos. Tamb\u00e9m s\u00e3o apontadas inconsist\u00eancias na an\u00e1lise feita pela comiss\u00e3o julgadora do Minist\u00e9rio dos Transportes, Portos e Avia\u00e7\u00e3o Civil, com discrep\u00e2ncia em rela\u00e7\u00e3o \u00e0s notas dadas. Ambos pedem a anula\u00e7\u00e3o da decis\u00e3o\u00a0e que sejam revistos os crit\u00e9rios de pontua\u00e7\u00e3o.<\/p>\n<p>O julgamento para escolher o cons\u00f3rcio vencedor\u00a0consistiu na\u00a0distribui\u00e7\u00e3o de notas a mais de 60 crit\u00e9rios, divididos em quatro grupos: Estudo de Mercado, de Engenharia, Ambiental e An\u00e1lise Econ\u00f4mica. A primeira avalia\u00e7\u00e3o\u00a0era dada pelo cumprimento da obriga\u00e7\u00e3o. A\u00a0segunda, para a qualidade dos levantamentos em rela\u00e7\u00e3o a cada um desses pontos. As notas de qualidade eram concedidas para\u00a0cada um dos 13 aeroportos, o que leva a mais de 700 itens de an\u00e1lise para cada cons\u00f3rcio. Um deles, o da Progen, no entanto, n\u00e3o entregou a documenta\u00e7\u00e3o para as unidades do Nordeste. A da BF Capital n\u00e3o foi analisada para o Mato Grosso.<\/p>\n<p>Toda a\u00a0an\u00e1lise da comiss\u00e3o composta por nove integrantes foi realizada em um m\u00eas.<\/p>\n<p>As notas finais dadas ao cons\u00f3rcio liderado pela Moyses e Pires (Bacco Arquitetos, CPEA Consultoria, Infraway Engenharia, Proficenter Neg\u00f3cios em Infraestrutura, Terrafirma Consultoria, Geasanevita Enenharia, Daniel Pires Barbosa \u2013 ME, Gildzaio Colpo Faturi \u2013 ME e Solocap) foram em m\u00e9dia cerca de 50% maiores que a dos concorrentes. Mas num dos itens, essa diferen\u00e7a foi ainda maior, a an\u00e1lise de engenharia.<\/p>\n<p>Os cons\u00f3rcios derrotados t\u00eam entre os participantes companhias com experi\u00eancia em realiza\u00e7\u00e3o desse tipo de estudo, inclusive com vit\u00f3ria na modelagem de concess\u00f5es aeroportu\u00e1rias anteriores. No entanto, a m\u00e9dia das notas dos estudos de engenharia do vencedor \u00e9 entre 85% e 190% superior \u00e0 dos cons\u00f3rcios eliminados, que s\u00e3o: BF Capital, Aecom do Brasil, Arap, Nishi &amp; Uyeda Advogados, Urban System e Deux Consultores; e Progen, Logit, JGP Consultoria e Queiroz Maluf Advogados.<\/p>\n<p>No caso do Aeroporto de Cuiab\u00e1 (MT), por exemplo, a nota m\u00e9dia da Moyses foi de 93%, com o m\u00e1ximo sendo de 100%. A da Progen, 51%. Em Vit\u00f3ria (ES), a vencedora chegou a 99,03%, enquanto as notas da segunda e da terceira colocadas foram 49,7% e 34,7%, respectivamente. O relat\u00f3rio da comiss\u00e3o est\u00e1\u00a0<a href=\"https:\/\/drive.google.com\/file\/d\/1lZBJ9e3UKtz10Kvj3HWdkINuU6Uu6M0e\/view?usp=sharing\" target=\"_blank\" rel=\"noopener\">neste link<\/a>.<\/p>\n<p>As m\u00e9dias das notas do vencedor tamb\u00e9m se situam sempre acima de 84%, o que elevou o valor do ressarcimento previsto, caso o leil\u00e3o seja realizado. Isso porque, pelo crit\u00e9rio do edital, quanto mais alta a pontua\u00e7\u00e3o, menor o desconto sobre o teto que o governo estipula para o ressarcimento. Juntando os 3 grupos de aeroportos, o ressarcimento seria de R$ 60 milh\u00f5es. Esse ressarcimento \u00e9 pago pelo vencedor da licita\u00e7\u00e3o, mas colocado como custo dele no leil\u00e3o.<\/p>\n<p><img fetchpriority=\"high\" decoding=\"async\" class=\"aligncenter\" src=\"https:\/\/gallery.mailchimp.com\/d460dd1bcf9ba0ae040e1fc0f\/images\/33ddf07f-1fb1-43dd-ad0b-5d4117f73adf.png\" width=\"600\" height=\"194\" data-file-id=\"983231\" \/><\/p>\n<p><strong>Diferen\u00e7a<\/strong><br \/>\nA\u00a0<strong>Ag\u00eancia iNFRA<\/strong>\u00a0conversou com uma fonte envolvida na an\u00e1lise. Segundo a fonte, havia uma diferen\u00e7a na qualidade entre o material da vencedora e a dos outros concorrentes, mas que o recurso das empresas ter\u00e1 que ser analisado com todo o cuidado para que o processo possa ter continuidade.<\/p>\n<p>Um recurso com a forma e o tipo de contesta\u00e7\u00e3o apresentados, no entanto, tende a deixar o processo mais lento e arriscado, principalmente se considerando que o atual governo tem, em tese, somente at\u00e9 o fim deste ano para realizar a disputa, que ocorrer\u00e1 num momento delicado por ser per\u00edodo eleitoral e pela alta carga de fiscaliza\u00e7\u00e3o dos \u00f3rg\u00e3os de controle sobre o processo de concess\u00e3o.<\/p>\n<\/div>\n","protected":false},"excerpt":{"rendered":"<p>Dimmi Amora, da Ag\u00eancia iNFRA Os dois cons\u00f3rcios que perderam a disputa para a realiza\u00e7\u00e3o das PMI (Proposi\u00e7\u00e3o de Manifesta\u00e7\u00e3o de Interesse) dos estudos para\u00a0concess\u00e3o dos tr\u00eas blocos de aeroportos que o governo federal pretende conceder entraram, na quinta-feira (5), com recurso contestando a decis\u00e3o que deu a vit\u00f3ria ao grupo liderado pela empresa Moyses [&hellip;]<\/p>\n","protected":false},"author":1,"featured_media":1325,"comment_status":"closed","ping_status":"open","sticky":false,"template":"","format":"standard","meta":{"_monsterinsights_skip_tracking":false,"_monsterinsights_sitenote_active":false,"_monsterinsights_sitenote_note":"","_monsterinsights_sitenote_category":0,"footnotes":""},"categories":[7],"tags":[107,135,22,61,136,65,134,70],"class_list":["post-1401","post","type-post","status-publish","format-standard","has-post-thumbnail","hentry","category-infratransporte","tag-aeroportos","tag-br-capital","tag-concessao","tag-infraero","tag-moyses-pires","tag-pmi","tag-progen","tag-transportes"],"yoast_head":"<!-- This site is optimized with the Yoast SEO Premium plugin v25.4 (Yoast SEO v26.0) - https:\/\/yoast.com\/wordpress\/plugins\/seo\/ -->\n<title>Cons\u00f3rcios contestam disputa pela PMI para a concess\u00e3o de 13 aeroportos - Ag\u00eancia iNFRA<\/title>\n<meta name=\"robots\" content=\"index, follow, max-snippet:-1, max-image-preview:large, max-video-preview:-1\" \/>\n<link rel=\"canonical\" href=\"https:\/\/agenciainfra.com\/blog\/consorcios-contestam-disputa-pela-pmi-para-a-concessao-de-13-aeroportos\/\" \/>\n<meta property=\"og:locale\" content=\"pt_BR\" \/>\n<meta property=\"og:type\" content=\"article\" \/>\n<meta property=\"og:title\" content=\"Cons\u00f3rcios contestam disputa pela PMI para a concess\u00e3o de 13 aeroportos\" \/>\n<meta property=\"og:description\" content=\"Dimmi Amora, da Ag\u00eancia iNFRA Os dois cons\u00f3rcios que perderam a disputa para a realiza\u00e7\u00e3o das PMI (Proposi\u00e7\u00e3o de Manifesta\u00e7\u00e3o de Interesse) dos estudos para\u00a0concess\u00e3o dos tr\u00eas blocos de aeroportos que o governo federal pretende conceder entraram, na quinta-feira (5), com recurso contestando a decis\u00e3o que deu a vit\u00f3ria ao grupo liderado pela empresa Moyses [&hellip;]\" \/>\n<meta property=\"og:url\" content=\"https:\/\/agenciainfra.com\/blog\/consorcios-contestam-disputa-pela-pmi-para-a-concessao-de-13-aeroportos\/\" \/>\n<meta property=\"og:site_name\" content=\"Ag\u00eancia iNFRA\" \/>\n<meta property=\"article:publisher\" content=\"https:\/\/www.facebook.com\/ageninfra\" \/>\n<meta property=\"article:published_time\" content=\"2018-04-07T04:01:42+00:00\" \/>\n<meta property=\"og:image\" content=\"https:\/\/agenciainfra.com\/blog\/wp-content\/uploads\/2018\/03\/21631052518_20e3688ceb_k_divulgacao_infraero.jpg\" \/>\n\t<meta property=\"og:image:width\" content=\"2048\" \/>\n\t<meta property=\"og:image:height\" content=\"1360\" \/>\n\t<meta property=\"og:image:type\" content=\"image\/jpeg\" \/>\n<meta name=\"author\" content=\"Ag\u00eancia iNFRA\" \/>\n<meta name=\"twitter:card\" content=\"summary_large_image\" \/>\n<meta name=\"twitter:creator\" content=\"@agencia_infra\" \/>\n<meta name=\"twitter:site\" content=\"@agencia_infra\" \/>\n<meta name=\"twitter:label1\" content=\"Escrito por\" \/>\n\t<meta name=\"twitter:data1\" content=\"Ag\u00eancia iNFRA\" \/>\n\t<meta name=\"twitter:label2\" content=\"Est. tempo de leitura\" \/>\n\t<meta name=\"twitter:data2\" content=\"3 minutos\" \/>\n<script type=\"application\/ld+json\" class=\"yoast-schema-graph\">{\"@context\":\"https:\/\/schema.org\",\"@graph\":[{\"@type\":\"Article\",\"@id\":\"https:\/\/agenciainfra.com\/blog\/consorcios-contestam-disputa-pela-pmi-para-a-concessao-de-13-aeroportos\/#article\",\"isPartOf\":{\"@id\":\"https:\/\/agenciainfra.com\/blog\/consorcios-contestam-disputa-pela-pmi-para-a-concessao-de-13-aeroportos\/\"},\"author\":{\"name\":\"Ag\u00eancia iNFRA\",\"@id\":\"https:\/\/agenciainfra.com\/blog\/#\/schema\/person\/34af08dff6adea4cb22b06612ba7acfa\"},\"headline\":\"Cons\u00f3rcios contestam disputa pela PMI para a concess\u00e3o de 13 aeroportos\",\"datePublished\":\"2018-04-07T04:01:42+00:00\",\"mainEntityOfPage\":{\"@id\":\"https:\/\/agenciainfra.com\/blog\/consorcios-contestam-disputa-pela-pmi-para-a-concessao-de-13-aeroportos\/\"},\"wordCount\":706,\"publisher\":{\"@id\":\"https:\/\/agenciainfra.com\/blog\/#organization\"},\"image\":{\"@id\":\"https:\/\/agenciainfra.com\/blog\/consorcios-contestam-disputa-pela-pmi-para-a-concessao-de-13-aeroportos\/#primaryimage\"},\"thumbnailUrl\":\"https:\/\/agenciainfra.com\/blog\/wp-content\/uploads\/2018\/03\/21631052518_20e3688ceb_k_divulgacao_infraero.jpg\",\"keywords\":[\"aeroportos\",\"BR Capital\",\"Concess\u00e3o\",\"Infraero\",\"Moyses &amp; Pires\",\"PMI\",\"Progen\",\"transportes\"],\"articleSection\":[\"iNFRATransporte\"],\"inLanguage\":\"pt-BR\",\"copyrightYear\":\"2018\",\"copyrightHolder\":{\"@id\":\"https:\/\/agenciainfra.com\/blog\/#organization\"}},{\"@type\":\"WebPage\",\"@id\":\"https:\/\/agenciainfra.com\/blog\/consorcios-contestam-disputa-pela-pmi-para-a-concessao-de-13-aeroportos\/\",\"url\":\"https:\/\/agenciainfra.com\/blog\/consorcios-contestam-disputa-pela-pmi-para-a-concessao-de-13-aeroportos\/\",\"name\":\"Cons\u00f3rcios contestam disputa pela PMI para a concess\u00e3o de 13 aeroportos - Ag\u00eancia iNFRA\",\"isPartOf\":{\"@id\":\"https:\/\/agenciainfra.com\/blog\/#website\"},\"primaryImageOfPage\":{\"@id\":\"https:\/\/agenciainfra.com\/blog\/consorcios-contestam-disputa-pela-pmi-para-a-concessao-de-13-aeroportos\/#primaryimage\"},\"image\":{\"@id\":\"https:\/\/agenciainfra.com\/blog\/consorcios-contestam-disputa-pela-pmi-para-a-concessao-de-13-aeroportos\/#primaryimage\"},\"thumbnailUrl\":\"https:\/\/agenciainfra.com\/blog\/wp-content\/uploads\/2018\/03\/21631052518_20e3688ceb_k_divulgacao_infraero.jpg\",\"datePublished\":\"2018-04-07T04:01:42+00:00\",\"breadcrumb\":{\"@id\":\"https:\/\/agenciainfra.com\/blog\/consorcios-contestam-disputa-pela-pmi-para-a-concessao-de-13-aeroportos\/#breadcrumb\"},\"inLanguage\":\"pt-BR\",\"potentialAction\":[{\"@type\":\"ReadAction\",\"target\":[\"https:\/\/agenciainfra.com\/blog\/consorcios-contestam-disputa-pela-pmi-para-a-concessao-de-13-aeroportos\/\"]}]},{\"@type\":\"ImageObject\",\"inLanguage\":\"pt-BR\",\"@id\":\"https:\/\/agenciainfra.com\/blog\/consorcios-contestam-disputa-pela-pmi-para-a-concessao-de-13-aeroportos\/#primaryimage\",\"url\":\"https:\/\/agenciainfra.com\/blog\/wp-content\/uploads\/2018\/03\/21631052518_20e3688ceb_k_divulgacao_infraero.jpg\",\"contentUrl\":\"https:\/\/agenciainfra.com\/blog\/wp-content\/uploads\/2018\/03\/21631052518_20e3688ceb_k_divulgacao_infraero.jpg\",\"width\":2048,\"height\":1360},{\"@type\":\"BreadcrumbList\",\"@id\":\"https:\/\/agenciainfra.com\/blog\/consorcios-contestam-disputa-pela-pmi-para-a-concessao-de-13-aeroportos\/#breadcrumb\",\"itemListElement\":[{\"@type\":\"ListItem\",\"position\":1,\"name\":\"In\u00edcio\",\"item\":\"https:\/\/agenciainfra.com\/blog\/\"},{\"@type\":\"ListItem\",\"position\":2,\"name\":\"Cons\u00f3rcios contestam disputa pela PMI para a concess\u00e3o de 13 aeroportos\"}]},{\"@type\":\"WebSite\",\"@id\":\"https:\/\/agenciainfra.com\/blog\/#website\",\"url\":\"https:\/\/agenciainfra.com\/blog\/\",\"name\":\"Ag\u00eancia iNFRA\",\"description\":\"Multiplataforma de informa\u00e7\u00e3o jornal\u00edstica refer\u00eancia na \u00e1rea de infraestrutura no Brasil!\",\"publisher\":{\"@id\":\"https:\/\/agenciainfra.com\/blog\/#organization\"},\"potentialAction\":[{\"@type\":\"SearchAction\",\"target\":{\"@type\":\"EntryPoint\",\"urlTemplate\":\"https:\/\/agenciainfra.com\/blog\/?s={search_term_string}\"},\"query-input\":{\"@type\":\"PropertyValueSpecification\",\"valueRequired\":true,\"valueName\":\"search_term_string\"}}],\"inLanguage\":\"pt-BR\"},{\"@type\":\"Organization\",\"@id\":\"https:\/\/agenciainfra.com\/blog\/#organization\",\"name\":\"Ag\u00eancia iNFRA\",\"url\":\"https:\/\/agenciainfra.com\/blog\/\",\"logo\":{\"@type\":\"ImageObject\",\"inLanguage\":\"pt-BR\",\"@id\":\"https:\/\/agenciainfra.com\/blog\/#\/schema\/logo\/image\/\",\"url\":\"https:\/\/agenciainfra.com\/blog\/wp-content\/uploads\/2023\/09\/iNFRA_5-e1761735885940.png\",\"contentUrl\":\"https:\/\/agenciainfra.com\/blog\/wp-content\/uploads\/2023\/09\/iNFRA_5-e1761735885940.png\",\"width\":1672,\"height\":454,\"caption\":\"Ag\u00eancia iNFRA\"},\"image\":{\"@id\":\"https:\/\/agenciainfra.com\/blog\/#\/schema\/logo\/image\/\"},\"sameAs\":[\"https:\/\/www.facebook.com\/ageninfra\",\"https:\/\/x.com\/agencia_infra\",\"https:\/\/www.linkedin.com\/company\/ag\u00eanciainfra\/\",\"https:\/\/www.instagram.com\/agenciainfra\/\"]},{\"@type\":\"Person\",\"@id\":\"https:\/\/agenciainfra.com\/blog\/#\/schema\/person\/34af08dff6adea4cb22b06612ba7acfa\",\"name\":\"Ag\u00eancia iNFRA\",\"image\":{\"@type\":\"ImageObject\",\"inLanguage\":\"pt-BR\",\"@id\":\"https:\/\/agenciainfra.com\/blog\/#\/schema\/person\/image\/\",\"url\":\"https:\/\/secure.gravatar.com\/avatar\/d189e01678f06d8eb84d4e01f08eb848b3fffe3f8443818d3c356c66892f5be8?s=96&d=mm&r=g\",\"contentUrl\":\"https:\/\/secure.gravatar.com\/avatar\/d189e01678f06d8eb84d4e01f08eb848b3fffe3f8443818d3c356c66892f5be8?s=96&d=mm&r=g\",\"caption\":\"Ag\u00eancia iNFRA\"},\"url\":\"https:\/\/agenciainfra.com\/blog\/author\/admin\/\"}]}<\/script>\n<!-- \/ Yoast SEO Premium plugin. -->","yoast_head_json":{"title":"Cons\u00f3rcios contestam disputa pela PMI para a concess\u00e3o de 13 aeroportos - Ag\u00eancia iNFRA","robots":{"index":"index","follow":"follow","max-snippet":"max-snippet:-1","max-image-preview":"max-image-preview:large","max-video-preview":"max-video-preview:-1"},"canonical":"https:\/\/agenciainfra.com\/blog\/consorcios-contestam-disputa-pela-pmi-para-a-concessao-de-13-aeroportos\/","og_locale":"pt_BR","og_type":"article","og_title":"Cons\u00f3rcios contestam disputa pela PMI para a concess\u00e3o de 13 aeroportos","og_description":"Dimmi Amora, da Ag\u00eancia iNFRA Os dois cons\u00f3rcios que perderam a disputa para a realiza\u00e7\u00e3o das PMI (Proposi\u00e7\u00e3o de Manifesta\u00e7\u00e3o de Interesse) dos estudos para\u00a0concess\u00e3o dos tr\u00eas blocos de aeroportos que o governo federal pretende conceder entraram, na quinta-feira (5), com recurso contestando a decis\u00e3o que deu a vit\u00f3ria ao grupo liderado pela empresa Moyses [&hellip;]","og_url":"https:\/\/agenciainfra.com\/blog\/consorcios-contestam-disputa-pela-pmi-para-a-concessao-de-13-aeroportos\/","og_site_name":"Ag\u00eancia iNFRA","article_publisher":"https:\/\/www.facebook.com\/ageninfra","article_published_time":"2018-04-07T04:01:42+00:00","og_image":[{"width":2048,"height":1360,"url":"https:\/\/agenciainfra.com\/blog\/wp-content\/uploads\/2018\/03\/21631052518_20e3688ceb_k_divulgacao_infraero.jpg","type":"image\/jpeg"}],"author":"Ag\u00eancia iNFRA","twitter_card":"summary_large_image","twitter_creator":"@agencia_infra","twitter_site":"@agencia_infra","twitter_misc":{"Escrito por":"Ag\u00eancia iNFRA","Est. tempo de leitura":"3 minutos"},"schema":{"@context":"https:\/\/schema.org","@graph":[{"@type":"Article","@id":"https:\/\/agenciainfra.com\/blog\/consorcios-contestam-disputa-pela-pmi-para-a-concessao-de-13-aeroportos\/#article","isPartOf":{"@id":"https:\/\/agenciainfra.com\/blog\/consorcios-contestam-disputa-pela-pmi-para-a-concessao-de-13-aeroportos\/"},"author":{"name":"Ag\u00eancia iNFRA","@id":"https:\/\/agenciainfra.com\/blog\/#\/schema\/person\/34af08dff6adea4cb22b06612ba7acfa"},"headline":"Cons\u00f3rcios contestam disputa pela PMI para a concess\u00e3o de 13 aeroportos","datePublished":"2018-04-07T04:01:42+00:00","mainEntityOfPage":{"@id":"https:\/\/agenciainfra.com\/blog\/consorcios-contestam-disputa-pela-pmi-para-a-concessao-de-13-aeroportos\/"},"wordCount":706,"publisher":{"@id":"https:\/\/agenciainfra.com\/blog\/#organization"},"image":{"@id":"https:\/\/agenciainfra.com\/blog\/consorcios-contestam-disputa-pela-pmi-para-a-concessao-de-13-aeroportos\/#primaryimage"},"thumbnailUrl":"https:\/\/agenciainfra.com\/blog\/wp-content\/uploads\/2018\/03\/21631052518_20e3688ceb_k_divulgacao_infraero.jpg","keywords":["aeroportos","BR Capital","Concess\u00e3o","Infraero","Moyses &amp; Pires","PMI","Progen","transportes"],"articleSection":["iNFRATransporte"],"inLanguage":"pt-BR","copyrightYear":"2018","copyrightHolder":{"@id":"https:\/\/agenciainfra.com\/blog\/#organization"}},{"@type":"WebPage","@id":"https:\/\/agenciainfra.com\/blog\/consorcios-contestam-disputa-pela-pmi-para-a-concessao-de-13-aeroportos\/","url":"https:\/\/agenciainfra.com\/blog\/consorcios-contestam-disputa-pela-pmi-para-a-concessao-de-13-aeroportos\/","name":"Cons\u00f3rcios contestam disputa pela PMI para a concess\u00e3o de 13 aeroportos - Ag\u00eancia iNFRA","isPartOf":{"@id":"https:\/\/agenciainfra.com\/blog\/#website"},"primaryImageOfPage":{"@id":"https:\/\/agenciainfra.com\/blog\/consorcios-contestam-disputa-pela-pmi-para-a-concessao-de-13-aeroportos\/#primaryimage"},"image":{"@id":"https:\/\/agenciainfra.com\/blog\/consorcios-contestam-disputa-pela-pmi-para-a-concessao-de-13-aeroportos\/#primaryimage"},"thumbnailUrl":"https:\/\/agenciainfra.com\/blog\/wp-content\/uploads\/2018\/03\/21631052518_20e3688ceb_k_divulgacao_infraero.jpg","datePublished":"2018-04-07T04:01:42+00:00","breadcrumb":{"@id":"https:\/\/agenciainfra.com\/blog\/consorcios-contestam-disputa-pela-pmi-para-a-concessao-de-13-aeroportos\/#breadcrumb"},"inLanguage":"pt-BR","potentialAction":[{"@type":"ReadAction","target":["https:\/\/agenciainfra.com\/blog\/consorcios-contestam-disputa-pela-pmi-para-a-concessao-de-13-aeroportos\/"]}]},{"@type":"ImageObject","inLanguage":"pt-BR","@id":"https:\/\/agenciainfra.com\/blog\/consorcios-contestam-disputa-pela-pmi-para-a-concessao-de-13-aeroportos\/#primaryimage","url":"https:\/\/agenciainfra.com\/blog\/wp-content\/uploads\/2018\/03\/21631052518_20e3688ceb_k_divulgacao_infraero.jpg","contentUrl":"https:\/\/agenciainfra.com\/blog\/wp-content\/uploads\/2018\/03\/21631052518_20e3688ceb_k_divulgacao_infraero.jpg","width":2048,"height":1360},{"@type":"BreadcrumbList","@id":"https:\/\/agenciainfra.com\/blog\/consorcios-contestam-disputa-pela-pmi-para-a-concessao-de-13-aeroportos\/#breadcrumb","itemListElement":[{"@type":"ListItem","position":1,"name":"In\u00edcio","item":"https:\/\/agenciainfra.com\/blog\/"},{"@type":"ListItem","position":2,"name":"Cons\u00f3rcios contestam disputa pela PMI para a concess\u00e3o de 13 aeroportos"}]},{"@type":"WebSite","@id":"https:\/\/agenciainfra.com\/blog\/#website","url":"https:\/\/agenciainfra.com\/blog\/","name":"Ag\u00eancia iNFRA","description":"Multiplataforma de informa\u00e7\u00e3o jornal\u00edstica refer\u00eancia na \u00e1rea de infraestrutura no Brasil!","publisher":{"@id":"https:\/\/agenciainfra.com\/blog\/#organization"},"potentialAction":[{"@type":"SearchAction","target":{"@type":"EntryPoint","urlTemplate":"https:\/\/agenciainfra.com\/blog\/?s={search_term_string}"},"query-input":{"@type":"PropertyValueSpecification","valueRequired":true,"valueName":"search_term_string"}}],"inLanguage":"pt-BR"},{"@type":"Organization","@id":"https:\/\/agenciainfra.com\/blog\/#organization","name":"Ag\u00eancia iNFRA","url":"https:\/\/agenciainfra.com\/blog\/","logo":{"@type":"ImageObject","inLanguage":"pt-BR","@id":"https:\/\/agenciainfra.com\/blog\/#\/schema\/logo\/image\/","url":"https:\/\/agenciainfra.com\/blog\/wp-content\/uploads\/2023\/09\/iNFRA_5-e1761735885940.png","contentUrl":"https:\/\/agenciainfra.com\/blog\/wp-content\/uploads\/2023\/09\/iNFRA_5-e1761735885940.png","width":1672,"height":454,"caption":"Ag\u00eancia iNFRA"},"image":{"@id":"https:\/\/agenciainfra.com\/blog\/#\/schema\/logo\/image\/"},"sameAs":["https:\/\/www.facebook.com\/ageninfra","https:\/\/x.com\/agencia_infra","https:\/\/www.linkedin.com\/company\/ag\u00eanciainfra\/","https:\/\/www.instagram.com\/agenciainfra\/"]},{"@type":"Person","@id":"https:\/\/agenciainfra.com\/blog\/#\/schema\/person\/34af08dff6adea4cb22b06612ba7acfa","name":"Ag\u00eancia iNFRA","image":{"@type":"ImageObject","inLanguage":"pt-BR","@id":"https:\/\/agenciainfra.com\/blog\/#\/schema\/person\/image\/","url":"https:\/\/secure.gravatar.com\/avatar\/d189e01678f06d8eb84d4e01f08eb848b3fffe3f8443818d3c356c66892f5be8?s=96&d=mm&r=g","contentUrl":"https:\/\/secure.gravatar.com\/avatar\/d189e01678f06d8eb84d4e01f08eb848b3fffe3f8443818d3c356c66892f5be8?s=96&d=mm&r=g","caption":"Ag\u00eancia iNFRA"},"url":"https:\/\/agenciainfra.com\/blog\/author\/admin\/"}]}},"_links":{"self":[{"href":"https:\/\/agenciainfra.com\/blog\/wp-json\/wp\/v2\/posts\/1401","targetHints":{"allow":["GET"]}}],"collection":[{"href":"https:\/\/agenciainfra.com\/blog\/wp-json\/wp\/v2\/posts"}],"about":[{"href":"https:\/\/agenciainfra.com\/blog\/wp-json\/wp\/v2\/types\/post"}],"author":[{"embeddable":true,"href":"https:\/\/agenciainfra.com\/blog\/wp-json\/wp\/v2\/users\/1"}],"replies":[{"embeddable":true,"href":"https:\/\/agenciainfra.com\/blog\/wp-json\/wp\/v2\/comments?post=1401"}],"version-history":[{"count":0,"href":"https:\/\/agenciainfra.com\/blog\/wp-json\/wp\/v2\/posts\/1401\/revisions"}],"wp:featuredmedia":[{"embeddable":true,"href":"https:\/\/agenciainfra.com\/blog\/wp-json\/wp\/v2\/media\/1325"}],"wp:attachment":[{"href":"https:\/\/agenciainfra.com\/blog\/wp-json\/wp\/v2\/media?parent=1401"}],"wp:term":[{"taxonomy":"category","embeddable":true,"href":"https:\/\/agenciainfra.com\/blog\/wp-json\/wp\/v2\/categories?post=1401"},{"taxonomy":"post_tag","embeddable":true,"href":"https:\/\/agenciainfra.com\/blog\/wp-json\/wp\/v2\/tags?post=1401"}],"curies":[{"name":"wp","href":"https:\/\/api.w.org\/{rel}","templated":true}]}}