{"id":14053,"date":"2023-09-14T11:00:00","date_gmt":"2023-09-14T14:00:00","guid":{"rendered":"https:\/\/www.agenciainfra.com\/blog\/?p=14053"},"modified":"2023-09-17T02:21:20","modified_gmt":"2023-09-17T05:21:20","slug":"infradebate-novo-censo-do-ibge-como-o-crescimento-populacional-apurado-afeta-o-equilibrio-de-projetos-de-infraestrutura-no-brasil","status":"publish","type":"post","link":"https:\/\/agenciainfra.com\/blog\/infradebate-novo-censo-do-ibge-como-o-crescimento-populacional-apurado-afeta-o-equilibrio-de-projetos-de-infraestrutura-no-brasil\/","title":{"rendered":"iNFRADebate: Novo Censo do IBGE \u2013 como o crescimento populacional apurado afeta o equil\u00edbrio de projetos de infraestrutura no Brasil?"},"content":{"rendered":"\n<p class=\"has-text-align-right\"><strong>Luiz Guilarducci*, Marcio Alvarenga** e Pedro Neves***<\/strong><\/p>\n\n\n\n<p>No dia 28 de junho de 2023, o IBGE (Instituto Brasileiro de Geografia e Estat\u00edstica) divulgou os dados do censo demogr\u00e1fico realizado em 2022. Para surpresa de muitos, o crescimento populacional verificado ficou muito aqu\u00e9m das expectativas. Para o per\u00edodo entre 2010 e 2021, era esperado um crescimento demogr\u00e1fico no pa\u00eds de aproximadamente 11,66%, entretanto, o valor apurado em 2022 foi o aumento de apenas 6,45% (menor resultado da hist\u00f3ria da pesquisa, iniciada h\u00e1 150 anos).<\/p>\n\n\n\n<p>Para al\u00e9m dos dados apresentados, o objetivo desse artigo \u00e9 analisar como tamanha frustra\u00e7\u00e3o no crescimento demogr\u00e1fico pode impactar os projetos de infraestrutura licitados nos \u00faltimos anos, com destaque para projetos de saneamento b\u00e1sico. Para isso, \u00e9 importante entender um pouco melhor o Censo Demogr\u00e1fico e o setor de saneamento.<\/p>\n\n\n\n<p>Segundo a defini\u00e7\u00e3o do IBGE, \u201co Censo Demogr\u00e1fico tem por objetivo contar os habitantes do territ\u00f3rio nacional, identificar suas caracter\u00edsticas e revelar como vivem os brasileiros, produzindo informa\u00e7\u00f5es imprescind\u00edveis para a defini\u00e7\u00e3o de pol\u00edticas p\u00fablicas e a tomada de decis\u00f5es de investimentos da iniciativa privada ou de qualquer n\u00edvel de governo&#8221;. O conhecimento proveniente da pesquisa suporta o poder p\u00fablico na identifica\u00e7\u00e3o de \u00e1reas de investimento priorit\u00e1rias em sa\u00fade, educa\u00e7\u00e3o, habita\u00e7\u00e3o, saneamento b\u00e1sico, transporte, energia, entre outras. Os dados do Censo tamb\u00e9m s\u00e3o utilizados pela iniciativa privada, no planejamento e estrutura\u00e7\u00e3o de projetos e empreendimentos em diversas \u00e1reas.<\/p>\n\n\n\n<p>A pesquisa deveria ter ocorrido em 2020, por\u00e9m, foi adiada para 2022 em raz\u00e3o da pandemia do Covid-19. Com a aus\u00eancia de dados atualizados, as concess\u00f5es de saneamento b\u00e1sico ocorridas nesse per\u00edodo partiram de uma popula\u00e7\u00e3o estimada pelo IBGE com base em dados estat\u00edsticos.<\/p>\n\n\n\n<p>No setor de saneamento, um dos principais <em>drivers<\/em> da modelagem econ\u00f4mico-financeira \u00e9 a popula\u00e7\u00e3o atendida, que tem como premissas base a <strong>popula\u00e7\u00e3o atual<\/strong> e a <strong>taxa de crescimento<\/strong> populacional projetada. Sendo assim, uma diverg\u00eancia entre popula\u00e7\u00e3o inicial e\/ou taxa de crescimento (utilizada para an\u00e1lise de viabilidade do projeto) e o n\u00famero realmente existente, podem causar uma frustra\u00e7\u00e3o significativa no resultado financeiro do projeto.<\/p>\n\n\n\n<p>Imagine uma cidade com processo licitat\u00f3rio aberto em 2021. O edital apresentou uma popula\u00e7\u00e3o de partida de 110 mil habitantes e um crescimento populacional projetado em 1,5% ao ano. Com base nessas informa\u00e7\u00f5es, a empresa vencedora do certame garantiu a licita\u00e7\u00e3o pagando o maior valor de outorga. Na estrat\u00e9gia da empresa, esse montante garantiria uma taxa de retorno adequada para o risco do projeto. Com as novas informa\u00e7\u00f5es do Censo, temos uma popula\u00e7\u00e3o de partida de 100 mil habitantes e uma taxa de crescimento realizada no per\u00edodo de 0,5% ao ano, que impactar\u00e3o as estimativas de crescimento futuro. Sendo assim, caso n\u00e3o haja qualquer reequil\u00edbrio do contrato, podemos esperar um retorno bastante inferior \u00e0 proje\u00e7\u00e3o inicial.<\/p>\n\n\n\n<p>No gr\u00e1fico abaixo, \u00e9 poss\u00edvel comparar como se comportaria o n\u00famero de habitantes nos dois cen\u00e1rios. Ao final de um per\u00edodo de 25 anos, a popula\u00e7\u00e3o do cen\u00e1rio com as estimativas do IBGE seria de aproximadamente 160 mil habitantes, enquanto a do cen\u00e1rio com base nos n\u00fameros apurados no censo de 2022 seria de cerca de 113 mil. Isso representa uma diferen\u00e7a de mais de 40% na popula\u00e7\u00e3o atendida o que causaria impacto direto na receita do projeto, reduzindo drasticamente o retorno esperado e colocando em risco sua viabilidade.<\/p>\n\n\n\n<figure class=\"wp-block-image aligncenter size-full\"><img fetchpriority=\"high\" decoding=\"async\" width=\"913\" height=\"350\" src=\"https:\/\/agenciainfra.com\/blog\/wp-content\/uploads\/2023\/09\/image-5.png\" alt=\"\" class=\"wp-image-14057\" srcset=\"https:\/\/agenciainfra.com\/blog\/wp-content\/uploads\/2023\/09\/image-5.png 913w, https:\/\/agenciainfra.com\/blog\/wp-content\/uploads\/2023\/09\/image-5-300x115.png 300w, https:\/\/agenciainfra.com\/blog\/wp-content\/uploads\/2023\/09\/image-5-768x294.png 768w\" sizes=\"(max-width: 913px) 100vw, 913px\" \/><figcaption class=\"wp-element-caption\"><em>Cen\u00e1rio 1: popula\u00e7\u00e3o com base na estimativa do IBGE<br>Cen\u00e1rio 2: popula\u00e7\u00e3o com base no censo 2022<\/em><\/figcaption><\/figure>\n\n\n\n<p>Ao passo em que a nova expectativa de crescimento populacional deve penalizar o resultado dos ativos, outros dados tamb\u00e9m publicados pelo Censo podem gerar um efeito inverso. Dentre eles, o crescimento expressivo no n\u00famero de domic\u00edlios e a redu\u00e7\u00e3o do n\u00famero de moradores por lar.<\/p>\n\n\n\n<p>Para al\u00e9m do tratamento de \u00e1gua e coleta de esgoto, os aterros sanit\u00e1rios tamb\u00e9m podem ser afetados pelo crescimento populacional abaixo das expectativas. Esses ativos t\u00eam o modelo de neg\u00f3cio focado no transporte, tratamento e destina\u00e7\u00e3o de res\u00edduos s\u00f3lidos, bem como l\u00edquidos provenientes da decomposi\u00e7\u00e3o. Uma popula\u00e7\u00e3o inicial e crescimento populacional inferiores \u00e0s utilizadas no processo licitat\u00f3rio reduzem a quantidade de res\u00edduos gerados e transportados aos aterros sanit\u00e1rios, levando a um resultado abaixo do originalmente projetado.<\/p>\n\n\n\n<p>Cada ativo do setor merece um olhar espec\u00edfico quanto ao impacto da redu\u00e7\u00e3o do crescimento populacional. Por exemplo, a garantia de uma receita m\u00ednima, tipicamente utilizada em PPPs, pode ter um efeito de mitigar os impactos verificados pela redu\u00e7\u00e3o de volume nas opera\u00e7\u00f5es. O mesmo se aplica no caso de um volume m\u00ednimo estabelecido em contrato dos aterros sanit\u00e1rios. Os projetos que s\u00e3o sens\u00edveis ao crescimento populacional e\/ou utilizam essa premissa como base precisar\u00e3o passar por avalia\u00e7\u00e3o sob a nova \u00f3tica apresentada pelo Censo. Os editais j\u00e1 realizados devem ser reavaliados por profissionais qualificados, de maneira a verificar oportunidades de reequil\u00edbrios contratuais com intuito de restabelecer a condi\u00e7\u00e3o original do contrato, trazendo maior seguran\u00e7a \u00e0 viabilidade dos empreendimentos.<\/p>\n\n\n\n<h6 class=\"wp-block-heading\" id=\"block-aa9ff8cf-f9c2-435f-85ff-56a599c37bc9\"><strong><strong>*Luiz Guilarducci \u00e9 engenheiro civil, CFA (Chartered Financial Analyst) e CEO na Crescento Consultoria Financeira.<\/strong><\/strong><\/h6>\n\n\n\n<h6 class=\"wp-block-heading\" id=\"block-aa9ff8cf-f9c2-435f-85ff-56a599c37bc9\"><strong><strong>**Marcio Alvarenga \u00e9 engenheiro civil e analista de modelagem financeira na Crescento Consultoria Financeira.<\/strong><\/strong><\/h6>\n\n\n\n<h6 class=\"wp-block-heading\" id=\"block-aa9ff8cf-f9c2-435f-85ff-56a599c37bc9\"><strong><strong>***Pedro Neves \u00e9 economista e analista de modelagem financeira na Crescento Consultoria Financeira.<\/strong><\/strong><\/h6>\n\n\n\n<h6 class=\"wp-block-heading\" id=\"block-aa9ff8cf-f9c2-435f-85ff-56a599c37bc9\">O iNFRADebate \u00e9 o espa\u00e7o de artigos da Ag\u00eancia iNFRA com opini\u00f5es de seus atores que n\u00e3o refletem necessariamente o pensamento da Ag\u00eancia iNFRA, sendo de total responsabilidade do autor as informa\u00e7\u00f5es, ju\u00edzos de valor e conceitos descritos no texto.<\/h6>\n","protected":false},"excerpt":{"rendered":"<p>Luiz Guilarducci*, Marcio Alvarenga** e Pedro Neves*** No dia 28 de junho de 2023, o IBGE (Instituto Brasileiro de Geografia e Estat\u00edstica) divulgou os dados do censo demogr\u00e1fico realizado em 2022. Para surpresa de muitos, o crescimento populacional verificado ficou muito aqu\u00e9m das expectativas. Para o per\u00edodo entre 2010 e 2021, era esperado um crescimento [&hellip;]<\/p>\n","protected":false},"author":1,"featured_media":14054,"comment_status":"closed","ping_status":"closed","sticky":false,"template":"","format":"standard","meta":{"_monsterinsights_skip_tracking":false,"_monsterinsights_sitenote_active":false,"_monsterinsights_sitenote_note":"","_monsterinsights_sitenote_category":0,"footnotes":""},"categories":[1,11],"tags":[7373,7374,78,1759,7376,7375,1054,287,7370,7371,7372,97,73],"class_list":["post-14053","post","type-post","status-publish","format-standard","has-post-thumbnail","hentry","category-geral","category-infradebate","tag-censo-2022","tag-censo-demografico","tag-concessoes","tag-covid-19","tag-crescento-consultoria-financeira","tag-crescimento-populacional","tag-ibge","tag-licitacoes","tag-luiz-guilarducci","tag-marcio-alvarenga","tag-pedro-neves","tag-ppp","tag-saneamento-basico"],"yoast_head":"<!-- This site is optimized with the Yoast SEO Premium plugin v25.4 (Yoast SEO v26.0) - https:\/\/yoast.com\/wordpress\/plugins\/seo\/ -->\n<title>iNFRADebate: Novo Censo do IBGE \u2013 como o crescimento populacional apurado afeta o equil\u00edbrio de projetos de infraestrutura no Brasil? - Ag\u00eancia iNFRA<\/title>\n<meta name=\"robots\" content=\"index, follow, max-snippet:-1, max-image-preview:large, max-video-preview:-1\" \/>\n<link rel=\"canonical\" href=\"https:\/\/agenciainfra.com\/blog\/infradebate-novo-censo-do-ibge-como-o-crescimento-populacional-apurado-afeta-o-equilibrio-de-projetos-de-infraestrutura-no-brasil\/\" \/>\n<meta property=\"og:locale\" content=\"pt_BR\" \/>\n<meta property=\"og:type\" content=\"article\" \/>\n<meta property=\"og:title\" content=\"iNFRADebate: Novo Censo do IBGE \u2013 como o crescimento populacional apurado afeta o equil\u00edbrio de projetos de infraestrutura no Brasil?\" \/>\n<meta property=\"og:description\" content=\"Luiz Guilarducci*, Marcio Alvarenga** e Pedro Neves*** No dia 28 de junho de 2023, o IBGE (Instituto Brasileiro de Geografia e Estat\u00edstica) divulgou os dados do censo demogr\u00e1fico realizado em 2022. Para surpresa de muitos, o crescimento populacional verificado ficou muito aqu\u00e9m das expectativas. Para o per\u00edodo entre 2010 e 2021, era esperado um crescimento [&hellip;]\" \/>\n<meta property=\"og:url\" content=\"https:\/\/agenciainfra.com\/blog\/infradebate-novo-censo-do-ibge-como-o-crescimento-populacional-apurado-afeta-o-equilibrio-de-projetos-de-infraestrutura-no-brasil\/\" \/>\n<meta property=\"og:site_name\" content=\"Ag\u00eancia iNFRA\" \/>\n<meta property=\"article:publisher\" content=\"https:\/\/www.facebook.com\/ageninfra\" \/>\n<meta property=\"article:published_time\" content=\"2023-09-14T14:00:00+00:00\" \/>\n<meta property=\"article:modified_time\" content=\"2023-09-17T05:21:20+00:00\" \/>\n<meta property=\"og:image\" content=\"https:\/\/agenciainfra.com\/blog\/wp-content\/uploads\/2023\/09\/montagem-luiz-marcio-pedro.jpeg\" \/>\n\t<meta property=\"og:image:width\" content=\"1202\" \/>\n\t<meta property=\"og:image:height\" content=\"801\" \/>\n\t<meta property=\"og:image:type\" content=\"image\/jpeg\" \/>\n<meta name=\"author\" content=\"Ag\u00eancia iNFRA\" \/>\n<meta name=\"twitter:card\" content=\"summary_large_image\" \/>\n<meta name=\"twitter:creator\" content=\"@agencia_infra\" \/>\n<meta name=\"twitter:site\" content=\"@agencia_infra\" \/>\n<meta name=\"twitter:label1\" content=\"Escrito por\" \/>\n\t<meta name=\"twitter:data1\" content=\"Ag\u00eancia iNFRA\" \/>\n\t<meta name=\"twitter:label2\" content=\"Est. tempo de leitura\" \/>\n\t<meta name=\"twitter:data2\" content=\"5 minutos\" \/>\n<script type=\"application\/ld+json\" class=\"yoast-schema-graph\">{\"@context\":\"https:\/\/schema.org\",\"@graph\":[{\"@type\":\"Article\",\"@id\":\"https:\/\/agenciainfra.com\/blog\/infradebate-novo-censo-do-ibge-como-o-crescimento-populacional-apurado-afeta-o-equilibrio-de-projetos-de-infraestrutura-no-brasil\/#article\",\"isPartOf\":{\"@id\":\"https:\/\/agenciainfra.com\/blog\/infradebate-novo-censo-do-ibge-como-o-crescimento-populacional-apurado-afeta-o-equilibrio-de-projetos-de-infraestrutura-no-brasil\/\"},\"author\":{\"name\":\"Ag\u00eancia iNFRA\",\"@id\":\"https:\/\/agenciainfra.com\/blog\/#\/schema\/person\/34af08dff6adea4cb22b06612ba7acfa\"},\"headline\":\"iNFRADebate: Novo Censo do IBGE \u2013 como o crescimento populacional apurado afeta o equil\u00edbrio de projetos de infraestrutura no Brasil?\",\"datePublished\":\"2023-09-14T14:00:00+00:00\",\"dateModified\":\"2023-09-17T05:21:20+00:00\",\"mainEntityOfPage\":{\"@id\":\"https:\/\/agenciainfra.com\/blog\/infradebate-novo-censo-do-ibge-como-o-crescimento-populacional-apurado-afeta-o-equilibrio-de-projetos-de-infraestrutura-no-brasil\/\"},\"wordCount\":984,\"publisher\":{\"@id\":\"https:\/\/agenciainfra.com\/blog\/#organization\"},\"image\":{\"@id\":\"https:\/\/agenciainfra.com\/blog\/infradebate-novo-censo-do-ibge-como-o-crescimento-populacional-apurado-afeta-o-equilibrio-de-projetos-de-infraestrutura-no-brasil\/#primaryimage\"},\"thumbnailUrl\":\"https:\/\/agenciainfra.com\/blog\/wp-content\/uploads\/2023\/09\/montagem-luiz-marcio-pedro.jpeg\",\"keywords\":[\"Censo 2022\",\"censo demogr\u00e1fico\",\"concess\u00f5es\",\"Covid-19\",\"Crescento Consultoria Financeira\",\"crescimento populacional\",\"IBGE\",\"licita\u00e7\u00f5es\",\"Luiz Guilarducci\",\"Marcio Alvarenga\",\"Pedro Neves\",\"PPP\",\"Saneamento B\u00e1sico\"],\"articleSection\":[\"Geral\",\"iNFRADebate\"],\"inLanguage\":\"pt-BR\",\"copyrightYear\":\"2023\",\"copyrightHolder\":{\"@id\":\"https:\/\/agenciainfra.com\/blog\/#organization\"}},{\"@type\":\"WebPage\",\"@id\":\"https:\/\/agenciainfra.com\/blog\/infradebate-novo-censo-do-ibge-como-o-crescimento-populacional-apurado-afeta-o-equilibrio-de-projetos-de-infraestrutura-no-brasil\/\",\"url\":\"https:\/\/agenciainfra.com\/blog\/infradebate-novo-censo-do-ibge-como-o-crescimento-populacional-apurado-afeta-o-equilibrio-de-projetos-de-infraestrutura-no-brasil\/\",\"name\":\"iNFRADebate: Novo Censo do IBGE \u2013 como o crescimento populacional apurado afeta o equil\u00edbrio de projetos de infraestrutura no Brasil? - Ag\u00eancia iNFRA\",\"isPartOf\":{\"@id\":\"https:\/\/agenciainfra.com\/blog\/#website\"},\"primaryImageOfPage\":{\"@id\":\"https:\/\/agenciainfra.com\/blog\/infradebate-novo-censo-do-ibge-como-o-crescimento-populacional-apurado-afeta-o-equilibrio-de-projetos-de-infraestrutura-no-brasil\/#primaryimage\"},\"image\":{\"@id\":\"https:\/\/agenciainfra.com\/blog\/infradebate-novo-censo-do-ibge-como-o-crescimento-populacional-apurado-afeta-o-equilibrio-de-projetos-de-infraestrutura-no-brasil\/#primaryimage\"},\"thumbnailUrl\":\"https:\/\/agenciainfra.com\/blog\/wp-content\/uploads\/2023\/09\/montagem-luiz-marcio-pedro.jpeg\",\"datePublished\":\"2023-09-14T14:00:00+00:00\",\"dateModified\":\"2023-09-17T05:21:20+00:00\",\"breadcrumb\":{\"@id\":\"https:\/\/agenciainfra.com\/blog\/infradebate-novo-censo-do-ibge-como-o-crescimento-populacional-apurado-afeta-o-equilibrio-de-projetos-de-infraestrutura-no-brasil\/#breadcrumb\"},\"inLanguage\":\"pt-BR\",\"potentialAction\":[{\"@type\":\"ReadAction\",\"target\":[\"https:\/\/agenciainfra.com\/blog\/infradebate-novo-censo-do-ibge-como-o-crescimento-populacional-apurado-afeta-o-equilibrio-de-projetos-de-infraestrutura-no-brasil\/\"]}]},{\"@type\":\"ImageObject\",\"inLanguage\":\"pt-BR\",\"@id\":\"https:\/\/agenciainfra.com\/blog\/infradebate-novo-censo-do-ibge-como-o-crescimento-populacional-apurado-afeta-o-equilibrio-de-projetos-de-infraestrutura-no-brasil\/#primaryimage\",\"url\":\"https:\/\/agenciainfra.com\/blog\/wp-content\/uploads\/2023\/09\/montagem-luiz-marcio-pedro.jpeg\",\"contentUrl\":\"https:\/\/agenciainfra.com\/blog\/wp-content\/uploads\/2023\/09\/montagem-luiz-marcio-pedro.jpeg\",\"width\":1202,\"height\":801},{\"@type\":\"BreadcrumbList\",\"@id\":\"https:\/\/agenciainfra.com\/blog\/infradebate-novo-censo-do-ibge-como-o-crescimento-populacional-apurado-afeta-o-equilibrio-de-projetos-de-infraestrutura-no-brasil\/#breadcrumb\",\"itemListElement\":[{\"@type\":\"ListItem\",\"position\":1,\"name\":\"In\u00edcio\",\"item\":\"https:\/\/agenciainfra.com\/blog\/\"},{\"@type\":\"ListItem\",\"position\":2,\"name\":\"iNFRADebate: Novo Censo do IBGE \u2013 como o crescimento populacional apurado afeta o equil\u00edbrio de projetos de infraestrutura no Brasil?\"}]},{\"@type\":\"WebSite\",\"@id\":\"https:\/\/agenciainfra.com\/blog\/#website\",\"url\":\"https:\/\/agenciainfra.com\/blog\/\",\"name\":\"Ag\u00eancia iNFRA\",\"description\":\"Multiplataforma de informa\u00e7\u00e3o jornal\u00edstica refer\u00eancia na \u00e1rea de infraestrutura no Brasil!\",\"publisher\":{\"@id\":\"https:\/\/agenciainfra.com\/blog\/#organization\"},\"potentialAction\":[{\"@type\":\"SearchAction\",\"target\":{\"@type\":\"EntryPoint\",\"urlTemplate\":\"https:\/\/agenciainfra.com\/blog\/?s={search_term_string}\"},\"query-input\":{\"@type\":\"PropertyValueSpecification\",\"valueRequired\":true,\"valueName\":\"search_term_string\"}}],\"inLanguage\":\"pt-BR\"},{\"@type\":\"Organization\",\"@id\":\"https:\/\/agenciainfra.com\/blog\/#organization\",\"name\":\"Ag\u00eancia iNFRA\",\"url\":\"https:\/\/agenciainfra.com\/blog\/\",\"logo\":{\"@type\":\"ImageObject\",\"inLanguage\":\"pt-BR\",\"@id\":\"https:\/\/agenciainfra.com\/blog\/#\/schema\/logo\/image\/\",\"url\":\"https:\/\/agenciainfra.com\/blog\/wp-content\/uploads\/2023\/09\/iNFRA_5-e1761735885940.png\",\"contentUrl\":\"https:\/\/agenciainfra.com\/blog\/wp-content\/uploads\/2023\/09\/iNFRA_5-e1761735885940.png\",\"width\":1672,\"height\":454,\"caption\":\"Ag\u00eancia iNFRA\"},\"image\":{\"@id\":\"https:\/\/agenciainfra.com\/blog\/#\/schema\/logo\/image\/\"},\"sameAs\":[\"https:\/\/www.facebook.com\/ageninfra\",\"https:\/\/x.com\/agencia_infra\",\"https:\/\/www.linkedin.com\/company\/ag\u00eanciainfra\/\",\"https:\/\/www.instagram.com\/agenciainfra\/\"]},{\"@type\":\"Person\",\"@id\":\"https:\/\/agenciainfra.com\/blog\/#\/schema\/person\/34af08dff6adea4cb22b06612ba7acfa\",\"name\":\"Ag\u00eancia iNFRA\",\"image\":{\"@type\":\"ImageObject\",\"inLanguage\":\"pt-BR\",\"@id\":\"https:\/\/agenciainfra.com\/blog\/#\/schema\/person\/image\/\",\"url\":\"https:\/\/secure.gravatar.com\/avatar\/d189e01678f06d8eb84d4e01f08eb848b3fffe3f8443818d3c356c66892f5be8?s=96&d=mm&r=g\",\"contentUrl\":\"https:\/\/secure.gravatar.com\/avatar\/d189e01678f06d8eb84d4e01f08eb848b3fffe3f8443818d3c356c66892f5be8?s=96&d=mm&r=g\",\"caption\":\"Ag\u00eancia iNFRA\"},\"url\":\"https:\/\/agenciainfra.com\/blog\/author\/admin\/\"}]}<\/script>\n<!-- \/ Yoast SEO Premium plugin. -->","yoast_head_json":{"title":"iNFRADebate: Novo Censo do IBGE \u2013 como o crescimento populacional apurado afeta o equil\u00edbrio de projetos de infraestrutura no Brasil? - Ag\u00eancia iNFRA","robots":{"index":"index","follow":"follow","max-snippet":"max-snippet:-1","max-image-preview":"max-image-preview:large","max-video-preview":"max-video-preview:-1"},"canonical":"https:\/\/agenciainfra.com\/blog\/infradebate-novo-censo-do-ibge-como-o-crescimento-populacional-apurado-afeta-o-equilibrio-de-projetos-de-infraestrutura-no-brasil\/","og_locale":"pt_BR","og_type":"article","og_title":"iNFRADebate: Novo Censo do IBGE \u2013 como o crescimento populacional apurado afeta o equil\u00edbrio de projetos de infraestrutura no Brasil?","og_description":"Luiz Guilarducci*, Marcio Alvarenga** e Pedro Neves*** No dia 28 de junho de 2023, o IBGE (Instituto Brasileiro de Geografia e Estat\u00edstica) divulgou os dados do censo demogr\u00e1fico realizado em 2022. Para surpresa de muitos, o crescimento populacional verificado ficou muito aqu\u00e9m das expectativas. Para o per\u00edodo entre 2010 e 2021, era esperado um crescimento [&hellip;]","og_url":"https:\/\/agenciainfra.com\/blog\/infradebate-novo-censo-do-ibge-como-o-crescimento-populacional-apurado-afeta-o-equilibrio-de-projetos-de-infraestrutura-no-brasil\/","og_site_name":"Ag\u00eancia iNFRA","article_publisher":"https:\/\/www.facebook.com\/ageninfra","article_published_time":"2023-09-14T14:00:00+00:00","article_modified_time":"2023-09-17T05:21:20+00:00","og_image":[{"width":1202,"height":801,"url":"https:\/\/agenciainfra.com\/blog\/wp-content\/uploads\/2023\/09\/montagem-luiz-marcio-pedro.jpeg","type":"image\/jpeg"}],"author":"Ag\u00eancia iNFRA","twitter_card":"summary_large_image","twitter_creator":"@agencia_infra","twitter_site":"@agencia_infra","twitter_misc":{"Escrito por":"Ag\u00eancia iNFRA","Est. tempo de leitura":"5 minutos"},"schema":{"@context":"https:\/\/schema.org","@graph":[{"@type":"Article","@id":"https:\/\/agenciainfra.com\/blog\/infradebate-novo-censo-do-ibge-como-o-crescimento-populacional-apurado-afeta-o-equilibrio-de-projetos-de-infraestrutura-no-brasil\/#article","isPartOf":{"@id":"https:\/\/agenciainfra.com\/blog\/infradebate-novo-censo-do-ibge-como-o-crescimento-populacional-apurado-afeta-o-equilibrio-de-projetos-de-infraestrutura-no-brasil\/"},"author":{"name":"Ag\u00eancia iNFRA","@id":"https:\/\/agenciainfra.com\/blog\/#\/schema\/person\/34af08dff6adea4cb22b06612ba7acfa"},"headline":"iNFRADebate: Novo Censo do IBGE \u2013 como o crescimento populacional apurado afeta o equil\u00edbrio de projetos de infraestrutura no Brasil?","datePublished":"2023-09-14T14:00:00+00:00","dateModified":"2023-09-17T05:21:20+00:00","mainEntityOfPage":{"@id":"https:\/\/agenciainfra.com\/blog\/infradebate-novo-censo-do-ibge-como-o-crescimento-populacional-apurado-afeta-o-equilibrio-de-projetos-de-infraestrutura-no-brasil\/"},"wordCount":984,"publisher":{"@id":"https:\/\/agenciainfra.com\/blog\/#organization"},"image":{"@id":"https:\/\/agenciainfra.com\/blog\/infradebate-novo-censo-do-ibge-como-o-crescimento-populacional-apurado-afeta-o-equilibrio-de-projetos-de-infraestrutura-no-brasil\/#primaryimage"},"thumbnailUrl":"https:\/\/agenciainfra.com\/blog\/wp-content\/uploads\/2023\/09\/montagem-luiz-marcio-pedro.jpeg","keywords":["Censo 2022","censo demogr\u00e1fico","concess\u00f5es","Covid-19","Crescento Consultoria Financeira","crescimento populacional","IBGE","licita\u00e7\u00f5es","Luiz Guilarducci","Marcio Alvarenga","Pedro Neves","PPP","Saneamento B\u00e1sico"],"articleSection":["Geral","iNFRADebate"],"inLanguage":"pt-BR","copyrightYear":"2023","copyrightHolder":{"@id":"https:\/\/agenciainfra.com\/blog\/#organization"}},{"@type":"WebPage","@id":"https:\/\/agenciainfra.com\/blog\/infradebate-novo-censo-do-ibge-como-o-crescimento-populacional-apurado-afeta-o-equilibrio-de-projetos-de-infraestrutura-no-brasil\/","url":"https:\/\/agenciainfra.com\/blog\/infradebate-novo-censo-do-ibge-como-o-crescimento-populacional-apurado-afeta-o-equilibrio-de-projetos-de-infraestrutura-no-brasil\/","name":"iNFRADebate: Novo Censo do IBGE \u2013 como o crescimento populacional apurado afeta o equil\u00edbrio de projetos de infraestrutura no Brasil? - Ag\u00eancia iNFRA","isPartOf":{"@id":"https:\/\/agenciainfra.com\/blog\/#website"},"primaryImageOfPage":{"@id":"https:\/\/agenciainfra.com\/blog\/infradebate-novo-censo-do-ibge-como-o-crescimento-populacional-apurado-afeta-o-equilibrio-de-projetos-de-infraestrutura-no-brasil\/#primaryimage"},"image":{"@id":"https:\/\/agenciainfra.com\/blog\/infradebate-novo-censo-do-ibge-como-o-crescimento-populacional-apurado-afeta-o-equilibrio-de-projetos-de-infraestrutura-no-brasil\/#primaryimage"},"thumbnailUrl":"https:\/\/agenciainfra.com\/blog\/wp-content\/uploads\/2023\/09\/montagem-luiz-marcio-pedro.jpeg","datePublished":"2023-09-14T14:00:00+00:00","dateModified":"2023-09-17T05:21:20+00:00","breadcrumb":{"@id":"https:\/\/agenciainfra.com\/blog\/infradebate-novo-censo-do-ibge-como-o-crescimento-populacional-apurado-afeta-o-equilibrio-de-projetos-de-infraestrutura-no-brasil\/#breadcrumb"},"inLanguage":"pt-BR","potentialAction":[{"@type":"ReadAction","target":["https:\/\/agenciainfra.com\/blog\/infradebate-novo-censo-do-ibge-como-o-crescimento-populacional-apurado-afeta-o-equilibrio-de-projetos-de-infraestrutura-no-brasil\/"]}]},{"@type":"ImageObject","inLanguage":"pt-BR","@id":"https:\/\/agenciainfra.com\/blog\/infradebate-novo-censo-do-ibge-como-o-crescimento-populacional-apurado-afeta-o-equilibrio-de-projetos-de-infraestrutura-no-brasil\/#primaryimage","url":"https:\/\/agenciainfra.com\/blog\/wp-content\/uploads\/2023\/09\/montagem-luiz-marcio-pedro.jpeg","contentUrl":"https:\/\/agenciainfra.com\/blog\/wp-content\/uploads\/2023\/09\/montagem-luiz-marcio-pedro.jpeg","width":1202,"height":801},{"@type":"BreadcrumbList","@id":"https:\/\/agenciainfra.com\/blog\/infradebate-novo-censo-do-ibge-como-o-crescimento-populacional-apurado-afeta-o-equilibrio-de-projetos-de-infraestrutura-no-brasil\/#breadcrumb","itemListElement":[{"@type":"ListItem","position":1,"name":"In\u00edcio","item":"https:\/\/agenciainfra.com\/blog\/"},{"@type":"ListItem","position":2,"name":"iNFRADebate: Novo Censo do IBGE \u2013 como o crescimento populacional apurado afeta o equil\u00edbrio de projetos de infraestrutura no Brasil?"}]},{"@type":"WebSite","@id":"https:\/\/agenciainfra.com\/blog\/#website","url":"https:\/\/agenciainfra.com\/blog\/","name":"Ag\u00eancia iNFRA","description":"Multiplataforma de informa\u00e7\u00e3o jornal\u00edstica refer\u00eancia na \u00e1rea de infraestrutura no Brasil!","publisher":{"@id":"https:\/\/agenciainfra.com\/blog\/#organization"},"potentialAction":[{"@type":"SearchAction","target":{"@type":"EntryPoint","urlTemplate":"https:\/\/agenciainfra.com\/blog\/?s={search_term_string}"},"query-input":{"@type":"PropertyValueSpecification","valueRequired":true,"valueName":"search_term_string"}}],"inLanguage":"pt-BR"},{"@type":"Organization","@id":"https:\/\/agenciainfra.com\/blog\/#organization","name":"Ag\u00eancia iNFRA","url":"https:\/\/agenciainfra.com\/blog\/","logo":{"@type":"ImageObject","inLanguage":"pt-BR","@id":"https:\/\/agenciainfra.com\/blog\/#\/schema\/logo\/image\/","url":"https:\/\/agenciainfra.com\/blog\/wp-content\/uploads\/2023\/09\/iNFRA_5-e1761735885940.png","contentUrl":"https:\/\/agenciainfra.com\/blog\/wp-content\/uploads\/2023\/09\/iNFRA_5-e1761735885940.png","width":1672,"height":454,"caption":"Ag\u00eancia iNFRA"},"image":{"@id":"https:\/\/agenciainfra.com\/blog\/#\/schema\/logo\/image\/"},"sameAs":["https:\/\/www.facebook.com\/ageninfra","https:\/\/x.com\/agencia_infra","https:\/\/www.linkedin.com\/company\/ag\u00eanciainfra\/","https:\/\/www.instagram.com\/agenciainfra\/"]},{"@type":"Person","@id":"https:\/\/agenciainfra.com\/blog\/#\/schema\/person\/34af08dff6adea4cb22b06612ba7acfa","name":"Ag\u00eancia iNFRA","image":{"@type":"ImageObject","inLanguage":"pt-BR","@id":"https:\/\/agenciainfra.com\/blog\/#\/schema\/person\/image\/","url":"https:\/\/secure.gravatar.com\/avatar\/d189e01678f06d8eb84d4e01f08eb848b3fffe3f8443818d3c356c66892f5be8?s=96&d=mm&r=g","contentUrl":"https:\/\/secure.gravatar.com\/avatar\/d189e01678f06d8eb84d4e01f08eb848b3fffe3f8443818d3c356c66892f5be8?s=96&d=mm&r=g","caption":"Ag\u00eancia iNFRA"},"url":"https:\/\/agenciainfra.com\/blog\/author\/admin\/"}]}},"_links":{"self":[{"href":"https:\/\/agenciainfra.com\/blog\/wp-json\/wp\/v2\/posts\/14053","targetHints":{"allow":["GET"]}}],"collection":[{"href":"https:\/\/agenciainfra.com\/blog\/wp-json\/wp\/v2\/posts"}],"about":[{"href":"https:\/\/agenciainfra.com\/blog\/wp-json\/wp\/v2\/types\/post"}],"author":[{"embeddable":true,"href":"https:\/\/agenciainfra.com\/blog\/wp-json\/wp\/v2\/users\/1"}],"replies":[{"embeddable":true,"href":"https:\/\/agenciainfra.com\/blog\/wp-json\/wp\/v2\/comments?post=14053"}],"version-history":[{"count":0,"href":"https:\/\/agenciainfra.com\/blog\/wp-json\/wp\/v2\/posts\/14053\/revisions"}],"wp:featuredmedia":[{"embeddable":true,"href":"https:\/\/agenciainfra.com\/blog\/wp-json\/wp\/v2\/media\/14054"}],"wp:attachment":[{"href":"https:\/\/agenciainfra.com\/blog\/wp-json\/wp\/v2\/media?parent=14053"}],"wp:term":[{"taxonomy":"category","embeddable":true,"href":"https:\/\/agenciainfra.com\/blog\/wp-json\/wp\/v2\/categories?post=14053"},{"taxonomy":"post_tag","embeddable":true,"href":"https:\/\/agenciainfra.com\/blog\/wp-json\/wp\/v2\/tags?post=14053"}],"curies":[{"name":"wp","href":"https:\/\/api.w.org\/{rel}","templated":true}]}}