{"id":14086,"date":"2023-09-15T09:00:00","date_gmt":"2023-09-15T12:00:00","guid":{"rendered":"https:\/\/www.agenciainfra.com\/blog\/?p=14086"},"modified":"2026-03-13T09:45:48","modified_gmt":"2026-03-13T12:45:48","slug":"anac-mantem-multa-a-viracopos-mas-se-declara-aberta-a-renegociacao-do-contrato","status":"publish","type":"post","link":"https:\/\/agenciainfra.com\/blog\/anac-mantem-multa-a-viracopos-mas-se-declara-aberta-a-renegociacao-do-contrato\/","title":{"rendered":"ANAC mant\u00e9m multa a Viracopos, mas se declara aberta \u00e0 renegocia\u00e7\u00e3o do contrato"},"content":{"rendered":"\n<p class=\"has-text-align-right\"><strong>Dimmi Amora, da Ag\u00eancia iNFRA<\/strong><\/p>\n\n\n\n<p>A diretoria da\u00a0ANAC\u00a0(Ag\u00eancia Nacional de Avia\u00e7\u00e3o Civil) manteve uma\u00a0multa\u00a0aplicada\u00a0\u00e0\u00a0ABV (Aeroportos Brasil\u00a0Viracopos), concession\u00e1ria\u00a0do\u00a0Aeroporto de\u00a0Viracopos\u00a0(SP), de R$ 62 milh\u00f5es por descumprimento dos prazos para a entrega das obras\u00a0do\u00a0terminal de passageiros da unidade.<br><br>A decis\u00e3o foi tomada na reuni\u00e3o da \u00faltima ter\u00e7a-feira (12) da diretoria da ag\u00eancia e\u00a0se\u00a0refere \u00e0s multas aplicadas\u00a0\u00e0\u00a0concession\u00e1ria pela n\u00e3o comprova\u00e7\u00e3o da entrega prevista no plano de investimentos da concess\u00e3o entre 2018 e 2022. A reuni\u00e3o pode ser vista\u00a0<a rel=\"noreferrer noopener\" href=\"https:\/\/agenciainfra.us14.list-manage.com\/track\/click?u=d460dd1bcf9ba0ae040e1fc0f&amp;id=5ed2cf5c7b&amp;e=f0fa444791\" target=\"_blank\">neste link<\/a>.<br><br>Esse \u00e9 um dos processos de\u00a0multa\u00a0da empresa pelo descumprimento das obriga\u00e7\u00f5es. Os descumprimentos foram apurados a partir de abril de 2014, quando a concession\u00e1ria deveria ter entregue as obras completas,\u00a0mas\u00a0elas n\u00e3o ficaram prontas no prazo previsto, segundo a ag\u00eancia.<br><br>As multas s\u00e3o um dos temas em avalia\u00e7\u00e3o num processo de arbitragem entre a ag\u00eancia e a concession\u00e1ria. A advogada da ABV, Liana Cajal, alegou que a ag\u00eancia n\u00e3o poderia dar a\u00a0multa\u00a0porque o processo est\u00e1 em arbitragem e o bem est\u00e1 em relicita\u00e7\u00e3o, o que impediria a emiss\u00e3o de multas, al\u00e9m de outros argumentos contra a forma e os valores aplicados.<br><br>Mas\u00a0esses argumentos n\u00e3o foram\u00a0aceitos pelo relator, diretor Ricardo Catanant, que, acompanhado por outros dois diretores, manteve a\u00a0multa\u00a0aplicada pela superintend\u00eancia de Regula\u00e7\u00e3o de Aeroportos (o diretor-presidente da ag\u00eancia, Tiago Pereira, declarou-se\u00a0impedido por ter aplicado a\u00a0multa\u00a0quando era superintendente).<br><br>Durante sua argumenta\u00e7\u00e3o, a advogada da ABV informou que o procurador-geral da\u00a0ANAC, Gustavo Albuquerque, em nome da diretoria da ag\u00eancia, j\u00e1 havia entrado em contato com o advogado da concession\u00e1ria ap\u00f3s o pedido dela para sair\u00a0do\u00a0processo de relicita\u00e7\u00e3o.<br><br>&#8220;[Ele entrou em contato] para demonstrar a disposi\u00e7\u00e3o da\u00a0ANAC\u00a0em negociar\u00a0a adapta\u00e7\u00e3o\u00a0do\u00a0contrato\u00a0de concess\u00e3o. Nesse contexto, seria um contrassenso continuar o processo sancionador&#8221;, disse a advogada, alegando que n\u00e3o haveria a necessidade de seguir com o processo.<br><br>Ao fim da vota\u00e7\u00e3o, Albuquerque teve a palavra, confirmou o contato e defendeu que a ag\u00eancia n\u00e3o precisaria paralisar a an\u00e1lise dos processos sancionadores, mesmo com as tratativas que est\u00e3o sendo feitas de acordo.<br><br>&#8220;Impulsionados por uma manifesta\u00e7\u00e3o\u00a0do\u00a0ministro relator\u00a0do\u00a0TCU [Tribunal de Contas da Uni\u00e3o]\u00a0dirigida ao Minist\u00e9rio de Portos e Aeroportos, a concession\u00e1ria j\u00e1\u00a0se\u00a0manifestou sobre a inten\u00e7\u00e3o dela de suspender os tr\u00e2mites. Considerando isso e os diversos desdobramentos que isso tem sobre in\u00fameros processos em tr\u00e2mite perante a\u00a0ANAC\u00a0e o ju\u00edzo arbitral, e considerando tamb\u00e9m a necessidade de otimizar as provid\u00eancias para que n\u00e3o seja despendida energia desnecess\u00e1ria de lado a lado, por haver inten\u00e7\u00e3o da ABV em negociar com a\u00a0ANAC\u00a0o que est\u00e1 em tramita\u00e7\u00e3o, esse contato foi estabelecido&#8221;, disse Albuquerque, ressaltando que o contato foi &#8220;embrion\u00e1rio&#8221;. &#8220;A gente aguarda um pronunciamento da ABV e, a partir dele, haver\u00e1 desdobramentos nos processos administrativos e eventualmente no arbitral.&#8221;<br><br>O procurador lembrou ainda que, para que a decis\u00e3o\u00a0se\u00a0transforme em atos restritivos ou constritivos contra a concession\u00e1ria, ainda seriam necess\u00e1rias outras provid\u00eancias na ag\u00eancia e que,\u00a0se\u00a0for materializado o acordo entre as partes sobre a controv\u00e9rsia, os processos ser\u00e3o analisados e eventualmente suspensos ou extintos.<br><br>&#8220;H\u00e1 uma inten\u00e7\u00e3o firme de agir com transpar\u00eancia e boa f\u00e9 perante a ABV para poder eventualmente negociar aquilo que nos \u00e9 caro e que temos espa\u00e7o para isso&#8221;, finalizou Albuquerque.<br><br><strong>Petrolina<\/strong><br>A diretoria da ag\u00eancia tamb\u00e9m decidiu rever uma decis\u00e3o da superintend\u00eancia em rela\u00e7\u00e3o a uma discuss\u00e3o entre a CCR Bloco Central e a empresa Incolat\u00a0Ind\u00fastria e Com\u00e9rcio de Latic\u00ednios em rela\u00e7\u00e3o ao aumento de pre\u00e7os por um hangar no aeroporto de Petrolina (PE).\u00a0<br><br>A \u00e1rea t\u00e9cnica havia suspendido a mudan\u00e7a na forma de cobran\u00e7a, atendendo\u00a0\u00e0\u00a0empresa que alugava o hangar.\u00a0Mas\u00a0o diretor-presidente pediu vista\u00a0do\u00a0processo e votou favor\u00e1vel ao aumento, modificando o voto\u00a0do\u00a0relator, diretor Rog\u00e9rio Benevides, que anteriormente tinha proferido voto favor\u00e1vel\u00a0\u00e0\u00a0Incolat, revisto na reuni\u00e3o desta ter\u00e7a-feira (12).<br><br><strong>Gale\u00e3o<\/strong><br>Em outro processo, a diretoria referendou a revis\u00e3o extraordin\u00e1ria\u00a0do\u00a0contrato\u00a0de concess\u00e3o\u00a0do\u00a0aeroporto\u00a0do\u00a0Gale\u00e3o (RJ) pelos efeitos da Covid-19 no ano de 2022. Houve um pequeno ajuste de valores, com decr\u00e9scimo de R$ 412 milh\u00f5es para R$ 402 milh\u00f5es, no valor\u00a0do\u00a0reequil\u00edbrio, devido\u00a0\u00e0\u00a0atualiza\u00e7\u00e3o de par\u00e2metros com dados enviados pela concession\u00e1ria.<\/p>\n","protected":false},"excerpt":{"rendered":"<p>Dimmi Amora, da Ag\u00eancia iNFRA A diretoria da\u00a0ANAC\u00a0(Ag\u00eancia Nacional de Avia\u00e7\u00e3o Civil) manteve uma\u00a0multa\u00a0aplicada\u00a0\u00e0\u00a0ABV (Aeroportos Brasil\u00a0Viracopos), concession\u00e1ria\u00a0do\u00a0Aeroporto de\u00a0Viracopos\u00a0(SP), de R$ 62 milh\u00f5es por descumprimento dos prazos para a entrega das obras\u00a0do\u00a0terminal de passageiros da unidade. A decis\u00e3o foi tomada na reuni\u00e3o da \u00faltima ter\u00e7a-feira (12) da diretoria da ag\u00eancia e\u00a0se\u00a0refere \u00e0s multas aplicadas\u00a0\u00e0\u00a0concession\u00e1ria pela n\u00e3o [&hellip;]<\/p>\n","protected":false},"author":1,"featured_media":14087,"comment_status":"closed","ping_status":"closed","sticky":false,"template":"","format":"standard","meta":{"_monsterinsights_skip_tracking":false,"_monsterinsights_sitenote_active":false,"_monsterinsights_sitenote_note":"","_monsterinsights_sitenote_category":0,"footnotes":""},"categories":[7250,1,7],"tags":[6231,46,242,599,7379,1299,7380,48,5656,1338,18,1376,241],"class_list":["post-14086","post","type-post","status-publish","format-standard","has-post-thumbnail","hentry","category-destaque-lista","category-geral","category-infratransporte","tag-abv","tag-agencias-reguladoras","tag-anac","tag-aviacao-civil","tag-ccr-bloco-central","tag-dimmi-amora","tag-petrolina","tag-regulacao","tag-reuniao-de-diretoria","tag-ricardo-catanant","tag-tcu","tag-tiago-pereira","tag-viracopos"],"yoast_head":"<!-- This site is optimized with the Yoast SEO Premium plugin v25.4 (Yoast SEO v26.0) - https:\/\/yoast.com\/wordpress\/plugins\/seo\/ -->\n<title>ANAC mant\u00e9m multa a Viracopos, mas se declara aberta \u00e0 renegocia\u00e7\u00e3o do contrato - Ag\u00eancia iNFRA<\/title>\n<meta name=\"robots\" content=\"index, follow, max-snippet:-1, max-image-preview:large, max-video-preview:-1\" \/>\n<link rel=\"canonical\" href=\"https:\/\/agenciainfra.com\/blog\/anac-mantem-multa-a-viracopos-mas-se-declara-aberta-a-renegociacao-do-contrato\/\" \/>\n<meta property=\"og:locale\" content=\"pt_BR\" \/>\n<meta property=\"og:type\" content=\"article\" \/>\n<meta property=\"og:title\" content=\"ANAC mant\u00e9m multa a Viracopos, mas se declara aberta \u00e0 renegocia\u00e7\u00e3o do contrato\" \/>\n<meta property=\"og:description\" content=\"Dimmi Amora, da Ag\u00eancia iNFRA A diretoria da\u00a0ANAC\u00a0(Ag\u00eancia Nacional de Avia\u00e7\u00e3o Civil) manteve uma\u00a0multa\u00a0aplicada\u00a0\u00e0\u00a0ABV (Aeroportos Brasil\u00a0Viracopos), concession\u00e1ria\u00a0do\u00a0Aeroporto de\u00a0Viracopos\u00a0(SP), de R$ 62 milh\u00f5es por descumprimento dos prazos para a entrega das obras\u00a0do\u00a0terminal de passageiros da unidade. A decis\u00e3o foi tomada na reuni\u00e3o da \u00faltima ter\u00e7a-feira (12) da diretoria da ag\u00eancia e\u00a0se\u00a0refere \u00e0s multas aplicadas\u00a0\u00e0\u00a0concession\u00e1ria pela n\u00e3o [&hellip;]\" \/>\n<meta property=\"og:url\" content=\"https:\/\/agenciainfra.com\/blog\/anac-mantem-multa-a-viracopos-mas-se-declara-aberta-a-renegociacao-do-contrato\/\" \/>\n<meta property=\"og:site_name\" content=\"Ag\u00eancia iNFRA\" \/>\n<meta property=\"article:publisher\" content=\"https:\/\/www.facebook.com\/ageninfra\" \/>\n<meta property=\"article:published_time\" content=\"2023-09-15T12:00:00+00:00\" \/>\n<meta property=\"article:modified_time\" content=\"2026-03-13T12:45:48+00:00\" \/>\n<meta property=\"og:image\" content=\"https:\/\/agenciainfra.com\/blog\/wp-content\/uploads\/2023\/09\/ricardo-catanant-foto-agencia-camara-geraldo-magela.jpg\" \/>\n\t<meta property=\"og:image:width\" content=\"1202\" \/>\n\t<meta property=\"og:image:height\" content=\"801\" \/>\n\t<meta property=\"og:image:type\" content=\"image\/jpeg\" \/>\n<meta name=\"author\" content=\"Ag\u00eancia iNFRA\" \/>\n<meta name=\"twitter:card\" content=\"summary_large_image\" \/>\n<meta name=\"twitter:creator\" content=\"@agencia_infra\" \/>\n<meta name=\"twitter:site\" content=\"@agencia_infra\" \/>\n<meta name=\"twitter:label1\" content=\"Escrito por\" \/>\n\t<meta name=\"twitter:data1\" content=\"Ag\u00eancia iNFRA\" \/>\n\t<meta name=\"twitter:label2\" content=\"Est. tempo de leitura\" \/>\n\t<meta name=\"twitter:data2\" content=\"4 minutos\" \/>\n<script type=\"application\/ld+json\" class=\"yoast-schema-graph\">{\"@context\":\"https:\/\/schema.org\",\"@graph\":[{\"@type\":\"Article\",\"@id\":\"https:\/\/agenciainfra.com\/blog\/anac-mantem-multa-a-viracopos-mas-se-declara-aberta-a-renegociacao-do-contrato\/#article\",\"isPartOf\":{\"@id\":\"https:\/\/agenciainfra.com\/blog\/anac-mantem-multa-a-viracopos-mas-se-declara-aberta-a-renegociacao-do-contrato\/\"},\"author\":{\"name\":\"Ag\u00eancia iNFRA\",\"@id\":\"https:\/\/agenciainfra.com\/blog\/#\/schema\/person\/34af08dff6adea4cb22b06612ba7acfa\"},\"headline\":\"ANAC mant\u00e9m multa a Viracopos, mas se declara aberta \u00e0 renegocia\u00e7\u00e3o do contrato\",\"datePublished\":\"2023-09-15T12:00:00+00:00\",\"dateModified\":\"2026-03-13T12:45:48+00:00\",\"mainEntityOfPage\":{\"@id\":\"https:\/\/agenciainfra.com\/blog\/anac-mantem-multa-a-viracopos-mas-se-declara-aberta-a-renegociacao-do-contrato\/\"},\"wordCount\":813,\"publisher\":{\"@id\":\"https:\/\/agenciainfra.com\/blog\/#organization\"},\"image\":{\"@id\":\"https:\/\/agenciainfra.com\/blog\/anac-mantem-multa-a-viracopos-mas-se-declara-aberta-a-renegociacao-do-contrato\/#primaryimage\"},\"thumbnailUrl\":\"https:\/\/agenciainfra.com\/blog\/wp-content\/uploads\/2023\/09\/ricardo-catanant-foto-agencia-camara-geraldo-magela.jpg\",\"keywords\":[\"ABV\",\"Ag\u00eancias Reguladoras\",\"ANAC\",\"avia\u00e7\u00e3o civil\",\"CCR Bloco Central\",\"Dimmi Amora\",\"Petrolina\",\"Regula\u00e7\u00e3o\",\"reuni\u00e3o de diretoria\",\"Ricardo Catanant\",\"TCU\",\"Tiago Pereira\",\"Viracopos\"],\"articleSection\":[\"Destaque lista\",\"Geral\",\"iNFRATransporte\"],\"inLanguage\":\"pt-BR\",\"copyrightYear\":\"2023\",\"copyrightHolder\":{\"@id\":\"https:\/\/agenciainfra.com\/blog\/#organization\"}},{\"@type\":\"WebPage\",\"@id\":\"https:\/\/agenciainfra.com\/blog\/anac-mantem-multa-a-viracopos-mas-se-declara-aberta-a-renegociacao-do-contrato\/\",\"url\":\"https:\/\/agenciainfra.com\/blog\/anac-mantem-multa-a-viracopos-mas-se-declara-aberta-a-renegociacao-do-contrato\/\",\"name\":\"ANAC mant\u00e9m multa a Viracopos, mas se declara aberta \u00e0 renegocia\u00e7\u00e3o do contrato - Ag\u00eancia iNFRA\",\"isPartOf\":{\"@id\":\"https:\/\/agenciainfra.com\/blog\/#website\"},\"primaryImageOfPage\":{\"@id\":\"https:\/\/agenciainfra.com\/blog\/anac-mantem-multa-a-viracopos-mas-se-declara-aberta-a-renegociacao-do-contrato\/#primaryimage\"},\"image\":{\"@id\":\"https:\/\/agenciainfra.com\/blog\/anac-mantem-multa-a-viracopos-mas-se-declara-aberta-a-renegociacao-do-contrato\/#primaryimage\"},\"thumbnailUrl\":\"https:\/\/agenciainfra.com\/blog\/wp-content\/uploads\/2023\/09\/ricardo-catanant-foto-agencia-camara-geraldo-magela.jpg\",\"datePublished\":\"2023-09-15T12:00:00+00:00\",\"dateModified\":\"2026-03-13T12:45:48+00:00\",\"breadcrumb\":{\"@id\":\"https:\/\/agenciainfra.com\/blog\/anac-mantem-multa-a-viracopos-mas-se-declara-aberta-a-renegociacao-do-contrato\/#breadcrumb\"},\"inLanguage\":\"pt-BR\",\"potentialAction\":[{\"@type\":\"ReadAction\",\"target\":[\"https:\/\/agenciainfra.com\/blog\/anac-mantem-multa-a-viracopos-mas-se-declara-aberta-a-renegociacao-do-contrato\/\"]}]},{\"@type\":\"ImageObject\",\"inLanguage\":\"pt-BR\",\"@id\":\"https:\/\/agenciainfra.com\/blog\/anac-mantem-multa-a-viracopos-mas-se-declara-aberta-a-renegociacao-do-contrato\/#primaryimage\",\"url\":\"https:\/\/agenciainfra.com\/blog\/wp-content\/uploads\/2023\/09\/ricardo-catanant-foto-agencia-camara-geraldo-magela.jpg\",\"contentUrl\":\"https:\/\/agenciainfra.com\/blog\/wp-content\/uploads\/2023\/09\/ricardo-catanant-foto-agencia-camara-geraldo-magela.jpg\",\"width\":1202,\"height\":801},{\"@type\":\"BreadcrumbList\",\"@id\":\"https:\/\/agenciainfra.com\/blog\/anac-mantem-multa-a-viracopos-mas-se-declara-aberta-a-renegociacao-do-contrato\/#breadcrumb\",\"itemListElement\":[{\"@type\":\"ListItem\",\"position\":1,\"name\":\"In\u00edcio\",\"item\":\"https:\/\/agenciainfra.com\/blog\/\"},{\"@type\":\"ListItem\",\"position\":2,\"name\":\"ANAC mant\u00e9m multa a Viracopos, mas se declara aberta \u00e0 renegocia\u00e7\u00e3o do contrato\"}]},{\"@type\":\"WebSite\",\"@id\":\"https:\/\/agenciainfra.com\/blog\/#website\",\"url\":\"https:\/\/agenciainfra.com\/blog\/\",\"name\":\"Ag\u00eancia iNFRA\",\"description\":\"Multiplataforma de informa\u00e7\u00e3o jornal\u00edstica refer\u00eancia na \u00e1rea de infraestrutura no Brasil!\",\"publisher\":{\"@id\":\"https:\/\/agenciainfra.com\/blog\/#organization\"},\"potentialAction\":[{\"@type\":\"SearchAction\",\"target\":{\"@type\":\"EntryPoint\",\"urlTemplate\":\"https:\/\/agenciainfra.com\/blog\/?s={search_term_string}\"},\"query-input\":{\"@type\":\"PropertyValueSpecification\",\"valueRequired\":true,\"valueName\":\"search_term_string\"}}],\"inLanguage\":\"pt-BR\"},{\"@type\":\"Organization\",\"@id\":\"https:\/\/agenciainfra.com\/blog\/#organization\",\"name\":\"Ag\u00eancia iNFRA\",\"url\":\"https:\/\/agenciainfra.com\/blog\/\",\"logo\":{\"@type\":\"ImageObject\",\"inLanguage\":\"pt-BR\",\"@id\":\"https:\/\/agenciainfra.com\/blog\/#\/schema\/logo\/image\/\",\"url\":\"https:\/\/agenciainfra.com\/blog\/wp-content\/uploads\/2023\/09\/iNFRA_5-e1761735885940.png\",\"contentUrl\":\"https:\/\/agenciainfra.com\/blog\/wp-content\/uploads\/2023\/09\/iNFRA_5-e1761735885940.png\",\"width\":1672,\"height\":454,\"caption\":\"Ag\u00eancia iNFRA\"},\"image\":{\"@id\":\"https:\/\/agenciainfra.com\/blog\/#\/schema\/logo\/image\/\"},\"sameAs\":[\"https:\/\/www.facebook.com\/ageninfra\",\"https:\/\/x.com\/agencia_infra\",\"https:\/\/www.linkedin.com\/company\/ag\u00eanciainfra\/\",\"https:\/\/www.instagram.com\/agenciainfra\/\"]},{\"@type\":\"Person\",\"@id\":\"https:\/\/agenciainfra.com\/blog\/#\/schema\/person\/34af08dff6adea4cb22b06612ba7acfa\",\"name\":\"Ag\u00eancia iNFRA\",\"image\":{\"@type\":\"ImageObject\",\"inLanguage\":\"pt-BR\",\"@id\":\"https:\/\/agenciainfra.com\/blog\/#\/schema\/person\/image\/\",\"url\":\"https:\/\/secure.gravatar.com\/avatar\/d189e01678f06d8eb84d4e01f08eb848b3fffe3f8443818d3c356c66892f5be8?s=96&d=mm&r=g\",\"contentUrl\":\"https:\/\/secure.gravatar.com\/avatar\/d189e01678f06d8eb84d4e01f08eb848b3fffe3f8443818d3c356c66892f5be8?s=96&d=mm&r=g\",\"caption\":\"Ag\u00eancia iNFRA\"},\"url\":\"https:\/\/agenciainfra.com\/blog\/author\/admin\/\"}]}<\/script>\n<!-- \/ Yoast SEO Premium plugin. -->","yoast_head_json":{"title":"ANAC mant\u00e9m multa a Viracopos, mas se declara aberta \u00e0 renegocia\u00e7\u00e3o do contrato - Ag\u00eancia iNFRA","robots":{"index":"index","follow":"follow","max-snippet":"max-snippet:-1","max-image-preview":"max-image-preview:large","max-video-preview":"max-video-preview:-1"},"canonical":"https:\/\/agenciainfra.com\/blog\/anac-mantem-multa-a-viracopos-mas-se-declara-aberta-a-renegociacao-do-contrato\/","og_locale":"pt_BR","og_type":"article","og_title":"ANAC mant\u00e9m multa a Viracopos, mas se declara aberta \u00e0 renegocia\u00e7\u00e3o do contrato","og_description":"Dimmi Amora, da Ag\u00eancia iNFRA A diretoria da\u00a0ANAC\u00a0(Ag\u00eancia Nacional de Avia\u00e7\u00e3o Civil) manteve uma\u00a0multa\u00a0aplicada\u00a0\u00e0\u00a0ABV (Aeroportos Brasil\u00a0Viracopos), concession\u00e1ria\u00a0do\u00a0Aeroporto de\u00a0Viracopos\u00a0(SP), de R$ 62 milh\u00f5es por descumprimento dos prazos para a entrega das obras\u00a0do\u00a0terminal de passageiros da unidade. A decis\u00e3o foi tomada na reuni\u00e3o da \u00faltima ter\u00e7a-feira (12) da diretoria da ag\u00eancia e\u00a0se\u00a0refere \u00e0s multas aplicadas\u00a0\u00e0\u00a0concession\u00e1ria pela n\u00e3o [&hellip;]","og_url":"https:\/\/agenciainfra.com\/blog\/anac-mantem-multa-a-viracopos-mas-se-declara-aberta-a-renegociacao-do-contrato\/","og_site_name":"Ag\u00eancia iNFRA","article_publisher":"https:\/\/www.facebook.com\/ageninfra","article_published_time":"2023-09-15T12:00:00+00:00","article_modified_time":"2026-03-13T12:45:48+00:00","og_image":[{"width":1202,"height":801,"url":"https:\/\/agenciainfra.com\/blog\/wp-content\/uploads\/2023\/09\/ricardo-catanant-foto-agencia-camara-geraldo-magela.jpg","type":"image\/jpeg"}],"author":"Ag\u00eancia iNFRA","twitter_card":"summary_large_image","twitter_creator":"@agencia_infra","twitter_site":"@agencia_infra","twitter_misc":{"Escrito por":"Ag\u00eancia iNFRA","Est. tempo de leitura":"4 minutos"},"schema":{"@context":"https:\/\/schema.org","@graph":[{"@type":"Article","@id":"https:\/\/agenciainfra.com\/blog\/anac-mantem-multa-a-viracopos-mas-se-declara-aberta-a-renegociacao-do-contrato\/#article","isPartOf":{"@id":"https:\/\/agenciainfra.com\/blog\/anac-mantem-multa-a-viracopos-mas-se-declara-aberta-a-renegociacao-do-contrato\/"},"author":{"name":"Ag\u00eancia iNFRA","@id":"https:\/\/agenciainfra.com\/blog\/#\/schema\/person\/34af08dff6adea4cb22b06612ba7acfa"},"headline":"ANAC mant\u00e9m multa a Viracopos, mas se declara aberta \u00e0 renegocia\u00e7\u00e3o do contrato","datePublished":"2023-09-15T12:00:00+00:00","dateModified":"2026-03-13T12:45:48+00:00","mainEntityOfPage":{"@id":"https:\/\/agenciainfra.com\/blog\/anac-mantem-multa-a-viracopos-mas-se-declara-aberta-a-renegociacao-do-contrato\/"},"wordCount":813,"publisher":{"@id":"https:\/\/agenciainfra.com\/blog\/#organization"},"image":{"@id":"https:\/\/agenciainfra.com\/blog\/anac-mantem-multa-a-viracopos-mas-se-declara-aberta-a-renegociacao-do-contrato\/#primaryimage"},"thumbnailUrl":"https:\/\/agenciainfra.com\/blog\/wp-content\/uploads\/2023\/09\/ricardo-catanant-foto-agencia-camara-geraldo-magela.jpg","keywords":["ABV","Ag\u00eancias Reguladoras","ANAC","avia\u00e7\u00e3o civil","CCR Bloco Central","Dimmi Amora","Petrolina","Regula\u00e7\u00e3o","reuni\u00e3o de diretoria","Ricardo Catanant","TCU","Tiago Pereira","Viracopos"],"articleSection":["Destaque lista","Geral","iNFRATransporte"],"inLanguage":"pt-BR","copyrightYear":"2023","copyrightHolder":{"@id":"https:\/\/agenciainfra.com\/blog\/#organization"}},{"@type":"WebPage","@id":"https:\/\/agenciainfra.com\/blog\/anac-mantem-multa-a-viracopos-mas-se-declara-aberta-a-renegociacao-do-contrato\/","url":"https:\/\/agenciainfra.com\/blog\/anac-mantem-multa-a-viracopos-mas-se-declara-aberta-a-renegociacao-do-contrato\/","name":"ANAC mant\u00e9m multa a Viracopos, mas se declara aberta \u00e0 renegocia\u00e7\u00e3o do contrato - Ag\u00eancia iNFRA","isPartOf":{"@id":"https:\/\/agenciainfra.com\/blog\/#website"},"primaryImageOfPage":{"@id":"https:\/\/agenciainfra.com\/blog\/anac-mantem-multa-a-viracopos-mas-se-declara-aberta-a-renegociacao-do-contrato\/#primaryimage"},"image":{"@id":"https:\/\/agenciainfra.com\/blog\/anac-mantem-multa-a-viracopos-mas-se-declara-aberta-a-renegociacao-do-contrato\/#primaryimage"},"thumbnailUrl":"https:\/\/agenciainfra.com\/blog\/wp-content\/uploads\/2023\/09\/ricardo-catanant-foto-agencia-camara-geraldo-magela.jpg","datePublished":"2023-09-15T12:00:00+00:00","dateModified":"2026-03-13T12:45:48+00:00","breadcrumb":{"@id":"https:\/\/agenciainfra.com\/blog\/anac-mantem-multa-a-viracopos-mas-se-declara-aberta-a-renegociacao-do-contrato\/#breadcrumb"},"inLanguage":"pt-BR","potentialAction":[{"@type":"ReadAction","target":["https:\/\/agenciainfra.com\/blog\/anac-mantem-multa-a-viracopos-mas-se-declara-aberta-a-renegociacao-do-contrato\/"]}]},{"@type":"ImageObject","inLanguage":"pt-BR","@id":"https:\/\/agenciainfra.com\/blog\/anac-mantem-multa-a-viracopos-mas-se-declara-aberta-a-renegociacao-do-contrato\/#primaryimage","url":"https:\/\/agenciainfra.com\/blog\/wp-content\/uploads\/2023\/09\/ricardo-catanant-foto-agencia-camara-geraldo-magela.jpg","contentUrl":"https:\/\/agenciainfra.com\/blog\/wp-content\/uploads\/2023\/09\/ricardo-catanant-foto-agencia-camara-geraldo-magela.jpg","width":1202,"height":801},{"@type":"BreadcrumbList","@id":"https:\/\/agenciainfra.com\/blog\/anac-mantem-multa-a-viracopos-mas-se-declara-aberta-a-renegociacao-do-contrato\/#breadcrumb","itemListElement":[{"@type":"ListItem","position":1,"name":"In\u00edcio","item":"https:\/\/agenciainfra.com\/blog\/"},{"@type":"ListItem","position":2,"name":"ANAC mant\u00e9m multa a Viracopos, mas se declara aberta \u00e0 renegocia\u00e7\u00e3o do contrato"}]},{"@type":"WebSite","@id":"https:\/\/agenciainfra.com\/blog\/#website","url":"https:\/\/agenciainfra.com\/blog\/","name":"Ag\u00eancia iNFRA","description":"Multiplataforma de informa\u00e7\u00e3o jornal\u00edstica refer\u00eancia na \u00e1rea de infraestrutura no Brasil!","publisher":{"@id":"https:\/\/agenciainfra.com\/blog\/#organization"},"potentialAction":[{"@type":"SearchAction","target":{"@type":"EntryPoint","urlTemplate":"https:\/\/agenciainfra.com\/blog\/?s={search_term_string}"},"query-input":{"@type":"PropertyValueSpecification","valueRequired":true,"valueName":"search_term_string"}}],"inLanguage":"pt-BR"},{"@type":"Organization","@id":"https:\/\/agenciainfra.com\/blog\/#organization","name":"Ag\u00eancia iNFRA","url":"https:\/\/agenciainfra.com\/blog\/","logo":{"@type":"ImageObject","inLanguage":"pt-BR","@id":"https:\/\/agenciainfra.com\/blog\/#\/schema\/logo\/image\/","url":"https:\/\/agenciainfra.com\/blog\/wp-content\/uploads\/2023\/09\/iNFRA_5-e1761735885940.png","contentUrl":"https:\/\/agenciainfra.com\/blog\/wp-content\/uploads\/2023\/09\/iNFRA_5-e1761735885940.png","width":1672,"height":454,"caption":"Ag\u00eancia iNFRA"},"image":{"@id":"https:\/\/agenciainfra.com\/blog\/#\/schema\/logo\/image\/"},"sameAs":["https:\/\/www.facebook.com\/ageninfra","https:\/\/x.com\/agencia_infra","https:\/\/www.linkedin.com\/company\/ag\u00eanciainfra\/","https:\/\/www.instagram.com\/agenciainfra\/"]},{"@type":"Person","@id":"https:\/\/agenciainfra.com\/blog\/#\/schema\/person\/34af08dff6adea4cb22b06612ba7acfa","name":"Ag\u00eancia iNFRA","image":{"@type":"ImageObject","inLanguage":"pt-BR","@id":"https:\/\/agenciainfra.com\/blog\/#\/schema\/person\/image\/","url":"https:\/\/secure.gravatar.com\/avatar\/d189e01678f06d8eb84d4e01f08eb848b3fffe3f8443818d3c356c66892f5be8?s=96&d=mm&r=g","contentUrl":"https:\/\/secure.gravatar.com\/avatar\/d189e01678f06d8eb84d4e01f08eb848b3fffe3f8443818d3c356c66892f5be8?s=96&d=mm&r=g","caption":"Ag\u00eancia iNFRA"},"url":"https:\/\/agenciainfra.com\/blog\/author\/admin\/"}]}},"_links":{"self":[{"href":"https:\/\/agenciainfra.com\/blog\/wp-json\/wp\/v2\/posts\/14086","targetHints":{"allow":["GET"]}}],"collection":[{"href":"https:\/\/agenciainfra.com\/blog\/wp-json\/wp\/v2\/posts"}],"about":[{"href":"https:\/\/agenciainfra.com\/blog\/wp-json\/wp\/v2\/types\/post"}],"author":[{"embeddable":true,"href":"https:\/\/agenciainfra.com\/blog\/wp-json\/wp\/v2\/users\/1"}],"replies":[{"embeddable":true,"href":"https:\/\/agenciainfra.com\/blog\/wp-json\/wp\/v2\/comments?post=14086"}],"version-history":[{"count":1,"href":"https:\/\/agenciainfra.com\/blog\/wp-json\/wp\/v2\/posts\/14086\/revisions"}],"predecessor-version":[{"id":37825,"href":"https:\/\/agenciainfra.com\/blog\/wp-json\/wp\/v2\/posts\/14086\/revisions\/37825"}],"wp:featuredmedia":[{"embeddable":true,"href":"https:\/\/agenciainfra.com\/blog\/wp-json\/wp\/v2\/media\/14087"}],"wp:attachment":[{"href":"https:\/\/agenciainfra.com\/blog\/wp-json\/wp\/v2\/media?parent=14086"}],"wp:term":[{"taxonomy":"category","embeddable":true,"href":"https:\/\/agenciainfra.com\/blog\/wp-json\/wp\/v2\/categories?post=14086"},{"taxonomy":"post_tag","embeddable":true,"href":"https:\/\/agenciainfra.com\/blog\/wp-json\/wp\/v2\/tags?post=14086"}],"curies":[{"name":"wp","href":"https:\/\/api.w.org\/{rel}","templated":true}]}}