{"id":1413,"date":"2018-04-09T19:00:58","date_gmt":"2018-04-09T22:00:58","guid":{"rendered":"http:\/\/www.agenciainfra.com\/blog\/?p=1413"},"modified":"2018-04-13T18:44:27","modified_gmt":"2018-04-13T21:44:27","slug":"nao-quero-chegar-no-mme-com-tropa-de-ocupacao-diz-moreira-franco-novo-ministro-de-energia","status":"publish","type":"post","link":"https:\/\/agenciainfra.com\/blog\/nao-quero-chegar-no-mme-com-tropa-de-ocupacao-diz-moreira-franco-novo-ministro-de-energia\/","title":{"rendered":"\u201cN\u00e3o quero chegar no MME com tropa de ocupa\u00e7\u00e3o&#8221;, diz Moreira Franco, novo ministro de Energia"},"content":{"rendered":"<p>&nbsp;<\/p>\n<h5 style=\"text-align: right;\"><strong>Dimmi Amora e Leila Coimbra, da Ag\u00eancia iNFRA<\/strong><\/h5>\n<p>O novo ministro de Minas e Energia, Moreira Franco, afirmou que a pol\u00edtica p\u00fablica implementada no setor de energia pelo presidente Michel Temer n\u00e3o vai mudar com sua chegada \u00e0 pasta, o que est\u00e1 previsto para ocorrer nesta semana. Aos 73 anos, ele deixar\u00e1 a secretaria-Geral da Presid\u00eancia, que assumiu no in\u00edcio do governo Temer, para controlar o quarto minist\u00e9rio diferente nesta d\u00e9cada.<\/p>\n<p>Sem dar nomes, Moreira afirmou que quer trabalhar com os funcion\u00e1rios da equipe de Fernando Coelho Filho, mas lembrou que ningu\u00e9m \u00e9 insubstitu\u00edvel no governo.<\/p>\n<p>\u201cEm nenhum lugar que fui cheguei com tropa de ocupa\u00e7\u00e3o\u201d, afirmou o novo ministro nesta entrevista exclusiva \u00e0\u00a0<strong>Ag\u00eancia iNFRA<\/strong>.<\/p>\n<p>Segundo ele, a prioridade agora ser\u00e1 destravar o processo de capitaliza\u00e7\u00e3o da Eletrobras, que sofre oposi\u00e7\u00e3o at\u00e9 de integrantes da base do governo dentro do Congresso Nacional.\u00a0 Para ele, n\u00e3o havia alternativa melhor para a empresa:<\/p>\n<p>\u201cA Eletrobras est\u00e1 mal das pernas\u201d, disse Moreira lembrando que o projeto tamb\u00e9m \u00e9 a forma de salvar o Rio S\u00e3o Francisco.<\/p>\n<p><strong>Ag\u00eancia iNFRA<\/strong>\u00a0&#8211;\u00a0<strong>Desde que foi anunciado o seu nome, as a\u00e7\u00f5es da Eletrobras tiveram perda significativa de valor. Por que foi necess\u00e1rio que o senhor assumisse a pasta e o que o governo pretende fazer para reverter essa primeira impress\u00e3o?<\/strong><br \/>\n<strong>Moreira Franco<\/strong>\u00a0&#8211; N\u00e3o \u00e9 uma primeira impress\u00e3o, a Bolsa \u00e9 muito vol\u00e1til e tem que se tratar essas oscila\u00e7\u00f5es nesse ambiente de volatilidade, esse \u00e9 um ponto. O segundo ponto: a minha vinda para c\u00e1 foi justamente para manter a pol\u00edtica do governo, a pol\u00edtica do Minist\u00e9rio de Minas e Energia com rela\u00e7\u00e3o ao setor el\u00e9trico, com rela\u00e7\u00e3o ao setor de \u00f3leo e g\u00e1s, com rela\u00e7\u00e3o \u00e0 minera\u00e7\u00e3o e com rela\u00e7\u00e3o \u00e0s fontes energ\u00e9ticas alternativas. E agora temos que introduzir a quest\u00e3o nuclear, que \u00e9 muito importante. A recomenda\u00e7\u00e3o do presidente \u00e9 que se abra uma perspectiva de se organizar definitivamente esse setor. Essa pol\u00edtica continua basicamente a mesma, \u00e9 uma pol\u00edtica de governo e estou aqui n\u00e3o somente para execut\u00e1-la, mas para aprofund\u00e1-la.<\/p>\n<p><strong>Por qu\u00ea?<\/strong><br \/>\nOs resultados foram extremamente positivos e posso dar o testemunho disso, porque todos os processos de concess\u00e3o e privatiza\u00e7\u00e3o de diversas \u00e1reas foram realizados em comum acordo com o PPI (Programa de Parcerias e Investimentos). Ent\u00e3o h\u00e1 uma sinergia muito grande.<\/p>\n<p><strong>Como o senhor pretende manter essa pol\u00edtica, com a troca de alguns nomes? J\u00e1 tem nomes para substituir os membros da equipe que est\u00e3o saindo?<\/strong><br \/>\nEu n\u00e3o sou insubstitu\u00edvel, ningu\u00e9m \u00e9&#8230; Agora, a pol\u00edtica n\u00e3o se expressa por pessoas e sim por equipe. Quero manter com todos os membros da equipe do ministro Fernando as rela\u00e7\u00f5es que sempre mantive quando estava no PPI. Mesmo aqueles que n\u00e3o ficaram, pessoas que tenho o maior respeito intelectual como o Paulo Pedrosa, hoje mesmo eu falei ao telefone com ele e ele me disse que h\u00e1 a disposi\u00e7\u00e3o dele em ajudar e o que eu espero \u00e9 isso. Eu j\u00e1 ocupei v\u00e1rios cargos p\u00fablicos na minha vida. Comecei muito cedo, fui prefeito de Niter\u00f3i aos 30 anos e os cargos que tive nunca cheguei com tropa de ocupa\u00e7\u00e3o.<\/p>\n<p><strong>Tropa de ocupa\u00e7\u00e3o seria sua equipe pr\u00f3pria?<\/strong><br \/>\nIsso, com uma equipe pr\u00f3pria. Eu sempre procuro pegar as pessoas que j\u00e1 est\u00e3o, que j\u00e1 t\u00eam uma ocupa\u00e7\u00e3o, est\u00e3o envolvidas com os projetos e criar condi\u00e7\u00f5es para que elas desenvolvam suas habilidades. Assim fiz em todos os lugares, desde a prefeitura at\u00e9 a secretaria-Geral da Presid\u00eancia da Rep\u00fablica. Sempre procuro trabalhar com pessoas que sejam melhores do que eu e saibam mais do que eu, e \u00e9 o que n\u00f3s vamos fazer. O setor pode estar absolutamente sereno porque n\u00e3o vai haver mudan\u00e7a de pol\u00edtica. A pol\u00edtica \u00e9 de governo e estou aqui justamente para garantir que ela seja realizada.<\/p>\n<p><strong>E como o senhor pretende fazer isso?<\/strong><br \/>\nA expectativa que n\u00f3s temos \u00e9 de realizar um amplo debate, um amplo di\u00e1logo com as lideran\u00e7as do parlamento para que n\u00f3s possamos avan\u00e7ar com o processo de capitaliza\u00e7\u00e3o da Eletrobras, porque o Brasil precisa de energia el\u00e9trica. Hoje precisamos garantir luz para todos, e quando se fala luz. hoje, em fun\u00e7\u00e3o do avan\u00e7o tecnol\u00f3gico, n\u00e3o \u00e9 s\u00f3 a luz decorrente do resultado imediato de uma tomada, mas a luz do saber, da informa\u00e7\u00e3o, da intelig\u00eancia humana.\u00a0 Nada se faz nada, em nenhuma dessas \u00e1reas, sem eletricidade. As pessoas precisam morar em um pa\u00eds que haja abund\u00e2ncia do fornecimento de energia.<\/p>\n<p><strong>O Congresso vai colaborar com isso?<\/strong><br \/>\nVamos trabalhar para criar as condi\u00e7\u00f5es para que essa vota\u00e7\u00e3o se defina. Espero que os parlamentares compreendam a urg\u00eancia disso, que \u00e9 fundamental para as pessoas e para a economia do Brasil. Estamos crescendo. A tend\u00eancia de todas as proje\u00e7\u00f5es \u00e9 que esse crescimento aumente. Vamos precisar de energia.<\/p>\n<p><strong>E a Eletrobras n\u00e3o ter\u00e1 condi\u00e7\u00f5es para isso?<\/strong><br \/>\nN\u00e3o tem. Ela est\u00e1 mal das pernas. A pol\u00edtica de energia, \u00f3leo e g\u00e1s no Brasil \u00e9 que n\u00e3o se est\u00e1 querendo criar modelo novo. N\u00e3o estamos usando o brasileiro como experimento. Est\u00e1 se repetindo o que deu certo no mundo todo e procurando usar o talento e a criatividade do brasileiro para melhorar tecnologicamente. E \u00e9 isso o que est\u00e1 nos permitindo colocar a economia brasileira e a sociedade brasileira no s\u00e9culo XXI para que os brasileiros possam se beneficiar dos avan\u00e7os da tecnologia, da inova\u00e7\u00e3o e do saber. A Eletrobras, dentro desse contexto, \u00e9 um elemento fundamental. Precisamos modernizar n\u00e3o s\u00f3 a produ\u00e7\u00e3o, mas tamb\u00e9m a distribui\u00e7\u00e3o e o consumo.<\/p>\n<p><strong>No Congresso, a resist\u00eancia n\u00e3o \u00e9 s\u00f3 da oposi\u00e7\u00e3o, o que seria normal, mas tamb\u00e9m de parlamentares da base&#8230;<\/strong><br \/>\nEu sei&#8230;<\/p>\n<p><strong>D\u00e1 para trazer esses parlamentares para voltar a ser governo?<\/strong><br \/>\nN\u00e3o \u00e9 voltar a ser governo. \u00c9 voltar a ser Brasil. Vai ser dif\u00edcil, vai. Estamos entrando em um processo eleitoral. Ele causa muito reboli\u00e7o na cabe\u00e7a das pessoas. Mas isso \u00e9 natural. Fui criado nisso.<\/p>\n<p><strong>Mas o senhor acha ser poss\u00edvel, mesmo neste contexto eleitoral?<\/strong><br \/>\nMais do que poss\u00edvel \u00e9 necess\u00e1rio, urgente. Precisamos vencer esta etapa que n\u00e3o vai beneficiar somente A, B, C ou D. Vai fortalecer o Congresso Nacional que est\u00e1 dando ao Brasil a possibilidade de melhorar mais ainda as oportunidades para os brasileiros.<\/p>\n<p><strong>Mas no Congresso tem outra quest\u00e3o da \u00e1rea que \u00e9 a quest\u00e3o do g\u00e1s&#8230;<\/strong><br \/>\nEssa quest\u00e3o vamos ter que estudar.<\/p>\n<p><strong>Em rela\u00e7\u00e3o \u00e0 cess\u00e3o onerosa. Como ser\u00e1 poss\u00edvel solucionar?<\/strong><br \/>\nTemos que continuar conversando. A pol\u00edtica est\u00e1 muito clara. Os par\u00e2metros dela j\u00e1 foram incorporados nesses dois anos, com resultados extremamente positivos, eles geram h\u00e1bitos, costumes, refer\u00eancias. Agora temos que ir conversando para cada vez mais ampliar a ades\u00e3o e o compromisso com essa pol\u00edtica que est\u00e1 beneficiando os brasileiros. Em pouco tempo, vamos ter n\u00e3o s\u00f3 carro el\u00e9trico, mas carro sem motorista. Isso n\u00e3o \u00e9 mais filme de fic\u00e7\u00e3o cient\u00edfica. Ou a gente entende isso, ou n\u00f3s vamos voltar aos padr\u00f5es do s\u00e9culo XVIII. E quando a gente anda para tr\u00e1s, a velocidade \u00e9 muito maior do que quando a gente anda para frente.<\/p>\n<p><strong>E por que n\u00e3o colocar recursos p\u00fablicos na Eletrobras?<\/strong><br \/>\nO Brasil tem que repensar a aloca\u00e7\u00e3o dos recursos p\u00fablicos. J\u00e1 foi um grande avan\u00e7o a introdu\u00e7\u00e3o do teto de gastos que vai levar o Congresso Nacional a ser o local da defini\u00e7\u00e3o da aplica\u00e7\u00e3o dos recursos. A negocia\u00e7\u00e3o n\u00e3o ser\u00e1 mais com o executivo. Ser\u00e1 no Congresso, entre as pessoas e o parlamento. Isso significa que cada vez mais temos que ter menos governo e mais pessoas; e menos governo n\u00e3o \u00e9 menos estado, n\u00e3o. Menos governo \u00e9 menos interfer\u00eancia na vida das pessoas. \u00c9 mais poder para as pessoas. E s\u00f3 vamos conseguir isso se a infraestrutura for suficientemente democratizada para garantia igualdade de oportunidade para todos. Dentro desse contexto, a capitaliza\u00e7\u00e3o Eletrobras \u00e9 fundamental. Ela n\u00e3o pode se dar com dinheiro p\u00fablico.<\/p>\n<p><strong>Por qu\u00ea?<\/strong><br \/>\nPara que o dinheiro p\u00fablico seja aplicado em \u00e1reas que tradicionalmente o cidad\u00e3o delegou ao poder p\u00fablico a responsabilidade de tocar, seguran\u00e7a, educa\u00e7\u00e3o, sa\u00fade, pesquisa.<\/p>\n<p><strong>Havia outra solu\u00e7\u00e3o poss\u00edvel que n\u00e3o passasse por se desfazer das a\u00e7\u00f5es da Eletrobras?<\/strong><br \/>\nN\u00e3o se optou por desfazer. Voc\u00ea, quando est\u00e1 numa situa\u00e7\u00e3o dif\u00edcil, voc\u00ea tem um bem est\u00e1 precisando de dinheiro para sair da situa\u00e7\u00e3o dif\u00edcil voc\u00ea tenta ao m\u00e1ximo se desfazer dos ativos. Mas tem uma certa hora que voc\u00ea v\u00ea que n\u00e3o d\u00e1. A alternativa que se encontrou? Ao inv\u00e9s de ir ao balc\u00e3o para vender os ativos, vamos tornar nossas a\u00e7\u00f5es mais valiosas, mais poderosas. Vamos capitalizar a empresa, que vai ser maior e mais robusta. E, al\u00e9m disso, temos um grande desafio que vem a s\u00e9culos, do imp\u00e9rio, que \u00e9 dar um tratamento ao Rio S\u00e3o Francisco que continue a ser o rio da integra\u00e7\u00e3o nacional, mas um rio vivo, gerador de riqueza. E a capitaliza\u00e7\u00e3o da Eletrobras tem como contrapartida isso, a obriga\u00e7\u00e3o de cuidar do rio, de salvar o Rio. Os ganhos s\u00e3o imensos e diversificados.<\/p>\n","protected":false},"excerpt":{"rendered":"<p>&nbsp; Dimmi Amora e Leila Coimbra, da Ag\u00eancia iNFRA O novo ministro de Minas e Energia, Moreira Franco, afirmou que a pol\u00edtica p\u00fablica implementada no setor de energia pelo presidente Michel Temer n\u00e3o vai mudar com sua chegada \u00e0 pasta, o que est\u00e1 previsto para ocorrer nesta semana. Aos 73 anos, ele deixar\u00e1 a secretaria-Geral [&hellip;]<\/p>\n","protected":false},"author":1,"featured_media":1445,"comment_status":"closed","ping_status":"open","sticky":false,"template":"","format":"standard","meta":{"_monsterinsights_skip_tracking":false,"_monsterinsights_sitenote_active":false,"_monsterinsights_sitenote_note":"","_monsterinsights_sitenote_category":0,"footnotes":""},"categories":[10],"tags":[50,146,71,145,51],"class_list":["post-1413","post","type-post","status-publish","format-standard","has-post-thumbnail","hentry","category-infraenergia","tag-eletrobras","tag-ministro","tag-mme","tag-moreira-franco","tag-privatizacao"],"yoast_head":"<!-- This site is optimized with the Yoast SEO Premium plugin v25.4 (Yoast SEO v26.0) - https:\/\/yoast.com\/wordpress\/plugins\/seo\/ -->\n<title>\u201cN\u00e3o quero chegar no MME com tropa de ocupa\u00e7\u00e3o&quot;, diz Moreira Franco, novo ministro de Energia - Ag\u00eancia iNFRA<\/title>\n<meta name=\"robots\" content=\"index, follow, max-snippet:-1, max-image-preview:large, max-video-preview:-1\" \/>\n<link rel=\"canonical\" href=\"https:\/\/agenciainfra.com\/blog\/nao-quero-chegar-no-mme-com-tropa-de-ocupacao-diz-moreira-franco-novo-ministro-de-energia\/\" \/>\n<meta property=\"og:locale\" content=\"pt_BR\" \/>\n<meta property=\"og:type\" content=\"article\" \/>\n<meta property=\"og:title\" content=\"\u201cN\u00e3o quero chegar no MME com tropa de ocupa\u00e7\u00e3o&quot;, diz Moreira Franco, novo ministro de Energia\" \/>\n<meta property=\"og:description\" content=\"&nbsp; Dimmi Amora e Leila Coimbra, da Ag\u00eancia iNFRA O novo ministro de Minas e Energia, Moreira Franco, afirmou que a pol\u00edtica p\u00fablica implementada no setor de energia pelo presidente Michel Temer n\u00e3o vai mudar com sua chegada \u00e0 pasta, o que est\u00e1 previsto para ocorrer nesta semana. Aos 73 anos, ele deixar\u00e1 a secretaria-Geral [&hellip;]\" \/>\n<meta property=\"og:url\" content=\"https:\/\/agenciainfra.com\/blog\/nao-quero-chegar-no-mme-com-tropa-de-ocupacao-diz-moreira-franco-novo-ministro-de-energia\/\" \/>\n<meta property=\"og:site_name\" content=\"Ag\u00eancia iNFRA\" \/>\n<meta property=\"article:publisher\" content=\"https:\/\/www.facebook.com\/ageninfra\" \/>\n<meta property=\"article:published_time\" content=\"2018-04-09T22:00:58+00:00\" \/>\n<meta property=\"article:modified_time\" content=\"2018-04-13T21:44:27+00:00\" \/>\n<meta property=\"og:image\" content=\"https:\/\/agenciainfra.com\/blog\/wp-content\/uploads\/2018\/04\/moreira_franco_posse-e1523655452113.png\" \/>\n\t<meta property=\"og:image:width\" content=\"420\" \/>\n\t<meta property=\"og:image:height\" content=\"206\" \/>\n\t<meta property=\"og:image:type\" content=\"image\/png\" \/>\n<meta name=\"author\" content=\"Ag\u00eancia iNFRA\" \/>\n<meta name=\"twitter:card\" content=\"summary_large_image\" \/>\n<meta name=\"twitter:creator\" content=\"@agencia_infra\" \/>\n<meta name=\"twitter:site\" content=\"@agencia_infra\" \/>\n<meta name=\"twitter:label1\" content=\"Escrito por\" \/>\n\t<meta name=\"twitter:data1\" content=\"Ag\u00eancia iNFRA\" \/>\n\t<meta name=\"twitter:label2\" content=\"Est. tempo de leitura\" \/>\n\t<meta name=\"twitter:data2\" content=\"8 minutos\" \/>\n<script type=\"application\/ld+json\" class=\"yoast-schema-graph\">{\"@context\":\"https:\/\/schema.org\",\"@graph\":[{\"@type\":\"Article\",\"@id\":\"https:\/\/agenciainfra.com\/blog\/nao-quero-chegar-no-mme-com-tropa-de-ocupacao-diz-moreira-franco-novo-ministro-de-energia\/#article\",\"isPartOf\":{\"@id\":\"https:\/\/agenciainfra.com\/blog\/nao-quero-chegar-no-mme-com-tropa-de-ocupacao-diz-moreira-franco-novo-ministro-de-energia\/\"},\"author\":{\"name\":\"Ag\u00eancia iNFRA\",\"@id\":\"https:\/\/agenciainfra.com\/blog\/#\/schema\/person\/34af08dff6adea4cb22b06612ba7acfa\"},\"headline\":\"\u201cN\u00e3o quero chegar no MME com tropa de ocupa\u00e7\u00e3o&#8221;, diz Moreira Franco, novo ministro de Energia\",\"datePublished\":\"2018-04-09T22:00:58+00:00\",\"dateModified\":\"2018-04-13T21:44:27+00:00\",\"mainEntityOfPage\":{\"@id\":\"https:\/\/agenciainfra.com\/blog\/nao-quero-chegar-no-mme-com-tropa-de-ocupacao-diz-moreira-franco-novo-ministro-de-energia\/\"},\"wordCount\":1646,\"publisher\":{\"@id\":\"https:\/\/agenciainfra.com\/blog\/#organization\"},\"image\":{\"@id\":\"https:\/\/agenciainfra.com\/blog\/nao-quero-chegar-no-mme-com-tropa-de-ocupacao-diz-moreira-franco-novo-ministro-de-energia\/#primaryimage\"},\"thumbnailUrl\":\"https:\/\/agenciainfra.com\/blog\/wp-content\/uploads\/2018\/04\/moreira_franco_posse-e1523655452113.png\",\"keywords\":[\"Eletrobras\",\"Ministro\",\"MME\",\"Moreira Franco\",\"Privatiza\u00e7\u00e3o\"],\"articleSection\":[\"iNFRAEnergia\"],\"inLanguage\":\"pt-BR\",\"copyrightYear\":\"2018\",\"copyrightHolder\":{\"@id\":\"https:\/\/agenciainfra.com\/blog\/#organization\"}},{\"@type\":\"WebPage\",\"@id\":\"https:\/\/agenciainfra.com\/blog\/nao-quero-chegar-no-mme-com-tropa-de-ocupacao-diz-moreira-franco-novo-ministro-de-energia\/\",\"url\":\"https:\/\/agenciainfra.com\/blog\/nao-quero-chegar-no-mme-com-tropa-de-ocupacao-diz-moreira-franco-novo-ministro-de-energia\/\",\"name\":\"\u201cN\u00e3o quero chegar no MME com tropa de ocupa\u00e7\u00e3o\\\", diz Moreira Franco, novo ministro de Energia - Ag\u00eancia iNFRA\",\"isPartOf\":{\"@id\":\"https:\/\/agenciainfra.com\/blog\/#website\"},\"primaryImageOfPage\":{\"@id\":\"https:\/\/agenciainfra.com\/blog\/nao-quero-chegar-no-mme-com-tropa-de-ocupacao-diz-moreira-franco-novo-ministro-de-energia\/#primaryimage\"},\"image\":{\"@id\":\"https:\/\/agenciainfra.com\/blog\/nao-quero-chegar-no-mme-com-tropa-de-ocupacao-diz-moreira-franco-novo-ministro-de-energia\/#primaryimage\"},\"thumbnailUrl\":\"https:\/\/agenciainfra.com\/blog\/wp-content\/uploads\/2018\/04\/moreira_franco_posse-e1523655452113.png\",\"datePublished\":\"2018-04-09T22:00:58+00:00\",\"dateModified\":\"2018-04-13T21:44:27+00:00\",\"breadcrumb\":{\"@id\":\"https:\/\/agenciainfra.com\/blog\/nao-quero-chegar-no-mme-com-tropa-de-ocupacao-diz-moreira-franco-novo-ministro-de-energia\/#breadcrumb\"},\"inLanguage\":\"pt-BR\",\"potentialAction\":[{\"@type\":\"ReadAction\",\"target\":[\"https:\/\/agenciainfra.com\/blog\/nao-quero-chegar-no-mme-com-tropa-de-ocupacao-diz-moreira-franco-novo-ministro-de-energia\/\"]}]},{\"@type\":\"ImageObject\",\"inLanguage\":\"pt-BR\",\"@id\":\"https:\/\/agenciainfra.com\/blog\/nao-quero-chegar-no-mme-com-tropa-de-ocupacao-diz-moreira-franco-novo-ministro-de-energia\/#primaryimage\",\"url\":\"https:\/\/agenciainfra.com\/blog\/wp-content\/uploads\/2018\/04\/moreira_franco_posse-e1523655452113.png\",\"contentUrl\":\"https:\/\/agenciainfra.com\/blog\/wp-content\/uploads\/2018\/04\/moreira_franco_posse-e1523655452113.png\",\"width\":420,\"height\":206},{\"@type\":\"BreadcrumbList\",\"@id\":\"https:\/\/agenciainfra.com\/blog\/nao-quero-chegar-no-mme-com-tropa-de-ocupacao-diz-moreira-franco-novo-ministro-de-energia\/#breadcrumb\",\"itemListElement\":[{\"@type\":\"ListItem\",\"position\":1,\"name\":\"In\u00edcio\",\"item\":\"https:\/\/agenciainfra.com\/blog\/\"},{\"@type\":\"ListItem\",\"position\":2,\"name\":\"\u201cN\u00e3o quero chegar no MME com tropa de ocupa\u00e7\u00e3o&#8221;, diz Moreira Franco, novo ministro de Energia\"}]},{\"@type\":\"WebSite\",\"@id\":\"https:\/\/agenciainfra.com\/blog\/#website\",\"url\":\"https:\/\/agenciainfra.com\/blog\/\",\"name\":\"Ag\u00eancia iNFRA\",\"description\":\"Multiplataforma de informa\u00e7\u00e3o jornal\u00edstica refer\u00eancia na \u00e1rea de infraestrutura no Brasil!\",\"publisher\":{\"@id\":\"https:\/\/agenciainfra.com\/blog\/#organization\"},\"potentialAction\":[{\"@type\":\"SearchAction\",\"target\":{\"@type\":\"EntryPoint\",\"urlTemplate\":\"https:\/\/agenciainfra.com\/blog\/?s={search_term_string}\"},\"query-input\":{\"@type\":\"PropertyValueSpecification\",\"valueRequired\":true,\"valueName\":\"search_term_string\"}}],\"inLanguage\":\"pt-BR\"},{\"@type\":\"Organization\",\"@id\":\"https:\/\/agenciainfra.com\/blog\/#organization\",\"name\":\"Ag\u00eancia iNFRA\",\"url\":\"https:\/\/agenciainfra.com\/blog\/\",\"logo\":{\"@type\":\"ImageObject\",\"inLanguage\":\"pt-BR\",\"@id\":\"https:\/\/agenciainfra.com\/blog\/#\/schema\/logo\/image\/\",\"url\":\"https:\/\/agenciainfra.com\/blog\/wp-content\/uploads\/2023\/09\/iNFRA_5-e1761735885940.png\",\"contentUrl\":\"https:\/\/agenciainfra.com\/blog\/wp-content\/uploads\/2023\/09\/iNFRA_5-e1761735885940.png\",\"width\":1672,\"height\":454,\"caption\":\"Ag\u00eancia iNFRA\"},\"image\":{\"@id\":\"https:\/\/agenciainfra.com\/blog\/#\/schema\/logo\/image\/\"},\"sameAs\":[\"https:\/\/www.facebook.com\/ageninfra\",\"https:\/\/x.com\/agencia_infra\",\"https:\/\/www.linkedin.com\/company\/ag\u00eanciainfra\/\",\"https:\/\/www.instagram.com\/agenciainfra\/\"]},{\"@type\":\"Person\",\"@id\":\"https:\/\/agenciainfra.com\/blog\/#\/schema\/person\/34af08dff6adea4cb22b06612ba7acfa\",\"name\":\"Ag\u00eancia iNFRA\",\"image\":{\"@type\":\"ImageObject\",\"inLanguage\":\"pt-BR\",\"@id\":\"https:\/\/agenciainfra.com\/blog\/#\/schema\/person\/image\/\",\"url\":\"https:\/\/secure.gravatar.com\/avatar\/d189e01678f06d8eb84d4e01f08eb848b3fffe3f8443818d3c356c66892f5be8?s=96&d=mm&r=g\",\"contentUrl\":\"https:\/\/secure.gravatar.com\/avatar\/d189e01678f06d8eb84d4e01f08eb848b3fffe3f8443818d3c356c66892f5be8?s=96&d=mm&r=g\",\"caption\":\"Ag\u00eancia iNFRA\"},\"url\":\"https:\/\/agenciainfra.com\/blog\/author\/admin\/\"}]}<\/script>\n<!-- \/ Yoast SEO Premium plugin. -->","yoast_head_json":{"title":"\u201cN\u00e3o quero chegar no MME com tropa de ocupa\u00e7\u00e3o\", diz Moreira Franco, novo ministro de Energia - Ag\u00eancia iNFRA","robots":{"index":"index","follow":"follow","max-snippet":"max-snippet:-1","max-image-preview":"max-image-preview:large","max-video-preview":"max-video-preview:-1"},"canonical":"https:\/\/agenciainfra.com\/blog\/nao-quero-chegar-no-mme-com-tropa-de-ocupacao-diz-moreira-franco-novo-ministro-de-energia\/","og_locale":"pt_BR","og_type":"article","og_title":"\u201cN\u00e3o quero chegar no MME com tropa de ocupa\u00e7\u00e3o\", diz Moreira Franco, novo ministro de Energia","og_description":"&nbsp; Dimmi Amora e Leila Coimbra, da Ag\u00eancia iNFRA O novo ministro de Minas e Energia, Moreira Franco, afirmou que a pol\u00edtica p\u00fablica implementada no setor de energia pelo presidente Michel Temer n\u00e3o vai mudar com sua chegada \u00e0 pasta, o que est\u00e1 previsto para ocorrer nesta semana. Aos 73 anos, ele deixar\u00e1 a secretaria-Geral [&hellip;]","og_url":"https:\/\/agenciainfra.com\/blog\/nao-quero-chegar-no-mme-com-tropa-de-ocupacao-diz-moreira-franco-novo-ministro-de-energia\/","og_site_name":"Ag\u00eancia iNFRA","article_publisher":"https:\/\/www.facebook.com\/ageninfra","article_published_time":"2018-04-09T22:00:58+00:00","article_modified_time":"2018-04-13T21:44:27+00:00","og_image":[{"width":420,"height":206,"url":"https:\/\/agenciainfra.com\/blog\/wp-content\/uploads\/2018\/04\/moreira_franco_posse-e1523655452113.png","type":"image\/png"}],"author":"Ag\u00eancia iNFRA","twitter_card":"summary_large_image","twitter_creator":"@agencia_infra","twitter_site":"@agencia_infra","twitter_misc":{"Escrito por":"Ag\u00eancia iNFRA","Est. tempo de leitura":"8 minutos"},"schema":{"@context":"https:\/\/schema.org","@graph":[{"@type":"Article","@id":"https:\/\/agenciainfra.com\/blog\/nao-quero-chegar-no-mme-com-tropa-de-ocupacao-diz-moreira-franco-novo-ministro-de-energia\/#article","isPartOf":{"@id":"https:\/\/agenciainfra.com\/blog\/nao-quero-chegar-no-mme-com-tropa-de-ocupacao-diz-moreira-franco-novo-ministro-de-energia\/"},"author":{"name":"Ag\u00eancia iNFRA","@id":"https:\/\/agenciainfra.com\/blog\/#\/schema\/person\/34af08dff6adea4cb22b06612ba7acfa"},"headline":"\u201cN\u00e3o quero chegar no MME com tropa de ocupa\u00e7\u00e3o&#8221;, diz Moreira Franco, novo ministro de Energia","datePublished":"2018-04-09T22:00:58+00:00","dateModified":"2018-04-13T21:44:27+00:00","mainEntityOfPage":{"@id":"https:\/\/agenciainfra.com\/blog\/nao-quero-chegar-no-mme-com-tropa-de-ocupacao-diz-moreira-franco-novo-ministro-de-energia\/"},"wordCount":1646,"publisher":{"@id":"https:\/\/agenciainfra.com\/blog\/#organization"},"image":{"@id":"https:\/\/agenciainfra.com\/blog\/nao-quero-chegar-no-mme-com-tropa-de-ocupacao-diz-moreira-franco-novo-ministro-de-energia\/#primaryimage"},"thumbnailUrl":"https:\/\/agenciainfra.com\/blog\/wp-content\/uploads\/2018\/04\/moreira_franco_posse-e1523655452113.png","keywords":["Eletrobras","Ministro","MME","Moreira Franco","Privatiza\u00e7\u00e3o"],"articleSection":["iNFRAEnergia"],"inLanguage":"pt-BR","copyrightYear":"2018","copyrightHolder":{"@id":"https:\/\/agenciainfra.com\/blog\/#organization"}},{"@type":"WebPage","@id":"https:\/\/agenciainfra.com\/blog\/nao-quero-chegar-no-mme-com-tropa-de-ocupacao-diz-moreira-franco-novo-ministro-de-energia\/","url":"https:\/\/agenciainfra.com\/blog\/nao-quero-chegar-no-mme-com-tropa-de-ocupacao-diz-moreira-franco-novo-ministro-de-energia\/","name":"\u201cN\u00e3o quero chegar no MME com tropa de ocupa\u00e7\u00e3o\", diz Moreira Franco, novo ministro de Energia - Ag\u00eancia iNFRA","isPartOf":{"@id":"https:\/\/agenciainfra.com\/blog\/#website"},"primaryImageOfPage":{"@id":"https:\/\/agenciainfra.com\/blog\/nao-quero-chegar-no-mme-com-tropa-de-ocupacao-diz-moreira-franco-novo-ministro-de-energia\/#primaryimage"},"image":{"@id":"https:\/\/agenciainfra.com\/blog\/nao-quero-chegar-no-mme-com-tropa-de-ocupacao-diz-moreira-franco-novo-ministro-de-energia\/#primaryimage"},"thumbnailUrl":"https:\/\/agenciainfra.com\/blog\/wp-content\/uploads\/2018\/04\/moreira_franco_posse-e1523655452113.png","datePublished":"2018-04-09T22:00:58+00:00","dateModified":"2018-04-13T21:44:27+00:00","breadcrumb":{"@id":"https:\/\/agenciainfra.com\/blog\/nao-quero-chegar-no-mme-com-tropa-de-ocupacao-diz-moreira-franco-novo-ministro-de-energia\/#breadcrumb"},"inLanguage":"pt-BR","potentialAction":[{"@type":"ReadAction","target":["https:\/\/agenciainfra.com\/blog\/nao-quero-chegar-no-mme-com-tropa-de-ocupacao-diz-moreira-franco-novo-ministro-de-energia\/"]}]},{"@type":"ImageObject","inLanguage":"pt-BR","@id":"https:\/\/agenciainfra.com\/blog\/nao-quero-chegar-no-mme-com-tropa-de-ocupacao-diz-moreira-franco-novo-ministro-de-energia\/#primaryimage","url":"https:\/\/agenciainfra.com\/blog\/wp-content\/uploads\/2018\/04\/moreira_franco_posse-e1523655452113.png","contentUrl":"https:\/\/agenciainfra.com\/blog\/wp-content\/uploads\/2018\/04\/moreira_franco_posse-e1523655452113.png","width":420,"height":206},{"@type":"BreadcrumbList","@id":"https:\/\/agenciainfra.com\/blog\/nao-quero-chegar-no-mme-com-tropa-de-ocupacao-diz-moreira-franco-novo-ministro-de-energia\/#breadcrumb","itemListElement":[{"@type":"ListItem","position":1,"name":"In\u00edcio","item":"https:\/\/agenciainfra.com\/blog\/"},{"@type":"ListItem","position":2,"name":"\u201cN\u00e3o quero chegar no MME com tropa de ocupa\u00e7\u00e3o&#8221;, diz Moreira Franco, novo ministro de Energia"}]},{"@type":"WebSite","@id":"https:\/\/agenciainfra.com\/blog\/#website","url":"https:\/\/agenciainfra.com\/blog\/","name":"Ag\u00eancia iNFRA","description":"Multiplataforma de informa\u00e7\u00e3o jornal\u00edstica refer\u00eancia na \u00e1rea de infraestrutura no Brasil!","publisher":{"@id":"https:\/\/agenciainfra.com\/blog\/#organization"},"potentialAction":[{"@type":"SearchAction","target":{"@type":"EntryPoint","urlTemplate":"https:\/\/agenciainfra.com\/blog\/?s={search_term_string}"},"query-input":{"@type":"PropertyValueSpecification","valueRequired":true,"valueName":"search_term_string"}}],"inLanguage":"pt-BR"},{"@type":"Organization","@id":"https:\/\/agenciainfra.com\/blog\/#organization","name":"Ag\u00eancia iNFRA","url":"https:\/\/agenciainfra.com\/blog\/","logo":{"@type":"ImageObject","inLanguage":"pt-BR","@id":"https:\/\/agenciainfra.com\/blog\/#\/schema\/logo\/image\/","url":"https:\/\/agenciainfra.com\/blog\/wp-content\/uploads\/2023\/09\/iNFRA_5-e1761735885940.png","contentUrl":"https:\/\/agenciainfra.com\/blog\/wp-content\/uploads\/2023\/09\/iNFRA_5-e1761735885940.png","width":1672,"height":454,"caption":"Ag\u00eancia iNFRA"},"image":{"@id":"https:\/\/agenciainfra.com\/blog\/#\/schema\/logo\/image\/"},"sameAs":["https:\/\/www.facebook.com\/ageninfra","https:\/\/x.com\/agencia_infra","https:\/\/www.linkedin.com\/company\/ag\u00eanciainfra\/","https:\/\/www.instagram.com\/agenciainfra\/"]},{"@type":"Person","@id":"https:\/\/agenciainfra.com\/blog\/#\/schema\/person\/34af08dff6adea4cb22b06612ba7acfa","name":"Ag\u00eancia iNFRA","image":{"@type":"ImageObject","inLanguage":"pt-BR","@id":"https:\/\/agenciainfra.com\/blog\/#\/schema\/person\/image\/","url":"https:\/\/secure.gravatar.com\/avatar\/d189e01678f06d8eb84d4e01f08eb848b3fffe3f8443818d3c356c66892f5be8?s=96&d=mm&r=g","contentUrl":"https:\/\/secure.gravatar.com\/avatar\/d189e01678f06d8eb84d4e01f08eb848b3fffe3f8443818d3c356c66892f5be8?s=96&d=mm&r=g","caption":"Ag\u00eancia iNFRA"},"url":"https:\/\/agenciainfra.com\/blog\/author\/admin\/"}]}},"_links":{"self":[{"href":"https:\/\/agenciainfra.com\/blog\/wp-json\/wp\/v2\/posts\/1413","targetHints":{"allow":["GET"]}}],"collection":[{"href":"https:\/\/agenciainfra.com\/blog\/wp-json\/wp\/v2\/posts"}],"about":[{"href":"https:\/\/agenciainfra.com\/blog\/wp-json\/wp\/v2\/types\/post"}],"author":[{"embeddable":true,"href":"https:\/\/agenciainfra.com\/blog\/wp-json\/wp\/v2\/users\/1"}],"replies":[{"embeddable":true,"href":"https:\/\/agenciainfra.com\/blog\/wp-json\/wp\/v2\/comments?post=1413"}],"version-history":[{"count":0,"href":"https:\/\/agenciainfra.com\/blog\/wp-json\/wp\/v2\/posts\/1413\/revisions"}],"wp:featuredmedia":[{"embeddable":true,"href":"https:\/\/agenciainfra.com\/blog\/wp-json\/wp\/v2\/media\/1445"}],"wp:attachment":[{"href":"https:\/\/agenciainfra.com\/blog\/wp-json\/wp\/v2\/media?parent=1413"}],"wp:term":[{"taxonomy":"category","embeddable":true,"href":"https:\/\/agenciainfra.com\/blog\/wp-json\/wp\/v2\/categories?post=1413"},{"taxonomy":"post_tag","embeddable":true,"href":"https:\/\/agenciainfra.com\/blog\/wp-json\/wp\/v2\/tags?post=1413"}],"curies":[{"name":"wp","href":"https:\/\/api.w.org\/{rel}","templated":true}]}}