{"id":14130,"date":"2023-09-19T13:00:00","date_gmt":"2023-09-19T16:00:00","guid":{"rendered":"https:\/\/www.agenciainfra.com\/blog\/?p=14130"},"modified":"2026-03-13T09:45:45","modified_gmt":"2026-03-13T12:45:45","slug":"ministerio-vai-abrir-consulta-publica-para-mudar-plano-de-reducao-de-mortes-no-transito","status":"publish","type":"post","link":"https:\/\/agenciainfra.com\/blog\/ministerio-vai-abrir-consulta-publica-para-mudar-plano-de-reducao-de-mortes-no-transito\/","title":{"rendered":"Minist\u00e9rio vai abrir consulta p\u00fablica para mudar plano de redu\u00e7\u00e3o de mortes no tr\u00e2nsito"},"content":{"rendered":"\n<p class=\"has-text-align-right\"><strong>da Ag\u00eancia iNFRA<\/strong><\/p>\n\n\n\n<p>O secret\u00e1rio nacional de&nbsp;Tr\u00e2nsito&nbsp;do&nbsp;Minist\u00e9rio&nbsp;dos Transportes, Adrualdo Cat\u00e3o, anunciou que o Pnatrans (Plano&nbsp;Nacional de&nbsp;Redu\u00e7\u00e3o&nbsp;de&nbsp;Mortes&nbsp;e Les\u00f5es&nbsp;no&nbsp;Tr\u00e2nsito) passar\u00e1 por modifica\u00e7\u00f5es&nbsp;para&nbsp;ampliar a capacidade dos entes subnacionais de indicarem a\u00e7\u00f5es&nbsp;para&nbsp;a&nbsp;redu\u00e7\u00e3o&nbsp;dos acidentes e tamb\u00e9m&nbsp;para&nbsp;iniciar um processo de divulga\u00e7\u00e3o de dados regionalizados.<br><br>A informa\u00e7\u00e3o foi dada nesta segunda-feira (18)&nbsp;no&nbsp;lan\u00e7amento da Semana Nacional do&nbsp;Tr\u00e2nsito, em evento realizado&nbsp;no&nbsp;Minist\u00e9rio&nbsp;dos Transportes. Uma&nbsp;consulta&nbsp;p\u00fablica&nbsp;sobre as mudan\u00e7as&nbsp;no&nbsp;Pnatrans deve ser lan\u00e7ada ainda nesta semana,&nbsp;afirmou o secret\u00e1rio.<br><br>O secret\u00e1rio afirmou que o Pnatrans&nbsp;\u00e9 um&nbsp;plano&nbsp;que tem qualidade, mas que&nbsp;vai&nbsp;incorporar medidas&nbsp;para&nbsp;torn\u00e1-los mais democr\u00e1tico. A ideia \u00e9 que, se um munic\u00edpio ou estado tiver a\u00e7\u00f5es espec\u00edficas que possam reduzir os acidentes e&nbsp;mortes, poder\u00e1 inserir&nbsp;no&nbsp;plano&nbsp;diretamente. Antes, n\u00e3o havia essa possibilidade.<br><br>Se as a\u00e7\u00f5es se mostrarem efetivas, segundo o secret\u00e1rio, elas poder\u00e3o ser replicadas&nbsp;para&nbsp;outros entes. O secret\u00e1rio afirmou que essa mudan\u00e7a prepara o&nbsp;plano&nbsp;para&nbsp;uma outra etapa, que \u00e9 a fase em que o&nbsp;minist\u00e9rio&nbsp;vai&nbsp;jogar foco sobre os n\u00fameros de acidentes e&nbsp;mortes&nbsp;por cidade.<br><br>Um primeiro levantamento foi mostrado&nbsp;no&nbsp;evento e indicou que em 1.182 munic\u00edpios do pa\u00eds (22% do total) est\u00e3o concentradas 77% das 22 mil&nbsp;mortes&nbsp;no&nbsp;tr\u00e2nsito&nbsp;(n\u00e3o inclu\u00eddas as&nbsp;mortes&nbsp;em vias federais, segundo o dado). Os dados indicam ainda que os munic\u00edpios de tamanho mediano com muito uso de motocicletas s\u00e3o os com maiores \u00edndices de mortalidade.<br><br><strong>Ranking<\/strong><br>A ideia \u00e9 que, com n\u00fameros mais atualizados vindos do Datasus de 2022, o governo crie um ranking mostrando onde est\u00e3o concentradas as&nbsp;mortes&nbsp;para&nbsp;que as cidades possam tomar atitudes efetivas&nbsp;para&nbsp;a&nbsp;redu\u00e7\u00e3o. Da mesma forma que espera o constrangimento dos piores com a exposi\u00e7\u00e3o dos resultados, Cat\u00e3o afirma que&nbsp;vai&nbsp;premiar as cidades que obtiverem as maiores redu\u00e7\u00f5es.<br><br>Outra a\u00e7\u00e3o em andamento, segundo o secret\u00e1rio, \u00e9 melhorar a qualidade dos dados sobre&nbsp;mortes&nbsp;e acidentes&nbsp;no&nbsp;tr\u00e2nsito, com a cria\u00e7\u00e3o de um aplicativo espec\u00edfico que ser\u00e1 incorporado a aplicativos j\u00e1 usados pelas for\u00e7as de seguran\u00e7a do pa\u00eds. Ele acredita que com isso, ser\u00e1 poss\u00edvel melhorar os dados do Datasus e evitar subnotifica\u00e7\u00f5es.<br><br>A Semana Nacional do&nbsp;Tr\u00e2nsito&nbsp;\u00e9 uma forma de dar visibilidade a mais de 850 a\u00e7\u00f5es cadastradas que est\u00e3o sendo tomadas por diferentes \u00f3rg\u00e3os de governo e da iniciativa privada&nbsp;para&nbsp;a&nbsp;redu\u00e7\u00e3o&nbsp;dos acidentes&nbsp;no&nbsp;pa\u00eds, que \u00e9 o 3\u00ba maior em n\u00fameros absolutos de&nbsp;mortes&nbsp;no&nbsp;tr\u00e2nsito&nbsp;no&nbsp;mundo.&nbsp;<br><br>Apesar de fazer parte da iniciativa da ONU&nbsp;para&nbsp;reduzir o n\u00famero de&nbsp;mortes&nbsp;no&nbsp;tr\u00e2nsito&nbsp;at\u00e9 2030 em 50%, segundo Cat\u00e3o, o pa\u00eds vinha aumentando at\u00e9 o ano passado esse n\u00famero e&nbsp;vai&nbsp;precisar de iniciativas&nbsp;para&nbsp;alcan\u00e7ar as metas pactuadas at\u00e9 2030.<br><br><strong>Iniciativa AZ+ da ANTT<\/strong><br>Entre as a\u00e7\u00f5es sobre o tema apresentadas&nbsp;no&nbsp;lan\u00e7amento da iniciativa, o diretor-geral da ANTT (Ag\u00eancia Nacional de Transportes Terrestres) falou sobre&nbsp;<a href=\"https:\/\/agenciainfra.us14.list-manage.com\/track\/click?u=d460dd1bcf9ba0ae040e1fc0f&amp;id=6b0585847c&amp;e=f0fa444791\" target=\"_blank\" rel=\"noreferrer noopener\">Inciativa&nbsp;AZ+<\/a>, lan\u00e7ada pela ag\u00eancia&nbsp;para&nbsp;buscar o n\u00famero zero de&nbsp;mortes&nbsp;em estradas federais concedidas.<br><br>Segundo Vitale, a ideia \u00e9 instigar tanto as concession\u00e1rias como os servidores da ag\u00eancia a atuar com agilidade&nbsp;para&nbsp;a implementa\u00e7\u00e3o de investimentos que possam ter impacto na&nbsp;redu\u00e7\u00e3o&nbsp;de acidentes nas estradas, usando procedimentos mais c\u00e9leres&nbsp;para&nbsp;a libera\u00e7\u00e3o desses investimentos.<br><br>As concession\u00e1rias tamb\u00e9m t\u00eam iniciativas visando a&nbsp;redu\u00e7\u00e3o&nbsp;das&nbsp;mortes, com a\u00e7\u00f5es tomadas dentro de um acordo de coopera\u00e7\u00e3o de cinco anos envolvendo diversos \u00f3rg\u00e3os. Uma das iniciativas, segundo Marco Antonio Giusti, diretor-executivo da ABCR &#8211; Melhores Rodovias do Brasil (Associa\u00e7\u00e3o Brasileira de Concession\u00e1rias de Rodovias), \u00e9 melhorar a execu\u00e7\u00e3o de verbas espec\u00edficas&nbsp;para&nbsp;seguran\u00e7a vi\u00e1ria nos contratos.&nbsp;<br><br>Segundo ele, parte dos investimentos que devem ser feitos em a\u00e7\u00f5es de seguran\u00e7a acaba n\u00e3o sendo aplicada pelas concession\u00e1rias dentro do per\u00edodo especificado nos contratos, o que faz com que os recursos sejam convertidos em redu\u00e7\u00f5es tarif\u00e1rias \u00ednfimas, sem os benef\u00edcios que poderiam ter&nbsp;para&nbsp;a seguran\u00e7a vi\u00e1ria.<\/p>\n","protected":false},"excerpt":{"rendered":"<p>da Ag\u00eancia iNFRA O secret\u00e1rio nacional de&nbsp;Tr\u00e2nsito&nbsp;do&nbsp;Minist\u00e9rio&nbsp;dos Transportes, Adrualdo Cat\u00e3o, anunciou que o Pnatrans (Plano&nbsp;Nacional de&nbsp;Redu\u00e7\u00e3o&nbsp;de&nbsp;Mortes&nbsp;e Les\u00f5es&nbsp;no&nbsp;Tr\u00e2nsito) passar\u00e1 por modifica\u00e7\u00f5es&nbsp;para&nbsp;ampliar a capacidade dos entes subnacionais de indicarem a\u00e7\u00f5es&nbsp;para&nbsp;a&nbsp;redu\u00e7\u00e3o&nbsp;dos acidentes e tamb\u00e9m&nbsp;para&nbsp;iniciar um processo de divulga\u00e7\u00e3o de dados regionalizados. A informa\u00e7\u00e3o foi dada nesta segunda-feira (18)&nbsp;no&nbsp;lan\u00e7amento da Semana Nacional do&nbsp;Tr\u00e2nsito, em evento realizado&nbsp;no&nbsp;Minist\u00e9rio&nbsp;dos Transportes. Uma&nbsp;consulta&nbsp;p\u00fablica&nbsp;sobre as [&hellip;]<\/p>\n","protected":false},"author":1,"featured_media":4231,"comment_status":"closed","ping_status":"closed","sticky":false,"template":"","format":"standard","meta":{"_monsterinsights_skip_tracking":false,"_monsterinsights_sitenote_active":false,"_monsterinsights_sitenote_note":"","_monsterinsights_sitenote_category":0,"footnotes":""},"categories":[7250,1,7],"tags":[613,7097,7417,46,19,7419,6087,16,3695,4611,7416,7420],"class_list":["post-14130","post","type-post","status-publish","format-standard","has-post-thumbnail","hentry","category-destaque-lista","category-geral","category-infratransporte","tag-abcr","tag-acidentes-de-transito","tag-adrualdo-catao","tag-agencias-reguladoras","tag-antt","tag-datasus","tag-marco-antonio-giusti","tag-ministerio-dos-transportes","tag-pnatrans","tag-rafael-vitale","tag-secretaria-nacional-de-transito","tag-semana-nacional-de-transito"],"yoast_head":"<!-- This site is optimized with the Yoast SEO Premium plugin v25.4 (Yoast SEO v26.0) - https:\/\/yoast.com\/wordpress\/plugins\/seo\/ -->\n<title>Minist\u00e9rio vai abrir consulta p\u00fablica para mudar plano de redu\u00e7\u00e3o de mortes no tr\u00e2nsito - Ag\u00eancia iNFRA<\/title>\n<meta name=\"robots\" content=\"index, follow, max-snippet:-1, max-image-preview:large, max-video-preview:-1\" \/>\n<link rel=\"canonical\" href=\"https:\/\/agenciainfra.com\/blog\/ministerio-vai-abrir-consulta-publica-para-mudar-plano-de-reducao-de-mortes-no-transito\/\" \/>\n<meta property=\"og:locale\" content=\"pt_BR\" \/>\n<meta property=\"og:type\" content=\"article\" \/>\n<meta property=\"og:title\" content=\"Minist\u00e9rio vai abrir consulta p\u00fablica para mudar plano de redu\u00e7\u00e3o de mortes no tr\u00e2nsito\" \/>\n<meta property=\"og:description\" content=\"da Ag\u00eancia iNFRA O secret\u00e1rio nacional de&nbsp;Tr\u00e2nsito&nbsp;do&nbsp;Minist\u00e9rio&nbsp;dos Transportes, Adrualdo Cat\u00e3o, anunciou que o Pnatrans (Plano&nbsp;Nacional de&nbsp;Redu\u00e7\u00e3o&nbsp;de&nbsp;Mortes&nbsp;e Les\u00f5es&nbsp;no&nbsp;Tr\u00e2nsito) passar\u00e1 por modifica\u00e7\u00f5es&nbsp;para&nbsp;ampliar a capacidade dos entes subnacionais de indicarem a\u00e7\u00f5es&nbsp;para&nbsp;a&nbsp;redu\u00e7\u00e3o&nbsp;dos acidentes e tamb\u00e9m&nbsp;para&nbsp;iniciar um processo de divulga\u00e7\u00e3o de dados regionalizados. A informa\u00e7\u00e3o foi dada nesta segunda-feira (18)&nbsp;no&nbsp;lan\u00e7amento da Semana Nacional do&nbsp;Tr\u00e2nsito, em evento realizado&nbsp;no&nbsp;Minist\u00e9rio&nbsp;dos Transportes. Uma&nbsp;consulta&nbsp;p\u00fablica&nbsp;sobre as [&hellip;]\" \/>\n<meta property=\"og:url\" content=\"https:\/\/agenciainfra.com\/blog\/ministerio-vai-abrir-consulta-publica-para-mudar-plano-de-reducao-de-mortes-no-transito\/\" \/>\n<meta property=\"og:site_name\" content=\"Ag\u00eancia iNFRA\" \/>\n<meta property=\"article:publisher\" content=\"https:\/\/www.facebook.com\/ageninfra\" \/>\n<meta property=\"article:published_time\" content=\"2023-09-19T16:00:00+00:00\" \/>\n<meta property=\"article:modified_time\" content=\"2026-03-13T12:45:45+00:00\" \/>\n<meta property=\"og:image\" content=\"https:\/\/agenciainfra.com\/blog\/wp-content\/uploads\/2020\/01\/transito-dominio-publico.jpeg\" \/>\n\t<meta property=\"og:image:width\" content=\"1280\" \/>\n\t<meta property=\"og:image:height\" content=\"960\" \/>\n\t<meta property=\"og:image:type\" content=\"image\/jpeg\" \/>\n<meta name=\"author\" content=\"Ag\u00eancia iNFRA\" \/>\n<meta name=\"twitter:card\" content=\"summary_large_image\" \/>\n<meta name=\"twitter:creator\" content=\"@agencia_infra\" \/>\n<meta name=\"twitter:site\" content=\"@agencia_infra\" \/>\n<meta name=\"twitter:label1\" content=\"Escrito por\" \/>\n\t<meta name=\"twitter:data1\" content=\"Ag\u00eancia iNFRA\" \/>\n\t<meta name=\"twitter:label2\" content=\"Est. tempo de leitura\" \/>\n\t<meta name=\"twitter:data2\" content=\"4 minutos\" \/>\n<script type=\"application\/ld+json\" class=\"yoast-schema-graph\">{\"@context\":\"https:\/\/schema.org\",\"@graph\":[{\"@type\":\"Article\",\"@id\":\"https:\/\/agenciainfra.com\/blog\/ministerio-vai-abrir-consulta-publica-para-mudar-plano-de-reducao-de-mortes-no-transito\/#article\",\"isPartOf\":{\"@id\":\"https:\/\/agenciainfra.com\/blog\/ministerio-vai-abrir-consulta-publica-para-mudar-plano-de-reducao-de-mortes-no-transito\/\"},\"author\":{\"name\":\"Ag\u00eancia iNFRA\",\"@id\":\"https:\/\/agenciainfra.com\/blog\/#\/schema\/person\/34af08dff6adea4cb22b06612ba7acfa\"},\"headline\":\"Minist\u00e9rio vai abrir consulta p\u00fablica para mudar plano de redu\u00e7\u00e3o de mortes no tr\u00e2nsito\",\"datePublished\":\"2023-09-19T16:00:00+00:00\",\"dateModified\":\"2026-03-13T12:45:45+00:00\",\"mainEntityOfPage\":{\"@id\":\"https:\/\/agenciainfra.com\/blog\/ministerio-vai-abrir-consulta-publica-para-mudar-plano-de-reducao-de-mortes-no-transito\/\"},\"wordCount\":878,\"publisher\":{\"@id\":\"https:\/\/agenciainfra.com\/blog\/#organization\"},\"image\":{\"@id\":\"https:\/\/agenciainfra.com\/blog\/ministerio-vai-abrir-consulta-publica-para-mudar-plano-de-reducao-de-mortes-no-transito\/#primaryimage\"},\"thumbnailUrl\":\"https:\/\/agenciainfra.com\/blog\/wp-content\/uploads\/2020\/01\/transito-dominio-publico.jpeg\",\"keywords\":[\"abcr\",\"acidentes de tr\u00e2nsito\",\"Adrualdo Cat\u00e3o\",\"Ag\u00eancias Reguladoras\",\"ANTT\",\"Datasus\",\"Marco Antonio Giusti\",\"minist\u00e9rio dos transportes\",\"Pnatrans\",\"Rafael Vitale\",\"Secretaria Nacional de Tr\u00e2nsito\",\"Semana Nacional de Tr\u00e2nsito\"],\"articleSection\":[\"Destaque lista\",\"Geral\",\"iNFRATransporte\"],\"inLanguage\":\"pt-BR\",\"copyrightYear\":\"2023\",\"copyrightHolder\":{\"@id\":\"https:\/\/agenciainfra.com\/blog\/#organization\"}},{\"@type\":\"WebPage\",\"@id\":\"https:\/\/agenciainfra.com\/blog\/ministerio-vai-abrir-consulta-publica-para-mudar-plano-de-reducao-de-mortes-no-transito\/\",\"url\":\"https:\/\/agenciainfra.com\/blog\/ministerio-vai-abrir-consulta-publica-para-mudar-plano-de-reducao-de-mortes-no-transito\/\",\"name\":\"Minist\u00e9rio vai abrir consulta p\u00fablica para mudar plano de redu\u00e7\u00e3o de mortes no tr\u00e2nsito - Ag\u00eancia iNFRA\",\"isPartOf\":{\"@id\":\"https:\/\/agenciainfra.com\/blog\/#website\"},\"primaryImageOfPage\":{\"@id\":\"https:\/\/agenciainfra.com\/blog\/ministerio-vai-abrir-consulta-publica-para-mudar-plano-de-reducao-de-mortes-no-transito\/#primaryimage\"},\"image\":{\"@id\":\"https:\/\/agenciainfra.com\/blog\/ministerio-vai-abrir-consulta-publica-para-mudar-plano-de-reducao-de-mortes-no-transito\/#primaryimage\"},\"thumbnailUrl\":\"https:\/\/agenciainfra.com\/blog\/wp-content\/uploads\/2020\/01\/transito-dominio-publico.jpeg\",\"datePublished\":\"2023-09-19T16:00:00+00:00\",\"dateModified\":\"2026-03-13T12:45:45+00:00\",\"breadcrumb\":{\"@id\":\"https:\/\/agenciainfra.com\/blog\/ministerio-vai-abrir-consulta-publica-para-mudar-plano-de-reducao-de-mortes-no-transito\/#breadcrumb\"},\"inLanguage\":\"pt-BR\",\"potentialAction\":[{\"@type\":\"ReadAction\",\"target\":[\"https:\/\/agenciainfra.com\/blog\/ministerio-vai-abrir-consulta-publica-para-mudar-plano-de-reducao-de-mortes-no-transito\/\"]}]},{\"@type\":\"ImageObject\",\"inLanguage\":\"pt-BR\",\"@id\":\"https:\/\/agenciainfra.com\/blog\/ministerio-vai-abrir-consulta-publica-para-mudar-plano-de-reducao-de-mortes-no-transito\/#primaryimage\",\"url\":\"https:\/\/agenciainfra.com\/blog\/wp-content\/uploads\/2020\/01\/transito-dominio-publico.jpeg\",\"contentUrl\":\"https:\/\/agenciainfra.com\/blog\/wp-content\/uploads\/2020\/01\/transito-dominio-publico.jpeg\",\"width\":1280,\"height\":960,\"caption\":\"Foto: Dom\u00ednio P\u00fablico\"},{\"@type\":\"BreadcrumbList\",\"@id\":\"https:\/\/agenciainfra.com\/blog\/ministerio-vai-abrir-consulta-publica-para-mudar-plano-de-reducao-de-mortes-no-transito\/#breadcrumb\",\"itemListElement\":[{\"@type\":\"ListItem\",\"position\":1,\"name\":\"In\u00edcio\",\"item\":\"https:\/\/agenciainfra.com\/blog\/\"},{\"@type\":\"ListItem\",\"position\":2,\"name\":\"Minist\u00e9rio vai abrir consulta p\u00fablica para mudar plano de redu\u00e7\u00e3o de mortes no tr\u00e2nsito\"}]},{\"@type\":\"WebSite\",\"@id\":\"https:\/\/agenciainfra.com\/blog\/#website\",\"url\":\"https:\/\/agenciainfra.com\/blog\/\",\"name\":\"Ag\u00eancia iNFRA\",\"description\":\"Multiplataforma de informa\u00e7\u00e3o jornal\u00edstica refer\u00eancia na \u00e1rea de infraestrutura no Brasil!\",\"publisher\":{\"@id\":\"https:\/\/agenciainfra.com\/blog\/#organization\"},\"potentialAction\":[{\"@type\":\"SearchAction\",\"target\":{\"@type\":\"EntryPoint\",\"urlTemplate\":\"https:\/\/agenciainfra.com\/blog\/?s={search_term_string}\"},\"query-input\":{\"@type\":\"PropertyValueSpecification\",\"valueRequired\":true,\"valueName\":\"search_term_string\"}}],\"inLanguage\":\"pt-BR\"},{\"@type\":\"Organization\",\"@id\":\"https:\/\/agenciainfra.com\/blog\/#organization\",\"name\":\"Ag\u00eancia iNFRA\",\"url\":\"https:\/\/agenciainfra.com\/blog\/\",\"logo\":{\"@type\":\"ImageObject\",\"inLanguage\":\"pt-BR\",\"@id\":\"https:\/\/agenciainfra.com\/blog\/#\/schema\/logo\/image\/\",\"url\":\"https:\/\/agenciainfra.com\/blog\/wp-content\/uploads\/2023\/09\/iNFRA_5-e1761735885940.png\",\"contentUrl\":\"https:\/\/agenciainfra.com\/blog\/wp-content\/uploads\/2023\/09\/iNFRA_5-e1761735885940.png\",\"width\":1672,\"height\":454,\"caption\":\"Ag\u00eancia iNFRA\"},\"image\":{\"@id\":\"https:\/\/agenciainfra.com\/blog\/#\/schema\/logo\/image\/\"},\"sameAs\":[\"https:\/\/www.facebook.com\/ageninfra\",\"https:\/\/x.com\/agencia_infra\",\"https:\/\/www.linkedin.com\/company\/ag\u00eanciainfra\/\",\"https:\/\/www.instagram.com\/agenciainfra\/\"]},{\"@type\":\"Person\",\"@id\":\"https:\/\/agenciainfra.com\/blog\/#\/schema\/person\/34af08dff6adea4cb22b06612ba7acfa\",\"name\":\"Ag\u00eancia iNFRA\",\"image\":{\"@type\":\"ImageObject\",\"inLanguage\":\"pt-BR\",\"@id\":\"https:\/\/agenciainfra.com\/blog\/#\/schema\/person\/image\/\",\"url\":\"https:\/\/secure.gravatar.com\/avatar\/d189e01678f06d8eb84d4e01f08eb848b3fffe3f8443818d3c356c66892f5be8?s=96&d=mm&r=g\",\"contentUrl\":\"https:\/\/secure.gravatar.com\/avatar\/d189e01678f06d8eb84d4e01f08eb848b3fffe3f8443818d3c356c66892f5be8?s=96&d=mm&r=g\",\"caption\":\"Ag\u00eancia iNFRA\"},\"url\":\"https:\/\/agenciainfra.com\/blog\/author\/admin\/\"}]}<\/script>\n<!-- \/ Yoast SEO Premium plugin. -->","yoast_head_json":{"title":"Minist\u00e9rio vai abrir consulta p\u00fablica para mudar plano de redu\u00e7\u00e3o de mortes no tr\u00e2nsito - Ag\u00eancia iNFRA","robots":{"index":"index","follow":"follow","max-snippet":"max-snippet:-1","max-image-preview":"max-image-preview:large","max-video-preview":"max-video-preview:-1"},"canonical":"https:\/\/agenciainfra.com\/blog\/ministerio-vai-abrir-consulta-publica-para-mudar-plano-de-reducao-de-mortes-no-transito\/","og_locale":"pt_BR","og_type":"article","og_title":"Minist\u00e9rio vai abrir consulta p\u00fablica para mudar plano de redu\u00e7\u00e3o de mortes no tr\u00e2nsito","og_description":"da Ag\u00eancia iNFRA O secret\u00e1rio nacional de&nbsp;Tr\u00e2nsito&nbsp;do&nbsp;Minist\u00e9rio&nbsp;dos Transportes, Adrualdo Cat\u00e3o, anunciou que o Pnatrans (Plano&nbsp;Nacional de&nbsp;Redu\u00e7\u00e3o&nbsp;de&nbsp;Mortes&nbsp;e Les\u00f5es&nbsp;no&nbsp;Tr\u00e2nsito) passar\u00e1 por modifica\u00e7\u00f5es&nbsp;para&nbsp;ampliar a capacidade dos entes subnacionais de indicarem a\u00e7\u00f5es&nbsp;para&nbsp;a&nbsp;redu\u00e7\u00e3o&nbsp;dos acidentes e tamb\u00e9m&nbsp;para&nbsp;iniciar um processo de divulga\u00e7\u00e3o de dados regionalizados. A informa\u00e7\u00e3o foi dada nesta segunda-feira (18)&nbsp;no&nbsp;lan\u00e7amento da Semana Nacional do&nbsp;Tr\u00e2nsito, em evento realizado&nbsp;no&nbsp;Minist\u00e9rio&nbsp;dos Transportes. Uma&nbsp;consulta&nbsp;p\u00fablica&nbsp;sobre as [&hellip;]","og_url":"https:\/\/agenciainfra.com\/blog\/ministerio-vai-abrir-consulta-publica-para-mudar-plano-de-reducao-de-mortes-no-transito\/","og_site_name":"Ag\u00eancia iNFRA","article_publisher":"https:\/\/www.facebook.com\/ageninfra","article_published_time":"2023-09-19T16:00:00+00:00","article_modified_time":"2026-03-13T12:45:45+00:00","og_image":[{"width":1280,"height":960,"url":"https:\/\/agenciainfra.com\/blog\/wp-content\/uploads\/2020\/01\/transito-dominio-publico.jpeg","type":"image\/jpeg"}],"author":"Ag\u00eancia iNFRA","twitter_card":"summary_large_image","twitter_creator":"@agencia_infra","twitter_site":"@agencia_infra","twitter_misc":{"Escrito por":"Ag\u00eancia iNFRA","Est. tempo de leitura":"4 minutos"},"schema":{"@context":"https:\/\/schema.org","@graph":[{"@type":"Article","@id":"https:\/\/agenciainfra.com\/blog\/ministerio-vai-abrir-consulta-publica-para-mudar-plano-de-reducao-de-mortes-no-transito\/#article","isPartOf":{"@id":"https:\/\/agenciainfra.com\/blog\/ministerio-vai-abrir-consulta-publica-para-mudar-plano-de-reducao-de-mortes-no-transito\/"},"author":{"name":"Ag\u00eancia iNFRA","@id":"https:\/\/agenciainfra.com\/blog\/#\/schema\/person\/34af08dff6adea4cb22b06612ba7acfa"},"headline":"Minist\u00e9rio vai abrir consulta p\u00fablica para mudar plano de redu\u00e7\u00e3o de mortes no tr\u00e2nsito","datePublished":"2023-09-19T16:00:00+00:00","dateModified":"2026-03-13T12:45:45+00:00","mainEntityOfPage":{"@id":"https:\/\/agenciainfra.com\/blog\/ministerio-vai-abrir-consulta-publica-para-mudar-plano-de-reducao-de-mortes-no-transito\/"},"wordCount":878,"publisher":{"@id":"https:\/\/agenciainfra.com\/blog\/#organization"},"image":{"@id":"https:\/\/agenciainfra.com\/blog\/ministerio-vai-abrir-consulta-publica-para-mudar-plano-de-reducao-de-mortes-no-transito\/#primaryimage"},"thumbnailUrl":"https:\/\/agenciainfra.com\/blog\/wp-content\/uploads\/2020\/01\/transito-dominio-publico.jpeg","keywords":["abcr","acidentes de tr\u00e2nsito","Adrualdo Cat\u00e3o","Ag\u00eancias Reguladoras","ANTT","Datasus","Marco Antonio Giusti","minist\u00e9rio dos transportes","Pnatrans","Rafael Vitale","Secretaria Nacional de Tr\u00e2nsito","Semana Nacional de Tr\u00e2nsito"],"articleSection":["Destaque lista","Geral","iNFRATransporte"],"inLanguage":"pt-BR","copyrightYear":"2023","copyrightHolder":{"@id":"https:\/\/agenciainfra.com\/blog\/#organization"}},{"@type":"WebPage","@id":"https:\/\/agenciainfra.com\/blog\/ministerio-vai-abrir-consulta-publica-para-mudar-plano-de-reducao-de-mortes-no-transito\/","url":"https:\/\/agenciainfra.com\/blog\/ministerio-vai-abrir-consulta-publica-para-mudar-plano-de-reducao-de-mortes-no-transito\/","name":"Minist\u00e9rio vai abrir consulta p\u00fablica para mudar plano de redu\u00e7\u00e3o de mortes no tr\u00e2nsito - Ag\u00eancia iNFRA","isPartOf":{"@id":"https:\/\/agenciainfra.com\/blog\/#website"},"primaryImageOfPage":{"@id":"https:\/\/agenciainfra.com\/blog\/ministerio-vai-abrir-consulta-publica-para-mudar-plano-de-reducao-de-mortes-no-transito\/#primaryimage"},"image":{"@id":"https:\/\/agenciainfra.com\/blog\/ministerio-vai-abrir-consulta-publica-para-mudar-plano-de-reducao-de-mortes-no-transito\/#primaryimage"},"thumbnailUrl":"https:\/\/agenciainfra.com\/blog\/wp-content\/uploads\/2020\/01\/transito-dominio-publico.jpeg","datePublished":"2023-09-19T16:00:00+00:00","dateModified":"2026-03-13T12:45:45+00:00","breadcrumb":{"@id":"https:\/\/agenciainfra.com\/blog\/ministerio-vai-abrir-consulta-publica-para-mudar-plano-de-reducao-de-mortes-no-transito\/#breadcrumb"},"inLanguage":"pt-BR","potentialAction":[{"@type":"ReadAction","target":["https:\/\/agenciainfra.com\/blog\/ministerio-vai-abrir-consulta-publica-para-mudar-plano-de-reducao-de-mortes-no-transito\/"]}]},{"@type":"ImageObject","inLanguage":"pt-BR","@id":"https:\/\/agenciainfra.com\/blog\/ministerio-vai-abrir-consulta-publica-para-mudar-plano-de-reducao-de-mortes-no-transito\/#primaryimage","url":"https:\/\/agenciainfra.com\/blog\/wp-content\/uploads\/2020\/01\/transito-dominio-publico.jpeg","contentUrl":"https:\/\/agenciainfra.com\/blog\/wp-content\/uploads\/2020\/01\/transito-dominio-publico.jpeg","width":1280,"height":960,"caption":"Foto: Dom\u00ednio P\u00fablico"},{"@type":"BreadcrumbList","@id":"https:\/\/agenciainfra.com\/blog\/ministerio-vai-abrir-consulta-publica-para-mudar-plano-de-reducao-de-mortes-no-transito\/#breadcrumb","itemListElement":[{"@type":"ListItem","position":1,"name":"In\u00edcio","item":"https:\/\/agenciainfra.com\/blog\/"},{"@type":"ListItem","position":2,"name":"Minist\u00e9rio vai abrir consulta p\u00fablica para mudar plano de redu\u00e7\u00e3o de mortes no tr\u00e2nsito"}]},{"@type":"WebSite","@id":"https:\/\/agenciainfra.com\/blog\/#website","url":"https:\/\/agenciainfra.com\/blog\/","name":"Ag\u00eancia iNFRA","description":"Multiplataforma de informa\u00e7\u00e3o jornal\u00edstica refer\u00eancia na \u00e1rea de infraestrutura no Brasil!","publisher":{"@id":"https:\/\/agenciainfra.com\/blog\/#organization"},"potentialAction":[{"@type":"SearchAction","target":{"@type":"EntryPoint","urlTemplate":"https:\/\/agenciainfra.com\/blog\/?s={search_term_string}"},"query-input":{"@type":"PropertyValueSpecification","valueRequired":true,"valueName":"search_term_string"}}],"inLanguage":"pt-BR"},{"@type":"Organization","@id":"https:\/\/agenciainfra.com\/blog\/#organization","name":"Ag\u00eancia iNFRA","url":"https:\/\/agenciainfra.com\/blog\/","logo":{"@type":"ImageObject","inLanguage":"pt-BR","@id":"https:\/\/agenciainfra.com\/blog\/#\/schema\/logo\/image\/","url":"https:\/\/agenciainfra.com\/blog\/wp-content\/uploads\/2023\/09\/iNFRA_5-e1761735885940.png","contentUrl":"https:\/\/agenciainfra.com\/blog\/wp-content\/uploads\/2023\/09\/iNFRA_5-e1761735885940.png","width":1672,"height":454,"caption":"Ag\u00eancia iNFRA"},"image":{"@id":"https:\/\/agenciainfra.com\/blog\/#\/schema\/logo\/image\/"},"sameAs":["https:\/\/www.facebook.com\/ageninfra","https:\/\/x.com\/agencia_infra","https:\/\/www.linkedin.com\/company\/ag\u00eanciainfra\/","https:\/\/www.instagram.com\/agenciainfra\/"]},{"@type":"Person","@id":"https:\/\/agenciainfra.com\/blog\/#\/schema\/person\/34af08dff6adea4cb22b06612ba7acfa","name":"Ag\u00eancia iNFRA","image":{"@type":"ImageObject","inLanguage":"pt-BR","@id":"https:\/\/agenciainfra.com\/blog\/#\/schema\/person\/image\/","url":"https:\/\/secure.gravatar.com\/avatar\/d189e01678f06d8eb84d4e01f08eb848b3fffe3f8443818d3c356c66892f5be8?s=96&d=mm&r=g","contentUrl":"https:\/\/secure.gravatar.com\/avatar\/d189e01678f06d8eb84d4e01f08eb848b3fffe3f8443818d3c356c66892f5be8?s=96&d=mm&r=g","caption":"Ag\u00eancia iNFRA"},"url":"https:\/\/agenciainfra.com\/blog\/author\/admin\/"}]}},"_links":{"self":[{"href":"https:\/\/agenciainfra.com\/blog\/wp-json\/wp\/v2\/posts\/14130","targetHints":{"allow":["GET"]}}],"collection":[{"href":"https:\/\/agenciainfra.com\/blog\/wp-json\/wp\/v2\/posts"}],"about":[{"href":"https:\/\/agenciainfra.com\/blog\/wp-json\/wp\/v2\/types\/post"}],"author":[{"embeddable":true,"href":"https:\/\/agenciainfra.com\/blog\/wp-json\/wp\/v2\/users\/1"}],"replies":[{"embeddable":true,"href":"https:\/\/agenciainfra.com\/blog\/wp-json\/wp\/v2\/comments?post=14130"}],"version-history":[{"count":1,"href":"https:\/\/agenciainfra.com\/blog\/wp-json\/wp\/v2\/posts\/14130\/revisions"}],"predecessor-version":[{"id":37820,"href":"https:\/\/agenciainfra.com\/blog\/wp-json\/wp\/v2\/posts\/14130\/revisions\/37820"}],"wp:featuredmedia":[{"embeddable":true,"href":"https:\/\/agenciainfra.com\/blog\/wp-json\/wp\/v2\/media\/4231"}],"wp:attachment":[{"href":"https:\/\/agenciainfra.com\/blog\/wp-json\/wp\/v2\/media?parent=14130"}],"wp:term":[{"taxonomy":"category","embeddable":true,"href":"https:\/\/agenciainfra.com\/blog\/wp-json\/wp\/v2\/categories?post=14130"},{"taxonomy":"post_tag","embeddable":true,"href":"https:\/\/agenciainfra.com\/blog\/wp-json\/wp\/v2\/tags?post=14130"}],"curies":[{"name":"wp","href":"https:\/\/api.w.org\/{rel}","templated":true}]}}