{"id":14174,"date":"2023-09-25T11:00:00","date_gmt":"2023-09-25T14:00:00","guid":{"rendered":"https:\/\/www.agenciainfra.com\/blog\/?p=14174"},"modified":"2023-09-27T10:39:35","modified_gmt":"2023-09-27T13:39:35","slug":"infradebate-uma-estatal-para-as-ferrovias","status":"publish","type":"post","link":"https:\/\/agenciainfra.com\/blog\/infradebate-uma-estatal-para-as-ferrovias\/","title":{"rendered":"iNFRADebate: Uma estatal para as ferrovias"},"content":{"rendered":"\n<p class=\"has-text-align-right\"><strong>Jos\u00e9 Manoel Ferreira Gon\u00e7alves*<\/strong><\/p>\n\n\n\n<p>Estados Unidos, Canad\u00e1, \u00cdndia, R\u00fassia, China. Em todos esses pa\u00edses de dimens\u00f5es continentais, a ferrovia ocupa lugar de destaque na integra\u00e7\u00e3o nacional. Falta o Brasil nessa lista. Em rela\u00e7\u00e3o a essas na\u00e7\u00f5es, estamos mais de 50 anos atrasados. Somos os \u00fanicos sem oferta de trens para viagens de passageiros em longas dist\u00e2ncias.<\/p>\n\n\n\n<p>Recuperar esse tempo perdido vai demandar, sem d\u00favida, grandes investimentos. Mas os recursos financeiros poder\u00e3o ir pelo ralo se a retomada ferrovi\u00e1ria n\u00e3o for apropriada \u00e0s necessidades do pa\u00eds. \u00c9 preciso disponibilidade para o di\u00e1logo junto ao poder p\u00fablico, em busca do modelo que melhor se adeque ao Brasil.<\/p>\n\n\n\n<p>Governo e players \u2013 antigos e especialmente novos \u2013 devem estar munidos de boa vontade para amadurecermos um planejamento estrat\u00e9gico, inteligente, que favore\u00e7a n\u00e3o s\u00f3 o transporte de cargas, mas tamb\u00e9m o de passageiros.<\/p>\n\n\n\n<p>Precisamos da sociedade civil tamb\u00e9m unida para reconhecer que o servi\u00e7o poder\u00e1 transformar a realidade de muitos munic\u00edpios, levar desenvolvimento, gerar emprego e renda.<\/p>\n\n\n\n<p>O debate precisa ir al\u00e9m das discuss\u00f5es t\u00e9cnicas e avan\u00e7ar para o entendimento sobre a essencialidade dos servi\u00e7os e os projetos que venham a atender todos os cidad\u00e3os brasileiros.<\/p>\n\n\n\n<p>Conv\u00e9m olharmos para as experi\u00eancias bem-sucedidas de ferrovias mundo afora. Mesmo com realidades muito distintas, a maioria dos pa\u00edses j\u00e1 reconheceu a necessidade de o estado intervir para garantir investimentos no setor.<\/p>\n\n\n\n<p>Estamos falando daquelas na\u00e7\u00f5es citadas no in\u00edcio deste artigo. Todos adotaram as suas respectivas estatais, que repassam periodicamente recursos financeiros para as opera\u00e7\u00f5es ferrovi\u00e1rias. A estatal dos EUA, Amtrak, j\u00e1 prev\u00ea o repasse de US$ 3,4 bilh\u00f5es de d\u00f3lares em 2024. Um modelo de gest\u00e3o ferrovi\u00e1ria com mais de 50 anos, criado pelo congresso norte-americano, durante o governo Richard Nixon (1969-1974).<\/p>\n\n\n\n<p>Aqui no Brasil, temos o cen\u00e1rio e as condi\u00e7\u00f5es para um projeto dessa natureza. Ao examinar o desafio que a retomada ferrovi\u00e1ria exige, a participa\u00e7\u00e3o do Estado se torna praticamente imperiosa \u2013 muito por conta do abandono a que as ferrovias foram relegadas pelos sucessivos governos das \u00faltimas d\u00e9cadas.<\/p>\n\n\n\n<p>O Brasil tem 21 mil km de estradas de ferro em opera\u00e7\u00e3o. Isso \u00e9 menos de 10% do que existe na Europa ou nos Estados Unidos, por exemplo. Considerando a extens\u00e3o total da malha ferrovi\u00e1ria no Brasil, estamos abaixo de pa\u00edses como a Argentina, Fran\u00e7a e \u00c1frica do Sul. Na compara\u00e7\u00e3o de matrizes de transporte de carga, os n\u00fameros tamb\u00e9m decepcionam: apenas 17% das movimenta\u00e7\u00f5es s\u00e3o feitas aqui por ferrovias, ao passo que esse percentual atinge 37% na China, 43% na Austr\u00e1lia e 46% no Canad\u00e1. Enquanto nesses pa\u00edses \u00e9 movimentada uma grande diversidade de cargas, aqui os min\u00e9rios s\u00e3o cerca de 70% dos produtos transportados. Gr\u00e3os respondem por outra parcela significativa, entre 10% e 17%.<\/p>\n\n\n\n<p>Faltam ferrovias, faltam trilhos, faltam vag\u00f5es. Por isso, a produ\u00e7\u00e3o vai pelas rodovias, mantendo altos os \u00edndices de impacto ambiental e desfavorecendo as estat\u00edsticas sociais para o desenvolvimento das cidades. Estamos na contram\u00e3o de um mundo tamb\u00e9m que olha para as condi\u00e7\u00f5es clim\u00e1ticas e assume o dever de criar pol\u00edticas sustent\u00e1veis. A ferrovia \u00e9 um modal que acompanha essa din\u00e2mica para o desenvolvimento, com menos carbono.<\/p>\n\n\n\n<p>Essa realidade n\u00e3o mudar\u00e1 se n\u00e3o buscarmos a varia\u00e7\u00e3o de players. Atualmente, nossas ferrovias s\u00e3o controladas por quatro grandes companhias \u2013 Rumo, MRS Log\u00edstica, VLI e Vale. Elas percorrem menos de 40% do territ\u00f3rio brasileiro e s\u00f3 est\u00e3o interessadas em escoar, basicamente, min\u00e9rios e produ\u00e7\u00e3o agr\u00edcola.<\/p>\n\n\n\n<p>Se o transporte de carga vai mal, no de passageiros precisamos praticamente come\u00e7ar do zero, com est\u00edmulo constante \u00e0 concorr\u00eancia. Nos EUA, as linhas s\u00e3o controladas por cerca de 600 firmas privadas, mas o estado exerce um papel fundamental para garantir a expans\u00e3o das ferrovias e os bons resultados das opera\u00e7\u00f5es.<\/p>\n\n\n\n<p>Outra fonte inspiradora pode ser vista no Jap\u00e3o, com seus trens de alta velocidade, As admir\u00e1veis ferrovias japonesas definiram, ainda na d\u00e9cada de 1960, um modelo de interven\u00e7\u00e3o estatal no transporte ferrovi\u00e1rio de passageiros e cargas, que tem sido adotado com resultados variados em economias t\u00e3o diversas quanto Canad\u00e1, China, Coreia do Sul, Estados Unidos, \u00cdndia, Jap\u00e3o, R\u00fassia, Uni\u00e3o Europeia e Tail\u00e2ndia.<\/p>\n\n\n\n<p>O Brasil ainda n\u00e3o estruturou um modelo s\u00f3lido, vivendo de iniciativas isoladas, como o sempre mencionado projeto de trem de passageiros entre Campinas e S\u00e3o Paulo, que foi adicionado ao PAC.<\/p>\n\n\n\n<p>Precisamos agir e pensar o sistema ferrovi\u00e1rio de forma org\u00e2nica, sem paliativos e investimentos espor\u00e1dicos. Enquanto em muitos pa\u00edses a manuten\u00e7\u00e3o e moderniza\u00e7\u00e3o do transporte ferrovi\u00e1rio de passageiros \u00e9 uma prioridade permanente do governo, aqui esse setor foi praticamente extinto nas \u00faltimas cinco d\u00e9cadas. Uma estatal que pudesse pensar o transporte sobre trilhos como prioridade nacional seria o primeiro passo para recuperar o tempo perdido.<\/p>\n\n\n\n<h6 class=\"wp-block-heading\" id=\"block-aa9ff8cf-f9c2-435f-85ff-56a599c37bc9\"><strong>*Jos\u00e9 Manoel Ferreira Gon\u00e7alves \u00e9 engenheiro e presidente da FerroFrente (Frente Nacional para a Volta das Ferrovias)<strong>.<\/strong><\/strong><\/h6>\n\n\n\n<h6 class=\"wp-block-heading\" id=\"block-aa9ff8cf-f9c2-435f-85ff-56a599c37bc9\">O iNFRADebate \u00e9 o espa\u00e7o de artigos da Ag\u00eancia iNFRA com opini\u00f5es de seus atores que n\u00e3o refletem necessariamente o pensamento da Ag\u00eancia iNFRA, sendo de total responsabilidade do autor as informa\u00e7\u00f5es, ju\u00edzos de valor e conceitos descritos no texto.<\/h6>\n","protected":false},"excerpt":{"rendered":"<p>Jos\u00e9 Manoel Ferreira Gon\u00e7alves* Estados Unidos, Canad\u00e1, \u00cdndia, R\u00fassia, China. Em todos esses pa\u00edses de dimens\u00f5es continentais, a ferrovia ocupa lugar de destaque na integra\u00e7\u00e3o nacional. Falta o Brasil nessa lista. Em rela\u00e7\u00e3o a essas na\u00e7\u00f5es, estamos mais de 50 anos atrasados. Somos os \u00fanicos sem oferta de trens para viagens de passageiros em longas [&hellip;]<\/p>\n","protected":false},"author":1,"featured_media":14175,"comment_status":"closed","ping_status":"closed","sticky":false,"template":"","format":"standard","meta":{"_monsterinsights_skip_tracking":false,"_monsterinsights_sitenote_active":false,"_monsterinsights_sitenote_note":"","_monsterinsights_sitenote_category":0,"footnotes":""},"categories":[1,11],"tags":[7452,564,120,6079,1061,5992,80,1059,1033,7451,83,82],"class_list":["post-14174","post","type-post","status-publish","format-standard","has-post-thumbnail","hentry","category-geral","category-infradebate","tag-estatal-ferroviaria","tag-ferrofrente","tag-ferrovias","tag-jose-manoel-ferreira-goncalves","tag-mrs-logistica","tag-novo-pac","tag-rumo","tag-transporte-de-cargas","tag-transporte-ferroviario","tag-trem-de-passageiros","tag-vale","tag-vli"],"yoast_head":"<!-- This site is optimized with the Yoast SEO Premium plugin v25.4 (Yoast SEO v26.0) - https:\/\/yoast.com\/wordpress\/plugins\/seo\/ -->\n<title>iNFRADebate: Uma estatal para as ferrovias - Ag\u00eancia iNFRA<\/title>\n<meta name=\"robots\" content=\"index, follow, max-snippet:-1, max-image-preview:large, max-video-preview:-1\" \/>\n<link rel=\"canonical\" href=\"https:\/\/agenciainfra.com\/blog\/infradebate-uma-estatal-para-as-ferrovias\/\" \/>\n<meta property=\"og:locale\" content=\"pt_BR\" \/>\n<meta property=\"og:type\" content=\"article\" \/>\n<meta property=\"og:title\" content=\"iNFRADebate: Uma estatal para as ferrovias\" \/>\n<meta property=\"og:description\" content=\"Jos\u00e9 Manoel Ferreira Gon\u00e7alves* Estados Unidos, Canad\u00e1, \u00cdndia, R\u00fassia, China. Em todos esses pa\u00edses de dimens\u00f5es continentais, a ferrovia ocupa lugar de destaque na integra\u00e7\u00e3o nacional. Falta o Brasil nessa lista. Em rela\u00e7\u00e3o a essas na\u00e7\u00f5es, estamos mais de 50 anos atrasados. Somos os \u00fanicos sem oferta de trens para viagens de passageiros em longas [&hellip;]\" \/>\n<meta property=\"og:url\" content=\"https:\/\/agenciainfra.com\/blog\/infradebate-uma-estatal-para-as-ferrovias\/\" \/>\n<meta property=\"og:site_name\" content=\"Ag\u00eancia iNFRA\" \/>\n<meta property=\"article:publisher\" content=\"https:\/\/www.facebook.com\/ageninfra\" \/>\n<meta property=\"article:published_time\" content=\"2023-09-25T14:00:00+00:00\" \/>\n<meta property=\"article:modified_time\" content=\"2023-09-27T13:39:35+00:00\" \/>\n<meta property=\"og:image\" content=\"https:\/\/agenciainfra.com\/blog\/wp-content\/uploads\/2023\/09\/trem-de-passageiros-foto-governo-federal.jpeg\" \/>\n\t<meta property=\"og:image:width\" content=\"1202\" \/>\n\t<meta property=\"og:image:height\" content=\"801\" \/>\n\t<meta property=\"og:image:type\" content=\"image\/jpeg\" \/>\n<meta name=\"author\" content=\"Ag\u00eancia iNFRA\" \/>\n<meta name=\"twitter:card\" content=\"summary_large_image\" \/>\n<meta name=\"twitter:creator\" content=\"@agencia_infra\" \/>\n<meta name=\"twitter:site\" content=\"@agencia_infra\" \/>\n<meta name=\"twitter:label1\" content=\"Escrito por\" \/>\n\t<meta name=\"twitter:data1\" content=\"Ag\u00eancia iNFRA\" \/>\n\t<meta name=\"twitter:label2\" content=\"Est. tempo de leitura\" \/>\n\t<meta name=\"twitter:data2\" content=\"5 minutos\" \/>\n<script type=\"application\/ld+json\" class=\"yoast-schema-graph\">{\"@context\":\"https:\/\/schema.org\",\"@graph\":[{\"@type\":\"Article\",\"@id\":\"https:\/\/agenciainfra.com\/blog\/infradebate-uma-estatal-para-as-ferrovias\/#article\",\"isPartOf\":{\"@id\":\"https:\/\/agenciainfra.com\/blog\/infradebate-uma-estatal-para-as-ferrovias\/\"},\"author\":{\"name\":\"Ag\u00eancia iNFRA\",\"@id\":\"https:\/\/agenciainfra.com\/blog\/#\/schema\/person\/34af08dff6adea4cb22b06612ba7acfa\"},\"headline\":\"iNFRADebate: Uma estatal para as ferrovias\",\"datePublished\":\"2023-09-25T14:00:00+00:00\",\"dateModified\":\"2023-09-27T13:39:35+00:00\",\"mainEntityOfPage\":{\"@id\":\"https:\/\/agenciainfra.com\/blog\/infradebate-uma-estatal-para-as-ferrovias\/\"},\"wordCount\":920,\"publisher\":{\"@id\":\"https:\/\/agenciainfra.com\/blog\/#organization\"},\"image\":{\"@id\":\"https:\/\/agenciainfra.com\/blog\/infradebate-uma-estatal-para-as-ferrovias\/#primaryimage\"},\"thumbnailUrl\":\"https:\/\/agenciainfra.com\/blog\/wp-content\/uploads\/2023\/09\/trem-de-passageiros-foto-governo-federal.jpeg\",\"keywords\":[\"estatal ferrovi\u00e1ria\",\"Ferrofrente\",\"Ferrovias\",\"Jos\u00e9 Manoel Ferreira Gon\u00e7alves\",\"MRS Log\u00edstica\",\"Novo PAC\",\"Rumo\",\"transporte de cargas\",\"transporte ferrovi\u00e1rio\",\"trem de passageiros\",\"Vale\",\"VLI\"],\"articleSection\":[\"Geral\",\"iNFRADebate\"],\"inLanguage\":\"pt-BR\",\"copyrightYear\":\"2023\",\"copyrightHolder\":{\"@id\":\"https:\/\/agenciainfra.com\/blog\/#organization\"}},{\"@type\":\"WebPage\",\"@id\":\"https:\/\/agenciainfra.com\/blog\/infradebate-uma-estatal-para-as-ferrovias\/\",\"url\":\"https:\/\/agenciainfra.com\/blog\/infradebate-uma-estatal-para-as-ferrovias\/\",\"name\":\"iNFRADebate: Uma estatal para as ferrovias - Ag\u00eancia iNFRA\",\"isPartOf\":{\"@id\":\"https:\/\/agenciainfra.com\/blog\/#website\"},\"primaryImageOfPage\":{\"@id\":\"https:\/\/agenciainfra.com\/blog\/infradebate-uma-estatal-para-as-ferrovias\/#primaryimage\"},\"image\":{\"@id\":\"https:\/\/agenciainfra.com\/blog\/infradebate-uma-estatal-para-as-ferrovias\/#primaryimage\"},\"thumbnailUrl\":\"https:\/\/agenciainfra.com\/blog\/wp-content\/uploads\/2023\/09\/trem-de-passageiros-foto-governo-federal.jpeg\",\"datePublished\":\"2023-09-25T14:00:00+00:00\",\"dateModified\":\"2023-09-27T13:39:35+00:00\",\"breadcrumb\":{\"@id\":\"https:\/\/agenciainfra.com\/blog\/infradebate-uma-estatal-para-as-ferrovias\/#breadcrumb\"},\"inLanguage\":\"pt-BR\",\"potentialAction\":[{\"@type\":\"ReadAction\",\"target\":[\"https:\/\/agenciainfra.com\/blog\/infradebate-uma-estatal-para-as-ferrovias\/\"]}]},{\"@type\":\"ImageObject\",\"inLanguage\":\"pt-BR\",\"@id\":\"https:\/\/agenciainfra.com\/blog\/infradebate-uma-estatal-para-as-ferrovias\/#primaryimage\",\"url\":\"https:\/\/agenciainfra.com\/blog\/wp-content\/uploads\/2023\/09\/trem-de-passageiros-foto-governo-federal.jpeg\",\"contentUrl\":\"https:\/\/agenciainfra.com\/blog\/wp-content\/uploads\/2023\/09\/trem-de-passageiros-foto-governo-federal.jpeg\",\"width\":1202,\"height\":801},{\"@type\":\"BreadcrumbList\",\"@id\":\"https:\/\/agenciainfra.com\/blog\/infradebate-uma-estatal-para-as-ferrovias\/#breadcrumb\",\"itemListElement\":[{\"@type\":\"ListItem\",\"position\":1,\"name\":\"In\u00edcio\",\"item\":\"https:\/\/agenciainfra.com\/blog\/\"},{\"@type\":\"ListItem\",\"position\":2,\"name\":\"iNFRADebate: Uma estatal para as ferrovias\"}]},{\"@type\":\"WebSite\",\"@id\":\"https:\/\/agenciainfra.com\/blog\/#website\",\"url\":\"https:\/\/agenciainfra.com\/blog\/\",\"name\":\"Ag\u00eancia iNFRA\",\"description\":\"Multiplataforma de informa\u00e7\u00e3o jornal\u00edstica refer\u00eancia na \u00e1rea de infraestrutura no Brasil!\",\"publisher\":{\"@id\":\"https:\/\/agenciainfra.com\/blog\/#organization\"},\"potentialAction\":[{\"@type\":\"SearchAction\",\"target\":{\"@type\":\"EntryPoint\",\"urlTemplate\":\"https:\/\/agenciainfra.com\/blog\/?s={search_term_string}\"},\"query-input\":{\"@type\":\"PropertyValueSpecification\",\"valueRequired\":true,\"valueName\":\"search_term_string\"}}],\"inLanguage\":\"pt-BR\"},{\"@type\":\"Organization\",\"@id\":\"https:\/\/agenciainfra.com\/blog\/#organization\",\"name\":\"Ag\u00eancia iNFRA\",\"url\":\"https:\/\/agenciainfra.com\/blog\/\",\"logo\":{\"@type\":\"ImageObject\",\"inLanguage\":\"pt-BR\",\"@id\":\"https:\/\/agenciainfra.com\/blog\/#\/schema\/logo\/image\/\",\"url\":\"https:\/\/agenciainfra.com\/blog\/wp-content\/uploads\/2023\/09\/iNFRA_5-e1761735885940.png\",\"contentUrl\":\"https:\/\/agenciainfra.com\/blog\/wp-content\/uploads\/2023\/09\/iNFRA_5-e1761735885940.png\",\"width\":1672,\"height\":454,\"caption\":\"Ag\u00eancia iNFRA\"},\"image\":{\"@id\":\"https:\/\/agenciainfra.com\/blog\/#\/schema\/logo\/image\/\"},\"sameAs\":[\"https:\/\/www.facebook.com\/ageninfra\",\"https:\/\/x.com\/agencia_infra\",\"https:\/\/www.linkedin.com\/company\/ag\u00eanciainfra\/\",\"https:\/\/www.instagram.com\/agenciainfra\/\"]},{\"@type\":\"Person\",\"@id\":\"https:\/\/agenciainfra.com\/blog\/#\/schema\/person\/34af08dff6adea4cb22b06612ba7acfa\",\"name\":\"Ag\u00eancia iNFRA\",\"image\":{\"@type\":\"ImageObject\",\"inLanguage\":\"pt-BR\",\"@id\":\"https:\/\/agenciainfra.com\/blog\/#\/schema\/person\/image\/\",\"url\":\"https:\/\/secure.gravatar.com\/avatar\/d189e01678f06d8eb84d4e01f08eb848b3fffe3f8443818d3c356c66892f5be8?s=96&d=mm&r=g\",\"contentUrl\":\"https:\/\/secure.gravatar.com\/avatar\/d189e01678f06d8eb84d4e01f08eb848b3fffe3f8443818d3c356c66892f5be8?s=96&d=mm&r=g\",\"caption\":\"Ag\u00eancia iNFRA\"},\"url\":\"https:\/\/agenciainfra.com\/blog\/author\/admin\/\"}]}<\/script>\n<!-- \/ Yoast SEO Premium plugin. -->","yoast_head_json":{"title":"iNFRADebate: Uma estatal para as ferrovias - Ag\u00eancia iNFRA","robots":{"index":"index","follow":"follow","max-snippet":"max-snippet:-1","max-image-preview":"max-image-preview:large","max-video-preview":"max-video-preview:-1"},"canonical":"https:\/\/agenciainfra.com\/blog\/infradebate-uma-estatal-para-as-ferrovias\/","og_locale":"pt_BR","og_type":"article","og_title":"iNFRADebate: Uma estatal para as ferrovias","og_description":"Jos\u00e9 Manoel Ferreira Gon\u00e7alves* Estados Unidos, Canad\u00e1, \u00cdndia, R\u00fassia, China. Em todos esses pa\u00edses de dimens\u00f5es continentais, a ferrovia ocupa lugar de destaque na integra\u00e7\u00e3o nacional. Falta o Brasil nessa lista. Em rela\u00e7\u00e3o a essas na\u00e7\u00f5es, estamos mais de 50 anos atrasados. Somos os \u00fanicos sem oferta de trens para viagens de passageiros em longas [&hellip;]","og_url":"https:\/\/agenciainfra.com\/blog\/infradebate-uma-estatal-para-as-ferrovias\/","og_site_name":"Ag\u00eancia iNFRA","article_publisher":"https:\/\/www.facebook.com\/ageninfra","article_published_time":"2023-09-25T14:00:00+00:00","article_modified_time":"2023-09-27T13:39:35+00:00","og_image":[{"width":1202,"height":801,"url":"https:\/\/agenciainfra.com\/blog\/wp-content\/uploads\/2023\/09\/trem-de-passageiros-foto-governo-federal.jpeg","type":"image\/jpeg"}],"author":"Ag\u00eancia iNFRA","twitter_card":"summary_large_image","twitter_creator":"@agencia_infra","twitter_site":"@agencia_infra","twitter_misc":{"Escrito por":"Ag\u00eancia iNFRA","Est. tempo de leitura":"5 minutos"},"schema":{"@context":"https:\/\/schema.org","@graph":[{"@type":"Article","@id":"https:\/\/agenciainfra.com\/blog\/infradebate-uma-estatal-para-as-ferrovias\/#article","isPartOf":{"@id":"https:\/\/agenciainfra.com\/blog\/infradebate-uma-estatal-para-as-ferrovias\/"},"author":{"name":"Ag\u00eancia iNFRA","@id":"https:\/\/agenciainfra.com\/blog\/#\/schema\/person\/34af08dff6adea4cb22b06612ba7acfa"},"headline":"iNFRADebate: Uma estatal para as ferrovias","datePublished":"2023-09-25T14:00:00+00:00","dateModified":"2023-09-27T13:39:35+00:00","mainEntityOfPage":{"@id":"https:\/\/agenciainfra.com\/blog\/infradebate-uma-estatal-para-as-ferrovias\/"},"wordCount":920,"publisher":{"@id":"https:\/\/agenciainfra.com\/blog\/#organization"},"image":{"@id":"https:\/\/agenciainfra.com\/blog\/infradebate-uma-estatal-para-as-ferrovias\/#primaryimage"},"thumbnailUrl":"https:\/\/agenciainfra.com\/blog\/wp-content\/uploads\/2023\/09\/trem-de-passageiros-foto-governo-federal.jpeg","keywords":["estatal ferrovi\u00e1ria","Ferrofrente","Ferrovias","Jos\u00e9 Manoel Ferreira Gon\u00e7alves","MRS Log\u00edstica","Novo PAC","Rumo","transporte de cargas","transporte ferrovi\u00e1rio","trem de passageiros","Vale","VLI"],"articleSection":["Geral","iNFRADebate"],"inLanguage":"pt-BR","copyrightYear":"2023","copyrightHolder":{"@id":"https:\/\/agenciainfra.com\/blog\/#organization"}},{"@type":"WebPage","@id":"https:\/\/agenciainfra.com\/blog\/infradebate-uma-estatal-para-as-ferrovias\/","url":"https:\/\/agenciainfra.com\/blog\/infradebate-uma-estatal-para-as-ferrovias\/","name":"iNFRADebate: Uma estatal para as ferrovias - Ag\u00eancia iNFRA","isPartOf":{"@id":"https:\/\/agenciainfra.com\/blog\/#website"},"primaryImageOfPage":{"@id":"https:\/\/agenciainfra.com\/blog\/infradebate-uma-estatal-para-as-ferrovias\/#primaryimage"},"image":{"@id":"https:\/\/agenciainfra.com\/blog\/infradebate-uma-estatal-para-as-ferrovias\/#primaryimage"},"thumbnailUrl":"https:\/\/agenciainfra.com\/blog\/wp-content\/uploads\/2023\/09\/trem-de-passageiros-foto-governo-federal.jpeg","datePublished":"2023-09-25T14:00:00+00:00","dateModified":"2023-09-27T13:39:35+00:00","breadcrumb":{"@id":"https:\/\/agenciainfra.com\/blog\/infradebate-uma-estatal-para-as-ferrovias\/#breadcrumb"},"inLanguage":"pt-BR","potentialAction":[{"@type":"ReadAction","target":["https:\/\/agenciainfra.com\/blog\/infradebate-uma-estatal-para-as-ferrovias\/"]}]},{"@type":"ImageObject","inLanguage":"pt-BR","@id":"https:\/\/agenciainfra.com\/blog\/infradebate-uma-estatal-para-as-ferrovias\/#primaryimage","url":"https:\/\/agenciainfra.com\/blog\/wp-content\/uploads\/2023\/09\/trem-de-passageiros-foto-governo-federal.jpeg","contentUrl":"https:\/\/agenciainfra.com\/blog\/wp-content\/uploads\/2023\/09\/trem-de-passageiros-foto-governo-federal.jpeg","width":1202,"height":801},{"@type":"BreadcrumbList","@id":"https:\/\/agenciainfra.com\/blog\/infradebate-uma-estatal-para-as-ferrovias\/#breadcrumb","itemListElement":[{"@type":"ListItem","position":1,"name":"In\u00edcio","item":"https:\/\/agenciainfra.com\/blog\/"},{"@type":"ListItem","position":2,"name":"iNFRADebate: Uma estatal para as ferrovias"}]},{"@type":"WebSite","@id":"https:\/\/agenciainfra.com\/blog\/#website","url":"https:\/\/agenciainfra.com\/blog\/","name":"Ag\u00eancia iNFRA","description":"Multiplataforma de informa\u00e7\u00e3o jornal\u00edstica refer\u00eancia na \u00e1rea de infraestrutura no Brasil!","publisher":{"@id":"https:\/\/agenciainfra.com\/blog\/#organization"},"potentialAction":[{"@type":"SearchAction","target":{"@type":"EntryPoint","urlTemplate":"https:\/\/agenciainfra.com\/blog\/?s={search_term_string}"},"query-input":{"@type":"PropertyValueSpecification","valueRequired":true,"valueName":"search_term_string"}}],"inLanguage":"pt-BR"},{"@type":"Organization","@id":"https:\/\/agenciainfra.com\/blog\/#organization","name":"Ag\u00eancia iNFRA","url":"https:\/\/agenciainfra.com\/blog\/","logo":{"@type":"ImageObject","inLanguage":"pt-BR","@id":"https:\/\/agenciainfra.com\/blog\/#\/schema\/logo\/image\/","url":"https:\/\/agenciainfra.com\/blog\/wp-content\/uploads\/2023\/09\/iNFRA_5-e1761735885940.png","contentUrl":"https:\/\/agenciainfra.com\/blog\/wp-content\/uploads\/2023\/09\/iNFRA_5-e1761735885940.png","width":1672,"height":454,"caption":"Ag\u00eancia iNFRA"},"image":{"@id":"https:\/\/agenciainfra.com\/blog\/#\/schema\/logo\/image\/"},"sameAs":["https:\/\/www.facebook.com\/ageninfra","https:\/\/x.com\/agencia_infra","https:\/\/www.linkedin.com\/company\/ag\u00eanciainfra\/","https:\/\/www.instagram.com\/agenciainfra\/"]},{"@type":"Person","@id":"https:\/\/agenciainfra.com\/blog\/#\/schema\/person\/34af08dff6adea4cb22b06612ba7acfa","name":"Ag\u00eancia iNFRA","image":{"@type":"ImageObject","inLanguage":"pt-BR","@id":"https:\/\/agenciainfra.com\/blog\/#\/schema\/person\/image\/","url":"https:\/\/secure.gravatar.com\/avatar\/d189e01678f06d8eb84d4e01f08eb848b3fffe3f8443818d3c356c66892f5be8?s=96&d=mm&r=g","contentUrl":"https:\/\/secure.gravatar.com\/avatar\/d189e01678f06d8eb84d4e01f08eb848b3fffe3f8443818d3c356c66892f5be8?s=96&d=mm&r=g","caption":"Ag\u00eancia iNFRA"},"url":"https:\/\/agenciainfra.com\/blog\/author\/admin\/"}]}},"_links":{"self":[{"href":"https:\/\/agenciainfra.com\/blog\/wp-json\/wp\/v2\/posts\/14174","targetHints":{"allow":["GET"]}}],"collection":[{"href":"https:\/\/agenciainfra.com\/blog\/wp-json\/wp\/v2\/posts"}],"about":[{"href":"https:\/\/agenciainfra.com\/blog\/wp-json\/wp\/v2\/types\/post"}],"author":[{"embeddable":true,"href":"https:\/\/agenciainfra.com\/blog\/wp-json\/wp\/v2\/users\/1"}],"replies":[{"embeddable":true,"href":"https:\/\/agenciainfra.com\/blog\/wp-json\/wp\/v2\/comments?post=14174"}],"version-history":[{"count":0,"href":"https:\/\/agenciainfra.com\/blog\/wp-json\/wp\/v2\/posts\/14174\/revisions"}],"wp:featuredmedia":[{"embeddable":true,"href":"https:\/\/agenciainfra.com\/blog\/wp-json\/wp\/v2\/media\/14175"}],"wp:attachment":[{"href":"https:\/\/agenciainfra.com\/blog\/wp-json\/wp\/v2\/media?parent=14174"}],"wp:term":[{"taxonomy":"category","embeddable":true,"href":"https:\/\/agenciainfra.com\/blog\/wp-json\/wp\/v2\/categories?post=14174"},{"taxonomy":"post_tag","embeddable":true,"href":"https:\/\/agenciainfra.com\/blog\/wp-json\/wp\/v2\/tags?post=14174"}],"curies":[{"name":"wp","href":"https:\/\/api.w.org\/{rel}","templated":true}]}}