{"id":14199,"date":"2023-09-27T10:00:00","date_gmt":"2023-09-27T13:00:00","guid":{"rendered":"https:\/\/www.agenciainfra.com\/blog\/?p=14199"},"modified":"2026-03-13T09:45:40","modified_gmt":"2026-03-13T12:45:40","slug":"ministro-reclama-por-ter-sido-mais-uma-vez-surpreendido-pela-imprensa-sobre-troca-na-eletrobras","status":"publish","type":"post","link":"https:\/\/agenciainfra.com\/blog\/ministro-reclama-por-ter-sido-mais-uma-vez-surpreendido-pela-imprensa-sobre-troca-na-eletrobras\/","title":{"rendered":"Ministro reclama por ter sido &#8220;mais uma vez surpreendido pela imprensa&#8221; sobre troca na Eletrobras"},"content":{"rendered":"\n<p class=\"has-text-align-right\"><strong>Marisa Wanzeller, da&nbsp;Ag\u00eancia iNFRA<\/strong><\/p>\n\n\n\n<p>O ministro de Minas e Energia, Alexandre Silveira, disse&nbsp;nesta ter\u00e7a-feira (26) que teve conhecimento pela imprensa&nbsp;sobre&nbsp;a sa\u00edda de Elvira Presta da vice-presid\u00eancia&nbsp;financeira e de Rela\u00e7\u00f5es com Investidores da Eletrobras. No mesmo dia, mais cedo, a empresa&nbsp;informou ao mercado a troca. O&nbsp;Conselho de Administra\u00e7\u00e3o da companhia elegeu para a cadeira Eduardo Haiama, que foi CFO do grupo Equatorial Energia por 11 anos.<br><br>&#8220;Eu fui mais uma vez surpreendido pela imprensa com a mudan\u00e7a da CFO da Eletrobras. Uma demonstra\u00e7\u00e3o de que as cr\u00edticas que eu tenho feito sobre a rela\u00e7\u00e3o da Eletrobras com o governo federal s\u00e3o oportunas e t\u00eam fundamento, porque a maior empresa de transmiss\u00e3o e de gera\u00e7\u00e3o de energia do Brasil, e onde o governo federal tem mais de 40% das a\u00e7\u00f5es da empresa, ela tem uma responsabilidade de ter no m\u00ednimo mais respeito com a Uni\u00e3o&#8221;, disse o ministro a jornalistas&nbsp;ap\u00f3s evento no Minist\u00e9rio das Comunica\u00e7\u00f5es.<br><br>A Eletrobras informou que \u00c9lio Wolff, vice-presidente de Estrat\u00e9gia e de Desenvolvimento de Neg\u00f3cios, acumular\u00e1 as duas fun\u00e7\u00f5es at\u00e9 a posse de Haiama, cuja data ainda n\u00e3o foi informada.<br><br><strong>Cr\u00edticas \u00e0 Eletrobras<\/strong><br>A troca ocorre&nbsp;menos de dois meses ap\u00f3s a sa\u00edda de Wilson Ferreira Jr., ex-CEO da companhia, agora comandada por Ivan Monteiro. Na ocasi\u00e3o, o ministro Silveira tamb\u00e9m reclamou que soube da troca de comando pela imprensa e disse que o &#8220;o setor est\u00e1 totalmente privatizado e na m\u00e3o exclusivamente do privado&#8221;. &nbsp;<br><br>Um dia ap\u00f3s a sa\u00edda de Ferreira Jr. houve um apag\u00e3o que interrompeu cerca de 30% da carga do pa\u00eds. Em entrevista a jornalistas, Silveira fez reiteradas cr\u00edticas \u00e0 privatiza\u00e7\u00e3o da companhia, relacionando \u00e0 intercorr\u00eancia no SIN (Sistema Interligado Nacional), mesmo antes de saber as causas do blecaute ou se havia alguma rela\u00e7\u00e3o com a Eletrobras.<br><br>&#8220;N\u00e3o tenho essa informa\u00e7\u00e3o, se a linha \u00e9 da Eletrobras. Independe de essa linha ser da Eletrobras, fato \u00e9 que a Eletrobras det\u00e9m a maior parte da transmiss\u00e3o do Brasil e a maior parte da gera\u00e7\u00e3o do Brasil, portanto \u00e9 uma empresa extremamente estrat\u00e9gica para o pa\u00eds, esse foi o destaque que a gente fez\u201d, disse na ocasi\u00e3o.&nbsp;<br><br>Ap\u00f3s an\u00e1lises, identificou-se que a LT era operada pela Chesf, subsidi\u00e1ria da Eletrobras, mas n\u00e3o foi verificada nenhuma culpabilidade da empresa at\u00e9 o momento. As informa\u00e7\u00f5es s\u00e3o de que houve uma s\u00e9rie de falhas no sistema de opera\u00e7\u00e3o. &#8220;A partir desse evento, que ocorreu numa linha Eletrobras, da Chesf, por um erro de programa\u00e7\u00e3o, o sistema n\u00e3o se protegeu como deveria ter acontecido e ocasionou uma s\u00e9rie de outras falhas no sistema a partir da\u00ed.&#8221;<br><br><strong>Mais representantes<\/strong><br>Desde que assumiu o Minist\u00e9rio de Minas e Energia, Silveira cobra que a Eletrobras garanta mais representatividade \u00e0 Uni\u00e3o em seu Conselho Administrativo. Em 5 de maio, a AGU (Advocacia Geral da Uni\u00e3o) protocolou junto ao STF (Supremo Tribunal Federal) uma ADI (A\u00e7\u00e3o Direta de Inconstitucionalidade) para rever pontos da privatiza\u00e7\u00e3o da companhia.<br><br>\u201cO que n\u00f3s estamos pleiteando \u00e9 que a Uni\u00e3o tenha participa\u00e7\u00e3o no conselho da Eletrobras na propor\u00e7\u00e3o das suas a\u00e7\u00f5es. Se n\u00f3s temos 43%, n\u00f3s devemos ter no m\u00ednimo quatro representantes no conselho\u201d, disse Silveira em entrevista \u00e0 CNN ainda em maio. \u201cO que faria com que o poder p\u00fablico, que al\u00e9m de regulat\u00f3rio e implementador de pol\u00edticas p\u00fablicas do setor energ\u00e9tico, possa ter, na maior empresa do pa\u00eds em gera\u00e7\u00e3o e distribui\u00e7\u00e3o, participa\u00e7\u00e3o na gest\u00e3o da empresa e, consequentemente, [possa] defender um setor estrat\u00e9gico do pa\u00eds.\u201d<br><br>Outro ponto da lei, aprovada no Congresso Nacional, questionado por Silveira \u00e9 a obrigatoriedade de contrata\u00e7\u00e3o de 8 GW de t\u00e9rmicas.&nbsp;<br><br><strong>Poste Legal<\/strong><br>Silveira e o ministro das Comunica\u00e7\u00f5es, Juscelino Filho, assinaram nesta ter\u00e7a-feira (26)&nbsp;<a href=\"https:\/\/agenciainfra.us14.list-manage.com\/track\/click?u=d460dd1bcf9ba0ae040e1fc0f&amp;id=cea807c0af&amp;e=f0fa444791\" target=\"_blank\" rel=\"noreferrer noopener\">portaria<\/a>&nbsp;que institui o compartilhamento de postes. A ideia \u00e9 regulamentar o uso dos postes das distribuidoras de energia pelas companhia de telecomunica\u00e7\u00e3o.<br><br>A pol\u00edtica ainda ser\u00e1 regulamentada por meio de resolu\u00e7\u00e3o da ANEEL (Ag\u00eancia Nacional de Energia El\u00e9trica) e da Anatel (Ag\u00eancia Nacional de Telecomunica\u00e7\u00f5es).<br><br>Ap\u00f3s evento no minist\u00e9rio das Comunica\u00e7\u00f5es, Silveira destacou que o pa\u00eds \u201cvive um momento muito auspicioso e oportuno\u201d para a implementa\u00e7\u00e3o dessa pol\u00edtica p\u00fablica, que \u00e9 a renova\u00e7\u00e3o das concess\u00f5es das distribuidoras de energia.&nbsp;<br><br>&#8220;N\u00f3s estamos em fase de di\u00e1logo com o Tribunal de Contas da Uni\u00e3o, e eu tive alegria de entregar ao relator, ministro Antonio Anastasia, semana passada, as diretrizes b\u00e1sicas para que essas concess\u00f5es sejam renovadas no Brasil. Elas ser\u00e3o respons\u00e1veis pela execu\u00e7\u00e3o dessa pol\u00edtica p\u00fablica a ser agora regulamentada pelas ag\u00eancias reguladoras\u201d, afirmou.&nbsp;<br><br>&#8220;N\u00f3s criarmos um modelo de mais efici\u00eancia e de capta\u00e7\u00e3o inclusive de alguns recursos que eram fundamentais para implementa\u00e7\u00e3o de pol\u00edticas p\u00fablicas e pol\u00edticas sociais. J\u00e1 que as distribuidoras de energias s\u00e3o talvez as concession\u00e1rias mais pr\u00f3ximas das pessoas.&#8221;<\/p>\n","protected":false},"excerpt":{"rendered":"<p>Marisa Wanzeller, da&nbsp;Ag\u00eancia iNFRA O ministro de Minas e Energia, Alexandre Silveira, disse&nbsp;nesta ter\u00e7a-feira (26) que teve conhecimento pela imprensa&nbsp;sobre&nbsp;a sa\u00edda de Elvira Presta da vice-presid\u00eancia&nbsp;financeira e de Rela\u00e7\u00f5es com Investidores da Eletrobras. No mesmo dia, mais cedo, a empresa&nbsp;informou ao mercado a troca. O&nbsp;Conselho de Administra\u00e7\u00e3o da companhia elegeu para a cadeira Eduardo Haiama, [&hellip;]<\/p>\n","protected":false},"author":1,"featured_media":14200,"comment_status":"closed","ping_status":"closed","sticky":false,"template":"","format":"standard","meta":{"_monsterinsights_skip_tracking":false,"_monsterinsights_sitenote_active":false,"_monsterinsights_sitenote_note":"","_monsterinsights_sitenote_category":0,"footnotes":""},"categories":[7250,1,10],"tags":[353,6040,7459,50,7460,7458,2816,6741,7366,71,7461,372,2001],"class_list":["post-14199","post","type-post","status-publish","format-standard","has-post-thumbnail","hentry","category-destaque-lista","category-geral","category-infraenergia","tag-agu","tag-alexandre-silveira","tag-eduardo-haiama","tag-eletrobras","tag-elio-wolff","tag-elvira-presta","tag-equatorial-energia","tag-juscelino-filho","tag-marisa-wanzeller","tag-mme","tag-poste-legal","tag-stf","tag-wilson-ferreira-jr"],"yoast_head":"<!-- This site is optimized with the Yoast SEO Premium plugin v25.4 (Yoast SEO v26.0) - https:\/\/yoast.com\/wordpress\/plugins\/seo\/ -->\n<title>Ministro reclama por ter sido &quot;mais uma vez surpreendido pela imprensa&quot; sobre troca na Eletrobras - Ag\u00eancia iNFRA<\/title>\n<meta name=\"robots\" content=\"index, follow, max-snippet:-1, max-image-preview:large, max-video-preview:-1\" \/>\n<link rel=\"canonical\" href=\"https:\/\/agenciainfra.com\/blog\/ministro-reclama-por-ter-sido-mais-uma-vez-surpreendido-pela-imprensa-sobre-troca-na-eletrobras\/\" \/>\n<meta property=\"og:locale\" content=\"pt_BR\" \/>\n<meta property=\"og:type\" content=\"article\" \/>\n<meta property=\"og:title\" content=\"Ministro reclama por ter sido &quot;mais uma vez surpreendido pela imprensa&quot; sobre troca na Eletrobras\" \/>\n<meta property=\"og:description\" content=\"Marisa Wanzeller, da&nbsp;Ag\u00eancia iNFRA O ministro de Minas e Energia, Alexandre Silveira, disse&nbsp;nesta ter\u00e7a-feira (26) que teve conhecimento pela imprensa&nbsp;sobre&nbsp;a sa\u00edda de Elvira Presta da vice-presid\u00eancia&nbsp;financeira e de Rela\u00e7\u00f5es com Investidores da Eletrobras. No mesmo dia, mais cedo, a empresa&nbsp;informou ao mercado a troca. O&nbsp;Conselho de Administra\u00e7\u00e3o da companhia elegeu para a cadeira Eduardo Haiama, [&hellip;]\" \/>\n<meta property=\"og:url\" content=\"https:\/\/agenciainfra.com\/blog\/ministro-reclama-por-ter-sido-mais-uma-vez-surpreendido-pela-imprensa-sobre-troca-na-eletrobras\/\" \/>\n<meta property=\"og:site_name\" content=\"Ag\u00eancia iNFRA\" \/>\n<meta property=\"article:publisher\" content=\"https:\/\/www.facebook.com\/ageninfra\" \/>\n<meta property=\"article:published_time\" content=\"2023-09-27T13:00:00+00:00\" \/>\n<meta property=\"article:modified_time\" content=\"2026-03-13T12:45:40+00:00\" \/>\n<meta property=\"og:image\" content=\"https:\/\/agenciainfra.com\/blog\/wp-content\/uploads\/2023\/09\/alexandre-silveira-poste-legal-foto-agencia-brasil.jpg\" \/>\n\t<meta property=\"og:image:width\" content=\"1202\" \/>\n\t<meta property=\"og:image:height\" content=\"822\" \/>\n\t<meta property=\"og:image:type\" content=\"image\/jpeg\" \/>\n<meta name=\"author\" content=\"Ag\u00eancia iNFRA\" \/>\n<meta name=\"twitter:card\" content=\"summary_large_image\" \/>\n<meta name=\"twitter:creator\" content=\"@agencia_infra\" \/>\n<meta name=\"twitter:site\" content=\"@agencia_infra\" \/>\n<meta name=\"twitter:label1\" content=\"Escrito por\" \/>\n\t<meta name=\"twitter:data1\" content=\"Ag\u00eancia iNFRA\" \/>\n\t<meta name=\"twitter:label2\" content=\"Est. tempo de leitura\" \/>\n\t<meta name=\"twitter:data2\" content=\"5 minutos\" \/>\n<script type=\"application\/ld+json\" class=\"yoast-schema-graph\">{\"@context\":\"https:\/\/schema.org\",\"@graph\":[{\"@type\":\"Article\",\"@id\":\"https:\/\/agenciainfra.com\/blog\/ministro-reclama-por-ter-sido-mais-uma-vez-surpreendido-pela-imprensa-sobre-troca-na-eletrobras\/#article\",\"isPartOf\":{\"@id\":\"https:\/\/agenciainfra.com\/blog\/ministro-reclama-por-ter-sido-mais-uma-vez-surpreendido-pela-imprensa-sobre-troca-na-eletrobras\/\"},\"author\":{\"name\":\"Ag\u00eancia iNFRA\",\"@id\":\"https:\/\/agenciainfra.com\/blog\/#\/schema\/person\/34af08dff6adea4cb22b06612ba7acfa\"},\"headline\":\"Ministro reclama por ter sido &#8220;mais uma vez surpreendido pela imprensa&#8221; sobre troca na Eletrobras\",\"datePublished\":\"2023-09-27T13:00:00+00:00\",\"dateModified\":\"2026-03-13T12:45:40+00:00\",\"mainEntityOfPage\":{\"@id\":\"https:\/\/agenciainfra.com\/blog\/ministro-reclama-por-ter-sido-mais-uma-vez-surpreendido-pela-imprensa-sobre-troca-na-eletrobras\/\"},\"wordCount\":918,\"publisher\":{\"@id\":\"https:\/\/agenciainfra.com\/blog\/#organization\"},\"image\":{\"@id\":\"https:\/\/agenciainfra.com\/blog\/ministro-reclama-por-ter-sido-mais-uma-vez-surpreendido-pela-imprensa-sobre-troca-na-eletrobras\/#primaryimage\"},\"thumbnailUrl\":\"https:\/\/agenciainfra.com\/blog\/wp-content\/uploads\/2023\/09\/alexandre-silveira-poste-legal-foto-agencia-brasil.jpg\",\"keywords\":[\"AGU\",\"Alexandre Silveira\",\"Eduardo Haiama\",\"Eletrobras\",\"\u00c9lio Wolff\",\"Elvira Presta\",\"Equatorial Energia\",\"Juscelino Filho\",\"Marisa Wanzeller\",\"MME\",\"Poste Legal\",\"STF\",\"Wilson Ferreira Jr.\"],\"articleSection\":[\"Destaque lista\",\"Geral\",\"iNFRAEnergia\"],\"inLanguage\":\"pt-BR\",\"copyrightYear\":\"2023\",\"copyrightHolder\":{\"@id\":\"https:\/\/agenciainfra.com\/blog\/#organization\"}},{\"@type\":\"WebPage\",\"@id\":\"https:\/\/agenciainfra.com\/blog\/ministro-reclama-por-ter-sido-mais-uma-vez-surpreendido-pela-imprensa-sobre-troca-na-eletrobras\/\",\"url\":\"https:\/\/agenciainfra.com\/blog\/ministro-reclama-por-ter-sido-mais-uma-vez-surpreendido-pela-imprensa-sobre-troca-na-eletrobras\/\",\"name\":\"Ministro reclama por ter sido \\\"mais uma vez surpreendido pela imprensa\\\" sobre troca na Eletrobras - Ag\u00eancia iNFRA\",\"isPartOf\":{\"@id\":\"https:\/\/agenciainfra.com\/blog\/#website\"},\"primaryImageOfPage\":{\"@id\":\"https:\/\/agenciainfra.com\/blog\/ministro-reclama-por-ter-sido-mais-uma-vez-surpreendido-pela-imprensa-sobre-troca-na-eletrobras\/#primaryimage\"},\"image\":{\"@id\":\"https:\/\/agenciainfra.com\/blog\/ministro-reclama-por-ter-sido-mais-uma-vez-surpreendido-pela-imprensa-sobre-troca-na-eletrobras\/#primaryimage\"},\"thumbnailUrl\":\"https:\/\/agenciainfra.com\/blog\/wp-content\/uploads\/2023\/09\/alexandre-silveira-poste-legal-foto-agencia-brasil.jpg\",\"datePublished\":\"2023-09-27T13:00:00+00:00\",\"dateModified\":\"2026-03-13T12:45:40+00:00\",\"breadcrumb\":{\"@id\":\"https:\/\/agenciainfra.com\/blog\/ministro-reclama-por-ter-sido-mais-uma-vez-surpreendido-pela-imprensa-sobre-troca-na-eletrobras\/#breadcrumb\"},\"inLanguage\":\"pt-BR\",\"potentialAction\":[{\"@type\":\"ReadAction\",\"target\":[\"https:\/\/agenciainfra.com\/blog\/ministro-reclama-por-ter-sido-mais-uma-vez-surpreendido-pela-imprensa-sobre-troca-na-eletrobras\/\"]}]},{\"@type\":\"ImageObject\",\"inLanguage\":\"pt-BR\",\"@id\":\"https:\/\/agenciainfra.com\/blog\/ministro-reclama-por-ter-sido-mais-uma-vez-surpreendido-pela-imprensa-sobre-troca-na-eletrobras\/#primaryimage\",\"url\":\"https:\/\/agenciainfra.com\/blog\/wp-content\/uploads\/2023\/09\/alexandre-silveira-poste-legal-foto-agencia-brasil.jpg\",\"contentUrl\":\"https:\/\/agenciainfra.com\/blog\/wp-content\/uploads\/2023\/09\/alexandre-silveira-poste-legal-foto-agencia-brasil.jpg\",\"width\":1202,\"height\":822},{\"@type\":\"BreadcrumbList\",\"@id\":\"https:\/\/agenciainfra.com\/blog\/ministro-reclama-por-ter-sido-mais-uma-vez-surpreendido-pela-imprensa-sobre-troca-na-eletrobras\/#breadcrumb\",\"itemListElement\":[{\"@type\":\"ListItem\",\"position\":1,\"name\":\"In\u00edcio\",\"item\":\"https:\/\/agenciainfra.com\/blog\/\"},{\"@type\":\"ListItem\",\"position\":2,\"name\":\"Ministro reclama por ter sido &#8220;mais uma vez surpreendido pela imprensa&#8221; sobre troca na Eletrobras\"}]},{\"@type\":\"WebSite\",\"@id\":\"https:\/\/agenciainfra.com\/blog\/#website\",\"url\":\"https:\/\/agenciainfra.com\/blog\/\",\"name\":\"Ag\u00eancia iNFRA\",\"description\":\"Multiplataforma de informa\u00e7\u00e3o jornal\u00edstica refer\u00eancia na \u00e1rea de infraestrutura no Brasil!\",\"publisher\":{\"@id\":\"https:\/\/agenciainfra.com\/blog\/#organization\"},\"potentialAction\":[{\"@type\":\"SearchAction\",\"target\":{\"@type\":\"EntryPoint\",\"urlTemplate\":\"https:\/\/agenciainfra.com\/blog\/?s={search_term_string}\"},\"query-input\":{\"@type\":\"PropertyValueSpecification\",\"valueRequired\":true,\"valueName\":\"search_term_string\"}}],\"inLanguage\":\"pt-BR\"},{\"@type\":\"Organization\",\"@id\":\"https:\/\/agenciainfra.com\/blog\/#organization\",\"name\":\"Ag\u00eancia iNFRA\",\"url\":\"https:\/\/agenciainfra.com\/blog\/\",\"logo\":{\"@type\":\"ImageObject\",\"inLanguage\":\"pt-BR\",\"@id\":\"https:\/\/agenciainfra.com\/blog\/#\/schema\/logo\/image\/\",\"url\":\"https:\/\/agenciainfra.com\/blog\/wp-content\/uploads\/2023\/09\/iNFRA_5-e1761735885940.png\",\"contentUrl\":\"https:\/\/agenciainfra.com\/blog\/wp-content\/uploads\/2023\/09\/iNFRA_5-e1761735885940.png\",\"width\":1672,\"height\":454,\"caption\":\"Ag\u00eancia iNFRA\"},\"image\":{\"@id\":\"https:\/\/agenciainfra.com\/blog\/#\/schema\/logo\/image\/\"},\"sameAs\":[\"https:\/\/www.facebook.com\/ageninfra\",\"https:\/\/x.com\/agencia_infra\",\"https:\/\/www.linkedin.com\/company\/ag\u00eanciainfra\/\",\"https:\/\/www.instagram.com\/agenciainfra\/\"]},{\"@type\":\"Person\",\"@id\":\"https:\/\/agenciainfra.com\/blog\/#\/schema\/person\/34af08dff6adea4cb22b06612ba7acfa\",\"name\":\"Ag\u00eancia iNFRA\",\"image\":{\"@type\":\"ImageObject\",\"inLanguage\":\"pt-BR\",\"@id\":\"https:\/\/agenciainfra.com\/blog\/#\/schema\/person\/image\/\",\"url\":\"https:\/\/secure.gravatar.com\/avatar\/d189e01678f06d8eb84d4e01f08eb848b3fffe3f8443818d3c356c66892f5be8?s=96&d=mm&r=g\",\"contentUrl\":\"https:\/\/secure.gravatar.com\/avatar\/d189e01678f06d8eb84d4e01f08eb848b3fffe3f8443818d3c356c66892f5be8?s=96&d=mm&r=g\",\"caption\":\"Ag\u00eancia iNFRA\"},\"url\":\"https:\/\/agenciainfra.com\/blog\/author\/admin\/\"}]}<\/script>\n<!-- \/ Yoast SEO Premium plugin. -->","yoast_head_json":{"title":"Ministro reclama por ter sido \"mais uma vez surpreendido pela imprensa\" sobre troca na Eletrobras - Ag\u00eancia iNFRA","robots":{"index":"index","follow":"follow","max-snippet":"max-snippet:-1","max-image-preview":"max-image-preview:large","max-video-preview":"max-video-preview:-1"},"canonical":"https:\/\/agenciainfra.com\/blog\/ministro-reclama-por-ter-sido-mais-uma-vez-surpreendido-pela-imprensa-sobre-troca-na-eletrobras\/","og_locale":"pt_BR","og_type":"article","og_title":"Ministro reclama por ter sido \"mais uma vez surpreendido pela imprensa\" sobre troca na Eletrobras","og_description":"Marisa Wanzeller, da&nbsp;Ag\u00eancia iNFRA O ministro de Minas e Energia, Alexandre Silveira, disse&nbsp;nesta ter\u00e7a-feira (26) que teve conhecimento pela imprensa&nbsp;sobre&nbsp;a sa\u00edda de Elvira Presta da vice-presid\u00eancia&nbsp;financeira e de Rela\u00e7\u00f5es com Investidores da Eletrobras. No mesmo dia, mais cedo, a empresa&nbsp;informou ao mercado a troca. O&nbsp;Conselho de Administra\u00e7\u00e3o da companhia elegeu para a cadeira Eduardo Haiama, [&hellip;]","og_url":"https:\/\/agenciainfra.com\/blog\/ministro-reclama-por-ter-sido-mais-uma-vez-surpreendido-pela-imprensa-sobre-troca-na-eletrobras\/","og_site_name":"Ag\u00eancia iNFRA","article_publisher":"https:\/\/www.facebook.com\/ageninfra","article_published_time":"2023-09-27T13:00:00+00:00","article_modified_time":"2026-03-13T12:45:40+00:00","og_image":[{"width":1202,"height":822,"url":"https:\/\/agenciainfra.com\/blog\/wp-content\/uploads\/2023\/09\/alexandre-silveira-poste-legal-foto-agencia-brasil.jpg","type":"image\/jpeg"}],"author":"Ag\u00eancia iNFRA","twitter_card":"summary_large_image","twitter_creator":"@agencia_infra","twitter_site":"@agencia_infra","twitter_misc":{"Escrito por":"Ag\u00eancia iNFRA","Est. tempo de leitura":"5 minutos"},"schema":{"@context":"https:\/\/schema.org","@graph":[{"@type":"Article","@id":"https:\/\/agenciainfra.com\/blog\/ministro-reclama-por-ter-sido-mais-uma-vez-surpreendido-pela-imprensa-sobre-troca-na-eletrobras\/#article","isPartOf":{"@id":"https:\/\/agenciainfra.com\/blog\/ministro-reclama-por-ter-sido-mais-uma-vez-surpreendido-pela-imprensa-sobre-troca-na-eletrobras\/"},"author":{"name":"Ag\u00eancia iNFRA","@id":"https:\/\/agenciainfra.com\/blog\/#\/schema\/person\/34af08dff6adea4cb22b06612ba7acfa"},"headline":"Ministro reclama por ter sido &#8220;mais uma vez surpreendido pela imprensa&#8221; sobre troca na Eletrobras","datePublished":"2023-09-27T13:00:00+00:00","dateModified":"2026-03-13T12:45:40+00:00","mainEntityOfPage":{"@id":"https:\/\/agenciainfra.com\/blog\/ministro-reclama-por-ter-sido-mais-uma-vez-surpreendido-pela-imprensa-sobre-troca-na-eletrobras\/"},"wordCount":918,"publisher":{"@id":"https:\/\/agenciainfra.com\/blog\/#organization"},"image":{"@id":"https:\/\/agenciainfra.com\/blog\/ministro-reclama-por-ter-sido-mais-uma-vez-surpreendido-pela-imprensa-sobre-troca-na-eletrobras\/#primaryimage"},"thumbnailUrl":"https:\/\/agenciainfra.com\/blog\/wp-content\/uploads\/2023\/09\/alexandre-silveira-poste-legal-foto-agencia-brasil.jpg","keywords":["AGU","Alexandre Silveira","Eduardo Haiama","Eletrobras","\u00c9lio Wolff","Elvira Presta","Equatorial Energia","Juscelino Filho","Marisa Wanzeller","MME","Poste Legal","STF","Wilson Ferreira Jr."],"articleSection":["Destaque lista","Geral","iNFRAEnergia"],"inLanguage":"pt-BR","copyrightYear":"2023","copyrightHolder":{"@id":"https:\/\/agenciainfra.com\/blog\/#organization"}},{"@type":"WebPage","@id":"https:\/\/agenciainfra.com\/blog\/ministro-reclama-por-ter-sido-mais-uma-vez-surpreendido-pela-imprensa-sobre-troca-na-eletrobras\/","url":"https:\/\/agenciainfra.com\/blog\/ministro-reclama-por-ter-sido-mais-uma-vez-surpreendido-pela-imprensa-sobre-troca-na-eletrobras\/","name":"Ministro reclama por ter sido \"mais uma vez surpreendido pela imprensa\" sobre troca na Eletrobras - Ag\u00eancia iNFRA","isPartOf":{"@id":"https:\/\/agenciainfra.com\/blog\/#website"},"primaryImageOfPage":{"@id":"https:\/\/agenciainfra.com\/blog\/ministro-reclama-por-ter-sido-mais-uma-vez-surpreendido-pela-imprensa-sobre-troca-na-eletrobras\/#primaryimage"},"image":{"@id":"https:\/\/agenciainfra.com\/blog\/ministro-reclama-por-ter-sido-mais-uma-vez-surpreendido-pela-imprensa-sobre-troca-na-eletrobras\/#primaryimage"},"thumbnailUrl":"https:\/\/agenciainfra.com\/blog\/wp-content\/uploads\/2023\/09\/alexandre-silveira-poste-legal-foto-agencia-brasil.jpg","datePublished":"2023-09-27T13:00:00+00:00","dateModified":"2026-03-13T12:45:40+00:00","breadcrumb":{"@id":"https:\/\/agenciainfra.com\/blog\/ministro-reclama-por-ter-sido-mais-uma-vez-surpreendido-pela-imprensa-sobre-troca-na-eletrobras\/#breadcrumb"},"inLanguage":"pt-BR","potentialAction":[{"@type":"ReadAction","target":["https:\/\/agenciainfra.com\/blog\/ministro-reclama-por-ter-sido-mais-uma-vez-surpreendido-pela-imprensa-sobre-troca-na-eletrobras\/"]}]},{"@type":"ImageObject","inLanguage":"pt-BR","@id":"https:\/\/agenciainfra.com\/blog\/ministro-reclama-por-ter-sido-mais-uma-vez-surpreendido-pela-imprensa-sobre-troca-na-eletrobras\/#primaryimage","url":"https:\/\/agenciainfra.com\/blog\/wp-content\/uploads\/2023\/09\/alexandre-silveira-poste-legal-foto-agencia-brasil.jpg","contentUrl":"https:\/\/agenciainfra.com\/blog\/wp-content\/uploads\/2023\/09\/alexandre-silveira-poste-legal-foto-agencia-brasil.jpg","width":1202,"height":822},{"@type":"BreadcrumbList","@id":"https:\/\/agenciainfra.com\/blog\/ministro-reclama-por-ter-sido-mais-uma-vez-surpreendido-pela-imprensa-sobre-troca-na-eletrobras\/#breadcrumb","itemListElement":[{"@type":"ListItem","position":1,"name":"In\u00edcio","item":"https:\/\/agenciainfra.com\/blog\/"},{"@type":"ListItem","position":2,"name":"Ministro reclama por ter sido &#8220;mais uma vez surpreendido pela imprensa&#8221; sobre troca na Eletrobras"}]},{"@type":"WebSite","@id":"https:\/\/agenciainfra.com\/blog\/#website","url":"https:\/\/agenciainfra.com\/blog\/","name":"Ag\u00eancia iNFRA","description":"Multiplataforma de informa\u00e7\u00e3o jornal\u00edstica refer\u00eancia na \u00e1rea de infraestrutura no Brasil!","publisher":{"@id":"https:\/\/agenciainfra.com\/blog\/#organization"},"potentialAction":[{"@type":"SearchAction","target":{"@type":"EntryPoint","urlTemplate":"https:\/\/agenciainfra.com\/blog\/?s={search_term_string}"},"query-input":{"@type":"PropertyValueSpecification","valueRequired":true,"valueName":"search_term_string"}}],"inLanguage":"pt-BR"},{"@type":"Organization","@id":"https:\/\/agenciainfra.com\/blog\/#organization","name":"Ag\u00eancia iNFRA","url":"https:\/\/agenciainfra.com\/blog\/","logo":{"@type":"ImageObject","inLanguage":"pt-BR","@id":"https:\/\/agenciainfra.com\/blog\/#\/schema\/logo\/image\/","url":"https:\/\/agenciainfra.com\/blog\/wp-content\/uploads\/2023\/09\/iNFRA_5-e1761735885940.png","contentUrl":"https:\/\/agenciainfra.com\/blog\/wp-content\/uploads\/2023\/09\/iNFRA_5-e1761735885940.png","width":1672,"height":454,"caption":"Ag\u00eancia iNFRA"},"image":{"@id":"https:\/\/agenciainfra.com\/blog\/#\/schema\/logo\/image\/"},"sameAs":["https:\/\/www.facebook.com\/ageninfra","https:\/\/x.com\/agencia_infra","https:\/\/www.linkedin.com\/company\/ag\u00eanciainfra\/","https:\/\/www.instagram.com\/agenciainfra\/"]},{"@type":"Person","@id":"https:\/\/agenciainfra.com\/blog\/#\/schema\/person\/34af08dff6adea4cb22b06612ba7acfa","name":"Ag\u00eancia iNFRA","image":{"@type":"ImageObject","inLanguage":"pt-BR","@id":"https:\/\/agenciainfra.com\/blog\/#\/schema\/person\/image\/","url":"https:\/\/secure.gravatar.com\/avatar\/d189e01678f06d8eb84d4e01f08eb848b3fffe3f8443818d3c356c66892f5be8?s=96&d=mm&r=g","contentUrl":"https:\/\/secure.gravatar.com\/avatar\/d189e01678f06d8eb84d4e01f08eb848b3fffe3f8443818d3c356c66892f5be8?s=96&d=mm&r=g","caption":"Ag\u00eancia iNFRA"},"url":"https:\/\/agenciainfra.com\/blog\/author\/admin\/"}]}},"_links":{"self":[{"href":"https:\/\/agenciainfra.com\/blog\/wp-json\/wp\/v2\/posts\/14199","targetHints":{"allow":["GET"]}}],"collection":[{"href":"https:\/\/agenciainfra.com\/blog\/wp-json\/wp\/v2\/posts"}],"about":[{"href":"https:\/\/agenciainfra.com\/blog\/wp-json\/wp\/v2\/types\/post"}],"author":[{"embeddable":true,"href":"https:\/\/agenciainfra.com\/blog\/wp-json\/wp\/v2\/users\/1"}],"replies":[{"embeddable":true,"href":"https:\/\/agenciainfra.com\/blog\/wp-json\/wp\/v2\/comments?post=14199"}],"version-history":[{"count":1,"href":"https:\/\/agenciainfra.com\/blog\/wp-json\/wp\/v2\/posts\/14199\/revisions"}],"predecessor-version":[{"id":37811,"href":"https:\/\/agenciainfra.com\/blog\/wp-json\/wp\/v2\/posts\/14199\/revisions\/37811"}],"wp:featuredmedia":[{"embeddable":true,"href":"https:\/\/agenciainfra.com\/blog\/wp-json\/wp\/v2\/media\/14200"}],"wp:attachment":[{"href":"https:\/\/agenciainfra.com\/blog\/wp-json\/wp\/v2\/media?parent=14199"}],"wp:term":[{"taxonomy":"category","embeddable":true,"href":"https:\/\/agenciainfra.com\/blog\/wp-json\/wp\/v2\/categories?post=14199"},{"taxonomy":"post_tag","embeddable":true,"href":"https:\/\/agenciainfra.com\/blog\/wp-json\/wp\/v2\/tags?post=14199"}],"curies":[{"name":"wp","href":"https:\/\/api.w.org\/{rel}","templated":true}]}}