{"id":1423,"date":"2018-04-14T06:00:16","date_gmt":"2018-04-14T09:00:16","guid":{"rendered":"http:\/\/www.agenciainfra.com\/blog\/?p=1423"},"modified":"2018-04-13T22:44:53","modified_gmt":"2018-04-14T01:44:53","slug":"fim-do-pregao-e-unanimidade-entre-entidades-ouvidas-na-comissao-da-nova-lei-de-licitacoes","status":"publish","type":"post","link":"https:\/\/agenciainfra.com\/blog\/fim-do-pregao-e-unanimidade-entre-entidades-ouvidas-na-comissao-da-nova-lei-de-licitacoes\/","title":{"rendered":"Fim do preg\u00e3o \u00e9 unanimidade entre entidades ouvidas na comiss\u00e3o da nova lei de licita\u00e7\u00f5es"},"content":{"rendered":"<h5 style=\"text-align: right;\"><strong>da Ag\u00eancia iNFRA<\/strong><\/h5>\n<p>A C\u00e2mara dos Deputados realizou na ter\u00e7a-feira (10) mais uma audi\u00eancia p\u00fablica para debater a nova lei de licita\u00e7\u00f5es e, assim como na \u00faltima reuni\u00e3o, as entidades ouvidas pelo colegiado convergiram em mais um ponto que deve ser mudado no projeto que veio do Senado: o fim do preg\u00e3o eletr\u00f4nico.<\/p>\n<p>Al\u00e9m desse ponto, as entidades ouvidas fizeram outras sugest\u00f5es de mudan\u00e7as. O presidente do conselho diretor da ABCE (Associa\u00e7\u00e3o Brasileira de Consultores de Engenharia), Ricardo Gomes, disse que a infraestrutura das licita\u00e7\u00f5es atuais falta bons projetos, o que \u00e9 fruto de uma falta de planejamento. Como proposta, Gomes sugeriu a necessidade do projeto executivo para licitar a obra.<\/p>\n<p>A contrata\u00e7\u00e3o por menor pre\u00e7o para uma obra de engenharia foi outro ponto levantado entre os convidados. \u201cO custo do projeto, relativo ao contrato como um todo, \u00e9 muito pequeno para fazer economia\u201d, disse Jos\u00e9 Eugenio Souza de Bueno Pizzi, representando a CNI (Confedera\u00e7\u00e3o Nacional da Industria).<\/p>\n<p>As novidades de propostas apresentadas foram do vice-presidente do CAU\/BR (Conselho de Arquitetura e Urbanismo do Brasil), Guivaldo Baptista, que sugeriu a contrata\u00e7\u00e3o via concurso p\u00fablico. \u201cQue o melhor ven\u00e7a\u201d, disse. E tamb\u00e9m do Presidente da ASSEPRO (Associa\u00e7\u00f5es das Empresas Brasileiras de Tecnologia da Informa\u00e7\u00e3o), Jeovani Salom\u00e3o, que sugeriu a diminui\u00e7\u00e3o do n\u00famero de licita\u00e7\u00f5es para que se continue com aquelas que foram eficazes.<\/p>\n<p><strong>Relat\u00f3rio<\/strong><br \/>\nO relator da mat\u00e9ria, Jo\u00e3o Arruda (MDB-PR) refor\u00e7ou os pontos de mudan\u00e7as que j\u00e1 havia falado que vai compor o relat\u00f3rio, como o licenciamento ambiental pr\u00e9vio j\u00e1 no edital de licita\u00e7\u00e3o e a garantia percentual do valor de contrata\u00e7\u00e3o. Quanto \u00e0s novas sugest\u00f5es, Arruda n\u00e3o manifestou se vai adota-las no texto final, que ser\u00e1 apresentado na terceira semana de maio deste ano.<\/p>\n","protected":false},"excerpt":{"rendered":"<p>da Ag\u00eancia iNFRA A C\u00e2mara dos Deputados realizou na ter\u00e7a-feira (10) mais uma audi\u00eancia p\u00fablica para debater a nova lei de licita\u00e7\u00f5es e, assim como na \u00faltima reuni\u00e3o, as entidades ouvidas pelo colegiado convergiram em mais um ponto que deve ser mudado no projeto que veio do Senado: o fim do preg\u00e3o eletr\u00f4nico. Al\u00e9m desse [&hellip;]<\/p>\n","protected":false},"author":1,"featured_media":1454,"comment_status":"closed","ping_status":"open","sticky":false,"template":"","format":"standard","meta":{"_monsterinsights_skip_tracking":false,"_monsterinsights_sitenote_active":false,"_monsterinsights_sitenote_note":"","_monsterinsights_sitenote_category":0,"footnotes":""},"categories":[7],"tags":[153,154,155,115,129,110,111,152],"class_list":["post-1423","post","type-post","status-publish","format-standard","has-post-thumbnail","hentry","category-infratransporte","tag-abce","tag-assepro","tag-cau-br","tag-engenharia","tag-lei-8-666","tag-lei-8-666-1993","tag-lei-de-licitacoes","tag-pregao-eletronico"],"yoast_head":"<!-- This site is optimized with the Yoast SEO Premium plugin v25.4 (Yoast SEO v26.0) - https:\/\/yoast.com\/wordpress\/plugins\/seo\/ -->\n<title>Fim do preg\u00e3o \u00e9 unanimidade entre entidades ouvidas na comiss\u00e3o da nova lei de licita\u00e7\u00f5es - Ag\u00eancia iNFRA<\/title>\n<meta name=\"robots\" content=\"index, follow, max-snippet:-1, max-image-preview:large, max-video-preview:-1\" \/>\n<link rel=\"canonical\" href=\"https:\/\/agenciainfra.com\/blog\/fim-do-pregao-e-unanimidade-entre-entidades-ouvidas-na-comissao-da-nova-lei-de-licitacoes\/\" \/>\n<meta property=\"og:locale\" content=\"pt_BR\" \/>\n<meta property=\"og:type\" content=\"article\" \/>\n<meta property=\"og:title\" content=\"Fim do preg\u00e3o \u00e9 unanimidade entre entidades ouvidas na comiss\u00e3o da nova lei de licita\u00e7\u00f5es\" \/>\n<meta property=\"og:description\" content=\"da Ag\u00eancia iNFRA A C\u00e2mara dos Deputados realizou na ter\u00e7a-feira (10) mais uma audi\u00eancia p\u00fablica para debater a nova lei de licita\u00e7\u00f5es e, assim como na \u00faltima reuni\u00e3o, as entidades ouvidas pelo colegiado convergiram em mais um ponto que deve ser mudado no projeto que veio do Senado: o fim do preg\u00e3o eletr\u00f4nico. Al\u00e9m desse [&hellip;]\" \/>\n<meta property=\"og:url\" content=\"https:\/\/agenciainfra.com\/blog\/fim-do-pregao-e-unanimidade-entre-entidades-ouvidas-na-comissao-da-nova-lei-de-licitacoes\/\" \/>\n<meta property=\"og:site_name\" content=\"Ag\u00eancia iNFRA\" \/>\n<meta property=\"article:publisher\" content=\"https:\/\/www.facebook.com\/ageninfra\" \/>\n<meta property=\"article:published_time\" content=\"2018-04-14T09:00:16+00:00\" \/>\n<meta property=\"og:image\" content=\"https:\/\/agenciainfra.com\/blog\/wp-content\/uploads\/2018\/04\/20180413_222600-e1523669681139.png\" \/>\n\t<meta property=\"og:image:width\" content=\"1047\" \/>\n\t<meta property=\"og:image:height\" content=\"541\" \/>\n\t<meta property=\"og:image:type\" content=\"image\/png\" \/>\n<meta name=\"author\" content=\"Ag\u00eancia iNFRA\" \/>\n<meta name=\"twitter:card\" content=\"summary_large_image\" \/>\n<meta name=\"twitter:creator\" content=\"@agencia_infra\" \/>\n<meta name=\"twitter:site\" content=\"@agencia_infra\" \/>\n<meta name=\"twitter:label1\" content=\"Escrito por\" \/>\n\t<meta name=\"twitter:data1\" content=\"Ag\u00eancia iNFRA\" \/>\n\t<meta name=\"twitter:label2\" content=\"Est. tempo de leitura\" \/>\n\t<meta name=\"twitter:data2\" content=\"2 minutos\" \/>\n<script type=\"application\/ld+json\" class=\"yoast-schema-graph\">{\"@context\":\"https:\/\/schema.org\",\"@graph\":[{\"@type\":\"Article\",\"@id\":\"https:\/\/agenciainfra.com\/blog\/fim-do-pregao-e-unanimidade-entre-entidades-ouvidas-na-comissao-da-nova-lei-de-licitacoes\/#article\",\"isPartOf\":{\"@id\":\"https:\/\/agenciainfra.com\/blog\/fim-do-pregao-e-unanimidade-entre-entidades-ouvidas-na-comissao-da-nova-lei-de-licitacoes\/\"},\"author\":{\"name\":\"Ag\u00eancia iNFRA\",\"@id\":\"https:\/\/agenciainfra.com\/blog\/#\/schema\/person\/34af08dff6adea4cb22b06612ba7acfa\"},\"headline\":\"Fim do preg\u00e3o \u00e9 unanimidade entre entidades ouvidas na comiss\u00e3o da nova lei de licita\u00e7\u00f5es\",\"datePublished\":\"2018-04-14T09:00:16+00:00\",\"mainEntityOfPage\":{\"@id\":\"https:\/\/agenciainfra.com\/blog\/fim-do-pregao-e-unanimidade-entre-entidades-ouvidas-na-comissao-da-nova-lei-de-licitacoes\/\"},\"wordCount\":338,\"publisher\":{\"@id\":\"https:\/\/agenciainfra.com\/blog\/#organization\"},\"image\":{\"@id\":\"https:\/\/agenciainfra.com\/blog\/fim-do-pregao-e-unanimidade-entre-entidades-ouvidas-na-comissao-da-nova-lei-de-licitacoes\/#primaryimage\"},\"thumbnailUrl\":\"https:\/\/agenciainfra.com\/blog\/wp-content\/uploads\/2018\/04\/20180413_222600-e1523669681139.png\",\"keywords\":[\"ABCE\",\"ASSEPRO\",\"CAU\/BR\",\"Engenharia\",\"Lei 8.666\",\"Lei 8.666\/1993\",\"Lei de Licita\u00e7\u00f5es\",\"preg\u00e3o eletr\u00f4nico\"],\"articleSection\":[\"iNFRATransporte\"],\"inLanguage\":\"pt-BR\",\"copyrightYear\":\"2018\",\"copyrightHolder\":{\"@id\":\"https:\/\/agenciainfra.com\/blog\/#organization\"}},{\"@type\":\"WebPage\",\"@id\":\"https:\/\/agenciainfra.com\/blog\/fim-do-pregao-e-unanimidade-entre-entidades-ouvidas-na-comissao-da-nova-lei-de-licitacoes\/\",\"url\":\"https:\/\/agenciainfra.com\/blog\/fim-do-pregao-e-unanimidade-entre-entidades-ouvidas-na-comissao-da-nova-lei-de-licitacoes\/\",\"name\":\"Fim do preg\u00e3o \u00e9 unanimidade entre entidades ouvidas na comiss\u00e3o da nova lei de licita\u00e7\u00f5es - Ag\u00eancia iNFRA\",\"isPartOf\":{\"@id\":\"https:\/\/agenciainfra.com\/blog\/#website\"},\"primaryImageOfPage\":{\"@id\":\"https:\/\/agenciainfra.com\/blog\/fim-do-pregao-e-unanimidade-entre-entidades-ouvidas-na-comissao-da-nova-lei-de-licitacoes\/#primaryimage\"},\"image\":{\"@id\":\"https:\/\/agenciainfra.com\/blog\/fim-do-pregao-e-unanimidade-entre-entidades-ouvidas-na-comissao-da-nova-lei-de-licitacoes\/#primaryimage\"},\"thumbnailUrl\":\"https:\/\/agenciainfra.com\/blog\/wp-content\/uploads\/2018\/04\/20180413_222600-e1523669681139.png\",\"datePublished\":\"2018-04-14T09:00:16+00:00\",\"breadcrumb\":{\"@id\":\"https:\/\/agenciainfra.com\/blog\/fim-do-pregao-e-unanimidade-entre-entidades-ouvidas-na-comissao-da-nova-lei-de-licitacoes\/#breadcrumb\"},\"inLanguage\":\"pt-BR\",\"potentialAction\":[{\"@type\":\"ReadAction\",\"target\":[\"https:\/\/agenciainfra.com\/blog\/fim-do-pregao-e-unanimidade-entre-entidades-ouvidas-na-comissao-da-nova-lei-de-licitacoes\/\"]}]},{\"@type\":\"ImageObject\",\"inLanguage\":\"pt-BR\",\"@id\":\"https:\/\/agenciainfra.com\/blog\/fim-do-pregao-e-unanimidade-entre-entidades-ouvidas-na-comissao-da-nova-lei-de-licitacoes\/#primaryimage\",\"url\":\"https:\/\/agenciainfra.com\/blog\/wp-content\/uploads\/2018\/04\/20180413_222600-e1523669681139.png\",\"contentUrl\":\"https:\/\/agenciainfra.com\/blog\/wp-content\/uploads\/2018\/04\/20180413_222600-e1523669681139.png\",\"width\":1047,\"height\":541},{\"@type\":\"BreadcrumbList\",\"@id\":\"https:\/\/agenciainfra.com\/blog\/fim-do-pregao-e-unanimidade-entre-entidades-ouvidas-na-comissao-da-nova-lei-de-licitacoes\/#breadcrumb\",\"itemListElement\":[{\"@type\":\"ListItem\",\"position\":1,\"name\":\"In\u00edcio\",\"item\":\"https:\/\/agenciainfra.com\/blog\/\"},{\"@type\":\"ListItem\",\"position\":2,\"name\":\"Fim do preg\u00e3o \u00e9 unanimidade entre entidades ouvidas na comiss\u00e3o da nova lei de licita\u00e7\u00f5es\"}]},{\"@type\":\"WebSite\",\"@id\":\"https:\/\/agenciainfra.com\/blog\/#website\",\"url\":\"https:\/\/agenciainfra.com\/blog\/\",\"name\":\"Ag\u00eancia iNFRA\",\"description\":\"Multiplataforma de informa\u00e7\u00e3o jornal\u00edstica refer\u00eancia na \u00e1rea de infraestrutura no Brasil!\",\"publisher\":{\"@id\":\"https:\/\/agenciainfra.com\/blog\/#organization\"},\"potentialAction\":[{\"@type\":\"SearchAction\",\"target\":{\"@type\":\"EntryPoint\",\"urlTemplate\":\"https:\/\/agenciainfra.com\/blog\/?s={search_term_string}\"},\"query-input\":{\"@type\":\"PropertyValueSpecification\",\"valueRequired\":true,\"valueName\":\"search_term_string\"}}],\"inLanguage\":\"pt-BR\"},{\"@type\":\"Organization\",\"@id\":\"https:\/\/agenciainfra.com\/blog\/#organization\",\"name\":\"Ag\u00eancia iNFRA\",\"url\":\"https:\/\/agenciainfra.com\/blog\/\",\"logo\":{\"@type\":\"ImageObject\",\"inLanguage\":\"pt-BR\",\"@id\":\"https:\/\/agenciainfra.com\/blog\/#\/schema\/logo\/image\/\",\"url\":\"https:\/\/agenciainfra.com\/blog\/wp-content\/uploads\/2023\/09\/iNFRA_5-e1761735885940.png\",\"contentUrl\":\"https:\/\/agenciainfra.com\/blog\/wp-content\/uploads\/2023\/09\/iNFRA_5-e1761735885940.png\",\"width\":1672,\"height\":454,\"caption\":\"Ag\u00eancia iNFRA\"},\"image\":{\"@id\":\"https:\/\/agenciainfra.com\/blog\/#\/schema\/logo\/image\/\"},\"sameAs\":[\"https:\/\/www.facebook.com\/ageninfra\",\"https:\/\/x.com\/agencia_infra\",\"https:\/\/www.linkedin.com\/company\/ag\u00eanciainfra\/\",\"https:\/\/www.instagram.com\/agenciainfra\/\"]},{\"@type\":\"Person\",\"@id\":\"https:\/\/agenciainfra.com\/blog\/#\/schema\/person\/34af08dff6adea4cb22b06612ba7acfa\",\"name\":\"Ag\u00eancia iNFRA\",\"image\":{\"@type\":\"ImageObject\",\"inLanguage\":\"pt-BR\",\"@id\":\"https:\/\/agenciainfra.com\/blog\/#\/schema\/person\/image\/\",\"url\":\"https:\/\/secure.gravatar.com\/avatar\/d189e01678f06d8eb84d4e01f08eb848b3fffe3f8443818d3c356c66892f5be8?s=96&d=mm&r=g\",\"contentUrl\":\"https:\/\/secure.gravatar.com\/avatar\/d189e01678f06d8eb84d4e01f08eb848b3fffe3f8443818d3c356c66892f5be8?s=96&d=mm&r=g\",\"caption\":\"Ag\u00eancia iNFRA\"},\"url\":\"https:\/\/agenciainfra.com\/blog\/author\/admin\/\"}]}<\/script>\n<!-- \/ Yoast SEO Premium plugin. -->","yoast_head_json":{"title":"Fim do preg\u00e3o \u00e9 unanimidade entre entidades ouvidas na comiss\u00e3o da nova lei de licita\u00e7\u00f5es - Ag\u00eancia iNFRA","robots":{"index":"index","follow":"follow","max-snippet":"max-snippet:-1","max-image-preview":"max-image-preview:large","max-video-preview":"max-video-preview:-1"},"canonical":"https:\/\/agenciainfra.com\/blog\/fim-do-pregao-e-unanimidade-entre-entidades-ouvidas-na-comissao-da-nova-lei-de-licitacoes\/","og_locale":"pt_BR","og_type":"article","og_title":"Fim do preg\u00e3o \u00e9 unanimidade entre entidades ouvidas na comiss\u00e3o da nova lei de licita\u00e7\u00f5es","og_description":"da Ag\u00eancia iNFRA A C\u00e2mara dos Deputados realizou na ter\u00e7a-feira (10) mais uma audi\u00eancia p\u00fablica para debater a nova lei de licita\u00e7\u00f5es e, assim como na \u00faltima reuni\u00e3o, as entidades ouvidas pelo colegiado convergiram em mais um ponto que deve ser mudado no projeto que veio do Senado: o fim do preg\u00e3o eletr\u00f4nico. Al\u00e9m desse [&hellip;]","og_url":"https:\/\/agenciainfra.com\/blog\/fim-do-pregao-e-unanimidade-entre-entidades-ouvidas-na-comissao-da-nova-lei-de-licitacoes\/","og_site_name":"Ag\u00eancia iNFRA","article_publisher":"https:\/\/www.facebook.com\/ageninfra","article_published_time":"2018-04-14T09:00:16+00:00","og_image":[{"width":1047,"height":541,"url":"https:\/\/agenciainfra.com\/blog\/wp-content\/uploads\/2018\/04\/20180413_222600-e1523669681139.png","type":"image\/png"}],"author":"Ag\u00eancia iNFRA","twitter_card":"summary_large_image","twitter_creator":"@agencia_infra","twitter_site":"@agencia_infra","twitter_misc":{"Escrito por":"Ag\u00eancia iNFRA","Est. tempo de leitura":"2 minutos"},"schema":{"@context":"https:\/\/schema.org","@graph":[{"@type":"Article","@id":"https:\/\/agenciainfra.com\/blog\/fim-do-pregao-e-unanimidade-entre-entidades-ouvidas-na-comissao-da-nova-lei-de-licitacoes\/#article","isPartOf":{"@id":"https:\/\/agenciainfra.com\/blog\/fim-do-pregao-e-unanimidade-entre-entidades-ouvidas-na-comissao-da-nova-lei-de-licitacoes\/"},"author":{"name":"Ag\u00eancia iNFRA","@id":"https:\/\/agenciainfra.com\/blog\/#\/schema\/person\/34af08dff6adea4cb22b06612ba7acfa"},"headline":"Fim do preg\u00e3o \u00e9 unanimidade entre entidades ouvidas na comiss\u00e3o da nova lei de licita\u00e7\u00f5es","datePublished":"2018-04-14T09:00:16+00:00","mainEntityOfPage":{"@id":"https:\/\/agenciainfra.com\/blog\/fim-do-pregao-e-unanimidade-entre-entidades-ouvidas-na-comissao-da-nova-lei-de-licitacoes\/"},"wordCount":338,"publisher":{"@id":"https:\/\/agenciainfra.com\/blog\/#organization"},"image":{"@id":"https:\/\/agenciainfra.com\/blog\/fim-do-pregao-e-unanimidade-entre-entidades-ouvidas-na-comissao-da-nova-lei-de-licitacoes\/#primaryimage"},"thumbnailUrl":"https:\/\/agenciainfra.com\/blog\/wp-content\/uploads\/2018\/04\/20180413_222600-e1523669681139.png","keywords":["ABCE","ASSEPRO","CAU\/BR","Engenharia","Lei 8.666","Lei 8.666\/1993","Lei de Licita\u00e7\u00f5es","preg\u00e3o eletr\u00f4nico"],"articleSection":["iNFRATransporte"],"inLanguage":"pt-BR","copyrightYear":"2018","copyrightHolder":{"@id":"https:\/\/agenciainfra.com\/blog\/#organization"}},{"@type":"WebPage","@id":"https:\/\/agenciainfra.com\/blog\/fim-do-pregao-e-unanimidade-entre-entidades-ouvidas-na-comissao-da-nova-lei-de-licitacoes\/","url":"https:\/\/agenciainfra.com\/blog\/fim-do-pregao-e-unanimidade-entre-entidades-ouvidas-na-comissao-da-nova-lei-de-licitacoes\/","name":"Fim do preg\u00e3o \u00e9 unanimidade entre entidades ouvidas na comiss\u00e3o da nova lei de licita\u00e7\u00f5es - Ag\u00eancia iNFRA","isPartOf":{"@id":"https:\/\/agenciainfra.com\/blog\/#website"},"primaryImageOfPage":{"@id":"https:\/\/agenciainfra.com\/blog\/fim-do-pregao-e-unanimidade-entre-entidades-ouvidas-na-comissao-da-nova-lei-de-licitacoes\/#primaryimage"},"image":{"@id":"https:\/\/agenciainfra.com\/blog\/fim-do-pregao-e-unanimidade-entre-entidades-ouvidas-na-comissao-da-nova-lei-de-licitacoes\/#primaryimage"},"thumbnailUrl":"https:\/\/agenciainfra.com\/blog\/wp-content\/uploads\/2018\/04\/20180413_222600-e1523669681139.png","datePublished":"2018-04-14T09:00:16+00:00","breadcrumb":{"@id":"https:\/\/agenciainfra.com\/blog\/fim-do-pregao-e-unanimidade-entre-entidades-ouvidas-na-comissao-da-nova-lei-de-licitacoes\/#breadcrumb"},"inLanguage":"pt-BR","potentialAction":[{"@type":"ReadAction","target":["https:\/\/agenciainfra.com\/blog\/fim-do-pregao-e-unanimidade-entre-entidades-ouvidas-na-comissao-da-nova-lei-de-licitacoes\/"]}]},{"@type":"ImageObject","inLanguage":"pt-BR","@id":"https:\/\/agenciainfra.com\/blog\/fim-do-pregao-e-unanimidade-entre-entidades-ouvidas-na-comissao-da-nova-lei-de-licitacoes\/#primaryimage","url":"https:\/\/agenciainfra.com\/blog\/wp-content\/uploads\/2018\/04\/20180413_222600-e1523669681139.png","contentUrl":"https:\/\/agenciainfra.com\/blog\/wp-content\/uploads\/2018\/04\/20180413_222600-e1523669681139.png","width":1047,"height":541},{"@type":"BreadcrumbList","@id":"https:\/\/agenciainfra.com\/blog\/fim-do-pregao-e-unanimidade-entre-entidades-ouvidas-na-comissao-da-nova-lei-de-licitacoes\/#breadcrumb","itemListElement":[{"@type":"ListItem","position":1,"name":"In\u00edcio","item":"https:\/\/agenciainfra.com\/blog\/"},{"@type":"ListItem","position":2,"name":"Fim do preg\u00e3o \u00e9 unanimidade entre entidades ouvidas na comiss\u00e3o da nova lei de licita\u00e7\u00f5es"}]},{"@type":"WebSite","@id":"https:\/\/agenciainfra.com\/blog\/#website","url":"https:\/\/agenciainfra.com\/blog\/","name":"Ag\u00eancia iNFRA","description":"Multiplataforma de informa\u00e7\u00e3o jornal\u00edstica refer\u00eancia na \u00e1rea de infraestrutura no Brasil!","publisher":{"@id":"https:\/\/agenciainfra.com\/blog\/#organization"},"potentialAction":[{"@type":"SearchAction","target":{"@type":"EntryPoint","urlTemplate":"https:\/\/agenciainfra.com\/blog\/?s={search_term_string}"},"query-input":{"@type":"PropertyValueSpecification","valueRequired":true,"valueName":"search_term_string"}}],"inLanguage":"pt-BR"},{"@type":"Organization","@id":"https:\/\/agenciainfra.com\/blog\/#organization","name":"Ag\u00eancia iNFRA","url":"https:\/\/agenciainfra.com\/blog\/","logo":{"@type":"ImageObject","inLanguage":"pt-BR","@id":"https:\/\/agenciainfra.com\/blog\/#\/schema\/logo\/image\/","url":"https:\/\/agenciainfra.com\/blog\/wp-content\/uploads\/2023\/09\/iNFRA_5-e1761735885940.png","contentUrl":"https:\/\/agenciainfra.com\/blog\/wp-content\/uploads\/2023\/09\/iNFRA_5-e1761735885940.png","width":1672,"height":454,"caption":"Ag\u00eancia iNFRA"},"image":{"@id":"https:\/\/agenciainfra.com\/blog\/#\/schema\/logo\/image\/"},"sameAs":["https:\/\/www.facebook.com\/ageninfra","https:\/\/x.com\/agencia_infra","https:\/\/www.linkedin.com\/company\/ag\u00eanciainfra\/","https:\/\/www.instagram.com\/agenciainfra\/"]},{"@type":"Person","@id":"https:\/\/agenciainfra.com\/blog\/#\/schema\/person\/34af08dff6adea4cb22b06612ba7acfa","name":"Ag\u00eancia iNFRA","image":{"@type":"ImageObject","inLanguage":"pt-BR","@id":"https:\/\/agenciainfra.com\/blog\/#\/schema\/person\/image\/","url":"https:\/\/secure.gravatar.com\/avatar\/d189e01678f06d8eb84d4e01f08eb848b3fffe3f8443818d3c356c66892f5be8?s=96&d=mm&r=g","contentUrl":"https:\/\/secure.gravatar.com\/avatar\/d189e01678f06d8eb84d4e01f08eb848b3fffe3f8443818d3c356c66892f5be8?s=96&d=mm&r=g","caption":"Ag\u00eancia iNFRA"},"url":"https:\/\/agenciainfra.com\/blog\/author\/admin\/"}]}},"_links":{"self":[{"href":"https:\/\/agenciainfra.com\/blog\/wp-json\/wp\/v2\/posts\/1423","targetHints":{"allow":["GET"]}}],"collection":[{"href":"https:\/\/agenciainfra.com\/blog\/wp-json\/wp\/v2\/posts"}],"about":[{"href":"https:\/\/agenciainfra.com\/blog\/wp-json\/wp\/v2\/types\/post"}],"author":[{"embeddable":true,"href":"https:\/\/agenciainfra.com\/blog\/wp-json\/wp\/v2\/users\/1"}],"replies":[{"embeddable":true,"href":"https:\/\/agenciainfra.com\/blog\/wp-json\/wp\/v2\/comments?post=1423"}],"version-history":[{"count":0,"href":"https:\/\/agenciainfra.com\/blog\/wp-json\/wp\/v2\/posts\/1423\/revisions"}],"wp:featuredmedia":[{"embeddable":true,"href":"https:\/\/agenciainfra.com\/blog\/wp-json\/wp\/v2\/media\/1454"}],"wp:attachment":[{"href":"https:\/\/agenciainfra.com\/blog\/wp-json\/wp\/v2\/media?parent=1423"}],"wp:term":[{"taxonomy":"category","embeddable":true,"href":"https:\/\/agenciainfra.com\/blog\/wp-json\/wp\/v2\/categories?post=1423"},{"taxonomy":"post_tag","embeddable":true,"href":"https:\/\/agenciainfra.com\/blog\/wp-json\/wp\/v2\/tags?post=1423"}],"curies":[{"name":"wp","href":"https:\/\/api.w.org\/{rel}","templated":true}]}}