{"id":14232,"date":"2023-10-02T11:00:00","date_gmt":"2023-10-02T14:00:00","guid":{"rendered":"https:\/\/www.agenciainfra.com\/blog\/?p=14232"},"modified":"2026-03-13T09:45:36","modified_gmt":"2026-03-13T12:45:36","slug":"analise-onda-de-calor-expoe-receios-com-o-sistema-de-formacao-de-precos-da-energia","status":"publish","type":"post","link":"https:\/\/agenciainfra.com\/blog\/analise-onda-de-calor-expoe-receios-com-o-sistema-de-formacao-de-precos-da-energia\/","title":{"rendered":"An\u00e1lise: onda de calor exp\u00f5e receios com o sistema de forma\u00e7\u00e3o de pre\u00e7os da energia"},"content":{"rendered":"\n<p class=\"has-text-align-right\"><strong>Roberto Rockmann*<\/strong><\/p>\n\n\n\n<p>O&nbsp;calor&nbsp;acima de 40 graus&nbsp;da&nbsp;semana passada na maior parte do pa\u00eds provocou fortes oscila\u00e7\u00f5es no PLD (Pre\u00e7o&nbsp;de Liquida\u00e7\u00e3o&nbsp;de Diferen\u00e7as), refer\u00eancia do mercado livre de&nbsp;energia, e no CMO (Custo Marginal de Opera\u00e7\u00e3o). Isso trouxe questionamentos sobre&nbsp;os modelos que balizam as cota\u00e7\u00f5es, a precifica\u00e7\u00e3o&nbsp;e a estrutura tarif\u00e1ria, que n\u00e3o&nbsp;capturariam os movimentos de um&nbsp;sistema&nbsp;que exige&nbsp;respostas cada vez mais r\u00e1pidas diante das mudan\u00e7as clim\u00e1ticas. Essa \u00e9 a opini\u00e3o&nbsp;de especialistas consultados pela&nbsp;<strong>Ag\u00eancia iNFRA<\/strong>.<br>&nbsp;<br>H\u00e1 agentes preocupados de que&nbsp;o&nbsp;modelo computacional Dessem, um dos que calculam os&nbsp;pre\u00e7os&nbsp;da&nbsp;energia&nbsp;no mercado livre, possa estar desatualizado e n\u00e3o&nbsp;esteja capturando as restri\u00e7\u00f5es a alguns empreendimentos hidrel\u00e9tricos. A capacidade das hidrel\u00e9tricas de seguir aumentos de carga no in\u00edcio do dia ou fim&nbsp;da&nbsp;tarde ent\u00e3o&nbsp;poderia ser menor que a estimada oficialmente, na avalia\u00e7\u00e3o&nbsp;dos t\u00e9cnicos.<br><br><strong>Uso das \u00e1guas e vaz\u00e3o&nbsp;dos rios&nbsp;<\/strong><br>As restri\u00e7\u00f5es poderiam ocorrer pelo aumento do uso m\u00faltiplo de \u00e1guas, como irriga\u00e7\u00e3o, que n\u00e3o&nbsp;est\u00e1 sendo contabilizada, ou ainda dificuldades de reduzir ou aumentar vaz\u00f5es dos rios em raz\u00e3o&nbsp;de impactos socioambientais nas comunidades pr\u00f3ximas das hidrel\u00e9tricas.<br>&nbsp;<br>As oscila\u00e7\u00f5es de&nbsp;pre\u00e7os&nbsp;ainda trazem a necessidade de repensar todo&nbsp;o&nbsp;sistema&nbsp;de&nbsp;forma\u00e7\u00e3o&nbsp;de&nbsp;pre\u00e7os&nbsp;e os mecanismos \u00e0 disposi\u00e7\u00e3o&nbsp;dos consumidores, segundo especialistas. \u201c\u00b4\u00c9 preciso aperfei\u00e7oar&nbsp;o&nbsp;PLD e&nbsp;o&nbsp;CMO\u201d, disse&nbsp;o&nbsp;presidente&nbsp;da&nbsp;Frente Nacional dos Consumidores e ex-diretor geral do ONS, Luiz Eduardo Barata, \u00e0&nbsp;<strong>Ag\u00eancia iNFRA<\/strong>. A ANEEL (Ag\u00eancia Nacional de&nbsp;Energia&nbsp;El\u00e9trica) abriu na semana passada&nbsp;o&nbsp;debate sobre&nbsp;o&nbsp;PLD em consulta p\u00fablica.<br>&nbsp;<br>\u201cO&nbsp;processo de&nbsp;forma\u00e7\u00e3o&nbsp;de pre\u00e7o&nbsp;n\u00e3o&nbsp;se aperfei\u00e7oou\u201d, afirma&nbsp;Joisa Dutra, diretora&nbsp;da&nbsp;FGV-Ceri.&nbsp;O&nbsp;avan\u00e7o&nbsp;da&nbsp;GD (Gera\u00e7\u00e3o&nbsp;Distribu\u00edda) Solar, que supera 20 GW (gigawatts) e poder\u00e1 chegar a 42 GW nas estimativas&nbsp;da&nbsp;consultoria Volt Robotics em 2030, mostra que&nbsp;o&nbsp;avan\u00e7o&nbsp;da&nbsp;descentraliza\u00e7\u00e3o&nbsp;ser\u00e1 crescente. Rampas de consumo ser\u00e3o&nbsp;cada vez mais verificadas no in\u00edcio&nbsp;da&nbsp;manh\u00e3 e no fim&nbsp;da&nbsp;tarde.<br>&nbsp;<br><strong>GD solar<\/strong><br>De manh\u00e3, e ao longo do dia, a GD solar gera e deixa de consumir do&nbsp;sistema. J\u00e1 no fim&nbsp;da&nbsp;tarde, para de gerar e passa a consumir&nbsp;energia. Nesses dois momentos, a demanda sofre picos. Isso exigiria modelos que capturem melhor a oferta e demanda e possam ser usados para com est\u00edmulos de&nbsp;pre\u00e7os&nbsp;e fazerem os consumidores reagirem.&nbsp;<br>&nbsp;<br>\u201cAdapta\u00e7\u00e3o&nbsp;do desenho das tarifas e a resposta&nbsp;da&nbsp;demanda se tornam ainda mais urgentes no cen\u00e1rio atual\u201d, disse Joisa \u00e0&nbsp;<strong>Ag\u00eancia iNFRA<\/strong>. Para ela, a&nbsp;forma\u00e7\u00e3o&nbsp;dos&nbsp;pre\u00e7os&nbsp;hoje \u00e9 feita por modelos que est\u00e3o&nbsp;com uma s\u00e9rie de dificuldades. N\u00e3o&nbsp;existe uma adequada sinaliza\u00e7\u00e3o&nbsp;das condi\u00e7\u00f5es de oferta e demanda para os consumidores. Al\u00e9m disso, h\u00e1 uma s\u00e9rie de encargos, fruto de uma configura\u00e7\u00e3o&nbsp;de for\u00e7as no Congresso.<br>&nbsp;<br>Os milh\u00f5es de consumidores do mercado cativo, por exemplo, s\u00f3 sentir\u00e3o&nbsp;o&nbsp;uso do ar-condicionado nas tarifas quando pagarem as suas contas de luz em outubro. J\u00e1 os grandes consumidores do mercado livre n\u00e3o&nbsp;t\u00eam grandes incentivos para transferir sua produ\u00e7\u00e3o&nbsp;para hor\u00e1rios de menor consumo e pagarem menos.<br>&nbsp;<br>Flexibilidade se torna importante,&nbsp;o&nbsp;que poder\u00e1 refor\u00e7ar a import\u00e2ncia das termel\u00e9tricas a g\u00e1s natural para aumentar a seguran\u00e7a do&nbsp;sistema, al\u00e9m do espa\u00e7o&nbsp;para solu\u00e7\u00f5es de armazenamento, afirma Edvaldo Santana ex-diretor&nbsp;da&nbsp;ANEEL (Ag\u00eancia Nacional de&nbsp;Energia&nbsp;El\u00e9trica). \u201cAs hidrel\u00e9tricas e as termel\u00e9tricas, sobretudo as flex\u00edveis, s\u00e3o&nbsp;essenciais nesse cen\u00e1rio de seguran\u00e7a perturbadora\u201d, explicou Edvaldo \u00e0&nbsp;<strong>Ag\u00eancia iNFRA<\/strong>.<br><br>O&nbsp;PLD, que passou meses no piso de R$ 69,04\/MWh, subiu para R$ 620,95\/MWh na quinta-feira (28\/9).&nbsp;O&nbsp;CMO atingiu R$ 1,5 mil&nbsp;o&nbsp;MWh na quinta-feira passada.<br><br>Algumas t\u00e9rmicas foram acionadas de madrugada. Isso ocorreu diante das restri\u00e7\u00f5es \u00e0 gera\u00e7\u00e3o&nbsp;e\u00f3lica e solar impostas pelo ONS depois do apag\u00e3o&nbsp;do dia 15 de agosto e a sa\u00edda&nbsp;de opera\u00e7\u00e3o&nbsp;de Angra 2, que s\u00f3 volta em no in\u00edcio de novembro.<br><br>\u201cAs e\u00f3licas geram mais de madrugada, com as restri\u00e7\u00f5es desde&nbsp;o&nbsp;apag\u00e3o, a sa\u00edda&nbsp;de Angra 2 e uma carga l\u00edquida alta pelo&nbsp;calor,&nbsp;o&nbsp;ONS buscou acionar t\u00e9rmicas de partida r\u00e1pida para n\u00e3o&nbsp;ter de acionar usinas que tivessem contratos que as mantenham operando por dois ou tr\u00eas dias\u201d, explicou Andr\u00e9 de Oliveira,&nbsp;da&nbsp;Ampere Consultoria, \u00e0&nbsp;<strong>Ag\u00eancia iNFRA<\/strong>.<br><br>Ele destaca que&nbsp;o&nbsp;calor&nbsp;n\u00e3o&nbsp;faz apenas crescer&nbsp;o&nbsp;uso do ar-condicionado, mas tamb\u00e9m as ind\u00fastrias t\u00eam de aumentar a refrigera\u00e7\u00e3o&nbsp;dos processos.<br><br><strong>Minuta do RAP<\/strong><br>Al\u00e9m&nbsp;da&nbsp;onda&nbsp;de&nbsp;calor, a minuta do RAP (Relat\u00f3rio de&nbsp;An\u00e1lise&nbsp;de Perturba\u00e7\u00e3o) sobre&nbsp;o&nbsp;apag\u00e3o&nbsp;de 15 de agosto trouxe incertezas em rela\u00e7\u00e3o&nbsp;ao prazo de t\u00e9rmino total das medidas restritivas de opera\u00e7\u00e3o&nbsp;pelo ONS, j\u00e1 que as medidas de corre\u00e7\u00e3o&nbsp;podem levar tempo. &nbsp;No documento,&nbsp;o&nbsp;ONS destaca que&nbsp;o&nbsp;apag\u00e3o&nbsp;de 15 de agosto foi causado por conta de dados incorretos de equipamentos de regula\u00e7\u00e3o&nbsp;de tens\u00e3o&nbsp;de parques e\u00f3licos e solares.<br><br>Esse diagn\u00f3stico exigir\u00e1 construir uma governan\u00e7a para corrigir os problemas e criar regula\u00e7\u00e3o&nbsp;para a checagem e valida\u00e7\u00e3o&nbsp;das centenas de aparelhos que ter\u00e3o&nbsp;de ser avaliados. Como isso poder\u00e1 levar tempo, fica a indefini\u00e7\u00e3o&nbsp;de quando todas as medidas restritivas de opera\u00e7\u00e3o&nbsp;do&nbsp;sistema&nbsp;poder\u00e3o&nbsp;ser retiradas, incerteza que ganha corpo com a preocupa\u00e7\u00e3o&nbsp;de que&nbsp;o&nbsp;ver\u00e3o&nbsp;tenha temperaturas altas.<br><br>\u201cOs geradores e\u00f3licos e solares ter\u00e3o&nbsp;de ser chamados para uma conversa s\u00e9ria\u201d, disse&nbsp;Luiz Eduardo Barata.<br><br>\u201cSer\u00e1 preciso checar e validar os equipamentos e construir a governan\u00e7a sobre esses pontos, uma vez que isso ainda \u00e9 incerto. E\u00f3licas e solares cresceram muito nos \u00faltimos anos, mas n\u00e3o&nbsp;houve essa preocupa\u00e7\u00e3o&nbsp;com&nbsp;o&nbsp;funcionamento dos equipamentos, isso precisar\u00e1 ser corrigido e precisar\u00e1 ser feito periodicamente\u201d, disse Andr\u00e9 de Oliveira, s\u00f3cio&nbsp;da&nbsp;Ampere Consultoria.<br><br>Para um especialista que pediu para n\u00e3o&nbsp;ser identificado, s\u00e3o&nbsp;centenas de parques que ter\u00e3o&nbsp;de ser avaliados e \u00e9 preciso criar um modelo regulat\u00f3rio de incentivo para que os empreendedores \u201cO&nbsp;ONS poderia fazer, mas \u00e9 fundamental lastro regulat\u00f3rio&nbsp;da&nbsp;ag\u00eancia reguladora.&nbsp;O&nbsp;melhor seria a Aneel dar um comando ao ONS, para que continuasse segurando parques que n\u00e3o&nbsp;validarem&nbsp;o&nbsp;modelo, assim cria-se&nbsp;o&nbsp;sinal regulat\u00f3rio e econ\u00f4mico\u201d, diz.<br><br>Para&nbsp;o&nbsp;consultor Luiz Maurer, as informa\u00e7\u00f5es aqu\u00e9m do necess\u00e1rio emitidas pelos geradores ao Operador tamb\u00e9m refor\u00e7am a import\u00e2ncia de se discutir a gest\u00e3o&nbsp;de opera\u00e7\u00e3o&nbsp;das fontes vari\u00e1veis, como e\u00f3licas e solares, e redu\u00e7\u00e3o&nbsp;de sua gera\u00e7\u00e3o&nbsp;por limita\u00e7\u00f5es de distribui\u00e7\u00e3o&nbsp;ou transmiss\u00e3o. Se de um lado h\u00e1 perdas para os geradores, de outro h\u00e1 a confiabilidade do&nbsp;sistema.<br><br>\u201cUma hip\u00f3tese \u00e9 que, para evitar que a empresa receba limita\u00e7\u00e3o&nbsp;de gera\u00e7\u00e3o,&nbsp;o&nbsp;que pode reduzir seu ganho, os empreendedores deixam a voltagem aumentar quando h\u00e1 muita produ\u00e7\u00e3o. Podem existir incentivos perversos. Se a tens\u00e3o&nbsp;tiver que ser controlada, de forma aut\u00f4noma, os inversores reduzir\u00e3o&nbsp;a pot\u00eancia ativa e aumentar\u00e3o&nbsp;a pot\u00eancia reativa. Logo cai a produ\u00e7\u00e3o&nbsp;que \u00e9 remunerada. Para isto n\u00e3o&nbsp;existe compensa\u00e7\u00e3o&nbsp;por n\u00e3o&nbsp;se tratar de um problema de transmiss\u00e3o\u201d, disse Maurer \u00e0&nbsp;<strong>Ag\u00eancia iNFRA<\/strong>.<\/p>\n\n\n\n<h6 class=\"wp-block-heading\" id=\"block-f323f59b-51bf-4eed-b17b-3c7d3b917007\">*Roberto Rockmann <strong>\u00e9 escritor e jornalista. Coautor do livro \u201cCurto-Circuito, quando o Brasil quase ficou \u00e0s escuras\u201d e produtor do podcast quinzenal \u201cGiro Energia\u201d sobre o setor el\u00e9trico. Organizou em 2018 o livro de 20 anos do mercado livre de energia el\u00e9trica, editado pela CCEE (C\u00e2mara de Comercializa\u00e7\u00e3o de Energia El\u00e9trica), al\u00e9m de v\u00e1rios outros livros e trabalhos premiados<\/strong>.<\/h6>\n\n\n\n<p><strong>As opini\u00f5es dos autores n\u00e3o refletem necessariamente o pensamento da Ag\u00eancia iNFRA, sendo de total responsabilidade do autor as informa\u00e7\u00f5es, ju\u00edzos de valor e conceitos descritos no texto<\/strong>.<\/p>\n","protected":false},"excerpt":{"rendered":"<p>Roberto Rockmann* O&nbsp;calor&nbsp;acima de 40 graus&nbsp;da&nbsp;semana passada na maior parte do pa\u00eds provocou fortes oscila\u00e7\u00f5es no PLD (Pre\u00e7o&nbsp;de Liquida\u00e7\u00e3o&nbsp;de Diferen\u00e7as), refer\u00eancia do mercado livre de&nbsp;energia, e no CMO (Custo Marginal de Opera\u00e7\u00e3o). Isso trouxe questionamentos sobre&nbsp;os modelos que balizam as cota\u00e7\u00f5es, a precifica\u00e7\u00e3o&nbsp;e a estrutura tarif\u00e1ria, que n\u00e3o&nbsp;capturariam os movimentos de um&nbsp;sistema&nbsp;que exige&nbsp;respostas cada vez [&hellip;]<\/p>\n","protected":false},"author":1,"featured_media":14233,"comment_status":"closed","ping_status":"closed","sticky":false,"template":"","format":"standard","meta":{"_monsterinsights_skip_tracking":false,"_monsterinsights_sitenote_active":false,"_monsterinsights_sitenote_note":"","_monsterinsights_sitenote_category":0,"footnotes":""},"categories":[7250,1,10],"tags":[46,53,3204,345,7476,4235,828,924,216,1169,834,4488],"class_list":["post-14232","post","type-post","status-publish","format-standard","has-post-thumbnail","hentry","category-destaque-lista","category-geral","category-infraenergia","tag-agencias-reguladoras","tag-aneel","tag-cmo","tag-consulta-publica","tag-custo-marginal-de-operacao","tag-dessem","tag-luiz-eduardo-barata","tag-mercado-livre-de-energia","tag-ons","tag-pld","tag-preco-de-liquidacao-de-diferencas","tag-roberto-rockmann"],"yoast_head":"<!-- This site is optimized with the Yoast SEO Premium plugin v25.4 (Yoast SEO v26.0) - https:\/\/yoast.com\/wordpress\/plugins\/seo\/ -->\n<title>An\u00e1lise: onda de calor exp\u00f5e receios com o sistema de forma\u00e7\u00e3o de pre\u00e7os da energia - Ag\u00eancia iNFRA<\/title>\n<meta name=\"robots\" content=\"index, follow, max-snippet:-1, max-image-preview:large, max-video-preview:-1\" \/>\n<link rel=\"canonical\" href=\"https:\/\/agenciainfra.com\/blog\/analise-onda-de-calor-expoe-receios-com-o-sistema-de-formacao-de-precos-da-energia\/\" \/>\n<meta property=\"og:locale\" content=\"pt_BR\" \/>\n<meta property=\"og:type\" content=\"article\" \/>\n<meta property=\"og:title\" content=\"An\u00e1lise: onda de calor exp\u00f5e receios com o sistema de forma\u00e7\u00e3o de pre\u00e7os da energia\" \/>\n<meta property=\"og:description\" content=\"Roberto Rockmann* O&nbsp;calor&nbsp;acima de 40 graus&nbsp;da&nbsp;semana passada na maior parte do pa\u00eds provocou fortes oscila\u00e7\u00f5es no PLD (Pre\u00e7o&nbsp;de Liquida\u00e7\u00e3o&nbsp;de Diferen\u00e7as), refer\u00eancia do mercado livre de&nbsp;energia, e no CMO (Custo Marginal de Opera\u00e7\u00e3o). Isso trouxe questionamentos sobre&nbsp;os modelos que balizam as cota\u00e7\u00f5es, a precifica\u00e7\u00e3o&nbsp;e a estrutura tarif\u00e1ria, que n\u00e3o&nbsp;capturariam os movimentos de um&nbsp;sistema&nbsp;que exige&nbsp;respostas cada vez [&hellip;]\" \/>\n<meta property=\"og:url\" content=\"https:\/\/agenciainfra.com\/blog\/analise-onda-de-calor-expoe-receios-com-o-sistema-de-formacao-de-precos-da-energia\/\" \/>\n<meta property=\"og:site_name\" content=\"Ag\u00eancia iNFRA\" \/>\n<meta property=\"article:publisher\" content=\"https:\/\/www.facebook.com\/ageninfra\" \/>\n<meta property=\"article:published_time\" content=\"2023-10-02T14:00:00+00:00\" \/>\n<meta property=\"article:modified_time\" content=\"2026-03-13T12:45:36+00:00\" \/>\n<meta property=\"og:image\" content=\"https:\/\/agenciainfra.com\/blog\/wp-content\/uploads\/2023\/10\/sol-calor-foto-governo-minas-gerais.jpg\" \/>\n\t<meta property=\"og:image:width\" content=\"1201\" \/>\n\t<meta property=\"og:image:height\" content=\"665\" \/>\n\t<meta property=\"og:image:type\" content=\"image\/jpeg\" \/>\n<meta name=\"author\" content=\"Ag\u00eancia iNFRA\" \/>\n<meta name=\"twitter:card\" content=\"summary_large_image\" \/>\n<meta name=\"twitter:creator\" content=\"@agencia_infra\" \/>\n<meta name=\"twitter:site\" content=\"@agencia_infra\" \/>\n<meta name=\"twitter:label1\" content=\"Escrito por\" \/>\n\t<meta name=\"twitter:data1\" content=\"Ag\u00eancia iNFRA\" \/>\n\t<meta name=\"twitter:label2\" content=\"Est. tempo de leitura\" \/>\n\t<meta name=\"twitter:data2\" content=\"8 minutos\" \/>\n<script type=\"application\/ld+json\" class=\"yoast-schema-graph\">{\"@context\":\"https:\/\/schema.org\",\"@graph\":[{\"@type\":\"Article\",\"@id\":\"https:\/\/agenciainfra.com\/blog\/analise-onda-de-calor-expoe-receios-com-o-sistema-de-formacao-de-precos-da-energia\/#article\",\"isPartOf\":{\"@id\":\"https:\/\/agenciainfra.com\/blog\/analise-onda-de-calor-expoe-receios-com-o-sistema-de-formacao-de-precos-da-energia\/\"},\"author\":{\"name\":\"Ag\u00eancia iNFRA\",\"@id\":\"https:\/\/agenciainfra.com\/blog\/#\/schema\/person\/34af08dff6adea4cb22b06612ba7acfa\"},\"headline\":\"An\u00e1lise: onda de calor exp\u00f5e receios com o sistema de forma\u00e7\u00e3o de pre\u00e7os da energia\",\"datePublished\":\"2023-10-02T14:00:00+00:00\",\"dateModified\":\"2026-03-13T12:45:36+00:00\",\"mainEntityOfPage\":{\"@id\":\"https:\/\/agenciainfra.com\/blog\/analise-onda-de-calor-expoe-receios-com-o-sistema-de-formacao-de-precos-da-energia\/\"},\"wordCount\":1645,\"publisher\":{\"@id\":\"https:\/\/agenciainfra.com\/blog\/#organization\"},\"image\":{\"@id\":\"https:\/\/agenciainfra.com\/blog\/analise-onda-de-calor-expoe-receios-com-o-sistema-de-formacao-de-precos-da-energia\/#primaryimage\"},\"thumbnailUrl\":\"https:\/\/agenciainfra.com\/blog\/wp-content\/uploads\/2023\/10\/sol-calor-foto-governo-minas-gerais.jpg\",\"keywords\":[\"Ag\u00eancias Reguladoras\",\"ANEEL\",\"CMO\",\"consulta p\u00fablica\",\"Custo Marginal de Opera\u00e7\u00e3o\",\"Dessem\",\"Luiz Eduardo Barata\",\"mercado livre de energia\",\"ONS\",\"PLD\",\"Pre\u00e7o de Liquida\u00e7\u00e3o de Diferen\u00e7as\",\"Roberto Rockmann\"],\"articleSection\":[\"Destaque lista\",\"Geral\",\"iNFRAEnergia\"],\"inLanguage\":\"pt-BR\",\"copyrightYear\":\"2023\",\"copyrightHolder\":{\"@id\":\"https:\/\/agenciainfra.com\/blog\/#organization\"}},{\"@type\":\"WebPage\",\"@id\":\"https:\/\/agenciainfra.com\/blog\/analise-onda-de-calor-expoe-receios-com-o-sistema-de-formacao-de-precos-da-energia\/\",\"url\":\"https:\/\/agenciainfra.com\/blog\/analise-onda-de-calor-expoe-receios-com-o-sistema-de-formacao-de-precos-da-energia\/\",\"name\":\"An\u00e1lise: onda de calor exp\u00f5e receios com o sistema de forma\u00e7\u00e3o de pre\u00e7os da energia - Ag\u00eancia iNFRA\",\"isPartOf\":{\"@id\":\"https:\/\/agenciainfra.com\/blog\/#website\"},\"primaryImageOfPage\":{\"@id\":\"https:\/\/agenciainfra.com\/blog\/analise-onda-de-calor-expoe-receios-com-o-sistema-de-formacao-de-precos-da-energia\/#primaryimage\"},\"image\":{\"@id\":\"https:\/\/agenciainfra.com\/blog\/analise-onda-de-calor-expoe-receios-com-o-sistema-de-formacao-de-precos-da-energia\/#primaryimage\"},\"thumbnailUrl\":\"https:\/\/agenciainfra.com\/blog\/wp-content\/uploads\/2023\/10\/sol-calor-foto-governo-minas-gerais.jpg\",\"datePublished\":\"2023-10-02T14:00:00+00:00\",\"dateModified\":\"2026-03-13T12:45:36+00:00\",\"breadcrumb\":{\"@id\":\"https:\/\/agenciainfra.com\/blog\/analise-onda-de-calor-expoe-receios-com-o-sistema-de-formacao-de-precos-da-energia\/#breadcrumb\"},\"inLanguage\":\"pt-BR\",\"potentialAction\":[{\"@type\":\"ReadAction\",\"target\":[\"https:\/\/agenciainfra.com\/blog\/analise-onda-de-calor-expoe-receios-com-o-sistema-de-formacao-de-precos-da-energia\/\"]}]},{\"@type\":\"ImageObject\",\"inLanguage\":\"pt-BR\",\"@id\":\"https:\/\/agenciainfra.com\/blog\/analise-onda-de-calor-expoe-receios-com-o-sistema-de-formacao-de-precos-da-energia\/#primaryimage\",\"url\":\"https:\/\/agenciainfra.com\/blog\/wp-content\/uploads\/2023\/10\/sol-calor-foto-governo-minas-gerais.jpg\",\"contentUrl\":\"https:\/\/agenciainfra.com\/blog\/wp-content\/uploads\/2023\/10\/sol-calor-foto-governo-minas-gerais.jpg\",\"width\":1201,\"height\":665},{\"@type\":\"BreadcrumbList\",\"@id\":\"https:\/\/agenciainfra.com\/blog\/analise-onda-de-calor-expoe-receios-com-o-sistema-de-formacao-de-precos-da-energia\/#breadcrumb\",\"itemListElement\":[{\"@type\":\"ListItem\",\"position\":1,\"name\":\"In\u00edcio\",\"item\":\"https:\/\/agenciainfra.com\/blog\/\"},{\"@type\":\"ListItem\",\"position\":2,\"name\":\"An\u00e1lise: onda de calor exp\u00f5e receios com o sistema de forma\u00e7\u00e3o de pre\u00e7os da energia\"}]},{\"@type\":\"WebSite\",\"@id\":\"https:\/\/agenciainfra.com\/blog\/#website\",\"url\":\"https:\/\/agenciainfra.com\/blog\/\",\"name\":\"Ag\u00eancia iNFRA\",\"description\":\"Multiplataforma de informa\u00e7\u00e3o jornal\u00edstica refer\u00eancia na \u00e1rea de infraestrutura no Brasil!\",\"publisher\":{\"@id\":\"https:\/\/agenciainfra.com\/blog\/#organization\"},\"potentialAction\":[{\"@type\":\"SearchAction\",\"target\":{\"@type\":\"EntryPoint\",\"urlTemplate\":\"https:\/\/agenciainfra.com\/blog\/?s={search_term_string}\"},\"query-input\":{\"@type\":\"PropertyValueSpecification\",\"valueRequired\":true,\"valueName\":\"search_term_string\"}}],\"inLanguage\":\"pt-BR\"},{\"@type\":\"Organization\",\"@id\":\"https:\/\/agenciainfra.com\/blog\/#organization\",\"name\":\"Ag\u00eancia iNFRA\",\"url\":\"https:\/\/agenciainfra.com\/blog\/\",\"logo\":{\"@type\":\"ImageObject\",\"inLanguage\":\"pt-BR\",\"@id\":\"https:\/\/agenciainfra.com\/blog\/#\/schema\/logo\/image\/\",\"url\":\"https:\/\/agenciainfra.com\/blog\/wp-content\/uploads\/2023\/09\/iNFRA_5-e1761735885940.png\",\"contentUrl\":\"https:\/\/agenciainfra.com\/blog\/wp-content\/uploads\/2023\/09\/iNFRA_5-e1761735885940.png\",\"width\":1672,\"height\":454,\"caption\":\"Ag\u00eancia iNFRA\"},\"image\":{\"@id\":\"https:\/\/agenciainfra.com\/blog\/#\/schema\/logo\/image\/\"},\"sameAs\":[\"https:\/\/www.facebook.com\/ageninfra\",\"https:\/\/x.com\/agencia_infra\",\"https:\/\/www.linkedin.com\/company\/ag\u00eanciainfra\/\",\"https:\/\/www.instagram.com\/agenciainfra\/\"]},{\"@type\":\"Person\",\"@id\":\"https:\/\/agenciainfra.com\/blog\/#\/schema\/person\/34af08dff6adea4cb22b06612ba7acfa\",\"name\":\"Ag\u00eancia iNFRA\",\"image\":{\"@type\":\"ImageObject\",\"inLanguage\":\"pt-BR\",\"@id\":\"https:\/\/agenciainfra.com\/blog\/#\/schema\/person\/image\/\",\"url\":\"https:\/\/secure.gravatar.com\/avatar\/d189e01678f06d8eb84d4e01f08eb848b3fffe3f8443818d3c356c66892f5be8?s=96&d=mm&r=g\",\"contentUrl\":\"https:\/\/secure.gravatar.com\/avatar\/d189e01678f06d8eb84d4e01f08eb848b3fffe3f8443818d3c356c66892f5be8?s=96&d=mm&r=g\",\"caption\":\"Ag\u00eancia iNFRA\"},\"url\":\"https:\/\/agenciainfra.com\/blog\/author\/admin\/\"}]}<\/script>\n<!-- \/ Yoast SEO Premium plugin. -->","yoast_head_json":{"title":"An\u00e1lise: onda de calor exp\u00f5e receios com o sistema de forma\u00e7\u00e3o de pre\u00e7os da energia - Ag\u00eancia iNFRA","robots":{"index":"index","follow":"follow","max-snippet":"max-snippet:-1","max-image-preview":"max-image-preview:large","max-video-preview":"max-video-preview:-1"},"canonical":"https:\/\/agenciainfra.com\/blog\/analise-onda-de-calor-expoe-receios-com-o-sistema-de-formacao-de-precos-da-energia\/","og_locale":"pt_BR","og_type":"article","og_title":"An\u00e1lise: onda de calor exp\u00f5e receios com o sistema de forma\u00e7\u00e3o de pre\u00e7os da energia","og_description":"Roberto Rockmann* O&nbsp;calor&nbsp;acima de 40 graus&nbsp;da&nbsp;semana passada na maior parte do pa\u00eds provocou fortes oscila\u00e7\u00f5es no PLD (Pre\u00e7o&nbsp;de Liquida\u00e7\u00e3o&nbsp;de Diferen\u00e7as), refer\u00eancia do mercado livre de&nbsp;energia, e no CMO (Custo Marginal de Opera\u00e7\u00e3o). Isso trouxe questionamentos sobre&nbsp;os modelos que balizam as cota\u00e7\u00f5es, a precifica\u00e7\u00e3o&nbsp;e a estrutura tarif\u00e1ria, que n\u00e3o&nbsp;capturariam os movimentos de um&nbsp;sistema&nbsp;que exige&nbsp;respostas cada vez [&hellip;]","og_url":"https:\/\/agenciainfra.com\/blog\/analise-onda-de-calor-expoe-receios-com-o-sistema-de-formacao-de-precos-da-energia\/","og_site_name":"Ag\u00eancia iNFRA","article_publisher":"https:\/\/www.facebook.com\/ageninfra","article_published_time":"2023-10-02T14:00:00+00:00","article_modified_time":"2026-03-13T12:45:36+00:00","og_image":[{"width":1201,"height":665,"url":"https:\/\/agenciainfra.com\/blog\/wp-content\/uploads\/2023\/10\/sol-calor-foto-governo-minas-gerais.jpg","type":"image\/jpeg"}],"author":"Ag\u00eancia iNFRA","twitter_card":"summary_large_image","twitter_creator":"@agencia_infra","twitter_site":"@agencia_infra","twitter_misc":{"Escrito por":"Ag\u00eancia iNFRA","Est. tempo de leitura":"8 minutos"},"schema":{"@context":"https:\/\/schema.org","@graph":[{"@type":"Article","@id":"https:\/\/agenciainfra.com\/blog\/analise-onda-de-calor-expoe-receios-com-o-sistema-de-formacao-de-precos-da-energia\/#article","isPartOf":{"@id":"https:\/\/agenciainfra.com\/blog\/analise-onda-de-calor-expoe-receios-com-o-sistema-de-formacao-de-precos-da-energia\/"},"author":{"name":"Ag\u00eancia iNFRA","@id":"https:\/\/agenciainfra.com\/blog\/#\/schema\/person\/34af08dff6adea4cb22b06612ba7acfa"},"headline":"An\u00e1lise: onda de calor exp\u00f5e receios com o sistema de forma\u00e7\u00e3o de pre\u00e7os da energia","datePublished":"2023-10-02T14:00:00+00:00","dateModified":"2026-03-13T12:45:36+00:00","mainEntityOfPage":{"@id":"https:\/\/agenciainfra.com\/blog\/analise-onda-de-calor-expoe-receios-com-o-sistema-de-formacao-de-precos-da-energia\/"},"wordCount":1645,"publisher":{"@id":"https:\/\/agenciainfra.com\/blog\/#organization"},"image":{"@id":"https:\/\/agenciainfra.com\/blog\/analise-onda-de-calor-expoe-receios-com-o-sistema-de-formacao-de-precos-da-energia\/#primaryimage"},"thumbnailUrl":"https:\/\/agenciainfra.com\/blog\/wp-content\/uploads\/2023\/10\/sol-calor-foto-governo-minas-gerais.jpg","keywords":["Ag\u00eancias Reguladoras","ANEEL","CMO","consulta p\u00fablica","Custo Marginal de Opera\u00e7\u00e3o","Dessem","Luiz Eduardo Barata","mercado livre de energia","ONS","PLD","Pre\u00e7o de Liquida\u00e7\u00e3o de Diferen\u00e7as","Roberto Rockmann"],"articleSection":["Destaque lista","Geral","iNFRAEnergia"],"inLanguage":"pt-BR","copyrightYear":"2023","copyrightHolder":{"@id":"https:\/\/agenciainfra.com\/blog\/#organization"}},{"@type":"WebPage","@id":"https:\/\/agenciainfra.com\/blog\/analise-onda-de-calor-expoe-receios-com-o-sistema-de-formacao-de-precos-da-energia\/","url":"https:\/\/agenciainfra.com\/blog\/analise-onda-de-calor-expoe-receios-com-o-sistema-de-formacao-de-precos-da-energia\/","name":"An\u00e1lise: onda de calor exp\u00f5e receios com o sistema de forma\u00e7\u00e3o de pre\u00e7os da energia - Ag\u00eancia iNFRA","isPartOf":{"@id":"https:\/\/agenciainfra.com\/blog\/#website"},"primaryImageOfPage":{"@id":"https:\/\/agenciainfra.com\/blog\/analise-onda-de-calor-expoe-receios-com-o-sistema-de-formacao-de-precos-da-energia\/#primaryimage"},"image":{"@id":"https:\/\/agenciainfra.com\/blog\/analise-onda-de-calor-expoe-receios-com-o-sistema-de-formacao-de-precos-da-energia\/#primaryimage"},"thumbnailUrl":"https:\/\/agenciainfra.com\/blog\/wp-content\/uploads\/2023\/10\/sol-calor-foto-governo-minas-gerais.jpg","datePublished":"2023-10-02T14:00:00+00:00","dateModified":"2026-03-13T12:45:36+00:00","breadcrumb":{"@id":"https:\/\/agenciainfra.com\/blog\/analise-onda-de-calor-expoe-receios-com-o-sistema-de-formacao-de-precos-da-energia\/#breadcrumb"},"inLanguage":"pt-BR","potentialAction":[{"@type":"ReadAction","target":["https:\/\/agenciainfra.com\/blog\/analise-onda-de-calor-expoe-receios-com-o-sistema-de-formacao-de-precos-da-energia\/"]}]},{"@type":"ImageObject","inLanguage":"pt-BR","@id":"https:\/\/agenciainfra.com\/blog\/analise-onda-de-calor-expoe-receios-com-o-sistema-de-formacao-de-precos-da-energia\/#primaryimage","url":"https:\/\/agenciainfra.com\/blog\/wp-content\/uploads\/2023\/10\/sol-calor-foto-governo-minas-gerais.jpg","contentUrl":"https:\/\/agenciainfra.com\/blog\/wp-content\/uploads\/2023\/10\/sol-calor-foto-governo-minas-gerais.jpg","width":1201,"height":665},{"@type":"BreadcrumbList","@id":"https:\/\/agenciainfra.com\/blog\/analise-onda-de-calor-expoe-receios-com-o-sistema-de-formacao-de-precos-da-energia\/#breadcrumb","itemListElement":[{"@type":"ListItem","position":1,"name":"In\u00edcio","item":"https:\/\/agenciainfra.com\/blog\/"},{"@type":"ListItem","position":2,"name":"An\u00e1lise: onda de calor exp\u00f5e receios com o sistema de forma\u00e7\u00e3o de pre\u00e7os da energia"}]},{"@type":"WebSite","@id":"https:\/\/agenciainfra.com\/blog\/#website","url":"https:\/\/agenciainfra.com\/blog\/","name":"Ag\u00eancia iNFRA","description":"Multiplataforma de informa\u00e7\u00e3o jornal\u00edstica refer\u00eancia na \u00e1rea de infraestrutura no Brasil!","publisher":{"@id":"https:\/\/agenciainfra.com\/blog\/#organization"},"potentialAction":[{"@type":"SearchAction","target":{"@type":"EntryPoint","urlTemplate":"https:\/\/agenciainfra.com\/blog\/?s={search_term_string}"},"query-input":{"@type":"PropertyValueSpecification","valueRequired":true,"valueName":"search_term_string"}}],"inLanguage":"pt-BR"},{"@type":"Organization","@id":"https:\/\/agenciainfra.com\/blog\/#organization","name":"Ag\u00eancia iNFRA","url":"https:\/\/agenciainfra.com\/blog\/","logo":{"@type":"ImageObject","inLanguage":"pt-BR","@id":"https:\/\/agenciainfra.com\/blog\/#\/schema\/logo\/image\/","url":"https:\/\/agenciainfra.com\/blog\/wp-content\/uploads\/2023\/09\/iNFRA_5-e1761735885940.png","contentUrl":"https:\/\/agenciainfra.com\/blog\/wp-content\/uploads\/2023\/09\/iNFRA_5-e1761735885940.png","width":1672,"height":454,"caption":"Ag\u00eancia iNFRA"},"image":{"@id":"https:\/\/agenciainfra.com\/blog\/#\/schema\/logo\/image\/"},"sameAs":["https:\/\/www.facebook.com\/ageninfra","https:\/\/x.com\/agencia_infra","https:\/\/www.linkedin.com\/company\/ag\u00eanciainfra\/","https:\/\/www.instagram.com\/agenciainfra\/"]},{"@type":"Person","@id":"https:\/\/agenciainfra.com\/blog\/#\/schema\/person\/34af08dff6adea4cb22b06612ba7acfa","name":"Ag\u00eancia iNFRA","image":{"@type":"ImageObject","inLanguage":"pt-BR","@id":"https:\/\/agenciainfra.com\/blog\/#\/schema\/person\/image\/","url":"https:\/\/secure.gravatar.com\/avatar\/d189e01678f06d8eb84d4e01f08eb848b3fffe3f8443818d3c356c66892f5be8?s=96&d=mm&r=g","contentUrl":"https:\/\/secure.gravatar.com\/avatar\/d189e01678f06d8eb84d4e01f08eb848b3fffe3f8443818d3c356c66892f5be8?s=96&d=mm&r=g","caption":"Ag\u00eancia iNFRA"},"url":"https:\/\/agenciainfra.com\/blog\/author\/admin\/"}]}},"_links":{"self":[{"href":"https:\/\/agenciainfra.com\/blog\/wp-json\/wp\/v2\/posts\/14232","targetHints":{"allow":["GET"]}}],"collection":[{"href":"https:\/\/agenciainfra.com\/blog\/wp-json\/wp\/v2\/posts"}],"about":[{"href":"https:\/\/agenciainfra.com\/blog\/wp-json\/wp\/v2\/types\/post"}],"author":[{"embeddable":true,"href":"https:\/\/agenciainfra.com\/blog\/wp-json\/wp\/v2\/users\/1"}],"replies":[{"embeddable":true,"href":"https:\/\/agenciainfra.com\/blog\/wp-json\/wp\/v2\/comments?post=14232"}],"version-history":[{"count":1,"href":"https:\/\/agenciainfra.com\/blog\/wp-json\/wp\/v2\/posts\/14232\/revisions"}],"predecessor-version":[{"id":37805,"href":"https:\/\/agenciainfra.com\/blog\/wp-json\/wp\/v2\/posts\/14232\/revisions\/37805"}],"wp:featuredmedia":[{"embeddable":true,"href":"https:\/\/agenciainfra.com\/blog\/wp-json\/wp\/v2\/media\/14233"}],"wp:attachment":[{"href":"https:\/\/agenciainfra.com\/blog\/wp-json\/wp\/v2\/media?parent=14232"}],"wp:term":[{"taxonomy":"category","embeddable":true,"href":"https:\/\/agenciainfra.com\/blog\/wp-json\/wp\/v2\/categories?post=14232"},{"taxonomy":"post_tag","embeddable":true,"href":"https:\/\/agenciainfra.com\/blog\/wp-json\/wp\/v2\/tags?post=14232"}],"curies":[{"name":"wp","href":"https:\/\/api.w.org\/{rel}","templated":true}]}}